{"id":9908,"date":"2025-02-09T19:10:38","date_gmt":"2025-02-09T18:10:38","guid":{"rendered":"https:\/\/charente.catholique.fr\/sud-charente\/?p=9908"},"modified":"2025-02-09T19:10:39","modified_gmt":"2025-02-09T18:10:39","slug":"homelie-du-9-fevrier-2025-par-le-p-benoit-lecomte","status":"publish","type":"post","link":"https:\/\/charente.catholique.fr\/sud-charente\/actualites\/homelie-du-9-fevrier-2025-par-le-p-benoit-lecomte\/","title":{"rendered":"Hom\u00e9lie du 9 f\u00e9vrier 2025, par le P. Beno\u00eet Lecomte"},"content":{"rendered":"\n<p><em><br>Dimanche de la sant\u00e9 \u2013 Onction des malades<\/em><\/p>\n\n\n\n<p>Dieu appelle. C\u2019est ce que nous entendons aujourd\u2019hui \u00e0 longueur de textes. Dieu appelle pour faire Alliance, il appelle pour marcher avec lui \u00e0 sa suite, il appelle pour \u00eatre t\u00e9moin de son amour dans le monde, il appelle pour proclamer la Bonne Nouvelle, il appelle pour devenir \u00ab p\u00eacheurs d\u2019hommes. \u00bb Dieu appelle Isa\u00efe, les ap\u00f4tres, et Paul. Il appelle dans l\u2019Ancien Testament, dans l\u2019\u00e9vangile et encore apr\u00e8s, dans le temps de l\u2019Eglise. Dieu appelle de tous temps, et encore aujourd\u2019hui. Ici m\u00eame, au milieu de nous. Il appelle des hommes dans les r\u00e9cits de ce jour, mais des femmes aussi.<br>On peut vite avoir la tentation de mettre sur un pi\u00e9destal ceux qui r\u00e9pondent \u00e0 son appel, surtout si la mission qu\u2019ils exercent est une mission visible et hi\u00e9rarchique dans l\u2019Eglise. Les \u00e9v\u00eaques, les pr\u00eatres, les diacres, les responsables, ceux qui \u00ab savent faire \u00bb sont rapidement vus comme des gens importants, qui auraient plus de saintet\u00e9 que les autres.<br>Les r\u00e9cents scandales qui ont \u00e9clat\u00e9s dans l\u2019Eglise montrent la dangerosit\u00e9 de cette posture. L\u2019on ne doit id\u00e9aliser personne au risque de se tromper et de tomber de haut. Mais la Parole de Dieu ce matin va plus loin.<br>Dieu appelle Isa\u00efe \u00e0 \u00eatre proph\u00e8te, alors qu\u2019il a les l\u00e8vres impures.<br>Dieu appelle Paul \u00e0 \u00eatre ap\u00f4tre, alors qu\u2019il a pers\u00e9cut\u00e9 l\u2019Eglise.<br>J\u00e9sus appelle Simon et quelques autres \u00e0 le suivre, alors qu\u2019ils ne sont que des p\u00eacheurs et que leur p\u00eache est inefficace.<br>Dieu ne regarde pas aux comp\u00e9tences et au CV, il ne semble pas appeler des hommes parfaits, taill\u00e9s pour la mission attendue. Bien au contraire, il appelle des gens qui se savent fragiles, ab\u00eem\u00e9s, pauvres, humili\u00e9s, indignent. \u00ab Je ne suis pas digne d\u2019\u00eatre appel\u00e9 Ap\u00f4tre, dit Paul. Mais ce que je suis, je le suis par la gr\u00e2ce de Dieu\u2026 A vrai dire, ce n\u2019est pas moi, c\u2019est la gr\u00e2ce de Dieu avec moi. \u00bb \u00ab Ma puissance se d\u00e9ploie dans ma faiblesse \u00bb, dira-t-il ailleurs (2 Co 12, 9).<br>Ce dimanche est le \u00ab dimanche de la sant\u00e9 \u00bb, \u00e0 deux jours de la \u00ab journ\u00e9e mondiale des malades \u00bb. Ces jours ne sont pas l\u00e0 pour nous rappeler la pr\u00e9sence \u00e0 nos c\u00f4t\u00e9s de tous nos fr\u00e8res et s\u0153urs malades, fragiles, \u00e2g\u00e9s. Nous les c\u00f4toyons quotidiennement et avons \u00e0 c\u0153ur de les rejoindre et de les accompagner, m\u00eame si nous pouvons toujours progresser pour faire davantage avec et pour eux. Mais ces jours et la Parole de Dieu ce matin nous rappellent que ces fr\u00e8res et s\u0153urs malades sont peut-\u00eatre les premiers \u00e0 \u00eatre appel\u00e9s par le Seigneur, pour prendre leur part dans la mission, dans le t\u00e9moignage, dans l\u2019annonce de l\u2019Evangile, dans la transmission du tr\u00e9sor dont nous sommes d\u00e9positaires, dans l\u2019Alliance que Dieu veut nouer avec nous. Ils sont les premiers, parce que leur fragilit\u00e9, leur maladie, leur blessure, est pr\u00e9cis\u00e9ment le lieu par lequel Dieu transmet toute sa puissance, qui n\u2019est que puissance d\u2019Amour et de tendresse.<br>Le sacrement des malades, l\u2019onction d\u2019huile des malades v\u00e9cue ce dimanche au cours de cette eucharistie et dans tant de paroisses, ne dit pas autre chose : \u00ab D\u00e9sormais, la puissance de Dieu agit dans votre faiblesse. \u00bb C\u00e9l\u00e9brer ce sacrement si intime au milieu du rassemblement dominical rappelle que tous, absolument tous, nous sommes appel\u00e9s par le Seigneur \u00e0 prendre notre part de la mission, quelques soient nos capacit\u00e9s physiques, intellectuelles, notre entrainement spirituel.<br>Le corps du Seigneur est un corps ab\u00eem\u00e9, trou\u00e9, martyris\u00e9, partag\u00e9, rompu. C\u2019est le Corps de l\u2019Eglise tout entier qui est aussi ainsi, pour que jamais il ne s\u2019enorgueillisse de sa propre force. Et les malades au milieu de nous nous rappellent cette r\u00e9alit\u00e9.<br>Merci \u00e0 vous, qui recevez au milieu de nous l\u2019onction des malades. Vous devenez pour nous des signes de la fa\u00e7on avec laquelle le Seigneur nous aime, nous accompagne, nous appelle. Vous aussi, comme les p\u00eacheurs dans l\u2019\u00e9vangile, vous mettez votre confiance dans la Parole de J\u00e9sus : \u00ab Sur ta parole, je vais jeter les filets \u00bb dit Simon. Alors que le monde n\u2019a d\u2019yeux que pour les puissants, les forts et les riches, vous nous rappelez o\u00f9 regarde le Seigneur : il regarde vers ceux qui pleurent, qui sont faibles et qui lui font confiance.<br>Que la gr\u00e2ce que vous allez recevoir rejaillisse sur nous tous, sur tout le Corps qu\u2019est l\u2019Eglise, et sur toute l\u2019humanit\u00e9. Pour que nous sachions accueillir notre faiblesse et que nous laissions Dieu d\u00e9ployer par elle toute sa puissance.<br>Amen.<br>P. Beno\u00eet Lecomte<\/p>\n","protected":false},"excerpt":{"rendered":"<p>Dimanche de la sant\u00e9 \u2013 Onction des malades Dieu appelle. C\u2019est ce que nous entendons aujourd\u2019hui \u00e0 longueur de textes. Dieu appelle pour faire Alliance, il appelle pour marcher avec lui \u00e0 sa suite, il appelle pour \u00eatre t\u00e9moin de son amour dans le monde, il appelle pour proclamer la Bonne Nouvelle, il appelle pour [&hellip;]<\/p>\n","protected":false},"author":4,"featured_media":9909,"comment_status":"open","ping_status":"open","sticky":false,"template":"","format":"standard","meta":{"_acf_changed":false,"paroisse":["16"],"service":["0"],"footnotes":""},"categories":[1,12,3],"tags":[],"class_list":["post-9908","post","type-post","status-publish","format-standard","has-post-thumbnail","hentry","category-actualites","category-chalais","category-homelies","validated"],"acf":[],"yoast_head":"<!-- This site is optimized with the Yoast SEO plugin v27.1.1 - https:\/\/yoast.com\/product\/yoast-seo-wordpress\/ -->\n<title>Hom\u00e9lie du 9 f\u00e9vrier 2025, par le P. Beno\u00eet Lecomte - Doyenn\u00e9 Sud Charente<\/title>\n<meta name=\"robots\" content=\"index, follow, max-snippet:-1, max-image-preview:large, max-video-preview:-1\" \/>\n<link rel=\"canonical\" href=\"https:\/\/charente.catholique.fr\/sud-charente\/actualites\/homelie-du-9-fevrier-2025-par-le-p-benoit-lecomte\/\" \/>\n<meta property=\"og:locale\" content=\"fr_FR\" \/>\n<meta property=\"og:type\" content=\"article\" \/>\n<meta property=\"og:title\" content=\"Hom\u00e9lie du 9 f\u00e9vrier 2025, par le P. Beno\u00eet Lecomte - Doyenn\u00e9 Sud Charente\" \/>\n<meta property=\"og:description\" content=\"Dimanche de la sant\u00e9 \u2013 Onction des malades Dieu appelle. C\u2019est ce que nous entendons aujourd\u2019hui \u00e0 longueur de textes. Dieu appelle pour faire Alliance, il appelle pour marcher avec lui \u00e0 sa suite, il appelle pour \u00eatre t\u00e9moin de son amour dans le monde, il appelle pour proclamer la Bonne Nouvelle, il appelle pour [&hellip;]\" \/>\n<meta property=\"og:url\" content=\"https:\/\/charente.catholique.fr\/sud-charente\/actualites\/homelie-du-9-fevrier-2025-par-le-p-benoit-lecomte\/\" \/>\n<meta property=\"og:site_name\" content=\"Doyenn\u00e9 Sud Charente\" \/>\n<meta property=\"article:publisher\" content=\"https:\/\/www.facebook.com\/EgliseCatholiqueCharente\" \/>\n<meta property=\"article:published_time\" content=\"2025-02-09T18:10:38+00:00\" \/>\n<meta property=\"article:modified_time\" content=\"2025-02-09T18:10:39+00:00\" \/>\n<meta property=\"og:image\" content=\"https:\/\/charente.catholique.fr\/sud-charente\/wp-content\/uploads\/sites\/5\/2025\/02\/matea-gregg-cyu0uxobtl4-unsplash-scaled.jpg\" \/>\n\t<meta property=\"og:image:width\" content=\"2560\" \/>\n\t<meta property=\"og:image:height\" content=\"1721\" \/>\n\t<meta property=\"og:image:type\" content=\"image\/jpeg\" \/>\n<meta name=\"author\" content=\"Beno\u00eet\" \/>\n<meta name=\"twitter:card\" content=\"summary_large_image\" \/>\n<meta name=\"twitter:creator\" content=\"@diocesecharente\" \/>\n<meta name=\"twitter:site\" content=\"@diocesecharente\" \/>\n<meta name=\"twitter:label1\" content=\"\u00c9crit par\" \/>\n\t<meta name=\"twitter:data1\" content=\"Beno\u00eet\" \/>\n\t<meta name=\"twitter:label2\" content=\"Dur\u00e9e de lecture estim\u00e9e\" \/>\n\t<meta name=\"twitter:data2\" content=\"5 minutes\" \/>\n<script type=\"application\/ld+json\" class=\"yoast-schema-graph\">{\"@context\":\"https:\/\/schema.org\",\"@graph\":[{\"@type\":\"Article\",\"@id\":\"https:\/\/charente.catholique.fr\/sud-charente\/actualites\/homelie-du-9-fevrier-2025-par-le-p-benoit-lecomte\/#article\",\"isPartOf\":{\"@id\":\"https:\/\/charente.catholique.fr\/sud-charente\/actualites\/homelie-du-9-fevrier-2025-par-le-p-benoit-lecomte\/\"},\"author\":{\"name\":\"Beno\u00eet\",\"@id\":\"https:\/\/charente.catholique.fr\/sud-charente\/#\/schema\/person\/ddcc6ba32a4484b49a276652de901387\"},\"headline\":\"Hom\u00e9lie du 9 f\u00e9vrier 2025, par le P. Beno\u00eet Lecomte\",\"datePublished\":\"2025-02-09T18:10:38+00:00\",\"dateModified\":\"2025-02-09T18:10:39+00:00\",\"mainEntityOfPage\":{\"@id\":\"https:\/\/charente.catholique.fr\/sud-charente\/actualites\/homelie-du-9-fevrier-2025-par-le-p-benoit-lecomte\/\"},\"wordCount\":842,\"commentCount\":0,\"publisher\":{\"@id\":\"https:\/\/charente.catholique.fr\/sud-charente\/#organization\"},\"image\":{\"@id\":\"https:\/\/charente.catholique.fr\/sud-charente\/actualites\/homelie-du-9-fevrier-2025-par-le-p-benoit-lecomte\/#primaryimage\"},\"thumbnailUrl\":\"https:\/\/charente.catholique.fr\/sud-charente\/wp-content\/uploads\/sites\/5\/2025\/02\/matea-gregg-cyu0uxobtl4-unsplash-scaled.jpg\",\"articleSection\":[\"Actualit\u00e9s\",\"Chalais\",\"Hom\u00e9lies\"],\"inLanguage\":\"fr-FR\",\"potentialAction\":[{\"@type\":\"CommentAction\",\"name\":\"Comment\",\"target\":[\"https:\/\/charente.catholique.fr\/sud-charente\/actualites\/homelie-du-9-fevrier-2025-par-le-p-benoit-lecomte\/#respond\"]}]},{\"@type\":\"WebPage\",\"@id\":\"https:\/\/charente.catholique.fr\/sud-charente\/actualites\/homelie-du-9-fevrier-2025-par-le-p-benoit-lecomte\/\",\"url\":\"https:\/\/charente.catholique.fr\/sud-charente\/actualites\/homelie-du-9-fevrier-2025-par-le-p-benoit-lecomte\/\",\"name\":\"Hom\u00e9lie du 9 f\u00e9vrier 2025, par le P. Beno\u00eet Lecomte - Doyenn\u00e9 Sud Charente\",\"isPartOf\":{\"@id\":\"https:\/\/charente.catholique.fr\/sud-charente\/#website\"},\"primaryImageOfPage\":{\"@id\":\"https:\/\/charente.catholique.fr\/sud-charente\/actualites\/homelie-du-9-fevrier-2025-par-le-p-benoit-lecomte\/#primaryimage\"},\"image\":{\"@id\":\"https:\/\/charente.catholique.fr\/sud-charente\/actualites\/homelie-du-9-fevrier-2025-par-le-p-benoit-lecomte\/#primaryimage\"},\"thumbnailUrl\":\"https:\/\/charente.catholique.fr\/sud-charente\/wp-content\/uploads\/sites\/5\/2025\/02\/matea-gregg-cyu0uxobtl4-unsplash-scaled.jpg\",\"datePublished\":\"2025-02-09T18:10:38+00:00\",\"dateModified\":\"2025-02-09T18:10:39+00:00\",\"breadcrumb\":{\"@id\":\"https:\/\/charente.catholique.fr\/sud-charente\/actualites\/homelie-du-9-fevrier-2025-par-le-p-benoit-lecomte\/#breadcrumb\"},\"inLanguage\":\"fr-FR\",\"potentialAction\":[{\"@type\":\"ReadAction\",\"target\":[\"https:\/\/charente.catholique.fr\/sud-charente\/actualites\/homelie-du-9-fevrier-2025-par-le-p-benoit-lecomte\/\"]}]},{\"@type\":\"ImageObject\",\"inLanguage\":\"fr-FR\",\"@id\":\"https:\/\/charente.catholique.fr\/sud-charente\/actualites\/homelie-du-9-fevrier-2025-par-le-p-benoit-lecomte\/#primaryimage\",\"url\":\"https:\/\/charente.catholique.fr\/sud-charente\/wp-content\/uploads\/sites\/5\/2025\/02\/matea-gregg-cyu0uxobtl4-unsplash-scaled.jpg\",\"contentUrl\":\"https:\/\/charente.catholique.fr\/sud-charente\/wp-content\/uploads\/sites\/5\/2025\/02\/matea-gregg-cyu0uxobtl4-unsplash-scaled.jpg\",\"width\":2560,\"height\":1721},{\"@type\":\"BreadcrumbList\",\"@id\":\"https:\/\/charente.catholique.fr\/sud-charente\/actualites\/homelie-du-9-fevrier-2025-par-le-p-benoit-lecomte\/#breadcrumb\",\"itemListElement\":[{\"@type\":\"ListItem\",\"position\":1,\"name\":\"Accueil\",\"item\":\"https:\/\/charente.catholique.fr\/sud-charente\/\"},{\"@type\":\"ListItem\",\"position\":2,\"name\":\"Hom\u00e9lie du 9 f\u00e9vrier 2025, par le P. Beno\u00eet Lecomte\"}]},{\"@type\":\"WebSite\",\"@id\":\"https:\/\/charente.catholique.fr\/sud-charente\/#website\",\"url\":\"https:\/\/charente.catholique.fr\/sud-charente\/\",\"name\":\"Doyenn\u00e9 Sud Charente - Dioc\u00e8se d'Angoul\u00eame\",\"description\":\"Dioc\u00e8se d&#039;Angoul\u00eame\",\"publisher\":{\"@id\":\"https:\/\/charente.catholique.fr\/sud-charente\/#organization\"},\"potentialAction\":[{\"@type\":\"SearchAction\",\"target\":{\"@type\":\"EntryPoint\",\"urlTemplate\":\"https:\/\/charente.catholique.fr\/sud-charente\/?s={search_term_string}\"},\"query-input\":{\"@type\":\"PropertyValueSpecification\",\"valueRequired\":true,\"valueName\":\"search_term_string\"}}],\"inLanguage\":\"fr-FR\"},{\"@type\":\"Organization\",\"@id\":\"https:\/\/charente.catholique.fr\/sud-charente\/#organization\",\"name\":\"Association dioc\u00e9saine d'Angoul\u00eame\",\"url\":\"https:\/\/charente.catholique.fr\/sud-charente\/\",\"logo\":{\"@type\":\"ImageObject\",\"inLanguage\":\"fr-FR\",\"@id\":\"https:\/\/charente.catholique.fr\/sud-charente\/#\/schema\/logo\/image\/\",\"url\":\"https:\/\/charente.catholique.fr\/sud-charente\/wp-content\/uploads\/sites\/5\/2020\/10\/logos.png\",\"contentUrl\":\"https:\/\/charente.catholique.fr\/sud-charente\/wp-content\/uploads\/sites\/5\/2020\/10\/logos.png\",\"width\":600,\"height\":257,\"caption\":\"Association dioc\u00e9saine d'Angoul\u00eame\"},\"image\":{\"@id\":\"https:\/\/charente.catholique.fr\/sud-charente\/#\/schema\/logo\/image\/\"},\"sameAs\":[\"https:\/\/www.facebook.com\/EgliseCatholiqueCharente\",\"https:\/\/x.com\/diocesecharente\",\"https:\/\/www.instagram.com\/eglisecharente\",\"https:\/\/www.youtube.com\/channel\/UCByyFWApZbw3gDTiADoiAaQ\"]},{\"@type\":\"Person\",\"@id\":\"https:\/\/charente.catholique.fr\/sud-charente\/#\/schema\/person\/ddcc6ba32a4484b49a276652de901387\",\"name\":\"Beno\u00eet\",\"image\":{\"@type\":\"ImageObject\",\"inLanguage\":\"fr-FR\",\"@id\":\"https:\/\/charente.catholique.fr\/sud-charente\/#\/schema\/person\/image\/\",\"url\":\"https:\/\/secure.gravatar.com\/avatar\/367de281020c81cafc6a2f9b79fef00a1981a890412ad8b09b11385575886666?s=96&d=mm&r=g\",\"contentUrl\":\"https:\/\/secure.gravatar.com\/avatar\/367de281020c81cafc6a2f9b79fef00a1981a890412ad8b09b11385575886666?s=96&d=mm&r=g\",\"caption\":\"Beno\u00eet\"},\"url\":\"https:\/\/charente.catholique.fr\/sud-charente\/author\/benoitlecomte\/\"}]}<\/script>\n<!-- \/ Yoast SEO plugin. -->","yoast_head_json":{"title":"Hom\u00e9lie du 9 f\u00e9vrier 2025, par le P. Beno\u00eet Lecomte - Doyenn\u00e9 Sud Charente","robots":{"index":"index","follow":"follow","max-snippet":"max-snippet:-1","max-image-preview":"max-image-preview:large","max-video-preview":"max-video-preview:-1"},"canonical":"https:\/\/charente.catholique.fr\/sud-charente\/actualites\/homelie-du-9-fevrier-2025-par-le-p-benoit-lecomte\/","og_locale":"fr_FR","og_type":"article","og_title":"Hom\u00e9lie du 9 f\u00e9vrier 2025, par le P. Beno\u00eet Lecomte - Doyenn\u00e9 Sud Charente","og_description":"Dimanche de la sant\u00e9 \u2013 Onction des malades Dieu appelle. C\u2019est ce que nous entendons aujourd\u2019hui \u00e0 longueur de textes. Dieu appelle pour faire Alliance, il appelle pour marcher avec lui \u00e0 sa suite, il appelle pour \u00eatre t\u00e9moin de son amour dans le monde, il appelle pour proclamer la Bonne Nouvelle, il appelle pour [&hellip;]","og_url":"https:\/\/charente.catholique.fr\/sud-charente\/actualites\/homelie-du-9-fevrier-2025-par-le-p-benoit-lecomte\/","og_site_name":"Doyenn\u00e9 Sud Charente","article_publisher":"https:\/\/www.facebook.com\/EgliseCatholiqueCharente","article_published_time":"2025-02-09T18:10:38+00:00","article_modified_time":"2025-02-09T18:10:39+00:00","og_image":[{"width":2560,"height":1721,"url":"https:\/\/charente.catholique.fr\/sud-charente\/wp-content\/uploads\/sites\/5\/2025\/02\/matea-gregg-cyu0uxobtl4-unsplash-scaled.jpg","type":"image\/jpeg"}],"author":"Beno\u00eet","twitter_card":"summary_large_image","twitter_creator":"@diocesecharente","twitter_site":"@diocesecharente","twitter_misc":{"\u00c9crit par":"Beno\u00eet","Dur\u00e9e de lecture estim\u00e9e":"5 minutes"},"schema":{"@context":"https:\/\/schema.org","@graph":[{"@type":"Article","@id":"https:\/\/charente.catholique.fr\/sud-charente\/actualites\/homelie-du-9-fevrier-2025-par-le-p-benoit-lecomte\/#article","isPartOf":{"@id":"https:\/\/charente.catholique.fr\/sud-charente\/actualites\/homelie-du-9-fevrier-2025-par-le-p-benoit-lecomte\/"},"author":{"name":"Beno\u00eet","@id":"https:\/\/charente.catholique.fr\/sud-charente\/#\/schema\/person\/ddcc6ba32a4484b49a276652de901387"},"headline":"Hom\u00e9lie du 9 f\u00e9vrier 2025, par le P. Beno\u00eet Lecomte","datePublished":"2025-02-09T18:10:38+00:00","dateModified":"2025-02-09T18:10:39+00:00","mainEntityOfPage":{"@id":"https:\/\/charente.catholique.fr\/sud-charente\/actualites\/homelie-du-9-fevrier-2025-par-le-p-benoit-lecomte\/"},"wordCount":842,"commentCount":0,"publisher":{"@id":"https:\/\/charente.catholique.fr\/sud-charente\/#organization"},"image":{"@id":"https:\/\/charente.catholique.fr\/sud-charente\/actualites\/homelie-du-9-fevrier-2025-par-le-p-benoit-lecomte\/#primaryimage"},"thumbnailUrl":"https:\/\/charente.catholique.fr\/sud-charente\/wp-content\/uploads\/sites\/5\/2025\/02\/matea-gregg-cyu0uxobtl4-unsplash-scaled.jpg","articleSection":["Actualit\u00e9s","Chalais","Hom\u00e9lies"],"inLanguage":"fr-FR","potentialAction":[{"@type":"CommentAction","name":"Comment","target":["https:\/\/charente.catholique.fr\/sud-charente\/actualites\/homelie-du-9-fevrier-2025-par-le-p-benoit-lecomte\/#respond"]}]},{"@type":"WebPage","@id":"https:\/\/charente.catholique.fr\/sud-charente\/actualites\/homelie-du-9-fevrier-2025-par-le-p-benoit-lecomte\/","url":"https:\/\/charente.catholique.fr\/sud-charente\/actualites\/homelie-du-9-fevrier-2025-par-le-p-benoit-lecomte\/","name":"Hom\u00e9lie du 9 f\u00e9vrier 2025, par le P. Beno\u00eet Lecomte - Doyenn\u00e9 Sud Charente","isPartOf":{"@id":"https:\/\/charente.catholique.fr\/sud-charente\/#website"},"primaryImageOfPage":{"@id":"https:\/\/charente.catholique.fr\/sud-charente\/actualites\/homelie-du-9-fevrier-2025-par-le-p-benoit-lecomte\/#primaryimage"},"image":{"@id":"https:\/\/charente.catholique.fr\/sud-charente\/actualites\/homelie-du-9-fevrier-2025-par-le-p-benoit-lecomte\/#primaryimage"},"thumbnailUrl":"https:\/\/charente.catholique.fr\/sud-charente\/wp-content\/uploads\/sites\/5\/2025\/02\/matea-gregg-cyu0uxobtl4-unsplash-scaled.jpg","datePublished":"2025-02-09T18:10:38+00:00","dateModified":"2025-02-09T18:10:39+00:00","breadcrumb":{"@id":"https:\/\/charente.catholique.fr\/sud-charente\/actualites\/homelie-du-9-fevrier-2025-par-le-p-benoit-lecomte\/#breadcrumb"},"inLanguage":"fr-FR","potentialAction":[{"@type":"ReadAction","target":["https:\/\/charente.catholique.fr\/sud-charente\/actualites\/homelie-du-9-fevrier-2025-par-le-p-benoit-lecomte\/"]}]},{"@type":"ImageObject","inLanguage":"fr-FR","@id":"https:\/\/charente.catholique.fr\/sud-charente\/actualites\/homelie-du-9-fevrier-2025-par-le-p-benoit-lecomte\/#primaryimage","url":"https:\/\/charente.catholique.fr\/sud-charente\/wp-content\/uploads\/sites\/5\/2025\/02\/matea-gregg-cyu0uxobtl4-unsplash-scaled.jpg","contentUrl":"https:\/\/charente.catholique.fr\/sud-charente\/wp-content\/uploads\/sites\/5\/2025\/02\/matea-gregg-cyu0uxobtl4-unsplash-scaled.jpg","width":2560,"height":1721},{"@type":"BreadcrumbList","@id":"https:\/\/charente.catholique.fr\/sud-charente\/actualites\/homelie-du-9-fevrier-2025-par-le-p-benoit-lecomte\/#breadcrumb","itemListElement":[{"@type":"ListItem","position":1,"name":"Accueil","item":"https:\/\/charente.catholique.fr\/sud-charente\/"},{"@type":"ListItem","position":2,"name":"Hom\u00e9lie du 9 f\u00e9vrier 2025, par le P. Beno\u00eet Lecomte"}]},{"@type":"WebSite","@id":"https:\/\/charente.catholique.fr\/sud-charente\/#website","url":"https:\/\/charente.catholique.fr\/sud-charente\/","name":"Doyenn\u00e9 Sud Charente - Dioc\u00e8se d'Angoul\u00eame","description":"Dioc\u00e8se d&#039;Angoul\u00eame","publisher":{"@id":"https:\/\/charente.catholique.fr\/sud-charente\/#organization"},"potentialAction":[{"@type":"SearchAction","target":{"@type":"EntryPoint","urlTemplate":"https:\/\/charente.catholique.fr\/sud-charente\/?s={search_term_string}"},"query-input":{"@type":"PropertyValueSpecification","valueRequired":true,"valueName":"search_term_string"}}],"inLanguage":"fr-FR"},{"@type":"Organization","@id":"https:\/\/charente.catholique.fr\/sud-charente\/#organization","name":"Association dioc\u00e9saine d'Angoul\u00eame","url":"https:\/\/charente.catholique.fr\/sud-charente\/","logo":{"@type":"ImageObject","inLanguage":"fr-FR","@id":"https:\/\/charente.catholique.fr\/sud-charente\/#\/schema\/logo\/image\/","url":"https:\/\/charente.catholique.fr\/sud-charente\/wp-content\/uploads\/sites\/5\/2020\/10\/logos.png","contentUrl":"https:\/\/charente.catholique.fr\/sud-charente\/wp-content\/uploads\/sites\/5\/2020\/10\/logos.png","width":600,"height":257,"caption":"Association dioc\u00e9saine d'Angoul\u00eame"},"image":{"@id":"https:\/\/charente.catholique.fr\/sud-charente\/#\/schema\/logo\/image\/"},"sameAs":["https:\/\/www.facebook.com\/EgliseCatholiqueCharente","https:\/\/x.com\/diocesecharente","https:\/\/www.instagram.com\/eglisecharente","https:\/\/www.youtube.com\/channel\/UCByyFWApZbw3gDTiADoiAaQ"]},{"@type":"Person","@id":"https:\/\/charente.catholique.fr\/sud-charente\/#\/schema\/person\/ddcc6ba32a4484b49a276652de901387","name":"Beno\u00eet","image":{"@type":"ImageObject","inLanguage":"fr-FR","@id":"https:\/\/charente.catholique.fr\/sud-charente\/#\/schema\/person\/image\/","url":"https:\/\/secure.gravatar.com\/avatar\/367de281020c81cafc6a2f9b79fef00a1981a890412ad8b09b11385575886666?s=96&d=mm&r=g","contentUrl":"https:\/\/secure.gravatar.com\/avatar\/367de281020c81cafc6a2f9b79fef00a1981a890412ad8b09b11385575886666?s=96&d=mm&r=g","caption":"Beno\u00eet"},"url":"https:\/\/charente.catholique.fr\/sud-charente\/author\/benoitlecomte\/"}]}},"_links":{"self":[{"href":"https:\/\/charente.catholique.fr\/sud-charente\/wp-json\/wp\/v2\/posts\/9908","targetHints":{"allow":["GET"]}}],"collection":[{"href":"https:\/\/charente.catholique.fr\/sud-charente\/wp-json\/wp\/v2\/posts"}],"about":[{"href":"https:\/\/charente.catholique.fr\/sud-charente\/wp-json\/wp\/v2\/types\/post"}],"author":[{"embeddable":true,"href":"https:\/\/charente.catholique.fr\/sud-charente\/wp-json\/wp\/v2\/users\/4"}],"replies":[{"embeddable":true,"href":"https:\/\/charente.catholique.fr\/sud-charente\/wp-json\/wp\/v2\/comments?post=9908"}],"version-history":[{"count":1,"href":"https:\/\/charente.catholique.fr\/sud-charente\/wp-json\/wp\/v2\/posts\/9908\/revisions"}],"predecessor-version":[{"id":9910,"href":"https:\/\/charente.catholique.fr\/sud-charente\/wp-json\/wp\/v2\/posts\/9908\/revisions\/9910"}],"wp:featuredmedia":[{"embeddable":true,"href":"https:\/\/charente.catholique.fr\/sud-charente\/wp-json\/wp\/v2\/media\/9909"}],"wp:attachment":[{"href":"https:\/\/charente.catholique.fr\/sud-charente\/wp-json\/wp\/v2\/media?parent=9908"}],"wp:term":[{"taxonomy":"category","embeddable":true,"href":"https:\/\/charente.catholique.fr\/sud-charente\/wp-json\/wp\/v2\/categories?post=9908"},{"taxonomy":"post_tag","embeddable":true,"href":"https:\/\/charente.catholique.fr\/sud-charente\/wp-json\/wp\/v2\/tags?post=9908"}],"curies":[{"name":"wp","href":"https:\/\/api.w.org\/{rel}","templated":true}]}}