{"id":9518,"date":"2024-12-01T18:37:00","date_gmt":"2024-12-01T17:37:00","guid":{"rendered":"https:\/\/charente.catholique.fr\/sud-charente\/?p=9518"},"modified":"2024-12-01T18:37:01","modified_gmt":"2024-12-01T17:37:01","slug":"homelie-du-1er-decembre-2024-par-le-p-benoit-lecomte","status":"publish","type":"post","link":"https:\/\/charente.catholique.fr\/sud-charente\/actualites\/homelie-du-1er-decembre-2024-par-le-p-benoit-lecomte\/","title":{"rendered":"Hom\u00e9lie du 1er d\u00e9cembre 2024, par le P. Beno\u00eet Lecomte"},"content":{"rendered":"\n<p><br>L\u00e9onie, Caroline et Keryan, vous avez tout \u00e0 l\u2019heure frapp\u00e9 \u00e0 la porte de l\u2019Eglise. Et vous avez demand\u00e9 \u00e0 recevoir le bapt\u00eame pour avoir part \u00e0 la vie \u00e9ternelle, \u00e0 la r\u00e9v\u00e9lation de la vie de Dieu en vous. Vous avez frapp\u00e9 \u00e0 la porte aujourd\u2019hui, en ce premier jour du temps de l\u2019Avent. Notre horizon, c\u2019est No\u00ebl. Et No\u00ebl, c\u2019est exactement cela : Dieu qui frappe \u00e0 notre porte et qui veut venir parmi nous pour nous faire partager sa vie, sa vie \u00e9ternelle, en J\u00e9sus.<br>Peut-\u00eatre avez-vous trouv\u00e9 que les textes de la liturgie sont loin d\u2019\u00eatre festifs. On les aurait souhait\u00e9s un peu plus encourageants et enthousiastes, ils nous parlent de nations affol\u00e9es et d\u00e9sempar\u00e9es et nous mettent en garde contre les beuveries, l\u2019ivresse et les soucis de la vie.<br>Mais ils nous annoncent aussi une bonne nouvelle : le Seigneur vient. Et ils nous invitent \u00e0 nous tenir pr\u00eats et debout pour l\u2019accueillir. Voil\u00e0 que ce temps de l\u2019Avent se dessine, que notre pr\u00e9paration \u00e0 la f\u00eate de No\u00ebl est trac\u00e9e. Car c\u2019est de cela qu\u2019il s\u2019agit : nous pr\u00e9parer \u00e0 l\u2019accueillir en nous tenant debout au milieu de ce monde, \u00e0 relever la t\u00eate, \u00e0 rester \u00e9veill\u00e9 et \u00e0 prier pour \u00eatre en capacit\u00e9 de le recevoir et de le reconna\u00eetre.<br>La lettre de Saint Paul aux Thessaloniciens nous indique une voie pour nous pr\u00e9parer \u00e0 rencontrer le Seigneur : avoir \u00ab entre nous et \u00e0 l\u2019\u00e9gard de tous les hommes, un amour de plus en plus intense et d\u00e9bordant. \u00bb Pour nous entrainer \u00e0 accueillir Dieu fait Homme, pour nous entrainer \u00e0 accueillir Dieu en notre chair, il nous faut d\u00e9velopper notre amour mutuel et fraternel. Nous entrainer \u00e0 nous aimer, pour accueillir l\u2019amour fait Homme en notre humanit\u00e9. Cet entrainement peut \u00eatre tr\u00e8s concret ! Aimer davantage nos parents, notre conjoint, nos enfants, nos coll\u00e8gues de travail ou de vie associative\u2026 Aimer davantage ceux qui nous sont plus loin et que l\u2019on conna\u00eet peut-\u00eatre moins, mais avec qui nous partageons la m\u00eame humanit\u00e9. Aimer jusqu\u2019\u00e0 ceux envers qui nous avons des aprioris n\u00e9gatifs, ceux avec qui nous ne sommes pas d\u2019accord\u2026 Aimer les plus petits, les rejet\u00e9s, les exclus, les vauriens, les paum\u00e9s, les gens de mauvaise vie, les laiss\u00e9s pour compte. C\u2019est dans le moins-que-rien que le Seigneur voudra se faire reconna\u00eetre et aimer : dans le b\u00e9b\u00e9 de la cr\u00e8che, dans le condamn\u00e9 \u00e0 mort, dans le crucifi\u00e9. N\u2019avons-nous pas besoin de nous entrainer pour cela, de \u00ab faire de nouveaux progr\u00e8s \u00bb, comme le dit Saint Paul ? Prenons ce temps de l\u2019Avent comme un temps d\u2019entrainement \u00e0 l\u2019amour gratuit, d\u00e9sint\u00e9ress\u00e9, perdu. Le seul qui a v\u00e9ritablement de la valeur, aux yeux de Dieu et aux yeux de notre c\u0153ur.<br>L\u2019\u00e9vangile nous propose un autre chemin, compl\u00e9mentaire : prier en tout temps. L\u2019amour des fr\u00e8res et des s\u0153urs se double de l\u2019amour de Dieu, de la confiance en lui, de la remise de notre volont\u00e9 en la sienne, comme en un m\u00eame \u00e9lan. Si le Seigneur veut frapper \u00e0 notre porte, \u00e0 la porte de notre c\u0153ur, il faut nous habituer \u00e0 reconna\u00eetre sa voix, son pas, sa fa\u00e7on d\u2019\u00eatre, son message\u2026 il faut nous accorder \u00e0 son diapason, apprendre \u00e0 l\u2019\u00e9couter, reconna\u00eetre sa pr\u00e9sence. Ouvrir nos oreilles et nos yeux \u00e0 l\u2019indicible, \u00e0 l\u2019inaudible, \u00e0 l\u2019invisible, \u00e0 celui dont les chemins sont tellement \u00e9loign\u00e9s des n\u00f4tres. A celui qui joue de la lumi\u00e8re et du vent, du silence et de l\u2019absence. Et nous accorder \u00e0 lui. Prier en tout temps, pas seulement lorsque nous l\u2019avons d\u00e9cid\u00e9, dans les cadres que nous avons identifi\u00e9s. Mais faire de toute notre vie, dans toutes ses dimensions, dans tous ses aspects, une immense pri\u00e8re qui maintiendra en \u00e9veil notre c\u0153ur, pour le reconna\u00eetre et l\u2019accueillir quand il viendra.<br>Nous pouvons trouver de nombreux moyens, dans les revues et les sites internet, pour vivre ce temps de l\u2019Avent. L\u2019EAP de notre paroisse nous a pr\u00e9par\u00e9 un calendrier de l\u2019Avent. Ceux qui le souhaitent pourront recevoir par mail chaque jour (ou en version papier sur demande pour chaque semaine), une aquarelle en lien avec les textes du jour et une courte m\u00e9ditation et \/ ou une proposition d&#8217;action en lien avec les textes du jour (pr\u00e9par\u00e9 par un membre de l&#8217;EAP). Et tous les dimanches matin \u00e0 Barbezieux et tous les samedis soir dans l&#8217;\u00e9glise o\u00f9 la messe est c\u00e9l\u00e9br\u00e9e, l&#8217;EAP nous invite \u00e0 nous retrouver 20 mn avant la messe en nous mettant en groupe, si possible avec des gens qu&#8217;on ne conna\u00eet pas, pour partager ce qui nous a marqu\u00e9 dans la semaine et qui am\u00e8ne une action de gr\u00e2ce, un merci. Sans compter tous les rendez-vous que nous pourrons vivre d\u2019ici No\u00ebl\u2026 Voil\u00e0 une fa\u00e7on d\u2019apprendre \u00e0 accueillir le Seigneur qui vient \u00e0 nous, et qui veut nous rencontrer en prenant chair de notre chair.<br>Une derni\u00e8re chose : ce chemin d\u2019Avent n\u2019est pas uniquement pour nous, personnellement ni m\u00eame communautairement. Il n\u2019est pas une coquetterie spirituelle pour nous occuper ou augmenter notre pi\u00e9t\u00e9. Il est pour le monde. Il est pour toute l\u2019humanit\u00e9. Il est pour les femmes et les hommes qui meurent de peur, qui sont affol\u00e9s et d\u00e9sempar\u00e9s par la marche de l\u2019histoire, pour ceux qui ont perdu toute esp\u00e9rance. Oui, ce monde a besoin que nous sachions accueillir et reconna\u00eetre le Seigneur Dieu, le Fils de l\u2019homme, Celui qui apporte au monde la paix, le droit et la justice. Celui qui apporte le salut.<br>L\u00e9onie, Caroline et Keryan, avec vous nous entrons joyeusement sur ce chemin de l\u2019Avent. Sur ce chemin de Dieu qui frappe \u00e0 notre porte pour se lier \u00e0 nous de mani\u00e8re ind\u00e9fectible et \u00e9ternelle. Nous sommes heureux de vous accueillir et de faire la route avec vous ! Avec les mots du psalmiste, nous pouvons prier : \u00ab Seigneur, enseigne-moi tes voies, fais-moi conna\u00eetre ta route. Dirige-moi par ta v\u00e9rit\u00e9, enseigne-moi, fait nous conna\u00eetre ton Alliance. \u00bb<br>Amen.<br>P. Beno\u00eet Lecomte<\/p>\n","protected":false},"excerpt":{"rendered":"<p>L\u00e9onie, Caroline et Keryan, vous avez tout \u00e0 l\u2019heure frapp\u00e9 \u00e0 la porte de l\u2019Eglise. Et vous avez demand\u00e9 \u00e0 recevoir le bapt\u00eame pour avoir part \u00e0 la vie \u00e9ternelle, \u00e0 la r\u00e9v\u00e9lation de la vie de Dieu en vous. Vous avez frapp\u00e9 \u00e0 la porte aujourd\u2019hui, en ce premier jour du temps de l\u2019Avent. [&hellip;]<\/p>\n","protected":false},"author":4,"featured_media":9519,"comment_status":"open","ping_status":"open","sticky":false,"template":"","format":"standard","meta":{"_acf_changed":false,"paroisse":["15"],"service":["0"],"footnotes":""},"categories":[1,4,3],"tags":[],"class_list":["post-9518","post","type-post","status-publish","format-standard","has-post-thumbnail","hentry","category-actualites","category-barbezieux","category-homelies","validated"],"acf":[],"yoast_head":"<!-- This site is optimized with the Yoast SEO plugin v27.1.1 - https:\/\/yoast.com\/product\/yoast-seo-wordpress\/ -->\n<title>Hom\u00e9lie du 1er d\u00e9cembre 2024, par le P. Beno\u00eet Lecomte - Doyenn\u00e9 Sud Charente<\/title>\n<meta name=\"robots\" content=\"index, follow, max-snippet:-1, max-image-preview:large, max-video-preview:-1\" \/>\n<link rel=\"canonical\" href=\"https:\/\/charente.catholique.fr\/sud-charente\/actualites\/homelie-du-1er-decembre-2024-par-le-p-benoit-lecomte\/\" \/>\n<meta property=\"og:locale\" content=\"fr_FR\" \/>\n<meta property=\"og:type\" content=\"article\" \/>\n<meta property=\"og:title\" content=\"Hom\u00e9lie du 1er d\u00e9cembre 2024, par le P. Beno\u00eet Lecomte - Doyenn\u00e9 Sud Charente\" \/>\n<meta property=\"og:description\" content=\"L\u00e9onie, Caroline et Keryan, vous avez tout \u00e0 l\u2019heure frapp\u00e9 \u00e0 la porte de l\u2019Eglise. Et vous avez demand\u00e9 \u00e0 recevoir le bapt\u00eame pour avoir part \u00e0 la vie \u00e9ternelle, \u00e0 la r\u00e9v\u00e9lation de la vie de Dieu en vous. Vous avez frapp\u00e9 \u00e0 la porte aujourd\u2019hui, en ce premier jour du temps de l\u2019Avent. [&hellip;]\" \/>\n<meta property=\"og:url\" content=\"https:\/\/charente.catholique.fr\/sud-charente\/actualites\/homelie-du-1er-decembre-2024-par-le-p-benoit-lecomte\/\" \/>\n<meta property=\"og:site_name\" content=\"Doyenn\u00e9 Sud Charente\" \/>\n<meta property=\"article:publisher\" content=\"https:\/\/www.facebook.com\/EgliseCatholiqueCharente\" \/>\n<meta property=\"article:published_time\" content=\"2024-12-01T17:37:00+00:00\" \/>\n<meta property=\"article:modified_time\" content=\"2024-12-01T17:37:01+00:00\" \/>\n<meta property=\"og:image\" content=\"https:\/\/charente.catholique.fr\/sud-charente\/wp-content\/uploads\/sites\/5\/2024\/12\/dsc_3983-scaled.jpg\" \/>\n\t<meta property=\"og:image:width\" content=\"2560\" \/>\n\t<meta property=\"og:image:height\" content=\"1709\" \/>\n\t<meta property=\"og:image:type\" content=\"image\/jpeg\" \/>\n<meta name=\"author\" content=\"Beno\u00eet\" \/>\n<meta name=\"twitter:card\" content=\"summary_large_image\" \/>\n<meta name=\"twitter:creator\" content=\"@diocesecharente\" \/>\n<meta name=\"twitter:site\" content=\"@diocesecharente\" \/>\n<meta name=\"twitter:label1\" content=\"\u00c9crit par\" \/>\n\t<meta name=\"twitter:data1\" content=\"Beno\u00eet\" \/>\n\t<meta name=\"twitter:label2\" content=\"Dur\u00e9e de lecture estim\u00e9e\" \/>\n\t<meta name=\"twitter:data2\" content=\"6 minutes\" \/>\n<script type=\"application\/ld+json\" class=\"yoast-schema-graph\">{\"@context\":\"https:\/\/schema.org\",\"@graph\":[{\"@type\":\"Article\",\"@id\":\"https:\/\/charente.catholique.fr\/sud-charente\/actualites\/homelie-du-1er-decembre-2024-par-le-p-benoit-lecomte\/#article\",\"isPartOf\":{\"@id\":\"https:\/\/charente.catholique.fr\/sud-charente\/actualites\/homelie-du-1er-decembre-2024-par-le-p-benoit-lecomte\/\"},\"author\":{\"name\":\"Beno\u00eet\",\"@id\":\"https:\/\/charente.catholique.fr\/sud-charente\/#\/schema\/person\/ddcc6ba32a4484b49a276652de901387\"},\"headline\":\"Hom\u00e9lie du 1er d\u00e9cembre 2024, par le P. Beno\u00eet Lecomte\",\"datePublished\":\"2024-12-01T17:37:00+00:00\",\"dateModified\":\"2024-12-01T17:37:01+00:00\",\"mainEntityOfPage\":{\"@id\":\"https:\/\/charente.catholique.fr\/sud-charente\/actualites\/homelie-du-1er-decembre-2024-par-le-p-benoit-lecomte\/\"},\"wordCount\":1089,\"commentCount\":0,\"publisher\":{\"@id\":\"https:\/\/charente.catholique.fr\/sud-charente\/#organization\"},\"image\":{\"@id\":\"https:\/\/charente.catholique.fr\/sud-charente\/actualites\/homelie-du-1er-decembre-2024-par-le-p-benoit-lecomte\/#primaryimage\"},\"thumbnailUrl\":\"https:\/\/charente.catholique.fr\/sud-charente\/wp-content\/uploads\/sites\/5\/2024\/12\/dsc_3983-scaled.jpg\",\"articleSection\":[\"Actualit\u00e9s\",\"Barbezieux\",\"Hom\u00e9lies\"],\"inLanguage\":\"fr-FR\",\"potentialAction\":[{\"@type\":\"CommentAction\",\"name\":\"Comment\",\"target\":[\"https:\/\/charente.catholique.fr\/sud-charente\/actualites\/homelie-du-1er-decembre-2024-par-le-p-benoit-lecomte\/#respond\"]}]},{\"@type\":\"WebPage\",\"@id\":\"https:\/\/charente.catholique.fr\/sud-charente\/actualites\/homelie-du-1er-decembre-2024-par-le-p-benoit-lecomte\/\",\"url\":\"https:\/\/charente.catholique.fr\/sud-charente\/actualites\/homelie-du-1er-decembre-2024-par-le-p-benoit-lecomte\/\",\"name\":\"Hom\u00e9lie du 1er d\u00e9cembre 2024, par le P. Beno\u00eet Lecomte - Doyenn\u00e9 Sud Charente\",\"isPartOf\":{\"@id\":\"https:\/\/charente.catholique.fr\/sud-charente\/#website\"},\"primaryImageOfPage\":{\"@id\":\"https:\/\/charente.catholique.fr\/sud-charente\/actualites\/homelie-du-1er-decembre-2024-par-le-p-benoit-lecomte\/#primaryimage\"},\"image\":{\"@id\":\"https:\/\/charente.catholique.fr\/sud-charente\/actualites\/homelie-du-1er-decembre-2024-par-le-p-benoit-lecomte\/#primaryimage\"},\"thumbnailUrl\":\"https:\/\/charente.catholique.fr\/sud-charente\/wp-content\/uploads\/sites\/5\/2024\/12\/dsc_3983-scaled.jpg\",\"datePublished\":\"2024-12-01T17:37:00+00:00\",\"dateModified\":\"2024-12-01T17:37:01+00:00\",\"breadcrumb\":{\"@id\":\"https:\/\/charente.catholique.fr\/sud-charente\/actualites\/homelie-du-1er-decembre-2024-par-le-p-benoit-lecomte\/#breadcrumb\"},\"inLanguage\":\"fr-FR\",\"potentialAction\":[{\"@type\":\"ReadAction\",\"target\":[\"https:\/\/charente.catholique.fr\/sud-charente\/actualites\/homelie-du-1er-decembre-2024-par-le-p-benoit-lecomte\/\"]}]},{\"@type\":\"ImageObject\",\"inLanguage\":\"fr-FR\",\"@id\":\"https:\/\/charente.catholique.fr\/sud-charente\/actualites\/homelie-du-1er-decembre-2024-par-le-p-benoit-lecomte\/#primaryimage\",\"url\":\"https:\/\/charente.catholique.fr\/sud-charente\/wp-content\/uploads\/sites\/5\/2024\/12\/dsc_3983-scaled.jpg\",\"contentUrl\":\"https:\/\/charente.catholique.fr\/sud-charente\/wp-content\/uploads\/sites\/5\/2024\/12\/dsc_3983-scaled.jpg\",\"width\":2560,\"height\":1709},{\"@type\":\"BreadcrumbList\",\"@id\":\"https:\/\/charente.catholique.fr\/sud-charente\/actualites\/homelie-du-1er-decembre-2024-par-le-p-benoit-lecomte\/#breadcrumb\",\"itemListElement\":[{\"@type\":\"ListItem\",\"position\":1,\"name\":\"Accueil\",\"item\":\"https:\/\/charente.catholique.fr\/sud-charente\/\"},{\"@type\":\"ListItem\",\"position\":2,\"name\":\"Hom\u00e9lie du 1er d\u00e9cembre 2024, par le P. Beno\u00eet Lecomte\"}]},{\"@type\":\"WebSite\",\"@id\":\"https:\/\/charente.catholique.fr\/sud-charente\/#website\",\"url\":\"https:\/\/charente.catholique.fr\/sud-charente\/\",\"name\":\"Doyenn\u00e9 Sud Charente - Dioc\u00e8se d'Angoul\u00eame\",\"description\":\"Dioc\u00e8se d&#039;Angoul\u00eame\",\"publisher\":{\"@id\":\"https:\/\/charente.catholique.fr\/sud-charente\/#organization\"},\"potentialAction\":[{\"@type\":\"SearchAction\",\"target\":{\"@type\":\"EntryPoint\",\"urlTemplate\":\"https:\/\/charente.catholique.fr\/sud-charente\/?s={search_term_string}\"},\"query-input\":{\"@type\":\"PropertyValueSpecification\",\"valueRequired\":true,\"valueName\":\"search_term_string\"}}],\"inLanguage\":\"fr-FR\"},{\"@type\":\"Organization\",\"@id\":\"https:\/\/charente.catholique.fr\/sud-charente\/#organization\",\"name\":\"Association dioc\u00e9saine d'Angoul\u00eame\",\"url\":\"https:\/\/charente.catholique.fr\/sud-charente\/\",\"logo\":{\"@type\":\"ImageObject\",\"inLanguage\":\"fr-FR\",\"@id\":\"https:\/\/charente.catholique.fr\/sud-charente\/#\/schema\/logo\/image\/\",\"url\":\"https:\/\/charente.catholique.fr\/sud-charente\/wp-content\/uploads\/sites\/5\/2020\/10\/logos.png\",\"contentUrl\":\"https:\/\/charente.catholique.fr\/sud-charente\/wp-content\/uploads\/sites\/5\/2020\/10\/logos.png\",\"width\":600,\"height\":257,\"caption\":\"Association dioc\u00e9saine d'Angoul\u00eame\"},\"image\":{\"@id\":\"https:\/\/charente.catholique.fr\/sud-charente\/#\/schema\/logo\/image\/\"},\"sameAs\":[\"https:\/\/www.facebook.com\/EgliseCatholiqueCharente\",\"https:\/\/x.com\/diocesecharente\",\"https:\/\/www.instagram.com\/eglisecharente\",\"https:\/\/www.youtube.com\/channel\/UCByyFWApZbw3gDTiADoiAaQ\"]},{\"@type\":\"Person\",\"@id\":\"https:\/\/charente.catholique.fr\/sud-charente\/#\/schema\/person\/ddcc6ba32a4484b49a276652de901387\",\"name\":\"Beno\u00eet\",\"image\":{\"@type\":\"ImageObject\",\"inLanguage\":\"fr-FR\",\"@id\":\"https:\/\/charente.catholique.fr\/sud-charente\/#\/schema\/person\/image\/\",\"url\":\"https:\/\/secure.gravatar.com\/avatar\/367de281020c81cafc6a2f9b79fef00a1981a890412ad8b09b11385575886666?s=96&d=mm&r=g\",\"contentUrl\":\"https:\/\/secure.gravatar.com\/avatar\/367de281020c81cafc6a2f9b79fef00a1981a890412ad8b09b11385575886666?s=96&d=mm&r=g\",\"caption\":\"Beno\u00eet\"},\"url\":\"https:\/\/charente.catholique.fr\/sud-charente\/author\/benoitlecomte\/\"}]}<\/script>\n<!-- \/ Yoast SEO plugin. -->","yoast_head_json":{"title":"Hom\u00e9lie du 1er d\u00e9cembre 2024, par le P. Beno\u00eet Lecomte - Doyenn\u00e9 Sud Charente","robots":{"index":"index","follow":"follow","max-snippet":"max-snippet:-1","max-image-preview":"max-image-preview:large","max-video-preview":"max-video-preview:-1"},"canonical":"https:\/\/charente.catholique.fr\/sud-charente\/actualites\/homelie-du-1er-decembre-2024-par-le-p-benoit-lecomte\/","og_locale":"fr_FR","og_type":"article","og_title":"Hom\u00e9lie du 1er d\u00e9cembre 2024, par le P. Beno\u00eet Lecomte - Doyenn\u00e9 Sud Charente","og_description":"L\u00e9onie, Caroline et Keryan, vous avez tout \u00e0 l\u2019heure frapp\u00e9 \u00e0 la porte de l\u2019Eglise. Et vous avez demand\u00e9 \u00e0 recevoir le bapt\u00eame pour avoir part \u00e0 la vie \u00e9ternelle, \u00e0 la r\u00e9v\u00e9lation de la vie de Dieu en vous. Vous avez frapp\u00e9 \u00e0 la porte aujourd\u2019hui, en ce premier jour du temps de l\u2019Avent. [&hellip;]","og_url":"https:\/\/charente.catholique.fr\/sud-charente\/actualites\/homelie-du-1er-decembre-2024-par-le-p-benoit-lecomte\/","og_site_name":"Doyenn\u00e9 Sud Charente","article_publisher":"https:\/\/www.facebook.com\/EgliseCatholiqueCharente","article_published_time":"2024-12-01T17:37:00+00:00","article_modified_time":"2024-12-01T17:37:01+00:00","og_image":[{"width":2560,"height":1709,"url":"https:\/\/charente.catholique.fr\/sud-charente\/wp-content\/uploads\/sites\/5\/2024\/12\/dsc_3983-scaled.jpg","type":"image\/jpeg"}],"author":"Beno\u00eet","twitter_card":"summary_large_image","twitter_creator":"@diocesecharente","twitter_site":"@diocesecharente","twitter_misc":{"\u00c9crit par":"Beno\u00eet","Dur\u00e9e de lecture estim\u00e9e":"6 minutes"},"schema":{"@context":"https:\/\/schema.org","@graph":[{"@type":"Article","@id":"https:\/\/charente.catholique.fr\/sud-charente\/actualites\/homelie-du-1er-decembre-2024-par-le-p-benoit-lecomte\/#article","isPartOf":{"@id":"https:\/\/charente.catholique.fr\/sud-charente\/actualites\/homelie-du-1er-decembre-2024-par-le-p-benoit-lecomte\/"},"author":{"name":"Beno\u00eet","@id":"https:\/\/charente.catholique.fr\/sud-charente\/#\/schema\/person\/ddcc6ba32a4484b49a276652de901387"},"headline":"Hom\u00e9lie du 1er d\u00e9cembre 2024, par le P. Beno\u00eet Lecomte","datePublished":"2024-12-01T17:37:00+00:00","dateModified":"2024-12-01T17:37:01+00:00","mainEntityOfPage":{"@id":"https:\/\/charente.catholique.fr\/sud-charente\/actualites\/homelie-du-1er-decembre-2024-par-le-p-benoit-lecomte\/"},"wordCount":1089,"commentCount":0,"publisher":{"@id":"https:\/\/charente.catholique.fr\/sud-charente\/#organization"},"image":{"@id":"https:\/\/charente.catholique.fr\/sud-charente\/actualites\/homelie-du-1er-decembre-2024-par-le-p-benoit-lecomte\/#primaryimage"},"thumbnailUrl":"https:\/\/charente.catholique.fr\/sud-charente\/wp-content\/uploads\/sites\/5\/2024\/12\/dsc_3983-scaled.jpg","articleSection":["Actualit\u00e9s","Barbezieux","Hom\u00e9lies"],"inLanguage":"fr-FR","potentialAction":[{"@type":"CommentAction","name":"Comment","target":["https:\/\/charente.catholique.fr\/sud-charente\/actualites\/homelie-du-1er-decembre-2024-par-le-p-benoit-lecomte\/#respond"]}]},{"@type":"WebPage","@id":"https:\/\/charente.catholique.fr\/sud-charente\/actualites\/homelie-du-1er-decembre-2024-par-le-p-benoit-lecomte\/","url":"https:\/\/charente.catholique.fr\/sud-charente\/actualites\/homelie-du-1er-decembre-2024-par-le-p-benoit-lecomte\/","name":"Hom\u00e9lie du 1er d\u00e9cembre 2024, par le P. Beno\u00eet Lecomte - Doyenn\u00e9 Sud Charente","isPartOf":{"@id":"https:\/\/charente.catholique.fr\/sud-charente\/#website"},"primaryImageOfPage":{"@id":"https:\/\/charente.catholique.fr\/sud-charente\/actualites\/homelie-du-1er-decembre-2024-par-le-p-benoit-lecomte\/#primaryimage"},"image":{"@id":"https:\/\/charente.catholique.fr\/sud-charente\/actualites\/homelie-du-1er-decembre-2024-par-le-p-benoit-lecomte\/#primaryimage"},"thumbnailUrl":"https:\/\/charente.catholique.fr\/sud-charente\/wp-content\/uploads\/sites\/5\/2024\/12\/dsc_3983-scaled.jpg","datePublished":"2024-12-01T17:37:00+00:00","dateModified":"2024-12-01T17:37:01+00:00","breadcrumb":{"@id":"https:\/\/charente.catholique.fr\/sud-charente\/actualites\/homelie-du-1er-decembre-2024-par-le-p-benoit-lecomte\/#breadcrumb"},"inLanguage":"fr-FR","potentialAction":[{"@type":"ReadAction","target":["https:\/\/charente.catholique.fr\/sud-charente\/actualites\/homelie-du-1er-decembre-2024-par-le-p-benoit-lecomte\/"]}]},{"@type":"ImageObject","inLanguage":"fr-FR","@id":"https:\/\/charente.catholique.fr\/sud-charente\/actualites\/homelie-du-1er-decembre-2024-par-le-p-benoit-lecomte\/#primaryimage","url":"https:\/\/charente.catholique.fr\/sud-charente\/wp-content\/uploads\/sites\/5\/2024\/12\/dsc_3983-scaled.jpg","contentUrl":"https:\/\/charente.catholique.fr\/sud-charente\/wp-content\/uploads\/sites\/5\/2024\/12\/dsc_3983-scaled.jpg","width":2560,"height":1709},{"@type":"BreadcrumbList","@id":"https:\/\/charente.catholique.fr\/sud-charente\/actualites\/homelie-du-1er-decembre-2024-par-le-p-benoit-lecomte\/#breadcrumb","itemListElement":[{"@type":"ListItem","position":1,"name":"Accueil","item":"https:\/\/charente.catholique.fr\/sud-charente\/"},{"@type":"ListItem","position":2,"name":"Hom\u00e9lie du 1er d\u00e9cembre 2024, par le P. Beno\u00eet Lecomte"}]},{"@type":"WebSite","@id":"https:\/\/charente.catholique.fr\/sud-charente\/#website","url":"https:\/\/charente.catholique.fr\/sud-charente\/","name":"Doyenn\u00e9 Sud Charente - Dioc\u00e8se d'Angoul\u00eame","description":"Dioc\u00e8se d&#039;Angoul\u00eame","publisher":{"@id":"https:\/\/charente.catholique.fr\/sud-charente\/#organization"},"potentialAction":[{"@type":"SearchAction","target":{"@type":"EntryPoint","urlTemplate":"https:\/\/charente.catholique.fr\/sud-charente\/?s={search_term_string}"},"query-input":{"@type":"PropertyValueSpecification","valueRequired":true,"valueName":"search_term_string"}}],"inLanguage":"fr-FR"},{"@type":"Organization","@id":"https:\/\/charente.catholique.fr\/sud-charente\/#organization","name":"Association dioc\u00e9saine d'Angoul\u00eame","url":"https:\/\/charente.catholique.fr\/sud-charente\/","logo":{"@type":"ImageObject","inLanguage":"fr-FR","@id":"https:\/\/charente.catholique.fr\/sud-charente\/#\/schema\/logo\/image\/","url":"https:\/\/charente.catholique.fr\/sud-charente\/wp-content\/uploads\/sites\/5\/2020\/10\/logos.png","contentUrl":"https:\/\/charente.catholique.fr\/sud-charente\/wp-content\/uploads\/sites\/5\/2020\/10\/logos.png","width":600,"height":257,"caption":"Association dioc\u00e9saine d'Angoul\u00eame"},"image":{"@id":"https:\/\/charente.catholique.fr\/sud-charente\/#\/schema\/logo\/image\/"},"sameAs":["https:\/\/www.facebook.com\/EgliseCatholiqueCharente","https:\/\/x.com\/diocesecharente","https:\/\/www.instagram.com\/eglisecharente","https:\/\/www.youtube.com\/channel\/UCByyFWApZbw3gDTiADoiAaQ"]},{"@type":"Person","@id":"https:\/\/charente.catholique.fr\/sud-charente\/#\/schema\/person\/ddcc6ba32a4484b49a276652de901387","name":"Beno\u00eet","image":{"@type":"ImageObject","inLanguage":"fr-FR","@id":"https:\/\/charente.catholique.fr\/sud-charente\/#\/schema\/person\/image\/","url":"https:\/\/secure.gravatar.com\/avatar\/367de281020c81cafc6a2f9b79fef00a1981a890412ad8b09b11385575886666?s=96&d=mm&r=g","contentUrl":"https:\/\/secure.gravatar.com\/avatar\/367de281020c81cafc6a2f9b79fef00a1981a890412ad8b09b11385575886666?s=96&d=mm&r=g","caption":"Beno\u00eet"},"url":"https:\/\/charente.catholique.fr\/sud-charente\/author\/benoitlecomte\/"}]}},"_links":{"self":[{"href":"https:\/\/charente.catholique.fr\/sud-charente\/wp-json\/wp\/v2\/posts\/9518","targetHints":{"allow":["GET"]}}],"collection":[{"href":"https:\/\/charente.catholique.fr\/sud-charente\/wp-json\/wp\/v2\/posts"}],"about":[{"href":"https:\/\/charente.catholique.fr\/sud-charente\/wp-json\/wp\/v2\/types\/post"}],"author":[{"embeddable":true,"href":"https:\/\/charente.catholique.fr\/sud-charente\/wp-json\/wp\/v2\/users\/4"}],"replies":[{"embeddable":true,"href":"https:\/\/charente.catholique.fr\/sud-charente\/wp-json\/wp\/v2\/comments?post=9518"}],"version-history":[{"count":1,"href":"https:\/\/charente.catholique.fr\/sud-charente\/wp-json\/wp\/v2\/posts\/9518\/revisions"}],"predecessor-version":[{"id":9520,"href":"https:\/\/charente.catholique.fr\/sud-charente\/wp-json\/wp\/v2\/posts\/9518\/revisions\/9520"}],"wp:featuredmedia":[{"embeddable":true,"href":"https:\/\/charente.catholique.fr\/sud-charente\/wp-json\/wp\/v2\/media\/9519"}],"wp:attachment":[{"href":"https:\/\/charente.catholique.fr\/sud-charente\/wp-json\/wp\/v2\/media?parent=9518"}],"wp:term":[{"taxonomy":"category","embeddable":true,"href":"https:\/\/charente.catholique.fr\/sud-charente\/wp-json\/wp\/v2\/categories?post=9518"},{"taxonomy":"post_tag","embeddable":true,"href":"https:\/\/charente.catholique.fr\/sud-charente\/wp-json\/wp\/v2\/tags?post=9518"}],"curies":[{"name":"wp","href":"https:\/\/api.w.org\/{rel}","templated":true}]}}