{"id":8666,"date":"2024-06-16T17:21:18","date_gmt":"2024-06-16T15:21:18","guid":{"rendered":"https:\/\/charente.catholique.fr\/sud-charente\/?p=8666"},"modified":"2024-06-16T17:21:19","modified_gmt":"2024-06-16T15:21:19","slug":"homelie-du-16-juin-2024-par-le-p-maxime-petit","status":"publish","type":"post","link":"https:\/\/charente.catholique.fr\/sud-charente\/actualites\/homelie-du-16-juin-2024-par-le-p-maxime-petit\/","title":{"rendered":"Hom\u00e9lie du 16 juin 2024, par le P. Maxime Petit"},"content":{"rendered":"\n<p>Chers fr\u00e8res et s\u0153urs,<\/p>\n\n\n\n<p>Bien souvent, les pages d\u2019\u00e9vangile choisies par l\u2019Eglise pour les c\u00e9l\u00e9brations dominicales ont pour vocation de provoquer en nous un \u00e9lectrochoc. D\u2019ailleurs, ce n\u2019est pas seulement un choix de l\u2019Eglise, c\u2019est l\u2019\u00e9vangile lui-m\u00eame qui est majoritairement constitu\u00e9 d\u2019\u00e9pisodes qui frappent l\u2019oreille et le c\u0153ur. Dans bien des situations, J\u00e9sus cherche \u00e0 nous secouer pour que nous sortions de notre zone de confort. Ainsi, la plupart du temps, \u00e0 peine la messe termin\u00e9e, nous sommes invit\u00e9s \u00e0 nous retrousser les manches ou \u00e0 nous creuser les m\u00e9ninges pour nous tourner r\u00e9solument vers lui et porter au monde la bonne nouvelle du Salut.<\/p>\n\n\n\n<p>Eh bien aujourd\u2019hui, aussi \u00e9tonnant que cela puisse para\u00eetre, les deux paraboles de l\u2019\u00e9vangile ont plut\u00f4t sur nous un effet apaisant et reposant. Et avouons-le, cela n\u2019est forc\u00e9ment pour nous d\u00e9plaire&nbsp;! Car J\u00e9sus, qui d\u2019habitude nous met en mouvement, semble nous demander aujourd\u2019hui de nous assoir un instant pour constater que la croissance du Royaume de Dieu n\u2019est pas de notre ressort&nbsp;: \u00ab&nbsp;<em>Il en est du r\u00e8gne de Dieu comme d\u2019un homme qui jette en terre la semence <\/em>:<em> nuit et jour, qu\u2019il dorme ou qu\u2019il se l\u00e8ve, la semence germe et grandit, il ne sait comment<\/em>&nbsp;\u00bb. Autrement dit, aucun d\u2019entre nous ne peut \u00eatre le moteur de la croissance du Royaume&nbsp;! Comme me le disait un jour une moniale assign\u00e9e au potager&nbsp;: le jardinage nous apprend \u00e0 respecter le temps de Dieu. Il ne sert \u00e0 rien de tirer sur les l\u00e9gumes pour les faire pousser&nbsp;!<\/p>\n\n\n\n<p>J\u00e9sus utilise cette m\u00eame image du potager pour nous parler du Royaume de Dieu. Ce qui est \u00e0 la fois apaisant et un peu enrageant\u2026 car on pourra s\u2019activer autant qu\u2019on le veut, nous ne serons JAMAIS les moteurs de cette croissance&nbsp;! Parfois, cela peut m\u00eame nous d\u00e9courager lorsqu\u2019on a mis toute son ardeur dans une \u0153uvre pastorale qui s\u2019av\u00e8re porter peu de fruit. D\u2019autres fois, cela nous peut nous rendre jaloux lorsque l\u2019on voit qu\u2019avec peu d\u2019effort, nos voisins r\u00e9ussissent ce que l\u2019on n\u2019a mis tant d\u2019\u00e9nergie \u00e0 mettre en place. Eh bien l\u2019\u00e9vangile de ce jour nous permet de n\u2019\u00eatre ni enrag\u00e9s, ni d\u00e9courag\u00e9s, ni jaloux puisqu\u2019il nous d\u00e9charge de la f\u00e9condit\u00e9 de nos actions pastorales&nbsp;: que nous dormions ou nous levions, le Royaume de Dieu germe et grandit, on ne sait comment.<\/p>\n\n\n\n<p>Cela peut un peu nous d\u00e9concerter. J\u00e9sus nous invite-t-il ce dimanche \u00e0 le laisser agir seul dans le monde&nbsp;? Devons-nous nous contenter de le regarder \u0153uvrer sans nous&nbsp;? Les agriculteurs et les jardiniers de notre assembl\u00e9e sentent bien qu\u2019une telle passivit\u00e9 ne favorise pas le rendement&nbsp;! D\u2019ailleurs, si on redouble notre attention en lisant l\u2019\u00e9vangile, on s\u2019apercevra bien vite que ce n\u2019est pas tout \u00e0 fait ce que le Seigneur demande&nbsp;! En effet, dans la parabole, encadrant cette myst\u00e9rieuse croissance sur laquelle l\u2019homme n\u2019a aucune prise, il y a d\u2019un c\u00f4t\u00e9 \u00ab<em>&nbsp;l\u2019homme qui jette en terre la semence&nbsp;<\/em>\u00bb et de l\u2019autre celui qui \u00ab<em>&nbsp;y met la faucille lorsque le temps de la moisson est arriv\u00e9<\/em>&nbsp;\u00bb. Ainsi, loin de nous inviter \u00e0 la pure inactivit\u00e9, le Seigneur nous demande de coop\u00e9rer \u00e0 son \u0153uvre non seulement en son commencement, mais aussi \u00e0 son terme&nbsp;! Car le Royaume ne se s\u00e8me pas tout seul et ses fruits ne se r\u00e9coltent pas sans nous&nbsp;! Dieu, non parce qu\u2019il en aurait besoin mais parce qu\u2019il le d\u00e9sire profond\u00e9ment, nous demande d\u2019\u0153uvrer pour la croissance du Royaume. Il ne pr\u00e9sente pas ici une opposition st\u00e9rile entre l\u2019\u0153uvre de Dieu et l\u2019\u0153uvre de l\u2019homme. Ce n\u2019est pas Dieu OU l\u2019homme dans cet \u00e9vangile, mais bien plut\u00f4t Dieu ET l\u2019homme, conjointement associ\u00e9s pour une \u0153uvre divine. Mais ce que l\u2019\u00e9vangile de ce jour pr\u00e9cise&nbsp;: \u00ab&nbsp;pas n\u2019importe comment&nbsp;\u00bb&nbsp;! L\u2019homme est bien charg\u00e9 d\u2019\u00eatre les mains de Dieu dans le monde, cependant, il doit \u00e0 tout prix se garder de croire qu\u2019il en est l\u2019initiateur. Car le risque est grand de transformer le Royaume de Dieu en un royaume terrestre, \u00e0 mesure humaine, qui ne porte que tr\u00e8s peu de fruits. Contrairement \u00e0 l\u2019homme, Dieu, agit de mani\u00e8re discr\u00e8te et souvent silencieuse. Et il obtient un r\u00e9sultat surnaturel. L\u00e0 o\u00f9 l\u2019homme pourrait faire na\u00eetre une petite pousse fragile, Dieu, s\u2019appuyant sur la plus petite des actions humaines, peut faire jaillir la vie d\u2019une mani\u00e8re extraordinaire et qui d\u00e9passe nos r\u00eaves les plus fous.<\/p>\n\n\n\n<p>Ainsi, bien loin de notre postulat de d\u00e9part, l\u2019\u00e9vangile de ce jour nous invite \u00e0 ne pas simplement regarder Dieu agir dans le monde. Il nous associe \u00e0 sa mission comme des semeurs et des moissonneurs. Ce qui nous am\u00e8ne \u00e0 une derni\u00e8re question&nbsp;: qu\u2019est-ce que cela veut dire, au juste, semer et moissonner le Royaume de Dieu&nbsp;?<\/p>\n\n\n\n<p>J\u2019esp\u00e8re ne pas vous d\u00e9cevoir en vous disant qu\u2019il n\u2019y ait de r\u00e9ponse toute faite \u00e0 cette question. Ou plut\u00f4t, il y en a de multiples&nbsp;! Car il y a bien des mani\u00e8res de coop\u00e9rer \u00e0 l\u2019\u0153uvre de Dieu. D\u2019ailleurs, chacun des membres de notre assembl\u00e9e pourrait t\u00e9moigner de la mani\u00e8re avec laquelle il \u0153uvre pour la croissance du Royaume.<\/p>\n\n\n\n<p>Cela dit, une lecture attentive de l\u2019\u00e9vangile permet tout de m\u00eame d\u2019identifier des constantes en regardant les relations qu\u2019entretient J\u00e9sus avec ses disciples. On remarque que ces derniers sont d\u2019abord invit\u00e9s \u00e0 se mettre \u00e0 sa SUITE avant d\u2019\u00eatre ENVOY\u00c9S \u00ab&nbsp;<em>en avant de lui dans toute ville ou localit\u00e9 o\u00f9 il allait lui-m\u00eame se rendre<\/em>&nbsp;\u00bb (Lc 10,1-5). Comme le dit saint Marc d\u2019une mani\u00e8re plus concise encore quand il raconte l\u2019appel des ap\u00f4tres&nbsp;: J\u00e9sus \u00ab&nbsp;<em>en institua douze pour qu\u2019ils soient avec lui ET pour les envoyer proclamer la Bonne Nouvelle&nbsp;<\/em>\u00bb (Mc 3,14).<\/p>\n\n\n\n<p>Semence et r\u00e9colte. Vie aux c\u00f4t\u00e9s du Christ et annonce de l\u2019\u00e9vangile. D\u00e9couverte de Dieu et \u00e9vang\u00e9lisation. Telles sont les deux \u0153uvres majeures que le Seigneur demande \u00e0 ses disciples d\u2019accomplir. Il s\u00e8me en nous le d\u00e9sir de nous approcher de lui pour qu\u2019\u00e0 notre tour, nous semions dans les c\u0153urs la joie de se mettre \u00e0 sa suite. Et nous r\u00e9coltons par l\u00e0 la joie de l\u2019humanit\u00e9 qui ne peut trouver son repos qu\u2019en Dieu, dans la communion avec son Cr\u00e9ateur, dans la foi en son Sauveur.<\/p>\n\n\n\n<p>Alors, chers fr\u00e8res et s\u0153urs, laissons-nous apaiser par l\u2019\u00e9vangile de ce dimanche\u00a0! Non pas parce qu\u2019il nous inviterait \u00e0 regarder Dieu agir seul dans le monde, mais pr\u00e9cis\u00e9ment parce qu\u2019il nous demande de nous investir dans SON \u0153uvre pour y trouver NOTRE repos. Rendons gr\u00e2ce \u00e0 Dieu de nous associer une telle mission et demandons-lui de nous remplir de sa force. Nous deviendrons ainsi des coop\u00e9rateurs fid\u00e8les et toujours plus ajust\u00e9s \u00e0 son \u0153uvre\u00a0: le salut du monde qu\u2019il est venu remplir de sa pr\u00e9sence dans la Personne de J\u00e9sus-Christ, tout \u00e0 la fois vrai Dieu et vrai homme\u00a0! Amen.<\/p>\n\n\n\n<p>P. Maxime Petit<\/p>\n","protected":false},"excerpt":{"rendered":"<p>Chers fr\u00e8res et s\u0153urs, Bien souvent, les pages d\u2019\u00e9vangile choisies par l\u2019Eglise pour les c\u00e9l\u00e9brations dominicales ont pour vocation de provoquer en nous un \u00e9lectrochoc. D\u2019ailleurs, ce n\u2019est pas seulement un choix de l\u2019Eglise, c\u2019est l\u2019\u00e9vangile lui-m\u00eame qui est majoritairement constitu\u00e9 d\u2019\u00e9pisodes qui frappent l\u2019oreille et le c\u0153ur. Dans bien des situations, J\u00e9sus cherche \u00e0 [&hellip;]<\/p>\n","protected":false},"author":4,"featured_media":8667,"comment_status":"open","ping_status":"open","sticky":false,"template":"","format":"standard","meta":{"_acf_changed":false,"paroisse":["16"],"service":["0"],"footnotes":""},"categories":[1,12,3],"tags":[],"class_list":["post-8666","post","type-post","status-publish","format-standard","has-post-thumbnail","hentry","category-actualites","category-chalais","category-homelies","validated"],"acf":[],"yoast_head":"<!-- This site is optimized with the Yoast SEO plugin v27.1.1 - https:\/\/yoast.com\/product\/yoast-seo-wordpress\/ -->\n<title>Hom\u00e9lie du 16 juin 2024, par le P. Maxime Petit - Doyenn\u00e9 Sud Charente<\/title>\n<meta name=\"robots\" content=\"index, follow, max-snippet:-1, max-image-preview:large, max-video-preview:-1\" \/>\n<link rel=\"canonical\" href=\"https:\/\/charente.catholique.fr\/sud-charente\/actualites\/homelie-du-16-juin-2024-par-le-p-maxime-petit\/\" \/>\n<meta property=\"og:locale\" content=\"fr_FR\" \/>\n<meta property=\"og:type\" content=\"article\" \/>\n<meta property=\"og:title\" content=\"Hom\u00e9lie du 16 juin 2024, par le P. Maxime Petit - Doyenn\u00e9 Sud Charente\" \/>\n<meta property=\"og:description\" content=\"Chers fr\u00e8res et s\u0153urs, Bien souvent, les pages d\u2019\u00e9vangile choisies par l\u2019Eglise pour les c\u00e9l\u00e9brations dominicales ont pour vocation de provoquer en nous un \u00e9lectrochoc. D\u2019ailleurs, ce n\u2019est pas seulement un choix de l\u2019Eglise, c\u2019est l\u2019\u00e9vangile lui-m\u00eame qui est majoritairement constitu\u00e9 d\u2019\u00e9pisodes qui frappent l\u2019oreille et le c\u0153ur. Dans bien des situations, J\u00e9sus cherche \u00e0 [&hellip;]\" \/>\n<meta property=\"og:url\" content=\"https:\/\/charente.catholique.fr\/sud-charente\/actualites\/homelie-du-16-juin-2024-par-le-p-maxime-petit\/\" \/>\n<meta property=\"og:site_name\" content=\"Doyenn\u00e9 Sud Charente\" \/>\n<meta property=\"article:publisher\" content=\"https:\/\/www.facebook.com\/EgliseCatholiqueCharente\" \/>\n<meta property=\"article:published_time\" content=\"2024-06-16T15:21:18+00:00\" \/>\n<meta property=\"article:modified_time\" content=\"2024-06-16T15:21:19+00:00\" \/>\n<meta property=\"og:image\" content=\"https:\/\/charente.catholique.fr\/sud-charente\/wp-content\/uploads\/sites\/5\/2024\/06\/cornfield-8064976_1280.jpg\" \/>\n\t<meta property=\"og:image:width\" content=\"1280\" \/>\n\t<meta property=\"og:image:height\" content=\"960\" \/>\n\t<meta property=\"og:image:type\" content=\"image\/jpeg\" \/>\n<meta name=\"author\" content=\"Beno\u00eet\" \/>\n<meta name=\"twitter:card\" content=\"summary_large_image\" \/>\n<meta name=\"twitter:creator\" content=\"@diocesecharente\" \/>\n<meta name=\"twitter:site\" content=\"@diocesecharente\" \/>\n<meta name=\"twitter:label1\" content=\"\u00c9crit par\" \/>\n\t<meta name=\"twitter:data1\" content=\"Beno\u00eet\" \/>\n\t<meta name=\"twitter:label2\" content=\"Dur\u00e9e de lecture estim\u00e9e\" \/>\n\t<meta name=\"twitter:data2\" content=\"6 minutes\" \/>\n<script type=\"application\/ld+json\" class=\"yoast-schema-graph\">{\"@context\":\"https:\/\/schema.org\",\"@graph\":[{\"@type\":\"Article\",\"@id\":\"https:\/\/charente.catholique.fr\/sud-charente\/actualites\/homelie-du-16-juin-2024-par-le-p-maxime-petit\/#article\",\"isPartOf\":{\"@id\":\"https:\/\/charente.catholique.fr\/sud-charente\/actualites\/homelie-du-16-juin-2024-par-le-p-maxime-petit\/\"},\"author\":{\"name\":\"Beno\u00eet\",\"@id\":\"https:\/\/charente.catholique.fr\/sud-charente\/#\/schema\/person\/ddcc6ba32a4484b49a276652de901387\"},\"headline\":\"Hom\u00e9lie du 16 juin 2024, par le P. Maxime Petit\",\"datePublished\":\"2024-06-16T15:21:18+00:00\",\"dateModified\":\"2024-06-16T15:21:19+00:00\",\"mainEntityOfPage\":{\"@id\":\"https:\/\/charente.catholique.fr\/sud-charente\/actualites\/homelie-du-16-juin-2024-par-le-p-maxime-petit\/\"},\"wordCount\":1310,\"commentCount\":0,\"publisher\":{\"@id\":\"https:\/\/charente.catholique.fr\/sud-charente\/#organization\"},\"image\":{\"@id\":\"https:\/\/charente.catholique.fr\/sud-charente\/actualites\/homelie-du-16-juin-2024-par-le-p-maxime-petit\/#primaryimage\"},\"thumbnailUrl\":\"https:\/\/charente.catholique.fr\/sud-charente\/wp-content\/uploads\/sites\/5\/2024\/06\/cornfield-8064976_1280.jpg\",\"articleSection\":[\"Actualit\u00e9s\",\"Chalais\",\"Hom\u00e9lies\"],\"inLanguage\":\"fr-FR\",\"potentialAction\":[{\"@type\":\"CommentAction\",\"name\":\"Comment\",\"target\":[\"https:\/\/charente.catholique.fr\/sud-charente\/actualites\/homelie-du-16-juin-2024-par-le-p-maxime-petit\/#respond\"]}]},{\"@type\":\"WebPage\",\"@id\":\"https:\/\/charente.catholique.fr\/sud-charente\/actualites\/homelie-du-16-juin-2024-par-le-p-maxime-petit\/\",\"url\":\"https:\/\/charente.catholique.fr\/sud-charente\/actualites\/homelie-du-16-juin-2024-par-le-p-maxime-petit\/\",\"name\":\"Hom\u00e9lie du 16 juin 2024, par le P. Maxime Petit - Doyenn\u00e9 Sud Charente\",\"isPartOf\":{\"@id\":\"https:\/\/charente.catholique.fr\/sud-charente\/#website\"},\"primaryImageOfPage\":{\"@id\":\"https:\/\/charente.catholique.fr\/sud-charente\/actualites\/homelie-du-16-juin-2024-par-le-p-maxime-petit\/#primaryimage\"},\"image\":{\"@id\":\"https:\/\/charente.catholique.fr\/sud-charente\/actualites\/homelie-du-16-juin-2024-par-le-p-maxime-petit\/#primaryimage\"},\"thumbnailUrl\":\"https:\/\/charente.catholique.fr\/sud-charente\/wp-content\/uploads\/sites\/5\/2024\/06\/cornfield-8064976_1280.jpg\",\"datePublished\":\"2024-06-16T15:21:18+00:00\",\"dateModified\":\"2024-06-16T15:21:19+00:00\",\"breadcrumb\":{\"@id\":\"https:\/\/charente.catholique.fr\/sud-charente\/actualites\/homelie-du-16-juin-2024-par-le-p-maxime-petit\/#breadcrumb\"},\"inLanguage\":\"fr-FR\",\"potentialAction\":[{\"@type\":\"ReadAction\",\"target\":[\"https:\/\/charente.catholique.fr\/sud-charente\/actualites\/homelie-du-16-juin-2024-par-le-p-maxime-petit\/\"]}]},{\"@type\":\"ImageObject\",\"inLanguage\":\"fr-FR\",\"@id\":\"https:\/\/charente.catholique.fr\/sud-charente\/actualites\/homelie-du-16-juin-2024-par-le-p-maxime-petit\/#primaryimage\",\"url\":\"https:\/\/charente.catholique.fr\/sud-charente\/wp-content\/uploads\/sites\/5\/2024\/06\/cornfield-8064976_1280.jpg\",\"contentUrl\":\"https:\/\/charente.catholique.fr\/sud-charente\/wp-content\/uploads\/sites\/5\/2024\/06\/cornfield-8064976_1280.jpg\",\"width\":1280,\"height\":960},{\"@type\":\"BreadcrumbList\",\"@id\":\"https:\/\/charente.catholique.fr\/sud-charente\/actualites\/homelie-du-16-juin-2024-par-le-p-maxime-petit\/#breadcrumb\",\"itemListElement\":[{\"@type\":\"ListItem\",\"position\":1,\"name\":\"Accueil\",\"item\":\"https:\/\/charente.catholique.fr\/sud-charente\/\"},{\"@type\":\"ListItem\",\"position\":2,\"name\":\"Hom\u00e9lie du 16 juin 2024, par le P. Maxime Petit\"}]},{\"@type\":\"WebSite\",\"@id\":\"https:\/\/charente.catholique.fr\/sud-charente\/#website\",\"url\":\"https:\/\/charente.catholique.fr\/sud-charente\/\",\"name\":\"Doyenn\u00e9 Sud Charente - Dioc\u00e8se d'Angoul\u00eame\",\"description\":\"Dioc\u00e8se d&#039;Angoul\u00eame\",\"publisher\":{\"@id\":\"https:\/\/charente.catholique.fr\/sud-charente\/#organization\"},\"potentialAction\":[{\"@type\":\"SearchAction\",\"target\":{\"@type\":\"EntryPoint\",\"urlTemplate\":\"https:\/\/charente.catholique.fr\/sud-charente\/?s={search_term_string}\"},\"query-input\":{\"@type\":\"PropertyValueSpecification\",\"valueRequired\":true,\"valueName\":\"search_term_string\"}}],\"inLanguage\":\"fr-FR\"},{\"@type\":\"Organization\",\"@id\":\"https:\/\/charente.catholique.fr\/sud-charente\/#organization\",\"name\":\"Association dioc\u00e9saine d'Angoul\u00eame\",\"url\":\"https:\/\/charente.catholique.fr\/sud-charente\/\",\"logo\":{\"@type\":\"ImageObject\",\"inLanguage\":\"fr-FR\",\"@id\":\"https:\/\/charente.catholique.fr\/sud-charente\/#\/schema\/logo\/image\/\",\"url\":\"https:\/\/charente.catholique.fr\/sud-charente\/wp-content\/uploads\/sites\/5\/2020\/10\/logos.png\",\"contentUrl\":\"https:\/\/charente.catholique.fr\/sud-charente\/wp-content\/uploads\/sites\/5\/2020\/10\/logos.png\",\"width\":600,\"height\":257,\"caption\":\"Association dioc\u00e9saine d'Angoul\u00eame\"},\"image\":{\"@id\":\"https:\/\/charente.catholique.fr\/sud-charente\/#\/schema\/logo\/image\/\"},\"sameAs\":[\"https:\/\/www.facebook.com\/EgliseCatholiqueCharente\",\"https:\/\/x.com\/diocesecharente\",\"https:\/\/www.instagram.com\/eglisecharente\",\"https:\/\/www.youtube.com\/channel\/UCByyFWApZbw3gDTiADoiAaQ\"]},{\"@type\":\"Person\",\"@id\":\"https:\/\/charente.catholique.fr\/sud-charente\/#\/schema\/person\/ddcc6ba32a4484b49a276652de901387\",\"name\":\"Beno\u00eet\",\"image\":{\"@type\":\"ImageObject\",\"inLanguage\":\"fr-FR\",\"@id\":\"https:\/\/charente.catholique.fr\/sud-charente\/#\/schema\/person\/image\/\",\"url\":\"https:\/\/secure.gravatar.com\/avatar\/367de281020c81cafc6a2f9b79fef00a1981a890412ad8b09b11385575886666?s=96&d=mm&r=g\",\"contentUrl\":\"https:\/\/secure.gravatar.com\/avatar\/367de281020c81cafc6a2f9b79fef00a1981a890412ad8b09b11385575886666?s=96&d=mm&r=g\",\"caption\":\"Beno\u00eet\"},\"url\":\"https:\/\/charente.catholique.fr\/sud-charente\/author\/benoitlecomte\/\"}]}<\/script>\n<!-- \/ Yoast SEO plugin. -->","yoast_head_json":{"title":"Hom\u00e9lie du 16 juin 2024, par le P. Maxime Petit - Doyenn\u00e9 Sud Charente","robots":{"index":"index","follow":"follow","max-snippet":"max-snippet:-1","max-image-preview":"max-image-preview:large","max-video-preview":"max-video-preview:-1"},"canonical":"https:\/\/charente.catholique.fr\/sud-charente\/actualites\/homelie-du-16-juin-2024-par-le-p-maxime-petit\/","og_locale":"fr_FR","og_type":"article","og_title":"Hom\u00e9lie du 16 juin 2024, par le P. Maxime Petit - Doyenn\u00e9 Sud Charente","og_description":"Chers fr\u00e8res et s\u0153urs, Bien souvent, les pages d\u2019\u00e9vangile choisies par l\u2019Eglise pour les c\u00e9l\u00e9brations dominicales ont pour vocation de provoquer en nous un \u00e9lectrochoc. D\u2019ailleurs, ce n\u2019est pas seulement un choix de l\u2019Eglise, c\u2019est l\u2019\u00e9vangile lui-m\u00eame qui est majoritairement constitu\u00e9 d\u2019\u00e9pisodes qui frappent l\u2019oreille et le c\u0153ur. Dans bien des situations, J\u00e9sus cherche \u00e0 [&hellip;]","og_url":"https:\/\/charente.catholique.fr\/sud-charente\/actualites\/homelie-du-16-juin-2024-par-le-p-maxime-petit\/","og_site_name":"Doyenn\u00e9 Sud Charente","article_publisher":"https:\/\/www.facebook.com\/EgliseCatholiqueCharente","article_published_time":"2024-06-16T15:21:18+00:00","article_modified_time":"2024-06-16T15:21:19+00:00","og_image":[{"width":1280,"height":960,"url":"https:\/\/charente.catholique.fr\/sud-charente\/wp-content\/uploads\/sites\/5\/2024\/06\/cornfield-8064976_1280.jpg","type":"image\/jpeg"}],"author":"Beno\u00eet","twitter_card":"summary_large_image","twitter_creator":"@diocesecharente","twitter_site":"@diocesecharente","twitter_misc":{"\u00c9crit par":"Beno\u00eet","Dur\u00e9e de lecture estim\u00e9e":"6 minutes"},"schema":{"@context":"https:\/\/schema.org","@graph":[{"@type":"Article","@id":"https:\/\/charente.catholique.fr\/sud-charente\/actualites\/homelie-du-16-juin-2024-par-le-p-maxime-petit\/#article","isPartOf":{"@id":"https:\/\/charente.catholique.fr\/sud-charente\/actualites\/homelie-du-16-juin-2024-par-le-p-maxime-petit\/"},"author":{"name":"Beno\u00eet","@id":"https:\/\/charente.catholique.fr\/sud-charente\/#\/schema\/person\/ddcc6ba32a4484b49a276652de901387"},"headline":"Hom\u00e9lie du 16 juin 2024, par le P. Maxime Petit","datePublished":"2024-06-16T15:21:18+00:00","dateModified":"2024-06-16T15:21:19+00:00","mainEntityOfPage":{"@id":"https:\/\/charente.catholique.fr\/sud-charente\/actualites\/homelie-du-16-juin-2024-par-le-p-maxime-petit\/"},"wordCount":1310,"commentCount":0,"publisher":{"@id":"https:\/\/charente.catholique.fr\/sud-charente\/#organization"},"image":{"@id":"https:\/\/charente.catholique.fr\/sud-charente\/actualites\/homelie-du-16-juin-2024-par-le-p-maxime-petit\/#primaryimage"},"thumbnailUrl":"https:\/\/charente.catholique.fr\/sud-charente\/wp-content\/uploads\/sites\/5\/2024\/06\/cornfield-8064976_1280.jpg","articleSection":["Actualit\u00e9s","Chalais","Hom\u00e9lies"],"inLanguage":"fr-FR","potentialAction":[{"@type":"CommentAction","name":"Comment","target":["https:\/\/charente.catholique.fr\/sud-charente\/actualites\/homelie-du-16-juin-2024-par-le-p-maxime-petit\/#respond"]}]},{"@type":"WebPage","@id":"https:\/\/charente.catholique.fr\/sud-charente\/actualites\/homelie-du-16-juin-2024-par-le-p-maxime-petit\/","url":"https:\/\/charente.catholique.fr\/sud-charente\/actualites\/homelie-du-16-juin-2024-par-le-p-maxime-petit\/","name":"Hom\u00e9lie du 16 juin 2024, par le P. Maxime Petit - Doyenn\u00e9 Sud Charente","isPartOf":{"@id":"https:\/\/charente.catholique.fr\/sud-charente\/#website"},"primaryImageOfPage":{"@id":"https:\/\/charente.catholique.fr\/sud-charente\/actualites\/homelie-du-16-juin-2024-par-le-p-maxime-petit\/#primaryimage"},"image":{"@id":"https:\/\/charente.catholique.fr\/sud-charente\/actualites\/homelie-du-16-juin-2024-par-le-p-maxime-petit\/#primaryimage"},"thumbnailUrl":"https:\/\/charente.catholique.fr\/sud-charente\/wp-content\/uploads\/sites\/5\/2024\/06\/cornfield-8064976_1280.jpg","datePublished":"2024-06-16T15:21:18+00:00","dateModified":"2024-06-16T15:21:19+00:00","breadcrumb":{"@id":"https:\/\/charente.catholique.fr\/sud-charente\/actualites\/homelie-du-16-juin-2024-par-le-p-maxime-petit\/#breadcrumb"},"inLanguage":"fr-FR","potentialAction":[{"@type":"ReadAction","target":["https:\/\/charente.catholique.fr\/sud-charente\/actualites\/homelie-du-16-juin-2024-par-le-p-maxime-petit\/"]}]},{"@type":"ImageObject","inLanguage":"fr-FR","@id":"https:\/\/charente.catholique.fr\/sud-charente\/actualites\/homelie-du-16-juin-2024-par-le-p-maxime-petit\/#primaryimage","url":"https:\/\/charente.catholique.fr\/sud-charente\/wp-content\/uploads\/sites\/5\/2024\/06\/cornfield-8064976_1280.jpg","contentUrl":"https:\/\/charente.catholique.fr\/sud-charente\/wp-content\/uploads\/sites\/5\/2024\/06\/cornfield-8064976_1280.jpg","width":1280,"height":960},{"@type":"BreadcrumbList","@id":"https:\/\/charente.catholique.fr\/sud-charente\/actualites\/homelie-du-16-juin-2024-par-le-p-maxime-petit\/#breadcrumb","itemListElement":[{"@type":"ListItem","position":1,"name":"Accueil","item":"https:\/\/charente.catholique.fr\/sud-charente\/"},{"@type":"ListItem","position":2,"name":"Hom\u00e9lie du 16 juin 2024, par le P. Maxime Petit"}]},{"@type":"WebSite","@id":"https:\/\/charente.catholique.fr\/sud-charente\/#website","url":"https:\/\/charente.catholique.fr\/sud-charente\/","name":"Doyenn\u00e9 Sud Charente - Dioc\u00e8se d'Angoul\u00eame","description":"Dioc\u00e8se d&#039;Angoul\u00eame","publisher":{"@id":"https:\/\/charente.catholique.fr\/sud-charente\/#organization"},"potentialAction":[{"@type":"SearchAction","target":{"@type":"EntryPoint","urlTemplate":"https:\/\/charente.catholique.fr\/sud-charente\/?s={search_term_string}"},"query-input":{"@type":"PropertyValueSpecification","valueRequired":true,"valueName":"search_term_string"}}],"inLanguage":"fr-FR"},{"@type":"Organization","@id":"https:\/\/charente.catholique.fr\/sud-charente\/#organization","name":"Association dioc\u00e9saine d'Angoul\u00eame","url":"https:\/\/charente.catholique.fr\/sud-charente\/","logo":{"@type":"ImageObject","inLanguage":"fr-FR","@id":"https:\/\/charente.catholique.fr\/sud-charente\/#\/schema\/logo\/image\/","url":"https:\/\/charente.catholique.fr\/sud-charente\/wp-content\/uploads\/sites\/5\/2020\/10\/logos.png","contentUrl":"https:\/\/charente.catholique.fr\/sud-charente\/wp-content\/uploads\/sites\/5\/2020\/10\/logos.png","width":600,"height":257,"caption":"Association dioc\u00e9saine d'Angoul\u00eame"},"image":{"@id":"https:\/\/charente.catholique.fr\/sud-charente\/#\/schema\/logo\/image\/"},"sameAs":["https:\/\/www.facebook.com\/EgliseCatholiqueCharente","https:\/\/x.com\/diocesecharente","https:\/\/www.instagram.com\/eglisecharente","https:\/\/www.youtube.com\/channel\/UCByyFWApZbw3gDTiADoiAaQ"]},{"@type":"Person","@id":"https:\/\/charente.catholique.fr\/sud-charente\/#\/schema\/person\/ddcc6ba32a4484b49a276652de901387","name":"Beno\u00eet","image":{"@type":"ImageObject","inLanguage":"fr-FR","@id":"https:\/\/charente.catholique.fr\/sud-charente\/#\/schema\/person\/image\/","url":"https:\/\/secure.gravatar.com\/avatar\/367de281020c81cafc6a2f9b79fef00a1981a890412ad8b09b11385575886666?s=96&d=mm&r=g","contentUrl":"https:\/\/secure.gravatar.com\/avatar\/367de281020c81cafc6a2f9b79fef00a1981a890412ad8b09b11385575886666?s=96&d=mm&r=g","caption":"Beno\u00eet"},"url":"https:\/\/charente.catholique.fr\/sud-charente\/author\/benoitlecomte\/"}]}},"_links":{"self":[{"href":"https:\/\/charente.catholique.fr\/sud-charente\/wp-json\/wp\/v2\/posts\/8666","targetHints":{"allow":["GET"]}}],"collection":[{"href":"https:\/\/charente.catholique.fr\/sud-charente\/wp-json\/wp\/v2\/posts"}],"about":[{"href":"https:\/\/charente.catholique.fr\/sud-charente\/wp-json\/wp\/v2\/types\/post"}],"author":[{"embeddable":true,"href":"https:\/\/charente.catholique.fr\/sud-charente\/wp-json\/wp\/v2\/users\/4"}],"replies":[{"embeddable":true,"href":"https:\/\/charente.catholique.fr\/sud-charente\/wp-json\/wp\/v2\/comments?post=8666"}],"version-history":[{"count":1,"href":"https:\/\/charente.catholique.fr\/sud-charente\/wp-json\/wp\/v2\/posts\/8666\/revisions"}],"predecessor-version":[{"id":8668,"href":"https:\/\/charente.catholique.fr\/sud-charente\/wp-json\/wp\/v2\/posts\/8666\/revisions\/8668"}],"wp:featuredmedia":[{"embeddable":true,"href":"https:\/\/charente.catholique.fr\/sud-charente\/wp-json\/wp\/v2\/media\/8667"}],"wp:attachment":[{"href":"https:\/\/charente.catholique.fr\/sud-charente\/wp-json\/wp\/v2\/media?parent=8666"}],"wp:term":[{"taxonomy":"category","embeddable":true,"href":"https:\/\/charente.catholique.fr\/sud-charente\/wp-json\/wp\/v2\/categories?post=8666"},{"taxonomy":"post_tag","embeddable":true,"href":"https:\/\/charente.catholique.fr\/sud-charente\/wp-json\/wp\/v2\/tags?post=8666"}],"curies":[{"name":"wp","href":"https:\/\/api.w.org\/{rel}","templated":true}]}}