{"id":8353,"date":"2024-05-05T19:45:34","date_gmt":"2024-05-05T17:45:34","guid":{"rendered":"https:\/\/charente.catholique.fr\/sud-charente\/?p=8353"},"modified":"2024-05-08T16:03:29","modified_gmt":"2024-05-08T14:03:29","slug":"journee-de-preparation-a-la-premiere-communion","status":"publish","type":"post","link":"https:\/\/charente.catholique.fr\/sud-charente\/actualites\/journee-de-preparation-a-la-premiere-communion\/","title":{"rendered":"Journ\u00e9e de pr\u00e9paration \u00e0 la premi\u00e8re communion"},"content":{"rendered":"\n<p>Le samedi 4 mai 2024, les enfants de Barbezieux et Chalais ont pr\u00e9par\u00e9 leur premi\u00e8re communion au cours d&#8217;une journ\u00e9e o\u00f9 ils ont pu prier, chanter et r\u00e9fl\u00e9chir aux diff\u00e9rentes dimensions de l&#8217;eucharistie.<\/p>\n\n\n\n<p>Voici quelques \u00e9chos&#8230; en photos ! (Merci \u00e0 Jean-Charles pour la musique et pour les photos !)<\/p>\n\n\n\n<figure class=\"wp-block-gallery has-nested-images columns-default is-cropped wp-block-gallery-1 is-layout-flex wp-block-gallery-is-layout-flex\">\n<figure class=\"wp-block-image size-large\"><img loading=\"lazy\" decoding=\"async\" width=\"1434\" height=\"1080\" data-id=\"8358\" src=\"https:\/\/charente.catholique.fr\/sud-charente\/wp-content\/uploads\/sites\/5\/2024\/05\/image0000001-1434x1080.jpg\" alt=\"\" class=\"wp-image-8358\" srcset=\"https:\/\/charente.catholique.fr\/sud-charente\/wp-content\/uploads\/sites\/5\/2024\/05\/image0000001-1434x1080.jpg 1434w, https:\/\/charente.catholique.fr\/sud-charente\/wp-content\/uploads\/sites\/5\/2024\/05\/image0000001-300x226.jpg 300w, https:\/\/charente.catholique.fr\/sud-charente\/wp-content\/uploads\/sites\/5\/2024\/05\/image0000001-768x578.jpg 768w, https:\/\/charente.catholique.fr\/sud-charente\/wp-content\/uploads\/sites\/5\/2024\/05\/image0000001-1536x1157.jpg 1536w, https:\/\/charente.catholique.fr\/sud-charente\/wp-content\/uploads\/sites\/5\/2024\/05\/image0000001-1320x994.jpg 1320w, https:\/\/charente.catholique.fr\/sud-charente\/wp-content\/uploads\/sites\/5\/2024\/05\/image0000001.jpg 1599w\" sizes=\"auto, (max-width: 1434px) 100vw, 1434px\" \/><\/figure>\n\n\n\n<figure class=\"wp-block-image size-large\"><img loading=\"lazy\" decoding=\"async\" width=\"1434\" height=\"1080\" data-id=\"8359\" src=\"https:\/\/charente.catholique.fr\/sud-charente\/wp-content\/uploads\/sites\/5\/2024\/05\/image0000001_1-1434x1080.jpg\" alt=\"\" class=\"wp-image-8359\" srcset=\"https:\/\/charente.catholique.fr\/sud-charente\/wp-content\/uploads\/sites\/5\/2024\/05\/image0000001_1-1434x1080.jpg 1434w, https:\/\/charente.catholique.fr\/sud-charente\/wp-content\/uploads\/sites\/5\/2024\/05\/image0000001_1-300x226.jpg 300w, https:\/\/charente.catholique.fr\/sud-charente\/wp-content\/uploads\/sites\/5\/2024\/05\/image0000001_1-768x578.jpg 768w, https:\/\/charente.catholique.fr\/sud-charente\/wp-content\/uploads\/sites\/5\/2024\/05\/image0000001_1-1536x1157.jpg 1536w, https:\/\/charente.catholique.fr\/sud-charente\/wp-content\/uploads\/sites\/5\/2024\/05\/image0000001_1-1320x994.jpg 1320w, https:\/\/charente.catholique.fr\/sud-charente\/wp-content\/uploads\/sites\/5\/2024\/05\/image0000001_1.jpg 1599w\" sizes=\"auto, (max-width: 1434px) 100vw, 1434px\" \/><\/figure>\n\n\n\n<figure class=\"wp-block-image size-large\"><img loading=\"lazy\" decoding=\"async\" width=\"1434\" height=\"1080\" data-id=\"8355\" src=\"https:\/\/charente.catholique.fr\/sud-charente\/wp-content\/uploads\/sites\/5\/2024\/05\/image0000001_2-1434x1080.jpg\" alt=\"\" class=\"wp-image-8355\" srcset=\"https:\/\/charente.catholique.fr\/sud-charente\/wp-content\/uploads\/sites\/5\/2024\/05\/image0000001_2-1434x1080.jpg 1434w, https:\/\/charente.catholique.fr\/sud-charente\/wp-content\/uploads\/sites\/5\/2024\/05\/image0000001_2-300x226.jpg 300w, https:\/\/charente.catholique.fr\/sud-charente\/wp-content\/uploads\/sites\/5\/2024\/05\/image0000001_2-768x578.jpg 768w, https:\/\/charente.catholique.fr\/sud-charente\/wp-content\/uploads\/sites\/5\/2024\/05\/image0000001_2-1536x1157.jpg 1536w, https:\/\/charente.catholique.fr\/sud-charente\/wp-content\/uploads\/sites\/5\/2024\/05\/image0000001_2-1320x994.jpg 1320w, https:\/\/charente.catholique.fr\/sud-charente\/wp-content\/uploads\/sites\/5\/2024\/05\/image0000001_2.jpg 1599w\" sizes=\"auto, (max-width: 1434px) 100vw, 1434px\" \/><\/figure>\n\n\n\n<figure class=\"wp-block-image size-large\"><img loading=\"lazy\" decoding=\"async\" width=\"1434\" height=\"1080\" data-id=\"8357\" src=\"https:\/\/charente.catholique.fr\/sud-charente\/wp-content\/uploads\/sites\/5\/2024\/05\/image0000001_3-1434x1080.jpg\" alt=\"\" class=\"wp-image-8357\" srcset=\"https:\/\/charente.catholique.fr\/sud-charente\/wp-content\/uploads\/sites\/5\/2024\/05\/image0000001_3-1434x1080.jpg 1434w, https:\/\/charente.catholique.fr\/sud-charente\/wp-content\/uploads\/sites\/5\/2024\/05\/image0000001_3-300x226.jpg 300w, https:\/\/charente.catholique.fr\/sud-charente\/wp-content\/uploads\/sites\/5\/2024\/05\/image0000001_3-768x578.jpg 768w, https:\/\/charente.catholique.fr\/sud-charente\/wp-content\/uploads\/sites\/5\/2024\/05\/image0000001_3-1536x1157.jpg 1536w, https:\/\/charente.catholique.fr\/sud-charente\/wp-content\/uploads\/sites\/5\/2024\/05\/image0000001_3-1320x994.jpg 1320w, https:\/\/charente.catholique.fr\/sud-charente\/wp-content\/uploads\/sites\/5\/2024\/05\/image0000001_3.jpg 1599w\" sizes=\"auto, (max-width: 1434px) 100vw, 1434px\" \/><\/figure>\n\n\n\n<figure class=\"wp-block-image size-large\"><img loading=\"lazy\" decoding=\"async\" width=\"1434\" height=\"1080\" data-id=\"8356\" src=\"https:\/\/charente.catholique.fr\/sud-charente\/wp-content\/uploads\/sites\/5\/2024\/05\/image0000001_4-1434x1080.jpg\" alt=\"\" class=\"wp-image-8356\" srcset=\"https:\/\/charente.catholique.fr\/sud-charente\/wp-content\/uploads\/sites\/5\/2024\/05\/image0000001_4-1434x1080.jpg 1434w, https:\/\/charente.catholique.fr\/sud-charente\/wp-content\/uploads\/sites\/5\/2024\/05\/image0000001_4-300x226.jpg 300w, https:\/\/charente.catholique.fr\/sud-charente\/wp-content\/uploads\/sites\/5\/2024\/05\/image0000001_4-768x578.jpg 768w, https:\/\/charente.catholique.fr\/sud-charente\/wp-content\/uploads\/sites\/5\/2024\/05\/image0000001_4-1536x1157.jpg 1536w, https:\/\/charente.catholique.fr\/sud-charente\/wp-content\/uploads\/sites\/5\/2024\/05\/image0000001_4-1320x994.jpg 1320w, https:\/\/charente.catholique.fr\/sud-charente\/wp-content\/uploads\/sites\/5\/2024\/05\/image0000001_4.jpg 1599w\" sizes=\"auto, (max-width: 1434px) 100vw, 1434px\" \/><\/figure>\n\n\n\n<figure class=\"wp-block-image size-large\"><img loading=\"lazy\" decoding=\"async\" width=\"1434\" height=\"1080\" data-id=\"8354\" src=\"https:\/\/charente.catholique.fr\/sud-charente\/wp-content\/uploads\/sites\/5\/2024\/05\/image0000001_5-1434x1080.jpg\" alt=\"\" class=\"wp-image-8354\" srcset=\"https:\/\/charente.catholique.fr\/sud-charente\/wp-content\/uploads\/sites\/5\/2024\/05\/image0000001_5-1434x1080.jpg 1434w, https:\/\/charente.catholique.fr\/sud-charente\/wp-content\/uploads\/sites\/5\/2024\/05\/image0000001_5-300x226.jpg 300w, https:\/\/charente.catholique.fr\/sud-charente\/wp-content\/uploads\/sites\/5\/2024\/05\/image0000001_5-768x578.jpg 768w, https:\/\/charente.catholique.fr\/sud-charente\/wp-content\/uploads\/sites\/5\/2024\/05\/image0000001_5-1536x1157.jpg 1536w, https:\/\/charente.catholique.fr\/sud-charente\/wp-content\/uploads\/sites\/5\/2024\/05\/image0000001_5-1320x994.jpg 1320w, https:\/\/charente.catholique.fr\/sud-charente\/wp-content\/uploads\/sites\/5\/2024\/05\/image0000001_5.jpg 1599w\" sizes=\"auto, (max-width: 1434px) 100vw, 1434px\" \/><\/figure>\n\n\n\n<figure class=\"wp-block-image size-large\"><img loading=\"lazy\" decoding=\"async\" width=\"1440\" height=\"1080\" data-id=\"8361\" src=\"https:\/\/charente.catholique.fr\/sud-charente\/wp-content\/uploads\/sites\/5\/2024\/05\/IMG_2098-1440x1080.jpg\" alt=\"\" class=\"wp-image-8361\" srcset=\"https:\/\/charente.catholique.fr\/sud-charente\/wp-content\/uploads\/sites\/5\/2024\/05\/IMG_2098-1440x1080.jpg 1440w, https:\/\/charente.catholique.fr\/sud-charente\/wp-content\/uploads\/sites\/5\/2024\/05\/IMG_2098-300x225.jpg 300w, https:\/\/charente.catholique.fr\/sud-charente\/wp-content\/uploads\/sites\/5\/2024\/05\/IMG_2098-768x576.jpg 768w, https:\/\/charente.catholique.fr\/sud-charente\/wp-content\/uploads\/sites\/5\/2024\/05\/IMG_2098-1536x1152.jpg 1536w, https:\/\/charente.catholique.fr\/sud-charente\/wp-content\/uploads\/sites\/5\/2024\/05\/IMG_2098-2048x1536.jpg 2048w, https:\/\/charente.catholique.fr\/sud-charente\/wp-content\/uploads\/sites\/5\/2024\/05\/IMG_2098-1320x990.jpg 1320w\" sizes=\"auto, (max-width: 1440px) 100vw, 1440px\" \/><\/figure>\n\n\n\n<figure class=\"wp-block-image size-large\"><img loading=\"lazy\" decoding=\"async\" width=\"810\" height=\"1080\" data-id=\"8363\" src=\"https:\/\/charente.catholique.fr\/sud-charente\/wp-content\/uploads\/sites\/5\/2024\/05\/IMG_2099-810x1080.jpg\" alt=\"\" class=\"wp-image-8363\" srcset=\"https:\/\/charente.catholique.fr\/sud-charente\/wp-content\/uploads\/sites\/5\/2024\/05\/IMG_2099-810x1080.jpg 810w, https:\/\/charente.catholique.fr\/sud-charente\/wp-content\/uploads\/sites\/5\/2024\/05\/IMG_2099-225x300.jpg 225w, https:\/\/charente.catholique.fr\/sud-charente\/wp-content\/uploads\/sites\/5\/2024\/05\/IMG_2099-768x1024.jpg 768w, https:\/\/charente.catholique.fr\/sud-charente\/wp-content\/uploads\/sites\/5\/2024\/05\/IMG_2099-1152x1536.jpg 1152w, https:\/\/charente.catholique.fr\/sud-charente\/wp-content\/uploads\/sites\/5\/2024\/05\/IMG_2099-1536x2048.jpg 1536w, https:\/\/charente.catholique.fr\/sud-charente\/wp-content\/uploads\/sites\/5\/2024\/05\/IMG_2099-1320x1760.jpg 1320w, https:\/\/charente.catholique.fr\/sud-charente\/wp-content\/uploads\/sites\/5\/2024\/05\/IMG_2099-scaled.jpg 1920w\" sizes=\"auto, (max-width: 810px) 100vw, 810px\" \/><\/figure>\n\n\n\n<figure class=\"wp-block-image size-large\"><img loading=\"lazy\" decoding=\"async\" width=\"810\" height=\"1080\" data-id=\"8365\" src=\"https:\/\/charente.catholique.fr\/sud-charente\/wp-content\/uploads\/sites\/5\/2024\/05\/IMG_2100-810x1080.jpg\" alt=\"\" class=\"wp-image-8365\" srcset=\"https:\/\/charente.catholique.fr\/sud-charente\/wp-content\/uploads\/sites\/5\/2024\/05\/IMG_2100-810x1080.jpg 810w, https:\/\/charente.catholique.fr\/sud-charente\/wp-content\/uploads\/sites\/5\/2024\/05\/IMG_2100-225x300.jpg 225w, https:\/\/charente.catholique.fr\/sud-charente\/wp-content\/uploads\/sites\/5\/2024\/05\/IMG_2100-768x1024.jpg 768w, https:\/\/charente.catholique.fr\/sud-charente\/wp-content\/uploads\/sites\/5\/2024\/05\/IMG_2100-1152x1536.jpg 1152w, https:\/\/charente.catholique.fr\/sud-charente\/wp-content\/uploads\/sites\/5\/2024\/05\/IMG_2100-1536x2048.jpg 1536w, https:\/\/charente.catholique.fr\/sud-charente\/wp-content\/uploads\/sites\/5\/2024\/05\/IMG_2100-1320x1760.jpg 1320w, https:\/\/charente.catholique.fr\/sud-charente\/wp-content\/uploads\/sites\/5\/2024\/05\/IMG_2100-scaled.jpg 1920w\" sizes=\"auto, (max-width: 810px) 100vw, 810px\" \/><\/figure>\n\n\n\n<figure class=\"wp-block-image size-large\"><img loading=\"lazy\" decoding=\"async\" width=\"810\" height=\"1080\" data-id=\"8360\" src=\"https:\/\/charente.catholique.fr\/sud-charente\/wp-content\/uploads\/sites\/5\/2024\/05\/IMG_2102-810x1080.jpg\" alt=\"\" class=\"wp-image-8360\" srcset=\"https:\/\/charente.catholique.fr\/sud-charente\/wp-content\/uploads\/sites\/5\/2024\/05\/IMG_2102-810x1080.jpg 810w, https:\/\/charente.catholique.fr\/sud-charente\/wp-content\/uploads\/sites\/5\/2024\/05\/IMG_2102-225x300.jpg 225w, https:\/\/charente.catholique.fr\/sud-charente\/wp-content\/uploads\/sites\/5\/2024\/05\/IMG_2102-768x1024.jpg 768w, https:\/\/charente.catholique.fr\/sud-charente\/wp-content\/uploads\/sites\/5\/2024\/05\/IMG_2102-1152x1536.jpg 1152w, https:\/\/charente.catholique.fr\/sud-charente\/wp-content\/uploads\/sites\/5\/2024\/05\/IMG_2102-1536x2048.jpg 1536w, https:\/\/charente.catholique.fr\/sud-charente\/wp-content\/uploads\/sites\/5\/2024\/05\/IMG_2102-1320x1760.jpg 1320w, https:\/\/charente.catholique.fr\/sud-charente\/wp-content\/uploads\/sites\/5\/2024\/05\/IMG_2102-scaled.jpg 1920w\" sizes=\"auto, (max-width: 810px) 100vw, 810px\" \/><\/figure>\n\n\n\n<figure class=\"wp-block-image size-large\"><img loading=\"lazy\" decoding=\"async\" width=\"810\" height=\"1080\" data-id=\"8364\" src=\"https:\/\/charente.catholique.fr\/sud-charente\/wp-content\/uploads\/sites\/5\/2024\/05\/IMG_2103-810x1080.jpg\" alt=\"\" class=\"wp-image-8364\" srcset=\"https:\/\/charente.catholique.fr\/sud-charente\/wp-content\/uploads\/sites\/5\/2024\/05\/IMG_2103-810x1080.jpg 810w, https:\/\/charente.catholique.fr\/sud-charente\/wp-content\/uploads\/sites\/5\/2024\/05\/IMG_2103-225x300.jpg 225w, https:\/\/charente.catholique.fr\/sud-charente\/wp-content\/uploads\/sites\/5\/2024\/05\/IMG_2103-768x1024.jpg 768w, https:\/\/charente.catholique.fr\/sud-charente\/wp-content\/uploads\/sites\/5\/2024\/05\/IMG_2103-1152x1536.jpg 1152w, https:\/\/charente.catholique.fr\/sud-charente\/wp-content\/uploads\/sites\/5\/2024\/05\/IMG_2103-1536x2048.jpg 1536w, https:\/\/charente.catholique.fr\/sud-charente\/wp-content\/uploads\/sites\/5\/2024\/05\/IMG_2103-1320x1760.jpg 1320w, https:\/\/charente.catholique.fr\/sud-charente\/wp-content\/uploads\/sites\/5\/2024\/05\/IMG_2103-scaled.jpg 1920w\" sizes=\"auto, (max-width: 810px) 100vw, 810px\" \/><\/figure>\n\n\n\n<figure class=\"wp-block-image size-large\"><img loading=\"lazy\" decoding=\"async\" width=\"810\" height=\"1080\" data-id=\"8362\" src=\"https:\/\/charente.catholique.fr\/sud-charente\/wp-content\/uploads\/sites\/5\/2024\/05\/IMG_2104-810x1080.jpg\" alt=\"\" class=\"wp-image-8362\" srcset=\"https:\/\/charente.catholique.fr\/sud-charente\/wp-content\/uploads\/sites\/5\/2024\/05\/IMG_2104-810x1080.jpg 810w, https:\/\/charente.catholique.fr\/sud-charente\/wp-content\/uploads\/sites\/5\/2024\/05\/IMG_2104-225x300.jpg 225w, https:\/\/charente.catholique.fr\/sud-charente\/wp-content\/uploads\/sites\/5\/2024\/05\/IMG_2104-768x1024.jpg 768w, https:\/\/charente.catholique.fr\/sud-charente\/wp-content\/uploads\/sites\/5\/2024\/05\/IMG_2104-1152x1536.jpg 1152w, https:\/\/charente.catholique.fr\/sud-charente\/wp-content\/uploads\/sites\/5\/2024\/05\/IMG_2104-1536x2048.jpg 1536w, https:\/\/charente.catholique.fr\/sud-charente\/wp-content\/uploads\/sites\/5\/2024\/05\/IMG_2104-1320x1760.jpg 1320w, https:\/\/charente.catholique.fr\/sud-charente\/wp-content\/uploads\/sites\/5\/2024\/05\/IMG_2104-scaled.jpg 1920w\" sizes=\"auto, (max-width: 810px) 100vw, 810px\" \/><\/figure>\n<\/figure>\n\n\n\n<figure class=\"wp-block-gallery has-nested-images columns-default is-cropped wp-block-gallery-2 is-layout-flex wp-block-gallery-is-layout-flex\">\n<figure class=\"wp-block-image size-large\"><img loading=\"lazy\" decoding=\"async\" width=\"1440\" height=\"1080\" data-id=\"8403\" src=\"https:\/\/charente.catholique.fr\/sud-charente\/wp-content\/uploads\/sites\/5\/2024\/05\/WhatsApp-Image-2024-05-07-at-12.02.26-1-1440x1080.jpeg\" alt=\"\" class=\"wp-image-8403\" srcset=\"https:\/\/charente.catholique.fr\/sud-charente\/wp-content\/uploads\/sites\/5\/2024\/05\/WhatsApp-Image-2024-05-07-at-12.02.26-1-1440x1080.jpeg 1440w, https:\/\/charente.catholique.fr\/sud-charente\/wp-content\/uploads\/sites\/5\/2024\/05\/WhatsApp-Image-2024-05-07-at-12.02.26-1-300x225.jpeg 300w, https:\/\/charente.catholique.fr\/sud-charente\/wp-content\/uploads\/sites\/5\/2024\/05\/WhatsApp-Image-2024-05-07-at-12.02.26-1-768x576.jpeg 768w, https:\/\/charente.catholique.fr\/sud-charente\/wp-content\/uploads\/sites\/5\/2024\/05\/WhatsApp-Image-2024-05-07-at-12.02.26-1-1536x1152.jpeg 1536w, https:\/\/charente.catholique.fr\/sud-charente\/wp-content\/uploads\/sites\/5\/2024\/05\/WhatsApp-Image-2024-05-07-at-12.02.26-1-1320x990.jpeg 1320w, https:\/\/charente.catholique.fr\/sud-charente\/wp-content\/uploads\/sites\/5\/2024\/05\/WhatsApp-Image-2024-05-07-at-12.02.26-1.jpeg 1600w\" sizes=\"auto, (max-width: 1440px) 100vw, 1440px\" \/><\/figure>\n\n\n\n<figure class=\"wp-block-image size-large\"><img loading=\"lazy\" decoding=\"async\" width=\"1440\" height=\"1080\" data-id=\"8412\" src=\"https:\/\/charente.catholique.fr\/sud-charente\/wp-content\/uploads\/sites\/5\/2024\/05\/WhatsApp-Image-2024-05-07-at-12.02.26-2-1440x1080.jpeg\" alt=\"\" class=\"wp-image-8412\" srcset=\"https:\/\/charente.catholique.fr\/sud-charente\/wp-content\/uploads\/sites\/5\/2024\/05\/WhatsApp-Image-2024-05-07-at-12.02.26-2-1440x1080.jpeg 1440w, https:\/\/charente.catholique.fr\/sud-charente\/wp-content\/uploads\/sites\/5\/2024\/05\/WhatsApp-Image-2024-05-07-at-12.02.26-2-300x225.jpeg 300w, https:\/\/charente.catholique.fr\/sud-charente\/wp-content\/uploads\/sites\/5\/2024\/05\/WhatsApp-Image-2024-05-07-at-12.02.26-2-768x576.jpeg 768w, https:\/\/charente.catholique.fr\/sud-charente\/wp-content\/uploads\/sites\/5\/2024\/05\/WhatsApp-Image-2024-05-07-at-12.02.26-2-1536x1152.jpeg 1536w, https:\/\/charente.catholique.fr\/sud-charente\/wp-content\/uploads\/sites\/5\/2024\/05\/WhatsApp-Image-2024-05-07-at-12.02.26-2-1320x990.jpeg 1320w, https:\/\/charente.catholique.fr\/sud-charente\/wp-content\/uploads\/sites\/5\/2024\/05\/WhatsApp-Image-2024-05-07-at-12.02.26-2.jpeg 1600w\" sizes=\"auto, (max-width: 1440px) 100vw, 1440px\" \/><\/figure>\n\n\n\n<figure class=\"wp-block-image size-large\"><img loading=\"lazy\" decoding=\"async\" width=\"1440\" height=\"1080\" data-id=\"8404\" src=\"https:\/\/charente.catholique.fr\/sud-charente\/wp-content\/uploads\/sites\/5\/2024\/05\/WhatsApp-Image-2024-05-07-at-12.02.27-1-1440x1080.jpeg\" alt=\"\" class=\"wp-image-8404\" srcset=\"https:\/\/charente.catholique.fr\/sud-charente\/wp-content\/uploads\/sites\/5\/2024\/05\/WhatsApp-Image-2024-05-07-at-12.02.27-1-1440x1080.jpeg 1440w, https:\/\/charente.catholique.fr\/sud-charente\/wp-content\/uploads\/sites\/5\/2024\/05\/WhatsApp-Image-2024-05-07-at-12.02.27-1-300x225.jpeg 300w, https:\/\/charente.catholique.fr\/sud-charente\/wp-content\/uploads\/sites\/5\/2024\/05\/WhatsApp-Image-2024-05-07-at-12.02.27-1-768x576.jpeg 768w, https:\/\/charente.catholique.fr\/sud-charente\/wp-content\/uploads\/sites\/5\/2024\/05\/WhatsApp-Image-2024-05-07-at-12.02.27-1-1536x1152.jpeg 1536w, https:\/\/charente.catholique.fr\/sud-charente\/wp-content\/uploads\/sites\/5\/2024\/05\/WhatsApp-Image-2024-05-07-at-12.02.27-1-1320x990.jpeg 1320w, https:\/\/charente.catholique.fr\/sud-charente\/wp-content\/uploads\/sites\/5\/2024\/05\/WhatsApp-Image-2024-05-07-at-12.02.27-1.jpeg 1600w\" sizes=\"auto, (max-width: 1440px) 100vw, 1440px\" \/><\/figure>\n\n\n\n<figure class=\"wp-block-image size-large\"><img loading=\"lazy\" decoding=\"async\" width=\"1440\" height=\"1080\" data-id=\"8406\" src=\"https:\/\/charente.catholique.fr\/sud-charente\/wp-content\/uploads\/sites\/5\/2024\/05\/WhatsApp-Image-2024-05-07-at-12.02.27-3-1440x1080.jpeg\" alt=\"\" class=\"wp-image-8406\" srcset=\"https:\/\/charente.catholique.fr\/sud-charente\/wp-content\/uploads\/sites\/5\/2024\/05\/WhatsApp-Image-2024-05-07-at-12.02.27-3-1440x1080.jpeg 1440w, https:\/\/charente.catholique.fr\/sud-charente\/wp-content\/uploads\/sites\/5\/2024\/05\/WhatsApp-Image-2024-05-07-at-12.02.27-3-300x225.jpeg 300w, https:\/\/charente.catholique.fr\/sud-charente\/wp-content\/uploads\/sites\/5\/2024\/05\/WhatsApp-Image-2024-05-07-at-12.02.27-3-768x576.jpeg 768w, https:\/\/charente.catholique.fr\/sud-charente\/wp-content\/uploads\/sites\/5\/2024\/05\/WhatsApp-Image-2024-05-07-at-12.02.27-3-1536x1152.jpeg 1536w, https:\/\/charente.catholique.fr\/sud-charente\/wp-content\/uploads\/sites\/5\/2024\/05\/WhatsApp-Image-2024-05-07-at-12.02.27-3-1320x990.jpeg 1320w, https:\/\/charente.catholique.fr\/sud-charente\/wp-content\/uploads\/sites\/5\/2024\/05\/WhatsApp-Image-2024-05-07-at-12.02.27-3.jpeg 1600w\" sizes=\"auto, (max-width: 1440px) 100vw, 1440px\" \/><\/figure>\n\n\n\n<figure class=\"wp-block-image size-large\"><img loading=\"lazy\" decoding=\"async\" width=\"1440\" height=\"1080\" data-id=\"8407\" src=\"https:\/\/charente.catholique.fr\/sud-charente\/wp-content\/uploads\/sites\/5\/2024\/05\/WhatsApp-Image-2024-05-07-at-12.02.27-6-1440x1080.jpeg\" alt=\"\" class=\"wp-image-8407\" srcset=\"https:\/\/charente.catholique.fr\/sud-charente\/wp-content\/uploads\/sites\/5\/2024\/05\/WhatsApp-Image-2024-05-07-at-12.02.27-6-1440x1080.jpeg 1440w, https:\/\/charente.catholique.fr\/sud-charente\/wp-content\/uploads\/sites\/5\/2024\/05\/WhatsApp-Image-2024-05-07-at-12.02.27-6-300x225.jpeg 300w, https:\/\/charente.catholique.fr\/sud-charente\/wp-content\/uploads\/sites\/5\/2024\/05\/WhatsApp-Image-2024-05-07-at-12.02.27-6-768x576.jpeg 768w, https:\/\/charente.catholique.fr\/sud-charente\/wp-content\/uploads\/sites\/5\/2024\/05\/WhatsApp-Image-2024-05-07-at-12.02.27-6-1536x1152.jpeg 1536w, https:\/\/charente.catholique.fr\/sud-charente\/wp-content\/uploads\/sites\/5\/2024\/05\/WhatsApp-Image-2024-05-07-at-12.02.27-6-1320x990.jpeg 1320w, https:\/\/charente.catholique.fr\/sud-charente\/wp-content\/uploads\/sites\/5\/2024\/05\/WhatsApp-Image-2024-05-07-at-12.02.27-6.jpeg 1600w\" sizes=\"auto, (max-width: 1440px) 100vw, 1440px\" \/><\/figure>\n\n\n\n<figure class=\"wp-block-image size-large\"><img loading=\"lazy\" decoding=\"async\" width=\"1440\" height=\"1080\" data-id=\"8409\" src=\"https:\/\/charente.catholique.fr\/sud-charente\/wp-content\/uploads\/sites\/5\/2024\/05\/WhatsApp-Image-2024-05-07-at-12.02.27-1440x1080.jpeg\" alt=\"\" class=\"wp-image-8409\" srcset=\"https:\/\/charente.catholique.fr\/sud-charente\/wp-content\/uploads\/sites\/5\/2024\/05\/WhatsApp-Image-2024-05-07-at-12.02.27-1440x1080.jpeg 1440w, https:\/\/charente.catholique.fr\/sud-charente\/wp-content\/uploads\/sites\/5\/2024\/05\/WhatsApp-Image-2024-05-07-at-12.02.27-300x225.jpeg 300w, https:\/\/charente.catholique.fr\/sud-charente\/wp-content\/uploads\/sites\/5\/2024\/05\/WhatsApp-Image-2024-05-07-at-12.02.27-768x576.jpeg 768w, https:\/\/charente.catholique.fr\/sud-charente\/wp-content\/uploads\/sites\/5\/2024\/05\/WhatsApp-Image-2024-05-07-at-12.02.27-1536x1152.jpeg 1536w, https:\/\/charente.catholique.fr\/sud-charente\/wp-content\/uploads\/sites\/5\/2024\/05\/WhatsApp-Image-2024-05-07-at-12.02.27-1320x990.jpeg 1320w, https:\/\/charente.catholique.fr\/sud-charente\/wp-content\/uploads\/sites\/5\/2024\/05\/WhatsApp-Image-2024-05-07-at-12.02.27.jpeg 1600w\" sizes=\"auto, (max-width: 1440px) 100vw, 1440px\" \/><\/figure>\n\n\n\n<figure class=\"wp-block-image size-large\"><img loading=\"lazy\" decoding=\"async\" width=\"810\" height=\"1080\" data-id=\"8415\" src=\"https:\/\/charente.catholique.fr\/sud-charente\/wp-content\/uploads\/sites\/5\/2024\/05\/WhatsApp-Image-2024-05-07-at-12.02.28-1-810x1080.jpeg\" alt=\"\" class=\"wp-image-8415\" srcset=\"https:\/\/charente.catholique.fr\/sud-charente\/wp-content\/uploads\/sites\/5\/2024\/05\/WhatsApp-Image-2024-05-07-at-12.02.28-1-810x1080.jpeg 810w, https:\/\/charente.catholique.fr\/sud-charente\/wp-content\/uploads\/sites\/5\/2024\/05\/WhatsApp-Image-2024-05-07-at-12.02.28-1-225x300.jpeg 225w, https:\/\/charente.catholique.fr\/sud-charente\/wp-content\/uploads\/sites\/5\/2024\/05\/WhatsApp-Image-2024-05-07-at-12.02.28-1-768x1024.jpeg 768w, https:\/\/charente.catholique.fr\/sud-charente\/wp-content\/uploads\/sites\/5\/2024\/05\/WhatsApp-Image-2024-05-07-at-12.02.28-1-1152x1536.jpeg 1152w, https:\/\/charente.catholique.fr\/sud-charente\/wp-content\/uploads\/sites\/5\/2024\/05\/WhatsApp-Image-2024-05-07-at-12.02.28-1.jpeg 1200w\" sizes=\"auto, (max-width: 810px) 100vw, 810px\" \/><\/figure>\n\n\n\n<figure class=\"wp-block-image size-large\"><img loading=\"lazy\" decoding=\"async\" width=\"810\" height=\"1080\" data-id=\"8419\" src=\"https:\/\/charente.catholique.fr\/sud-charente\/wp-content\/uploads\/sites\/5\/2024\/05\/WhatsApp-Image-2024-05-07-at-12.02.28-2-810x1080.jpeg\" alt=\"\" class=\"wp-image-8419\" srcset=\"https:\/\/charente.catholique.fr\/sud-charente\/wp-content\/uploads\/sites\/5\/2024\/05\/WhatsApp-Image-2024-05-07-at-12.02.28-2-810x1080.jpeg 810w, https:\/\/charente.catholique.fr\/sud-charente\/wp-content\/uploads\/sites\/5\/2024\/05\/WhatsApp-Image-2024-05-07-at-12.02.28-2-225x300.jpeg 225w, https:\/\/charente.catholique.fr\/sud-charente\/wp-content\/uploads\/sites\/5\/2024\/05\/WhatsApp-Image-2024-05-07-at-12.02.28-2-768x1024.jpeg 768w, https:\/\/charente.catholique.fr\/sud-charente\/wp-content\/uploads\/sites\/5\/2024\/05\/WhatsApp-Image-2024-05-07-at-12.02.28-2-1152x1536.jpeg 1152w, https:\/\/charente.catholique.fr\/sud-charente\/wp-content\/uploads\/sites\/5\/2024\/05\/WhatsApp-Image-2024-05-07-at-12.02.28-2.jpeg 1200w\" sizes=\"auto, (max-width: 810px) 100vw, 810px\" \/><\/figure>\n\n\n\n<figure class=\"wp-block-image size-large\"><img loading=\"lazy\" decoding=\"async\" width=\"810\" height=\"1080\" data-id=\"8410\" src=\"https:\/\/charente.catholique.fr\/sud-charente\/wp-content\/uploads\/sites\/5\/2024\/05\/WhatsApp-Image-2024-05-07-at-12.02.28-810x1080.jpeg\" alt=\"\" class=\"wp-image-8410\" srcset=\"https:\/\/charente.catholique.fr\/sud-charente\/wp-content\/uploads\/sites\/5\/2024\/05\/WhatsApp-Image-2024-05-07-at-12.02.28-810x1080.jpeg 810w, https:\/\/charente.catholique.fr\/sud-charente\/wp-content\/uploads\/sites\/5\/2024\/05\/WhatsApp-Image-2024-05-07-at-12.02.28-225x300.jpeg 225w, https:\/\/charente.catholique.fr\/sud-charente\/wp-content\/uploads\/sites\/5\/2024\/05\/WhatsApp-Image-2024-05-07-at-12.02.28-768x1024.jpeg 768w, https:\/\/charente.catholique.fr\/sud-charente\/wp-content\/uploads\/sites\/5\/2024\/05\/WhatsApp-Image-2024-05-07-at-12.02.28-1152x1536.jpeg 1152w, https:\/\/charente.catholique.fr\/sud-charente\/wp-content\/uploads\/sites\/5\/2024\/05\/WhatsApp-Image-2024-05-07-at-12.02.28.jpeg 1200w\" sizes=\"auto, (max-width: 810px) 100vw, 810px\" \/><\/figure>\n\n\n\n<figure class=\"wp-block-image size-large\"><img loading=\"lazy\" decoding=\"async\" width=\"1434\" height=\"1080\" data-id=\"8408\" src=\"https:\/\/charente.catholique.fr\/sud-charente\/wp-content\/uploads\/sites\/5\/2024\/05\/WhatsApp-Image-2024-05-07-at-12.05.20-2-1434x1080.jpeg\" alt=\"\" class=\"wp-image-8408\" srcset=\"https:\/\/charente.catholique.fr\/sud-charente\/wp-content\/uploads\/sites\/5\/2024\/05\/WhatsApp-Image-2024-05-07-at-12.05.20-2-1434x1080.jpeg 1434w, https:\/\/charente.catholique.fr\/sud-charente\/wp-content\/uploads\/sites\/5\/2024\/05\/WhatsApp-Image-2024-05-07-at-12.05.20-2-300x226.jpeg 300w, https:\/\/charente.catholique.fr\/sud-charente\/wp-content\/uploads\/sites\/5\/2024\/05\/WhatsApp-Image-2024-05-07-at-12.05.20-2-768x578.jpeg 768w, https:\/\/charente.catholique.fr\/sud-charente\/wp-content\/uploads\/sites\/5\/2024\/05\/WhatsApp-Image-2024-05-07-at-12.05.20-2-1536x1157.jpeg 1536w, https:\/\/charente.catholique.fr\/sud-charente\/wp-content\/uploads\/sites\/5\/2024\/05\/WhatsApp-Image-2024-05-07-at-12.05.20-2-1320x994.jpeg 1320w, https:\/\/charente.catholique.fr\/sud-charente\/wp-content\/uploads\/sites\/5\/2024\/05\/WhatsApp-Image-2024-05-07-at-12.05.20-2.jpeg 1599w\" sizes=\"auto, (max-width: 1434px) 100vw, 1434px\" \/><\/figure>\n\n\n\n<figure class=\"wp-block-image size-large\"><img loading=\"lazy\" decoding=\"async\" width=\"1434\" height=\"1080\" data-id=\"8418\" src=\"https:\/\/charente.catholique.fr\/sud-charente\/wp-content\/uploads\/sites\/5\/2024\/05\/WhatsApp-Image-2024-05-07-at-12.05.20-1434x1080.jpeg\" alt=\"\" class=\"wp-image-8418\" srcset=\"https:\/\/charente.catholique.fr\/sud-charente\/wp-content\/uploads\/sites\/5\/2024\/05\/WhatsApp-Image-2024-05-07-at-12.05.20-1434x1080.jpeg 1434w, https:\/\/charente.catholique.fr\/sud-charente\/wp-content\/uploads\/sites\/5\/2024\/05\/WhatsApp-Image-2024-05-07-at-12.05.20-300x226.jpeg 300w, https:\/\/charente.catholique.fr\/sud-charente\/wp-content\/uploads\/sites\/5\/2024\/05\/WhatsApp-Image-2024-05-07-at-12.05.20-768x578.jpeg 768w, https:\/\/charente.catholique.fr\/sud-charente\/wp-content\/uploads\/sites\/5\/2024\/05\/WhatsApp-Image-2024-05-07-at-12.05.20-1536x1157.jpeg 1536w, https:\/\/charente.catholique.fr\/sud-charente\/wp-content\/uploads\/sites\/5\/2024\/05\/WhatsApp-Image-2024-05-07-at-12.05.20-1320x994.jpeg 1320w, https:\/\/charente.catholique.fr\/sud-charente\/wp-content\/uploads\/sites\/5\/2024\/05\/WhatsApp-Image-2024-05-07-at-12.05.20.jpeg 1599w\" sizes=\"auto, (max-width: 1434px) 100vw, 1434px\" \/><\/figure>\n\n\n\n<figure class=\"wp-block-image size-large\"><img loading=\"lazy\" decoding=\"async\" width=\"1434\" height=\"1080\" data-id=\"8411\" src=\"https:\/\/charente.catholique.fr\/sud-charente\/wp-content\/uploads\/sites\/5\/2024\/05\/WhatsApp-Image-2024-05-07-at-12.05.21-2-1434x1080.jpeg\" alt=\"\" class=\"wp-image-8411\" srcset=\"https:\/\/charente.catholique.fr\/sud-charente\/wp-content\/uploads\/sites\/5\/2024\/05\/WhatsApp-Image-2024-05-07-at-12.05.21-2-1434x1080.jpeg 1434w, https:\/\/charente.catholique.fr\/sud-charente\/wp-content\/uploads\/sites\/5\/2024\/05\/WhatsApp-Image-2024-05-07-at-12.05.21-2-300x226.jpeg 300w, https:\/\/charente.catholique.fr\/sud-charente\/wp-content\/uploads\/sites\/5\/2024\/05\/WhatsApp-Image-2024-05-07-at-12.05.21-2-768x578.jpeg 768w, https:\/\/charente.catholique.fr\/sud-charente\/wp-content\/uploads\/sites\/5\/2024\/05\/WhatsApp-Image-2024-05-07-at-12.05.21-2-1536x1157.jpeg 1536w, https:\/\/charente.catholique.fr\/sud-charente\/wp-content\/uploads\/sites\/5\/2024\/05\/WhatsApp-Image-2024-05-07-at-12.05.21-2-1320x994.jpeg 1320w, https:\/\/charente.catholique.fr\/sud-charente\/wp-content\/uploads\/sites\/5\/2024\/05\/WhatsApp-Image-2024-05-07-at-12.05.21-2.jpeg 1599w\" sizes=\"auto, (max-width: 1434px) 100vw, 1434px\" \/><\/figure>\n\n\n\n<figure class=\"wp-block-image size-large\"><img loading=\"lazy\" decoding=\"async\" width=\"1434\" height=\"1080\" data-id=\"8414\" src=\"https:\/\/charente.catholique.fr\/sud-charente\/wp-content\/uploads\/sites\/5\/2024\/05\/WhatsApp-Image-2024-05-07-at-12.05.21-3-1434x1080.jpeg\" alt=\"\" class=\"wp-image-8414\" srcset=\"https:\/\/charente.catholique.fr\/sud-charente\/wp-content\/uploads\/sites\/5\/2024\/05\/WhatsApp-Image-2024-05-07-at-12.05.21-3-1434x1080.jpeg 1434w, https:\/\/charente.catholique.fr\/sud-charente\/wp-content\/uploads\/sites\/5\/2024\/05\/WhatsApp-Image-2024-05-07-at-12.05.21-3-300x226.jpeg 300w, https:\/\/charente.catholique.fr\/sud-charente\/wp-content\/uploads\/sites\/5\/2024\/05\/WhatsApp-Image-2024-05-07-at-12.05.21-3-768x578.jpeg 768w, https:\/\/charente.catholique.fr\/sud-charente\/wp-content\/uploads\/sites\/5\/2024\/05\/WhatsApp-Image-2024-05-07-at-12.05.21-3-1536x1157.jpeg 1536w, https:\/\/charente.catholique.fr\/sud-charente\/wp-content\/uploads\/sites\/5\/2024\/05\/WhatsApp-Image-2024-05-07-at-12.05.21-3-1320x994.jpeg 1320w, https:\/\/charente.catholique.fr\/sud-charente\/wp-content\/uploads\/sites\/5\/2024\/05\/WhatsApp-Image-2024-05-07-at-12.05.21-3.jpeg 1599w\" sizes=\"auto, (max-width: 1434px) 100vw, 1434px\" \/><\/figure>\n\n\n\n<figure class=\"wp-block-image size-large\"><img loading=\"lazy\" decoding=\"async\" width=\"1434\" height=\"1080\" data-id=\"8416\" src=\"https:\/\/charente.catholique.fr\/sud-charente\/wp-content\/uploads\/sites\/5\/2024\/05\/WhatsApp-Image-2024-05-07-at-12.05.21-1434x1080.jpeg\" alt=\"\" class=\"wp-image-8416\" srcset=\"https:\/\/charente.catholique.fr\/sud-charente\/wp-content\/uploads\/sites\/5\/2024\/05\/WhatsApp-Image-2024-05-07-at-12.05.21-1434x1080.jpeg 1434w, https:\/\/charente.catholique.fr\/sud-charente\/wp-content\/uploads\/sites\/5\/2024\/05\/WhatsApp-Image-2024-05-07-at-12.05.21-300x226.jpeg 300w, https:\/\/charente.catholique.fr\/sud-charente\/wp-content\/uploads\/sites\/5\/2024\/05\/WhatsApp-Image-2024-05-07-at-12.05.21-768x578.jpeg 768w, https:\/\/charente.catholique.fr\/sud-charente\/wp-content\/uploads\/sites\/5\/2024\/05\/WhatsApp-Image-2024-05-07-at-12.05.21-1536x1157.jpeg 1536w, https:\/\/charente.catholique.fr\/sud-charente\/wp-content\/uploads\/sites\/5\/2024\/05\/WhatsApp-Image-2024-05-07-at-12.05.21-1320x994.jpeg 1320w, https:\/\/charente.catholique.fr\/sud-charente\/wp-content\/uploads\/sites\/5\/2024\/05\/WhatsApp-Image-2024-05-07-at-12.05.21.jpeg 1599w\" sizes=\"auto, (max-width: 1434px) 100vw, 1434px\" \/><\/figure>\n\n\n\n<figure class=\"wp-block-image size-large\"><img loading=\"lazy\" decoding=\"async\" width=\"1434\" height=\"1080\" data-id=\"8417\" src=\"https:\/\/charente.catholique.fr\/sud-charente\/wp-content\/uploads\/sites\/5\/2024\/05\/WhatsApp-Image-2024-05-07-at-12.05.22-1-1434x1080.jpeg\" alt=\"\" class=\"wp-image-8417\" srcset=\"https:\/\/charente.catholique.fr\/sud-charente\/wp-content\/uploads\/sites\/5\/2024\/05\/WhatsApp-Image-2024-05-07-at-12.05.22-1-1434x1080.jpeg 1434w, https:\/\/charente.catholique.fr\/sud-charente\/wp-content\/uploads\/sites\/5\/2024\/05\/WhatsApp-Image-2024-05-07-at-12.05.22-1-300x226.jpeg 300w, https:\/\/charente.catholique.fr\/sud-charente\/wp-content\/uploads\/sites\/5\/2024\/05\/WhatsApp-Image-2024-05-07-at-12.05.22-1-768x578.jpeg 768w, https:\/\/charente.catholique.fr\/sud-charente\/wp-content\/uploads\/sites\/5\/2024\/05\/WhatsApp-Image-2024-05-07-at-12.05.22-1-1536x1157.jpeg 1536w, https:\/\/charente.catholique.fr\/sud-charente\/wp-content\/uploads\/sites\/5\/2024\/05\/WhatsApp-Image-2024-05-07-at-12.05.22-1-1320x994.jpeg 1320w, https:\/\/charente.catholique.fr\/sud-charente\/wp-content\/uploads\/sites\/5\/2024\/05\/WhatsApp-Image-2024-05-07-at-12.05.22-1.jpeg 1599w\" sizes=\"auto, (max-width: 1434px) 100vw, 1434px\" \/><\/figure>\n\n\n\n<figure class=\"wp-block-image size-large\"><img loading=\"lazy\" decoding=\"async\" width=\"1434\" height=\"1080\" data-id=\"8405\" src=\"https:\/\/charente.catholique.fr\/sud-charente\/wp-content\/uploads\/sites\/5\/2024\/05\/WhatsApp-Image-2024-05-07-at-12.05.22-2-1434x1080.jpeg\" alt=\"\" class=\"wp-image-8405\" srcset=\"https:\/\/charente.catholique.fr\/sud-charente\/wp-content\/uploads\/sites\/5\/2024\/05\/WhatsApp-Image-2024-05-07-at-12.05.22-2-1434x1080.jpeg 1434w, https:\/\/charente.catholique.fr\/sud-charente\/wp-content\/uploads\/sites\/5\/2024\/05\/WhatsApp-Image-2024-05-07-at-12.05.22-2-300x226.jpeg 300w, https:\/\/charente.catholique.fr\/sud-charente\/wp-content\/uploads\/sites\/5\/2024\/05\/WhatsApp-Image-2024-05-07-at-12.05.22-2-768x578.jpeg 768w, https:\/\/charente.catholique.fr\/sud-charente\/wp-content\/uploads\/sites\/5\/2024\/05\/WhatsApp-Image-2024-05-07-at-12.05.22-2-1536x1157.jpeg 1536w, https:\/\/charente.catholique.fr\/sud-charente\/wp-content\/uploads\/sites\/5\/2024\/05\/WhatsApp-Image-2024-05-07-at-12.05.22-2-1320x994.jpeg 1320w, https:\/\/charente.catholique.fr\/sud-charente\/wp-content\/uploads\/sites\/5\/2024\/05\/WhatsApp-Image-2024-05-07-at-12.05.22-2.jpeg 1599w\" sizes=\"auto, (max-width: 1434px) 100vw, 1434px\" \/><\/figure>\n\n\n\n<figure class=\"wp-block-image size-large\"><img loading=\"lazy\" decoding=\"async\" width=\"1434\" height=\"1080\" data-id=\"8413\" src=\"https:\/\/charente.catholique.fr\/sud-charente\/wp-content\/uploads\/sites\/5\/2024\/05\/WhatsApp-Image-2024-05-07-at-12.05.22-1434x1080.jpeg\" alt=\"\" class=\"wp-image-8413\" srcset=\"https:\/\/charente.catholique.fr\/sud-charente\/wp-content\/uploads\/sites\/5\/2024\/05\/WhatsApp-Image-2024-05-07-at-12.05.22-1434x1080.jpeg 1434w, https:\/\/charente.catholique.fr\/sud-charente\/wp-content\/uploads\/sites\/5\/2024\/05\/WhatsApp-Image-2024-05-07-at-12.05.22-300x226.jpeg 300w, https:\/\/charente.catholique.fr\/sud-charente\/wp-content\/uploads\/sites\/5\/2024\/05\/WhatsApp-Image-2024-05-07-at-12.05.22-768x578.jpeg 768w, https:\/\/charente.catholique.fr\/sud-charente\/wp-content\/uploads\/sites\/5\/2024\/05\/WhatsApp-Image-2024-05-07-at-12.05.22-1536x1157.jpeg 1536w, https:\/\/charente.catholique.fr\/sud-charente\/wp-content\/uploads\/sites\/5\/2024\/05\/WhatsApp-Image-2024-05-07-at-12.05.22-1320x994.jpeg 1320w, https:\/\/charente.catholique.fr\/sud-charente\/wp-content\/uploads\/sites\/5\/2024\/05\/WhatsApp-Image-2024-05-07-at-12.05.22.jpeg 1599w\" sizes=\"auto, (max-width: 1434px) 100vw, 1434px\" \/><\/figure>\n<\/figure>\n","protected":false},"excerpt":{"rendered":"<p>Le samedi 4 mai 2024, les enfants de Barbezieux et Chalais ont pr\u00e9par\u00e9 leur premi\u00e8re communion au cours d&#8217;une journ\u00e9e o\u00f9 ils ont pu prier, chanter et r\u00e9fl\u00e9chir aux diff\u00e9rentes dimensions de l&#8217;eucharistie. Voici quelques \u00e9chos&#8230; en photos ! (Merci \u00e0 Jean-Charles pour la musique et pour les photos !)<\/p>\n","protected":false},"author":4,"featured_media":8364,"comment_status":"open","ping_status":"open","sticky":false,"template":"","format":"standard","meta":{"_acf_changed":false,"paroisse":["15"],"service":["0"],"footnotes":""},"categories":[1,4,5,12,14],"tags":[],"class_list":["post-8353","post","type-post","status-publish","format-standard","has-post-thumbnail","hentry","category-actualites","category-barbezieux","category-cate","category-chalais","category-infos-paroissiales","validated"],"acf":[],"yoast_head":"<!-- This site is optimized with the Yoast SEO plugin v27.1.1 - https:\/\/yoast.com\/product\/yoast-seo-wordpress\/ -->\n<title>Journ\u00e9e de pr\u00e9paration \u00e0 la premi\u00e8re communion - Doyenn\u00e9 Sud Charente<\/title>\n<meta name=\"robots\" content=\"index, follow, max-snippet:-1, max-image-preview:large, max-video-preview:-1\" \/>\n<link rel=\"canonical\" href=\"https:\/\/charente.catholique.fr\/sud-charente\/actualites\/journee-de-preparation-a-la-premiere-communion\/\" \/>\n<meta property=\"og:locale\" content=\"fr_FR\" \/>\n<meta property=\"og:type\" content=\"article\" \/>\n<meta property=\"og:title\" content=\"Journ\u00e9e de pr\u00e9paration \u00e0 la premi\u00e8re communion - Doyenn\u00e9 Sud Charente\" \/>\n<meta property=\"og:description\" content=\"Le samedi 4 mai 2024, les enfants de Barbezieux et Chalais ont pr\u00e9par\u00e9 leur premi\u00e8re communion au cours d&#8217;une journ\u00e9e o\u00f9 ils ont pu prier, chanter et r\u00e9fl\u00e9chir aux diff\u00e9rentes dimensions de l&#8217;eucharistie. Voici quelques \u00e9chos&#8230; en photos ! (Merci \u00e0 Jean-Charles pour la musique et pour les photos !)\" \/>\n<meta property=\"og:url\" content=\"https:\/\/charente.catholique.fr\/sud-charente\/actualites\/journee-de-preparation-a-la-premiere-communion\/\" \/>\n<meta property=\"og:site_name\" content=\"Doyenn\u00e9 Sud Charente\" \/>\n<meta property=\"article:publisher\" content=\"https:\/\/www.facebook.com\/EgliseCatholiqueCharente\" \/>\n<meta property=\"article:published_time\" content=\"2024-05-05T17:45:34+00:00\" \/>\n<meta property=\"article:modified_time\" content=\"2024-05-08T14:03:29+00:00\" \/>\n<meta property=\"og:image\" content=\"https:\/\/charente.catholique.fr\/sud-charente\/wp-content\/uploads\/sites\/5\/2024\/05\/IMG_2103-scaled.jpg\" \/>\n\t<meta property=\"og:image:width\" content=\"1920\" \/>\n\t<meta property=\"og:image:height\" content=\"2560\" \/>\n\t<meta property=\"og:image:type\" content=\"image\/jpeg\" \/>\n<meta name=\"author\" content=\"Beno\u00eet\" \/>\n<meta name=\"twitter:card\" content=\"summary_large_image\" \/>\n<meta name=\"twitter:creator\" content=\"@diocesecharente\" \/>\n<meta name=\"twitter:site\" content=\"@diocesecharente\" \/>\n<meta name=\"twitter:label1\" content=\"\u00c9crit par\" \/>\n\t<meta name=\"twitter:data1\" content=\"Beno\u00eet\" \/>\n\t<meta name=\"twitter:label2\" content=\"Dur\u00e9e de lecture estim\u00e9e\" \/>\n\t<meta name=\"twitter:data2\" content=\"7 minutes\" \/>\n<script type=\"application\/ld+json\" class=\"yoast-schema-graph\">{\"@context\":\"https:\/\/schema.org\",\"@graph\":[{\"@type\":\"Article\",\"@id\":\"https:\/\/charente.catholique.fr\/sud-charente\/actualites\/journee-de-preparation-a-la-premiere-communion\/#article\",\"isPartOf\":{\"@id\":\"https:\/\/charente.catholique.fr\/sud-charente\/actualites\/journee-de-preparation-a-la-premiere-communion\/\"},\"author\":{\"name\":\"Beno\u00eet\",\"@id\":\"https:\/\/charente.catholique.fr\/sud-charente\/#\/schema\/person\/ddcc6ba32a4484b49a276652de901387\"},\"headline\":\"Journ\u00e9e de pr\u00e9paration \u00e0 la premi\u00e8re communion\",\"datePublished\":\"2024-05-05T17:45:34+00:00\",\"dateModified\":\"2024-05-08T14:03:29+00:00\",\"mainEntityOfPage\":{\"@id\":\"https:\/\/charente.catholique.fr\/sud-charente\/actualites\/journee-de-preparation-a-la-premiere-communion\/\"},\"wordCount\":62,\"commentCount\":0,\"publisher\":{\"@id\":\"https:\/\/charente.catholique.fr\/sud-charente\/#organization\"},\"image\":{\"@id\":\"https:\/\/charente.catholique.fr\/sud-charente\/actualites\/journee-de-preparation-a-la-premiere-communion\/#primaryimage\"},\"thumbnailUrl\":\"https:\/\/charente.catholique.fr\/sud-charente\/wp-content\/uploads\/sites\/5\/2024\/05\/IMG_2103-scaled.jpg\",\"articleSection\":[\"Actualit\u00e9s\",\"Barbezieux\",\"Cat\u00e9\",\"Chalais\",\"Infos paroissiales\"],\"inLanguage\":\"fr-FR\",\"potentialAction\":[{\"@type\":\"CommentAction\",\"name\":\"Comment\",\"target\":[\"https:\/\/charente.catholique.fr\/sud-charente\/actualites\/journee-de-preparation-a-la-premiere-communion\/#respond\"]}]},{\"@type\":\"WebPage\",\"@id\":\"https:\/\/charente.catholique.fr\/sud-charente\/actualites\/journee-de-preparation-a-la-premiere-communion\/\",\"url\":\"https:\/\/charente.catholique.fr\/sud-charente\/actualites\/journee-de-preparation-a-la-premiere-communion\/\",\"name\":\"Journ\u00e9e de pr\u00e9paration \u00e0 la premi\u00e8re communion - Doyenn\u00e9 Sud Charente\",\"isPartOf\":{\"@id\":\"https:\/\/charente.catholique.fr\/sud-charente\/#website\"},\"primaryImageOfPage\":{\"@id\":\"https:\/\/charente.catholique.fr\/sud-charente\/actualites\/journee-de-preparation-a-la-premiere-communion\/#primaryimage\"},\"image\":{\"@id\":\"https:\/\/charente.catholique.fr\/sud-charente\/actualites\/journee-de-preparation-a-la-premiere-communion\/#primaryimage\"},\"thumbnailUrl\":\"https:\/\/charente.catholique.fr\/sud-charente\/wp-content\/uploads\/sites\/5\/2024\/05\/IMG_2103-scaled.jpg\",\"datePublished\":\"2024-05-05T17:45:34+00:00\",\"dateModified\":\"2024-05-08T14:03:29+00:00\",\"breadcrumb\":{\"@id\":\"https:\/\/charente.catholique.fr\/sud-charente\/actualites\/journee-de-preparation-a-la-premiere-communion\/#breadcrumb\"},\"inLanguage\":\"fr-FR\",\"potentialAction\":[{\"@type\":\"ReadAction\",\"target\":[\"https:\/\/charente.catholique.fr\/sud-charente\/actualites\/journee-de-preparation-a-la-premiere-communion\/\"]}]},{\"@type\":\"ImageObject\",\"inLanguage\":\"fr-FR\",\"@id\":\"https:\/\/charente.catholique.fr\/sud-charente\/actualites\/journee-de-preparation-a-la-premiere-communion\/#primaryimage\",\"url\":\"https:\/\/charente.catholique.fr\/sud-charente\/wp-content\/uploads\/sites\/5\/2024\/05\/IMG_2103-scaled.jpg\",\"contentUrl\":\"https:\/\/charente.catholique.fr\/sud-charente\/wp-content\/uploads\/sites\/5\/2024\/05\/IMG_2103-scaled.jpg\",\"width\":1920,\"height\":2560},{\"@type\":\"BreadcrumbList\",\"@id\":\"https:\/\/charente.catholique.fr\/sud-charente\/actualites\/journee-de-preparation-a-la-premiere-communion\/#breadcrumb\",\"itemListElement\":[{\"@type\":\"ListItem\",\"position\":1,\"name\":\"Accueil\",\"item\":\"https:\/\/charente.catholique.fr\/sud-charente\/\"},{\"@type\":\"ListItem\",\"position\":2,\"name\":\"Journ\u00e9e de pr\u00e9paration \u00e0 la premi\u00e8re communion\"}]},{\"@type\":\"WebSite\",\"@id\":\"https:\/\/charente.catholique.fr\/sud-charente\/#website\",\"url\":\"https:\/\/charente.catholique.fr\/sud-charente\/\",\"name\":\"Doyenn\u00e9 Sud Charente - Dioc\u00e8se d'Angoul\u00eame\",\"description\":\"Dioc\u00e8se d&#039;Angoul\u00eame\",\"publisher\":{\"@id\":\"https:\/\/charente.catholique.fr\/sud-charente\/#organization\"},\"potentialAction\":[{\"@type\":\"SearchAction\",\"target\":{\"@type\":\"EntryPoint\",\"urlTemplate\":\"https:\/\/charente.catholique.fr\/sud-charente\/?s={search_term_string}\"},\"query-input\":{\"@type\":\"PropertyValueSpecification\",\"valueRequired\":true,\"valueName\":\"search_term_string\"}}],\"inLanguage\":\"fr-FR\"},{\"@type\":\"Organization\",\"@id\":\"https:\/\/charente.catholique.fr\/sud-charente\/#organization\",\"name\":\"Association dioc\u00e9saine d'Angoul\u00eame\",\"url\":\"https:\/\/charente.catholique.fr\/sud-charente\/\",\"logo\":{\"@type\":\"ImageObject\",\"inLanguage\":\"fr-FR\",\"@id\":\"https:\/\/charente.catholique.fr\/sud-charente\/#\/schema\/logo\/image\/\",\"url\":\"https:\/\/charente.catholique.fr\/sud-charente\/wp-content\/uploads\/sites\/5\/2020\/10\/logos.png\",\"contentUrl\":\"https:\/\/charente.catholique.fr\/sud-charente\/wp-content\/uploads\/sites\/5\/2020\/10\/logos.png\",\"width\":600,\"height\":257,\"caption\":\"Association dioc\u00e9saine d'Angoul\u00eame\"},\"image\":{\"@id\":\"https:\/\/charente.catholique.fr\/sud-charente\/#\/schema\/logo\/image\/\"},\"sameAs\":[\"https:\/\/www.facebook.com\/EgliseCatholiqueCharente\",\"https:\/\/x.com\/diocesecharente\",\"https:\/\/www.instagram.com\/eglisecharente\",\"https:\/\/www.youtube.com\/channel\/UCByyFWApZbw3gDTiADoiAaQ\"]},{\"@type\":\"Person\",\"@id\":\"https:\/\/charente.catholique.fr\/sud-charente\/#\/schema\/person\/ddcc6ba32a4484b49a276652de901387\",\"name\":\"Beno\u00eet\",\"image\":{\"@type\":\"ImageObject\",\"inLanguage\":\"fr-FR\",\"@id\":\"https:\/\/charente.catholique.fr\/sud-charente\/#\/schema\/person\/image\/\",\"url\":\"https:\/\/secure.gravatar.com\/avatar\/367de281020c81cafc6a2f9b79fef00a1981a890412ad8b09b11385575886666?s=96&d=mm&r=g\",\"contentUrl\":\"https:\/\/secure.gravatar.com\/avatar\/367de281020c81cafc6a2f9b79fef00a1981a890412ad8b09b11385575886666?s=96&d=mm&r=g\",\"caption\":\"Beno\u00eet\"},\"url\":\"https:\/\/charente.catholique.fr\/sud-charente\/author\/benoitlecomte\/\"}]}<\/script>\n<!-- \/ Yoast SEO plugin. -->","yoast_head_json":{"title":"Journ\u00e9e de pr\u00e9paration \u00e0 la premi\u00e8re communion - Doyenn\u00e9 Sud Charente","robots":{"index":"index","follow":"follow","max-snippet":"max-snippet:-1","max-image-preview":"max-image-preview:large","max-video-preview":"max-video-preview:-1"},"canonical":"https:\/\/charente.catholique.fr\/sud-charente\/actualites\/journee-de-preparation-a-la-premiere-communion\/","og_locale":"fr_FR","og_type":"article","og_title":"Journ\u00e9e de pr\u00e9paration \u00e0 la premi\u00e8re communion - Doyenn\u00e9 Sud Charente","og_description":"Le samedi 4 mai 2024, les enfants de Barbezieux et Chalais ont pr\u00e9par\u00e9 leur premi\u00e8re communion au cours d&#8217;une journ\u00e9e o\u00f9 ils ont pu prier, chanter et r\u00e9fl\u00e9chir aux diff\u00e9rentes dimensions de l&#8217;eucharistie. Voici quelques \u00e9chos&#8230; en photos ! (Merci \u00e0 Jean-Charles pour la musique et pour les photos !)","og_url":"https:\/\/charente.catholique.fr\/sud-charente\/actualites\/journee-de-preparation-a-la-premiere-communion\/","og_site_name":"Doyenn\u00e9 Sud Charente","article_publisher":"https:\/\/www.facebook.com\/EgliseCatholiqueCharente","article_published_time":"2024-05-05T17:45:34+00:00","article_modified_time":"2024-05-08T14:03:29+00:00","og_image":[{"width":1920,"height":2560,"url":"https:\/\/charente.catholique.fr\/sud-charente\/wp-content\/uploads\/sites\/5\/2024\/05\/IMG_2103-scaled.jpg","type":"image\/jpeg"}],"author":"Beno\u00eet","twitter_card":"summary_large_image","twitter_creator":"@diocesecharente","twitter_site":"@diocesecharente","twitter_misc":{"\u00c9crit par":"Beno\u00eet","Dur\u00e9e de lecture estim\u00e9e":"7 minutes"},"schema":{"@context":"https:\/\/schema.org","@graph":[{"@type":"Article","@id":"https:\/\/charente.catholique.fr\/sud-charente\/actualites\/journee-de-preparation-a-la-premiere-communion\/#article","isPartOf":{"@id":"https:\/\/charente.catholique.fr\/sud-charente\/actualites\/journee-de-preparation-a-la-premiere-communion\/"},"author":{"name":"Beno\u00eet","@id":"https:\/\/charente.catholique.fr\/sud-charente\/#\/schema\/person\/ddcc6ba32a4484b49a276652de901387"},"headline":"Journ\u00e9e de pr\u00e9paration \u00e0 la premi\u00e8re communion","datePublished":"2024-05-05T17:45:34+00:00","dateModified":"2024-05-08T14:03:29+00:00","mainEntityOfPage":{"@id":"https:\/\/charente.catholique.fr\/sud-charente\/actualites\/journee-de-preparation-a-la-premiere-communion\/"},"wordCount":62,"commentCount":0,"publisher":{"@id":"https:\/\/charente.catholique.fr\/sud-charente\/#organization"},"image":{"@id":"https:\/\/charente.catholique.fr\/sud-charente\/actualites\/journee-de-preparation-a-la-premiere-communion\/#primaryimage"},"thumbnailUrl":"https:\/\/charente.catholique.fr\/sud-charente\/wp-content\/uploads\/sites\/5\/2024\/05\/IMG_2103-scaled.jpg","articleSection":["Actualit\u00e9s","Barbezieux","Cat\u00e9","Chalais","Infos paroissiales"],"inLanguage":"fr-FR","potentialAction":[{"@type":"CommentAction","name":"Comment","target":["https:\/\/charente.catholique.fr\/sud-charente\/actualites\/journee-de-preparation-a-la-premiere-communion\/#respond"]}]},{"@type":"WebPage","@id":"https:\/\/charente.catholique.fr\/sud-charente\/actualites\/journee-de-preparation-a-la-premiere-communion\/","url":"https:\/\/charente.catholique.fr\/sud-charente\/actualites\/journee-de-preparation-a-la-premiere-communion\/","name":"Journ\u00e9e de pr\u00e9paration \u00e0 la premi\u00e8re communion - Doyenn\u00e9 Sud Charente","isPartOf":{"@id":"https:\/\/charente.catholique.fr\/sud-charente\/#website"},"primaryImageOfPage":{"@id":"https:\/\/charente.catholique.fr\/sud-charente\/actualites\/journee-de-preparation-a-la-premiere-communion\/#primaryimage"},"image":{"@id":"https:\/\/charente.catholique.fr\/sud-charente\/actualites\/journee-de-preparation-a-la-premiere-communion\/#primaryimage"},"thumbnailUrl":"https:\/\/charente.catholique.fr\/sud-charente\/wp-content\/uploads\/sites\/5\/2024\/05\/IMG_2103-scaled.jpg","datePublished":"2024-05-05T17:45:34+00:00","dateModified":"2024-05-08T14:03:29+00:00","breadcrumb":{"@id":"https:\/\/charente.catholique.fr\/sud-charente\/actualites\/journee-de-preparation-a-la-premiere-communion\/#breadcrumb"},"inLanguage":"fr-FR","potentialAction":[{"@type":"ReadAction","target":["https:\/\/charente.catholique.fr\/sud-charente\/actualites\/journee-de-preparation-a-la-premiere-communion\/"]}]},{"@type":"ImageObject","inLanguage":"fr-FR","@id":"https:\/\/charente.catholique.fr\/sud-charente\/actualites\/journee-de-preparation-a-la-premiere-communion\/#primaryimage","url":"https:\/\/charente.catholique.fr\/sud-charente\/wp-content\/uploads\/sites\/5\/2024\/05\/IMG_2103-scaled.jpg","contentUrl":"https:\/\/charente.catholique.fr\/sud-charente\/wp-content\/uploads\/sites\/5\/2024\/05\/IMG_2103-scaled.jpg","width":1920,"height":2560},{"@type":"BreadcrumbList","@id":"https:\/\/charente.catholique.fr\/sud-charente\/actualites\/journee-de-preparation-a-la-premiere-communion\/#breadcrumb","itemListElement":[{"@type":"ListItem","position":1,"name":"Accueil","item":"https:\/\/charente.catholique.fr\/sud-charente\/"},{"@type":"ListItem","position":2,"name":"Journ\u00e9e de pr\u00e9paration \u00e0 la premi\u00e8re communion"}]},{"@type":"WebSite","@id":"https:\/\/charente.catholique.fr\/sud-charente\/#website","url":"https:\/\/charente.catholique.fr\/sud-charente\/","name":"Doyenn\u00e9 Sud Charente - Dioc\u00e8se d'Angoul\u00eame","description":"Dioc\u00e8se d&#039;Angoul\u00eame","publisher":{"@id":"https:\/\/charente.catholique.fr\/sud-charente\/#organization"},"potentialAction":[{"@type":"SearchAction","target":{"@type":"EntryPoint","urlTemplate":"https:\/\/charente.catholique.fr\/sud-charente\/?s={search_term_string}"},"query-input":{"@type":"PropertyValueSpecification","valueRequired":true,"valueName":"search_term_string"}}],"inLanguage":"fr-FR"},{"@type":"Organization","@id":"https:\/\/charente.catholique.fr\/sud-charente\/#organization","name":"Association dioc\u00e9saine d'Angoul\u00eame","url":"https:\/\/charente.catholique.fr\/sud-charente\/","logo":{"@type":"ImageObject","inLanguage":"fr-FR","@id":"https:\/\/charente.catholique.fr\/sud-charente\/#\/schema\/logo\/image\/","url":"https:\/\/charente.catholique.fr\/sud-charente\/wp-content\/uploads\/sites\/5\/2020\/10\/logos.png","contentUrl":"https:\/\/charente.catholique.fr\/sud-charente\/wp-content\/uploads\/sites\/5\/2020\/10\/logos.png","width":600,"height":257,"caption":"Association dioc\u00e9saine d'Angoul\u00eame"},"image":{"@id":"https:\/\/charente.catholique.fr\/sud-charente\/#\/schema\/logo\/image\/"},"sameAs":["https:\/\/www.facebook.com\/EgliseCatholiqueCharente","https:\/\/x.com\/diocesecharente","https:\/\/www.instagram.com\/eglisecharente","https:\/\/www.youtube.com\/channel\/UCByyFWApZbw3gDTiADoiAaQ"]},{"@type":"Person","@id":"https:\/\/charente.catholique.fr\/sud-charente\/#\/schema\/person\/ddcc6ba32a4484b49a276652de901387","name":"Beno\u00eet","image":{"@type":"ImageObject","inLanguage":"fr-FR","@id":"https:\/\/charente.catholique.fr\/sud-charente\/#\/schema\/person\/image\/","url":"https:\/\/secure.gravatar.com\/avatar\/367de281020c81cafc6a2f9b79fef00a1981a890412ad8b09b11385575886666?s=96&d=mm&r=g","contentUrl":"https:\/\/secure.gravatar.com\/avatar\/367de281020c81cafc6a2f9b79fef00a1981a890412ad8b09b11385575886666?s=96&d=mm&r=g","caption":"Beno\u00eet"},"url":"https:\/\/charente.catholique.fr\/sud-charente\/author\/benoitlecomte\/"}]}},"_links":{"self":[{"href":"https:\/\/charente.catholique.fr\/sud-charente\/wp-json\/wp\/v2\/posts\/8353","targetHints":{"allow":["GET"]}}],"collection":[{"href":"https:\/\/charente.catholique.fr\/sud-charente\/wp-json\/wp\/v2\/posts"}],"about":[{"href":"https:\/\/charente.catholique.fr\/sud-charente\/wp-json\/wp\/v2\/types\/post"}],"author":[{"embeddable":true,"href":"https:\/\/charente.catholique.fr\/sud-charente\/wp-json\/wp\/v2\/users\/4"}],"replies":[{"embeddable":true,"href":"https:\/\/charente.catholique.fr\/sud-charente\/wp-json\/wp\/v2\/comments?post=8353"}],"version-history":[{"count":2,"href":"https:\/\/charente.catholique.fr\/sud-charente\/wp-json\/wp\/v2\/posts\/8353\/revisions"}],"predecessor-version":[{"id":8420,"href":"https:\/\/charente.catholique.fr\/sud-charente\/wp-json\/wp\/v2\/posts\/8353\/revisions\/8420"}],"wp:featuredmedia":[{"embeddable":true,"href":"https:\/\/charente.catholique.fr\/sud-charente\/wp-json\/wp\/v2\/media\/8364"}],"wp:attachment":[{"href":"https:\/\/charente.catholique.fr\/sud-charente\/wp-json\/wp\/v2\/media?parent=8353"}],"wp:term":[{"taxonomy":"category","embeddable":true,"href":"https:\/\/charente.catholique.fr\/sud-charente\/wp-json\/wp\/v2\/categories?post=8353"},{"taxonomy":"post_tag","embeddable":true,"href":"https:\/\/charente.catholique.fr\/sud-charente\/wp-json\/wp\/v2\/tags?post=8353"}],"curies":[{"name":"wp","href":"https:\/\/api.w.org\/{rel}","templated":true}]}}