{"id":7982,"date":"2024-03-17T21:12:12","date_gmt":"2024-03-17T20:12:12","guid":{"rendered":"https:\/\/charente.catholique.fr\/sud-charente\/?p=7982"},"modified":"2024-03-17T21:19:56","modified_gmt":"2024-03-17T20:19:56","slug":"photos-de-la-balade-familiale-priante-du-17-mars-2024","status":"publish","type":"post","link":"https:\/\/charente.catholique.fr\/sud-charente\/actualites\/photos-de-la-balade-familiale-priante-du-17-mars-2024\/","title":{"rendered":"Photos de la balade familiale priante du 17 mars 2024"},"content":{"rendered":"\n<p>Une vingtaine de personnes ont profit\u00e9 de la balade familiale priante ce 17 mars 2024, de Montchaude \u00e0 Saint Mathurin<\/p>\n\n\n\n<figure class=\"wp-block-gallery has-nested-images columns-default is-cropped wp-block-gallery-1 is-layout-flex wp-block-gallery-is-layout-flex\">\n<figure class=\"wp-block-image size-large\"><img loading=\"lazy\" decoding=\"async\" width=\"1440\" height=\"1080\" data-id=\"7983\" src=\"https:\/\/charente.catholique.fr\/sud-charente\/wp-content\/uploads\/sites\/5\/2024\/03\/IMG-1295-1440x1080.jpg\" alt=\"\" class=\"wp-image-7983\" srcset=\"https:\/\/charente.catholique.fr\/sud-charente\/wp-content\/uploads\/sites\/5\/2024\/03\/IMG-1295-1440x1080.jpg 1440w, https:\/\/charente.catholique.fr\/sud-charente\/wp-content\/uploads\/sites\/5\/2024\/03\/IMG-1295-300x225.jpg 300w, https:\/\/charente.catholique.fr\/sud-charente\/wp-content\/uploads\/sites\/5\/2024\/03\/IMG-1295-768x576.jpg 768w, https:\/\/charente.catholique.fr\/sud-charente\/wp-content\/uploads\/sites\/5\/2024\/03\/IMG-1295-1536x1152.jpg 1536w, https:\/\/charente.catholique.fr\/sud-charente\/wp-content\/uploads\/sites\/5\/2024\/03\/IMG-1295-2048x1536.jpg 2048w\" sizes=\"auto, (max-width: 1440px) 100vw, 1440px\" \/><\/figure>\n\n\n\n<figure class=\"wp-block-image size-large\"><img loading=\"lazy\" decoding=\"async\" width=\"1440\" height=\"1080\" data-id=\"7984\" src=\"https:\/\/charente.catholique.fr\/sud-charente\/wp-content\/uploads\/sites\/5\/2024\/03\/IMG-1296-1440x1080.jpg\" alt=\"\" class=\"wp-image-7984\" srcset=\"https:\/\/charente.catholique.fr\/sud-charente\/wp-content\/uploads\/sites\/5\/2024\/03\/IMG-1296-1440x1080.jpg 1440w, https:\/\/charente.catholique.fr\/sud-charente\/wp-content\/uploads\/sites\/5\/2024\/03\/IMG-1296-300x225.jpg 300w, https:\/\/charente.catholique.fr\/sud-charente\/wp-content\/uploads\/sites\/5\/2024\/03\/IMG-1296-768x576.jpg 768w, https:\/\/charente.catholique.fr\/sud-charente\/wp-content\/uploads\/sites\/5\/2024\/03\/IMG-1296-1536x1152.jpg 1536w, https:\/\/charente.catholique.fr\/sud-charente\/wp-content\/uploads\/sites\/5\/2024\/03\/IMG-1296-2048x1536.jpg 2048w\" sizes=\"auto, (max-width: 1440px) 100vw, 1440px\" \/><\/figure>\n\n\n\n<figure class=\"wp-block-image size-large\"><img loading=\"lazy\" decoding=\"async\" width=\"1440\" height=\"1080\" data-id=\"7986\" src=\"https:\/\/charente.catholique.fr\/sud-charente\/wp-content\/uploads\/sites\/5\/2024\/03\/IMG-1310-1440x1080.jpg\" alt=\"\" class=\"wp-image-7986\" srcset=\"https:\/\/charente.catholique.fr\/sud-charente\/wp-content\/uploads\/sites\/5\/2024\/03\/IMG-1310-1440x1080.jpg 1440w, https:\/\/charente.catholique.fr\/sud-charente\/wp-content\/uploads\/sites\/5\/2024\/03\/IMG-1310-300x225.jpg 300w, https:\/\/charente.catholique.fr\/sud-charente\/wp-content\/uploads\/sites\/5\/2024\/03\/IMG-1310-768x576.jpg 768w, https:\/\/charente.catholique.fr\/sud-charente\/wp-content\/uploads\/sites\/5\/2024\/03\/IMG-1310-1536x1152.jpg 1536w, https:\/\/charente.catholique.fr\/sud-charente\/wp-content\/uploads\/sites\/5\/2024\/03\/IMG-1310-2048x1536.jpg 2048w\" sizes=\"auto, (max-width: 1440px) 100vw, 1440px\" \/><\/figure>\n\n\n\n<figure class=\"wp-block-image size-large\"><img loading=\"lazy\" decoding=\"async\" width=\"1440\" height=\"1080\" data-id=\"7990\" src=\"https:\/\/charente.catholique.fr\/sud-charente\/wp-content\/uploads\/sites\/5\/2024\/03\/IMG-1311-1440x1080.jpg\" alt=\"\" class=\"wp-image-7990\" srcset=\"https:\/\/charente.catholique.fr\/sud-charente\/wp-content\/uploads\/sites\/5\/2024\/03\/IMG-1311-1440x1080.jpg 1440w, https:\/\/charente.catholique.fr\/sud-charente\/wp-content\/uploads\/sites\/5\/2024\/03\/IMG-1311-300x225.jpg 300w, https:\/\/charente.catholique.fr\/sud-charente\/wp-content\/uploads\/sites\/5\/2024\/03\/IMG-1311-768x576.jpg 768w, https:\/\/charente.catholique.fr\/sud-charente\/wp-content\/uploads\/sites\/5\/2024\/03\/IMG-1311-1536x1152.jpg 1536w, https:\/\/charente.catholique.fr\/sud-charente\/wp-content\/uploads\/sites\/5\/2024\/03\/IMG-1311-2048x1536.jpg 2048w\" sizes=\"auto, (max-width: 1440px) 100vw, 1440px\" \/><\/figure>\n\n\n\n<figure class=\"wp-block-image size-large\"><img loading=\"lazy\" decoding=\"async\" width=\"1440\" height=\"1080\" data-id=\"7992\" src=\"https:\/\/charente.catholique.fr\/sud-charente\/wp-content\/uploads\/sites\/5\/2024\/03\/IMG-1312-1440x1080.jpg\" alt=\"\" class=\"wp-image-7992\" srcset=\"https:\/\/charente.catholique.fr\/sud-charente\/wp-content\/uploads\/sites\/5\/2024\/03\/IMG-1312-1440x1080.jpg 1440w, https:\/\/charente.catholique.fr\/sud-charente\/wp-content\/uploads\/sites\/5\/2024\/03\/IMG-1312-300x225.jpg 300w, https:\/\/charente.catholique.fr\/sud-charente\/wp-content\/uploads\/sites\/5\/2024\/03\/IMG-1312-768x576.jpg 768w, https:\/\/charente.catholique.fr\/sud-charente\/wp-content\/uploads\/sites\/5\/2024\/03\/IMG-1312-1536x1152.jpg 1536w, https:\/\/charente.catholique.fr\/sud-charente\/wp-content\/uploads\/sites\/5\/2024\/03\/IMG-1312-2048x1536.jpg 2048w\" sizes=\"auto, (max-width: 1440px) 100vw, 1440px\" \/><\/figure>\n\n\n\n<figure class=\"wp-block-image size-large\"><img loading=\"lazy\" decoding=\"async\" width=\"1440\" height=\"1080\" data-id=\"7987\" src=\"https:\/\/charente.catholique.fr\/sud-charente\/wp-content\/uploads\/sites\/5\/2024\/03\/IMG-1314-1440x1080.jpg\" alt=\"\" class=\"wp-image-7987\" srcset=\"https:\/\/charente.catholique.fr\/sud-charente\/wp-content\/uploads\/sites\/5\/2024\/03\/IMG-1314-1440x1080.jpg 1440w, https:\/\/charente.catholique.fr\/sud-charente\/wp-content\/uploads\/sites\/5\/2024\/03\/IMG-1314-300x225.jpg 300w, https:\/\/charente.catholique.fr\/sud-charente\/wp-content\/uploads\/sites\/5\/2024\/03\/IMG-1314-768x576.jpg 768w, https:\/\/charente.catholique.fr\/sud-charente\/wp-content\/uploads\/sites\/5\/2024\/03\/IMG-1314-1536x1152.jpg 1536w, https:\/\/charente.catholique.fr\/sud-charente\/wp-content\/uploads\/sites\/5\/2024\/03\/IMG-1314-2048x1536.jpg 2048w\" sizes=\"auto, (max-width: 1440px) 100vw, 1440px\" \/><\/figure>\n\n\n\n<figure class=\"wp-block-image size-large\"><img loading=\"lazy\" decoding=\"async\" width=\"1440\" height=\"1080\" data-id=\"7988\" src=\"https:\/\/charente.catholique.fr\/sud-charente\/wp-content\/uploads\/sites\/5\/2024\/03\/IMG-1315-1440x1080.jpg\" alt=\"\" class=\"wp-image-7988\" srcset=\"https:\/\/charente.catholique.fr\/sud-charente\/wp-content\/uploads\/sites\/5\/2024\/03\/IMG-1315-1440x1080.jpg 1440w, https:\/\/charente.catholique.fr\/sud-charente\/wp-content\/uploads\/sites\/5\/2024\/03\/IMG-1315-300x225.jpg 300w, https:\/\/charente.catholique.fr\/sud-charente\/wp-content\/uploads\/sites\/5\/2024\/03\/IMG-1315-768x576.jpg 768w, https:\/\/charente.catholique.fr\/sud-charente\/wp-content\/uploads\/sites\/5\/2024\/03\/IMG-1315-1536x1152.jpg 1536w, https:\/\/charente.catholique.fr\/sud-charente\/wp-content\/uploads\/sites\/5\/2024\/03\/IMG-1315-2048x1536.jpg 2048w\" sizes=\"auto, (max-width: 1440px) 100vw, 1440px\" \/><\/figure>\n\n\n\n<figure class=\"wp-block-image size-large\"><img loading=\"lazy\" decoding=\"async\" width=\"1440\" height=\"1080\" data-id=\"7991\" src=\"https:\/\/charente.catholique.fr\/sud-charente\/wp-content\/uploads\/sites\/5\/2024\/03\/IMG-1316-1440x1080.jpg\" alt=\"\" class=\"wp-image-7991\" srcset=\"https:\/\/charente.catholique.fr\/sud-charente\/wp-content\/uploads\/sites\/5\/2024\/03\/IMG-1316-1440x1080.jpg 1440w, https:\/\/charente.catholique.fr\/sud-charente\/wp-content\/uploads\/sites\/5\/2024\/03\/IMG-1316-300x225.jpg 300w, https:\/\/charente.catholique.fr\/sud-charente\/wp-content\/uploads\/sites\/5\/2024\/03\/IMG-1316-768x576.jpg 768w, https:\/\/charente.catholique.fr\/sud-charente\/wp-content\/uploads\/sites\/5\/2024\/03\/IMG-1316-1536x1152.jpg 1536w, https:\/\/charente.catholique.fr\/sud-charente\/wp-content\/uploads\/sites\/5\/2024\/03\/IMG-1316-2048x1536.jpg 2048w\" sizes=\"auto, (max-width: 1440px) 100vw, 1440px\" \/><\/figure>\n\n\n\n<figure class=\"wp-block-image size-large\"><img loading=\"lazy\" decoding=\"async\" width=\"1440\" height=\"1080\" data-id=\"7985\" src=\"https:\/\/charente.catholique.fr\/sud-charente\/wp-content\/uploads\/sites\/5\/2024\/03\/IMG-1317-1440x1080.jpg\" alt=\"\" class=\"wp-image-7985\" srcset=\"https:\/\/charente.catholique.fr\/sud-charente\/wp-content\/uploads\/sites\/5\/2024\/03\/IMG-1317-1440x1080.jpg 1440w, https:\/\/charente.catholique.fr\/sud-charente\/wp-content\/uploads\/sites\/5\/2024\/03\/IMG-1317-300x225.jpg 300w, https:\/\/charente.catholique.fr\/sud-charente\/wp-content\/uploads\/sites\/5\/2024\/03\/IMG-1317-768x576.jpg 768w, https:\/\/charente.catholique.fr\/sud-charente\/wp-content\/uploads\/sites\/5\/2024\/03\/IMG-1317-1536x1152.jpg 1536w, https:\/\/charente.catholique.fr\/sud-charente\/wp-content\/uploads\/sites\/5\/2024\/03\/IMG-1317-2048x1536.jpg 2048w\" sizes=\"auto, (max-width: 1440px) 100vw, 1440px\" \/><\/figure>\n\n\n\n<figure class=\"wp-block-image size-large\"><img loading=\"lazy\" decoding=\"async\" width=\"1440\" height=\"1080\" data-id=\"7989\" src=\"https:\/\/charente.catholique.fr\/sud-charente\/wp-content\/uploads\/sites\/5\/2024\/03\/IMG-1318-1440x1080.jpg\" alt=\"\" class=\"wp-image-7989\" srcset=\"https:\/\/charente.catholique.fr\/sud-charente\/wp-content\/uploads\/sites\/5\/2024\/03\/IMG-1318-1440x1080.jpg 1440w, https:\/\/charente.catholique.fr\/sud-charente\/wp-content\/uploads\/sites\/5\/2024\/03\/IMG-1318-300x225.jpg 300w, https:\/\/charente.catholique.fr\/sud-charente\/wp-content\/uploads\/sites\/5\/2024\/03\/IMG-1318-768x576.jpg 768w, https:\/\/charente.catholique.fr\/sud-charente\/wp-content\/uploads\/sites\/5\/2024\/03\/IMG-1318-1536x1152.jpg 1536w, https:\/\/charente.catholique.fr\/sud-charente\/wp-content\/uploads\/sites\/5\/2024\/03\/IMG-1318-2048x1536.jpg 2048w\" sizes=\"auto, (max-width: 1440px) 100vw, 1440px\" \/><\/figure>\n<\/figure>\n\n\n\n<p>C&#8217;est la lecture du chapitre 6 du livre du Deut\u00e9ronome qui a guid\u00e9 le partage : <\/p>\n\n\n\n<p>Lecture du livre du livre du Deut\u00e9ronome, chapitre 6<\/p>\n\n\n\n<p>Voici le commandement, les d\u00e9crets et les ordonnances que le Seigneur votre Dieu m\u2019a prescrit de vous enseigner, pour que vous les mettiez en pratique dans le pays dont vous allez prendre possession quand vous aurez pass\u00e9 le Jourdain. Tu craindras le Seigneur ton Dieu. Tous les jours de ta vie, toi, ainsi que ton fils et le fils de ton fils, tu observeras tous ses d\u00e9crets et ses commandements, que je te prescris aujourd\u2019hui, et tu auras longue vie. Isra\u00ebl, tu \u00e9couteras, tu veilleras \u00e0 mettre en pratique ce qui t\u2019apportera bonheur et f\u00e9condit\u00e9, dans un pays ruisselant de lait et de miel, comme te l\u2019a dit le Seigneur, le Dieu de tes p\u00e8res. \u00c9coute, Isra\u00ebl&nbsp;: le Seigneur notre Dieu est l\u2019Unique. Tu aimeras le Seigneur ton Dieu de tout ton c\u0153ur, de toute ton \u00e2me et de toute ta force. Ces paroles que je te donne aujourd\u2019hui resteront dans ton c\u0153ur. Tu les rediras \u00e0 tes fils, tu les r\u00e9p\u00e9teras sans cesse, \u00e0 la maison ou en voyage, que tu sois couch\u00e9 ou que tu sois lev\u00e9&nbsp;; tu les attacheras \u00e0 ton poignet comme un signe, elles seront un bandeau sur ton front, tu les inscriras \u00e0 l\u2019entr\u00e9e de ta maison et aux portes de ta ville.<\/p>\n\n\n\n<p>Quand le Seigneur ton Dieu te fera entrer dans le pays qu\u2019il a jur\u00e9 \u00e0 tes p\u00e8res, Abraham, Isaac et Jacob, de te donner&nbsp;; quand tu auras des villes grandes et belles que tu n\u2019as pas b\u00e2ties, des maisons pleines de richesses que tu n\u2019y as pas entass\u00e9es, des citernes que tu n\u2019as pas creus\u00e9es, des vignes et des oliveraies que tu n\u2019as pas plant\u00e9es&nbsp;; quand tu auras bien mang\u00e9 et te seras rassasi\u00e9&nbsp;: alors garde-toi d\u2019oublier le Seigneur, lui qui t\u2019a fait sortir d\u2019\u00c9gypte, de la maison d\u2019esclavage. Tu craindras le Seigneur ton Dieu, tu le serviras, c\u2019est par son nom que tu pr\u00eateras serment. Vous ne suivrez pas d\u2019autres dieux, ces dieux des nations qui vous entourent, car le Seigneur ton Dieu est un Dieu jaloux au milieu de toi. La col\u00e8re du Seigneur ton Dieu s\u2019enflammerait contre toi et il te ferait dispara\u00eetre de la face de la terre. Vous ne mettrez pas le Seigneur votre Dieu \u00e0 l\u2019\u00e9preuve, comme vous l\u2019avez fait \u00e0 Massa. Vous observerez avec soin les commandements du Seigneur votre Dieu, les \u00e9dits et les d\u00e9crets qu\u2019il t\u2019a prescrits. Tu feras ce qui est droit et bon aux yeux du Seigneur, afin d\u2019\u00eatre heureux, et d\u2019entrer, pour en prendre possession, dans le bon pays que le Seigneur a jur\u00e9 de donner \u00e0 tes p\u00e8res, en chassant tous tes ennemis devant toi, comme l\u2019a dit le Seigneur.<\/p>\n\n\n\n<p>Et demain, quand ton fils te demandera&nbsp;: \u00ab&nbsp;Quels sont donc ces \u00e9dits, ces d\u00e9crets et ces ordonnances que le Seigneur notre Dieu vous a prescrits&nbsp;?&nbsp;\u00bb, alors tu diras \u00e0 ton fils&nbsp;: \u00ab&nbsp;Nous \u00e9tions esclaves de Pharaon, en \u00c9gypte, et le Seigneur nous a fait sortir d\u2019\u00c9gypte par la force de sa main. Sous nos yeux, le Seigneur a accompli des signes et des prodiges grands et funestes contre l\u2019\u00c9gypte, Pharaon et toute sa maison. Mais nous, il nous a fait sortir de l\u00e0 pour nous faire entrer dans le pays qu\u2019il voulait nous donner, celui qu\u2019il avait promis par serment \u00e0 nos p\u00e8res. Alors le Seigneur nous a command\u00e9 de mettre en pratique tous ces d\u00e9crets, pour que nous craignions le Seigneur notre Dieu&nbsp;: ainsi, nous serons toujours heureux et il nous gardera en vie comme nous le sommes aujourd\u2019hui. Et nous serons justes si nous veillons \u00e0 mettre en pratique tous ces commandements, en pr\u00e9sence du Seigneur notre Dieu, comme il nous l\u2019a prescrit.&nbsp;\u00bb<\/p>\n","protected":false},"excerpt":{"rendered":"<p>Une vingtaine de personnes ont profit\u00e9 de la balade familiale priante ce 17 mars 2024, de Montchaude \u00e0 Saint Mathurin C&#8217;est la lecture du chapitre 6 du livre du Deut\u00e9ronome qui a guid\u00e9 le partage : Lecture du livre du livre du Deut\u00e9ronome, chapitre 6 Voici le commandement, les d\u00e9crets et les ordonnances que le [&hellip;]<\/p>\n","protected":false},"author":4,"featured_media":7983,"comment_status":"open","ping_status":"open","sticky":false,"template":"","format":"standard","meta":{"_acf_changed":false,"paroisse":["15"],"service":["0"],"footnotes":""},"categories":[1,4,14,16],"tags":[],"class_list":["post-7982","post","type-post","status-publish","format-standard","has-post-thumbnail","hentry","category-actualites","category-barbezieux","category-infos-paroissiales","category-vivre-le-careme","validated"],"acf":[],"yoast_head":"<!-- This site is optimized with the Yoast SEO plugin v27.1.1 - https:\/\/yoast.com\/product\/yoast-seo-wordpress\/ -->\n<title>Photos de la balade familiale priante du 17 mars 2024 - Doyenn\u00e9 Sud Charente<\/title>\n<meta name=\"robots\" content=\"index, follow, max-snippet:-1, max-image-preview:large, max-video-preview:-1\" \/>\n<link rel=\"canonical\" href=\"https:\/\/charente.catholique.fr\/sud-charente\/actualites\/photos-de-la-balade-familiale-priante-du-17-mars-2024\/\" \/>\n<meta property=\"og:locale\" content=\"fr_FR\" \/>\n<meta property=\"og:type\" content=\"article\" \/>\n<meta property=\"og:title\" content=\"Photos de la balade familiale priante du 17 mars 2024 - Doyenn\u00e9 Sud Charente\" \/>\n<meta property=\"og:description\" content=\"Une vingtaine de personnes ont profit\u00e9 de la balade familiale priante ce 17 mars 2024, de Montchaude \u00e0 Saint Mathurin C&#8217;est la lecture du chapitre 6 du livre du Deut\u00e9ronome qui a guid\u00e9 le partage : Lecture du livre du livre du Deut\u00e9ronome, chapitre 6 Voici le commandement, les d\u00e9crets et les ordonnances que le [&hellip;]\" \/>\n<meta property=\"og:url\" content=\"https:\/\/charente.catholique.fr\/sud-charente\/actualites\/photos-de-la-balade-familiale-priante-du-17-mars-2024\/\" \/>\n<meta property=\"og:site_name\" content=\"Doyenn\u00e9 Sud Charente\" \/>\n<meta property=\"article:publisher\" content=\"https:\/\/www.facebook.com\/EgliseCatholiqueCharente\" \/>\n<meta property=\"article:published_time\" content=\"2024-03-17T20:12:12+00:00\" \/>\n<meta property=\"article:modified_time\" content=\"2024-03-17T20:19:56+00:00\" \/>\n<meta property=\"og:image\" content=\"https:\/\/charente.catholique.fr\/sud-charente\/wp-content\/uploads\/sites\/5\/2024\/03\/IMG-1295-scaled.jpg\" \/>\n\t<meta property=\"og:image:width\" content=\"2560\" \/>\n\t<meta property=\"og:image:height\" content=\"1920\" \/>\n\t<meta property=\"og:image:type\" content=\"image\/jpeg\" \/>\n<meta name=\"author\" content=\"Beno\u00eet\" \/>\n<meta name=\"twitter:card\" content=\"summary_large_image\" \/>\n<meta name=\"twitter:creator\" content=\"@diocesecharente\" \/>\n<meta name=\"twitter:site\" content=\"@diocesecharente\" \/>\n<meta name=\"twitter:label1\" content=\"\u00c9crit par\" \/>\n\t<meta name=\"twitter:data1\" content=\"Beno\u00eet\" \/>\n\t<meta name=\"twitter:label2\" content=\"Dur\u00e9e de lecture estim\u00e9e\" \/>\n\t<meta name=\"twitter:data2\" content=\"6 minutes\" \/>\n<script type=\"application\/ld+json\" class=\"yoast-schema-graph\">{\"@context\":\"https:\/\/schema.org\",\"@graph\":[{\"@type\":\"Article\",\"@id\":\"https:\/\/charente.catholique.fr\/sud-charente\/actualites\/photos-de-la-balade-familiale-priante-du-17-mars-2024\/#article\",\"isPartOf\":{\"@id\":\"https:\/\/charente.catholique.fr\/sud-charente\/actualites\/photos-de-la-balade-familiale-priante-du-17-mars-2024\/\"},\"author\":{\"name\":\"Beno\u00eet\",\"@id\":\"https:\/\/charente.catholique.fr\/sud-charente\/#\/schema\/person\/ddcc6ba32a4484b49a276652de901387\"},\"headline\":\"Photos de la balade familiale priante du 17 mars 2024\",\"datePublished\":\"2024-03-17T20:12:12+00:00\",\"dateModified\":\"2024-03-17T20:19:56+00:00\",\"mainEntityOfPage\":{\"@id\":\"https:\/\/charente.catholique.fr\/sud-charente\/actualites\/photos-de-la-balade-familiale-priante-du-17-mars-2024\/\"},\"wordCount\":715,\"commentCount\":0,\"publisher\":{\"@id\":\"https:\/\/charente.catholique.fr\/sud-charente\/#organization\"},\"image\":{\"@id\":\"https:\/\/charente.catholique.fr\/sud-charente\/actualites\/photos-de-la-balade-familiale-priante-du-17-mars-2024\/#primaryimage\"},\"thumbnailUrl\":\"https:\/\/charente.catholique.fr\/sud-charente\/wp-content\/uploads\/sites\/5\/2024\/03\/IMG-1295-scaled.jpg\",\"articleSection\":[\"Actualit\u00e9s\",\"Barbezieux\",\"Infos paroissiales\",\"Vivre le car\u00eame\"],\"inLanguage\":\"fr-FR\",\"potentialAction\":[{\"@type\":\"CommentAction\",\"name\":\"Comment\",\"target\":[\"https:\/\/charente.catholique.fr\/sud-charente\/actualites\/photos-de-la-balade-familiale-priante-du-17-mars-2024\/#respond\"]}]},{\"@type\":\"WebPage\",\"@id\":\"https:\/\/charente.catholique.fr\/sud-charente\/actualites\/photos-de-la-balade-familiale-priante-du-17-mars-2024\/\",\"url\":\"https:\/\/charente.catholique.fr\/sud-charente\/actualites\/photos-de-la-balade-familiale-priante-du-17-mars-2024\/\",\"name\":\"Photos de la balade familiale priante du 17 mars 2024 - Doyenn\u00e9 Sud Charente\",\"isPartOf\":{\"@id\":\"https:\/\/charente.catholique.fr\/sud-charente\/#website\"},\"primaryImageOfPage\":{\"@id\":\"https:\/\/charente.catholique.fr\/sud-charente\/actualites\/photos-de-la-balade-familiale-priante-du-17-mars-2024\/#primaryimage\"},\"image\":{\"@id\":\"https:\/\/charente.catholique.fr\/sud-charente\/actualites\/photos-de-la-balade-familiale-priante-du-17-mars-2024\/#primaryimage\"},\"thumbnailUrl\":\"https:\/\/charente.catholique.fr\/sud-charente\/wp-content\/uploads\/sites\/5\/2024\/03\/IMG-1295-scaled.jpg\",\"datePublished\":\"2024-03-17T20:12:12+00:00\",\"dateModified\":\"2024-03-17T20:19:56+00:00\",\"breadcrumb\":{\"@id\":\"https:\/\/charente.catholique.fr\/sud-charente\/actualites\/photos-de-la-balade-familiale-priante-du-17-mars-2024\/#breadcrumb\"},\"inLanguage\":\"fr-FR\",\"potentialAction\":[{\"@type\":\"ReadAction\",\"target\":[\"https:\/\/charente.catholique.fr\/sud-charente\/actualites\/photos-de-la-balade-familiale-priante-du-17-mars-2024\/\"]}]},{\"@type\":\"ImageObject\",\"inLanguage\":\"fr-FR\",\"@id\":\"https:\/\/charente.catholique.fr\/sud-charente\/actualites\/photos-de-la-balade-familiale-priante-du-17-mars-2024\/#primaryimage\",\"url\":\"https:\/\/charente.catholique.fr\/sud-charente\/wp-content\/uploads\/sites\/5\/2024\/03\/IMG-1295-scaled.jpg\",\"contentUrl\":\"https:\/\/charente.catholique.fr\/sud-charente\/wp-content\/uploads\/sites\/5\/2024\/03\/IMG-1295-scaled.jpg\",\"width\":2560,\"height\":1920},{\"@type\":\"BreadcrumbList\",\"@id\":\"https:\/\/charente.catholique.fr\/sud-charente\/actualites\/photos-de-la-balade-familiale-priante-du-17-mars-2024\/#breadcrumb\",\"itemListElement\":[{\"@type\":\"ListItem\",\"position\":1,\"name\":\"Accueil\",\"item\":\"https:\/\/charente.catholique.fr\/sud-charente\/\"},{\"@type\":\"ListItem\",\"position\":2,\"name\":\"Photos de la balade familiale priante du 17 mars 2024\"}]},{\"@type\":\"WebSite\",\"@id\":\"https:\/\/charente.catholique.fr\/sud-charente\/#website\",\"url\":\"https:\/\/charente.catholique.fr\/sud-charente\/\",\"name\":\"Doyenn\u00e9 Sud Charente - Dioc\u00e8se d'Angoul\u00eame\",\"description\":\"Dioc\u00e8se d&#039;Angoul\u00eame\",\"publisher\":{\"@id\":\"https:\/\/charente.catholique.fr\/sud-charente\/#organization\"},\"potentialAction\":[{\"@type\":\"SearchAction\",\"target\":{\"@type\":\"EntryPoint\",\"urlTemplate\":\"https:\/\/charente.catholique.fr\/sud-charente\/?s={search_term_string}\"},\"query-input\":{\"@type\":\"PropertyValueSpecification\",\"valueRequired\":true,\"valueName\":\"search_term_string\"}}],\"inLanguage\":\"fr-FR\"},{\"@type\":\"Organization\",\"@id\":\"https:\/\/charente.catholique.fr\/sud-charente\/#organization\",\"name\":\"Association dioc\u00e9saine d'Angoul\u00eame\",\"url\":\"https:\/\/charente.catholique.fr\/sud-charente\/\",\"logo\":{\"@type\":\"ImageObject\",\"inLanguage\":\"fr-FR\",\"@id\":\"https:\/\/charente.catholique.fr\/sud-charente\/#\/schema\/logo\/image\/\",\"url\":\"https:\/\/charente.catholique.fr\/sud-charente\/wp-content\/uploads\/sites\/5\/2020\/10\/logos.png\",\"contentUrl\":\"https:\/\/charente.catholique.fr\/sud-charente\/wp-content\/uploads\/sites\/5\/2020\/10\/logos.png\",\"width\":600,\"height\":257,\"caption\":\"Association dioc\u00e9saine d'Angoul\u00eame\"},\"image\":{\"@id\":\"https:\/\/charente.catholique.fr\/sud-charente\/#\/schema\/logo\/image\/\"},\"sameAs\":[\"https:\/\/www.facebook.com\/EgliseCatholiqueCharente\",\"https:\/\/x.com\/diocesecharente\",\"https:\/\/www.instagram.com\/eglisecharente\",\"https:\/\/www.youtube.com\/channel\/UCByyFWApZbw3gDTiADoiAaQ\"]},{\"@type\":\"Person\",\"@id\":\"https:\/\/charente.catholique.fr\/sud-charente\/#\/schema\/person\/ddcc6ba32a4484b49a276652de901387\",\"name\":\"Beno\u00eet\",\"image\":{\"@type\":\"ImageObject\",\"inLanguage\":\"fr-FR\",\"@id\":\"https:\/\/charente.catholique.fr\/sud-charente\/#\/schema\/person\/image\/\",\"url\":\"https:\/\/secure.gravatar.com\/avatar\/367de281020c81cafc6a2f9b79fef00a1981a890412ad8b09b11385575886666?s=96&d=mm&r=g\",\"contentUrl\":\"https:\/\/secure.gravatar.com\/avatar\/367de281020c81cafc6a2f9b79fef00a1981a890412ad8b09b11385575886666?s=96&d=mm&r=g\",\"caption\":\"Beno\u00eet\"},\"url\":\"https:\/\/charente.catholique.fr\/sud-charente\/author\/benoitlecomte\/\"}]}<\/script>\n<!-- \/ Yoast SEO plugin. -->","yoast_head_json":{"title":"Photos de la balade familiale priante du 17 mars 2024 - Doyenn\u00e9 Sud Charente","robots":{"index":"index","follow":"follow","max-snippet":"max-snippet:-1","max-image-preview":"max-image-preview:large","max-video-preview":"max-video-preview:-1"},"canonical":"https:\/\/charente.catholique.fr\/sud-charente\/actualites\/photos-de-la-balade-familiale-priante-du-17-mars-2024\/","og_locale":"fr_FR","og_type":"article","og_title":"Photos de la balade familiale priante du 17 mars 2024 - Doyenn\u00e9 Sud Charente","og_description":"Une vingtaine de personnes ont profit\u00e9 de la balade familiale priante ce 17 mars 2024, de Montchaude \u00e0 Saint Mathurin C&#8217;est la lecture du chapitre 6 du livre du Deut\u00e9ronome qui a guid\u00e9 le partage : Lecture du livre du livre du Deut\u00e9ronome, chapitre 6 Voici le commandement, les d\u00e9crets et les ordonnances que le [&hellip;]","og_url":"https:\/\/charente.catholique.fr\/sud-charente\/actualites\/photos-de-la-balade-familiale-priante-du-17-mars-2024\/","og_site_name":"Doyenn\u00e9 Sud Charente","article_publisher":"https:\/\/www.facebook.com\/EgliseCatholiqueCharente","article_published_time":"2024-03-17T20:12:12+00:00","article_modified_time":"2024-03-17T20:19:56+00:00","og_image":[{"width":2560,"height":1920,"url":"https:\/\/charente.catholique.fr\/sud-charente\/wp-content\/uploads\/sites\/5\/2024\/03\/IMG-1295-scaled.jpg","type":"image\/jpeg"}],"author":"Beno\u00eet","twitter_card":"summary_large_image","twitter_creator":"@diocesecharente","twitter_site":"@diocesecharente","twitter_misc":{"\u00c9crit par":"Beno\u00eet","Dur\u00e9e de lecture estim\u00e9e":"6 minutes"},"schema":{"@context":"https:\/\/schema.org","@graph":[{"@type":"Article","@id":"https:\/\/charente.catholique.fr\/sud-charente\/actualites\/photos-de-la-balade-familiale-priante-du-17-mars-2024\/#article","isPartOf":{"@id":"https:\/\/charente.catholique.fr\/sud-charente\/actualites\/photos-de-la-balade-familiale-priante-du-17-mars-2024\/"},"author":{"name":"Beno\u00eet","@id":"https:\/\/charente.catholique.fr\/sud-charente\/#\/schema\/person\/ddcc6ba32a4484b49a276652de901387"},"headline":"Photos de la balade familiale priante du 17 mars 2024","datePublished":"2024-03-17T20:12:12+00:00","dateModified":"2024-03-17T20:19:56+00:00","mainEntityOfPage":{"@id":"https:\/\/charente.catholique.fr\/sud-charente\/actualites\/photos-de-la-balade-familiale-priante-du-17-mars-2024\/"},"wordCount":715,"commentCount":0,"publisher":{"@id":"https:\/\/charente.catholique.fr\/sud-charente\/#organization"},"image":{"@id":"https:\/\/charente.catholique.fr\/sud-charente\/actualites\/photos-de-la-balade-familiale-priante-du-17-mars-2024\/#primaryimage"},"thumbnailUrl":"https:\/\/charente.catholique.fr\/sud-charente\/wp-content\/uploads\/sites\/5\/2024\/03\/IMG-1295-scaled.jpg","articleSection":["Actualit\u00e9s","Barbezieux","Infos paroissiales","Vivre le car\u00eame"],"inLanguage":"fr-FR","potentialAction":[{"@type":"CommentAction","name":"Comment","target":["https:\/\/charente.catholique.fr\/sud-charente\/actualites\/photos-de-la-balade-familiale-priante-du-17-mars-2024\/#respond"]}]},{"@type":"WebPage","@id":"https:\/\/charente.catholique.fr\/sud-charente\/actualites\/photos-de-la-balade-familiale-priante-du-17-mars-2024\/","url":"https:\/\/charente.catholique.fr\/sud-charente\/actualites\/photos-de-la-balade-familiale-priante-du-17-mars-2024\/","name":"Photos de la balade familiale priante du 17 mars 2024 - Doyenn\u00e9 Sud Charente","isPartOf":{"@id":"https:\/\/charente.catholique.fr\/sud-charente\/#website"},"primaryImageOfPage":{"@id":"https:\/\/charente.catholique.fr\/sud-charente\/actualites\/photos-de-la-balade-familiale-priante-du-17-mars-2024\/#primaryimage"},"image":{"@id":"https:\/\/charente.catholique.fr\/sud-charente\/actualites\/photos-de-la-balade-familiale-priante-du-17-mars-2024\/#primaryimage"},"thumbnailUrl":"https:\/\/charente.catholique.fr\/sud-charente\/wp-content\/uploads\/sites\/5\/2024\/03\/IMG-1295-scaled.jpg","datePublished":"2024-03-17T20:12:12+00:00","dateModified":"2024-03-17T20:19:56+00:00","breadcrumb":{"@id":"https:\/\/charente.catholique.fr\/sud-charente\/actualites\/photos-de-la-balade-familiale-priante-du-17-mars-2024\/#breadcrumb"},"inLanguage":"fr-FR","potentialAction":[{"@type":"ReadAction","target":["https:\/\/charente.catholique.fr\/sud-charente\/actualites\/photos-de-la-balade-familiale-priante-du-17-mars-2024\/"]}]},{"@type":"ImageObject","inLanguage":"fr-FR","@id":"https:\/\/charente.catholique.fr\/sud-charente\/actualites\/photos-de-la-balade-familiale-priante-du-17-mars-2024\/#primaryimage","url":"https:\/\/charente.catholique.fr\/sud-charente\/wp-content\/uploads\/sites\/5\/2024\/03\/IMG-1295-scaled.jpg","contentUrl":"https:\/\/charente.catholique.fr\/sud-charente\/wp-content\/uploads\/sites\/5\/2024\/03\/IMG-1295-scaled.jpg","width":2560,"height":1920},{"@type":"BreadcrumbList","@id":"https:\/\/charente.catholique.fr\/sud-charente\/actualites\/photos-de-la-balade-familiale-priante-du-17-mars-2024\/#breadcrumb","itemListElement":[{"@type":"ListItem","position":1,"name":"Accueil","item":"https:\/\/charente.catholique.fr\/sud-charente\/"},{"@type":"ListItem","position":2,"name":"Photos de la balade familiale priante du 17 mars 2024"}]},{"@type":"WebSite","@id":"https:\/\/charente.catholique.fr\/sud-charente\/#website","url":"https:\/\/charente.catholique.fr\/sud-charente\/","name":"Doyenn\u00e9 Sud Charente - Dioc\u00e8se d'Angoul\u00eame","description":"Dioc\u00e8se d&#039;Angoul\u00eame","publisher":{"@id":"https:\/\/charente.catholique.fr\/sud-charente\/#organization"},"potentialAction":[{"@type":"SearchAction","target":{"@type":"EntryPoint","urlTemplate":"https:\/\/charente.catholique.fr\/sud-charente\/?s={search_term_string}"},"query-input":{"@type":"PropertyValueSpecification","valueRequired":true,"valueName":"search_term_string"}}],"inLanguage":"fr-FR"},{"@type":"Organization","@id":"https:\/\/charente.catholique.fr\/sud-charente\/#organization","name":"Association dioc\u00e9saine d'Angoul\u00eame","url":"https:\/\/charente.catholique.fr\/sud-charente\/","logo":{"@type":"ImageObject","inLanguage":"fr-FR","@id":"https:\/\/charente.catholique.fr\/sud-charente\/#\/schema\/logo\/image\/","url":"https:\/\/charente.catholique.fr\/sud-charente\/wp-content\/uploads\/sites\/5\/2020\/10\/logos.png","contentUrl":"https:\/\/charente.catholique.fr\/sud-charente\/wp-content\/uploads\/sites\/5\/2020\/10\/logos.png","width":600,"height":257,"caption":"Association dioc\u00e9saine d'Angoul\u00eame"},"image":{"@id":"https:\/\/charente.catholique.fr\/sud-charente\/#\/schema\/logo\/image\/"},"sameAs":["https:\/\/www.facebook.com\/EgliseCatholiqueCharente","https:\/\/x.com\/diocesecharente","https:\/\/www.instagram.com\/eglisecharente","https:\/\/www.youtube.com\/channel\/UCByyFWApZbw3gDTiADoiAaQ"]},{"@type":"Person","@id":"https:\/\/charente.catholique.fr\/sud-charente\/#\/schema\/person\/ddcc6ba32a4484b49a276652de901387","name":"Beno\u00eet","image":{"@type":"ImageObject","inLanguage":"fr-FR","@id":"https:\/\/charente.catholique.fr\/sud-charente\/#\/schema\/person\/image\/","url":"https:\/\/secure.gravatar.com\/avatar\/367de281020c81cafc6a2f9b79fef00a1981a890412ad8b09b11385575886666?s=96&d=mm&r=g","contentUrl":"https:\/\/secure.gravatar.com\/avatar\/367de281020c81cafc6a2f9b79fef00a1981a890412ad8b09b11385575886666?s=96&d=mm&r=g","caption":"Beno\u00eet"},"url":"https:\/\/charente.catholique.fr\/sud-charente\/author\/benoitlecomte\/"}]}},"_links":{"self":[{"href":"https:\/\/charente.catholique.fr\/sud-charente\/wp-json\/wp\/v2\/posts\/7982","targetHints":{"allow":["GET"]}}],"collection":[{"href":"https:\/\/charente.catholique.fr\/sud-charente\/wp-json\/wp\/v2\/posts"}],"about":[{"href":"https:\/\/charente.catholique.fr\/sud-charente\/wp-json\/wp\/v2\/types\/post"}],"author":[{"embeddable":true,"href":"https:\/\/charente.catholique.fr\/sud-charente\/wp-json\/wp\/v2\/users\/4"}],"replies":[{"embeddable":true,"href":"https:\/\/charente.catholique.fr\/sud-charente\/wp-json\/wp\/v2\/comments?post=7982"}],"version-history":[{"count":2,"href":"https:\/\/charente.catholique.fr\/sud-charente\/wp-json\/wp\/v2\/posts\/7982\/revisions"}],"predecessor-version":[{"id":7994,"href":"https:\/\/charente.catholique.fr\/sud-charente\/wp-json\/wp\/v2\/posts\/7982\/revisions\/7994"}],"wp:featuredmedia":[{"embeddable":true,"href":"https:\/\/charente.catholique.fr\/sud-charente\/wp-json\/wp\/v2\/media\/7983"}],"wp:attachment":[{"href":"https:\/\/charente.catholique.fr\/sud-charente\/wp-json\/wp\/v2\/media?parent=7982"}],"wp:term":[{"taxonomy":"category","embeddable":true,"href":"https:\/\/charente.catholique.fr\/sud-charente\/wp-json\/wp\/v2\/categories?post=7982"},{"taxonomy":"post_tag","embeddable":true,"href":"https:\/\/charente.catholique.fr\/sud-charente\/wp-json\/wp\/v2\/tags?post=7982"}],"curies":[{"name":"wp","href":"https:\/\/api.w.org\/{rel}","templated":true}]}}