{"id":758,"date":"2020-12-05T22:15:01","date_gmt":"2020-12-05T21:15:01","guid":{"rendered":"https:\/\/charente.catholique.fr\/sud-charente\/?p=758"},"modified":"2020-12-05T22:15:01","modified_gmt":"2020-12-05T21:15:01","slug":"homelie-du-6-decembre-2020-par-le-p-benoit-lecomte","status":"publish","type":"post","link":"https:\/\/charente.catholique.fr\/sud-charente\/actualites\/homelie-du-6-decembre-2020-par-le-p-benoit-lecomte\/","title":{"rendered":"Hom\u00e9lie du 6 d\u00e9cembre 2020 par le P. Beno\u00eet Lecomte"},"content":{"rendered":"\n<p>2\u00e8me dimanche de l\u2019Avent. Deuxi\u00e8me dimanche de l\u2019attente. Notre chemin d\u2019Avent marque une nouvelle \u00e9tape et nous allumons une nouvelle bougie. Lumi\u00e8re bienvenue en ces temps compliqu\u00e9s. La f\u00eate de No\u00ebl approche mais le c\u0153ur n\u2019est pas encore \u00e0 la f\u00eate. Pourrons-nous nous retrouver en famille&nbsp;? Quand pourrons-nous retrouver de fa\u00e7on simple les personnes isol\u00e9es en maison de retraite et en EHPAD qui souffrent tellement de solitude et d\u2019un sentiment d\u2019abandon&nbsp;? Quelques illuminations apparaissent mais elle n\u2019arrivent pas \u00e0 masquer les craintes et les inqui\u00e9tudes de notre temps et de l\u2019actualit\u00e9. Le jour semble s\u2019enfoncer encore dans la nuit, ou la nuit grappiller encore et toujours sur le jour. Le \u00ab&nbsp;Black Friday&nbsp;\u00bb voudrait donner un air de gaiet\u00e9 mais ne parvient pas \u00e0 nous sortir d\u2019une sorte de morosit\u00e9, nous enfon\u00e7ant m\u00eame davantage dans l\u2019absurdit\u00e9 de l\u2019hyper consommation. Les exercices de communication de nos dirigeants s\u2019encha\u00eenent sans arriver \u00e0 apaiser et unifier. Et nous pouvons participer bien facilement et parfois malgr\u00e9 nous \u00e0 ce concert de d\u00e9senchantement. Il n\u2019y a gu\u00e8re plus que les marins du Vend\u00e9e Globe, dans les Oc\u00e9ans de l\u2019autre bout du monde, qui arrivent encore \u00e0 nous faire r\u00eaver, \u00e0 nous ouvrir l\u2019horizon, \u00e0 nous laisser respirer ces embruns que l\u2019on voudrait jusqu\u2019\u00e0 nous. Le peuple est en attente, comme ces populations qui se pressent aupr\u00e8s de Jean dans le d\u00e9sert\u2026 sauf qu\u2019il ne voit peut-\u00eatre pas de Jean-Baptiste autour de lui\u2026<\/p>\n\n\n\n<p>Mais la voix du proph\u00e8te Isa\u00efe s\u2019\u00e9chappe du brouhaha ambiant comme une trompette limpide jaillirait d\u2019une cacophonie. \u00ab&nbsp;<em>Consolez, consolez mon peuple, dit votre Dieu, parlez au c\u0153ur de J\u00e9rusalem <\/em>[\u2026]<em> Pr\u00e9parez le chemin du Seigneur&nbsp;; tracez droit, dans les terres arides, une route pour notre Dieu. Que les escarpements se changent en plaine, et les sommets, en large vall\u00e9e&nbsp;! <\/em>[\u2026]<em> Voici votre Dieu&nbsp;! Voici le Seigneur Dieu&nbsp;! Comme un berger, il fait pa\u00eetre son troupeau&nbsp;: son bras rassemble les agneaux, il les porte sur son c\u0153ur.<\/em>&nbsp;\u00bb Parole d\u2019esp\u00e9rance pour nous r\u00e9veiller \u00e0 l\u2019esp\u00e9rance. Parole de vie et de lumi\u00e8re pour nous faire entrer dans la vie et la lumi\u00e8re. Parole d\u2019esp\u00e9rance \u00e0 recevoir pour nous-m\u00eames puisqu\u2019elle se donne \u00e0 nous, pour que nous puissions la porter et la vivre avec tous ceux qui nous entourent. Ceux-l\u00e0 m\u00eames qui sont fatigu\u00e9s, inquiets et isol\u00e9s. Ceux-l\u00e0 m\u00eame qui n\u2019ont plus d\u2019esp\u00e9rance ou qui sont \u00e9puis\u00e9s d\u2019esp\u00e9rer. \u00ab<em>&nbsp;Nous attendons, selon la promesse du Seigneur, un ciel nouveau et une terre nouvelle o\u00f9 r\u00e9sidera la justice<\/em>&nbsp;\u00bb, disait l\u2019ap\u00f4tre Pierre dans sa Lettre. Terre et cieux nouveaux de paix et de lumi\u00e8re qui ne sont pas pour dans 1000 ans ou plus tard encore&nbsp;! Mais qui sont \u00e0 accueillir d\u00e8s aujourd\u2019hui car le Seigneur ne nous fait pas patienter ind\u00e9finiment. \u00ab&nbsp;<em>Il ne tarde pas \u00e0 tenir sa promesse<\/em>&nbsp;\u00bb. Et il nous faut apprendre \u00e0 le voir, \u00e0 l\u2019entendre, \u00e0 l\u2019accueillir. Sans plus attendre. Maintenant. Dans sa Parole, dans son Pain partag\u00e9, dans la fraternit\u00e9 v\u00e9cue au quotidien, dans cette attention des uns et des autres. \u00ab&nbsp;Veillons les uns sur les autres&nbsp;\u00bb, voulons-nous vivre en ce temps d\u2019Avent. Quelle meilleure fa\u00e7on de veiller les uns sur les autres que d\u2019\u00eatre porteurs et t\u00e9moins de cette lumineuse esp\u00e9rance qui traverse les obscurit\u00e9s des c\u0153urs et du monde pour mener les hommes \u00e0 la joie, \u00e0 la f\u00eate et \u00e0 la communion&nbsp;? Soyons de ces artisans qui comblent les ravins de la peur et du doute, et abaissent les montagnes de l\u2019indiff\u00e9rence et du chacun pour soi. Soyons de ces marcheurs qui prennent le chemin de No\u00ebl non pour eux seulement mais qui entra\u00eenent par leur \u00e9lan tous ceux qui errent sans plus trop savoir o\u00f9 aller. Soyons de ces Jean-Baptiste, qui crient peut-\u00eatre dans le d\u00e9sert mais donnent \u00e0 voir et \u00e0 entendre une lumi\u00e8re, une esp\u00e9rance, une joie, un style de vie.<\/p>\n\n\n\n<p>Veillons les uns sur les autres, comme il veille sur nous. Car c\u2019est Lui, d\u2019abord, qui prend patience et qui \u00ab&nbsp;<em>ne veut pas en laisser quelques-uns se perdre.<\/em>&nbsp;\u00bb C\u2019est Lui qui dit \u00ab&nbsp;<em>la paix pour son peuple et ses fid\u00e8les&nbsp;<\/em>\u00bb et qui \u00ab&nbsp;<em>donne ses bienfaits <\/em>\u00bb (Psaume). Non seulement il dit la paix, mais il <em>est<\/em> la paix, le \u00ab&nbsp;Prince de la Paix&nbsp;\u00bb comme annonc\u00e9 par Isa\u00efe et r\u00e9v\u00e9l\u00e9 dans l\u2019Enfant que nous attendons. La Parole de ce jour est d\u00e9j\u00e0 un exemple de cette veille divine&nbsp;: il nous offre les mots dont nous avons besoin, il s\u2019offre lui-m\u00eame \u00e0 nous en cette Parole de vie. Il est Celui qui nous rejoint, jour apr\u00e8s jour, semaine apr\u00e8s semaine, et qui pr\u00e9pare nos c\u0153urs \u00e0 le recevoir, pour peu que nous acceptions de faire de nos existences autant de cr\u00e8ches pr\u00eates \u00e0 l\u2019accueillir. Pour peu que nous n\u2019accumulions pas, mais que nous laissions l\u2019espace pour qu\u2019il prenne place en nous, en nos yeux, en nos mains, en nos oreilles, en nos c\u0153urs, en nos d\u00e9sirs. Chacun de nous, personnellement, en en communaut\u00e9, en Eglise, en Peuple et en Corps que nous formons, pour devenir signe autour de nous de Sa tendresse, de Sa pr\u00e9sence et de Sa veille. \u00ab&nbsp;<em>Voici votre Dieu, voici le Seigneur Dieu&nbsp;! Il vient avec puissance&nbsp;<\/em>\u00bb\u2026 et il est l\u00e0, d\u00e9j\u00e0, tout pr\u00eat de nous, amoureusement.<\/p>\n\n\n\n<p>\u00ab<em>&nbsp;Commencement de la Bonne Nouvelle de J\u00e9sus, Christ, Fils de Dieu<\/em>&nbsp;\u00bb, disent les premiers mots de l\u2019\u00e9vangile selon Saint Marc. Que cet Avent et cette pr\u00e9paration au temps de No\u00ebl soient un v\u00e9ritable \u00ab&nbsp;commencement de la Bonne Nouvelle de J\u00e9sus Christ&nbsp;\u00bb. Un commencement comme un nouvel \u00e9lan, comme un matin apr\u00e8s la nuit, comme un principe initial qui donne souffle, comme la gen\u00e8se d\u2019une aventure qui n\u2019aura pas de fin. Comme une naissance, celle de l\u2019Enfant de la cr\u00e8che, la notre et celle du monde, toutes trois unies dans le m\u00eame Esprit.<\/p>\n\n\n\n<p>Amen.<\/p>\n\n\n\n<p>P. Beno\u00eet Lecomte<\/p>\n","protected":false},"excerpt":{"rendered":"<p>2\u00e8me dimanche de l\u2019Avent. Deuxi\u00e8me dimanche de l\u2019attente. Notre chemin d\u2019Avent marque une nouvelle \u00e9tape et nous allumons une nouvelle bougie. Lumi\u00e8re bienvenue en ces temps compliqu\u00e9s. La f\u00eate de No\u00ebl approche mais le c\u0153ur n\u2019est pas encore \u00e0 la f\u00eate. Pourrons-nous nous retrouver en famille&nbsp;? Quand pourrons-nous retrouver de fa\u00e7on simple les personnes isol\u00e9es [&hellip;]<\/p>\n","protected":false},"author":4,"featured_media":759,"comment_status":"open","ping_status":"open","sticky":false,"template":"","format":"standard","meta":{"_acf_changed":false,"paroisse":["15"],"service":["0"],"footnotes":""},"categories":[1,4,3],"tags":[],"class_list":["post-758","post","type-post","status-publish","format-standard","has-post-thumbnail","hentry","category-actualites","category-barbezieux","category-homelies","validated"],"acf":[],"yoast_head":"<!-- This site is optimized with the Yoast SEO plugin v27.1.1 - https:\/\/yoast.com\/product\/yoast-seo-wordpress\/ -->\n<title>Hom\u00e9lie du 6 d\u00e9cembre 2020 par le P. Beno\u00eet Lecomte - Doyenn\u00e9 Sud Charente<\/title>\n<meta name=\"robots\" content=\"index, follow, max-snippet:-1, max-image-preview:large, max-video-preview:-1\" \/>\n<link rel=\"canonical\" href=\"https:\/\/charente.catholique.fr\/sud-charente\/actualites\/homelie-du-6-decembre-2020-par-le-p-benoit-lecomte\/\" \/>\n<meta property=\"og:locale\" content=\"fr_FR\" \/>\n<meta property=\"og:type\" content=\"article\" \/>\n<meta property=\"og:title\" content=\"Hom\u00e9lie du 6 d\u00e9cembre 2020 par le P. Beno\u00eet Lecomte - Doyenn\u00e9 Sud Charente\" \/>\n<meta property=\"og:description\" content=\"2\u00e8me dimanche de l\u2019Avent. Deuxi\u00e8me dimanche de l\u2019attente. Notre chemin d\u2019Avent marque une nouvelle \u00e9tape et nous allumons une nouvelle bougie. Lumi\u00e8re bienvenue en ces temps compliqu\u00e9s. La f\u00eate de No\u00ebl approche mais le c\u0153ur n\u2019est pas encore \u00e0 la f\u00eate. Pourrons-nous nous retrouver en famille&nbsp;? Quand pourrons-nous retrouver de fa\u00e7on simple les personnes isol\u00e9es [&hellip;]\" \/>\n<meta property=\"og:url\" content=\"https:\/\/charente.catholique.fr\/sud-charente\/actualites\/homelie-du-6-decembre-2020-par-le-p-benoit-lecomte\/\" \/>\n<meta property=\"og:site_name\" content=\"Doyenn\u00e9 Sud Charente\" \/>\n<meta property=\"article:publisher\" content=\"https:\/\/www.facebook.com\/EgliseCatholiqueCharente\" \/>\n<meta property=\"article:published_time\" content=\"2020-12-05T21:15:01+00:00\" \/>\n<meta property=\"og:image\" content=\"https:\/\/charente.catholique.fr\/sud-charente\/wp-content\/uploads\/sites\/5\/2020\/12\/102264805-huge-coupee-scaled.jpg\" \/>\n\t<meta property=\"og:image:width\" content=\"2560\" \/>\n\t<meta property=\"og:image:height\" content=\"947\" \/>\n\t<meta property=\"og:image:type\" content=\"image\/jpeg\" \/>\n<meta name=\"author\" content=\"Beno\u00eet\" \/>\n<meta name=\"twitter:card\" content=\"summary_large_image\" \/>\n<meta name=\"twitter:creator\" content=\"@diocesecharente\" \/>\n<meta name=\"twitter:site\" content=\"@diocesecharente\" \/>\n<meta name=\"twitter:label1\" content=\"\u00c9crit par\" \/>\n\t<meta name=\"twitter:data1\" content=\"Beno\u00eet\" \/>\n\t<meta name=\"twitter:label2\" content=\"Dur\u00e9e de lecture estim\u00e9e\" \/>\n\t<meta name=\"twitter:data2\" content=\"5 minutes\" \/>\n<script type=\"application\/ld+json\" class=\"yoast-schema-graph\">{\"@context\":\"https:\/\/schema.org\",\"@graph\":[{\"@type\":\"Article\",\"@id\":\"https:\/\/charente.catholique.fr\/sud-charente\/actualites\/homelie-du-6-decembre-2020-par-le-p-benoit-lecomte\/#article\",\"isPartOf\":{\"@id\":\"https:\/\/charente.catholique.fr\/sud-charente\/actualites\/homelie-du-6-decembre-2020-par-le-p-benoit-lecomte\/\"},\"author\":{\"name\":\"Beno\u00eet\",\"@id\":\"https:\/\/charente.catholique.fr\/sud-charente\/#\/schema\/person\/ddcc6ba32a4484b49a276652de901387\"},\"headline\":\"Hom\u00e9lie du 6 d\u00e9cembre 2020 par le P. Beno\u00eet Lecomte\",\"datePublished\":\"2020-12-05T21:15:01+00:00\",\"mainEntityOfPage\":{\"@id\":\"https:\/\/charente.catholique.fr\/sud-charente\/actualites\/homelie-du-6-decembre-2020-par-le-p-benoit-lecomte\/\"},\"wordCount\":1109,\"commentCount\":1,\"publisher\":{\"@id\":\"https:\/\/charente.catholique.fr\/sud-charente\/#organization\"},\"image\":{\"@id\":\"https:\/\/charente.catholique.fr\/sud-charente\/actualites\/homelie-du-6-decembre-2020-par-le-p-benoit-lecomte\/#primaryimage\"},\"thumbnailUrl\":\"https:\/\/charente.catholique.fr\/sud-charente\/wp-content\/uploads\/sites\/5\/2020\/12\/102264805-huge-coupee-scaled.jpg\",\"articleSection\":[\"Actualit\u00e9s\",\"Barbezieux\",\"Hom\u00e9lies\"],\"inLanguage\":\"fr-FR\",\"potentialAction\":[{\"@type\":\"CommentAction\",\"name\":\"Comment\",\"target\":[\"https:\/\/charente.catholique.fr\/sud-charente\/actualites\/homelie-du-6-decembre-2020-par-le-p-benoit-lecomte\/#respond\"]}]},{\"@type\":\"WebPage\",\"@id\":\"https:\/\/charente.catholique.fr\/sud-charente\/actualites\/homelie-du-6-decembre-2020-par-le-p-benoit-lecomte\/\",\"url\":\"https:\/\/charente.catholique.fr\/sud-charente\/actualites\/homelie-du-6-decembre-2020-par-le-p-benoit-lecomte\/\",\"name\":\"Hom\u00e9lie du 6 d\u00e9cembre 2020 par le P. Beno\u00eet Lecomte - Doyenn\u00e9 Sud Charente\",\"isPartOf\":{\"@id\":\"https:\/\/charente.catholique.fr\/sud-charente\/#website\"},\"primaryImageOfPage\":{\"@id\":\"https:\/\/charente.catholique.fr\/sud-charente\/actualites\/homelie-du-6-decembre-2020-par-le-p-benoit-lecomte\/#primaryimage\"},\"image\":{\"@id\":\"https:\/\/charente.catholique.fr\/sud-charente\/actualites\/homelie-du-6-decembre-2020-par-le-p-benoit-lecomte\/#primaryimage\"},\"thumbnailUrl\":\"https:\/\/charente.catholique.fr\/sud-charente\/wp-content\/uploads\/sites\/5\/2020\/12\/102264805-huge-coupee-scaled.jpg\",\"datePublished\":\"2020-12-05T21:15:01+00:00\",\"breadcrumb\":{\"@id\":\"https:\/\/charente.catholique.fr\/sud-charente\/actualites\/homelie-du-6-decembre-2020-par-le-p-benoit-lecomte\/#breadcrumb\"},\"inLanguage\":\"fr-FR\",\"potentialAction\":[{\"@type\":\"ReadAction\",\"target\":[\"https:\/\/charente.catholique.fr\/sud-charente\/actualites\/homelie-du-6-decembre-2020-par-le-p-benoit-lecomte\/\"]}]},{\"@type\":\"ImageObject\",\"inLanguage\":\"fr-FR\",\"@id\":\"https:\/\/charente.catholique.fr\/sud-charente\/actualites\/homelie-du-6-decembre-2020-par-le-p-benoit-lecomte\/#primaryimage\",\"url\":\"https:\/\/charente.catholique.fr\/sud-charente\/wp-content\/uploads\/sites\/5\/2020\/12\/102264805-huge-coupee-scaled.jpg\",\"contentUrl\":\"https:\/\/charente.catholique.fr\/sud-charente\/wp-content\/uploads\/sites\/5\/2020\/12\/102264805-huge-coupee-scaled.jpg\",\"width\":2560,\"height\":947},{\"@type\":\"BreadcrumbList\",\"@id\":\"https:\/\/charente.catholique.fr\/sud-charente\/actualites\/homelie-du-6-decembre-2020-par-le-p-benoit-lecomte\/#breadcrumb\",\"itemListElement\":[{\"@type\":\"ListItem\",\"position\":1,\"name\":\"Accueil\",\"item\":\"https:\/\/charente.catholique.fr\/sud-charente\/\"},{\"@type\":\"ListItem\",\"position\":2,\"name\":\"Hom\u00e9lie du 6 d\u00e9cembre 2020 par le P. Beno\u00eet Lecomte\"}]},{\"@type\":\"WebSite\",\"@id\":\"https:\/\/charente.catholique.fr\/sud-charente\/#website\",\"url\":\"https:\/\/charente.catholique.fr\/sud-charente\/\",\"name\":\"Doyenn\u00e9 Sud Charente - Dioc\u00e8se d'Angoul\u00eame\",\"description\":\"Dioc\u00e8se d&#039;Angoul\u00eame\",\"publisher\":{\"@id\":\"https:\/\/charente.catholique.fr\/sud-charente\/#organization\"},\"potentialAction\":[{\"@type\":\"SearchAction\",\"target\":{\"@type\":\"EntryPoint\",\"urlTemplate\":\"https:\/\/charente.catholique.fr\/sud-charente\/?s={search_term_string}\"},\"query-input\":{\"@type\":\"PropertyValueSpecification\",\"valueRequired\":true,\"valueName\":\"search_term_string\"}}],\"inLanguage\":\"fr-FR\"},{\"@type\":\"Organization\",\"@id\":\"https:\/\/charente.catholique.fr\/sud-charente\/#organization\",\"name\":\"Association dioc\u00e9saine d'Angoul\u00eame\",\"url\":\"https:\/\/charente.catholique.fr\/sud-charente\/\",\"logo\":{\"@type\":\"ImageObject\",\"inLanguage\":\"fr-FR\",\"@id\":\"https:\/\/charente.catholique.fr\/sud-charente\/#\/schema\/logo\/image\/\",\"url\":\"https:\/\/charente.catholique.fr\/sud-charente\/wp-content\/uploads\/sites\/5\/2020\/10\/logos.png\",\"contentUrl\":\"https:\/\/charente.catholique.fr\/sud-charente\/wp-content\/uploads\/sites\/5\/2020\/10\/logos.png\",\"width\":600,\"height\":257,\"caption\":\"Association dioc\u00e9saine d'Angoul\u00eame\"},\"image\":{\"@id\":\"https:\/\/charente.catholique.fr\/sud-charente\/#\/schema\/logo\/image\/\"},\"sameAs\":[\"https:\/\/www.facebook.com\/EgliseCatholiqueCharente\",\"https:\/\/x.com\/diocesecharente\",\"https:\/\/www.instagram.com\/eglisecharente\",\"https:\/\/www.youtube.com\/channel\/UCByyFWApZbw3gDTiADoiAaQ\"]},{\"@type\":\"Person\",\"@id\":\"https:\/\/charente.catholique.fr\/sud-charente\/#\/schema\/person\/ddcc6ba32a4484b49a276652de901387\",\"name\":\"Beno\u00eet\",\"image\":{\"@type\":\"ImageObject\",\"inLanguage\":\"fr-FR\",\"@id\":\"https:\/\/charente.catholique.fr\/sud-charente\/#\/schema\/person\/image\/\",\"url\":\"https:\/\/secure.gravatar.com\/avatar\/367de281020c81cafc6a2f9b79fef00a1981a890412ad8b09b11385575886666?s=96&d=mm&r=g\",\"contentUrl\":\"https:\/\/secure.gravatar.com\/avatar\/367de281020c81cafc6a2f9b79fef00a1981a890412ad8b09b11385575886666?s=96&d=mm&r=g\",\"caption\":\"Beno\u00eet\"},\"url\":\"https:\/\/charente.catholique.fr\/sud-charente\/author\/benoitlecomte\/\"}]}<\/script>\n<!-- \/ Yoast SEO plugin. -->","yoast_head_json":{"title":"Hom\u00e9lie du 6 d\u00e9cembre 2020 par le P. Beno\u00eet Lecomte - Doyenn\u00e9 Sud Charente","robots":{"index":"index","follow":"follow","max-snippet":"max-snippet:-1","max-image-preview":"max-image-preview:large","max-video-preview":"max-video-preview:-1"},"canonical":"https:\/\/charente.catholique.fr\/sud-charente\/actualites\/homelie-du-6-decembre-2020-par-le-p-benoit-lecomte\/","og_locale":"fr_FR","og_type":"article","og_title":"Hom\u00e9lie du 6 d\u00e9cembre 2020 par le P. Beno\u00eet Lecomte - Doyenn\u00e9 Sud Charente","og_description":"2\u00e8me dimanche de l\u2019Avent. Deuxi\u00e8me dimanche de l\u2019attente. Notre chemin d\u2019Avent marque une nouvelle \u00e9tape et nous allumons une nouvelle bougie. Lumi\u00e8re bienvenue en ces temps compliqu\u00e9s. La f\u00eate de No\u00ebl approche mais le c\u0153ur n\u2019est pas encore \u00e0 la f\u00eate. Pourrons-nous nous retrouver en famille&nbsp;? Quand pourrons-nous retrouver de fa\u00e7on simple les personnes isol\u00e9es [&hellip;]","og_url":"https:\/\/charente.catholique.fr\/sud-charente\/actualites\/homelie-du-6-decembre-2020-par-le-p-benoit-lecomte\/","og_site_name":"Doyenn\u00e9 Sud Charente","article_publisher":"https:\/\/www.facebook.com\/EgliseCatholiqueCharente","article_published_time":"2020-12-05T21:15:01+00:00","og_image":[{"width":2560,"height":947,"url":"https:\/\/charente.catholique.fr\/sud-charente\/wp-content\/uploads\/sites\/5\/2020\/12\/102264805-huge-coupee-scaled.jpg","type":"image\/jpeg"}],"author":"Beno\u00eet","twitter_card":"summary_large_image","twitter_creator":"@diocesecharente","twitter_site":"@diocesecharente","twitter_misc":{"\u00c9crit par":"Beno\u00eet","Dur\u00e9e de lecture estim\u00e9e":"5 minutes"},"schema":{"@context":"https:\/\/schema.org","@graph":[{"@type":"Article","@id":"https:\/\/charente.catholique.fr\/sud-charente\/actualites\/homelie-du-6-decembre-2020-par-le-p-benoit-lecomte\/#article","isPartOf":{"@id":"https:\/\/charente.catholique.fr\/sud-charente\/actualites\/homelie-du-6-decembre-2020-par-le-p-benoit-lecomte\/"},"author":{"name":"Beno\u00eet","@id":"https:\/\/charente.catholique.fr\/sud-charente\/#\/schema\/person\/ddcc6ba32a4484b49a276652de901387"},"headline":"Hom\u00e9lie du 6 d\u00e9cembre 2020 par le P. Beno\u00eet Lecomte","datePublished":"2020-12-05T21:15:01+00:00","mainEntityOfPage":{"@id":"https:\/\/charente.catholique.fr\/sud-charente\/actualites\/homelie-du-6-decembre-2020-par-le-p-benoit-lecomte\/"},"wordCount":1109,"commentCount":1,"publisher":{"@id":"https:\/\/charente.catholique.fr\/sud-charente\/#organization"},"image":{"@id":"https:\/\/charente.catholique.fr\/sud-charente\/actualites\/homelie-du-6-decembre-2020-par-le-p-benoit-lecomte\/#primaryimage"},"thumbnailUrl":"https:\/\/charente.catholique.fr\/sud-charente\/wp-content\/uploads\/sites\/5\/2020\/12\/102264805-huge-coupee-scaled.jpg","articleSection":["Actualit\u00e9s","Barbezieux","Hom\u00e9lies"],"inLanguage":"fr-FR","potentialAction":[{"@type":"CommentAction","name":"Comment","target":["https:\/\/charente.catholique.fr\/sud-charente\/actualites\/homelie-du-6-decembre-2020-par-le-p-benoit-lecomte\/#respond"]}]},{"@type":"WebPage","@id":"https:\/\/charente.catholique.fr\/sud-charente\/actualites\/homelie-du-6-decembre-2020-par-le-p-benoit-lecomte\/","url":"https:\/\/charente.catholique.fr\/sud-charente\/actualites\/homelie-du-6-decembre-2020-par-le-p-benoit-lecomte\/","name":"Hom\u00e9lie du 6 d\u00e9cembre 2020 par le P. Beno\u00eet Lecomte - Doyenn\u00e9 Sud Charente","isPartOf":{"@id":"https:\/\/charente.catholique.fr\/sud-charente\/#website"},"primaryImageOfPage":{"@id":"https:\/\/charente.catholique.fr\/sud-charente\/actualites\/homelie-du-6-decembre-2020-par-le-p-benoit-lecomte\/#primaryimage"},"image":{"@id":"https:\/\/charente.catholique.fr\/sud-charente\/actualites\/homelie-du-6-decembre-2020-par-le-p-benoit-lecomte\/#primaryimage"},"thumbnailUrl":"https:\/\/charente.catholique.fr\/sud-charente\/wp-content\/uploads\/sites\/5\/2020\/12\/102264805-huge-coupee-scaled.jpg","datePublished":"2020-12-05T21:15:01+00:00","breadcrumb":{"@id":"https:\/\/charente.catholique.fr\/sud-charente\/actualites\/homelie-du-6-decembre-2020-par-le-p-benoit-lecomte\/#breadcrumb"},"inLanguage":"fr-FR","potentialAction":[{"@type":"ReadAction","target":["https:\/\/charente.catholique.fr\/sud-charente\/actualites\/homelie-du-6-decembre-2020-par-le-p-benoit-lecomte\/"]}]},{"@type":"ImageObject","inLanguage":"fr-FR","@id":"https:\/\/charente.catholique.fr\/sud-charente\/actualites\/homelie-du-6-decembre-2020-par-le-p-benoit-lecomte\/#primaryimage","url":"https:\/\/charente.catholique.fr\/sud-charente\/wp-content\/uploads\/sites\/5\/2020\/12\/102264805-huge-coupee-scaled.jpg","contentUrl":"https:\/\/charente.catholique.fr\/sud-charente\/wp-content\/uploads\/sites\/5\/2020\/12\/102264805-huge-coupee-scaled.jpg","width":2560,"height":947},{"@type":"BreadcrumbList","@id":"https:\/\/charente.catholique.fr\/sud-charente\/actualites\/homelie-du-6-decembre-2020-par-le-p-benoit-lecomte\/#breadcrumb","itemListElement":[{"@type":"ListItem","position":1,"name":"Accueil","item":"https:\/\/charente.catholique.fr\/sud-charente\/"},{"@type":"ListItem","position":2,"name":"Hom\u00e9lie du 6 d\u00e9cembre 2020 par le P. Beno\u00eet Lecomte"}]},{"@type":"WebSite","@id":"https:\/\/charente.catholique.fr\/sud-charente\/#website","url":"https:\/\/charente.catholique.fr\/sud-charente\/","name":"Doyenn\u00e9 Sud Charente - Dioc\u00e8se d'Angoul\u00eame","description":"Dioc\u00e8se d&#039;Angoul\u00eame","publisher":{"@id":"https:\/\/charente.catholique.fr\/sud-charente\/#organization"},"potentialAction":[{"@type":"SearchAction","target":{"@type":"EntryPoint","urlTemplate":"https:\/\/charente.catholique.fr\/sud-charente\/?s={search_term_string}"},"query-input":{"@type":"PropertyValueSpecification","valueRequired":true,"valueName":"search_term_string"}}],"inLanguage":"fr-FR"},{"@type":"Organization","@id":"https:\/\/charente.catholique.fr\/sud-charente\/#organization","name":"Association dioc\u00e9saine d'Angoul\u00eame","url":"https:\/\/charente.catholique.fr\/sud-charente\/","logo":{"@type":"ImageObject","inLanguage":"fr-FR","@id":"https:\/\/charente.catholique.fr\/sud-charente\/#\/schema\/logo\/image\/","url":"https:\/\/charente.catholique.fr\/sud-charente\/wp-content\/uploads\/sites\/5\/2020\/10\/logos.png","contentUrl":"https:\/\/charente.catholique.fr\/sud-charente\/wp-content\/uploads\/sites\/5\/2020\/10\/logos.png","width":600,"height":257,"caption":"Association dioc\u00e9saine d'Angoul\u00eame"},"image":{"@id":"https:\/\/charente.catholique.fr\/sud-charente\/#\/schema\/logo\/image\/"},"sameAs":["https:\/\/www.facebook.com\/EgliseCatholiqueCharente","https:\/\/x.com\/diocesecharente","https:\/\/www.instagram.com\/eglisecharente","https:\/\/www.youtube.com\/channel\/UCByyFWApZbw3gDTiADoiAaQ"]},{"@type":"Person","@id":"https:\/\/charente.catholique.fr\/sud-charente\/#\/schema\/person\/ddcc6ba32a4484b49a276652de901387","name":"Beno\u00eet","image":{"@type":"ImageObject","inLanguage":"fr-FR","@id":"https:\/\/charente.catholique.fr\/sud-charente\/#\/schema\/person\/image\/","url":"https:\/\/secure.gravatar.com\/avatar\/367de281020c81cafc6a2f9b79fef00a1981a890412ad8b09b11385575886666?s=96&d=mm&r=g","contentUrl":"https:\/\/secure.gravatar.com\/avatar\/367de281020c81cafc6a2f9b79fef00a1981a890412ad8b09b11385575886666?s=96&d=mm&r=g","caption":"Beno\u00eet"},"url":"https:\/\/charente.catholique.fr\/sud-charente\/author\/benoitlecomte\/"}]}},"_links":{"self":[{"href":"https:\/\/charente.catholique.fr\/sud-charente\/wp-json\/wp\/v2\/posts\/758","targetHints":{"allow":["GET"]}}],"collection":[{"href":"https:\/\/charente.catholique.fr\/sud-charente\/wp-json\/wp\/v2\/posts"}],"about":[{"href":"https:\/\/charente.catholique.fr\/sud-charente\/wp-json\/wp\/v2\/types\/post"}],"author":[{"embeddable":true,"href":"https:\/\/charente.catholique.fr\/sud-charente\/wp-json\/wp\/v2\/users\/4"}],"replies":[{"embeddable":true,"href":"https:\/\/charente.catholique.fr\/sud-charente\/wp-json\/wp\/v2\/comments?post=758"}],"version-history":[{"count":1,"href":"https:\/\/charente.catholique.fr\/sud-charente\/wp-json\/wp\/v2\/posts\/758\/revisions"}],"predecessor-version":[{"id":760,"href":"https:\/\/charente.catholique.fr\/sud-charente\/wp-json\/wp\/v2\/posts\/758\/revisions\/760"}],"wp:featuredmedia":[{"embeddable":true,"href":"https:\/\/charente.catholique.fr\/sud-charente\/wp-json\/wp\/v2\/media\/759"}],"wp:attachment":[{"href":"https:\/\/charente.catholique.fr\/sud-charente\/wp-json\/wp\/v2\/media?parent=758"}],"wp:term":[{"taxonomy":"category","embeddable":true,"href":"https:\/\/charente.catholique.fr\/sud-charente\/wp-json\/wp\/v2\/categories?post=758"},{"taxonomy":"post_tag","embeddable":true,"href":"https:\/\/charente.catholique.fr\/sud-charente\/wp-json\/wp\/v2\/tags?post=758"}],"curies":[{"name":"wp","href":"https:\/\/api.w.org\/{rel}","templated":true}]}}