{"id":7531,"date":"2024-01-15T17:32:14","date_gmt":"2024-01-15T16:32:14","guid":{"rendered":"https:\/\/charente.catholique.fr\/sud-charente\/?p=7531"},"modified":"2024-01-15T17:38:40","modified_gmt":"2024-01-15T16:38:40","slug":"infos-paroissiales-du-14-janvier-2024","status":"publish","type":"post","link":"https:\/\/charente.catholique.fr\/sud-charente\/actualites\/infos-paroissiales-du-14-janvier-2024\/","title":{"rendered":"Infos paroissiales du 14 janvier 2024"},"content":{"rendered":"\n<p>Bonjour \u00e0 toutes et tous,<\/p>\n\n\n\n<p>Une fois n&#8217;est pas coutume, le mail du dimanche soir arrive le&#8230; lundi matin !<\/p>\n\n\n\n<p>&#8211; L&#8217;<strong>Equipe<\/strong><strong> d&#8217;Animation de la Paroisse<\/strong> (EAP) s&#8217;est r\u00e9unie cette semaine. Vous trouverez ici <a href=\"https:\/\/charente.catholique.fr\/sud-charente\/actualites\/echos-de-lequipe-danimation-pastorale-du-9-janvier-2024\/\" target=\"_blank\" rel=\"noreferrer noopener\">quelques \u00e9chos<\/a>.<\/p>\n\n\n\n<p>&#8211; Retrouvez en vid\u00e9o <strong><a href=\"https:\/\/charente.catholique.fr\/actualites\/voeux-de-mgr-gosselin-pour-lannee-2024\/\" target=\"_blank\" rel=\"noreferrer noopener\">les v\u0153ux que notre \u00e9v\u00eaque<\/a><\/strong> a prononc\u00e9s cette semaine, pour la nouvelle ann\u00e9e.<\/p>\n\n\n\n<h5 class=\"wp-block-heading\"><strong>Pr\u00e9parons ensemble le week-end de Pentec\u00f4te en doyenn\u00e9 !<\/strong><\/h5>\n\n\n\n<p>Les 18 et 19 mai 2024, nous vivrons la Pentec\u00f4te en doyenn\u00e9, \u00e0 l&#8217;Abbaye de Maumont. Pour pr\u00e9parer ce grand week-end, que chacun puisse trouver ce qu&#8217;il attend, rendez-vous le dimanche 21 janvier, \u00e0 14h30 \u00e0 Maumont. Covoiturage possible et encourag\u00e9 ! <strong>Pour ceux qui veulent, d\u00e9part depuis le parvis de l&#8217;\u00e9glise \u00e0 13h55.<\/strong><\/p>\n\n\n\n<h5 class=\"wp-block-heading\"><strong>Spectacle Bernadette de Lourdes<\/strong><\/h5>\n\n\n\n<p>Le doyenn\u00e9 Sud Charente propose un bus pour participer au spectacle \u201cBernadette de Lourdes\u201d qui sera donn\u00e9 \u00e0 Bordeaux le 10 mars 2024 \u00e0 15h00.<br>D\u00e9part de Barbezieux \u00e0 13h15<\/p>\n\n\n\n<p>Co\u00fbt : 60\u20ac par personne (transport + place cat\u00e9gorie 2, \u00e0 57\u20ac)<\/p>\n\n\n\n<p>Inscription aupr\u00e8s du secr\u00e9tariat de doyenn\u00e9 : 20, rue Thomas Veillon, 16300 Barbezieux \u2013 05 45 78 01 27<\/p>\n\n\n\n<p>Seul le r\u00e8glement complet valide l\u2019inscription.<\/p>\n\n\n\n<p>Un beau cadeau \u00e0 faire ou \u00e0 vous faire !<\/p>\n\n\n\n<p><a href=\"https:\/\/charente.catholique.fr\/sud-charente\/agenda\/bus-pour-le-spectacle-bernadette-de-lourdes\/\" target=\"_blank\" rel=\"noreferrer noopener\">Infos ici<\/a><\/p>\n\n\n\n<h5 class=\"wp-block-heading\"><strong>Les rendez-vous de la semaine<\/strong><\/h5>\n\n\n\n<p><strong>Lundi 15<\/strong><\/p>\n\n\n\n<p>20h30 Rencontre Net for God, chez Jacques et Fran\u00e7oise Dubois, \u00e0 Cond\u00e9on<\/p>\n\n\n\n<p><strong>Mardi 16<\/strong><\/p>\n\n\n\n<p>8h00 Messe \u00e0 Barbezieux<\/p>\n\n\n\n<p>9h30 Ouverture du caf\u00e9 Le Fraternel, jusqu&#8217;\u00e0 12h<\/p>\n\n\n\n<p>11h00 <strong>Permanence d&#8217;\u00e9coute<\/strong>, \u00e0 l&#8217;oratoire de l&#8217;\u00e9glise de Barbezieux, jusqu&#8217;\u00e0 13h<\/p>\n\n\n\n<p>15h00 Groupe du Renouveau, \u00e0 l&#8217;oratoire<\/p>\n\n\n\n<p><strong>Mercredi 17<\/strong><\/p>\n\n\n\n<p>8h30-9h30 Confessions \u00e0 Barbezieux<\/p>\n\n\n\n<p>10h00 Rencontre de l&#8217;\u00e9quipe de doyenn\u00e9, \u00e0 Blanzac<\/p>\n\n\n\n<p>14h00 Rencontre du cat\u00e9 \u00e0 Baignes<\/p>\n\n\n\n<p>17h30 R\u00e9p\u00e9tition de la chorale \u00e0 Baignes<\/p>\n\n\n\n<p>18h00 Messe \u00e0 Barbezieux, suivie de l&#8217;adoration jusqu&#8217;\u00e0 22h.<\/p>\n\n\n\n<p>18h45-19h30 Permanence de confessions<\/p>\n\n\n\n<p><strong>Jeudi 18<\/strong><\/p>\n\n\n\n<p>9h30 Messe \u00e0 Barbezieux<\/p>\n\n\n\n<p>10h00 Chapelet \u00e0 Barbezieux<\/p>\n\n\n\n<p>20h00 R\u00e9p\u00e9tition de la chorale \u00e0 Barbezieux<\/p>\n\n\n\n<p>20h00 Ap\u00e9ro des femmes, au Fraternel<\/p>\n\n\n\n<p><strong>Vendredi 19<\/strong><\/p>\n\n\n\n<p>9h30 Messe \u00e0 Barbezieux<\/p>\n\n\n\n<p>11h00 Chapelet \u00e0 Vignolles<\/p>\n\n\n\n<p>18h00 Soir\u00e9e &#8220;Initiation \u00e0 la danse&#8221;, au Fraternel<\/p>\n\n\n\n<p>18h15 &#8220;Cin\u00e9 rencontre&#8221;, aum\u00f4nerie des coll\u00e8ges<\/p>\n\n\n\n<p><strong>Samedi 20<\/strong><\/p>\n\n\n\n<p><strong>18h00 Messe \u00e0 Reignac<\/strong><\/p>\n\n\n\n<p><strong>Dimanche 21<\/strong><\/p>\n\n\n\n<p><strong>10h30 Messe \u00e0 Barbezieux<\/strong><\/p>\n\n\n\n<h5 class=\"wp-block-heading\"><strong>Le programme du Fraternel<\/strong><\/h5>\n\n\n\n<p>18 janvier, 20h00 : Ap\u00e9ro des femmes<\/p>\n\n\n\n<p>23 janvier, 20h00 : Assembl\u00e9e g\u00e9n\u00e9rale<\/p>\n\n\n\n<p>26 janvier, 17h30 &#8211; 22h00 : Soir\u00e9e jeux de soci\u00e9t\u00e9<\/p>\n\n\n\n<p>26 janvier, 18h00 &#8211; 19h00 : Initiation \u00e0 la danse<\/p>\n\n\n\n<h5 class=\"wp-block-heading\"><br><strong>Cin\u00e9 &#8211; rencontre avec le Collectif migrants<\/strong><\/h5>\n\n\n\n<p>Le collectif Accueil Migrants de Barbezieux, en partenariat avec Les Bonimenteurs, vous invite \u00e0 une soir\u00e9e cin\u00e9ma, avec le film &nbsp;Le chant des vivants, Jeudi 18 Janvier \u00e0 20h00.En savoir plus :<\/p>\n\n\n\n<p><a href=\"https:\/\/www.google.com\/url?sa=t&amp;rct=j&amp;q=&amp;esrc=s&amp;source=web&amp;cd=&amp;cad=rja&amp;uact=8&amp;ved=2ahUKEwiH0pyDjdqDAxU6V6QEHQrEAuIQFnoECCIQAQ&amp;url=https%3A%2F%2Fwww.allocine.fr%2Ffilm%2Ffichefilm_gen_cfilm%3D299702.html&amp;usg=AOvVaw1kYk-sE-c-LIpk_f_BzXbj&amp;opi=89978449\" target=\"_blank\" rel=\"noreferrer noopener\">Le Chant des vivants &#8211; film 2022AlloCin\u00e9https:\/\/www.allocine.fr \u203afichefilm_gen_cfilm=299702<\/a><\/p>\n\n\n\n<p>La soir\u00e9e sera suivie d\u2019un \u00e9change avec les membres du Collectif et d\u2019un pot convivial dans le hall.<\/p>\n\n\n\n<h5 class=\"wp-block-heading\"><strong>Formations<\/strong><\/h5>\n\n\n\n<p>Le service dioc\u00e9sain de la formation propose un parcours en 3 journ\u00e9es.Pour chaque journ\u00e9e : le matin, un temps de formation, intervention, travaux de groupes et \u00e9changes. L\u2019apr\u00e8s-midi, ateliers pratiques au choix.<\/p>\n\n\n\n<p><a href=\"https:\/\/charente.catholique.fr\/actualites\/parcours-diocesain-de-formation\/\" target=\"_blank\" rel=\"noreferrer noopener\">Toutes les informations sont \u00e0 trouver ici<\/a><\/p>\n\n\n\n<h5 class=\"wp-block-heading\"><strong>Biblioth\u00e8que &#8220;Bo\u00eete-\u00e0-livres&#8221;<\/strong><\/h5>\n\n\n\n<p>Une biblioth\u00e8que a \u00e9t\u00e9 install\u00e9e au fond de l&#8217;\u00e9glise de Barbezieux. Elle peut accueillir les livres spirituels ou chr\u00e9tiens que nous souhaitons mettre \u00e0 disposition de tous et partager ! Sur le fonctionnement des &#8220;bo\u00eetes-\u00e0-livres&#8221; que nous connaissons : on se sert, on remet, on offre&#8230;<\/p>\n\n\n\n<p>Bonnes lectures !<\/p>\n\n\n\n<h5 class=\"wp-block-heading\"><strong>Avis de recherche<\/strong><\/h5>\n\n\n\n<p>Les scouts recherchent <strong>un frigo<\/strong> pour leur local, l&#8217;ancien \u00e9tant d\u00e9finitivement d\u00e9c\u00e9d\u00e9&#8230; Si quelqu&#8217;un en a un dont il ne se sert pas, merci de le signaler !<\/p>\n\n\n\n<p>Bonne semaine \u00e0 toutes et \u00e0 tous !<\/p>\n","protected":false},"excerpt":{"rendered":"<p>Bonjour \u00e0 toutes et tous, Une fois n&#8217;est pas coutume, le mail du dimanche soir arrive le&#8230; lundi matin ! &#8211; L&#8217;Equipe d&#8217;Animation de la Paroisse (EAP) s&#8217;est r\u00e9unie cette semaine. Vous trouverez ici quelques \u00e9chos. &#8211; Retrouvez en vid\u00e9o les v\u0153ux que notre \u00e9v\u00eaque a prononc\u00e9s cette semaine, pour la nouvelle ann\u00e9e. Pr\u00e9parons ensemble [&hellip;]<\/p>\n","protected":false},"author":4,"featured_media":193,"comment_status":"open","ping_status":"open","sticky":false,"template":"","format":"standard","meta":{"_acf_changed":false,"paroisse":["15"],"service":["0"],"footnotes":""},"categories":[1,4,14],"tags":[],"class_list":["post-7531","post","type-post","status-publish","format-standard","has-post-thumbnail","hentry","category-actualites","category-barbezieux","category-infos-paroissiales","validated"],"acf":[],"yoast_head":"<!-- This site is optimized with the Yoast SEO plugin v27.1.1 - https:\/\/yoast.com\/product\/yoast-seo-wordpress\/ -->\n<title>Infos paroissiales du 14 janvier 2024 - Doyenn\u00e9 Sud Charente<\/title>\n<meta name=\"robots\" content=\"index, follow, max-snippet:-1, max-image-preview:large, max-video-preview:-1\" \/>\n<link rel=\"canonical\" href=\"https:\/\/charente.catholique.fr\/sud-charente\/actualites\/infos-paroissiales-du-14-janvier-2024\/\" \/>\n<meta property=\"og:locale\" content=\"fr_FR\" \/>\n<meta property=\"og:type\" content=\"article\" \/>\n<meta property=\"og:title\" content=\"Infos paroissiales du 14 janvier 2024 - Doyenn\u00e9 Sud Charente\" \/>\n<meta property=\"og:description\" content=\"Bonjour \u00e0 toutes et tous, Une fois n&#8217;est pas coutume, le mail du dimanche soir arrive le&#8230; lundi matin ! &#8211; L&#8217;Equipe d&#8217;Animation de la Paroisse (EAP) s&#8217;est r\u00e9unie cette semaine. Vous trouverez ici quelques \u00e9chos. &#8211; Retrouvez en vid\u00e9o les v\u0153ux que notre \u00e9v\u00eaque a prononc\u00e9s cette semaine, pour la nouvelle ann\u00e9e. Pr\u00e9parons ensemble [&hellip;]\" \/>\n<meta property=\"og:url\" content=\"https:\/\/charente.catholique.fr\/sud-charente\/actualites\/infos-paroissiales-du-14-janvier-2024\/\" \/>\n<meta property=\"og:site_name\" content=\"Doyenn\u00e9 Sud Charente\" \/>\n<meta property=\"article:publisher\" content=\"https:\/\/www.facebook.com\/EgliseCatholiqueCharente\" \/>\n<meta property=\"article:published_time\" content=\"2024-01-15T16:32:14+00:00\" \/>\n<meta property=\"article:modified_time\" content=\"2024-01-15T16:38:40+00:00\" \/>\n<meta property=\"og:image\" content=\"https:\/\/charente.catholique.fr\/sud-charente\/wp-content\/uploads\/sites\/5\/2020\/07\/logo_paroissebbb.png\" \/>\n\t<meta property=\"og:image:width\" content=\"4819\" \/>\n\t<meta property=\"og:image:height\" content=\"1449\" \/>\n\t<meta property=\"og:image:type\" content=\"image\/png\" \/>\n<meta name=\"author\" content=\"Beno\u00eet\" \/>\n<meta name=\"twitter:card\" content=\"summary_large_image\" \/>\n<meta name=\"twitter:creator\" content=\"@diocesecharente\" \/>\n<meta name=\"twitter:site\" content=\"@diocesecharente\" \/>\n<meta name=\"twitter:label1\" content=\"\u00c9crit par\" \/>\n\t<meta name=\"twitter:data1\" content=\"Beno\u00eet\" \/>\n\t<meta name=\"twitter:label2\" content=\"Dur\u00e9e de lecture estim\u00e9e\" \/>\n\t<meta name=\"twitter:data2\" content=\"4 minutes\" \/>\n<script type=\"application\/ld+json\" class=\"yoast-schema-graph\">{\"@context\":\"https:\/\/schema.org\",\"@graph\":[{\"@type\":\"Article\",\"@id\":\"https:\/\/charente.catholique.fr\/sud-charente\/actualites\/infos-paroissiales-du-14-janvier-2024\/#article\",\"isPartOf\":{\"@id\":\"https:\/\/charente.catholique.fr\/sud-charente\/actualites\/infos-paroissiales-du-14-janvier-2024\/\"},\"author\":{\"name\":\"Beno\u00eet\",\"@id\":\"https:\/\/charente.catholique.fr\/sud-charente\/#\/schema\/person\/ddcc6ba32a4484b49a276652de901387\"},\"headline\":\"Infos paroissiales du 14 janvier 2024\",\"datePublished\":\"2024-01-15T16:32:14+00:00\",\"dateModified\":\"2024-01-15T16:38:40+00:00\",\"mainEntityOfPage\":{\"@id\":\"https:\/\/charente.catholique.fr\/sud-charente\/actualites\/infos-paroissiales-du-14-janvier-2024\/\"},\"wordCount\":585,\"commentCount\":0,\"publisher\":{\"@id\":\"https:\/\/charente.catholique.fr\/sud-charente\/#organization\"},\"image\":{\"@id\":\"https:\/\/charente.catholique.fr\/sud-charente\/actualites\/infos-paroissiales-du-14-janvier-2024\/#primaryimage\"},\"thumbnailUrl\":\"https:\/\/charente.catholique.fr\/sud-charente\/wp-content\/uploads\/sites\/5\/2020\/07\/logo_paroissebbb.png\",\"articleSection\":[\"Actualit\u00e9s\",\"Barbezieux\",\"Infos paroissiales\"],\"inLanguage\":\"fr-FR\",\"potentialAction\":[{\"@type\":\"CommentAction\",\"name\":\"Comment\",\"target\":[\"https:\/\/charente.catholique.fr\/sud-charente\/actualites\/infos-paroissiales-du-14-janvier-2024\/#respond\"]}]},{\"@type\":\"WebPage\",\"@id\":\"https:\/\/charente.catholique.fr\/sud-charente\/actualites\/infos-paroissiales-du-14-janvier-2024\/\",\"url\":\"https:\/\/charente.catholique.fr\/sud-charente\/actualites\/infos-paroissiales-du-14-janvier-2024\/\",\"name\":\"Infos paroissiales du 14 janvier 2024 - Doyenn\u00e9 Sud Charente\",\"isPartOf\":{\"@id\":\"https:\/\/charente.catholique.fr\/sud-charente\/#website\"},\"primaryImageOfPage\":{\"@id\":\"https:\/\/charente.catholique.fr\/sud-charente\/actualites\/infos-paroissiales-du-14-janvier-2024\/#primaryimage\"},\"image\":{\"@id\":\"https:\/\/charente.catholique.fr\/sud-charente\/actualites\/infos-paroissiales-du-14-janvier-2024\/#primaryimage\"},\"thumbnailUrl\":\"https:\/\/charente.catholique.fr\/sud-charente\/wp-content\/uploads\/sites\/5\/2020\/07\/logo_paroissebbb.png\",\"datePublished\":\"2024-01-15T16:32:14+00:00\",\"dateModified\":\"2024-01-15T16:38:40+00:00\",\"breadcrumb\":{\"@id\":\"https:\/\/charente.catholique.fr\/sud-charente\/actualites\/infos-paroissiales-du-14-janvier-2024\/#breadcrumb\"},\"inLanguage\":\"fr-FR\",\"potentialAction\":[{\"@type\":\"ReadAction\",\"target\":[\"https:\/\/charente.catholique.fr\/sud-charente\/actualites\/infos-paroissiales-du-14-janvier-2024\/\"]}]},{\"@type\":\"ImageObject\",\"inLanguage\":\"fr-FR\",\"@id\":\"https:\/\/charente.catholique.fr\/sud-charente\/actualites\/infos-paroissiales-du-14-janvier-2024\/#primaryimage\",\"url\":\"https:\/\/charente.catholique.fr\/sud-charente\/wp-content\/uploads\/sites\/5\/2020\/07\/logo_paroissebbb.png\",\"contentUrl\":\"https:\/\/charente.catholique.fr\/sud-charente\/wp-content\/uploads\/sites\/5\/2020\/07\/logo_paroissebbb.png\",\"width\":4819,\"height\":1449},{\"@type\":\"BreadcrumbList\",\"@id\":\"https:\/\/charente.catholique.fr\/sud-charente\/actualites\/infos-paroissiales-du-14-janvier-2024\/#breadcrumb\",\"itemListElement\":[{\"@type\":\"ListItem\",\"position\":1,\"name\":\"Accueil\",\"item\":\"https:\/\/charente.catholique.fr\/sud-charente\/\"},{\"@type\":\"ListItem\",\"position\":2,\"name\":\"Infos paroissiales du 14 janvier 2024\"}]},{\"@type\":\"WebSite\",\"@id\":\"https:\/\/charente.catholique.fr\/sud-charente\/#website\",\"url\":\"https:\/\/charente.catholique.fr\/sud-charente\/\",\"name\":\"Doyenn\u00e9 Sud Charente - Dioc\u00e8se d'Angoul\u00eame\",\"description\":\"Dioc\u00e8se d&#039;Angoul\u00eame\",\"publisher\":{\"@id\":\"https:\/\/charente.catholique.fr\/sud-charente\/#organization\"},\"potentialAction\":[{\"@type\":\"SearchAction\",\"target\":{\"@type\":\"EntryPoint\",\"urlTemplate\":\"https:\/\/charente.catholique.fr\/sud-charente\/?s={search_term_string}\"},\"query-input\":{\"@type\":\"PropertyValueSpecification\",\"valueRequired\":true,\"valueName\":\"search_term_string\"}}],\"inLanguage\":\"fr-FR\"},{\"@type\":\"Organization\",\"@id\":\"https:\/\/charente.catholique.fr\/sud-charente\/#organization\",\"name\":\"Association dioc\u00e9saine d'Angoul\u00eame\",\"url\":\"https:\/\/charente.catholique.fr\/sud-charente\/\",\"logo\":{\"@type\":\"ImageObject\",\"inLanguage\":\"fr-FR\",\"@id\":\"https:\/\/charente.catholique.fr\/sud-charente\/#\/schema\/logo\/image\/\",\"url\":\"https:\/\/charente.catholique.fr\/sud-charente\/wp-content\/uploads\/sites\/5\/2020\/10\/logos.png\",\"contentUrl\":\"https:\/\/charente.catholique.fr\/sud-charente\/wp-content\/uploads\/sites\/5\/2020\/10\/logos.png\",\"width\":600,\"height\":257,\"caption\":\"Association dioc\u00e9saine d'Angoul\u00eame\"},\"image\":{\"@id\":\"https:\/\/charente.catholique.fr\/sud-charente\/#\/schema\/logo\/image\/\"},\"sameAs\":[\"https:\/\/www.facebook.com\/EgliseCatholiqueCharente\",\"https:\/\/x.com\/diocesecharente\",\"https:\/\/www.instagram.com\/eglisecharente\",\"https:\/\/www.youtube.com\/channel\/UCByyFWApZbw3gDTiADoiAaQ\"]},{\"@type\":\"Person\",\"@id\":\"https:\/\/charente.catholique.fr\/sud-charente\/#\/schema\/person\/ddcc6ba32a4484b49a276652de901387\",\"name\":\"Beno\u00eet\",\"image\":{\"@type\":\"ImageObject\",\"inLanguage\":\"fr-FR\",\"@id\":\"https:\/\/charente.catholique.fr\/sud-charente\/#\/schema\/person\/image\/\",\"url\":\"https:\/\/secure.gravatar.com\/avatar\/367de281020c81cafc6a2f9b79fef00a1981a890412ad8b09b11385575886666?s=96&d=mm&r=g\",\"contentUrl\":\"https:\/\/secure.gravatar.com\/avatar\/367de281020c81cafc6a2f9b79fef00a1981a890412ad8b09b11385575886666?s=96&d=mm&r=g\",\"caption\":\"Beno\u00eet\"},\"url\":\"https:\/\/charente.catholique.fr\/sud-charente\/author\/benoitlecomte\/\"}]}<\/script>\n<!-- \/ Yoast SEO plugin. -->","yoast_head_json":{"title":"Infos paroissiales du 14 janvier 2024 - Doyenn\u00e9 Sud Charente","robots":{"index":"index","follow":"follow","max-snippet":"max-snippet:-1","max-image-preview":"max-image-preview:large","max-video-preview":"max-video-preview:-1"},"canonical":"https:\/\/charente.catholique.fr\/sud-charente\/actualites\/infos-paroissiales-du-14-janvier-2024\/","og_locale":"fr_FR","og_type":"article","og_title":"Infos paroissiales du 14 janvier 2024 - Doyenn\u00e9 Sud Charente","og_description":"Bonjour \u00e0 toutes et tous, Une fois n&#8217;est pas coutume, le mail du dimanche soir arrive le&#8230; lundi matin ! &#8211; L&#8217;Equipe d&#8217;Animation de la Paroisse (EAP) s&#8217;est r\u00e9unie cette semaine. Vous trouverez ici quelques \u00e9chos. &#8211; Retrouvez en vid\u00e9o les v\u0153ux que notre \u00e9v\u00eaque a prononc\u00e9s cette semaine, pour la nouvelle ann\u00e9e. Pr\u00e9parons ensemble [&hellip;]","og_url":"https:\/\/charente.catholique.fr\/sud-charente\/actualites\/infos-paroissiales-du-14-janvier-2024\/","og_site_name":"Doyenn\u00e9 Sud Charente","article_publisher":"https:\/\/www.facebook.com\/EgliseCatholiqueCharente","article_published_time":"2024-01-15T16:32:14+00:00","article_modified_time":"2024-01-15T16:38:40+00:00","og_image":[{"width":4819,"height":1449,"url":"https:\/\/charente.catholique.fr\/sud-charente\/wp-content\/uploads\/sites\/5\/2020\/07\/logo_paroissebbb.png","type":"image\/png"}],"author":"Beno\u00eet","twitter_card":"summary_large_image","twitter_creator":"@diocesecharente","twitter_site":"@diocesecharente","twitter_misc":{"\u00c9crit par":"Beno\u00eet","Dur\u00e9e de lecture estim\u00e9e":"4 minutes"},"schema":{"@context":"https:\/\/schema.org","@graph":[{"@type":"Article","@id":"https:\/\/charente.catholique.fr\/sud-charente\/actualites\/infos-paroissiales-du-14-janvier-2024\/#article","isPartOf":{"@id":"https:\/\/charente.catholique.fr\/sud-charente\/actualites\/infos-paroissiales-du-14-janvier-2024\/"},"author":{"name":"Beno\u00eet","@id":"https:\/\/charente.catholique.fr\/sud-charente\/#\/schema\/person\/ddcc6ba32a4484b49a276652de901387"},"headline":"Infos paroissiales du 14 janvier 2024","datePublished":"2024-01-15T16:32:14+00:00","dateModified":"2024-01-15T16:38:40+00:00","mainEntityOfPage":{"@id":"https:\/\/charente.catholique.fr\/sud-charente\/actualites\/infos-paroissiales-du-14-janvier-2024\/"},"wordCount":585,"commentCount":0,"publisher":{"@id":"https:\/\/charente.catholique.fr\/sud-charente\/#organization"},"image":{"@id":"https:\/\/charente.catholique.fr\/sud-charente\/actualites\/infos-paroissiales-du-14-janvier-2024\/#primaryimage"},"thumbnailUrl":"https:\/\/charente.catholique.fr\/sud-charente\/wp-content\/uploads\/sites\/5\/2020\/07\/logo_paroissebbb.png","articleSection":["Actualit\u00e9s","Barbezieux","Infos paroissiales"],"inLanguage":"fr-FR","potentialAction":[{"@type":"CommentAction","name":"Comment","target":["https:\/\/charente.catholique.fr\/sud-charente\/actualites\/infos-paroissiales-du-14-janvier-2024\/#respond"]}]},{"@type":"WebPage","@id":"https:\/\/charente.catholique.fr\/sud-charente\/actualites\/infos-paroissiales-du-14-janvier-2024\/","url":"https:\/\/charente.catholique.fr\/sud-charente\/actualites\/infos-paroissiales-du-14-janvier-2024\/","name":"Infos paroissiales du 14 janvier 2024 - Doyenn\u00e9 Sud Charente","isPartOf":{"@id":"https:\/\/charente.catholique.fr\/sud-charente\/#website"},"primaryImageOfPage":{"@id":"https:\/\/charente.catholique.fr\/sud-charente\/actualites\/infos-paroissiales-du-14-janvier-2024\/#primaryimage"},"image":{"@id":"https:\/\/charente.catholique.fr\/sud-charente\/actualites\/infos-paroissiales-du-14-janvier-2024\/#primaryimage"},"thumbnailUrl":"https:\/\/charente.catholique.fr\/sud-charente\/wp-content\/uploads\/sites\/5\/2020\/07\/logo_paroissebbb.png","datePublished":"2024-01-15T16:32:14+00:00","dateModified":"2024-01-15T16:38:40+00:00","breadcrumb":{"@id":"https:\/\/charente.catholique.fr\/sud-charente\/actualites\/infos-paroissiales-du-14-janvier-2024\/#breadcrumb"},"inLanguage":"fr-FR","potentialAction":[{"@type":"ReadAction","target":["https:\/\/charente.catholique.fr\/sud-charente\/actualites\/infos-paroissiales-du-14-janvier-2024\/"]}]},{"@type":"ImageObject","inLanguage":"fr-FR","@id":"https:\/\/charente.catholique.fr\/sud-charente\/actualites\/infos-paroissiales-du-14-janvier-2024\/#primaryimage","url":"https:\/\/charente.catholique.fr\/sud-charente\/wp-content\/uploads\/sites\/5\/2020\/07\/logo_paroissebbb.png","contentUrl":"https:\/\/charente.catholique.fr\/sud-charente\/wp-content\/uploads\/sites\/5\/2020\/07\/logo_paroissebbb.png","width":4819,"height":1449},{"@type":"BreadcrumbList","@id":"https:\/\/charente.catholique.fr\/sud-charente\/actualites\/infos-paroissiales-du-14-janvier-2024\/#breadcrumb","itemListElement":[{"@type":"ListItem","position":1,"name":"Accueil","item":"https:\/\/charente.catholique.fr\/sud-charente\/"},{"@type":"ListItem","position":2,"name":"Infos paroissiales du 14 janvier 2024"}]},{"@type":"WebSite","@id":"https:\/\/charente.catholique.fr\/sud-charente\/#website","url":"https:\/\/charente.catholique.fr\/sud-charente\/","name":"Doyenn\u00e9 Sud Charente - Dioc\u00e8se d'Angoul\u00eame","description":"Dioc\u00e8se d&#039;Angoul\u00eame","publisher":{"@id":"https:\/\/charente.catholique.fr\/sud-charente\/#organization"},"potentialAction":[{"@type":"SearchAction","target":{"@type":"EntryPoint","urlTemplate":"https:\/\/charente.catholique.fr\/sud-charente\/?s={search_term_string}"},"query-input":{"@type":"PropertyValueSpecification","valueRequired":true,"valueName":"search_term_string"}}],"inLanguage":"fr-FR"},{"@type":"Organization","@id":"https:\/\/charente.catholique.fr\/sud-charente\/#organization","name":"Association dioc\u00e9saine d'Angoul\u00eame","url":"https:\/\/charente.catholique.fr\/sud-charente\/","logo":{"@type":"ImageObject","inLanguage":"fr-FR","@id":"https:\/\/charente.catholique.fr\/sud-charente\/#\/schema\/logo\/image\/","url":"https:\/\/charente.catholique.fr\/sud-charente\/wp-content\/uploads\/sites\/5\/2020\/10\/logos.png","contentUrl":"https:\/\/charente.catholique.fr\/sud-charente\/wp-content\/uploads\/sites\/5\/2020\/10\/logos.png","width":600,"height":257,"caption":"Association dioc\u00e9saine d'Angoul\u00eame"},"image":{"@id":"https:\/\/charente.catholique.fr\/sud-charente\/#\/schema\/logo\/image\/"},"sameAs":["https:\/\/www.facebook.com\/EgliseCatholiqueCharente","https:\/\/x.com\/diocesecharente","https:\/\/www.instagram.com\/eglisecharente","https:\/\/www.youtube.com\/channel\/UCByyFWApZbw3gDTiADoiAaQ"]},{"@type":"Person","@id":"https:\/\/charente.catholique.fr\/sud-charente\/#\/schema\/person\/ddcc6ba32a4484b49a276652de901387","name":"Beno\u00eet","image":{"@type":"ImageObject","inLanguage":"fr-FR","@id":"https:\/\/charente.catholique.fr\/sud-charente\/#\/schema\/person\/image\/","url":"https:\/\/secure.gravatar.com\/avatar\/367de281020c81cafc6a2f9b79fef00a1981a890412ad8b09b11385575886666?s=96&d=mm&r=g","contentUrl":"https:\/\/secure.gravatar.com\/avatar\/367de281020c81cafc6a2f9b79fef00a1981a890412ad8b09b11385575886666?s=96&d=mm&r=g","caption":"Beno\u00eet"},"url":"https:\/\/charente.catholique.fr\/sud-charente\/author\/benoitlecomte\/"}]}},"_links":{"self":[{"href":"https:\/\/charente.catholique.fr\/sud-charente\/wp-json\/wp\/v2\/posts\/7531","targetHints":{"allow":["GET"]}}],"collection":[{"href":"https:\/\/charente.catholique.fr\/sud-charente\/wp-json\/wp\/v2\/posts"}],"about":[{"href":"https:\/\/charente.catholique.fr\/sud-charente\/wp-json\/wp\/v2\/types\/post"}],"author":[{"embeddable":true,"href":"https:\/\/charente.catholique.fr\/sud-charente\/wp-json\/wp\/v2\/users\/4"}],"replies":[{"embeddable":true,"href":"https:\/\/charente.catholique.fr\/sud-charente\/wp-json\/wp\/v2\/comments?post=7531"}],"version-history":[{"count":1,"href":"https:\/\/charente.catholique.fr\/sud-charente\/wp-json\/wp\/v2\/posts\/7531\/revisions"}],"predecessor-version":[{"id":7532,"href":"https:\/\/charente.catholique.fr\/sud-charente\/wp-json\/wp\/v2\/posts\/7531\/revisions\/7532"}],"wp:featuredmedia":[{"embeddable":true,"href":"https:\/\/charente.catholique.fr\/sud-charente\/wp-json\/wp\/v2\/media\/193"}],"wp:attachment":[{"href":"https:\/\/charente.catholique.fr\/sud-charente\/wp-json\/wp\/v2\/media?parent=7531"}],"wp:term":[{"taxonomy":"category","embeddable":true,"href":"https:\/\/charente.catholique.fr\/sud-charente\/wp-json\/wp\/v2\/categories?post=7531"},{"taxonomy":"post_tag","embeddable":true,"href":"https:\/\/charente.catholique.fr\/sud-charente\/wp-json\/wp\/v2\/tags?post=7531"}],"curies":[{"name":"wp","href":"https:\/\/api.w.org\/{rel}","templated":true}]}}