{"id":737,"date":"2020-11-30T10:05:18","date_gmt":"2020-11-30T09:05:18","guid":{"rendered":"https:\/\/charente.catholique.fr\/sud-charente\/?p=737"},"modified":"2020-11-30T10:05:18","modified_gmt":"2020-11-30T09:05:18","slug":"pardon-2021-maumont-5","status":"publish","type":"post","link":"https:\/\/charente.catholique.fr\/sud-charente\/actualites\/pardon-2021-maumont-5\/","title":{"rendered":"Pardon 2021 Maumont (5)"},"content":{"rendered":"\n<p><\/p>\n\n\n\n<p>Savez-vous quelle id\u00e9e g\u00e9niale a eue le P\u00e8re Beno\u00eet&nbsp;? Cette c\u00e9l\u00e9bration que l\u2019on pr\u00e9pare en temps de pand\u00e9mie ne va pas pouvoir \u00eatre envisag\u00e9e comme un grand rassemblement alors il propose 1 c\u00e9l\u00e9bration en 2 temps&nbsp;:<\/p>\n\n\n\n<ul class=\"wp-block-list\"><li>le matin on filme la rencontre des moniales et des enfants du KT avec les cat\u00e9chistes bien sur, qui vivent ensemble une cat\u00e9ch\u00e8se sur le pardon et le sacrement.<\/li><li>l\u2019apr\u00e8s-midi vous venez, vous les adultes \u00e0 Maumont pour recevoir le sacrement avec tout ce qui s\u2019est pass\u00e9 le matin et ce que vous ajouterez avec l\u2019aide de Dieu (qui, en fait, est l\u2019Acteur principal)<\/li><\/ul>\n\n\n\n<p><strong>Alors je me suis pos\u00e9 la question&nbsp;: qu\u2019avons-nous envie de dire aux enfants sur le pardon&nbsp;? Et j\u2019ai essay\u00e9 de le dire pour vous permettre \u00e0 vous aussi de trouver votre r\u00e9ponse et qu\u2019on mette tout cela en commun.<\/strong><\/p>\n\n\n\n<p><strong>\u00ab&nbsp;Si tous les gars du monde<\/strong><\/p>\n\n\n\n<p><strong>pouvaient s\u2019donner la main<\/strong><\/p>\n\n\n\n<p><strong>tout autour de la terre ils pourraient faire une ronde&nbsp;\u00bb<\/strong><\/p>\n\n\n\n<p>J\u2019aimerais dire aux enfants qu\u2019il faut s\u2019unir entre nous tous et que c\u2019est difficile mais possible \u00e0 cause de Dieu qui est venu nous aider, nous aimer.<\/p>\n\n\n\n<p>Il faut s\u2019unir entre nous pour qu\u2019on ne se sente plus douloureusement seuls et pour \u00eatre plus forts<\/p>\n\n\n\n<p>Mais<\/p>\n\n\n\n<p>il est dangereux de s\u2019unir contre des gens qu\u2019on n\u2019aime pas , contre des id\u00e9es , contre les autres qu\u2019on ne comprend pas. Or cela, justement, c\u2019est beaucoup plus facile&nbsp;!<\/p>\n\n\n\n<p>L\u2019invention magnifique de J\u00e9sus est de commencer par nous unir \u00e0 lui tout seul parce qu\u2019il nous aime et nous trouve merveilleux alors que nous on se trouve souvent tout moches. Rester avec lui, comme \u00e7a pour le regarder faire, et respirer dans ses bras, c\u2019est cela la pri\u00e8re. J\u00e9sus, il aime son P\u00e8re des cieux et il respire avec le saint Esprit, il soupire de bonheur. Et alors nous aussi on r\u00e9alise qu\u2019il n\u2019y a que \u00e7a de vrai dans la vie&nbsp;: s\u2019aimer&nbsp;! et que c\u2019est formidable.<\/p>\n\n\n\n<p>Apr\u00e8s il nous dit de nous aimer les uns les autres, donc avec les gens qu\u2019on aime bien et on commence \u00e0 comprendre que c\u2019est d\u00e9j\u00e0 difficile (c\u2019est \u00e7a que les s\u0153urs essaye de vivre) et puis quand on commence \u00e0 voir que J\u00e9sus est dans le c\u0153ur de ceux qu\u2019on aime et qu\u2019il est m\u00eame (eh oui&nbsp;!) dans le c\u0153ur de ceux qu\u2019on n\u2019aime pas , cela devient formidable de formidable et c\u2019est dur de gagner au championnat&nbsp;! Mais si on refuse tout l\u2019amour de Dieu et du monde \u00e7a devient triste \u00e0 pleurer et \u00e0 vous d\u00e9go\u00fbter de vivre, alors il ne faut pas h\u00e9siter \u00e0 choisir le chemin \u00e9troit qui m\u00e8ne \u00e0 Dieu<\/p>\n\n\n\n<p>Voil\u00e0 o\u00f9 j\u2019en suis aujourd\u2019hui&nbsp;! mais c\u2019est l\u2019Avent qui s\u2019ouvre, alors nous voici tous rajeunis par l\u2019attente de Celui qui est toujours plus grand et inventif ! BEL AVENT<\/p>\n\n\n\n<p>Vos s\u0153urs de Maumont<\/p>\n\n\n\n<p>\u00e0 samedi prochain&nbsp;!<\/p>\n","protected":false},"excerpt":{"rendered":"<p>Savez-vous quelle id\u00e9e g\u00e9niale a eue le P\u00e8re Beno\u00eet&nbsp;? Cette c\u00e9l\u00e9bration que l\u2019on pr\u00e9pare en temps de pand\u00e9mie ne va pas pouvoir \u00eatre envisag\u00e9e comme un grand rassemblement alors il propose 1 c\u00e9l\u00e9bration en 2 temps&nbsp;: le matin on filme la rencontre des moniales et des enfants du KT avec les cat\u00e9chistes bien sur, qui [&hellip;]<\/p>\n","protected":false},"author":4,"featured_media":529,"comment_status":"open","ping_status":"open","sticky":false,"template":"","format":"standard","meta":{"_acf_changed":false,"paroisse":["17"],"service":["0"],"footnotes":""},"categories":[1,13],"tags":[],"class_list":["post-737","post","type-post","status-publish","format-standard","has-post-thumbnail","hentry","category-actualites","category-maumont","validated"],"acf":[],"yoast_head":"<!-- This site is optimized with the Yoast SEO plugin v27.1.1 - https:\/\/yoast.com\/product\/yoast-seo-wordpress\/ -->\n<title>Pardon 2021 Maumont (5) - Doyenn\u00e9 Sud Charente<\/title>\n<meta name=\"robots\" content=\"index, follow, max-snippet:-1, max-image-preview:large, max-video-preview:-1\" \/>\n<link rel=\"canonical\" href=\"https:\/\/charente.catholique.fr\/sud-charente\/actualites\/pardon-2021-maumont-5\/\" \/>\n<meta property=\"og:locale\" content=\"fr_FR\" \/>\n<meta property=\"og:type\" content=\"article\" \/>\n<meta property=\"og:title\" content=\"Pardon 2021 Maumont (5) - Doyenn\u00e9 Sud Charente\" \/>\n<meta property=\"og:description\" content=\"Savez-vous quelle id\u00e9e g\u00e9niale a eue le P\u00e8re Beno\u00eet&nbsp;? Cette c\u00e9l\u00e9bration que l\u2019on pr\u00e9pare en temps de pand\u00e9mie ne va pas pouvoir \u00eatre envisag\u00e9e comme un grand rassemblement alors il propose 1 c\u00e9l\u00e9bration en 2 temps&nbsp;: le matin on filme la rencontre des moniales et des enfants du KT avec les cat\u00e9chistes bien sur, qui [&hellip;]\" \/>\n<meta property=\"og:url\" content=\"https:\/\/charente.catholique.fr\/sud-charente\/actualites\/pardon-2021-maumont-5\/\" \/>\n<meta property=\"og:site_name\" content=\"Doyenn\u00e9 Sud Charente\" \/>\n<meta property=\"article:publisher\" content=\"https:\/\/www.facebook.com\/EgliseCatholiqueCharente\" \/>\n<meta property=\"article:published_time\" content=\"2020-11-30T09:05:18+00:00\" \/>\n<meta property=\"og:image\" content=\"https:\/\/charente.catholique.fr\/sud-charente\/wp-content\/uploads\/sites\/5\/2020\/11\/a-leglise-les-moniales-1.jpg\" \/>\n\t<meta property=\"og:image:width\" content=\"1106\" \/>\n\t<meta property=\"og:image:height\" content=\"484\" \/>\n\t<meta property=\"og:image:type\" content=\"image\/jpeg\" \/>\n<meta name=\"author\" content=\"Beno\u00eet\" \/>\n<meta name=\"twitter:card\" content=\"summary_large_image\" \/>\n<meta name=\"twitter:creator\" content=\"@diocesecharente\" \/>\n<meta name=\"twitter:site\" content=\"@diocesecharente\" \/>\n<meta name=\"twitter:label1\" content=\"\u00c9crit par\" \/>\n\t<meta name=\"twitter:data1\" content=\"Beno\u00eet\" \/>\n\t<meta name=\"twitter:label2\" content=\"Dur\u00e9e de lecture estim\u00e9e\" \/>\n\t<meta name=\"twitter:data2\" content=\"3 minutes\" \/>\n<script type=\"application\/ld+json\" class=\"yoast-schema-graph\">{\"@context\":\"https:\/\/schema.org\",\"@graph\":[{\"@type\":\"Article\",\"@id\":\"https:\/\/charente.catholique.fr\/sud-charente\/actualites\/pardon-2021-maumont-5\/#article\",\"isPartOf\":{\"@id\":\"https:\/\/charente.catholique.fr\/sud-charente\/actualites\/pardon-2021-maumont-5\/\"},\"author\":{\"name\":\"Beno\u00eet\",\"@id\":\"https:\/\/charente.catholique.fr\/sud-charente\/#\/schema\/person\/ddcc6ba32a4484b49a276652de901387\"},\"headline\":\"Pardon 2021 Maumont (5)\",\"datePublished\":\"2020-11-30T09:05:18+00:00\",\"mainEntityOfPage\":{\"@id\":\"https:\/\/charente.catholique.fr\/sud-charente\/actualites\/pardon-2021-maumont-5\/\"},\"wordCount\":549,\"commentCount\":0,\"publisher\":{\"@id\":\"https:\/\/charente.catholique.fr\/sud-charente\/#organization\"},\"image\":{\"@id\":\"https:\/\/charente.catholique.fr\/sud-charente\/actualites\/pardon-2021-maumont-5\/#primaryimage\"},\"thumbnailUrl\":\"https:\/\/charente.catholique.fr\/sud-charente\/wp-content\/uploads\/sites\/5\/2020\/11\/a-leglise-les-moniales-1.jpg\",\"articleSection\":[\"Actualit\u00e9s\",\"Maumont\"],\"inLanguage\":\"fr-FR\",\"potentialAction\":[{\"@type\":\"CommentAction\",\"name\":\"Comment\",\"target\":[\"https:\/\/charente.catholique.fr\/sud-charente\/actualites\/pardon-2021-maumont-5\/#respond\"]}]},{\"@type\":\"WebPage\",\"@id\":\"https:\/\/charente.catholique.fr\/sud-charente\/actualites\/pardon-2021-maumont-5\/\",\"url\":\"https:\/\/charente.catholique.fr\/sud-charente\/actualites\/pardon-2021-maumont-5\/\",\"name\":\"Pardon 2021 Maumont (5) - Doyenn\u00e9 Sud Charente\",\"isPartOf\":{\"@id\":\"https:\/\/charente.catholique.fr\/sud-charente\/#website\"},\"primaryImageOfPage\":{\"@id\":\"https:\/\/charente.catholique.fr\/sud-charente\/actualites\/pardon-2021-maumont-5\/#primaryimage\"},\"image\":{\"@id\":\"https:\/\/charente.catholique.fr\/sud-charente\/actualites\/pardon-2021-maumont-5\/#primaryimage\"},\"thumbnailUrl\":\"https:\/\/charente.catholique.fr\/sud-charente\/wp-content\/uploads\/sites\/5\/2020\/11\/a-leglise-les-moniales-1.jpg\",\"datePublished\":\"2020-11-30T09:05:18+00:00\",\"breadcrumb\":{\"@id\":\"https:\/\/charente.catholique.fr\/sud-charente\/actualites\/pardon-2021-maumont-5\/#breadcrumb\"},\"inLanguage\":\"fr-FR\",\"potentialAction\":[{\"@type\":\"ReadAction\",\"target\":[\"https:\/\/charente.catholique.fr\/sud-charente\/actualites\/pardon-2021-maumont-5\/\"]}]},{\"@type\":\"ImageObject\",\"inLanguage\":\"fr-FR\",\"@id\":\"https:\/\/charente.catholique.fr\/sud-charente\/actualites\/pardon-2021-maumont-5\/#primaryimage\",\"url\":\"https:\/\/charente.catholique.fr\/sud-charente\/wp-content\/uploads\/sites\/5\/2020\/11\/a-leglise-les-moniales-1.jpg\",\"contentUrl\":\"https:\/\/charente.catholique.fr\/sud-charente\/wp-content\/uploads\/sites\/5\/2020\/11\/a-leglise-les-moniales-1.jpg\",\"width\":1106,\"height\":484},{\"@type\":\"BreadcrumbList\",\"@id\":\"https:\/\/charente.catholique.fr\/sud-charente\/actualites\/pardon-2021-maumont-5\/#breadcrumb\",\"itemListElement\":[{\"@type\":\"ListItem\",\"position\":1,\"name\":\"Accueil\",\"item\":\"https:\/\/charente.catholique.fr\/sud-charente\/\"},{\"@type\":\"ListItem\",\"position\":2,\"name\":\"Pardon 2021 Maumont (5)\"}]},{\"@type\":\"WebSite\",\"@id\":\"https:\/\/charente.catholique.fr\/sud-charente\/#website\",\"url\":\"https:\/\/charente.catholique.fr\/sud-charente\/\",\"name\":\"Doyenn\u00e9 Sud Charente - Dioc\u00e8se d'Angoul\u00eame\",\"description\":\"Dioc\u00e8se d&#039;Angoul\u00eame\",\"publisher\":{\"@id\":\"https:\/\/charente.catholique.fr\/sud-charente\/#organization\"},\"potentialAction\":[{\"@type\":\"SearchAction\",\"target\":{\"@type\":\"EntryPoint\",\"urlTemplate\":\"https:\/\/charente.catholique.fr\/sud-charente\/?s={search_term_string}\"},\"query-input\":{\"@type\":\"PropertyValueSpecification\",\"valueRequired\":true,\"valueName\":\"search_term_string\"}}],\"inLanguage\":\"fr-FR\"},{\"@type\":\"Organization\",\"@id\":\"https:\/\/charente.catholique.fr\/sud-charente\/#organization\",\"name\":\"Association dioc\u00e9saine d'Angoul\u00eame\",\"url\":\"https:\/\/charente.catholique.fr\/sud-charente\/\",\"logo\":{\"@type\":\"ImageObject\",\"inLanguage\":\"fr-FR\",\"@id\":\"https:\/\/charente.catholique.fr\/sud-charente\/#\/schema\/logo\/image\/\",\"url\":\"https:\/\/charente.catholique.fr\/sud-charente\/wp-content\/uploads\/sites\/5\/2020\/10\/logos.png\",\"contentUrl\":\"https:\/\/charente.catholique.fr\/sud-charente\/wp-content\/uploads\/sites\/5\/2020\/10\/logos.png\",\"width\":600,\"height\":257,\"caption\":\"Association dioc\u00e9saine d'Angoul\u00eame\"},\"image\":{\"@id\":\"https:\/\/charente.catholique.fr\/sud-charente\/#\/schema\/logo\/image\/\"},\"sameAs\":[\"https:\/\/www.facebook.com\/EgliseCatholiqueCharente\",\"https:\/\/x.com\/diocesecharente\",\"https:\/\/www.instagram.com\/eglisecharente\",\"https:\/\/www.youtube.com\/channel\/UCByyFWApZbw3gDTiADoiAaQ\"]},{\"@type\":\"Person\",\"@id\":\"https:\/\/charente.catholique.fr\/sud-charente\/#\/schema\/person\/ddcc6ba32a4484b49a276652de901387\",\"name\":\"Beno\u00eet\",\"image\":{\"@type\":\"ImageObject\",\"inLanguage\":\"fr-FR\",\"@id\":\"https:\/\/charente.catholique.fr\/sud-charente\/#\/schema\/person\/image\/\",\"url\":\"https:\/\/secure.gravatar.com\/avatar\/367de281020c81cafc6a2f9b79fef00a1981a890412ad8b09b11385575886666?s=96&d=mm&r=g\",\"contentUrl\":\"https:\/\/secure.gravatar.com\/avatar\/367de281020c81cafc6a2f9b79fef00a1981a890412ad8b09b11385575886666?s=96&d=mm&r=g\",\"caption\":\"Beno\u00eet\"},\"url\":\"https:\/\/charente.catholique.fr\/sud-charente\/author\/benoitlecomte\/\"}]}<\/script>\n<!-- \/ Yoast SEO plugin. -->","yoast_head_json":{"title":"Pardon 2021 Maumont (5) - Doyenn\u00e9 Sud Charente","robots":{"index":"index","follow":"follow","max-snippet":"max-snippet:-1","max-image-preview":"max-image-preview:large","max-video-preview":"max-video-preview:-1"},"canonical":"https:\/\/charente.catholique.fr\/sud-charente\/actualites\/pardon-2021-maumont-5\/","og_locale":"fr_FR","og_type":"article","og_title":"Pardon 2021 Maumont (5) - Doyenn\u00e9 Sud Charente","og_description":"Savez-vous quelle id\u00e9e g\u00e9niale a eue le P\u00e8re Beno\u00eet&nbsp;? Cette c\u00e9l\u00e9bration que l\u2019on pr\u00e9pare en temps de pand\u00e9mie ne va pas pouvoir \u00eatre envisag\u00e9e comme un grand rassemblement alors il propose 1 c\u00e9l\u00e9bration en 2 temps&nbsp;: le matin on filme la rencontre des moniales et des enfants du KT avec les cat\u00e9chistes bien sur, qui [&hellip;]","og_url":"https:\/\/charente.catholique.fr\/sud-charente\/actualites\/pardon-2021-maumont-5\/","og_site_name":"Doyenn\u00e9 Sud Charente","article_publisher":"https:\/\/www.facebook.com\/EgliseCatholiqueCharente","article_published_time":"2020-11-30T09:05:18+00:00","og_image":[{"width":1106,"height":484,"url":"https:\/\/charente.catholique.fr\/sud-charente\/wp-content\/uploads\/sites\/5\/2020\/11\/a-leglise-les-moniales-1.jpg","type":"image\/jpeg"}],"author":"Beno\u00eet","twitter_card":"summary_large_image","twitter_creator":"@diocesecharente","twitter_site":"@diocesecharente","twitter_misc":{"\u00c9crit par":"Beno\u00eet","Dur\u00e9e de lecture estim\u00e9e":"3 minutes"},"schema":{"@context":"https:\/\/schema.org","@graph":[{"@type":"Article","@id":"https:\/\/charente.catholique.fr\/sud-charente\/actualites\/pardon-2021-maumont-5\/#article","isPartOf":{"@id":"https:\/\/charente.catholique.fr\/sud-charente\/actualites\/pardon-2021-maumont-5\/"},"author":{"name":"Beno\u00eet","@id":"https:\/\/charente.catholique.fr\/sud-charente\/#\/schema\/person\/ddcc6ba32a4484b49a276652de901387"},"headline":"Pardon 2021 Maumont (5)","datePublished":"2020-11-30T09:05:18+00:00","mainEntityOfPage":{"@id":"https:\/\/charente.catholique.fr\/sud-charente\/actualites\/pardon-2021-maumont-5\/"},"wordCount":549,"commentCount":0,"publisher":{"@id":"https:\/\/charente.catholique.fr\/sud-charente\/#organization"},"image":{"@id":"https:\/\/charente.catholique.fr\/sud-charente\/actualites\/pardon-2021-maumont-5\/#primaryimage"},"thumbnailUrl":"https:\/\/charente.catholique.fr\/sud-charente\/wp-content\/uploads\/sites\/5\/2020\/11\/a-leglise-les-moniales-1.jpg","articleSection":["Actualit\u00e9s","Maumont"],"inLanguage":"fr-FR","potentialAction":[{"@type":"CommentAction","name":"Comment","target":["https:\/\/charente.catholique.fr\/sud-charente\/actualites\/pardon-2021-maumont-5\/#respond"]}]},{"@type":"WebPage","@id":"https:\/\/charente.catholique.fr\/sud-charente\/actualites\/pardon-2021-maumont-5\/","url":"https:\/\/charente.catholique.fr\/sud-charente\/actualites\/pardon-2021-maumont-5\/","name":"Pardon 2021 Maumont (5) - Doyenn\u00e9 Sud Charente","isPartOf":{"@id":"https:\/\/charente.catholique.fr\/sud-charente\/#website"},"primaryImageOfPage":{"@id":"https:\/\/charente.catholique.fr\/sud-charente\/actualites\/pardon-2021-maumont-5\/#primaryimage"},"image":{"@id":"https:\/\/charente.catholique.fr\/sud-charente\/actualites\/pardon-2021-maumont-5\/#primaryimage"},"thumbnailUrl":"https:\/\/charente.catholique.fr\/sud-charente\/wp-content\/uploads\/sites\/5\/2020\/11\/a-leglise-les-moniales-1.jpg","datePublished":"2020-11-30T09:05:18+00:00","breadcrumb":{"@id":"https:\/\/charente.catholique.fr\/sud-charente\/actualites\/pardon-2021-maumont-5\/#breadcrumb"},"inLanguage":"fr-FR","potentialAction":[{"@type":"ReadAction","target":["https:\/\/charente.catholique.fr\/sud-charente\/actualites\/pardon-2021-maumont-5\/"]}]},{"@type":"ImageObject","inLanguage":"fr-FR","@id":"https:\/\/charente.catholique.fr\/sud-charente\/actualites\/pardon-2021-maumont-5\/#primaryimage","url":"https:\/\/charente.catholique.fr\/sud-charente\/wp-content\/uploads\/sites\/5\/2020\/11\/a-leglise-les-moniales-1.jpg","contentUrl":"https:\/\/charente.catholique.fr\/sud-charente\/wp-content\/uploads\/sites\/5\/2020\/11\/a-leglise-les-moniales-1.jpg","width":1106,"height":484},{"@type":"BreadcrumbList","@id":"https:\/\/charente.catholique.fr\/sud-charente\/actualites\/pardon-2021-maumont-5\/#breadcrumb","itemListElement":[{"@type":"ListItem","position":1,"name":"Accueil","item":"https:\/\/charente.catholique.fr\/sud-charente\/"},{"@type":"ListItem","position":2,"name":"Pardon 2021 Maumont (5)"}]},{"@type":"WebSite","@id":"https:\/\/charente.catholique.fr\/sud-charente\/#website","url":"https:\/\/charente.catholique.fr\/sud-charente\/","name":"Doyenn\u00e9 Sud Charente - Dioc\u00e8se d'Angoul\u00eame","description":"Dioc\u00e8se d&#039;Angoul\u00eame","publisher":{"@id":"https:\/\/charente.catholique.fr\/sud-charente\/#organization"},"potentialAction":[{"@type":"SearchAction","target":{"@type":"EntryPoint","urlTemplate":"https:\/\/charente.catholique.fr\/sud-charente\/?s={search_term_string}"},"query-input":{"@type":"PropertyValueSpecification","valueRequired":true,"valueName":"search_term_string"}}],"inLanguage":"fr-FR"},{"@type":"Organization","@id":"https:\/\/charente.catholique.fr\/sud-charente\/#organization","name":"Association dioc\u00e9saine d'Angoul\u00eame","url":"https:\/\/charente.catholique.fr\/sud-charente\/","logo":{"@type":"ImageObject","inLanguage":"fr-FR","@id":"https:\/\/charente.catholique.fr\/sud-charente\/#\/schema\/logo\/image\/","url":"https:\/\/charente.catholique.fr\/sud-charente\/wp-content\/uploads\/sites\/5\/2020\/10\/logos.png","contentUrl":"https:\/\/charente.catholique.fr\/sud-charente\/wp-content\/uploads\/sites\/5\/2020\/10\/logos.png","width":600,"height":257,"caption":"Association dioc\u00e9saine d'Angoul\u00eame"},"image":{"@id":"https:\/\/charente.catholique.fr\/sud-charente\/#\/schema\/logo\/image\/"},"sameAs":["https:\/\/www.facebook.com\/EgliseCatholiqueCharente","https:\/\/x.com\/diocesecharente","https:\/\/www.instagram.com\/eglisecharente","https:\/\/www.youtube.com\/channel\/UCByyFWApZbw3gDTiADoiAaQ"]},{"@type":"Person","@id":"https:\/\/charente.catholique.fr\/sud-charente\/#\/schema\/person\/ddcc6ba32a4484b49a276652de901387","name":"Beno\u00eet","image":{"@type":"ImageObject","inLanguage":"fr-FR","@id":"https:\/\/charente.catholique.fr\/sud-charente\/#\/schema\/person\/image\/","url":"https:\/\/secure.gravatar.com\/avatar\/367de281020c81cafc6a2f9b79fef00a1981a890412ad8b09b11385575886666?s=96&d=mm&r=g","contentUrl":"https:\/\/secure.gravatar.com\/avatar\/367de281020c81cafc6a2f9b79fef00a1981a890412ad8b09b11385575886666?s=96&d=mm&r=g","caption":"Beno\u00eet"},"url":"https:\/\/charente.catholique.fr\/sud-charente\/author\/benoitlecomte\/"}]}},"_links":{"self":[{"href":"https:\/\/charente.catholique.fr\/sud-charente\/wp-json\/wp\/v2\/posts\/737","targetHints":{"allow":["GET"]}}],"collection":[{"href":"https:\/\/charente.catholique.fr\/sud-charente\/wp-json\/wp\/v2\/posts"}],"about":[{"href":"https:\/\/charente.catholique.fr\/sud-charente\/wp-json\/wp\/v2\/types\/post"}],"author":[{"embeddable":true,"href":"https:\/\/charente.catholique.fr\/sud-charente\/wp-json\/wp\/v2\/users\/4"}],"replies":[{"embeddable":true,"href":"https:\/\/charente.catholique.fr\/sud-charente\/wp-json\/wp\/v2\/comments?post=737"}],"version-history":[{"count":2,"href":"https:\/\/charente.catholique.fr\/sud-charente\/wp-json\/wp\/v2\/posts\/737\/revisions"}],"predecessor-version":[{"id":739,"href":"https:\/\/charente.catholique.fr\/sud-charente\/wp-json\/wp\/v2\/posts\/737\/revisions\/739"}],"wp:featuredmedia":[{"embeddable":true,"href":"https:\/\/charente.catholique.fr\/sud-charente\/wp-json\/wp\/v2\/media\/529"}],"wp:attachment":[{"href":"https:\/\/charente.catholique.fr\/sud-charente\/wp-json\/wp\/v2\/media?parent=737"}],"wp:term":[{"taxonomy":"category","embeddable":true,"href":"https:\/\/charente.catholique.fr\/sud-charente\/wp-json\/wp\/v2\/categories?post=737"},{"taxonomy":"post_tag","embeddable":true,"href":"https:\/\/charente.catholique.fr\/sud-charente\/wp-json\/wp\/v2\/tags?post=737"}],"curies":[{"name":"wp","href":"https:\/\/api.w.org\/{rel}","templated":true}]}}