{"id":7223,"date":"2023-11-23T19:48:44","date_gmt":"2023-11-23T18:48:44","guid":{"rendered":"https:\/\/charente.catholique.fr\/sud-charente\/?p=7223"},"modified":"2023-11-26T19:55:00","modified_gmt":"2023-11-26T18:55:00","slug":"echos-de-lequipe-danimation-pastorale","status":"publish","type":"post","link":"https:\/\/charente.catholique.fr\/sud-charente\/actualites\/echos-de-lequipe-danimation-pastorale\/","title":{"rendered":"Echos de l&#8217;Equipe d&#8217;Animation Pastorale"},"content":{"rendered":"\n<p>L&#8217;EAP s&#8217;est r\u00e9unie le 21 novembre. Voici quelques \u00e9chos des \u00e9changes.<\/p>\n\n\n\n<ul class=\"wp-block-list\">\n<li><strong>Retours sur les premi\u00e8res rencontre de formation sur le Credo<\/strong><\/li>\n<\/ul>\n\n\n\n<p>La formation est tr\u00e8s appr\u00e9ci\u00e9e de tous, d&#8217;un bon niveau et qui permet de mieux comprendre les sources et le contenu de la foi. <\/p>\n\n\n\n<p>Le format \u00ab&nbsp;3 samedis matin \u00bb semble bon.<\/p>\n\n\n\n<p>La messe avant la rencontre est appr\u00e9ci\u00e9e.<\/p>\n\n\n\n<ul class=\"wp-block-list\">\n<li><strong>Formation sur le sacrement du pardon<\/strong><\/li>\n<\/ul>\n\n\n\n<p>Vendredi 1<sup>er<\/sup> d\u00e9cembre, 17h30 et 20h, par P. Marc et Beno\u00eet<\/p>\n\n\n\n<ul class=\"wp-block-list\">\n<li><strong>Retour sur l\u2019initiative de pri\u00e8re \u00e0 Salles-de-Barbezieux<\/strong><\/li>\n<\/ul>\n\n\n\n<p>Belle pri\u00e8re le 11 novembre, avec du monde \u00e0 l\u2019\u00e9glise, avec la chorale locale, apr\u00e8s le monument au mort.<\/p>\n\n\n\n<p>A suivre&nbsp;: une petite pri\u00e8re tous les 1<sup>er<\/sup> jeudis de chaque mois dans l\u2019\u00e9glise, \u00e0 16h. Avec la chorale.<\/p>\n\n\n\n<p>Projet de Nuit des \u00e9glises.<\/p>\n\n\n\n<ul class=\"wp-block-list\">\n<li><strong>Point \u00ab\u00a0biblioth\u00e8que au fond de l\u2019\u00e9glise\u00a0\u00bb<\/strong><\/li>\n<\/ul>\n\n\n\n<p>On pourrait proposer \u00e0 la librairie Le bon Grain de tenir un stand \u00e0 la fin d\u2019une messe, en l\u2019annon\u00e7ant.<\/p>\n\n\n\n<ul class=\"wp-block-list\">\n<li><strong>Echos du projet de Pentec\u00f4te en doyenn\u00e9<\/strong><\/li>\n<\/ul>\n\n\n\n<p>Prochaine rencontre, ouverte \u00e0 tous pour pr\u00e9parer\u00a0les diff\u00e9rents temps\u00a0: le dimanche 21 janvier, 14h30, \u00e0 Maumont. Une rencontre ouverte \u00e0 tous !<\/p>\n\n\n\n<ul class=\"wp-block-list\">\n<li><strong>Id\u00e9es, initiatives pour le temps de l\u2019Avent et de No\u00ebl <\/strong><\/li>\n<\/ul>\n\n\n\n<p>Le Fraternel propose un gros programme au mois de d\u00e9cembre.<\/p>\n\n\n\n<p>A l\u2019initiative de la paroisse\u00a0: les dimanches, 18h, des v\u00eapres pour la paix.<\/p>\n\n\n\n<p>3 d\u00e9cembre&nbsp;: Barbezieux<\/p>\n\n\n\n<p>10 d\u00e9cembre&nbsp;: Baignes<\/p>\n\n\n\n<p>17 d\u00e9cembre\u00a0: Barret<\/p>\n\n\n\n<p>Apr\u00e8s les intentions de pri\u00e8re, un vrai temps de silence et des intentions libres.<\/p>\n\n\n\n<p>Suivi de 5 \u00e0 10 mn d\u2019adoration, avec une lecture pour la paix.<\/p>\n\n\n\n<p>Avec des chants, de la musique (orgue).<\/p>\n\n\n\n<p>Proposer de venir \u00bc d\u2019heure avant (17h45) pour expliquer la forme de la pri\u00e8re<\/p>\n\n\n\n<p><\/p>\n\n\n\n<ul class=\"wp-block-list\">\n<li><strong>Suite de la r\u00e9flexion sur la pr\u00e9sence aux personnes \u00e2g\u00e9es, et premi\u00e8res pistes d\u2019actions et d\u00e9cisions.<\/strong><\/li>\n<\/ul>\n\n\n\n<p>Inviter les aum\u00f4niers d\u2019h\u00f4pital et d\u2019EPHAD \u00e0 l\u2019EAP de janvier<\/p>\n\n\n\n<p>Continuer et amplifier les liens avec Monalisa<\/p>\n","protected":false},"excerpt":{"rendered":"<p>L&#8217;EAP s&#8217;est r\u00e9unie le 21 novembre. Voici quelques \u00e9chos des \u00e9changes. La formation est tr\u00e8s appr\u00e9ci\u00e9e de tous, d&#8217;un bon niveau et qui permet de mieux comprendre les sources et le contenu de la foi. Le format \u00ab&nbsp;3 samedis matin \u00bb semble bon. La messe avant la rencontre est appr\u00e9ci\u00e9e. Vendredi 1er d\u00e9cembre, 17h30 et [&hellip;]<\/p>\n","protected":false},"author":4,"featured_media":273,"comment_status":"open","ping_status":"open","sticky":false,"template":"","format":"standard","meta":{"_acf_changed":false,"paroisse":["15"],"service":["0"],"footnotes":""},"categories":[1,4,9],"tags":[],"class_list":["post-7223","post","type-post","status-publish","format-standard","has-post-thumbnail","hentry","category-actualites","category-barbezieux","category-equipe-danimation-pastorale","validated"],"acf":[],"yoast_head":"<!-- This site is optimized with the Yoast SEO plugin v27.1.1 - https:\/\/yoast.com\/product\/yoast-seo-wordpress\/ -->\n<title>Echos de l&#039;Equipe d&#039;Animation Pastorale - Doyenn\u00e9 Sud Charente<\/title>\n<meta name=\"robots\" content=\"index, follow, max-snippet:-1, max-image-preview:large, max-video-preview:-1\" \/>\n<link rel=\"canonical\" href=\"https:\/\/charente.catholique.fr\/sud-charente\/actualites\/echos-de-lequipe-danimation-pastorale\/\" \/>\n<meta property=\"og:locale\" content=\"fr_FR\" \/>\n<meta property=\"og:type\" content=\"article\" \/>\n<meta property=\"og:title\" content=\"Echos de l&#039;Equipe d&#039;Animation Pastorale - Doyenn\u00e9 Sud Charente\" \/>\n<meta property=\"og:description\" content=\"L&#8217;EAP s&#8217;est r\u00e9unie le 21 novembre. Voici quelques \u00e9chos des \u00e9changes. La formation est tr\u00e8s appr\u00e9ci\u00e9e de tous, d&#8217;un bon niveau et qui permet de mieux comprendre les sources et le contenu de la foi. Le format \u00ab&nbsp;3 samedis matin \u00bb semble bon. La messe avant la rencontre est appr\u00e9ci\u00e9e. Vendredi 1er d\u00e9cembre, 17h30 et [&hellip;]\" \/>\n<meta property=\"og:url\" content=\"https:\/\/charente.catholique.fr\/sud-charente\/actualites\/echos-de-lequipe-danimation-pastorale\/\" \/>\n<meta property=\"og:site_name\" content=\"Doyenn\u00e9 Sud Charente\" \/>\n<meta property=\"article:publisher\" content=\"https:\/\/www.facebook.com\/EgliseCatholiqueCharente\" \/>\n<meta property=\"article:published_time\" content=\"2023-11-23T18:48:44+00:00\" \/>\n<meta property=\"article:modified_time\" content=\"2023-11-26T18:55:00+00:00\" \/>\n<meta property=\"og:image\" content=\"https:\/\/charente.catholique.fr\/sud-charente\/wp-content\/uploads\/sites\/5\/2020\/07\/logo_paroissebbb-scaled.jpg\" \/>\n\t<meta property=\"og:image:width\" content=\"2560\" \/>\n\t<meta property=\"og:image:height\" content=\"890\" \/>\n\t<meta property=\"og:image:type\" content=\"image\/jpeg\" \/>\n<meta name=\"author\" content=\"Beno\u00eet\" \/>\n<meta name=\"twitter:card\" content=\"summary_large_image\" \/>\n<meta name=\"twitter:creator\" content=\"@diocesecharente\" \/>\n<meta name=\"twitter:site\" content=\"@diocesecharente\" \/>\n<meta name=\"twitter:label1\" content=\"\u00c9crit par\" \/>\n\t<meta name=\"twitter:data1\" content=\"Beno\u00eet\" \/>\n\t<meta name=\"twitter:label2\" content=\"Dur\u00e9e de lecture estim\u00e9e\" \/>\n\t<meta name=\"twitter:data2\" content=\"2 minutes\" \/>\n<script type=\"application\/ld+json\" class=\"yoast-schema-graph\">{\"@context\":\"https:\/\/schema.org\",\"@graph\":[{\"@type\":\"Article\",\"@id\":\"https:\/\/charente.catholique.fr\/sud-charente\/actualites\/echos-de-lequipe-danimation-pastorale\/#article\",\"isPartOf\":{\"@id\":\"https:\/\/charente.catholique.fr\/sud-charente\/actualites\/echos-de-lequipe-danimation-pastorale\/\"},\"author\":{\"name\":\"Beno\u00eet\",\"@id\":\"https:\/\/charente.catholique.fr\/sud-charente\/#\/schema\/person\/ddcc6ba32a4484b49a276652de901387\"},\"headline\":\"Echos de l&#8217;Equipe d&#8217;Animation Pastorale\",\"datePublished\":\"2023-11-23T18:48:44+00:00\",\"dateModified\":\"2023-11-26T18:55:00+00:00\",\"mainEntityOfPage\":{\"@id\":\"https:\/\/charente.catholique.fr\/sud-charente\/actualites\/echos-de-lequipe-danimation-pastorale\/\"},\"wordCount\":347,\"commentCount\":0,\"publisher\":{\"@id\":\"https:\/\/charente.catholique.fr\/sud-charente\/#organization\"},\"image\":{\"@id\":\"https:\/\/charente.catholique.fr\/sud-charente\/actualites\/echos-de-lequipe-danimation-pastorale\/#primaryimage\"},\"thumbnailUrl\":\"https:\/\/charente.catholique.fr\/sud-charente\/wp-content\/uploads\/sites\/5\/2020\/07\/logo_paroissebbb-scaled.jpg\",\"articleSection\":[\"Actualit\u00e9s\",\"Barbezieux\",\"Equipe d'Animation Pastorale\"],\"inLanguage\":\"fr-FR\",\"potentialAction\":[{\"@type\":\"CommentAction\",\"name\":\"Comment\",\"target\":[\"https:\/\/charente.catholique.fr\/sud-charente\/actualites\/echos-de-lequipe-danimation-pastorale\/#respond\"]}]},{\"@type\":\"WebPage\",\"@id\":\"https:\/\/charente.catholique.fr\/sud-charente\/actualites\/echos-de-lequipe-danimation-pastorale\/\",\"url\":\"https:\/\/charente.catholique.fr\/sud-charente\/actualites\/echos-de-lequipe-danimation-pastorale\/\",\"name\":\"Echos de l'Equipe d'Animation Pastorale - Doyenn\u00e9 Sud Charente\",\"isPartOf\":{\"@id\":\"https:\/\/charente.catholique.fr\/sud-charente\/#website\"},\"primaryImageOfPage\":{\"@id\":\"https:\/\/charente.catholique.fr\/sud-charente\/actualites\/echos-de-lequipe-danimation-pastorale\/#primaryimage\"},\"image\":{\"@id\":\"https:\/\/charente.catholique.fr\/sud-charente\/actualites\/echos-de-lequipe-danimation-pastorale\/#primaryimage\"},\"thumbnailUrl\":\"https:\/\/charente.catholique.fr\/sud-charente\/wp-content\/uploads\/sites\/5\/2020\/07\/logo_paroissebbb-scaled.jpg\",\"datePublished\":\"2023-11-23T18:48:44+00:00\",\"dateModified\":\"2023-11-26T18:55:00+00:00\",\"breadcrumb\":{\"@id\":\"https:\/\/charente.catholique.fr\/sud-charente\/actualites\/echos-de-lequipe-danimation-pastorale\/#breadcrumb\"},\"inLanguage\":\"fr-FR\",\"potentialAction\":[{\"@type\":\"ReadAction\",\"target\":[\"https:\/\/charente.catholique.fr\/sud-charente\/actualites\/echos-de-lequipe-danimation-pastorale\/\"]}]},{\"@type\":\"ImageObject\",\"inLanguage\":\"fr-FR\",\"@id\":\"https:\/\/charente.catholique.fr\/sud-charente\/actualites\/echos-de-lequipe-danimation-pastorale\/#primaryimage\",\"url\":\"https:\/\/charente.catholique.fr\/sud-charente\/wp-content\/uploads\/sites\/5\/2020\/07\/logo_paroissebbb-scaled.jpg\",\"contentUrl\":\"https:\/\/charente.catholique.fr\/sud-charente\/wp-content\/uploads\/sites\/5\/2020\/07\/logo_paroissebbb-scaled.jpg\",\"width\":2560,\"height\":890},{\"@type\":\"BreadcrumbList\",\"@id\":\"https:\/\/charente.catholique.fr\/sud-charente\/actualites\/echos-de-lequipe-danimation-pastorale\/#breadcrumb\",\"itemListElement\":[{\"@type\":\"ListItem\",\"position\":1,\"name\":\"Accueil\",\"item\":\"https:\/\/charente.catholique.fr\/sud-charente\/\"},{\"@type\":\"ListItem\",\"position\":2,\"name\":\"Echos de l&#8217;Equipe d&#8217;Animation Pastorale\"}]},{\"@type\":\"WebSite\",\"@id\":\"https:\/\/charente.catholique.fr\/sud-charente\/#website\",\"url\":\"https:\/\/charente.catholique.fr\/sud-charente\/\",\"name\":\"Doyenn\u00e9 Sud Charente - Dioc\u00e8se d'Angoul\u00eame\",\"description\":\"Dioc\u00e8se d&#039;Angoul\u00eame\",\"publisher\":{\"@id\":\"https:\/\/charente.catholique.fr\/sud-charente\/#organization\"},\"potentialAction\":[{\"@type\":\"SearchAction\",\"target\":{\"@type\":\"EntryPoint\",\"urlTemplate\":\"https:\/\/charente.catholique.fr\/sud-charente\/?s={search_term_string}\"},\"query-input\":{\"@type\":\"PropertyValueSpecification\",\"valueRequired\":true,\"valueName\":\"search_term_string\"}}],\"inLanguage\":\"fr-FR\"},{\"@type\":\"Organization\",\"@id\":\"https:\/\/charente.catholique.fr\/sud-charente\/#organization\",\"name\":\"Association dioc\u00e9saine d'Angoul\u00eame\",\"url\":\"https:\/\/charente.catholique.fr\/sud-charente\/\",\"logo\":{\"@type\":\"ImageObject\",\"inLanguage\":\"fr-FR\",\"@id\":\"https:\/\/charente.catholique.fr\/sud-charente\/#\/schema\/logo\/image\/\",\"url\":\"https:\/\/charente.catholique.fr\/sud-charente\/wp-content\/uploads\/sites\/5\/2020\/10\/logos.png\",\"contentUrl\":\"https:\/\/charente.catholique.fr\/sud-charente\/wp-content\/uploads\/sites\/5\/2020\/10\/logos.png\",\"width\":600,\"height\":257,\"caption\":\"Association dioc\u00e9saine d'Angoul\u00eame\"},\"image\":{\"@id\":\"https:\/\/charente.catholique.fr\/sud-charente\/#\/schema\/logo\/image\/\"},\"sameAs\":[\"https:\/\/www.facebook.com\/EgliseCatholiqueCharente\",\"https:\/\/x.com\/diocesecharente\",\"https:\/\/www.instagram.com\/eglisecharente\",\"https:\/\/www.youtube.com\/channel\/UCByyFWApZbw3gDTiADoiAaQ\"]},{\"@type\":\"Person\",\"@id\":\"https:\/\/charente.catholique.fr\/sud-charente\/#\/schema\/person\/ddcc6ba32a4484b49a276652de901387\",\"name\":\"Beno\u00eet\",\"image\":{\"@type\":\"ImageObject\",\"inLanguage\":\"fr-FR\",\"@id\":\"https:\/\/charente.catholique.fr\/sud-charente\/#\/schema\/person\/image\/\",\"url\":\"https:\/\/secure.gravatar.com\/avatar\/367de281020c81cafc6a2f9b79fef00a1981a890412ad8b09b11385575886666?s=96&d=mm&r=g\",\"contentUrl\":\"https:\/\/secure.gravatar.com\/avatar\/367de281020c81cafc6a2f9b79fef00a1981a890412ad8b09b11385575886666?s=96&d=mm&r=g\",\"caption\":\"Beno\u00eet\"},\"url\":\"https:\/\/charente.catholique.fr\/sud-charente\/author\/benoitlecomte\/\"}]}<\/script>\n<!-- \/ Yoast SEO plugin. -->","yoast_head_json":{"title":"Echos de l'Equipe d'Animation Pastorale - Doyenn\u00e9 Sud Charente","robots":{"index":"index","follow":"follow","max-snippet":"max-snippet:-1","max-image-preview":"max-image-preview:large","max-video-preview":"max-video-preview:-1"},"canonical":"https:\/\/charente.catholique.fr\/sud-charente\/actualites\/echos-de-lequipe-danimation-pastorale\/","og_locale":"fr_FR","og_type":"article","og_title":"Echos de l'Equipe d'Animation Pastorale - Doyenn\u00e9 Sud Charente","og_description":"L&#8217;EAP s&#8217;est r\u00e9unie le 21 novembre. Voici quelques \u00e9chos des \u00e9changes. La formation est tr\u00e8s appr\u00e9ci\u00e9e de tous, d&#8217;un bon niveau et qui permet de mieux comprendre les sources et le contenu de la foi. Le format \u00ab&nbsp;3 samedis matin \u00bb semble bon. La messe avant la rencontre est appr\u00e9ci\u00e9e. Vendredi 1er d\u00e9cembre, 17h30 et [&hellip;]","og_url":"https:\/\/charente.catholique.fr\/sud-charente\/actualites\/echos-de-lequipe-danimation-pastorale\/","og_site_name":"Doyenn\u00e9 Sud Charente","article_publisher":"https:\/\/www.facebook.com\/EgliseCatholiqueCharente","article_published_time":"2023-11-23T18:48:44+00:00","article_modified_time":"2023-11-26T18:55:00+00:00","og_image":[{"width":2560,"height":890,"url":"https:\/\/charente.catholique.fr\/sud-charente\/wp-content\/uploads\/sites\/5\/2020\/07\/logo_paroissebbb-scaled.jpg","type":"image\/jpeg"}],"author":"Beno\u00eet","twitter_card":"summary_large_image","twitter_creator":"@diocesecharente","twitter_site":"@diocesecharente","twitter_misc":{"\u00c9crit par":"Beno\u00eet","Dur\u00e9e de lecture estim\u00e9e":"2 minutes"},"schema":{"@context":"https:\/\/schema.org","@graph":[{"@type":"Article","@id":"https:\/\/charente.catholique.fr\/sud-charente\/actualites\/echos-de-lequipe-danimation-pastorale\/#article","isPartOf":{"@id":"https:\/\/charente.catholique.fr\/sud-charente\/actualites\/echos-de-lequipe-danimation-pastorale\/"},"author":{"name":"Beno\u00eet","@id":"https:\/\/charente.catholique.fr\/sud-charente\/#\/schema\/person\/ddcc6ba32a4484b49a276652de901387"},"headline":"Echos de l&#8217;Equipe d&#8217;Animation Pastorale","datePublished":"2023-11-23T18:48:44+00:00","dateModified":"2023-11-26T18:55:00+00:00","mainEntityOfPage":{"@id":"https:\/\/charente.catholique.fr\/sud-charente\/actualites\/echos-de-lequipe-danimation-pastorale\/"},"wordCount":347,"commentCount":0,"publisher":{"@id":"https:\/\/charente.catholique.fr\/sud-charente\/#organization"},"image":{"@id":"https:\/\/charente.catholique.fr\/sud-charente\/actualites\/echos-de-lequipe-danimation-pastorale\/#primaryimage"},"thumbnailUrl":"https:\/\/charente.catholique.fr\/sud-charente\/wp-content\/uploads\/sites\/5\/2020\/07\/logo_paroissebbb-scaled.jpg","articleSection":["Actualit\u00e9s","Barbezieux","Equipe d'Animation Pastorale"],"inLanguage":"fr-FR","potentialAction":[{"@type":"CommentAction","name":"Comment","target":["https:\/\/charente.catholique.fr\/sud-charente\/actualites\/echos-de-lequipe-danimation-pastorale\/#respond"]}]},{"@type":"WebPage","@id":"https:\/\/charente.catholique.fr\/sud-charente\/actualites\/echos-de-lequipe-danimation-pastorale\/","url":"https:\/\/charente.catholique.fr\/sud-charente\/actualites\/echos-de-lequipe-danimation-pastorale\/","name":"Echos de l'Equipe d'Animation Pastorale - Doyenn\u00e9 Sud Charente","isPartOf":{"@id":"https:\/\/charente.catholique.fr\/sud-charente\/#website"},"primaryImageOfPage":{"@id":"https:\/\/charente.catholique.fr\/sud-charente\/actualites\/echos-de-lequipe-danimation-pastorale\/#primaryimage"},"image":{"@id":"https:\/\/charente.catholique.fr\/sud-charente\/actualites\/echos-de-lequipe-danimation-pastorale\/#primaryimage"},"thumbnailUrl":"https:\/\/charente.catholique.fr\/sud-charente\/wp-content\/uploads\/sites\/5\/2020\/07\/logo_paroissebbb-scaled.jpg","datePublished":"2023-11-23T18:48:44+00:00","dateModified":"2023-11-26T18:55:00+00:00","breadcrumb":{"@id":"https:\/\/charente.catholique.fr\/sud-charente\/actualites\/echos-de-lequipe-danimation-pastorale\/#breadcrumb"},"inLanguage":"fr-FR","potentialAction":[{"@type":"ReadAction","target":["https:\/\/charente.catholique.fr\/sud-charente\/actualites\/echos-de-lequipe-danimation-pastorale\/"]}]},{"@type":"ImageObject","inLanguage":"fr-FR","@id":"https:\/\/charente.catholique.fr\/sud-charente\/actualites\/echos-de-lequipe-danimation-pastorale\/#primaryimage","url":"https:\/\/charente.catholique.fr\/sud-charente\/wp-content\/uploads\/sites\/5\/2020\/07\/logo_paroissebbb-scaled.jpg","contentUrl":"https:\/\/charente.catholique.fr\/sud-charente\/wp-content\/uploads\/sites\/5\/2020\/07\/logo_paroissebbb-scaled.jpg","width":2560,"height":890},{"@type":"BreadcrumbList","@id":"https:\/\/charente.catholique.fr\/sud-charente\/actualites\/echos-de-lequipe-danimation-pastorale\/#breadcrumb","itemListElement":[{"@type":"ListItem","position":1,"name":"Accueil","item":"https:\/\/charente.catholique.fr\/sud-charente\/"},{"@type":"ListItem","position":2,"name":"Echos de l&#8217;Equipe d&#8217;Animation Pastorale"}]},{"@type":"WebSite","@id":"https:\/\/charente.catholique.fr\/sud-charente\/#website","url":"https:\/\/charente.catholique.fr\/sud-charente\/","name":"Doyenn\u00e9 Sud Charente - Dioc\u00e8se d'Angoul\u00eame","description":"Dioc\u00e8se d&#039;Angoul\u00eame","publisher":{"@id":"https:\/\/charente.catholique.fr\/sud-charente\/#organization"},"potentialAction":[{"@type":"SearchAction","target":{"@type":"EntryPoint","urlTemplate":"https:\/\/charente.catholique.fr\/sud-charente\/?s={search_term_string}"},"query-input":{"@type":"PropertyValueSpecification","valueRequired":true,"valueName":"search_term_string"}}],"inLanguage":"fr-FR"},{"@type":"Organization","@id":"https:\/\/charente.catholique.fr\/sud-charente\/#organization","name":"Association dioc\u00e9saine d'Angoul\u00eame","url":"https:\/\/charente.catholique.fr\/sud-charente\/","logo":{"@type":"ImageObject","inLanguage":"fr-FR","@id":"https:\/\/charente.catholique.fr\/sud-charente\/#\/schema\/logo\/image\/","url":"https:\/\/charente.catholique.fr\/sud-charente\/wp-content\/uploads\/sites\/5\/2020\/10\/logos.png","contentUrl":"https:\/\/charente.catholique.fr\/sud-charente\/wp-content\/uploads\/sites\/5\/2020\/10\/logos.png","width":600,"height":257,"caption":"Association dioc\u00e9saine d'Angoul\u00eame"},"image":{"@id":"https:\/\/charente.catholique.fr\/sud-charente\/#\/schema\/logo\/image\/"},"sameAs":["https:\/\/www.facebook.com\/EgliseCatholiqueCharente","https:\/\/x.com\/diocesecharente","https:\/\/www.instagram.com\/eglisecharente","https:\/\/www.youtube.com\/channel\/UCByyFWApZbw3gDTiADoiAaQ"]},{"@type":"Person","@id":"https:\/\/charente.catholique.fr\/sud-charente\/#\/schema\/person\/ddcc6ba32a4484b49a276652de901387","name":"Beno\u00eet","image":{"@type":"ImageObject","inLanguage":"fr-FR","@id":"https:\/\/charente.catholique.fr\/sud-charente\/#\/schema\/person\/image\/","url":"https:\/\/secure.gravatar.com\/avatar\/367de281020c81cafc6a2f9b79fef00a1981a890412ad8b09b11385575886666?s=96&d=mm&r=g","contentUrl":"https:\/\/secure.gravatar.com\/avatar\/367de281020c81cafc6a2f9b79fef00a1981a890412ad8b09b11385575886666?s=96&d=mm&r=g","caption":"Beno\u00eet"},"url":"https:\/\/charente.catholique.fr\/sud-charente\/author\/benoitlecomte\/"}]}},"_links":{"self":[{"href":"https:\/\/charente.catholique.fr\/sud-charente\/wp-json\/wp\/v2\/posts\/7223","targetHints":{"allow":["GET"]}}],"collection":[{"href":"https:\/\/charente.catholique.fr\/sud-charente\/wp-json\/wp\/v2\/posts"}],"about":[{"href":"https:\/\/charente.catholique.fr\/sud-charente\/wp-json\/wp\/v2\/types\/post"}],"author":[{"embeddable":true,"href":"https:\/\/charente.catholique.fr\/sud-charente\/wp-json\/wp\/v2\/users\/4"}],"replies":[{"embeddable":true,"href":"https:\/\/charente.catholique.fr\/sud-charente\/wp-json\/wp\/v2\/comments?post=7223"}],"version-history":[{"count":1,"href":"https:\/\/charente.catholique.fr\/sud-charente\/wp-json\/wp\/v2\/posts\/7223\/revisions"}],"predecessor-version":[{"id":7224,"href":"https:\/\/charente.catholique.fr\/sud-charente\/wp-json\/wp\/v2\/posts\/7223\/revisions\/7224"}],"wp:featuredmedia":[{"embeddable":true,"href":"https:\/\/charente.catholique.fr\/sud-charente\/wp-json\/wp\/v2\/media\/273"}],"wp:attachment":[{"href":"https:\/\/charente.catholique.fr\/sud-charente\/wp-json\/wp\/v2\/media?parent=7223"}],"wp:term":[{"taxonomy":"category","embeddable":true,"href":"https:\/\/charente.catholique.fr\/sud-charente\/wp-json\/wp\/v2\/categories?post=7223"},{"taxonomy":"post_tag","embeddable":true,"href":"https:\/\/charente.catholique.fr\/sud-charente\/wp-json\/wp\/v2\/tags?post=7223"}],"curies":[{"name":"wp","href":"https:\/\/api.w.org\/{rel}","templated":true}]}}