{"id":7080,"date":"2023-11-26T08:00:13","date_gmt":"2023-11-26T07:00:13","guid":{"rendered":"https:\/\/charente.catholique.fr\/sud-charente\/?p=7080"},"modified":"2023-11-27T14:24:03","modified_gmt":"2023-11-27T13:24:03","slug":"les-jeudis-demmaus-tournee-2024","status":"publish","type":"post","link":"https:\/\/charente.catholique.fr\/sud-charente\/actualites\/les-jeudis-demmaus-tournee-2024\/","title":{"rendered":"BMV : Les Jeudis d&#8217;Emma\u00fcs continuent en 2024 !"},"content":{"rendered":"\n<p>Bonsoir bien chers fr\u00e8res et s\u0153urs,<\/p>\n\n\n\n<p><\/p>\n\n\n\n<p>Le Seigneur vient nous rejoindre sur les chemins de nos villages. Nous avons repris depuis fin 2023, le P\u00e8re Stephen et moi-m\u00eame, notre \u00ab B\u00e2ton de marche \u00bb, chaque jeudi, et nous parcourons les routes et chemins en \u00ab P\u00e8lerins d\u2019Esp\u00e9rance \u00bb \u00e0 la rencontre de tous. Comme les \u00ab P\u00e8lerins \u00bb sur le chemin \u00ab d\u2019Emma\u00fcs \u00bb, nous voulons nous laisser rejoindre, avec vous, par le Seigneur qui vient \u00e0 notre rencontre. Nous voulons qu\u2019Il nous parle et nous explique ses paroles, et que nous puissions ainsi le conna\u00eetre plus et nous laisser aimer par Lui dans la messe c\u00e9l\u00e9br\u00e9e ensemble et dans un temps de fraternit\u00e9 partag\u00e9e. Chaque jeudi, le P\u00e8re Stephen et moi, visiterons chacun un des 40 villages de notre grande paroisse. Vos fr\u00e8res pr\u00eatres, Eric et Stephen.<br><\/p>\n\n\n\n<p>Le d\u00e9roulement des \u00ab jeudis d\u2019Emma\u00fcs \u00bb :<br>17h00-17h40 environ : C\u00e9l\u00e9bration de la Messe<br>17h40-18h15 environ : Temps fraternel avec le partage d\u2019un verre de l\u2019amiti\u00e9<\/p>\n\n\n\n<p><\/p>\n\n\n\n<p>Voici ci-dessous le planning pour janvier et f\u00e9vrier 2024 :<\/p>\n\n\n\n<p><\/p>\n\n\n\n<p><strong>P Eric P+<\/strong><\/p>\n\n\n\n<p><\/p>\n\n\n\n<div data-wp-interactive=\"core\/file\" class=\"wp-block-file\"><object data-wp-bind--hidden=\"!state.hasPdfPreview\" hidden class=\"wp-block-file__embed\" data=\"https:\/\/charente.catholique.fr\/sud-charente\/wp-content\/uploads\/sites\/5\/2023\/11\/Planning-des-messes-des-Jeudis-de-Janvier-et-Fevrier-2024-Copie.pdf\" type=\"application\/pdf\" style=\"width:100%;height:600px\" aria-label=\"Contenu embarqu\u00e9 Planning-des-messes-des-Jeudis-de-Janvier-et-Fevrier-2024-Copie.\"><\/object><a id=\"wp-block-file--media-4cf72442-3f9d-4ad8-94d4-c72b37c73ffe\" href=\"https:\/\/charente.catholique.fr\/sud-charente\/wp-content\/uploads\/sites\/5\/2023\/11\/Planning-des-messes-des-Jeudis-de-Janvier-et-Fevrier-2024-Copie.pdf\">Planning-des-messes-des-Jeudis-de-Janvier-et-Fevrier-2024-Copie<\/a><a href=\"https:\/\/charente.catholique.fr\/sud-charente\/wp-content\/uploads\/sites\/5\/2023\/11\/Planning-des-messes-des-Jeudis-de-Janvier-et-Fevrier-2024-Copie.pdf\" class=\"wp-block-file__button wp-element-button\" download aria-describedby=\"wp-block-file--media-4cf72442-3f9d-4ad8-94d4-c72b37c73ffe\">T\u00e9l\u00e9charger<\/a><\/div>\n","protected":false},"excerpt":{"rendered":"<p>Bonsoir bien chers fr\u00e8res et s\u0153urs, Le Seigneur vient nous rejoindre sur les chemins de nos villages. Nous avons repris depuis fin 2023, le P\u00e8re Stephen et moi-m\u00eame, notre \u00ab B\u00e2ton de marche \u00bb, chaque jeudi, et nous parcourons les routes et chemins en \u00ab P\u00e8lerins d\u2019Esp\u00e9rance \u00bb \u00e0 la rencontre de tous. Comme les [&hellip;]<\/p>\n","protected":false},"author":81,"featured_media":7085,"comment_status":"open","ping_status":"open","sticky":false,"template":"","format":"standard","meta":{"_acf_changed":false,"paroisse":["17"],"service":["0"],"footnotes":""},"categories":[1,14,11,7],"tags":[],"class_list":["post-7080","post","type-post","status-publish","format-standard","has-post-thumbnail","hentry","category-actualites","category-infos-paroissiales","category-montmoreau","category-priere","validated"],"acf":[],"yoast_head":"<!-- This site is optimized with the Yoast SEO plugin v27.1.1 - https:\/\/yoast.com\/product\/yoast-seo-wordpress\/ -->\n<title>BMV : Les Jeudis d&#039;Emma\u00fcs continuent en 2024 ! - Doyenn\u00e9 Sud Charente<\/title>\n<meta name=\"robots\" content=\"index, follow, max-snippet:-1, max-image-preview:large, max-video-preview:-1\" \/>\n<link rel=\"canonical\" href=\"https:\/\/charente.catholique.fr\/sud-charente\/actualites\/les-jeudis-demmaus-tournee-2024\/\" \/>\n<meta property=\"og:locale\" content=\"fr_FR\" \/>\n<meta property=\"og:type\" content=\"article\" \/>\n<meta property=\"og:title\" content=\"BMV : Les Jeudis d&#039;Emma\u00fcs continuent en 2024 ! - Doyenn\u00e9 Sud Charente\" \/>\n<meta property=\"og:description\" content=\"Bonsoir bien chers fr\u00e8res et s\u0153urs, Le Seigneur vient nous rejoindre sur les chemins de nos villages. Nous avons repris depuis fin 2023, le P\u00e8re Stephen et moi-m\u00eame, notre \u00ab B\u00e2ton de marche \u00bb, chaque jeudi, et nous parcourons les routes et chemins en \u00ab P\u00e8lerins d\u2019Esp\u00e9rance \u00bb \u00e0 la rencontre de tous. Comme les [&hellip;]\" \/>\n<meta property=\"og:url\" content=\"https:\/\/charente.catholique.fr\/sud-charente\/actualites\/les-jeudis-demmaus-tournee-2024\/\" \/>\n<meta property=\"og:site_name\" content=\"Doyenn\u00e9 Sud Charente\" \/>\n<meta property=\"article:publisher\" content=\"https:\/\/www.facebook.com\/EgliseCatholiqueCharente\" \/>\n<meta property=\"article:published_time\" content=\"2023-11-26T07:00:13+00:00\" \/>\n<meta property=\"article:modified_time\" content=\"2023-11-27T13:24:03+00:00\" \/>\n<meta property=\"og:image\" content=\"https:\/\/charente.catholique.fr\/sud-charente\/wp-content\/uploads\/sites\/5\/2023\/11\/dinner-1920.jpg\" \/>\n\t<meta property=\"og:image:width\" content=\"1920\" \/>\n\t<meta property=\"og:image:height\" content=\"1440\" \/>\n\t<meta property=\"og:image:type\" content=\"image\/jpeg\" \/>\n<meta name=\"author\" content=\"fredericcussac\" \/>\n<meta name=\"twitter:card\" content=\"summary_large_image\" \/>\n<meta name=\"twitter:creator\" content=\"@diocesecharente\" \/>\n<meta name=\"twitter:site\" content=\"@diocesecharente\" \/>\n<meta name=\"twitter:label1\" content=\"\u00c9crit par\" \/>\n\t<meta name=\"twitter:data1\" content=\"fredericcussac\" \/>\n\t<meta name=\"twitter:label2\" content=\"Dur\u00e9e de lecture estim\u00e9e\" \/>\n\t<meta name=\"twitter:data2\" content=\"1 minute\" \/>\n<script type=\"application\/ld+json\" class=\"yoast-schema-graph\">{\"@context\":\"https:\/\/schema.org\",\"@graph\":[{\"@type\":\"Article\",\"@id\":\"https:\/\/charente.catholique.fr\/sud-charente\/actualites\/les-jeudis-demmaus-tournee-2024\/#article\",\"isPartOf\":{\"@id\":\"https:\/\/charente.catholique.fr\/sud-charente\/actualites\/les-jeudis-demmaus-tournee-2024\/\"},\"author\":{\"name\":\"fredericcussac\",\"@id\":\"https:\/\/charente.catholique.fr\/sud-charente\/#\/schema\/person\/1091af4c05b6416adff2afa9f22635a3\"},\"headline\":\"BMV : Les Jeudis d&#8217;Emma\u00fcs continuent en 2024 !\",\"datePublished\":\"2023-11-26T07:00:13+00:00\",\"dateModified\":\"2023-11-27T13:24:03+00:00\",\"mainEntityOfPage\":{\"@id\":\"https:\/\/charente.catholique.fr\/sud-charente\/actualites\/les-jeudis-demmaus-tournee-2024\/\"},\"wordCount\":204,\"commentCount\":0,\"publisher\":{\"@id\":\"https:\/\/charente.catholique.fr\/sud-charente\/#organization\"},\"image\":{\"@id\":\"https:\/\/charente.catholique.fr\/sud-charente\/actualites\/les-jeudis-demmaus-tournee-2024\/#primaryimage\"},\"thumbnailUrl\":\"https:\/\/charente.catholique.fr\/sud-charente\/wp-content\/uploads\/sites\/5\/2023\/11\/dinner-1920.jpg\",\"articleSection\":[\"Actualit\u00e9s\",\"Infos paroissiales\",\"Montmoreau\",\"Pri\u00e8re\"],\"inLanguage\":\"fr-FR\",\"potentialAction\":[{\"@type\":\"CommentAction\",\"name\":\"Comment\",\"target\":[\"https:\/\/charente.catholique.fr\/sud-charente\/actualites\/les-jeudis-demmaus-tournee-2024\/#respond\"]}]},{\"@type\":\"WebPage\",\"@id\":\"https:\/\/charente.catholique.fr\/sud-charente\/actualites\/les-jeudis-demmaus-tournee-2024\/\",\"url\":\"https:\/\/charente.catholique.fr\/sud-charente\/actualites\/les-jeudis-demmaus-tournee-2024\/\",\"name\":\"BMV : Les Jeudis d'Emma\u00fcs continuent en 2024 ! - Doyenn\u00e9 Sud Charente\",\"isPartOf\":{\"@id\":\"https:\/\/charente.catholique.fr\/sud-charente\/#website\"},\"primaryImageOfPage\":{\"@id\":\"https:\/\/charente.catholique.fr\/sud-charente\/actualites\/les-jeudis-demmaus-tournee-2024\/#primaryimage\"},\"image\":{\"@id\":\"https:\/\/charente.catholique.fr\/sud-charente\/actualites\/les-jeudis-demmaus-tournee-2024\/#primaryimage\"},\"thumbnailUrl\":\"https:\/\/charente.catholique.fr\/sud-charente\/wp-content\/uploads\/sites\/5\/2023\/11\/dinner-1920.jpg\",\"datePublished\":\"2023-11-26T07:00:13+00:00\",\"dateModified\":\"2023-11-27T13:24:03+00:00\",\"breadcrumb\":{\"@id\":\"https:\/\/charente.catholique.fr\/sud-charente\/actualites\/les-jeudis-demmaus-tournee-2024\/#breadcrumb\"},\"inLanguage\":\"fr-FR\",\"potentialAction\":[{\"@type\":\"ReadAction\",\"target\":[\"https:\/\/charente.catholique.fr\/sud-charente\/actualites\/les-jeudis-demmaus-tournee-2024\/\"]}]},{\"@type\":\"ImageObject\",\"inLanguage\":\"fr-FR\",\"@id\":\"https:\/\/charente.catholique.fr\/sud-charente\/actualites\/les-jeudis-demmaus-tournee-2024\/#primaryimage\",\"url\":\"https:\/\/charente.catholique.fr\/sud-charente\/wp-content\/uploads\/sites\/5\/2023\/11\/dinner-1920.jpg\",\"contentUrl\":\"https:\/\/charente.catholique.fr\/sud-charente\/wp-content\/uploads\/sites\/5\/2023\/11\/dinner-1920.jpg\",\"width\":1920,\"height\":1440},{\"@type\":\"BreadcrumbList\",\"@id\":\"https:\/\/charente.catholique.fr\/sud-charente\/actualites\/les-jeudis-demmaus-tournee-2024\/#breadcrumb\",\"itemListElement\":[{\"@type\":\"ListItem\",\"position\":1,\"name\":\"Accueil\",\"item\":\"https:\/\/charente.catholique.fr\/sud-charente\/\"},{\"@type\":\"ListItem\",\"position\":2,\"name\":\"BMV : Les Jeudis d&#8217;Emma\u00fcs continuent en 2024 !\"}]},{\"@type\":\"WebSite\",\"@id\":\"https:\/\/charente.catholique.fr\/sud-charente\/#website\",\"url\":\"https:\/\/charente.catholique.fr\/sud-charente\/\",\"name\":\"Doyenn\u00e9 Sud Charente - Dioc\u00e8se d'Angoul\u00eame\",\"description\":\"Dioc\u00e8se d&#039;Angoul\u00eame\",\"publisher\":{\"@id\":\"https:\/\/charente.catholique.fr\/sud-charente\/#organization\"},\"potentialAction\":[{\"@type\":\"SearchAction\",\"target\":{\"@type\":\"EntryPoint\",\"urlTemplate\":\"https:\/\/charente.catholique.fr\/sud-charente\/?s={search_term_string}\"},\"query-input\":{\"@type\":\"PropertyValueSpecification\",\"valueRequired\":true,\"valueName\":\"search_term_string\"}}],\"inLanguage\":\"fr-FR\"},{\"@type\":\"Organization\",\"@id\":\"https:\/\/charente.catholique.fr\/sud-charente\/#organization\",\"name\":\"Association dioc\u00e9saine d'Angoul\u00eame\",\"url\":\"https:\/\/charente.catholique.fr\/sud-charente\/\",\"logo\":{\"@type\":\"ImageObject\",\"inLanguage\":\"fr-FR\",\"@id\":\"https:\/\/charente.catholique.fr\/sud-charente\/#\/schema\/logo\/image\/\",\"url\":\"https:\/\/charente.catholique.fr\/sud-charente\/wp-content\/uploads\/sites\/5\/2020\/10\/logos.png\",\"contentUrl\":\"https:\/\/charente.catholique.fr\/sud-charente\/wp-content\/uploads\/sites\/5\/2020\/10\/logos.png\",\"width\":600,\"height\":257,\"caption\":\"Association dioc\u00e9saine d'Angoul\u00eame\"},\"image\":{\"@id\":\"https:\/\/charente.catholique.fr\/sud-charente\/#\/schema\/logo\/image\/\"},\"sameAs\":[\"https:\/\/www.facebook.com\/EgliseCatholiqueCharente\",\"https:\/\/x.com\/diocesecharente\",\"https:\/\/www.instagram.com\/eglisecharente\",\"https:\/\/www.youtube.com\/channel\/UCByyFWApZbw3gDTiADoiAaQ\"]},{\"@type\":\"Person\",\"@id\":\"https:\/\/charente.catholique.fr\/sud-charente\/#\/schema\/person\/1091af4c05b6416adff2afa9f22635a3\",\"name\":\"fredericcussac\",\"image\":{\"@type\":\"ImageObject\",\"inLanguage\":\"fr-FR\",\"@id\":\"https:\/\/charente.catholique.fr\/sud-charente\/#\/schema\/person\/image\/\",\"url\":\"https:\/\/secure.gravatar.com\/avatar\/bb15516794c62daf902e6577bb3bcb91841d9ad0fb952bc7098b2a5ac422566f?s=96&d=mm&r=g\",\"contentUrl\":\"https:\/\/secure.gravatar.com\/avatar\/bb15516794c62daf902e6577bb3bcb91841d9ad0fb952bc7098b2a5ac422566f?s=96&d=mm&r=g\",\"caption\":\"fredericcussac\"},\"url\":\"https:\/\/charente.catholique.fr\/sud-charente\/author\/fredericcussac\/\"}]}<\/script>\n<!-- \/ Yoast SEO plugin. -->","yoast_head_json":{"title":"BMV : Les Jeudis d'Emma\u00fcs continuent en 2024 ! - Doyenn\u00e9 Sud Charente","robots":{"index":"index","follow":"follow","max-snippet":"max-snippet:-1","max-image-preview":"max-image-preview:large","max-video-preview":"max-video-preview:-1"},"canonical":"https:\/\/charente.catholique.fr\/sud-charente\/actualites\/les-jeudis-demmaus-tournee-2024\/","og_locale":"fr_FR","og_type":"article","og_title":"BMV : Les Jeudis d'Emma\u00fcs continuent en 2024 ! - Doyenn\u00e9 Sud Charente","og_description":"Bonsoir bien chers fr\u00e8res et s\u0153urs, Le Seigneur vient nous rejoindre sur les chemins de nos villages. Nous avons repris depuis fin 2023, le P\u00e8re Stephen et moi-m\u00eame, notre \u00ab B\u00e2ton de marche \u00bb, chaque jeudi, et nous parcourons les routes et chemins en \u00ab P\u00e8lerins d\u2019Esp\u00e9rance \u00bb \u00e0 la rencontre de tous. Comme les [&hellip;]","og_url":"https:\/\/charente.catholique.fr\/sud-charente\/actualites\/les-jeudis-demmaus-tournee-2024\/","og_site_name":"Doyenn\u00e9 Sud Charente","article_publisher":"https:\/\/www.facebook.com\/EgliseCatholiqueCharente","article_published_time":"2023-11-26T07:00:13+00:00","article_modified_time":"2023-11-27T13:24:03+00:00","og_image":[{"width":1920,"height":1440,"url":"https:\/\/charente.catholique.fr\/sud-charente\/wp-content\/uploads\/sites\/5\/2023\/11\/dinner-1920.jpg","type":"image\/jpeg"}],"author":"fredericcussac","twitter_card":"summary_large_image","twitter_creator":"@diocesecharente","twitter_site":"@diocesecharente","twitter_misc":{"\u00c9crit par":"fredericcussac","Dur\u00e9e de lecture estim\u00e9e":"1 minute"},"schema":{"@context":"https:\/\/schema.org","@graph":[{"@type":"Article","@id":"https:\/\/charente.catholique.fr\/sud-charente\/actualites\/les-jeudis-demmaus-tournee-2024\/#article","isPartOf":{"@id":"https:\/\/charente.catholique.fr\/sud-charente\/actualites\/les-jeudis-demmaus-tournee-2024\/"},"author":{"name":"fredericcussac","@id":"https:\/\/charente.catholique.fr\/sud-charente\/#\/schema\/person\/1091af4c05b6416adff2afa9f22635a3"},"headline":"BMV : Les Jeudis d&#8217;Emma\u00fcs continuent en 2024 !","datePublished":"2023-11-26T07:00:13+00:00","dateModified":"2023-11-27T13:24:03+00:00","mainEntityOfPage":{"@id":"https:\/\/charente.catholique.fr\/sud-charente\/actualites\/les-jeudis-demmaus-tournee-2024\/"},"wordCount":204,"commentCount":0,"publisher":{"@id":"https:\/\/charente.catholique.fr\/sud-charente\/#organization"},"image":{"@id":"https:\/\/charente.catholique.fr\/sud-charente\/actualites\/les-jeudis-demmaus-tournee-2024\/#primaryimage"},"thumbnailUrl":"https:\/\/charente.catholique.fr\/sud-charente\/wp-content\/uploads\/sites\/5\/2023\/11\/dinner-1920.jpg","articleSection":["Actualit\u00e9s","Infos paroissiales","Montmoreau","Pri\u00e8re"],"inLanguage":"fr-FR","potentialAction":[{"@type":"CommentAction","name":"Comment","target":["https:\/\/charente.catholique.fr\/sud-charente\/actualites\/les-jeudis-demmaus-tournee-2024\/#respond"]}]},{"@type":"WebPage","@id":"https:\/\/charente.catholique.fr\/sud-charente\/actualites\/les-jeudis-demmaus-tournee-2024\/","url":"https:\/\/charente.catholique.fr\/sud-charente\/actualites\/les-jeudis-demmaus-tournee-2024\/","name":"BMV : Les Jeudis d'Emma\u00fcs continuent en 2024 ! - Doyenn\u00e9 Sud Charente","isPartOf":{"@id":"https:\/\/charente.catholique.fr\/sud-charente\/#website"},"primaryImageOfPage":{"@id":"https:\/\/charente.catholique.fr\/sud-charente\/actualites\/les-jeudis-demmaus-tournee-2024\/#primaryimage"},"image":{"@id":"https:\/\/charente.catholique.fr\/sud-charente\/actualites\/les-jeudis-demmaus-tournee-2024\/#primaryimage"},"thumbnailUrl":"https:\/\/charente.catholique.fr\/sud-charente\/wp-content\/uploads\/sites\/5\/2023\/11\/dinner-1920.jpg","datePublished":"2023-11-26T07:00:13+00:00","dateModified":"2023-11-27T13:24:03+00:00","breadcrumb":{"@id":"https:\/\/charente.catholique.fr\/sud-charente\/actualites\/les-jeudis-demmaus-tournee-2024\/#breadcrumb"},"inLanguage":"fr-FR","potentialAction":[{"@type":"ReadAction","target":["https:\/\/charente.catholique.fr\/sud-charente\/actualites\/les-jeudis-demmaus-tournee-2024\/"]}]},{"@type":"ImageObject","inLanguage":"fr-FR","@id":"https:\/\/charente.catholique.fr\/sud-charente\/actualites\/les-jeudis-demmaus-tournee-2024\/#primaryimage","url":"https:\/\/charente.catholique.fr\/sud-charente\/wp-content\/uploads\/sites\/5\/2023\/11\/dinner-1920.jpg","contentUrl":"https:\/\/charente.catholique.fr\/sud-charente\/wp-content\/uploads\/sites\/5\/2023\/11\/dinner-1920.jpg","width":1920,"height":1440},{"@type":"BreadcrumbList","@id":"https:\/\/charente.catholique.fr\/sud-charente\/actualites\/les-jeudis-demmaus-tournee-2024\/#breadcrumb","itemListElement":[{"@type":"ListItem","position":1,"name":"Accueil","item":"https:\/\/charente.catholique.fr\/sud-charente\/"},{"@type":"ListItem","position":2,"name":"BMV : Les Jeudis d&#8217;Emma\u00fcs continuent en 2024 !"}]},{"@type":"WebSite","@id":"https:\/\/charente.catholique.fr\/sud-charente\/#website","url":"https:\/\/charente.catholique.fr\/sud-charente\/","name":"Doyenn\u00e9 Sud Charente - Dioc\u00e8se d'Angoul\u00eame","description":"Dioc\u00e8se d&#039;Angoul\u00eame","publisher":{"@id":"https:\/\/charente.catholique.fr\/sud-charente\/#organization"},"potentialAction":[{"@type":"SearchAction","target":{"@type":"EntryPoint","urlTemplate":"https:\/\/charente.catholique.fr\/sud-charente\/?s={search_term_string}"},"query-input":{"@type":"PropertyValueSpecification","valueRequired":true,"valueName":"search_term_string"}}],"inLanguage":"fr-FR"},{"@type":"Organization","@id":"https:\/\/charente.catholique.fr\/sud-charente\/#organization","name":"Association dioc\u00e9saine d'Angoul\u00eame","url":"https:\/\/charente.catholique.fr\/sud-charente\/","logo":{"@type":"ImageObject","inLanguage":"fr-FR","@id":"https:\/\/charente.catholique.fr\/sud-charente\/#\/schema\/logo\/image\/","url":"https:\/\/charente.catholique.fr\/sud-charente\/wp-content\/uploads\/sites\/5\/2020\/10\/logos.png","contentUrl":"https:\/\/charente.catholique.fr\/sud-charente\/wp-content\/uploads\/sites\/5\/2020\/10\/logos.png","width":600,"height":257,"caption":"Association dioc\u00e9saine d'Angoul\u00eame"},"image":{"@id":"https:\/\/charente.catholique.fr\/sud-charente\/#\/schema\/logo\/image\/"},"sameAs":["https:\/\/www.facebook.com\/EgliseCatholiqueCharente","https:\/\/x.com\/diocesecharente","https:\/\/www.instagram.com\/eglisecharente","https:\/\/www.youtube.com\/channel\/UCByyFWApZbw3gDTiADoiAaQ"]},{"@type":"Person","@id":"https:\/\/charente.catholique.fr\/sud-charente\/#\/schema\/person\/1091af4c05b6416adff2afa9f22635a3","name":"fredericcussac","image":{"@type":"ImageObject","inLanguage":"fr-FR","@id":"https:\/\/charente.catholique.fr\/sud-charente\/#\/schema\/person\/image\/","url":"https:\/\/secure.gravatar.com\/avatar\/bb15516794c62daf902e6577bb3bcb91841d9ad0fb952bc7098b2a5ac422566f?s=96&d=mm&r=g","contentUrl":"https:\/\/secure.gravatar.com\/avatar\/bb15516794c62daf902e6577bb3bcb91841d9ad0fb952bc7098b2a5ac422566f?s=96&d=mm&r=g","caption":"fredericcussac"},"url":"https:\/\/charente.catholique.fr\/sud-charente\/author\/fredericcussac\/"}]}},"_links":{"self":[{"href":"https:\/\/charente.catholique.fr\/sud-charente\/wp-json\/wp\/v2\/posts\/7080","targetHints":{"allow":["GET"]}}],"collection":[{"href":"https:\/\/charente.catholique.fr\/sud-charente\/wp-json\/wp\/v2\/posts"}],"about":[{"href":"https:\/\/charente.catholique.fr\/sud-charente\/wp-json\/wp\/v2\/types\/post"}],"author":[{"embeddable":true,"href":"https:\/\/charente.catholique.fr\/sud-charente\/wp-json\/wp\/v2\/users\/81"}],"replies":[{"embeddable":true,"href":"https:\/\/charente.catholique.fr\/sud-charente\/wp-json\/wp\/v2\/comments?post=7080"}],"version-history":[{"count":10,"href":"https:\/\/charente.catholique.fr\/sud-charente\/wp-json\/wp\/v2\/posts\/7080\/revisions"}],"predecessor-version":[{"id":7104,"href":"https:\/\/charente.catholique.fr\/sud-charente\/wp-json\/wp\/v2\/posts\/7080\/revisions\/7104"}],"wp:featuredmedia":[{"embeddable":true,"href":"https:\/\/charente.catholique.fr\/sud-charente\/wp-json\/wp\/v2\/media\/7085"}],"wp:attachment":[{"href":"https:\/\/charente.catholique.fr\/sud-charente\/wp-json\/wp\/v2\/media?parent=7080"}],"wp:term":[{"taxonomy":"category","embeddable":true,"href":"https:\/\/charente.catholique.fr\/sud-charente\/wp-json\/wp\/v2\/categories?post=7080"},{"taxonomy":"post_tag","embeddable":true,"href":"https:\/\/charente.catholique.fr\/sud-charente\/wp-json\/wp\/v2\/tags?post=7080"}],"curies":[{"name":"wp","href":"https:\/\/api.w.org\/{rel}","templated":true}]}}