{"id":6473,"date":"2023-07-09T15:59:22","date_gmt":"2023-07-09T13:59:22","guid":{"rendered":"https:\/\/charente.catholique.fr\/sud-charente\/?p=6473"},"modified":"2023-07-09T15:59:22","modified_gmt":"2023-07-09T13:59:22","slug":"homelie-du-9-juillet-2023-par-le-p-benoit-lecomte","status":"publish","type":"post","link":"https:\/\/charente.catholique.fr\/sud-charente\/actualites\/homelie-du-9-juillet-2023-par-le-p-benoit-lecomte\/","title":{"rendered":"Hom\u00e9lie du 9 juillet 2023, par le P. Beno\u00eet Lecomte"},"content":{"rendered":"\n<p>Serait-ce la fatigue de la fin de l\u2019ann\u00e9e scolaire&nbsp;? L\u2019excitation des vacances&nbsp;? La chaleur un peu trop lourde&nbsp;? J\u2019ai fait un aller-retour \u00e0 Paris hier. J\u2019ai \u00e9t\u00e9 frapp\u00e9 dans le train par la violence entre les gens. Invectives, insultes fusaient au moindre \u00e9cart de telle ou telle personne, sans que cela soit r\u00e9ellement justifi\u00e9, en tous cas pas avec une telle intensit\u00e9. Hier, aussi, \u00e0 une toute autre \u00e9chelle, Joe Biden annon\u00e7ait que les Etats-Unis allaient fournir des bombes \u00e0 sous-munitions \u00e0 l\u2019Ukraine, malgr\u00e9 la crainte des d\u00e9g\u00e2ts possibles sur les populations civiles. Plus pr\u00e8s de nous, notre pays peine \u00e0 sortir de plusieurs jours d\u2019\u00e9meutes. Partout, comme un accroissement de violence, de conflits, de tensions. L\u2019on peut \u00e9galement les ressentir parfois jusque dans nos familles, et jusque dans notre Eglise. Myst\u00e8re du c\u0153ur de l\u2019homme, de son impatience, de sa brutalit\u00e9, de sa difficult\u00e9 \u00e0 \u00eatre \u00e0 l\u2019\u00e9coute.<\/p>\n\n\n\n<p>Et dans le m\u00eame temps, nous entendons cette Parole de Dieu aujourd\u2019hui, qui dit l\u2019action et le projet de Dieu&nbsp;: \u00ab&nbsp;<em>Voici ton roi qui vient \u00e0 toi&nbsp;: il est juste et victorieux, pauvre et mont\u00e9 sur un \u00e2non\u2026 Ce roi fera dispara\u00eetre les chars de guerre, les chevaux de combat, il brisera l\u2019arc de guerre, et il proclamera la paix aux nations<\/em>&nbsp;\u00bb (Za 9). Etrange roi, si loin de nos repr\u00e9sentations de chefs d\u2019\u00e9tat ou de chefs de guerre, si loin de nos pulsions de roitelets, de petits rois du monde. Et pourtant. Nous le croyons, c\u2019est ce roi qui est r\u00e9ellement victorieux, ce roi qui a le dernier mot sur toutes les violences du monde et de nos c\u0153urs. Ce roi, qui impose la paix non par la puissance, la force, les cris, la guerre, mais par la mis\u00e9ricorde, le pardon, l\u2019humilit\u00e9, la pauvret\u00e9.<\/p>\n\n\n\n<p>\u00ab&nbsp;<em>Prenez sur vous mon joug, devenez mes disciples, car je suis doux et humble de c\u0153ur, et vous trouverez le repos<\/em>&nbsp;\u00bb, continue l\u2019\u00e9vangile. L\u2019image du joug est tr\u00e8s \u00e9vocatrice pour les auditeurs de J\u00e9sus, elle l\u2019est peut-\u00eatre moins pour nous. Le joug est cette grosse et lourde pi\u00e8ce de bois qui lie deux b\u0153ufs pour tirer la charrue. Quand J\u00e9sus propose de prendre sur nous son joug, il nous propose de le laisser se rendre solidaire de notre labeur, et de nous rendre, nous, solidaires de son \u00eatre, de sa marche\u2026 de sa royaut\u00e9. Le joug que nous propose J\u00e9sus est une invitation \u00e0 nous mettre \u00e0 son pas et \u00e0 sa m\u00e9thode&nbsp;: la paix, le pardon, la mis\u00e9ricorde, l\u2019\u00e9coute. Il nous invite \u00e0 nous atteler \u00e0 lui et avec lui. Et le partage de ce joug apporte le repos. Non pas celui des vacances, du farniente et de la sieste, mais celui du c\u0153ur. Le repos de ce c\u0153ur et de ce monde tant et tant brass\u00e9s et secou\u00e9s par les violences et les tensions. Car l\u2019\u00e9nergie d\u00e9pens\u00e9e n\u2019est plus pour d\u00e9truire, mais pour construire et grandir ensemble. Voil\u00e0 un beau programme de \u00ab&nbsp;repos&nbsp;\u00bb pour notre \u00e9t\u00e9, que l\u2019on parte en vacances ou non.<\/p>\n\n\n\n<p>Saint Paul, avec d\u2019autres images, ne dit pas autre chose. \u00ab&nbsp;<em>Si vous vivez selon la chair, vous allez mourir&nbsp;; mais si, par l\u2019Esprit, vous tuez les agissements de l\u2019homme p\u00e9cheur, vous vivrez.<\/em>&nbsp;\u00bb Par \u00ab&nbsp;chair&nbsp;\u00bb et \u00ab&nbsp;Esprit&nbsp;\u00bb, Paul ne d\u00e9signe pas ce que nous appelons \u00ab&nbsp;corps&nbsp;\u00bb et \u00ab&nbsp;\u00e2me&nbsp;\u00bb. Il \u00e9voque plut\u00f4t deux modes de vie&nbsp;: \u00ab&nbsp;vivre selon la chair&nbsp;\u00bb et \u00ab&nbsp;vivre selon l\u2019Esprit&nbsp;\u00bb. Et il nous faut choisir l\u2019un ou l\u2019autre mode de vie. Celui,&nbsp;\u00ab&nbsp;selon la chair&nbsp;\u00bb, qui d\u00e9cide de vivre sans Dieu. Avec le risque d\u2019\u00eatre limit\u00e9 par les faiblesses et les fragilit\u00e9s humaines, par les limites du c\u0153ur de l\u2019homme. Et d\u2019\u00eatre entra\u00een\u00e9, t\u00f4t ou tard, \u00e0 la fatigue de la violence et des tensions. Ou celui, \u00ab&nbsp;selon l\u2019Esprit&nbsp;\u00bb, qui d\u00e9cide de vivre avec Dieu et m\u00eame en Dieu\u2026 ou plut\u00f4t qui laisse \u00ab&nbsp;l\u2019Esprit de Dieu habiter en nous.&nbsp;\u00bb Et alors nous ne mourons plus sous le poids du fardeau, mais nous vivons dans la paix et le bonheur de la communion que Dieu nous promet.<\/p>\n\n\n\n<p>Par notre bapt\u00eame &#8211; par le bapt\u00eame, Gr\u00e2ce-Marie &#8211; l\u2019Esprit du Christ vient habiter en nous nous devenons comme la maison de l\u2019Esprit de Dieu. Par le bapt\u00eame, J\u00e9sus nous propose de partager son joug, de nous mettre \u00e0 son pas et \u00e0 son \u00e9cole, pour partager son style de royaut\u00e9 et de pr\u00e9sence aux autres et au monde. Un style qui apporte la paix et la joie, au travers m\u00eame des \u00e9preuves que nous rencontrons in\u00e9vitablement, et des fatigues de nos corps et de nos esprits.<\/p>\n\n\n\n<p>Que le temps d\u2019\u00e9t\u00e9 qui s\u2019ouvre \u00e0 nous, nous donne de vivre selon l\u2019Esprit. Et que par nos paroles, nos actions, nos pr\u00e9sences, nos engagements, notre d\u00e9tente, notre pri\u00e8re, nous devenions solidaires de ce roi qui \u00e9tend \u00ab&nbsp;sa domination \u00e0 toutes les nations&nbsp;\u00bb, pour que r\u00e8gne la paix, pour que vive tout Homme.<\/p>\n\n\n\n<p>Amen.<\/p>\n\n\n\n<p>P. Beno\u00eet Lecomte<\/p>\n","protected":false},"excerpt":{"rendered":"<p>Serait-ce la fatigue de la fin de l\u2019ann\u00e9e scolaire&nbsp;? L\u2019excitation des vacances&nbsp;? La chaleur un peu trop lourde&nbsp;? J\u2019ai fait un aller-retour \u00e0 Paris hier. J\u2019ai \u00e9t\u00e9 frapp\u00e9 dans le train par la violence entre les gens. Invectives, insultes fusaient au moindre \u00e9cart de telle ou telle personne, sans que cela soit r\u00e9ellement justifi\u00e9, en [&hellip;]<\/p>\n","protected":false},"author":4,"featured_media":6474,"comment_status":"open","ping_status":"open","sticky":false,"template":"","format":"standard","meta":{"_acf_changed":false,"paroisse":["15"],"service":["0"],"footnotes":""},"categories":[1,4,3],"tags":[],"class_list":["post-6473","post","type-post","status-publish","format-standard","has-post-thumbnail","hentry","category-actualites","category-barbezieux","category-homelies","validated"],"acf":[],"yoast_head":"<!-- This site is optimized with the Yoast SEO plugin v27.1.1 - https:\/\/yoast.com\/product\/yoast-seo-wordpress\/ -->\n<title>Hom\u00e9lie du 9 juillet 2023, par le P. Beno\u00eet Lecomte - Doyenn\u00e9 Sud Charente<\/title>\n<meta name=\"robots\" content=\"index, follow, max-snippet:-1, max-image-preview:large, max-video-preview:-1\" \/>\n<link rel=\"canonical\" href=\"https:\/\/charente.catholique.fr\/sud-charente\/actualites\/homelie-du-9-juillet-2023-par-le-p-benoit-lecomte\/\" \/>\n<meta property=\"og:locale\" content=\"fr_FR\" \/>\n<meta property=\"og:type\" content=\"article\" \/>\n<meta property=\"og:title\" content=\"Hom\u00e9lie du 9 juillet 2023, par le P. Beno\u00eet Lecomte - Doyenn\u00e9 Sud Charente\" \/>\n<meta property=\"og:description\" content=\"Serait-ce la fatigue de la fin de l\u2019ann\u00e9e scolaire&nbsp;? L\u2019excitation des vacances&nbsp;? La chaleur un peu trop lourde&nbsp;? J\u2019ai fait un aller-retour \u00e0 Paris hier. J\u2019ai \u00e9t\u00e9 frapp\u00e9 dans le train par la violence entre les gens. Invectives, insultes fusaient au moindre \u00e9cart de telle ou telle personne, sans que cela soit r\u00e9ellement justifi\u00e9, en [&hellip;]\" \/>\n<meta property=\"og:url\" content=\"https:\/\/charente.catholique.fr\/sud-charente\/actualites\/homelie-du-9-juillet-2023-par-le-p-benoit-lecomte\/\" \/>\n<meta property=\"og:site_name\" content=\"Doyenn\u00e9 Sud Charente\" \/>\n<meta property=\"article:publisher\" content=\"https:\/\/www.facebook.com\/EgliseCatholiqueCharente\" \/>\n<meta property=\"article:published_time\" content=\"2023-07-09T13:59:22+00:00\" \/>\n<meta property=\"og:image\" content=\"https:\/\/charente.catholique.fr\/sud-charente\/wp-content\/uploads\/sites\/5\/2023\/07\/cross-g74b2c9a4d_1280.jpg\" \/>\n\t<meta property=\"og:image:width\" content=\"1280\" \/>\n\t<meta property=\"og:image:height\" content=\"853\" \/>\n\t<meta property=\"og:image:type\" content=\"image\/jpeg\" \/>\n<meta name=\"author\" content=\"Beno\u00eet\" \/>\n<meta name=\"twitter:card\" content=\"summary_large_image\" \/>\n<meta name=\"twitter:creator\" content=\"@diocesecharente\" \/>\n<meta name=\"twitter:site\" content=\"@diocesecharente\" \/>\n<meta name=\"twitter:label1\" content=\"\u00c9crit par\" \/>\n\t<meta name=\"twitter:data1\" content=\"Beno\u00eet\" \/>\n\t<meta name=\"twitter:label2\" content=\"Dur\u00e9e de lecture estim\u00e9e\" \/>\n\t<meta name=\"twitter:data2\" content=\"5 minutes\" \/>\n<script type=\"application\/ld+json\" class=\"yoast-schema-graph\">{\"@context\":\"https:\/\/schema.org\",\"@graph\":[{\"@type\":\"Article\",\"@id\":\"https:\/\/charente.catholique.fr\/sud-charente\/actualites\/homelie-du-9-juillet-2023-par-le-p-benoit-lecomte\/#article\",\"isPartOf\":{\"@id\":\"https:\/\/charente.catholique.fr\/sud-charente\/actualites\/homelie-du-9-juillet-2023-par-le-p-benoit-lecomte\/\"},\"author\":{\"name\":\"Beno\u00eet\",\"@id\":\"https:\/\/charente.catholique.fr\/sud-charente\/#\/schema\/person\/ddcc6ba32a4484b49a276652de901387\"},\"headline\":\"Hom\u00e9lie du 9 juillet 2023, par le P. Beno\u00eet Lecomte\",\"datePublished\":\"2023-07-09T13:59:22+00:00\",\"mainEntityOfPage\":{\"@id\":\"https:\/\/charente.catholique.fr\/sud-charente\/actualites\/homelie-du-9-juillet-2023-par-le-p-benoit-lecomte\/\"},\"wordCount\":932,\"commentCount\":0,\"publisher\":{\"@id\":\"https:\/\/charente.catholique.fr\/sud-charente\/#organization\"},\"image\":{\"@id\":\"https:\/\/charente.catholique.fr\/sud-charente\/actualites\/homelie-du-9-juillet-2023-par-le-p-benoit-lecomte\/#primaryimage\"},\"thumbnailUrl\":\"https:\/\/charente.catholique.fr\/sud-charente\/wp-content\/uploads\/sites\/5\/2023\/07\/cross-g74b2c9a4d_1280.jpg\",\"articleSection\":[\"Actualit\u00e9s\",\"Barbezieux\",\"Hom\u00e9lies\"],\"inLanguage\":\"fr-FR\",\"potentialAction\":[{\"@type\":\"CommentAction\",\"name\":\"Comment\",\"target\":[\"https:\/\/charente.catholique.fr\/sud-charente\/actualites\/homelie-du-9-juillet-2023-par-le-p-benoit-lecomte\/#respond\"]}]},{\"@type\":\"WebPage\",\"@id\":\"https:\/\/charente.catholique.fr\/sud-charente\/actualites\/homelie-du-9-juillet-2023-par-le-p-benoit-lecomte\/\",\"url\":\"https:\/\/charente.catholique.fr\/sud-charente\/actualites\/homelie-du-9-juillet-2023-par-le-p-benoit-lecomte\/\",\"name\":\"Hom\u00e9lie du 9 juillet 2023, par le P. Beno\u00eet Lecomte - Doyenn\u00e9 Sud Charente\",\"isPartOf\":{\"@id\":\"https:\/\/charente.catholique.fr\/sud-charente\/#website\"},\"primaryImageOfPage\":{\"@id\":\"https:\/\/charente.catholique.fr\/sud-charente\/actualites\/homelie-du-9-juillet-2023-par-le-p-benoit-lecomte\/#primaryimage\"},\"image\":{\"@id\":\"https:\/\/charente.catholique.fr\/sud-charente\/actualites\/homelie-du-9-juillet-2023-par-le-p-benoit-lecomte\/#primaryimage\"},\"thumbnailUrl\":\"https:\/\/charente.catholique.fr\/sud-charente\/wp-content\/uploads\/sites\/5\/2023\/07\/cross-g74b2c9a4d_1280.jpg\",\"datePublished\":\"2023-07-09T13:59:22+00:00\",\"breadcrumb\":{\"@id\":\"https:\/\/charente.catholique.fr\/sud-charente\/actualites\/homelie-du-9-juillet-2023-par-le-p-benoit-lecomte\/#breadcrumb\"},\"inLanguage\":\"fr-FR\",\"potentialAction\":[{\"@type\":\"ReadAction\",\"target\":[\"https:\/\/charente.catholique.fr\/sud-charente\/actualites\/homelie-du-9-juillet-2023-par-le-p-benoit-lecomte\/\"]}]},{\"@type\":\"ImageObject\",\"inLanguage\":\"fr-FR\",\"@id\":\"https:\/\/charente.catholique.fr\/sud-charente\/actualites\/homelie-du-9-juillet-2023-par-le-p-benoit-lecomte\/#primaryimage\",\"url\":\"https:\/\/charente.catholique.fr\/sud-charente\/wp-content\/uploads\/sites\/5\/2023\/07\/cross-g74b2c9a4d_1280.jpg\",\"contentUrl\":\"https:\/\/charente.catholique.fr\/sud-charente\/wp-content\/uploads\/sites\/5\/2023\/07\/cross-g74b2c9a4d_1280.jpg\",\"width\":1280,\"height\":853},{\"@type\":\"BreadcrumbList\",\"@id\":\"https:\/\/charente.catholique.fr\/sud-charente\/actualites\/homelie-du-9-juillet-2023-par-le-p-benoit-lecomte\/#breadcrumb\",\"itemListElement\":[{\"@type\":\"ListItem\",\"position\":1,\"name\":\"Accueil\",\"item\":\"https:\/\/charente.catholique.fr\/sud-charente\/\"},{\"@type\":\"ListItem\",\"position\":2,\"name\":\"Hom\u00e9lie du 9 juillet 2023, par le P. Beno\u00eet Lecomte\"}]},{\"@type\":\"WebSite\",\"@id\":\"https:\/\/charente.catholique.fr\/sud-charente\/#website\",\"url\":\"https:\/\/charente.catholique.fr\/sud-charente\/\",\"name\":\"Doyenn\u00e9 Sud Charente - Dioc\u00e8se d'Angoul\u00eame\",\"description\":\"Dioc\u00e8se d&#039;Angoul\u00eame\",\"publisher\":{\"@id\":\"https:\/\/charente.catholique.fr\/sud-charente\/#organization\"},\"potentialAction\":[{\"@type\":\"SearchAction\",\"target\":{\"@type\":\"EntryPoint\",\"urlTemplate\":\"https:\/\/charente.catholique.fr\/sud-charente\/?s={search_term_string}\"},\"query-input\":{\"@type\":\"PropertyValueSpecification\",\"valueRequired\":true,\"valueName\":\"search_term_string\"}}],\"inLanguage\":\"fr-FR\"},{\"@type\":\"Organization\",\"@id\":\"https:\/\/charente.catholique.fr\/sud-charente\/#organization\",\"name\":\"Association dioc\u00e9saine d'Angoul\u00eame\",\"url\":\"https:\/\/charente.catholique.fr\/sud-charente\/\",\"logo\":{\"@type\":\"ImageObject\",\"inLanguage\":\"fr-FR\",\"@id\":\"https:\/\/charente.catholique.fr\/sud-charente\/#\/schema\/logo\/image\/\",\"url\":\"https:\/\/charente.catholique.fr\/sud-charente\/wp-content\/uploads\/sites\/5\/2020\/10\/logos.png\",\"contentUrl\":\"https:\/\/charente.catholique.fr\/sud-charente\/wp-content\/uploads\/sites\/5\/2020\/10\/logos.png\",\"width\":600,\"height\":257,\"caption\":\"Association dioc\u00e9saine d'Angoul\u00eame\"},\"image\":{\"@id\":\"https:\/\/charente.catholique.fr\/sud-charente\/#\/schema\/logo\/image\/\"},\"sameAs\":[\"https:\/\/www.facebook.com\/EgliseCatholiqueCharente\",\"https:\/\/x.com\/diocesecharente\",\"https:\/\/www.instagram.com\/eglisecharente\",\"https:\/\/www.youtube.com\/channel\/UCByyFWApZbw3gDTiADoiAaQ\"]},{\"@type\":\"Person\",\"@id\":\"https:\/\/charente.catholique.fr\/sud-charente\/#\/schema\/person\/ddcc6ba32a4484b49a276652de901387\",\"name\":\"Beno\u00eet\",\"image\":{\"@type\":\"ImageObject\",\"inLanguage\":\"fr-FR\",\"@id\":\"https:\/\/charente.catholique.fr\/sud-charente\/#\/schema\/person\/image\/\",\"url\":\"https:\/\/secure.gravatar.com\/avatar\/367de281020c81cafc6a2f9b79fef00a1981a890412ad8b09b11385575886666?s=96&d=mm&r=g\",\"contentUrl\":\"https:\/\/secure.gravatar.com\/avatar\/367de281020c81cafc6a2f9b79fef00a1981a890412ad8b09b11385575886666?s=96&d=mm&r=g\",\"caption\":\"Beno\u00eet\"},\"url\":\"https:\/\/charente.catholique.fr\/sud-charente\/author\/benoitlecomte\/\"}]}<\/script>\n<!-- \/ Yoast SEO plugin. -->","yoast_head_json":{"title":"Hom\u00e9lie du 9 juillet 2023, par le P. Beno\u00eet Lecomte - Doyenn\u00e9 Sud Charente","robots":{"index":"index","follow":"follow","max-snippet":"max-snippet:-1","max-image-preview":"max-image-preview:large","max-video-preview":"max-video-preview:-1"},"canonical":"https:\/\/charente.catholique.fr\/sud-charente\/actualites\/homelie-du-9-juillet-2023-par-le-p-benoit-lecomte\/","og_locale":"fr_FR","og_type":"article","og_title":"Hom\u00e9lie du 9 juillet 2023, par le P. Beno\u00eet Lecomte - Doyenn\u00e9 Sud Charente","og_description":"Serait-ce la fatigue de la fin de l\u2019ann\u00e9e scolaire&nbsp;? L\u2019excitation des vacances&nbsp;? La chaleur un peu trop lourde&nbsp;? J\u2019ai fait un aller-retour \u00e0 Paris hier. J\u2019ai \u00e9t\u00e9 frapp\u00e9 dans le train par la violence entre les gens. Invectives, insultes fusaient au moindre \u00e9cart de telle ou telle personne, sans que cela soit r\u00e9ellement justifi\u00e9, en [&hellip;]","og_url":"https:\/\/charente.catholique.fr\/sud-charente\/actualites\/homelie-du-9-juillet-2023-par-le-p-benoit-lecomte\/","og_site_name":"Doyenn\u00e9 Sud Charente","article_publisher":"https:\/\/www.facebook.com\/EgliseCatholiqueCharente","article_published_time":"2023-07-09T13:59:22+00:00","og_image":[{"width":1280,"height":853,"url":"https:\/\/charente.catholique.fr\/sud-charente\/wp-content\/uploads\/sites\/5\/2023\/07\/cross-g74b2c9a4d_1280.jpg","type":"image\/jpeg"}],"author":"Beno\u00eet","twitter_card":"summary_large_image","twitter_creator":"@diocesecharente","twitter_site":"@diocesecharente","twitter_misc":{"\u00c9crit par":"Beno\u00eet","Dur\u00e9e de lecture estim\u00e9e":"5 minutes"},"schema":{"@context":"https:\/\/schema.org","@graph":[{"@type":"Article","@id":"https:\/\/charente.catholique.fr\/sud-charente\/actualites\/homelie-du-9-juillet-2023-par-le-p-benoit-lecomte\/#article","isPartOf":{"@id":"https:\/\/charente.catholique.fr\/sud-charente\/actualites\/homelie-du-9-juillet-2023-par-le-p-benoit-lecomte\/"},"author":{"name":"Beno\u00eet","@id":"https:\/\/charente.catholique.fr\/sud-charente\/#\/schema\/person\/ddcc6ba32a4484b49a276652de901387"},"headline":"Hom\u00e9lie du 9 juillet 2023, par le P. Beno\u00eet Lecomte","datePublished":"2023-07-09T13:59:22+00:00","mainEntityOfPage":{"@id":"https:\/\/charente.catholique.fr\/sud-charente\/actualites\/homelie-du-9-juillet-2023-par-le-p-benoit-lecomte\/"},"wordCount":932,"commentCount":0,"publisher":{"@id":"https:\/\/charente.catholique.fr\/sud-charente\/#organization"},"image":{"@id":"https:\/\/charente.catholique.fr\/sud-charente\/actualites\/homelie-du-9-juillet-2023-par-le-p-benoit-lecomte\/#primaryimage"},"thumbnailUrl":"https:\/\/charente.catholique.fr\/sud-charente\/wp-content\/uploads\/sites\/5\/2023\/07\/cross-g74b2c9a4d_1280.jpg","articleSection":["Actualit\u00e9s","Barbezieux","Hom\u00e9lies"],"inLanguage":"fr-FR","potentialAction":[{"@type":"CommentAction","name":"Comment","target":["https:\/\/charente.catholique.fr\/sud-charente\/actualites\/homelie-du-9-juillet-2023-par-le-p-benoit-lecomte\/#respond"]}]},{"@type":"WebPage","@id":"https:\/\/charente.catholique.fr\/sud-charente\/actualites\/homelie-du-9-juillet-2023-par-le-p-benoit-lecomte\/","url":"https:\/\/charente.catholique.fr\/sud-charente\/actualites\/homelie-du-9-juillet-2023-par-le-p-benoit-lecomte\/","name":"Hom\u00e9lie du 9 juillet 2023, par le P. Beno\u00eet Lecomte - Doyenn\u00e9 Sud Charente","isPartOf":{"@id":"https:\/\/charente.catholique.fr\/sud-charente\/#website"},"primaryImageOfPage":{"@id":"https:\/\/charente.catholique.fr\/sud-charente\/actualites\/homelie-du-9-juillet-2023-par-le-p-benoit-lecomte\/#primaryimage"},"image":{"@id":"https:\/\/charente.catholique.fr\/sud-charente\/actualites\/homelie-du-9-juillet-2023-par-le-p-benoit-lecomte\/#primaryimage"},"thumbnailUrl":"https:\/\/charente.catholique.fr\/sud-charente\/wp-content\/uploads\/sites\/5\/2023\/07\/cross-g74b2c9a4d_1280.jpg","datePublished":"2023-07-09T13:59:22+00:00","breadcrumb":{"@id":"https:\/\/charente.catholique.fr\/sud-charente\/actualites\/homelie-du-9-juillet-2023-par-le-p-benoit-lecomte\/#breadcrumb"},"inLanguage":"fr-FR","potentialAction":[{"@type":"ReadAction","target":["https:\/\/charente.catholique.fr\/sud-charente\/actualites\/homelie-du-9-juillet-2023-par-le-p-benoit-lecomte\/"]}]},{"@type":"ImageObject","inLanguage":"fr-FR","@id":"https:\/\/charente.catholique.fr\/sud-charente\/actualites\/homelie-du-9-juillet-2023-par-le-p-benoit-lecomte\/#primaryimage","url":"https:\/\/charente.catholique.fr\/sud-charente\/wp-content\/uploads\/sites\/5\/2023\/07\/cross-g74b2c9a4d_1280.jpg","contentUrl":"https:\/\/charente.catholique.fr\/sud-charente\/wp-content\/uploads\/sites\/5\/2023\/07\/cross-g74b2c9a4d_1280.jpg","width":1280,"height":853},{"@type":"BreadcrumbList","@id":"https:\/\/charente.catholique.fr\/sud-charente\/actualites\/homelie-du-9-juillet-2023-par-le-p-benoit-lecomte\/#breadcrumb","itemListElement":[{"@type":"ListItem","position":1,"name":"Accueil","item":"https:\/\/charente.catholique.fr\/sud-charente\/"},{"@type":"ListItem","position":2,"name":"Hom\u00e9lie du 9 juillet 2023, par le P. Beno\u00eet Lecomte"}]},{"@type":"WebSite","@id":"https:\/\/charente.catholique.fr\/sud-charente\/#website","url":"https:\/\/charente.catholique.fr\/sud-charente\/","name":"Doyenn\u00e9 Sud Charente - Dioc\u00e8se d'Angoul\u00eame","description":"Dioc\u00e8se d&#039;Angoul\u00eame","publisher":{"@id":"https:\/\/charente.catholique.fr\/sud-charente\/#organization"},"potentialAction":[{"@type":"SearchAction","target":{"@type":"EntryPoint","urlTemplate":"https:\/\/charente.catholique.fr\/sud-charente\/?s={search_term_string}"},"query-input":{"@type":"PropertyValueSpecification","valueRequired":true,"valueName":"search_term_string"}}],"inLanguage":"fr-FR"},{"@type":"Organization","@id":"https:\/\/charente.catholique.fr\/sud-charente\/#organization","name":"Association dioc\u00e9saine d'Angoul\u00eame","url":"https:\/\/charente.catholique.fr\/sud-charente\/","logo":{"@type":"ImageObject","inLanguage":"fr-FR","@id":"https:\/\/charente.catholique.fr\/sud-charente\/#\/schema\/logo\/image\/","url":"https:\/\/charente.catholique.fr\/sud-charente\/wp-content\/uploads\/sites\/5\/2020\/10\/logos.png","contentUrl":"https:\/\/charente.catholique.fr\/sud-charente\/wp-content\/uploads\/sites\/5\/2020\/10\/logos.png","width":600,"height":257,"caption":"Association dioc\u00e9saine d'Angoul\u00eame"},"image":{"@id":"https:\/\/charente.catholique.fr\/sud-charente\/#\/schema\/logo\/image\/"},"sameAs":["https:\/\/www.facebook.com\/EgliseCatholiqueCharente","https:\/\/x.com\/diocesecharente","https:\/\/www.instagram.com\/eglisecharente","https:\/\/www.youtube.com\/channel\/UCByyFWApZbw3gDTiADoiAaQ"]},{"@type":"Person","@id":"https:\/\/charente.catholique.fr\/sud-charente\/#\/schema\/person\/ddcc6ba32a4484b49a276652de901387","name":"Beno\u00eet","image":{"@type":"ImageObject","inLanguage":"fr-FR","@id":"https:\/\/charente.catholique.fr\/sud-charente\/#\/schema\/person\/image\/","url":"https:\/\/secure.gravatar.com\/avatar\/367de281020c81cafc6a2f9b79fef00a1981a890412ad8b09b11385575886666?s=96&d=mm&r=g","contentUrl":"https:\/\/secure.gravatar.com\/avatar\/367de281020c81cafc6a2f9b79fef00a1981a890412ad8b09b11385575886666?s=96&d=mm&r=g","caption":"Beno\u00eet"},"url":"https:\/\/charente.catholique.fr\/sud-charente\/author\/benoitlecomte\/"}]}},"_links":{"self":[{"href":"https:\/\/charente.catholique.fr\/sud-charente\/wp-json\/wp\/v2\/posts\/6473","targetHints":{"allow":["GET"]}}],"collection":[{"href":"https:\/\/charente.catholique.fr\/sud-charente\/wp-json\/wp\/v2\/posts"}],"about":[{"href":"https:\/\/charente.catholique.fr\/sud-charente\/wp-json\/wp\/v2\/types\/post"}],"author":[{"embeddable":true,"href":"https:\/\/charente.catholique.fr\/sud-charente\/wp-json\/wp\/v2\/users\/4"}],"replies":[{"embeddable":true,"href":"https:\/\/charente.catholique.fr\/sud-charente\/wp-json\/wp\/v2\/comments?post=6473"}],"version-history":[{"count":1,"href":"https:\/\/charente.catholique.fr\/sud-charente\/wp-json\/wp\/v2\/posts\/6473\/revisions"}],"predecessor-version":[{"id":6475,"href":"https:\/\/charente.catholique.fr\/sud-charente\/wp-json\/wp\/v2\/posts\/6473\/revisions\/6475"}],"wp:featuredmedia":[{"embeddable":true,"href":"https:\/\/charente.catholique.fr\/sud-charente\/wp-json\/wp\/v2\/media\/6474"}],"wp:attachment":[{"href":"https:\/\/charente.catholique.fr\/sud-charente\/wp-json\/wp\/v2\/media?parent=6473"}],"wp:term":[{"taxonomy":"category","embeddable":true,"href":"https:\/\/charente.catholique.fr\/sud-charente\/wp-json\/wp\/v2\/categories?post=6473"},{"taxonomy":"post_tag","embeddable":true,"href":"https:\/\/charente.catholique.fr\/sud-charente\/wp-json\/wp\/v2\/tags?post=6473"}],"curies":[{"name":"wp","href":"https:\/\/api.w.org\/{rel}","templated":true}]}}