{"id":6349,"date":"2023-06-11T19:49:46","date_gmt":"2023-06-11T17:49:46","guid":{"rendered":"https:\/\/charente.catholique.fr\/sud-charente\/?p=6349"},"modified":"2023-06-24T00:11:55","modified_gmt":"2023-06-23T22:11:55","slug":"album-photos-de-la-premiere-communion-a-barbezieux-le-11-juin-2023","status":"publish","type":"post","link":"https:\/\/charente.catholique.fr\/sud-charente\/actualites\/album-photos-de-la-premiere-communion-a-barbezieux-le-11-juin-2023\/","title":{"rendered":"Album photos de la premi\u00e8re communion \u00e0 Barbezieux le 11 juin 2023"},"content":{"rendered":"\n<p>Voici l&#8217;album photos de la c\u00e9l\u00e9bration des premi\u00e8res communions \u00e0 Barbezieux, le 11 juin 2023<\/p>\n\n\n\n<p>(Merci \u00e0 V\u00e9ronique et Andr\u00e9a pour ces photos !)<\/p>\n\n\n\n<figure class=\"wp-block-embed is-type-rich is-provider-flickr wp-block-embed-flickr\"><div class=\"wp-block-embed__wrapper\">\n<a data-flickr-embed='true' href='https:\/\/www.flickr.com\/photos\/dioceseangouleme\/albums\/72177720308987824' title='Premi\u00e8res communions - Barbezieux le 11 juin 2023 by Eglise Catholique en Charente, on Flickr'><img src='https:\/\/live.staticflickr.com\/65535\/52966203557_88b705f669.jpg' width='800' height='600' alt='Premi\u00e8re communion - Barbezieux - 11 juin 2023'><\/a><script async src='https:\/\/embedr.flickr.com\/assets\/client-code.js' charset='utf-8'><\/script>\n<\/div><\/figure>\n\n\n\n<p>Pour avoir <a href=\"https:\/\/www.flickr.com\/photos\/dioceseangouleme\/albums\/72177720308987824\" target=\"_blank\" rel=\"noreferrer noopener\">acc\u00e8s au t\u00e9l\u00e9chargement des photos, cliquez ici<\/a><\/p>\n\n\n\n<p><a href=\"https:\/\/charente.catholique.fr\/sud-charente\/actualites\/homelie-du-11-juin-2023-par-le-p-benoit-lecomte\/\" target=\"_blank\" rel=\"noreferrer noopener\">Retrouvez l&#8217;hom\u00e9lie du P\u00e8re Beno\u00eet Lecomte ici<\/a>.<\/p>\n","protected":false},"excerpt":{"rendered":"<p>Voici l&#8217;album photos de la c\u00e9l\u00e9bration des premi\u00e8res communions \u00e0 Barbezieux, le 11 juin 2023 (Merci \u00e0 V\u00e9ronique et Andr\u00e9a pour ces photos !) Pour avoir acc\u00e8s au t\u00e9l\u00e9chargement des photos, cliquez ici Retrouvez l&#8217;hom\u00e9lie du P\u00e8re Beno\u00eet Lecomte ici.<\/p>\n","protected":false},"author":4,"featured_media":6350,"comment_status":"open","ping_status":"open","sticky":false,"template":"","format":"standard","meta":{"_acf_changed":false,"paroisse":["15"],"service":["0"],"footnotes":""},"categories":[1,4,5,14],"tags":[],"class_list":["post-6349","post","type-post","status-publish","format-standard","has-post-thumbnail","hentry","category-actualites","category-barbezieux","category-cate","category-infos-paroissiales","validated"],"acf":[],"yoast_head":"<!-- This site is optimized with the Yoast SEO plugin v27.1.1 - https:\/\/yoast.com\/product\/yoast-seo-wordpress\/ -->\n<title>Album photos de la premi\u00e8re communion \u00e0 Barbezieux le 11 juin 2023 - Doyenn\u00e9 Sud Charente<\/title>\n<meta name=\"robots\" content=\"index, follow, max-snippet:-1, max-image-preview:large, max-video-preview:-1\" \/>\n<link rel=\"canonical\" href=\"https:\/\/charente.catholique.fr\/sud-charente\/actualites\/album-photos-de-la-premiere-communion-a-barbezieux-le-11-juin-2023\/\" \/>\n<meta property=\"og:locale\" content=\"fr_FR\" \/>\n<meta property=\"og:type\" content=\"article\" \/>\n<meta property=\"og:title\" content=\"Album photos de la premi\u00e8re communion \u00e0 Barbezieux le 11 juin 2023 - Doyenn\u00e9 Sud Charente\" \/>\n<meta property=\"og:description\" content=\"Voici l&#8217;album photos de la c\u00e9l\u00e9bration des premi\u00e8res communions \u00e0 Barbezieux, le 11 juin 2023 (Merci \u00e0 V\u00e9ronique et Andr\u00e9a pour ces photos !) Pour avoir acc\u00e8s au t\u00e9l\u00e9chargement des photos, cliquez ici Retrouvez l&#8217;hom\u00e9lie du P\u00e8re Beno\u00eet Lecomte ici.\" \/>\n<meta property=\"og:url\" content=\"https:\/\/charente.catholique.fr\/sud-charente\/actualites\/album-photos-de-la-premiere-communion-a-barbezieux-le-11-juin-2023\/\" \/>\n<meta property=\"og:site_name\" content=\"Doyenn\u00e9 Sud Charente\" \/>\n<meta property=\"article:publisher\" content=\"https:\/\/www.facebook.com\/EgliseCatholiqueCharente\" \/>\n<meta property=\"article:published_time\" content=\"2023-06-11T17:49:46+00:00\" \/>\n<meta property=\"article:modified_time\" content=\"2023-06-23T22:11:55+00:00\" \/>\n<meta property=\"og:image\" content=\"https:\/\/charente.catholique.fr\/sud-charente\/wp-content\/uploads\/sites\/5\/2023\/06\/p1220770-scaled.jpg\" \/>\n\t<meta property=\"og:image:width\" content=\"2560\" \/>\n\t<meta property=\"og:image:height\" content=\"1920\" \/>\n\t<meta property=\"og:image:type\" content=\"image\/jpeg\" \/>\n<meta name=\"author\" content=\"Beno\u00eet\" \/>\n<meta name=\"twitter:card\" content=\"summary_large_image\" \/>\n<meta name=\"twitter:creator\" content=\"@diocesecharente\" \/>\n<meta name=\"twitter:site\" content=\"@diocesecharente\" \/>\n<meta name=\"twitter:label1\" content=\"\u00c9crit par\" \/>\n\t<meta name=\"twitter:data1\" content=\"Beno\u00eet\" \/>\n\t<meta name=\"twitter:label2\" content=\"Dur\u00e9e de lecture estim\u00e9e\" \/>\n\t<meta name=\"twitter:data2\" content=\"1 minute\" \/>\n<script type=\"application\/ld+json\" class=\"yoast-schema-graph\">{\"@context\":\"https:\/\/schema.org\",\"@graph\":[{\"@type\":\"Article\",\"@id\":\"https:\/\/charente.catholique.fr\/sud-charente\/actualites\/album-photos-de-la-premiere-communion-a-barbezieux-le-11-juin-2023\/#article\",\"isPartOf\":{\"@id\":\"https:\/\/charente.catholique.fr\/sud-charente\/actualites\/album-photos-de-la-premiere-communion-a-barbezieux-le-11-juin-2023\/\"},\"author\":{\"name\":\"Beno\u00eet\",\"@id\":\"https:\/\/charente.catholique.fr\/sud-charente\/#\/schema\/person\/ddcc6ba32a4484b49a276652de901387\"},\"headline\":\"Album photos de la premi\u00e8re communion \u00e0 Barbezieux le 11 juin 2023\",\"datePublished\":\"2023-06-11T17:49:46+00:00\",\"dateModified\":\"2023-06-23T22:11:55+00:00\",\"mainEntityOfPage\":{\"@id\":\"https:\/\/charente.catholique.fr\/sud-charente\/actualites\/album-photos-de-la-premiere-communion-a-barbezieux-le-11-juin-2023\/\"},\"wordCount\":65,\"commentCount\":0,\"publisher\":{\"@id\":\"https:\/\/charente.catholique.fr\/sud-charente\/#organization\"},\"image\":{\"@id\":\"https:\/\/charente.catholique.fr\/sud-charente\/actualites\/album-photos-de-la-premiere-communion-a-barbezieux-le-11-juin-2023\/#primaryimage\"},\"thumbnailUrl\":\"https:\/\/charente.catholique.fr\/sud-charente\/wp-content\/uploads\/sites\/5\/2023\/06\/p1220770-scaled.jpg\",\"articleSection\":[\"Actualit\u00e9s\",\"Barbezieux\",\"Cat\u00e9\",\"Infos paroissiales\"],\"inLanguage\":\"fr-FR\",\"potentialAction\":[{\"@type\":\"CommentAction\",\"name\":\"Comment\",\"target\":[\"https:\/\/charente.catholique.fr\/sud-charente\/actualites\/album-photos-de-la-premiere-communion-a-barbezieux-le-11-juin-2023\/#respond\"]}]},{\"@type\":\"WebPage\",\"@id\":\"https:\/\/charente.catholique.fr\/sud-charente\/actualites\/album-photos-de-la-premiere-communion-a-barbezieux-le-11-juin-2023\/\",\"url\":\"https:\/\/charente.catholique.fr\/sud-charente\/actualites\/album-photos-de-la-premiere-communion-a-barbezieux-le-11-juin-2023\/\",\"name\":\"Album photos de la premi\u00e8re communion \u00e0 Barbezieux le 11 juin 2023 - Doyenn\u00e9 Sud Charente\",\"isPartOf\":{\"@id\":\"https:\/\/charente.catholique.fr\/sud-charente\/#website\"},\"primaryImageOfPage\":{\"@id\":\"https:\/\/charente.catholique.fr\/sud-charente\/actualites\/album-photos-de-la-premiere-communion-a-barbezieux-le-11-juin-2023\/#primaryimage\"},\"image\":{\"@id\":\"https:\/\/charente.catholique.fr\/sud-charente\/actualites\/album-photos-de-la-premiere-communion-a-barbezieux-le-11-juin-2023\/#primaryimage\"},\"thumbnailUrl\":\"https:\/\/charente.catholique.fr\/sud-charente\/wp-content\/uploads\/sites\/5\/2023\/06\/p1220770-scaled.jpg\",\"datePublished\":\"2023-06-11T17:49:46+00:00\",\"dateModified\":\"2023-06-23T22:11:55+00:00\",\"breadcrumb\":{\"@id\":\"https:\/\/charente.catholique.fr\/sud-charente\/actualites\/album-photos-de-la-premiere-communion-a-barbezieux-le-11-juin-2023\/#breadcrumb\"},\"inLanguage\":\"fr-FR\",\"potentialAction\":[{\"@type\":\"ReadAction\",\"target\":[\"https:\/\/charente.catholique.fr\/sud-charente\/actualites\/album-photos-de-la-premiere-communion-a-barbezieux-le-11-juin-2023\/\"]}]},{\"@type\":\"ImageObject\",\"inLanguage\":\"fr-FR\",\"@id\":\"https:\/\/charente.catholique.fr\/sud-charente\/actualites\/album-photos-de-la-premiere-communion-a-barbezieux-le-11-juin-2023\/#primaryimage\",\"url\":\"https:\/\/charente.catholique.fr\/sud-charente\/wp-content\/uploads\/sites\/5\/2023\/06\/p1220770-scaled.jpg\",\"contentUrl\":\"https:\/\/charente.catholique.fr\/sud-charente\/wp-content\/uploads\/sites\/5\/2023\/06\/p1220770-scaled.jpg\",\"width\":2560,\"height\":1920},{\"@type\":\"BreadcrumbList\",\"@id\":\"https:\/\/charente.catholique.fr\/sud-charente\/actualites\/album-photos-de-la-premiere-communion-a-barbezieux-le-11-juin-2023\/#breadcrumb\",\"itemListElement\":[{\"@type\":\"ListItem\",\"position\":1,\"name\":\"Accueil\",\"item\":\"https:\/\/charente.catholique.fr\/sud-charente\/\"},{\"@type\":\"ListItem\",\"position\":2,\"name\":\"Album photos de la premi\u00e8re communion \u00e0 Barbezieux le 11 juin 2023\"}]},{\"@type\":\"WebSite\",\"@id\":\"https:\/\/charente.catholique.fr\/sud-charente\/#website\",\"url\":\"https:\/\/charente.catholique.fr\/sud-charente\/\",\"name\":\"Doyenn\u00e9 Sud Charente - Dioc\u00e8se d'Angoul\u00eame\",\"description\":\"Dioc\u00e8se d&#039;Angoul\u00eame\",\"publisher\":{\"@id\":\"https:\/\/charente.catholique.fr\/sud-charente\/#organization\"},\"potentialAction\":[{\"@type\":\"SearchAction\",\"target\":{\"@type\":\"EntryPoint\",\"urlTemplate\":\"https:\/\/charente.catholique.fr\/sud-charente\/?s={search_term_string}\"},\"query-input\":{\"@type\":\"PropertyValueSpecification\",\"valueRequired\":true,\"valueName\":\"search_term_string\"}}],\"inLanguage\":\"fr-FR\"},{\"@type\":\"Organization\",\"@id\":\"https:\/\/charente.catholique.fr\/sud-charente\/#organization\",\"name\":\"Association dioc\u00e9saine d'Angoul\u00eame\",\"url\":\"https:\/\/charente.catholique.fr\/sud-charente\/\",\"logo\":{\"@type\":\"ImageObject\",\"inLanguage\":\"fr-FR\",\"@id\":\"https:\/\/charente.catholique.fr\/sud-charente\/#\/schema\/logo\/image\/\",\"url\":\"https:\/\/charente.catholique.fr\/sud-charente\/wp-content\/uploads\/sites\/5\/2020\/10\/logos.png\",\"contentUrl\":\"https:\/\/charente.catholique.fr\/sud-charente\/wp-content\/uploads\/sites\/5\/2020\/10\/logos.png\",\"width\":600,\"height\":257,\"caption\":\"Association dioc\u00e9saine d'Angoul\u00eame\"},\"image\":{\"@id\":\"https:\/\/charente.catholique.fr\/sud-charente\/#\/schema\/logo\/image\/\"},\"sameAs\":[\"https:\/\/www.facebook.com\/EgliseCatholiqueCharente\",\"https:\/\/x.com\/diocesecharente\",\"https:\/\/www.instagram.com\/eglisecharente\",\"https:\/\/www.youtube.com\/channel\/UCByyFWApZbw3gDTiADoiAaQ\"]},{\"@type\":\"Person\",\"@id\":\"https:\/\/charente.catholique.fr\/sud-charente\/#\/schema\/person\/ddcc6ba32a4484b49a276652de901387\",\"name\":\"Beno\u00eet\",\"image\":{\"@type\":\"ImageObject\",\"inLanguage\":\"fr-FR\",\"@id\":\"https:\/\/charente.catholique.fr\/sud-charente\/#\/schema\/person\/image\/\",\"url\":\"https:\/\/secure.gravatar.com\/avatar\/367de281020c81cafc6a2f9b79fef00a1981a890412ad8b09b11385575886666?s=96&d=mm&r=g\",\"contentUrl\":\"https:\/\/secure.gravatar.com\/avatar\/367de281020c81cafc6a2f9b79fef00a1981a890412ad8b09b11385575886666?s=96&d=mm&r=g\",\"caption\":\"Beno\u00eet\"},\"url\":\"https:\/\/charente.catholique.fr\/sud-charente\/author\/benoitlecomte\/\"}]}<\/script>\n<!-- \/ Yoast SEO plugin. -->","yoast_head_json":{"title":"Album photos de la premi\u00e8re communion \u00e0 Barbezieux le 11 juin 2023 - Doyenn\u00e9 Sud Charente","robots":{"index":"index","follow":"follow","max-snippet":"max-snippet:-1","max-image-preview":"max-image-preview:large","max-video-preview":"max-video-preview:-1"},"canonical":"https:\/\/charente.catholique.fr\/sud-charente\/actualites\/album-photos-de-la-premiere-communion-a-barbezieux-le-11-juin-2023\/","og_locale":"fr_FR","og_type":"article","og_title":"Album photos de la premi\u00e8re communion \u00e0 Barbezieux le 11 juin 2023 - Doyenn\u00e9 Sud Charente","og_description":"Voici l&#8217;album photos de la c\u00e9l\u00e9bration des premi\u00e8res communions \u00e0 Barbezieux, le 11 juin 2023 (Merci \u00e0 V\u00e9ronique et Andr\u00e9a pour ces photos !) Pour avoir acc\u00e8s au t\u00e9l\u00e9chargement des photos, cliquez ici Retrouvez l&#8217;hom\u00e9lie du P\u00e8re Beno\u00eet Lecomte ici.","og_url":"https:\/\/charente.catholique.fr\/sud-charente\/actualites\/album-photos-de-la-premiere-communion-a-barbezieux-le-11-juin-2023\/","og_site_name":"Doyenn\u00e9 Sud Charente","article_publisher":"https:\/\/www.facebook.com\/EgliseCatholiqueCharente","article_published_time":"2023-06-11T17:49:46+00:00","article_modified_time":"2023-06-23T22:11:55+00:00","og_image":[{"width":2560,"height":1920,"url":"https:\/\/charente.catholique.fr\/sud-charente\/wp-content\/uploads\/sites\/5\/2023\/06\/p1220770-scaled.jpg","type":"image\/jpeg"}],"author":"Beno\u00eet","twitter_card":"summary_large_image","twitter_creator":"@diocesecharente","twitter_site":"@diocesecharente","twitter_misc":{"\u00c9crit par":"Beno\u00eet","Dur\u00e9e de lecture estim\u00e9e":"1 minute"},"schema":{"@context":"https:\/\/schema.org","@graph":[{"@type":"Article","@id":"https:\/\/charente.catholique.fr\/sud-charente\/actualites\/album-photos-de-la-premiere-communion-a-barbezieux-le-11-juin-2023\/#article","isPartOf":{"@id":"https:\/\/charente.catholique.fr\/sud-charente\/actualites\/album-photos-de-la-premiere-communion-a-barbezieux-le-11-juin-2023\/"},"author":{"name":"Beno\u00eet","@id":"https:\/\/charente.catholique.fr\/sud-charente\/#\/schema\/person\/ddcc6ba32a4484b49a276652de901387"},"headline":"Album photos de la premi\u00e8re communion \u00e0 Barbezieux le 11 juin 2023","datePublished":"2023-06-11T17:49:46+00:00","dateModified":"2023-06-23T22:11:55+00:00","mainEntityOfPage":{"@id":"https:\/\/charente.catholique.fr\/sud-charente\/actualites\/album-photos-de-la-premiere-communion-a-barbezieux-le-11-juin-2023\/"},"wordCount":65,"commentCount":0,"publisher":{"@id":"https:\/\/charente.catholique.fr\/sud-charente\/#organization"},"image":{"@id":"https:\/\/charente.catholique.fr\/sud-charente\/actualites\/album-photos-de-la-premiere-communion-a-barbezieux-le-11-juin-2023\/#primaryimage"},"thumbnailUrl":"https:\/\/charente.catholique.fr\/sud-charente\/wp-content\/uploads\/sites\/5\/2023\/06\/p1220770-scaled.jpg","articleSection":["Actualit\u00e9s","Barbezieux","Cat\u00e9","Infos paroissiales"],"inLanguage":"fr-FR","potentialAction":[{"@type":"CommentAction","name":"Comment","target":["https:\/\/charente.catholique.fr\/sud-charente\/actualites\/album-photos-de-la-premiere-communion-a-barbezieux-le-11-juin-2023\/#respond"]}]},{"@type":"WebPage","@id":"https:\/\/charente.catholique.fr\/sud-charente\/actualites\/album-photos-de-la-premiere-communion-a-barbezieux-le-11-juin-2023\/","url":"https:\/\/charente.catholique.fr\/sud-charente\/actualites\/album-photos-de-la-premiere-communion-a-barbezieux-le-11-juin-2023\/","name":"Album photos de la premi\u00e8re communion \u00e0 Barbezieux le 11 juin 2023 - Doyenn\u00e9 Sud Charente","isPartOf":{"@id":"https:\/\/charente.catholique.fr\/sud-charente\/#website"},"primaryImageOfPage":{"@id":"https:\/\/charente.catholique.fr\/sud-charente\/actualites\/album-photos-de-la-premiere-communion-a-barbezieux-le-11-juin-2023\/#primaryimage"},"image":{"@id":"https:\/\/charente.catholique.fr\/sud-charente\/actualites\/album-photos-de-la-premiere-communion-a-barbezieux-le-11-juin-2023\/#primaryimage"},"thumbnailUrl":"https:\/\/charente.catholique.fr\/sud-charente\/wp-content\/uploads\/sites\/5\/2023\/06\/p1220770-scaled.jpg","datePublished":"2023-06-11T17:49:46+00:00","dateModified":"2023-06-23T22:11:55+00:00","breadcrumb":{"@id":"https:\/\/charente.catholique.fr\/sud-charente\/actualites\/album-photos-de-la-premiere-communion-a-barbezieux-le-11-juin-2023\/#breadcrumb"},"inLanguage":"fr-FR","potentialAction":[{"@type":"ReadAction","target":["https:\/\/charente.catholique.fr\/sud-charente\/actualites\/album-photos-de-la-premiere-communion-a-barbezieux-le-11-juin-2023\/"]}]},{"@type":"ImageObject","inLanguage":"fr-FR","@id":"https:\/\/charente.catholique.fr\/sud-charente\/actualites\/album-photos-de-la-premiere-communion-a-barbezieux-le-11-juin-2023\/#primaryimage","url":"https:\/\/charente.catholique.fr\/sud-charente\/wp-content\/uploads\/sites\/5\/2023\/06\/p1220770-scaled.jpg","contentUrl":"https:\/\/charente.catholique.fr\/sud-charente\/wp-content\/uploads\/sites\/5\/2023\/06\/p1220770-scaled.jpg","width":2560,"height":1920},{"@type":"BreadcrumbList","@id":"https:\/\/charente.catholique.fr\/sud-charente\/actualites\/album-photos-de-la-premiere-communion-a-barbezieux-le-11-juin-2023\/#breadcrumb","itemListElement":[{"@type":"ListItem","position":1,"name":"Accueil","item":"https:\/\/charente.catholique.fr\/sud-charente\/"},{"@type":"ListItem","position":2,"name":"Album photos de la premi\u00e8re communion \u00e0 Barbezieux le 11 juin 2023"}]},{"@type":"WebSite","@id":"https:\/\/charente.catholique.fr\/sud-charente\/#website","url":"https:\/\/charente.catholique.fr\/sud-charente\/","name":"Doyenn\u00e9 Sud Charente - Dioc\u00e8se d'Angoul\u00eame","description":"Dioc\u00e8se d&#039;Angoul\u00eame","publisher":{"@id":"https:\/\/charente.catholique.fr\/sud-charente\/#organization"},"potentialAction":[{"@type":"SearchAction","target":{"@type":"EntryPoint","urlTemplate":"https:\/\/charente.catholique.fr\/sud-charente\/?s={search_term_string}"},"query-input":{"@type":"PropertyValueSpecification","valueRequired":true,"valueName":"search_term_string"}}],"inLanguage":"fr-FR"},{"@type":"Organization","@id":"https:\/\/charente.catholique.fr\/sud-charente\/#organization","name":"Association dioc\u00e9saine d'Angoul\u00eame","url":"https:\/\/charente.catholique.fr\/sud-charente\/","logo":{"@type":"ImageObject","inLanguage":"fr-FR","@id":"https:\/\/charente.catholique.fr\/sud-charente\/#\/schema\/logo\/image\/","url":"https:\/\/charente.catholique.fr\/sud-charente\/wp-content\/uploads\/sites\/5\/2020\/10\/logos.png","contentUrl":"https:\/\/charente.catholique.fr\/sud-charente\/wp-content\/uploads\/sites\/5\/2020\/10\/logos.png","width":600,"height":257,"caption":"Association dioc\u00e9saine d'Angoul\u00eame"},"image":{"@id":"https:\/\/charente.catholique.fr\/sud-charente\/#\/schema\/logo\/image\/"},"sameAs":["https:\/\/www.facebook.com\/EgliseCatholiqueCharente","https:\/\/x.com\/diocesecharente","https:\/\/www.instagram.com\/eglisecharente","https:\/\/www.youtube.com\/channel\/UCByyFWApZbw3gDTiADoiAaQ"]},{"@type":"Person","@id":"https:\/\/charente.catholique.fr\/sud-charente\/#\/schema\/person\/ddcc6ba32a4484b49a276652de901387","name":"Beno\u00eet","image":{"@type":"ImageObject","inLanguage":"fr-FR","@id":"https:\/\/charente.catholique.fr\/sud-charente\/#\/schema\/person\/image\/","url":"https:\/\/secure.gravatar.com\/avatar\/367de281020c81cafc6a2f9b79fef00a1981a890412ad8b09b11385575886666?s=96&d=mm&r=g","contentUrl":"https:\/\/secure.gravatar.com\/avatar\/367de281020c81cafc6a2f9b79fef00a1981a890412ad8b09b11385575886666?s=96&d=mm&r=g","caption":"Beno\u00eet"},"url":"https:\/\/charente.catholique.fr\/sud-charente\/author\/benoitlecomte\/"}]}},"_links":{"self":[{"href":"https:\/\/charente.catholique.fr\/sud-charente\/wp-json\/wp\/v2\/posts\/6349","targetHints":{"allow":["GET"]}}],"collection":[{"href":"https:\/\/charente.catholique.fr\/sud-charente\/wp-json\/wp\/v2\/posts"}],"about":[{"href":"https:\/\/charente.catholique.fr\/sud-charente\/wp-json\/wp\/v2\/types\/post"}],"author":[{"embeddable":true,"href":"https:\/\/charente.catholique.fr\/sud-charente\/wp-json\/wp\/v2\/users\/4"}],"replies":[{"embeddable":true,"href":"https:\/\/charente.catholique.fr\/sud-charente\/wp-json\/wp\/v2\/comments?post=6349"}],"version-history":[{"count":3,"href":"https:\/\/charente.catholique.fr\/sud-charente\/wp-json\/wp\/v2\/posts\/6349\/revisions"}],"predecessor-version":[{"id":6434,"href":"https:\/\/charente.catholique.fr\/sud-charente\/wp-json\/wp\/v2\/posts\/6349\/revisions\/6434"}],"wp:featuredmedia":[{"embeddable":true,"href":"https:\/\/charente.catholique.fr\/sud-charente\/wp-json\/wp\/v2\/media\/6350"}],"wp:attachment":[{"href":"https:\/\/charente.catholique.fr\/sud-charente\/wp-json\/wp\/v2\/media?parent=6349"}],"wp:term":[{"taxonomy":"category","embeddable":true,"href":"https:\/\/charente.catholique.fr\/sud-charente\/wp-json\/wp\/v2\/categories?post=6349"},{"taxonomy":"post_tag","embeddable":true,"href":"https:\/\/charente.catholique.fr\/sud-charente\/wp-json\/wp\/v2\/tags?post=6349"}],"curies":[{"name":"wp","href":"https:\/\/api.w.org\/{rel}","templated":true}]}}