{"id":6227,"date":"2023-05-28T11:23:00","date_gmt":"2023-05-28T09:23:00","guid":{"rendered":"https:\/\/charente.catholique.fr\/sud-charente\/?p=6227"},"modified":"2023-05-28T09:10:28","modified_gmt":"2023-05-28T07:10:28","slug":"homelie-du-28-mai-2023","status":"publish","type":"post","link":"https:\/\/charente.catholique.fr\/sud-charente\/actualites\/homelie-du-28-mai-2023\/","title":{"rendered":"Hom\u00e9lie du 28 mai 2023"},"content":{"rendered":"\n<p><\/p>\n\n\n\n<p>Quelle magnifique f\u00eate que cette f\u00eate de Pentec\u00f4te&nbsp;! Elle est comme l\u2019accomplissement, l\u2019aboutissement de la f\u00eate de P\u00e2ques, au terme des 50 jours de ce temps Pascal. Nous avions commenc\u00e9 le car\u00eame avec les cendres, nous sommes pass\u00e9s par le feu de la vigile pascale, avons travers\u00e9 avec le Christ la mort pour ressusciter avec lui en traversant les eaux du bapt\u00eame, et c\u2019est maintenant l\u2019Esprit de Dieu, l\u2019Esprit Saint qui vient en nous habiter nos c\u0153urs et nos vies comme un feu, comme un souffle, comme un nouvel \u00e9lan qui nous donne de sortir joyeusement annoncer la Bonne Nouvelle et apporter la Paix \u00e0 notre monde&nbsp;! All\u00e9luia&nbsp;!<\/p>\n\n\n\n<p>Oui, il fallait la venue de l\u2019Esprit pour parfaire le projet de Dieu, son projet d\u2019Alliance avec nous. Il ne pouvait pas nous laisser seuls avec la seule promesse d\u2019\u00eatre avec nous jusqu\u2019\u00e0 la fin des temps. Il lui fallait encore s\u2019unir \u00e0 nous \u00e0 nouveau, comme il l\u2019avait d\u00e9j\u00e0 fait en prenant humanit\u00e9 par son Fils J\u00e9sus, mais de fa\u00e7on nouvelle, renouvel\u00e9e, tout \u00e0 la fois universelle et intime \u00e0 chacun. Le Seigneur a semble-t-il un besoin insatiable de s\u2019unir \u00e0 nous pour nous unir \u00e0 lui, en nous unissant les uns les autres. Myst\u00e8re de l\u2019action de l\u2019Esprit Saint, qui r\u00e9alise ce d\u00e9sir de Dieu. Tous les r\u00e9cits que nous venons d\u2019entendre vont dans ce m\u00eame sens.<\/p>\n\n\n\n<p>Il ne suffisait pas \u00e0 Dieu de se pr\u00e9senter comme un P\u00e8re engendrant la Vie par Amour. Il ne lui suffisait pas de devenir Homme, compagnon de route en humanit\u00e9, fid\u00e8le ami allant jusqu\u2019\u00e0 donner sa vie par amour et ressuscitant d\u2019entre les morts. Il lui fallait encore se donner \u00e0 nous \u00e0 l\u2019intime de nous-m\u00eames, faire en nous sa demeure, devenir le Souffle de notre souffle, le battement de notre c\u0153ur, le sang de nos veines.<\/p>\n\n\n\n<p>En cette f\u00eate de la Pentec\u00f4te, renouvelons notre vie dans l\u2019Esprit.<\/p>\n\n\n\n<p>Cet Esprit qui nous fait reconna\u00eetre J\u00e9sus comme Christ et Seigneur et qui nous enracine en Lui.<\/p>\n\n\n\n<p>Cet Esprit qui nous fait proclamer les merveilles de Dieu dont nous sommes t\u00e9moins tout autour de nous.<\/p>\n\n\n\n<p>Cet Esprit qui nous reconnait et nous fait nous reconna\u00eetre chacun dans notre unicit\u00e9, et qui nous met en communion les uns avec les autres dans la richesse de nos diff\u00e9rences, \u00ab&nbsp;<em>en vue du bien commun<\/em>&nbsp;\u00bb.<\/p>\n\n\n\n<p>Cet Esprit qui nous met au service les uns des autres et ensemble au service des hommes de notre temps et de la Bonne Nouvelle de Dieu, par les charismes et les vocations qu\u2019il d\u00e9ploie en chacun de nous et dans l\u2019Eglise, ce Corps que nous formons, myst\u00e9rieusement, bien au-del\u00e0 de ce que nous en voyons et comprenons.<\/p>\n\n\n\n<p>Cet Esprit qui nous donne une paix profonde, bien plus forte que toutes les violences du monde, bien plus s\u00e9curisante que toutes les fausses assurances promises.<\/p>\n\n\n\n<p>Cet Esprit qui nous donne la vie en se faisant pardon des p\u00e9ch\u00e9s, ne cessant de nous ressusciter et de nous r\u00e9concilier avec Dieu, les uns avec les autres et avec nous-m\u00eames.<\/p>\n\n\n\n<p>Cet Esprit qui nous fait sortir de nous-m\u00eames, de nos petites habitudes, de nos \u00ab&nbsp;entre-soi&nbsp;\u00bb, de nos fa\u00e7ons de faire, de notre pass\u00e9, de nos \u00ab&nbsp;on a toujours fait comme \u00e7a&nbsp;\u00bb et de toutes nos peurs, et qui nous envoie dans les temp\u00eates, les pauvret\u00e9s, les fragilit\u00e9s et les p\u00e9riph\u00e9ries du monde proclamer la victoire du Christ et le don de la Paix de Dieu \u00e0 tous les hommes de bonne volont\u00e9.<\/p>\n\n\n\n<p>Et si, en cette f\u00eate de Pentec\u00f4te, nous nous laissions renouveler intimement et profond\u00e9ment par l\u2019Esprit Saint qui fait en nous, dans l\u2019Eglise et dans le monde toute chose nouvelle\u00a0? \u00ab\u00a0<em>Tu envoies ton souffle\u00a0: ils sont cr\u00e9\u00e9s, tu renouvelles la face de la terre<\/em>\u00a0\u00bb, chantait le psaume. Cette parole, c\u2019est aujourd\u2019hui qu\u2019elle s\u2019accomplit. Sur les ap\u00f4tres, sur toute l\u2019Eglise, sur celles et ceux qui sont confirm\u00e9s, sur les baptis\u00e9s que nous accompagnons aujourd\u2019hui, sur chacun de nous. Pour que nous soyions des femmes et des hommes de souffle et de feu. Pour que l\u2019Eglise, que l\u2019Esprit forme en nous liant les uns aux autres, soit une Eglise de souffle, de feu, d\u2019amour et de communion. \u00ab\u00a0<em>Tous, nous avons \u00e9t\u00e9 d\u00e9salt\u00e9r\u00e9s par un unique Esprit<\/em>\u00a0\u00bb, clamait Saint Paul. Ne vivons pas comme si nous \u00e9tions dess\u00e9ch\u00e9s. Nous avons \u00e9t\u00e9 \u00e0 la Source, \u00e0 Lourdes il y a quelques jours. Cette Source est l\u00e0, elle nous d\u00e9salt\u00e8re et veut d\u00e9salt\u00e9rer le monde.<\/p>\n\n\n\n<p>Proclamons les merveilles de Dieu, soyons des artisans de sa Paix. Dansons, chantons, vivons avec la gravit\u00e9 de ceux qui connaissent le prix de la vie et qui luttent pour sa dignit\u00e9, et la l\u00e9g\u00e8ret\u00e9 de ceux qui se savent sauv\u00e9s, dans la confiance au P\u00e8re. Soyons des femmes et des hommes d\u2019esp\u00e9rance qui ne cherchent pas \u00e0 colmater les br\u00e8ches de ce qui est en train de disparaitre et qui peut-\u00eatre est d\u00e9j\u00e0 mort, mais qui savent regarder poindre l\u2019aurore et y discerner le travail de l\u2019Esprit.<\/p>\n\n\n\n<p>&nbsp;&nbsp;&nbsp;&nbsp;&nbsp;&nbsp;&nbsp;&nbsp;&nbsp;&nbsp;&nbsp; \u00ab&nbsp;<em>Recevez l\u2019Esprit Saint&nbsp;\u00bb Et J\u00e9sus souffla sur eux<\/em>\u2026 et J\u00e9sus souffla sur nous\u2026 et nous voil\u00e0 remplis de son Esprit\u2026 de Pentec\u00f4te, de Vie, et d\u2019Avenir.<\/p>\n\n\n\n<p>Amen, All\u00e9luia&nbsp;!<\/p>\n\n\n\n<p>P. Beno\u00eet Lecomte<\/p>\n","protected":false},"excerpt":{"rendered":"<p>Quelle magnifique f\u00eate que cette f\u00eate de Pentec\u00f4te&nbsp;! Elle est comme l\u2019accomplissement, l\u2019aboutissement de la f\u00eate de P\u00e2ques, au terme des 50 jours de ce temps Pascal. Nous avions commenc\u00e9 le car\u00eame avec les cendres, nous sommes pass\u00e9s par le feu de la vigile pascale, avons travers\u00e9 avec le Christ la mort pour ressusciter avec [&hellip;]<\/p>\n","protected":false},"author":4,"featured_media":6229,"comment_status":"open","ping_status":"open","sticky":false,"template":"","format":"standard","meta":{"_acf_changed":false,"paroisse":["15"],"service":["0"],"footnotes":""},"categories":[1,4,3],"tags":[],"class_list":["post-6227","post","type-post","status-publish","format-standard","has-post-thumbnail","hentry","category-actualites","category-barbezieux","category-homelies","validated"],"acf":[],"yoast_head":"<!-- This site is optimized with the Yoast SEO plugin v27.1.1 - https:\/\/yoast.com\/product\/yoast-seo-wordpress\/ -->\n<title>Hom\u00e9lie du 28 mai 2023 - Doyenn\u00e9 Sud Charente<\/title>\n<meta name=\"robots\" content=\"index, follow, max-snippet:-1, max-image-preview:large, max-video-preview:-1\" \/>\n<link rel=\"canonical\" href=\"https:\/\/charente.catholique.fr\/sud-charente\/actualites\/homelie-du-28-mai-2023\/\" \/>\n<meta property=\"og:locale\" content=\"fr_FR\" \/>\n<meta property=\"og:type\" content=\"article\" \/>\n<meta property=\"og:title\" content=\"Hom\u00e9lie du 28 mai 2023 - Doyenn\u00e9 Sud Charente\" \/>\n<meta property=\"og:description\" content=\"Quelle magnifique f\u00eate que cette f\u00eate de Pentec\u00f4te&nbsp;! Elle est comme l\u2019accomplissement, l\u2019aboutissement de la f\u00eate de P\u00e2ques, au terme des 50 jours de ce temps Pascal. Nous avions commenc\u00e9 le car\u00eame avec les cendres, nous sommes pass\u00e9s par le feu de la vigile pascale, avons travers\u00e9 avec le Christ la mort pour ressusciter avec [&hellip;]\" \/>\n<meta property=\"og:url\" content=\"https:\/\/charente.catholique.fr\/sud-charente\/actualites\/homelie-du-28-mai-2023\/\" \/>\n<meta property=\"og:site_name\" content=\"Doyenn\u00e9 Sud Charente\" \/>\n<meta property=\"article:publisher\" content=\"https:\/\/www.facebook.com\/EgliseCatholiqueCharente\" \/>\n<meta property=\"article:published_time\" content=\"2023-05-28T09:23:00+00:00\" \/>\n<meta property=\"og:image\" content=\"https:\/\/charente.catholique.fr\/sud-charente\/wp-content\/uploads\/sites\/5\/2023\/05\/fireworks-g7923744f1_1280.jpg\" \/>\n\t<meta property=\"og:image:width\" content=\"1280\" \/>\n\t<meta property=\"og:image:height\" content=\"802\" \/>\n\t<meta property=\"og:image:type\" content=\"image\/jpeg\" \/>\n<meta name=\"author\" content=\"Beno\u00eet\" \/>\n<meta name=\"twitter:card\" content=\"summary_large_image\" \/>\n<meta name=\"twitter:creator\" content=\"@diocesecharente\" \/>\n<meta name=\"twitter:site\" content=\"@diocesecharente\" \/>\n<meta name=\"twitter:label1\" content=\"\u00c9crit par\" \/>\n\t<meta name=\"twitter:data1\" content=\"Beno\u00eet\" \/>\n\t<meta name=\"twitter:label2\" content=\"Dur\u00e9e de lecture estim\u00e9e\" \/>\n\t<meta name=\"twitter:data2\" content=\"5 minutes\" \/>\n<script type=\"application\/ld+json\" class=\"yoast-schema-graph\">{\"@context\":\"https:\/\/schema.org\",\"@graph\":[{\"@type\":\"Article\",\"@id\":\"https:\/\/charente.catholique.fr\/sud-charente\/actualites\/homelie-du-28-mai-2023\/#article\",\"isPartOf\":{\"@id\":\"https:\/\/charente.catholique.fr\/sud-charente\/actualites\/homelie-du-28-mai-2023\/\"},\"author\":{\"name\":\"Beno\u00eet\",\"@id\":\"https:\/\/charente.catholique.fr\/sud-charente\/#\/schema\/person\/ddcc6ba32a4484b49a276652de901387\"},\"headline\":\"Hom\u00e9lie du 28 mai 2023\",\"datePublished\":\"2023-05-28T09:23:00+00:00\",\"mainEntityOfPage\":{\"@id\":\"https:\/\/charente.catholique.fr\/sud-charente\/actualites\/homelie-du-28-mai-2023\/\"},\"wordCount\":974,\"commentCount\":0,\"publisher\":{\"@id\":\"https:\/\/charente.catholique.fr\/sud-charente\/#organization\"},\"image\":{\"@id\":\"https:\/\/charente.catholique.fr\/sud-charente\/actualites\/homelie-du-28-mai-2023\/#primaryimage\"},\"thumbnailUrl\":\"https:\/\/charente.catholique.fr\/sud-charente\/wp-content\/uploads\/sites\/5\/2023\/05\/fireworks-g7923744f1_1280.jpg\",\"articleSection\":[\"Actualit\u00e9s\",\"Barbezieux\",\"Hom\u00e9lies\"],\"inLanguage\":\"fr-FR\",\"potentialAction\":[{\"@type\":\"CommentAction\",\"name\":\"Comment\",\"target\":[\"https:\/\/charente.catholique.fr\/sud-charente\/actualites\/homelie-du-28-mai-2023\/#respond\"]}]},{\"@type\":\"WebPage\",\"@id\":\"https:\/\/charente.catholique.fr\/sud-charente\/actualites\/homelie-du-28-mai-2023\/\",\"url\":\"https:\/\/charente.catholique.fr\/sud-charente\/actualites\/homelie-du-28-mai-2023\/\",\"name\":\"Hom\u00e9lie du 28 mai 2023 - Doyenn\u00e9 Sud Charente\",\"isPartOf\":{\"@id\":\"https:\/\/charente.catholique.fr\/sud-charente\/#website\"},\"primaryImageOfPage\":{\"@id\":\"https:\/\/charente.catholique.fr\/sud-charente\/actualites\/homelie-du-28-mai-2023\/#primaryimage\"},\"image\":{\"@id\":\"https:\/\/charente.catholique.fr\/sud-charente\/actualites\/homelie-du-28-mai-2023\/#primaryimage\"},\"thumbnailUrl\":\"https:\/\/charente.catholique.fr\/sud-charente\/wp-content\/uploads\/sites\/5\/2023\/05\/fireworks-g7923744f1_1280.jpg\",\"datePublished\":\"2023-05-28T09:23:00+00:00\",\"breadcrumb\":{\"@id\":\"https:\/\/charente.catholique.fr\/sud-charente\/actualites\/homelie-du-28-mai-2023\/#breadcrumb\"},\"inLanguage\":\"fr-FR\",\"potentialAction\":[{\"@type\":\"ReadAction\",\"target\":[\"https:\/\/charente.catholique.fr\/sud-charente\/actualites\/homelie-du-28-mai-2023\/\"]}]},{\"@type\":\"ImageObject\",\"inLanguage\":\"fr-FR\",\"@id\":\"https:\/\/charente.catholique.fr\/sud-charente\/actualites\/homelie-du-28-mai-2023\/#primaryimage\",\"url\":\"https:\/\/charente.catholique.fr\/sud-charente\/wp-content\/uploads\/sites\/5\/2023\/05\/fireworks-g7923744f1_1280.jpg\",\"contentUrl\":\"https:\/\/charente.catholique.fr\/sud-charente\/wp-content\/uploads\/sites\/5\/2023\/05\/fireworks-g7923744f1_1280.jpg\",\"width\":1280,\"height\":802},{\"@type\":\"BreadcrumbList\",\"@id\":\"https:\/\/charente.catholique.fr\/sud-charente\/actualites\/homelie-du-28-mai-2023\/#breadcrumb\",\"itemListElement\":[{\"@type\":\"ListItem\",\"position\":1,\"name\":\"Accueil\",\"item\":\"https:\/\/charente.catholique.fr\/sud-charente\/\"},{\"@type\":\"ListItem\",\"position\":2,\"name\":\"Hom\u00e9lie du 28 mai 2023\"}]},{\"@type\":\"WebSite\",\"@id\":\"https:\/\/charente.catholique.fr\/sud-charente\/#website\",\"url\":\"https:\/\/charente.catholique.fr\/sud-charente\/\",\"name\":\"Doyenn\u00e9 Sud Charente - Dioc\u00e8se d'Angoul\u00eame\",\"description\":\"Dioc\u00e8se d&#039;Angoul\u00eame\",\"publisher\":{\"@id\":\"https:\/\/charente.catholique.fr\/sud-charente\/#organization\"},\"potentialAction\":[{\"@type\":\"SearchAction\",\"target\":{\"@type\":\"EntryPoint\",\"urlTemplate\":\"https:\/\/charente.catholique.fr\/sud-charente\/?s={search_term_string}\"},\"query-input\":{\"@type\":\"PropertyValueSpecification\",\"valueRequired\":true,\"valueName\":\"search_term_string\"}}],\"inLanguage\":\"fr-FR\"},{\"@type\":\"Organization\",\"@id\":\"https:\/\/charente.catholique.fr\/sud-charente\/#organization\",\"name\":\"Association dioc\u00e9saine d'Angoul\u00eame\",\"url\":\"https:\/\/charente.catholique.fr\/sud-charente\/\",\"logo\":{\"@type\":\"ImageObject\",\"inLanguage\":\"fr-FR\",\"@id\":\"https:\/\/charente.catholique.fr\/sud-charente\/#\/schema\/logo\/image\/\",\"url\":\"https:\/\/charente.catholique.fr\/sud-charente\/wp-content\/uploads\/sites\/5\/2020\/10\/logos.png\",\"contentUrl\":\"https:\/\/charente.catholique.fr\/sud-charente\/wp-content\/uploads\/sites\/5\/2020\/10\/logos.png\",\"width\":600,\"height\":257,\"caption\":\"Association dioc\u00e9saine d'Angoul\u00eame\"},\"image\":{\"@id\":\"https:\/\/charente.catholique.fr\/sud-charente\/#\/schema\/logo\/image\/\"},\"sameAs\":[\"https:\/\/www.facebook.com\/EgliseCatholiqueCharente\",\"https:\/\/x.com\/diocesecharente\",\"https:\/\/www.instagram.com\/eglisecharente\",\"https:\/\/www.youtube.com\/channel\/UCByyFWApZbw3gDTiADoiAaQ\"]},{\"@type\":\"Person\",\"@id\":\"https:\/\/charente.catholique.fr\/sud-charente\/#\/schema\/person\/ddcc6ba32a4484b49a276652de901387\",\"name\":\"Beno\u00eet\",\"image\":{\"@type\":\"ImageObject\",\"inLanguage\":\"fr-FR\",\"@id\":\"https:\/\/charente.catholique.fr\/sud-charente\/#\/schema\/person\/image\/\",\"url\":\"https:\/\/secure.gravatar.com\/avatar\/367de281020c81cafc6a2f9b79fef00a1981a890412ad8b09b11385575886666?s=96&d=mm&r=g\",\"contentUrl\":\"https:\/\/secure.gravatar.com\/avatar\/367de281020c81cafc6a2f9b79fef00a1981a890412ad8b09b11385575886666?s=96&d=mm&r=g\",\"caption\":\"Beno\u00eet\"},\"url\":\"https:\/\/charente.catholique.fr\/sud-charente\/author\/benoitlecomte\/\"}]}<\/script>\n<!-- \/ Yoast SEO plugin. -->","yoast_head_json":{"title":"Hom\u00e9lie du 28 mai 2023 - Doyenn\u00e9 Sud Charente","robots":{"index":"index","follow":"follow","max-snippet":"max-snippet:-1","max-image-preview":"max-image-preview:large","max-video-preview":"max-video-preview:-1"},"canonical":"https:\/\/charente.catholique.fr\/sud-charente\/actualites\/homelie-du-28-mai-2023\/","og_locale":"fr_FR","og_type":"article","og_title":"Hom\u00e9lie du 28 mai 2023 - Doyenn\u00e9 Sud Charente","og_description":"Quelle magnifique f\u00eate que cette f\u00eate de Pentec\u00f4te&nbsp;! Elle est comme l\u2019accomplissement, l\u2019aboutissement de la f\u00eate de P\u00e2ques, au terme des 50 jours de ce temps Pascal. Nous avions commenc\u00e9 le car\u00eame avec les cendres, nous sommes pass\u00e9s par le feu de la vigile pascale, avons travers\u00e9 avec le Christ la mort pour ressusciter avec [&hellip;]","og_url":"https:\/\/charente.catholique.fr\/sud-charente\/actualites\/homelie-du-28-mai-2023\/","og_site_name":"Doyenn\u00e9 Sud Charente","article_publisher":"https:\/\/www.facebook.com\/EgliseCatholiqueCharente","article_published_time":"2023-05-28T09:23:00+00:00","og_image":[{"width":1280,"height":802,"url":"https:\/\/charente.catholique.fr\/sud-charente\/wp-content\/uploads\/sites\/5\/2023\/05\/fireworks-g7923744f1_1280.jpg","type":"image\/jpeg"}],"author":"Beno\u00eet","twitter_card":"summary_large_image","twitter_creator":"@diocesecharente","twitter_site":"@diocesecharente","twitter_misc":{"\u00c9crit par":"Beno\u00eet","Dur\u00e9e de lecture estim\u00e9e":"5 minutes"},"schema":{"@context":"https:\/\/schema.org","@graph":[{"@type":"Article","@id":"https:\/\/charente.catholique.fr\/sud-charente\/actualites\/homelie-du-28-mai-2023\/#article","isPartOf":{"@id":"https:\/\/charente.catholique.fr\/sud-charente\/actualites\/homelie-du-28-mai-2023\/"},"author":{"name":"Beno\u00eet","@id":"https:\/\/charente.catholique.fr\/sud-charente\/#\/schema\/person\/ddcc6ba32a4484b49a276652de901387"},"headline":"Hom\u00e9lie du 28 mai 2023","datePublished":"2023-05-28T09:23:00+00:00","mainEntityOfPage":{"@id":"https:\/\/charente.catholique.fr\/sud-charente\/actualites\/homelie-du-28-mai-2023\/"},"wordCount":974,"commentCount":0,"publisher":{"@id":"https:\/\/charente.catholique.fr\/sud-charente\/#organization"},"image":{"@id":"https:\/\/charente.catholique.fr\/sud-charente\/actualites\/homelie-du-28-mai-2023\/#primaryimage"},"thumbnailUrl":"https:\/\/charente.catholique.fr\/sud-charente\/wp-content\/uploads\/sites\/5\/2023\/05\/fireworks-g7923744f1_1280.jpg","articleSection":["Actualit\u00e9s","Barbezieux","Hom\u00e9lies"],"inLanguage":"fr-FR","potentialAction":[{"@type":"CommentAction","name":"Comment","target":["https:\/\/charente.catholique.fr\/sud-charente\/actualites\/homelie-du-28-mai-2023\/#respond"]}]},{"@type":"WebPage","@id":"https:\/\/charente.catholique.fr\/sud-charente\/actualites\/homelie-du-28-mai-2023\/","url":"https:\/\/charente.catholique.fr\/sud-charente\/actualites\/homelie-du-28-mai-2023\/","name":"Hom\u00e9lie du 28 mai 2023 - Doyenn\u00e9 Sud Charente","isPartOf":{"@id":"https:\/\/charente.catholique.fr\/sud-charente\/#website"},"primaryImageOfPage":{"@id":"https:\/\/charente.catholique.fr\/sud-charente\/actualites\/homelie-du-28-mai-2023\/#primaryimage"},"image":{"@id":"https:\/\/charente.catholique.fr\/sud-charente\/actualites\/homelie-du-28-mai-2023\/#primaryimage"},"thumbnailUrl":"https:\/\/charente.catholique.fr\/sud-charente\/wp-content\/uploads\/sites\/5\/2023\/05\/fireworks-g7923744f1_1280.jpg","datePublished":"2023-05-28T09:23:00+00:00","breadcrumb":{"@id":"https:\/\/charente.catholique.fr\/sud-charente\/actualites\/homelie-du-28-mai-2023\/#breadcrumb"},"inLanguage":"fr-FR","potentialAction":[{"@type":"ReadAction","target":["https:\/\/charente.catholique.fr\/sud-charente\/actualites\/homelie-du-28-mai-2023\/"]}]},{"@type":"ImageObject","inLanguage":"fr-FR","@id":"https:\/\/charente.catholique.fr\/sud-charente\/actualites\/homelie-du-28-mai-2023\/#primaryimage","url":"https:\/\/charente.catholique.fr\/sud-charente\/wp-content\/uploads\/sites\/5\/2023\/05\/fireworks-g7923744f1_1280.jpg","contentUrl":"https:\/\/charente.catholique.fr\/sud-charente\/wp-content\/uploads\/sites\/5\/2023\/05\/fireworks-g7923744f1_1280.jpg","width":1280,"height":802},{"@type":"BreadcrumbList","@id":"https:\/\/charente.catholique.fr\/sud-charente\/actualites\/homelie-du-28-mai-2023\/#breadcrumb","itemListElement":[{"@type":"ListItem","position":1,"name":"Accueil","item":"https:\/\/charente.catholique.fr\/sud-charente\/"},{"@type":"ListItem","position":2,"name":"Hom\u00e9lie du 28 mai 2023"}]},{"@type":"WebSite","@id":"https:\/\/charente.catholique.fr\/sud-charente\/#website","url":"https:\/\/charente.catholique.fr\/sud-charente\/","name":"Doyenn\u00e9 Sud Charente - Dioc\u00e8se d'Angoul\u00eame","description":"Dioc\u00e8se d&#039;Angoul\u00eame","publisher":{"@id":"https:\/\/charente.catholique.fr\/sud-charente\/#organization"},"potentialAction":[{"@type":"SearchAction","target":{"@type":"EntryPoint","urlTemplate":"https:\/\/charente.catholique.fr\/sud-charente\/?s={search_term_string}"},"query-input":{"@type":"PropertyValueSpecification","valueRequired":true,"valueName":"search_term_string"}}],"inLanguage":"fr-FR"},{"@type":"Organization","@id":"https:\/\/charente.catholique.fr\/sud-charente\/#organization","name":"Association dioc\u00e9saine d'Angoul\u00eame","url":"https:\/\/charente.catholique.fr\/sud-charente\/","logo":{"@type":"ImageObject","inLanguage":"fr-FR","@id":"https:\/\/charente.catholique.fr\/sud-charente\/#\/schema\/logo\/image\/","url":"https:\/\/charente.catholique.fr\/sud-charente\/wp-content\/uploads\/sites\/5\/2020\/10\/logos.png","contentUrl":"https:\/\/charente.catholique.fr\/sud-charente\/wp-content\/uploads\/sites\/5\/2020\/10\/logos.png","width":600,"height":257,"caption":"Association dioc\u00e9saine d'Angoul\u00eame"},"image":{"@id":"https:\/\/charente.catholique.fr\/sud-charente\/#\/schema\/logo\/image\/"},"sameAs":["https:\/\/www.facebook.com\/EgliseCatholiqueCharente","https:\/\/x.com\/diocesecharente","https:\/\/www.instagram.com\/eglisecharente","https:\/\/www.youtube.com\/channel\/UCByyFWApZbw3gDTiADoiAaQ"]},{"@type":"Person","@id":"https:\/\/charente.catholique.fr\/sud-charente\/#\/schema\/person\/ddcc6ba32a4484b49a276652de901387","name":"Beno\u00eet","image":{"@type":"ImageObject","inLanguage":"fr-FR","@id":"https:\/\/charente.catholique.fr\/sud-charente\/#\/schema\/person\/image\/","url":"https:\/\/secure.gravatar.com\/avatar\/367de281020c81cafc6a2f9b79fef00a1981a890412ad8b09b11385575886666?s=96&d=mm&r=g","contentUrl":"https:\/\/secure.gravatar.com\/avatar\/367de281020c81cafc6a2f9b79fef00a1981a890412ad8b09b11385575886666?s=96&d=mm&r=g","caption":"Beno\u00eet"},"url":"https:\/\/charente.catholique.fr\/sud-charente\/author\/benoitlecomte\/"}]}},"_links":{"self":[{"href":"https:\/\/charente.catholique.fr\/sud-charente\/wp-json\/wp\/v2\/posts\/6227","targetHints":{"allow":["GET"]}}],"collection":[{"href":"https:\/\/charente.catholique.fr\/sud-charente\/wp-json\/wp\/v2\/posts"}],"about":[{"href":"https:\/\/charente.catholique.fr\/sud-charente\/wp-json\/wp\/v2\/types\/post"}],"author":[{"embeddable":true,"href":"https:\/\/charente.catholique.fr\/sud-charente\/wp-json\/wp\/v2\/users\/4"}],"replies":[{"embeddable":true,"href":"https:\/\/charente.catholique.fr\/sud-charente\/wp-json\/wp\/v2\/comments?post=6227"}],"version-history":[{"count":2,"href":"https:\/\/charente.catholique.fr\/sud-charente\/wp-json\/wp\/v2\/posts\/6227\/revisions"}],"predecessor-version":[{"id":6231,"href":"https:\/\/charente.catholique.fr\/sud-charente\/wp-json\/wp\/v2\/posts\/6227\/revisions\/6231"}],"wp:featuredmedia":[{"embeddable":true,"href":"https:\/\/charente.catholique.fr\/sud-charente\/wp-json\/wp\/v2\/media\/6229"}],"wp:attachment":[{"href":"https:\/\/charente.catholique.fr\/sud-charente\/wp-json\/wp\/v2\/media?parent=6227"}],"wp:term":[{"taxonomy":"category","embeddable":true,"href":"https:\/\/charente.catholique.fr\/sud-charente\/wp-json\/wp\/v2\/categories?post=6227"},{"taxonomy":"post_tag","embeddable":true,"href":"https:\/\/charente.catholique.fr\/sud-charente\/wp-json\/wp\/v2\/tags?post=6227"}],"curies":[{"name":"wp","href":"https:\/\/api.w.org\/{rel}","templated":true}]}}