{"id":5929,"date":"2023-04-05T09:19:24","date_gmt":"2023-04-05T07:19:24","guid":{"rendered":"https:\/\/charente.catholique.fr\/sud-charente\/?p=5929"},"modified":"2023-04-05T09:21:19","modified_gmt":"2023-04-05T07:21:19","slug":"echos-de-lequipe-danimation-pastorale-du-31-mars-2023","status":"publish","type":"post","link":"https:\/\/charente.catholique.fr\/sud-charente\/actualites\/echos-de-lequipe-danimation-pastorale-du-31-mars-2023\/","title":{"rendered":"Echos de l\u2019Equipe d\u2019Animation Pastorale du 31 mars 2023"},"content":{"rendered":"\n<p>Les membres de l\u2019EAP (Equipe d\u2019Animation Pastorale) se sont retrouv\u00e9s au grand complet le 31 mars \u00e0 Montmoreau. Apr\u00e8s un beau temps de pri\u00e8re, plusieurs sujets \u00e0 l\u2019ordre du jour ont \u00e9t\u00e9 abord\u00e9s&nbsp;:<\/p>\n\n\n\n<p>1\/ La campagne du &#8220;Denier de l&#8217;Eglise&#8221;.<\/p>\n\n\n\n<p>Une r\u00e9union \u00e0 Montmoreau, le 23 mars, a permis de voir l&#8217;\u00e9tat des finances du dioc\u00e8se et ce que nous pourrions mettre en \u0153uvre au service de l&#8217;\u00e9volution de notre contribution paroissiale.<\/p>\n\n\n\n<p>Le P\u00e8re Eric rappelle que le denier sert tout particuli\u00e8rement au traitement des pr\u00eatres. Cette ligne budg\u00e9taire du dioc\u00e8se est d\u00e9ficitaire. Toutes les collectes sont centralis\u00e9s au dioc\u00e8se pour que les pr\u00eatres, en activit\u00e9 comme \u00e0 la retraite, re\u00e7oivent le m\u00eame traitement.<\/p>\n\n\n\n<p>L\u2019EAP, dans un souci de plus grande transparence, propose de noter sur les feuilles de messe le destinataire des qu\u00eates imp\u00e9r\u00e9es. On peut le noter \u00e9galement dans l\u2019agenda BMV.<\/p>\n\n\n\n<p>Un annonce pour redonner le sens du Denier et du don sera faite en chair dans les diff\u00e9rentes \u00e9glises de la paroisse \u00e0 l\u2019occasion des rameaux.<\/p>\n\n\n\n<p>L\u2019EAP propose l\u2019id\u00e9e que le budget du dioc\u00e8se devrait \u00eatre sur le site internet afin que chacun puisse se rendre compte de l\u2019utilisation des recettes.<\/p>\n\n\n\n<p>2\/ Une vente de chocolats a lieu \u00e0 P\u00e2ques en vue de la formation des s\u00e9minaristes, des diacres et des pr\u00eatres.<\/p>\n\n\n\n<p>3\/&nbsp;Echos de l\u2019initiative \u00ab&nbsp;Bol de Riz&nbsp;\u00bb au profit du CCFD le 24 mars dernier, salle Beaucanton \u00e0 Montmoreau. 22 personnes \u00e9taient pr\u00e9sentes et 300\u20ac ont \u00e9t\u00e9 remis au CCFD du Poitou-Charentes.<\/p>\n\n\n\n<p>Mr et Mme Vigier sont venus pr\u00e9sent\u00e9s le CCFD,<\/p>\n\n\n\n<p>Florencia Salmuni, venue du Br\u00e9sil, nous a expliqu\u00e9 comment ils accueillent les migrants.<\/p>\n\n\n\n<p>Mr et Mme Louis ont pr\u00e9sent\u00e9 Monalisa  (Mobilisation Nationale contre l&#8217;isolement social des \u00e2g\u00e9s).<strong><strong>\u00a0<\/strong><\/strong><\/p>\n\n\n\n<p>4\/ La paroisse doit porter un point d\u2019attention \u00e0 ce que nos \u00e9glises de campagne restent ouvertes.&nbsp; Il faudra essayer de trouver des personnes pour les ouvrir\/fermer.<\/p>\n\n\n\n<p>Messe dans les Ehpad&nbsp;: vendredi \u00e0 Villebois&nbsp;: 14 mai \u00e0 16h30<\/p>\n\n\n\n<p>\u00a0\u00a0\u00a0\u00a0\u00a0\u00a0\u00a0\u00a0\u00a0\u00a0\u00a0\u00a0\u00a0\u00a0\u00a0\u00a0\u00a0\u00a0\u00a0\u00a0\u00a0\u00a0\u00a0\u00a0\u00a0\u00a0\u00a0\u00a0\u00a0\u00a0\u00a0\u00a0\u00a0\u00a0\u00a0\u00a0\u00a0\u00a0\u00a0\u00a0\u00a0\u00a0\u00a0\u00a0\u00a0\u00a0\u00a0\u00a0\u00a0\u00a0\u00a0\u00a0\u00a0\u00a0\u00a0 \u00e0 Blanzac\u00a0: 21 mai \u00e0 15h00<\/p>\n\n\n\n<p><\/p>\n\n\n\n<p>Prochaine rencontre d&#8217;EAP le 05 mai.<\/p>\n","protected":false},"excerpt":{"rendered":"<p>Les membres de l\u2019EAP (Equipe d\u2019Animation Pastorale) se sont retrouv\u00e9s au grand complet le 31 mars \u00e0 Montmoreau. Apr\u00e8s un beau temps de pri\u00e8re, plusieurs sujets \u00e0 l\u2019ordre du jour ont \u00e9t\u00e9 abord\u00e9s&nbsp;: 1\/ La campagne du &#8220;Denier de l&#8217;Eglise&#8221;. Une r\u00e9union \u00e0 Montmoreau, le 23 mars, a permis de voir l&#8217;\u00e9tat des finances du [&hellip;]<\/p>\n","protected":false},"author":81,"featured_media":4436,"comment_status":"open","ping_status":"open","sticky":false,"template":"","format":"standard","meta":{"_acf_changed":false,"paroisse":["17"],"service":["0"],"footnotes":""},"categories":[1,9,11],"tags":[],"class_list":["post-5929","post","type-post","status-publish","format-standard","has-post-thumbnail","hentry","category-actualites","category-equipe-danimation-pastorale","category-montmoreau","validated"],"acf":[],"yoast_head":"<!-- This site is optimized with the Yoast SEO plugin v27.1.1 - https:\/\/yoast.com\/product\/yoast-seo-wordpress\/ -->\n<title>Echos de l\u2019Equipe d\u2019Animation Pastorale du 31 mars 2023 - Doyenn\u00e9 Sud Charente<\/title>\n<meta name=\"robots\" content=\"index, follow, max-snippet:-1, max-image-preview:large, max-video-preview:-1\" \/>\n<link rel=\"canonical\" href=\"https:\/\/charente.catholique.fr\/sud-charente\/actualites\/echos-de-lequipe-danimation-pastorale-du-31-mars-2023\/\" \/>\n<meta property=\"og:locale\" content=\"fr_FR\" \/>\n<meta property=\"og:type\" content=\"article\" \/>\n<meta property=\"og:title\" content=\"Echos de l\u2019Equipe d\u2019Animation Pastorale du 31 mars 2023 - Doyenn\u00e9 Sud Charente\" \/>\n<meta property=\"og:description\" content=\"Les membres de l\u2019EAP (Equipe d\u2019Animation Pastorale) se sont retrouv\u00e9s au grand complet le 31 mars \u00e0 Montmoreau. Apr\u00e8s un beau temps de pri\u00e8re, plusieurs sujets \u00e0 l\u2019ordre du jour ont \u00e9t\u00e9 abord\u00e9s&nbsp;: 1\/ La campagne du &#8220;Denier de l&#8217;Eglise&#8221;. Une r\u00e9union \u00e0 Montmoreau, le 23 mars, a permis de voir l&#8217;\u00e9tat des finances du [&hellip;]\" \/>\n<meta property=\"og:url\" content=\"https:\/\/charente.catholique.fr\/sud-charente\/actualites\/echos-de-lequipe-danimation-pastorale-du-31-mars-2023\/\" \/>\n<meta property=\"og:site_name\" content=\"Doyenn\u00e9 Sud Charente\" \/>\n<meta property=\"article:publisher\" content=\"https:\/\/www.facebook.com\/EgliseCatholiqueCharente\" \/>\n<meta property=\"article:published_time\" content=\"2023-04-05T07:19:24+00:00\" \/>\n<meta property=\"article:modified_time\" content=\"2023-04-05T07:21:19+00:00\" \/>\n<meta property=\"og:image\" content=\"https:\/\/charente.catholique.fr\/sud-charente\/wp-content\/uploads\/sites\/5\/2022\/10\/logo_paroissebmvv2sitejpeg-scaled.jpg\" \/>\n\t<meta property=\"og:image:width\" content=\"2560\" \/>\n\t<meta property=\"og:image:height\" content=\"770\" \/>\n\t<meta property=\"og:image:type\" content=\"image\/jpeg\" \/>\n<meta name=\"author\" content=\"fredericcussac\" \/>\n<meta name=\"twitter:card\" content=\"summary_large_image\" \/>\n<meta name=\"twitter:creator\" content=\"@diocesecharente\" \/>\n<meta name=\"twitter:site\" content=\"@diocesecharente\" \/>\n<meta name=\"twitter:label1\" content=\"\u00c9crit par\" \/>\n\t<meta name=\"twitter:data1\" content=\"fredericcussac\" \/>\n\t<meta name=\"twitter:label2\" content=\"Dur\u00e9e de lecture estim\u00e9e\" \/>\n\t<meta name=\"twitter:data2\" content=\"2 minutes\" \/>\n<script type=\"application\/ld+json\" class=\"yoast-schema-graph\">{\"@context\":\"https:\/\/schema.org\",\"@graph\":[{\"@type\":\"Article\",\"@id\":\"https:\/\/charente.catholique.fr\/sud-charente\/actualites\/echos-de-lequipe-danimation-pastorale-du-31-mars-2023\/#article\",\"isPartOf\":{\"@id\":\"https:\/\/charente.catholique.fr\/sud-charente\/actualites\/echos-de-lequipe-danimation-pastorale-du-31-mars-2023\/\"},\"author\":{\"name\":\"fredericcussac\",\"@id\":\"https:\/\/charente.catholique.fr\/sud-charente\/#\/schema\/person\/1091af4c05b6416adff2afa9f22635a3\"},\"headline\":\"Echos de l\u2019Equipe d\u2019Animation Pastorale du 31 mars 2023\",\"datePublished\":\"2023-04-05T07:19:24+00:00\",\"dateModified\":\"2023-04-05T07:21:19+00:00\",\"mainEntityOfPage\":{\"@id\":\"https:\/\/charente.catholique.fr\/sud-charente\/actualites\/echos-de-lequipe-danimation-pastorale-du-31-mars-2023\/\"},\"wordCount\":374,\"commentCount\":0,\"publisher\":{\"@id\":\"https:\/\/charente.catholique.fr\/sud-charente\/#organization\"},\"image\":{\"@id\":\"https:\/\/charente.catholique.fr\/sud-charente\/actualites\/echos-de-lequipe-danimation-pastorale-du-31-mars-2023\/#primaryimage\"},\"thumbnailUrl\":\"https:\/\/charente.catholique.fr\/sud-charente\/wp-content\/uploads\/sites\/5\/2022\/10\/logo_paroissebmvv2sitejpeg-scaled.jpg\",\"articleSection\":[\"Actualit\u00e9s\",\"Equipe d'Animation Pastorale\",\"Montmoreau\"],\"inLanguage\":\"fr-FR\",\"potentialAction\":[{\"@type\":\"CommentAction\",\"name\":\"Comment\",\"target\":[\"https:\/\/charente.catholique.fr\/sud-charente\/actualites\/echos-de-lequipe-danimation-pastorale-du-31-mars-2023\/#respond\"]}]},{\"@type\":\"WebPage\",\"@id\":\"https:\/\/charente.catholique.fr\/sud-charente\/actualites\/echos-de-lequipe-danimation-pastorale-du-31-mars-2023\/\",\"url\":\"https:\/\/charente.catholique.fr\/sud-charente\/actualites\/echos-de-lequipe-danimation-pastorale-du-31-mars-2023\/\",\"name\":\"Echos de l\u2019Equipe d\u2019Animation Pastorale du 31 mars 2023 - Doyenn\u00e9 Sud Charente\",\"isPartOf\":{\"@id\":\"https:\/\/charente.catholique.fr\/sud-charente\/#website\"},\"primaryImageOfPage\":{\"@id\":\"https:\/\/charente.catholique.fr\/sud-charente\/actualites\/echos-de-lequipe-danimation-pastorale-du-31-mars-2023\/#primaryimage\"},\"image\":{\"@id\":\"https:\/\/charente.catholique.fr\/sud-charente\/actualites\/echos-de-lequipe-danimation-pastorale-du-31-mars-2023\/#primaryimage\"},\"thumbnailUrl\":\"https:\/\/charente.catholique.fr\/sud-charente\/wp-content\/uploads\/sites\/5\/2022\/10\/logo_paroissebmvv2sitejpeg-scaled.jpg\",\"datePublished\":\"2023-04-05T07:19:24+00:00\",\"dateModified\":\"2023-04-05T07:21:19+00:00\",\"breadcrumb\":{\"@id\":\"https:\/\/charente.catholique.fr\/sud-charente\/actualites\/echos-de-lequipe-danimation-pastorale-du-31-mars-2023\/#breadcrumb\"},\"inLanguage\":\"fr-FR\",\"potentialAction\":[{\"@type\":\"ReadAction\",\"target\":[\"https:\/\/charente.catholique.fr\/sud-charente\/actualites\/echos-de-lequipe-danimation-pastorale-du-31-mars-2023\/\"]}]},{\"@type\":\"ImageObject\",\"inLanguage\":\"fr-FR\",\"@id\":\"https:\/\/charente.catholique.fr\/sud-charente\/actualites\/echos-de-lequipe-danimation-pastorale-du-31-mars-2023\/#primaryimage\",\"url\":\"https:\/\/charente.catholique.fr\/sud-charente\/wp-content\/uploads\/sites\/5\/2022\/10\/logo_paroissebmvv2sitejpeg-scaled.jpg\",\"contentUrl\":\"https:\/\/charente.catholique.fr\/sud-charente\/wp-content\/uploads\/sites\/5\/2022\/10\/logo_paroissebmvv2sitejpeg-scaled.jpg\",\"width\":2560,\"height\":770},{\"@type\":\"BreadcrumbList\",\"@id\":\"https:\/\/charente.catholique.fr\/sud-charente\/actualites\/echos-de-lequipe-danimation-pastorale-du-31-mars-2023\/#breadcrumb\",\"itemListElement\":[{\"@type\":\"ListItem\",\"position\":1,\"name\":\"Accueil\",\"item\":\"https:\/\/charente.catholique.fr\/sud-charente\/\"},{\"@type\":\"ListItem\",\"position\":2,\"name\":\"Echos de l\u2019Equipe d\u2019Animation Pastorale du 31 mars 2023\"}]},{\"@type\":\"WebSite\",\"@id\":\"https:\/\/charente.catholique.fr\/sud-charente\/#website\",\"url\":\"https:\/\/charente.catholique.fr\/sud-charente\/\",\"name\":\"Doyenn\u00e9 Sud Charente - Dioc\u00e8se d'Angoul\u00eame\",\"description\":\"Dioc\u00e8se d&#039;Angoul\u00eame\",\"publisher\":{\"@id\":\"https:\/\/charente.catholique.fr\/sud-charente\/#organization\"},\"potentialAction\":[{\"@type\":\"SearchAction\",\"target\":{\"@type\":\"EntryPoint\",\"urlTemplate\":\"https:\/\/charente.catholique.fr\/sud-charente\/?s={search_term_string}\"},\"query-input\":{\"@type\":\"PropertyValueSpecification\",\"valueRequired\":true,\"valueName\":\"search_term_string\"}}],\"inLanguage\":\"fr-FR\"},{\"@type\":\"Organization\",\"@id\":\"https:\/\/charente.catholique.fr\/sud-charente\/#organization\",\"name\":\"Association dioc\u00e9saine d'Angoul\u00eame\",\"url\":\"https:\/\/charente.catholique.fr\/sud-charente\/\",\"logo\":{\"@type\":\"ImageObject\",\"inLanguage\":\"fr-FR\",\"@id\":\"https:\/\/charente.catholique.fr\/sud-charente\/#\/schema\/logo\/image\/\",\"url\":\"https:\/\/charente.catholique.fr\/sud-charente\/wp-content\/uploads\/sites\/5\/2020\/10\/logos.png\",\"contentUrl\":\"https:\/\/charente.catholique.fr\/sud-charente\/wp-content\/uploads\/sites\/5\/2020\/10\/logos.png\",\"width\":600,\"height\":257,\"caption\":\"Association dioc\u00e9saine d'Angoul\u00eame\"},\"image\":{\"@id\":\"https:\/\/charente.catholique.fr\/sud-charente\/#\/schema\/logo\/image\/\"},\"sameAs\":[\"https:\/\/www.facebook.com\/EgliseCatholiqueCharente\",\"https:\/\/x.com\/diocesecharente\",\"https:\/\/www.instagram.com\/eglisecharente\",\"https:\/\/www.youtube.com\/channel\/UCByyFWApZbw3gDTiADoiAaQ\"]},{\"@type\":\"Person\",\"@id\":\"https:\/\/charente.catholique.fr\/sud-charente\/#\/schema\/person\/1091af4c05b6416adff2afa9f22635a3\",\"name\":\"fredericcussac\",\"image\":{\"@type\":\"ImageObject\",\"inLanguage\":\"fr-FR\",\"@id\":\"https:\/\/charente.catholique.fr\/sud-charente\/#\/schema\/person\/image\/\",\"url\":\"https:\/\/secure.gravatar.com\/avatar\/bb15516794c62daf902e6577bb3bcb91841d9ad0fb952bc7098b2a5ac422566f?s=96&d=mm&r=g\",\"contentUrl\":\"https:\/\/secure.gravatar.com\/avatar\/bb15516794c62daf902e6577bb3bcb91841d9ad0fb952bc7098b2a5ac422566f?s=96&d=mm&r=g\",\"caption\":\"fredericcussac\"},\"url\":\"https:\/\/charente.catholique.fr\/sud-charente\/author\/fredericcussac\/\"}]}<\/script>\n<!-- \/ Yoast SEO plugin. -->","yoast_head_json":{"title":"Echos de l\u2019Equipe d\u2019Animation Pastorale du 31 mars 2023 - Doyenn\u00e9 Sud Charente","robots":{"index":"index","follow":"follow","max-snippet":"max-snippet:-1","max-image-preview":"max-image-preview:large","max-video-preview":"max-video-preview:-1"},"canonical":"https:\/\/charente.catholique.fr\/sud-charente\/actualites\/echos-de-lequipe-danimation-pastorale-du-31-mars-2023\/","og_locale":"fr_FR","og_type":"article","og_title":"Echos de l\u2019Equipe d\u2019Animation Pastorale du 31 mars 2023 - Doyenn\u00e9 Sud Charente","og_description":"Les membres de l\u2019EAP (Equipe d\u2019Animation Pastorale) se sont retrouv\u00e9s au grand complet le 31 mars \u00e0 Montmoreau. Apr\u00e8s un beau temps de pri\u00e8re, plusieurs sujets \u00e0 l\u2019ordre du jour ont \u00e9t\u00e9 abord\u00e9s&nbsp;: 1\/ La campagne du &#8220;Denier de l&#8217;Eglise&#8221;. Une r\u00e9union \u00e0 Montmoreau, le 23 mars, a permis de voir l&#8217;\u00e9tat des finances du [&hellip;]","og_url":"https:\/\/charente.catholique.fr\/sud-charente\/actualites\/echos-de-lequipe-danimation-pastorale-du-31-mars-2023\/","og_site_name":"Doyenn\u00e9 Sud Charente","article_publisher":"https:\/\/www.facebook.com\/EgliseCatholiqueCharente","article_published_time":"2023-04-05T07:19:24+00:00","article_modified_time":"2023-04-05T07:21:19+00:00","og_image":[{"width":2560,"height":770,"url":"https:\/\/charente.catholique.fr\/sud-charente\/wp-content\/uploads\/sites\/5\/2022\/10\/logo_paroissebmvv2sitejpeg-scaled.jpg","type":"image\/jpeg"}],"author":"fredericcussac","twitter_card":"summary_large_image","twitter_creator":"@diocesecharente","twitter_site":"@diocesecharente","twitter_misc":{"\u00c9crit par":"fredericcussac","Dur\u00e9e de lecture estim\u00e9e":"2 minutes"},"schema":{"@context":"https:\/\/schema.org","@graph":[{"@type":"Article","@id":"https:\/\/charente.catholique.fr\/sud-charente\/actualites\/echos-de-lequipe-danimation-pastorale-du-31-mars-2023\/#article","isPartOf":{"@id":"https:\/\/charente.catholique.fr\/sud-charente\/actualites\/echos-de-lequipe-danimation-pastorale-du-31-mars-2023\/"},"author":{"name":"fredericcussac","@id":"https:\/\/charente.catholique.fr\/sud-charente\/#\/schema\/person\/1091af4c05b6416adff2afa9f22635a3"},"headline":"Echos de l\u2019Equipe d\u2019Animation Pastorale du 31 mars 2023","datePublished":"2023-04-05T07:19:24+00:00","dateModified":"2023-04-05T07:21:19+00:00","mainEntityOfPage":{"@id":"https:\/\/charente.catholique.fr\/sud-charente\/actualites\/echos-de-lequipe-danimation-pastorale-du-31-mars-2023\/"},"wordCount":374,"commentCount":0,"publisher":{"@id":"https:\/\/charente.catholique.fr\/sud-charente\/#organization"},"image":{"@id":"https:\/\/charente.catholique.fr\/sud-charente\/actualites\/echos-de-lequipe-danimation-pastorale-du-31-mars-2023\/#primaryimage"},"thumbnailUrl":"https:\/\/charente.catholique.fr\/sud-charente\/wp-content\/uploads\/sites\/5\/2022\/10\/logo_paroissebmvv2sitejpeg-scaled.jpg","articleSection":["Actualit\u00e9s","Equipe d'Animation Pastorale","Montmoreau"],"inLanguage":"fr-FR","potentialAction":[{"@type":"CommentAction","name":"Comment","target":["https:\/\/charente.catholique.fr\/sud-charente\/actualites\/echos-de-lequipe-danimation-pastorale-du-31-mars-2023\/#respond"]}]},{"@type":"WebPage","@id":"https:\/\/charente.catholique.fr\/sud-charente\/actualites\/echos-de-lequipe-danimation-pastorale-du-31-mars-2023\/","url":"https:\/\/charente.catholique.fr\/sud-charente\/actualites\/echos-de-lequipe-danimation-pastorale-du-31-mars-2023\/","name":"Echos de l\u2019Equipe d\u2019Animation Pastorale du 31 mars 2023 - Doyenn\u00e9 Sud Charente","isPartOf":{"@id":"https:\/\/charente.catholique.fr\/sud-charente\/#website"},"primaryImageOfPage":{"@id":"https:\/\/charente.catholique.fr\/sud-charente\/actualites\/echos-de-lequipe-danimation-pastorale-du-31-mars-2023\/#primaryimage"},"image":{"@id":"https:\/\/charente.catholique.fr\/sud-charente\/actualites\/echos-de-lequipe-danimation-pastorale-du-31-mars-2023\/#primaryimage"},"thumbnailUrl":"https:\/\/charente.catholique.fr\/sud-charente\/wp-content\/uploads\/sites\/5\/2022\/10\/logo_paroissebmvv2sitejpeg-scaled.jpg","datePublished":"2023-04-05T07:19:24+00:00","dateModified":"2023-04-05T07:21:19+00:00","breadcrumb":{"@id":"https:\/\/charente.catholique.fr\/sud-charente\/actualites\/echos-de-lequipe-danimation-pastorale-du-31-mars-2023\/#breadcrumb"},"inLanguage":"fr-FR","potentialAction":[{"@type":"ReadAction","target":["https:\/\/charente.catholique.fr\/sud-charente\/actualites\/echos-de-lequipe-danimation-pastorale-du-31-mars-2023\/"]}]},{"@type":"ImageObject","inLanguage":"fr-FR","@id":"https:\/\/charente.catholique.fr\/sud-charente\/actualites\/echos-de-lequipe-danimation-pastorale-du-31-mars-2023\/#primaryimage","url":"https:\/\/charente.catholique.fr\/sud-charente\/wp-content\/uploads\/sites\/5\/2022\/10\/logo_paroissebmvv2sitejpeg-scaled.jpg","contentUrl":"https:\/\/charente.catholique.fr\/sud-charente\/wp-content\/uploads\/sites\/5\/2022\/10\/logo_paroissebmvv2sitejpeg-scaled.jpg","width":2560,"height":770},{"@type":"BreadcrumbList","@id":"https:\/\/charente.catholique.fr\/sud-charente\/actualites\/echos-de-lequipe-danimation-pastorale-du-31-mars-2023\/#breadcrumb","itemListElement":[{"@type":"ListItem","position":1,"name":"Accueil","item":"https:\/\/charente.catholique.fr\/sud-charente\/"},{"@type":"ListItem","position":2,"name":"Echos de l\u2019Equipe d\u2019Animation Pastorale du 31 mars 2023"}]},{"@type":"WebSite","@id":"https:\/\/charente.catholique.fr\/sud-charente\/#website","url":"https:\/\/charente.catholique.fr\/sud-charente\/","name":"Doyenn\u00e9 Sud Charente - Dioc\u00e8se d'Angoul\u00eame","description":"Dioc\u00e8se d&#039;Angoul\u00eame","publisher":{"@id":"https:\/\/charente.catholique.fr\/sud-charente\/#organization"},"potentialAction":[{"@type":"SearchAction","target":{"@type":"EntryPoint","urlTemplate":"https:\/\/charente.catholique.fr\/sud-charente\/?s={search_term_string}"},"query-input":{"@type":"PropertyValueSpecification","valueRequired":true,"valueName":"search_term_string"}}],"inLanguage":"fr-FR"},{"@type":"Organization","@id":"https:\/\/charente.catholique.fr\/sud-charente\/#organization","name":"Association dioc\u00e9saine d'Angoul\u00eame","url":"https:\/\/charente.catholique.fr\/sud-charente\/","logo":{"@type":"ImageObject","inLanguage":"fr-FR","@id":"https:\/\/charente.catholique.fr\/sud-charente\/#\/schema\/logo\/image\/","url":"https:\/\/charente.catholique.fr\/sud-charente\/wp-content\/uploads\/sites\/5\/2020\/10\/logos.png","contentUrl":"https:\/\/charente.catholique.fr\/sud-charente\/wp-content\/uploads\/sites\/5\/2020\/10\/logos.png","width":600,"height":257,"caption":"Association dioc\u00e9saine d'Angoul\u00eame"},"image":{"@id":"https:\/\/charente.catholique.fr\/sud-charente\/#\/schema\/logo\/image\/"},"sameAs":["https:\/\/www.facebook.com\/EgliseCatholiqueCharente","https:\/\/x.com\/diocesecharente","https:\/\/www.instagram.com\/eglisecharente","https:\/\/www.youtube.com\/channel\/UCByyFWApZbw3gDTiADoiAaQ"]},{"@type":"Person","@id":"https:\/\/charente.catholique.fr\/sud-charente\/#\/schema\/person\/1091af4c05b6416adff2afa9f22635a3","name":"fredericcussac","image":{"@type":"ImageObject","inLanguage":"fr-FR","@id":"https:\/\/charente.catholique.fr\/sud-charente\/#\/schema\/person\/image\/","url":"https:\/\/secure.gravatar.com\/avatar\/bb15516794c62daf902e6577bb3bcb91841d9ad0fb952bc7098b2a5ac422566f?s=96&d=mm&r=g","contentUrl":"https:\/\/secure.gravatar.com\/avatar\/bb15516794c62daf902e6577bb3bcb91841d9ad0fb952bc7098b2a5ac422566f?s=96&d=mm&r=g","caption":"fredericcussac"},"url":"https:\/\/charente.catholique.fr\/sud-charente\/author\/fredericcussac\/"}]}},"_links":{"self":[{"href":"https:\/\/charente.catholique.fr\/sud-charente\/wp-json\/wp\/v2\/posts\/5929","targetHints":{"allow":["GET"]}}],"collection":[{"href":"https:\/\/charente.catholique.fr\/sud-charente\/wp-json\/wp\/v2\/posts"}],"about":[{"href":"https:\/\/charente.catholique.fr\/sud-charente\/wp-json\/wp\/v2\/types\/post"}],"author":[{"embeddable":true,"href":"https:\/\/charente.catholique.fr\/sud-charente\/wp-json\/wp\/v2\/users\/81"}],"replies":[{"embeddable":true,"href":"https:\/\/charente.catholique.fr\/sud-charente\/wp-json\/wp\/v2\/comments?post=5929"}],"version-history":[{"count":7,"href":"https:\/\/charente.catholique.fr\/sud-charente\/wp-json\/wp\/v2\/posts\/5929\/revisions"}],"predecessor-version":[{"id":5936,"href":"https:\/\/charente.catholique.fr\/sud-charente\/wp-json\/wp\/v2\/posts\/5929\/revisions\/5936"}],"wp:featuredmedia":[{"embeddable":true,"href":"https:\/\/charente.catholique.fr\/sud-charente\/wp-json\/wp\/v2\/media\/4436"}],"wp:attachment":[{"href":"https:\/\/charente.catholique.fr\/sud-charente\/wp-json\/wp\/v2\/media?parent=5929"}],"wp:term":[{"taxonomy":"category","embeddable":true,"href":"https:\/\/charente.catholique.fr\/sud-charente\/wp-json\/wp\/v2\/categories?post=5929"},{"taxonomy":"post_tag","embeddable":true,"href":"https:\/\/charente.catholique.fr\/sud-charente\/wp-json\/wp\/v2\/tags?post=5929"}],"curies":[{"name":"wp","href":"https:\/\/api.w.org\/{rel}","templated":true}]}}