{"id":5622,"date":"2023-03-11T09:51:14","date_gmt":"2023-03-11T08:51:14","guid":{"rendered":"https:\/\/charente.catholique.fr\/sud-charente\/?p=5622"},"modified":"2023-03-11T09:53:10","modified_gmt":"2023-03-11T08:53:10","slug":"echos-de-la-reunion-de-lequipe-danimation-pastorale-du-03-mars-2023","status":"publish","type":"post","link":"https:\/\/charente.catholique.fr\/sud-charente\/actualites\/echos-de-la-reunion-de-lequipe-danimation-pastorale-du-03-mars-2023\/","title":{"rendered":"Echos de la r\u00e9union de l&#8217;Equipe d&#8217;Animation Pastorale du 03 mars 2023"},"content":{"rendered":"\n<p>Apr\u00e8s un temps de pri\u00e8res, chaque membre de la nouvelle Equipe d&#8217;Animation Pastorale exprime comment il a re\u00e7u personnellement cet appel en mission : <\/p>\n\n\n\n<p>C&#8217;est \u00e0 la fois un acte de foi, une joie de servir le Seigneur,  une joie d&#8217;aider \u00e0 faire vivre la communaut\u00e9 paroissiale, un partage de ce que l&#8217;on vit. C&#8217;est aussi porter le souci des personnes dans la vie de la paroisse. Le seigneur nous accompagne, il faut lui faire confiance. L&#8217;\u00e9quipe est l\u00e0 pour donner une \u00e2me, pour vivre la fraternit\u00e9, la joie et cela va se sentir dans la paroisse.<\/p>\n\n\n\n<p>Les principaux point de la Charte des \u00e9quipes d&#8217;animation pastorale dioc\u00e9saine de 2019 ont \u00e9t\u00e9 relus  : https:\/\/charente.catholique.fr\/le-diocese\/les-publications\/<\/p>\n\n\n\n<p>A l&#8217;ordre du jour \u00e9galement, les points suivants ont \u00e9t\u00e9 abord\u00e9s :<\/p>\n\n\n\n<ol class=\"wp-block-list\">\n<li>Le retour sur la journ\u00e9e de r\u00e9collection EAP du 25 f\u00e9vrier \u00e0 la Maison Dioc\u00e9saine :<br>Un temps de ressourcement autour du Livre de Jonas.  Des temps<br>tous ensemble, d&#8217;autres avec d\u2019autres EAP. Un temps humain et spirituel fort.<\/li>\n\n\n\n<li>Le retour sur la rencontre des tr\u00e9soriers avec le CDAE ( conseil dioc\u00e9sain des affaires \u00e9conomiques) le 23 f\u00e9vrier \u00e0 la Maison Dioc\u00e9saine : un \u00e9tat g\u00e9n\u00e9ral des finances \u00e0 la baisse avec un nombre de donateurs en forte baisse (-35% de donateurs, avec un \u00e2ge moyen des donateurs de 81 ans). Les prospectives sont pr\u00e9occupantes sans \u00eatre alarmistes. Une r\u00e9flexion est men\u00e9e sur l\u2019immobilier, les dons, le casuel, la mutualisation des<br>achats\u2026  Bernard Audy, membre du CDAE, va s\u2019occuper de monter une \u00e9quipe sur le doyenn\u00e9 pour r\u00e9fl\u00e9chir \u00e0 ces diff\u00e9rents leviers. Une rencontre le 23 mars de 14h30 \u00e0 16h30 en pr\u00e9sence de Christel Brochon de l&#8217;\u00e9conomat dioc\u00e9sain est pr\u00e9vue \u00e0 Montmoreau.  C&#8217;est un sujet qui m\u00e9rite une meilleure communication et transparence sur l&#8217;utilisation des ressources et des besoins et une meilleure sensibilisation aupr\u00e8s des communaut\u00e9s paroissiales.<\/li>\n<\/ol>\n\n\n\n<ol class=\"wp-block-list\" start=\"3\">\n<li>La pr\u00e9paration de la c\u00e9l\u00e9bration de l\u2019accueil des EAP avec le P\u00e8re Eric Pouvaloue et le P\u00e8re Beno\u00eet Lecomte&nbsp;le dimanche 5 mars \u00e0 Montmoreau. Remerciement de l&#8217;ancienne EAP pour toute l&#8217;\u0153uvre accomplie et appel en mission de la nouvelle EAP qui r\u00e9pond \u00ab&nbsp;me voici&nbsp;\u00bb.<\/li>\n<\/ol>\n\n\n\n<p>4. Questions diverses&nbsp;: <\/p>\n\n\n\n<ul class=\"wp-block-list\">\n<li>Le 24 mars \u00e0 12h 30, l\u2019EAP organise un repas bol de riz ou soupe \u00e0 Montmoreau afin de participer \u00e0 la campagne du CCFD.<\/li>\n<\/ul>\n\n\n\n<ul class=\"wp-block-list\">\n<li>L\u2019\u00e9glise de Porcheresse&nbsp;: quel avenir pour ce b\u00e2timent pour lequel l&#8217;Etat ne veut plus investir dans la restauration ?<\/li>\n\n\n\n<li>Des messes auront lieu dans chaque maison de retraite apr\u00e8s P\u00e2ques.<\/li>\n\n\n\n<li>Embellissement de l\u2019\u00e9glise de Charmant pour la f\u00eate de l\u2019Ascension<\/li>\n\n\n\n<li>P\u00e8lerinage de Doyenn\u00e9 \u00e0 Lourdes les 6-7-8 mai prochain : les inscriptions sont lanc\u00e9es ! La question financi\u00e8re ne doit pas \u00eatre un frein.<\/li>\n<\/ul>\n\n\n\n<p>La prochaine rencontre  de l&#8217;EAP est pr\u00e9vue le 31 mars. N&#8217;h\u00e9sitez pas \u00e0 faire part \u00e0 l&#8217;EAP de vos questions et de vos suggestions.<\/p>\n\n\n\n<p><\/p>\n","protected":false},"excerpt":{"rendered":"<p>Apr\u00e8s un temps de pri\u00e8res, chaque membre de la nouvelle Equipe d&#8217;Animation Pastorale exprime comment il a re\u00e7u personnellement cet appel en mission : C&#8217;est \u00e0 la fois un acte de foi, une joie de servir le Seigneur, une joie d&#8217;aider \u00e0 faire vivre la communaut\u00e9 paroissiale, un partage de ce que l&#8217;on vit. C&#8217;est [&hellip;]<\/p>\n","protected":false},"author":81,"featured_media":4436,"comment_status":"open","ping_status":"open","sticky":false,"template":"","format":"standard","meta":{"_acf_changed":false,"paroisse":["17"],"service":["0"],"footnotes":""},"categories":[1,9,11],"tags":[],"class_list":["post-5622","post","type-post","status-publish","format-standard","has-post-thumbnail","hentry","category-actualites","category-equipe-danimation-pastorale","category-montmoreau","validated"],"acf":[],"yoast_head":"<!-- This site is optimized with the Yoast SEO plugin v27.1.1 - https:\/\/yoast.com\/product\/yoast-seo-wordpress\/ -->\n<title>Echos de la r\u00e9union de l&#039;Equipe d&#039;Animation Pastorale du 03 mars 2023 - Doyenn\u00e9 Sud Charente<\/title>\n<meta name=\"robots\" content=\"index, follow, max-snippet:-1, max-image-preview:large, max-video-preview:-1\" \/>\n<link rel=\"canonical\" href=\"https:\/\/charente.catholique.fr\/sud-charente\/actualites\/echos-de-la-reunion-de-lequipe-danimation-pastorale-du-03-mars-2023\/\" \/>\n<meta property=\"og:locale\" content=\"fr_FR\" \/>\n<meta property=\"og:type\" content=\"article\" \/>\n<meta property=\"og:title\" content=\"Echos de la r\u00e9union de l&#039;Equipe d&#039;Animation Pastorale du 03 mars 2023 - Doyenn\u00e9 Sud Charente\" \/>\n<meta property=\"og:description\" content=\"Apr\u00e8s un temps de pri\u00e8res, chaque membre de la nouvelle Equipe d&#8217;Animation Pastorale exprime comment il a re\u00e7u personnellement cet appel en mission : C&#8217;est \u00e0 la fois un acte de foi, une joie de servir le Seigneur, une joie d&#8217;aider \u00e0 faire vivre la communaut\u00e9 paroissiale, un partage de ce que l&#8217;on vit. C&#8217;est [&hellip;]\" \/>\n<meta property=\"og:url\" content=\"https:\/\/charente.catholique.fr\/sud-charente\/actualites\/echos-de-la-reunion-de-lequipe-danimation-pastorale-du-03-mars-2023\/\" \/>\n<meta property=\"og:site_name\" content=\"Doyenn\u00e9 Sud Charente\" \/>\n<meta property=\"article:publisher\" content=\"https:\/\/www.facebook.com\/EgliseCatholiqueCharente\" \/>\n<meta property=\"article:published_time\" content=\"2023-03-11T08:51:14+00:00\" \/>\n<meta property=\"article:modified_time\" content=\"2023-03-11T08:53:10+00:00\" \/>\n<meta property=\"og:image\" content=\"https:\/\/charente.catholique.fr\/sud-charente\/wp-content\/uploads\/sites\/5\/2022\/10\/logo_paroissebmvv2sitejpeg-scaled.jpg\" \/>\n\t<meta property=\"og:image:width\" content=\"2560\" \/>\n\t<meta property=\"og:image:height\" content=\"770\" \/>\n\t<meta property=\"og:image:type\" content=\"image\/jpeg\" \/>\n<meta name=\"author\" content=\"fredericcussac\" \/>\n<meta name=\"twitter:card\" content=\"summary_large_image\" \/>\n<meta name=\"twitter:creator\" content=\"@diocesecharente\" \/>\n<meta name=\"twitter:site\" content=\"@diocesecharente\" \/>\n<meta name=\"twitter:label1\" content=\"\u00c9crit par\" \/>\n\t<meta name=\"twitter:data1\" content=\"fredericcussac\" \/>\n\t<meta name=\"twitter:label2\" content=\"Dur\u00e9e de lecture estim\u00e9e\" \/>\n\t<meta name=\"twitter:data2\" content=\"3 minutes\" \/>\n<script type=\"application\/ld+json\" class=\"yoast-schema-graph\">{\"@context\":\"https:\/\/schema.org\",\"@graph\":[{\"@type\":\"Article\",\"@id\":\"https:\/\/charente.catholique.fr\/sud-charente\/actualites\/echos-de-la-reunion-de-lequipe-danimation-pastorale-du-03-mars-2023\/#article\",\"isPartOf\":{\"@id\":\"https:\/\/charente.catholique.fr\/sud-charente\/actualites\/echos-de-la-reunion-de-lequipe-danimation-pastorale-du-03-mars-2023\/\"},\"author\":{\"name\":\"fredericcussac\",\"@id\":\"https:\/\/charente.catholique.fr\/sud-charente\/#\/schema\/person\/1091af4c05b6416adff2afa9f22635a3\"},\"headline\":\"Echos de la r\u00e9union de l&#8217;Equipe d&#8217;Animation Pastorale du 03 mars 2023\",\"datePublished\":\"2023-03-11T08:51:14+00:00\",\"dateModified\":\"2023-03-11T08:53:10+00:00\",\"mainEntityOfPage\":{\"@id\":\"https:\/\/charente.catholique.fr\/sud-charente\/actualites\/echos-de-la-reunion-de-lequipe-danimation-pastorale-du-03-mars-2023\/\"},\"wordCount\":523,\"commentCount\":0,\"publisher\":{\"@id\":\"https:\/\/charente.catholique.fr\/sud-charente\/#organization\"},\"image\":{\"@id\":\"https:\/\/charente.catholique.fr\/sud-charente\/actualites\/echos-de-la-reunion-de-lequipe-danimation-pastorale-du-03-mars-2023\/#primaryimage\"},\"thumbnailUrl\":\"https:\/\/charente.catholique.fr\/sud-charente\/wp-content\/uploads\/sites\/5\/2022\/10\/logo_paroissebmvv2sitejpeg-scaled.jpg\",\"articleSection\":[\"Actualit\u00e9s\",\"Equipe d'Animation Pastorale\",\"Montmoreau\"],\"inLanguage\":\"fr-FR\",\"potentialAction\":[{\"@type\":\"CommentAction\",\"name\":\"Comment\",\"target\":[\"https:\/\/charente.catholique.fr\/sud-charente\/actualites\/echos-de-la-reunion-de-lequipe-danimation-pastorale-du-03-mars-2023\/#respond\"]}]},{\"@type\":\"WebPage\",\"@id\":\"https:\/\/charente.catholique.fr\/sud-charente\/actualites\/echos-de-la-reunion-de-lequipe-danimation-pastorale-du-03-mars-2023\/\",\"url\":\"https:\/\/charente.catholique.fr\/sud-charente\/actualites\/echos-de-la-reunion-de-lequipe-danimation-pastorale-du-03-mars-2023\/\",\"name\":\"Echos de la r\u00e9union de l'Equipe d'Animation Pastorale du 03 mars 2023 - Doyenn\u00e9 Sud Charente\",\"isPartOf\":{\"@id\":\"https:\/\/charente.catholique.fr\/sud-charente\/#website\"},\"primaryImageOfPage\":{\"@id\":\"https:\/\/charente.catholique.fr\/sud-charente\/actualites\/echos-de-la-reunion-de-lequipe-danimation-pastorale-du-03-mars-2023\/#primaryimage\"},\"image\":{\"@id\":\"https:\/\/charente.catholique.fr\/sud-charente\/actualites\/echos-de-la-reunion-de-lequipe-danimation-pastorale-du-03-mars-2023\/#primaryimage\"},\"thumbnailUrl\":\"https:\/\/charente.catholique.fr\/sud-charente\/wp-content\/uploads\/sites\/5\/2022\/10\/logo_paroissebmvv2sitejpeg-scaled.jpg\",\"datePublished\":\"2023-03-11T08:51:14+00:00\",\"dateModified\":\"2023-03-11T08:53:10+00:00\",\"breadcrumb\":{\"@id\":\"https:\/\/charente.catholique.fr\/sud-charente\/actualites\/echos-de-la-reunion-de-lequipe-danimation-pastorale-du-03-mars-2023\/#breadcrumb\"},\"inLanguage\":\"fr-FR\",\"potentialAction\":[{\"@type\":\"ReadAction\",\"target\":[\"https:\/\/charente.catholique.fr\/sud-charente\/actualites\/echos-de-la-reunion-de-lequipe-danimation-pastorale-du-03-mars-2023\/\"]}]},{\"@type\":\"ImageObject\",\"inLanguage\":\"fr-FR\",\"@id\":\"https:\/\/charente.catholique.fr\/sud-charente\/actualites\/echos-de-la-reunion-de-lequipe-danimation-pastorale-du-03-mars-2023\/#primaryimage\",\"url\":\"https:\/\/charente.catholique.fr\/sud-charente\/wp-content\/uploads\/sites\/5\/2022\/10\/logo_paroissebmvv2sitejpeg-scaled.jpg\",\"contentUrl\":\"https:\/\/charente.catholique.fr\/sud-charente\/wp-content\/uploads\/sites\/5\/2022\/10\/logo_paroissebmvv2sitejpeg-scaled.jpg\",\"width\":2560,\"height\":770},{\"@type\":\"BreadcrumbList\",\"@id\":\"https:\/\/charente.catholique.fr\/sud-charente\/actualites\/echos-de-la-reunion-de-lequipe-danimation-pastorale-du-03-mars-2023\/#breadcrumb\",\"itemListElement\":[{\"@type\":\"ListItem\",\"position\":1,\"name\":\"Accueil\",\"item\":\"https:\/\/charente.catholique.fr\/sud-charente\/\"},{\"@type\":\"ListItem\",\"position\":2,\"name\":\"Echos de la r\u00e9union de l&#8217;Equipe d&#8217;Animation Pastorale du 03 mars 2023\"}]},{\"@type\":\"WebSite\",\"@id\":\"https:\/\/charente.catholique.fr\/sud-charente\/#website\",\"url\":\"https:\/\/charente.catholique.fr\/sud-charente\/\",\"name\":\"Doyenn\u00e9 Sud Charente - Dioc\u00e8se d'Angoul\u00eame\",\"description\":\"Dioc\u00e8se d&#039;Angoul\u00eame\",\"publisher\":{\"@id\":\"https:\/\/charente.catholique.fr\/sud-charente\/#organization\"},\"potentialAction\":[{\"@type\":\"SearchAction\",\"target\":{\"@type\":\"EntryPoint\",\"urlTemplate\":\"https:\/\/charente.catholique.fr\/sud-charente\/?s={search_term_string}\"},\"query-input\":{\"@type\":\"PropertyValueSpecification\",\"valueRequired\":true,\"valueName\":\"search_term_string\"}}],\"inLanguage\":\"fr-FR\"},{\"@type\":\"Organization\",\"@id\":\"https:\/\/charente.catholique.fr\/sud-charente\/#organization\",\"name\":\"Association dioc\u00e9saine d'Angoul\u00eame\",\"url\":\"https:\/\/charente.catholique.fr\/sud-charente\/\",\"logo\":{\"@type\":\"ImageObject\",\"inLanguage\":\"fr-FR\",\"@id\":\"https:\/\/charente.catholique.fr\/sud-charente\/#\/schema\/logo\/image\/\",\"url\":\"https:\/\/charente.catholique.fr\/sud-charente\/wp-content\/uploads\/sites\/5\/2020\/10\/logos.png\",\"contentUrl\":\"https:\/\/charente.catholique.fr\/sud-charente\/wp-content\/uploads\/sites\/5\/2020\/10\/logos.png\",\"width\":600,\"height\":257,\"caption\":\"Association dioc\u00e9saine d'Angoul\u00eame\"},\"image\":{\"@id\":\"https:\/\/charente.catholique.fr\/sud-charente\/#\/schema\/logo\/image\/\"},\"sameAs\":[\"https:\/\/www.facebook.com\/EgliseCatholiqueCharente\",\"https:\/\/x.com\/diocesecharente\",\"https:\/\/www.instagram.com\/eglisecharente\",\"https:\/\/www.youtube.com\/channel\/UCByyFWApZbw3gDTiADoiAaQ\"]},{\"@type\":\"Person\",\"@id\":\"https:\/\/charente.catholique.fr\/sud-charente\/#\/schema\/person\/1091af4c05b6416adff2afa9f22635a3\",\"name\":\"fredericcussac\",\"image\":{\"@type\":\"ImageObject\",\"inLanguage\":\"fr-FR\",\"@id\":\"https:\/\/charente.catholique.fr\/sud-charente\/#\/schema\/person\/image\/\",\"url\":\"https:\/\/secure.gravatar.com\/avatar\/bb15516794c62daf902e6577bb3bcb91841d9ad0fb952bc7098b2a5ac422566f?s=96&d=mm&r=g\",\"contentUrl\":\"https:\/\/secure.gravatar.com\/avatar\/bb15516794c62daf902e6577bb3bcb91841d9ad0fb952bc7098b2a5ac422566f?s=96&d=mm&r=g\",\"caption\":\"fredericcussac\"},\"url\":\"https:\/\/charente.catholique.fr\/sud-charente\/author\/fredericcussac\/\"}]}<\/script>\n<!-- \/ Yoast SEO plugin. -->","yoast_head_json":{"title":"Echos de la r\u00e9union de l'Equipe d'Animation Pastorale du 03 mars 2023 - Doyenn\u00e9 Sud Charente","robots":{"index":"index","follow":"follow","max-snippet":"max-snippet:-1","max-image-preview":"max-image-preview:large","max-video-preview":"max-video-preview:-1"},"canonical":"https:\/\/charente.catholique.fr\/sud-charente\/actualites\/echos-de-la-reunion-de-lequipe-danimation-pastorale-du-03-mars-2023\/","og_locale":"fr_FR","og_type":"article","og_title":"Echos de la r\u00e9union de l'Equipe d'Animation Pastorale du 03 mars 2023 - Doyenn\u00e9 Sud Charente","og_description":"Apr\u00e8s un temps de pri\u00e8res, chaque membre de la nouvelle Equipe d&#8217;Animation Pastorale exprime comment il a re\u00e7u personnellement cet appel en mission : C&#8217;est \u00e0 la fois un acte de foi, une joie de servir le Seigneur, une joie d&#8217;aider \u00e0 faire vivre la communaut\u00e9 paroissiale, un partage de ce que l&#8217;on vit. C&#8217;est [&hellip;]","og_url":"https:\/\/charente.catholique.fr\/sud-charente\/actualites\/echos-de-la-reunion-de-lequipe-danimation-pastorale-du-03-mars-2023\/","og_site_name":"Doyenn\u00e9 Sud Charente","article_publisher":"https:\/\/www.facebook.com\/EgliseCatholiqueCharente","article_published_time":"2023-03-11T08:51:14+00:00","article_modified_time":"2023-03-11T08:53:10+00:00","og_image":[{"width":2560,"height":770,"url":"https:\/\/charente.catholique.fr\/sud-charente\/wp-content\/uploads\/sites\/5\/2022\/10\/logo_paroissebmvv2sitejpeg-scaled.jpg","type":"image\/jpeg"}],"author":"fredericcussac","twitter_card":"summary_large_image","twitter_creator":"@diocesecharente","twitter_site":"@diocesecharente","twitter_misc":{"\u00c9crit par":"fredericcussac","Dur\u00e9e de lecture estim\u00e9e":"3 minutes"},"schema":{"@context":"https:\/\/schema.org","@graph":[{"@type":"Article","@id":"https:\/\/charente.catholique.fr\/sud-charente\/actualites\/echos-de-la-reunion-de-lequipe-danimation-pastorale-du-03-mars-2023\/#article","isPartOf":{"@id":"https:\/\/charente.catholique.fr\/sud-charente\/actualites\/echos-de-la-reunion-de-lequipe-danimation-pastorale-du-03-mars-2023\/"},"author":{"name":"fredericcussac","@id":"https:\/\/charente.catholique.fr\/sud-charente\/#\/schema\/person\/1091af4c05b6416adff2afa9f22635a3"},"headline":"Echos de la r\u00e9union de l&#8217;Equipe d&#8217;Animation Pastorale du 03 mars 2023","datePublished":"2023-03-11T08:51:14+00:00","dateModified":"2023-03-11T08:53:10+00:00","mainEntityOfPage":{"@id":"https:\/\/charente.catholique.fr\/sud-charente\/actualites\/echos-de-la-reunion-de-lequipe-danimation-pastorale-du-03-mars-2023\/"},"wordCount":523,"commentCount":0,"publisher":{"@id":"https:\/\/charente.catholique.fr\/sud-charente\/#organization"},"image":{"@id":"https:\/\/charente.catholique.fr\/sud-charente\/actualites\/echos-de-la-reunion-de-lequipe-danimation-pastorale-du-03-mars-2023\/#primaryimage"},"thumbnailUrl":"https:\/\/charente.catholique.fr\/sud-charente\/wp-content\/uploads\/sites\/5\/2022\/10\/logo_paroissebmvv2sitejpeg-scaled.jpg","articleSection":["Actualit\u00e9s","Equipe d'Animation Pastorale","Montmoreau"],"inLanguage":"fr-FR","potentialAction":[{"@type":"CommentAction","name":"Comment","target":["https:\/\/charente.catholique.fr\/sud-charente\/actualites\/echos-de-la-reunion-de-lequipe-danimation-pastorale-du-03-mars-2023\/#respond"]}]},{"@type":"WebPage","@id":"https:\/\/charente.catholique.fr\/sud-charente\/actualites\/echos-de-la-reunion-de-lequipe-danimation-pastorale-du-03-mars-2023\/","url":"https:\/\/charente.catholique.fr\/sud-charente\/actualites\/echos-de-la-reunion-de-lequipe-danimation-pastorale-du-03-mars-2023\/","name":"Echos de la r\u00e9union de l'Equipe d'Animation Pastorale du 03 mars 2023 - Doyenn\u00e9 Sud Charente","isPartOf":{"@id":"https:\/\/charente.catholique.fr\/sud-charente\/#website"},"primaryImageOfPage":{"@id":"https:\/\/charente.catholique.fr\/sud-charente\/actualites\/echos-de-la-reunion-de-lequipe-danimation-pastorale-du-03-mars-2023\/#primaryimage"},"image":{"@id":"https:\/\/charente.catholique.fr\/sud-charente\/actualites\/echos-de-la-reunion-de-lequipe-danimation-pastorale-du-03-mars-2023\/#primaryimage"},"thumbnailUrl":"https:\/\/charente.catholique.fr\/sud-charente\/wp-content\/uploads\/sites\/5\/2022\/10\/logo_paroissebmvv2sitejpeg-scaled.jpg","datePublished":"2023-03-11T08:51:14+00:00","dateModified":"2023-03-11T08:53:10+00:00","breadcrumb":{"@id":"https:\/\/charente.catholique.fr\/sud-charente\/actualites\/echos-de-la-reunion-de-lequipe-danimation-pastorale-du-03-mars-2023\/#breadcrumb"},"inLanguage":"fr-FR","potentialAction":[{"@type":"ReadAction","target":["https:\/\/charente.catholique.fr\/sud-charente\/actualites\/echos-de-la-reunion-de-lequipe-danimation-pastorale-du-03-mars-2023\/"]}]},{"@type":"ImageObject","inLanguage":"fr-FR","@id":"https:\/\/charente.catholique.fr\/sud-charente\/actualites\/echos-de-la-reunion-de-lequipe-danimation-pastorale-du-03-mars-2023\/#primaryimage","url":"https:\/\/charente.catholique.fr\/sud-charente\/wp-content\/uploads\/sites\/5\/2022\/10\/logo_paroissebmvv2sitejpeg-scaled.jpg","contentUrl":"https:\/\/charente.catholique.fr\/sud-charente\/wp-content\/uploads\/sites\/5\/2022\/10\/logo_paroissebmvv2sitejpeg-scaled.jpg","width":2560,"height":770},{"@type":"BreadcrumbList","@id":"https:\/\/charente.catholique.fr\/sud-charente\/actualites\/echos-de-la-reunion-de-lequipe-danimation-pastorale-du-03-mars-2023\/#breadcrumb","itemListElement":[{"@type":"ListItem","position":1,"name":"Accueil","item":"https:\/\/charente.catholique.fr\/sud-charente\/"},{"@type":"ListItem","position":2,"name":"Echos de la r\u00e9union de l&#8217;Equipe d&#8217;Animation Pastorale du 03 mars 2023"}]},{"@type":"WebSite","@id":"https:\/\/charente.catholique.fr\/sud-charente\/#website","url":"https:\/\/charente.catholique.fr\/sud-charente\/","name":"Doyenn\u00e9 Sud Charente - Dioc\u00e8se d'Angoul\u00eame","description":"Dioc\u00e8se d&#039;Angoul\u00eame","publisher":{"@id":"https:\/\/charente.catholique.fr\/sud-charente\/#organization"},"potentialAction":[{"@type":"SearchAction","target":{"@type":"EntryPoint","urlTemplate":"https:\/\/charente.catholique.fr\/sud-charente\/?s={search_term_string}"},"query-input":{"@type":"PropertyValueSpecification","valueRequired":true,"valueName":"search_term_string"}}],"inLanguage":"fr-FR"},{"@type":"Organization","@id":"https:\/\/charente.catholique.fr\/sud-charente\/#organization","name":"Association dioc\u00e9saine d'Angoul\u00eame","url":"https:\/\/charente.catholique.fr\/sud-charente\/","logo":{"@type":"ImageObject","inLanguage":"fr-FR","@id":"https:\/\/charente.catholique.fr\/sud-charente\/#\/schema\/logo\/image\/","url":"https:\/\/charente.catholique.fr\/sud-charente\/wp-content\/uploads\/sites\/5\/2020\/10\/logos.png","contentUrl":"https:\/\/charente.catholique.fr\/sud-charente\/wp-content\/uploads\/sites\/5\/2020\/10\/logos.png","width":600,"height":257,"caption":"Association dioc\u00e9saine d'Angoul\u00eame"},"image":{"@id":"https:\/\/charente.catholique.fr\/sud-charente\/#\/schema\/logo\/image\/"},"sameAs":["https:\/\/www.facebook.com\/EgliseCatholiqueCharente","https:\/\/x.com\/diocesecharente","https:\/\/www.instagram.com\/eglisecharente","https:\/\/www.youtube.com\/channel\/UCByyFWApZbw3gDTiADoiAaQ"]},{"@type":"Person","@id":"https:\/\/charente.catholique.fr\/sud-charente\/#\/schema\/person\/1091af4c05b6416adff2afa9f22635a3","name":"fredericcussac","image":{"@type":"ImageObject","inLanguage":"fr-FR","@id":"https:\/\/charente.catholique.fr\/sud-charente\/#\/schema\/person\/image\/","url":"https:\/\/secure.gravatar.com\/avatar\/bb15516794c62daf902e6577bb3bcb91841d9ad0fb952bc7098b2a5ac422566f?s=96&d=mm&r=g","contentUrl":"https:\/\/secure.gravatar.com\/avatar\/bb15516794c62daf902e6577bb3bcb91841d9ad0fb952bc7098b2a5ac422566f?s=96&d=mm&r=g","caption":"fredericcussac"},"url":"https:\/\/charente.catholique.fr\/sud-charente\/author\/fredericcussac\/"}]}},"_links":{"self":[{"href":"https:\/\/charente.catholique.fr\/sud-charente\/wp-json\/wp\/v2\/posts\/5622","targetHints":{"allow":["GET"]}}],"collection":[{"href":"https:\/\/charente.catholique.fr\/sud-charente\/wp-json\/wp\/v2\/posts"}],"about":[{"href":"https:\/\/charente.catholique.fr\/sud-charente\/wp-json\/wp\/v2\/types\/post"}],"author":[{"embeddable":true,"href":"https:\/\/charente.catholique.fr\/sud-charente\/wp-json\/wp\/v2\/users\/81"}],"replies":[{"embeddable":true,"href":"https:\/\/charente.catholique.fr\/sud-charente\/wp-json\/wp\/v2\/comments?post=5622"}],"version-history":[{"count":10,"href":"https:\/\/charente.catholique.fr\/sud-charente\/wp-json\/wp\/v2\/posts\/5622\/revisions"}],"predecessor-version":[{"id":5644,"href":"https:\/\/charente.catholique.fr\/sud-charente\/wp-json\/wp\/v2\/posts\/5622\/revisions\/5644"}],"wp:featuredmedia":[{"embeddable":true,"href":"https:\/\/charente.catholique.fr\/sud-charente\/wp-json\/wp\/v2\/media\/4436"}],"wp:attachment":[{"href":"https:\/\/charente.catholique.fr\/sud-charente\/wp-json\/wp\/v2\/media?parent=5622"}],"wp:term":[{"taxonomy":"category","embeddable":true,"href":"https:\/\/charente.catholique.fr\/sud-charente\/wp-json\/wp\/v2\/categories?post=5622"},{"taxonomy":"post_tag","embeddable":true,"href":"https:\/\/charente.catholique.fr\/sud-charente\/wp-json\/wp\/v2\/tags?post=5622"}],"curies":[{"name":"wp","href":"https:\/\/api.w.org\/{rel}","templated":true}]}}