{"id":5600,"date":"2023-03-10T10:26:37","date_gmt":"2023-03-10T09:26:37","guid":{"rendered":"https:\/\/charente.catholique.fr\/sud-charente\/?p=5600"},"modified":"2023-03-10T10:40:51","modified_gmt":"2023-03-10T09:40:51","slug":"presentation-de-la-nouvelle-equipe-eap-sur-blanzac-montmontreau-villebois","status":"publish","type":"post","link":"https:\/\/charente.catholique.fr\/sud-charente\/actualites\/presentation-de-la-nouvelle-equipe-eap-sur-blanzac-montmontreau-villebois\/","title":{"rendered":"Pr\u00e9sentation de la nouvelle \u00e9quipe EAP sur BMV"},"content":{"rendered":"\n<p>Lors de la messe du dimanche 5 mars, la nouvelle Equipe d&#8217;Animation Pastorale a \u00e9t\u00e9 pr\u00e9sent\u00e9e \u00e0 la communaut\u00e9 paroissiale et a \u00e9t\u00e9 envoy\u00e9e en mission par le P\u00e8re Benoit Lecomte. Cette \u00e9quipe est compos\u00e9e de  Mo\u00efsette MAUDET (Blanzac), Anne-Marie ROCHAIS (Blanzac), Isabelle CAILLETEAU (Montmoreau), Lo\u00efc de Nantes (Montmoreau), Alexandre NAUD (Montmoreau), Sophie EDELINE (Villebois), Marie-Clotilde LAFON (Villebois), Madeleine HAYS (Villebois), Sophie DEMOURES et Laurent GRANDPIERRE, membres de droit. Elle viendra seconder le P\u00e8re Eric POUVALOUE dans l&#8217;exercice de la charge pastorale.<\/p>\n\n\n\n<figure class=\"wp-block-image size-large\"><img loading=\"lazy\" decoding=\"async\" width=\"1616\" height=\"1080\" src=\"https:\/\/charente.catholique.fr\/sud-charente\/wp-content\/uploads\/sites\/5\/2023\/03\/photo-charente-libre-1616x1080.jpg\" alt=\"\" class=\"wp-image-5604\" srcset=\"https:\/\/charente.catholique.fr\/sud-charente\/wp-content\/uploads\/sites\/5\/2023\/03\/photo-charente-libre-1616x1080.jpg 1616w, https:\/\/charente.catholique.fr\/sud-charente\/wp-content\/uploads\/sites\/5\/2023\/03\/photo-charente-libre-300x201.jpg 300w, https:\/\/charente.catholique.fr\/sud-charente\/wp-content\/uploads\/sites\/5\/2023\/03\/photo-charente-libre-768x513.jpg 768w, https:\/\/charente.catholique.fr\/sud-charente\/wp-content\/uploads\/sites\/5\/2023\/03\/photo-charente-libre-1536x1027.jpg 1536w, https:\/\/charente.catholique.fr\/sud-charente\/wp-content\/uploads\/sites\/5\/2023\/03\/photo-charente-libre-2048x1369.jpg 2048w\" sizes=\"auto, (max-width: 1616px) 100vw, 1616px\" \/><figcaption class=\"wp-element-caption\">Photo Julien CAUMON@Charente Libre<\/figcaption><\/figure>\n\n\n\n<p>Lien vers plus de photos prises par Jean-Marie CAMUS :<\/p>\n\n\n\n<p><\/p>\n\n\n\n<figure class=\"wp-block-embed is-type-rich is-provider-flickr wp-block-embed-flickr\"><div class=\"wp-block-embed__wrapper\">\n<a data-flickr-embed='true' href='https:\/\/www.flickr.com\/photos\/dioceseangouleme\/albums\/72177720306520616' title='Envoi de l&#039;EAP de la paroisse BMV by Eglise Catholique en Charente, on Flickr'><img src='https:\/\/live.staticflickr.com\/65535\/52732354393_fb392b25fb.jpg' width='800' height='600' alt='Envoi de l&#039;EAP de Blanzac - Montmoreau - Villebois'><\/a><script async src='https:\/\/embedr.flickr.com\/assets\/client-code.js' charset='utf-8'><\/script>\n<\/div><\/figure>\n","protected":false},"excerpt":{"rendered":"<p>Lors de la messe du dimanche 5 mars, la nouvelle Equipe d&#8217;Animation Pastorale a \u00e9t\u00e9 pr\u00e9sent\u00e9e \u00e0 la communaut\u00e9 paroissiale et a \u00e9t\u00e9 envoy\u00e9e en mission par le P\u00e8re Benoit Lecomte. Cette \u00e9quipe est compos\u00e9e de Mo\u00efsette MAUDET (Blanzac), Anne-Marie ROCHAIS (Blanzac), Isabelle CAILLETEAU (Montmoreau), Lo\u00efc de Nantes (Montmoreau), Alexandre NAUD (Montmoreau), Sophie EDELINE (Villebois), [&hellip;]<\/p>\n","protected":false},"author":81,"featured_media":5604,"comment_status":"open","ping_status":"open","sticky":false,"template":"","format":"standard","meta":{"_acf_changed":false,"paroisse":["17"],"service":["0"],"footnotes":""},"categories":[1,9,11],"tags":[],"class_list":["post-5600","post","type-post","status-publish","format-standard","has-post-thumbnail","hentry","category-actualites","category-equipe-danimation-pastorale","category-montmoreau","validated"],"acf":[],"yoast_head":"<!-- This site is optimized with the Yoast SEO plugin v27.1.1 - https:\/\/yoast.com\/product\/yoast-seo-wordpress\/ -->\n<title>Pr\u00e9sentation de la nouvelle \u00e9quipe EAP sur BMV - Doyenn\u00e9 Sud Charente<\/title>\n<meta name=\"robots\" content=\"index, follow, max-snippet:-1, max-image-preview:large, max-video-preview:-1\" \/>\n<link rel=\"canonical\" href=\"https:\/\/charente.catholique.fr\/sud-charente\/actualites\/presentation-de-la-nouvelle-equipe-eap-sur-blanzac-montmontreau-villebois\/\" \/>\n<meta property=\"og:locale\" content=\"fr_FR\" \/>\n<meta property=\"og:type\" content=\"article\" \/>\n<meta property=\"og:title\" content=\"Pr\u00e9sentation de la nouvelle \u00e9quipe EAP sur BMV - Doyenn\u00e9 Sud Charente\" \/>\n<meta property=\"og:description\" content=\"Lors de la messe du dimanche 5 mars, la nouvelle Equipe d&#8217;Animation Pastorale a \u00e9t\u00e9 pr\u00e9sent\u00e9e \u00e0 la communaut\u00e9 paroissiale et a \u00e9t\u00e9 envoy\u00e9e en mission par le P\u00e8re Benoit Lecomte. Cette \u00e9quipe est compos\u00e9e de Mo\u00efsette MAUDET (Blanzac), Anne-Marie ROCHAIS (Blanzac), Isabelle CAILLETEAU (Montmoreau), Lo\u00efc de Nantes (Montmoreau), Alexandre NAUD (Montmoreau), Sophie EDELINE (Villebois), [&hellip;]\" \/>\n<meta property=\"og:url\" content=\"https:\/\/charente.catholique.fr\/sud-charente\/actualites\/presentation-de-la-nouvelle-equipe-eap-sur-blanzac-montmontreau-villebois\/\" \/>\n<meta property=\"og:site_name\" content=\"Doyenn\u00e9 Sud Charente\" \/>\n<meta property=\"article:publisher\" content=\"https:\/\/www.facebook.com\/EgliseCatholiqueCharente\" \/>\n<meta property=\"article:published_time\" content=\"2023-03-10T09:26:37+00:00\" \/>\n<meta property=\"article:modified_time\" content=\"2023-03-10T09:40:51+00:00\" \/>\n<meta property=\"og:image\" content=\"https:\/\/charente.catholique.fr\/sud-charente\/wp-content\/uploads\/sites\/5\/2023\/03\/photo-charente-libre-scaled.jpg\" \/>\n\t<meta property=\"og:image:width\" content=\"2560\" \/>\n\t<meta property=\"og:image:height\" content=\"1711\" \/>\n\t<meta property=\"og:image:type\" content=\"image\/jpeg\" \/>\n<meta name=\"author\" content=\"fredericcussac\" \/>\n<meta name=\"twitter:card\" content=\"summary_large_image\" \/>\n<meta name=\"twitter:creator\" content=\"@diocesecharente\" \/>\n<meta name=\"twitter:site\" content=\"@diocesecharente\" \/>\n<meta name=\"twitter:label1\" content=\"\u00c9crit par\" \/>\n\t<meta name=\"twitter:data1\" content=\"fredericcussac\" \/>\n\t<meta name=\"twitter:label2\" content=\"Dur\u00e9e de lecture estim\u00e9e\" \/>\n\t<meta name=\"twitter:data2\" content=\"1 minute\" \/>\n<script type=\"application\/ld+json\" class=\"yoast-schema-graph\">{\"@context\":\"https:\/\/schema.org\",\"@graph\":[{\"@type\":\"Article\",\"@id\":\"https:\/\/charente.catholique.fr\/sud-charente\/actualites\/presentation-de-la-nouvelle-equipe-eap-sur-blanzac-montmontreau-villebois\/#article\",\"isPartOf\":{\"@id\":\"https:\/\/charente.catholique.fr\/sud-charente\/actualites\/presentation-de-la-nouvelle-equipe-eap-sur-blanzac-montmontreau-villebois\/\"},\"author\":{\"name\":\"fredericcussac\",\"@id\":\"https:\/\/charente.catholique.fr\/sud-charente\/#\/schema\/person\/1091af4c05b6416adff2afa9f22635a3\"},\"headline\":\"Pr\u00e9sentation de la nouvelle \u00e9quipe EAP sur BMV\",\"datePublished\":\"2023-03-10T09:26:37+00:00\",\"dateModified\":\"2023-03-10T09:40:51+00:00\",\"mainEntityOfPage\":{\"@id\":\"https:\/\/charente.catholique.fr\/sud-charente\/actualites\/presentation-de-la-nouvelle-equipe-eap-sur-blanzac-montmontreau-villebois\/\"},\"wordCount\":120,\"commentCount\":0,\"publisher\":{\"@id\":\"https:\/\/charente.catholique.fr\/sud-charente\/#organization\"},\"image\":{\"@id\":\"https:\/\/charente.catholique.fr\/sud-charente\/actualites\/presentation-de-la-nouvelle-equipe-eap-sur-blanzac-montmontreau-villebois\/#primaryimage\"},\"thumbnailUrl\":\"https:\/\/charente.catholique.fr\/sud-charente\/wp-content\/uploads\/sites\/5\/2023\/03\/photo-charente-libre-scaled.jpg\",\"articleSection\":[\"Actualit\u00e9s\",\"Equipe d'Animation Pastorale\",\"Montmoreau\"],\"inLanguage\":\"fr-FR\",\"potentialAction\":[{\"@type\":\"CommentAction\",\"name\":\"Comment\",\"target\":[\"https:\/\/charente.catholique.fr\/sud-charente\/actualites\/presentation-de-la-nouvelle-equipe-eap-sur-blanzac-montmontreau-villebois\/#respond\"]}]},{\"@type\":\"WebPage\",\"@id\":\"https:\/\/charente.catholique.fr\/sud-charente\/actualites\/presentation-de-la-nouvelle-equipe-eap-sur-blanzac-montmontreau-villebois\/\",\"url\":\"https:\/\/charente.catholique.fr\/sud-charente\/actualites\/presentation-de-la-nouvelle-equipe-eap-sur-blanzac-montmontreau-villebois\/\",\"name\":\"Pr\u00e9sentation de la nouvelle \u00e9quipe EAP sur BMV - Doyenn\u00e9 Sud Charente\",\"isPartOf\":{\"@id\":\"https:\/\/charente.catholique.fr\/sud-charente\/#website\"},\"primaryImageOfPage\":{\"@id\":\"https:\/\/charente.catholique.fr\/sud-charente\/actualites\/presentation-de-la-nouvelle-equipe-eap-sur-blanzac-montmontreau-villebois\/#primaryimage\"},\"image\":{\"@id\":\"https:\/\/charente.catholique.fr\/sud-charente\/actualites\/presentation-de-la-nouvelle-equipe-eap-sur-blanzac-montmontreau-villebois\/#primaryimage\"},\"thumbnailUrl\":\"https:\/\/charente.catholique.fr\/sud-charente\/wp-content\/uploads\/sites\/5\/2023\/03\/photo-charente-libre-scaled.jpg\",\"datePublished\":\"2023-03-10T09:26:37+00:00\",\"dateModified\":\"2023-03-10T09:40:51+00:00\",\"breadcrumb\":{\"@id\":\"https:\/\/charente.catholique.fr\/sud-charente\/actualites\/presentation-de-la-nouvelle-equipe-eap-sur-blanzac-montmontreau-villebois\/#breadcrumb\"},\"inLanguage\":\"fr-FR\",\"potentialAction\":[{\"@type\":\"ReadAction\",\"target\":[\"https:\/\/charente.catholique.fr\/sud-charente\/actualites\/presentation-de-la-nouvelle-equipe-eap-sur-blanzac-montmontreau-villebois\/\"]}]},{\"@type\":\"ImageObject\",\"inLanguage\":\"fr-FR\",\"@id\":\"https:\/\/charente.catholique.fr\/sud-charente\/actualites\/presentation-de-la-nouvelle-equipe-eap-sur-blanzac-montmontreau-villebois\/#primaryimage\",\"url\":\"https:\/\/charente.catholique.fr\/sud-charente\/wp-content\/uploads\/sites\/5\/2023\/03\/photo-charente-libre-scaled.jpg\",\"contentUrl\":\"https:\/\/charente.catholique.fr\/sud-charente\/wp-content\/uploads\/sites\/5\/2023\/03\/photo-charente-libre-scaled.jpg\",\"width\":2560,\"height\":1711},{\"@type\":\"BreadcrumbList\",\"@id\":\"https:\/\/charente.catholique.fr\/sud-charente\/actualites\/presentation-de-la-nouvelle-equipe-eap-sur-blanzac-montmontreau-villebois\/#breadcrumb\",\"itemListElement\":[{\"@type\":\"ListItem\",\"position\":1,\"name\":\"Accueil\",\"item\":\"https:\/\/charente.catholique.fr\/sud-charente\/\"},{\"@type\":\"ListItem\",\"position\":2,\"name\":\"Pr\u00e9sentation de la nouvelle \u00e9quipe EAP sur BMV\"}]},{\"@type\":\"WebSite\",\"@id\":\"https:\/\/charente.catholique.fr\/sud-charente\/#website\",\"url\":\"https:\/\/charente.catholique.fr\/sud-charente\/\",\"name\":\"Doyenn\u00e9 Sud Charente - Dioc\u00e8se d'Angoul\u00eame\",\"description\":\"Dioc\u00e8se d&#039;Angoul\u00eame\",\"publisher\":{\"@id\":\"https:\/\/charente.catholique.fr\/sud-charente\/#organization\"},\"potentialAction\":[{\"@type\":\"SearchAction\",\"target\":{\"@type\":\"EntryPoint\",\"urlTemplate\":\"https:\/\/charente.catholique.fr\/sud-charente\/?s={search_term_string}\"},\"query-input\":{\"@type\":\"PropertyValueSpecification\",\"valueRequired\":true,\"valueName\":\"search_term_string\"}}],\"inLanguage\":\"fr-FR\"},{\"@type\":\"Organization\",\"@id\":\"https:\/\/charente.catholique.fr\/sud-charente\/#organization\",\"name\":\"Association dioc\u00e9saine d'Angoul\u00eame\",\"url\":\"https:\/\/charente.catholique.fr\/sud-charente\/\",\"logo\":{\"@type\":\"ImageObject\",\"inLanguage\":\"fr-FR\",\"@id\":\"https:\/\/charente.catholique.fr\/sud-charente\/#\/schema\/logo\/image\/\",\"url\":\"https:\/\/charente.catholique.fr\/sud-charente\/wp-content\/uploads\/sites\/5\/2020\/10\/logos.png\",\"contentUrl\":\"https:\/\/charente.catholique.fr\/sud-charente\/wp-content\/uploads\/sites\/5\/2020\/10\/logos.png\",\"width\":600,\"height\":257,\"caption\":\"Association dioc\u00e9saine d'Angoul\u00eame\"},\"image\":{\"@id\":\"https:\/\/charente.catholique.fr\/sud-charente\/#\/schema\/logo\/image\/\"},\"sameAs\":[\"https:\/\/www.facebook.com\/EgliseCatholiqueCharente\",\"https:\/\/x.com\/diocesecharente\",\"https:\/\/www.instagram.com\/eglisecharente\",\"https:\/\/www.youtube.com\/channel\/UCByyFWApZbw3gDTiADoiAaQ\"]},{\"@type\":\"Person\",\"@id\":\"https:\/\/charente.catholique.fr\/sud-charente\/#\/schema\/person\/1091af4c05b6416adff2afa9f22635a3\",\"name\":\"fredericcussac\",\"image\":{\"@type\":\"ImageObject\",\"inLanguage\":\"fr-FR\",\"@id\":\"https:\/\/charente.catholique.fr\/sud-charente\/#\/schema\/person\/image\/\",\"url\":\"https:\/\/secure.gravatar.com\/avatar\/bb15516794c62daf902e6577bb3bcb91841d9ad0fb952bc7098b2a5ac422566f?s=96&d=mm&r=g\",\"contentUrl\":\"https:\/\/secure.gravatar.com\/avatar\/bb15516794c62daf902e6577bb3bcb91841d9ad0fb952bc7098b2a5ac422566f?s=96&d=mm&r=g\",\"caption\":\"fredericcussac\"},\"url\":\"https:\/\/charente.catholique.fr\/sud-charente\/author\/fredericcussac\/\"}]}<\/script>\n<!-- \/ Yoast SEO plugin. -->","yoast_head_json":{"title":"Pr\u00e9sentation de la nouvelle \u00e9quipe EAP sur BMV - Doyenn\u00e9 Sud Charente","robots":{"index":"index","follow":"follow","max-snippet":"max-snippet:-1","max-image-preview":"max-image-preview:large","max-video-preview":"max-video-preview:-1"},"canonical":"https:\/\/charente.catholique.fr\/sud-charente\/actualites\/presentation-de-la-nouvelle-equipe-eap-sur-blanzac-montmontreau-villebois\/","og_locale":"fr_FR","og_type":"article","og_title":"Pr\u00e9sentation de la nouvelle \u00e9quipe EAP sur BMV - Doyenn\u00e9 Sud Charente","og_description":"Lors de la messe du dimanche 5 mars, la nouvelle Equipe d&#8217;Animation Pastorale a \u00e9t\u00e9 pr\u00e9sent\u00e9e \u00e0 la communaut\u00e9 paroissiale et a \u00e9t\u00e9 envoy\u00e9e en mission par le P\u00e8re Benoit Lecomte. Cette \u00e9quipe est compos\u00e9e de Mo\u00efsette MAUDET (Blanzac), Anne-Marie ROCHAIS (Blanzac), Isabelle CAILLETEAU (Montmoreau), Lo\u00efc de Nantes (Montmoreau), Alexandre NAUD (Montmoreau), Sophie EDELINE (Villebois), [&hellip;]","og_url":"https:\/\/charente.catholique.fr\/sud-charente\/actualites\/presentation-de-la-nouvelle-equipe-eap-sur-blanzac-montmontreau-villebois\/","og_site_name":"Doyenn\u00e9 Sud Charente","article_publisher":"https:\/\/www.facebook.com\/EgliseCatholiqueCharente","article_published_time":"2023-03-10T09:26:37+00:00","article_modified_time":"2023-03-10T09:40:51+00:00","og_image":[{"width":2560,"height":1711,"url":"https:\/\/charente.catholique.fr\/sud-charente\/wp-content\/uploads\/sites\/5\/2023\/03\/photo-charente-libre-scaled.jpg","type":"image\/jpeg"}],"author":"fredericcussac","twitter_card":"summary_large_image","twitter_creator":"@diocesecharente","twitter_site":"@diocesecharente","twitter_misc":{"\u00c9crit par":"fredericcussac","Dur\u00e9e de lecture estim\u00e9e":"1 minute"},"schema":{"@context":"https:\/\/schema.org","@graph":[{"@type":"Article","@id":"https:\/\/charente.catholique.fr\/sud-charente\/actualites\/presentation-de-la-nouvelle-equipe-eap-sur-blanzac-montmontreau-villebois\/#article","isPartOf":{"@id":"https:\/\/charente.catholique.fr\/sud-charente\/actualites\/presentation-de-la-nouvelle-equipe-eap-sur-blanzac-montmontreau-villebois\/"},"author":{"name":"fredericcussac","@id":"https:\/\/charente.catholique.fr\/sud-charente\/#\/schema\/person\/1091af4c05b6416adff2afa9f22635a3"},"headline":"Pr\u00e9sentation de la nouvelle \u00e9quipe EAP sur BMV","datePublished":"2023-03-10T09:26:37+00:00","dateModified":"2023-03-10T09:40:51+00:00","mainEntityOfPage":{"@id":"https:\/\/charente.catholique.fr\/sud-charente\/actualites\/presentation-de-la-nouvelle-equipe-eap-sur-blanzac-montmontreau-villebois\/"},"wordCount":120,"commentCount":0,"publisher":{"@id":"https:\/\/charente.catholique.fr\/sud-charente\/#organization"},"image":{"@id":"https:\/\/charente.catholique.fr\/sud-charente\/actualites\/presentation-de-la-nouvelle-equipe-eap-sur-blanzac-montmontreau-villebois\/#primaryimage"},"thumbnailUrl":"https:\/\/charente.catholique.fr\/sud-charente\/wp-content\/uploads\/sites\/5\/2023\/03\/photo-charente-libre-scaled.jpg","articleSection":["Actualit\u00e9s","Equipe d'Animation Pastorale","Montmoreau"],"inLanguage":"fr-FR","potentialAction":[{"@type":"CommentAction","name":"Comment","target":["https:\/\/charente.catholique.fr\/sud-charente\/actualites\/presentation-de-la-nouvelle-equipe-eap-sur-blanzac-montmontreau-villebois\/#respond"]}]},{"@type":"WebPage","@id":"https:\/\/charente.catholique.fr\/sud-charente\/actualites\/presentation-de-la-nouvelle-equipe-eap-sur-blanzac-montmontreau-villebois\/","url":"https:\/\/charente.catholique.fr\/sud-charente\/actualites\/presentation-de-la-nouvelle-equipe-eap-sur-blanzac-montmontreau-villebois\/","name":"Pr\u00e9sentation de la nouvelle \u00e9quipe EAP sur BMV - Doyenn\u00e9 Sud Charente","isPartOf":{"@id":"https:\/\/charente.catholique.fr\/sud-charente\/#website"},"primaryImageOfPage":{"@id":"https:\/\/charente.catholique.fr\/sud-charente\/actualites\/presentation-de-la-nouvelle-equipe-eap-sur-blanzac-montmontreau-villebois\/#primaryimage"},"image":{"@id":"https:\/\/charente.catholique.fr\/sud-charente\/actualites\/presentation-de-la-nouvelle-equipe-eap-sur-blanzac-montmontreau-villebois\/#primaryimage"},"thumbnailUrl":"https:\/\/charente.catholique.fr\/sud-charente\/wp-content\/uploads\/sites\/5\/2023\/03\/photo-charente-libre-scaled.jpg","datePublished":"2023-03-10T09:26:37+00:00","dateModified":"2023-03-10T09:40:51+00:00","breadcrumb":{"@id":"https:\/\/charente.catholique.fr\/sud-charente\/actualites\/presentation-de-la-nouvelle-equipe-eap-sur-blanzac-montmontreau-villebois\/#breadcrumb"},"inLanguage":"fr-FR","potentialAction":[{"@type":"ReadAction","target":["https:\/\/charente.catholique.fr\/sud-charente\/actualites\/presentation-de-la-nouvelle-equipe-eap-sur-blanzac-montmontreau-villebois\/"]}]},{"@type":"ImageObject","inLanguage":"fr-FR","@id":"https:\/\/charente.catholique.fr\/sud-charente\/actualites\/presentation-de-la-nouvelle-equipe-eap-sur-blanzac-montmontreau-villebois\/#primaryimage","url":"https:\/\/charente.catholique.fr\/sud-charente\/wp-content\/uploads\/sites\/5\/2023\/03\/photo-charente-libre-scaled.jpg","contentUrl":"https:\/\/charente.catholique.fr\/sud-charente\/wp-content\/uploads\/sites\/5\/2023\/03\/photo-charente-libre-scaled.jpg","width":2560,"height":1711},{"@type":"BreadcrumbList","@id":"https:\/\/charente.catholique.fr\/sud-charente\/actualites\/presentation-de-la-nouvelle-equipe-eap-sur-blanzac-montmontreau-villebois\/#breadcrumb","itemListElement":[{"@type":"ListItem","position":1,"name":"Accueil","item":"https:\/\/charente.catholique.fr\/sud-charente\/"},{"@type":"ListItem","position":2,"name":"Pr\u00e9sentation de la nouvelle \u00e9quipe EAP sur BMV"}]},{"@type":"WebSite","@id":"https:\/\/charente.catholique.fr\/sud-charente\/#website","url":"https:\/\/charente.catholique.fr\/sud-charente\/","name":"Doyenn\u00e9 Sud Charente - Dioc\u00e8se d'Angoul\u00eame","description":"Dioc\u00e8se d&#039;Angoul\u00eame","publisher":{"@id":"https:\/\/charente.catholique.fr\/sud-charente\/#organization"},"potentialAction":[{"@type":"SearchAction","target":{"@type":"EntryPoint","urlTemplate":"https:\/\/charente.catholique.fr\/sud-charente\/?s={search_term_string}"},"query-input":{"@type":"PropertyValueSpecification","valueRequired":true,"valueName":"search_term_string"}}],"inLanguage":"fr-FR"},{"@type":"Organization","@id":"https:\/\/charente.catholique.fr\/sud-charente\/#organization","name":"Association dioc\u00e9saine d'Angoul\u00eame","url":"https:\/\/charente.catholique.fr\/sud-charente\/","logo":{"@type":"ImageObject","inLanguage":"fr-FR","@id":"https:\/\/charente.catholique.fr\/sud-charente\/#\/schema\/logo\/image\/","url":"https:\/\/charente.catholique.fr\/sud-charente\/wp-content\/uploads\/sites\/5\/2020\/10\/logos.png","contentUrl":"https:\/\/charente.catholique.fr\/sud-charente\/wp-content\/uploads\/sites\/5\/2020\/10\/logos.png","width":600,"height":257,"caption":"Association dioc\u00e9saine d'Angoul\u00eame"},"image":{"@id":"https:\/\/charente.catholique.fr\/sud-charente\/#\/schema\/logo\/image\/"},"sameAs":["https:\/\/www.facebook.com\/EgliseCatholiqueCharente","https:\/\/x.com\/diocesecharente","https:\/\/www.instagram.com\/eglisecharente","https:\/\/www.youtube.com\/channel\/UCByyFWApZbw3gDTiADoiAaQ"]},{"@type":"Person","@id":"https:\/\/charente.catholique.fr\/sud-charente\/#\/schema\/person\/1091af4c05b6416adff2afa9f22635a3","name":"fredericcussac","image":{"@type":"ImageObject","inLanguage":"fr-FR","@id":"https:\/\/charente.catholique.fr\/sud-charente\/#\/schema\/person\/image\/","url":"https:\/\/secure.gravatar.com\/avatar\/bb15516794c62daf902e6577bb3bcb91841d9ad0fb952bc7098b2a5ac422566f?s=96&d=mm&r=g","contentUrl":"https:\/\/secure.gravatar.com\/avatar\/bb15516794c62daf902e6577bb3bcb91841d9ad0fb952bc7098b2a5ac422566f?s=96&d=mm&r=g","caption":"fredericcussac"},"url":"https:\/\/charente.catholique.fr\/sud-charente\/author\/fredericcussac\/"}]}},"_links":{"self":[{"href":"https:\/\/charente.catholique.fr\/sud-charente\/wp-json\/wp\/v2\/posts\/5600","targetHints":{"allow":["GET"]}}],"collection":[{"href":"https:\/\/charente.catholique.fr\/sud-charente\/wp-json\/wp\/v2\/posts"}],"about":[{"href":"https:\/\/charente.catholique.fr\/sud-charente\/wp-json\/wp\/v2\/types\/post"}],"author":[{"embeddable":true,"href":"https:\/\/charente.catholique.fr\/sud-charente\/wp-json\/wp\/v2\/users\/81"}],"replies":[{"embeddable":true,"href":"https:\/\/charente.catholique.fr\/sud-charente\/wp-json\/wp\/v2\/comments?post=5600"}],"version-history":[{"count":10,"href":"https:\/\/charente.catholique.fr\/sud-charente\/wp-json\/wp\/v2\/posts\/5600\/revisions"}],"predecessor-version":[{"id":5621,"href":"https:\/\/charente.catholique.fr\/sud-charente\/wp-json\/wp\/v2\/posts\/5600\/revisions\/5621"}],"wp:featuredmedia":[{"embeddable":true,"href":"https:\/\/charente.catholique.fr\/sud-charente\/wp-json\/wp\/v2\/media\/5604"}],"wp:attachment":[{"href":"https:\/\/charente.catholique.fr\/sud-charente\/wp-json\/wp\/v2\/media?parent=5600"}],"wp:term":[{"taxonomy":"category","embeddable":true,"href":"https:\/\/charente.catholique.fr\/sud-charente\/wp-json\/wp\/v2\/categories?post=5600"},{"taxonomy":"post_tag","embeddable":true,"href":"https:\/\/charente.catholique.fr\/sud-charente\/wp-json\/wp\/v2\/tags?post=5600"}],"curies":[{"name":"wp","href":"https:\/\/api.w.org\/{rel}","templated":true}]}}