{"id":5400,"date":"2023-02-11T20:00:48","date_gmt":"2023-02-11T19:00:48","guid":{"rendered":"https:\/\/charente.catholique.fr\/sud-charente\/?p=5400"},"modified":"2023-02-12T20:59:35","modified_gmt":"2023-02-12T19:59:35","slug":"benediction-de-la-cloche-de-lagarde-sur-le-ne","status":"publish","type":"post","link":"https:\/\/charente.catholique.fr\/sud-charente\/actualites\/benediction-de-la-cloche-de-lagarde-sur-le-ne\/","title":{"rendered":"B\u00e9n\u00e9diction de la cloche de Lagarde sur le N\u00e9"},"content":{"rendered":"\n<p>Samedi 11 f\u00e9vrier, l&#8217;\u00e9glise de Lagarde sur le N\u00e9 \u00e9tait comble pour la b\u00e9n\u00e9diction de la cloche nouvellement restaur\u00e9e. L&#8217;\u00e9v\u00e9nement, organis\u00e9 par la municipalit\u00e9, le comit\u00e9 des f\u00eates et la paroisse, a \u00e9t\u00e9 l&#8217;occasion d&#8217;une belle rencontre, d&#8217;une pri\u00e8re fervente et d&#8217;un moment tr\u00e8s convivial.<\/p>\n\n\n\n<p>La chronique dioc\u00e9saine du 9 f\u00e9vrier sur RCF Charente \u00e9tait consacr\u00e9e \u00e0 l&#8217;\u00e9v\u00e9nement.<\/p>\n\n\n<p><iframe allowfullscreen width=100% height=140px src=\"https:\/\/www.rcf.fr\/vie-spirituelle\/chronique-diocesaine\/embed?episodeId=339498\"><\/iframe><\/p>\n\n\n\n<h5 class=\"wp-block-heading\">Retrouvez <a href=\"https:\/\/www.flickr.com\/photos\/dioceseangouleme\/albums\/72177720305941332\" target=\"_blank\" rel=\"noreferrer noopener\">l&#8217;album photo de la c\u00e9r\u00e9monie ici <\/a><\/h5>\n\n\n\n<figure class=\"wp-block-embed is-type-rich is-provider-flickr wp-block-embed-flickr\"><div class=\"wp-block-embed__wrapper\">\n<a data-flickr-embed='true' href='https:\/\/www.flickr.com\/photos\/dioceseangouleme\/albums\/72177720305941332' title='B\u00e9n\u00e9diction de la cloche de Lagarde sur le N\u00e9 by Eglise Catholique en Charente, on Flickr'><img src='https:\/\/live.staticflickr.com\/65535\/52682392482_1c143bb76f_z.jpg' width='800' height='600' alt='B\u00e9n\u00e9diction de la cloche de Lagarde sur le N\u00e9'><\/a><script async src='https:\/\/embedr.flickr.com\/assets\/client-code.js' charset='utf-8'><\/script>\n<\/div><\/figure>\n\n\n\n<p><\/p>\n\n\n\n<p><strong><u>C\u00e9r\u00e9monie de b\u00e9n\u00e9diction de la cloche de l&#8217;Eglise St Pierre Aux Liens<\/u><\/strong><\/p>\n\n\n\n<p><strong><u>de Lagarde sur le N\u00e9 le samedi 11 f\u00e9vrier 2023<\/u><\/strong><\/p>\n\n\n\n<p><strong><u>En pr\u00e9ambule, quelques d\u00e9finitions&nbsp;:<\/u><\/strong><\/p>\n\n\n\n<ul class=\"wp-block-list\">\n<li>G\u00e9n\u00e9ralement les cloches sont en<strong> airain, <\/strong>&nbsp;78%de cuivre et 22% d&#8217;\u00e9tain.<\/li>\n\n\n\n<li>Le fondeur de cloches s&#8217;appelle le<strong> saintier.<\/strong><\/li>\n\n\n\n<li>L&#8217;\u00e9tude des cloches s&#8217;appelle la<strong> campanologie.<\/strong><\/li>\n\n\n\n<li>Les \u00e9critures mentionn\u00e9es sur une cloche s&#8217;appelle <strong>l&#8217;\u00e9pigraphie . <\/strong>Elles se situent sur <strong>la faussure.<\/strong><\/li>\n<\/ul>\n\n\n\n<p><strong><u>Les cloches \u00e0 travers le temps&nbsp;:<\/u><\/strong><\/p>\n\n\n\n<p>&nbsp;&nbsp;&nbsp;&nbsp;&nbsp;&nbsp;&nbsp;&nbsp;&nbsp;&nbsp;&nbsp; Les cloches sont apparues d\u00e8s le moment o\u00f9, gr\u00e2ce \u00e0 l&#8217;usage du feu,l&#8217;homme a pu ma\u00eetriser la technique de l&#8217;argile pour fabriquer des vases \u00ab&nbsp;sonores&nbsp;\u00bb.<\/p>\n\n\n\n<p>Les plus anciennes cloches, en m\u00e9tal, datent de l&#8217;\u00e2ge de bronze.<\/p>\n\n\n\n<p>&nbsp;&nbsp;&nbsp;&nbsp;&nbsp;&nbsp;&nbsp;&nbsp;&nbsp;&nbsp;&nbsp; C&#8217;est \u00e0 partir du V\u00e8me si\u00e8cle que la cloche appara\u00eet pour rythmer la vie quotidienne dans les<\/p>\n\n\n\n<p>monast\u00e8res.<\/p>\n\n\n\n<p>&nbsp;&nbsp;&nbsp;&nbsp;&nbsp;&nbsp;&nbsp;&nbsp;&nbsp;&nbsp;&nbsp; Elles \u00e9taient fabriquer essentiellement dans le Bassigny, r\u00e9gion de Langres&nbsp;, mais des fondeurs ambulants sillonnaient la France et l&#8217;Europe, transportant de ville en village le mat\u00e9riel.Ils partaient au printemps et faisait le moulage sur place.Ils signaient les cloches de leur nom suivi de leur marque et pays d&#8217;origine.<\/p>\n\n\n\n<p>&nbsp;&nbsp;&nbsp;&nbsp;&nbsp;&nbsp;&nbsp;&nbsp;&nbsp;&nbsp;&nbsp; Une cloche se pr\u00e9sente ainsi&nbsp;:<\/p>\n\n\n\n<p>&nbsp;&nbsp;&nbsp;&nbsp;&nbsp;&nbsp;&nbsp;&nbsp;&nbsp;&nbsp;&nbsp; &#8211;&nbsp;&nbsp;&nbsp; <strong>&nbsp;La corde<\/strong> qui, pour celle-ci, fut tress\u00e9e par des Lagardais,<\/p>\n\n\n\n<ul class=\"wp-block-list\">\n<li><strong>Le joug<\/strong>&nbsp; c&#8217;est la pi\u00e8ce en bois dans laquelle sont engag\u00e9es les anses.\n<ul class=\"wp-block-list\">\n<li>&nbsp;la corde <strong>symbolise<\/strong> la juste compr\u00e9hension des Ecritures qui d\u00e9coule du myst\u00e8re de la Croix alors que le joug \u00e9voque la Croix du Christ.<\/li>\n<\/ul>\n<\/li>\n<\/ul>\n\n\n\n<ul class=\"wp-block-list\">\n<li><strong>les anses&nbsp;:<\/strong> (6 pour celle-ci) permettent d&#8217;accrocher la cloche.<ul><li><strong>L&#8217;\u00e9paule<\/strong>&nbsp;: partie sup\u00e9rieure sur laquelle se situent les anses.<\/li><\/ul><ul><li><strong>la robe&nbsp;:<\/strong> surface ext\u00e9rieure de la cloche<\/li><\/ul><ul><li><strong>la faussure<\/strong>&nbsp;: endroit o\u00f9 la cloche commence \u00e0 s&#8217;incliner,endroit d&#8217;inscription.<\/li><\/ul>\n<ul class=\"wp-block-list\">\n<li><strong>Le battant&nbsp;:<\/strong> situ\u00e9 \u00e0 l&#8217;int\u00e9rieur, il permet de cr\u00e9er la sonnerie.<\/li>\n<\/ul>\n<\/li>\n<\/ul>\n\n\n\n<p>&nbsp;&nbsp;&nbsp;&nbsp;&nbsp;&nbsp;&nbsp;&nbsp;&nbsp;&nbsp;&nbsp; Les cloches se g\u00e9n\u00e9ralis\u00e8rent dans les \u00e9glises \u00e0 partir de Charlemagne (VIII\/ IX \u00e8me si\u00e8cle), mais il faudra attendre le XIII \u00e8me si\u00e8cle pour que le progr\u00e8s de la technique permette de fondre des cloches de grande taille.<\/p>\n\n\n\n<p>&nbsp;&nbsp;&nbsp;&nbsp;&nbsp;&nbsp;&nbsp;&nbsp;&nbsp;&nbsp;&nbsp; La cloche est un instrument de communication de masse. Au Moyen \u00c2ge, le temps, la vie sociale et religieuse sont ponctu\u00e9s par le tintement des cloches qui marquent les heures des offices&nbsp;:<\/p>\n\n\n\n<p>&nbsp;&nbsp;&nbsp;&nbsp;&nbsp;&nbsp;&nbsp;&nbsp;&nbsp;&nbsp;&nbsp; Leur sonnerie marque le temps de la pri\u00e8re, rassemble le peuple pour les c\u00e9l\u00e9brations liturgiques, avertit les fid\u00e8les des joies et des peines de chacun, \u00e0 l&#8217;occasion des bapt\u00eames, des mariages&nbsp;,des enterrements mais aussi des \u00e9v\u00e9nements graves qui affectent la vie du Monde, comme un appel \u00e0 la mobilisation g\u00e9n\u00e9rale, le d\u00e9c\u00e8s d&#8217;un Pape, l&#8217;incendie de Notre Dame&#8230;<\/p>\n\n\n\n<p>&nbsp;&nbsp;&nbsp;&nbsp;&nbsp;&nbsp;&nbsp;&nbsp;&nbsp;&nbsp;&nbsp; Les cloches font \u00e9galement entendre tour \u00e0 tour la voix de Dieu et celle du Peuple de Dieu&nbsp;.<\/p>\n\n\n\n<p><strong>&nbsp;&nbsp;&nbsp;&nbsp;&nbsp;&nbsp;&nbsp;&nbsp;&nbsp;&nbsp;&nbsp; Voix de Dieu<\/strong>, elles convoquent les fid\u00e8les \u00e0 l&#8217;assembl\u00e9e et elles invitent les absents \u00e0 s&#8217;unir dans la pri\u00e8re de leurs fr\u00e8res rassembl\u00e9s dans le Seigneur,<\/p>\n\n\n\n<p><strong>&nbsp;&nbsp;&nbsp;&nbsp;&nbsp;&nbsp;&nbsp;&nbsp;&nbsp;&nbsp;&nbsp; Voix du peuple de Dieu<\/strong>, elles font monter vers le Seigneur l&#8217;acclamation des fid\u00e8les et,dans leur harmonie, elles c\u00e9l\u00e8brent la louange \u00e0 laquelle nous invitent les psaumes&nbsp;<\/p>\n\n\n\n<p>&nbsp;&nbsp;&nbsp;&nbsp;&nbsp;&nbsp;&nbsp;&nbsp;&nbsp;&nbsp;&nbsp;&nbsp;&nbsp;&nbsp;&nbsp;&nbsp;&nbsp;&nbsp;&nbsp;&nbsp;&nbsp;&nbsp;&nbsp;&nbsp;&nbsp;&nbsp;&nbsp;&nbsp;&nbsp;&nbsp;&nbsp;&nbsp;&nbsp;&nbsp;&nbsp;&nbsp;&nbsp;&nbsp;&nbsp;&nbsp;&nbsp;&nbsp;&nbsp;&nbsp;&nbsp;&nbsp;&nbsp;&nbsp;&nbsp;&nbsp;&nbsp;&nbsp;&nbsp;&nbsp;&nbsp;&nbsp;&nbsp;&nbsp;&nbsp;&nbsp;&nbsp;&nbsp;&nbsp;&nbsp;&nbsp;&nbsp;&nbsp;&nbsp;&nbsp;&nbsp;&nbsp;&nbsp;&nbsp;&nbsp;&nbsp;&nbsp;&nbsp;&nbsp;&nbsp;&nbsp;&nbsp;&nbsp;&nbsp;&nbsp;&nbsp;&nbsp;&nbsp;&nbsp;&nbsp;&nbsp;&nbsp;&nbsp;&nbsp;&nbsp;&nbsp;&nbsp;&nbsp;&nbsp;&nbsp;&nbsp;&nbsp;&nbsp;&nbsp;&nbsp;&nbsp;&nbsp;&nbsp;&nbsp;&nbsp;&nbsp;&nbsp;&nbsp;&nbsp;&nbsp;&nbsp;&nbsp;&nbsp;&nbsp;&nbsp;&nbsp;&nbsp;&nbsp;&nbsp;&nbsp;&nbsp;&nbsp;&nbsp;&nbsp;&nbsp; &nbsp;&nbsp;&nbsp;&nbsp;&nbsp;&nbsp;&nbsp;&nbsp;&nbsp;&nbsp;&nbsp;&nbsp;&nbsp;&nbsp;&nbsp;&nbsp;&nbsp;&nbsp;&nbsp;&nbsp;&nbsp;&nbsp;&nbsp;&nbsp;&nbsp;&nbsp;&nbsp;&nbsp;&nbsp;&nbsp;&nbsp;&nbsp;&nbsp;&nbsp;&nbsp;&nbsp;&nbsp;&nbsp;&nbsp;&nbsp;&nbsp;&nbsp;&nbsp;&nbsp;&nbsp;&nbsp; \u00ab&nbsp;<strong> louez-le <\/strong>par l&#8217;\u00e9clat du cor, <strong>louez-le<\/strong> par les cymbales triomphantes&nbsp;\u00bb.<\/p>\n\n\n\n<p>&nbsp;&nbsp;&nbsp;&nbsp;&nbsp;&nbsp;&nbsp;&nbsp;&nbsp;&nbsp;&nbsp; Durant \u00ab&nbsp;La Terreur&nbsp;\u00bb, le d\u00e9cret du 23 juillet 1793, ordonne \u00e0 chaque commune de ne conserver qu&#8217;une seule cloche. C&#8217;est donc 150 000 cloches qui vont \u00eatre descendues de nos clochers, pour \u00eatre fondues en pi\u00e8ces de monnaies et ensuite en canons.<\/p>\n\n\n\n<p>&nbsp;&nbsp;&nbsp;&nbsp;&nbsp;&nbsp;&nbsp;&nbsp;&nbsp;&nbsp;&nbsp;&nbsp;&nbsp;&nbsp;&nbsp;&nbsp;&nbsp;&nbsp;&nbsp;&nbsp;&nbsp;&nbsp;&nbsp;&nbsp;&nbsp;&nbsp;&nbsp;&nbsp;&nbsp;&nbsp;&nbsp;&nbsp;&nbsp;&nbsp;&nbsp;&nbsp;&nbsp;&nbsp;&nbsp;&nbsp;&nbsp;&nbsp;&nbsp;&nbsp;&nbsp;&nbsp;&nbsp;&nbsp;&nbsp;&nbsp;&nbsp;&nbsp;&nbsp;&nbsp;&nbsp;&nbsp;&nbsp;&nbsp;&nbsp;&nbsp;&nbsp;&nbsp;&nbsp;&nbsp;&nbsp;&nbsp;&nbsp;&nbsp;&nbsp;&nbsp;&nbsp;&nbsp;&nbsp;&nbsp;&nbsp;&nbsp;&nbsp;&nbsp;&nbsp;&nbsp;&nbsp;&nbsp;&nbsp;&nbsp;&nbsp;&nbsp;&nbsp;&nbsp;&nbsp;&nbsp;&nbsp;&nbsp;&nbsp;&nbsp;&nbsp;&nbsp;&nbsp;&nbsp;&nbsp;&nbsp;&nbsp;&nbsp;&nbsp;&nbsp;&nbsp; &nbsp;&nbsp;&nbsp;&nbsp;&nbsp;&nbsp;&nbsp;&nbsp;&nbsp;&nbsp;&nbsp;&nbsp;&nbsp;&nbsp;&nbsp;&nbsp;&nbsp;&nbsp;&nbsp;&nbsp;&nbsp;&nbsp;&nbsp;&nbsp;&nbsp;&nbsp;&nbsp;&nbsp;&nbsp;&nbsp;&nbsp;&nbsp;&nbsp;&nbsp;&nbsp;&nbsp;&nbsp;&nbsp;&nbsp;&nbsp;&nbsp;&nbsp;&nbsp;&nbsp;&nbsp;&nbsp;&nbsp;&nbsp;&nbsp;&nbsp;&nbsp;&nbsp;&nbsp;&nbsp;&nbsp;&nbsp;&nbsp;&nbsp;&nbsp;&nbsp; &nbsp;&nbsp;&nbsp;&nbsp;&nbsp;&nbsp;&nbsp;&nbsp;&nbsp;&nbsp;&nbsp; On r\u00e9tabli les sonneries cultuelles en 1802.<\/p>\n\n\n\n<p>&nbsp;&nbsp;&nbsp;&nbsp;&nbsp;&nbsp;&nbsp;&nbsp;&nbsp;&nbsp;&nbsp; Au XX \u00e8me si\u00e8cle, la place de la cloche dans le paysage sonore d\u00e9cline mais paradoxalement, la fin du si\u00e8cle est marqu\u00e9e par un regain d&#8217;int\u00e9r\u00eat pour <strong>Elles&nbsp;<\/strong>: visite de fonderie, cr\u00e9ation de mus\u00e9es d&#8217;art campanaire, d&#8217;association de protection et de surveillance du patrimoine campanaire.&nbsp;&nbsp;&nbsp;&nbsp;&nbsp;&nbsp;&nbsp;&nbsp;&nbsp;&nbsp;&nbsp;&nbsp;&nbsp;&nbsp;&nbsp;&nbsp;&nbsp;&nbsp;&nbsp;&nbsp;&nbsp;&nbsp;&nbsp;&nbsp;&nbsp;&nbsp;&nbsp;&nbsp;&nbsp;&nbsp;&nbsp;&nbsp;&nbsp;&nbsp;&nbsp;&nbsp;&nbsp;&nbsp;&nbsp;&nbsp;&nbsp;&nbsp;&nbsp;&nbsp;&nbsp;&nbsp;&nbsp;&nbsp;&nbsp;&nbsp;&nbsp;&nbsp;&nbsp;&nbsp;&nbsp;&nbsp;&nbsp;&nbsp;&nbsp;&nbsp;&nbsp;&nbsp;&nbsp;&nbsp;&nbsp; &nbsp;&nbsp;&nbsp;&nbsp;&nbsp;&nbsp;&nbsp;&nbsp;&nbsp;&nbsp;&nbsp;&nbsp;&nbsp;&nbsp;&nbsp;&nbsp;&nbsp;&nbsp;&nbsp;&nbsp;&nbsp;&nbsp;&nbsp;&nbsp;&nbsp;&nbsp;&nbsp;&nbsp;&nbsp;&nbsp;&nbsp;&nbsp;&nbsp;&nbsp;&nbsp;&nbsp;&nbsp;&nbsp;&nbsp;&nbsp;&nbsp;&nbsp;&nbsp;&nbsp;&nbsp;&nbsp;&nbsp;&nbsp;&nbsp;&nbsp;&nbsp;&nbsp;&nbsp;&nbsp;&nbsp;&nbsp;&nbsp;&nbsp;&nbsp;&nbsp;&nbsp;&nbsp;&nbsp;&nbsp;&nbsp;&nbsp;&nbsp;&nbsp;&nbsp;&nbsp;&nbsp;&nbsp;&nbsp;&nbsp;&nbsp;&nbsp;&nbsp;&nbsp;&nbsp;&nbsp;&nbsp;&nbsp; l&#8217;Etat, les collectivit\u00e9s locales, le clerg\u00e9 sont de plus en plus sensibles \u00e0 la cause des cloches&#8230;&#8230;&#8230;&#8230;.nous les en remercions par le t\u00e9moignage de ce jour.<\/p>\n\n\n\n<p>L<strong><u>a cloche de l&#8217;Eglise St Pierre Aux Liens de Lagarde sur le N\u00e9<\/u><\/strong><\/p>\n\n\n\n<p>&nbsp;&nbsp;&nbsp;&nbsp;&nbsp;&nbsp;&nbsp;&nbsp;&nbsp;&nbsp;&nbsp; Le vendredi 9juillet 2021, nous \u00e9tions ici r\u00e9unis, pour f\u00eater l&#8217;Eglise St Pierre aux Liens, son histoire, son architecture, sa place dans la cit\u00e9&nbsp;: &nbsp;&nbsp;&nbsp;&nbsp;&nbsp;&nbsp;&nbsp;&nbsp;&nbsp;&nbsp;&nbsp;&nbsp;&nbsp;&nbsp;&nbsp;&nbsp;&nbsp;&nbsp;&nbsp;&nbsp;&nbsp;&nbsp;&nbsp;&nbsp;&nbsp;&nbsp;&nbsp;&nbsp; &nbsp;&nbsp;&nbsp;&nbsp;&nbsp;&nbsp;&nbsp;&nbsp;&nbsp;&nbsp;&nbsp;&nbsp;&nbsp;&nbsp;&nbsp;&nbsp;&nbsp;&nbsp;&nbsp;&nbsp;&nbsp;&nbsp;&nbsp;&nbsp;&nbsp;&nbsp;&nbsp;&nbsp;&nbsp;&nbsp;&nbsp;&nbsp;&nbsp;&nbsp;&nbsp;&nbsp;&nbsp;&nbsp;&nbsp;&nbsp;&nbsp;&nbsp;&nbsp;&nbsp;&nbsp;&nbsp; nous rappellerons donc que l&#8217;Eglise St Pierre, qui faisait partie d&#8217;un prieur\u00e9, fut incendi\u00e9e en 1562, durant les guerres de religion puis restaur\u00e9e et pourvue d&#8217;un nouveau C\u0153ur \u00e0 la fin du&nbsp;&nbsp;&nbsp;&nbsp;&nbsp; XVII \u00e8me si\u00e8cle puis \u00e0 nouveau restaur\u00e9e en 1896\/1897 sous la Direction des architectes Barbaud et Bauchain.(d&#8217;autres r\u00e9novations suivront).<\/p>\n\n\n\n<p>Mais c&#8217;est en 1612 que la cloche fut fondue et install\u00e9e<\/p>\n\n\n\n<ul class=\"wp-block-list\">\n<li>1612, c&#8217;est Louis XIII qui r\u00e8gne en France,<\/li>\n\n\n\n<li>1612&nbsp;, Archiac, Barret, Lagarde appartiennent \u00e0 la Seigneurie des Bourdeilles,<\/li>\n\n\n\n<li>1612&nbsp;, Jonzac, Ozillac, Mosnac appartiennent \u00e0 la Seigneurie des Sainte Maure,<\/li>\n\n\n\n<li>1612&nbsp;, il y a une quinzaine d&#8217;ann\u00e9e que les guerres de religion sont termin\u00e9es.<\/li>\n<\/ul>\n\n\n\n<p>&nbsp;&nbsp;&nbsp;&nbsp;&nbsp;&nbsp;&nbsp;&nbsp;&nbsp;&nbsp;&nbsp; Il semblerait que cette cloche ait \u00e9t\u00e9 \u00ab&nbsp;donn\u00e9e&nbsp;\u00bb par Isabeau de Bourdeilles dite \u00ab&nbsp;Madame d&#8217;Ambleville&nbsp;\u00bb mari\u00e9e \u00e0 Fran\u00e7ois de Jussac, Seigneur d&#8217;Ambleville.<\/p>\n\n\n\n<p>&nbsp;&nbsp;&nbsp;&nbsp;&nbsp;&nbsp;&nbsp;&nbsp;&nbsp;&nbsp;&nbsp; Isabeau de Bourdeilles est la m\u00e8re de Louise de Jussac&nbsp;; Louise est l&#8217;\u00e9pouse de Guy de Sainte Maure donc gendre d&#8217;Isabeau.<\/p>\n\n\n\n<p>&nbsp;&nbsp;&nbsp;&nbsp;&nbsp;&nbsp;&nbsp;&nbsp;&nbsp;&nbsp;&nbsp; Nous retrouvons le nom de Guy de Sainte Maure inscrit sur le faussoire de la cloche&nbsp;?&nbsp;&nbsp;&nbsp;&nbsp;&nbsp;&nbsp;&nbsp;&nbsp;&nbsp;&nbsp;&nbsp;&nbsp;&nbsp;&nbsp;&nbsp;&nbsp;&nbsp;&nbsp;&nbsp;&nbsp;&nbsp; &nbsp; Nous vous livrons&nbsp;cette inscription en Fran\u00e7ais&nbsp;:<\/p>\n\n\n\n<p><strong>B\u00e9ni soit le nom du Seigneur<\/strong><\/p>\n\n\n\n<p><strong>Je suis pour St Pierre de Lagarde,<\/strong><\/p>\n\n\n\n<p><strong>Parrain, Haut et Puissant Seigneur,<\/strong><\/p>\n\n\n\n<p><strong>Guy de Sainte Maure ,Chevallier, Seigneur de Bors\/Barret\/Lagarde et autres places,<\/strong><\/p>\n\n\n\n<p><strong>Marraine, Damoyselle F De Sainte Maure,<\/strong><\/p>\n\n\n\n<p><strong>Ren\u00e9 Poupelard, cur\u00e9 et Bouchier fabriqueur\/ B.Saz\u00e9rac<\/strong><\/p>\n\n\n\n<p>&nbsp;&nbsp;&nbsp;&nbsp;&nbsp;&nbsp;&nbsp;&nbsp;&nbsp;&nbsp;&nbsp; <strong>Un \u00e9cu<\/strong> et une<strong> croix<\/strong> accompagnent cette inscription.<\/p>\n\n\n\n<p>&nbsp;&nbsp;&nbsp;&nbsp;&nbsp;&nbsp;&nbsp;&nbsp;&nbsp;&nbsp;&nbsp; Elle daterait de 1612.<\/p>\n\n\n\n<p>&nbsp;&nbsp;&nbsp;&nbsp;&nbsp;&nbsp;&nbsp;&nbsp;&nbsp;&nbsp;&nbsp; Les inscriptions furent d\u00e9crypt\u00e9es par Mr Auguste Denis ORIGENE, retrouv\u00e9es dans un document, datant de 1929, de la<strong> S<\/strong>oci\u00e9t\u00e9<strong> H<\/strong>istorique de la <strong>C<\/strong>harente; Mr Orig\u00e8ne r\u00e9sidait \u00e0 St Fort sur le N\u00e9.<\/p>\n\n\n\n<p>&nbsp;&nbsp;&nbsp;&nbsp;&nbsp;&nbsp;&nbsp;&nbsp;&nbsp;&nbsp;&nbsp; <strong>Donc pour r\u00e9sumer, nous avons<\/strong>&nbsp;:<\/p>\n\n\n\n<ul class=\"wp-block-list\">\n<li>le nom du parrain&nbsp;: Guy de Sainte Maure,<ul><li>le nom de la marraine dont nous nous n&#8217;avons&nbsp; pu identifier le pr\u00e9nom&nbsp;: Damoyselle F de&nbsp; Sainte Maure,<\/li><\/ul><ul><li>le nom du cur\u00e9&nbsp;: Ren\u00e9 Poupelard<\/li><\/ul><ul><li>le nom du fabriqueur (la fabrique),Mr Bouchier, qui pourrait \u00eatre selon Mr Jean LouisTilhard, Docteur en Sciences Humaines, le responsable des biens de la paroisse&nbsp;,<\/li><\/ul>\n<ul class=\"wp-block-list\">\n<li>le nom du fondeur de la cloche&nbsp;: Mr Saz\u00e9rac.<\/li>\n<\/ul>\n<\/li>\n<\/ul>\n\n\n\n<p><strong>&nbsp;&nbsp;&nbsp;&nbsp;&nbsp;&nbsp;&nbsp;&nbsp;&nbsp;&nbsp;&nbsp; Mais,<\/strong> nous n&#8217;avons pas r\u00e9ussi \u00e0 trouver le pr\u00e9nom de la cloche.<\/p>\n\n\n\n<p>&nbsp;&nbsp;&nbsp;&nbsp;&nbsp;&nbsp;&nbsp;&nbsp;&nbsp;&nbsp;&nbsp; En 2006&nbsp;, Mr Thierry Gonon, Docteur en arch\u00e9ologie, (Universit\u00e9 Lumi\u00e8re Lyon 2), publie le r\u00e9sultat de ses recherches sur&nbsp; \u00ab<strong>&nbsp;le Nom des cloches<\/strong>&nbsp;\u00bb il pr\u00e9cise que les petites cloches ne portent pas syst\u00e9matiquement de noms ou de pr\u00e9noms&nbsp;:<\/p>\n\n\n\n<p>&nbsp;&nbsp;&nbsp;&nbsp;&nbsp;&nbsp;&nbsp;&nbsp;&nbsp;&nbsp;&nbsp; Il nous dit ceci&nbsp;: \u00ab&nbsp;de nombreuses cloches ne portent pas de noms&nbsp;;ces noms sont souvent li\u00e9s \u00e0 des \u00e9v\u00e9nements particuliers de la fabrication de la cloche&nbsp;: son donateur, par exemple ou la qualit\u00e9 sonore.<\/p>\n\n\n\n<p>&nbsp;&nbsp;&nbsp;&nbsp;&nbsp;&nbsp;&nbsp;&nbsp;&nbsp;&nbsp;&nbsp; Par ailleurs, de nombreuses cloches portent dans leur inscription, le nom du parrain,de la marraine, voire les deux&nbsp;; ces inscriptions indiquent clairement qu&#8217;une c\u00e9r\u00e9monie de bapt\u00eame a eu lieu au cours de laquelle un nom fut donn\u00e9 sans qu&#8217;il soit inscrit sur la cloche elle-m\u00eame&nbsp;\u00bb. Nous voil\u00e0 renseign\u00e9: <strong>c&#8217;est certainement le cas de cette cloche.<\/strong><\/p>\n\n\n\n<p>&nbsp;&nbsp;&nbsp;&nbsp;&nbsp;&nbsp;&nbsp;&nbsp;&nbsp;&nbsp;&nbsp; Cette <strong>G<\/strong>rande <strong>D<\/strong>ame, devant Nous, a 411 ans, p\u00e8se 130 kg pour un diam\u00e8tre de 605 mm&nbsp;; elle est class\u00e9e aux <strong>M<\/strong>onuments<strong> H<\/strong>istoriques depuis le 30 octobre 1944&nbsp;: elle m\u00e9rite bien un lifting.<\/p>\n\n\n\n<p>&nbsp;&nbsp;&nbsp;&nbsp;&nbsp;&nbsp;&nbsp;&nbsp;&nbsp;&nbsp;&nbsp; Mr Neveu,forgeron de Lagarde,accompagn\u00e9 de Mr Serge Tapon et de Mr Jean Gaborit, avait d\u00e9j\u00e0 renforc\u00e9 ses anses en 1998.<\/p>\n\n\n\n<p>&nbsp;&nbsp;&nbsp;&nbsp;&nbsp;&nbsp;&nbsp;&nbsp;&nbsp;&nbsp;&nbsp; En 2007, apr\u00e8s 4 ann\u00e9es de d\u00e9marches administratives, sous la houlette de Mr Serge Tapon, accompagn\u00e9 d&#8217;une \u00e9quipe de b\u00e9n\u00e9voles et de Mr Brianceau, artisan-menuisier, le beffroi fut enti\u00e8rement r\u00e9nov\u00e9&nbsp;; les 7 colonnes existantes \u00e0 l&#8217;origine furent \u00e9galement remises en \u00e9tat.<\/p>\n\n\n\n<p>&nbsp;&nbsp;&nbsp;&nbsp;&nbsp;&nbsp;&nbsp;&nbsp;&nbsp;&nbsp;&nbsp; En 2021, une expertise minutieuse est r\u00e9alis\u00e9e&nbsp;:<\/p>\n\n\n\n<ul class=\"wp-block-list\">\n<li>5 anses sur 6 sont us\u00e9es, voire cass\u00e9es.<\/li>\n\n\n\n<li>usure des points de frappe \u2026. etc,etc&#8230;&#8230;&nbsp;&nbsp; <strong>N<\/strong>otre <strong>G<\/strong>rande<strong> D<\/strong>ame est bien malade.<\/li>\n<\/ul>\n\n\n\n<p>&nbsp;&nbsp;&nbsp;&nbsp;&nbsp;&nbsp;&nbsp;&nbsp;&nbsp;&nbsp;&nbsp; Partie se faire soigner en octobre 2022, <strong>Elle<\/strong> nous revient aujourd&#8217;hui et<strong> N<\/strong>ous sommes l\u00e0 pour la f\u00eater. Dans quelques jours, avec ses secrets, elle rejoindra son beffroi.<\/p>\n\n\n\n<p>&nbsp;&nbsp;&nbsp;&nbsp;&nbsp;&nbsp;&nbsp;&nbsp;&nbsp;&nbsp;&nbsp; \u00ab&nbsp;Eglise, regarde avec bont\u00e9 ton peuple qui s&#8217;est rassembl\u00e9 pour la b\u00e9n\u00e9diction de la cloche de St Pierre Aux Liens&nbsp;\u00bb<\/p>\n\n\n\n<p>&nbsp;&nbsp;&nbsp;&nbsp;&nbsp;&nbsp;&nbsp;&nbsp;&nbsp;&nbsp;&nbsp;&nbsp;&nbsp;&nbsp;&nbsp;&nbsp;&nbsp;&nbsp;&nbsp;&nbsp;&nbsp;&nbsp;&nbsp;&nbsp;&nbsp;&nbsp;&nbsp;&nbsp;&nbsp;&nbsp;&nbsp;&nbsp;&nbsp;&nbsp;&nbsp;&nbsp;&nbsp;&nbsp;&nbsp;&nbsp;&nbsp;&nbsp;&nbsp;&nbsp;&nbsp;&nbsp;&nbsp;&nbsp;&nbsp;&nbsp;&nbsp;&nbsp;&nbsp;&nbsp;&nbsp;&nbsp;&nbsp;&nbsp;&nbsp;&nbsp;&nbsp;&nbsp;&nbsp;&nbsp;&nbsp;&nbsp;&nbsp;&nbsp;&nbsp;&nbsp;&nbsp;&nbsp;&nbsp;&nbsp;&nbsp;&nbsp;&nbsp;&nbsp;&nbsp;&nbsp;&nbsp;&nbsp;&nbsp;&nbsp;&nbsp;&nbsp;&nbsp;&nbsp;&nbsp;&nbsp;&nbsp;&nbsp;&nbsp; Nous vous remercions de votre attention<\/p>\n\n\n\n<p><strong><u>Nos&nbsp; remerciements \u00e0&nbsp;:<\/u><\/strong><\/p>\n\n\n\n<p>&nbsp;&nbsp;&nbsp;&nbsp;&nbsp;&nbsp;&nbsp;&nbsp;&nbsp;&nbsp;&nbsp;&nbsp;&nbsp;&nbsp;&nbsp;&nbsp;&nbsp;&nbsp;&nbsp;&nbsp;&nbsp;&nbsp;&nbsp;&nbsp;&nbsp;&nbsp;&nbsp;&nbsp;&nbsp;&nbsp;&nbsp;&nbsp;&nbsp;&nbsp; Mr Jean Louis Tilhard&nbsp;:&nbsp;&nbsp; &nbsp;&nbsp;&nbsp;&nbsp;&nbsp; &nbsp;Docteur en sciences humaines.<\/p>\n\n\n\n<p>&nbsp;&nbsp;&nbsp;&nbsp;&nbsp;&nbsp;&nbsp;&nbsp;&nbsp;&nbsp;&nbsp; &nbsp;&nbsp;&nbsp;&nbsp; &nbsp;&nbsp;&nbsp;&nbsp;&nbsp;&nbsp;&nbsp;&nbsp;&nbsp;&nbsp;&nbsp;&nbsp;&nbsp;&nbsp;&nbsp;&nbsp;&nbsp;&nbsp; Mr Thierry Gonon&nbsp;:&nbsp;&nbsp;&nbsp;&nbsp;&nbsp;&nbsp;&nbsp;&nbsp; &nbsp;&nbsp;&nbsp;&nbsp;&nbsp; &nbsp;Docteur en arch\u00e9ologie.<\/p>\n\n\n\n<p>&nbsp;&nbsp;&nbsp;&nbsp;&nbsp;&nbsp;&nbsp;&nbsp;&nbsp;&nbsp;&nbsp;&nbsp;&nbsp;&nbsp;&nbsp;&nbsp;&nbsp;&nbsp;&nbsp;&nbsp;&nbsp;&nbsp;&nbsp;&nbsp;&nbsp;&nbsp;&nbsp;&nbsp;&nbsp;&nbsp;&nbsp;&nbsp;&nbsp;&nbsp; Mr Jacques Baudet&nbsp;&nbsp;&nbsp;&nbsp;&nbsp;&nbsp;&nbsp;&nbsp;&nbsp;&nbsp;&nbsp;&nbsp;&nbsp;&nbsp;&nbsp; Historien de la Charente<\/p>\n\n\n\n<p>&nbsp;&nbsp;&nbsp;&nbsp;&nbsp;&nbsp;&nbsp;&nbsp;&nbsp;&nbsp;&nbsp;&nbsp;&nbsp;&nbsp;&nbsp;&nbsp;&nbsp;&nbsp;&nbsp;&nbsp;&nbsp;&nbsp;&nbsp;&nbsp;&nbsp;&nbsp;&nbsp;&nbsp;&nbsp;&nbsp;&nbsp;&nbsp;&nbsp;&nbsp; P\u00e8re Beno\u00eet Lecomte&nbsp;&nbsp;&nbsp;&nbsp;&nbsp;&nbsp;&nbsp;&nbsp;&nbsp;&nbsp;&nbsp;&nbsp;&nbsp;&nbsp; Pour nous avoir accompagn\u00e9<\/p>\n\n\n\n<p>&nbsp;&nbsp;&nbsp;&nbsp;&nbsp;&nbsp;&nbsp;&nbsp;&nbsp;&nbsp;&nbsp;&nbsp;&nbsp;&nbsp;&nbsp;&nbsp;&nbsp;&nbsp;&nbsp;&nbsp;&nbsp;&nbsp;&nbsp;&nbsp;&nbsp;&nbsp;&nbsp;&nbsp;&nbsp;&nbsp;&nbsp;&nbsp;&nbsp;&nbsp; Mr David Richard&nbsp;&nbsp;&nbsp;&nbsp;&nbsp;&nbsp;&nbsp;&nbsp;&nbsp;&nbsp;&nbsp;&nbsp;&nbsp;&nbsp;&nbsp;&nbsp;&nbsp; Archiviste dioc\u00e9sain<\/p>\n\n\n\n<p>&nbsp;&nbsp;&nbsp;&nbsp;&nbsp;&nbsp;&nbsp;&nbsp;&nbsp;&nbsp;&nbsp;&nbsp;&nbsp;&nbsp;&nbsp;&nbsp;&nbsp;&nbsp;&nbsp;&nbsp;&nbsp;&nbsp;&nbsp;&nbsp;&nbsp;&nbsp;&nbsp;&nbsp;&nbsp;&nbsp;&nbsp;&nbsp;&nbsp;&nbsp; L&#8217;\u00e9quipe commission&nbsp;\u00ab&nbsp;Patrimoine&nbsp;\u00bb de la commune de Lagarde sur le N\u00e9.<\/p>\n\n\n\n<p><a href=\"https:\/\/commune-de-lagarde-sur-le-ne.hubside.fr\/\" target=\"_blank\" rel=\"noreferrer noopener\">Lien vers le site de la commune de Lagarde sur le N\u00e9<\/a><\/p>\n","protected":false},"excerpt":{"rendered":"<p>Samedi 11 f\u00e9vrier, l&#8217;\u00e9glise de Lagarde sur le N\u00e9 \u00e9tait comble pour la b\u00e9n\u00e9diction de la cloche nouvellement restaur\u00e9e. L&#8217;\u00e9v\u00e9nement, organis\u00e9 par la municipalit\u00e9, le comit\u00e9 des f\u00eates et la paroisse, a \u00e9t\u00e9 l&#8217;occasion d&#8217;une belle rencontre, d&#8217;une pri\u00e8re fervente et d&#8217;un moment tr\u00e8s convivial. La chronique dioc\u00e9saine du 9 f\u00e9vrier sur RCF Charente \u00e9tait [&hellip;]<\/p>\n","protected":false},"author":4,"featured_media":5401,"comment_status":"open","ping_status":"open","sticky":false,"template":"","format":"standard","meta":{"_acf_changed":false,"paroisse":["15"],"service":["0"],"footnotes":""},"categories":[1,4,14],"tags":[],"class_list":["post-5400","post","type-post","status-publish","format-standard","has-post-thumbnail","hentry","category-actualites","category-barbezieux","category-infos-paroissiales","validated"],"acf":[],"yoast_head":"<!-- This site is optimized with the Yoast SEO plugin v27.1.1 - https:\/\/yoast.com\/product\/yoast-seo-wordpress\/ -->\n<title>B\u00e9n\u00e9diction de la cloche de Lagarde sur le N\u00e9 - Doyenn\u00e9 Sud Charente<\/title>\n<meta name=\"robots\" content=\"index, follow, max-snippet:-1, max-image-preview:large, max-video-preview:-1\" \/>\n<link rel=\"canonical\" href=\"https:\/\/charente.catholique.fr\/sud-charente\/actualites\/benediction-de-la-cloche-de-lagarde-sur-le-ne\/\" \/>\n<meta property=\"og:locale\" content=\"fr_FR\" \/>\n<meta property=\"og:type\" content=\"article\" \/>\n<meta property=\"og:title\" content=\"B\u00e9n\u00e9diction de la cloche de Lagarde sur le N\u00e9 - Doyenn\u00e9 Sud Charente\" \/>\n<meta property=\"og:description\" content=\"Samedi 11 f\u00e9vrier, l&#8217;\u00e9glise de Lagarde sur le N\u00e9 \u00e9tait comble pour la b\u00e9n\u00e9diction de la cloche nouvellement restaur\u00e9e. L&#8217;\u00e9v\u00e9nement, organis\u00e9 par la municipalit\u00e9, le comit\u00e9 des f\u00eates et la paroisse, a \u00e9t\u00e9 l&#8217;occasion d&#8217;une belle rencontre, d&#8217;une pri\u00e8re fervente et d&#8217;un moment tr\u00e8s convivial. La chronique dioc\u00e9saine du 9 f\u00e9vrier sur RCF Charente \u00e9tait [&hellip;]\" \/>\n<meta property=\"og:url\" content=\"https:\/\/charente.catholique.fr\/sud-charente\/actualites\/benediction-de-la-cloche-de-lagarde-sur-le-ne\/\" \/>\n<meta property=\"og:site_name\" content=\"Doyenn\u00e9 Sud Charente\" \/>\n<meta property=\"article:publisher\" content=\"https:\/\/www.facebook.com\/EgliseCatholiqueCharente\" \/>\n<meta property=\"article:published_time\" content=\"2023-02-11T19:00:48+00:00\" \/>\n<meta property=\"article:modified_time\" content=\"2023-02-12T19:59:35+00:00\" \/>\n<meta property=\"og:image\" content=\"https:\/\/charente.catholique.fr\/sud-charente\/wp-content\/uploads\/sites\/5\/2023\/02\/img_5839.jpg\" \/>\n\t<meta property=\"og:image:width\" content=\"1984\" \/>\n\t<meta property=\"og:image:height\" content=\"1984\" \/>\n\t<meta property=\"og:image:type\" content=\"image\/jpeg\" \/>\n<meta name=\"author\" content=\"Beno\u00eet\" \/>\n<meta name=\"twitter:card\" content=\"summary_large_image\" \/>\n<meta name=\"twitter:creator\" content=\"@diocesecharente\" \/>\n<meta name=\"twitter:site\" content=\"@diocesecharente\" \/>\n<meta name=\"twitter:label1\" content=\"\u00c9crit par\" \/>\n\t<meta name=\"twitter:data1\" content=\"Beno\u00eet\" \/>\n\t<meta name=\"twitter:label2\" content=\"Dur\u00e9e de lecture estim\u00e9e\" \/>\n\t<meta name=\"twitter:data2\" content=\"8 minutes\" \/>\n<script type=\"application\/ld+json\" class=\"yoast-schema-graph\">{\"@context\":\"https:\/\/schema.org\",\"@graph\":[{\"@type\":\"Article\",\"@id\":\"https:\/\/charente.catholique.fr\/sud-charente\/actualites\/benediction-de-la-cloche-de-lagarde-sur-le-ne\/#article\",\"isPartOf\":{\"@id\":\"https:\/\/charente.catholique.fr\/sud-charente\/actualites\/benediction-de-la-cloche-de-lagarde-sur-le-ne\/\"},\"author\":{\"name\":\"Beno\u00eet\",\"@id\":\"https:\/\/charente.catholique.fr\/sud-charente\/#\/schema\/person\/ddcc6ba32a4484b49a276652de901387\"},\"headline\":\"B\u00e9n\u00e9diction de la cloche de Lagarde sur le N\u00e9\",\"datePublished\":\"2023-02-11T19:00:48+00:00\",\"dateModified\":\"2023-02-12T19:59:35+00:00\",\"mainEntityOfPage\":{\"@id\":\"https:\/\/charente.catholique.fr\/sud-charente\/actualites\/benediction-de-la-cloche-de-lagarde-sur-le-ne\/\"},\"wordCount\":2967,\"commentCount\":0,\"publisher\":{\"@id\":\"https:\/\/charente.catholique.fr\/sud-charente\/#organization\"},\"image\":{\"@id\":\"https:\/\/charente.catholique.fr\/sud-charente\/actualites\/benediction-de-la-cloche-de-lagarde-sur-le-ne\/#primaryimage\"},\"thumbnailUrl\":\"https:\/\/charente.catholique.fr\/sud-charente\/wp-content\/uploads\/sites\/5\/2023\/02\/img_5839.jpg\",\"articleSection\":[\"Actualit\u00e9s\",\"Barbezieux\",\"Infos paroissiales\"],\"inLanguage\":\"fr-FR\",\"potentialAction\":[{\"@type\":\"CommentAction\",\"name\":\"Comment\",\"target\":[\"https:\/\/charente.catholique.fr\/sud-charente\/actualites\/benediction-de-la-cloche-de-lagarde-sur-le-ne\/#respond\"]}]},{\"@type\":\"WebPage\",\"@id\":\"https:\/\/charente.catholique.fr\/sud-charente\/actualites\/benediction-de-la-cloche-de-lagarde-sur-le-ne\/\",\"url\":\"https:\/\/charente.catholique.fr\/sud-charente\/actualites\/benediction-de-la-cloche-de-lagarde-sur-le-ne\/\",\"name\":\"B\u00e9n\u00e9diction de la cloche de Lagarde sur le N\u00e9 - Doyenn\u00e9 Sud Charente\",\"isPartOf\":{\"@id\":\"https:\/\/charente.catholique.fr\/sud-charente\/#website\"},\"primaryImageOfPage\":{\"@id\":\"https:\/\/charente.catholique.fr\/sud-charente\/actualites\/benediction-de-la-cloche-de-lagarde-sur-le-ne\/#primaryimage\"},\"image\":{\"@id\":\"https:\/\/charente.catholique.fr\/sud-charente\/actualites\/benediction-de-la-cloche-de-lagarde-sur-le-ne\/#primaryimage\"},\"thumbnailUrl\":\"https:\/\/charente.catholique.fr\/sud-charente\/wp-content\/uploads\/sites\/5\/2023\/02\/img_5839.jpg\",\"datePublished\":\"2023-02-11T19:00:48+00:00\",\"dateModified\":\"2023-02-12T19:59:35+00:00\",\"breadcrumb\":{\"@id\":\"https:\/\/charente.catholique.fr\/sud-charente\/actualites\/benediction-de-la-cloche-de-lagarde-sur-le-ne\/#breadcrumb\"},\"inLanguage\":\"fr-FR\",\"potentialAction\":[{\"@type\":\"ReadAction\",\"target\":[\"https:\/\/charente.catholique.fr\/sud-charente\/actualites\/benediction-de-la-cloche-de-lagarde-sur-le-ne\/\"]}]},{\"@type\":\"ImageObject\",\"inLanguage\":\"fr-FR\",\"@id\":\"https:\/\/charente.catholique.fr\/sud-charente\/actualites\/benediction-de-la-cloche-de-lagarde-sur-le-ne\/#primaryimage\",\"url\":\"https:\/\/charente.catholique.fr\/sud-charente\/wp-content\/uploads\/sites\/5\/2023\/02\/img_5839.jpg\",\"contentUrl\":\"https:\/\/charente.catholique.fr\/sud-charente\/wp-content\/uploads\/sites\/5\/2023\/02\/img_5839.jpg\",\"width\":1984,\"height\":1984},{\"@type\":\"BreadcrumbList\",\"@id\":\"https:\/\/charente.catholique.fr\/sud-charente\/actualites\/benediction-de-la-cloche-de-lagarde-sur-le-ne\/#breadcrumb\",\"itemListElement\":[{\"@type\":\"ListItem\",\"position\":1,\"name\":\"Accueil\",\"item\":\"https:\/\/charente.catholique.fr\/sud-charente\/\"},{\"@type\":\"ListItem\",\"position\":2,\"name\":\"B\u00e9n\u00e9diction de la cloche de Lagarde sur le N\u00e9\"}]},{\"@type\":\"WebSite\",\"@id\":\"https:\/\/charente.catholique.fr\/sud-charente\/#website\",\"url\":\"https:\/\/charente.catholique.fr\/sud-charente\/\",\"name\":\"Doyenn\u00e9 Sud Charente - Dioc\u00e8se d'Angoul\u00eame\",\"description\":\"Dioc\u00e8se d&#039;Angoul\u00eame\",\"publisher\":{\"@id\":\"https:\/\/charente.catholique.fr\/sud-charente\/#organization\"},\"potentialAction\":[{\"@type\":\"SearchAction\",\"target\":{\"@type\":\"EntryPoint\",\"urlTemplate\":\"https:\/\/charente.catholique.fr\/sud-charente\/?s={search_term_string}\"},\"query-input\":{\"@type\":\"PropertyValueSpecification\",\"valueRequired\":true,\"valueName\":\"search_term_string\"}}],\"inLanguage\":\"fr-FR\"},{\"@type\":\"Organization\",\"@id\":\"https:\/\/charente.catholique.fr\/sud-charente\/#organization\",\"name\":\"Association dioc\u00e9saine d'Angoul\u00eame\",\"url\":\"https:\/\/charente.catholique.fr\/sud-charente\/\",\"logo\":{\"@type\":\"ImageObject\",\"inLanguage\":\"fr-FR\",\"@id\":\"https:\/\/charente.catholique.fr\/sud-charente\/#\/schema\/logo\/image\/\",\"url\":\"https:\/\/charente.catholique.fr\/sud-charente\/wp-content\/uploads\/sites\/5\/2020\/10\/logos.png\",\"contentUrl\":\"https:\/\/charente.catholique.fr\/sud-charente\/wp-content\/uploads\/sites\/5\/2020\/10\/logos.png\",\"width\":600,\"height\":257,\"caption\":\"Association dioc\u00e9saine d'Angoul\u00eame\"},\"image\":{\"@id\":\"https:\/\/charente.catholique.fr\/sud-charente\/#\/schema\/logo\/image\/\"},\"sameAs\":[\"https:\/\/www.facebook.com\/EgliseCatholiqueCharente\",\"https:\/\/x.com\/diocesecharente\",\"https:\/\/www.instagram.com\/eglisecharente\",\"https:\/\/www.youtube.com\/channel\/UCByyFWApZbw3gDTiADoiAaQ\"]},{\"@type\":\"Person\",\"@id\":\"https:\/\/charente.catholique.fr\/sud-charente\/#\/schema\/person\/ddcc6ba32a4484b49a276652de901387\",\"name\":\"Beno\u00eet\",\"image\":{\"@type\":\"ImageObject\",\"inLanguage\":\"fr-FR\",\"@id\":\"https:\/\/charente.catholique.fr\/sud-charente\/#\/schema\/person\/image\/\",\"url\":\"https:\/\/secure.gravatar.com\/avatar\/367de281020c81cafc6a2f9b79fef00a1981a890412ad8b09b11385575886666?s=96&d=mm&r=g\",\"contentUrl\":\"https:\/\/secure.gravatar.com\/avatar\/367de281020c81cafc6a2f9b79fef00a1981a890412ad8b09b11385575886666?s=96&d=mm&r=g\",\"caption\":\"Beno\u00eet\"},\"url\":\"https:\/\/charente.catholique.fr\/sud-charente\/author\/benoitlecomte\/\"}]}<\/script>\n<!-- \/ Yoast SEO plugin. -->","yoast_head_json":{"title":"B\u00e9n\u00e9diction de la cloche de Lagarde sur le N\u00e9 - Doyenn\u00e9 Sud Charente","robots":{"index":"index","follow":"follow","max-snippet":"max-snippet:-1","max-image-preview":"max-image-preview:large","max-video-preview":"max-video-preview:-1"},"canonical":"https:\/\/charente.catholique.fr\/sud-charente\/actualites\/benediction-de-la-cloche-de-lagarde-sur-le-ne\/","og_locale":"fr_FR","og_type":"article","og_title":"B\u00e9n\u00e9diction de la cloche de Lagarde sur le N\u00e9 - Doyenn\u00e9 Sud Charente","og_description":"Samedi 11 f\u00e9vrier, l&#8217;\u00e9glise de Lagarde sur le N\u00e9 \u00e9tait comble pour la b\u00e9n\u00e9diction de la cloche nouvellement restaur\u00e9e. L&#8217;\u00e9v\u00e9nement, organis\u00e9 par la municipalit\u00e9, le comit\u00e9 des f\u00eates et la paroisse, a \u00e9t\u00e9 l&#8217;occasion d&#8217;une belle rencontre, d&#8217;une pri\u00e8re fervente et d&#8217;un moment tr\u00e8s convivial. La chronique dioc\u00e9saine du 9 f\u00e9vrier sur RCF Charente \u00e9tait [&hellip;]","og_url":"https:\/\/charente.catholique.fr\/sud-charente\/actualites\/benediction-de-la-cloche-de-lagarde-sur-le-ne\/","og_site_name":"Doyenn\u00e9 Sud Charente","article_publisher":"https:\/\/www.facebook.com\/EgliseCatholiqueCharente","article_published_time":"2023-02-11T19:00:48+00:00","article_modified_time":"2023-02-12T19:59:35+00:00","og_image":[{"width":1984,"height":1984,"url":"https:\/\/charente.catholique.fr\/sud-charente\/wp-content\/uploads\/sites\/5\/2023\/02\/img_5839.jpg","type":"image\/jpeg"}],"author":"Beno\u00eet","twitter_card":"summary_large_image","twitter_creator":"@diocesecharente","twitter_site":"@diocesecharente","twitter_misc":{"\u00c9crit par":"Beno\u00eet","Dur\u00e9e de lecture estim\u00e9e":"8 minutes"},"schema":{"@context":"https:\/\/schema.org","@graph":[{"@type":"Article","@id":"https:\/\/charente.catholique.fr\/sud-charente\/actualites\/benediction-de-la-cloche-de-lagarde-sur-le-ne\/#article","isPartOf":{"@id":"https:\/\/charente.catholique.fr\/sud-charente\/actualites\/benediction-de-la-cloche-de-lagarde-sur-le-ne\/"},"author":{"name":"Beno\u00eet","@id":"https:\/\/charente.catholique.fr\/sud-charente\/#\/schema\/person\/ddcc6ba32a4484b49a276652de901387"},"headline":"B\u00e9n\u00e9diction de la cloche de Lagarde sur le N\u00e9","datePublished":"2023-02-11T19:00:48+00:00","dateModified":"2023-02-12T19:59:35+00:00","mainEntityOfPage":{"@id":"https:\/\/charente.catholique.fr\/sud-charente\/actualites\/benediction-de-la-cloche-de-lagarde-sur-le-ne\/"},"wordCount":2967,"commentCount":0,"publisher":{"@id":"https:\/\/charente.catholique.fr\/sud-charente\/#organization"},"image":{"@id":"https:\/\/charente.catholique.fr\/sud-charente\/actualites\/benediction-de-la-cloche-de-lagarde-sur-le-ne\/#primaryimage"},"thumbnailUrl":"https:\/\/charente.catholique.fr\/sud-charente\/wp-content\/uploads\/sites\/5\/2023\/02\/img_5839.jpg","articleSection":["Actualit\u00e9s","Barbezieux","Infos paroissiales"],"inLanguage":"fr-FR","potentialAction":[{"@type":"CommentAction","name":"Comment","target":["https:\/\/charente.catholique.fr\/sud-charente\/actualites\/benediction-de-la-cloche-de-lagarde-sur-le-ne\/#respond"]}]},{"@type":"WebPage","@id":"https:\/\/charente.catholique.fr\/sud-charente\/actualites\/benediction-de-la-cloche-de-lagarde-sur-le-ne\/","url":"https:\/\/charente.catholique.fr\/sud-charente\/actualites\/benediction-de-la-cloche-de-lagarde-sur-le-ne\/","name":"B\u00e9n\u00e9diction de la cloche de Lagarde sur le N\u00e9 - Doyenn\u00e9 Sud Charente","isPartOf":{"@id":"https:\/\/charente.catholique.fr\/sud-charente\/#website"},"primaryImageOfPage":{"@id":"https:\/\/charente.catholique.fr\/sud-charente\/actualites\/benediction-de-la-cloche-de-lagarde-sur-le-ne\/#primaryimage"},"image":{"@id":"https:\/\/charente.catholique.fr\/sud-charente\/actualites\/benediction-de-la-cloche-de-lagarde-sur-le-ne\/#primaryimage"},"thumbnailUrl":"https:\/\/charente.catholique.fr\/sud-charente\/wp-content\/uploads\/sites\/5\/2023\/02\/img_5839.jpg","datePublished":"2023-02-11T19:00:48+00:00","dateModified":"2023-02-12T19:59:35+00:00","breadcrumb":{"@id":"https:\/\/charente.catholique.fr\/sud-charente\/actualites\/benediction-de-la-cloche-de-lagarde-sur-le-ne\/#breadcrumb"},"inLanguage":"fr-FR","potentialAction":[{"@type":"ReadAction","target":["https:\/\/charente.catholique.fr\/sud-charente\/actualites\/benediction-de-la-cloche-de-lagarde-sur-le-ne\/"]}]},{"@type":"ImageObject","inLanguage":"fr-FR","@id":"https:\/\/charente.catholique.fr\/sud-charente\/actualites\/benediction-de-la-cloche-de-lagarde-sur-le-ne\/#primaryimage","url":"https:\/\/charente.catholique.fr\/sud-charente\/wp-content\/uploads\/sites\/5\/2023\/02\/img_5839.jpg","contentUrl":"https:\/\/charente.catholique.fr\/sud-charente\/wp-content\/uploads\/sites\/5\/2023\/02\/img_5839.jpg","width":1984,"height":1984},{"@type":"BreadcrumbList","@id":"https:\/\/charente.catholique.fr\/sud-charente\/actualites\/benediction-de-la-cloche-de-lagarde-sur-le-ne\/#breadcrumb","itemListElement":[{"@type":"ListItem","position":1,"name":"Accueil","item":"https:\/\/charente.catholique.fr\/sud-charente\/"},{"@type":"ListItem","position":2,"name":"B\u00e9n\u00e9diction de la cloche de Lagarde sur le N\u00e9"}]},{"@type":"WebSite","@id":"https:\/\/charente.catholique.fr\/sud-charente\/#website","url":"https:\/\/charente.catholique.fr\/sud-charente\/","name":"Doyenn\u00e9 Sud Charente - Dioc\u00e8se d'Angoul\u00eame","description":"Dioc\u00e8se d&#039;Angoul\u00eame","publisher":{"@id":"https:\/\/charente.catholique.fr\/sud-charente\/#organization"},"potentialAction":[{"@type":"SearchAction","target":{"@type":"EntryPoint","urlTemplate":"https:\/\/charente.catholique.fr\/sud-charente\/?s={search_term_string}"},"query-input":{"@type":"PropertyValueSpecification","valueRequired":true,"valueName":"search_term_string"}}],"inLanguage":"fr-FR"},{"@type":"Organization","@id":"https:\/\/charente.catholique.fr\/sud-charente\/#organization","name":"Association dioc\u00e9saine d'Angoul\u00eame","url":"https:\/\/charente.catholique.fr\/sud-charente\/","logo":{"@type":"ImageObject","inLanguage":"fr-FR","@id":"https:\/\/charente.catholique.fr\/sud-charente\/#\/schema\/logo\/image\/","url":"https:\/\/charente.catholique.fr\/sud-charente\/wp-content\/uploads\/sites\/5\/2020\/10\/logos.png","contentUrl":"https:\/\/charente.catholique.fr\/sud-charente\/wp-content\/uploads\/sites\/5\/2020\/10\/logos.png","width":600,"height":257,"caption":"Association dioc\u00e9saine d'Angoul\u00eame"},"image":{"@id":"https:\/\/charente.catholique.fr\/sud-charente\/#\/schema\/logo\/image\/"},"sameAs":["https:\/\/www.facebook.com\/EgliseCatholiqueCharente","https:\/\/x.com\/diocesecharente","https:\/\/www.instagram.com\/eglisecharente","https:\/\/www.youtube.com\/channel\/UCByyFWApZbw3gDTiADoiAaQ"]},{"@type":"Person","@id":"https:\/\/charente.catholique.fr\/sud-charente\/#\/schema\/person\/ddcc6ba32a4484b49a276652de901387","name":"Beno\u00eet","image":{"@type":"ImageObject","inLanguage":"fr-FR","@id":"https:\/\/charente.catholique.fr\/sud-charente\/#\/schema\/person\/image\/","url":"https:\/\/secure.gravatar.com\/avatar\/367de281020c81cafc6a2f9b79fef00a1981a890412ad8b09b11385575886666?s=96&d=mm&r=g","contentUrl":"https:\/\/secure.gravatar.com\/avatar\/367de281020c81cafc6a2f9b79fef00a1981a890412ad8b09b11385575886666?s=96&d=mm&r=g","caption":"Beno\u00eet"},"url":"https:\/\/charente.catholique.fr\/sud-charente\/author\/benoitlecomte\/"}]}},"_links":{"self":[{"href":"https:\/\/charente.catholique.fr\/sud-charente\/wp-json\/wp\/v2\/posts\/5400","targetHints":{"allow":["GET"]}}],"collection":[{"href":"https:\/\/charente.catholique.fr\/sud-charente\/wp-json\/wp\/v2\/posts"}],"about":[{"href":"https:\/\/charente.catholique.fr\/sud-charente\/wp-json\/wp\/v2\/types\/post"}],"author":[{"embeddable":true,"href":"https:\/\/charente.catholique.fr\/sud-charente\/wp-json\/wp\/v2\/users\/4"}],"replies":[{"embeddable":true,"href":"https:\/\/charente.catholique.fr\/sud-charente\/wp-json\/wp\/v2\/comments?post=5400"}],"version-history":[{"count":4,"href":"https:\/\/charente.catholique.fr\/sud-charente\/wp-json\/wp\/v2\/posts\/5400\/revisions"}],"predecessor-version":[{"id":5407,"href":"https:\/\/charente.catholique.fr\/sud-charente\/wp-json\/wp\/v2\/posts\/5400\/revisions\/5407"}],"wp:featuredmedia":[{"embeddable":true,"href":"https:\/\/charente.catholique.fr\/sud-charente\/wp-json\/wp\/v2\/media\/5401"}],"wp:attachment":[{"href":"https:\/\/charente.catholique.fr\/sud-charente\/wp-json\/wp\/v2\/media?parent=5400"}],"wp:term":[{"taxonomy":"category","embeddable":true,"href":"https:\/\/charente.catholique.fr\/sud-charente\/wp-json\/wp\/v2\/categories?post=5400"},{"taxonomy":"post_tag","embeddable":true,"href":"https:\/\/charente.catholique.fr\/sud-charente\/wp-json\/wp\/v2\/tags?post=5400"}],"curies":[{"name":"wp","href":"https:\/\/api.w.org\/{rel}","templated":true}]}}