{"id":5273,"date":"2023-01-22T16:09:04","date_gmt":"2023-01-22T15:09:04","guid":{"rendered":"https:\/\/charente.catholique.fr\/sud-charente\/?p=5273"},"modified":"2023-01-22T16:09:04","modified_gmt":"2023-01-22T15:09:04","slug":"homelie-du-22-janvier-2023-par-le-p-benoit-lecomte","status":"publish","type":"post","link":"https:\/\/charente.catholique.fr\/sud-charente\/actualites\/homelie-du-22-janvier-2023-par-le-p-benoit-lecomte\/","title":{"rendered":"Hom\u00e9lie du 22 janvier 2023, par le P. Beno\u00eet Lecomte"},"content":{"rendered":"\n<p>Nous c\u00e9l\u00e9brons aujourd\u2019hui le \u00ab&nbsp;dimanche de la Parole&nbsp;\u00bb, comme l\u2019a souhait\u00e9 le pape depuis quelques ann\u00e9es. Il nous invitait, dans le texte d\u2019institution de cette journ\u00e9e, \u00e0 d\u00e9couvrir \u00e0 nouveaux frais la Parole de Dieu, \u00e0 la m\u00e9diter, \u00e0 la travailler, \u00e0 se laisser enseigner par elle.<\/p>\n\n\n\n<p>En nous penchant un peu sur les r\u00e9cits de ce jour, nous trouvons un tr\u00e8s bel exemple de l\u2019accomplissement de l\u2019attente de l\u2019Ancien Testament r\u00e9alis\u00e9 dans le Nouveau. D\u00e8s le d\u00e9but de son \u00e9vangile, Saint Matthieu nous montre J\u00e9sus allant habiter Capharna\u00fcm \u00ab&nbsp;<em>ville situ\u00e9e au bord de la mer de Galil\u00e9e, dans les territoires de Zabulon et de Nephtali<\/em>.&nbsp;\u00bb En faisant cela, l\u2019\u00e9vang\u00e9liste explique que J\u00e9sus accomplit la proph\u00e9tie d\u2019Isa\u00efe entendue dans la premi\u00e8re lecture. Par cons\u00e9quence, les lecteurs que nous sommes peuvent reconna\u00eetre en J\u00e9sus celui dont Isa\u00efe parlait comme de \u00ab&nbsp;<em>la grande lumi\u00e8re<\/em>&nbsp;\u00bb attendue par les nations. D\u00e8s les premiers versets de l\u2019Evangile, et sans en dire davantage, le lecteur comprend que J\u00e9sus est bien le Messie attendu depuis toujours. Voil\u00e0 un exemple simple et flagrant pour comprendre que la Parole est ainsi faite d\u2019allers-retours entre le Nouveau et l\u2019Ancien Testament, de rappels et d\u2019\u00e9chos qui donnent tout leur sens \u00e0 la r\u00e9v\u00e9lation que Dieu fait de Lui-m\u00eame.<\/p>\n\n\n\n<p>La Parole vit, et elle parle.<\/p>\n\n\n\n<p>Elle s\u2019accomplit. Elle s\u2019accomplit parce qu\u2019elle est J\u00e9sus, lui-m\u00eame. Il est la Parole de Dieu, le \u00ab&nbsp;Verbe fait chair&nbsp;\u00bb entendions-nous le jour de No\u00ebl. Et que fait J\u00e9sus&nbsp;? Que fait cette Parole&nbsp;? &nbsp;L\u2019\u00e9vangile nous \u00e9claire&nbsp;:<\/p>\n\n\n\n<p>Elle proclame&nbsp;: \u00ab&nbsp;Convertissez-vous, car le Royaume des Cieux est tout proche&nbsp;\u00bb, elle proclame \u00ab&nbsp;<em>l\u2019Evangile du Royaume<\/em>.&nbsp;\u00bb Elle a un message \u00e0 annoncer et elle ne se tait pas. Plus encore, elle est Parole efficace, elle r\u00e9alise ce qu\u2019elle dit. Non seulement J\u00e9sus annonce le Royaume des Cieux, mais il est lui-m\u00eame l\u2019\u00e9vangile du Royaume s\u2019approchant de nous.<\/p>\n\n\n\n<p>Elle marche, au milieu des hommes. Elle parcourt la Galil\u00e9e\u2026 et toutes nos Galil\u00e9es. Elle nous rejoint l\u00e0 o\u00f9 nous vivons, comme elle a rejoint les disciples dans leurs lieux de vie et de travail. Elle ne reste pas ext\u00e9rieure \u00e0 notre monde, elle s\u2019y compromet. Elle est chair de notre chair, elle nous conna\u00eet mieux que nous-m\u00eames. Elle nous a fa\u00e7onn\u00e9s d\u00e8s le sein de nos m\u00e8res et nous donne la vie.<\/p>\n\n\n\n<p>Elle appelle \u00e0 sa suite. Elle ne donne pas seulement la vie biologique, elle donne le principe vital, l\u2019\u00e9lan, le souffle, l\u2019avenir, le d\u00e9sir. \u00ab&nbsp;<em>Venez \u00e0 ma suite<\/em>&nbsp;\u00bb\u2026 \u00ab&nbsp;<em>Aussit\u00f4t, laissant leurs filets, ils le suivirent<\/em>.&nbsp;\u00bb Elle est appel \u00e0 la vie, et \u00e0 la vie en communion avec Dieu. Elle fait se lever celui qui est couch\u00e9. Elle donne le sens de notre existence. Elle attend de nous notre \u00ab&nbsp;oui&nbsp;\u00bb.<\/p>\n\n\n\n<p>Enfin, elle \u00ab&nbsp;<em>gu\u00e9rit les maladies et les infirmit\u00e9s du peuple<\/em>.&nbsp;\u00bb Elle ne redonne pas uniquement la sant\u00e9 du corps, elle ouvre aussi l\u2019avenir \u00e0 celui qui la re\u00e7oit. Elle permet au corps de vivre et d\u2019avancer, de relancer sa marche.<\/p>\n\n\n\n<p>Arr\u00eatons-nous un instant. Parmi toutes les maladies que nous pouvons conna\u00eetre, il y a celle que les Corinthiens connaissaient d\u00e9j\u00e0 et \u00e0 qui Paul \u00e9crit&nbsp;: la maladie de la division. A l\u2019\u00e9poque, dans cette ville, les chr\u00e9tiens \u00e9taient divis\u00e9s&nbsp;:&nbsp;\u00ab&nbsp;<em>Chacun de vous prend parti en disant&nbsp;: \u00ab&nbsp;Moi, j\u2019appartiens \u00e0 Paul&nbsp;\u00bb, ou bien&nbsp;: \u00ab&nbsp;Moi, j\u2019appartiens \u00e0 Apollos&nbsp;\u00bb, ou bien&nbsp;: \u00ab&nbsp;Moi, j\u2019appartiens \u00e0 Pierre&nbsp;\u00bb, ou bien&nbsp;: \u00ab&nbsp;Moi, j\u2019appartiens au Christ&nbsp;\u00bb.&nbsp;<\/em>\u00bb Ce qui existait alors, existe encore aujourd\u2019hui. Cela peut arriver dans nos communaut\u00e9s, mais cela est surtout flagrant et visible dans la division de nos \u00e9glises s\u0153urs&nbsp;de confessions diff\u00e9rentes&nbsp;: catholiques, protestants, orthodoxes. N\u2019est-ce pas pourtant le m\u00eame Corps du Christ qui veut se donner \u00e0 voir et \u00e0 aimer&nbsp;? \u00ab&nbsp;<em>Le Christ est-il donc divis\u00e9&nbsp;?<\/em>&nbsp;\u00bb Voil\u00e0 qui est mati\u00e8re \u00e0 scandale. Les derniers documents publi\u00e9s du synode universel expriment fortement, je cite&nbsp;: \u00ab&nbsp;un vif d\u00e9sir s\u2019exprime d\u2019un t\u00e9moignage plus uni entre les confessions et les communaut\u00e9s chr\u00e9tiennes\u2026&nbsp;De nombreux rapports soulignent qu\u2019il n\u2019y a pas de synodalit\u00e9 compl\u00e8te sans unit\u00e9 entre les chr\u00e9tiens<a href=\"#_ftn1\" id=\"_ftnref1\">[1]<\/a>.&nbsp;\u00bb Nous sommes, ce dimanche, en plein milieu de la Semaine Mondiale de Pri\u00e8re pour l\u2019Unit\u00e9 des Chr\u00e9tiens. Une semaine pour ne pas oublier que nous avons encore des pas \u00e0 faire les uns envers les autres. Notre pri\u00e8re \u0153cum\u00e9nique de jeudi a \u00e9t\u00e9 d\u00e9plac\u00e9e \u00e0 cause de la neige, au jeudi 16 f\u00e9vrier. Nous r\u00e9fl\u00e9chissons aussi \u00e0 vivre ensemble, catholiques et protestants en Sud Charente, les c\u00e9l\u00e9brations du Vendredi Saint. Et encore, nous pourrons demander \u00e0 nos fr\u00e8res et s\u0153urs de prier avec nous au moment de la r\u00e9union synodale des \u00e9v\u00eaques en octobre prochain, pour apprendre \u00e0 marcher ensemble. La Parole de Dieu, libre et efficace, a encore du travail \u00e0 faire en nos c\u0153urs pour gu\u00e9rir nos blessures et nos divisions et nous apporter la paix de l\u2019unit\u00e9 et de la communion, dans la joyeuse vari\u00e9t\u00e9 des diff\u00e9rences.<\/p>\n\n\n\n<p>Que l\u2019appel de la Parole \u00e0 suivre J\u00e9sus r\u00e9sonne \u00e0 nos oreilles et \u00e0 nos c\u0153urs. Qu\u2019elle fasse en nous son chemin d\u2019Evangile. Qu\u2019elle nous ouvre \u00e0 la vie \u00e9ternelle en suscitant en nous la seule r\u00e9ponse qui fasse vivre&nbsp;: \u00ab&nbsp;<em>Aussit\u00f4t, laissant leurs filets, ils le suivirent.<\/em>&nbsp;\u00bb<\/p>\n\n\n\n<p>Amen.<\/p>\n\n\n\n<p>P. Beno\u00eet Lecomte<\/p>\n\n\n\n<hr class=\"wp-block-separator has-alpha-channel-opacity\"\/>\n\n\n\n<p><a href=\"#_ftnref1\" id=\"_ftn1\">[1]<\/a> <em>\u00ab&nbsp;Elargis l\u2019espace de ta tente&nbsp;\u00bb, Document de travail pour l\u2019Etape Continentale<\/em>, Secr\u00e9tariat G\u00e9n\u00e9ral du Synode, 24 octobre 2022, n\u00b047 &#8211; 48<\/p>\n","protected":false},"excerpt":{"rendered":"<p>Nous c\u00e9l\u00e9brons aujourd\u2019hui le \u00ab&nbsp;dimanche de la Parole&nbsp;\u00bb, comme l\u2019a souhait\u00e9 le pape depuis quelques ann\u00e9es. Il nous invitait, dans le texte d\u2019institution de cette journ\u00e9e, \u00e0 d\u00e9couvrir \u00e0 nouveaux frais la Parole de Dieu, \u00e0 la m\u00e9diter, \u00e0 la travailler, \u00e0 se laisser enseigner par elle. En nous penchant un peu sur les r\u00e9cits [&hellip;]<\/p>\n","protected":false},"author":4,"featured_media":5274,"comment_status":"open","ping_status":"open","sticky":false,"template":"","format":"standard","meta":{"_acf_changed":false,"paroisse":["15"],"service":["0"],"footnotes":""},"categories":[1,4,3],"tags":[],"class_list":["post-5273","post","type-post","status-publish","format-standard","has-post-thumbnail","hentry","category-actualites","category-barbezieux","category-homelies","validated"],"acf":[],"yoast_head":"<!-- This site is optimized with the Yoast SEO plugin v27.1.1 - https:\/\/yoast.com\/product\/yoast-seo-wordpress\/ -->\n<title>Hom\u00e9lie du 22 janvier 2023, par le P. Beno\u00eet Lecomte - Doyenn\u00e9 Sud Charente<\/title>\n<meta name=\"robots\" content=\"index, follow, max-snippet:-1, max-image-preview:large, max-video-preview:-1\" \/>\n<link rel=\"canonical\" href=\"https:\/\/charente.catholique.fr\/sud-charente\/actualites\/homelie-du-22-janvier-2023-par-le-p-benoit-lecomte\/\" \/>\n<meta property=\"og:locale\" content=\"fr_FR\" \/>\n<meta property=\"og:type\" content=\"article\" \/>\n<meta property=\"og:title\" content=\"Hom\u00e9lie du 22 janvier 2023, par le P. Beno\u00eet Lecomte - Doyenn\u00e9 Sud Charente\" \/>\n<meta property=\"og:description\" content=\"Nous c\u00e9l\u00e9brons aujourd\u2019hui le \u00ab&nbsp;dimanche de la Parole&nbsp;\u00bb, comme l\u2019a souhait\u00e9 le pape depuis quelques ann\u00e9es. Il nous invitait, dans le texte d\u2019institution de cette journ\u00e9e, \u00e0 d\u00e9couvrir \u00e0 nouveaux frais la Parole de Dieu, \u00e0 la m\u00e9diter, \u00e0 la travailler, \u00e0 se laisser enseigner par elle. En nous penchant un peu sur les r\u00e9cits [&hellip;]\" \/>\n<meta property=\"og:url\" content=\"https:\/\/charente.catholique.fr\/sud-charente\/actualites\/homelie-du-22-janvier-2023-par-le-p-benoit-lecomte\/\" \/>\n<meta property=\"og:site_name\" content=\"Doyenn\u00e9 Sud Charente\" \/>\n<meta property=\"article:publisher\" content=\"https:\/\/www.facebook.com\/EgliseCatholiqueCharente\" \/>\n<meta property=\"article:published_time\" content=\"2023-01-22T15:09:04+00:00\" \/>\n<meta property=\"og:image\" content=\"https:\/\/charente.catholique.fr\/sud-charente\/wp-content\/uploads\/sites\/5\/2023\/01\/p1110385-1440x1080.jpg\" \/>\n\t<meta property=\"og:image:width\" content=\"1440\" \/>\n\t<meta property=\"og:image:height\" content=\"1080\" \/>\n\t<meta property=\"og:image:type\" content=\"image\/jpeg\" \/>\n<meta name=\"author\" content=\"Beno\u00eet\" \/>\n<meta name=\"twitter:card\" content=\"summary_large_image\" \/>\n<meta name=\"twitter:creator\" content=\"@diocesecharente\" \/>\n<meta name=\"twitter:site\" content=\"@diocesecharente\" \/>\n<meta name=\"twitter:label1\" content=\"\u00c9crit par\" \/>\n\t<meta name=\"twitter:data1\" content=\"Beno\u00eet\" \/>\n\t<meta name=\"twitter:label2\" content=\"Dur\u00e9e de lecture estim\u00e9e\" \/>\n\t<meta name=\"twitter:data2\" content=\"5 minutes\" \/>\n<script type=\"application\/ld+json\" class=\"yoast-schema-graph\">{\"@context\":\"https:\/\/schema.org\",\"@graph\":[{\"@type\":\"Article\",\"@id\":\"https:\/\/charente.catholique.fr\/sud-charente\/actualites\/homelie-du-22-janvier-2023-par-le-p-benoit-lecomte\/#article\",\"isPartOf\":{\"@id\":\"https:\/\/charente.catholique.fr\/sud-charente\/actualites\/homelie-du-22-janvier-2023-par-le-p-benoit-lecomte\/\"},\"author\":{\"name\":\"Beno\u00eet\",\"@id\":\"https:\/\/charente.catholique.fr\/sud-charente\/#\/schema\/person\/ddcc6ba32a4484b49a276652de901387\"},\"headline\":\"Hom\u00e9lie du 22 janvier 2023, par le P. Beno\u00eet Lecomte\",\"datePublished\":\"2023-01-22T15:09:04+00:00\",\"mainEntityOfPage\":{\"@id\":\"https:\/\/charente.catholique.fr\/sud-charente\/actualites\/homelie-du-22-janvier-2023-par-le-p-benoit-lecomte\/\"},\"wordCount\":1044,\"commentCount\":0,\"publisher\":{\"@id\":\"https:\/\/charente.catholique.fr\/sud-charente\/#organization\"},\"image\":{\"@id\":\"https:\/\/charente.catholique.fr\/sud-charente\/actualites\/homelie-du-22-janvier-2023-par-le-p-benoit-lecomte\/#primaryimage\"},\"thumbnailUrl\":\"https:\/\/charente.catholique.fr\/sud-charente\/wp-content\/uploads\/sites\/5\/2023\/01\/p1110385.jpg\",\"articleSection\":[\"Actualit\u00e9s\",\"Barbezieux\",\"Hom\u00e9lies\"],\"inLanguage\":\"fr-FR\",\"potentialAction\":[{\"@type\":\"CommentAction\",\"name\":\"Comment\",\"target\":[\"https:\/\/charente.catholique.fr\/sud-charente\/actualites\/homelie-du-22-janvier-2023-par-le-p-benoit-lecomte\/#respond\"]}]},{\"@type\":\"WebPage\",\"@id\":\"https:\/\/charente.catholique.fr\/sud-charente\/actualites\/homelie-du-22-janvier-2023-par-le-p-benoit-lecomte\/\",\"url\":\"https:\/\/charente.catholique.fr\/sud-charente\/actualites\/homelie-du-22-janvier-2023-par-le-p-benoit-lecomte\/\",\"name\":\"Hom\u00e9lie du 22 janvier 2023, par le P. Beno\u00eet Lecomte - Doyenn\u00e9 Sud Charente\",\"isPartOf\":{\"@id\":\"https:\/\/charente.catholique.fr\/sud-charente\/#website\"},\"primaryImageOfPage\":{\"@id\":\"https:\/\/charente.catholique.fr\/sud-charente\/actualites\/homelie-du-22-janvier-2023-par-le-p-benoit-lecomte\/#primaryimage\"},\"image\":{\"@id\":\"https:\/\/charente.catholique.fr\/sud-charente\/actualites\/homelie-du-22-janvier-2023-par-le-p-benoit-lecomte\/#primaryimage\"},\"thumbnailUrl\":\"https:\/\/charente.catholique.fr\/sud-charente\/wp-content\/uploads\/sites\/5\/2023\/01\/p1110385.jpg\",\"datePublished\":\"2023-01-22T15:09:04+00:00\",\"breadcrumb\":{\"@id\":\"https:\/\/charente.catholique.fr\/sud-charente\/actualites\/homelie-du-22-janvier-2023-par-le-p-benoit-lecomte\/#breadcrumb\"},\"inLanguage\":\"fr-FR\",\"potentialAction\":[{\"@type\":\"ReadAction\",\"target\":[\"https:\/\/charente.catholique.fr\/sud-charente\/actualites\/homelie-du-22-janvier-2023-par-le-p-benoit-lecomte\/\"]}]},{\"@type\":\"ImageObject\",\"inLanguage\":\"fr-FR\",\"@id\":\"https:\/\/charente.catholique.fr\/sud-charente\/actualites\/homelie-du-22-janvier-2023-par-le-p-benoit-lecomte\/#primaryimage\",\"url\":\"https:\/\/charente.catholique.fr\/sud-charente\/wp-content\/uploads\/sites\/5\/2023\/01\/p1110385.jpg\",\"contentUrl\":\"https:\/\/charente.catholique.fr\/sud-charente\/wp-content\/uploads\/sites\/5\/2023\/01\/p1110385.jpg\",\"width\":2560,\"height\":1920},{\"@type\":\"BreadcrumbList\",\"@id\":\"https:\/\/charente.catholique.fr\/sud-charente\/actualites\/homelie-du-22-janvier-2023-par-le-p-benoit-lecomte\/#breadcrumb\",\"itemListElement\":[{\"@type\":\"ListItem\",\"position\":1,\"name\":\"Accueil\",\"item\":\"https:\/\/charente.catholique.fr\/sud-charente\/\"},{\"@type\":\"ListItem\",\"position\":2,\"name\":\"Hom\u00e9lie du 22 janvier 2023, par le P. Beno\u00eet Lecomte\"}]},{\"@type\":\"WebSite\",\"@id\":\"https:\/\/charente.catholique.fr\/sud-charente\/#website\",\"url\":\"https:\/\/charente.catholique.fr\/sud-charente\/\",\"name\":\"Doyenn\u00e9 Sud Charente - Dioc\u00e8se d'Angoul\u00eame\",\"description\":\"Dioc\u00e8se d&#039;Angoul\u00eame\",\"publisher\":{\"@id\":\"https:\/\/charente.catholique.fr\/sud-charente\/#organization\"},\"potentialAction\":[{\"@type\":\"SearchAction\",\"target\":{\"@type\":\"EntryPoint\",\"urlTemplate\":\"https:\/\/charente.catholique.fr\/sud-charente\/?s={search_term_string}\"},\"query-input\":{\"@type\":\"PropertyValueSpecification\",\"valueRequired\":true,\"valueName\":\"search_term_string\"}}],\"inLanguage\":\"fr-FR\"},{\"@type\":\"Organization\",\"@id\":\"https:\/\/charente.catholique.fr\/sud-charente\/#organization\",\"name\":\"Association dioc\u00e9saine d'Angoul\u00eame\",\"url\":\"https:\/\/charente.catholique.fr\/sud-charente\/\",\"logo\":{\"@type\":\"ImageObject\",\"inLanguage\":\"fr-FR\",\"@id\":\"https:\/\/charente.catholique.fr\/sud-charente\/#\/schema\/logo\/image\/\",\"url\":\"https:\/\/charente.catholique.fr\/sud-charente\/wp-content\/uploads\/sites\/5\/2020\/10\/logos.png\",\"contentUrl\":\"https:\/\/charente.catholique.fr\/sud-charente\/wp-content\/uploads\/sites\/5\/2020\/10\/logos.png\",\"width\":600,\"height\":257,\"caption\":\"Association dioc\u00e9saine d'Angoul\u00eame\"},\"image\":{\"@id\":\"https:\/\/charente.catholique.fr\/sud-charente\/#\/schema\/logo\/image\/\"},\"sameAs\":[\"https:\/\/www.facebook.com\/EgliseCatholiqueCharente\",\"https:\/\/x.com\/diocesecharente\",\"https:\/\/www.instagram.com\/eglisecharente\",\"https:\/\/www.youtube.com\/channel\/UCByyFWApZbw3gDTiADoiAaQ\"]},{\"@type\":\"Person\",\"@id\":\"https:\/\/charente.catholique.fr\/sud-charente\/#\/schema\/person\/ddcc6ba32a4484b49a276652de901387\",\"name\":\"Beno\u00eet\",\"image\":{\"@type\":\"ImageObject\",\"inLanguage\":\"fr-FR\",\"@id\":\"https:\/\/charente.catholique.fr\/sud-charente\/#\/schema\/person\/image\/\",\"url\":\"https:\/\/secure.gravatar.com\/avatar\/367de281020c81cafc6a2f9b79fef00a1981a890412ad8b09b11385575886666?s=96&d=mm&r=g\",\"contentUrl\":\"https:\/\/secure.gravatar.com\/avatar\/367de281020c81cafc6a2f9b79fef00a1981a890412ad8b09b11385575886666?s=96&d=mm&r=g\",\"caption\":\"Beno\u00eet\"},\"url\":\"https:\/\/charente.catholique.fr\/sud-charente\/author\/benoitlecomte\/\"}]}<\/script>\n<!-- \/ Yoast SEO plugin. -->","yoast_head_json":{"title":"Hom\u00e9lie du 22 janvier 2023, par le P. Beno\u00eet Lecomte - Doyenn\u00e9 Sud Charente","robots":{"index":"index","follow":"follow","max-snippet":"max-snippet:-1","max-image-preview":"max-image-preview:large","max-video-preview":"max-video-preview:-1"},"canonical":"https:\/\/charente.catholique.fr\/sud-charente\/actualites\/homelie-du-22-janvier-2023-par-le-p-benoit-lecomte\/","og_locale":"fr_FR","og_type":"article","og_title":"Hom\u00e9lie du 22 janvier 2023, par le P. Beno\u00eet Lecomte - Doyenn\u00e9 Sud Charente","og_description":"Nous c\u00e9l\u00e9brons aujourd\u2019hui le \u00ab&nbsp;dimanche de la Parole&nbsp;\u00bb, comme l\u2019a souhait\u00e9 le pape depuis quelques ann\u00e9es. Il nous invitait, dans le texte d\u2019institution de cette journ\u00e9e, \u00e0 d\u00e9couvrir \u00e0 nouveaux frais la Parole de Dieu, \u00e0 la m\u00e9diter, \u00e0 la travailler, \u00e0 se laisser enseigner par elle. En nous penchant un peu sur les r\u00e9cits [&hellip;]","og_url":"https:\/\/charente.catholique.fr\/sud-charente\/actualites\/homelie-du-22-janvier-2023-par-le-p-benoit-lecomte\/","og_site_name":"Doyenn\u00e9 Sud Charente","article_publisher":"https:\/\/www.facebook.com\/EgliseCatholiqueCharente","article_published_time":"2023-01-22T15:09:04+00:00","og_image":[{"width":1440,"height":1080,"url":"https:\/\/charente.catholique.fr\/sud-charente\/wp-content\/uploads\/sites\/5\/2023\/01\/p1110385-1440x1080.jpg","type":"image\/jpeg"}],"author":"Beno\u00eet","twitter_card":"summary_large_image","twitter_creator":"@diocesecharente","twitter_site":"@diocesecharente","twitter_misc":{"\u00c9crit par":"Beno\u00eet","Dur\u00e9e de lecture estim\u00e9e":"5 minutes"},"schema":{"@context":"https:\/\/schema.org","@graph":[{"@type":"Article","@id":"https:\/\/charente.catholique.fr\/sud-charente\/actualites\/homelie-du-22-janvier-2023-par-le-p-benoit-lecomte\/#article","isPartOf":{"@id":"https:\/\/charente.catholique.fr\/sud-charente\/actualites\/homelie-du-22-janvier-2023-par-le-p-benoit-lecomte\/"},"author":{"name":"Beno\u00eet","@id":"https:\/\/charente.catholique.fr\/sud-charente\/#\/schema\/person\/ddcc6ba32a4484b49a276652de901387"},"headline":"Hom\u00e9lie du 22 janvier 2023, par le P. Beno\u00eet Lecomte","datePublished":"2023-01-22T15:09:04+00:00","mainEntityOfPage":{"@id":"https:\/\/charente.catholique.fr\/sud-charente\/actualites\/homelie-du-22-janvier-2023-par-le-p-benoit-lecomte\/"},"wordCount":1044,"commentCount":0,"publisher":{"@id":"https:\/\/charente.catholique.fr\/sud-charente\/#organization"},"image":{"@id":"https:\/\/charente.catholique.fr\/sud-charente\/actualites\/homelie-du-22-janvier-2023-par-le-p-benoit-lecomte\/#primaryimage"},"thumbnailUrl":"https:\/\/charente.catholique.fr\/sud-charente\/wp-content\/uploads\/sites\/5\/2023\/01\/p1110385.jpg","articleSection":["Actualit\u00e9s","Barbezieux","Hom\u00e9lies"],"inLanguage":"fr-FR","potentialAction":[{"@type":"CommentAction","name":"Comment","target":["https:\/\/charente.catholique.fr\/sud-charente\/actualites\/homelie-du-22-janvier-2023-par-le-p-benoit-lecomte\/#respond"]}]},{"@type":"WebPage","@id":"https:\/\/charente.catholique.fr\/sud-charente\/actualites\/homelie-du-22-janvier-2023-par-le-p-benoit-lecomte\/","url":"https:\/\/charente.catholique.fr\/sud-charente\/actualites\/homelie-du-22-janvier-2023-par-le-p-benoit-lecomte\/","name":"Hom\u00e9lie du 22 janvier 2023, par le P. Beno\u00eet Lecomte - Doyenn\u00e9 Sud Charente","isPartOf":{"@id":"https:\/\/charente.catholique.fr\/sud-charente\/#website"},"primaryImageOfPage":{"@id":"https:\/\/charente.catholique.fr\/sud-charente\/actualites\/homelie-du-22-janvier-2023-par-le-p-benoit-lecomte\/#primaryimage"},"image":{"@id":"https:\/\/charente.catholique.fr\/sud-charente\/actualites\/homelie-du-22-janvier-2023-par-le-p-benoit-lecomte\/#primaryimage"},"thumbnailUrl":"https:\/\/charente.catholique.fr\/sud-charente\/wp-content\/uploads\/sites\/5\/2023\/01\/p1110385.jpg","datePublished":"2023-01-22T15:09:04+00:00","breadcrumb":{"@id":"https:\/\/charente.catholique.fr\/sud-charente\/actualites\/homelie-du-22-janvier-2023-par-le-p-benoit-lecomte\/#breadcrumb"},"inLanguage":"fr-FR","potentialAction":[{"@type":"ReadAction","target":["https:\/\/charente.catholique.fr\/sud-charente\/actualites\/homelie-du-22-janvier-2023-par-le-p-benoit-lecomte\/"]}]},{"@type":"ImageObject","inLanguage":"fr-FR","@id":"https:\/\/charente.catholique.fr\/sud-charente\/actualites\/homelie-du-22-janvier-2023-par-le-p-benoit-lecomte\/#primaryimage","url":"https:\/\/charente.catholique.fr\/sud-charente\/wp-content\/uploads\/sites\/5\/2023\/01\/p1110385.jpg","contentUrl":"https:\/\/charente.catholique.fr\/sud-charente\/wp-content\/uploads\/sites\/5\/2023\/01\/p1110385.jpg","width":2560,"height":1920},{"@type":"BreadcrumbList","@id":"https:\/\/charente.catholique.fr\/sud-charente\/actualites\/homelie-du-22-janvier-2023-par-le-p-benoit-lecomte\/#breadcrumb","itemListElement":[{"@type":"ListItem","position":1,"name":"Accueil","item":"https:\/\/charente.catholique.fr\/sud-charente\/"},{"@type":"ListItem","position":2,"name":"Hom\u00e9lie du 22 janvier 2023, par le P. Beno\u00eet Lecomte"}]},{"@type":"WebSite","@id":"https:\/\/charente.catholique.fr\/sud-charente\/#website","url":"https:\/\/charente.catholique.fr\/sud-charente\/","name":"Doyenn\u00e9 Sud Charente - Dioc\u00e8se d'Angoul\u00eame","description":"Dioc\u00e8se d&#039;Angoul\u00eame","publisher":{"@id":"https:\/\/charente.catholique.fr\/sud-charente\/#organization"},"potentialAction":[{"@type":"SearchAction","target":{"@type":"EntryPoint","urlTemplate":"https:\/\/charente.catholique.fr\/sud-charente\/?s={search_term_string}"},"query-input":{"@type":"PropertyValueSpecification","valueRequired":true,"valueName":"search_term_string"}}],"inLanguage":"fr-FR"},{"@type":"Organization","@id":"https:\/\/charente.catholique.fr\/sud-charente\/#organization","name":"Association dioc\u00e9saine d'Angoul\u00eame","url":"https:\/\/charente.catholique.fr\/sud-charente\/","logo":{"@type":"ImageObject","inLanguage":"fr-FR","@id":"https:\/\/charente.catholique.fr\/sud-charente\/#\/schema\/logo\/image\/","url":"https:\/\/charente.catholique.fr\/sud-charente\/wp-content\/uploads\/sites\/5\/2020\/10\/logos.png","contentUrl":"https:\/\/charente.catholique.fr\/sud-charente\/wp-content\/uploads\/sites\/5\/2020\/10\/logos.png","width":600,"height":257,"caption":"Association dioc\u00e9saine d'Angoul\u00eame"},"image":{"@id":"https:\/\/charente.catholique.fr\/sud-charente\/#\/schema\/logo\/image\/"},"sameAs":["https:\/\/www.facebook.com\/EgliseCatholiqueCharente","https:\/\/x.com\/diocesecharente","https:\/\/www.instagram.com\/eglisecharente","https:\/\/www.youtube.com\/channel\/UCByyFWApZbw3gDTiADoiAaQ"]},{"@type":"Person","@id":"https:\/\/charente.catholique.fr\/sud-charente\/#\/schema\/person\/ddcc6ba32a4484b49a276652de901387","name":"Beno\u00eet","image":{"@type":"ImageObject","inLanguage":"fr-FR","@id":"https:\/\/charente.catholique.fr\/sud-charente\/#\/schema\/person\/image\/","url":"https:\/\/secure.gravatar.com\/avatar\/367de281020c81cafc6a2f9b79fef00a1981a890412ad8b09b11385575886666?s=96&d=mm&r=g","contentUrl":"https:\/\/secure.gravatar.com\/avatar\/367de281020c81cafc6a2f9b79fef00a1981a890412ad8b09b11385575886666?s=96&d=mm&r=g","caption":"Beno\u00eet"},"url":"https:\/\/charente.catholique.fr\/sud-charente\/author\/benoitlecomte\/"}]}},"_links":{"self":[{"href":"https:\/\/charente.catholique.fr\/sud-charente\/wp-json\/wp\/v2\/posts\/5273","targetHints":{"allow":["GET"]}}],"collection":[{"href":"https:\/\/charente.catholique.fr\/sud-charente\/wp-json\/wp\/v2\/posts"}],"about":[{"href":"https:\/\/charente.catholique.fr\/sud-charente\/wp-json\/wp\/v2\/types\/post"}],"author":[{"embeddable":true,"href":"https:\/\/charente.catholique.fr\/sud-charente\/wp-json\/wp\/v2\/users\/4"}],"replies":[{"embeddable":true,"href":"https:\/\/charente.catholique.fr\/sud-charente\/wp-json\/wp\/v2\/comments?post=5273"}],"version-history":[{"count":1,"href":"https:\/\/charente.catholique.fr\/sud-charente\/wp-json\/wp\/v2\/posts\/5273\/revisions"}],"predecessor-version":[{"id":5275,"href":"https:\/\/charente.catholique.fr\/sud-charente\/wp-json\/wp\/v2\/posts\/5273\/revisions\/5275"}],"wp:featuredmedia":[{"embeddable":true,"href":"https:\/\/charente.catholique.fr\/sud-charente\/wp-json\/wp\/v2\/media\/5274"}],"wp:attachment":[{"href":"https:\/\/charente.catholique.fr\/sud-charente\/wp-json\/wp\/v2\/media?parent=5273"}],"wp:term":[{"taxonomy":"category","embeddable":true,"href":"https:\/\/charente.catholique.fr\/sud-charente\/wp-json\/wp\/v2\/categories?post=5273"},{"taxonomy":"post_tag","embeddable":true,"href":"https:\/\/charente.catholique.fr\/sud-charente\/wp-json\/wp\/v2\/tags?post=5273"}],"curies":[{"name":"wp","href":"https:\/\/api.w.org\/{rel}","templated":true}]}}