{"id":523,"date":"2020-11-06T18:45:00","date_gmt":"2020-11-06T17:45:00","guid":{"rendered":"https:\/\/charente.catholique.fr\/sud-charente\/actualites\/\/"},"modified":"2020-11-14T22:30:26","modified_gmt":"2020-11-14T21:30:26","slug":"message-de-maumont-du-6-novembre-2020","status":"publish","type":"post","link":"https:\/\/charente.catholique.fr\/sud-charente\/actualites\/message-de-maumont-du-6-novembre-2020\/","title":{"rendered":"Message de Maumont du 6 novembre 2020"},"content":{"rendered":"\n<p><strong>C\u00e9l\u00e9bration du pardon Maumont 2021<\/strong><\/p>\n\n\n\n<p>Puisqu\u2019elle est commenc\u00e9e ( la c\u00e9l\u00e9bration!), ouvrons nos yeux.<\/p>\n\n\n\n<p>A Maumont la part de l\u2019\u00c9glise qui vous est r\u00e9serv\u00e9e est d\u00e9serte or vous \u00eates tous invit\u00e9s!<\/p>\n\n\n\n<p>Il va falloir que notre b\u00e2timent prenne les dimensions exactes du Doyenn\u00e9 et vous serez alors tous int\u00e9gr\u00e9s&nbsp;: il suffisait d\u2019y penser.<\/p>\n\n\n\n<p>Pour la pri\u00e8re c\u2019est un fait acquis mais c\u2019est aussi un futur qui nous oblige.<\/p>\n\n\n\n<p>Dieu , lui, puisqu\u2019il sait qu\u2019on ne peut pas se d\u00e9placer, va lui-m\u00eame s\u2019inviter partout, donc chez vous&nbsp;: \u201cDieu est l\u00e0 o\u00f9 on le laisse entrer\u201d D\u2019ailleurs vous pourrez constater qu\u2019il ne s\u2019est pas impos\u00e9, il a commenc\u00e9 par frapper \u00e0 la porte et, \u00e0 bon entendeur, le salut est alors donn\u00e9.<\/p>\n\n\n\n<p>Vous le reconna\u00eetrez \u00e0 un certain dialogue qui s\u2019amorcera ainsi&nbsp;: \u00ab&nbsp;R\u00e9jouis-toi, le Seigneur est avec toi&nbsp;!&nbsp;\u00bb auquel on peut r\u00e9pondre&nbsp;: \u00ab&nbsp;D\u2019o\u00f9 me vient cet honneur de te recevoir sous mon toit&nbsp;?&nbsp;\u00bb<\/p>\n\n\n\n<p>Maintenant qu\u2019Il est l\u00e0, souvenez-vous des c\u00e9l\u00e9brations que nous avons v\u00e9cues ensemble et retrouvons cette force qui vient de la pr\u00e9sence de l\u2019assembl\u00e9e quand on se sent seul et accabl\u00e9.<\/p>\n\n\n\n<p>\u00ab&nbsp;Mon Dieu, la terre est remplie de ton amour&nbsp;\u00bb dit le psaume. Serait-ce notre vue qui baisse quand on l\u2019oublie&nbsp;? Puisque tu es l\u00e0, Seigneur, nous allons tous te dire ce que nous avons sur le c\u0153ur et cela va prendre du temps, mais qu\u2019importe&nbsp;! La confession du mal en nous , c\u2019est dur mais n\u00e9cessaire et toi tu ne diras rien, tu \u00e9coutes, tu prends sur toi, tu sais le poids de ce que l\u2019on porte, tu ne condamne pas, tu nous laisse tout notre temps. Et puis, \u00e0 force d\u2019avoir dit toute cette violence contenue qui n\u2019en peut plus, on se prend \u00e0 pleurer, et cela fait encore plus de bien.<\/p>\n\n\n\n<p>A la fin on te dit ce qu\u2019on avait oubli\u00e9, tant cela fait du bien d\u2019\u00eatre \u00e9cout\u00e9&nbsp;: \u00ab&nbsp;nous sommes remplis de ton amour, mon Dieu&nbsp;!&nbsp;\u00bb<\/p>\n\n\n\n<p>Vos s\u0153urs de Maumont<\/p>\n","protected":false},"excerpt":{"rendered":"<p>C\u00e9l\u00e9bration du pardon Maumont 2021 Puisqu\u2019elle est commenc\u00e9e ( la c\u00e9l\u00e9bration!), ouvrons nos yeux. A Maumont la part de l\u2019\u00c9glise qui vous est r\u00e9serv\u00e9e est d\u00e9serte or vous \u00eates tous invit\u00e9s! Il va falloir que notre b\u00e2timent prenne les dimensions exactes du Doyenn\u00e9 et vous serez alors tous int\u00e9gr\u00e9s&nbsp;: il suffisait d\u2019y penser. Pour la [&hellip;]<\/p>\n","protected":false},"author":4,"featured_media":529,"comment_status":"closed","ping_status":"open","sticky":false,"template":"","format":"standard","meta":{"_acf_changed":false,"paroisse":[""],"service":["0"],"footnotes":""},"categories":[1,13],"tags":[],"class_list":["post-523","post","type-post","status-publish","format-standard","has-post-thumbnail","hentry","category-actualites","category-maumont","validated"],"acf":[],"yoast_head":"<!-- This site is optimized with the Yoast SEO plugin v27.1.1 - https:\/\/yoast.com\/product\/yoast-seo-wordpress\/ -->\n<title>Message de Maumont du 6 novembre 2020 - Doyenn\u00e9 Sud Charente<\/title>\n<meta name=\"robots\" content=\"index, follow, max-snippet:-1, max-image-preview:large, max-video-preview:-1\" \/>\n<link rel=\"canonical\" href=\"https:\/\/charente.catholique.fr\/sud-charente\/actualites\/message-de-maumont-du-6-novembre-2020\/\" \/>\n<meta property=\"og:locale\" content=\"fr_FR\" \/>\n<meta property=\"og:type\" content=\"article\" \/>\n<meta property=\"og:title\" content=\"Message de Maumont du 6 novembre 2020 - Doyenn\u00e9 Sud Charente\" \/>\n<meta property=\"og:description\" content=\"C\u00e9l\u00e9bration du pardon Maumont 2021 Puisqu\u2019elle est commenc\u00e9e ( la c\u00e9l\u00e9bration!), ouvrons nos yeux. A Maumont la part de l\u2019\u00c9glise qui vous est r\u00e9serv\u00e9e est d\u00e9serte or vous \u00eates tous invit\u00e9s! Il va falloir que notre b\u00e2timent prenne les dimensions exactes du Doyenn\u00e9 et vous serez alors tous int\u00e9gr\u00e9s&nbsp;: il suffisait d\u2019y penser. Pour la [&hellip;]\" \/>\n<meta property=\"og:url\" content=\"https:\/\/charente.catholique.fr\/sud-charente\/actualites\/message-de-maumont-du-6-novembre-2020\/\" \/>\n<meta property=\"og:site_name\" content=\"Doyenn\u00e9 Sud Charente\" \/>\n<meta property=\"article:publisher\" content=\"https:\/\/www.facebook.com\/EgliseCatholiqueCharente\" \/>\n<meta property=\"article:published_time\" content=\"2020-11-06T17:45:00+00:00\" \/>\n<meta property=\"article:modified_time\" content=\"2020-11-14T21:30:26+00:00\" \/>\n<meta property=\"og:image\" content=\"https:\/\/charente.catholique.fr\/sud-charente\/wp-content\/uploads\/sites\/5\/2020\/11\/a-leglise-les-moniales-1.jpg\" \/>\n\t<meta property=\"og:image:width\" content=\"1106\" \/>\n\t<meta property=\"og:image:height\" content=\"484\" \/>\n\t<meta property=\"og:image:type\" content=\"image\/jpeg\" \/>\n<meta name=\"author\" content=\"Beno\u00eet\" \/>\n<meta name=\"twitter:card\" content=\"summary_large_image\" \/>\n<meta name=\"twitter:creator\" content=\"@diocesecharente\" \/>\n<meta name=\"twitter:site\" content=\"@diocesecharente\" \/>\n<meta name=\"twitter:label1\" content=\"\u00c9crit par\" \/>\n\t<meta name=\"twitter:data1\" content=\"Beno\u00eet\" \/>\n\t<meta name=\"twitter:label2\" content=\"Dur\u00e9e de lecture estim\u00e9e\" \/>\n\t<meta name=\"twitter:data2\" content=\"2 minutes\" \/>\n<script type=\"application\/ld+json\" class=\"yoast-schema-graph\">{\"@context\":\"https:\/\/schema.org\",\"@graph\":[{\"@type\":\"Article\",\"@id\":\"https:\/\/charente.catholique.fr\/sud-charente\/actualites\/message-de-maumont-du-6-novembre-2020\/#article\",\"isPartOf\":{\"@id\":\"https:\/\/charente.catholique.fr\/sud-charente\/actualites\/message-de-maumont-du-6-novembre-2020\/\"},\"author\":{\"name\":\"Beno\u00eet\",\"@id\":\"https:\/\/charente.catholique.fr\/sud-charente\/#\/schema\/person\/ddcc6ba32a4484b49a276652de901387\"},\"headline\":\"Message de Maumont du 6 novembre 2020\",\"datePublished\":\"2020-11-06T17:45:00+00:00\",\"dateModified\":\"2020-11-14T21:30:26+00:00\",\"mainEntityOfPage\":{\"@id\":\"https:\/\/charente.catholique.fr\/sud-charente\/actualites\/message-de-maumont-du-6-novembre-2020\/\"},\"wordCount\":386,\"publisher\":{\"@id\":\"https:\/\/charente.catholique.fr\/sud-charente\/#organization\"},\"image\":{\"@id\":\"https:\/\/charente.catholique.fr\/sud-charente\/actualites\/message-de-maumont-du-6-novembre-2020\/#primaryimage\"},\"thumbnailUrl\":\"https:\/\/charente.catholique.fr\/sud-charente\/wp-content\/uploads\/sites\/5\/2020\/11\/a-leglise-les-moniales-1.jpg\",\"articleSection\":[\"Actualit\u00e9s\",\"Maumont\"],\"inLanguage\":\"fr-FR\"},{\"@type\":\"WebPage\",\"@id\":\"https:\/\/charente.catholique.fr\/sud-charente\/actualites\/message-de-maumont-du-6-novembre-2020\/\",\"url\":\"https:\/\/charente.catholique.fr\/sud-charente\/actualites\/message-de-maumont-du-6-novembre-2020\/\",\"name\":\"Message de Maumont du 6 novembre 2020 - Doyenn\u00e9 Sud Charente\",\"isPartOf\":{\"@id\":\"https:\/\/charente.catholique.fr\/sud-charente\/#website\"},\"primaryImageOfPage\":{\"@id\":\"https:\/\/charente.catholique.fr\/sud-charente\/actualites\/message-de-maumont-du-6-novembre-2020\/#primaryimage\"},\"image\":{\"@id\":\"https:\/\/charente.catholique.fr\/sud-charente\/actualites\/message-de-maumont-du-6-novembre-2020\/#primaryimage\"},\"thumbnailUrl\":\"https:\/\/charente.catholique.fr\/sud-charente\/wp-content\/uploads\/sites\/5\/2020\/11\/a-leglise-les-moniales-1.jpg\",\"datePublished\":\"2020-11-06T17:45:00+00:00\",\"dateModified\":\"2020-11-14T21:30:26+00:00\",\"breadcrumb\":{\"@id\":\"https:\/\/charente.catholique.fr\/sud-charente\/actualites\/message-de-maumont-du-6-novembre-2020\/#breadcrumb\"},\"inLanguage\":\"fr-FR\",\"potentialAction\":[{\"@type\":\"ReadAction\",\"target\":[\"https:\/\/charente.catholique.fr\/sud-charente\/actualites\/message-de-maumont-du-6-novembre-2020\/\"]}]},{\"@type\":\"ImageObject\",\"inLanguage\":\"fr-FR\",\"@id\":\"https:\/\/charente.catholique.fr\/sud-charente\/actualites\/message-de-maumont-du-6-novembre-2020\/#primaryimage\",\"url\":\"https:\/\/charente.catholique.fr\/sud-charente\/wp-content\/uploads\/sites\/5\/2020\/11\/a-leglise-les-moniales-1.jpg\",\"contentUrl\":\"https:\/\/charente.catholique.fr\/sud-charente\/wp-content\/uploads\/sites\/5\/2020\/11\/a-leglise-les-moniales-1.jpg\",\"width\":1106,\"height\":484},{\"@type\":\"BreadcrumbList\",\"@id\":\"https:\/\/charente.catholique.fr\/sud-charente\/actualites\/message-de-maumont-du-6-novembre-2020\/#breadcrumb\",\"itemListElement\":[{\"@type\":\"ListItem\",\"position\":1,\"name\":\"Accueil\",\"item\":\"https:\/\/charente.catholique.fr\/sud-charente\/\"},{\"@type\":\"ListItem\",\"position\":2,\"name\":\"Message de Maumont du 6 novembre 2020\"}]},{\"@type\":\"WebSite\",\"@id\":\"https:\/\/charente.catholique.fr\/sud-charente\/#website\",\"url\":\"https:\/\/charente.catholique.fr\/sud-charente\/\",\"name\":\"Doyenn\u00e9 Sud Charente - Dioc\u00e8se d'Angoul\u00eame\",\"description\":\"Dioc\u00e8se d&#039;Angoul\u00eame\",\"publisher\":{\"@id\":\"https:\/\/charente.catholique.fr\/sud-charente\/#organization\"},\"potentialAction\":[{\"@type\":\"SearchAction\",\"target\":{\"@type\":\"EntryPoint\",\"urlTemplate\":\"https:\/\/charente.catholique.fr\/sud-charente\/?s={search_term_string}\"},\"query-input\":{\"@type\":\"PropertyValueSpecification\",\"valueRequired\":true,\"valueName\":\"search_term_string\"}}],\"inLanguage\":\"fr-FR\"},{\"@type\":\"Organization\",\"@id\":\"https:\/\/charente.catholique.fr\/sud-charente\/#organization\",\"name\":\"Association dioc\u00e9saine d'Angoul\u00eame\",\"url\":\"https:\/\/charente.catholique.fr\/sud-charente\/\",\"logo\":{\"@type\":\"ImageObject\",\"inLanguage\":\"fr-FR\",\"@id\":\"https:\/\/charente.catholique.fr\/sud-charente\/#\/schema\/logo\/image\/\",\"url\":\"https:\/\/charente.catholique.fr\/sud-charente\/wp-content\/uploads\/sites\/5\/2020\/10\/logos.png\",\"contentUrl\":\"https:\/\/charente.catholique.fr\/sud-charente\/wp-content\/uploads\/sites\/5\/2020\/10\/logos.png\",\"width\":600,\"height\":257,\"caption\":\"Association dioc\u00e9saine d'Angoul\u00eame\"},\"image\":{\"@id\":\"https:\/\/charente.catholique.fr\/sud-charente\/#\/schema\/logo\/image\/\"},\"sameAs\":[\"https:\/\/www.facebook.com\/EgliseCatholiqueCharente\",\"https:\/\/x.com\/diocesecharente\",\"https:\/\/www.instagram.com\/eglisecharente\",\"https:\/\/www.youtube.com\/channel\/UCByyFWApZbw3gDTiADoiAaQ\"]},{\"@type\":\"Person\",\"@id\":\"https:\/\/charente.catholique.fr\/sud-charente\/#\/schema\/person\/ddcc6ba32a4484b49a276652de901387\",\"name\":\"Beno\u00eet\",\"image\":{\"@type\":\"ImageObject\",\"inLanguage\":\"fr-FR\",\"@id\":\"https:\/\/charente.catholique.fr\/sud-charente\/#\/schema\/person\/image\/\",\"url\":\"https:\/\/secure.gravatar.com\/avatar\/367de281020c81cafc6a2f9b79fef00a1981a890412ad8b09b11385575886666?s=96&d=mm&r=g\",\"contentUrl\":\"https:\/\/secure.gravatar.com\/avatar\/367de281020c81cafc6a2f9b79fef00a1981a890412ad8b09b11385575886666?s=96&d=mm&r=g\",\"caption\":\"Beno\u00eet\"},\"url\":\"https:\/\/charente.catholique.fr\/sud-charente\/author\/benoitlecomte\/\"}]}<\/script>\n<!-- \/ Yoast SEO plugin. -->","yoast_head_json":{"title":"Message de Maumont du 6 novembre 2020 - Doyenn\u00e9 Sud Charente","robots":{"index":"index","follow":"follow","max-snippet":"max-snippet:-1","max-image-preview":"max-image-preview:large","max-video-preview":"max-video-preview:-1"},"canonical":"https:\/\/charente.catholique.fr\/sud-charente\/actualites\/message-de-maumont-du-6-novembre-2020\/","og_locale":"fr_FR","og_type":"article","og_title":"Message de Maumont du 6 novembre 2020 - Doyenn\u00e9 Sud Charente","og_description":"C\u00e9l\u00e9bration du pardon Maumont 2021 Puisqu\u2019elle est commenc\u00e9e ( la c\u00e9l\u00e9bration!), ouvrons nos yeux. A Maumont la part de l\u2019\u00c9glise qui vous est r\u00e9serv\u00e9e est d\u00e9serte or vous \u00eates tous invit\u00e9s! Il va falloir que notre b\u00e2timent prenne les dimensions exactes du Doyenn\u00e9 et vous serez alors tous int\u00e9gr\u00e9s&nbsp;: il suffisait d\u2019y penser. Pour la [&hellip;]","og_url":"https:\/\/charente.catholique.fr\/sud-charente\/actualites\/message-de-maumont-du-6-novembre-2020\/","og_site_name":"Doyenn\u00e9 Sud Charente","article_publisher":"https:\/\/www.facebook.com\/EgliseCatholiqueCharente","article_published_time":"2020-11-06T17:45:00+00:00","article_modified_time":"2020-11-14T21:30:26+00:00","og_image":[{"width":1106,"height":484,"url":"https:\/\/charente.catholique.fr\/sud-charente\/wp-content\/uploads\/sites\/5\/2020\/11\/a-leglise-les-moniales-1.jpg","type":"image\/jpeg"}],"author":"Beno\u00eet","twitter_card":"summary_large_image","twitter_creator":"@diocesecharente","twitter_site":"@diocesecharente","twitter_misc":{"\u00c9crit par":"Beno\u00eet","Dur\u00e9e de lecture estim\u00e9e":"2 minutes"},"schema":{"@context":"https:\/\/schema.org","@graph":[{"@type":"Article","@id":"https:\/\/charente.catholique.fr\/sud-charente\/actualites\/message-de-maumont-du-6-novembre-2020\/#article","isPartOf":{"@id":"https:\/\/charente.catholique.fr\/sud-charente\/actualites\/message-de-maumont-du-6-novembre-2020\/"},"author":{"name":"Beno\u00eet","@id":"https:\/\/charente.catholique.fr\/sud-charente\/#\/schema\/person\/ddcc6ba32a4484b49a276652de901387"},"headline":"Message de Maumont du 6 novembre 2020","datePublished":"2020-11-06T17:45:00+00:00","dateModified":"2020-11-14T21:30:26+00:00","mainEntityOfPage":{"@id":"https:\/\/charente.catholique.fr\/sud-charente\/actualites\/message-de-maumont-du-6-novembre-2020\/"},"wordCount":386,"publisher":{"@id":"https:\/\/charente.catholique.fr\/sud-charente\/#organization"},"image":{"@id":"https:\/\/charente.catholique.fr\/sud-charente\/actualites\/message-de-maumont-du-6-novembre-2020\/#primaryimage"},"thumbnailUrl":"https:\/\/charente.catholique.fr\/sud-charente\/wp-content\/uploads\/sites\/5\/2020\/11\/a-leglise-les-moniales-1.jpg","articleSection":["Actualit\u00e9s","Maumont"],"inLanguage":"fr-FR"},{"@type":"WebPage","@id":"https:\/\/charente.catholique.fr\/sud-charente\/actualites\/message-de-maumont-du-6-novembre-2020\/","url":"https:\/\/charente.catholique.fr\/sud-charente\/actualites\/message-de-maumont-du-6-novembre-2020\/","name":"Message de Maumont du 6 novembre 2020 - Doyenn\u00e9 Sud Charente","isPartOf":{"@id":"https:\/\/charente.catholique.fr\/sud-charente\/#website"},"primaryImageOfPage":{"@id":"https:\/\/charente.catholique.fr\/sud-charente\/actualites\/message-de-maumont-du-6-novembre-2020\/#primaryimage"},"image":{"@id":"https:\/\/charente.catholique.fr\/sud-charente\/actualites\/message-de-maumont-du-6-novembre-2020\/#primaryimage"},"thumbnailUrl":"https:\/\/charente.catholique.fr\/sud-charente\/wp-content\/uploads\/sites\/5\/2020\/11\/a-leglise-les-moniales-1.jpg","datePublished":"2020-11-06T17:45:00+00:00","dateModified":"2020-11-14T21:30:26+00:00","breadcrumb":{"@id":"https:\/\/charente.catholique.fr\/sud-charente\/actualites\/message-de-maumont-du-6-novembre-2020\/#breadcrumb"},"inLanguage":"fr-FR","potentialAction":[{"@type":"ReadAction","target":["https:\/\/charente.catholique.fr\/sud-charente\/actualites\/message-de-maumont-du-6-novembre-2020\/"]}]},{"@type":"ImageObject","inLanguage":"fr-FR","@id":"https:\/\/charente.catholique.fr\/sud-charente\/actualites\/message-de-maumont-du-6-novembre-2020\/#primaryimage","url":"https:\/\/charente.catholique.fr\/sud-charente\/wp-content\/uploads\/sites\/5\/2020\/11\/a-leglise-les-moniales-1.jpg","contentUrl":"https:\/\/charente.catholique.fr\/sud-charente\/wp-content\/uploads\/sites\/5\/2020\/11\/a-leglise-les-moniales-1.jpg","width":1106,"height":484},{"@type":"BreadcrumbList","@id":"https:\/\/charente.catholique.fr\/sud-charente\/actualites\/message-de-maumont-du-6-novembre-2020\/#breadcrumb","itemListElement":[{"@type":"ListItem","position":1,"name":"Accueil","item":"https:\/\/charente.catholique.fr\/sud-charente\/"},{"@type":"ListItem","position":2,"name":"Message de Maumont du 6 novembre 2020"}]},{"@type":"WebSite","@id":"https:\/\/charente.catholique.fr\/sud-charente\/#website","url":"https:\/\/charente.catholique.fr\/sud-charente\/","name":"Doyenn\u00e9 Sud Charente - Dioc\u00e8se d'Angoul\u00eame","description":"Dioc\u00e8se d&#039;Angoul\u00eame","publisher":{"@id":"https:\/\/charente.catholique.fr\/sud-charente\/#organization"},"potentialAction":[{"@type":"SearchAction","target":{"@type":"EntryPoint","urlTemplate":"https:\/\/charente.catholique.fr\/sud-charente\/?s={search_term_string}"},"query-input":{"@type":"PropertyValueSpecification","valueRequired":true,"valueName":"search_term_string"}}],"inLanguage":"fr-FR"},{"@type":"Organization","@id":"https:\/\/charente.catholique.fr\/sud-charente\/#organization","name":"Association dioc\u00e9saine d'Angoul\u00eame","url":"https:\/\/charente.catholique.fr\/sud-charente\/","logo":{"@type":"ImageObject","inLanguage":"fr-FR","@id":"https:\/\/charente.catholique.fr\/sud-charente\/#\/schema\/logo\/image\/","url":"https:\/\/charente.catholique.fr\/sud-charente\/wp-content\/uploads\/sites\/5\/2020\/10\/logos.png","contentUrl":"https:\/\/charente.catholique.fr\/sud-charente\/wp-content\/uploads\/sites\/5\/2020\/10\/logos.png","width":600,"height":257,"caption":"Association dioc\u00e9saine d'Angoul\u00eame"},"image":{"@id":"https:\/\/charente.catholique.fr\/sud-charente\/#\/schema\/logo\/image\/"},"sameAs":["https:\/\/www.facebook.com\/EgliseCatholiqueCharente","https:\/\/x.com\/diocesecharente","https:\/\/www.instagram.com\/eglisecharente","https:\/\/www.youtube.com\/channel\/UCByyFWApZbw3gDTiADoiAaQ"]},{"@type":"Person","@id":"https:\/\/charente.catholique.fr\/sud-charente\/#\/schema\/person\/ddcc6ba32a4484b49a276652de901387","name":"Beno\u00eet","image":{"@type":"ImageObject","inLanguage":"fr-FR","@id":"https:\/\/charente.catholique.fr\/sud-charente\/#\/schema\/person\/image\/","url":"https:\/\/secure.gravatar.com\/avatar\/367de281020c81cafc6a2f9b79fef00a1981a890412ad8b09b11385575886666?s=96&d=mm&r=g","contentUrl":"https:\/\/secure.gravatar.com\/avatar\/367de281020c81cafc6a2f9b79fef00a1981a890412ad8b09b11385575886666?s=96&d=mm&r=g","caption":"Beno\u00eet"},"url":"https:\/\/charente.catholique.fr\/sud-charente\/author\/benoitlecomte\/"}]}},"_links":{"self":[{"href":"https:\/\/charente.catholique.fr\/sud-charente\/wp-json\/wp\/v2\/posts\/523","targetHints":{"allow":["GET"]}}],"collection":[{"href":"https:\/\/charente.catholique.fr\/sud-charente\/wp-json\/wp\/v2\/posts"}],"about":[{"href":"https:\/\/charente.catholique.fr\/sud-charente\/wp-json\/wp\/v2\/types\/post"}],"author":[{"embeddable":true,"href":"https:\/\/charente.catholique.fr\/sud-charente\/wp-json\/wp\/v2\/users\/4"}],"replies":[{"embeddable":true,"href":"https:\/\/charente.catholique.fr\/sud-charente\/wp-json\/wp\/v2\/comments?post=523"}],"version-history":[{"count":1,"href":"https:\/\/charente.catholique.fr\/sud-charente\/wp-json\/wp\/v2\/posts\/523\/revisions"}],"predecessor-version":[{"id":524,"href":"https:\/\/charente.catholique.fr\/sud-charente\/wp-json\/wp\/v2\/posts\/523\/revisions\/524"}],"wp:featuredmedia":[{"embeddable":true,"href":"https:\/\/charente.catholique.fr\/sud-charente\/wp-json\/wp\/v2\/media\/529"}],"wp:attachment":[{"href":"https:\/\/charente.catholique.fr\/sud-charente\/wp-json\/wp\/v2\/media?parent=523"}],"wp:term":[{"taxonomy":"category","embeddable":true,"href":"https:\/\/charente.catholique.fr\/sud-charente\/wp-json\/wp\/v2\/categories?post=523"},{"taxonomy":"post_tag","embeddable":true,"href":"https:\/\/charente.catholique.fr\/sud-charente\/wp-json\/wp\/v2\/tags?post=523"}],"curies":[{"name":"wp","href":"https:\/\/api.w.org\/{rel}","templated":true}]}}