{"id":5149,"date":"2023-01-07T19:20:21","date_gmt":"2023-01-07T18:20:21","guid":{"rendered":"https:\/\/charente.catholique.fr\/sud-charente\/?p=5149"},"modified":"2023-01-08T19:33:48","modified_gmt":"2023-01-08T18:33:48","slug":"echos-de-leap-du-5-janvier-2023","status":"publish","type":"post","link":"https:\/\/charente.catholique.fr\/sud-charente\/actualites\/echos-de-leap-du-5-janvier-2023\/","title":{"rendered":"Echos de l&#8217;EAP du 5 janvier 2023"},"content":{"rendered":"\n<p>L&#8217;Equipe d&#8217;Animation Pastorale (EAP) de la paroisse s&#8217;est r\u00e9unie le 5 janvier dernier. <\/p>\n\n\n\n<h5 class=\"wp-block-heading\">Cette rencontre \u00e9tait l&#8217;occasion de revenir dans un premier temps sur les derniers rendez-vous v\u00e9cu, et notamment le temps de l&#8217;Avent et de No\u00ebl. <\/h5>\n\n\n\n<p>Les c\u00e9r\u00e9monies de No\u00ebl ont \u00e9t\u00e9 appr\u00e9ci\u00e9es, elles \u00e9taient belles, de qualit\u00e9, avec beaucoup de monde le 24 au soir.<\/p>\n\n\n\n<p>La d\u00e9marche de l&#8217;Avent, avec les invitations du dimanche, a donn\u00e9 lieu \u00e0 de belles rencontres. Il y a eu des invitations, il y en a encore. On a pris le temps de s&#8217;accueillir, cela a permis d&#8217;inviter des gens qu&#8217;on n&#8217;invitait pas&#8230;<\/p>\n\n\n\n<p>Les rendez-vous de cat\u00e9 avec les enfants les samedis soirs ont \u00e9t\u00e9 de tr\u00e8s beaux moments, avec une belle d\u00e9couverte de la pri\u00e8re et de la confession pour les enfants. <\/p>\n\n\n\n<p>Enfin, le r\u00e9veillon solidaire a rassembl\u00e9 une vingtaine de personnes de tous horizons pour une soir\u00e9e tr\u00e8s sympathique.<\/p>\n\n\n\n<p>L&#8217;EAP s&#8217;est pos\u00e9e la question des c\u00e9l\u00e9brations de r\u00e9conciliation : il y a eu tr\u00e8s peu de personnes, alors que beaucoup de demandes de confession ont \u00e9t\u00e9 faites hors des temps de c\u00e9l\u00e9brations propos\u00e9es. Cela invite \u00e0 retravailler la compr\u00e9hension de ce sacrement, ainsi que les horaires des c\u00e9l\u00e9brations et leur communication. Ce sacrement sera l&#8217;occasion d&#8217;une red\u00e9couverte pendant le temps du car\u00eame prochain. <\/p>\n\n\n\n<h5 class=\"wp-block-heading\">Retour sur le projet &#8220;bar&#8221;<\/h5>\n\n\n\n<p>Une rencontre a eu lieu cette semaine entre la commission immobilier, des membres du bureau de l&#8217;association Le Fraternel, la paroisse et le Forum Magdalena, pour mettre au point les derniers papiers et conventions n\u00e9cessaires, et parler du futur chantier de r\u00e9novation de la salle. <\/p>\n\n\n\n<p>L&#8217;assembl\u00e9e g\u00e9n\u00e9rale ce mardi 10 janvier \u00e0 20h permettra de pr\u00e9senter au plus grand nombre l&#8217;avanc\u00e9e de ce projet et les prochaines \u00e9tapes. <\/p>\n\n\n\n<h5 class=\"wp-block-heading\">Renouvellement de l&#8217;EAP<\/h5>\n\n\n\n<p>L&#8217;EAP dans sa composition actuelle terminera son mandat au d\u00e9but de l&#8217;ann\u00e9e pastorale prochaine (en septembre). Un premier \u00e9change a eu lieu pour d\u00e9finir ensemble les modalit\u00e9s de renouvellement. Il a \u00e9t\u00e9 d\u00e9cid\u00e9 qu&#8217;une consultation paroissiale serait faite du 1er au 5\u00e8me dimanche de car\u00eame pour proposer des noms de personnes qui pourraient participer \u00e0 cette \u00e9quipe. <\/p>\n\n\n\n<h5 class=\"wp-block-heading\">Sujets divers<\/h5>\n\n\n\n<p>L&#8217;EAP a enfin abord\u00e9 rapidement d&#8217;autres sujets : le p\u00e8lerinage \u00e0 Lourdes en mai prochain, l&#8217;accueil du partenaire du CCFD en mars les missions de Fr\u00e9d\u00e9ric Cussac dans le doyenn\u00e9, les ventes au profit des JMJ et du p\u00e8lerinage des jeunes, le groupe des &#8220;recomman\u00e7ants&#8221;, anim\u00e9 par Pascal, ouvert \u00e9gament \u00e0 tous les adultes qui le souhaitent. <\/p>\n\n\n\n<p><\/p>\n\n\n\n<p><strong>La prochaine rencontre aura lieu le 2 f\u00e9vrier.<\/strong><\/p>\n","protected":false},"excerpt":{"rendered":"<p>L&#8217;Equipe d&#8217;Animation Pastorale (EAP) de la paroisse s&#8217;est r\u00e9unie le 5 janvier dernier. Cette rencontre \u00e9tait l&#8217;occasion de revenir dans un premier temps sur les derniers rendez-vous v\u00e9cu, et notamment le temps de l&#8217;Avent et de No\u00ebl. Les c\u00e9r\u00e9monies de No\u00ebl ont \u00e9t\u00e9 appr\u00e9ci\u00e9es, elles \u00e9taient belles, de qualit\u00e9, avec beaucoup de monde le 24 [&hellip;]<\/p>\n","protected":false},"author":4,"featured_media":273,"comment_status":"open","ping_status":"open","sticky":false,"template":"","format":"standard","meta":{"_acf_changed":false,"paroisse":["15"],"service":["0"],"footnotes":""},"categories":[1,4,9],"tags":[],"class_list":["post-5149","post","type-post","status-publish","format-standard","has-post-thumbnail","hentry","category-actualites","category-barbezieux","category-equipe-danimation-pastorale","validated"],"acf":[],"yoast_head":"<!-- This site is optimized with the Yoast SEO plugin v27.1.1 - https:\/\/yoast.com\/product\/yoast-seo-wordpress\/ -->\n<title>Echos de l&#039;EAP du 5 janvier 2023 - Doyenn\u00e9 Sud Charente<\/title>\n<meta name=\"robots\" content=\"index, follow, max-snippet:-1, max-image-preview:large, max-video-preview:-1\" \/>\n<link rel=\"canonical\" href=\"https:\/\/charente.catholique.fr\/sud-charente\/actualites\/echos-de-leap-du-5-janvier-2023\/\" \/>\n<meta property=\"og:locale\" content=\"fr_FR\" \/>\n<meta property=\"og:type\" content=\"article\" \/>\n<meta property=\"og:title\" content=\"Echos de l&#039;EAP du 5 janvier 2023 - Doyenn\u00e9 Sud Charente\" \/>\n<meta property=\"og:description\" content=\"L&#8217;Equipe d&#8217;Animation Pastorale (EAP) de la paroisse s&#8217;est r\u00e9unie le 5 janvier dernier. Cette rencontre \u00e9tait l&#8217;occasion de revenir dans un premier temps sur les derniers rendez-vous v\u00e9cu, et notamment le temps de l&#8217;Avent et de No\u00ebl. Les c\u00e9r\u00e9monies de No\u00ebl ont \u00e9t\u00e9 appr\u00e9ci\u00e9es, elles \u00e9taient belles, de qualit\u00e9, avec beaucoup de monde le 24 [&hellip;]\" \/>\n<meta property=\"og:url\" content=\"https:\/\/charente.catholique.fr\/sud-charente\/actualites\/echos-de-leap-du-5-janvier-2023\/\" \/>\n<meta property=\"og:site_name\" content=\"Doyenn\u00e9 Sud Charente\" \/>\n<meta property=\"article:publisher\" content=\"https:\/\/www.facebook.com\/EgliseCatholiqueCharente\" \/>\n<meta property=\"article:published_time\" content=\"2023-01-07T18:20:21+00:00\" \/>\n<meta property=\"article:modified_time\" content=\"2023-01-08T18:33:48+00:00\" \/>\n<meta property=\"og:image\" content=\"https:\/\/charente.catholique.fr\/sud-charente\/wp-content\/uploads\/sites\/5\/2020\/07\/logo_paroissebbb-scaled.jpg\" \/>\n\t<meta property=\"og:image:width\" content=\"2560\" \/>\n\t<meta property=\"og:image:height\" content=\"890\" \/>\n\t<meta property=\"og:image:type\" content=\"image\/jpeg\" \/>\n<meta name=\"author\" content=\"Beno\u00eet\" \/>\n<meta name=\"twitter:card\" content=\"summary_large_image\" \/>\n<meta name=\"twitter:creator\" content=\"@diocesecharente\" \/>\n<meta name=\"twitter:site\" content=\"@diocesecharente\" \/>\n<meta name=\"twitter:label1\" content=\"\u00c9crit par\" \/>\n\t<meta name=\"twitter:data1\" content=\"Beno\u00eet\" \/>\n\t<meta name=\"twitter:label2\" content=\"Dur\u00e9e de lecture estim\u00e9e\" \/>\n\t<meta name=\"twitter:data2\" content=\"3 minutes\" \/>\n<script type=\"application\/ld+json\" class=\"yoast-schema-graph\">{\"@context\":\"https:\/\/schema.org\",\"@graph\":[{\"@type\":\"Article\",\"@id\":\"https:\/\/charente.catholique.fr\/sud-charente\/actualites\/echos-de-leap-du-5-janvier-2023\/#article\",\"isPartOf\":{\"@id\":\"https:\/\/charente.catholique.fr\/sud-charente\/actualites\/echos-de-leap-du-5-janvier-2023\/\"},\"author\":{\"name\":\"Beno\u00eet\",\"@id\":\"https:\/\/charente.catholique.fr\/sud-charente\/#\/schema\/person\/ddcc6ba32a4484b49a276652de901387\"},\"headline\":\"Echos de l&#8217;EAP du 5 janvier 2023\",\"datePublished\":\"2023-01-07T18:20:21+00:00\",\"dateModified\":\"2023-01-08T18:33:48+00:00\",\"mainEntityOfPage\":{\"@id\":\"https:\/\/charente.catholique.fr\/sud-charente\/actualites\/echos-de-leap-du-5-janvier-2023\/\"},\"wordCount\":477,\"commentCount\":1,\"publisher\":{\"@id\":\"https:\/\/charente.catholique.fr\/sud-charente\/#organization\"},\"image\":{\"@id\":\"https:\/\/charente.catholique.fr\/sud-charente\/actualites\/echos-de-leap-du-5-janvier-2023\/#primaryimage\"},\"thumbnailUrl\":\"https:\/\/charente.catholique.fr\/sud-charente\/wp-content\/uploads\/sites\/5\/2020\/07\/logo_paroissebbb-scaled.jpg\",\"articleSection\":[\"Actualit\u00e9s\",\"Barbezieux\",\"Equipe d'Animation Pastorale\"],\"inLanguage\":\"fr-FR\",\"potentialAction\":[{\"@type\":\"CommentAction\",\"name\":\"Comment\",\"target\":[\"https:\/\/charente.catholique.fr\/sud-charente\/actualites\/echos-de-leap-du-5-janvier-2023\/#respond\"]}]},{\"@type\":\"WebPage\",\"@id\":\"https:\/\/charente.catholique.fr\/sud-charente\/actualites\/echos-de-leap-du-5-janvier-2023\/\",\"url\":\"https:\/\/charente.catholique.fr\/sud-charente\/actualites\/echos-de-leap-du-5-janvier-2023\/\",\"name\":\"Echos de l'EAP du 5 janvier 2023 - Doyenn\u00e9 Sud Charente\",\"isPartOf\":{\"@id\":\"https:\/\/charente.catholique.fr\/sud-charente\/#website\"},\"primaryImageOfPage\":{\"@id\":\"https:\/\/charente.catholique.fr\/sud-charente\/actualites\/echos-de-leap-du-5-janvier-2023\/#primaryimage\"},\"image\":{\"@id\":\"https:\/\/charente.catholique.fr\/sud-charente\/actualites\/echos-de-leap-du-5-janvier-2023\/#primaryimage\"},\"thumbnailUrl\":\"https:\/\/charente.catholique.fr\/sud-charente\/wp-content\/uploads\/sites\/5\/2020\/07\/logo_paroissebbb-scaled.jpg\",\"datePublished\":\"2023-01-07T18:20:21+00:00\",\"dateModified\":\"2023-01-08T18:33:48+00:00\",\"breadcrumb\":{\"@id\":\"https:\/\/charente.catholique.fr\/sud-charente\/actualites\/echos-de-leap-du-5-janvier-2023\/#breadcrumb\"},\"inLanguage\":\"fr-FR\",\"potentialAction\":[{\"@type\":\"ReadAction\",\"target\":[\"https:\/\/charente.catholique.fr\/sud-charente\/actualites\/echos-de-leap-du-5-janvier-2023\/\"]}]},{\"@type\":\"ImageObject\",\"inLanguage\":\"fr-FR\",\"@id\":\"https:\/\/charente.catholique.fr\/sud-charente\/actualites\/echos-de-leap-du-5-janvier-2023\/#primaryimage\",\"url\":\"https:\/\/charente.catholique.fr\/sud-charente\/wp-content\/uploads\/sites\/5\/2020\/07\/logo_paroissebbb-scaled.jpg\",\"contentUrl\":\"https:\/\/charente.catholique.fr\/sud-charente\/wp-content\/uploads\/sites\/5\/2020\/07\/logo_paroissebbb-scaled.jpg\",\"width\":2560,\"height\":890},{\"@type\":\"BreadcrumbList\",\"@id\":\"https:\/\/charente.catholique.fr\/sud-charente\/actualites\/echos-de-leap-du-5-janvier-2023\/#breadcrumb\",\"itemListElement\":[{\"@type\":\"ListItem\",\"position\":1,\"name\":\"Accueil\",\"item\":\"https:\/\/charente.catholique.fr\/sud-charente\/\"},{\"@type\":\"ListItem\",\"position\":2,\"name\":\"Echos de l&#8217;EAP du 5 janvier 2023\"}]},{\"@type\":\"WebSite\",\"@id\":\"https:\/\/charente.catholique.fr\/sud-charente\/#website\",\"url\":\"https:\/\/charente.catholique.fr\/sud-charente\/\",\"name\":\"Doyenn\u00e9 Sud Charente - Dioc\u00e8se d'Angoul\u00eame\",\"description\":\"Dioc\u00e8se d&#039;Angoul\u00eame\",\"publisher\":{\"@id\":\"https:\/\/charente.catholique.fr\/sud-charente\/#organization\"},\"potentialAction\":[{\"@type\":\"SearchAction\",\"target\":{\"@type\":\"EntryPoint\",\"urlTemplate\":\"https:\/\/charente.catholique.fr\/sud-charente\/?s={search_term_string}\"},\"query-input\":{\"@type\":\"PropertyValueSpecification\",\"valueRequired\":true,\"valueName\":\"search_term_string\"}}],\"inLanguage\":\"fr-FR\"},{\"@type\":\"Organization\",\"@id\":\"https:\/\/charente.catholique.fr\/sud-charente\/#organization\",\"name\":\"Association dioc\u00e9saine d'Angoul\u00eame\",\"url\":\"https:\/\/charente.catholique.fr\/sud-charente\/\",\"logo\":{\"@type\":\"ImageObject\",\"inLanguage\":\"fr-FR\",\"@id\":\"https:\/\/charente.catholique.fr\/sud-charente\/#\/schema\/logo\/image\/\",\"url\":\"https:\/\/charente.catholique.fr\/sud-charente\/wp-content\/uploads\/sites\/5\/2020\/10\/logos.png\",\"contentUrl\":\"https:\/\/charente.catholique.fr\/sud-charente\/wp-content\/uploads\/sites\/5\/2020\/10\/logos.png\",\"width\":600,\"height\":257,\"caption\":\"Association dioc\u00e9saine d'Angoul\u00eame\"},\"image\":{\"@id\":\"https:\/\/charente.catholique.fr\/sud-charente\/#\/schema\/logo\/image\/\"},\"sameAs\":[\"https:\/\/www.facebook.com\/EgliseCatholiqueCharente\",\"https:\/\/x.com\/diocesecharente\",\"https:\/\/www.instagram.com\/eglisecharente\",\"https:\/\/www.youtube.com\/channel\/UCByyFWApZbw3gDTiADoiAaQ\"]},{\"@type\":\"Person\",\"@id\":\"https:\/\/charente.catholique.fr\/sud-charente\/#\/schema\/person\/ddcc6ba32a4484b49a276652de901387\",\"name\":\"Beno\u00eet\",\"image\":{\"@type\":\"ImageObject\",\"inLanguage\":\"fr-FR\",\"@id\":\"https:\/\/charente.catholique.fr\/sud-charente\/#\/schema\/person\/image\/\",\"url\":\"https:\/\/secure.gravatar.com\/avatar\/367de281020c81cafc6a2f9b79fef00a1981a890412ad8b09b11385575886666?s=96&d=mm&r=g\",\"contentUrl\":\"https:\/\/secure.gravatar.com\/avatar\/367de281020c81cafc6a2f9b79fef00a1981a890412ad8b09b11385575886666?s=96&d=mm&r=g\",\"caption\":\"Beno\u00eet\"},\"url\":\"https:\/\/charente.catholique.fr\/sud-charente\/author\/benoitlecomte\/\"}]}<\/script>\n<!-- \/ Yoast SEO plugin. -->","yoast_head_json":{"title":"Echos de l'EAP du 5 janvier 2023 - Doyenn\u00e9 Sud Charente","robots":{"index":"index","follow":"follow","max-snippet":"max-snippet:-1","max-image-preview":"max-image-preview:large","max-video-preview":"max-video-preview:-1"},"canonical":"https:\/\/charente.catholique.fr\/sud-charente\/actualites\/echos-de-leap-du-5-janvier-2023\/","og_locale":"fr_FR","og_type":"article","og_title":"Echos de l'EAP du 5 janvier 2023 - Doyenn\u00e9 Sud Charente","og_description":"L&#8217;Equipe d&#8217;Animation Pastorale (EAP) de la paroisse s&#8217;est r\u00e9unie le 5 janvier dernier. Cette rencontre \u00e9tait l&#8217;occasion de revenir dans un premier temps sur les derniers rendez-vous v\u00e9cu, et notamment le temps de l&#8217;Avent et de No\u00ebl. Les c\u00e9r\u00e9monies de No\u00ebl ont \u00e9t\u00e9 appr\u00e9ci\u00e9es, elles \u00e9taient belles, de qualit\u00e9, avec beaucoup de monde le 24 [&hellip;]","og_url":"https:\/\/charente.catholique.fr\/sud-charente\/actualites\/echos-de-leap-du-5-janvier-2023\/","og_site_name":"Doyenn\u00e9 Sud Charente","article_publisher":"https:\/\/www.facebook.com\/EgliseCatholiqueCharente","article_published_time":"2023-01-07T18:20:21+00:00","article_modified_time":"2023-01-08T18:33:48+00:00","og_image":[{"width":2560,"height":890,"url":"https:\/\/charente.catholique.fr\/sud-charente\/wp-content\/uploads\/sites\/5\/2020\/07\/logo_paroissebbb-scaled.jpg","type":"image\/jpeg"}],"author":"Beno\u00eet","twitter_card":"summary_large_image","twitter_creator":"@diocesecharente","twitter_site":"@diocesecharente","twitter_misc":{"\u00c9crit par":"Beno\u00eet","Dur\u00e9e de lecture estim\u00e9e":"3 minutes"},"schema":{"@context":"https:\/\/schema.org","@graph":[{"@type":"Article","@id":"https:\/\/charente.catholique.fr\/sud-charente\/actualites\/echos-de-leap-du-5-janvier-2023\/#article","isPartOf":{"@id":"https:\/\/charente.catholique.fr\/sud-charente\/actualites\/echos-de-leap-du-5-janvier-2023\/"},"author":{"name":"Beno\u00eet","@id":"https:\/\/charente.catholique.fr\/sud-charente\/#\/schema\/person\/ddcc6ba32a4484b49a276652de901387"},"headline":"Echos de l&#8217;EAP du 5 janvier 2023","datePublished":"2023-01-07T18:20:21+00:00","dateModified":"2023-01-08T18:33:48+00:00","mainEntityOfPage":{"@id":"https:\/\/charente.catholique.fr\/sud-charente\/actualites\/echos-de-leap-du-5-janvier-2023\/"},"wordCount":477,"commentCount":1,"publisher":{"@id":"https:\/\/charente.catholique.fr\/sud-charente\/#organization"},"image":{"@id":"https:\/\/charente.catholique.fr\/sud-charente\/actualites\/echos-de-leap-du-5-janvier-2023\/#primaryimage"},"thumbnailUrl":"https:\/\/charente.catholique.fr\/sud-charente\/wp-content\/uploads\/sites\/5\/2020\/07\/logo_paroissebbb-scaled.jpg","articleSection":["Actualit\u00e9s","Barbezieux","Equipe d'Animation Pastorale"],"inLanguage":"fr-FR","potentialAction":[{"@type":"CommentAction","name":"Comment","target":["https:\/\/charente.catholique.fr\/sud-charente\/actualites\/echos-de-leap-du-5-janvier-2023\/#respond"]}]},{"@type":"WebPage","@id":"https:\/\/charente.catholique.fr\/sud-charente\/actualites\/echos-de-leap-du-5-janvier-2023\/","url":"https:\/\/charente.catholique.fr\/sud-charente\/actualites\/echos-de-leap-du-5-janvier-2023\/","name":"Echos de l'EAP du 5 janvier 2023 - Doyenn\u00e9 Sud Charente","isPartOf":{"@id":"https:\/\/charente.catholique.fr\/sud-charente\/#website"},"primaryImageOfPage":{"@id":"https:\/\/charente.catholique.fr\/sud-charente\/actualites\/echos-de-leap-du-5-janvier-2023\/#primaryimage"},"image":{"@id":"https:\/\/charente.catholique.fr\/sud-charente\/actualites\/echos-de-leap-du-5-janvier-2023\/#primaryimage"},"thumbnailUrl":"https:\/\/charente.catholique.fr\/sud-charente\/wp-content\/uploads\/sites\/5\/2020\/07\/logo_paroissebbb-scaled.jpg","datePublished":"2023-01-07T18:20:21+00:00","dateModified":"2023-01-08T18:33:48+00:00","breadcrumb":{"@id":"https:\/\/charente.catholique.fr\/sud-charente\/actualites\/echos-de-leap-du-5-janvier-2023\/#breadcrumb"},"inLanguage":"fr-FR","potentialAction":[{"@type":"ReadAction","target":["https:\/\/charente.catholique.fr\/sud-charente\/actualites\/echos-de-leap-du-5-janvier-2023\/"]}]},{"@type":"ImageObject","inLanguage":"fr-FR","@id":"https:\/\/charente.catholique.fr\/sud-charente\/actualites\/echos-de-leap-du-5-janvier-2023\/#primaryimage","url":"https:\/\/charente.catholique.fr\/sud-charente\/wp-content\/uploads\/sites\/5\/2020\/07\/logo_paroissebbb-scaled.jpg","contentUrl":"https:\/\/charente.catholique.fr\/sud-charente\/wp-content\/uploads\/sites\/5\/2020\/07\/logo_paroissebbb-scaled.jpg","width":2560,"height":890},{"@type":"BreadcrumbList","@id":"https:\/\/charente.catholique.fr\/sud-charente\/actualites\/echos-de-leap-du-5-janvier-2023\/#breadcrumb","itemListElement":[{"@type":"ListItem","position":1,"name":"Accueil","item":"https:\/\/charente.catholique.fr\/sud-charente\/"},{"@type":"ListItem","position":2,"name":"Echos de l&#8217;EAP du 5 janvier 2023"}]},{"@type":"WebSite","@id":"https:\/\/charente.catholique.fr\/sud-charente\/#website","url":"https:\/\/charente.catholique.fr\/sud-charente\/","name":"Doyenn\u00e9 Sud Charente - Dioc\u00e8se d'Angoul\u00eame","description":"Dioc\u00e8se d&#039;Angoul\u00eame","publisher":{"@id":"https:\/\/charente.catholique.fr\/sud-charente\/#organization"},"potentialAction":[{"@type":"SearchAction","target":{"@type":"EntryPoint","urlTemplate":"https:\/\/charente.catholique.fr\/sud-charente\/?s={search_term_string}"},"query-input":{"@type":"PropertyValueSpecification","valueRequired":true,"valueName":"search_term_string"}}],"inLanguage":"fr-FR"},{"@type":"Organization","@id":"https:\/\/charente.catholique.fr\/sud-charente\/#organization","name":"Association dioc\u00e9saine d'Angoul\u00eame","url":"https:\/\/charente.catholique.fr\/sud-charente\/","logo":{"@type":"ImageObject","inLanguage":"fr-FR","@id":"https:\/\/charente.catholique.fr\/sud-charente\/#\/schema\/logo\/image\/","url":"https:\/\/charente.catholique.fr\/sud-charente\/wp-content\/uploads\/sites\/5\/2020\/10\/logos.png","contentUrl":"https:\/\/charente.catholique.fr\/sud-charente\/wp-content\/uploads\/sites\/5\/2020\/10\/logos.png","width":600,"height":257,"caption":"Association dioc\u00e9saine d'Angoul\u00eame"},"image":{"@id":"https:\/\/charente.catholique.fr\/sud-charente\/#\/schema\/logo\/image\/"},"sameAs":["https:\/\/www.facebook.com\/EgliseCatholiqueCharente","https:\/\/x.com\/diocesecharente","https:\/\/www.instagram.com\/eglisecharente","https:\/\/www.youtube.com\/channel\/UCByyFWApZbw3gDTiADoiAaQ"]},{"@type":"Person","@id":"https:\/\/charente.catholique.fr\/sud-charente\/#\/schema\/person\/ddcc6ba32a4484b49a276652de901387","name":"Beno\u00eet","image":{"@type":"ImageObject","inLanguage":"fr-FR","@id":"https:\/\/charente.catholique.fr\/sud-charente\/#\/schema\/person\/image\/","url":"https:\/\/secure.gravatar.com\/avatar\/367de281020c81cafc6a2f9b79fef00a1981a890412ad8b09b11385575886666?s=96&d=mm&r=g","contentUrl":"https:\/\/secure.gravatar.com\/avatar\/367de281020c81cafc6a2f9b79fef00a1981a890412ad8b09b11385575886666?s=96&d=mm&r=g","caption":"Beno\u00eet"},"url":"https:\/\/charente.catholique.fr\/sud-charente\/author\/benoitlecomte\/"}]}},"_links":{"self":[{"href":"https:\/\/charente.catholique.fr\/sud-charente\/wp-json\/wp\/v2\/posts\/5149","targetHints":{"allow":["GET"]}}],"collection":[{"href":"https:\/\/charente.catholique.fr\/sud-charente\/wp-json\/wp\/v2\/posts"}],"about":[{"href":"https:\/\/charente.catholique.fr\/sud-charente\/wp-json\/wp\/v2\/types\/post"}],"author":[{"embeddable":true,"href":"https:\/\/charente.catholique.fr\/sud-charente\/wp-json\/wp\/v2\/users\/4"}],"replies":[{"embeddable":true,"href":"https:\/\/charente.catholique.fr\/sud-charente\/wp-json\/wp\/v2\/comments?post=5149"}],"version-history":[{"count":1,"href":"https:\/\/charente.catholique.fr\/sud-charente\/wp-json\/wp\/v2\/posts\/5149\/revisions"}],"predecessor-version":[{"id":5150,"href":"https:\/\/charente.catholique.fr\/sud-charente\/wp-json\/wp\/v2\/posts\/5149\/revisions\/5150"}],"wp:featuredmedia":[{"embeddable":true,"href":"https:\/\/charente.catholique.fr\/sud-charente\/wp-json\/wp\/v2\/media\/273"}],"wp:attachment":[{"href":"https:\/\/charente.catholique.fr\/sud-charente\/wp-json\/wp\/v2\/media?parent=5149"}],"wp:term":[{"taxonomy":"category","embeddable":true,"href":"https:\/\/charente.catholique.fr\/sud-charente\/wp-json\/wp\/v2\/categories?post=5149"},{"taxonomy":"post_tag","embeddable":true,"href":"https:\/\/charente.catholique.fr\/sud-charente\/wp-json\/wp\/v2\/tags?post=5149"}],"curies":[{"name":"wp","href":"https:\/\/api.w.org\/{rel}","templated":true}]}}