{"id":5100,"date":"2023-01-03T21:01:36","date_gmt":"2023-01-03T20:01:36","guid":{"rendered":"https:\/\/charente.catholique.fr\/sud-charente\/?p=5100"},"modified":"2023-02-11T21:10:06","modified_gmt":"2023-02-11T20:10:06","slug":"un-reveillon-solidaire-riche-de-sens-et-dechanges","status":"publish","type":"post","link":"https:\/\/charente.catholique.fr\/sud-charente\/actualites\/un-reveillon-solidaire-riche-de-sens-et-dechanges\/","title":{"rendered":"Un R\u00e9veillon solidaire riche de sens et d&#8217;\u00e9changes"},"content":{"rendered":"\n<p>Samedi 31 d\u00e9cembre a \u00e9t\u00e9 organis\u00e9 un r\u00e9veillon dans la salle paroissiale de Barbezieux en lien avec le caf\u00e9 le Fraternel.<\/p>\n\n\n\n<p>Une vingtaine de personnes de tous horizons g\u00e9ographiques et sociaux a r\u00e9pondu pr\u00e9sent \u00e0 cette belle initiative. On y  a retrouv\u00e9 des paroissiens qui ne souhaitaient pas r\u00e9veillonner seuls chez eux, des gens vivant dans  des conditions difficiles. Quelques personnes de Montmoreau \u00e9taient pr\u00e9sentes, trouvant que cette proposition \u00e9tait vraiment porteuse de sens : que cette nouvelle ann\u00e9e soit sous le signe de l&#8217;attention \u00e0 l&#8217;Autre. Chacun avait amen\u00e9 de quoi partager, il y avait m\u00eame des huitres !  Un beau moment de convivialit\u00e9, de rencontres avec des personnes que l&#8217;on ne connaissait pas ou peu.  Les douze coups de minuit ont \u00e9t\u00e9 f\u00eat\u00e9 dans la joie !<\/p>\n\n\n\n<figure class=\"wp-block-image size-large\"><img loading=\"lazy\" decoding=\"async\" width=\"1440\" height=\"1080\" src=\"https:\/\/charente.catholique.fr\/sud-charente\/wp-content\/uploads\/sites\/5\/2023\/01\/IMG-20230103-WA0000-1440x1080.jpg\" alt=\"\" class=\"wp-image-5104\" srcset=\"https:\/\/charente.catholique.fr\/sud-charente\/wp-content\/uploads\/sites\/5\/2023\/01\/IMG-20230103-WA0000-1440x1080.jpg 1440w, https:\/\/charente.catholique.fr\/sud-charente\/wp-content\/uploads\/sites\/5\/2023\/01\/IMG-20230103-WA0000-300x225.jpg 300w, https:\/\/charente.catholique.fr\/sud-charente\/wp-content\/uploads\/sites\/5\/2023\/01\/IMG-20230103-WA0000-768x576.jpg 768w, https:\/\/charente.catholique.fr\/sud-charente\/wp-content\/uploads\/sites\/5\/2023\/01\/IMG-20230103-WA0000-1536x1152.jpg 1536w, https:\/\/charente.catholique.fr\/sud-charente\/wp-content\/uploads\/sites\/5\/2023\/01\/IMG-20230103-WA0000.jpg 2000w\" sizes=\"auto, (max-width: 1440px) 100vw, 1440px\" \/><\/figure>\n\n\n\n<figure class=\"wp-block-image size-large\"><img loading=\"lazy\" decoding=\"async\" width=\"1440\" height=\"1080\" src=\"https:\/\/charente.catholique.fr\/sud-charente\/wp-content\/uploads\/sites\/5\/2023\/01\/IMG-20230103-WA0003-1440x1080.jpg\" alt=\"\" class=\"wp-image-5105\" srcset=\"https:\/\/charente.catholique.fr\/sud-charente\/wp-content\/uploads\/sites\/5\/2023\/01\/IMG-20230103-WA0003-1440x1080.jpg 1440w, https:\/\/charente.catholique.fr\/sud-charente\/wp-content\/uploads\/sites\/5\/2023\/01\/IMG-20230103-WA0003-300x225.jpg 300w, https:\/\/charente.catholique.fr\/sud-charente\/wp-content\/uploads\/sites\/5\/2023\/01\/IMG-20230103-WA0003-768x576.jpg 768w, https:\/\/charente.catholique.fr\/sud-charente\/wp-content\/uploads\/sites\/5\/2023\/01\/IMG-20230103-WA0003-1536x1152.jpg 1536w, https:\/\/charente.catholique.fr\/sud-charente\/wp-content\/uploads\/sites\/5\/2023\/01\/IMG-20230103-WA0003.jpg 1600w\" sizes=\"auto, (max-width: 1440px) 100vw, 1440px\" \/><\/figure>\n\n\n\n<p><\/p>\n\n\n\n<p> <\/p>\n","protected":false},"excerpt":{"rendered":"<p>Samedi 31 d\u00e9cembre a \u00e9t\u00e9 organis\u00e9 un r\u00e9veillon dans la salle paroissiale de Barbezieux en lien avec le caf\u00e9 le Fraternel. Une vingtaine de personnes de tous horizons g\u00e9ographiques et sociaux a r\u00e9pondu pr\u00e9sent \u00e0 cette belle initiative. On y a retrouv\u00e9 des paroissiens qui ne souhaitaient pas r\u00e9veillonner seuls chez eux, des gens vivant [&hellip;]<\/p>\n","protected":false},"author":81,"featured_media":4954,"comment_status":"open","ping_status":"open","sticky":false,"template":"","format":"standard","meta":{"_acf_changed":false,"paroisse":["15"],"service":["0"],"footnotes":""},"categories":[1,19],"tags":[],"class_list":["post-5100","post","type-post","status-publish","format-standard","has-post-thumbnail","hentry","category-actualites","category-le-fraternel","validated"],"acf":[],"yoast_head":"<!-- This site is optimized with the Yoast SEO plugin v27.1.1 - https:\/\/yoast.com\/product\/yoast-seo-wordpress\/ -->\n<title>Un R\u00e9veillon solidaire riche de sens et d&#039;\u00e9changes - Doyenn\u00e9 Sud Charente<\/title>\n<meta name=\"robots\" content=\"index, follow, max-snippet:-1, max-image-preview:large, max-video-preview:-1\" \/>\n<link rel=\"canonical\" href=\"https:\/\/charente.catholique.fr\/sud-charente\/actualites\/un-reveillon-solidaire-riche-de-sens-et-dechanges\/\" \/>\n<meta property=\"og:locale\" content=\"fr_FR\" \/>\n<meta property=\"og:type\" content=\"article\" \/>\n<meta property=\"og:title\" content=\"Un R\u00e9veillon solidaire riche de sens et d&#039;\u00e9changes - Doyenn\u00e9 Sud Charente\" \/>\n<meta property=\"og:description\" content=\"Samedi 31 d\u00e9cembre a \u00e9t\u00e9 organis\u00e9 un r\u00e9veillon dans la salle paroissiale de Barbezieux en lien avec le caf\u00e9 le Fraternel. Une vingtaine de personnes de tous horizons g\u00e9ographiques et sociaux a r\u00e9pondu pr\u00e9sent \u00e0 cette belle initiative. On y a retrouv\u00e9 des paroissiens qui ne souhaitaient pas r\u00e9veillonner seuls chez eux, des gens vivant [&hellip;]\" \/>\n<meta property=\"og:url\" content=\"https:\/\/charente.catholique.fr\/sud-charente\/actualites\/un-reveillon-solidaire-riche-de-sens-et-dechanges\/\" \/>\n<meta property=\"og:site_name\" content=\"Doyenn\u00e9 Sud Charente\" \/>\n<meta property=\"article:publisher\" content=\"https:\/\/www.facebook.com\/EgliseCatholiqueCharente\" \/>\n<meta property=\"article:published_time\" content=\"2023-01-03T20:01:36+00:00\" \/>\n<meta property=\"article:modified_time\" content=\"2023-02-11T20:10:06+00:00\" \/>\n<meta property=\"og:image\" content=\"https:\/\/charente.catholique.fr\/sud-charente\/wp-content\/uploads\/sites\/5\/2022\/12\/affiche-reveillon-2022-1.jpg\" \/>\n\t<meta property=\"og:image:width\" content=\"842\" \/>\n\t<meta property=\"og:image:height\" content=\"1191\" \/>\n\t<meta property=\"og:image:type\" content=\"image\/jpeg\" \/>\n<meta name=\"author\" content=\"fredericcussac\" \/>\n<meta name=\"twitter:card\" content=\"summary_large_image\" \/>\n<meta name=\"twitter:creator\" content=\"@diocesecharente\" \/>\n<meta name=\"twitter:site\" content=\"@diocesecharente\" \/>\n<meta name=\"twitter:label1\" content=\"\u00c9crit par\" \/>\n\t<meta name=\"twitter:data1\" content=\"fredericcussac\" \/>\n\t<meta name=\"twitter:label2\" content=\"Dur\u00e9e de lecture estim\u00e9e\" \/>\n\t<meta name=\"twitter:data2\" content=\"2 minutes\" \/>\n<script type=\"application\/ld+json\" class=\"yoast-schema-graph\">{\"@context\":\"https:\/\/schema.org\",\"@graph\":[{\"@type\":\"Article\",\"@id\":\"https:\/\/charente.catholique.fr\/sud-charente\/actualites\/un-reveillon-solidaire-riche-de-sens-et-dechanges\/#article\",\"isPartOf\":{\"@id\":\"https:\/\/charente.catholique.fr\/sud-charente\/actualites\/un-reveillon-solidaire-riche-de-sens-et-dechanges\/\"},\"author\":{\"name\":\"fredericcussac\",\"@id\":\"https:\/\/charente.catholique.fr\/sud-charente\/#\/schema\/person\/1091af4c05b6416adff2afa9f22635a3\"},\"headline\":\"Un R\u00e9veillon solidaire riche de sens et d&#8217;\u00e9changes\",\"datePublished\":\"2023-01-03T20:01:36+00:00\",\"dateModified\":\"2023-02-11T20:10:06+00:00\",\"mainEntityOfPage\":{\"@id\":\"https:\/\/charente.catholique.fr\/sud-charente\/actualites\/un-reveillon-solidaire-riche-de-sens-et-dechanges\/\"},\"wordCount\":146,\"commentCount\":0,\"publisher\":{\"@id\":\"https:\/\/charente.catholique.fr\/sud-charente\/#organization\"},\"image\":{\"@id\":\"https:\/\/charente.catholique.fr\/sud-charente\/actualites\/un-reveillon-solidaire-riche-de-sens-et-dechanges\/#primaryimage\"},\"thumbnailUrl\":\"https:\/\/charente.catholique.fr\/sud-charente\/wp-content\/uploads\/sites\/5\/2022\/12\/affiche-reveillon-2022-1.jpg\",\"articleSection\":[\"Actualit\u00e9s\",\"Le Fraternel\"],\"inLanguage\":\"fr-FR\",\"potentialAction\":[{\"@type\":\"CommentAction\",\"name\":\"Comment\",\"target\":[\"https:\/\/charente.catholique.fr\/sud-charente\/actualites\/un-reveillon-solidaire-riche-de-sens-et-dechanges\/#respond\"]}]},{\"@type\":\"WebPage\",\"@id\":\"https:\/\/charente.catholique.fr\/sud-charente\/actualites\/un-reveillon-solidaire-riche-de-sens-et-dechanges\/\",\"url\":\"https:\/\/charente.catholique.fr\/sud-charente\/actualites\/un-reveillon-solidaire-riche-de-sens-et-dechanges\/\",\"name\":\"Un R\u00e9veillon solidaire riche de sens et d'\u00e9changes - Doyenn\u00e9 Sud Charente\",\"isPartOf\":{\"@id\":\"https:\/\/charente.catholique.fr\/sud-charente\/#website\"},\"primaryImageOfPage\":{\"@id\":\"https:\/\/charente.catholique.fr\/sud-charente\/actualites\/un-reveillon-solidaire-riche-de-sens-et-dechanges\/#primaryimage\"},\"image\":{\"@id\":\"https:\/\/charente.catholique.fr\/sud-charente\/actualites\/un-reveillon-solidaire-riche-de-sens-et-dechanges\/#primaryimage\"},\"thumbnailUrl\":\"https:\/\/charente.catholique.fr\/sud-charente\/wp-content\/uploads\/sites\/5\/2022\/12\/affiche-reveillon-2022-1.jpg\",\"datePublished\":\"2023-01-03T20:01:36+00:00\",\"dateModified\":\"2023-02-11T20:10:06+00:00\",\"breadcrumb\":{\"@id\":\"https:\/\/charente.catholique.fr\/sud-charente\/actualites\/un-reveillon-solidaire-riche-de-sens-et-dechanges\/#breadcrumb\"},\"inLanguage\":\"fr-FR\",\"potentialAction\":[{\"@type\":\"ReadAction\",\"target\":[\"https:\/\/charente.catholique.fr\/sud-charente\/actualites\/un-reveillon-solidaire-riche-de-sens-et-dechanges\/\"]}]},{\"@type\":\"ImageObject\",\"inLanguage\":\"fr-FR\",\"@id\":\"https:\/\/charente.catholique.fr\/sud-charente\/actualites\/un-reveillon-solidaire-riche-de-sens-et-dechanges\/#primaryimage\",\"url\":\"https:\/\/charente.catholique.fr\/sud-charente\/wp-content\/uploads\/sites\/5\/2022\/12\/affiche-reveillon-2022-1.jpg\",\"contentUrl\":\"https:\/\/charente.catholique.fr\/sud-charente\/wp-content\/uploads\/sites\/5\/2022\/12\/affiche-reveillon-2022-1.jpg\",\"width\":842,\"height\":1191},{\"@type\":\"BreadcrumbList\",\"@id\":\"https:\/\/charente.catholique.fr\/sud-charente\/actualites\/un-reveillon-solidaire-riche-de-sens-et-dechanges\/#breadcrumb\",\"itemListElement\":[{\"@type\":\"ListItem\",\"position\":1,\"name\":\"Accueil\",\"item\":\"https:\/\/charente.catholique.fr\/sud-charente\/\"},{\"@type\":\"ListItem\",\"position\":2,\"name\":\"Un R\u00e9veillon solidaire riche de sens et d&#8217;\u00e9changes\"}]},{\"@type\":\"WebSite\",\"@id\":\"https:\/\/charente.catholique.fr\/sud-charente\/#website\",\"url\":\"https:\/\/charente.catholique.fr\/sud-charente\/\",\"name\":\"Doyenn\u00e9 Sud Charente - Dioc\u00e8se d'Angoul\u00eame\",\"description\":\"Dioc\u00e8se d&#039;Angoul\u00eame\",\"publisher\":{\"@id\":\"https:\/\/charente.catholique.fr\/sud-charente\/#organization\"},\"potentialAction\":[{\"@type\":\"SearchAction\",\"target\":{\"@type\":\"EntryPoint\",\"urlTemplate\":\"https:\/\/charente.catholique.fr\/sud-charente\/?s={search_term_string}\"},\"query-input\":{\"@type\":\"PropertyValueSpecification\",\"valueRequired\":true,\"valueName\":\"search_term_string\"}}],\"inLanguage\":\"fr-FR\"},{\"@type\":\"Organization\",\"@id\":\"https:\/\/charente.catholique.fr\/sud-charente\/#organization\",\"name\":\"Association dioc\u00e9saine d'Angoul\u00eame\",\"url\":\"https:\/\/charente.catholique.fr\/sud-charente\/\",\"logo\":{\"@type\":\"ImageObject\",\"inLanguage\":\"fr-FR\",\"@id\":\"https:\/\/charente.catholique.fr\/sud-charente\/#\/schema\/logo\/image\/\",\"url\":\"https:\/\/charente.catholique.fr\/sud-charente\/wp-content\/uploads\/sites\/5\/2020\/10\/logos.png\",\"contentUrl\":\"https:\/\/charente.catholique.fr\/sud-charente\/wp-content\/uploads\/sites\/5\/2020\/10\/logos.png\",\"width\":600,\"height\":257,\"caption\":\"Association dioc\u00e9saine d'Angoul\u00eame\"},\"image\":{\"@id\":\"https:\/\/charente.catholique.fr\/sud-charente\/#\/schema\/logo\/image\/\"},\"sameAs\":[\"https:\/\/www.facebook.com\/EgliseCatholiqueCharente\",\"https:\/\/x.com\/diocesecharente\",\"https:\/\/www.instagram.com\/eglisecharente\",\"https:\/\/www.youtube.com\/channel\/UCByyFWApZbw3gDTiADoiAaQ\"]},{\"@type\":\"Person\",\"@id\":\"https:\/\/charente.catholique.fr\/sud-charente\/#\/schema\/person\/1091af4c05b6416adff2afa9f22635a3\",\"name\":\"fredericcussac\",\"image\":{\"@type\":\"ImageObject\",\"inLanguage\":\"fr-FR\",\"@id\":\"https:\/\/charente.catholique.fr\/sud-charente\/#\/schema\/person\/image\/\",\"url\":\"https:\/\/secure.gravatar.com\/avatar\/bb15516794c62daf902e6577bb3bcb91841d9ad0fb952bc7098b2a5ac422566f?s=96&d=mm&r=g\",\"contentUrl\":\"https:\/\/secure.gravatar.com\/avatar\/bb15516794c62daf902e6577bb3bcb91841d9ad0fb952bc7098b2a5ac422566f?s=96&d=mm&r=g\",\"caption\":\"fredericcussac\"},\"url\":\"https:\/\/charente.catholique.fr\/sud-charente\/author\/fredericcussac\/\"}]}<\/script>\n<!-- \/ Yoast SEO plugin. -->","yoast_head_json":{"title":"Un R\u00e9veillon solidaire riche de sens et d'\u00e9changes - Doyenn\u00e9 Sud Charente","robots":{"index":"index","follow":"follow","max-snippet":"max-snippet:-1","max-image-preview":"max-image-preview:large","max-video-preview":"max-video-preview:-1"},"canonical":"https:\/\/charente.catholique.fr\/sud-charente\/actualites\/un-reveillon-solidaire-riche-de-sens-et-dechanges\/","og_locale":"fr_FR","og_type":"article","og_title":"Un R\u00e9veillon solidaire riche de sens et d'\u00e9changes - Doyenn\u00e9 Sud Charente","og_description":"Samedi 31 d\u00e9cembre a \u00e9t\u00e9 organis\u00e9 un r\u00e9veillon dans la salle paroissiale de Barbezieux en lien avec le caf\u00e9 le Fraternel. Une vingtaine de personnes de tous horizons g\u00e9ographiques et sociaux a r\u00e9pondu pr\u00e9sent \u00e0 cette belle initiative. On y a retrouv\u00e9 des paroissiens qui ne souhaitaient pas r\u00e9veillonner seuls chez eux, des gens vivant [&hellip;]","og_url":"https:\/\/charente.catholique.fr\/sud-charente\/actualites\/un-reveillon-solidaire-riche-de-sens-et-dechanges\/","og_site_name":"Doyenn\u00e9 Sud Charente","article_publisher":"https:\/\/www.facebook.com\/EgliseCatholiqueCharente","article_published_time":"2023-01-03T20:01:36+00:00","article_modified_time":"2023-02-11T20:10:06+00:00","og_image":[{"width":842,"height":1191,"url":"https:\/\/charente.catholique.fr\/sud-charente\/wp-content\/uploads\/sites\/5\/2022\/12\/affiche-reveillon-2022-1.jpg","type":"image\/jpeg"}],"author":"fredericcussac","twitter_card":"summary_large_image","twitter_creator":"@diocesecharente","twitter_site":"@diocesecharente","twitter_misc":{"\u00c9crit par":"fredericcussac","Dur\u00e9e de lecture estim\u00e9e":"2 minutes"},"schema":{"@context":"https:\/\/schema.org","@graph":[{"@type":"Article","@id":"https:\/\/charente.catholique.fr\/sud-charente\/actualites\/un-reveillon-solidaire-riche-de-sens-et-dechanges\/#article","isPartOf":{"@id":"https:\/\/charente.catholique.fr\/sud-charente\/actualites\/un-reveillon-solidaire-riche-de-sens-et-dechanges\/"},"author":{"name":"fredericcussac","@id":"https:\/\/charente.catholique.fr\/sud-charente\/#\/schema\/person\/1091af4c05b6416adff2afa9f22635a3"},"headline":"Un R\u00e9veillon solidaire riche de sens et d&#8217;\u00e9changes","datePublished":"2023-01-03T20:01:36+00:00","dateModified":"2023-02-11T20:10:06+00:00","mainEntityOfPage":{"@id":"https:\/\/charente.catholique.fr\/sud-charente\/actualites\/un-reveillon-solidaire-riche-de-sens-et-dechanges\/"},"wordCount":146,"commentCount":0,"publisher":{"@id":"https:\/\/charente.catholique.fr\/sud-charente\/#organization"},"image":{"@id":"https:\/\/charente.catholique.fr\/sud-charente\/actualites\/un-reveillon-solidaire-riche-de-sens-et-dechanges\/#primaryimage"},"thumbnailUrl":"https:\/\/charente.catholique.fr\/sud-charente\/wp-content\/uploads\/sites\/5\/2022\/12\/affiche-reveillon-2022-1.jpg","articleSection":["Actualit\u00e9s","Le Fraternel"],"inLanguage":"fr-FR","potentialAction":[{"@type":"CommentAction","name":"Comment","target":["https:\/\/charente.catholique.fr\/sud-charente\/actualites\/un-reveillon-solidaire-riche-de-sens-et-dechanges\/#respond"]}]},{"@type":"WebPage","@id":"https:\/\/charente.catholique.fr\/sud-charente\/actualites\/un-reveillon-solidaire-riche-de-sens-et-dechanges\/","url":"https:\/\/charente.catholique.fr\/sud-charente\/actualites\/un-reveillon-solidaire-riche-de-sens-et-dechanges\/","name":"Un R\u00e9veillon solidaire riche de sens et d'\u00e9changes - Doyenn\u00e9 Sud Charente","isPartOf":{"@id":"https:\/\/charente.catholique.fr\/sud-charente\/#website"},"primaryImageOfPage":{"@id":"https:\/\/charente.catholique.fr\/sud-charente\/actualites\/un-reveillon-solidaire-riche-de-sens-et-dechanges\/#primaryimage"},"image":{"@id":"https:\/\/charente.catholique.fr\/sud-charente\/actualites\/un-reveillon-solidaire-riche-de-sens-et-dechanges\/#primaryimage"},"thumbnailUrl":"https:\/\/charente.catholique.fr\/sud-charente\/wp-content\/uploads\/sites\/5\/2022\/12\/affiche-reveillon-2022-1.jpg","datePublished":"2023-01-03T20:01:36+00:00","dateModified":"2023-02-11T20:10:06+00:00","breadcrumb":{"@id":"https:\/\/charente.catholique.fr\/sud-charente\/actualites\/un-reveillon-solidaire-riche-de-sens-et-dechanges\/#breadcrumb"},"inLanguage":"fr-FR","potentialAction":[{"@type":"ReadAction","target":["https:\/\/charente.catholique.fr\/sud-charente\/actualites\/un-reveillon-solidaire-riche-de-sens-et-dechanges\/"]}]},{"@type":"ImageObject","inLanguage":"fr-FR","@id":"https:\/\/charente.catholique.fr\/sud-charente\/actualites\/un-reveillon-solidaire-riche-de-sens-et-dechanges\/#primaryimage","url":"https:\/\/charente.catholique.fr\/sud-charente\/wp-content\/uploads\/sites\/5\/2022\/12\/affiche-reveillon-2022-1.jpg","contentUrl":"https:\/\/charente.catholique.fr\/sud-charente\/wp-content\/uploads\/sites\/5\/2022\/12\/affiche-reveillon-2022-1.jpg","width":842,"height":1191},{"@type":"BreadcrumbList","@id":"https:\/\/charente.catholique.fr\/sud-charente\/actualites\/un-reveillon-solidaire-riche-de-sens-et-dechanges\/#breadcrumb","itemListElement":[{"@type":"ListItem","position":1,"name":"Accueil","item":"https:\/\/charente.catholique.fr\/sud-charente\/"},{"@type":"ListItem","position":2,"name":"Un R\u00e9veillon solidaire riche de sens et d&#8217;\u00e9changes"}]},{"@type":"WebSite","@id":"https:\/\/charente.catholique.fr\/sud-charente\/#website","url":"https:\/\/charente.catholique.fr\/sud-charente\/","name":"Doyenn\u00e9 Sud Charente - Dioc\u00e8se d'Angoul\u00eame","description":"Dioc\u00e8se d&#039;Angoul\u00eame","publisher":{"@id":"https:\/\/charente.catholique.fr\/sud-charente\/#organization"},"potentialAction":[{"@type":"SearchAction","target":{"@type":"EntryPoint","urlTemplate":"https:\/\/charente.catholique.fr\/sud-charente\/?s={search_term_string}"},"query-input":{"@type":"PropertyValueSpecification","valueRequired":true,"valueName":"search_term_string"}}],"inLanguage":"fr-FR"},{"@type":"Organization","@id":"https:\/\/charente.catholique.fr\/sud-charente\/#organization","name":"Association dioc\u00e9saine d'Angoul\u00eame","url":"https:\/\/charente.catholique.fr\/sud-charente\/","logo":{"@type":"ImageObject","inLanguage":"fr-FR","@id":"https:\/\/charente.catholique.fr\/sud-charente\/#\/schema\/logo\/image\/","url":"https:\/\/charente.catholique.fr\/sud-charente\/wp-content\/uploads\/sites\/5\/2020\/10\/logos.png","contentUrl":"https:\/\/charente.catholique.fr\/sud-charente\/wp-content\/uploads\/sites\/5\/2020\/10\/logos.png","width":600,"height":257,"caption":"Association dioc\u00e9saine d'Angoul\u00eame"},"image":{"@id":"https:\/\/charente.catholique.fr\/sud-charente\/#\/schema\/logo\/image\/"},"sameAs":["https:\/\/www.facebook.com\/EgliseCatholiqueCharente","https:\/\/x.com\/diocesecharente","https:\/\/www.instagram.com\/eglisecharente","https:\/\/www.youtube.com\/channel\/UCByyFWApZbw3gDTiADoiAaQ"]},{"@type":"Person","@id":"https:\/\/charente.catholique.fr\/sud-charente\/#\/schema\/person\/1091af4c05b6416adff2afa9f22635a3","name":"fredericcussac","image":{"@type":"ImageObject","inLanguage":"fr-FR","@id":"https:\/\/charente.catholique.fr\/sud-charente\/#\/schema\/person\/image\/","url":"https:\/\/secure.gravatar.com\/avatar\/bb15516794c62daf902e6577bb3bcb91841d9ad0fb952bc7098b2a5ac422566f?s=96&d=mm&r=g","contentUrl":"https:\/\/secure.gravatar.com\/avatar\/bb15516794c62daf902e6577bb3bcb91841d9ad0fb952bc7098b2a5ac422566f?s=96&d=mm&r=g","caption":"fredericcussac"},"url":"https:\/\/charente.catholique.fr\/sud-charente\/author\/fredericcussac\/"}]}},"_links":{"self":[{"href":"https:\/\/charente.catholique.fr\/sud-charente\/wp-json\/wp\/v2\/posts\/5100","targetHints":{"allow":["GET"]}}],"collection":[{"href":"https:\/\/charente.catholique.fr\/sud-charente\/wp-json\/wp\/v2\/posts"}],"about":[{"href":"https:\/\/charente.catholique.fr\/sud-charente\/wp-json\/wp\/v2\/types\/post"}],"author":[{"embeddable":true,"href":"https:\/\/charente.catholique.fr\/sud-charente\/wp-json\/wp\/v2\/users\/81"}],"replies":[{"embeddable":true,"href":"https:\/\/charente.catholique.fr\/sud-charente\/wp-json\/wp\/v2\/comments?post=5100"}],"version-history":[{"count":8,"href":"https:\/\/charente.catholique.fr\/sud-charente\/wp-json\/wp\/v2\/posts\/5100\/revisions"}],"predecessor-version":[{"id":5110,"href":"https:\/\/charente.catholique.fr\/sud-charente\/wp-json\/wp\/v2\/posts\/5100\/revisions\/5110"}],"wp:featuredmedia":[{"embeddable":true,"href":"https:\/\/charente.catholique.fr\/sud-charente\/wp-json\/wp\/v2\/media\/4954"}],"wp:attachment":[{"href":"https:\/\/charente.catholique.fr\/sud-charente\/wp-json\/wp\/v2\/media?parent=5100"}],"wp:term":[{"taxonomy":"category","embeddable":true,"href":"https:\/\/charente.catholique.fr\/sud-charente\/wp-json\/wp\/v2\/categories?post=5100"},{"taxonomy":"post_tag","embeddable":true,"href":"https:\/\/charente.catholique.fr\/sud-charente\/wp-json\/wp\/v2\/tags?post=5100"}],"curies":[{"name":"wp","href":"https:\/\/api.w.org\/{rel}","templated":true}]}}