{"id":5061,"date":"2023-01-01T21:01:20","date_gmt":"2023-01-01T20:01:20","guid":{"rendered":"https:\/\/charente.catholique.fr\/sud-charente\/?p=5061"},"modified":"2023-01-01T21:01:20","modified_gmt":"2023-01-01T20:01:20","slug":"homelie-du-1er-janvier-2023-par-le-p-benoit-lecomte","status":"publish","type":"post","link":"https:\/\/charente.catholique.fr\/sud-charente\/actualites\/homelie-du-1er-janvier-2023-par-le-p-benoit-lecomte\/","title":{"rendered":"Hom\u00e9lie du 1er janvier 2023, par le P. Beno\u00eet Lecomte"},"content":{"rendered":"\n<p>\u00ab&nbsp;<em>Que le Seigneur te b\u00e9nisse et te garde&nbsp;! Que le Seigneur fasse briller sur toi son visage, qu\u2019il te prenne en gr\u00e2ce&nbsp;! Que le Seigneur tourne vers toi son visage, qu\u2019il t\u2019apporte la paix&nbsp;!&nbsp;<\/em>\u00bb Le Livre des Nombres nous offre peut-\u00eatre, en ce premier jour de l\u2019ann\u00e9e, la plus belle formulation de v\u0153ux que nous pouvons offrir et recevoir. Des v\u0153ux pleins de paix et de douceur, dont nous avons tous besoin en ces temps troubl\u00e9s et incertains. Oui, puissent ces v\u0153ux se r\u00e9aliser en nous et tout autour de nous, puisse le Seigneur nous accompagner et accompagner notre monde sur des chemins de paix et de douceur tout au long de cette ann\u00e9e&nbsp;! Accueillons-les pour ce qu\u2019ils sont r\u00e9ellement&nbsp;: la Parole de Dieu qui vient nous rejoindre et nous veut du bien aujourd\u2019hui, demain et tous les jours suivants.<\/p>\n\n\n\n<p>S\u00fbrement avons-nous commenc\u00e9 \u00e0 \u00e9changer nos v\u0153ux, et nous allons le faire encore dans les prochains jours, avec la formulation plus classique&nbsp;:&nbsp;\u00ab&nbsp;Bonne Ann\u00e9e, et bonne sant\u00e9&nbsp;!&nbsp;\u00bb Pourquoi pas. Mais utilisons cette formulation en d\u00e9ployant tout son sens, toutes ses dimensions.<\/p>\n\n\n\n<p>Bien s\u00fbr, nous avons raison de souhaiter une bonne sant\u00e9 physique et morale \u00e0 tous nos proches. Qu\u2019ils ne soient pas atteints par une quelconque maladie, par le d\u00e9couragement, par l\u2019affadie. L\u2019on sait trop combien toute notre existence est souffrante, combien toute notre vie est d\u00e9s\u00e9quilibr\u00e9e quand la maladie survient. Notre pri\u00e8re porte d\u00e9j\u00e0, en ce 1<sup>er<\/sup> jour de l\u2019ann\u00e9e, toutes celles et tous ceux qui sont malades d\u2019une fa\u00e7on ou d\u2019une autre, et nous voulons qu\u2019ils nous sentent proches d\u2019eux.<\/p>\n\n\n\n<p>Mais la sant\u00e9 que nous souhaitons d\u00e9passe la simple sant\u00e9 individuelle des uns et des autres. Elle est aussi la sant\u00e9 de toutes nos relations&nbsp;: que nous relations soient saines&nbsp;! Qu\u2019elles soient pleines de v\u00e9rit\u00e9, de bienveillance, de gratitude, d\u2019encouragement, de correction fraternelle, d\u2019attention mutuelle. Nous pouvons nous souhaiter une bonne sant\u00e9 relationnelle pour cette nouvelle ann\u00e9e.<\/p>\n\n\n\n<p>La sant\u00e9, c\u2019est aussi celle de notre soci\u00e9t\u00e9&nbsp;: de ses organisations \u00e9conomiques, politiques, m\u00e9diatiques, associatives\u2026 Souhaitons que les mois qui s\u2019ouvrent puissent voir toutes ces dimensions sociales se d\u00e9ployer avec une bonne sant\u00e9. Dans le souci du bien commun, de la v\u00e9rit\u00e9, des plus pauvres. Dans l\u2019accompagnement de ceux qui sont fragiles. Dans des d\u00e9bats r\u00e9els, respectueux de tous, constructifs. Dans des choix et des d\u00e9cisions pes\u00e9s, partag\u00e9s. Nous avons besoin d\u2019une soci\u00e9t\u00e9 en bonne sant\u00e9, et c\u2019est \u00e0 chacun d\u2019y contribuer, \u00e0 son niveau, \u00e0 sa fa\u00e7on. Echanger ces v\u0153ux nous impliquent et nous obligent \u00e0 nous y engager pour gu\u00e9rir ce qui est blesser, soigner ce qui a besoin de l\u2019\u00eatre.<\/p>\n\n\n\n<p>Souhaiter une bonne sant\u00e9, c\u2019est encore penser \u00e0 la sant\u00e9 de notre Eglise. Engag\u00e9e dans un chemin synodal auquel, reconnaissons-le, peu s\u2019int\u00e9ressent encore, elle a pourtant besoin de la pr\u00e9sence, de la parole et de l\u2019engagement de tous pour porter avec plus de justesse, de v\u00e9rit\u00e9, d\u2019audace et de profondeur le message de la Bonne Nouvelle du Christ. Par bien des aspects, notre Eglise est malade. Que nos v\u0153ux de \u00ab&nbsp;bonne sant\u00e9&nbsp;\u00bb la rejoignent, elle aussi, en faisant de nous tous des soignants de cette Eglise, non pas pour qu\u2019elle se renforce dans ses certitudes en s\u2019enfermant sur elle-m\u00eame, mais pour qu\u2019elle s\u2019ouvre avec toujours plus de confiance et de paix \u00e0 tant et tant de r\u00e9alit\u00e9s, de richesses, de traditions, pour qu\u2019elle vive toujours davantage du Souffle de l\u2019Esprit qui habite en elle.<\/p>\n\n\n\n<p>Au cours de cette ann\u00e9e, la figure de Marie va nous accompagner. Celle que nous c\u00e9l\u00e9brons aujourd\u2019hui comme la M\u00e8re de Dieu. Celle qui, dans l\u2019\u00e9vangile, offre son fils couch\u00e9 dans une mangeoire aux plus pauvres \u2013 aux bergers \u2013 qui repartent la joie au c\u0153ur et la louange aux l\u00e8vres. Celle qui \u00ab&nbsp;<em>m\u00e9dite tous ces \u00e9v\u00e9nements dans son c\u0153ur<\/em>&nbsp;\u00bb. Celle que nous apprenons \u00e0 d\u00e9couvrir \u00e0 l\u2019occasion de notre parcours biblique de doyenn\u00e9, celle que nous irons prier \u00e0 Lourdes tous ensemble en mai pour nous confier les uns les autres, pour confier la vie de notre doyenn\u00e9 et de nos paroisses, pour revenir \u00e0 la Source et nous laisser hydrater et guider par elle. Celle par qui, myst\u00e9rieusement et gr\u00e2ce \u00e0 son fils, nous devenons nous aussi des \u00ab&nbsp;enfants de Dieu&nbsp;\u00bb, fils et filles qui peuvent se tourner vers Dieu en l\u2019appelant \u00ab&nbsp;<em>\u2018Abba\u2019, c\u2019est-\u00e0-dire \u2018P\u00e8re\u2019<\/em>&nbsp;\u00bb. Pour que nous \u00ab&nbsp;<em>ne soyons plus des esclaves, mais des fils et des filles, et aussi des h\u00e9ritiers&nbsp;: c\u2019est l\u2019\u0153uvre de Dieu<\/em>&nbsp;\u00bb, disait saint Paul.<\/p>\n\n\n\n<p>\u00ab&nbsp;<em>Que le Seigneur fasse briller sur toi son visage, qu\u2019il te prenne en gr\u00e2ce, qu\u2019il t\u2019apporte la paix&nbsp;!&nbsp;<\/em>\u00bb Qu\u2019il fasse de nous des enfants, ses fils et ses filles habit\u00e9s de l\u2019Esprit de son Fils. Que nous devenions des artisans de la bonne sant\u00e9 de notre monde et de notre Eglise. Voil\u00e0 la beaut\u00e9 et la profondeur des v\u0153ux que nous recevons aujourd\u2019hui, avec Marie&nbsp;!<\/p>\n\n\n\n<p>Alors \u00e0 tous et \u00e0 chacun&nbsp;: bonne ann\u00e9e, bonne sant\u00e9 !<\/p>\n\n\n\n<p>All\u00e9luia&nbsp;!<\/p>\n\n\n\n<p>P. Beno\u00eet Lecomte<\/p>\n","protected":false},"excerpt":{"rendered":"<p>\u00ab&nbsp;Que le Seigneur te b\u00e9nisse et te garde&nbsp;! Que le Seigneur fasse briller sur toi son visage, qu\u2019il te prenne en gr\u00e2ce&nbsp;! Que le Seigneur tourne vers toi son visage, qu\u2019il t\u2019apporte la paix&nbsp;!&nbsp;\u00bb Le Livre des Nombres nous offre peut-\u00eatre, en ce premier jour de l\u2019ann\u00e9e, la plus belle formulation de v\u0153ux que nous [&hellip;]<\/p>\n","protected":false},"author":4,"featured_media":5062,"comment_status":"open","ping_status":"open","sticky":false,"template":"","format":"standard","meta":{"_acf_changed":false,"paroisse":["15"],"service":["0"],"footnotes":""},"categories":[1,4,3],"tags":[],"class_list":["post-5061","post","type-post","status-publish","format-standard","has-post-thumbnail","hentry","category-actualites","category-barbezieux","category-homelies","validated"],"acf":[],"yoast_head":"<!-- This site is optimized with the Yoast SEO plugin v27.1.1 - https:\/\/yoast.com\/product\/yoast-seo-wordpress\/ -->\n<title>Hom\u00e9lie du 1er janvier 2023, par le P. Beno\u00eet Lecomte - Doyenn\u00e9 Sud Charente<\/title>\n<meta name=\"robots\" content=\"index, follow, max-snippet:-1, max-image-preview:large, max-video-preview:-1\" \/>\n<link rel=\"canonical\" href=\"https:\/\/charente.catholique.fr\/sud-charente\/actualites\/homelie-du-1er-janvier-2023-par-le-p-benoit-lecomte\/\" \/>\n<meta property=\"og:locale\" content=\"fr_FR\" \/>\n<meta property=\"og:type\" content=\"article\" \/>\n<meta property=\"og:title\" content=\"Hom\u00e9lie du 1er janvier 2023, par le P. Beno\u00eet Lecomte - Doyenn\u00e9 Sud Charente\" \/>\n<meta property=\"og:description\" content=\"\u00ab&nbsp;Que le Seigneur te b\u00e9nisse et te garde&nbsp;! Que le Seigneur fasse briller sur toi son visage, qu\u2019il te prenne en gr\u00e2ce&nbsp;! Que le Seigneur tourne vers toi son visage, qu\u2019il t\u2019apporte la paix&nbsp;!&nbsp;\u00bb Le Livre des Nombres nous offre peut-\u00eatre, en ce premier jour de l\u2019ann\u00e9e, la plus belle formulation de v\u0153ux que nous [&hellip;]\" \/>\n<meta property=\"og:url\" content=\"https:\/\/charente.catholique.fr\/sud-charente\/actualites\/homelie-du-1er-janvier-2023-par-le-p-benoit-lecomte\/\" \/>\n<meta property=\"og:site_name\" content=\"Doyenn\u00e9 Sud Charente\" \/>\n<meta property=\"article:publisher\" content=\"https:\/\/www.facebook.com\/EgliseCatholiqueCharente\" \/>\n<meta property=\"article:published_time\" content=\"2023-01-01T20:01:20+00:00\" \/>\n<meta property=\"og:image\" content=\"https:\/\/charente.catholique.fr\/sud-charente\/wp-content\/uploads\/sites\/5\/2023\/01\/celebration-g1a41b2f3f_1920.jpg\" \/>\n\t<meta property=\"og:image:width\" content=\"1920\" \/>\n\t<meta property=\"og:image:height\" content=\"1173\" \/>\n\t<meta property=\"og:image:type\" content=\"image\/jpeg\" \/>\n<meta name=\"author\" content=\"Beno\u00eet\" \/>\n<meta name=\"twitter:card\" content=\"summary_large_image\" \/>\n<meta name=\"twitter:creator\" content=\"@diocesecharente\" \/>\n<meta name=\"twitter:site\" content=\"@diocesecharente\" \/>\n<meta name=\"twitter:label1\" content=\"\u00c9crit par\" \/>\n\t<meta name=\"twitter:data1\" content=\"Beno\u00eet\" \/>\n\t<meta name=\"twitter:label2\" content=\"Dur\u00e9e de lecture estim\u00e9e\" \/>\n\t<meta name=\"twitter:data2\" content=\"5 minutes\" \/>\n<script type=\"application\/ld+json\" class=\"yoast-schema-graph\">{\"@context\":\"https:\/\/schema.org\",\"@graph\":[{\"@type\":\"Article\",\"@id\":\"https:\/\/charente.catholique.fr\/sud-charente\/actualites\/homelie-du-1er-janvier-2023-par-le-p-benoit-lecomte\/#article\",\"isPartOf\":{\"@id\":\"https:\/\/charente.catholique.fr\/sud-charente\/actualites\/homelie-du-1er-janvier-2023-par-le-p-benoit-lecomte\/\"},\"author\":{\"name\":\"Beno\u00eet\",\"@id\":\"https:\/\/charente.catholique.fr\/sud-charente\/#\/schema\/person\/ddcc6ba32a4484b49a276652de901387\"},\"headline\":\"Hom\u00e9lie du 1er janvier 2023, par le P. Beno\u00eet Lecomte\",\"datePublished\":\"2023-01-01T20:01:20+00:00\",\"mainEntityOfPage\":{\"@id\":\"https:\/\/charente.catholique.fr\/sud-charente\/actualites\/homelie-du-1er-janvier-2023-par-le-p-benoit-lecomte\/\"},\"wordCount\":959,\"commentCount\":1,\"publisher\":{\"@id\":\"https:\/\/charente.catholique.fr\/sud-charente\/#organization\"},\"image\":{\"@id\":\"https:\/\/charente.catholique.fr\/sud-charente\/actualites\/homelie-du-1er-janvier-2023-par-le-p-benoit-lecomte\/#primaryimage\"},\"thumbnailUrl\":\"https:\/\/charente.catholique.fr\/sud-charente\/wp-content\/uploads\/sites\/5\/2023\/01\/celebration-g1a41b2f3f_1920.jpg\",\"articleSection\":[\"Actualit\u00e9s\",\"Barbezieux\",\"Hom\u00e9lies\"],\"inLanguage\":\"fr-FR\",\"potentialAction\":[{\"@type\":\"CommentAction\",\"name\":\"Comment\",\"target\":[\"https:\/\/charente.catholique.fr\/sud-charente\/actualites\/homelie-du-1er-janvier-2023-par-le-p-benoit-lecomte\/#respond\"]}]},{\"@type\":\"WebPage\",\"@id\":\"https:\/\/charente.catholique.fr\/sud-charente\/actualites\/homelie-du-1er-janvier-2023-par-le-p-benoit-lecomte\/\",\"url\":\"https:\/\/charente.catholique.fr\/sud-charente\/actualites\/homelie-du-1er-janvier-2023-par-le-p-benoit-lecomte\/\",\"name\":\"Hom\u00e9lie du 1er janvier 2023, par le P. Beno\u00eet Lecomte - Doyenn\u00e9 Sud Charente\",\"isPartOf\":{\"@id\":\"https:\/\/charente.catholique.fr\/sud-charente\/#website\"},\"primaryImageOfPage\":{\"@id\":\"https:\/\/charente.catholique.fr\/sud-charente\/actualites\/homelie-du-1er-janvier-2023-par-le-p-benoit-lecomte\/#primaryimage\"},\"image\":{\"@id\":\"https:\/\/charente.catholique.fr\/sud-charente\/actualites\/homelie-du-1er-janvier-2023-par-le-p-benoit-lecomte\/#primaryimage\"},\"thumbnailUrl\":\"https:\/\/charente.catholique.fr\/sud-charente\/wp-content\/uploads\/sites\/5\/2023\/01\/celebration-g1a41b2f3f_1920.jpg\",\"datePublished\":\"2023-01-01T20:01:20+00:00\",\"breadcrumb\":{\"@id\":\"https:\/\/charente.catholique.fr\/sud-charente\/actualites\/homelie-du-1er-janvier-2023-par-le-p-benoit-lecomte\/#breadcrumb\"},\"inLanguage\":\"fr-FR\",\"potentialAction\":[{\"@type\":\"ReadAction\",\"target\":[\"https:\/\/charente.catholique.fr\/sud-charente\/actualites\/homelie-du-1er-janvier-2023-par-le-p-benoit-lecomte\/\"]}]},{\"@type\":\"ImageObject\",\"inLanguage\":\"fr-FR\",\"@id\":\"https:\/\/charente.catholique.fr\/sud-charente\/actualites\/homelie-du-1er-janvier-2023-par-le-p-benoit-lecomte\/#primaryimage\",\"url\":\"https:\/\/charente.catholique.fr\/sud-charente\/wp-content\/uploads\/sites\/5\/2023\/01\/celebration-g1a41b2f3f_1920.jpg\",\"contentUrl\":\"https:\/\/charente.catholique.fr\/sud-charente\/wp-content\/uploads\/sites\/5\/2023\/01\/celebration-g1a41b2f3f_1920.jpg\",\"width\":1920,\"height\":1173},{\"@type\":\"BreadcrumbList\",\"@id\":\"https:\/\/charente.catholique.fr\/sud-charente\/actualites\/homelie-du-1er-janvier-2023-par-le-p-benoit-lecomte\/#breadcrumb\",\"itemListElement\":[{\"@type\":\"ListItem\",\"position\":1,\"name\":\"Accueil\",\"item\":\"https:\/\/charente.catholique.fr\/sud-charente\/\"},{\"@type\":\"ListItem\",\"position\":2,\"name\":\"Hom\u00e9lie du 1er janvier 2023, par le P. Beno\u00eet Lecomte\"}]},{\"@type\":\"WebSite\",\"@id\":\"https:\/\/charente.catholique.fr\/sud-charente\/#website\",\"url\":\"https:\/\/charente.catholique.fr\/sud-charente\/\",\"name\":\"Doyenn\u00e9 Sud Charente - Dioc\u00e8se d'Angoul\u00eame\",\"description\":\"Dioc\u00e8se d&#039;Angoul\u00eame\",\"publisher\":{\"@id\":\"https:\/\/charente.catholique.fr\/sud-charente\/#organization\"},\"potentialAction\":[{\"@type\":\"SearchAction\",\"target\":{\"@type\":\"EntryPoint\",\"urlTemplate\":\"https:\/\/charente.catholique.fr\/sud-charente\/?s={search_term_string}\"},\"query-input\":{\"@type\":\"PropertyValueSpecification\",\"valueRequired\":true,\"valueName\":\"search_term_string\"}}],\"inLanguage\":\"fr-FR\"},{\"@type\":\"Organization\",\"@id\":\"https:\/\/charente.catholique.fr\/sud-charente\/#organization\",\"name\":\"Association dioc\u00e9saine d'Angoul\u00eame\",\"url\":\"https:\/\/charente.catholique.fr\/sud-charente\/\",\"logo\":{\"@type\":\"ImageObject\",\"inLanguage\":\"fr-FR\",\"@id\":\"https:\/\/charente.catholique.fr\/sud-charente\/#\/schema\/logo\/image\/\",\"url\":\"https:\/\/charente.catholique.fr\/sud-charente\/wp-content\/uploads\/sites\/5\/2020\/10\/logos.png\",\"contentUrl\":\"https:\/\/charente.catholique.fr\/sud-charente\/wp-content\/uploads\/sites\/5\/2020\/10\/logos.png\",\"width\":600,\"height\":257,\"caption\":\"Association dioc\u00e9saine d'Angoul\u00eame\"},\"image\":{\"@id\":\"https:\/\/charente.catholique.fr\/sud-charente\/#\/schema\/logo\/image\/\"},\"sameAs\":[\"https:\/\/www.facebook.com\/EgliseCatholiqueCharente\",\"https:\/\/x.com\/diocesecharente\",\"https:\/\/www.instagram.com\/eglisecharente\",\"https:\/\/www.youtube.com\/channel\/UCByyFWApZbw3gDTiADoiAaQ\"]},{\"@type\":\"Person\",\"@id\":\"https:\/\/charente.catholique.fr\/sud-charente\/#\/schema\/person\/ddcc6ba32a4484b49a276652de901387\",\"name\":\"Beno\u00eet\",\"image\":{\"@type\":\"ImageObject\",\"inLanguage\":\"fr-FR\",\"@id\":\"https:\/\/charente.catholique.fr\/sud-charente\/#\/schema\/person\/image\/\",\"url\":\"https:\/\/secure.gravatar.com\/avatar\/367de281020c81cafc6a2f9b79fef00a1981a890412ad8b09b11385575886666?s=96&d=mm&r=g\",\"contentUrl\":\"https:\/\/secure.gravatar.com\/avatar\/367de281020c81cafc6a2f9b79fef00a1981a890412ad8b09b11385575886666?s=96&d=mm&r=g\",\"caption\":\"Beno\u00eet\"},\"url\":\"https:\/\/charente.catholique.fr\/sud-charente\/author\/benoitlecomte\/\"}]}<\/script>\n<!-- \/ Yoast SEO plugin. -->","yoast_head_json":{"title":"Hom\u00e9lie du 1er janvier 2023, par le P. Beno\u00eet Lecomte - Doyenn\u00e9 Sud Charente","robots":{"index":"index","follow":"follow","max-snippet":"max-snippet:-1","max-image-preview":"max-image-preview:large","max-video-preview":"max-video-preview:-1"},"canonical":"https:\/\/charente.catholique.fr\/sud-charente\/actualites\/homelie-du-1er-janvier-2023-par-le-p-benoit-lecomte\/","og_locale":"fr_FR","og_type":"article","og_title":"Hom\u00e9lie du 1er janvier 2023, par le P. Beno\u00eet Lecomte - Doyenn\u00e9 Sud Charente","og_description":"\u00ab&nbsp;Que le Seigneur te b\u00e9nisse et te garde&nbsp;! Que le Seigneur fasse briller sur toi son visage, qu\u2019il te prenne en gr\u00e2ce&nbsp;! Que le Seigneur tourne vers toi son visage, qu\u2019il t\u2019apporte la paix&nbsp;!&nbsp;\u00bb Le Livre des Nombres nous offre peut-\u00eatre, en ce premier jour de l\u2019ann\u00e9e, la plus belle formulation de v\u0153ux que nous [&hellip;]","og_url":"https:\/\/charente.catholique.fr\/sud-charente\/actualites\/homelie-du-1er-janvier-2023-par-le-p-benoit-lecomte\/","og_site_name":"Doyenn\u00e9 Sud Charente","article_publisher":"https:\/\/www.facebook.com\/EgliseCatholiqueCharente","article_published_time":"2023-01-01T20:01:20+00:00","og_image":[{"width":1920,"height":1173,"url":"https:\/\/charente.catholique.fr\/sud-charente\/wp-content\/uploads\/sites\/5\/2023\/01\/celebration-g1a41b2f3f_1920.jpg","type":"image\/jpeg"}],"author":"Beno\u00eet","twitter_card":"summary_large_image","twitter_creator":"@diocesecharente","twitter_site":"@diocesecharente","twitter_misc":{"\u00c9crit par":"Beno\u00eet","Dur\u00e9e de lecture estim\u00e9e":"5 minutes"},"schema":{"@context":"https:\/\/schema.org","@graph":[{"@type":"Article","@id":"https:\/\/charente.catholique.fr\/sud-charente\/actualites\/homelie-du-1er-janvier-2023-par-le-p-benoit-lecomte\/#article","isPartOf":{"@id":"https:\/\/charente.catholique.fr\/sud-charente\/actualites\/homelie-du-1er-janvier-2023-par-le-p-benoit-lecomte\/"},"author":{"name":"Beno\u00eet","@id":"https:\/\/charente.catholique.fr\/sud-charente\/#\/schema\/person\/ddcc6ba32a4484b49a276652de901387"},"headline":"Hom\u00e9lie du 1er janvier 2023, par le P. Beno\u00eet Lecomte","datePublished":"2023-01-01T20:01:20+00:00","mainEntityOfPage":{"@id":"https:\/\/charente.catholique.fr\/sud-charente\/actualites\/homelie-du-1er-janvier-2023-par-le-p-benoit-lecomte\/"},"wordCount":959,"commentCount":1,"publisher":{"@id":"https:\/\/charente.catholique.fr\/sud-charente\/#organization"},"image":{"@id":"https:\/\/charente.catholique.fr\/sud-charente\/actualites\/homelie-du-1er-janvier-2023-par-le-p-benoit-lecomte\/#primaryimage"},"thumbnailUrl":"https:\/\/charente.catholique.fr\/sud-charente\/wp-content\/uploads\/sites\/5\/2023\/01\/celebration-g1a41b2f3f_1920.jpg","articleSection":["Actualit\u00e9s","Barbezieux","Hom\u00e9lies"],"inLanguage":"fr-FR","potentialAction":[{"@type":"CommentAction","name":"Comment","target":["https:\/\/charente.catholique.fr\/sud-charente\/actualites\/homelie-du-1er-janvier-2023-par-le-p-benoit-lecomte\/#respond"]}]},{"@type":"WebPage","@id":"https:\/\/charente.catholique.fr\/sud-charente\/actualites\/homelie-du-1er-janvier-2023-par-le-p-benoit-lecomte\/","url":"https:\/\/charente.catholique.fr\/sud-charente\/actualites\/homelie-du-1er-janvier-2023-par-le-p-benoit-lecomte\/","name":"Hom\u00e9lie du 1er janvier 2023, par le P. Beno\u00eet Lecomte - Doyenn\u00e9 Sud Charente","isPartOf":{"@id":"https:\/\/charente.catholique.fr\/sud-charente\/#website"},"primaryImageOfPage":{"@id":"https:\/\/charente.catholique.fr\/sud-charente\/actualites\/homelie-du-1er-janvier-2023-par-le-p-benoit-lecomte\/#primaryimage"},"image":{"@id":"https:\/\/charente.catholique.fr\/sud-charente\/actualites\/homelie-du-1er-janvier-2023-par-le-p-benoit-lecomte\/#primaryimage"},"thumbnailUrl":"https:\/\/charente.catholique.fr\/sud-charente\/wp-content\/uploads\/sites\/5\/2023\/01\/celebration-g1a41b2f3f_1920.jpg","datePublished":"2023-01-01T20:01:20+00:00","breadcrumb":{"@id":"https:\/\/charente.catholique.fr\/sud-charente\/actualites\/homelie-du-1er-janvier-2023-par-le-p-benoit-lecomte\/#breadcrumb"},"inLanguage":"fr-FR","potentialAction":[{"@type":"ReadAction","target":["https:\/\/charente.catholique.fr\/sud-charente\/actualites\/homelie-du-1er-janvier-2023-par-le-p-benoit-lecomte\/"]}]},{"@type":"ImageObject","inLanguage":"fr-FR","@id":"https:\/\/charente.catholique.fr\/sud-charente\/actualites\/homelie-du-1er-janvier-2023-par-le-p-benoit-lecomte\/#primaryimage","url":"https:\/\/charente.catholique.fr\/sud-charente\/wp-content\/uploads\/sites\/5\/2023\/01\/celebration-g1a41b2f3f_1920.jpg","contentUrl":"https:\/\/charente.catholique.fr\/sud-charente\/wp-content\/uploads\/sites\/5\/2023\/01\/celebration-g1a41b2f3f_1920.jpg","width":1920,"height":1173},{"@type":"BreadcrumbList","@id":"https:\/\/charente.catholique.fr\/sud-charente\/actualites\/homelie-du-1er-janvier-2023-par-le-p-benoit-lecomte\/#breadcrumb","itemListElement":[{"@type":"ListItem","position":1,"name":"Accueil","item":"https:\/\/charente.catholique.fr\/sud-charente\/"},{"@type":"ListItem","position":2,"name":"Hom\u00e9lie du 1er janvier 2023, par le P. Beno\u00eet Lecomte"}]},{"@type":"WebSite","@id":"https:\/\/charente.catholique.fr\/sud-charente\/#website","url":"https:\/\/charente.catholique.fr\/sud-charente\/","name":"Doyenn\u00e9 Sud Charente - Dioc\u00e8se d'Angoul\u00eame","description":"Dioc\u00e8se d&#039;Angoul\u00eame","publisher":{"@id":"https:\/\/charente.catholique.fr\/sud-charente\/#organization"},"potentialAction":[{"@type":"SearchAction","target":{"@type":"EntryPoint","urlTemplate":"https:\/\/charente.catholique.fr\/sud-charente\/?s={search_term_string}"},"query-input":{"@type":"PropertyValueSpecification","valueRequired":true,"valueName":"search_term_string"}}],"inLanguage":"fr-FR"},{"@type":"Organization","@id":"https:\/\/charente.catholique.fr\/sud-charente\/#organization","name":"Association dioc\u00e9saine d'Angoul\u00eame","url":"https:\/\/charente.catholique.fr\/sud-charente\/","logo":{"@type":"ImageObject","inLanguage":"fr-FR","@id":"https:\/\/charente.catholique.fr\/sud-charente\/#\/schema\/logo\/image\/","url":"https:\/\/charente.catholique.fr\/sud-charente\/wp-content\/uploads\/sites\/5\/2020\/10\/logos.png","contentUrl":"https:\/\/charente.catholique.fr\/sud-charente\/wp-content\/uploads\/sites\/5\/2020\/10\/logos.png","width":600,"height":257,"caption":"Association dioc\u00e9saine d'Angoul\u00eame"},"image":{"@id":"https:\/\/charente.catholique.fr\/sud-charente\/#\/schema\/logo\/image\/"},"sameAs":["https:\/\/www.facebook.com\/EgliseCatholiqueCharente","https:\/\/x.com\/diocesecharente","https:\/\/www.instagram.com\/eglisecharente","https:\/\/www.youtube.com\/channel\/UCByyFWApZbw3gDTiADoiAaQ"]},{"@type":"Person","@id":"https:\/\/charente.catholique.fr\/sud-charente\/#\/schema\/person\/ddcc6ba32a4484b49a276652de901387","name":"Beno\u00eet","image":{"@type":"ImageObject","inLanguage":"fr-FR","@id":"https:\/\/charente.catholique.fr\/sud-charente\/#\/schema\/person\/image\/","url":"https:\/\/secure.gravatar.com\/avatar\/367de281020c81cafc6a2f9b79fef00a1981a890412ad8b09b11385575886666?s=96&d=mm&r=g","contentUrl":"https:\/\/secure.gravatar.com\/avatar\/367de281020c81cafc6a2f9b79fef00a1981a890412ad8b09b11385575886666?s=96&d=mm&r=g","caption":"Beno\u00eet"},"url":"https:\/\/charente.catholique.fr\/sud-charente\/author\/benoitlecomte\/"}]}},"_links":{"self":[{"href":"https:\/\/charente.catholique.fr\/sud-charente\/wp-json\/wp\/v2\/posts\/5061","targetHints":{"allow":["GET"]}}],"collection":[{"href":"https:\/\/charente.catholique.fr\/sud-charente\/wp-json\/wp\/v2\/posts"}],"about":[{"href":"https:\/\/charente.catholique.fr\/sud-charente\/wp-json\/wp\/v2\/types\/post"}],"author":[{"embeddable":true,"href":"https:\/\/charente.catholique.fr\/sud-charente\/wp-json\/wp\/v2\/users\/4"}],"replies":[{"embeddable":true,"href":"https:\/\/charente.catholique.fr\/sud-charente\/wp-json\/wp\/v2\/comments?post=5061"}],"version-history":[{"count":1,"href":"https:\/\/charente.catholique.fr\/sud-charente\/wp-json\/wp\/v2\/posts\/5061\/revisions"}],"predecessor-version":[{"id":5063,"href":"https:\/\/charente.catholique.fr\/sud-charente\/wp-json\/wp\/v2\/posts\/5061\/revisions\/5063"}],"wp:featuredmedia":[{"embeddable":true,"href":"https:\/\/charente.catholique.fr\/sud-charente\/wp-json\/wp\/v2\/media\/5062"}],"wp:attachment":[{"href":"https:\/\/charente.catholique.fr\/sud-charente\/wp-json\/wp\/v2\/media?parent=5061"}],"wp:term":[{"taxonomy":"category","embeddable":true,"href":"https:\/\/charente.catholique.fr\/sud-charente\/wp-json\/wp\/v2\/categories?post=5061"},{"taxonomy":"post_tag","embeddable":true,"href":"https:\/\/charente.catholique.fr\/sud-charente\/wp-json\/wp\/v2\/tags?post=5061"}],"curies":[{"name":"wp","href":"https:\/\/api.w.org\/{rel}","templated":true}]}}