{"id":4995,"date":"2022-12-18T10:00:00","date_gmt":"2022-12-18T09:00:00","guid":{"rendered":"https:\/\/charente.catholique.fr\/sud-charente\/?p=4995"},"modified":"2022-12-18T14:05:13","modified_gmt":"2022-12-18T13:05:13","slug":"homelie-du-18-decembre-2022-par-le-p-benoit-lecomte","status":"publish","type":"post","link":"https:\/\/charente.catholique.fr\/sud-charente\/actualites\/homelie-du-18-decembre-2022-par-le-p-benoit-lecomte\/","title":{"rendered":"Hom\u00e9lie du 18 d\u00e9cembre 2022, par le P. Beno\u00eet Lecomte"},"content":{"rendered":"\n<p>Nous sommes encore en attente. Tendus. C\u2019est l\u2019Avent. Apr\u00e8s les 3 premiers dimanches liturgiques, comme 3 premiers matchs sur le chemin vers No\u00ebl, voici le dimanche de la finale&nbsp;? L\u2019avant-match d\u2019un moment crucial, qui peut changer le monde \u2013 car le monde peut vibrer de ce moment. Nous sentons que nous touchons au but, nous voudrions qu\u2019il soit d\u00e9j\u00e0 atteint, ou marqu\u00e9, mais il nous faut encore attendre un peu, et nous pr\u00e9parer, encore.<\/p>\n\n\n\n<p>Pendant 3 semaines, nous avons voulu vivre des rencontres \u2013 ces fameuses rencontres auxquelles l\u2019Equipe d\u2019Animation Paroissiale nous a invit\u00e9es, ces rencontres \u00ab&nbsp;\u00e0 domicile&nbsp;\u00bb pour partager la Parole et le pain, et nous entrainer \u00e0 la Rencontre ultime qui arrive \u00e0 grands pas.<\/p>\n\n\n\n<p>Nous redoutons peut-\u00eatre le Messi, l\u2019Argentin, mais nous attendons le Messie. Le Fils de Dieu. Nos regards sont tourn\u00e9s vers Lui, \u00ab&nbsp;Celui-qui-sauve&nbsp;\u00bb. Nous savons, nous croyons, avec confiance, qu\u2019Il vient. Non comme un attaquant, mais comme un d\u00e9fenseur. Un consolateur. Le lib\u00e9rateur de nos fautes. Avec lui, pas de carton rouge, il est \u00ab&nbsp;Dieu-avec-nous.&nbsp;\u00bb<\/p>\n\n\n\n<p>Le signe de sa pr\u00e9sence ne s\u2019\u00e9crit pas en lettres d\u2019or en haut des affiches, ne provoque pas de spots publicitaires vendus \u00e0 des millions d\u2019euros. On ne construira pas pour lui de stades mirobolants au milieu du d\u00e9sert. Le signe de sa venue sera la naissance d\u2019un enfant. Dans une mangeoire. Sans climatisation particuli\u00e8re. Dieu en pleine terre, Dieu au milieu du terrain, dans nos d\u00e9serts humains, jusqu\u2019en nos lieux de st\u00e9rilit\u00e9, pour y faire na\u00eetre la vie. Nos projets peuvent en \u00eatre chamboul\u00e9s, comme ceux de Joseph dans l\u2019Evangile, comme ceux de Marie, pourtant toute enti\u00e8re disponible \u00e0 cet inou\u00ef. La nouvelle est l\u00e0, elle court d\u00e9j\u00e0 de c\u0153ur en c\u0153ur&nbsp;: Dieu prend corp de nos corps, chair de notre chair, il vient visiter son peuple, il est \u00ab&nbsp;avec-nous&nbsp;\u00bb. L\u2019action de Dieu se d\u00e9roule au c\u0153ur de notre histoire. Jusque dans notre intimit\u00e9, comme dans l\u2019intimit\u00e9 du couple que forment Joseph et Marie. Et cette action continue encore au milieu de notre monde et \u00e0 l\u2019intime de nous-m\u00eames. Action surprenante&nbsp;: encore faut-il y \u00eatre attentifs, s\u2019y rendre disponibles, l\u2019accueillir comme elle vient.<\/p>\n\n\n\n<p>Engendrement. L\u2019action de Dieu est engendrement et donc toujours surprise. Dieu ne fait pas de redite, il fait du neuf, du nouveau, de la nouveaut\u00e9. L\u2019amour ne se satisfait pas de la routine ou de la photocopie, il attend de la cr\u00e9ativit\u00e9. C\u2019est peut-\u00eatre la marque de Dieu, de la Vie, de la Vie en abondance qui vient nous saisir et nous entra\u00eener avec elle dans sa dynamique. C\u2019est l\u2019avant-match. Annonciation, avant l\u2019\u00e9v\u00e9nement de la naissance. Annonciation cette fois, \u00e0 Joseph, en plein songe, quand l\u2019homme est d\u00e9sarm\u00e9 et totalement disponible. A Joseph, mais \u00e0 nous aussi, comme les derni\u00e8res consignes avant le coup d\u2019envoi\u00a0: \u00ab\u00a0<em>Ne crains pas<\/em>.\u00a0\u00bb Ne crains pas l\u2019action de Dieu en toi, m\u00eame si elle chamboule tout. Ne crains pas celui qui vient te chercher pour te sauver. Ne crains pas Dieu qui se met \u00e0 ta hauteur, \u00e0 hauteur d\u2019homme et de regard, de c\u0153ur et d\u2019ouverture des mains. Il vient \u00e0 toi, \u00e0 nous, pour ouvrir le jeu de nos relations humaines et de toute l\u2019humanit\u00e9. Pour passer de l\u2019individuel au collectif, \u00ab\u00a0<em>jusqu\u2019aux nations pa\u00efennes<\/em>\u00a0\u00bb, disait Saint Paul. Tous sont appel\u00e9s, sans exception. Personne ne reste sur le banc de touche. Et nous, nous recevons \u00ab\u00a0<em>par lui la gr\u00e2ce et la mission d\u2019Ap\u00f4tre<\/em>\u00a0\u00bb, pour manifester au monde la grandeur de son amour et de sa pr\u00e9sence \u00ab\u00a0au-milieu-de-nous.\u00a0\u00bb<\/p>\n\n\n\n<p>Dernier dimanche de l\u2019Avent. Comme un dernier match qui nous m\u00e8ne \u00e0 Celui qui nous fait vivre. Ne perdons plus de temps. Seigneur, toi qui es toujours avec nous, m\u00e8ne-nous au but ! Nous sommes encore en chemin, en pr\u00e9paration, en attente\u2026<\/p>\n\n\n\n<p>Pour te trouver, te rencontrer et c\u00e9l\u00e9brer avec toi cette folie divine, nous entrerons en nous-m\u00eames, nous ouvrirons nos c\u0153urs \u00e0 tous nos fr\u00e8res et s\u0153urs, et nous l\u00e8verons la t\u00eate. L\u00e0-haut, une \u00e9toile nous guidera\u2026<\/p>\n\n\n\n<p>P. Beno\u00eet Lecomte<\/p>\n","protected":false},"excerpt":{"rendered":"<p>Nous sommes encore en attente. Tendus. C\u2019est l\u2019Avent. Apr\u00e8s les 3 premiers dimanches liturgiques, comme 3 premiers matchs sur le chemin vers No\u00ebl, voici le dimanche de la finale&nbsp;? L\u2019avant-match d\u2019un moment crucial, qui peut changer le monde \u2013 car le monde peut vibrer de ce moment. Nous sentons que nous touchons au but, nous [&hellip;]<\/p>\n","protected":false},"author":4,"featured_media":4996,"comment_status":"open","ping_status":"open","sticky":false,"template":"","format":"standard","meta":{"_acf_changed":false,"paroisse":["15"],"service":["0"],"footnotes":""},"categories":[1,4,3],"tags":[],"class_list":["post-4995","post","type-post","status-publish","format-standard","has-post-thumbnail","hentry","category-actualites","category-barbezieux","category-homelies","validated"],"acf":[],"yoast_head":"<!-- This site is optimized with the Yoast SEO plugin v27.1.1 - https:\/\/yoast.com\/product\/yoast-seo-wordpress\/ -->\n<title>Hom\u00e9lie du 18 d\u00e9cembre 2022, par le P. Beno\u00eet Lecomte - Doyenn\u00e9 Sud Charente<\/title>\n<meta name=\"robots\" content=\"index, follow, max-snippet:-1, max-image-preview:large, max-video-preview:-1\" \/>\n<link rel=\"canonical\" href=\"https:\/\/charente.catholique.fr\/sud-charente\/actualites\/homelie-du-18-decembre-2022-par-le-p-benoit-lecomte\/\" \/>\n<meta property=\"og:locale\" content=\"fr_FR\" \/>\n<meta property=\"og:type\" content=\"article\" \/>\n<meta property=\"og:title\" content=\"Hom\u00e9lie du 18 d\u00e9cembre 2022, par le P. Beno\u00eet Lecomte - Doyenn\u00e9 Sud Charente\" \/>\n<meta property=\"og:description\" content=\"Nous sommes encore en attente. Tendus. C\u2019est l\u2019Avent. Apr\u00e8s les 3 premiers dimanches liturgiques, comme 3 premiers matchs sur le chemin vers No\u00ebl, voici le dimanche de la finale&nbsp;? L\u2019avant-match d\u2019un moment crucial, qui peut changer le monde \u2013 car le monde peut vibrer de ce moment. Nous sentons que nous touchons au but, nous [&hellip;]\" \/>\n<meta property=\"og:url\" content=\"https:\/\/charente.catholique.fr\/sud-charente\/actualites\/homelie-du-18-decembre-2022-par-le-p-benoit-lecomte\/\" \/>\n<meta property=\"og:site_name\" content=\"Doyenn\u00e9 Sud Charente\" \/>\n<meta property=\"article:publisher\" content=\"https:\/\/www.facebook.com\/EgliseCatholiqueCharente\" \/>\n<meta property=\"article:published_time\" content=\"2022-12-18T09:00:00+00:00\" \/>\n<meta property=\"article:modified_time\" content=\"2022-12-18T13:05:13+00:00\" \/>\n<meta property=\"og:image\" content=\"https:\/\/charente.catholique.fr\/sud-charente\/wp-content\/uploads\/sites\/5\/2022\/12\/maxresdefault.jpg\" \/>\n\t<meta property=\"og:image:width\" content=\"1280\" \/>\n\t<meta property=\"og:image:height\" content=\"720\" \/>\n\t<meta property=\"og:image:type\" content=\"image\/jpeg\" \/>\n<meta name=\"author\" content=\"Beno\u00eet\" \/>\n<meta name=\"twitter:card\" content=\"summary_large_image\" \/>\n<meta name=\"twitter:creator\" content=\"@diocesecharente\" \/>\n<meta name=\"twitter:site\" content=\"@diocesecharente\" \/>\n<meta name=\"twitter:label1\" content=\"\u00c9crit par\" \/>\n\t<meta name=\"twitter:data1\" content=\"Beno\u00eet\" \/>\n\t<meta name=\"twitter:label2\" content=\"Dur\u00e9e de lecture estim\u00e9e\" \/>\n\t<meta name=\"twitter:data2\" content=\"4 minutes\" \/>\n<script type=\"application\/ld+json\" class=\"yoast-schema-graph\">{\"@context\":\"https:\/\/schema.org\",\"@graph\":[{\"@type\":\"Article\",\"@id\":\"https:\/\/charente.catholique.fr\/sud-charente\/actualites\/homelie-du-18-decembre-2022-par-le-p-benoit-lecomte\/#article\",\"isPartOf\":{\"@id\":\"https:\/\/charente.catholique.fr\/sud-charente\/actualites\/homelie-du-18-decembre-2022-par-le-p-benoit-lecomte\/\"},\"author\":{\"name\":\"Beno\u00eet\",\"@id\":\"https:\/\/charente.catholique.fr\/sud-charente\/#\/schema\/person\/ddcc6ba32a4484b49a276652de901387\"},\"headline\":\"Hom\u00e9lie du 18 d\u00e9cembre 2022, par le P. Beno\u00eet Lecomte\",\"datePublished\":\"2022-12-18T09:00:00+00:00\",\"dateModified\":\"2022-12-18T13:05:13+00:00\",\"mainEntityOfPage\":{\"@id\":\"https:\/\/charente.catholique.fr\/sud-charente\/actualites\/homelie-du-18-decembre-2022-par-le-p-benoit-lecomte\/\"},\"wordCount\":746,\"commentCount\":1,\"publisher\":{\"@id\":\"https:\/\/charente.catholique.fr\/sud-charente\/#organization\"},\"image\":{\"@id\":\"https:\/\/charente.catholique.fr\/sud-charente\/actualites\/homelie-du-18-decembre-2022-par-le-p-benoit-lecomte\/#primaryimage\"},\"thumbnailUrl\":\"https:\/\/charente.catholique.fr\/sud-charente\/wp-content\/uploads\/sites\/5\/2022\/12\/maxresdefault.jpg\",\"articleSection\":[\"Actualit\u00e9s\",\"Barbezieux\",\"Hom\u00e9lies\"],\"inLanguage\":\"fr-FR\",\"potentialAction\":[{\"@type\":\"CommentAction\",\"name\":\"Comment\",\"target\":[\"https:\/\/charente.catholique.fr\/sud-charente\/actualites\/homelie-du-18-decembre-2022-par-le-p-benoit-lecomte\/#respond\"]}]},{\"@type\":\"WebPage\",\"@id\":\"https:\/\/charente.catholique.fr\/sud-charente\/actualites\/homelie-du-18-decembre-2022-par-le-p-benoit-lecomte\/\",\"url\":\"https:\/\/charente.catholique.fr\/sud-charente\/actualites\/homelie-du-18-decembre-2022-par-le-p-benoit-lecomte\/\",\"name\":\"Hom\u00e9lie du 18 d\u00e9cembre 2022, par le P. Beno\u00eet Lecomte - Doyenn\u00e9 Sud Charente\",\"isPartOf\":{\"@id\":\"https:\/\/charente.catholique.fr\/sud-charente\/#website\"},\"primaryImageOfPage\":{\"@id\":\"https:\/\/charente.catholique.fr\/sud-charente\/actualites\/homelie-du-18-decembre-2022-par-le-p-benoit-lecomte\/#primaryimage\"},\"image\":{\"@id\":\"https:\/\/charente.catholique.fr\/sud-charente\/actualites\/homelie-du-18-decembre-2022-par-le-p-benoit-lecomte\/#primaryimage\"},\"thumbnailUrl\":\"https:\/\/charente.catholique.fr\/sud-charente\/wp-content\/uploads\/sites\/5\/2022\/12\/maxresdefault.jpg\",\"datePublished\":\"2022-12-18T09:00:00+00:00\",\"dateModified\":\"2022-12-18T13:05:13+00:00\",\"breadcrumb\":{\"@id\":\"https:\/\/charente.catholique.fr\/sud-charente\/actualites\/homelie-du-18-decembre-2022-par-le-p-benoit-lecomte\/#breadcrumb\"},\"inLanguage\":\"fr-FR\",\"potentialAction\":[{\"@type\":\"ReadAction\",\"target\":[\"https:\/\/charente.catholique.fr\/sud-charente\/actualites\/homelie-du-18-decembre-2022-par-le-p-benoit-lecomte\/\"]}]},{\"@type\":\"ImageObject\",\"inLanguage\":\"fr-FR\",\"@id\":\"https:\/\/charente.catholique.fr\/sud-charente\/actualites\/homelie-du-18-decembre-2022-par-le-p-benoit-lecomte\/#primaryimage\",\"url\":\"https:\/\/charente.catholique.fr\/sud-charente\/wp-content\/uploads\/sites\/5\/2022\/12\/maxresdefault.jpg\",\"contentUrl\":\"https:\/\/charente.catholique.fr\/sud-charente\/wp-content\/uploads\/sites\/5\/2022\/12\/maxresdefault.jpg\",\"width\":1280,\"height\":720},{\"@type\":\"BreadcrumbList\",\"@id\":\"https:\/\/charente.catholique.fr\/sud-charente\/actualites\/homelie-du-18-decembre-2022-par-le-p-benoit-lecomte\/#breadcrumb\",\"itemListElement\":[{\"@type\":\"ListItem\",\"position\":1,\"name\":\"Accueil\",\"item\":\"https:\/\/charente.catholique.fr\/sud-charente\/\"},{\"@type\":\"ListItem\",\"position\":2,\"name\":\"Hom\u00e9lie du 18 d\u00e9cembre 2022, par le P. Beno\u00eet Lecomte\"}]},{\"@type\":\"WebSite\",\"@id\":\"https:\/\/charente.catholique.fr\/sud-charente\/#website\",\"url\":\"https:\/\/charente.catholique.fr\/sud-charente\/\",\"name\":\"Doyenn\u00e9 Sud Charente - Dioc\u00e8se d'Angoul\u00eame\",\"description\":\"Dioc\u00e8se d&#039;Angoul\u00eame\",\"publisher\":{\"@id\":\"https:\/\/charente.catholique.fr\/sud-charente\/#organization\"},\"potentialAction\":[{\"@type\":\"SearchAction\",\"target\":{\"@type\":\"EntryPoint\",\"urlTemplate\":\"https:\/\/charente.catholique.fr\/sud-charente\/?s={search_term_string}\"},\"query-input\":{\"@type\":\"PropertyValueSpecification\",\"valueRequired\":true,\"valueName\":\"search_term_string\"}}],\"inLanguage\":\"fr-FR\"},{\"@type\":\"Organization\",\"@id\":\"https:\/\/charente.catholique.fr\/sud-charente\/#organization\",\"name\":\"Association dioc\u00e9saine d'Angoul\u00eame\",\"url\":\"https:\/\/charente.catholique.fr\/sud-charente\/\",\"logo\":{\"@type\":\"ImageObject\",\"inLanguage\":\"fr-FR\",\"@id\":\"https:\/\/charente.catholique.fr\/sud-charente\/#\/schema\/logo\/image\/\",\"url\":\"https:\/\/charente.catholique.fr\/sud-charente\/wp-content\/uploads\/sites\/5\/2020\/10\/logos.png\",\"contentUrl\":\"https:\/\/charente.catholique.fr\/sud-charente\/wp-content\/uploads\/sites\/5\/2020\/10\/logos.png\",\"width\":600,\"height\":257,\"caption\":\"Association dioc\u00e9saine d'Angoul\u00eame\"},\"image\":{\"@id\":\"https:\/\/charente.catholique.fr\/sud-charente\/#\/schema\/logo\/image\/\"},\"sameAs\":[\"https:\/\/www.facebook.com\/EgliseCatholiqueCharente\",\"https:\/\/x.com\/diocesecharente\",\"https:\/\/www.instagram.com\/eglisecharente\",\"https:\/\/www.youtube.com\/channel\/UCByyFWApZbw3gDTiADoiAaQ\"]},{\"@type\":\"Person\",\"@id\":\"https:\/\/charente.catholique.fr\/sud-charente\/#\/schema\/person\/ddcc6ba32a4484b49a276652de901387\",\"name\":\"Beno\u00eet\",\"image\":{\"@type\":\"ImageObject\",\"inLanguage\":\"fr-FR\",\"@id\":\"https:\/\/charente.catholique.fr\/sud-charente\/#\/schema\/person\/image\/\",\"url\":\"https:\/\/secure.gravatar.com\/avatar\/367de281020c81cafc6a2f9b79fef00a1981a890412ad8b09b11385575886666?s=96&d=mm&r=g\",\"contentUrl\":\"https:\/\/secure.gravatar.com\/avatar\/367de281020c81cafc6a2f9b79fef00a1981a890412ad8b09b11385575886666?s=96&d=mm&r=g\",\"caption\":\"Beno\u00eet\"},\"url\":\"https:\/\/charente.catholique.fr\/sud-charente\/author\/benoitlecomte\/\"}]}<\/script>\n<!-- \/ Yoast SEO plugin. -->","yoast_head_json":{"title":"Hom\u00e9lie du 18 d\u00e9cembre 2022, par le P. Beno\u00eet Lecomte - Doyenn\u00e9 Sud Charente","robots":{"index":"index","follow":"follow","max-snippet":"max-snippet:-1","max-image-preview":"max-image-preview:large","max-video-preview":"max-video-preview:-1"},"canonical":"https:\/\/charente.catholique.fr\/sud-charente\/actualites\/homelie-du-18-decembre-2022-par-le-p-benoit-lecomte\/","og_locale":"fr_FR","og_type":"article","og_title":"Hom\u00e9lie du 18 d\u00e9cembre 2022, par le P. Beno\u00eet Lecomte - Doyenn\u00e9 Sud Charente","og_description":"Nous sommes encore en attente. Tendus. C\u2019est l\u2019Avent. Apr\u00e8s les 3 premiers dimanches liturgiques, comme 3 premiers matchs sur le chemin vers No\u00ebl, voici le dimanche de la finale&nbsp;? L\u2019avant-match d\u2019un moment crucial, qui peut changer le monde \u2013 car le monde peut vibrer de ce moment. Nous sentons que nous touchons au but, nous [&hellip;]","og_url":"https:\/\/charente.catholique.fr\/sud-charente\/actualites\/homelie-du-18-decembre-2022-par-le-p-benoit-lecomte\/","og_site_name":"Doyenn\u00e9 Sud Charente","article_publisher":"https:\/\/www.facebook.com\/EgliseCatholiqueCharente","article_published_time":"2022-12-18T09:00:00+00:00","article_modified_time":"2022-12-18T13:05:13+00:00","og_image":[{"width":1280,"height":720,"url":"https:\/\/charente.catholique.fr\/sud-charente\/wp-content\/uploads\/sites\/5\/2022\/12\/maxresdefault.jpg","type":"image\/jpeg"}],"author":"Beno\u00eet","twitter_card":"summary_large_image","twitter_creator":"@diocesecharente","twitter_site":"@diocesecharente","twitter_misc":{"\u00c9crit par":"Beno\u00eet","Dur\u00e9e de lecture estim\u00e9e":"4 minutes"},"schema":{"@context":"https:\/\/schema.org","@graph":[{"@type":"Article","@id":"https:\/\/charente.catholique.fr\/sud-charente\/actualites\/homelie-du-18-decembre-2022-par-le-p-benoit-lecomte\/#article","isPartOf":{"@id":"https:\/\/charente.catholique.fr\/sud-charente\/actualites\/homelie-du-18-decembre-2022-par-le-p-benoit-lecomte\/"},"author":{"name":"Beno\u00eet","@id":"https:\/\/charente.catholique.fr\/sud-charente\/#\/schema\/person\/ddcc6ba32a4484b49a276652de901387"},"headline":"Hom\u00e9lie du 18 d\u00e9cembre 2022, par le P. Beno\u00eet Lecomte","datePublished":"2022-12-18T09:00:00+00:00","dateModified":"2022-12-18T13:05:13+00:00","mainEntityOfPage":{"@id":"https:\/\/charente.catholique.fr\/sud-charente\/actualites\/homelie-du-18-decembre-2022-par-le-p-benoit-lecomte\/"},"wordCount":746,"commentCount":1,"publisher":{"@id":"https:\/\/charente.catholique.fr\/sud-charente\/#organization"},"image":{"@id":"https:\/\/charente.catholique.fr\/sud-charente\/actualites\/homelie-du-18-decembre-2022-par-le-p-benoit-lecomte\/#primaryimage"},"thumbnailUrl":"https:\/\/charente.catholique.fr\/sud-charente\/wp-content\/uploads\/sites\/5\/2022\/12\/maxresdefault.jpg","articleSection":["Actualit\u00e9s","Barbezieux","Hom\u00e9lies"],"inLanguage":"fr-FR","potentialAction":[{"@type":"CommentAction","name":"Comment","target":["https:\/\/charente.catholique.fr\/sud-charente\/actualites\/homelie-du-18-decembre-2022-par-le-p-benoit-lecomte\/#respond"]}]},{"@type":"WebPage","@id":"https:\/\/charente.catholique.fr\/sud-charente\/actualites\/homelie-du-18-decembre-2022-par-le-p-benoit-lecomte\/","url":"https:\/\/charente.catholique.fr\/sud-charente\/actualites\/homelie-du-18-decembre-2022-par-le-p-benoit-lecomte\/","name":"Hom\u00e9lie du 18 d\u00e9cembre 2022, par le P. Beno\u00eet Lecomte - Doyenn\u00e9 Sud Charente","isPartOf":{"@id":"https:\/\/charente.catholique.fr\/sud-charente\/#website"},"primaryImageOfPage":{"@id":"https:\/\/charente.catholique.fr\/sud-charente\/actualites\/homelie-du-18-decembre-2022-par-le-p-benoit-lecomte\/#primaryimage"},"image":{"@id":"https:\/\/charente.catholique.fr\/sud-charente\/actualites\/homelie-du-18-decembre-2022-par-le-p-benoit-lecomte\/#primaryimage"},"thumbnailUrl":"https:\/\/charente.catholique.fr\/sud-charente\/wp-content\/uploads\/sites\/5\/2022\/12\/maxresdefault.jpg","datePublished":"2022-12-18T09:00:00+00:00","dateModified":"2022-12-18T13:05:13+00:00","breadcrumb":{"@id":"https:\/\/charente.catholique.fr\/sud-charente\/actualites\/homelie-du-18-decembre-2022-par-le-p-benoit-lecomte\/#breadcrumb"},"inLanguage":"fr-FR","potentialAction":[{"@type":"ReadAction","target":["https:\/\/charente.catholique.fr\/sud-charente\/actualites\/homelie-du-18-decembre-2022-par-le-p-benoit-lecomte\/"]}]},{"@type":"ImageObject","inLanguage":"fr-FR","@id":"https:\/\/charente.catholique.fr\/sud-charente\/actualites\/homelie-du-18-decembre-2022-par-le-p-benoit-lecomte\/#primaryimage","url":"https:\/\/charente.catholique.fr\/sud-charente\/wp-content\/uploads\/sites\/5\/2022\/12\/maxresdefault.jpg","contentUrl":"https:\/\/charente.catholique.fr\/sud-charente\/wp-content\/uploads\/sites\/5\/2022\/12\/maxresdefault.jpg","width":1280,"height":720},{"@type":"BreadcrumbList","@id":"https:\/\/charente.catholique.fr\/sud-charente\/actualites\/homelie-du-18-decembre-2022-par-le-p-benoit-lecomte\/#breadcrumb","itemListElement":[{"@type":"ListItem","position":1,"name":"Accueil","item":"https:\/\/charente.catholique.fr\/sud-charente\/"},{"@type":"ListItem","position":2,"name":"Hom\u00e9lie du 18 d\u00e9cembre 2022, par le P. Beno\u00eet Lecomte"}]},{"@type":"WebSite","@id":"https:\/\/charente.catholique.fr\/sud-charente\/#website","url":"https:\/\/charente.catholique.fr\/sud-charente\/","name":"Doyenn\u00e9 Sud Charente - Dioc\u00e8se d'Angoul\u00eame","description":"Dioc\u00e8se d&#039;Angoul\u00eame","publisher":{"@id":"https:\/\/charente.catholique.fr\/sud-charente\/#organization"},"potentialAction":[{"@type":"SearchAction","target":{"@type":"EntryPoint","urlTemplate":"https:\/\/charente.catholique.fr\/sud-charente\/?s={search_term_string}"},"query-input":{"@type":"PropertyValueSpecification","valueRequired":true,"valueName":"search_term_string"}}],"inLanguage":"fr-FR"},{"@type":"Organization","@id":"https:\/\/charente.catholique.fr\/sud-charente\/#organization","name":"Association dioc\u00e9saine d'Angoul\u00eame","url":"https:\/\/charente.catholique.fr\/sud-charente\/","logo":{"@type":"ImageObject","inLanguage":"fr-FR","@id":"https:\/\/charente.catholique.fr\/sud-charente\/#\/schema\/logo\/image\/","url":"https:\/\/charente.catholique.fr\/sud-charente\/wp-content\/uploads\/sites\/5\/2020\/10\/logos.png","contentUrl":"https:\/\/charente.catholique.fr\/sud-charente\/wp-content\/uploads\/sites\/5\/2020\/10\/logos.png","width":600,"height":257,"caption":"Association dioc\u00e9saine d'Angoul\u00eame"},"image":{"@id":"https:\/\/charente.catholique.fr\/sud-charente\/#\/schema\/logo\/image\/"},"sameAs":["https:\/\/www.facebook.com\/EgliseCatholiqueCharente","https:\/\/x.com\/diocesecharente","https:\/\/www.instagram.com\/eglisecharente","https:\/\/www.youtube.com\/channel\/UCByyFWApZbw3gDTiADoiAaQ"]},{"@type":"Person","@id":"https:\/\/charente.catholique.fr\/sud-charente\/#\/schema\/person\/ddcc6ba32a4484b49a276652de901387","name":"Beno\u00eet","image":{"@type":"ImageObject","inLanguage":"fr-FR","@id":"https:\/\/charente.catholique.fr\/sud-charente\/#\/schema\/person\/image\/","url":"https:\/\/secure.gravatar.com\/avatar\/367de281020c81cafc6a2f9b79fef00a1981a890412ad8b09b11385575886666?s=96&d=mm&r=g","contentUrl":"https:\/\/secure.gravatar.com\/avatar\/367de281020c81cafc6a2f9b79fef00a1981a890412ad8b09b11385575886666?s=96&d=mm&r=g","caption":"Beno\u00eet"},"url":"https:\/\/charente.catholique.fr\/sud-charente\/author\/benoitlecomte\/"}]}},"_links":{"self":[{"href":"https:\/\/charente.catholique.fr\/sud-charente\/wp-json\/wp\/v2\/posts\/4995","targetHints":{"allow":["GET"]}}],"collection":[{"href":"https:\/\/charente.catholique.fr\/sud-charente\/wp-json\/wp\/v2\/posts"}],"about":[{"href":"https:\/\/charente.catholique.fr\/sud-charente\/wp-json\/wp\/v2\/types\/post"}],"author":[{"embeddable":true,"href":"https:\/\/charente.catholique.fr\/sud-charente\/wp-json\/wp\/v2\/users\/4"}],"replies":[{"embeddable":true,"href":"https:\/\/charente.catholique.fr\/sud-charente\/wp-json\/wp\/v2\/comments?post=4995"}],"version-history":[{"count":2,"href":"https:\/\/charente.catholique.fr\/sud-charente\/wp-json\/wp\/v2\/posts\/4995\/revisions"}],"predecessor-version":[{"id":4998,"href":"https:\/\/charente.catholique.fr\/sud-charente\/wp-json\/wp\/v2\/posts\/4995\/revisions\/4998"}],"wp:featuredmedia":[{"embeddable":true,"href":"https:\/\/charente.catholique.fr\/sud-charente\/wp-json\/wp\/v2\/media\/4996"}],"wp:attachment":[{"href":"https:\/\/charente.catholique.fr\/sud-charente\/wp-json\/wp\/v2\/media?parent=4995"}],"wp:term":[{"taxonomy":"category","embeddable":true,"href":"https:\/\/charente.catholique.fr\/sud-charente\/wp-json\/wp\/v2\/categories?post=4995"},{"taxonomy":"post_tag","embeddable":true,"href":"https:\/\/charente.catholique.fr\/sud-charente\/wp-json\/wp\/v2\/tags?post=4995"}],"curies":[{"name":"wp","href":"https:\/\/api.w.org\/{rel}","templated":true}]}}