{"id":4980,"date":"2022-12-12T00:20:54","date_gmt":"2022-12-11T23:20:54","guid":{"rendered":"https:\/\/charente.catholique.fr\/sud-charente\/?p=4980"},"modified":"2022-12-12T00:21:16","modified_gmt":"2022-12-11T23:21:16","slug":"echos-de-lequipe-danimation-pastorale-du-8-decembre-2022","status":"publish","type":"post","link":"https:\/\/charente.catholique.fr\/sud-charente\/actualites\/echos-de-lequipe-danimation-pastorale-du-8-decembre-2022\/","title":{"rendered":"Echos de l&#8217;Equipe d&#8217;Animation Pastorale du 8 d\u00e9cembre 2022"},"content":{"rendered":"\n<p>Apr\u00e8s un temps de pri\u00e8re, les membres de l&#8217;EAP ont partag\u00e9 leurs r\u00e9actions suite \u00e0 l&#8217;article de la Charente Libre du 30 novembre au sujet de Mgr Gosselin. <\/p>\n\n\n\n<p>Puis l&#8217;ordre du jour plus &#8220;paroissial&#8221; a \u00e9t\u00e9 balay\u00e9 : <\/p>\n\n\n\n<p><\/p>\n\n\n\n<h5 class=\"wp-block-heading\">Point sur les initiatives du temps de l&#8217;Avent<\/h5>\n\n\n\n<p>Des invitations ont lieu, des \u00e9changes sont v\u00e9cus&#8230; Le temps de &#8220;prise de date&#8221; apr\u00e8s l&#8217;hom\u00e9lie a pu troubler des personnes, mais il ne sera pas reproduit les dimanches \u00e0 venir. <\/p>\n\n\n\n<p>Les rendez-vous au &#8220;Fraternel&#8221;, avec le partage du caf\u00e9, les ateliers aquarelle, sont tr\u00e8s appr\u00e9ci\u00e9s. Les rendez-vous du mardi matin pour partager le caf\u00e9 commencent \u00e0 entrer dans les rencontres hebdomadaires ordinaires de certains. Les gens se parlent !<\/p>\n\n\n\n<p>La proposition de cat\u00e9 le samedi en fin d&#8217;apr\u00e8s-midi accueille 12 \u00e0 13 enfants. Ce sont de bons moments, o\u00f9 des enfants &#8211; et des mamans &#8211; se mettent en route et font de belles exp\u00e9riences spirituelles. L&#8217;adoration avec les enfants est tr\u00e8s touchante !<\/p>\n\n\n\n<p>La soir\u00e9e jeux de d\u00e9cembre a encore attir\u00e9 beaucoup de monde et a beaucoup plu.<\/p>\n\n\n\n<h5 class=\"wp-block-heading\">Initiative du Fraternel<\/h5>\n\n\n\n<p>Il a fallu une ni\u00e8me fois reconstituer un dossier de demande de subvention en urgence, suite \u00e0 des demandes parfois contradictoires. Une rencontre avec la commission immobilier a eu lieu pour faire le point sur les travaux et affiner les budgets.<\/p>\n\n\n\n<p>Rappel : une assembl\u00e9e g\u00e9n\u00e9rale ouverte \u00e0 tous est pr\u00e9vue le 10 janvier en soir\u00e9e.<\/p>\n\n\n\n<h5 class=\"wp-block-heading\">Accueil du partenaire du CCFD &#8211; Terre solidaire du 25 au 30 mars 2023<\/h5>\n\n\n\n<p>Rien n&#8217;est encore tr\u00e8s fix\u00e9 et aucune \u00e9quipe ne s&#8217;est pench\u00e9 sur l&#8217;accueil du partenaire, Paulo Ill\u00e8s, que nous accueillerons en mars prochain. Quelques id\u00e9es sont jet\u00e9es pour tenter d\u2019esquisser un pr\u00e9-programme, qui demande \u00e0 \u00eatre travaill\u00e9 avec d&#8217;autre et \u00e0 \u00eatre affin\u00e9.<\/p>\n\n\n\n<p><\/p>\n\n\n\n<h5 class=\"wp-block-heading\">P\u00e8lerinage de doyenn\u00e9 \u00e0 Lourdes, du 6 au 8 mai 2023<\/h5>\n\n\n\n<p>La derni\u00e8re rencontre a consist\u00e9 en la composition de commissions et de pr\u00e9paration de diff\u00e9rentes routes. De nombreuses personnes dans tout le doyenn\u00e9 vont \u00eatre sollicit\u00e9es pour participer \u00e0 a pr\u00e9paration et \u00e0 l&#8217;organisation de ce p\u00e8lerinage. <\/p>\n\n\n\n<h5 class=\"wp-block-heading\">\u0152cum\u00e9nisme<\/h5>\n\n\n\n<p>La pri\u00e8re de janvier pour la semaine de pri\u00e8re pour l&#8217;unit\u00e9 des chr\u00e9tiens a \u00e9t\u00e9 pr\u00e9par\u00e9e. Lors de cette pr\u00e9paration, une autre question a \u00e9t\u00e9 pos\u00e9e, \u00e0 savoir celle d&#8217;une c\u00e9l\u00e9bration \u0153cum\u00e9nique le Vendredi Saint 2023. Une r\u00e9flexion doit \u00eatre men\u00e9e sur ce sujet. Toutes celles et tous ceux qui veulent s&#8217;y associer sont les bienvenus. <\/p>\n\n\n\n<h5 class=\"wp-block-heading\">Parcours biblique de doyenn\u00e9<\/h5>\n\n\n\n<p>35 personnes ont particip\u00e9 \u00e0 la 1\u00e8re rencontre et ont salu\u00e9 les propos du P\u00e8re Marc Prunier, invitant \u00e0 un \u00e9largissement et un approfondissement de la spiritualit\u00e9 mariale et de sa th\u00e9ologie.<\/p>\n\n\n\n<h5 class=\"wp-block-heading\">Confirmands et recomman\u00e7ants<\/h5>\n\n\n\n<p>Une nouvelle \u00e9quipe a red\u00e9marr\u00e9 avec des jeunes et des parents. La premi\u00e8re rencontre \u00e9tait tr\u00e8s belle.<\/p>\n\n\n\n<h5 class=\"wp-block-heading\">R\u00e9veillon solidaire<\/h5>\n\n\n\n<p>Un r\u00e9veillon solidaire est pr\u00e9vu le 31 d\u00e9cembre, dans les salles paroissiales \u00e0 partir de 20h. Chacun apporte quelque chose \u00e0 partager. <\/p>\n\n\n\n<p>De 18h30 \u00e0 19h30, dans l&#8217;\u00e9glise de Barbezieux, et en lien avec ce r\u00e9veillon, une adoration sera pr\u00e9vue.<\/p>\n\n\n\n<p><\/p>\n\n\n\n<p><strong>Prochaine rencontre : jeudi 5 janvier, 20h00<\/strong><\/p>\n\n\n\n<p><\/p>\n","protected":false},"excerpt":{"rendered":"<p>Apr\u00e8s un temps de pri\u00e8re, les membres de l&#8217;EAP ont partag\u00e9 leurs r\u00e9actions suite \u00e0 l&#8217;article de la Charente Libre du 30 novembre au sujet de Mgr Gosselin. Puis l&#8217;ordre du jour plus &#8220;paroissial&#8221; a \u00e9t\u00e9 balay\u00e9 : Point sur les initiatives du temps de l&#8217;Avent Des invitations ont lieu, des \u00e9changes sont v\u00e9cus&#8230; Le [&hellip;]<\/p>\n","protected":false},"author":4,"featured_media":273,"comment_status":"open","ping_status":"open","sticky":false,"template":"","format":"standard","meta":{"_acf_changed":false,"paroisse":["15"],"service":["0"],"footnotes":""},"categories":[1,4,9],"tags":[],"class_list":["post-4980","post","type-post","status-publish","format-standard","has-post-thumbnail","hentry","category-actualites","category-barbezieux","category-equipe-danimation-pastorale","validated"],"acf":[],"yoast_head":"<!-- This site is optimized with the Yoast SEO plugin v27.1.1 - https:\/\/yoast.com\/product\/yoast-seo-wordpress\/ -->\n<title>Echos de l&#039;Equipe d&#039;Animation Pastorale du 8 d\u00e9cembre 2022 - Doyenn\u00e9 Sud Charente<\/title>\n<meta name=\"robots\" content=\"index, follow, max-snippet:-1, max-image-preview:large, max-video-preview:-1\" \/>\n<link rel=\"canonical\" href=\"https:\/\/charente.catholique.fr\/sud-charente\/actualites\/echos-de-lequipe-danimation-pastorale-du-8-decembre-2022\/\" \/>\n<meta property=\"og:locale\" content=\"fr_FR\" \/>\n<meta property=\"og:type\" content=\"article\" \/>\n<meta property=\"og:title\" content=\"Echos de l&#039;Equipe d&#039;Animation Pastorale du 8 d\u00e9cembre 2022 - Doyenn\u00e9 Sud Charente\" \/>\n<meta property=\"og:description\" content=\"Apr\u00e8s un temps de pri\u00e8re, les membres de l&#8217;EAP ont partag\u00e9 leurs r\u00e9actions suite \u00e0 l&#8217;article de la Charente Libre du 30 novembre au sujet de Mgr Gosselin. Puis l&#8217;ordre du jour plus &#8220;paroissial&#8221; a \u00e9t\u00e9 balay\u00e9 : Point sur les initiatives du temps de l&#8217;Avent Des invitations ont lieu, des \u00e9changes sont v\u00e9cus&#8230; Le [&hellip;]\" \/>\n<meta property=\"og:url\" content=\"https:\/\/charente.catholique.fr\/sud-charente\/actualites\/echos-de-lequipe-danimation-pastorale-du-8-decembre-2022\/\" \/>\n<meta property=\"og:site_name\" content=\"Doyenn\u00e9 Sud Charente\" \/>\n<meta property=\"article:publisher\" content=\"https:\/\/www.facebook.com\/EgliseCatholiqueCharente\" \/>\n<meta property=\"article:published_time\" content=\"2022-12-11T23:20:54+00:00\" \/>\n<meta property=\"article:modified_time\" content=\"2022-12-11T23:21:16+00:00\" \/>\n<meta property=\"og:image\" content=\"https:\/\/charente.catholique.fr\/sud-charente\/wp-content\/uploads\/sites\/5\/2020\/07\/logo_paroissebbb-scaled.jpg\" \/>\n\t<meta property=\"og:image:width\" content=\"2560\" \/>\n\t<meta property=\"og:image:height\" content=\"890\" \/>\n\t<meta property=\"og:image:type\" content=\"image\/jpeg\" \/>\n<meta name=\"author\" content=\"Beno\u00eet\" \/>\n<meta name=\"twitter:card\" content=\"summary_large_image\" \/>\n<meta name=\"twitter:creator\" content=\"@diocesecharente\" \/>\n<meta name=\"twitter:site\" content=\"@diocesecharente\" \/>\n<meta name=\"twitter:label1\" content=\"\u00c9crit par\" \/>\n\t<meta name=\"twitter:data1\" content=\"Beno\u00eet\" \/>\n\t<meta name=\"twitter:label2\" content=\"Dur\u00e9e de lecture estim\u00e9e\" \/>\n\t<meta name=\"twitter:data2\" content=\"3 minutes\" \/>\n<script type=\"application\/ld+json\" class=\"yoast-schema-graph\">{\"@context\":\"https:\/\/schema.org\",\"@graph\":[{\"@type\":\"Article\",\"@id\":\"https:\/\/charente.catholique.fr\/sud-charente\/actualites\/echos-de-lequipe-danimation-pastorale-du-8-decembre-2022\/#article\",\"isPartOf\":{\"@id\":\"https:\/\/charente.catholique.fr\/sud-charente\/actualites\/echos-de-lequipe-danimation-pastorale-du-8-decembre-2022\/\"},\"author\":{\"name\":\"Beno\u00eet\",\"@id\":\"https:\/\/charente.catholique.fr\/sud-charente\/#\/schema\/person\/ddcc6ba32a4484b49a276652de901387\"},\"headline\":\"Echos de l&#8217;Equipe d&#8217;Animation Pastorale du 8 d\u00e9cembre 2022\",\"datePublished\":\"2022-12-11T23:20:54+00:00\",\"dateModified\":\"2022-12-11T23:21:16+00:00\",\"mainEntityOfPage\":{\"@id\":\"https:\/\/charente.catholique.fr\/sud-charente\/actualites\/echos-de-lequipe-danimation-pastorale-du-8-decembre-2022\/\"},\"wordCount\":550,\"commentCount\":1,\"publisher\":{\"@id\":\"https:\/\/charente.catholique.fr\/sud-charente\/#organization\"},\"image\":{\"@id\":\"https:\/\/charente.catholique.fr\/sud-charente\/actualites\/echos-de-lequipe-danimation-pastorale-du-8-decembre-2022\/#primaryimage\"},\"thumbnailUrl\":\"https:\/\/charente.catholique.fr\/sud-charente\/wp-content\/uploads\/sites\/5\/2020\/07\/logo_paroissebbb-scaled.jpg\",\"articleSection\":[\"Actualit\u00e9s\",\"Barbezieux\",\"Equipe d'Animation Pastorale\"],\"inLanguage\":\"fr-FR\",\"potentialAction\":[{\"@type\":\"CommentAction\",\"name\":\"Comment\",\"target\":[\"https:\/\/charente.catholique.fr\/sud-charente\/actualites\/echos-de-lequipe-danimation-pastorale-du-8-decembre-2022\/#respond\"]}]},{\"@type\":\"WebPage\",\"@id\":\"https:\/\/charente.catholique.fr\/sud-charente\/actualites\/echos-de-lequipe-danimation-pastorale-du-8-decembre-2022\/\",\"url\":\"https:\/\/charente.catholique.fr\/sud-charente\/actualites\/echos-de-lequipe-danimation-pastorale-du-8-decembre-2022\/\",\"name\":\"Echos de l'Equipe d'Animation Pastorale du 8 d\u00e9cembre 2022 - Doyenn\u00e9 Sud Charente\",\"isPartOf\":{\"@id\":\"https:\/\/charente.catholique.fr\/sud-charente\/#website\"},\"primaryImageOfPage\":{\"@id\":\"https:\/\/charente.catholique.fr\/sud-charente\/actualites\/echos-de-lequipe-danimation-pastorale-du-8-decembre-2022\/#primaryimage\"},\"image\":{\"@id\":\"https:\/\/charente.catholique.fr\/sud-charente\/actualites\/echos-de-lequipe-danimation-pastorale-du-8-decembre-2022\/#primaryimage\"},\"thumbnailUrl\":\"https:\/\/charente.catholique.fr\/sud-charente\/wp-content\/uploads\/sites\/5\/2020\/07\/logo_paroissebbb-scaled.jpg\",\"datePublished\":\"2022-12-11T23:20:54+00:00\",\"dateModified\":\"2022-12-11T23:21:16+00:00\",\"breadcrumb\":{\"@id\":\"https:\/\/charente.catholique.fr\/sud-charente\/actualites\/echos-de-lequipe-danimation-pastorale-du-8-decembre-2022\/#breadcrumb\"},\"inLanguage\":\"fr-FR\",\"potentialAction\":[{\"@type\":\"ReadAction\",\"target\":[\"https:\/\/charente.catholique.fr\/sud-charente\/actualites\/echos-de-lequipe-danimation-pastorale-du-8-decembre-2022\/\"]}]},{\"@type\":\"ImageObject\",\"inLanguage\":\"fr-FR\",\"@id\":\"https:\/\/charente.catholique.fr\/sud-charente\/actualites\/echos-de-lequipe-danimation-pastorale-du-8-decembre-2022\/#primaryimage\",\"url\":\"https:\/\/charente.catholique.fr\/sud-charente\/wp-content\/uploads\/sites\/5\/2020\/07\/logo_paroissebbb-scaled.jpg\",\"contentUrl\":\"https:\/\/charente.catholique.fr\/sud-charente\/wp-content\/uploads\/sites\/5\/2020\/07\/logo_paroissebbb-scaled.jpg\",\"width\":2560,\"height\":890},{\"@type\":\"BreadcrumbList\",\"@id\":\"https:\/\/charente.catholique.fr\/sud-charente\/actualites\/echos-de-lequipe-danimation-pastorale-du-8-decembre-2022\/#breadcrumb\",\"itemListElement\":[{\"@type\":\"ListItem\",\"position\":1,\"name\":\"Accueil\",\"item\":\"https:\/\/charente.catholique.fr\/sud-charente\/\"},{\"@type\":\"ListItem\",\"position\":2,\"name\":\"Echos de l&#8217;Equipe d&#8217;Animation Pastorale du 8 d\u00e9cembre 2022\"}]},{\"@type\":\"WebSite\",\"@id\":\"https:\/\/charente.catholique.fr\/sud-charente\/#website\",\"url\":\"https:\/\/charente.catholique.fr\/sud-charente\/\",\"name\":\"Doyenn\u00e9 Sud Charente - Dioc\u00e8se d'Angoul\u00eame\",\"description\":\"Dioc\u00e8se d&#039;Angoul\u00eame\",\"publisher\":{\"@id\":\"https:\/\/charente.catholique.fr\/sud-charente\/#organization\"},\"potentialAction\":[{\"@type\":\"SearchAction\",\"target\":{\"@type\":\"EntryPoint\",\"urlTemplate\":\"https:\/\/charente.catholique.fr\/sud-charente\/?s={search_term_string}\"},\"query-input\":{\"@type\":\"PropertyValueSpecification\",\"valueRequired\":true,\"valueName\":\"search_term_string\"}}],\"inLanguage\":\"fr-FR\"},{\"@type\":\"Organization\",\"@id\":\"https:\/\/charente.catholique.fr\/sud-charente\/#organization\",\"name\":\"Association dioc\u00e9saine d'Angoul\u00eame\",\"url\":\"https:\/\/charente.catholique.fr\/sud-charente\/\",\"logo\":{\"@type\":\"ImageObject\",\"inLanguage\":\"fr-FR\",\"@id\":\"https:\/\/charente.catholique.fr\/sud-charente\/#\/schema\/logo\/image\/\",\"url\":\"https:\/\/charente.catholique.fr\/sud-charente\/wp-content\/uploads\/sites\/5\/2020\/10\/logos.png\",\"contentUrl\":\"https:\/\/charente.catholique.fr\/sud-charente\/wp-content\/uploads\/sites\/5\/2020\/10\/logos.png\",\"width\":600,\"height\":257,\"caption\":\"Association dioc\u00e9saine d'Angoul\u00eame\"},\"image\":{\"@id\":\"https:\/\/charente.catholique.fr\/sud-charente\/#\/schema\/logo\/image\/\"},\"sameAs\":[\"https:\/\/www.facebook.com\/EgliseCatholiqueCharente\",\"https:\/\/x.com\/diocesecharente\",\"https:\/\/www.instagram.com\/eglisecharente\",\"https:\/\/www.youtube.com\/channel\/UCByyFWApZbw3gDTiADoiAaQ\"]},{\"@type\":\"Person\",\"@id\":\"https:\/\/charente.catholique.fr\/sud-charente\/#\/schema\/person\/ddcc6ba32a4484b49a276652de901387\",\"name\":\"Beno\u00eet\",\"image\":{\"@type\":\"ImageObject\",\"inLanguage\":\"fr-FR\",\"@id\":\"https:\/\/charente.catholique.fr\/sud-charente\/#\/schema\/person\/image\/\",\"url\":\"https:\/\/secure.gravatar.com\/avatar\/367de281020c81cafc6a2f9b79fef00a1981a890412ad8b09b11385575886666?s=96&d=mm&r=g\",\"contentUrl\":\"https:\/\/secure.gravatar.com\/avatar\/367de281020c81cafc6a2f9b79fef00a1981a890412ad8b09b11385575886666?s=96&d=mm&r=g\",\"caption\":\"Beno\u00eet\"},\"url\":\"https:\/\/charente.catholique.fr\/sud-charente\/author\/benoitlecomte\/\"}]}<\/script>\n<!-- \/ Yoast SEO plugin. -->","yoast_head_json":{"title":"Echos de l'Equipe d'Animation Pastorale du 8 d\u00e9cembre 2022 - Doyenn\u00e9 Sud Charente","robots":{"index":"index","follow":"follow","max-snippet":"max-snippet:-1","max-image-preview":"max-image-preview:large","max-video-preview":"max-video-preview:-1"},"canonical":"https:\/\/charente.catholique.fr\/sud-charente\/actualites\/echos-de-lequipe-danimation-pastorale-du-8-decembre-2022\/","og_locale":"fr_FR","og_type":"article","og_title":"Echos de l'Equipe d'Animation Pastorale du 8 d\u00e9cembre 2022 - Doyenn\u00e9 Sud Charente","og_description":"Apr\u00e8s un temps de pri\u00e8re, les membres de l&#8217;EAP ont partag\u00e9 leurs r\u00e9actions suite \u00e0 l&#8217;article de la Charente Libre du 30 novembre au sujet de Mgr Gosselin. Puis l&#8217;ordre du jour plus &#8220;paroissial&#8221; a \u00e9t\u00e9 balay\u00e9 : Point sur les initiatives du temps de l&#8217;Avent Des invitations ont lieu, des \u00e9changes sont v\u00e9cus&#8230; Le [&hellip;]","og_url":"https:\/\/charente.catholique.fr\/sud-charente\/actualites\/echos-de-lequipe-danimation-pastorale-du-8-decembre-2022\/","og_site_name":"Doyenn\u00e9 Sud Charente","article_publisher":"https:\/\/www.facebook.com\/EgliseCatholiqueCharente","article_published_time":"2022-12-11T23:20:54+00:00","article_modified_time":"2022-12-11T23:21:16+00:00","og_image":[{"width":2560,"height":890,"url":"https:\/\/charente.catholique.fr\/sud-charente\/wp-content\/uploads\/sites\/5\/2020\/07\/logo_paroissebbb-scaled.jpg","type":"image\/jpeg"}],"author":"Beno\u00eet","twitter_card":"summary_large_image","twitter_creator":"@diocesecharente","twitter_site":"@diocesecharente","twitter_misc":{"\u00c9crit par":"Beno\u00eet","Dur\u00e9e de lecture estim\u00e9e":"3 minutes"},"schema":{"@context":"https:\/\/schema.org","@graph":[{"@type":"Article","@id":"https:\/\/charente.catholique.fr\/sud-charente\/actualites\/echos-de-lequipe-danimation-pastorale-du-8-decembre-2022\/#article","isPartOf":{"@id":"https:\/\/charente.catholique.fr\/sud-charente\/actualites\/echos-de-lequipe-danimation-pastorale-du-8-decembre-2022\/"},"author":{"name":"Beno\u00eet","@id":"https:\/\/charente.catholique.fr\/sud-charente\/#\/schema\/person\/ddcc6ba32a4484b49a276652de901387"},"headline":"Echos de l&#8217;Equipe d&#8217;Animation Pastorale du 8 d\u00e9cembre 2022","datePublished":"2022-12-11T23:20:54+00:00","dateModified":"2022-12-11T23:21:16+00:00","mainEntityOfPage":{"@id":"https:\/\/charente.catholique.fr\/sud-charente\/actualites\/echos-de-lequipe-danimation-pastorale-du-8-decembre-2022\/"},"wordCount":550,"commentCount":1,"publisher":{"@id":"https:\/\/charente.catholique.fr\/sud-charente\/#organization"},"image":{"@id":"https:\/\/charente.catholique.fr\/sud-charente\/actualites\/echos-de-lequipe-danimation-pastorale-du-8-decembre-2022\/#primaryimage"},"thumbnailUrl":"https:\/\/charente.catholique.fr\/sud-charente\/wp-content\/uploads\/sites\/5\/2020\/07\/logo_paroissebbb-scaled.jpg","articleSection":["Actualit\u00e9s","Barbezieux","Equipe d'Animation Pastorale"],"inLanguage":"fr-FR","potentialAction":[{"@type":"CommentAction","name":"Comment","target":["https:\/\/charente.catholique.fr\/sud-charente\/actualites\/echos-de-lequipe-danimation-pastorale-du-8-decembre-2022\/#respond"]}]},{"@type":"WebPage","@id":"https:\/\/charente.catholique.fr\/sud-charente\/actualites\/echos-de-lequipe-danimation-pastorale-du-8-decembre-2022\/","url":"https:\/\/charente.catholique.fr\/sud-charente\/actualites\/echos-de-lequipe-danimation-pastorale-du-8-decembre-2022\/","name":"Echos de l'Equipe d'Animation Pastorale du 8 d\u00e9cembre 2022 - Doyenn\u00e9 Sud Charente","isPartOf":{"@id":"https:\/\/charente.catholique.fr\/sud-charente\/#website"},"primaryImageOfPage":{"@id":"https:\/\/charente.catholique.fr\/sud-charente\/actualites\/echos-de-lequipe-danimation-pastorale-du-8-decembre-2022\/#primaryimage"},"image":{"@id":"https:\/\/charente.catholique.fr\/sud-charente\/actualites\/echos-de-lequipe-danimation-pastorale-du-8-decembre-2022\/#primaryimage"},"thumbnailUrl":"https:\/\/charente.catholique.fr\/sud-charente\/wp-content\/uploads\/sites\/5\/2020\/07\/logo_paroissebbb-scaled.jpg","datePublished":"2022-12-11T23:20:54+00:00","dateModified":"2022-12-11T23:21:16+00:00","breadcrumb":{"@id":"https:\/\/charente.catholique.fr\/sud-charente\/actualites\/echos-de-lequipe-danimation-pastorale-du-8-decembre-2022\/#breadcrumb"},"inLanguage":"fr-FR","potentialAction":[{"@type":"ReadAction","target":["https:\/\/charente.catholique.fr\/sud-charente\/actualites\/echos-de-lequipe-danimation-pastorale-du-8-decembre-2022\/"]}]},{"@type":"ImageObject","inLanguage":"fr-FR","@id":"https:\/\/charente.catholique.fr\/sud-charente\/actualites\/echos-de-lequipe-danimation-pastorale-du-8-decembre-2022\/#primaryimage","url":"https:\/\/charente.catholique.fr\/sud-charente\/wp-content\/uploads\/sites\/5\/2020\/07\/logo_paroissebbb-scaled.jpg","contentUrl":"https:\/\/charente.catholique.fr\/sud-charente\/wp-content\/uploads\/sites\/5\/2020\/07\/logo_paroissebbb-scaled.jpg","width":2560,"height":890},{"@type":"BreadcrumbList","@id":"https:\/\/charente.catholique.fr\/sud-charente\/actualites\/echos-de-lequipe-danimation-pastorale-du-8-decembre-2022\/#breadcrumb","itemListElement":[{"@type":"ListItem","position":1,"name":"Accueil","item":"https:\/\/charente.catholique.fr\/sud-charente\/"},{"@type":"ListItem","position":2,"name":"Echos de l&#8217;Equipe d&#8217;Animation Pastorale du 8 d\u00e9cembre 2022"}]},{"@type":"WebSite","@id":"https:\/\/charente.catholique.fr\/sud-charente\/#website","url":"https:\/\/charente.catholique.fr\/sud-charente\/","name":"Doyenn\u00e9 Sud Charente - Dioc\u00e8se d'Angoul\u00eame","description":"Dioc\u00e8se d&#039;Angoul\u00eame","publisher":{"@id":"https:\/\/charente.catholique.fr\/sud-charente\/#organization"},"potentialAction":[{"@type":"SearchAction","target":{"@type":"EntryPoint","urlTemplate":"https:\/\/charente.catholique.fr\/sud-charente\/?s={search_term_string}"},"query-input":{"@type":"PropertyValueSpecification","valueRequired":true,"valueName":"search_term_string"}}],"inLanguage":"fr-FR"},{"@type":"Organization","@id":"https:\/\/charente.catholique.fr\/sud-charente\/#organization","name":"Association dioc\u00e9saine d'Angoul\u00eame","url":"https:\/\/charente.catholique.fr\/sud-charente\/","logo":{"@type":"ImageObject","inLanguage":"fr-FR","@id":"https:\/\/charente.catholique.fr\/sud-charente\/#\/schema\/logo\/image\/","url":"https:\/\/charente.catholique.fr\/sud-charente\/wp-content\/uploads\/sites\/5\/2020\/10\/logos.png","contentUrl":"https:\/\/charente.catholique.fr\/sud-charente\/wp-content\/uploads\/sites\/5\/2020\/10\/logos.png","width":600,"height":257,"caption":"Association dioc\u00e9saine d'Angoul\u00eame"},"image":{"@id":"https:\/\/charente.catholique.fr\/sud-charente\/#\/schema\/logo\/image\/"},"sameAs":["https:\/\/www.facebook.com\/EgliseCatholiqueCharente","https:\/\/x.com\/diocesecharente","https:\/\/www.instagram.com\/eglisecharente","https:\/\/www.youtube.com\/channel\/UCByyFWApZbw3gDTiADoiAaQ"]},{"@type":"Person","@id":"https:\/\/charente.catholique.fr\/sud-charente\/#\/schema\/person\/ddcc6ba32a4484b49a276652de901387","name":"Beno\u00eet","image":{"@type":"ImageObject","inLanguage":"fr-FR","@id":"https:\/\/charente.catholique.fr\/sud-charente\/#\/schema\/person\/image\/","url":"https:\/\/secure.gravatar.com\/avatar\/367de281020c81cafc6a2f9b79fef00a1981a890412ad8b09b11385575886666?s=96&d=mm&r=g","contentUrl":"https:\/\/secure.gravatar.com\/avatar\/367de281020c81cafc6a2f9b79fef00a1981a890412ad8b09b11385575886666?s=96&d=mm&r=g","caption":"Beno\u00eet"},"url":"https:\/\/charente.catholique.fr\/sud-charente\/author\/benoitlecomte\/"}]}},"_links":{"self":[{"href":"https:\/\/charente.catholique.fr\/sud-charente\/wp-json\/wp\/v2\/posts\/4980","targetHints":{"allow":["GET"]}}],"collection":[{"href":"https:\/\/charente.catholique.fr\/sud-charente\/wp-json\/wp\/v2\/posts"}],"about":[{"href":"https:\/\/charente.catholique.fr\/sud-charente\/wp-json\/wp\/v2\/types\/post"}],"author":[{"embeddable":true,"href":"https:\/\/charente.catholique.fr\/sud-charente\/wp-json\/wp\/v2\/users\/4"}],"replies":[{"embeddable":true,"href":"https:\/\/charente.catholique.fr\/sud-charente\/wp-json\/wp\/v2\/comments?post=4980"}],"version-history":[{"count":1,"href":"https:\/\/charente.catholique.fr\/sud-charente\/wp-json\/wp\/v2\/posts\/4980\/revisions"}],"predecessor-version":[{"id":4981,"href":"https:\/\/charente.catholique.fr\/sud-charente\/wp-json\/wp\/v2\/posts\/4980\/revisions\/4981"}],"wp:featuredmedia":[{"embeddable":true,"href":"https:\/\/charente.catholique.fr\/sud-charente\/wp-json\/wp\/v2\/media\/273"}],"wp:attachment":[{"href":"https:\/\/charente.catholique.fr\/sud-charente\/wp-json\/wp\/v2\/media?parent=4980"}],"wp:term":[{"taxonomy":"category","embeddable":true,"href":"https:\/\/charente.catholique.fr\/sud-charente\/wp-json\/wp\/v2\/categories?post=4980"},{"taxonomy":"post_tag","embeddable":true,"href":"https:\/\/charente.catholique.fr\/sud-charente\/wp-json\/wp\/v2\/tags?post=4980"}],"curies":[{"name":"wp","href":"https:\/\/api.w.org\/{rel}","templated":true}]}}