{"id":4719,"date":"2022-11-06T10:32:00","date_gmt":"2022-11-06T09:32:00","guid":{"rendered":"https:\/\/charente.catholique.fr\/sud-charente\/?p=4719"},"modified":"2022-11-05T10:33:17","modified_gmt":"2022-11-05T09:33:17","slug":"homelie-du-5-novembre-2022-par-le-p-benoit-lecomte","status":"publish","type":"post","link":"https:\/\/charente.catholique.fr\/sud-charente\/actualites\/homelie-du-5-novembre-2022-par-le-p-benoit-lecomte\/","title":{"rendered":"Hom\u00e9lie du 6 novembre 2022, par le P. Beno\u00eet Lecomte"},"content":{"rendered":"\n<p><\/p>\n\n\n\n<p>Croyez-vous, croyons-nous en la r\u00e9surrection&nbsp;? Apr\u00e8s avoir f\u00eat\u00e9 la Toussaint et c\u00e9l\u00e9br\u00e9 la comm\u00e9moration des d\u00e9funts cette semaine, la question peut para\u00eetre saugrenue. C\u2019est pourtant celle-l\u00e0 que nous lance la Parole de Dieu aujourd\u2019hui. Et cette question n\u2019est peut-\u00eatre pas aussi l\u00e9g\u00e8re qu\u2019il n\u2019y para\u00eet. En notre assembl\u00e9e, combien d\u2019entre-nous y croient&nbsp;? Et combien n\u2019y croient pas&nbsp;? De r\u00e9centes enqu\u00eates l\u2019affirment&nbsp;: en 2009<a href=\"#_ftn1\" id=\"_ftnref1\">[1]<\/a>, on notait que chez les catholiques, seulement 13,1% des pratiquants croyaient en la r\u00e9surrection, et 57&nbsp;% chez les pratiquants r\u00e9guliers. 21% des catholiques croyant en la r\u00e9incarnation, et 33% \u00e0 rien apr\u00e8s la mort. Plus pr\u00e8s de nous, en 2021<a href=\"#_ftn2\" id=\"_ftnref2\">[2]<\/a>, seuls 47% des catholiques pratiquants disent croire \u00e0 l\u2019existence de l\u2019\u00e2me (26% croient en l\u2019immortalit\u00e9 de l\u2019\u00e2me humaine, 21% estiment que l\u2019\u00e2me humaine est en attente de r\u00e9surrection des corps). La r\u00e9alit\u00e9 de la r\u00e9surrection est loin d\u2019\u00eatre une \u00e9vidence, et nous ne parlons l\u00e0 que des catholiques.<\/p>\n\n\n\n<p>C\u2019est pourtant dans l\u2019\u00e9v\u00e9nement pascal de la mort et de la r\u00e9surrection de J\u00e9sus que s\u2019enracine toute notre foi. Alors la question de la r\u00e9surrection, que nous pose aujourd\u2019hui la Parole de Dieu, nous pose la question radicale de notre foi.<\/p>\n\n\n\n<p>Je vous ai peut-\u00eatre d\u00e9j\u00e0 racont\u00e9 cette histoire. On m\u2019avait charg\u00e9 un jour d\u2019animer un temps d\u2019\u00e9change avec des chefs scouts, des jeunes de 18-22 ans environ, sur la r\u00e9surrection. La discussion se passait plut\u00f4t bien mais une jeune fille n\u2019y prenait pas part. Elle semblait m\u00eame s\u2019ennuyer s\u00e9rieusement et se d\u00e9sint\u00e9resser totalement de ce que nous racontions. Je lui demande alors ce qu\u2019elle pense de tout \u00e7a, et elle de me r\u00e9pondre du tac-au-tac&nbsp;: \u00ab&nbsp;ton histoire de r\u00e9surrection, \u00e7a peut int\u00e9resser ceux qui vont bient\u00f4t mourir, parles-en aux vieux&nbsp;! Moi je n&#8217;y pense pas. Ce qui m\u2019int\u00e9resse, c\u2019est de vivre \u00e0 fond aujourd\u2019hui, sans attendre la mort.&nbsp;\u00bb<\/p>\n\n\n\n<p>Sans le savoir, cette jeune fille avait tout compris.<\/p>\n\n\n\n<p>En effet, si notre affirmation de la r\u00e9surrection ne concerne que ceux qui sont morts, alors elle n\u2019est qu\u2019une esp\u00e9rance, un espoir d\u2019un&nbsp;\u00ab&nbsp;quelque chose d\u2019autre apr\u00e8s&nbsp;\u00bb, sur lequel nous ne savons pas grand-chose. Plus encore, ne serait-il pas dommage de penser qu\u2019on ne peut vivre pleinement qu\u2019apr\u00e8s la mort&nbsp;?<\/p>\n\n\n\n<p>Non. Notre foi en la r\u00e9surrection vient transformer d\u00e9j\u00e0 notre pr\u00e9sent, notre fa\u00e7on d\u2019\u00eatre, de vivre au monde, et toutes nos relations. C\u2019est bien ce que dit J\u00e9sus en substance aux Sadduc\u00e9ens dans l\u2019Evangile&nbsp;: ne vous souciez pas des modalit\u00e9s de la vie apr\u00e8s la mort. Vous n\u2019avez pas de prise dessus. Souciez-vous plut\u00f4t de votre vie aujourd\u2019hui, car \u00ab&nbsp;Dieu n\u2019est pas le Dieu des morts, mais des vivants.&nbsp;\u00bb Vivez d\u00e8s aujourd\u2019hui comme si votre vie \u00e9tait d\u00e9j\u00e0 pleine, enti\u00e8re, totalement donn\u00e9e, et d\u00e9j\u00e0, vous vivrez de l\u2019\u00e9ternit\u00e9.&nbsp;\u00bb \u00ab&nbsp;Nous sommes enfants de Dieu&nbsp;\u00bb, m\u00e9ditions-nous lors de la f\u00eate de la Toussaint. Et J\u00e9sus ajoute aujourd\u2019hui&nbsp;:&nbsp;\u00ab&nbsp;Vous \u00eates enfants de la r\u00e9surrection.&nbsp;\u00bb<\/p>\n\n\n\n<p>&nbsp;&nbsp;&nbsp;&nbsp;&nbsp;&nbsp;&nbsp;&nbsp;&nbsp;&nbsp;&nbsp; Enfants de la r\u00e9surrection. La r\u00e9surrection nous a enfant\u00e9s et nous enfante encore&nbsp;! Qu\u2019est-ce \u00e0 dire&nbsp;?&nbsp; Cela signifie que la mort n\u2019exerce plus sur nous aucun pouvoir. Non qu\u2019elle n\u2019ait plus d\u2019importance&nbsp;: c\u2019est \u00e9videment une \u00e9ch\u00e9ance et un passage qui peut nous angoisser ou que nous pouvons attendre, qui est plus ou moins facile ou difficile \u00e0 vivre. Sans oublier que le pouvoir de la mort, c\u2019est aussi le pouvoir du p\u00e9ch\u00e9, du refus de Dieu, du refus de l\u2019Amour. Mais si nous sommes \u00ab&nbsp;enfants de la r\u00e9surrection&nbsp;\u00bb, c\u2019est que nous montrons la victoire du Christ sur la mort en aimant, car \u00ab&nbsp;l\u2019amour est plus fort que la mort&nbsp;\u00bb (Ct 8,6). Et comme le disait un ancien Ma\u00eetre des dominicains&nbsp;: \u00ab&nbsp;Si la vie \u00e9ternelle est la pl\u00e9nitude de la vie, nous recevons son cadeau en empoignant notre vie pr\u00e9sente avec enthousiasme. Si nous devons \u00eatre pleinement vivants pendant toute l\u2019\u00e9ternit\u00e9, nous ferions mieux de nous y mettre maintenant. Dieu aime la vie. Chaque jour est un cadeau&nbsp;: les mourants le savent et le vivent intens\u00e9ment.&nbsp;\u00bb<a href=\"#_ftn3\" id=\"_ftnref3\">[3]<\/a><\/p>\n\n\n\n<p>Notre foi en la r\u00e9surrection n\u2019est pas uniquement une esp\u00e9rance pour un apr\u00e8s, mais une fa\u00e7on de vivre, un art de vivre qui, acceptant notre condition mortelle et finie, nous donne d\u2019accueillir pleinement la vie. Et cette vie transforme notre vision de l\u2019homme et du monde et toutes nos relations humaines et sociales.<\/p>\n\n\n\n<p>Entendons alors pour nous-m\u00eames les paroles que Paul adressait aux Thessaloniciens&nbsp;: \u00ab&nbsp;<em>Que notre Seigneur J\u00e9sus Christ lui-m\u00eame, et Dieu notre P\u00e8re qui nous a aim\u00e9s et nous a pour toujours donn\u00e9 r\u00e9confort en bonne esp\u00e9rance par sa gr\u00e2ce, r\u00e9confortent vos c\u0153urs et les affermissent en tout ce que vous pouvez faire et dire de bien\u2026Que le Seigneur conduise vos c\u0153urs dans l\u2019amour de Dieu et l\u2019endurance du Christ.<\/em>&nbsp;\u00bb<\/p>\n\n\n\n<p>Amen.<\/p>\n\n\n\n<p>P. Beno\u00eet Lecomte<\/p>\n\n\n\n<hr class=\"wp-block-separator has-alpha-channel-opacity\"\/>\n\n\n\n<p><a href=\"#_ftnref1\" id=\"_ftn1\">[1]<\/a> https:\/\/www.cairn.info\/revue-commentaire-2009-3-page-782.htm<\/p>\n\n\n\n<p><a href=\"#_ftnref2\" id=\"_ftn2\">[2]<\/a> https:\/\/atlantico.fr\/article\/decryptage\/sondage-exclusif&#8211;les-surprenantes-croyances-des-francais-sur-ce-qui-se-passe-apres-la-mort-jerome-fourquet-ifop-chantal-delsol<\/p>\n\n\n\n<p><a href=\"#_ftnref3\" id=\"_ftn3\">[3]<\/a> Timothy Radcliffe, <em>Faites le plongeon<\/em>, Cerf, p 203<\/p>\n","protected":false},"excerpt":{"rendered":"<p>Croyez-vous, croyons-nous en la r\u00e9surrection&nbsp;? Apr\u00e8s avoir f\u00eat\u00e9 la Toussaint et c\u00e9l\u00e9br\u00e9 la comm\u00e9moration des d\u00e9funts cette semaine, la question peut para\u00eetre saugrenue. C\u2019est pourtant celle-l\u00e0 que nous lance la Parole de Dieu aujourd\u2019hui. Et cette question n\u2019est peut-\u00eatre pas aussi l\u00e9g\u00e8re qu\u2019il n\u2019y para\u00eet. En notre assembl\u00e9e, combien d\u2019entre-nous y croient&nbsp;? Et combien n\u2019y [&hellip;]<\/p>\n","protected":false},"author":4,"featured_media":4720,"comment_status":"open","ping_status":"open","sticky":false,"template":"","format":"standard","meta":{"_acf_changed":false,"paroisse":["15"],"service":["0"],"footnotes":""},"categories":[1,4,3],"tags":[],"class_list":["post-4719","post","type-post","status-publish","format-standard","has-post-thumbnail","hentry","category-actualites","category-barbezieux","category-homelies","validated"],"acf":[],"yoast_head":"<!-- This site is optimized with the Yoast SEO plugin v27.1.1 - https:\/\/yoast.com\/product\/yoast-seo-wordpress\/ -->\n<title>Hom\u00e9lie du 6 novembre 2022, par le P. Beno\u00eet Lecomte - Doyenn\u00e9 Sud Charente<\/title>\n<meta name=\"robots\" content=\"index, follow, max-snippet:-1, max-image-preview:large, max-video-preview:-1\" \/>\n<link rel=\"canonical\" href=\"https:\/\/charente.catholique.fr\/sud-charente\/actualites\/homelie-du-5-novembre-2022-par-le-p-benoit-lecomte\/\" \/>\n<meta property=\"og:locale\" content=\"fr_FR\" \/>\n<meta property=\"og:type\" content=\"article\" \/>\n<meta property=\"og:title\" content=\"Hom\u00e9lie du 6 novembre 2022, par le P. Beno\u00eet Lecomte - Doyenn\u00e9 Sud Charente\" \/>\n<meta property=\"og:description\" content=\"Croyez-vous, croyons-nous en la r\u00e9surrection&nbsp;? Apr\u00e8s avoir f\u00eat\u00e9 la Toussaint et c\u00e9l\u00e9br\u00e9 la comm\u00e9moration des d\u00e9funts cette semaine, la question peut para\u00eetre saugrenue. C\u2019est pourtant celle-l\u00e0 que nous lance la Parole de Dieu aujourd\u2019hui. Et cette question n\u2019est peut-\u00eatre pas aussi l\u00e9g\u00e8re qu\u2019il n\u2019y para\u00eet. En notre assembl\u00e9e, combien d\u2019entre-nous y croient&nbsp;? Et combien n\u2019y [&hellip;]\" \/>\n<meta property=\"og:url\" content=\"https:\/\/charente.catholique.fr\/sud-charente\/actualites\/homelie-du-5-novembre-2022-par-le-p-benoit-lecomte\/\" \/>\n<meta property=\"og:site_name\" content=\"Doyenn\u00e9 Sud Charente\" \/>\n<meta property=\"article:publisher\" content=\"https:\/\/www.facebook.com\/EgliseCatholiqueCharente\" \/>\n<meta property=\"article:published_time\" content=\"2022-11-06T09:32:00+00:00\" \/>\n<meta property=\"og:image\" content=\"https:\/\/charente.catholique.fr\/sud-charente\/wp-content\/uploads\/sites\/5\/2022\/11\/infant-g421297a85_1920.jpg\" \/>\n\t<meta property=\"og:image:width\" content=\"1280\" \/>\n\t<meta property=\"og:image:height\" content=\"1920\" \/>\n\t<meta property=\"og:image:type\" content=\"image\/jpeg\" \/>\n<meta name=\"author\" content=\"Beno\u00eet\" \/>\n<meta name=\"twitter:card\" content=\"summary_large_image\" \/>\n<meta name=\"twitter:creator\" content=\"@diocesecharente\" \/>\n<meta name=\"twitter:site\" content=\"@diocesecharente\" \/>\n<meta name=\"twitter:label1\" content=\"\u00c9crit par\" \/>\n\t<meta name=\"twitter:data1\" content=\"Beno\u00eet\" \/>\n<script type=\"application\/ld+json\" class=\"yoast-schema-graph\">{\"@context\":\"https:\/\/schema.org\",\"@graph\":[{\"@type\":\"Article\",\"@id\":\"https:\/\/charente.catholique.fr\/sud-charente\/actualites\/homelie-du-5-novembre-2022-par-le-p-benoit-lecomte\/#article\",\"isPartOf\":{\"@id\":\"https:\/\/charente.catholique.fr\/sud-charente\/actualites\/homelie-du-5-novembre-2022-par-le-p-benoit-lecomte\/\"},\"author\":{\"name\":\"Beno\u00eet\",\"@id\":\"https:\/\/charente.catholique.fr\/sud-charente\/#\/schema\/person\/ddcc6ba32a4484b49a276652de901387\"},\"headline\":\"Hom\u00e9lie du 6 novembre 2022, par le P. Beno\u00eet Lecomte\",\"datePublished\":\"2022-11-06T09:32:00+00:00\",\"mainEntityOfPage\":{\"@id\":\"https:\/\/charente.catholique.fr\/sud-charente\/actualites\/homelie-du-5-novembre-2022-par-le-p-benoit-lecomte\/\"},\"wordCount\":983,\"commentCount\":0,\"publisher\":{\"@id\":\"https:\/\/charente.catholique.fr\/sud-charente\/#organization\"},\"image\":{\"@id\":\"https:\/\/charente.catholique.fr\/sud-charente\/actualites\/homelie-du-5-novembre-2022-par-le-p-benoit-lecomte\/#primaryimage\"},\"thumbnailUrl\":\"https:\/\/charente.catholique.fr\/sud-charente\/wp-content\/uploads\/sites\/5\/2022\/11\/infant-g421297a85_1920.jpg\",\"articleSection\":[\"Actualit\u00e9s\",\"Barbezieux\",\"Hom\u00e9lies\"],\"inLanguage\":\"fr-FR\",\"potentialAction\":[{\"@type\":\"CommentAction\",\"name\":\"Comment\",\"target\":[\"https:\/\/charente.catholique.fr\/sud-charente\/actualites\/homelie-du-5-novembre-2022-par-le-p-benoit-lecomte\/#respond\"]}]},{\"@type\":\"WebPage\",\"@id\":\"https:\/\/charente.catholique.fr\/sud-charente\/actualites\/homelie-du-5-novembre-2022-par-le-p-benoit-lecomte\/\",\"url\":\"https:\/\/charente.catholique.fr\/sud-charente\/actualites\/homelie-du-5-novembre-2022-par-le-p-benoit-lecomte\/\",\"name\":\"Hom\u00e9lie du 6 novembre 2022, par le P. Beno\u00eet Lecomte - Doyenn\u00e9 Sud Charente\",\"isPartOf\":{\"@id\":\"https:\/\/charente.catholique.fr\/sud-charente\/#website\"},\"primaryImageOfPage\":{\"@id\":\"https:\/\/charente.catholique.fr\/sud-charente\/actualites\/homelie-du-5-novembre-2022-par-le-p-benoit-lecomte\/#primaryimage\"},\"image\":{\"@id\":\"https:\/\/charente.catholique.fr\/sud-charente\/actualites\/homelie-du-5-novembre-2022-par-le-p-benoit-lecomte\/#primaryimage\"},\"thumbnailUrl\":\"https:\/\/charente.catholique.fr\/sud-charente\/wp-content\/uploads\/sites\/5\/2022\/11\/infant-g421297a85_1920.jpg\",\"datePublished\":\"2022-11-06T09:32:00+00:00\",\"breadcrumb\":{\"@id\":\"https:\/\/charente.catholique.fr\/sud-charente\/actualites\/homelie-du-5-novembre-2022-par-le-p-benoit-lecomte\/#breadcrumb\"},\"inLanguage\":\"fr-FR\",\"potentialAction\":[{\"@type\":\"ReadAction\",\"target\":[\"https:\/\/charente.catholique.fr\/sud-charente\/actualites\/homelie-du-5-novembre-2022-par-le-p-benoit-lecomte\/\"]}]},{\"@type\":\"ImageObject\",\"inLanguage\":\"fr-FR\",\"@id\":\"https:\/\/charente.catholique.fr\/sud-charente\/actualites\/homelie-du-5-novembre-2022-par-le-p-benoit-lecomte\/#primaryimage\",\"url\":\"https:\/\/charente.catholique.fr\/sud-charente\/wp-content\/uploads\/sites\/5\/2022\/11\/infant-g421297a85_1920.jpg\",\"contentUrl\":\"https:\/\/charente.catholique.fr\/sud-charente\/wp-content\/uploads\/sites\/5\/2022\/11\/infant-g421297a85_1920.jpg\",\"width\":1280,\"height\":1920},{\"@type\":\"BreadcrumbList\",\"@id\":\"https:\/\/charente.catholique.fr\/sud-charente\/actualites\/homelie-du-5-novembre-2022-par-le-p-benoit-lecomte\/#breadcrumb\",\"itemListElement\":[{\"@type\":\"ListItem\",\"position\":1,\"name\":\"Accueil\",\"item\":\"https:\/\/charente.catholique.fr\/sud-charente\/\"},{\"@type\":\"ListItem\",\"position\":2,\"name\":\"Hom\u00e9lie du 6 novembre 2022, par le P. Beno\u00eet Lecomte\"}]},{\"@type\":\"WebSite\",\"@id\":\"https:\/\/charente.catholique.fr\/sud-charente\/#website\",\"url\":\"https:\/\/charente.catholique.fr\/sud-charente\/\",\"name\":\"Doyenn\u00e9 Sud Charente - Dioc\u00e8se d'Angoul\u00eame\",\"description\":\"Dioc\u00e8se d&#039;Angoul\u00eame\",\"publisher\":{\"@id\":\"https:\/\/charente.catholique.fr\/sud-charente\/#organization\"},\"potentialAction\":[{\"@type\":\"SearchAction\",\"target\":{\"@type\":\"EntryPoint\",\"urlTemplate\":\"https:\/\/charente.catholique.fr\/sud-charente\/?s={search_term_string}\"},\"query-input\":{\"@type\":\"PropertyValueSpecification\",\"valueRequired\":true,\"valueName\":\"search_term_string\"}}],\"inLanguage\":\"fr-FR\"},{\"@type\":\"Organization\",\"@id\":\"https:\/\/charente.catholique.fr\/sud-charente\/#organization\",\"name\":\"Association dioc\u00e9saine d'Angoul\u00eame\",\"url\":\"https:\/\/charente.catholique.fr\/sud-charente\/\",\"logo\":{\"@type\":\"ImageObject\",\"inLanguage\":\"fr-FR\",\"@id\":\"https:\/\/charente.catholique.fr\/sud-charente\/#\/schema\/logo\/image\/\",\"url\":\"https:\/\/charente.catholique.fr\/sud-charente\/wp-content\/uploads\/sites\/5\/2020\/10\/logos.png\",\"contentUrl\":\"https:\/\/charente.catholique.fr\/sud-charente\/wp-content\/uploads\/sites\/5\/2020\/10\/logos.png\",\"width\":600,\"height\":257,\"caption\":\"Association dioc\u00e9saine d'Angoul\u00eame\"},\"image\":{\"@id\":\"https:\/\/charente.catholique.fr\/sud-charente\/#\/schema\/logo\/image\/\"},\"sameAs\":[\"https:\/\/www.facebook.com\/EgliseCatholiqueCharente\",\"https:\/\/x.com\/diocesecharente\",\"https:\/\/www.instagram.com\/eglisecharente\",\"https:\/\/www.youtube.com\/channel\/UCByyFWApZbw3gDTiADoiAaQ\"]},{\"@type\":\"Person\",\"@id\":\"https:\/\/charente.catholique.fr\/sud-charente\/#\/schema\/person\/ddcc6ba32a4484b49a276652de901387\",\"name\":\"Beno\u00eet\",\"image\":{\"@type\":\"ImageObject\",\"inLanguage\":\"fr-FR\",\"@id\":\"https:\/\/charente.catholique.fr\/sud-charente\/#\/schema\/person\/image\/\",\"url\":\"https:\/\/secure.gravatar.com\/avatar\/367de281020c81cafc6a2f9b79fef00a1981a890412ad8b09b11385575886666?s=96&d=mm&r=g\",\"contentUrl\":\"https:\/\/secure.gravatar.com\/avatar\/367de281020c81cafc6a2f9b79fef00a1981a890412ad8b09b11385575886666?s=96&d=mm&r=g\",\"caption\":\"Beno\u00eet\"},\"url\":\"https:\/\/charente.catholique.fr\/sud-charente\/author\/benoitlecomte\/\"}]}<\/script>\n<!-- \/ Yoast SEO plugin. -->","yoast_head_json":{"title":"Hom\u00e9lie du 6 novembre 2022, par le P. Beno\u00eet Lecomte - Doyenn\u00e9 Sud Charente","robots":{"index":"index","follow":"follow","max-snippet":"max-snippet:-1","max-image-preview":"max-image-preview:large","max-video-preview":"max-video-preview:-1"},"canonical":"https:\/\/charente.catholique.fr\/sud-charente\/actualites\/homelie-du-5-novembre-2022-par-le-p-benoit-lecomte\/","og_locale":"fr_FR","og_type":"article","og_title":"Hom\u00e9lie du 6 novembre 2022, par le P. Beno\u00eet Lecomte - Doyenn\u00e9 Sud Charente","og_description":"Croyez-vous, croyons-nous en la r\u00e9surrection&nbsp;? Apr\u00e8s avoir f\u00eat\u00e9 la Toussaint et c\u00e9l\u00e9br\u00e9 la comm\u00e9moration des d\u00e9funts cette semaine, la question peut para\u00eetre saugrenue. C\u2019est pourtant celle-l\u00e0 que nous lance la Parole de Dieu aujourd\u2019hui. Et cette question n\u2019est peut-\u00eatre pas aussi l\u00e9g\u00e8re qu\u2019il n\u2019y para\u00eet. En notre assembl\u00e9e, combien d\u2019entre-nous y croient&nbsp;? Et combien n\u2019y [&hellip;]","og_url":"https:\/\/charente.catholique.fr\/sud-charente\/actualites\/homelie-du-5-novembre-2022-par-le-p-benoit-lecomte\/","og_site_name":"Doyenn\u00e9 Sud Charente","article_publisher":"https:\/\/www.facebook.com\/EgliseCatholiqueCharente","article_published_time":"2022-11-06T09:32:00+00:00","og_image":[{"width":1280,"height":1920,"url":"https:\/\/charente.catholique.fr\/sud-charente\/wp-content\/uploads\/sites\/5\/2022\/11\/infant-g421297a85_1920.jpg","type":"image\/jpeg"}],"author":"Beno\u00eet","twitter_card":"summary_large_image","twitter_creator":"@diocesecharente","twitter_site":"@diocesecharente","twitter_misc":{"\u00c9crit par":"Beno\u00eet"},"schema":{"@context":"https:\/\/schema.org","@graph":[{"@type":"Article","@id":"https:\/\/charente.catholique.fr\/sud-charente\/actualites\/homelie-du-5-novembre-2022-par-le-p-benoit-lecomte\/#article","isPartOf":{"@id":"https:\/\/charente.catholique.fr\/sud-charente\/actualites\/homelie-du-5-novembre-2022-par-le-p-benoit-lecomte\/"},"author":{"name":"Beno\u00eet","@id":"https:\/\/charente.catholique.fr\/sud-charente\/#\/schema\/person\/ddcc6ba32a4484b49a276652de901387"},"headline":"Hom\u00e9lie du 6 novembre 2022, par le P. Beno\u00eet Lecomte","datePublished":"2022-11-06T09:32:00+00:00","mainEntityOfPage":{"@id":"https:\/\/charente.catholique.fr\/sud-charente\/actualites\/homelie-du-5-novembre-2022-par-le-p-benoit-lecomte\/"},"wordCount":983,"commentCount":0,"publisher":{"@id":"https:\/\/charente.catholique.fr\/sud-charente\/#organization"},"image":{"@id":"https:\/\/charente.catholique.fr\/sud-charente\/actualites\/homelie-du-5-novembre-2022-par-le-p-benoit-lecomte\/#primaryimage"},"thumbnailUrl":"https:\/\/charente.catholique.fr\/sud-charente\/wp-content\/uploads\/sites\/5\/2022\/11\/infant-g421297a85_1920.jpg","articleSection":["Actualit\u00e9s","Barbezieux","Hom\u00e9lies"],"inLanguage":"fr-FR","potentialAction":[{"@type":"CommentAction","name":"Comment","target":["https:\/\/charente.catholique.fr\/sud-charente\/actualites\/homelie-du-5-novembre-2022-par-le-p-benoit-lecomte\/#respond"]}]},{"@type":"WebPage","@id":"https:\/\/charente.catholique.fr\/sud-charente\/actualites\/homelie-du-5-novembre-2022-par-le-p-benoit-lecomte\/","url":"https:\/\/charente.catholique.fr\/sud-charente\/actualites\/homelie-du-5-novembre-2022-par-le-p-benoit-lecomte\/","name":"Hom\u00e9lie du 6 novembre 2022, par le P. Beno\u00eet Lecomte - Doyenn\u00e9 Sud Charente","isPartOf":{"@id":"https:\/\/charente.catholique.fr\/sud-charente\/#website"},"primaryImageOfPage":{"@id":"https:\/\/charente.catholique.fr\/sud-charente\/actualites\/homelie-du-5-novembre-2022-par-le-p-benoit-lecomte\/#primaryimage"},"image":{"@id":"https:\/\/charente.catholique.fr\/sud-charente\/actualites\/homelie-du-5-novembre-2022-par-le-p-benoit-lecomte\/#primaryimage"},"thumbnailUrl":"https:\/\/charente.catholique.fr\/sud-charente\/wp-content\/uploads\/sites\/5\/2022\/11\/infant-g421297a85_1920.jpg","datePublished":"2022-11-06T09:32:00+00:00","breadcrumb":{"@id":"https:\/\/charente.catholique.fr\/sud-charente\/actualites\/homelie-du-5-novembre-2022-par-le-p-benoit-lecomte\/#breadcrumb"},"inLanguage":"fr-FR","potentialAction":[{"@type":"ReadAction","target":["https:\/\/charente.catholique.fr\/sud-charente\/actualites\/homelie-du-5-novembre-2022-par-le-p-benoit-lecomte\/"]}]},{"@type":"ImageObject","inLanguage":"fr-FR","@id":"https:\/\/charente.catholique.fr\/sud-charente\/actualites\/homelie-du-5-novembre-2022-par-le-p-benoit-lecomte\/#primaryimage","url":"https:\/\/charente.catholique.fr\/sud-charente\/wp-content\/uploads\/sites\/5\/2022\/11\/infant-g421297a85_1920.jpg","contentUrl":"https:\/\/charente.catholique.fr\/sud-charente\/wp-content\/uploads\/sites\/5\/2022\/11\/infant-g421297a85_1920.jpg","width":1280,"height":1920},{"@type":"BreadcrumbList","@id":"https:\/\/charente.catholique.fr\/sud-charente\/actualites\/homelie-du-5-novembre-2022-par-le-p-benoit-lecomte\/#breadcrumb","itemListElement":[{"@type":"ListItem","position":1,"name":"Accueil","item":"https:\/\/charente.catholique.fr\/sud-charente\/"},{"@type":"ListItem","position":2,"name":"Hom\u00e9lie du 6 novembre 2022, par le P. Beno\u00eet Lecomte"}]},{"@type":"WebSite","@id":"https:\/\/charente.catholique.fr\/sud-charente\/#website","url":"https:\/\/charente.catholique.fr\/sud-charente\/","name":"Doyenn\u00e9 Sud Charente - Dioc\u00e8se d'Angoul\u00eame","description":"Dioc\u00e8se d&#039;Angoul\u00eame","publisher":{"@id":"https:\/\/charente.catholique.fr\/sud-charente\/#organization"},"potentialAction":[{"@type":"SearchAction","target":{"@type":"EntryPoint","urlTemplate":"https:\/\/charente.catholique.fr\/sud-charente\/?s={search_term_string}"},"query-input":{"@type":"PropertyValueSpecification","valueRequired":true,"valueName":"search_term_string"}}],"inLanguage":"fr-FR"},{"@type":"Organization","@id":"https:\/\/charente.catholique.fr\/sud-charente\/#organization","name":"Association dioc\u00e9saine d'Angoul\u00eame","url":"https:\/\/charente.catholique.fr\/sud-charente\/","logo":{"@type":"ImageObject","inLanguage":"fr-FR","@id":"https:\/\/charente.catholique.fr\/sud-charente\/#\/schema\/logo\/image\/","url":"https:\/\/charente.catholique.fr\/sud-charente\/wp-content\/uploads\/sites\/5\/2020\/10\/logos.png","contentUrl":"https:\/\/charente.catholique.fr\/sud-charente\/wp-content\/uploads\/sites\/5\/2020\/10\/logos.png","width":600,"height":257,"caption":"Association dioc\u00e9saine d'Angoul\u00eame"},"image":{"@id":"https:\/\/charente.catholique.fr\/sud-charente\/#\/schema\/logo\/image\/"},"sameAs":["https:\/\/www.facebook.com\/EgliseCatholiqueCharente","https:\/\/x.com\/diocesecharente","https:\/\/www.instagram.com\/eglisecharente","https:\/\/www.youtube.com\/channel\/UCByyFWApZbw3gDTiADoiAaQ"]},{"@type":"Person","@id":"https:\/\/charente.catholique.fr\/sud-charente\/#\/schema\/person\/ddcc6ba32a4484b49a276652de901387","name":"Beno\u00eet","image":{"@type":"ImageObject","inLanguage":"fr-FR","@id":"https:\/\/charente.catholique.fr\/sud-charente\/#\/schema\/person\/image\/","url":"https:\/\/secure.gravatar.com\/avatar\/367de281020c81cafc6a2f9b79fef00a1981a890412ad8b09b11385575886666?s=96&d=mm&r=g","contentUrl":"https:\/\/secure.gravatar.com\/avatar\/367de281020c81cafc6a2f9b79fef00a1981a890412ad8b09b11385575886666?s=96&d=mm&r=g","caption":"Beno\u00eet"},"url":"https:\/\/charente.catholique.fr\/sud-charente\/author\/benoitlecomte\/"}]}},"_links":{"self":[{"href":"https:\/\/charente.catholique.fr\/sud-charente\/wp-json\/wp\/v2\/posts\/4719","targetHints":{"allow":["GET"]}}],"collection":[{"href":"https:\/\/charente.catholique.fr\/sud-charente\/wp-json\/wp\/v2\/posts"}],"about":[{"href":"https:\/\/charente.catholique.fr\/sud-charente\/wp-json\/wp\/v2\/types\/post"}],"author":[{"embeddable":true,"href":"https:\/\/charente.catholique.fr\/sud-charente\/wp-json\/wp\/v2\/users\/4"}],"replies":[{"embeddable":true,"href":"https:\/\/charente.catholique.fr\/sud-charente\/wp-json\/wp\/v2\/comments?post=4719"}],"version-history":[{"count":3,"href":"https:\/\/charente.catholique.fr\/sud-charente\/wp-json\/wp\/v2\/posts\/4719\/revisions"}],"predecessor-version":[{"id":4727,"href":"https:\/\/charente.catholique.fr\/sud-charente\/wp-json\/wp\/v2\/posts\/4719\/revisions\/4727"}],"wp:featuredmedia":[{"embeddable":true,"href":"https:\/\/charente.catholique.fr\/sud-charente\/wp-json\/wp\/v2\/media\/4720"}],"wp:attachment":[{"href":"https:\/\/charente.catholique.fr\/sud-charente\/wp-json\/wp\/v2\/media?parent=4719"}],"wp:term":[{"taxonomy":"category","embeddable":true,"href":"https:\/\/charente.catholique.fr\/sud-charente\/wp-json\/wp\/v2\/categories?post=4719"},{"taxonomy":"post_tag","embeddable":true,"href":"https:\/\/charente.catholique.fr\/sud-charente\/wp-json\/wp\/v2\/tags?post=4719"}],"curies":[{"name":"wp","href":"https:\/\/api.w.org\/{rel}","templated":true}]}}