{"id":4344,"date":"2022-09-24T15:34:26","date_gmt":"2022-09-24T13:34:26","guid":{"rendered":"https:\/\/charente.catholique.fr\/sud-charente\/?p=4344"},"modified":"2022-09-24T15:34:26","modified_gmt":"2022-09-24T13:34:26","slug":"homelie-du-25-septembre-2022-par-le-p-benoit-lecomte","status":"publish","type":"post","link":"https:\/\/charente.catholique.fr\/sud-charente\/actualites\/homelie-du-25-septembre-2022-par-le-p-benoit-lecomte\/","title":{"rendered":"Hom\u00e9lie du 25 septembre 2022, par le P. Beno\u00eet Lecomte"},"content":{"rendered":"\n<p><\/p>\n\n\n\n<p>La parabole du riche (dont le nom n\u2019a laiss\u00e9 aucune trace dans l\u2019histoire) et de Lazare, faisant \u00e9cho \u00e0 la lecture du proph\u00e8te Amos, nous rappelle l\u2019importance du partage, de la solidarit\u00e9, de l\u2019aide et du soutien apport\u00e9s aux personnes les plus pr\u00e9caires. Il n\u2019est pas difficile de se reconna\u00eetre le riche d\u2019un Lazare \u00e0 notre porte. Nous le constatons dans nos propres vies. Nous le voyons aussi au niveau international, comme cette semaine avec l\u2019Assembl\u00e9e G\u00e9n\u00e9rale de l\u2019ONU, entre pays riches et pays pauvres. Les pauvres ne crient-ils pas \u00e0 l\u2019aide&nbsp;? Les riches ne font-ils pas souvent la sourde oreille, ou ne calculent-ils pas d\u2019abord leurs int\u00e9r\u00eats avant de vivre le partage en cette maison commune qu\u2019est notre unique plan\u00e8te&nbsp;? Tant d\u2019exemples nous viennent en t\u00eate, illustrant ce besoin de davantage de solidarit\u00e9 et d\u2019attention pour les plus pauvres et les plus fragiles. Il en va de la r\u00e9alit\u00e9, ou non, de ce que nous appelons la \u00ab&nbsp;fraternit\u00e9&nbsp;\u00bb. Il en va de notre inscription en notre commune humanit\u00e9. Non pas pour pr\u00e9parer notre vie future, comme le laisserait imaginer le style litt\u00e9raire de la parabole, mais pour vivre d\u00e9j\u00e0 ici et maintenant le r\u00eave de communion que Dieu nous appelle \u00e0 r\u00e9aliser.<\/p>\n\n\n\n<p>En cette journ\u00e9e mondiale du migrant et du r\u00e9fugi\u00e9, l\u2019urgence de cette fraternit\u00e9 se pose de fa\u00e7on encore plus accrue. \u00ab&nbsp;Si un \u00e9tranger r\u00e9side avec vous dans votre pays, vous ne le molesterez pas. L&#8217;\u00e9tranger qui r\u00e9side avec vous sera pour vous comme un compatriote et tu l&#8217;aimeras comme toi-m\u00eame, car vous avez \u00e9t\u00e9 \u00e9trangers au pays d&#8217;\u00c9gypte. Je suis le Seigneur votre Dieu&nbsp;\u00bb, disait d\u00e9j\u00e0 Dieu \u00e0 Mo\u00efse et au peuple H\u00e9breux dans le livre du L\u00e9vitique (Lv 19). \u00ab Le Royaume de Dieu est en nous. Bien qu\u2019il soit encore eschatologique, qu\u2019il soit l\u2019avenir du monde, de l\u2019humanit\u00e9, en m\u00eame temps il est en nous \u00bb, rappelle le pape Fran\u00e7ois dans son message pour aujourd\u2019hui. \u00ab&nbsp;Personne ne doit \u00eatre exclu. [Le projet de Dieu] est essentiellement inclusif et place les habitants des p\u00e9riph\u00e9ries existentielles au centre. Parmi eux, on compte beaucoup de migrants et de r\u00e9fugi\u00e9s, des personnes d\u00e9plac\u00e9es et des victimes de la traite. La construction du Royaume de Dieu se fait avec eux, car sans eux, ce ne serait pas le Royaume que Dieu veut. L\u2019inclusion des plus vuln\u00e9rables est une condition n\u00e9cessaire pour y obtenir la pleine citoyennet\u00e9&nbsp;\u00bb, continue le pape, d\u00e9veloppant ensuite combien les migrants sont une chance pour les pays qui accueillent, et les communaut\u00e9s chr\u00e9tiennes qui re\u00e7oivent d\u2019eux vitalit\u00e9 et nouveau visage.<\/p>\n\n\n\n<p>Mais cette question de fraternit\u00e9 et de solidarit\u00e9 n\u2019est pas uniquement une injonction morale. Il s\u2019agit plus profond\u00e9ment de vivre notre foi. Il s\u2019agit de cette \u00ab&nbsp;<em>vie \u00e9ternelle<\/em>&nbsp;\u00bb que Paul nous presse de nous \u00ab&nbsp;<em>emparer<\/em>&nbsp;\u00bb. Il s\u2019agit de vivre sous le signe \u2013 et la r\u00e9alit\u00e9 \u2013 de la r\u00e9surrection de J\u00e9sus-Christ. N\u2019est-ce pas le lien que suppose J\u00e9sus dans la parabole&nbsp;? L\u2019avertissement moral n\u2019est pas que moral. Il est aussi avertissement de foi. Ecoutons encore Saint Paul&nbsp;: \u00ab&nbsp;<em>Toi, homme de Dieu, recherche la justice, la pi\u00e9t\u00e9, la foi, la charit\u00e9, la pers\u00e9v\u00e9rance et la douceur. M\u00e8ne le bon combat, celui de la foi, empare-toi de la vie \u00e9ternelle&nbsp;! C\u2019est \u00e0 elle que tu as \u00e9t\u00e9 appel\u00e9, c\u2019est pour elle que tu as prononc\u00e9 ta belle profession de foi.<\/em>&nbsp;\u00bb La question de la fraternit\u00e9 est une question de foi, de la foi que nous proclamons, de notre foi en la r\u00e9surrection. <em>\u00ab&nbsp;Quelqu\u2019un pourra bien ressusciter d\u2019entre les morts&nbsp;: ils ne seront pas convaincus<\/em>&nbsp;\u00bb, annonce la parabole. La foi et la vie \u00e9ternelle que nous professons ne sont pas un vague sentiment, une croyance parmi d\u2019autres. Elles sont l\u2019affirmation dans le concret de nos vies de cette appartenance \u00e0 une m\u00eame famille humaine qui ne veut laisser aucun des siens de c\u00f4t\u00e9. Les deux sont intimement li\u00e9es. \u00ab&nbsp;Si nous voulons coop\u00e9rer avec notre P\u00e8re c\u00e9leste pour construire l\u2019avenir, faisons-le ensemble avec nos fr\u00e8res et s\u0153urs migrants et r\u00e9fugi\u00e9s. Construisons-le aujourd\u2019hui !&nbsp;\u00bb, continue le pape. Et nous pouvons ajouter&nbsp;: non seulement avec nos fr\u00e8res et s\u0153urs migrants et r\u00e9fugi\u00e9s, mais avec tous ceux que nous croisons et rencontrons. Autrement, notre profession de foi est vide et nous ne croyons pas r\u00e9ellement en la r\u00e9surrection du Christ. N\u2019est-ce pas \u00ab&nbsp;\u00e0 l\u2019amour que vous aurez les uns pour les autres&nbsp;\u00bb que l\u2019on reconnaitra les disciples du Christ&nbsp;?<\/p>\n\n\n\n<p>Que cette Parole de Dieu vienne convertir nos c\u0153urs et nos corps sociaux et eccl\u00e9siaux. Seigneur, fais grandir en nous la foi en la r\u00e9surrection de J\u00e9sus&nbsp;! Apprends-nous combien il est beau de vivre tous comme des fr\u00e8res et s\u0153urs.<\/p>\n\n\n\n<p>Amen.<\/p>\n\n\n\n<p>P. Beno\u00eet Lecomte<\/p>\n","protected":false},"excerpt":{"rendered":"<p>La parabole du riche (dont le nom n\u2019a laiss\u00e9 aucune trace dans l\u2019histoire) et de Lazare, faisant \u00e9cho \u00e0 la lecture du proph\u00e8te Amos, nous rappelle l\u2019importance du partage, de la solidarit\u00e9, de l\u2019aide et du soutien apport\u00e9s aux personnes les plus pr\u00e9caires. Il n\u2019est pas difficile de se reconna\u00eetre le riche d\u2019un Lazare \u00e0 [&hellip;]<\/p>\n","protected":false},"author":4,"featured_media":4345,"comment_status":"open","ping_status":"open","sticky":false,"template":"","format":"standard","meta":{"_acf_changed":false,"paroisse":["15"],"service":["0"],"footnotes":""},"categories":[1,4,3],"tags":[],"class_list":["post-4344","post","type-post","status-publish","format-standard","has-post-thumbnail","hentry","category-actualites","category-barbezieux","category-homelies","validated"],"acf":[],"yoast_head":"<!-- This site is optimized with the Yoast SEO plugin v27.1.1 - https:\/\/yoast.com\/product\/yoast-seo-wordpress\/ -->\n<title>Hom\u00e9lie du 25 septembre 2022, par le P. Beno\u00eet Lecomte - Doyenn\u00e9 Sud Charente<\/title>\n<meta name=\"robots\" content=\"index, follow, max-snippet:-1, max-image-preview:large, max-video-preview:-1\" \/>\n<link rel=\"canonical\" href=\"https:\/\/charente.catholique.fr\/sud-charente\/actualites\/homelie-du-25-septembre-2022-par-le-p-benoit-lecomte\/\" \/>\n<meta property=\"og:locale\" content=\"fr_FR\" \/>\n<meta property=\"og:type\" content=\"article\" \/>\n<meta property=\"og:title\" content=\"Hom\u00e9lie du 25 septembre 2022, par le P. Beno\u00eet Lecomte - Doyenn\u00e9 Sud Charente\" \/>\n<meta property=\"og:description\" content=\"La parabole du riche (dont le nom n\u2019a laiss\u00e9 aucune trace dans l\u2019histoire) et de Lazare, faisant \u00e9cho \u00e0 la lecture du proph\u00e8te Amos, nous rappelle l\u2019importance du partage, de la solidarit\u00e9, de l\u2019aide et du soutien apport\u00e9s aux personnes les plus pr\u00e9caires. Il n\u2019est pas difficile de se reconna\u00eetre le riche d\u2019un Lazare \u00e0 [&hellip;]\" \/>\n<meta property=\"og:url\" content=\"https:\/\/charente.catholique.fr\/sud-charente\/actualites\/homelie-du-25-septembre-2022-par-le-p-benoit-lecomte\/\" \/>\n<meta property=\"og:site_name\" content=\"Doyenn\u00e9 Sud Charente\" \/>\n<meta property=\"article:publisher\" content=\"https:\/\/www.facebook.com\/EgliseCatholiqueCharente\" \/>\n<meta property=\"article:published_time\" content=\"2022-09-24T13:34:26+00:00\" \/>\n<meta property=\"og:image\" content=\"https:\/\/charente.catholique.fr\/sud-charente\/wp-content\/uploads\/sites\/5\/2022\/09\/jmmr-2022_carre-1-1536x1536-1.jpg\" \/>\n\t<meta property=\"og:image:width\" content=\"1536\" \/>\n\t<meta property=\"og:image:height\" content=\"1536\" \/>\n\t<meta property=\"og:image:type\" content=\"image\/jpeg\" \/>\n<meta name=\"author\" content=\"Beno\u00eet\" \/>\n<meta name=\"twitter:card\" content=\"summary_large_image\" \/>\n<meta name=\"twitter:creator\" content=\"@diocesecharente\" \/>\n<meta name=\"twitter:site\" content=\"@diocesecharente\" \/>\n<meta name=\"twitter:label1\" content=\"\u00c9crit par\" \/>\n\t<meta name=\"twitter:data1\" content=\"Beno\u00eet\" \/>\n\t<meta name=\"twitter:label2\" content=\"Dur\u00e9e de lecture estim\u00e9e\" \/>\n\t<meta name=\"twitter:data2\" content=\"4 minutes\" \/>\n<script type=\"application\/ld+json\" class=\"yoast-schema-graph\">{\"@context\":\"https:\/\/schema.org\",\"@graph\":[{\"@type\":\"Article\",\"@id\":\"https:\/\/charente.catholique.fr\/sud-charente\/actualites\/homelie-du-25-septembre-2022-par-le-p-benoit-lecomte\/#article\",\"isPartOf\":{\"@id\":\"https:\/\/charente.catholique.fr\/sud-charente\/actualites\/homelie-du-25-septembre-2022-par-le-p-benoit-lecomte\/\"},\"author\":{\"name\":\"Beno\u00eet\",\"@id\":\"https:\/\/charente.catholique.fr\/sud-charente\/#\/schema\/person\/ddcc6ba32a4484b49a276652de901387\"},\"headline\":\"Hom\u00e9lie du 25 septembre 2022, par le P. Beno\u00eet Lecomte\",\"datePublished\":\"2022-09-24T13:34:26+00:00\",\"mainEntityOfPage\":{\"@id\":\"https:\/\/charente.catholique.fr\/sud-charente\/actualites\/homelie-du-25-septembre-2022-par-le-p-benoit-lecomte\/\"},\"wordCount\":909,\"commentCount\":0,\"publisher\":{\"@id\":\"https:\/\/charente.catholique.fr\/sud-charente\/#organization\"},\"image\":{\"@id\":\"https:\/\/charente.catholique.fr\/sud-charente\/actualites\/homelie-du-25-septembre-2022-par-le-p-benoit-lecomte\/#primaryimage\"},\"thumbnailUrl\":\"https:\/\/charente.catholique.fr\/sud-charente\/wp-content\/uploads\/sites\/5\/2022\/09\/jmmr-2022_carre-1-1536x1536-1.jpg\",\"articleSection\":[\"Actualit\u00e9s\",\"Barbezieux\",\"Hom\u00e9lies\"],\"inLanguage\":\"fr-FR\",\"potentialAction\":[{\"@type\":\"CommentAction\",\"name\":\"Comment\",\"target\":[\"https:\/\/charente.catholique.fr\/sud-charente\/actualites\/homelie-du-25-septembre-2022-par-le-p-benoit-lecomte\/#respond\"]}]},{\"@type\":\"WebPage\",\"@id\":\"https:\/\/charente.catholique.fr\/sud-charente\/actualites\/homelie-du-25-septembre-2022-par-le-p-benoit-lecomte\/\",\"url\":\"https:\/\/charente.catholique.fr\/sud-charente\/actualites\/homelie-du-25-septembre-2022-par-le-p-benoit-lecomte\/\",\"name\":\"Hom\u00e9lie du 25 septembre 2022, par le P. Beno\u00eet Lecomte - Doyenn\u00e9 Sud Charente\",\"isPartOf\":{\"@id\":\"https:\/\/charente.catholique.fr\/sud-charente\/#website\"},\"primaryImageOfPage\":{\"@id\":\"https:\/\/charente.catholique.fr\/sud-charente\/actualites\/homelie-du-25-septembre-2022-par-le-p-benoit-lecomte\/#primaryimage\"},\"image\":{\"@id\":\"https:\/\/charente.catholique.fr\/sud-charente\/actualites\/homelie-du-25-septembre-2022-par-le-p-benoit-lecomte\/#primaryimage\"},\"thumbnailUrl\":\"https:\/\/charente.catholique.fr\/sud-charente\/wp-content\/uploads\/sites\/5\/2022\/09\/jmmr-2022_carre-1-1536x1536-1.jpg\",\"datePublished\":\"2022-09-24T13:34:26+00:00\",\"breadcrumb\":{\"@id\":\"https:\/\/charente.catholique.fr\/sud-charente\/actualites\/homelie-du-25-septembre-2022-par-le-p-benoit-lecomte\/#breadcrumb\"},\"inLanguage\":\"fr-FR\",\"potentialAction\":[{\"@type\":\"ReadAction\",\"target\":[\"https:\/\/charente.catholique.fr\/sud-charente\/actualites\/homelie-du-25-septembre-2022-par-le-p-benoit-lecomte\/\"]}]},{\"@type\":\"ImageObject\",\"inLanguage\":\"fr-FR\",\"@id\":\"https:\/\/charente.catholique.fr\/sud-charente\/actualites\/homelie-du-25-septembre-2022-par-le-p-benoit-lecomte\/#primaryimage\",\"url\":\"https:\/\/charente.catholique.fr\/sud-charente\/wp-content\/uploads\/sites\/5\/2022\/09\/jmmr-2022_carre-1-1536x1536-1.jpg\",\"contentUrl\":\"https:\/\/charente.catholique.fr\/sud-charente\/wp-content\/uploads\/sites\/5\/2022\/09\/jmmr-2022_carre-1-1536x1536-1.jpg\",\"width\":1536,\"height\":1536},{\"@type\":\"BreadcrumbList\",\"@id\":\"https:\/\/charente.catholique.fr\/sud-charente\/actualites\/homelie-du-25-septembre-2022-par-le-p-benoit-lecomte\/#breadcrumb\",\"itemListElement\":[{\"@type\":\"ListItem\",\"position\":1,\"name\":\"Accueil\",\"item\":\"https:\/\/charente.catholique.fr\/sud-charente\/\"},{\"@type\":\"ListItem\",\"position\":2,\"name\":\"Hom\u00e9lie du 25 septembre 2022, par le P. Beno\u00eet Lecomte\"}]},{\"@type\":\"WebSite\",\"@id\":\"https:\/\/charente.catholique.fr\/sud-charente\/#website\",\"url\":\"https:\/\/charente.catholique.fr\/sud-charente\/\",\"name\":\"Doyenn\u00e9 Sud Charente - Dioc\u00e8se d'Angoul\u00eame\",\"description\":\"Dioc\u00e8se d&#039;Angoul\u00eame\",\"publisher\":{\"@id\":\"https:\/\/charente.catholique.fr\/sud-charente\/#organization\"},\"potentialAction\":[{\"@type\":\"SearchAction\",\"target\":{\"@type\":\"EntryPoint\",\"urlTemplate\":\"https:\/\/charente.catholique.fr\/sud-charente\/?s={search_term_string}\"},\"query-input\":{\"@type\":\"PropertyValueSpecification\",\"valueRequired\":true,\"valueName\":\"search_term_string\"}}],\"inLanguage\":\"fr-FR\"},{\"@type\":\"Organization\",\"@id\":\"https:\/\/charente.catholique.fr\/sud-charente\/#organization\",\"name\":\"Association dioc\u00e9saine d'Angoul\u00eame\",\"url\":\"https:\/\/charente.catholique.fr\/sud-charente\/\",\"logo\":{\"@type\":\"ImageObject\",\"inLanguage\":\"fr-FR\",\"@id\":\"https:\/\/charente.catholique.fr\/sud-charente\/#\/schema\/logo\/image\/\",\"url\":\"https:\/\/charente.catholique.fr\/sud-charente\/wp-content\/uploads\/sites\/5\/2020\/10\/logos.png\",\"contentUrl\":\"https:\/\/charente.catholique.fr\/sud-charente\/wp-content\/uploads\/sites\/5\/2020\/10\/logos.png\",\"width\":600,\"height\":257,\"caption\":\"Association dioc\u00e9saine d'Angoul\u00eame\"},\"image\":{\"@id\":\"https:\/\/charente.catholique.fr\/sud-charente\/#\/schema\/logo\/image\/\"},\"sameAs\":[\"https:\/\/www.facebook.com\/EgliseCatholiqueCharente\",\"https:\/\/x.com\/diocesecharente\",\"https:\/\/www.instagram.com\/eglisecharente\",\"https:\/\/www.youtube.com\/channel\/UCByyFWApZbw3gDTiADoiAaQ\"]},{\"@type\":\"Person\",\"@id\":\"https:\/\/charente.catholique.fr\/sud-charente\/#\/schema\/person\/ddcc6ba32a4484b49a276652de901387\",\"name\":\"Beno\u00eet\",\"image\":{\"@type\":\"ImageObject\",\"inLanguage\":\"fr-FR\",\"@id\":\"https:\/\/charente.catholique.fr\/sud-charente\/#\/schema\/person\/image\/\",\"url\":\"https:\/\/secure.gravatar.com\/avatar\/367de281020c81cafc6a2f9b79fef00a1981a890412ad8b09b11385575886666?s=96&d=mm&r=g\",\"contentUrl\":\"https:\/\/secure.gravatar.com\/avatar\/367de281020c81cafc6a2f9b79fef00a1981a890412ad8b09b11385575886666?s=96&d=mm&r=g\",\"caption\":\"Beno\u00eet\"},\"url\":\"https:\/\/charente.catholique.fr\/sud-charente\/author\/benoitlecomte\/\"}]}<\/script>\n<!-- \/ Yoast SEO plugin. -->","yoast_head_json":{"title":"Hom\u00e9lie du 25 septembre 2022, par le P. Beno\u00eet Lecomte - Doyenn\u00e9 Sud Charente","robots":{"index":"index","follow":"follow","max-snippet":"max-snippet:-1","max-image-preview":"max-image-preview:large","max-video-preview":"max-video-preview:-1"},"canonical":"https:\/\/charente.catholique.fr\/sud-charente\/actualites\/homelie-du-25-septembre-2022-par-le-p-benoit-lecomte\/","og_locale":"fr_FR","og_type":"article","og_title":"Hom\u00e9lie du 25 septembre 2022, par le P. Beno\u00eet Lecomte - Doyenn\u00e9 Sud Charente","og_description":"La parabole du riche (dont le nom n\u2019a laiss\u00e9 aucune trace dans l\u2019histoire) et de Lazare, faisant \u00e9cho \u00e0 la lecture du proph\u00e8te Amos, nous rappelle l\u2019importance du partage, de la solidarit\u00e9, de l\u2019aide et du soutien apport\u00e9s aux personnes les plus pr\u00e9caires. Il n\u2019est pas difficile de se reconna\u00eetre le riche d\u2019un Lazare \u00e0 [&hellip;]","og_url":"https:\/\/charente.catholique.fr\/sud-charente\/actualites\/homelie-du-25-septembre-2022-par-le-p-benoit-lecomte\/","og_site_name":"Doyenn\u00e9 Sud Charente","article_publisher":"https:\/\/www.facebook.com\/EgliseCatholiqueCharente","article_published_time":"2022-09-24T13:34:26+00:00","og_image":[{"width":1536,"height":1536,"url":"https:\/\/charente.catholique.fr\/sud-charente\/wp-content\/uploads\/sites\/5\/2022\/09\/jmmr-2022_carre-1-1536x1536-1.jpg","type":"image\/jpeg"}],"author":"Beno\u00eet","twitter_card":"summary_large_image","twitter_creator":"@diocesecharente","twitter_site":"@diocesecharente","twitter_misc":{"\u00c9crit par":"Beno\u00eet","Dur\u00e9e de lecture estim\u00e9e":"4 minutes"},"schema":{"@context":"https:\/\/schema.org","@graph":[{"@type":"Article","@id":"https:\/\/charente.catholique.fr\/sud-charente\/actualites\/homelie-du-25-septembre-2022-par-le-p-benoit-lecomte\/#article","isPartOf":{"@id":"https:\/\/charente.catholique.fr\/sud-charente\/actualites\/homelie-du-25-septembre-2022-par-le-p-benoit-lecomte\/"},"author":{"name":"Beno\u00eet","@id":"https:\/\/charente.catholique.fr\/sud-charente\/#\/schema\/person\/ddcc6ba32a4484b49a276652de901387"},"headline":"Hom\u00e9lie du 25 septembre 2022, par le P. Beno\u00eet Lecomte","datePublished":"2022-09-24T13:34:26+00:00","mainEntityOfPage":{"@id":"https:\/\/charente.catholique.fr\/sud-charente\/actualites\/homelie-du-25-septembre-2022-par-le-p-benoit-lecomte\/"},"wordCount":909,"commentCount":0,"publisher":{"@id":"https:\/\/charente.catholique.fr\/sud-charente\/#organization"},"image":{"@id":"https:\/\/charente.catholique.fr\/sud-charente\/actualites\/homelie-du-25-septembre-2022-par-le-p-benoit-lecomte\/#primaryimage"},"thumbnailUrl":"https:\/\/charente.catholique.fr\/sud-charente\/wp-content\/uploads\/sites\/5\/2022\/09\/jmmr-2022_carre-1-1536x1536-1.jpg","articleSection":["Actualit\u00e9s","Barbezieux","Hom\u00e9lies"],"inLanguage":"fr-FR","potentialAction":[{"@type":"CommentAction","name":"Comment","target":["https:\/\/charente.catholique.fr\/sud-charente\/actualites\/homelie-du-25-septembre-2022-par-le-p-benoit-lecomte\/#respond"]}]},{"@type":"WebPage","@id":"https:\/\/charente.catholique.fr\/sud-charente\/actualites\/homelie-du-25-septembre-2022-par-le-p-benoit-lecomte\/","url":"https:\/\/charente.catholique.fr\/sud-charente\/actualites\/homelie-du-25-septembre-2022-par-le-p-benoit-lecomte\/","name":"Hom\u00e9lie du 25 septembre 2022, par le P. Beno\u00eet Lecomte - Doyenn\u00e9 Sud Charente","isPartOf":{"@id":"https:\/\/charente.catholique.fr\/sud-charente\/#website"},"primaryImageOfPage":{"@id":"https:\/\/charente.catholique.fr\/sud-charente\/actualites\/homelie-du-25-septembre-2022-par-le-p-benoit-lecomte\/#primaryimage"},"image":{"@id":"https:\/\/charente.catholique.fr\/sud-charente\/actualites\/homelie-du-25-septembre-2022-par-le-p-benoit-lecomte\/#primaryimage"},"thumbnailUrl":"https:\/\/charente.catholique.fr\/sud-charente\/wp-content\/uploads\/sites\/5\/2022\/09\/jmmr-2022_carre-1-1536x1536-1.jpg","datePublished":"2022-09-24T13:34:26+00:00","breadcrumb":{"@id":"https:\/\/charente.catholique.fr\/sud-charente\/actualites\/homelie-du-25-septembre-2022-par-le-p-benoit-lecomte\/#breadcrumb"},"inLanguage":"fr-FR","potentialAction":[{"@type":"ReadAction","target":["https:\/\/charente.catholique.fr\/sud-charente\/actualites\/homelie-du-25-septembre-2022-par-le-p-benoit-lecomte\/"]}]},{"@type":"ImageObject","inLanguage":"fr-FR","@id":"https:\/\/charente.catholique.fr\/sud-charente\/actualites\/homelie-du-25-septembre-2022-par-le-p-benoit-lecomte\/#primaryimage","url":"https:\/\/charente.catholique.fr\/sud-charente\/wp-content\/uploads\/sites\/5\/2022\/09\/jmmr-2022_carre-1-1536x1536-1.jpg","contentUrl":"https:\/\/charente.catholique.fr\/sud-charente\/wp-content\/uploads\/sites\/5\/2022\/09\/jmmr-2022_carre-1-1536x1536-1.jpg","width":1536,"height":1536},{"@type":"BreadcrumbList","@id":"https:\/\/charente.catholique.fr\/sud-charente\/actualites\/homelie-du-25-septembre-2022-par-le-p-benoit-lecomte\/#breadcrumb","itemListElement":[{"@type":"ListItem","position":1,"name":"Accueil","item":"https:\/\/charente.catholique.fr\/sud-charente\/"},{"@type":"ListItem","position":2,"name":"Hom\u00e9lie du 25 septembre 2022, par le P. Beno\u00eet Lecomte"}]},{"@type":"WebSite","@id":"https:\/\/charente.catholique.fr\/sud-charente\/#website","url":"https:\/\/charente.catholique.fr\/sud-charente\/","name":"Doyenn\u00e9 Sud Charente - Dioc\u00e8se d'Angoul\u00eame","description":"Dioc\u00e8se d&#039;Angoul\u00eame","publisher":{"@id":"https:\/\/charente.catholique.fr\/sud-charente\/#organization"},"potentialAction":[{"@type":"SearchAction","target":{"@type":"EntryPoint","urlTemplate":"https:\/\/charente.catholique.fr\/sud-charente\/?s={search_term_string}"},"query-input":{"@type":"PropertyValueSpecification","valueRequired":true,"valueName":"search_term_string"}}],"inLanguage":"fr-FR"},{"@type":"Organization","@id":"https:\/\/charente.catholique.fr\/sud-charente\/#organization","name":"Association dioc\u00e9saine d'Angoul\u00eame","url":"https:\/\/charente.catholique.fr\/sud-charente\/","logo":{"@type":"ImageObject","inLanguage":"fr-FR","@id":"https:\/\/charente.catholique.fr\/sud-charente\/#\/schema\/logo\/image\/","url":"https:\/\/charente.catholique.fr\/sud-charente\/wp-content\/uploads\/sites\/5\/2020\/10\/logos.png","contentUrl":"https:\/\/charente.catholique.fr\/sud-charente\/wp-content\/uploads\/sites\/5\/2020\/10\/logos.png","width":600,"height":257,"caption":"Association dioc\u00e9saine d'Angoul\u00eame"},"image":{"@id":"https:\/\/charente.catholique.fr\/sud-charente\/#\/schema\/logo\/image\/"},"sameAs":["https:\/\/www.facebook.com\/EgliseCatholiqueCharente","https:\/\/x.com\/diocesecharente","https:\/\/www.instagram.com\/eglisecharente","https:\/\/www.youtube.com\/channel\/UCByyFWApZbw3gDTiADoiAaQ"]},{"@type":"Person","@id":"https:\/\/charente.catholique.fr\/sud-charente\/#\/schema\/person\/ddcc6ba32a4484b49a276652de901387","name":"Beno\u00eet","image":{"@type":"ImageObject","inLanguage":"fr-FR","@id":"https:\/\/charente.catholique.fr\/sud-charente\/#\/schema\/person\/image\/","url":"https:\/\/secure.gravatar.com\/avatar\/367de281020c81cafc6a2f9b79fef00a1981a890412ad8b09b11385575886666?s=96&d=mm&r=g","contentUrl":"https:\/\/secure.gravatar.com\/avatar\/367de281020c81cafc6a2f9b79fef00a1981a890412ad8b09b11385575886666?s=96&d=mm&r=g","caption":"Beno\u00eet"},"url":"https:\/\/charente.catholique.fr\/sud-charente\/author\/benoitlecomte\/"}]}},"_links":{"self":[{"href":"https:\/\/charente.catholique.fr\/sud-charente\/wp-json\/wp\/v2\/posts\/4344","targetHints":{"allow":["GET"]}}],"collection":[{"href":"https:\/\/charente.catholique.fr\/sud-charente\/wp-json\/wp\/v2\/posts"}],"about":[{"href":"https:\/\/charente.catholique.fr\/sud-charente\/wp-json\/wp\/v2\/types\/post"}],"author":[{"embeddable":true,"href":"https:\/\/charente.catholique.fr\/sud-charente\/wp-json\/wp\/v2\/users\/4"}],"replies":[{"embeddable":true,"href":"https:\/\/charente.catholique.fr\/sud-charente\/wp-json\/wp\/v2\/comments?post=4344"}],"version-history":[{"count":1,"href":"https:\/\/charente.catholique.fr\/sud-charente\/wp-json\/wp\/v2\/posts\/4344\/revisions"}],"predecessor-version":[{"id":4346,"href":"https:\/\/charente.catholique.fr\/sud-charente\/wp-json\/wp\/v2\/posts\/4344\/revisions\/4346"}],"wp:featuredmedia":[{"embeddable":true,"href":"https:\/\/charente.catholique.fr\/sud-charente\/wp-json\/wp\/v2\/media\/4345"}],"wp:attachment":[{"href":"https:\/\/charente.catholique.fr\/sud-charente\/wp-json\/wp\/v2\/media?parent=4344"}],"wp:term":[{"taxonomy":"category","embeddable":true,"href":"https:\/\/charente.catholique.fr\/sud-charente\/wp-json\/wp\/v2\/categories?post=4344"},{"taxonomy":"post_tag","embeddable":true,"href":"https:\/\/charente.catholique.fr\/sud-charente\/wp-json\/wp\/v2\/tags?post=4344"}],"curies":[{"name":"wp","href":"https:\/\/api.w.org\/{rel}","templated":true}]}}