{"id":4136,"date":"2022-07-16T23:43:10","date_gmt":"2022-07-16T21:43:10","guid":{"rendered":"https:\/\/charente.catholique.fr\/sud-charente\/?p=4136"},"modified":"2022-07-16T23:43:11","modified_gmt":"2022-07-16T21:43:11","slug":"homelie-du-17-juillet-2022-par-le-p-benoit-lecomte","status":"publish","type":"post","link":"https:\/\/charente.catholique.fr\/sud-charente\/actualites\/homelie-du-17-juillet-2022-par-le-p-benoit-lecomte\/","title":{"rendered":"Hom\u00e9lie du 17 juillet 2022, par le P. Beno\u00eet Lecomte"},"content":{"rendered":"\n<p>Quel \u00e9trange texte que cette premi\u00e8re lecture tir\u00e9e du livre de la Gen\u00e8se&nbsp;! Avez-vous fait attention&nbsp;\u00e0 ce visiteur&nbsp;? Il est parfois indiqu\u00e9 au singulier, d\u2019autres fois au pluriel. \u00ab<em>&nbsp;Le Seigneur apparu \u00e0 Abraham\u2026 Abraham leva les yeux et il vit trois hommes qui se tenaient debout devant lui\u2026 Il dit&nbsp;: \u00ab&nbsp;Mon seigneur, si j\u2019ai pu trouver gr\u00e2ce \u00e0 tes yeux\u2026 permettez que l\u2019on vous apporte un peu d\u2019eau\u2026&nbsp;\u00bb Ils r\u00e9pondirent\u2026&nbsp;<\/em>\u00bb. Puis \u00ab <em>le voyageur repris&nbsp;: \u00ab&nbsp;quand je reviendrai chez toi.&nbsp;\u00bb<\/em><\/p>\n\n\n\n<p>Alors, sont-ils trois ou est-il seul&nbsp;? Evidemment, la tradition chr\u00e9tienne a lu dans ce passage l\u2019intuition d\u2019un Dieu Trinit\u00e9 qui rendait visite \u00e0 Abraham. Un visiteur tout \u00e0 la fois unique et pluriel, Un et Trinitaire en trois personnes. O\u00f9 quand Dieu rend visite \u00e0 son serviteur pour lui apporter la bonne nouvelle d\u2019une promesse de vie, d\u2019une b\u00e9n\u00e9diction, d\u2019une g\u00e9n\u00e9ration.<\/p>\n\n\n\n<p>Dans la liturgie de ce jour, ce r\u00e9cit \u00e9tonnant est mis en relation avec la sc\u00e8ne de Marthe et de Marie accueillant J\u00e9sus. On conna\u00eet par c\u0153ur les dispositions de ces deux femmes, l\u2019une s\u2019activant \u00e0 pr\u00e9parer le repas et reprochant \u00e0 sa s\u0153ur de rester suspendue aux paroles de J\u00e9sus, sans rien faire d\u2019autre.<\/p>\n\n\n\n<p>Dans les deux cas, pour Abraham comme pour Marthe et Marie,&nbsp;il s\u2019agit d\u2019accueillir un visiteur qui s\u2019av\u00e8re \u00eatre le Seigneur. Dans les deux cas, ce qui est mis en exemple n\u2019est pas tant l\u2019activit\u00e9 d\u00e9ploy\u00e9e que la pr\u00e9sence \u00e0 celui qui vient, \u00e0 l\u2019\u00e9coute de sa parole, aussi incongrue puisse-t-elle \u00eatre (pensons \u00e0 cette promesse d\u2019une descendance faite \u00e0 un vieux couple de plus de 80 ans). Il serait trop facile et trop us\u00e9 pour lire cette page d\u2019Evangile, de reprendre la distinction entre ceux qui sont dans l\u2019action et ceux qui prient, les uns avec tort et les autres avec raisons. Nous savons bien que l\u2019un et l\u2019autre sont importants et m\u00eame n\u00e9cessaires et qu\u2019il serait vain de les opposer ou plus encore de les mettre en concurrence.<\/p>\n\n\n\n<p>Il me semble que ce que la Parole nous invite \u00e0 relire est plut\u00f4t notre capacit\u00e9 \u00e0 accueillir celui qui vient, celui que nous rencontrons, comme s\u2019il \u00e9tait le Seigneur Dieu lui-m\u00eame. Lorsque nous accueillons quelqu\u2019un, nous pouvons \u00eatre prompts \u00e0 proposer un rafraichissement, \u00e0 raconter nos derni\u00e8res anecdotes, \u00e0 exposer notre \u00e9tat d\u2019esprit, ou nos derni\u00e8res trouvailles, ou nos soucis du moment. Mais comment sommes-nous pr\u00eats \u00e0 nous taire pour l\u2019\u00e9couter lui, dans ce qu\u2019il a de plus profond \u00e0 nous dire&nbsp;? Comment sommes-nous dispos\u00e9s \u00e0 recevoir une parole pour ce qu\u2019elle est et \u00e0 \u00e9couter vraiment l\u2019autre, \u00e0 nous immerger dans son univers, dans ses soucis ou dans ses joies&nbsp;? Comment sommes-nous pr\u00eats \u00e0 d\u00e9couvrir en l\u2019autre qui vient \u00e0 nous, le Seigneur Dieu lui-m\u00eame qui frappe \u00e0 notre porte&nbsp;? Je repense \u00e0 ces mots, partag\u00e9s lors de la formation \u00e0 l\u2019\u00e9coute propos\u00e9e \u00e0 la paroisse en mai dernier&nbsp;:<\/p>\n\n\n\n<p><em>\u00ab&nbsp;\u00c9couter est, peut-\u00eatre, le plus beau cadeau que nous puissions faire \u00e0 quelqu&#8217;un.<\/em> <em>C&#8217;est lui dire, non pas avec des mots, mais avec ses yeux, son visage, son sourire et tout son corps&nbsp;:<\/em><br><em>tu es important pour moi, tu es int\u00e9ressant, je suis heureux que tu sois l\u00e0.<\/em> <em>Avez-vous remarqu\u00e9 combien les \u00ab&nbsp;dialogues&nbsp;\u00bb sont remplis d&#8217;expressions de ce genre :<\/em> <em>\u00ab&nbsp;C&#8217;est comme moi quand.&nbsp;.&nbsp;.&nbsp;\u00bb, ou bien \u00ab&nbsp;\u00e7a me rappelle ce qui m&#8217;est arriv\u00e9.&nbsp;.&nbsp;.&nbsp;\u00bb.<\/em> <em>Bien souvent, ce que l&#8217;autre dit n&#8217;est qu&#8217;une occasion de parler de soi.<\/em> <em>\u00c9couter, c&#8217;est vraiment laisser tomber ce qui nous occupe<\/em> <em>pour donner tout son temps \u00e0 l&#8217;autre.<\/em> <em>\u00c9couter, c&#8217;est refuser de penser \u00e0 la place de l&#8217;autre,<\/em> <em>de lui donner des conseils et m\u00eame de vouloir le comprendre.<\/em> <em>\u00c9couter, c&#8217;est accueillir l&#8217;autre avec reconnaissance tel qu&#8217;il se d\u00e9finit lui-m\u00eame, sans se substituer \u00e0 lui pour lui dire ce qu&#8217;il doit \u00eatre<\/em>. <em>\u00c9couter, c&#8217;est donner \u00e0 l&#8217;autre ce que l&#8217;on ne nous a, peut-\u00eatre, encore jamais donn\u00e9 :<\/em> <em>de l&#8217;attention, du temps, une pr\u00e9sence affectueuse.<\/em> <em>C&#8217;est en apprenant \u00e0 \u00e9couter les autres<\/em> <em>que nous arrivons \u00e0 nous \u00e9couter nous-m\u00eames,<\/em> <em>notre corps et toutes nos \u00e9motions,<\/em> <em>c&#8217;est le chemin pour apprendre \u00e0 \u00e9couter la terre et la vie,<\/em> <em>c&#8217;est devenir po\u00e8te, c&#8217;est-\u00e0-dire sentir le c\u0153ur et voir l&#8217;\u00e2me des choses&nbsp;\u00bb (Andr\u00e9 Gromolard).<\/em><\/p>\n\n\n\n<p>Et si la Parole de Dieu aujourd\u2019hui nous invitait \u00e0 savoir \u00e9couter&nbsp;? Ecouter l\u2019autre pour ce qu\u2019il est et ce qu\u2019il nous r\u00e9v\u00e8le \u2013 de lui et de Dieu&nbsp;? En ce temps de vacances ou en ce temps d\u2019\u00e9t\u00e9, o\u00f9 nous pouvons parfois trouver plus de temps pour \u00e9couter ceux qui nous visitent, apprenons \u00e0 \u00e9couter vraiment. Nous y d\u00e9couvrirons, s\u00fbrement, la joie de vibrer au m\u00eame Vivant, \u00e0 ce Dieu qui habite la profondeur de chacun et qui se r\u00e9v\u00e8le \u00e0 nous pour peu que nous sachions nous taire et\u2026 l\u2019\u00e9couter.<\/p>\n\n\n\n<p>Amen.<\/p>\n\n\n\n<p>P. Beno\u00eet Lecomte<\/p>\n","protected":false},"excerpt":{"rendered":"<p>Quel \u00e9trange texte que cette premi\u00e8re lecture tir\u00e9e du livre de la Gen\u00e8se&nbsp;! Avez-vous fait attention&nbsp;\u00e0 ce visiteur&nbsp;? Il est parfois indiqu\u00e9 au singulier, d\u2019autres fois au pluriel. \u00ab&nbsp;Le Seigneur apparu \u00e0 Abraham\u2026 Abraham leva les yeux et il vit trois hommes qui se tenaient debout devant lui\u2026 Il dit&nbsp;: \u00ab&nbsp;Mon seigneur, si j\u2019ai pu [&hellip;]<\/p>\n","protected":false},"author":4,"featured_media":4137,"comment_status":"open","ping_status":"open","sticky":false,"template":"","format":"standard","meta":{"_acf_changed":false,"paroisse":["15"],"service":["0"],"footnotes":""},"categories":[1,4,3],"tags":[],"class_list":["post-4136","post","type-post","status-publish","format-standard","has-post-thumbnail","hentry","category-actualites","category-barbezieux","category-homelies","validated"],"acf":[],"yoast_head":"<!-- This site is optimized with the Yoast SEO plugin v27.1.1 - https:\/\/yoast.com\/product\/yoast-seo-wordpress\/ -->\n<title>Hom\u00e9lie du 17 juillet 2022, par le P. Beno\u00eet Lecomte - Doyenn\u00e9 Sud Charente<\/title>\n<meta name=\"robots\" content=\"index, follow, max-snippet:-1, max-image-preview:large, max-video-preview:-1\" \/>\n<link rel=\"canonical\" href=\"https:\/\/charente.catholique.fr\/sud-charente\/actualites\/homelie-du-17-juillet-2022-par-le-p-benoit-lecomte\/\" \/>\n<meta property=\"og:locale\" content=\"fr_FR\" \/>\n<meta property=\"og:type\" content=\"article\" \/>\n<meta property=\"og:title\" content=\"Hom\u00e9lie du 17 juillet 2022, par le P. Beno\u00eet Lecomte - Doyenn\u00e9 Sud Charente\" \/>\n<meta property=\"og:description\" content=\"Quel \u00e9trange texte que cette premi\u00e8re lecture tir\u00e9e du livre de la Gen\u00e8se&nbsp;! Avez-vous fait attention&nbsp;\u00e0 ce visiteur&nbsp;? Il est parfois indiqu\u00e9 au singulier, d\u2019autres fois au pluriel. \u00ab&nbsp;Le Seigneur apparu \u00e0 Abraham\u2026 Abraham leva les yeux et il vit trois hommes qui se tenaient debout devant lui\u2026 Il dit&nbsp;: \u00ab&nbsp;Mon seigneur, si j\u2019ai pu [&hellip;]\" \/>\n<meta property=\"og:url\" content=\"https:\/\/charente.catholique.fr\/sud-charente\/actualites\/homelie-du-17-juillet-2022-par-le-p-benoit-lecomte\/\" \/>\n<meta property=\"og:site_name\" content=\"Doyenn\u00e9 Sud Charente\" \/>\n<meta property=\"article:publisher\" content=\"https:\/\/www.facebook.com\/EgliseCatholiqueCharente\" \/>\n<meta property=\"article:published_time\" content=\"2022-07-16T21:43:10+00:00\" \/>\n<meta property=\"article:modified_time\" content=\"2022-07-16T21:43:11+00:00\" \/>\n<meta property=\"og:image\" content=\"https:\/\/charente.catholique.fr\/sud-charente\/wp-content\/uploads\/sites\/5\/2022\/07\/communication-g333b5c24b_1920.jpg\" \/>\n\t<meta property=\"og:image:width\" content=\"1920\" \/>\n\t<meta property=\"og:image:height\" content=\"1280\" \/>\n\t<meta property=\"og:image:type\" content=\"image\/jpeg\" \/>\n<meta name=\"author\" content=\"Beno\u00eet\" \/>\n<meta name=\"twitter:card\" content=\"summary_large_image\" \/>\n<meta name=\"twitter:creator\" content=\"@diocesecharente\" \/>\n<meta name=\"twitter:site\" content=\"@diocesecharente\" \/>\n<meta name=\"twitter:label1\" content=\"\u00c9crit par\" \/>\n\t<meta name=\"twitter:data1\" content=\"Beno\u00eet\" \/>\n\t<meta name=\"twitter:label2\" content=\"Dur\u00e9e de lecture estim\u00e9e\" \/>\n\t<meta name=\"twitter:data2\" content=\"5 minutes\" \/>\n<script type=\"application\/ld+json\" class=\"yoast-schema-graph\">{\"@context\":\"https:\/\/schema.org\",\"@graph\":[{\"@type\":\"Article\",\"@id\":\"https:\/\/charente.catholique.fr\/sud-charente\/actualites\/homelie-du-17-juillet-2022-par-le-p-benoit-lecomte\/#article\",\"isPartOf\":{\"@id\":\"https:\/\/charente.catholique.fr\/sud-charente\/actualites\/homelie-du-17-juillet-2022-par-le-p-benoit-lecomte\/\"},\"author\":{\"name\":\"Beno\u00eet\",\"@id\":\"https:\/\/charente.catholique.fr\/sud-charente\/#\/schema\/person\/ddcc6ba32a4484b49a276652de901387\"},\"headline\":\"Hom\u00e9lie du 17 juillet 2022, par le P. Beno\u00eet Lecomte\",\"datePublished\":\"2022-07-16T21:43:10+00:00\",\"dateModified\":\"2022-07-16T21:43:11+00:00\",\"mainEntityOfPage\":{\"@id\":\"https:\/\/charente.catholique.fr\/sud-charente\/actualites\/homelie-du-17-juillet-2022-par-le-p-benoit-lecomte\/\"},\"wordCount\":904,\"commentCount\":0,\"publisher\":{\"@id\":\"https:\/\/charente.catholique.fr\/sud-charente\/#organization\"},\"image\":{\"@id\":\"https:\/\/charente.catholique.fr\/sud-charente\/actualites\/homelie-du-17-juillet-2022-par-le-p-benoit-lecomte\/#primaryimage\"},\"thumbnailUrl\":\"https:\/\/charente.catholique.fr\/sud-charente\/wp-content\/uploads\/sites\/5\/2022\/07\/communication-g333b5c24b_1920.jpg\",\"articleSection\":[\"Actualit\u00e9s\",\"Barbezieux\",\"Hom\u00e9lies\"],\"inLanguage\":\"fr-FR\",\"potentialAction\":[{\"@type\":\"CommentAction\",\"name\":\"Comment\",\"target\":[\"https:\/\/charente.catholique.fr\/sud-charente\/actualites\/homelie-du-17-juillet-2022-par-le-p-benoit-lecomte\/#respond\"]}]},{\"@type\":\"WebPage\",\"@id\":\"https:\/\/charente.catholique.fr\/sud-charente\/actualites\/homelie-du-17-juillet-2022-par-le-p-benoit-lecomte\/\",\"url\":\"https:\/\/charente.catholique.fr\/sud-charente\/actualites\/homelie-du-17-juillet-2022-par-le-p-benoit-lecomte\/\",\"name\":\"Hom\u00e9lie du 17 juillet 2022, par le P. Beno\u00eet Lecomte - Doyenn\u00e9 Sud Charente\",\"isPartOf\":{\"@id\":\"https:\/\/charente.catholique.fr\/sud-charente\/#website\"},\"primaryImageOfPage\":{\"@id\":\"https:\/\/charente.catholique.fr\/sud-charente\/actualites\/homelie-du-17-juillet-2022-par-le-p-benoit-lecomte\/#primaryimage\"},\"image\":{\"@id\":\"https:\/\/charente.catholique.fr\/sud-charente\/actualites\/homelie-du-17-juillet-2022-par-le-p-benoit-lecomte\/#primaryimage\"},\"thumbnailUrl\":\"https:\/\/charente.catholique.fr\/sud-charente\/wp-content\/uploads\/sites\/5\/2022\/07\/communication-g333b5c24b_1920.jpg\",\"datePublished\":\"2022-07-16T21:43:10+00:00\",\"dateModified\":\"2022-07-16T21:43:11+00:00\",\"breadcrumb\":{\"@id\":\"https:\/\/charente.catholique.fr\/sud-charente\/actualites\/homelie-du-17-juillet-2022-par-le-p-benoit-lecomte\/#breadcrumb\"},\"inLanguage\":\"fr-FR\",\"potentialAction\":[{\"@type\":\"ReadAction\",\"target\":[\"https:\/\/charente.catholique.fr\/sud-charente\/actualites\/homelie-du-17-juillet-2022-par-le-p-benoit-lecomte\/\"]}]},{\"@type\":\"ImageObject\",\"inLanguage\":\"fr-FR\",\"@id\":\"https:\/\/charente.catholique.fr\/sud-charente\/actualites\/homelie-du-17-juillet-2022-par-le-p-benoit-lecomte\/#primaryimage\",\"url\":\"https:\/\/charente.catholique.fr\/sud-charente\/wp-content\/uploads\/sites\/5\/2022\/07\/communication-g333b5c24b_1920.jpg\",\"contentUrl\":\"https:\/\/charente.catholique.fr\/sud-charente\/wp-content\/uploads\/sites\/5\/2022\/07\/communication-g333b5c24b_1920.jpg\",\"width\":1920,\"height\":1280},{\"@type\":\"BreadcrumbList\",\"@id\":\"https:\/\/charente.catholique.fr\/sud-charente\/actualites\/homelie-du-17-juillet-2022-par-le-p-benoit-lecomte\/#breadcrumb\",\"itemListElement\":[{\"@type\":\"ListItem\",\"position\":1,\"name\":\"Accueil\",\"item\":\"https:\/\/charente.catholique.fr\/sud-charente\/\"},{\"@type\":\"ListItem\",\"position\":2,\"name\":\"Hom\u00e9lie du 17 juillet 2022, par le P. Beno\u00eet Lecomte\"}]},{\"@type\":\"WebSite\",\"@id\":\"https:\/\/charente.catholique.fr\/sud-charente\/#website\",\"url\":\"https:\/\/charente.catholique.fr\/sud-charente\/\",\"name\":\"Doyenn\u00e9 Sud Charente - Dioc\u00e8se d'Angoul\u00eame\",\"description\":\"Dioc\u00e8se d&#039;Angoul\u00eame\",\"publisher\":{\"@id\":\"https:\/\/charente.catholique.fr\/sud-charente\/#organization\"},\"potentialAction\":[{\"@type\":\"SearchAction\",\"target\":{\"@type\":\"EntryPoint\",\"urlTemplate\":\"https:\/\/charente.catholique.fr\/sud-charente\/?s={search_term_string}\"},\"query-input\":{\"@type\":\"PropertyValueSpecification\",\"valueRequired\":true,\"valueName\":\"search_term_string\"}}],\"inLanguage\":\"fr-FR\"},{\"@type\":\"Organization\",\"@id\":\"https:\/\/charente.catholique.fr\/sud-charente\/#organization\",\"name\":\"Association dioc\u00e9saine d'Angoul\u00eame\",\"url\":\"https:\/\/charente.catholique.fr\/sud-charente\/\",\"logo\":{\"@type\":\"ImageObject\",\"inLanguage\":\"fr-FR\",\"@id\":\"https:\/\/charente.catholique.fr\/sud-charente\/#\/schema\/logo\/image\/\",\"url\":\"https:\/\/charente.catholique.fr\/sud-charente\/wp-content\/uploads\/sites\/5\/2020\/10\/logos.png\",\"contentUrl\":\"https:\/\/charente.catholique.fr\/sud-charente\/wp-content\/uploads\/sites\/5\/2020\/10\/logos.png\",\"width\":600,\"height\":257,\"caption\":\"Association dioc\u00e9saine d'Angoul\u00eame\"},\"image\":{\"@id\":\"https:\/\/charente.catholique.fr\/sud-charente\/#\/schema\/logo\/image\/\"},\"sameAs\":[\"https:\/\/www.facebook.com\/EgliseCatholiqueCharente\",\"https:\/\/x.com\/diocesecharente\",\"https:\/\/www.instagram.com\/eglisecharente\",\"https:\/\/www.youtube.com\/channel\/UCByyFWApZbw3gDTiADoiAaQ\"]},{\"@type\":\"Person\",\"@id\":\"https:\/\/charente.catholique.fr\/sud-charente\/#\/schema\/person\/ddcc6ba32a4484b49a276652de901387\",\"name\":\"Beno\u00eet\",\"image\":{\"@type\":\"ImageObject\",\"inLanguage\":\"fr-FR\",\"@id\":\"https:\/\/charente.catholique.fr\/sud-charente\/#\/schema\/person\/image\/\",\"url\":\"https:\/\/secure.gravatar.com\/avatar\/367de281020c81cafc6a2f9b79fef00a1981a890412ad8b09b11385575886666?s=96&d=mm&r=g\",\"contentUrl\":\"https:\/\/secure.gravatar.com\/avatar\/367de281020c81cafc6a2f9b79fef00a1981a890412ad8b09b11385575886666?s=96&d=mm&r=g\",\"caption\":\"Beno\u00eet\"},\"url\":\"https:\/\/charente.catholique.fr\/sud-charente\/author\/benoitlecomte\/\"}]}<\/script>\n<!-- \/ Yoast SEO plugin. -->","yoast_head_json":{"title":"Hom\u00e9lie du 17 juillet 2022, par le P. Beno\u00eet Lecomte - Doyenn\u00e9 Sud Charente","robots":{"index":"index","follow":"follow","max-snippet":"max-snippet:-1","max-image-preview":"max-image-preview:large","max-video-preview":"max-video-preview:-1"},"canonical":"https:\/\/charente.catholique.fr\/sud-charente\/actualites\/homelie-du-17-juillet-2022-par-le-p-benoit-lecomte\/","og_locale":"fr_FR","og_type":"article","og_title":"Hom\u00e9lie du 17 juillet 2022, par le P. Beno\u00eet Lecomte - Doyenn\u00e9 Sud Charente","og_description":"Quel \u00e9trange texte que cette premi\u00e8re lecture tir\u00e9e du livre de la Gen\u00e8se&nbsp;! Avez-vous fait attention&nbsp;\u00e0 ce visiteur&nbsp;? Il est parfois indiqu\u00e9 au singulier, d\u2019autres fois au pluriel. \u00ab&nbsp;Le Seigneur apparu \u00e0 Abraham\u2026 Abraham leva les yeux et il vit trois hommes qui se tenaient debout devant lui\u2026 Il dit&nbsp;: \u00ab&nbsp;Mon seigneur, si j\u2019ai pu [&hellip;]","og_url":"https:\/\/charente.catholique.fr\/sud-charente\/actualites\/homelie-du-17-juillet-2022-par-le-p-benoit-lecomte\/","og_site_name":"Doyenn\u00e9 Sud Charente","article_publisher":"https:\/\/www.facebook.com\/EgliseCatholiqueCharente","article_published_time":"2022-07-16T21:43:10+00:00","article_modified_time":"2022-07-16T21:43:11+00:00","og_image":[{"width":1920,"height":1280,"url":"https:\/\/charente.catholique.fr\/sud-charente\/wp-content\/uploads\/sites\/5\/2022\/07\/communication-g333b5c24b_1920.jpg","type":"image\/jpeg"}],"author":"Beno\u00eet","twitter_card":"summary_large_image","twitter_creator":"@diocesecharente","twitter_site":"@diocesecharente","twitter_misc":{"\u00c9crit par":"Beno\u00eet","Dur\u00e9e de lecture estim\u00e9e":"5 minutes"},"schema":{"@context":"https:\/\/schema.org","@graph":[{"@type":"Article","@id":"https:\/\/charente.catholique.fr\/sud-charente\/actualites\/homelie-du-17-juillet-2022-par-le-p-benoit-lecomte\/#article","isPartOf":{"@id":"https:\/\/charente.catholique.fr\/sud-charente\/actualites\/homelie-du-17-juillet-2022-par-le-p-benoit-lecomte\/"},"author":{"name":"Beno\u00eet","@id":"https:\/\/charente.catholique.fr\/sud-charente\/#\/schema\/person\/ddcc6ba32a4484b49a276652de901387"},"headline":"Hom\u00e9lie du 17 juillet 2022, par le P. Beno\u00eet Lecomte","datePublished":"2022-07-16T21:43:10+00:00","dateModified":"2022-07-16T21:43:11+00:00","mainEntityOfPage":{"@id":"https:\/\/charente.catholique.fr\/sud-charente\/actualites\/homelie-du-17-juillet-2022-par-le-p-benoit-lecomte\/"},"wordCount":904,"commentCount":0,"publisher":{"@id":"https:\/\/charente.catholique.fr\/sud-charente\/#organization"},"image":{"@id":"https:\/\/charente.catholique.fr\/sud-charente\/actualites\/homelie-du-17-juillet-2022-par-le-p-benoit-lecomte\/#primaryimage"},"thumbnailUrl":"https:\/\/charente.catholique.fr\/sud-charente\/wp-content\/uploads\/sites\/5\/2022\/07\/communication-g333b5c24b_1920.jpg","articleSection":["Actualit\u00e9s","Barbezieux","Hom\u00e9lies"],"inLanguage":"fr-FR","potentialAction":[{"@type":"CommentAction","name":"Comment","target":["https:\/\/charente.catholique.fr\/sud-charente\/actualites\/homelie-du-17-juillet-2022-par-le-p-benoit-lecomte\/#respond"]}]},{"@type":"WebPage","@id":"https:\/\/charente.catholique.fr\/sud-charente\/actualites\/homelie-du-17-juillet-2022-par-le-p-benoit-lecomte\/","url":"https:\/\/charente.catholique.fr\/sud-charente\/actualites\/homelie-du-17-juillet-2022-par-le-p-benoit-lecomte\/","name":"Hom\u00e9lie du 17 juillet 2022, par le P. Beno\u00eet Lecomte - Doyenn\u00e9 Sud Charente","isPartOf":{"@id":"https:\/\/charente.catholique.fr\/sud-charente\/#website"},"primaryImageOfPage":{"@id":"https:\/\/charente.catholique.fr\/sud-charente\/actualites\/homelie-du-17-juillet-2022-par-le-p-benoit-lecomte\/#primaryimage"},"image":{"@id":"https:\/\/charente.catholique.fr\/sud-charente\/actualites\/homelie-du-17-juillet-2022-par-le-p-benoit-lecomte\/#primaryimage"},"thumbnailUrl":"https:\/\/charente.catholique.fr\/sud-charente\/wp-content\/uploads\/sites\/5\/2022\/07\/communication-g333b5c24b_1920.jpg","datePublished":"2022-07-16T21:43:10+00:00","dateModified":"2022-07-16T21:43:11+00:00","breadcrumb":{"@id":"https:\/\/charente.catholique.fr\/sud-charente\/actualites\/homelie-du-17-juillet-2022-par-le-p-benoit-lecomte\/#breadcrumb"},"inLanguage":"fr-FR","potentialAction":[{"@type":"ReadAction","target":["https:\/\/charente.catholique.fr\/sud-charente\/actualites\/homelie-du-17-juillet-2022-par-le-p-benoit-lecomte\/"]}]},{"@type":"ImageObject","inLanguage":"fr-FR","@id":"https:\/\/charente.catholique.fr\/sud-charente\/actualites\/homelie-du-17-juillet-2022-par-le-p-benoit-lecomte\/#primaryimage","url":"https:\/\/charente.catholique.fr\/sud-charente\/wp-content\/uploads\/sites\/5\/2022\/07\/communication-g333b5c24b_1920.jpg","contentUrl":"https:\/\/charente.catholique.fr\/sud-charente\/wp-content\/uploads\/sites\/5\/2022\/07\/communication-g333b5c24b_1920.jpg","width":1920,"height":1280},{"@type":"BreadcrumbList","@id":"https:\/\/charente.catholique.fr\/sud-charente\/actualites\/homelie-du-17-juillet-2022-par-le-p-benoit-lecomte\/#breadcrumb","itemListElement":[{"@type":"ListItem","position":1,"name":"Accueil","item":"https:\/\/charente.catholique.fr\/sud-charente\/"},{"@type":"ListItem","position":2,"name":"Hom\u00e9lie du 17 juillet 2022, par le P. Beno\u00eet Lecomte"}]},{"@type":"WebSite","@id":"https:\/\/charente.catholique.fr\/sud-charente\/#website","url":"https:\/\/charente.catholique.fr\/sud-charente\/","name":"Doyenn\u00e9 Sud Charente - Dioc\u00e8se d'Angoul\u00eame","description":"Dioc\u00e8se d&#039;Angoul\u00eame","publisher":{"@id":"https:\/\/charente.catholique.fr\/sud-charente\/#organization"},"potentialAction":[{"@type":"SearchAction","target":{"@type":"EntryPoint","urlTemplate":"https:\/\/charente.catholique.fr\/sud-charente\/?s={search_term_string}"},"query-input":{"@type":"PropertyValueSpecification","valueRequired":true,"valueName":"search_term_string"}}],"inLanguage":"fr-FR"},{"@type":"Organization","@id":"https:\/\/charente.catholique.fr\/sud-charente\/#organization","name":"Association dioc\u00e9saine d'Angoul\u00eame","url":"https:\/\/charente.catholique.fr\/sud-charente\/","logo":{"@type":"ImageObject","inLanguage":"fr-FR","@id":"https:\/\/charente.catholique.fr\/sud-charente\/#\/schema\/logo\/image\/","url":"https:\/\/charente.catholique.fr\/sud-charente\/wp-content\/uploads\/sites\/5\/2020\/10\/logos.png","contentUrl":"https:\/\/charente.catholique.fr\/sud-charente\/wp-content\/uploads\/sites\/5\/2020\/10\/logos.png","width":600,"height":257,"caption":"Association dioc\u00e9saine d'Angoul\u00eame"},"image":{"@id":"https:\/\/charente.catholique.fr\/sud-charente\/#\/schema\/logo\/image\/"},"sameAs":["https:\/\/www.facebook.com\/EgliseCatholiqueCharente","https:\/\/x.com\/diocesecharente","https:\/\/www.instagram.com\/eglisecharente","https:\/\/www.youtube.com\/channel\/UCByyFWApZbw3gDTiADoiAaQ"]},{"@type":"Person","@id":"https:\/\/charente.catholique.fr\/sud-charente\/#\/schema\/person\/ddcc6ba32a4484b49a276652de901387","name":"Beno\u00eet","image":{"@type":"ImageObject","inLanguage":"fr-FR","@id":"https:\/\/charente.catholique.fr\/sud-charente\/#\/schema\/person\/image\/","url":"https:\/\/secure.gravatar.com\/avatar\/367de281020c81cafc6a2f9b79fef00a1981a890412ad8b09b11385575886666?s=96&d=mm&r=g","contentUrl":"https:\/\/secure.gravatar.com\/avatar\/367de281020c81cafc6a2f9b79fef00a1981a890412ad8b09b11385575886666?s=96&d=mm&r=g","caption":"Beno\u00eet"},"url":"https:\/\/charente.catholique.fr\/sud-charente\/author\/benoitlecomte\/"}]}},"_links":{"self":[{"href":"https:\/\/charente.catholique.fr\/sud-charente\/wp-json\/wp\/v2\/posts\/4136","targetHints":{"allow":["GET"]}}],"collection":[{"href":"https:\/\/charente.catholique.fr\/sud-charente\/wp-json\/wp\/v2\/posts"}],"about":[{"href":"https:\/\/charente.catholique.fr\/sud-charente\/wp-json\/wp\/v2\/types\/post"}],"author":[{"embeddable":true,"href":"https:\/\/charente.catholique.fr\/sud-charente\/wp-json\/wp\/v2\/users\/4"}],"replies":[{"embeddable":true,"href":"https:\/\/charente.catholique.fr\/sud-charente\/wp-json\/wp\/v2\/comments?post=4136"}],"version-history":[{"count":1,"href":"https:\/\/charente.catholique.fr\/sud-charente\/wp-json\/wp\/v2\/posts\/4136\/revisions"}],"predecessor-version":[{"id":4138,"href":"https:\/\/charente.catholique.fr\/sud-charente\/wp-json\/wp\/v2\/posts\/4136\/revisions\/4138"}],"wp:featuredmedia":[{"embeddable":true,"href":"https:\/\/charente.catholique.fr\/sud-charente\/wp-json\/wp\/v2\/media\/4137"}],"wp:attachment":[{"href":"https:\/\/charente.catholique.fr\/sud-charente\/wp-json\/wp\/v2\/media?parent=4136"}],"wp:term":[{"taxonomy":"category","embeddable":true,"href":"https:\/\/charente.catholique.fr\/sud-charente\/wp-json\/wp\/v2\/categories?post=4136"},{"taxonomy":"post_tag","embeddable":true,"href":"https:\/\/charente.catholique.fr\/sud-charente\/wp-json\/wp\/v2\/tags?post=4136"}],"curies":[{"name":"wp","href":"https:\/\/api.w.org\/{rel}","templated":true}]}}