{"id":3657,"date":"2022-03-26T21:47:41","date_gmt":"2022-03-26T20:47:41","guid":{"rendered":"https:\/\/charente.catholique.fr\/sud-charente\/?p=3657"},"modified":"2022-03-26T21:48:37","modified_gmt":"2022-03-26T20:48:37","slug":"une-mi-careme-partagee-a-barbezieux","status":"publish","type":"post","link":"https:\/\/charente.catholique.fr\/sud-charente\/actualites\/une-mi-careme-partagee-a-barbezieux\/","title":{"rendered":"Une mi-car\u00eame partag\u00e9e \u00e0 Barbezieux"},"content":{"rendered":"\n<p>La mi-car\u00eame, le jeudi 24 mars, a \u00e9t\u00e9 l&#8217;occasion de partager quelques cr\u00eapes avec tous ceux qui sont pass\u00e9s, de 15h \u00e0 21h30. L&#8217;occasion aussi de partager sur la vie de la paroisse.<\/p>\n\n\n\n<h5 class=\"wp-block-heading\"><strong>L&#8217;album photo de la journ\u00e9e est ici (cliquez sur l&#8217;image)<\/strong><\/h5>\n\n\n\n<figure class=\"wp-block-embed is-type-rich is-provider-flickr wp-block-embed-flickr\"><div class=\"wp-block-embed__wrapper\">\n<a data-flickr-embed='true' href='https:\/\/www.flickr.com\/photos\/dioceseangouleme\/albums\/72177720297643658' title='Mi-car\u00eame \u00e0 Barbezieux, le 24 mars 2022 by Eglise Catholique en Charente, on Flickr'><img src='https:\/\/live.staticflickr.com\/65535\/51961684317_23d933a025_z.jpg' width='800' height='600' alt='IMG-8261'><\/a><script async src='https:\/\/embedr.flickr.com\/assets\/client-code.js' charset='utf-8'><\/script>\n<\/div><\/figure>\n\n\n\n<h5 class=\"wp-block-heading\"><strong>Ce qui a \u00e9t\u00e9 \u00e9crit sur les post-its :<\/strong><\/h5>\n\n\n\n<p><strong>Ce que j&#8217;aime dans la vie de la paroisse :<\/strong><\/p>\n\n\n\n<ul class=\"wp-block-list\"><li>Le mercredi des cendres, le fait de vivre une c\u00e9l\u00e9bration de la Parole sans eucharistie. Ca m&#8217;a fait r\u00e9fl\u00e9chir \u00e0 mon rapport \u00e0 la communion et \u00e0 notre capacit\u00e9 \u00e0 vivre des temps de pri\u00e8re autour de la Parole de Dieu<\/li><li>Une liturgie vivante faisant participer les paroissiens, leur permettant de s&#8217;engager<\/li><li>Les mails du dimanche soir. Permet de transf\u00e9rer les infos \u00e0 d&#8217;autres<\/li><li>Le dynamisme global de la paroisse avec toutes ses diff\u00e9rences<\/li><li>La simplicit\u00e9 de la c\u00e9l\u00e9bration sans l&#8217;eucharistie : simplicit\u00e9<\/li><li>Belle hom\u00e9lie dimanche dernier sur les abus dans l&#8217;Eglise<\/li><li>La richesse du nombre des musiciens animateurs pour la liturgie<\/li><li>La vitalit\u00e9 de la paroisse (beaucoup de monde, plein d&#8217;id\u00e9es, d&#8217;\u00e9nergie)<\/li><li>Le panneau d&#8217;entraide au fond de l&#8217;\u00e9glise<\/li><li>Bravo aux organistes !<\/li><li>On peut continuer le chalet ?<\/li><li>La page d&#8217;info du dimanche, c&#8217;est tr\u00e8s bien, surtout pour ceux qui entendent mal<\/li><li>Les infos sur internet, le journal Le Lien<\/li><\/ul>\n\n\n\n<p><strong>Ce que je n&#8217;aime pas dans la paroisse<\/strong><\/p>\n\n\n\n<ul class=\"wp-block-list\"><li>J&#8217;ai \u00e9t\u00e9 choqu\u00e9 que la messe des cendres ne soit pas c\u00e9l\u00e9br\u00e9e alors qu&#8217;il y avait un pr\u00eatre. Cela n&#8217;a pas de sens<\/li><li>Il y a des gens qui prient \u00e0 l&#8217;ext\u00e9rieur de l&#8217;\u00e9glise le mercredi soir, c&#8217;est g\u00eanant<\/li><li>La sono de l&#8217;\u00e9glise \u00e0 Barbezieux<\/li><li>La liturgie vieillissante tourn\u00e9e vers le pass\u00e9<\/li><li>A-t-on besoin d&#8217;un chanteur qui fait un one-man-show ?<\/li><li>Quelques remarques sur le chanteur \u00e0 la guitare ? <\/li><li>Le manque de lien entre les paroissiens, la raret\u00e9 des ap\u00e9ros, repas, temps conviviaux&#8230;<\/li><li>Pourquoi s&#8217;abonner au journal Le Lien quand il est distribu\u00e9 gratuitement ?<\/li><li>Pourquoi applaudi-t-on lors des bapt\u00eames ?<\/li><\/ul>\n\n\n\n<p><\/p>\n\n\n\n<p><strong>Nos id\u00e9es, r\u00e9flexions, remarques&#8230;<\/strong><\/p>\n\n\n\n<ul class=\"wp-block-list\"><li>J&#8217;aimerais bien plus de temps entre enfants (journ\u00e9e cat\u00e9). Merci !<\/li><li>La paroisse pourrait-elle acc\u00e9der aux notes prises, si un groupe a travaill\u00e9 dessus : sur le synode pour la synodalit\u00e9, sur &#8220;L&#8217;Esp\u00e9rance ne d\u00e9\u00e7oit pas&#8221;. Merci<\/li><li>Pendant l&#8217;Avent, pourquoi pas des messes de l&#8217;Aurore ? (Messe \u00e0 6h du matin \u00e0 la bougie). C&#8217;est magnifique !<\/li><li>Pri\u00e8re universelle \u00e0 pr\u00e9parer en \u00e9quipe<\/li><li>Serait-il possible que certains accueillent les fid\u00e8les le dimanche avant la messe en leur disant bonjour et en distribuant les feuilles de chants ? L&#8217;accueil est tr\u00e8s important.<\/li><li>Lieu d&#8217;accueil permettant de faire se rencontrer toutes les g\u00e9n\u00e9rations.<\/li><li>Int\u00e9grer les jeunes, leur donner une place dans les responsabilit\u00e9s, les temps conviviaux, les animations<\/li><li>Qu\u00eate num\u00e9rique (CB) !!<\/li><li>Proposer des horaires de confession pour les personnes qui travaillent (mercredi pendant l&#8217;adoration, le samedi matin, dimanche avant la messe&#8230;)<\/li><li>Pourquoi les personnes qui font les enterrements ne portent pas d&#8217;aube ? Pourquoi les personnes qui donnent la communion ne portent pas une \u00e9tole, un signe distinctif ? <\/li><li>Former \u00e0 la lecture<\/li><li>Est-ce qu&#8217;une contribution du doyenn\u00e9 a \u00e9t\u00e9 transmise en vue du synode sur la synodalit\u00e9, et si oui, pourrait-on avoir connaissance de ce qu&#8217;a produit le groupe de partage, ce qui nourrirait aussi notre vie locale ? <\/li><li>Avoir de temps en temps des concerts spirituels classiques ou des vid\u00e9os<\/li><li>Donner \u00e0 nos pr\u00eatres et religieux une place chaleureuse lors de nos d\u00eeners ou autres manifestations.<\/li><li>Le lieu du bar &#8211; salle conviviale pour la rencontre<\/li><li>Serait-ce possible d&#8217;\u00e9largie le groupe de celles et ceux qui donnent la communion ? Et d&#8217;envisager un temps de formation \u00e0 ce service ? <\/li><li>Une suggestion : faire une proposition &#8220;d&#8217;assemblages&#8221; : s&#8217;inviter pour faire connaissance, les uns se disant pr\u00eats \u00e0 inviter, d&#8217;autres pr\u00eats \u00e0 se laisser inviter<\/li><\/ul>\n","protected":false},"excerpt":{"rendered":"<p>La mi-car\u00eame, le jeudi 24 mars, a \u00e9t\u00e9 l&#8217;occasion de partager quelques cr\u00eapes avec tous ceux qui sont pass\u00e9s, de 15h \u00e0 21h30. L&#8217;occasion aussi de partager sur la vie de la paroisse. L&#8217;album photo de la journ\u00e9e est ici (cliquez sur l&#8217;image) Ce qui a \u00e9t\u00e9 \u00e9crit sur les post-its : Ce que j&#8217;aime [&hellip;]<\/p>\n","protected":false},"author":4,"featured_media":3658,"comment_status":"open","ping_status":"open","sticky":false,"template":"","format":"standard","meta":{"_acf_changed":false,"paroisse":["15"],"service":["0"],"footnotes":""},"categories":[1,4,14],"tags":[],"class_list":["post-3657","post","type-post","status-publish","format-standard","has-post-thumbnail","hentry","category-actualites","category-barbezieux","category-infos-paroissiales","validated"],"acf":[],"yoast_head":"<!-- This site is optimized with the Yoast SEO plugin v27.1.1 - https:\/\/yoast.com\/product\/yoast-seo-wordpress\/ -->\n<title>Une mi-car\u00eame partag\u00e9e \u00e0 Barbezieux - Doyenn\u00e9 Sud Charente<\/title>\n<meta name=\"robots\" content=\"index, follow, max-snippet:-1, max-image-preview:large, max-video-preview:-1\" \/>\n<link rel=\"canonical\" href=\"https:\/\/charente.catholique.fr\/sud-charente\/actualites\/une-mi-careme-partagee-a-barbezieux\/\" \/>\n<meta property=\"og:locale\" content=\"fr_FR\" \/>\n<meta property=\"og:type\" content=\"article\" \/>\n<meta property=\"og:title\" content=\"Une mi-car\u00eame partag\u00e9e \u00e0 Barbezieux - Doyenn\u00e9 Sud Charente\" \/>\n<meta property=\"og:description\" content=\"La mi-car\u00eame, le jeudi 24 mars, a \u00e9t\u00e9 l&#8217;occasion de partager quelques cr\u00eapes avec tous ceux qui sont pass\u00e9s, de 15h \u00e0 21h30. L&#8217;occasion aussi de partager sur la vie de la paroisse. L&#8217;album photo de la journ\u00e9e est ici (cliquez sur l&#8217;image) Ce qui a \u00e9t\u00e9 \u00e9crit sur les post-its : Ce que j&#8217;aime [&hellip;]\" \/>\n<meta property=\"og:url\" content=\"https:\/\/charente.catholique.fr\/sud-charente\/actualites\/une-mi-careme-partagee-a-barbezieux\/\" \/>\n<meta property=\"og:site_name\" content=\"Doyenn\u00e9 Sud Charente\" \/>\n<meta property=\"article:publisher\" content=\"https:\/\/www.facebook.com\/EgliseCatholiqueCharente\" \/>\n<meta property=\"article:published_time\" content=\"2022-03-26T20:47:41+00:00\" \/>\n<meta property=\"article:modified_time\" content=\"2022-03-26T20:48:37+00:00\" \/>\n<meta property=\"og:image\" content=\"https:\/\/charente.catholique.fr\/sud-charente\/wp-content\/uploads\/sites\/5\/2022\/03\/img-8260-scaled.jpg\" \/>\n\t<meta property=\"og:image:width\" content=\"2560\" \/>\n\t<meta property=\"og:image:height\" content=\"1920\" \/>\n\t<meta property=\"og:image:type\" content=\"image\/jpeg\" \/>\n<meta name=\"author\" content=\"Beno\u00eet\" \/>\n<meta name=\"twitter:card\" content=\"summary_large_image\" \/>\n<meta name=\"twitter:creator\" content=\"@diocesecharente\" \/>\n<meta name=\"twitter:site\" content=\"@diocesecharente\" \/>\n<meta name=\"twitter:label1\" content=\"\u00c9crit par\" \/>\n\t<meta name=\"twitter:data1\" content=\"Beno\u00eet\" \/>\n\t<meta name=\"twitter:label2\" content=\"Dur\u00e9e de lecture estim\u00e9e\" \/>\n\t<meta name=\"twitter:data2\" content=\"4 minutes\" \/>\n<script type=\"application\/ld+json\" class=\"yoast-schema-graph\">{\"@context\":\"https:\/\/schema.org\",\"@graph\":[{\"@type\":\"Article\",\"@id\":\"https:\/\/charente.catholique.fr\/sud-charente\/actualites\/une-mi-careme-partagee-a-barbezieux\/#article\",\"isPartOf\":{\"@id\":\"https:\/\/charente.catholique.fr\/sud-charente\/actualites\/une-mi-careme-partagee-a-barbezieux\/\"},\"author\":{\"name\":\"Beno\u00eet\",\"@id\":\"https:\/\/charente.catholique.fr\/sud-charente\/#\/schema\/person\/ddcc6ba32a4484b49a276652de901387\"},\"headline\":\"Une mi-car\u00eame partag\u00e9e \u00e0 Barbezieux\",\"datePublished\":\"2022-03-26T20:47:41+00:00\",\"dateModified\":\"2022-03-26T20:48:37+00:00\",\"mainEntityOfPage\":{\"@id\":\"https:\/\/charente.catholique.fr\/sud-charente\/actualites\/une-mi-careme-partagee-a-barbezieux\/\"},\"wordCount\":685,\"commentCount\":0,\"publisher\":{\"@id\":\"https:\/\/charente.catholique.fr\/sud-charente\/#organization\"},\"image\":{\"@id\":\"https:\/\/charente.catholique.fr\/sud-charente\/actualites\/une-mi-careme-partagee-a-barbezieux\/#primaryimage\"},\"thumbnailUrl\":\"https:\/\/charente.catholique.fr\/sud-charente\/wp-content\/uploads\/sites\/5\/2022\/03\/img-8260-scaled.jpg\",\"articleSection\":[\"Actualit\u00e9s\",\"Barbezieux\",\"Infos paroissiales\"],\"inLanguage\":\"fr-FR\",\"potentialAction\":[{\"@type\":\"CommentAction\",\"name\":\"Comment\",\"target\":[\"https:\/\/charente.catholique.fr\/sud-charente\/actualites\/une-mi-careme-partagee-a-barbezieux\/#respond\"]}]},{\"@type\":\"WebPage\",\"@id\":\"https:\/\/charente.catholique.fr\/sud-charente\/actualites\/une-mi-careme-partagee-a-barbezieux\/\",\"url\":\"https:\/\/charente.catholique.fr\/sud-charente\/actualites\/une-mi-careme-partagee-a-barbezieux\/\",\"name\":\"Une mi-car\u00eame partag\u00e9e \u00e0 Barbezieux - Doyenn\u00e9 Sud Charente\",\"isPartOf\":{\"@id\":\"https:\/\/charente.catholique.fr\/sud-charente\/#website\"},\"primaryImageOfPage\":{\"@id\":\"https:\/\/charente.catholique.fr\/sud-charente\/actualites\/une-mi-careme-partagee-a-barbezieux\/#primaryimage\"},\"image\":{\"@id\":\"https:\/\/charente.catholique.fr\/sud-charente\/actualites\/une-mi-careme-partagee-a-barbezieux\/#primaryimage\"},\"thumbnailUrl\":\"https:\/\/charente.catholique.fr\/sud-charente\/wp-content\/uploads\/sites\/5\/2022\/03\/img-8260-scaled.jpg\",\"datePublished\":\"2022-03-26T20:47:41+00:00\",\"dateModified\":\"2022-03-26T20:48:37+00:00\",\"breadcrumb\":{\"@id\":\"https:\/\/charente.catholique.fr\/sud-charente\/actualites\/une-mi-careme-partagee-a-barbezieux\/#breadcrumb\"},\"inLanguage\":\"fr-FR\",\"potentialAction\":[{\"@type\":\"ReadAction\",\"target\":[\"https:\/\/charente.catholique.fr\/sud-charente\/actualites\/une-mi-careme-partagee-a-barbezieux\/\"]}]},{\"@type\":\"ImageObject\",\"inLanguage\":\"fr-FR\",\"@id\":\"https:\/\/charente.catholique.fr\/sud-charente\/actualites\/une-mi-careme-partagee-a-barbezieux\/#primaryimage\",\"url\":\"https:\/\/charente.catholique.fr\/sud-charente\/wp-content\/uploads\/sites\/5\/2022\/03\/img-8260-scaled.jpg\",\"contentUrl\":\"https:\/\/charente.catholique.fr\/sud-charente\/wp-content\/uploads\/sites\/5\/2022\/03\/img-8260-scaled.jpg\",\"width\":2560,\"height\":1920},{\"@type\":\"BreadcrumbList\",\"@id\":\"https:\/\/charente.catholique.fr\/sud-charente\/actualites\/une-mi-careme-partagee-a-barbezieux\/#breadcrumb\",\"itemListElement\":[{\"@type\":\"ListItem\",\"position\":1,\"name\":\"Accueil\",\"item\":\"https:\/\/charente.catholique.fr\/sud-charente\/\"},{\"@type\":\"ListItem\",\"position\":2,\"name\":\"Une mi-car\u00eame partag\u00e9e \u00e0 Barbezieux\"}]},{\"@type\":\"WebSite\",\"@id\":\"https:\/\/charente.catholique.fr\/sud-charente\/#website\",\"url\":\"https:\/\/charente.catholique.fr\/sud-charente\/\",\"name\":\"Doyenn\u00e9 Sud Charente - Dioc\u00e8se d'Angoul\u00eame\",\"description\":\"Dioc\u00e8se d&#039;Angoul\u00eame\",\"publisher\":{\"@id\":\"https:\/\/charente.catholique.fr\/sud-charente\/#organization\"},\"potentialAction\":[{\"@type\":\"SearchAction\",\"target\":{\"@type\":\"EntryPoint\",\"urlTemplate\":\"https:\/\/charente.catholique.fr\/sud-charente\/?s={search_term_string}\"},\"query-input\":{\"@type\":\"PropertyValueSpecification\",\"valueRequired\":true,\"valueName\":\"search_term_string\"}}],\"inLanguage\":\"fr-FR\"},{\"@type\":\"Organization\",\"@id\":\"https:\/\/charente.catholique.fr\/sud-charente\/#organization\",\"name\":\"Association dioc\u00e9saine d'Angoul\u00eame\",\"url\":\"https:\/\/charente.catholique.fr\/sud-charente\/\",\"logo\":{\"@type\":\"ImageObject\",\"inLanguage\":\"fr-FR\",\"@id\":\"https:\/\/charente.catholique.fr\/sud-charente\/#\/schema\/logo\/image\/\",\"url\":\"https:\/\/charente.catholique.fr\/sud-charente\/wp-content\/uploads\/sites\/5\/2020\/10\/logos.png\",\"contentUrl\":\"https:\/\/charente.catholique.fr\/sud-charente\/wp-content\/uploads\/sites\/5\/2020\/10\/logos.png\",\"width\":600,\"height\":257,\"caption\":\"Association dioc\u00e9saine d'Angoul\u00eame\"},\"image\":{\"@id\":\"https:\/\/charente.catholique.fr\/sud-charente\/#\/schema\/logo\/image\/\"},\"sameAs\":[\"https:\/\/www.facebook.com\/EgliseCatholiqueCharente\",\"https:\/\/x.com\/diocesecharente\",\"https:\/\/www.instagram.com\/eglisecharente\",\"https:\/\/www.youtube.com\/channel\/UCByyFWApZbw3gDTiADoiAaQ\"]},{\"@type\":\"Person\",\"@id\":\"https:\/\/charente.catholique.fr\/sud-charente\/#\/schema\/person\/ddcc6ba32a4484b49a276652de901387\",\"name\":\"Beno\u00eet\",\"image\":{\"@type\":\"ImageObject\",\"inLanguage\":\"fr-FR\",\"@id\":\"https:\/\/charente.catholique.fr\/sud-charente\/#\/schema\/person\/image\/\",\"url\":\"https:\/\/secure.gravatar.com\/avatar\/367de281020c81cafc6a2f9b79fef00a1981a890412ad8b09b11385575886666?s=96&d=mm&r=g\",\"contentUrl\":\"https:\/\/secure.gravatar.com\/avatar\/367de281020c81cafc6a2f9b79fef00a1981a890412ad8b09b11385575886666?s=96&d=mm&r=g\",\"caption\":\"Beno\u00eet\"},\"url\":\"https:\/\/charente.catholique.fr\/sud-charente\/author\/benoitlecomte\/\"}]}<\/script>\n<!-- \/ Yoast SEO plugin. -->","yoast_head_json":{"title":"Une mi-car\u00eame partag\u00e9e \u00e0 Barbezieux - Doyenn\u00e9 Sud Charente","robots":{"index":"index","follow":"follow","max-snippet":"max-snippet:-1","max-image-preview":"max-image-preview:large","max-video-preview":"max-video-preview:-1"},"canonical":"https:\/\/charente.catholique.fr\/sud-charente\/actualites\/une-mi-careme-partagee-a-barbezieux\/","og_locale":"fr_FR","og_type":"article","og_title":"Une mi-car\u00eame partag\u00e9e \u00e0 Barbezieux - Doyenn\u00e9 Sud Charente","og_description":"La mi-car\u00eame, le jeudi 24 mars, a \u00e9t\u00e9 l&#8217;occasion de partager quelques cr\u00eapes avec tous ceux qui sont pass\u00e9s, de 15h \u00e0 21h30. L&#8217;occasion aussi de partager sur la vie de la paroisse. L&#8217;album photo de la journ\u00e9e est ici (cliquez sur l&#8217;image) Ce qui a \u00e9t\u00e9 \u00e9crit sur les post-its : Ce que j&#8217;aime [&hellip;]","og_url":"https:\/\/charente.catholique.fr\/sud-charente\/actualites\/une-mi-careme-partagee-a-barbezieux\/","og_site_name":"Doyenn\u00e9 Sud Charente","article_publisher":"https:\/\/www.facebook.com\/EgliseCatholiqueCharente","article_published_time":"2022-03-26T20:47:41+00:00","article_modified_time":"2022-03-26T20:48:37+00:00","og_image":[{"width":2560,"height":1920,"url":"https:\/\/charente.catholique.fr\/sud-charente\/wp-content\/uploads\/sites\/5\/2022\/03\/img-8260-scaled.jpg","type":"image\/jpeg"}],"author":"Beno\u00eet","twitter_card":"summary_large_image","twitter_creator":"@diocesecharente","twitter_site":"@diocesecharente","twitter_misc":{"\u00c9crit par":"Beno\u00eet","Dur\u00e9e de lecture estim\u00e9e":"4 minutes"},"schema":{"@context":"https:\/\/schema.org","@graph":[{"@type":"Article","@id":"https:\/\/charente.catholique.fr\/sud-charente\/actualites\/une-mi-careme-partagee-a-barbezieux\/#article","isPartOf":{"@id":"https:\/\/charente.catholique.fr\/sud-charente\/actualites\/une-mi-careme-partagee-a-barbezieux\/"},"author":{"name":"Beno\u00eet","@id":"https:\/\/charente.catholique.fr\/sud-charente\/#\/schema\/person\/ddcc6ba32a4484b49a276652de901387"},"headline":"Une mi-car\u00eame partag\u00e9e \u00e0 Barbezieux","datePublished":"2022-03-26T20:47:41+00:00","dateModified":"2022-03-26T20:48:37+00:00","mainEntityOfPage":{"@id":"https:\/\/charente.catholique.fr\/sud-charente\/actualites\/une-mi-careme-partagee-a-barbezieux\/"},"wordCount":685,"commentCount":0,"publisher":{"@id":"https:\/\/charente.catholique.fr\/sud-charente\/#organization"},"image":{"@id":"https:\/\/charente.catholique.fr\/sud-charente\/actualites\/une-mi-careme-partagee-a-barbezieux\/#primaryimage"},"thumbnailUrl":"https:\/\/charente.catholique.fr\/sud-charente\/wp-content\/uploads\/sites\/5\/2022\/03\/img-8260-scaled.jpg","articleSection":["Actualit\u00e9s","Barbezieux","Infos paroissiales"],"inLanguage":"fr-FR","potentialAction":[{"@type":"CommentAction","name":"Comment","target":["https:\/\/charente.catholique.fr\/sud-charente\/actualites\/une-mi-careme-partagee-a-barbezieux\/#respond"]}]},{"@type":"WebPage","@id":"https:\/\/charente.catholique.fr\/sud-charente\/actualites\/une-mi-careme-partagee-a-barbezieux\/","url":"https:\/\/charente.catholique.fr\/sud-charente\/actualites\/une-mi-careme-partagee-a-barbezieux\/","name":"Une mi-car\u00eame partag\u00e9e \u00e0 Barbezieux - Doyenn\u00e9 Sud Charente","isPartOf":{"@id":"https:\/\/charente.catholique.fr\/sud-charente\/#website"},"primaryImageOfPage":{"@id":"https:\/\/charente.catholique.fr\/sud-charente\/actualites\/une-mi-careme-partagee-a-barbezieux\/#primaryimage"},"image":{"@id":"https:\/\/charente.catholique.fr\/sud-charente\/actualites\/une-mi-careme-partagee-a-barbezieux\/#primaryimage"},"thumbnailUrl":"https:\/\/charente.catholique.fr\/sud-charente\/wp-content\/uploads\/sites\/5\/2022\/03\/img-8260-scaled.jpg","datePublished":"2022-03-26T20:47:41+00:00","dateModified":"2022-03-26T20:48:37+00:00","breadcrumb":{"@id":"https:\/\/charente.catholique.fr\/sud-charente\/actualites\/une-mi-careme-partagee-a-barbezieux\/#breadcrumb"},"inLanguage":"fr-FR","potentialAction":[{"@type":"ReadAction","target":["https:\/\/charente.catholique.fr\/sud-charente\/actualites\/une-mi-careme-partagee-a-barbezieux\/"]}]},{"@type":"ImageObject","inLanguage":"fr-FR","@id":"https:\/\/charente.catholique.fr\/sud-charente\/actualites\/une-mi-careme-partagee-a-barbezieux\/#primaryimage","url":"https:\/\/charente.catholique.fr\/sud-charente\/wp-content\/uploads\/sites\/5\/2022\/03\/img-8260-scaled.jpg","contentUrl":"https:\/\/charente.catholique.fr\/sud-charente\/wp-content\/uploads\/sites\/5\/2022\/03\/img-8260-scaled.jpg","width":2560,"height":1920},{"@type":"BreadcrumbList","@id":"https:\/\/charente.catholique.fr\/sud-charente\/actualites\/une-mi-careme-partagee-a-barbezieux\/#breadcrumb","itemListElement":[{"@type":"ListItem","position":1,"name":"Accueil","item":"https:\/\/charente.catholique.fr\/sud-charente\/"},{"@type":"ListItem","position":2,"name":"Une mi-car\u00eame partag\u00e9e \u00e0 Barbezieux"}]},{"@type":"WebSite","@id":"https:\/\/charente.catholique.fr\/sud-charente\/#website","url":"https:\/\/charente.catholique.fr\/sud-charente\/","name":"Doyenn\u00e9 Sud Charente - Dioc\u00e8se d'Angoul\u00eame","description":"Dioc\u00e8se d&#039;Angoul\u00eame","publisher":{"@id":"https:\/\/charente.catholique.fr\/sud-charente\/#organization"},"potentialAction":[{"@type":"SearchAction","target":{"@type":"EntryPoint","urlTemplate":"https:\/\/charente.catholique.fr\/sud-charente\/?s={search_term_string}"},"query-input":{"@type":"PropertyValueSpecification","valueRequired":true,"valueName":"search_term_string"}}],"inLanguage":"fr-FR"},{"@type":"Organization","@id":"https:\/\/charente.catholique.fr\/sud-charente\/#organization","name":"Association dioc\u00e9saine d'Angoul\u00eame","url":"https:\/\/charente.catholique.fr\/sud-charente\/","logo":{"@type":"ImageObject","inLanguage":"fr-FR","@id":"https:\/\/charente.catholique.fr\/sud-charente\/#\/schema\/logo\/image\/","url":"https:\/\/charente.catholique.fr\/sud-charente\/wp-content\/uploads\/sites\/5\/2020\/10\/logos.png","contentUrl":"https:\/\/charente.catholique.fr\/sud-charente\/wp-content\/uploads\/sites\/5\/2020\/10\/logos.png","width":600,"height":257,"caption":"Association dioc\u00e9saine d'Angoul\u00eame"},"image":{"@id":"https:\/\/charente.catholique.fr\/sud-charente\/#\/schema\/logo\/image\/"},"sameAs":["https:\/\/www.facebook.com\/EgliseCatholiqueCharente","https:\/\/x.com\/diocesecharente","https:\/\/www.instagram.com\/eglisecharente","https:\/\/www.youtube.com\/channel\/UCByyFWApZbw3gDTiADoiAaQ"]},{"@type":"Person","@id":"https:\/\/charente.catholique.fr\/sud-charente\/#\/schema\/person\/ddcc6ba32a4484b49a276652de901387","name":"Beno\u00eet","image":{"@type":"ImageObject","inLanguage":"fr-FR","@id":"https:\/\/charente.catholique.fr\/sud-charente\/#\/schema\/person\/image\/","url":"https:\/\/secure.gravatar.com\/avatar\/367de281020c81cafc6a2f9b79fef00a1981a890412ad8b09b11385575886666?s=96&d=mm&r=g","contentUrl":"https:\/\/secure.gravatar.com\/avatar\/367de281020c81cafc6a2f9b79fef00a1981a890412ad8b09b11385575886666?s=96&d=mm&r=g","caption":"Beno\u00eet"},"url":"https:\/\/charente.catholique.fr\/sud-charente\/author\/benoitlecomte\/"}]}},"_links":{"self":[{"href":"https:\/\/charente.catholique.fr\/sud-charente\/wp-json\/wp\/v2\/posts\/3657","targetHints":{"allow":["GET"]}}],"collection":[{"href":"https:\/\/charente.catholique.fr\/sud-charente\/wp-json\/wp\/v2\/posts"}],"about":[{"href":"https:\/\/charente.catholique.fr\/sud-charente\/wp-json\/wp\/v2\/types\/post"}],"author":[{"embeddable":true,"href":"https:\/\/charente.catholique.fr\/sud-charente\/wp-json\/wp\/v2\/users\/4"}],"replies":[{"embeddable":true,"href":"https:\/\/charente.catholique.fr\/sud-charente\/wp-json\/wp\/v2\/comments?post=3657"}],"version-history":[{"count":2,"href":"https:\/\/charente.catholique.fr\/sud-charente\/wp-json\/wp\/v2\/posts\/3657\/revisions"}],"predecessor-version":[{"id":3660,"href":"https:\/\/charente.catholique.fr\/sud-charente\/wp-json\/wp\/v2\/posts\/3657\/revisions\/3660"}],"wp:featuredmedia":[{"embeddable":true,"href":"https:\/\/charente.catholique.fr\/sud-charente\/wp-json\/wp\/v2\/media\/3658"}],"wp:attachment":[{"href":"https:\/\/charente.catholique.fr\/sud-charente\/wp-json\/wp\/v2\/media?parent=3657"}],"wp:term":[{"taxonomy":"category","embeddable":true,"href":"https:\/\/charente.catholique.fr\/sud-charente\/wp-json\/wp\/v2\/categories?post=3657"},{"taxonomy":"post_tag","embeddable":true,"href":"https:\/\/charente.catholique.fr\/sud-charente\/wp-json\/wp\/v2\/tags?post=3657"}],"curies":[{"name":"wp","href":"https:\/\/api.w.org\/{rel}","templated":true}]}}