{"id":344,"date":"2020-10-18T09:48:29","date_gmt":"2020-10-18T07:48:29","guid":{"rendered":"https:\/\/charente.catholique.fr\/sud-charente\/actualites\/\/"},"modified":"2020-10-18T09:48:29","modified_gmt":"2020-10-18T07:48:29","slug":"retour-sur-lassemblee-de-la-communaute-de-brossac-du-6-octobre-2020","status":"publish","type":"post","link":"https:\/\/charente.catholique.fr\/sud-charente\/actualites\/retour-sur-lassemblee-de-la-communaute-de-brossac-du-6-octobre-2020\/","title":{"rendered":"Retour sur l&#8217;Assembl\u00e9e de la communaut\u00e9 de Brossac du 6 octobre 2020"},"content":{"rendered":"\n<p><\/p>\n\n\n\n<p>Nous sommes heureux de nous retrouver nombreux et en bonne sant\u00e9 apr\u00e8s cette longue p\u00e9riode de confinement et de vacances et nous accueillons Mary qui nous arrive d\u2019Irlande.<\/p>\n\n\n\n<p>Retour sur la r\u00e9union EAP du secteur paroissial de Chalais le 30 septembre:<\/p>\n\n\n\n<p>En pr\u00e9sence des p\u00e8res&nbsp;: Benoit Lecomte, Joseph Dingbo\u00e9 et Jean No\u00ebl Zoungrana.<\/p>\n\n\n\n<p>Olivier de Guillebon, Michel Legrelle, Matine Foucher, Evelyne Durand et Agn\u00e8s Ballu<\/p>\n\n\n\n<p>&#8211; l\u2019 EAP dresse un \u00e9tat des lieux du secteur paroissial<\/p>\n\n\n\n<p>&#8211; organisation de la messe en doyenn\u00e9 du 1<sup>er<\/sup> novembre avec l\u2019\u00e9rection des 3 paroisses, et la nomination du p\u00e8re Lecomte comme doyen.<\/p>\n\n\n\n<p>Les 3 paroisses sont compos\u00e9es chacune de 3 communaut\u00e9s locales.<\/p>\n\n\n\n<p>Importance de l\u2019identit\u00e9 des communaut\u00e9s locales qui sont invit\u00e9es \u00e0 se r\u00e9unir en assembl\u00e9e. Les r\u00e9sultats de ces r\u00e9unions seront mis en commun pour \u00e9laborer un projet paroissial commun.<\/p>\n\n\n\n<p>Le 1<sup>er<\/sup> novembre seront aussi envoy\u00e9es les EAP. Pour Chalais nous devons revoir l\u2019\u00e9quipe.<\/p>\n\n\n\n<p>&#8211; calendrier des messes de la Toussaint et pour les d\u00e9funts.<\/p>\n\n\n\n<p>&#8211; le doyenn\u00e9 met en place une \u00e9quipe de pr\u00e9paration aux mariages qui pourra r\u00e9pondre aux demandes des 3 paroisses.<\/p>\n\n\n\n<p>Suivront ensuite l\u2019organisation des bapt\u00eames et des obs\u00e8ques.<\/p>\n\n\n\n<p>&#8211; importance de la communication (pour faire unit\u00e9 il faut bien communiquer).<\/p>\n\n\n\n<p>1<sup>\u00e8re<\/sup> feuille d\u2019infos paroissiales distribu\u00e9e \u00e0 la messe du 4. Cette feuille \u00e9voluera tous les 15 jours.<\/p>\n\n\n\n<p>La vie de notre paroisse&nbsp;:<\/p>\n\n\n\n<p>&#8211; Beaucoup de questions autour des obs\u00e8ques&nbsp;:<\/p>\n\n\n\n<p>Comment faire avec les familles qui nous demandent de les accompagner au cimeti\u00e8re sans venir \u00e0 l\u2019Eglise&nbsp;?<\/p>\n\n\n\n<p>Faut-il leur demander un casuel&nbsp;? il faudra rencontrer les Pompes Fun\u00e8bres.<\/p>\n\n\n\n<p>On attend du dioc\u00e8se une marche \u00e0 suivre et du doyenn\u00e9 un travail de mise en commun et de formation.<\/p>\n\n\n\n<p>&#8211; pour la messe pour les d\u00e9funts du 31 octobre nous inviterons toutes les familles que nous avons accompagn\u00e9es dans leur deuil y compris les familles qui n\u2019ont pas souhait\u00e9 c\u00e9l\u00e9brer \u00e0 l\u2019Eglise.<\/p>\n\n\n\n<p>&#8211; les horaires des messes du samedi&nbsp;: nous convenons qu\u2019il est pr\u00e9f\u00e9rable de garder toute l\u2019ann\u00e9e la m\u00eame heure&nbsp;: 18H&nbsp;.<\/p>\n\n\n\n<p>&#8211; les \u00e9quipes liturgiques&nbsp;: nous avons 5 \u00e9quipes de 2 ou 3 personnes. Nous d\u00e9cidons d\u2019incorporer la messe que nous animons \u00e0 Chalais tous les 2 mois dans le tour de r\u00f4le. Sachant que l\u2019\u00e9quipe qui se retrouvera avec Chalais pourra toujours faire appel \u00e0 Michel ou \u00e0 Agn\u00e8s pour l\u2019animation.<\/p>\n\n\n\n<p>&#8211; la chorale&nbsp;: les r\u00e9p\u00e9titions recommencent le 20 octobre \u00e0 14h30.<\/p>\n\n\n\n<p>&#8211; nous sommes en panne des visites pastorales pour cause de Covid. La prochaine devrait avoir lieu sur la commune de Guizengeard.<\/p>\n\n\n\n<p>Une nouveaut\u00e9&nbsp;:<\/p>\n\n\n\n<p>Michel Jaillet et Alain Pr\u00e9vost lancent \u2018\u2019<em>la fraternit\u00e9 musicale\u2019\u2019<\/em>. Pour accueillir, d\u00e9couvrir et partager autour de la musique. Chaque participant est invit\u00e9 \u00e0 venir accompagn\u00e9 d\u2019une personne ext\u00e9rieure \u00e0 la communaut\u00e9 paroissiale. (pas plus de 15 participants, covid oblige&nbsp;!).<\/p>\n","protected":false},"excerpt":{"rendered":"<p>Nous sommes heureux de nous retrouver nombreux et en bonne sant\u00e9 apr\u00e8s cette longue p\u00e9riode de confinement et de vacances et nous accueillons Mary qui nous arrive d\u2019Irlande. Retour sur la r\u00e9union EAP du secteur paroissial de Chalais le 30 septembre: En pr\u00e9sence des p\u00e8res&nbsp;: Benoit Lecomte, Joseph Dingbo\u00e9 et Jean No\u00ebl Zoungrana. Olivier de [&hellip;]<\/p>\n","protected":false},"author":4,"featured_media":252,"comment_status":"closed","ping_status":"open","sticky":false,"template":"","format":"standard","meta":{"_acf_changed":false,"paroisse":["16"],"service":["0"],"footnotes":""},"categories":[1],"tags":[],"class_list":["post-344","post","type-post","status-publish","format-standard","has-post-thumbnail","hentry","category-actualites","validated"],"acf":[],"yoast_head":"<!-- This site is optimized with the Yoast SEO plugin v27.1.1 - https:\/\/yoast.com\/product\/yoast-seo-wordpress\/ -->\n<title>Retour sur l&#039;Assembl\u00e9e de la communaut\u00e9 de Brossac du 6 octobre 2020 - Doyenn\u00e9 Sud Charente<\/title>\n<meta name=\"robots\" content=\"index, follow, max-snippet:-1, max-image-preview:large, max-video-preview:-1\" \/>\n<link rel=\"canonical\" href=\"https:\/\/charente.catholique.fr\/sud-charente\/actualites\/retour-sur-lassemblee-de-la-communaute-de-brossac-du-6-octobre-2020\/\" \/>\n<meta property=\"og:locale\" content=\"fr_FR\" \/>\n<meta property=\"og:type\" content=\"article\" \/>\n<meta property=\"og:title\" content=\"Retour sur l&#039;Assembl\u00e9e de la communaut\u00e9 de Brossac du 6 octobre 2020 - Doyenn\u00e9 Sud Charente\" \/>\n<meta property=\"og:description\" content=\"Nous sommes heureux de nous retrouver nombreux et en bonne sant\u00e9 apr\u00e8s cette longue p\u00e9riode de confinement et de vacances et nous accueillons Mary qui nous arrive d\u2019Irlande. Retour sur la r\u00e9union EAP du secteur paroissial de Chalais le 30 septembre: En pr\u00e9sence des p\u00e8res&nbsp;: Benoit Lecomte, Joseph Dingbo\u00e9 et Jean No\u00ebl Zoungrana. Olivier de [&hellip;]\" \/>\n<meta property=\"og:url\" content=\"https:\/\/charente.catholique.fr\/sud-charente\/actualites\/retour-sur-lassemblee-de-la-communaute-de-brossac-du-6-octobre-2020\/\" \/>\n<meta property=\"og:site_name\" content=\"Doyenn\u00e9 Sud Charente\" \/>\n<meta property=\"article:publisher\" content=\"https:\/\/www.facebook.com\/EgliseCatholiqueCharente\" \/>\n<meta property=\"article:published_time\" content=\"2020-10-18T07:48:29+00:00\" \/>\n<meta property=\"og:image\" content=\"https:\/\/charente.catholique.fr\/sud-charente\/wp-content\/uploads\/sites\/5\/2020\/10\/brossac.jpg\" \/>\n\t<meta property=\"og:image:width\" content=\"2048\" \/>\n\t<meta property=\"og:image:height\" content=\"1360\" \/>\n\t<meta property=\"og:image:type\" content=\"image\/jpeg\" \/>\n<meta name=\"author\" content=\"Beno\u00eet\" \/>\n<meta name=\"twitter:card\" content=\"summary_large_image\" \/>\n<meta name=\"twitter:creator\" content=\"@diocesecharente\" \/>\n<meta name=\"twitter:site\" content=\"@diocesecharente\" \/>\n<meta name=\"twitter:label1\" content=\"\u00c9crit par\" \/>\n\t<meta name=\"twitter:data1\" content=\"Beno\u00eet\" \/>\n\t<meta name=\"twitter:label2\" content=\"Dur\u00e9e de lecture estim\u00e9e\" \/>\n\t<meta name=\"twitter:data2\" content=\"3 minutes\" \/>\n<script type=\"application\/ld+json\" class=\"yoast-schema-graph\">{\"@context\":\"https:\/\/schema.org\",\"@graph\":[{\"@type\":\"Article\",\"@id\":\"https:\/\/charente.catholique.fr\/sud-charente\/actualites\/retour-sur-lassemblee-de-la-communaute-de-brossac-du-6-octobre-2020\/#article\",\"isPartOf\":{\"@id\":\"https:\/\/charente.catholique.fr\/sud-charente\/actualites\/retour-sur-lassemblee-de-la-communaute-de-brossac-du-6-octobre-2020\/\"},\"author\":{\"name\":\"Beno\u00eet\",\"@id\":\"https:\/\/charente.catholique.fr\/sud-charente\/#\/schema\/person\/ddcc6ba32a4484b49a276652de901387\"},\"headline\":\"Retour sur l&#8217;Assembl\u00e9e de la communaut\u00e9 de Brossac du 6 octobre 2020\",\"datePublished\":\"2020-10-18T07:48:29+00:00\",\"mainEntityOfPage\":{\"@id\":\"https:\/\/charente.catholique.fr\/sud-charente\/actualites\/retour-sur-lassemblee-de-la-communaute-de-brossac-du-6-octobre-2020\/\"},\"wordCount\":515,\"publisher\":{\"@id\":\"https:\/\/charente.catholique.fr\/sud-charente\/#organization\"},\"image\":{\"@id\":\"https:\/\/charente.catholique.fr\/sud-charente\/actualites\/retour-sur-lassemblee-de-la-communaute-de-brossac-du-6-octobre-2020\/#primaryimage\"},\"thumbnailUrl\":\"https:\/\/charente.catholique.fr\/sud-charente\/wp-content\/uploads\/sites\/5\/2020\/10\/brossac.jpg\",\"articleSection\":[\"Actualit\u00e9s\"],\"inLanguage\":\"fr-FR\"},{\"@type\":\"WebPage\",\"@id\":\"https:\/\/charente.catholique.fr\/sud-charente\/actualites\/retour-sur-lassemblee-de-la-communaute-de-brossac-du-6-octobre-2020\/\",\"url\":\"https:\/\/charente.catholique.fr\/sud-charente\/actualites\/retour-sur-lassemblee-de-la-communaute-de-brossac-du-6-octobre-2020\/\",\"name\":\"Retour sur l'Assembl\u00e9e de la communaut\u00e9 de Brossac du 6 octobre 2020 - Doyenn\u00e9 Sud Charente\",\"isPartOf\":{\"@id\":\"https:\/\/charente.catholique.fr\/sud-charente\/#website\"},\"primaryImageOfPage\":{\"@id\":\"https:\/\/charente.catholique.fr\/sud-charente\/actualites\/retour-sur-lassemblee-de-la-communaute-de-brossac-du-6-octobre-2020\/#primaryimage\"},\"image\":{\"@id\":\"https:\/\/charente.catholique.fr\/sud-charente\/actualites\/retour-sur-lassemblee-de-la-communaute-de-brossac-du-6-octobre-2020\/#primaryimage\"},\"thumbnailUrl\":\"https:\/\/charente.catholique.fr\/sud-charente\/wp-content\/uploads\/sites\/5\/2020\/10\/brossac.jpg\",\"datePublished\":\"2020-10-18T07:48:29+00:00\",\"breadcrumb\":{\"@id\":\"https:\/\/charente.catholique.fr\/sud-charente\/actualites\/retour-sur-lassemblee-de-la-communaute-de-brossac-du-6-octobre-2020\/#breadcrumb\"},\"inLanguage\":\"fr-FR\",\"potentialAction\":[{\"@type\":\"ReadAction\",\"target\":[\"https:\/\/charente.catholique.fr\/sud-charente\/actualites\/retour-sur-lassemblee-de-la-communaute-de-brossac-du-6-octobre-2020\/\"]}]},{\"@type\":\"ImageObject\",\"inLanguage\":\"fr-FR\",\"@id\":\"https:\/\/charente.catholique.fr\/sud-charente\/actualites\/retour-sur-lassemblee-de-la-communaute-de-brossac-du-6-octobre-2020\/#primaryimage\",\"url\":\"https:\/\/charente.catholique.fr\/sud-charente\/wp-content\/uploads\/sites\/5\/2020\/10\/brossac.jpg\",\"contentUrl\":\"https:\/\/charente.catholique.fr\/sud-charente\/wp-content\/uploads\/sites\/5\/2020\/10\/brossac.jpg\",\"width\":2048,\"height\":1360},{\"@type\":\"BreadcrumbList\",\"@id\":\"https:\/\/charente.catholique.fr\/sud-charente\/actualites\/retour-sur-lassemblee-de-la-communaute-de-brossac-du-6-octobre-2020\/#breadcrumb\",\"itemListElement\":[{\"@type\":\"ListItem\",\"position\":1,\"name\":\"Accueil\",\"item\":\"https:\/\/charente.catholique.fr\/sud-charente\/\"},{\"@type\":\"ListItem\",\"position\":2,\"name\":\"Retour sur l&#8217;Assembl\u00e9e de la communaut\u00e9 de Brossac du 6 octobre 2020\"}]},{\"@type\":\"WebSite\",\"@id\":\"https:\/\/charente.catholique.fr\/sud-charente\/#website\",\"url\":\"https:\/\/charente.catholique.fr\/sud-charente\/\",\"name\":\"Doyenn\u00e9 Sud Charente - Dioc\u00e8se d'Angoul\u00eame\",\"description\":\"Dioc\u00e8se d&#039;Angoul\u00eame\",\"publisher\":{\"@id\":\"https:\/\/charente.catholique.fr\/sud-charente\/#organization\"},\"potentialAction\":[{\"@type\":\"SearchAction\",\"target\":{\"@type\":\"EntryPoint\",\"urlTemplate\":\"https:\/\/charente.catholique.fr\/sud-charente\/?s={search_term_string}\"},\"query-input\":{\"@type\":\"PropertyValueSpecification\",\"valueRequired\":true,\"valueName\":\"search_term_string\"}}],\"inLanguage\":\"fr-FR\"},{\"@type\":\"Organization\",\"@id\":\"https:\/\/charente.catholique.fr\/sud-charente\/#organization\",\"name\":\"Association dioc\u00e9saine d'Angoul\u00eame\",\"url\":\"https:\/\/charente.catholique.fr\/sud-charente\/\",\"logo\":{\"@type\":\"ImageObject\",\"inLanguage\":\"fr-FR\",\"@id\":\"https:\/\/charente.catholique.fr\/sud-charente\/#\/schema\/logo\/image\/\",\"url\":\"https:\/\/charente.catholique.fr\/sud-charente\/wp-content\/uploads\/sites\/5\/2020\/10\/logos.png\",\"contentUrl\":\"https:\/\/charente.catholique.fr\/sud-charente\/wp-content\/uploads\/sites\/5\/2020\/10\/logos.png\",\"width\":600,\"height\":257,\"caption\":\"Association dioc\u00e9saine d'Angoul\u00eame\"},\"image\":{\"@id\":\"https:\/\/charente.catholique.fr\/sud-charente\/#\/schema\/logo\/image\/\"},\"sameAs\":[\"https:\/\/www.facebook.com\/EgliseCatholiqueCharente\",\"https:\/\/x.com\/diocesecharente\",\"https:\/\/www.instagram.com\/eglisecharente\",\"https:\/\/www.youtube.com\/channel\/UCByyFWApZbw3gDTiADoiAaQ\"]},{\"@type\":\"Person\",\"@id\":\"https:\/\/charente.catholique.fr\/sud-charente\/#\/schema\/person\/ddcc6ba32a4484b49a276652de901387\",\"name\":\"Beno\u00eet\",\"image\":{\"@type\":\"ImageObject\",\"inLanguage\":\"fr-FR\",\"@id\":\"https:\/\/charente.catholique.fr\/sud-charente\/#\/schema\/person\/image\/\",\"url\":\"https:\/\/secure.gravatar.com\/avatar\/367de281020c81cafc6a2f9b79fef00a1981a890412ad8b09b11385575886666?s=96&d=mm&r=g\",\"contentUrl\":\"https:\/\/secure.gravatar.com\/avatar\/367de281020c81cafc6a2f9b79fef00a1981a890412ad8b09b11385575886666?s=96&d=mm&r=g\",\"caption\":\"Beno\u00eet\"},\"url\":\"https:\/\/charente.catholique.fr\/sud-charente\/author\/benoitlecomte\/\"}]}<\/script>\n<!-- \/ Yoast SEO plugin. -->","yoast_head_json":{"title":"Retour sur l'Assembl\u00e9e de la communaut\u00e9 de Brossac du 6 octobre 2020 - Doyenn\u00e9 Sud Charente","robots":{"index":"index","follow":"follow","max-snippet":"max-snippet:-1","max-image-preview":"max-image-preview:large","max-video-preview":"max-video-preview:-1"},"canonical":"https:\/\/charente.catholique.fr\/sud-charente\/actualites\/retour-sur-lassemblee-de-la-communaute-de-brossac-du-6-octobre-2020\/","og_locale":"fr_FR","og_type":"article","og_title":"Retour sur l'Assembl\u00e9e de la communaut\u00e9 de Brossac du 6 octobre 2020 - Doyenn\u00e9 Sud Charente","og_description":"Nous sommes heureux de nous retrouver nombreux et en bonne sant\u00e9 apr\u00e8s cette longue p\u00e9riode de confinement et de vacances et nous accueillons Mary qui nous arrive d\u2019Irlande. Retour sur la r\u00e9union EAP du secteur paroissial de Chalais le 30 septembre: En pr\u00e9sence des p\u00e8res&nbsp;: Benoit Lecomte, Joseph Dingbo\u00e9 et Jean No\u00ebl Zoungrana. Olivier de [&hellip;]","og_url":"https:\/\/charente.catholique.fr\/sud-charente\/actualites\/retour-sur-lassemblee-de-la-communaute-de-brossac-du-6-octobre-2020\/","og_site_name":"Doyenn\u00e9 Sud Charente","article_publisher":"https:\/\/www.facebook.com\/EgliseCatholiqueCharente","article_published_time":"2020-10-18T07:48:29+00:00","og_image":[{"width":2048,"height":1360,"url":"https:\/\/charente.catholique.fr\/sud-charente\/wp-content\/uploads\/sites\/5\/2020\/10\/brossac.jpg","type":"image\/jpeg"}],"author":"Beno\u00eet","twitter_card":"summary_large_image","twitter_creator":"@diocesecharente","twitter_site":"@diocesecharente","twitter_misc":{"\u00c9crit par":"Beno\u00eet","Dur\u00e9e de lecture estim\u00e9e":"3 minutes"},"schema":{"@context":"https:\/\/schema.org","@graph":[{"@type":"Article","@id":"https:\/\/charente.catholique.fr\/sud-charente\/actualites\/retour-sur-lassemblee-de-la-communaute-de-brossac-du-6-octobre-2020\/#article","isPartOf":{"@id":"https:\/\/charente.catholique.fr\/sud-charente\/actualites\/retour-sur-lassemblee-de-la-communaute-de-brossac-du-6-octobre-2020\/"},"author":{"name":"Beno\u00eet","@id":"https:\/\/charente.catholique.fr\/sud-charente\/#\/schema\/person\/ddcc6ba32a4484b49a276652de901387"},"headline":"Retour sur l&#8217;Assembl\u00e9e de la communaut\u00e9 de Brossac du 6 octobre 2020","datePublished":"2020-10-18T07:48:29+00:00","mainEntityOfPage":{"@id":"https:\/\/charente.catholique.fr\/sud-charente\/actualites\/retour-sur-lassemblee-de-la-communaute-de-brossac-du-6-octobre-2020\/"},"wordCount":515,"publisher":{"@id":"https:\/\/charente.catholique.fr\/sud-charente\/#organization"},"image":{"@id":"https:\/\/charente.catholique.fr\/sud-charente\/actualites\/retour-sur-lassemblee-de-la-communaute-de-brossac-du-6-octobre-2020\/#primaryimage"},"thumbnailUrl":"https:\/\/charente.catholique.fr\/sud-charente\/wp-content\/uploads\/sites\/5\/2020\/10\/brossac.jpg","articleSection":["Actualit\u00e9s"],"inLanguage":"fr-FR"},{"@type":"WebPage","@id":"https:\/\/charente.catholique.fr\/sud-charente\/actualites\/retour-sur-lassemblee-de-la-communaute-de-brossac-du-6-octobre-2020\/","url":"https:\/\/charente.catholique.fr\/sud-charente\/actualites\/retour-sur-lassemblee-de-la-communaute-de-brossac-du-6-octobre-2020\/","name":"Retour sur l'Assembl\u00e9e de la communaut\u00e9 de Brossac du 6 octobre 2020 - Doyenn\u00e9 Sud Charente","isPartOf":{"@id":"https:\/\/charente.catholique.fr\/sud-charente\/#website"},"primaryImageOfPage":{"@id":"https:\/\/charente.catholique.fr\/sud-charente\/actualites\/retour-sur-lassemblee-de-la-communaute-de-brossac-du-6-octobre-2020\/#primaryimage"},"image":{"@id":"https:\/\/charente.catholique.fr\/sud-charente\/actualites\/retour-sur-lassemblee-de-la-communaute-de-brossac-du-6-octobre-2020\/#primaryimage"},"thumbnailUrl":"https:\/\/charente.catholique.fr\/sud-charente\/wp-content\/uploads\/sites\/5\/2020\/10\/brossac.jpg","datePublished":"2020-10-18T07:48:29+00:00","breadcrumb":{"@id":"https:\/\/charente.catholique.fr\/sud-charente\/actualites\/retour-sur-lassemblee-de-la-communaute-de-brossac-du-6-octobre-2020\/#breadcrumb"},"inLanguage":"fr-FR","potentialAction":[{"@type":"ReadAction","target":["https:\/\/charente.catholique.fr\/sud-charente\/actualites\/retour-sur-lassemblee-de-la-communaute-de-brossac-du-6-octobre-2020\/"]}]},{"@type":"ImageObject","inLanguage":"fr-FR","@id":"https:\/\/charente.catholique.fr\/sud-charente\/actualites\/retour-sur-lassemblee-de-la-communaute-de-brossac-du-6-octobre-2020\/#primaryimage","url":"https:\/\/charente.catholique.fr\/sud-charente\/wp-content\/uploads\/sites\/5\/2020\/10\/brossac.jpg","contentUrl":"https:\/\/charente.catholique.fr\/sud-charente\/wp-content\/uploads\/sites\/5\/2020\/10\/brossac.jpg","width":2048,"height":1360},{"@type":"BreadcrumbList","@id":"https:\/\/charente.catholique.fr\/sud-charente\/actualites\/retour-sur-lassemblee-de-la-communaute-de-brossac-du-6-octobre-2020\/#breadcrumb","itemListElement":[{"@type":"ListItem","position":1,"name":"Accueil","item":"https:\/\/charente.catholique.fr\/sud-charente\/"},{"@type":"ListItem","position":2,"name":"Retour sur l&#8217;Assembl\u00e9e de la communaut\u00e9 de Brossac du 6 octobre 2020"}]},{"@type":"WebSite","@id":"https:\/\/charente.catholique.fr\/sud-charente\/#website","url":"https:\/\/charente.catholique.fr\/sud-charente\/","name":"Doyenn\u00e9 Sud Charente - Dioc\u00e8se d'Angoul\u00eame","description":"Dioc\u00e8se d&#039;Angoul\u00eame","publisher":{"@id":"https:\/\/charente.catholique.fr\/sud-charente\/#organization"},"potentialAction":[{"@type":"SearchAction","target":{"@type":"EntryPoint","urlTemplate":"https:\/\/charente.catholique.fr\/sud-charente\/?s={search_term_string}"},"query-input":{"@type":"PropertyValueSpecification","valueRequired":true,"valueName":"search_term_string"}}],"inLanguage":"fr-FR"},{"@type":"Organization","@id":"https:\/\/charente.catholique.fr\/sud-charente\/#organization","name":"Association dioc\u00e9saine d'Angoul\u00eame","url":"https:\/\/charente.catholique.fr\/sud-charente\/","logo":{"@type":"ImageObject","inLanguage":"fr-FR","@id":"https:\/\/charente.catholique.fr\/sud-charente\/#\/schema\/logo\/image\/","url":"https:\/\/charente.catholique.fr\/sud-charente\/wp-content\/uploads\/sites\/5\/2020\/10\/logos.png","contentUrl":"https:\/\/charente.catholique.fr\/sud-charente\/wp-content\/uploads\/sites\/5\/2020\/10\/logos.png","width":600,"height":257,"caption":"Association dioc\u00e9saine d'Angoul\u00eame"},"image":{"@id":"https:\/\/charente.catholique.fr\/sud-charente\/#\/schema\/logo\/image\/"},"sameAs":["https:\/\/www.facebook.com\/EgliseCatholiqueCharente","https:\/\/x.com\/diocesecharente","https:\/\/www.instagram.com\/eglisecharente","https:\/\/www.youtube.com\/channel\/UCByyFWApZbw3gDTiADoiAaQ"]},{"@type":"Person","@id":"https:\/\/charente.catholique.fr\/sud-charente\/#\/schema\/person\/ddcc6ba32a4484b49a276652de901387","name":"Beno\u00eet","image":{"@type":"ImageObject","inLanguage":"fr-FR","@id":"https:\/\/charente.catholique.fr\/sud-charente\/#\/schema\/person\/image\/","url":"https:\/\/secure.gravatar.com\/avatar\/367de281020c81cafc6a2f9b79fef00a1981a890412ad8b09b11385575886666?s=96&d=mm&r=g","contentUrl":"https:\/\/secure.gravatar.com\/avatar\/367de281020c81cafc6a2f9b79fef00a1981a890412ad8b09b11385575886666?s=96&d=mm&r=g","caption":"Beno\u00eet"},"url":"https:\/\/charente.catholique.fr\/sud-charente\/author\/benoitlecomte\/"}]}},"_links":{"self":[{"href":"https:\/\/charente.catholique.fr\/sud-charente\/wp-json\/wp\/v2\/posts\/344","targetHints":{"allow":["GET"]}}],"collection":[{"href":"https:\/\/charente.catholique.fr\/sud-charente\/wp-json\/wp\/v2\/posts"}],"about":[{"href":"https:\/\/charente.catholique.fr\/sud-charente\/wp-json\/wp\/v2\/types\/post"}],"author":[{"embeddable":true,"href":"https:\/\/charente.catholique.fr\/sud-charente\/wp-json\/wp\/v2\/users\/4"}],"replies":[{"embeddable":true,"href":"https:\/\/charente.catholique.fr\/sud-charente\/wp-json\/wp\/v2\/comments?post=344"}],"version-history":[{"count":1,"href":"https:\/\/charente.catholique.fr\/sud-charente\/wp-json\/wp\/v2\/posts\/344\/revisions"}],"predecessor-version":[{"id":345,"href":"https:\/\/charente.catholique.fr\/sud-charente\/wp-json\/wp\/v2\/posts\/344\/revisions\/345"}],"wp:featuredmedia":[{"embeddable":true,"href":"https:\/\/charente.catholique.fr\/sud-charente\/wp-json\/wp\/v2\/media\/252"}],"wp:attachment":[{"href":"https:\/\/charente.catholique.fr\/sud-charente\/wp-json\/wp\/v2\/media?parent=344"}],"wp:term":[{"taxonomy":"category","embeddable":true,"href":"https:\/\/charente.catholique.fr\/sud-charente\/wp-json\/wp\/v2\/categories?post=344"},{"taxonomy":"post_tag","embeddable":true,"href":"https:\/\/charente.catholique.fr\/sud-charente\/wp-json\/wp\/v2\/tags?post=344"}],"curies":[{"name":"wp","href":"https:\/\/api.w.org\/{rel}","templated":true}]}}