{"id":3317,"date":"2022-01-08T15:43:00","date_gmt":"2022-01-08T14:43:00","guid":{"rendered":"https:\/\/charente.catholique.fr\/sud-charente\/?p=3317"},"modified":"2022-01-16T21:03:35","modified_gmt":"2022-01-16T20:03:35","slug":"homelie-du-9-janvier-2022-par-le-p-benoit-lecomte","status":"publish","type":"post","link":"https:\/\/charente.catholique.fr\/sud-charente\/actualites\/homelie-du-9-janvier-2022-par-le-p-benoit-lecomte\/","title":{"rendered":"Hom\u00e9lie du 9 janvier 2022, par le P. Beno\u00eet Lecomte"},"content":{"rendered":"\n<p>Une plong\u00e9e.<\/p>\n\n\n\n<p>Tout commence par une plong\u00e9e.<\/p>\n\n\n\n<p>D\u00e9j\u00e0, 30 ans plus t\u00f4t, Dieu \u00e9tait \u00ab&nbsp;descendu du ciel&nbsp;\u00bb pour naitre en ce b\u00e9b\u00e9 d\u00e9pos\u00e9 dans la mangeoire. \u00ab&nbsp;K\u00e9nose&nbsp;\u00bb, disent les th\u00e9ologiens. \u00ab&nbsp;An\u00e9antissement&nbsp;\u00bb, dira Saint Paul. Descente radicale. Perte de soi-m\u00eame, par amour. Tout avait commenc\u00e9 par une plong\u00e9e dans la vie terrestre.<\/p>\n\n\n\n<p>Les pieds dans l\u2019eau, J\u00e9sus plonge encore. Encore plus bas. Toujours plus bas. Dans l\u2019en-bas de l\u2019en-bas. Pas dans une mangeoire, mais au point d\u2019altitude le plus bas de la plan\u00e8te&nbsp;: plus de 400m sous le niveau de la mer. Plus tard, il ira encore plus bas, \u00ab&nbsp;aux enfers&nbsp;\u00bb, comme le dit notre credo. Tout \u00e0 l\u2019heure, dans l\u2019Eucharistie, il descendra en toi, en nous, en nos profondeurs, comme la Parole, \u00e0 l\u2019instant, est venue descendre en nous. Comme une plong\u00e9e incessante. Les hommes passent leur temps \u00e0 parler \u00e0 Dieu le nez en l\u2019air en regardant le ciel, lui ne fait que descendre. Dieu veut aller sans cesse toujours plus bas, en notre monde, en notre vie, en toi.<\/p>\n\n\n\n<p>Dieu ne nous rencontre pas en surface, dans les apparences les m\u2019as-tu-vu, les biens\u00e9ances. Il ne se rencontre pas dans ce qui fait bien aux yeux du monde.<\/p>\n\n\n\n<p>Il descend.<\/p>\n\n\n\n<p>Pour rencontrer l\u2019Homme. Tout Homme. Au plus profond de ses attentes, de ses d\u00e9sirs, de ses \u00e9lans et de ses \u00e9checs, dans l\u2019en-bas du silence, o\u00f9 il n\u2019y a plus de mot, o\u00f9 les mots ne disent plus rien. Il vient rencontrer l\u2019Homme au point de convergence de toute l\u2019humanit\u00e9, de toutes nos vies, au point le plus partag\u00e9, le plus intime, le plus universel, au lieu de communion le plus fort. Le plus cosmique aussi, l\u2019homme se trouvant aux confins du monde visible et du monde invisible, condens\u00e9 de l\u2019univers.<\/p>\n\n\n\n<p>C\u2019est l\u00e0, en ce point de rencontre le plus bas, que se vit et se r\u00e9alise la solidarit\u00e9 la plus grande. Ce n\u2019est pas forc\u00e9ment dans les d\u00e9clarations tonitruantes, les \u00e9clats majestueux, les coups de force les plus impressionnants que la communion se fait la plus grande. Mais dans le silence d\u2019une main d\u2019un malade tenue en v\u00e9rit\u00e9, dans l\u2019\u00e9coute compatissante qui ne demande rien en retour, dans le myst\u00e9rieux d\u00e9centrement de soi pour rejoindre l\u2019autre dans sa pauvret\u00e9. N\u2019est-ce pas quand on est \u00ab&nbsp;au fond du trou&nbsp;\u00bb, comme on dit, que se nouent les plus grandes solidarit\u00e9s&nbsp;?<\/p>\n\n\n\n<p>J\u00e9sus descend l\u00e0 au jour de son bapt\u00eame. En ce point le plus bas, le plus myst\u00e9rieux et peut-\u00eatre le plus obscure de notre humanit\u00e9, pour s\u2019en rendre solidaire, totalement.<\/p>\n\n\n\n<p>De cette solidarit\u00e9, Dieu fait un peuple. Un peuple \u00ab&nbsp;<em>en attente<\/em>&nbsp;\u00bb. Car Dieu n\u2019oublie pas sa mission&nbsp;: descendre, pour sauver l\u2019Homme de ce qui le retient loin de la vie. Non pas sauver les hommes individuellement les uns apr\u00e8s les autres, mais les sauver solidairement \u2013 comme on ne peut vivre sans aucune solidarit\u00e9 humaine. En Peuple. \u00ab<em>&nbsp;Il s\u2019est donn\u00e9 pour nous afin de nous racheter de toutes nos fautes, et de nous purifier pour faire de nous son peuple<\/em>&nbsp;\u00bb, disait la Lettre \u00e0 Tite. Nous ne sommes pas des individus atomis\u00e9s, chacun dans sa ligne d\u2019eau, sans lien les uns avec les autres. Dieu fait de nous un Peuple, comme tous membres d\u2019un seul corps.<\/p>\n\n\n\n<p>Un corps en plong\u00e9e.<\/p>\n\n\n\n<p>En plong\u00e9e dans le monde pour \u00ab&nbsp;<em>faire le bien<\/em>&nbsp;\u00bb et \u00ab&nbsp;<em>porter la Bonne Nouvelle<\/em>&nbsp;\u00bb aux nations comme jadis \u00e0 Sion. Car \u00ab&nbsp;<em>la gr\u00e2ce de Dieu s\u2019est manifest\u00e9e pour tous les hommes<\/em>.&nbsp;\u00bb \u00ab&nbsp;<em>Faire le bien&nbsp;<\/em>\u00bb et \u00ab&nbsp;<em>porter la Bonne Nouvelle<\/em>&nbsp;\u00bb exigent, l\u2019un comme l\u2019autre, de plonger. De perdre de sa superbe. De vivre&nbsp;la \u00ab&nbsp;k\u00e9nose&nbsp;\u00bb, l\u2019oubli de soi. D\u2019accepter de descendre jusqu\u2019en ce point o\u00f9 nous pouvons \u00ab&nbsp;<em>rena\u00eetre et \u00eatre renouvel\u00e9s par l\u2019Esprit<\/em>&nbsp;\u00bb, comme nous le fait vivre notre propre bapt\u00eame. Jusqu\u2019\u00e0 ce que nous devenions des vivants de la vie \u00e9ternelle. De la vie divine. Pas de la vie \u00e9triqu\u00e9e, asthmatique, centr\u00e9e sur elle-m\u00eame, mais de la vie d\u00e9ploy\u00e9e, au Souffle de l\u2019Esprit qui donne des ailes pour aimer en actes et en v\u00e9rit\u00e9.<\/p>\n\n\n\n<p>\u00ab&nbsp;<em>Toi, tu es mon Fils bien-aim\u00e9&nbsp;; en toi, je trouve ma joie.<\/em>&nbsp;\u00bb La Parole de Dieu descend sur J\u00e9sus, le d\u00e9signant comme Christ. Et nous sommes, aujourd\u2019hui, le Corps du Christ vivant pour notre monde. Cette Parole s\u2019adresse aujourd\u2019hui \u00e0 nous comme elle s\u2019est adress\u00e9e \u00e0 J\u00e9sus en son temps.&nbsp;Nous sommes, en Eglise, le Corps du Fils bien aim\u00e9 en qui le P\u00e8re trouve sa joie, envoy\u00e9 dans le monde pour manifester cet amour, pour le rendre pr\u00e9sent, palpable, sensible. Pour r\u00e9v\u00e9ler l\u2019amour de Dieu pour chacun, \u00e0 la suite de J\u00e9sus-Christ venu plonger en notre vie humaine.<\/p>\n\n\n\n<p>Le ciel s\u2019est ouvert. Nous devenons \u00ab&nbsp;<em>h\u00e9ritiers de la vie \u00e9ternelle<\/em>&nbsp;\u00bb, dit Saint Paul. Un monde nouveau est d\u00e9j\u00e0 l\u00e0, qu\u2019il nous reste \u00e0 accueillir et \u00e0 faire \u00e9merger pour toute l\u2019humanit\u00e9 et toute la cr\u00e9ation. Encouragement divin, ce matin, \u00e0 vivre joyeusement notre mission de disciples de J\u00e9sus, d\u2019amis de tout homme et de toute femme, de fraternit\u00e9 universelle.<\/p>\n\n\n\n<p>Amen.<\/p>\n\n\n\n<p>P. Beno\u00eet Lecomte<\/p>\n","protected":false},"excerpt":{"rendered":"<p>Une plong\u00e9e. Tout commence par une plong\u00e9e. D\u00e9j\u00e0, 30 ans plus t\u00f4t, Dieu \u00e9tait \u00ab&nbsp;descendu du ciel&nbsp;\u00bb pour naitre en ce b\u00e9b\u00e9 d\u00e9pos\u00e9 dans la mangeoire. \u00ab&nbsp;K\u00e9nose&nbsp;\u00bb, disent les th\u00e9ologiens. \u00ab&nbsp;An\u00e9antissement&nbsp;\u00bb, dira Saint Paul. Descente radicale. Perte de soi-m\u00eame, par amour. Tout avait commenc\u00e9 par une plong\u00e9e dans la vie terrestre. Les pieds dans l\u2019eau, [&hellip;]<\/p>\n","protected":false},"author":4,"featured_media":3319,"comment_status":"open","ping_status":"open","sticky":false,"template":"","format":"standard","meta":{"_acf_changed":false,"paroisse":["15"],"service":["0"],"footnotes":""},"categories":[1,4,3],"tags":[],"class_list":["post-3317","post","type-post","status-publish","format-standard","has-post-thumbnail","hentry","category-actualites","category-barbezieux","category-homelies","validated"],"acf":[],"yoast_head":"<!-- This site is optimized with the Yoast SEO plugin v27.1.1 - https:\/\/yoast.com\/product\/yoast-seo-wordpress\/ -->\n<title>Hom\u00e9lie du 9 janvier 2022, par le P. Beno\u00eet Lecomte - Doyenn\u00e9 Sud Charente<\/title>\n<meta name=\"robots\" content=\"index, follow, max-snippet:-1, max-image-preview:large, max-video-preview:-1\" \/>\n<link rel=\"canonical\" href=\"https:\/\/charente.catholique.fr\/sud-charente\/actualites\/homelie-du-9-janvier-2022-par-le-p-benoit-lecomte\/\" \/>\n<meta property=\"og:locale\" content=\"fr_FR\" \/>\n<meta property=\"og:type\" content=\"article\" \/>\n<meta property=\"og:title\" content=\"Hom\u00e9lie du 9 janvier 2022, par le P. Beno\u00eet Lecomte - Doyenn\u00e9 Sud Charente\" \/>\n<meta property=\"og:description\" content=\"Une plong\u00e9e. Tout commence par une plong\u00e9e. D\u00e9j\u00e0, 30 ans plus t\u00f4t, Dieu \u00e9tait \u00ab&nbsp;descendu du ciel&nbsp;\u00bb pour naitre en ce b\u00e9b\u00e9 d\u00e9pos\u00e9 dans la mangeoire. \u00ab&nbsp;K\u00e9nose&nbsp;\u00bb, disent les th\u00e9ologiens. \u00ab&nbsp;An\u00e9antissement&nbsp;\u00bb, dira Saint Paul. Descente radicale. Perte de soi-m\u00eame, par amour. Tout avait commenc\u00e9 par une plong\u00e9e dans la vie terrestre. Les pieds dans l\u2019eau, [&hellip;]\" \/>\n<meta property=\"og:url\" content=\"https:\/\/charente.catholique.fr\/sud-charente\/actualites\/homelie-du-9-janvier-2022-par-le-p-benoit-lecomte\/\" \/>\n<meta property=\"og:site_name\" content=\"Doyenn\u00e9 Sud Charente\" \/>\n<meta property=\"article:publisher\" content=\"https:\/\/www.facebook.com\/EgliseCatholiqueCharente\" \/>\n<meta property=\"article:published_time\" content=\"2022-01-08T14:43:00+00:00\" \/>\n<meta property=\"article:modified_time\" content=\"2022-01-16T20:03:35+00:00\" \/>\n<meta property=\"og:image\" content=\"https:\/\/charente.catholique.fr\/sud-charente\/wp-content\/uploads\/sites\/5\/2022\/01\/that-g984e3e114_1920-2.jpg\" \/>\n\t<meta property=\"og:image:width\" content=\"1542\" \/>\n\t<meta property=\"og:image:height\" content=\"673\" \/>\n\t<meta property=\"og:image:type\" content=\"image\/jpeg\" \/>\n<meta name=\"author\" content=\"Beno\u00eet\" \/>\n<meta name=\"twitter:card\" content=\"summary_large_image\" \/>\n<meta name=\"twitter:creator\" content=\"@diocesecharente\" \/>\n<meta name=\"twitter:site\" content=\"@diocesecharente\" \/>\n<meta name=\"twitter:label1\" content=\"\u00c9crit par\" \/>\n\t<meta name=\"twitter:data1\" content=\"Beno\u00eet\" \/>\n\t<meta name=\"twitter:label2\" content=\"Dur\u00e9e de lecture estim\u00e9e\" \/>\n\t<meta name=\"twitter:data2\" content=\"5 minutes\" \/>\n<script type=\"application\/ld+json\" class=\"yoast-schema-graph\">{\"@context\":\"https:\/\/schema.org\",\"@graph\":[{\"@type\":\"Article\",\"@id\":\"https:\/\/charente.catholique.fr\/sud-charente\/actualites\/homelie-du-9-janvier-2022-par-le-p-benoit-lecomte\/#article\",\"isPartOf\":{\"@id\":\"https:\/\/charente.catholique.fr\/sud-charente\/actualites\/homelie-du-9-janvier-2022-par-le-p-benoit-lecomte\/\"},\"author\":{\"name\":\"Beno\u00eet\",\"@id\":\"https:\/\/charente.catholique.fr\/sud-charente\/#\/schema\/person\/ddcc6ba32a4484b49a276652de901387\"},\"headline\":\"Hom\u00e9lie du 9 janvier 2022, par le P. Beno\u00eet Lecomte\",\"datePublished\":\"2022-01-08T14:43:00+00:00\",\"dateModified\":\"2022-01-16T20:03:35+00:00\",\"mainEntityOfPage\":{\"@id\":\"https:\/\/charente.catholique.fr\/sud-charente\/actualites\/homelie-du-9-janvier-2022-par-le-p-benoit-lecomte\/\"},\"wordCount\":964,\"commentCount\":0,\"publisher\":{\"@id\":\"https:\/\/charente.catholique.fr\/sud-charente\/#organization\"},\"image\":{\"@id\":\"https:\/\/charente.catholique.fr\/sud-charente\/actualites\/homelie-du-9-janvier-2022-par-le-p-benoit-lecomte\/#primaryimage\"},\"thumbnailUrl\":\"https:\/\/charente.catholique.fr\/sud-charente\/wp-content\/uploads\/sites\/5\/2022\/01\/that-g984e3e114_1920-2.jpg\",\"articleSection\":[\"Actualit\u00e9s\",\"Barbezieux\",\"Hom\u00e9lies\"],\"inLanguage\":\"fr-FR\",\"potentialAction\":[{\"@type\":\"CommentAction\",\"name\":\"Comment\",\"target\":[\"https:\/\/charente.catholique.fr\/sud-charente\/actualites\/homelie-du-9-janvier-2022-par-le-p-benoit-lecomte\/#respond\"]}]},{\"@type\":\"WebPage\",\"@id\":\"https:\/\/charente.catholique.fr\/sud-charente\/actualites\/homelie-du-9-janvier-2022-par-le-p-benoit-lecomte\/\",\"url\":\"https:\/\/charente.catholique.fr\/sud-charente\/actualites\/homelie-du-9-janvier-2022-par-le-p-benoit-lecomte\/\",\"name\":\"Hom\u00e9lie du 9 janvier 2022, par le P. Beno\u00eet Lecomte - Doyenn\u00e9 Sud Charente\",\"isPartOf\":{\"@id\":\"https:\/\/charente.catholique.fr\/sud-charente\/#website\"},\"primaryImageOfPage\":{\"@id\":\"https:\/\/charente.catholique.fr\/sud-charente\/actualites\/homelie-du-9-janvier-2022-par-le-p-benoit-lecomte\/#primaryimage\"},\"image\":{\"@id\":\"https:\/\/charente.catholique.fr\/sud-charente\/actualites\/homelie-du-9-janvier-2022-par-le-p-benoit-lecomte\/#primaryimage\"},\"thumbnailUrl\":\"https:\/\/charente.catholique.fr\/sud-charente\/wp-content\/uploads\/sites\/5\/2022\/01\/that-g984e3e114_1920-2.jpg\",\"datePublished\":\"2022-01-08T14:43:00+00:00\",\"dateModified\":\"2022-01-16T20:03:35+00:00\",\"breadcrumb\":{\"@id\":\"https:\/\/charente.catholique.fr\/sud-charente\/actualites\/homelie-du-9-janvier-2022-par-le-p-benoit-lecomte\/#breadcrumb\"},\"inLanguage\":\"fr-FR\",\"potentialAction\":[{\"@type\":\"ReadAction\",\"target\":[\"https:\/\/charente.catholique.fr\/sud-charente\/actualites\/homelie-du-9-janvier-2022-par-le-p-benoit-lecomte\/\"]}]},{\"@type\":\"ImageObject\",\"inLanguage\":\"fr-FR\",\"@id\":\"https:\/\/charente.catholique.fr\/sud-charente\/actualites\/homelie-du-9-janvier-2022-par-le-p-benoit-lecomte\/#primaryimage\",\"url\":\"https:\/\/charente.catholique.fr\/sud-charente\/wp-content\/uploads\/sites\/5\/2022\/01\/that-g984e3e114_1920-2.jpg\",\"contentUrl\":\"https:\/\/charente.catholique.fr\/sud-charente\/wp-content\/uploads\/sites\/5\/2022\/01\/that-g984e3e114_1920-2.jpg\",\"width\":1542,\"height\":673},{\"@type\":\"BreadcrumbList\",\"@id\":\"https:\/\/charente.catholique.fr\/sud-charente\/actualites\/homelie-du-9-janvier-2022-par-le-p-benoit-lecomte\/#breadcrumb\",\"itemListElement\":[{\"@type\":\"ListItem\",\"position\":1,\"name\":\"Accueil\",\"item\":\"https:\/\/charente.catholique.fr\/sud-charente\/\"},{\"@type\":\"ListItem\",\"position\":2,\"name\":\"Hom\u00e9lie du 9 janvier 2022, par le P. Beno\u00eet Lecomte\"}]},{\"@type\":\"WebSite\",\"@id\":\"https:\/\/charente.catholique.fr\/sud-charente\/#website\",\"url\":\"https:\/\/charente.catholique.fr\/sud-charente\/\",\"name\":\"Doyenn\u00e9 Sud Charente - Dioc\u00e8se d'Angoul\u00eame\",\"description\":\"Dioc\u00e8se d&#039;Angoul\u00eame\",\"publisher\":{\"@id\":\"https:\/\/charente.catholique.fr\/sud-charente\/#organization\"},\"potentialAction\":[{\"@type\":\"SearchAction\",\"target\":{\"@type\":\"EntryPoint\",\"urlTemplate\":\"https:\/\/charente.catholique.fr\/sud-charente\/?s={search_term_string}\"},\"query-input\":{\"@type\":\"PropertyValueSpecification\",\"valueRequired\":true,\"valueName\":\"search_term_string\"}}],\"inLanguage\":\"fr-FR\"},{\"@type\":\"Organization\",\"@id\":\"https:\/\/charente.catholique.fr\/sud-charente\/#organization\",\"name\":\"Association dioc\u00e9saine d'Angoul\u00eame\",\"url\":\"https:\/\/charente.catholique.fr\/sud-charente\/\",\"logo\":{\"@type\":\"ImageObject\",\"inLanguage\":\"fr-FR\",\"@id\":\"https:\/\/charente.catholique.fr\/sud-charente\/#\/schema\/logo\/image\/\",\"url\":\"https:\/\/charente.catholique.fr\/sud-charente\/wp-content\/uploads\/sites\/5\/2020\/10\/logos.png\",\"contentUrl\":\"https:\/\/charente.catholique.fr\/sud-charente\/wp-content\/uploads\/sites\/5\/2020\/10\/logos.png\",\"width\":600,\"height\":257,\"caption\":\"Association dioc\u00e9saine d'Angoul\u00eame\"},\"image\":{\"@id\":\"https:\/\/charente.catholique.fr\/sud-charente\/#\/schema\/logo\/image\/\"},\"sameAs\":[\"https:\/\/www.facebook.com\/EgliseCatholiqueCharente\",\"https:\/\/x.com\/diocesecharente\",\"https:\/\/www.instagram.com\/eglisecharente\",\"https:\/\/www.youtube.com\/channel\/UCByyFWApZbw3gDTiADoiAaQ\"]},{\"@type\":\"Person\",\"@id\":\"https:\/\/charente.catholique.fr\/sud-charente\/#\/schema\/person\/ddcc6ba32a4484b49a276652de901387\",\"name\":\"Beno\u00eet\",\"image\":{\"@type\":\"ImageObject\",\"inLanguage\":\"fr-FR\",\"@id\":\"https:\/\/charente.catholique.fr\/sud-charente\/#\/schema\/person\/image\/\",\"url\":\"https:\/\/secure.gravatar.com\/avatar\/367de281020c81cafc6a2f9b79fef00a1981a890412ad8b09b11385575886666?s=96&d=mm&r=g\",\"contentUrl\":\"https:\/\/secure.gravatar.com\/avatar\/367de281020c81cafc6a2f9b79fef00a1981a890412ad8b09b11385575886666?s=96&d=mm&r=g\",\"caption\":\"Beno\u00eet\"},\"url\":\"https:\/\/charente.catholique.fr\/sud-charente\/author\/benoitlecomte\/\"}]}<\/script>\n<!-- \/ Yoast SEO plugin. -->","yoast_head_json":{"title":"Hom\u00e9lie du 9 janvier 2022, par le P. Beno\u00eet Lecomte - Doyenn\u00e9 Sud Charente","robots":{"index":"index","follow":"follow","max-snippet":"max-snippet:-1","max-image-preview":"max-image-preview:large","max-video-preview":"max-video-preview:-1"},"canonical":"https:\/\/charente.catholique.fr\/sud-charente\/actualites\/homelie-du-9-janvier-2022-par-le-p-benoit-lecomte\/","og_locale":"fr_FR","og_type":"article","og_title":"Hom\u00e9lie du 9 janvier 2022, par le P. Beno\u00eet Lecomte - Doyenn\u00e9 Sud Charente","og_description":"Une plong\u00e9e. Tout commence par une plong\u00e9e. D\u00e9j\u00e0, 30 ans plus t\u00f4t, Dieu \u00e9tait \u00ab&nbsp;descendu du ciel&nbsp;\u00bb pour naitre en ce b\u00e9b\u00e9 d\u00e9pos\u00e9 dans la mangeoire. \u00ab&nbsp;K\u00e9nose&nbsp;\u00bb, disent les th\u00e9ologiens. \u00ab&nbsp;An\u00e9antissement&nbsp;\u00bb, dira Saint Paul. Descente radicale. Perte de soi-m\u00eame, par amour. Tout avait commenc\u00e9 par une plong\u00e9e dans la vie terrestre. Les pieds dans l\u2019eau, [&hellip;]","og_url":"https:\/\/charente.catholique.fr\/sud-charente\/actualites\/homelie-du-9-janvier-2022-par-le-p-benoit-lecomte\/","og_site_name":"Doyenn\u00e9 Sud Charente","article_publisher":"https:\/\/www.facebook.com\/EgliseCatholiqueCharente","article_published_time":"2022-01-08T14:43:00+00:00","article_modified_time":"2022-01-16T20:03:35+00:00","og_image":[{"width":1542,"height":673,"url":"https:\/\/charente.catholique.fr\/sud-charente\/wp-content\/uploads\/sites\/5\/2022\/01\/that-g984e3e114_1920-2.jpg","type":"image\/jpeg"}],"author":"Beno\u00eet","twitter_card":"summary_large_image","twitter_creator":"@diocesecharente","twitter_site":"@diocesecharente","twitter_misc":{"\u00c9crit par":"Beno\u00eet","Dur\u00e9e de lecture estim\u00e9e":"5 minutes"},"schema":{"@context":"https:\/\/schema.org","@graph":[{"@type":"Article","@id":"https:\/\/charente.catholique.fr\/sud-charente\/actualites\/homelie-du-9-janvier-2022-par-le-p-benoit-lecomte\/#article","isPartOf":{"@id":"https:\/\/charente.catholique.fr\/sud-charente\/actualites\/homelie-du-9-janvier-2022-par-le-p-benoit-lecomte\/"},"author":{"name":"Beno\u00eet","@id":"https:\/\/charente.catholique.fr\/sud-charente\/#\/schema\/person\/ddcc6ba32a4484b49a276652de901387"},"headline":"Hom\u00e9lie du 9 janvier 2022, par le P. Beno\u00eet Lecomte","datePublished":"2022-01-08T14:43:00+00:00","dateModified":"2022-01-16T20:03:35+00:00","mainEntityOfPage":{"@id":"https:\/\/charente.catholique.fr\/sud-charente\/actualites\/homelie-du-9-janvier-2022-par-le-p-benoit-lecomte\/"},"wordCount":964,"commentCount":0,"publisher":{"@id":"https:\/\/charente.catholique.fr\/sud-charente\/#organization"},"image":{"@id":"https:\/\/charente.catholique.fr\/sud-charente\/actualites\/homelie-du-9-janvier-2022-par-le-p-benoit-lecomte\/#primaryimage"},"thumbnailUrl":"https:\/\/charente.catholique.fr\/sud-charente\/wp-content\/uploads\/sites\/5\/2022\/01\/that-g984e3e114_1920-2.jpg","articleSection":["Actualit\u00e9s","Barbezieux","Hom\u00e9lies"],"inLanguage":"fr-FR","potentialAction":[{"@type":"CommentAction","name":"Comment","target":["https:\/\/charente.catholique.fr\/sud-charente\/actualites\/homelie-du-9-janvier-2022-par-le-p-benoit-lecomte\/#respond"]}]},{"@type":"WebPage","@id":"https:\/\/charente.catholique.fr\/sud-charente\/actualites\/homelie-du-9-janvier-2022-par-le-p-benoit-lecomte\/","url":"https:\/\/charente.catholique.fr\/sud-charente\/actualites\/homelie-du-9-janvier-2022-par-le-p-benoit-lecomte\/","name":"Hom\u00e9lie du 9 janvier 2022, par le P. Beno\u00eet Lecomte - Doyenn\u00e9 Sud Charente","isPartOf":{"@id":"https:\/\/charente.catholique.fr\/sud-charente\/#website"},"primaryImageOfPage":{"@id":"https:\/\/charente.catholique.fr\/sud-charente\/actualites\/homelie-du-9-janvier-2022-par-le-p-benoit-lecomte\/#primaryimage"},"image":{"@id":"https:\/\/charente.catholique.fr\/sud-charente\/actualites\/homelie-du-9-janvier-2022-par-le-p-benoit-lecomte\/#primaryimage"},"thumbnailUrl":"https:\/\/charente.catholique.fr\/sud-charente\/wp-content\/uploads\/sites\/5\/2022\/01\/that-g984e3e114_1920-2.jpg","datePublished":"2022-01-08T14:43:00+00:00","dateModified":"2022-01-16T20:03:35+00:00","breadcrumb":{"@id":"https:\/\/charente.catholique.fr\/sud-charente\/actualites\/homelie-du-9-janvier-2022-par-le-p-benoit-lecomte\/#breadcrumb"},"inLanguage":"fr-FR","potentialAction":[{"@type":"ReadAction","target":["https:\/\/charente.catholique.fr\/sud-charente\/actualites\/homelie-du-9-janvier-2022-par-le-p-benoit-lecomte\/"]}]},{"@type":"ImageObject","inLanguage":"fr-FR","@id":"https:\/\/charente.catholique.fr\/sud-charente\/actualites\/homelie-du-9-janvier-2022-par-le-p-benoit-lecomte\/#primaryimage","url":"https:\/\/charente.catholique.fr\/sud-charente\/wp-content\/uploads\/sites\/5\/2022\/01\/that-g984e3e114_1920-2.jpg","contentUrl":"https:\/\/charente.catholique.fr\/sud-charente\/wp-content\/uploads\/sites\/5\/2022\/01\/that-g984e3e114_1920-2.jpg","width":1542,"height":673},{"@type":"BreadcrumbList","@id":"https:\/\/charente.catholique.fr\/sud-charente\/actualites\/homelie-du-9-janvier-2022-par-le-p-benoit-lecomte\/#breadcrumb","itemListElement":[{"@type":"ListItem","position":1,"name":"Accueil","item":"https:\/\/charente.catholique.fr\/sud-charente\/"},{"@type":"ListItem","position":2,"name":"Hom\u00e9lie du 9 janvier 2022, par le P. Beno\u00eet Lecomte"}]},{"@type":"WebSite","@id":"https:\/\/charente.catholique.fr\/sud-charente\/#website","url":"https:\/\/charente.catholique.fr\/sud-charente\/","name":"Doyenn\u00e9 Sud Charente - Dioc\u00e8se d'Angoul\u00eame","description":"Dioc\u00e8se d&#039;Angoul\u00eame","publisher":{"@id":"https:\/\/charente.catholique.fr\/sud-charente\/#organization"},"potentialAction":[{"@type":"SearchAction","target":{"@type":"EntryPoint","urlTemplate":"https:\/\/charente.catholique.fr\/sud-charente\/?s={search_term_string}"},"query-input":{"@type":"PropertyValueSpecification","valueRequired":true,"valueName":"search_term_string"}}],"inLanguage":"fr-FR"},{"@type":"Organization","@id":"https:\/\/charente.catholique.fr\/sud-charente\/#organization","name":"Association dioc\u00e9saine d'Angoul\u00eame","url":"https:\/\/charente.catholique.fr\/sud-charente\/","logo":{"@type":"ImageObject","inLanguage":"fr-FR","@id":"https:\/\/charente.catholique.fr\/sud-charente\/#\/schema\/logo\/image\/","url":"https:\/\/charente.catholique.fr\/sud-charente\/wp-content\/uploads\/sites\/5\/2020\/10\/logos.png","contentUrl":"https:\/\/charente.catholique.fr\/sud-charente\/wp-content\/uploads\/sites\/5\/2020\/10\/logos.png","width":600,"height":257,"caption":"Association dioc\u00e9saine d'Angoul\u00eame"},"image":{"@id":"https:\/\/charente.catholique.fr\/sud-charente\/#\/schema\/logo\/image\/"},"sameAs":["https:\/\/www.facebook.com\/EgliseCatholiqueCharente","https:\/\/x.com\/diocesecharente","https:\/\/www.instagram.com\/eglisecharente","https:\/\/www.youtube.com\/channel\/UCByyFWApZbw3gDTiADoiAaQ"]},{"@type":"Person","@id":"https:\/\/charente.catholique.fr\/sud-charente\/#\/schema\/person\/ddcc6ba32a4484b49a276652de901387","name":"Beno\u00eet","image":{"@type":"ImageObject","inLanguage":"fr-FR","@id":"https:\/\/charente.catholique.fr\/sud-charente\/#\/schema\/person\/image\/","url":"https:\/\/secure.gravatar.com\/avatar\/367de281020c81cafc6a2f9b79fef00a1981a890412ad8b09b11385575886666?s=96&d=mm&r=g","contentUrl":"https:\/\/secure.gravatar.com\/avatar\/367de281020c81cafc6a2f9b79fef00a1981a890412ad8b09b11385575886666?s=96&d=mm&r=g","caption":"Beno\u00eet"},"url":"https:\/\/charente.catholique.fr\/sud-charente\/author\/benoitlecomte\/"}]}},"_links":{"self":[{"href":"https:\/\/charente.catholique.fr\/sud-charente\/wp-json\/wp\/v2\/posts\/3317","targetHints":{"allow":["GET"]}}],"collection":[{"href":"https:\/\/charente.catholique.fr\/sud-charente\/wp-json\/wp\/v2\/posts"}],"about":[{"href":"https:\/\/charente.catholique.fr\/sud-charente\/wp-json\/wp\/v2\/types\/post"}],"author":[{"embeddable":true,"href":"https:\/\/charente.catholique.fr\/sud-charente\/wp-json\/wp\/v2\/users\/4"}],"replies":[{"embeddable":true,"href":"https:\/\/charente.catholique.fr\/sud-charente\/wp-json\/wp\/v2\/comments?post=3317"}],"version-history":[{"count":6,"href":"https:\/\/charente.catholique.fr\/sud-charente\/wp-json\/wp\/v2\/posts\/3317\/revisions"}],"predecessor-version":[{"id":3354,"href":"https:\/\/charente.catholique.fr\/sud-charente\/wp-json\/wp\/v2\/posts\/3317\/revisions\/3354"}],"wp:featuredmedia":[{"embeddable":true,"href":"https:\/\/charente.catholique.fr\/sud-charente\/wp-json\/wp\/v2\/media\/3319"}],"wp:attachment":[{"href":"https:\/\/charente.catholique.fr\/sud-charente\/wp-json\/wp\/v2\/media?parent=3317"}],"wp:term":[{"taxonomy":"category","embeddable":true,"href":"https:\/\/charente.catholique.fr\/sud-charente\/wp-json\/wp\/v2\/categories?post=3317"},{"taxonomy":"post_tag","embeddable":true,"href":"https:\/\/charente.catholique.fr\/sud-charente\/wp-json\/wp\/v2\/tags?post=3317"}],"curies":[{"name":"wp","href":"https:\/\/api.w.org\/{rel}","templated":true}]}}