{"id":3188,"date":"2021-12-13T22:22:59","date_gmt":"2021-12-13T21:22:59","guid":{"rendered":"https:\/\/charente.catholique.fr\/sud-charente\/?p=3188"},"modified":"2021-12-13T22:22:59","modified_gmt":"2021-12-13T21:22:59","slug":"echos-de-leap-du-9-decembre-2021","status":"publish","type":"post","link":"https:\/\/charente.catholique.fr\/sud-charente\/actualites\/echos-de-leap-du-9-decembre-2021\/","title":{"rendered":"Echos de l&#8217;EAP du 9 d\u00e9cembre 2021"},"content":{"rendered":"\n<p>L&#8217;Equipe d&#8217;Animation Pastorale de Barbezieux &#8211; Baignes &#8211; Barret s&#8217;est r\u00e9unie le jeudi 9 d\u00e9cembre 2021. <\/p>\n\n\n\n<p>Apr\u00e8s la pri\u00e8re l&#8217;\u00e9change a commenc\u00e9 en prenant des nouvelles des uns et des autres et en nous r\u00e9jouissant de tant de nouveaux visages rencontr\u00e9s sur la paroisse ces derniers temps. <\/p>\n\n\n\n<p>Un point sur <strong>les projets de l&#8217;Aven<\/strong>t a permis de souligner que l&#8217;exp\u00e9rience de l&#8217;ouverture du caf\u00e9 le mardi matin \u00e9tait f\u00e9conde. Une dizaine de personnes sont venues, quelques-unes pour la premi\u00e8re fois. Les rencontres \u00e9taient chaleureuses. Des personnes nouvelles s&#8217;investissent sur ce projet. <\/p>\n\n\n\n<p>Par ailleurs, les cr\u00e8ches sont apparues dans plusieurs \u00e9glises de la paroisses ! A Barret, Lam\u00e9rac, Saint Bonnet et bien d&#8217;autres lieux&#8230; Sans compter la belle \u00e9toile lumineuse ext\u00e9rieure \u00e0 Baignes !<\/p>\n\n\n\n<p><strong>Une &#8220;commission immobilier&#8221;<\/strong> pourra \u00eatre cr\u00e9\u00e9e pour g\u00e9rer les biens immobiliers de la paroisse, tant dans leur utilisation actuelle qu&#8217;avec une vision \u00e0 moyen et long terme, en lien avec les paroissiens et l&#8217;EAP. Plusieurs personnes se sont propos\u00e9es spontan\u00e9ment pour composer cette commission qui devra se r\u00e9unir tr\u00e8s prochainement. Si cela vous int\u00e9resse, n&#8217;h\u00e9sitez pas \u00e0 en faire part au secr\u00e9tariat ou \u00e0 un membre de l&#8217;EAP.<\/p>\n\n\n\n<p>Des <strong>Lettres de Missions<\/strong> sont en pr\u00e9paration pour les personnes engag\u00e9es dans les services paroissiaux. Il s&#8217;agit de se donner les moyens ensemble de pouvoir relire les missions et les services exerc\u00e9s, d&#8217;avoir des documents permettant d&#8217;appeler plus facilement de nouvelles personnes \u00e0 s&#8217;engager, de proposer des dur\u00e9es de mandats. Ces lettres de missions devront \u00eatre travaill\u00e9es et finalis\u00e9es avec les personnes concern\u00e9es. L&#8217;engagement dans un service paroissial pourra faire l&#8217;objet d&#8217;un &#8220;envoi en mission&#8221;.<\/p>\n\n\n\n<p>Sur le m\u00eame th\u00e8me des services de la paroisse, on pourra imaginer un &#8220;forum des services&#8221; au printemps, permettant de pr\u00e9senter \u00e0 chacun tout ce qui se vie dans la paroisse.<\/p>\n\n\n\n<p>L&#8217;hospitalit\u00e9 charentaise proposera un<strong> apr\u00e8s-midi convivial pour toutes les personnes \u00e2g\u00e9es et \/ ou  malades<\/strong> un dimanche du mois de janvier. La date sera arr\u00eat\u00e9e prochainement et communiqu\u00e9e pour que chacun puisse participer \u00e0 cette initiative en permettant aux plus anciens de venir profiter de cet apr\u00e8s-midi.<\/p>\n\n\n\n<p>Une <strong>formation \u00e0 l&#8217;\u00e9coute<\/strong> pour les personnes accompagnant les familles en deuil, les personnes malades, ou souhaitant former une \u00e9quipe de &#8220;service d&#8217;\u00e9coute&#8221; sur la paroisse aura lieu les samedis 30 avril et 21 mai, de 9h \u00e0 16h30 \u00e0 Barbezieux.<\/p>\n\n\n\n<p><\/p>\n\n\n\n<p><\/p>\n","protected":false},"excerpt":{"rendered":"<p>L&#8217;Equipe d&#8217;Animation Pastorale de Barbezieux &#8211; Baignes &#8211; Barret s&#8217;est r\u00e9unie le jeudi 9 d\u00e9cembre 2021. Apr\u00e8s la pri\u00e8re l&#8217;\u00e9change a commenc\u00e9 en prenant des nouvelles des uns et des autres et en nous r\u00e9jouissant de tant de nouveaux visages rencontr\u00e9s sur la paroisse ces derniers temps. Un point sur les projets de l&#8217;Avent a [&hellip;]<\/p>\n","protected":false},"author":4,"featured_media":273,"comment_status":"open","ping_status":"open","sticky":false,"template":"","format":"standard","meta":{"_acf_changed":false,"paroisse":["15"],"service":["0"],"footnotes":""},"categories":[1,4,9],"tags":[],"class_list":["post-3188","post","type-post","status-publish","format-standard","has-post-thumbnail","hentry","category-actualites","category-barbezieux","category-equipe-danimation-pastorale","validated"],"acf":[],"yoast_head":"<!-- This site is optimized with the Yoast SEO plugin v27.1.1 - https:\/\/yoast.com\/product\/yoast-seo-wordpress\/ -->\n<title>Echos de l&#039;EAP du 9 d\u00e9cembre 2021 - Doyenn\u00e9 Sud Charente<\/title>\n<meta name=\"robots\" content=\"index, follow, max-snippet:-1, max-image-preview:large, max-video-preview:-1\" \/>\n<link rel=\"canonical\" href=\"https:\/\/charente.catholique.fr\/sud-charente\/actualites\/echos-de-leap-du-9-decembre-2021\/\" \/>\n<meta property=\"og:locale\" content=\"fr_FR\" \/>\n<meta property=\"og:type\" content=\"article\" \/>\n<meta property=\"og:title\" content=\"Echos de l&#039;EAP du 9 d\u00e9cembre 2021 - Doyenn\u00e9 Sud Charente\" \/>\n<meta property=\"og:description\" content=\"L&#8217;Equipe d&#8217;Animation Pastorale de Barbezieux &#8211; Baignes &#8211; Barret s&#8217;est r\u00e9unie le jeudi 9 d\u00e9cembre 2021. Apr\u00e8s la pri\u00e8re l&#8217;\u00e9change a commenc\u00e9 en prenant des nouvelles des uns et des autres et en nous r\u00e9jouissant de tant de nouveaux visages rencontr\u00e9s sur la paroisse ces derniers temps. Un point sur les projets de l&#8217;Avent a [&hellip;]\" \/>\n<meta property=\"og:url\" content=\"https:\/\/charente.catholique.fr\/sud-charente\/actualites\/echos-de-leap-du-9-decembre-2021\/\" \/>\n<meta property=\"og:site_name\" content=\"Doyenn\u00e9 Sud Charente\" \/>\n<meta property=\"article:publisher\" content=\"https:\/\/www.facebook.com\/EgliseCatholiqueCharente\" \/>\n<meta property=\"article:published_time\" content=\"2021-12-13T21:22:59+00:00\" \/>\n<meta property=\"og:image\" content=\"https:\/\/charente.catholique.fr\/sud-charente\/wp-content\/uploads\/sites\/5\/2020\/07\/logo_paroissebbb-scaled.jpg\" \/>\n\t<meta property=\"og:image:width\" content=\"2560\" \/>\n\t<meta property=\"og:image:height\" content=\"890\" \/>\n\t<meta property=\"og:image:type\" content=\"image\/jpeg\" \/>\n<meta name=\"author\" content=\"Beno\u00eet\" \/>\n<meta name=\"twitter:card\" content=\"summary_large_image\" \/>\n<meta name=\"twitter:creator\" content=\"@diocesecharente\" \/>\n<meta name=\"twitter:site\" content=\"@diocesecharente\" \/>\n<meta name=\"twitter:label1\" content=\"\u00c9crit par\" \/>\n\t<meta name=\"twitter:data1\" content=\"Beno\u00eet\" \/>\n\t<meta name=\"twitter:label2\" content=\"Dur\u00e9e de lecture estim\u00e9e\" \/>\n\t<meta name=\"twitter:data2\" content=\"2 minutes\" \/>\n<script type=\"application\/ld+json\" class=\"yoast-schema-graph\">{\"@context\":\"https:\/\/schema.org\",\"@graph\":[{\"@type\":\"Article\",\"@id\":\"https:\/\/charente.catholique.fr\/sud-charente\/actualites\/echos-de-leap-du-9-decembre-2021\/#article\",\"isPartOf\":{\"@id\":\"https:\/\/charente.catholique.fr\/sud-charente\/actualites\/echos-de-leap-du-9-decembre-2021\/\"},\"author\":{\"name\":\"Beno\u00eet\",\"@id\":\"https:\/\/charente.catholique.fr\/sud-charente\/#\/schema\/person\/ddcc6ba32a4484b49a276652de901387\"},\"headline\":\"Echos de l&#8217;EAP du 9 d\u00e9cembre 2021\",\"datePublished\":\"2021-12-13T21:22:59+00:00\",\"mainEntityOfPage\":{\"@id\":\"https:\/\/charente.catholique.fr\/sud-charente\/actualites\/echos-de-leap-du-9-decembre-2021\/\"},\"wordCount\":435,\"commentCount\":0,\"publisher\":{\"@id\":\"https:\/\/charente.catholique.fr\/sud-charente\/#organization\"},\"image\":{\"@id\":\"https:\/\/charente.catholique.fr\/sud-charente\/actualites\/echos-de-leap-du-9-decembre-2021\/#primaryimage\"},\"thumbnailUrl\":\"https:\/\/charente.catholique.fr\/sud-charente\/wp-content\/uploads\/sites\/5\/2020\/07\/logo_paroissebbb-scaled.jpg\",\"articleSection\":[\"Actualit\u00e9s\",\"Barbezieux\",\"Equipe d'Animation Pastorale\"],\"inLanguage\":\"fr-FR\",\"potentialAction\":[{\"@type\":\"CommentAction\",\"name\":\"Comment\",\"target\":[\"https:\/\/charente.catholique.fr\/sud-charente\/actualites\/echos-de-leap-du-9-decembre-2021\/#respond\"]}]},{\"@type\":\"WebPage\",\"@id\":\"https:\/\/charente.catholique.fr\/sud-charente\/actualites\/echos-de-leap-du-9-decembre-2021\/\",\"url\":\"https:\/\/charente.catholique.fr\/sud-charente\/actualites\/echos-de-leap-du-9-decembre-2021\/\",\"name\":\"Echos de l'EAP du 9 d\u00e9cembre 2021 - Doyenn\u00e9 Sud Charente\",\"isPartOf\":{\"@id\":\"https:\/\/charente.catholique.fr\/sud-charente\/#website\"},\"primaryImageOfPage\":{\"@id\":\"https:\/\/charente.catholique.fr\/sud-charente\/actualites\/echos-de-leap-du-9-decembre-2021\/#primaryimage\"},\"image\":{\"@id\":\"https:\/\/charente.catholique.fr\/sud-charente\/actualites\/echos-de-leap-du-9-decembre-2021\/#primaryimage\"},\"thumbnailUrl\":\"https:\/\/charente.catholique.fr\/sud-charente\/wp-content\/uploads\/sites\/5\/2020\/07\/logo_paroissebbb-scaled.jpg\",\"datePublished\":\"2021-12-13T21:22:59+00:00\",\"breadcrumb\":{\"@id\":\"https:\/\/charente.catholique.fr\/sud-charente\/actualites\/echos-de-leap-du-9-decembre-2021\/#breadcrumb\"},\"inLanguage\":\"fr-FR\",\"potentialAction\":[{\"@type\":\"ReadAction\",\"target\":[\"https:\/\/charente.catholique.fr\/sud-charente\/actualites\/echos-de-leap-du-9-decembre-2021\/\"]}]},{\"@type\":\"ImageObject\",\"inLanguage\":\"fr-FR\",\"@id\":\"https:\/\/charente.catholique.fr\/sud-charente\/actualites\/echos-de-leap-du-9-decembre-2021\/#primaryimage\",\"url\":\"https:\/\/charente.catholique.fr\/sud-charente\/wp-content\/uploads\/sites\/5\/2020\/07\/logo_paroissebbb-scaled.jpg\",\"contentUrl\":\"https:\/\/charente.catholique.fr\/sud-charente\/wp-content\/uploads\/sites\/5\/2020\/07\/logo_paroissebbb-scaled.jpg\",\"width\":2560,\"height\":890},{\"@type\":\"BreadcrumbList\",\"@id\":\"https:\/\/charente.catholique.fr\/sud-charente\/actualites\/echos-de-leap-du-9-decembre-2021\/#breadcrumb\",\"itemListElement\":[{\"@type\":\"ListItem\",\"position\":1,\"name\":\"Accueil\",\"item\":\"https:\/\/charente.catholique.fr\/sud-charente\/\"},{\"@type\":\"ListItem\",\"position\":2,\"name\":\"Echos de l&#8217;EAP du 9 d\u00e9cembre 2021\"}]},{\"@type\":\"WebSite\",\"@id\":\"https:\/\/charente.catholique.fr\/sud-charente\/#website\",\"url\":\"https:\/\/charente.catholique.fr\/sud-charente\/\",\"name\":\"Doyenn\u00e9 Sud Charente - Dioc\u00e8se d'Angoul\u00eame\",\"description\":\"Dioc\u00e8se d&#039;Angoul\u00eame\",\"publisher\":{\"@id\":\"https:\/\/charente.catholique.fr\/sud-charente\/#organization\"},\"potentialAction\":[{\"@type\":\"SearchAction\",\"target\":{\"@type\":\"EntryPoint\",\"urlTemplate\":\"https:\/\/charente.catholique.fr\/sud-charente\/?s={search_term_string}\"},\"query-input\":{\"@type\":\"PropertyValueSpecification\",\"valueRequired\":true,\"valueName\":\"search_term_string\"}}],\"inLanguage\":\"fr-FR\"},{\"@type\":\"Organization\",\"@id\":\"https:\/\/charente.catholique.fr\/sud-charente\/#organization\",\"name\":\"Association dioc\u00e9saine d'Angoul\u00eame\",\"url\":\"https:\/\/charente.catholique.fr\/sud-charente\/\",\"logo\":{\"@type\":\"ImageObject\",\"inLanguage\":\"fr-FR\",\"@id\":\"https:\/\/charente.catholique.fr\/sud-charente\/#\/schema\/logo\/image\/\",\"url\":\"https:\/\/charente.catholique.fr\/sud-charente\/wp-content\/uploads\/sites\/5\/2020\/10\/logos.png\",\"contentUrl\":\"https:\/\/charente.catholique.fr\/sud-charente\/wp-content\/uploads\/sites\/5\/2020\/10\/logos.png\",\"width\":600,\"height\":257,\"caption\":\"Association dioc\u00e9saine d'Angoul\u00eame\"},\"image\":{\"@id\":\"https:\/\/charente.catholique.fr\/sud-charente\/#\/schema\/logo\/image\/\"},\"sameAs\":[\"https:\/\/www.facebook.com\/EgliseCatholiqueCharente\",\"https:\/\/x.com\/diocesecharente\",\"https:\/\/www.instagram.com\/eglisecharente\",\"https:\/\/www.youtube.com\/channel\/UCByyFWApZbw3gDTiADoiAaQ\"]},{\"@type\":\"Person\",\"@id\":\"https:\/\/charente.catholique.fr\/sud-charente\/#\/schema\/person\/ddcc6ba32a4484b49a276652de901387\",\"name\":\"Beno\u00eet\",\"image\":{\"@type\":\"ImageObject\",\"inLanguage\":\"fr-FR\",\"@id\":\"https:\/\/charente.catholique.fr\/sud-charente\/#\/schema\/person\/image\/\",\"url\":\"https:\/\/secure.gravatar.com\/avatar\/367de281020c81cafc6a2f9b79fef00a1981a890412ad8b09b11385575886666?s=96&d=mm&r=g\",\"contentUrl\":\"https:\/\/secure.gravatar.com\/avatar\/367de281020c81cafc6a2f9b79fef00a1981a890412ad8b09b11385575886666?s=96&d=mm&r=g\",\"caption\":\"Beno\u00eet\"},\"url\":\"https:\/\/charente.catholique.fr\/sud-charente\/author\/benoitlecomte\/\"}]}<\/script>\n<!-- \/ Yoast SEO plugin. -->","yoast_head_json":{"title":"Echos de l'EAP du 9 d\u00e9cembre 2021 - Doyenn\u00e9 Sud Charente","robots":{"index":"index","follow":"follow","max-snippet":"max-snippet:-1","max-image-preview":"max-image-preview:large","max-video-preview":"max-video-preview:-1"},"canonical":"https:\/\/charente.catholique.fr\/sud-charente\/actualites\/echos-de-leap-du-9-decembre-2021\/","og_locale":"fr_FR","og_type":"article","og_title":"Echos de l'EAP du 9 d\u00e9cembre 2021 - Doyenn\u00e9 Sud Charente","og_description":"L&#8217;Equipe d&#8217;Animation Pastorale de Barbezieux &#8211; Baignes &#8211; Barret s&#8217;est r\u00e9unie le jeudi 9 d\u00e9cembre 2021. Apr\u00e8s la pri\u00e8re l&#8217;\u00e9change a commenc\u00e9 en prenant des nouvelles des uns et des autres et en nous r\u00e9jouissant de tant de nouveaux visages rencontr\u00e9s sur la paroisse ces derniers temps. Un point sur les projets de l&#8217;Avent a [&hellip;]","og_url":"https:\/\/charente.catholique.fr\/sud-charente\/actualites\/echos-de-leap-du-9-decembre-2021\/","og_site_name":"Doyenn\u00e9 Sud Charente","article_publisher":"https:\/\/www.facebook.com\/EgliseCatholiqueCharente","article_published_time":"2021-12-13T21:22:59+00:00","og_image":[{"width":2560,"height":890,"url":"https:\/\/charente.catholique.fr\/sud-charente\/wp-content\/uploads\/sites\/5\/2020\/07\/logo_paroissebbb-scaled.jpg","type":"image\/jpeg"}],"author":"Beno\u00eet","twitter_card":"summary_large_image","twitter_creator":"@diocesecharente","twitter_site":"@diocesecharente","twitter_misc":{"\u00c9crit par":"Beno\u00eet","Dur\u00e9e de lecture estim\u00e9e":"2 minutes"},"schema":{"@context":"https:\/\/schema.org","@graph":[{"@type":"Article","@id":"https:\/\/charente.catholique.fr\/sud-charente\/actualites\/echos-de-leap-du-9-decembre-2021\/#article","isPartOf":{"@id":"https:\/\/charente.catholique.fr\/sud-charente\/actualites\/echos-de-leap-du-9-decembre-2021\/"},"author":{"name":"Beno\u00eet","@id":"https:\/\/charente.catholique.fr\/sud-charente\/#\/schema\/person\/ddcc6ba32a4484b49a276652de901387"},"headline":"Echos de l&#8217;EAP du 9 d\u00e9cembre 2021","datePublished":"2021-12-13T21:22:59+00:00","mainEntityOfPage":{"@id":"https:\/\/charente.catholique.fr\/sud-charente\/actualites\/echos-de-leap-du-9-decembre-2021\/"},"wordCount":435,"commentCount":0,"publisher":{"@id":"https:\/\/charente.catholique.fr\/sud-charente\/#organization"},"image":{"@id":"https:\/\/charente.catholique.fr\/sud-charente\/actualites\/echos-de-leap-du-9-decembre-2021\/#primaryimage"},"thumbnailUrl":"https:\/\/charente.catholique.fr\/sud-charente\/wp-content\/uploads\/sites\/5\/2020\/07\/logo_paroissebbb-scaled.jpg","articleSection":["Actualit\u00e9s","Barbezieux","Equipe d'Animation Pastorale"],"inLanguage":"fr-FR","potentialAction":[{"@type":"CommentAction","name":"Comment","target":["https:\/\/charente.catholique.fr\/sud-charente\/actualites\/echos-de-leap-du-9-decembre-2021\/#respond"]}]},{"@type":"WebPage","@id":"https:\/\/charente.catholique.fr\/sud-charente\/actualites\/echos-de-leap-du-9-decembre-2021\/","url":"https:\/\/charente.catholique.fr\/sud-charente\/actualites\/echos-de-leap-du-9-decembre-2021\/","name":"Echos de l'EAP du 9 d\u00e9cembre 2021 - Doyenn\u00e9 Sud Charente","isPartOf":{"@id":"https:\/\/charente.catholique.fr\/sud-charente\/#website"},"primaryImageOfPage":{"@id":"https:\/\/charente.catholique.fr\/sud-charente\/actualites\/echos-de-leap-du-9-decembre-2021\/#primaryimage"},"image":{"@id":"https:\/\/charente.catholique.fr\/sud-charente\/actualites\/echos-de-leap-du-9-decembre-2021\/#primaryimage"},"thumbnailUrl":"https:\/\/charente.catholique.fr\/sud-charente\/wp-content\/uploads\/sites\/5\/2020\/07\/logo_paroissebbb-scaled.jpg","datePublished":"2021-12-13T21:22:59+00:00","breadcrumb":{"@id":"https:\/\/charente.catholique.fr\/sud-charente\/actualites\/echos-de-leap-du-9-decembre-2021\/#breadcrumb"},"inLanguage":"fr-FR","potentialAction":[{"@type":"ReadAction","target":["https:\/\/charente.catholique.fr\/sud-charente\/actualites\/echos-de-leap-du-9-decembre-2021\/"]}]},{"@type":"ImageObject","inLanguage":"fr-FR","@id":"https:\/\/charente.catholique.fr\/sud-charente\/actualites\/echos-de-leap-du-9-decembre-2021\/#primaryimage","url":"https:\/\/charente.catholique.fr\/sud-charente\/wp-content\/uploads\/sites\/5\/2020\/07\/logo_paroissebbb-scaled.jpg","contentUrl":"https:\/\/charente.catholique.fr\/sud-charente\/wp-content\/uploads\/sites\/5\/2020\/07\/logo_paroissebbb-scaled.jpg","width":2560,"height":890},{"@type":"BreadcrumbList","@id":"https:\/\/charente.catholique.fr\/sud-charente\/actualites\/echos-de-leap-du-9-decembre-2021\/#breadcrumb","itemListElement":[{"@type":"ListItem","position":1,"name":"Accueil","item":"https:\/\/charente.catholique.fr\/sud-charente\/"},{"@type":"ListItem","position":2,"name":"Echos de l&#8217;EAP du 9 d\u00e9cembre 2021"}]},{"@type":"WebSite","@id":"https:\/\/charente.catholique.fr\/sud-charente\/#website","url":"https:\/\/charente.catholique.fr\/sud-charente\/","name":"Doyenn\u00e9 Sud Charente - Dioc\u00e8se d'Angoul\u00eame","description":"Dioc\u00e8se d&#039;Angoul\u00eame","publisher":{"@id":"https:\/\/charente.catholique.fr\/sud-charente\/#organization"},"potentialAction":[{"@type":"SearchAction","target":{"@type":"EntryPoint","urlTemplate":"https:\/\/charente.catholique.fr\/sud-charente\/?s={search_term_string}"},"query-input":{"@type":"PropertyValueSpecification","valueRequired":true,"valueName":"search_term_string"}}],"inLanguage":"fr-FR"},{"@type":"Organization","@id":"https:\/\/charente.catholique.fr\/sud-charente\/#organization","name":"Association dioc\u00e9saine d'Angoul\u00eame","url":"https:\/\/charente.catholique.fr\/sud-charente\/","logo":{"@type":"ImageObject","inLanguage":"fr-FR","@id":"https:\/\/charente.catholique.fr\/sud-charente\/#\/schema\/logo\/image\/","url":"https:\/\/charente.catholique.fr\/sud-charente\/wp-content\/uploads\/sites\/5\/2020\/10\/logos.png","contentUrl":"https:\/\/charente.catholique.fr\/sud-charente\/wp-content\/uploads\/sites\/5\/2020\/10\/logos.png","width":600,"height":257,"caption":"Association dioc\u00e9saine d'Angoul\u00eame"},"image":{"@id":"https:\/\/charente.catholique.fr\/sud-charente\/#\/schema\/logo\/image\/"},"sameAs":["https:\/\/www.facebook.com\/EgliseCatholiqueCharente","https:\/\/x.com\/diocesecharente","https:\/\/www.instagram.com\/eglisecharente","https:\/\/www.youtube.com\/channel\/UCByyFWApZbw3gDTiADoiAaQ"]},{"@type":"Person","@id":"https:\/\/charente.catholique.fr\/sud-charente\/#\/schema\/person\/ddcc6ba32a4484b49a276652de901387","name":"Beno\u00eet","image":{"@type":"ImageObject","inLanguage":"fr-FR","@id":"https:\/\/charente.catholique.fr\/sud-charente\/#\/schema\/person\/image\/","url":"https:\/\/secure.gravatar.com\/avatar\/367de281020c81cafc6a2f9b79fef00a1981a890412ad8b09b11385575886666?s=96&d=mm&r=g","contentUrl":"https:\/\/secure.gravatar.com\/avatar\/367de281020c81cafc6a2f9b79fef00a1981a890412ad8b09b11385575886666?s=96&d=mm&r=g","caption":"Beno\u00eet"},"url":"https:\/\/charente.catholique.fr\/sud-charente\/author\/benoitlecomte\/"}]}},"_links":{"self":[{"href":"https:\/\/charente.catholique.fr\/sud-charente\/wp-json\/wp\/v2\/posts\/3188","targetHints":{"allow":["GET"]}}],"collection":[{"href":"https:\/\/charente.catholique.fr\/sud-charente\/wp-json\/wp\/v2\/posts"}],"about":[{"href":"https:\/\/charente.catholique.fr\/sud-charente\/wp-json\/wp\/v2\/types\/post"}],"author":[{"embeddable":true,"href":"https:\/\/charente.catholique.fr\/sud-charente\/wp-json\/wp\/v2\/users\/4"}],"replies":[{"embeddable":true,"href":"https:\/\/charente.catholique.fr\/sud-charente\/wp-json\/wp\/v2\/comments?post=3188"}],"version-history":[{"count":1,"href":"https:\/\/charente.catholique.fr\/sud-charente\/wp-json\/wp\/v2\/posts\/3188\/revisions"}],"predecessor-version":[{"id":3189,"href":"https:\/\/charente.catholique.fr\/sud-charente\/wp-json\/wp\/v2\/posts\/3188\/revisions\/3189"}],"wp:featuredmedia":[{"embeddable":true,"href":"https:\/\/charente.catholique.fr\/sud-charente\/wp-json\/wp\/v2\/media\/273"}],"wp:attachment":[{"href":"https:\/\/charente.catholique.fr\/sud-charente\/wp-json\/wp\/v2\/media?parent=3188"}],"wp:term":[{"taxonomy":"category","embeddable":true,"href":"https:\/\/charente.catholique.fr\/sud-charente\/wp-json\/wp\/v2\/categories?post=3188"},{"taxonomy":"post_tag","embeddable":true,"href":"https:\/\/charente.catholique.fr\/sud-charente\/wp-json\/wp\/v2\/tags?post=3188"}],"curies":[{"name":"wp","href":"https:\/\/api.w.org\/{rel}","templated":true}]}}