{"id":2088,"date":"2021-05-09T22:52:35","date_gmt":"2021-05-09T20:52:35","guid":{"rendered":"https:\/\/charente.catholique.fr\/sud-charente\/?p=2088"},"modified":"2021-05-09T22:52:36","modified_gmt":"2021-05-09T20:52:36","slug":"infos-paroissiales-du-9-mai-2021","status":"publish","type":"post","link":"https:\/\/charente.catholique.fr\/sud-charente\/actualites\/infos-paroissiales-du-9-mai-2021\/","title":{"rendered":"Infos paroissiales du 9 mai 2021"},"content":{"rendered":"\n<p><em>A tous les paroissiens de la paroisse Barbezieux &#8211; Baignes &#8211; Barret<\/em><\/p>\n\n\n\n<p>Bonsoir \u00e0 tous !<br>A la fin de ce week-end, voici les nouvelles de la paroisse : ce qui s&#8217;est pass\u00e9 cette semaine et ce week-end, et ce qui est \u00e0 vivre les prochains jours et les prochaines semaines.<br>&#8211; Ce dimanche, 15 enfants recevaient la communion pour la premi\u00e8re fois, Diane \u00e9tait baptis\u00e9e et Ma\u00fflis faisait sa profession de foi. Retrouvez <a href=\"https:\/\/charente.catholique.fr\/sud-charente\/actualites\/homelie-du-9-mai-2021-par-le-p-benoit-lecomte\/\" target=\"_blank\" rel=\"noreferrer noopener\">l&#8217;<strong>hom\u00e9lie <\/strong>de ce dimanche ici<\/a> ainsi que <a href=\"https:\/\/charente.catholique.fr\/sud-charente\/actualites\/1ere-communion-bapteme-et-profession-de-foi-en-images-et-textes\/\" target=\"_blank\" rel=\"noreferrer noopener\"><strong>l&#8217;album photos<\/strong> de cette c\u00e9l\u00e9bration ici<\/a> !<\/p>\n\n\n\n<p>&#8211; En vue de ce dimanche matin, les enfants ont &#8221; r\u00e9p\u00e9t\u00e9 &#8221; et pr\u00e9par\u00e9 la c\u00e9l\u00e9bration samedi matin. Au milieu d&#8217;eux, Tim-Auxence, 11 ans, s&#8217;est livr\u00e9 \u00e0 un exercice de journalisme.<a href=\"https:\/\/charente.catholique.fr\/sud-charente\/actualites\/une-celebration-de-1ere-communion-ca-se-repete\/\" target=\"_blank\" rel=\"noreferrer noopener\"> Vous trouverez son article ici<\/a>.<\/p>\n\n\n\n<p>&#8211; Ce 9 mai \u00e9tait aussi la Journ\u00e9e des Chr\u00e9tiens d&#8217;Orient, une journ\u00e9e d&#8217;invitation \u00e0 la rencontre et \u00e0 la pri\u00e8re. Le site du dioc\u00e8se, en lien avec l&#8217;Oeuvre d&#8217;Orient, nous donnait <a href=\"https:\/\/charente.catholique.fr\/agenda\/journee-des-chretiens-dorient\/\" target=\"_blank\" rel=\"noreferrer noopener\">quelques pistes \u00e0 retrouver ici<\/a>.<\/p>\n\n\n\n<p><strong>Mois de Marie<\/strong><br>&#8211; En ce mois de Marie, la communaut\u00e9 locale de Baignes propose la pri\u00e8re du Rosaire tous les lundi \u00e0 15h salle Saint Etienne (derri\u00e8re l&#8217;\u00e9glise de Baignes).<\/p>\n\n\n\n<p><strong>F\u00eate de l&#8217;Ascension<\/strong><\/p>\n\n\n\n<p>Le jeudi de cette semaine, 40 jours apr\u00e8s P\u00e2ques, nous f\u00eaterons l&#8217;Ascension ! Trois c\u00e9l\u00e9brations sont propos\u00e9es dans le doyenn\u00e9 Sud Charente :<br>&#8211; <a href=\"https:\/\/charente.catholique.fr\/sud-charente\/agenda\/pelerinage-de-lascension-en-doyenne-a-charmant\/\" target=\"_blank\" rel=\"noreferrer noopener\">A <strong>10h30 \u00e0 Charmant<\/strong>, nous vivrons le traditionnel p\u00e8lerinage de l&#8217;Ascension suivi des rogations<\/a>. Cette c\u00e9l\u00e9bration sera retransmise en direct vid\u00e9o sur le site du dioc\u00e8se et du doyenn\u00e9 Sud Charente.<br>&#8211; A <strong>10h30 \u00e0 Barbezieux<\/strong> aura une autre c\u00e9l\u00e9bration, pour ceux qui ne peuvent pas aller \u00e0 Charmant (<a href=\"https:\/\/charente.catholique.fr\/sud-charente\/actualites\/chant-de-la-messe-de-lascension-a-barbezieux\/\" target=\"_blank\" rel=\"noreferrer noopener\">Les chants de la messe sont ici<\/a> pour les r\u00e9p\u00e9ter)<br>&#8211; <a href=\"https:\/\/charente.catholique.fr\/sud-charente\/agenda\/celebration-of-the-ascension-of-the-lord\/\" target=\"_blank\" rel=\"noreferrer noopener\">A <strong>17h<\/strong>, c&#8217;est <strong>en Anglais<\/strong><\/a> que l&#8217;Ascension sera c\u00e9l\u00e9br\u00e9e, <strong>\u00e0 Aubeterre<\/strong> !<\/p>\n\n\n\n<p><strong>Les messes de la semaine<\/strong><br>Mardi 11 mai : 8h30, Barbezieux ; 11h40, Les Sapins<\/p>\n\n\n\n<p>Mercredi 12 mai : 9h30, Barbezieux<\/p>\n\n\n\n<p>Jeudi 13 mai : voir F\u00eate de l&#8217;Ascension<\/p>\n\n\n\n<p>Vendredi 14 mai : 9h30, Barbezieux<\/p>\n\n\n\n<p>Samedi 15 mai : 17h30, Cond\u00e9on<br>Dimanche 16 mai : 10h30, Barbezieux (<a href=\"https:\/\/charente.catholique.fr\/sud-charente\/actualites\/chants-de-la-messe-du-2-mai-a-barbezieux\/\" target=\"_blank\" rel=\"noreferrer noopener\">Les chants de la messe sont ici<\/a> pour les r\u00e9p\u00e9ter chez vous)<br><\/p>\n\n\n\n<p><strong>Les rendez-vous de la semaine<\/strong><\/p>\n\n\n\n<p><strong>Lundi 10<\/strong><br>15h : Rosaire \u00e0 Baignes<\/p>\n\n\n\n<p><strong>Mardi 11<br><\/strong>15h : Rencontre du Renouveau, \u00e0 Barbezieux<\/p>\n\n\n\n<p>20h00 : Rencontre de l&#8217;Equipe d&#8217;Animation de la Paroisse<br><strong>Mercredi 12 :<\/strong><\/p>\n\n\n\n<p>8h30-9h30 : Confessions<\/p>\n\n\n\n<p>15h-16h : Confessions<br>17h00 : R\u00e9p\u00e9tition de la chorale de Baignes<\/p>\n\n\n\n<p><strong>Samedi 15<\/strong><\/p>\n\n\n\n<p>10h00 : Groupe de pr\u00e9paration \u00e0 la confirmation<\/p>\n\n\n\n<p>11h00 : Adoration \u00e0 Barbezieux<\/p>\n\n\n\n<p>14h30 : Rencontre de pr\u00e9paration du Triathlon, \u00e0 Montmoreau<\/p>\n\n\n\n<p><br><strong>Des nouvelles du <a href=\"https:\/\/charente.catholique.fr\/sud-charente\/le-triathlon-solidaire-du-sud-charente\/\" target=\"_blank\" rel=\"noreferrer noopener\">Triathlon<\/a><\/strong><\/p>\n\n\n\n<p>Le &#8221; <a href=\"https:\/\/charente.catholique.fr\/sud-charente\/le-triathlon-solidaire-du-sud-charente\/\" target=\"_blank\" rel=\"noreferrer noopener\">Triathlon Solidaire du Sud Charente<\/a> &#8221; entame ses 2 derni\u00e8res semaines de pr\u00e9paration !<br>&#8211; Le d\u00e9roulement de <strong>la messe<\/strong> a \u00e9t\u00e9 dessin\u00e9. Vous pouvez d\u00e9j\u00e0 <a href=\"https:\/\/charente.catholique.fr\/sud-charente\/actualites\/messe-du-triathlon-a-aubeterre-le-22-mai-2021-a-17h30\/\" target=\"_blank\" rel=\"noreferrer noopener\">retrouver les chants qui seront pris et les r\u00e9p\u00e9ter en vous rendant ici<\/a> !<br>&#8211; Bravo \u00e0 la petite \u00e9quipe qui a pr\u00e9par\u00e9 les panneaux qui baliseront les parcours. Voyez plut\u00f4t :<\/p>\n\n\n\n<div class=\"wp-block-image\"><figure class=\"alignleft is-resized\"><img loading=\"lazy\" decoding=\"async\" src=\"https:\/\/mail.google.com\/mail\/u\/2?ui=2&amp;ik=323e4f0fc4&amp;attid=0.2&amp;permmsgid=msg-a:r4040870911486434252&amp;th=17952a62f8341b1b&amp;view=fimg&amp;sz=s0-l75-ft&amp;attbid=ANGjdJ8nTHXWILkA9oxmmxeII_q_z0ZqNpvW96qPINwLfWY7_MDYZR9GSzDSF2E0b-OmngzxzhzsfihDUHRtvp-C_6a27B8KyA7fQl36bIEjkHDJLv4bZtqaPt4sx9g&amp;disp=emb&amp;realattid=ii_kohkjibh1\" alt=\"PCHF3397.JPG\" width=\"440\" height=\"587\"\/><\/figure><\/div>\n\n\n\n<figure class=\"wp-block-image is-resized\"><img loading=\"lazy\" decoding=\"async\" src=\"https:\/\/mail.google.com\/mail\/u\/2?ui=2&amp;ik=323e4f0fc4&amp;attid=0.1&amp;permmsgid=msg-a:r4040870911486434252&amp;th=17952a62f8341b1b&amp;view=fimg&amp;sz=s0-l75-ft&amp;attbid=ANGjdJ8b0p2kq8zcO1AVY0Dg3kvIx2LnhDjYvu5ffRDtpg7fWrMsYrFDvLyLYnXWJvIIz9s7U1ahfX68jvDh56nMjugTQgxoEWkR1mPm9M1ePlQi8yafgwGIUygmOys&amp;disp=emb&amp;realattid=ii_kohkjiab0\" alt=\"HQJQ6422.JPG\" width=\"446\" height=\"595\"\/><\/figure>\n\n\n\n<p>&#8211; <strong>Un grand jeu est presque pr\u00eat, pour accueillir les enfants<\/strong> qui ne participeraient pas \u00e0 la marche, le samedi apr\u00e8s-midi sur la base de loisir d&#8217;Aubeterre. Si vous voulez en profiter, merci de le faire savoir \u00e0 <a href=\"mailto:triathlonsudcharente21@gmail.com\" target=\"_blank\" rel=\"noreferrer noopener\">triathlonsudcharente21@gmail.com<\/a><br>&#8211; Une <strong>rencontre de fin de pr\u00e9paration aura lieu samedi 15 mai \u00e0 14h30 \u00e0 Montmoreau<\/strong>. Cette rencontre est ouverte \u00e0 tous !<\/p>\n\n\n\n<p>&#8211; Un certain nombre d&#8217;<a href=\"https:\/\/charente.catholique.fr\/sud-charente\/actualites\/inscription-en-ligne-au-triathlon-actualite-test\/\" target=\"_blank\" rel=\"noreferrer noopener\">inscriptions <\/a>sont d\u00e9j\u00e0 arriv\u00e9es, mais <strong>n&#8217;oubliez pas de transmettre les derni\u00e8res avant jeudi de cette semaine<\/strong> ! Et n&#8217;h\u00e9sitons pas \u00e0 <strong>inviter<\/strong> encore largement autour de nous !<\/p>\n\n\n\n<p><strong>Solidarit\u00e9<\/strong><\/p>\n\n\n\n<p>Avec la lev\u00e9e des restrictions kilom\u00e9triques, le <strong>Secours Catholique<\/strong> peut r\u00e9ouvrir ses lieux d&#8217;accueil.<br>R\u00e9ouverture de la Boutique Solidaire, rue St Mathias, \u00e0 Barbezieux mercredi 19 mai 2021, de 14h \u00e0 17h puis tous les mardis jusqu\u2019au 13 juillet inclus de 14h \u00e0 17h et, en plus, mardi 1er juin et mardi 6 juillet : foire, donc de 9h30 \u00e0<br>12h<br>Les mesures sanitaires en vigueur, seront respect\u00e9es. Toujours de bonnes affaires ! Venez nombreux !<\/p>\n\n\n\n<p><br><strong>Mois de l&#8217;appel<\/strong><\/p>\n\n\n\n<p>Nous entrons dans la 3\u00e8me semaine du Mois de l&#8217;Appel ! Nous avons pris le temps d\u2019accueillir dans la pri\u00e8re la diversit\u00e9 de notre communaut\u00e9 comme une richesse (semaine 1), puis de regarder comment la vie de notre communaut\u00e9 soutient, ou pas, la vocation baptismale de chacun de ses membres (semaine 2). A pr\u00e9sent, penchons-nous plus r\u00e9solument sur la question de la vocation. Qu\u2019est-ce qui favoriserait l\u2019approfondissement du sens de la vocation de chacun et la r\u00e9ponse \u00e0 l\u2019appel re\u00e7u ? Et comment aborder la question des vocations particuli\u00e8res ?<br><a href=\"https:\/\/charente.catholique.fr\/actualites\/semaine-3-du-dimanche-9-mai-au-samedi-15-mai\/\" target=\"_blank\" rel=\"noreferrer noopener\">-> Tout pour vivre la 3\u00e8me semaine du Mois de l&#8217;Appel<\/a><\/p>\n\n\n\n<p><br><strong>Invitation<\/strong><\/p>\n\n\n\n<p>Vous pouvez toujours proposer \u00e0 des amis de recevoir ces petites infos hebdomadaires ! Il suffit qu&#8217;ils envoient leur adresse courriel \u00e0 <a href=\"mailto:paroisse.barbezieux@dio16.fr\" target=\"_blank\" rel=\"noreferrer noopener\">paroisse.barbezieux@dio16.fr<\/a><\/p>\n\n\n\n<p>Ce temps pascal est d\u00e9cid\u00e9ment bien riche ! All\u00e9luia !<\/p>\n\n\n\n<p>Tr\u00e8s bonne semaine !<\/p>\n\n\n\n<p>Fraternellement<\/p>\n","protected":false},"excerpt":{"rendered":"<p>A tous les paroissiens de la paroisse Barbezieux &#8211; Baignes &#8211; Barret Bonsoir \u00e0 tous !A la fin de ce week-end, voici les nouvelles de la paroisse : ce qui s&#8217;est pass\u00e9 cette semaine et ce week-end, et ce qui est \u00e0 vivre les prochains jours et les prochaines semaines.&#8211; Ce dimanche, 15 enfants recevaient [&hellip;]<\/p>\n","protected":false},"author":4,"featured_media":193,"comment_status":"open","ping_status":"open","sticky":false,"template":"","format":"standard","meta":{"_acf_changed":false,"paroisse":["15"],"service":["0"],"footnotes":""},"categories":[1,4,14],"tags":[],"class_list":["post-2088","post","type-post","status-publish","format-standard","has-post-thumbnail","hentry","category-actualites","category-barbezieux","category-infos-paroissiales","validated"],"acf":[],"yoast_head":"<!-- This site is optimized with the Yoast SEO plugin v27.1.1 - https:\/\/yoast.com\/product\/yoast-seo-wordpress\/ -->\n<title>Infos paroissiales du 9 mai 2021 - Doyenn\u00e9 Sud Charente<\/title>\n<meta name=\"robots\" content=\"index, follow, max-snippet:-1, max-image-preview:large, max-video-preview:-1\" \/>\n<link rel=\"canonical\" href=\"https:\/\/charente.catholique.fr\/sud-charente\/actualites\/infos-paroissiales-du-9-mai-2021\/\" \/>\n<meta property=\"og:locale\" content=\"fr_FR\" \/>\n<meta property=\"og:type\" content=\"article\" \/>\n<meta property=\"og:title\" content=\"Infos paroissiales du 9 mai 2021 - Doyenn\u00e9 Sud Charente\" \/>\n<meta property=\"og:description\" content=\"A tous les paroissiens de la paroisse Barbezieux &#8211; Baignes &#8211; Barret Bonsoir \u00e0 tous !A la fin de ce week-end, voici les nouvelles de la paroisse : ce qui s&#8217;est pass\u00e9 cette semaine et ce week-end, et ce qui est \u00e0 vivre les prochains jours et les prochaines semaines.&#8211; Ce dimanche, 15 enfants recevaient [&hellip;]\" \/>\n<meta property=\"og:url\" content=\"https:\/\/charente.catholique.fr\/sud-charente\/actualites\/infos-paroissiales-du-9-mai-2021\/\" \/>\n<meta property=\"og:site_name\" content=\"Doyenn\u00e9 Sud Charente\" \/>\n<meta property=\"article:publisher\" content=\"https:\/\/www.facebook.com\/EgliseCatholiqueCharente\" \/>\n<meta property=\"article:published_time\" content=\"2021-05-09T20:52:35+00:00\" \/>\n<meta property=\"article:modified_time\" content=\"2021-05-09T20:52:36+00:00\" \/>\n<meta property=\"og:image\" content=\"https:\/\/charente.catholique.fr\/sud-charente\/wp-content\/uploads\/sites\/5\/2020\/07\/logo_paroissebbb.png\" \/>\n\t<meta property=\"og:image:width\" content=\"4819\" \/>\n\t<meta property=\"og:image:height\" content=\"1449\" \/>\n\t<meta property=\"og:image:type\" content=\"image\/png\" \/>\n<meta name=\"author\" content=\"Beno\u00eet\" \/>\n<meta name=\"twitter:card\" content=\"summary_large_image\" \/>\n<meta name=\"twitter:creator\" content=\"@diocesecharente\" \/>\n<meta name=\"twitter:site\" content=\"@diocesecharente\" \/>\n<meta name=\"twitter:label1\" content=\"\u00c9crit par\" \/>\n\t<meta name=\"twitter:data1\" content=\"Beno\u00eet\" \/>\n\t<meta name=\"twitter:label2\" content=\"Dur\u00e9e de lecture estim\u00e9e\" \/>\n\t<meta name=\"twitter:data2\" content=\"4 minutes\" \/>\n<script type=\"application\/ld+json\" class=\"yoast-schema-graph\">{\"@context\":\"https:\/\/schema.org\",\"@graph\":[{\"@type\":\"Article\",\"@id\":\"https:\/\/charente.catholique.fr\/sud-charente\/actualites\/infos-paroissiales-du-9-mai-2021\/#article\",\"isPartOf\":{\"@id\":\"https:\/\/charente.catholique.fr\/sud-charente\/actualites\/infos-paroissiales-du-9-mai-2021\/\"},\"author\":{\"name\":\"Beno\u00eet\",\"@id\":\"https:\/\/charente.catholique.fr\/sud-charente\/#\/schema\/person\/ddcc6ba32a4484b49a276652de901387\"},\"headline\":\"Infos paroissiales du 9 mai 2021\",\"datePublished\":\"2021-05-09T20:52:35+00:00\",\"dateModified\":\"2021-05-09T20:52:36+00:00\",\"mainEntityOfPage\":{\"@id\":\"https:\/\/charente.catholique.fr\/sud-charente\/actualites\/infos-paroissiales-du-9-mai-2021\/\"},\"wordCount\":822,\"commentCount\":0,\"publisher\":{\"@id\":\"https:\/\/charente.catholique.fr\/sud-charente\/#organization\"},\"image\":{\"@id\":\"https:\/\/charente.catholique.fr\/sud-charente\/actualites\/infos-paroissiales-du-9-mai-2021\/#primaryimage\"},\"thumbnailUrl\":\"https:\/\/charente.catholique.fr\/sud-charente\/wp-content\/uploads\/sites\/5\/2020\/07\/logo_paroissebbb.png\",\"articleSection\":[\"Actualit\u00e9s\",\"Barbezieux\",\"Infos paroissiales\"],\"inLanguage\":\"fr-FR\",\"potentialAction\":[{\"@type\":\"CommentAction\",\"name\":\"Comment\",\"target\":[\"https:\/\/charente.catholique.fr\/sud-charente\/actualites\/infos-paroissiales-du-9-mai-2021\/#respond\"]}]},{\"@type\":\"WebPage\",\"@id\":\"https:\/\/charente.catholique.fr\/sud-charente\/actualites\/infos-paroissiales-du-9-mai-2021\/\",\"url\":\"https:\/\/charente.catholique.fr\/sud-charente\/actualites\/infos-paroissiales-du-9-mai-2021\/\",\"name\":\"Infos paroissiales du 9 mai 2021 - Doyenn\u00e9 Sud Charente\",\"isPartOf\":{\"@id\":\"https:\/\/charente.catholique.fr\/sud-charente\/#website\"},\"primaryImageOfPage\":{\"@id\":\"https:\/\/charente.catholique.fr\/sud-charente\/actualites\/infos-paroissiales-du-9-mai-2021\/#primaryimage\"},\"image\":{\"@id\":\"https:\/\/charente.catholique.fr\/sud-charente\/actualites\/infos-paroissiales-du-9-mai-2021\/#primaryimage\"},\"thumbnailUrl\":\"https:\/\/charente.catholique.fr\/sud-charente\/wp-content\/uploads\/sites\/5\/2020\/07\/logo_paroissebbb.png\",\"datePublished\":\"2021-05-09T20:52:35+00:00\",\"dateModified\":\"2021-05-09T20:52:36+00:00\",\"breadcrumb\":{\"@id\":\"https:\/\/charente.catholique.fr\/sud-charente\/actualites\/infos-paroissiales-du-9-mai-2021\/#breadcrumb\"},\"inLanguage\":\"fr-FR\",\"potentialAction\":[{\"@type\":\"ReadAction\",\"target\":[\"https:\/\/charente.catholique.fr\/sud-charente\/actualites\/infos-paroissiales-du-9-mai-2021\/\"]}]},{\"@type\":\"ImageObject\",\"inLanguage\":\"fr-FR\",\"@id\":\"https:\/\/charente.catholique.fr\/sud-charente\/actualites\/infos-paroissiales-du-9-mai-2021\/#primaryimage\",\"url\":\"https:\/\/charente.catholique.fr\/sud-charente\/wp-content\/uploads\/sites\/5\/2020\/07\/logo_paroissebbb.png\",\"contentUrl\":\"https:\/\/charente.catholique.fr\/sud-charente\/wp-content\/uploads\/sites\/5\/2020\/07\/logo_paroissebbb.png\",\"width\":4819,\"height\":1449},{\"@type\":\"BreadcrumbList\",\"@id\":\"https:\/\/charente.catholique.fr\/sud-charente\/actualites\/infos-paroissiales-du-9-mai-2021\/#breadcrumb\",\"itemListElement\":[{\"@type\":\"ListItem\",\"position\":1,\"name\":\"Accueil\",\"item\":\"https:\/\/charente.catholique.fr\/sud-charente\/\"},{\"@type\":\"ListItem\",\"position\":2,\"name\":\"Infos paroissiales du 9 mai 2021\"}]},{\"@type\":\"WebSite\",\"@id\":\"https:\/\/charente.catholique.fr\/sud-charente\/#website\",\"url\":\"https:\/\/charente.catholique.fr\/sud-charente\/\",\"name\":\"Doyenn\u00e9 Sud Charente - Dioc\u00e8se d'Angoul\u00eame\",\"description\":\"Dioc\u00e8se d&#039;Angoul\u00eame\",\"publisher\":{\"@id\":\"https:\/\/charente.catholique.fr\/sud-charente\/#organization\"},\"potentialAction\":[{\"@type\":\"SearchAction\",\"target\":{\"@type\":\"EntryPoint\",\"urlTemplate\":\"https:\/\/charente.catholique.fr\/sud-charente\/?s={search_term_string}\"},\"query-input\":{\"@type\":\"PropertyValueSpecification\",\"valueRequired\":true,\"valueName\":\"search_term_string\"}}],\"inLanguage\":\"fr-FR\"},{\"@type\":\"Organization\",\"@id\":\"https:\/\/charente.catholique.fr\/sud-charente\/#organization\",\"name\":\"Association dioc\u00e9saine d'Angoul\u00eame\",\"url\":\"https:\/\/charente.catholique.fr\/sud-charente\/\",\"logo\":{\"@type\":\"ImageObject\",\"inLanguage\":\"fr-FR\",\"@id\":\"https:\/\/charente.catholique.fr\/sud-charente\/#\/schema\/logo\/image\/\",\"url\":\"https:\/\/charente.catholique.fr\/sud-charente\/wp-content\/uploads\/sites\/5\/2020\/10\/logos.png\",\"contentUrl\":\"https:\/\/charente.catholique.fr\/sud-charente\/wp-content\/uploads\/sites\/5\/2020\/10\/logos.png\",\"width\":600,\"height\":257,\"caption\":\"Association dioc\u00e9saine d'Angoul\u00eame\"},\"image\":{\"@id\":\"https:\/\/charente.catholique.fr\/sud-charente\/#\/schema\/logo\/image\/\"},\"sameAs\":[\"https:\/\/www.facebook.com\/EgliseCatholiqueCharente\",\"https:\/\/x.com\/diocesecharente\",\"https:\/\/www.instagram.com\/eglisecharente\",\"https:\/\/www.youtube.com\/channel\/UCByyFWApZbw3gDTiADoiAaQ\"]},{\"@type\":\"Person\",\"@id\":\"https:\/\/charente.catholique.fr\/sud-charente\/#\/schema\/person\/ddcc6ba32a4484b49a276652de901387\",\"name\":\"Beno\u00eet\",\"image\":{\"@type\":\"ImageObject\",\"inLanguage\":\"fr-FR\",\"@id\":\"https:\/\/charente.catholique.fr\/sud-charente\/#\/schema\/person\/image\/\",\"url\":\"https:\/\/secure.gravatar.com\/avatar\/367de281020c81cafc6a2f9b79fef00a1981a890412ad8b09b11385575886666?s=96&d=mm&r=g\",\"contentUrl\":\"https:\/\/secure.gravatar.com\/avatar\/367de281020c81cafc6a2f9b79fef00a1981a890412ad8b09b11385575886666?s=96&d=mm&r=g\",\"caption\":\"Beno\u00eet\"},\"url\":\"https:\/\/charente.catholique.fr\/sud-charente\/author\/benoitlecomte\/\"}]}<\/script>\n<!-- \/ Yoast SEO plugin. -->","yoast_head_json":{"title":"Infos paroissiales du 9 mai 2021 - Doyenn\u00e9 Sud Charente","robots":{"index":"index","follow":"follow","max-snippet":"max-snippet:-1","max-image-preview":"max-image-preview:large","max-video-preview":"max-video-preview:-1"},"canonical":"https:\/\/charente.catholique.fr\/sud-charente\/actualites\/infos-paroissiales-du-9-mai-2021\/","og_locale":"fr_FR","og_type":"article","og_title":"Infos paroissiales du 9 mai 2021 - Doyenn\u00e9 Sud Charente","og_description":"A tous les paroissiens de la paroisse Barbezieux &#8211; Baignes &#8211; Barret Bonsoir \u00e0 tous !A la fin de ce week-end, voici les nouvelles de la paroisse : ce qui s&#8217;est pass\u00e9 cette semaine et ce week-end, et ce qui est \u00e0 vivre les prochains jours et les prochaines semaines.&#8211; Ce dimanche, 15 enfants recevaient [&hellip;]","og_url":"https:\/\/charente.catholique.fr\/sud-charente\/actualites\/infos-paroissiales-du-9-mai-2021\/","og_site_name":"Doyenn\u00e9 Sud Charente","article_publisher":"https:\/\/www.facebook.com\/EgliseCatholiqueCharente","article_published_time":"2021-05-09T20:52:35+00:00","article_modified_time":"2021-05-09T20:52:36+00:00","og_image":[{"width":4819,"height":1449,"url":"https:\/\/charente.catholique.fr\/sud-charente\/wp-content\/uploads\/sites\/5\/2020\/07\/logo_paroissebbb.png","type":"image\/png"}],"author":"Beno\u00eet","twitter_card":"summary_large_image","twitter_creator":"@diocesecharente","twitter_site":"@diocesecharente","twitter_misc":{"\u00c9crit par":"Beno\u00eet","Dur\u00e9e de lecture estim\u00e9e":"4 minutes"},"schema":{"@context":"https:\/\/schema.org","@graph":[{"@type":"Article","@id":"https:\/\/charente.catholique.fr\/sud-charente\/actualites\/infos-paroissiales-du-9-mai-2021\/#article","isPartOf":{"@id":"https:\/\/charente.catholique.fr\/sud-charente\/actualites\/infos-paroissiales-du-9-mai-2021\/"},"author":{"name":"Beno\u00eet","@id":"https:\/\/charente.catholique.fr\/sud-charente\/#\/schema\/person\/ddcc6ba32a4484b49a276652de901387"},"headline":"Infos paroissiales du 9 mai 2021","datePublished":"2021-05-09T20:52:35+00:00","dateModified":"2021-05-09T20:52:36+00:00","mainEntityOfPage":{"@id":"https:\/\/charente.catholique.fr\/sud-charente\/actualites\/infos-paroissiales-du-9-mai-2021\/"},"wordCount":822,"commentCount":0,"publisher":{"@id":"https:\/\/charente.catholique.fr\/sud-charente\/#organization"},"image":{"@id":"https:\/\/charente.catholique.fr\/sud-charente\/actualites\/infos-paroissiales-du-9-mai-2021\/#primaryimage"},"thumbnailUrl":"https:\/\/charente.catholique.fr\/sud-charente\/wp-content\/uploads\/sites\/5\/2020\/07\/logo_paroissebbb.png","articleSection":["Actualit\u00e9s","Barbezieux","Infos paroissiales"],"inLanguage":"fr-FR","potentialAction":[{"@type":"CommentAction","name":"Comment","target":["https:\/\/charente.catholique.fr\/sud-charente\/actualites\/infos-paroissiales-du-9-mai-2021\/#respond"]}]},{"@type":"WebPage","@id":"https:\/\/charente.catholique.fr\/sud-charente\/actualites\/infos-paroissiales-du-9-mai-2021\/","url":"https:\/\/charente.catholique.fr\/sud-charente\/actualites\/infos-paroissiales-du-9-mai-2021\/","name":"Infos paroissiales du 9 mai 2021 - Doyenn\u00e9 Sud Charente","isPartOf":{"@id":"https:\/\/charente.catholique.fr\/sud-charente\/#website"},"primaryImageOfPage":{"@id":"https:\/\/charente.catholique.fr\/sud-charente\/actualites\/infos-paroissiales-du-9-mai-2021\/#primaryimage"},"image":{"@id":"https:\/\/charente.catholique.fr\/sud-charente\/actualites\/infos-paroissiales-du-9-mai-2021\/#primaryimage"},"thumbnailUrl":"https:\/\/charente.catholique.fr\/sud-charente\/wp-content\/uploads\/sites\/5\/2020\/07\/logo_paroissebbb.png","datePublished":"2021-05-09T20:52:35+00:00","dateModified":"2021-05-09T20:52:36+00:00","breadcrumb":{"@id":"https:\/\/charente.catholique.fr\/sud-charente\/actualites\/infos-paroissiales-du-9-mai-2021\/#breadcrumb"},"inLanguage":"fr-FR","potentialAction":[{"@type":"ReadAction","target":["https:\/\/charente.catholique.fr\/sud-charente\/actualites\/infos-paroissiales-du-9-mai-2021\/"]}]},{"@type":"ImageObject","inLanguage":"fr-FR","@id":"https:\/\/charente.catholique.fr\/sud-charente\/actualites\/infos-paroissiales-du-9-mai-2021\/#primaryimage","url":"https:\/\/charente.catholique.fr\/sud-charente\/wp-content\/uploads\/sites\/5\/2020\/07\/logo_paroissebbb.png","contentUrl":"https:\/\/charente.catholique.fr\/sud-charente\/wp-content\/uploads\/sites\/5\/2020\/07\/logo_paroissebbb.png","width":4819,"height":1449},{"@type":"BreadcrumbList","@id":"https:\/\/charente.catholique.fr\/sud-charente\/actualites\/infos-paroissiales-du-9-mai-2021\/#breadcrumb","itemListElement":[{"@type":"ListItem","position":1,"name":"Accueil","item":"https:\/\/charente.catholique.fr\/sud-charente\/"},{"@type":"ListItem","position":2,"name":"Infos paroissiales du 9 mai 2021"}]},{"@type":"WebSite","@id":"https:\/\/charente.catholique.fr\/sud-charente\/#website","url":"https:\/\/charente.catholique.fr\/sud-charente\/","name":"Doyenn\u00e9 Sud Charente - Dioc\u00e8se d'Angoul\u00eame","description":"Dioc\u00e8se d&#039;Angoul\u00eame","publisher":{"@id":"https:\/\/charente.catholique.fr\/sud-charente\/#organization"},"potentialAction":[{"@type":"SearchAction","target":{"@type":"EntryPoint","urlTemplate":"https:\/\/charente.catholique.fr\/sud-charente\/?s={search_term_string}"},"query-input":{"@type":"PropertyValueSpecification","valueRequired":true,"valueName":"search_term_string"}}],"inLanguage":"fr-FR"},{"@type":"Organization","@id":"https:\/\/charente.catholique.fr\/sud-charente\/#organization","name":"Association dioc\u00e9saine d'Angoul\u00eame","url":"https:\/\/charente.catholique.fr\/sud-charente\/","logo":{"@type":"ImageObject","inLanguage":"fr-FR","@id":"https:\/\/charente.catholique.fr\/sud-charente\/#\/schema\/logo\/image\/","url":"https:\/\/charente.catholique.fr\/sud-charente\/wp-content\/uploads\/sites\/5\/2020\/10\/logos.png","contentUrl":"https:\/\/charente.catholique.fr\/sud-charente\/wp-content\/uploads\/sites\/5\/2020\/10\/logos.png","width":600,"height":257,"caption":"Association dioc\u00e9saine d'Angoul\u00eame"},"image":{"@id":"https:\/\/charente.catholique.fr\/sud-charente\/#\/schema\/logo\/image\/"},"sameAs":["https:\/\/www.facebook.com\/EgliseCatholiqueCharente","https:\/\/x.com\/diocesecharente","https:\/\/www.instagram.com\/eglisecharente","https:\/\/www.youtube.com\/channel\/UCByyFWApZbw3gDTiADoiAaQ"]},{"@type":"Person","@id":"https:\/\/charente.catholique.fr\/sud-charente\/#\/schema\/person\/ddcc6ba32a4484b49a276652de901387","name":"Beno\u00eet","image":{"@type":"ImageObject","inLanguage":"fr-FR","@id":"https:\/\/charente.catholique.fr\/sud-charente\/#\/schema\/person\/image\/","url":"https:\/\/secure.gravatar.com\/avatar\/367de281020c81cafc6a2f9b79fef00a1981a890412ad8b09b11385575886666?s=96&d=mm&r=g","contentUrl":"https:\/\/secure.gravatar.com\/avatar\/367de281020c81cafc6a2f9b79fef00a1981a890412ad8b09b11385575886666?s=96&d=mm&r=g","caption":"Beno\u00eet"},"url":"https:\/\/charente.catholique.fr\/sud-charente\/author\/benoitlecomte\/"}]}},"_links":{"self":[{"href":"https:\/\/charente.catholique.fr\/sud-charente\/wp-json\/wp\/v2\/posts\/2088","targetHints":{"allow":["GET"]}}],"collection":[{"href":"https:\/\/charente.catholique.fr\/sud-charente\/wp-json\/wp\/v2\/posts"}],"about":[{"href":"https:\/\/charente.catholique.fr\/sud-charente\/wp-json\/wp\/v2\/types\/post"}],"author":[{"embeddable":true,"href":"https:\/\/charente.catholique.fr\/sud-charente\/wp-json\/wp\/v2\/users\/4"}],"replies":[{"embeddable":true,"href":"https:\/\/charente.catholique.fr\/sud-charente\/wp-json\/wp\/v2\/comments?post=2088"}],"version-history":[{"count":1,"href":"https:\/\/charente.catholique.fr\/sud-charente\/wp-json\/wp\/v2\/posts\/2088\/revisions"}],"predecessor-version":[{"id":2089,"href":"https:\/\/charente.catholique.fr\/sud-charente\/wp-json\/wp\/v2\/posts\/2088\/revisions\/2089"}],"wp:featuredmedia":[{"embeddable":true,"href":"https:\/\/charente.catholique.fr\/sud-charente\/wp-json\/wp\/v2\/media\/193"}],"wp:attachment":[{"href":"https:\/\/charente.catholique.fr\/sud-charente\/wp-json\/wp\/v2\/media?parent=2088"}],"wp:term":[{"taxonomy":"category","embeddable":true,"href":"https:\/\/charente.catholique.fr\/sud-charente\/wp-json\/wp\/v2\/categories?post=2088"},{"taxonomy":"post_tag","embeddable":true,"href":"https:\/\/charente.catholique.fr\/sud-charente\/wp-json\/wp\/v2\/tags?post=2088"}],"curies":[{"name":"wp","href":"https:\/\/api.w.org\/{rel}","templated":true}]}}