{"id":1849,"date":"2021-04-18T20:25:19","date_gmt":"2021-04-18T18:25:19","guid":{"rendered":"https:\/\/charente.catholique.fr\/sud-charente\/?p=1849"},"modified":"2021-04-18T20:25:19","modified_gmt":"2021-04-18T18:25:19","slug":"echos-de-lequipe-danimation-de-la-paroisse-du-15-avril-2021","status":"publish","type":"post","link":"https:\/\/charente.catholique.fr\/sud-charente\/actualites\/echos-de-lequipe-danimation-de-la-paroisse-du-15-avril-2021\/","title":{"rendered":"Echos de l&#8217;Equipe d&#8217;Animation de la Paroisse du 15 avril 2021"},"content":{"rendered":"\n<p>Un riche \u00e9change a anim\u00e9 la rencontre de l&#8217;Equipe d&#8217;Animation Pastorale de la paroisse le 15 avril dernier. <\/p>\n\n\n\n<p>D&#8217;abord pour revenir sur ce que nous avons v\u00e9cu en paroisse et en doyenn\u00e9 au cours du <strong>car\u00eame, de la semaine sainte et des c\u00e9l\u00e9brations de P\u00e2ques<\/strong>, et pour nous r\u00e9jouir de ce qui a \u00e9t\u00e9 v\u00e9cu, gr\u00e2ce \u00e0 la contribution et \u00e0 la participation de chacun !<\/p>\n\n\n\n<p>Les chemins de croix du vendredi saint dans les \u00e9glises ont permis \u00e0 beaucoup de monde de se retrouver, d&#8217;ouvrir les \u00e9glises parfois ferm\u00e9es, de d\u00e9couvrir la possibilit\u00e9 de prier \u00e0 quelques-uns dans bien des villages. Ces signes sont tr\u00e8s encourageants et donnent envie de continuer \u00e0 favoriser ce type de rencontres ! Tout ce qu&#8217;on peut faire pour ouvrir les \u00e9glises, il faut le faire !<\/p>\n\n\n\n<p>Le th\u00e8me du car\u00eame a \u00e9t\u00e9 porteur. La vigile de P\u00e2ques a \u00e9t\u00e9 appr\u00e9ci\u00e9e de tous, dans la beaut\u00e9 du soleil levant. Chaque jour saint a \u00e9t\u00e9 v\u00e9cu \u00e0 plein ! M\u00eame si les horaires des c\u00e9l\u00e9brations n&#8217;ont pas permis \u00e0 ceux qui travaillaient de participer autant qu&#8217;ils le souhaitaient. <\/p>\n\n\n\n<p><\/p>\n\n\n\n<p><strong>La pri\u00e8re \u00e0 l&#8217;occasion du dimanche de la mis\u00e9ricorde<\/strong> a elle aussi \u00e9t\u00e9 tr\u00e8s appr\u00e9ci\u00e9e par tous ceux qui y ont particip\u00e9. Une c\u00e9l\u00e9bration nourrissante, habitant le c\u0153ur, qui a touch\u00e9 les gens. les personnes se sont senties accueillies. On note \u00e9galement la richesse de la dimension \u0153cum\u00e9nique lors de ce temps de pri\u00e8re. Une initiative \u00e0 r\u00e9it\u00e9rer !<\/p>\n\n\n\n<p><strong>Proposition d&#8217;\u00e9coute et de pri\u00e8re fraternelle.<\/strong><\/p>\n\n\n\n<p>L&#8217;EAP a continu\u00e9 de r\u00e9fl\u00e9chir \u00e0 la mise en place de temps d&#8217;\u00e9coute, de pri\u00e8re fraternelle et communautaire pour r\u00e9pondre au besoin qui se fait sentir dans la paroisse. Beaucoup de choses ont \u00e9t\u00e9 \u00e9chang\u00e9es. Une formation \u00e0 l&#8217;\u00e9coute pourra \u00eatre mise en place prochainement pour celles et ceux qui seraient appel\u00e9s \u00e0 exercer ce type de &#8220;minist\u00e8re&#8221;. Une rencontre est \u00e0 suivre avec celles et ceux qui portent cette question depuis quelques temps pour r\u00e9fl\u00e9chir \u00e0 cette formation, aux soubassements th\u00e9ologiques mis en \u0153uvre, etc. <\/p>\n\n\n\n<p>Dans le m\u00eame ordre d&#8217;id\u00e9e, l&#8217;EAP a \u00e9t\u00e9 sollicit\u00e9 \u00e0 propos de l&#8217;\u00e9coute, l&#8217;accueil et l&#8217;accompagnement <strong>des personnes en situation de rupture dans leur couple<\/strong>, ou de divorce. En cette &#8221; ann\u00e9e de la famille &#8220;, l&#8217;EAP entend cette interpellation avec force et souhaite y donner suite rapidement. <\/p>\n\n\n\n<p><\/p>\n\n\n\n<p><strong>Suites de la journ\u00e9e de doyenn\u00e9 sur les &#8221; Pauvret\u00e9s et solidarit\u00e9s en Sud Charente &#8221; du 20 mars dernier<\/strong><\/p>\n\n\n\n<p>Des contacts sont pris avec le r\u00e9seau &#8220;Monalisa&#8221; (contre l&#8217;isolement des personnes \u00e2g\u00e9es) et &#8220;MOSC&#8221; (Mobilit\u00e9 Ouest Sud Charente). Des partenariats pourraient \u00eatre r\u00e9fl\u00e9chis, ainsi que des \u00e9changes de r\u00e9flexions et de bonnes pratiques. <\/p>\n\n\n\n<p><strong>Projet d&#8217;int\u00e9r\u00eat g\u00e9n\u00e9ral<\/strong><\/p>\n\n\n\n<p>La paroisse pourrait \u00eatre porteuse d&#8217;un projet d&#8217;int\u00e9r\u00eat g\u00e9n\u00e9ral invitant \u00e0 repenser l&#8217;organisation et l&#8217;agencement des salles paroissiales de Barbezieux pour en faire un lieu de rencontres beaucoup plus ouvert. Une \u00e9quipe va \u00eatre constitu\u00e9e pour porter ce projet. <\/p>\n\n\n\n<p><\/p>\n\n\n\n<p><strong>La prochaine rencontre de l&#8217;EAP aura lieu le mardi 11 mai. <\/strong><\/p>\n","protected":false},"excerpt":{"rendered":"<p>Un riche \u00e9change a anim\u00e9 la rencontre de l&#8217;Equipe d&#8217;Animation Pastorale de la paroisse le 15 avril dernier. D&#8217;abord pour revenir sur ce que nous avons v\u00e9cu en paroisse et en doyenn\u00e9 au cours du car\u00eame, de la semaine sainte et des c\u00e9l\u00e9brations de P\u00e2ques, et pour nous r\u00e9jouir de ce qui a \u00e9t\u00e9 v\u00e9cu, [&hellip;]<\/p>\n","protected":false},"author":4,"featured_media":193,"comment_status":"open","ping_status":"open","sticky":false,"template":"","format":"standard","meta":{"_acf_changed":false,"paroisse":["15"],"service":["0"],"footnotes":""},"categories":[1,4,9],"tags":[],"class_list":["post-1849","post","type-post","status-publish","format-standard","has-post-thumbnail","hentry","category-actualites","category-barbezieux","category-equipe-danimation-pastorale","validated"],"acf":[],"yoast_head":"<!-- This site is optimized with the Yoast SEO plugin v27.1.1 - https:\/\/yoast.com\/product\/yoast-seo-wordpress\/ -->\n<title>Echos de l&#039;Equipe d&#039;Animation de la Paroisse du 15 avril 2021 - Doyenn\u00e9 Sud Charente<\/title>\n<meta name=\"robots\" content=\"index, follow, max-snippet:-1, max-image-preview:large, max-video-preview:-1\" \/>\n<link rel=\"canonical\" href=\"https:\/\/charente.catholique.fr\/sud-charente\/actualites\/echos-de-lequipe-danimation-de-la-paroisse-du-15-avril-2021\/\" \/>\n<meta property=\"og:locale\" content=\"fr_FR\" \/>\n<meta property=\"og:type\" content=\"article\" \/>\n<meta property=\"og:title\" content=\"Echos de l&#039;Equipe d&#039;Animation de la Paroisse du 15 avril 2021 - Doyenn\u00e9 Sud Charente\" \/>\n<meta property=\"og:description\" content=\"Un riche \u00e9change a anim\u00e9 la rencontre de l&#8217;Equipe d&#8217;Animation Pastorale de la paroisse le 15 avril dernier. D&#8217;abord pour revenir sur ce que nous avons v\u00e9cu en paroisse et en doyenn\u00e9 au cours du car\u00eame, de la semaine sainte et des c\u00e9l\u00e9brations de P\u00e2ques, et pour nous r\u00e9jouir de ce qui a \u00e9t\u00e9 v\u00e9cu, [&hellip;]\" \/>\n<meta property=\"og:url\" content=\"https:\/\/charente.catholique.fr\/sud-charente\/actualites\/echos-de-lequipe-danimation-de-la-paroisse-du-15-avril-2021\/\" \/>\n<meta property=\"og:site_name\" content=\"Doyenn\u00e9 Sud Charente\" \/>\n<meta property=\"article:publisher\" content=\"https:\/\/www.facebook.com\/EgliseCatholiqueCharente\" \/>\n<meta property=\"article:published_time\" content=\"2021-04-18T18:25:19+00:00\" \/>\n<meta property=\"og:image\" content=\"https:\/\/charente.catholique.fr\/sud-charente\/wp-content\/uploads\/sites\/5\/2020\/07\/logo_paroissebbb.png\" \/>\n\t<meta property=\"og:image:width\" content=\"4819\" \/>\n\t<meta property=\"og:image:height\" content=\"1449\" \/>\n\t<meta property=\"og:image:type\" content=\"image\/png\" \/>\n<meta name=\"author\" content=\"Beno\u00eet\" \/>\n<meta name=\"twitter:card\" content=\"summary_large_image\" \/>\n<meta name=\"twitter:creator\" content=\"@diocesecharente\" \/>\n<meta name=\"twitter:site\" content=\"@diocesecharente\" \/>\n<meta name=\"twitter:label1\" content=\"\u00c9crit par\" \/>\n\t<meta name=\"twitter:data1\" content=\"Beno\u00eet\" \/>\n\t<meta name=\"twitter:label2\" content=\"Dur\u00e9e de lecture estim\u00e9e\" \/>\n\t<meta name=\"twitter:data2\" content=\"3 minutes\" \/>\n<script type=\"application\/ld+json\" class=\"yoast-schema-graph\">{\"@context\":\"https:\/\/schema.org\",\"@graph\":[{\"@type\":\"Article\",\"@id\":\"https:\/\/charente.catholique.fr\/sud-charente\/actualites\/echos-de-lequipe-danimation-de-la-paroisse-du-15-avril-2021\/#article\",\"isPartOf\":{\"@id\":\"https:\/\/charente.catholique.fr\/sud-charente\/actualites\/echos-de-lequipe-danimation-de-la-paroisse-du-15-avril-2021\/\"},\"author\":{\"name\":\"Beno\u00eet\",\"@id\":\"https:\/\/charente.catholique.fr\/sud-charente\/#\/schema\/person\/ddcc6ba32a4484b49a276652de901387\"},\"headline\":\"Echos de l&#8217;Equipe d&#8217;Animation de la Paroisse du 15 avril 2021\",\"datePublished\":\"2021-04-18T18:25:19+00:00\",\"mainEntityOfPage\":{\"@id\":\"https:\/\/charente.catholique.fr\/sud-charente\/actualites\/echos-de-lequipe-danimation-de-la-paroisse-du-15-avril-2021\/\"},\"wordCount\":560,\"commentCount\":0,\"publisher\":{\"@id\":\"https:\/\/charente.catholique.fr\/sud-charente\/#organization\"},\"image\":{\"@id\":\"https:\/\/charente.catholique.fr\/sud-charente\/actualites\/echos-de-lequipe-danimation-de-la-paroisse-du-15-avril-2021\/#primaryimage\"},\"thumbnailUrl\":\"https:\/\/charente.catholique.fr\/sud-charente\/wp-content\/uploads\/sites\/5\/2020\/07\/logo_paroissebbb.png\",\"articleSection\":[\"Actualit\u00e9s\",\"Barbezieux\",\"Equipe d'Animation Pastorale\"],\"inLanguage\":\"fr-FR\",\"potentialAction\":[{\"@type\":\"CommentAction\",\"name\":\"Comment\",\"target\":[\"https:\/\/charente.catholique.fr\/sud-charente\/actualites\/echos-de-lequipe-danimation-de-la-paroisse-du-15-avril-2021\/#respond\"]}]},{\"@type\":\"WebPage\",\"@id\":\"https:\/\/charente.catholique.fr\/sud-charente\/actualites\/echos-de-lequipe-danimation-de-la-paroisse-du-15-avril-2021\/\",\"url\":\"https:\/\/charente.catholique.fr\/sud-charente\/actualites\/echos-de-lequipe-danimation-de-la-paroisse-du-15-avril-2021\/\",\"name\":\"Echos de l'Equipe d'Animation de la Paroisse du 15 avril 2021 - Doyenn\u00e9 Sud Charente\",\"isPartOf\":{\"@id\":\"https:\/\/charente.catholique.fr\/sud-charente\/#website\"},\"primaryImageOfPage\":{\"@id\":\"https:\/\/charente.catholique.fr\/sud-charente\/actualites\/echos-de-lequipe-danimation-de-la-paroisse-du-15-avril-2021\/#primaryimage\"},\"image\":{\"@id\":\"https:\/\/charente.catholique.fr\/sud-charente\/actualites\/echos-de-lequipe-danimation-de-la-paroisse-du-15-avril-2021\/#primaryimage\"},\"thumbnailUrl\":\"https:\/\/charente.catholique.fr\/sud-charente\/wp-content\/uploads\/sites\/5\/2020\/07\/logo_paroissebbb.png\",\"datePublished\":\"2021-04-18T18:25:19+00:00\",\"breadcrumb\":{\"@id\":\"https:\/\/charente.catholique.fr\/sud-charente\/actualites\/echos-de-lequipe-danimation-de-la-paroisse-du-15-avril-2021\/#breadcrumb\"},\"inLanguage\":\"fr-FR\",\"potentialAction\":[{\"@type\":\"ReadAction\",\"target\":[\"https:\/\/charente.catholique.fr\/sud-charente\/actualites\/echos-de-lequipe-danimation-de-la-paroisse-du-15-avril-2021\/\"]}]},{\"@type\":\"ImageObject\",\"inLanguage\":\"fr-FR\",\"@id\":\"https:\/\/charente.catholique.fr\/sud-charente\/actualites\/echos-de-lequipe-danimation-de-la-paroisse-du-15-avril-2021\/#primaryimage\",\"url\":\"https:\/\/charente.catholique.fr\/sud-charente\/wp-content\/uploads\/sites\/5\/2020\/07\/logo_paroissebbb.png\",\"contentUrl\":\"https:\/\/charente.catholique.fr\/sud-charente\/wp-content\/uploads\/sites\/5\/2020\/07\/logo_paroissebbb.png\",\"width\":4819,\"height\":1449},{\"@type\":\"BreadcrumbList\",\"@id\":\"https:\/\/charente.catholique.fr\/sud-charente\/actualites\/echos-de-lequipe-danimation-de-la-paroisse-du-15-avril-2021\/#breadcrumb\",\"itemListElement\":[{\"@type\":\"ListItem\",\"position\":1,\"name\":\"Accueil\",\"item\":\"https:\/\/charente.catholique.fr\/sud-charente\/\"},{\"@type\":\"ListItem\",\"position\":2,\"name\":\"Echos de l&#8217;Equipe d&#8217;Animation de la Paroisse du 15 avril 2021\"}]},{\"@type\":\"WebSite\",\"@id\":\"https:\/\/charente.catholique.fr\/sud-charente\/#website\",\"url\":\"https:\/\/charente.catholique.fr\/sud-charente\/\",\"name\":\"Doyenn\u00e9 Sud Charente - Dioc\u00e8se d'Angoul\u00eame\",\"description\":\"Dioc\u00e8se d&#039;Angoul\u00eame\",\"publisher\":{\"@id\":\"https:\/\/charente.catholique.fr\/sud-charente\/#organization\"},\"potentialAction\":[{\"@type\":\"SearchAction\",\"target\":{\"@type\":\"EntryPoint\",\"urlTemplate\":\"https:\/\/charente.catholique.fr\/sud-charente\/?s={search_term_string}\"},\"query-input\":{\"@type\":\"PropertyValueSpecification\",\"valueRequired\":true,\"valueName\":\"search_term_string\"}}],\"inLanguage\":\"fr-FR\"},{\"@type\":\"Organization\",\"@id\":\"https:\/\/charente.catholique.fr\/sud-charente\/#organization\",\"name\":\"Association dioc\u00e9saine d'Angoul\u00eame\",\"url\":\"https:\/\/charente.catholique.fr\/sud-charente\/\",\"logo\":{\"@type\":\"ImageObject\",\"inLanguage\":\"fr-FR\",\"@id\":\"https:\/\/charente.catholique.fr\/sud-charente\/#\/schema\/logo\/image\/\",\"url\":\"https:\/\/charente.catholique.fr\/sud-charente\/wp-content\/uploads\/sites\/5\/2020\/10\/logos.png\",\"contentUrl\":\"https:\/\/charente.catholique.fr\/sud-charente\/wp-content\/uploads\/sites\/5\/2020\/10\/logos.png\",\"width\":600,\"height\":257,\"caption\":\"Association dioc\u00e9saine d'Angoul\u00eame\"},\"image\":{\"@id\":\"https:\/\/charente.catholique.fr\/sud-charente\/#\/schema\/logo\/image\/\"},\"sameAs\":[\"https:\/\/www.facebook.com\/EgliseCatholiqueCharente\",\"https:\/\/x.com\/diocesecharente\",\"https:\/\/www.instagram.com\/eglisecharente\",\"https:\/\/www.youtube.com\/channel\/UCByyFWApZbw3gDTiADoiAaQ\"]},{\"@type\":\"Person\",\"@id\":\"https:\/\/charente.catholique.fr\/sud-charente\/#\/schema\/person\/ddcc6ba32a4484b49a276652de901387\",\"name\":\"Beno\u00eet\",\"image\":{\"@type\":\"ImageObject\",\"inLanguage\":\"fr-FR\",\"@id\":\"https:\/\/charente.catholique.fr\/sud-charente\/#\/schema\/person\/image\/\",\"url\":\"https:\/\/secure.gravatar.com\/avatar\/367de281020c81cafc6a2f9b79fef00a1981a890412ad8b09b11385575886666?s=96&d=mm&r=g\",\"contentUrl\":\"https:\/\/secure.gravatar.com\/avatar\/367de281020c81cafc6a2f9b79fef00a1981a890412ad8b09b11385575886666?s=96&d=mm&r=g\",\"caption\":\"Beno\u00eet\"},\"url\":\"https:\/\/charente.catholique.fr\/sud-charente\/author\/benoitlecomte\/\"}]}<\/script>\n<!-- \/ Yoast SEO plugin. -->","yoast_head_json":{"title":"Echos de l'Equipe d'Animation de la Paroisse du 15 avril 2021 - Doyenn\u00e9 Sud Charente","robots":{"index":"index","follow":"follow","max-snippet":"max-snippet:-1","max-image-preview":"max-image-preview:large","max-video-preview":"max-video-preview:-1"},"canonical":"https:\/\/charente.catholique.fr\/sud-charente\/actualites\/echos-de-lequipe-danimation-de-la-paroisse-du-15-avril-2021\/","og_locale":"fr_FR","og_type":"article","og_title":"Echos de l'Equipe d'Animation de la Paroisse du 15 avril 2021 - Doyenn\u00e9 Sud Charente","og_description":"Un riche \u00e9change a anim\u00e9 la rencontre de l&#8217;Equipe d&#8217;Animation Pastorale de la paroisse le 15 avril dernier. D&#8217;abord pour revenir sur ce que nous avons v\u00e9cu en paroisse et en doyenn\u00e9 au cours du car\u00eame, de la semaine sainte et des c\u00e9l\u00e9brations de P\u00e2ques, et pour nous r\u00e9jouir de ce qui a \u00e9t\u00e9 v\u00e9cu, [&hellip;]","og_url":"https:\/\/charente.catholique.fr\/sud-charente\/actualites\/echos-de-lequipe-danimation-de-la-paroisse-du-15-avril-2021\/","og_site_name":"Doyenn\u00e9 Sud Charente","article_publisher":"https:\/\/www.facebook.com\/EgliseCatholiqueCharente","article_published_time":"2021-04-18T18:25:19+00:00","og_image":[{"width":4819,"height":1449,"url":"https:\/\/charente.catholique.fr\/sud-charente\/wp-content\/uploads\/sites\/5\/2020\/07\/logo_paroissebbb.png","type":"image\/png"}],"author":"Beno\u00eet","twitter_card":"summary_large_image","twitter_creator":"@diocesecharente","twitter_site":"@diocesecharente","twitter_misc":{"\u00c9crit par":"Beno\u00eet","Dur\u00e9e de lecture estim\u00e9e":"3 minutes"},"schema":{"@context":"https:\/\/schema.org","@graph":[{"@type":"Article","@id":"https:\/\/charente.catholique.fr\/sud-charente\/actualites\/echos-de-lequipe-danimation-de-la-paroisse-du-15-avril-2021\/#article","isPartOf":{"@id":"https:\/\/charente.catholique.fr\/sud-charente\/actualites\/echos-de-lequipe-danimation-de-la-paroisse-du-15-avril-2021\/"},"author":{"name":"Beno\u00eet","@id":"https:\/\/charente.catholique.fr\/sud-charente\/#\/schema\/person\/ddcc6ba32a4484b49a276652de901387"},"headline":"Echos de l&#8217;Equipe d&#8217;Animation de la Paroisse du 15 avril 2021","datePublished":"2021-04-18T18:25:19+00:00","mainEntityOfPage":{"@id":"https:\/\/charente.catholique.fr\/sud-charente\/actualites\/echos-de-lequipe-danimation-de-la-paroisse-du-15-avril-2021\/"},"wordCount":560,"commentCount":0,"publisher":{"@id":"https:\/\/charente.catholique.fr\/sud-charente\/#organization"},"image":{"@id":"https:\/\/charente.catholique.fr\/sud-charente\/actualites\/echos-de-lequipe-danimation-de-la-paroisse-du-15-avril-2021\/#primaryimage"},"thumbnailUrl":"https:\/\/charente.catholique.fr\/sud-charente\/wp-content\/uploads\/sites\/5\/2020\/07\/logo_paroissebbb.png","articleSection":["Actualit\u00e9s","Barbezieux","Equipe d'Animation Pastorale"],"inLanguage":"fr-FR","potentialAction":[{"@type":"CommentAction","name":"Comment","target":["https:\/\/charente.catholique.fr\/sud-charente\/actualites\/echos-de-lequipe-danimation-de-la-paroisse-du-15-avril-2021\/#respond"]}]},{"@type":"WebPage","@id":"https:\/\/charente.catholique.fr\/sud-charente\/actualites\/echos-de-lequipe-danimation-de-la-paroisse-du-15-avril-2021\/","url":"https:\/\/charente.catholique.fr\/sud-charente\/actualites\/echos-de-lequipe-danimation-de-la-paroisse-du-15-avril-2021\/","name":"Echos de l'Equipe d'Animation de la Paroisse du 15 avril 2021 - Doyenn\u00e9 Sud Charente","isPartOf":{"@id":"https:\/\/charente.catholique.fr\/sud-charente\/#website"},"primaryImageOfPage":{"@id":"https:\/\/charente.catholique.fr\/sud-charente\/actualites\/echos-de-lequipe-danimation-de-la-paroisse-du-15-avril-2021\/#primaryimage"},"image":{"@id":"https:\/\/charente.catholique.fr\/sud-charente\/actualites\/echos-de-lequipe-danimation-de-la-paroisse-du-15-avril-2021\/#primaryimage"},"thumbnailUrl":"https:\/\/charente.catholique.fr\/sud-charente\/wp-content\/uploads\/sites\/5\/2020\/07\/logo_paroissebbb.png","datePublished":"2021-04-18T18:25:19+00:00","breadcrumb":{"@id":"https:\/\/charente.catholique.fr\/sud-charente\/actualites\/echos-de-lequipe-danimation-de-la-paroisse-du-15-avril-2021\/#breadcrumb"},"inLanguage":"fr-FR","potentialAction":[{"@type":"ReadAction","target":["https:\/\/charente.catholique.fr\/sud-charente\/actualites\/echos-de-lequipe-danimation-de-la-paroisse-du-15-avril-2021\/"]}]},{"@type":"ImageObject","inLanguage":"fr-FR","@id":"https:\/\/charente.catholique.fr\/sud-charente\/actualites\/echos-de-lequipe-danimation-de-la-paroisse-du-15-avril-2021\/#primaryimage","url":"https:\/\/charente.catholique.fr\/sud-charente\/wp-content\/uploads\/sites\/5\/2020\/07\/logo_paroissebbb.png","contentUrl":"https:\/\/charente.catholique.fr\/sud-charente\/wp-content\/uploads\/sites\/5\/2020\/07\/logo_paroissebbb.png","width":4819,"height":1449},{"@type":"BreadcrumbList","@id":"https:\/\/charente.catholique.fr\/sud-charente\/actualites\/echos-de-lequipe-danimation-de-la-paroisse-du-15-avril-2021\/#breadcrumb","itemListElement":[{"@type":"ListItem","position":1,"name":"Accueil","item":"https:\/\/charente.catholique.fr\/sud-charente\/"},{"@type":"ListItem","position":2,"name":"Echos de l&#8217;Equipe d&#8217;Animation de la Paroisse du 15 avril 2021"}]},{"@type":"WebSite","@id":"https:\/\/charente.catholique.fr\/sud-charente\/#website","url":"https:\/\/charente.catholique.fr\/sud-charente\/","name":"Doyenn\u00e9 Sud Charente - Dioc\u00e8se d'Angoul\u00eame","description":"Dioc\u00e8se d&#039;Angoul\u00eame","publisher":{"@id":"https:\/\/charente.catholique.fr\/sud-charente\/#organization"},"potentialAction":[{"@type":"SearchAction","target":{"@type":"EntryPoint","urlTemplate":"https:\/\/charente.catholique.fr\/sud-charente\/?s={search_term_string}"},"query-input":{"@type":"PropertyValueSpecification","valueRequired":true,"valueName":"search_term_string"}}],"inLanguage":"fr-FR"},{"@type":"Organization","@id":"https:\/\/charente.catholique.fr\/sud-charente\/#organization","name":"Association dioc\u00e9saine d'Angoul\u00eame","url":"https:\/\/charente.catholique.fr\/sud-charente\/","logo":{"@type":"ImageObject","inLanguage":"fr-FR","@id":"https:\/\/charente.catholique.fr\/sud-charente\/#\/schema\/logo\/image\/","url":"https:\/\/charente.catholique.fr\/sud-charente\/wp-content\/uploads\/sites\/5\/2020\/10\/logos.png","contentUrl":"https:\/\/charente.catholique.fr\/sud-charente\/wp-content\/uploads\/sites\/5\/2020\/10\/logos.png","width":600,"height":257,"caption":"Association dioc\u00e9saine d'Angoul\u00eame"},"image":{"@id":"https:\/\/charente.catholique.fr\/sud-charente\/#\/schema\/logo\/image\/"},"sameAs":["https:\/\/www.facebook.com\/EgliseCatholiqueCharente","https:\/\/x.com\/diocesecharente","https:\/\/www.instagram.com\/eglisecharente","https:\/\/www.youtube.com\/channel\/UCByyFWApZbw3gDTiADoiAaQ"]},{"@type":"Person","@id":"https:\/\/charente.catholique.fr\/sud-charente\/#\/schema\/person\/ddcc6ba32a4484b49a276652de901387","name":"Beno\u00eet","image":{"@type":"ImageObject","inLanguage":"fr-FR","@id":"https:\/\/charente.catholique.fr\/sud-charente\/#\/schema\/person\/image\/","url":"https:\/\/secure.gravatar.com\/avatar\/367de281020c81cafc6a2f9b79fef00a1981a890412ad8b09b11385575886666?s=96&d=mm&r=g","contentUrl":"https:\/\/secure.gravatar.com\/avatar\/367de281020c81cafc6a2f9b79fef00a1981a890412ad8b09b11385575886666?s=96&d=mm&r=g","caption":"Beno\u00eet"},"url":"https:\/\/charente.catholique.fr\/sud-charente\/author\/benoitlecomte\/"}]}},"_links":{"self":[{"href":"https:\/\/charente.catholique.fr\/sud-charente\/wp-json\/wp\/v2\/posts\/1849","targetHints":{"allow":["GET"]}}],"collection":[{"href":"https:\/\/charente.catholique.fr\/sud-charente\/wp-json\/wp\/v2\/posts"}],"about":[{"href":"https:\/\/charente.catholique.fr\/sud-charente\/wp-json\/wp\/v2\/types\/post"}],"author":[{"embeddable":true,"href":"https:\/\/charente.catholique.fr\/sud-charente\/wp-json\/wp\/v2\/users\/4"}],"replies":[{"embeddable":true,"href":"https:\/\/charente.catholique.fr\/sud-charente\/wp-json\/wp\/v2\/comments?post=1849"}],"version-history":[{"count":1,"href":"https:\/\/charente.catholique.fr\/sud-charente\/wp-json\/wp\/v2\/posts\/1849\/revisions"}],"predecessor-version":[{"id":1850,"href":"https:\/\/charente.catholique.fr\/sud-charente\/wp-json\/wp\/v2\/posts\/1849\/revisions\/1850"}],"wp:featuredmedia":[{"embeddable":true,"href":"https:\/\/charente.catholique.fr\/sud-charente\/wp-json\/wp\/v2\/media\/193"}],"wp:attachment":[{"href":"https:\/\/charente.catholique.fr\/sud-charente\/wp-json\/wp\/v2\/media?parent=1849"}],"wp:term":[{"taxonomy":"category","embeddable":true,"href":"https:\/\/charente.catholique.fr\/sud-charente\/wp-json\/wp\/v2\/categories?post=1849"},{"taxonomy":"post_tag","embeddable":true,"href":"https:\/\/charente.catholique.fr\/sud-charente\/wp-json\/wp\/v2\/tags?post=1849"}],"curies":[{"name":"wp","href":"https:\/\/api.w.org\/{rel}","templated":true}]}}