{"id":1780,"date":"2021-04-04T20:05:42","date_gmt":"2021-04-04T18:05:42","guid":{"rendered":"https:\/\/charente.catholique.fr\/sud-charente\/?p=1780"},"modified":"2021-04-04T20:05:43","modified_gmt":"2021-04-04T18:05:43","slug":"alleluia-dites-le-chantez-le-avec-des-fleurs","status":"publish","type":"post","link":"https:\/\/charente.catholique.fr\/sud-charente\/actualites\/alleluia-dites-le-chantez-le-avec-des-fleurs\/","title":{"rendered":"ALL\u00c9LUIA ! Dites-le, chantez-le avec des fleurs !"},"content":{"rendered":"\n<p><\/p>\n\n\n\n<p><\/p>\n\n\n\n<p>S\u0153ur Fran\u00e7oise a \u00e9t\u00e9 cat\u00e9gorique\u00a0: \u00ab\u00a0pas question de coller sur notre puzzle du doyenn\u00e9 des fleurs qui ne seraient pas des fleurs de pardon\u00a0!\u00a0\u00bb Elle a raison, car les espaces d\u00e9couverts sont comme des appels d\u2019air pour les pardons \u00e0 venir, ceux qui vont fleurir aujourd\u2019hui et demain, il faut toujours faire de la place au pardon\u00a0! Mais il me semble que notre floraison vit une mutation\u00a0; aujourd\u2019hui c\u2019est P\u00e2ques et ce matin en m\u00eame temps que nos cloches de laudes sonnaient vos cloches de Vigiles pascales ( qui ne parvenaient pas pourtant \u00e0 assourdir les chants fous des oiseaux )<\/p>\n\n\n\n<p>Ce que nous n\u2019entendions pas encore pourtant c\u2019\u00e9tait le chant des fleurs partout dans la campagne , une d\u00e9lire, un fou-rire de fleurs sur toute l\u2019\u00e9tendue des terres en friche et m\u00eame ailleurs, jusqu\u2019\u00e0 vous faire sauter le b\u00e9ton, mine de rien&nbsp;: le chant des fleurs.<\/p>\n\n\n\n<p>Quand notre Christ ressuscit\u00e9 se met \u00e0 chanter, son chant r\u00e9sonne au plus profond du c\u0153ur, plus beau et plus doux que toutes les m\u00e9lodies du monde, il fleurit partout dans les ravins, les gouffres, dans les peines les plus dures comme dans le rire simple des enfants qui jouent, intelligent il ne prononce aucune parole qui tromperait son monde, il est apaisant car il s\u2019adresse directement et uniquement \u00e0 vous et vous salue par votre petit nom, celui des intimes que personne ne conna\u00eet sinon ceux qui nous aiment vraiment. Comme les sourires qui demandent aux portes ferm\u00e9es la permission d\u2019entrer, comme les bouquets que l\u2019on s\u2019offre quand on n\u2019ose plus dire je t\u2019aime tellement c\u2019est vrai, ou qu\u2019on ne peut plus rien dire tant on a de peine, c\u2019est ainsi qu\u2019il s\u2019approche en grand silence de chacun de nous.<\/p>\n\n\n\n<p>En pensant \u00e0 tous les enfants du doyenn\u00e9 soudain en vacances un peu forc\u00e9es pour trois semaines, je me suis dit que Dieu est g\u00e9nial pour envahir de bonheur les siens : nous sommes \u00e0 une \u00e9poque de l\u2019ann\u00e9e o\u00f9 les fleurs sont accessibles \u00e0 tous ceux qui veulent bien les voir, alors, les enfants, cueillez-les, mettez-en partout, sur les endroits d\u00e9laiss\u00e9s, les restaurants qui attendent des clients, les portes de cin\u00e9ma ferm\u00e9es, l\u00e0 o\u00f9 c\u2019est triste, l\u00e0 o\u00f9 c\u2019est gai, partout des bouquets de fleurs, justes coup\u00e9es, toute fra\u00eeches\u00a0! Il faut que notre doyenn\u00e9, et pas seulement le puzzle, se couvre de fleurs, ne passez pas une journ\u00e9e sans en offrir, sans embaumer la table, toutes les salles \u00e0 manger, et quand il vous reste du temps devenez des experts, apprenez tous les noms de fleurs et plantez-les l\u00e0 o\u00f9 il faut, l\u00e0 o\u00f9 elles aiment pousser\u00a0! Que pensez-vous de cette id\u00e9e\u00a0?<\/p>\n\n\n\n<p>ALL\u00c9LUIA&nbsp;! que Dieu vous b\u00e9nisse et vous remercie d\u2019exister&nbsp;!<\/p>\n\n\n\n<p>Vos s\u0153urs de Maumont<\/p>\n","protected":false},"excerpt":{"rendered":"<p>S\u0153ur Fran\u00e7oise a \u00e9t\u00e9 cat\u00e9gorique\u00a0: \u00ab\u00a0pas question de coller sur notre puzzle du doyenn\u00e9 des fleurs qui ne seraient pas des fleurs de pardon\u00a0!\u00a0\u00bb Elle a raison, car les espaces d\u00e9couverts sont comme des appels d\u2019air pour les pardons \u00e0 venir, ceux qui vont fleurir aujourd\u2019hui et demain, il faut toujours faire de la place [&hellip;]<\/p>\n","protected":false},"author":4,"featured_media":529,"comment_status":"open","ping_status":"open","sticky":false,"template":"","format":"standard","meta":{"_acf_changed":false,"paroisse":[""],"service":["0"],"footnotes":""},"categories":[13],"tags":[],"class_list":["post-1780","post","type-post","status-publish","format-standard","has-post-thumbnail","hentry","category-maumont","validated"],"acf":[],"yoast_head":"<!-- This site is optimized with the Yoast SEO plugin v27.1.1 - https:\/\/yoast.com\/product\/yoast-seo-wordpress\/ -->\n<title>ALL\u00c9LUIA ! Dites-le, chantez-le avec des fleurs ! - Doyenn\u00e9 Sud Charente<\/title>\n<meta name=\"robots\" content=\"index, follow, max-snippet:-1, max-image-preview:large, max-video-preview:-1\" \/>\n<link rel=\"canonical\" href=\"https:\/\/charente.catholique.fr\/sud-charente\/actualites\/alleluia-dites-le-chantez-le-avec-des-fleurs\/\" \/>\n<meta property=\"og:locale\" content=\"fr_FR\" \/>\n<meta property=\"og:type\" content=\"article\" \/>\n<meta property=\"og:title\" content=\"ALL\u00c9LUIA ! Dites-le, chantez-le avec des fleurs ! - Doyenn\u00e9 Sud Charente\" \/>\n<meta property=\"og:description\" content=\"S\u0153ur Fran\u00e7oise a \u00e9t\u00e9 cat\u00e9gorique\u00a0: \u00ab\u00a0pas question de coller sur notre puzzle du doyenn\u00e9 des fleurs qui ne seraient pas des fleurs de pardon\u00a0!\u00a0\u00bb Elle a raison, car les espaces d\u00e9couverts sont comme des appels d\u2019air pour les pardons \u00e0 venir, ceux qui vont fleurir aujourd\u2019hui et demain, il faut toujours faire de la place [&hellip;]\" \/>\n<meta property=\"og:url\" content=\"https:\/\/charente.catholique.fr\/sud-charente\/actualites\/alleluia-dites-le-chantez-le-avec-des-fleurs\/\" \/>\n<meta property=\"og:site_name\" content=\"Doyenn\u00e9 Sud Charente\" \/>\n<meta property=\"article:publisher\" content=\"https:\/\/www.facebook.com\/EgliseCatholiqueCharente\" \/>\n<meta property=\"article:published_time\" content=\"2021-04-04T18:05:42+00:00\" \/>\n<meta property=\"article:modified_time\" content=\"2021-04-04T18:05:43+00:00\" \/>\n<meta property=\"og:image\" content=\"https:\/\/charente.catholique.fr\/sud-charente\/wp-content\/uploads\/sites\/5\/2020\/11\/a-leglise-les-moniales-1.jpg\" \/>\n\t<meta property=\"og:image:width\" content=\"1106\" \/>\n\t<meta property=\"og:image:height\" content=\"484\" \/>\n\t<meta property=\"og:image:type\" content=\"image\/jpeg\" \/>\n<meta name=\"author\" content=\"Beno\u00eet\" \/>\n<meta name=\"twitter:card\" content=\"summary_large_image\" \/>\n<meta name=\"twitter:creator\" content=\"@diocesecharente\" \/>\n<meta name=\"twitter:site\" content=\"@diocesecharente\" \/>\n<meta name=\"twitter:label1\" content=\"\u00c9crit par\" \/>\n\t<meta name=\"twitter:data1\" content=\"Beno\u00eet\" \/>\n\t<meta name=\"twitter:label2\" content=\"Dur\u00e9e de lecture estim\u00e9e\" \/>\n\t<meta name=\"twitter:data2\" content=\"2 minutes\" \/>\n<script type=\"application\/ld+json\" class=\"yoast-schema-graph\">{\"@context\":\"https:\/\/schema.org\",\"@graph\":[{\"@type\":\"Article\",\"@id\":\"https:\/\/charente.catholique.fr\/sud-charente\/actualites\/alleluia-dites-le-chantez-le-avec-des-fleurs\/#article\",\"isPartOf\":{\"@id\":\"https:\/\/charente.catholique.fr\/sud-charente\/actualites\/alleluia-dites-le-chantez-le-avec-des-fleurs\/\"},\"author\":{\"name\":\"Beno\u00eet\",\"@id\":\"https:\/\/charente.catholique.fr\/sud-charente\/#\/schema\/person\/ddcc6ba32a4484b49a276652de901387\"},\"headline\":\"ALL\u00c9LUIA ! Dites-le, chantez-le avec des fleurs !\",\"datePublished\":\"2021-04-04T18:05:42+00:00\",\"dateModified\":\"2021-04-04T18:05:43+00:00\",\"mainEntityOfPage\":{\"@id\":\"https:\/\/charente.catholique.fr\/sud-charente\/actualites\/alleluia-dites-le-chantez-le-avec-des-fleurs\/\"},\"wordCount\":502,\"commentCount\":0,\"publisher\":{\"@id\":\"https:\/\/charente.catholique.fr\/sud-charente\/#organization\"},\"image\":{\"@id\":\"https:\/\/charente.catholique.fr\/sud-charente\/actualites\/alleluia-dites-le-chantez-le-avec-des-fleurs\/#primaryimage\"},\"thumbnailUrl\":\"https:\/\/charente.catholique.fr\/sud-charente\/wp-content\/uploads\/sites\/5\/2020\/11\/a-leglise-les-moniales-1.jpg\",\"articleSection\":[\"Maumont\"],\"inLanguage\":\"fr-FR\",\"potentialAction\":[{\"@type\":\"CommentAction\",\"name\":\"Comment\",\"target\":[\"https:\/\/charente.catholique.fr\/sud-charente\/actualites\/alleluia-dites-le-chantez-le-avec-des-fleurs\/#respond\"]}]},{\"@type\":\"WebPage\",\"@id\":\"https:\/\/charente.catholique.fr\/sud-charente\/actualites\/alleluia-dites-le-chantez-le-avec-des-fleurs\/\",\"url\":\"https:\/\/charente.catholique.fr\/sud-charente\/actualites\/alleluia-dites-le-chantez-le-avec-des-fleurs\/\",\"name\":\"ALL\u00c9LUIA ! Dites-le, chantez-le avec des fleurs ! - Doyenn\u00e9 Sud Charente\",\"isPartOf\":{\"@id\":\"https:\/\/charente.catholique.fr\/sud-charente\/#website\"},\"primaryImageOfPage\":{\"@id\":\"https:\/\/charente.catholique.fr\/sud-charente\/actualites\/alleluia-dites-le-chantez-le-avec-des-fleurs\/#primaryimage\"},\"image\":{\"@id\":\"https:\/\/charente.catholique.fr\/sud-charente\/actualites\/alleluia-dites-le-chantez-le-avec-des-fleurs\/#primaryimage\"},\"thumbnailUrl\":\"https:\/\/charente.catholique.fr\/sud-charente\/wp-content\/uploads\/sites\/5\/2020\/11\/a-leglise-les-moniales-1.jpg\",\"datePublished\":\"2021-04-04T18:05:42+00:00\",\"dateModified\":\"2021-04-04T18:05:43+00:00\",\"breadcrumb\":{\"@id\":\"https:\/\/charente.catholique.fr\/sud-charente\/actualites\/alleluia-dites-le-chantez-le-avec-des-fleurs\/#breadcrumb\"},\"inLanguage\":\"fr-FR\",\"potentialAction\":[{\"@type\":\"ReadAction\",\"target\":[\"https:\/\/charente.catholique.fr\/sud-charente\/actualites\/alleluia-dites-le-chantez-le-avec-des-fleurs\/\"]}]},{\"@type\":\"ImageObject\",\"inLanguage\":\"fr-FR\",\"@id\":\"https:\/\/charente.catholique.fr\/sud-charente\/actualites\/alleluia-dites-le-chantez-le-avec-des-fleurs\/#primaryimage\",\"url\":\"https:\/\/charente.catholique.fr\/sud-charente\/wp-content\/uploads\/sites\/5\/2020\/11\/a-leglise-les-moniales-1.jpg\",\"contentUrl\":\"https:\/\/charente.catholique.fr\/sud-charente\/wp-content\/uploads\/sites\/5\/2020\/11\/a-leglise-les-moniales-1.jpg\",\"width\":1106,\"height\":484},{\"@type\":\"BreadcrumbList\",\"@id\":\"https:\/\/charente.catholique.fr\/sud-charente\/actualites\/alleluia-dites-le-chantez-le-avec-des-fleurs\/#breadcrumb\",\"itemListElement\":[{\"@type\":\"ListItem\",\"position\":1,\"name\":\"Accueil\",\"item\":\"https:\/\/charente.catholique.fr\/sud-charente\/\"},{\"@type\":\"ListItem\",\"position\":2,\"name\":\"ALL\u00c9LUIA ! Dites-le, chantez-le avec des fleurs !\"}]},{\"@type\":\"WebSite\",\"@id\":\"https:\/\/charente.catholique.fr\/sud-charente\/#website\",\"url\":\"https:\/\/charente.catholique.fr\/sud-charente\/\",\"name\":\"Doyenn\u00e9 Sud Charente - Dioc\u00e8se d'Angoul\u00eame\",\"description\":\"Dioc\u00e8se d&#039;Angoul\u00eame\",\"publisher\":{\"@id\":\"https:\/\/charente.catholique.fr\/sud-charente\/#organization\"},\"potentialAction\":[{\"@type\":\"SearchAction\",\"target\":{\"@type\":\"EntryPoint\",\"urlTemplate\":\"https:\/\/charente.catholique.fr\/sud-charente\/?s={search_term_string}\"},\"query-input\":{\"@type\":\"PropertyValueSpecification\",\"valueRequired\":true,\"valueName\":\"search_term_string\"}}],\"inLanguage\":\"fr-FR\"},{\"@type\":\"Organization\",\"@id\":\"https:\/\/charente.catholique.fr\/sud-charente\/#organization\",\"name\":\"Association dioc\u00e9saine d'Angoul\u00eame\",\"url\":\"https:\/\/charente.catholique.fr\/sud-charente\/\",\"logo\":{\"@type\":\"ImageObject\",\"inLanguage\":\"fr-FR\",\"@id\":\"https:\/\/charente.catholique.fr\/sud-charente\/#\/schema\/logo\/image\/\",\"url\":\"https:\/\/charente.catholique.fr\/sud-charente\/wp-content\/uploads\/sites\/5\/2020\/10\/logos.png\",\"contentUrl\":\"https:\/\/charente.catholique.fr\/sud-charente\/wp-content\/uploads\/sites\/5\/2020\/10\/logos.png\",\"width\":600,\"height\":257,\"caption\":\"Association dioc\u00e9saine d'Angoul\u00eame\"},\"image\":{\"@id\":\"https:\/\/charente.catholique.fr\/sud-charente\/#\/schema\/logo\/image\/\"},\"sameAs\":[\"https:\/\/www.facebook.com\/EgliseCatholiqueCharente\",\"https:\/\/x.com\/diocesecharente\",\"https:\/\/www.instagram.com\/eglisecharente\",\"https:\/\/www.youtube.com\/channel\/UCByyFWApZbw3gDTiADoiAaQ\"]},{\"@type\":\"Person\",\"@id\":\"https:\/\/charente.catholique.fr\/sud-charente\/#\/schema\/person\/ddcc6ba32a4484b49a276652de901387\",\"name\":\"Beno\u00eet\",\"image\":{\"@type\":\"ImageObject\",\"inLanguage\":\"fr-FR\",\"@id\":\"https:\/\/charente.catholique.fr\/sud-charente\/#\/schema\/person\/image\/\",\"url\":\"https:\/\/secure.gravatar.com\/avatar\/367de281020c81cafc6a2f9b79fef00a1981a890412ad8b09b11385575886666?s=96&d=mm&r=g\",\"contentUrl\":\"https:\/\/secure.gravatar.com\/avatar\/367de281020c81cafc6a2f9b79fef00a1981a890412ad8b09b11385575886666?s=96&d=mm&r=g\",\"caption\":\"Beno\u00eet\"},\"url\":\"https:\/\/charente.catholique.fr\/sud-charente\/author\/benoitlecomte\/\"}]}<\/script>\n<!-- \/ Yoast SEO plugin. -->","yoast_head_json":{"title":"ALL\u00c9LUIA ! Dites-le, chantez-le avec des fleurs ! - Doyenn\u00e9 Sud Charente","robots":{"index":"index","follow":"follow","max-snippet":"max-snippet:-1","max-image-preview":"max-image-preview:large","max-video-preview":"max-video-preview:-1"},"canonical":"https:\/\/charente.catholique.fr\/sud-charente\/actualites\/alleluia-dites-le-chantez-le-avec-des-fleurs\/","og_locale":"fr_FR","og_type":"article","og_title":"ALL\u00c9LUIA ! Dites-le, chantez-le avec des fleurs ! - Doyenn\u00e9 Sud Charente","og_description":"S\u0153ur Fran\u00e7oise a \u00e9t\u00e9 cat\u00e9gorique\u00a0: \u00ab\u00a0pas question de coller sur notre puzzle du doyenn\u00e9 des fleurs qui ne seraient pas des fleurs de pardon\u00a0!\u00a0\u00bb Elle a raison, car les espaces d\u00e9couverts sont comme des appels d\u2019air pour les pardons \u00e0 venir, ceux qui vont fleurir aujourd\u2019hui et demain, il faut toujours faire de la place [&hellip;]","og_url":"https:\/\/charente.catholique.fr\/sud-charente\/actualites\/alleluia-dites-le-chantez-le-avec-des-fleurs\/","og_site_name":"Doyenn\u00e9 Sud Charente","article_publisher":"https:\/\/www.facebook.com\/EgliseCatholiqueCharente","article_published_time":"2021-04-04T18:05:42+00:00","article_modified_time":"2021-04-04T18:05:43+00:00","og_image":[{"width":1106,"height":484,"url":"https:\/\/charente.catholique.fr\/sud-charente\/wp-content\/uploads\/sites\/5\/2020\/11\/a-leglise-les-moniales-1.jpg","type":"image\/jpeg"}],"author":"Beno\u00eet","twitter_card":"summary_large_image","twitter_creator":"@diocesecharente","twitter_site":"@diocesecharente","twitter_misc":{"\u00c9crit par":"Beno\u00eet","Dur\u00e9e de lecture estim\u00e9e":"2 minutes"},"schema":{"@context":"https:\/\/schema.org","@graph":[{"@type":"Article","@id":"https:\/\/charente.catholique.fr\/sud-charente\/actualites\/alleluia-dites-le-chantez-le-avec-des-fleurs\/#article","isPartOf":{"@id":"https:\/\/charente.catholique.fr\/sud-charente\/actualites\/alleluia-dites-le-chantez-le-avec-des-fleurs\/"},"author":{"name":"Beno\u00eet","@id":"https:\/\/charente.catholique.fr\/sud-charente\/#\/schema\/person\/ddcc6ba32a4484b49a276652de901387"},"headline":"ALL\u00c9LUIA ! Dites-le, chantez-le avec des fleurs !","datePublished":"2021-04-04T18:05:42+00:00","dateModified":"2021-04-04T18:05:43+00:00","mainEntityOfPage":{"@id":"https:\/\/charente.catholique.fr\/sud-charente\/actualites\/alleluia-dites-le-chantez-le-avec-des-fleurs\/"},"wordCount":502,"commentCount":0,"publisher":{"@id":"https:\/\/charente.catholique.fr\/sud-charente\/#organization"},"image":{"@id":"https:\/\/charente.catholique.fr\/sud-charente\/actualites\/alleluia-dites-le-chantez-le-avec-des-fleurs\/#primaryimage"},"thumbnailUrl":"https:\/\/charente.catholique.fr\/sud-charente\/wp-content\/uploads\/sites\/5\/2020\/11\/a-leglise-les-moniales-1.jpg","articleSection":["Maumont"],"inLanguage":"fr-FR","potentialAction":[{"@type":"CommentAction","name":"Comment","target":["https:\/\/charente.catholique.fr\/sud-charente\/actualites\/alleluia-dites-le-chantez-le-avec-des-fleurs\/#respond"]}]},{"@type":"WebPage","@id":"https:\/\/charente.catholique.fr\/sud-charente\/actualites\/alleluia-dites-le-chantez-le-avec-des-fleurs\/","url":"https:\/\/charente.catholique.fr\/sud-charente\/actualites\/alleluia-dites-le-chantez-le-avec-des-fleurs\/","name":"ALL\u00c9LUIA ! Dites-le, chantez-le avec des fleurs ! - Doyenn\u00e9 Sud Charente","isPartOf":{"@id":"https:\/\/charente.catholique.fr\/sud-charente\/#website"},"primaryImageOfPage":{"@id":"https:\/\/charente.catholique.fr\/sud-charente\/actualites\/alleluia-dites-le-chantez-le-avec-des-fleurs\/#primaryimage"},"image":{"@id":"https:\/\/charente.catholique.fr\/sud-charente\/actualites\/alleluia-dites-le-chantez-le-avec-des-fleurs\/#primaryimage"},"thumbnailUrl":"https:\/\/charente.catholique.fr\/sud-charente\/wp-content\/uploads\/sites\/5\/2020\/11\/a-leglise-les-moniales-1.jpg","datePublished":"2021-04-04T18:05:42+00:00","dateModified":"2021-04-04T18:05:43+00:00","breadcrumb":{"@id":"https:\/\/charente.catholique.fr\/sud-charente\/actualites\/alleluia-dites-le-chantez-le-avec-des-fleurs\/#breadcrumb"},"inLanguage":"fr-FR","potentialAction":[{"@type":"ReadAction","target":["https:\/\/charente.catholique.fr\/sud-charente\/actualites\/alleluia-dites-le-chantez-le-avec-des-fleurs\/"]}]},{"@type":"ImageObject","inLanguage":"fr-FR","@id":"https:\/\/charente.catholique.fr\/sud-charente\/actualites\/alleluia-dites-le-chantez-le-avec-des-fleurs\/#primaryimage","url":"https:\/\/charente.catholique.fr\/sud-charente\/wp-content\/uploads\/sites\/5\/2020\/11\/a-leglise-les-moniales-1.jpg","contentUrl":"https:\/\/charente.catholique.fr\/sud-charente\/wp-content\/uploads\/sites\/5\/2020\/11\/a-leglise-les-moniales-1.jpg","width":1106,"height":484},{"@type":"BreadcrumbList","@id":"https:\/\/charente.catholique.fr\/sud-charente\/actualites\/alleluia-dites-le-chantez-le-avec-des-fleurs\/#breadcrumb","itemListElement":[{"@type":"ListItem","position":1,"name":"Accueil","item":"https:\/\/charente.catholique.fr\/sud-charente\/"},{"@type":"ListItem","position":2,"name":"ALL\u00c9LUIA ! Dites-le, chantez-le avec des fleurs !"}]},{"@type":"WebSite","@id":"https:\/\/charente.catholique.fr\/sud-charente\/#website","url":"https:\/\/charente.catholique.fr\/sud-charente\/","name":"Doyenn\u00e9 Sud Charente - Dioc\u00e8se d'Angoul\u00eame","description":"Dioc\u00e8se d&#039;Angoul\u00eame","publisher":{"@id":"https:\/\/charente.catholique.fr\/sud-charente\/#organization"},"potentialAction":[{"@type":"SearchAction","target":{"@type":"EntryPoint","urlTemplate":"https:\/\/charente.catholique.fr\/sud-charente\/?s={search_term_string}"},"query-input":{"@type":"PropertyValueSpecification","valueRequired":true,"valueName":"search_term_string"}}],"inLanguage":"fr-FR"},{"@type":"Organization","@id":"https:\/\/charente.catholique.fr\/sud-charente\/#organization","name":"Association dioc\u00e9saine d'Angoul\u00eame","url":"https:\/\/charente.catholique.fr\/sud-charente\/","logo":{"@type":"ImageObject","inLanguage":"fr-FR","@id":"https:\/\/charente.catholique.fr\/sud-charente\/#\/schema\/logo\/image\/","url":"https:\/\/charente.catholique.fr\/sud-charente\/wp-content\/uploads\/sites\/5\/2020\/10\/logos.png","contentUrl":"https:\/\/charente.catholique.fr\/sud-charente\/wp-content\/uploads\/sites\/5\/2020\/10\/logos.png","width":600,"height":257,"caption":"Association dioc\u00e9saine d'Angoul\u00eame"},"image":{"@id":"https:\/\/charente.catholique.fr\/sud-charente\/#\/schema\/logo\/image\/"},"sameAs":["https:\/\/www.facebook.com\/EgliseCatholiqueCharente","https:\/\/x.com\/diocesecharente","https:\/\/www.instagram.com\/eglisecharente","https:\/\/www.youtube.com\/channel\/UCByyFWApZbw3gDTiADoiAaQ"]},{"@type":"Person","@id":"https:\/\/charente.catholique.fr\/sud-charente\/#\/schema\/person\/ddcc6ba32a4484b49a276652de901387","name":"Beno\u00eet","image":{"@type":"ImageObject","inLanguage":"fr-FR","@id":"https:\/\/charente.catholique.fr\/sud-charente\/#\/schema\/person\/image\/","url":"https:\/\/secure.gravatar.com\/avatar\/367de281020c81cafc6a2f9b79fef00a1981a890412ad8b09b11385575886666?s=96&d=mm&r=g","contentUrl":"https:\/\/secure.gravatar.com\/avatar\/367de281020c81cafc6a2f9b79fef00a1981a890412ad8b09b11385575886666?s=96&d=mm&r=g","caption":"Beno\u00eet"},"url":"https:\/\/charente.catholique.fr\/sud-charente\/author\/benoitlecomte\/"}]}},"_links":{"self":[{"href":"https:\/\/charente.catholique.fr\/sud-charente\/wp-json\/wp\/v2\/posts\/1780","targetHints":{"allow":["GET"]}}],"collection":[{"href":"https:\/\/charente.catholique.fr\/sud-charente\/wp-json\/wp\/v2\/posts"}],"about":[{"href":"https:\/\/charente.catholique.fr\/sud-charente\/wp-json\/wp\/v2\/types\/post"}],"author":[{"embeddable":true,"href":"https:\/\/charente.catholique.fr\/sud-charente\/wp-json\/wp\/v2\/users\/4"}],"replies":[{"embeddable":true,"href":"https:\/\/charente.catholique.fr\/sud-charente\/wp-json\/wp\/v2\/comments?post=1780"}],"version-history":[{"count":1,"href":"https:\/\/charente.catholique.fr\/sud-charente\/wp-json\/wp\/v2\/posts\/1780\/revisions"}],"predecessor-version":[{"id":1781,"href":"https:\/\/charente.catholique.fr\/sud-charente\/wp-json\/wp\/v2\/posts\/1780\/revisions\/1781"}],"wp:featuredmedia":[{"embeddable":true,"href":"https:\/\/charente.catholique.fr\/sud-charente\/wp-json\/wp\/v2\/media\/529"}],"wp:attachment":[{"href":"https:\/\/charente.catholique.fr\/sud-charente\/wp-json\/wp\/v2\/media?parent=1780"}],"wp:term":[{"taxonomy":"category","embeddable":true,"href":"https:\/\/charente.catholique.fr\/sud-charente\/wp-json\/wp\/v2\/categories?post=1780"},{"taxonomy":"post_tag","embeddable":true,"href":"https:\/\/charente.catholique.fr\/sud-charente\/wp-json\/wp\/v2\/tags?post=1780"}],"curies":[{"name":"wp","href":"https:\/\/api.w.org\/{rel}","templated":true}]}}