{"id":1573,"date":"2021-03-06T20:27:38","date_gmt":"2021-03-06T19:27:38","guid":{"rendered":"https:\/\/charente.catholique.fr\/sud-charente\/?p=1573"},"modified":"2021-03-06T20:27:38","modified_gmt":"2021-03-06T19:27:38","slug":"nouvelles-de-la-fraternite-kokologho","status":"publish","type":"post","link":"https:\/\/charente.catholique.fr\/sud-charente\/actualites\/nouvelles-de-la-fraternite-kokologho\/","title":{"rendered":"Nouvelles de la Fraternit\u00e9 Kokologho"},"content":{"rendered":"\n<p>Bonjour,<br>Que ce message vous trouve en forme !<br>Vous \u00eates vaccin\u00e9s : tant mieux !<br>Ou alors, comme nous, vous attendez les injections : patience !<br><\/p>\n\n\n\n<p>Nous devons vivre avec encore beaucoup de pr\u00e9cautions. Inutile de nous r\u00e9unir pour pas grand-chose ! N\u00e9anmoins, voici quelques nouvelles !<br>L\u2019extrait de compte \u00e9tabli par Janine Garneau montre un solde rassurant gr\u00e2ce \u00e0 la vente des barquettes de couscous.<br>A Kokologho, P\u00e8re Paul Kinda a per\u00e7u courant f\u00e9vrier dernier, le virement de 600 \u20ac que la fraternit\u00e9 lui a envoy\u00e9. Il nous remercie pour tout.<br>A l\u2019initiative de la paroisse, \u00e0 Kokologho, un centre d\u2019alphab\u00e9tisation a \u00e9t\u00e9 ouvert, un animateur a \u00e9t\u00e9 recrut\u00e9. Il est pay\u00e9 par la paroisse. Des livres de<br>fran\u00e7ais et de calcul sont emprunt\u00e9s \u00e0 l\u2019OCADES. Le centre est ouvert \u00e0 tous. Actuellement, 40 personnes suivent la formation : ce sont surtout des femmes.<br>L\u2019objectif est de lire la Bible.<br>A Kokologho, la banque de c\u00e9r\u00e9ales fonctionne toujours : le hangar permet le stockage dans de bonnes conditions (petit rappel : la fraternit\u00e9 a aid\u00e9 \u00e0 financer ce hangar). Les cours augmentent sur le march\u00e9 \u00e0 cause de la s\u00e9cheresse. La vente du ma\u00efs ne commencera qu\u2019apr\u00e8s P\u00e2ques.<br>C\u2019est une communaut\u00e9 catholique locale qui finance le futur presbyt\u00e8re de Bingo. Mais faute de moyens, les travaux sont interrompus. Et le p\u00e8re Rapha\u00ebl Gansonr\u00e9, toujours bas\u00e9 \u00e0 Kokologho fait la route (piste) Kokologho\/Bingo pour les c\u00e9l\u00e9brations.<br><\/p>\n\n\n\n<p>Dans le compte-rendu du 14 janvier dernier, il \u00e9tait d\u00e9j\u00e0 question des chocolats qui n\u2019ont pu \u00eatre vendus \u00e0 l\u2019issue du spectacle (th\u00e9\u00e2tre amateur)<br>pr\u00e9vu en d\u00e9cembre 2020, ce dernier ayant \u00e9t\u00e9 annul\u00e9. J\u2019ai contact\u00e9 P\u00e8re Beno\u00eet Lecomte. Les chocolats seront propos\u00e9s \u00e0 l\u2019issue de la messe des Rameaux (28 mars), \u00e0 raison de 5 \u20ac le sachet de 20.<br><\/p>\n\n\n\n<p>Le chargement du container aura lieu lundi 12 avril \u00e0 Roullet. Partiront :<\/p>\n\n\n\n<ul class=\"wp-block-list\"><li>19 colis avec 110kg de fournitures scolaires collect\u00e9es par<br>Rotary\/Barbezieux, et habits.<\/li><li>1 caisse de 0,5 m\u00b3 avec ordinateur, chaise de bureau, meuble-classeur de<br>bureau et habits.<br>Au total, 1,332 m\u00b3 seront charg\u00e9s \u00e0 raison de 165 \u20ac le m\u00b3..Des frais de retrait (c\u2019est nouveau !) seront demand\u00e9s par OCADES \u00e0 Koudougou (100 CFA pour<br>chaque petit colis et 1 000 CFA pour la caisse, sachant que 1 CFA= 0,0015 \u20ac les<br>frais seront de l\u2019ordre de 4,35 \u20ac). En fait, des jeunes ont \u00e9t\u00e9 employ\u00e9s pour g\u00e9rer l\u2019entrep\u00f4t et seront r\u00e9mun\u00e9r\u00e9s gr\u00e2ce \u00e0 ces frais.<br>A Barbezieux, peut-\u00eatre avez-vous entendu parler de l\u2019op\u00e9ration \u00abtriathlon\/Pentec\u00f4te\u00bb lanc\u00e9e dans le doyenn\u00e9. Une r\u00e9union d\u2019information a eu<br>lieu ce samedi 6 mars \u00e0 Montmoreau. Sans pr\u00e9tention, j\u2019y suis all\u00e9e pour repr\u00e9senter la fraternit\u00e9 Barbezieux\/Kokologho. Et Marie-Christine Brodu repr\u00e9sentait le Secours Catholique. Les grandes lignes du d\u00e9roulement du samedi 22 mai 2021 (veille de Pentec\u00f4te) ont \u00e9t\u00e9 \u00e9tablies. L\u2019objectif est de<br>vivre l\u2019unit\u00e9 du doyenn\u00e9 avec ses diff\u00e9rences. Ce sera le \u00abTriathlon solidaire du doyenn\u00e9 Sud Charente\u00bb.<br>En effet, certains feront du v\u00e9lo d\u00e8s 8h au d\u00e9part de Plaisance \u00e0 Barbezieux, d\u2019autres marcheront et d\u2019autres feront du cano\u00eb \u00e0 Aubeterre. Des points de<br>ravitaillement sont, en partie, pr\u00e9vus. A l\u2019issue des activit\u00e9s sportives, une messe sera donn\u00e9e \u00e0 17h30 en l\u2019\u00e9glise souterraine d\u2019Aubeterre.<br>Une r\u00e9union pour peaufiner l\u2019organisation de cette rencontre est pr\u00e9vue samedi 17 avril \u00e0 14h30 \u00e0 Montmoreau (salle paroissiale).<br>Les projets sont l\u00e0 ! Pourvu que la crise sanitaire s\u2019apaise.<br>Ghislaine Audy<br>Ce 06 mars 2021<br><\/li><\/ul>\n","protected":false},"excerpt":{"rendered":"<p>Bonjour,Que ce message vous trouve en forme !Vous \u00eates vaccin\u00e9s : tant mieux !Ou alors, comme nous, vous attendez les injections : patience ! Nous devons vivre avec encore beaucoup de pr\u00e9cautions. Inutile de nous r\u00e9unir pour pas grand-chose ! N\u00e9anmoins, voici quelques nouvelles !L\u2019extrait de compte \u00e9tabli par Janine Garneau montre un solde rassurant [&hellip;]<\/p>\n","protected":false},"author":4,"featured_media":346,"comment_status":"open","ping_status":"open","sticky":false,"template":"","format":"standard","meta":{"_acf_changed":false,"paroisse":["15"],"service":["0"],"footnotes":""},"categories":[6],"tags":[],"class_list":["post-1573","post","type-post","status-publish","format-standard","has-post-thumbnail","hentry","category-kokologho"],"acf":[],"yoast_head":"<!-- This site is optimized with the Yoast SEO plugin v27.1.1 - https:\/\/yoast.com\/product\/yoast-seo-wordpress\/ -->\n<title>Nouvelles de la Fraternit\u00e9 Kokologho - Doyenn\u00e9 Sud Charente<\/title>\n<meta name=\"robots\" content=\"index, follow, max-snippet:-1, max-image-preview:large, max-video-preview:-1\" \/>\n<link rel=\"canonical\" href=\"https:\/\/charente.catholique.fr\/sud-charente\/actualites\/nouvelles-de-la-fraternite-kokologho\/\" \/>\n<meta property=\"og:locale\" content=\"fr_FR\" \/>\n<meta property=\"og:type\" content=\"article\" \/>\n<meta property=\"og:title\" content=\"Nouvelles de la Fraternit\u00e9 Kokologho - Doyenn\u00e9 Sud Charente\" \/>\n<meta property=\"og:description\" content=\"Bonjour,Que ce message vous trouve en forme !Vous \u00eates vaccin\u00e9s : tant mieux !Ou alors, comme nous, vous attendez les injections : patience ! Nous devons vivre avec encore beaucoup de pr\u00e9cautions. Inutile de nous r\u00e9unir pour pas grand-chose ! N\u00e9anmoins, voici quelques nouvelles !L\u2019extrait de compte \u00e9tabli par Janine Garneau montre un solde rassurant [&hellip;]\" \/>\n<meta property=\"og:url\" content=\"https:\/\/charente.catholique.fr\/sud-charente\/actualites\/nouvelles-de-la-fraternite-kokologho\/\" \/>\n<meta property=\"og:site_name\" content=\"Doyenn\u00e9 Sud Charente\" \/>\n<meta property=\"article:publisher\" content=\"https:\/\/www.facebook.com\/EgliseCatholiqueCharente\" \/>\n<meta property=\"article:published_time\" content=\"2021-03-06T19:27:38+00:00\" \/>\n<meta property=\"og:image\" content=\"https:\/\/charente.catholique.fr\/sud-charente\/wp-content\/uploads\/sites\/5\/2020\/09\/img_0967.jpg\" \/>\n\t<meta property=\"og:image:width\" content=\"1024\" \/>\n\t<meta property=\"og:image:height\" content=\"768\" \/>\n\t<meta property=\"og:image:type\" content=\"image\/jpeg\" \/>\n<meta name=\"author\" content=\"Beno\u00eet\" \/>\n<meta name=\"twitter:card\" content=\"summary_large_image\" \/>\n<meta name=\"twitter:creator\" content=\"@diocesecharente\" \/>\n<meta name=\"twitter:site\" content=\"@diocesecharente\" \/>\n<meta name=\"twitter:label1\" content=\"\u00c9crit par\" \/>\n\t<meta name=\"twitter:data1\" content=\"Beno\u00eet\" \/>\n\t<meta name=\"twitter:label2\" content=\"Dur\u00e9e de lecture estim\u00e9e\" \/>\n\t<meta name=\"twitter:data2\" content=\"3 minutes\" \/>\n<script type=\"application\/ld+json\" class=\"yoast-schema-graph\">{\"@context\":\"https:\/\/schema.org\",\"@graph\":[{\"@type\":\"Article\",\"@id\":\"https:\/\/charente.catholique.fr\/sud-charente\/actualites\/nouvelles-de-la-fraternite-kokologho\/#article\",\"isPartOf\":{\"@id\":\"https:\/\/charente.catholique.fr\/sud-charente\/actualites\/nouvelles-de-la-fraternite-kokologho\/\"},\"author\":{\"name\":\"Beno\u00eet\",\"@id\":\"https:\/\/charente.catholique.fr\/sud-charente\/#\/schema\/person\/ddcc6ba32a4484b49a276652de901387\"},\"headline\":\"Nouvelles de la Fraternit\u00e9 Kokologho\",\"datePublished\":\"2021-03-06T19:27:38+00:00\",\"mainEntityOfPage\":{\"@id\":\"https:\/\/charente.catholique.fr\/sud-charente\/actualites\/nouvelles-de-la-fraternite-kokologho\/\"},\"wordCount\":588,\"commentCount\":0,\"publisher\":{\"@id\":\"https:\/\/charente.catholique.fr\/sud-charente\/#organization\"},\"image\":{\"@id\":\"https:\/\/charente.catholique.fr\/sud-charente\/actualites\/nouvelles-de-la-fraternite-kokologho\/#primaryimage\"},\"thumbnailUrl\":\"https:\/\/charente.catholique.fr\/sud-charente\/wp-content\/uploads\/sites\/5\/2020\/09\/img_0967.jpg\",\"articleSection\":[\"Kokologho\"],\"inLanguage\":\"fr-FR\",\"potentialAction\":[{\"@type\":\"CommentAction\",\"name\":\"Comment\",\"target\":[\"https:\/\/charente.catholique.fr\/sud-charente\/actualites\/nouvelles-de-la-fraternite-kokologho\/#respond\"]}]},{\"@type\":\"WebPage\",\"@id\":\"https:\/\/charente.catholique.fr\/sud-charente\/actualites\/nouvelles-de-la-fraternite-kokologho\/\",\"url\":\"https:\/\/charente.catholique.fr\/sud-charente\/actualites\/nouvelles-de-la-fraternite-kokologho\/\",\"name\":\"Nouvelles de la Fraternit\u00e9 Kokologho - Doyenn\u00e9 Sud Charente\",\"isPartOf\":{\"@id\":\"https:\/\/charente.catholique.fr\/sud-charente\/#website\"},\"primaryImageOfPage\":{\"@id\":\"https:\/\/charente.catholique.fr\/sud-charente\/actualites\/nouvelles-de-la-fraternite-kokologho\/#primaryimage\"},\"image\":{\"@id\":\"https:\/\/charente.catholique.fr\/sud-charente\/actualites\/nouvelles-de-la-fraternite-kokologho\/#primaryimage\"},\"thumbnailUrl\":\"https:\/\/charente.catholique.fr\/sud-charente\/wp-content\/uploads\/sites\/5\/2020\/09\/img_0967.jpg\",\"datePublished\":\"2021-03-06T19:27:38+00:00\",\"breadcrumb\":{\"@id\":\"https:\/\/charente.catholique.fr\/sud-charente\/actualites\/nouvelles-de-la-fraternite-kokologho\/#breadcrumb\"},\"inLanguage\":\"fr-FR\",\"potentialAction\":[{\"@type\":\"ReadAction\",\"target\":[\"https:\/\/charente.catholique.fr\/sud-charente\/actualites\/nouvelles-de-la-fraternite-kokologho\/\"]}]},{\"@type\":\"ImageObject\",\"inLanguage\":\"fr-FR\",\"@id\":\"https:\/\/charente.catholique.fr\/sud-charente\/actualites\/nouvelles-de-la-fraternite-kokologho\/#primaryimage\",\"url\":\"https:\/\/charente.catholique.fr\/sud-charente\/wp-content\/uploads\/sites\/5\/2020\/09\/img_0967.jpg\",\"contentUrl\":\"https:\/\/charente.catholique.fr\/sud-charente\/wp-content\/uploads\/sites\/5\/2020\/09\/img_0967.jpg\",\"width\":1024,\"height\":768},{\"@type\":\"BreadcrumbList\",\"@id\":\"https:\/\/charente.catholique.fr\/sud-charente\/actualites\/nouvelles-de-la-fraternite-kokologho\/#breadcrumb\",\"itemListElement\":[{\"@type\":\"ListItem\",\"position\":1,\"name\":\"Accueil\",\"item\":\"https:\/\/charente.catholique.fr\/sud-charente\/\"},{\"@type\":\"ListItem\",\"position\":2,\"name\":\"Nouvelles de la Fraternit\u00e9 Kokologho\"}]},{\"@type\":\"WebSite\",\"@id\":\"https:\/\/charente.catholique.fr\/sud-charente\/#website\",\"url\":\"https:\/\/charente.catholique.fr\/sud-charente\/\",\"name\":\"Doyenn\u00e9 Sud Charente - Dioc\u00e8se d'Angoul\u00eame\",\"description\":\"Dioc\u00e8se d&#039;Angoul\u00eame\",\"publisher\":{\"@id\":\"https:\/\/charente.catholique.fr\/sud-charente\/#organization\"},\"potentialAction\":[{\"@type\":\"SearchAction\",\"target\":{\"@type\":\"EntryPoint\",\"urlTemplate\":\"https:\/\/charente.catholique.fr\/sud-charente\/?s={search_term_string}\"},\"query-input\":{\"@type\":\"PropertyValueSpecification\",\"valueRequired\":true,\"valueName\":\"search_term_string\"}}],\"inLanguage\":\"fr-FR\"},{\"@type\":\"Organization\",\"@id\":\"https:\/\/charente.catholique.fr\/sud-charente\/#organization\",\"name\":\"Association dioc\u00e9saine d'Angoul\u00eame\",\"url\":\"https:\/\/charente.catholique.fr\/sud-charente\/\",\"logo\":{\"@type\":\"ImageObject\",\"inLanguage\":\"fr-FR\",\"@id\":\"https:\/\/charente.catholique.fr\/sud-charente\/#\/schema\/logo\/image\/\",\"url\":\"https:\/\/charente.catholique.fr\/sud-charente\/wp-content\/uploads\/sites\/5\/2020\/10\/logos.png\",\"contentUrl\":\"https:\/\/charente.catholique.fr\/sud-charente\/wp-content\/uploads\/sites\/5\/2020\/10\/logos.png\",\"width\":600,\"height\":257,\"caption\":\"Association dioc\u00e9saine d'Angoul\u00eame\"},\"image\":{\"@id\":\"https:\/\/charente.catholique.fr\/sud-charente\/#\/schema\/logo\/image\/\"},\"sameAs\":[\"https:\/\/www.facebook.com\/EgliseCatholiqueCharente\",\"https:\/\/x.com\/diocesecharente\",\"https:\/\/www.instagram.com\/eglisecharente\",\"https:\/\/www.youtube.com\/channel\/UCByyFWApZbw3gDTiADoiAaQ\"]},{\"@type\":\"Person\",\"@id\":\"https:\/\/charente.catholique.fr\/sud-charente\/#\/schema\/person\/ddcc6ba32a4484b49a276652de901387\",\"name\":\"Beno\u00eet\",\"image\":{\"@type\":\"ImageObject\",\"inLanguage\":\"fr-FR\",\"@id\":\"https:\/\/charente.catholique.fr\/sud-charente\/#\/schema\/person\/image\/\",\"url\":\"https:\/\/secure.gravatar.com\/avatar\/367de281020c81cafc6a2f9b79fef00a1981a890412ad8b09b11385575886666?s=96&d=mm&r=g\",\"contentUrl\":\"https:\/\/secure.gravatar.com\/avatar\/367de281020c81cafc6a2f9b79fef00a1981a890412ad8b09b11385575886666?s=96&d=mm&r=g\",\"caption\":\"Beno\u00eet\"},\"url\":\"https:\/\/charente.catholique.fr\/sud-charente\/author\/benoitlecomte\/\"}]}<\/script>\n<!-- \/ Yoast SEO plugin. -->","yoast_head_json":{"title":"Nouvelles de la Fraternit\u00e9 Kokologho - Doyenn\u00e9 Sud Charente","robots":{"index":"index","follow":"follow","max-snippet":"max-snippet:-1","max-image-preview":"max-image-preview:large","max-video-preview":"max-video-preview:-1"},"canonical":"https:\/\/charente.catholique.fr\/sud-charente\/actualites\/nouvelles-de-la-fraternite-kokologho\/","og_locale":"fr_FR","og_type":"article","og_title":"Nouvelles de la Fraternit\u00e9 Kokologho - Doyenn\u00e9 Sud Charente","og_description":"Bonjour,Que ce message vous trouve en forme !Vous \u00eates vaccin\u00e9s : tant mieux !Ou alors, comme nous, vous attendez les injections : patience ! Nous devons vivre avec encore beaucoup de pr\u00e9cautions. Inutile de nous r\u00e9unir pour pas grand-chose ! N\u00e9anmoins, voici quelques nouvelles !L\u2019extrait de compte \u00e9tabli par Janine Garneau montre un solde rassurant [&hellip;]","og_url":"https:\/\/charente.catholique.fr\/sud-charente\/actualites\/nouvelles-de-la-fraternite-kokologho\/","og_site_name":"Doyenn\u00e9 Sud Charente","article_publisher":"https:\/\/www.facebook.com\/EgliseCatholiqueCharente","article_published_time":"2021-03-06T19:27:38+00:00","og_image":[{"width":1024,"height":768,"url":"https:\/\/charente.catholique.fr\/sud-charente\/wp-content\/uploads\/sites\/5\/2020\/09\/img_0967.jpg","type":"image\/jpeg"}],"author":"Beno\u00eet","twitter_card":"summary_large_image","twitter_creator":"@diocesecharente","twitter_site":"@diocesecharente","twitter_misc":{"\u00c9crit par":"Beno\u00eet","Dur\u00e9e de lecture estim\u00e9e":"3 minutes"},"schema":{"@context":"https:\/\/schema.org","@graph":[{"@type":"Article","@id":"https:\/\/charente.catholique.fr\/sud-charente\/actualites\/nouvelles-de-la-fraternite-kokologho\/#article","isPartOf":{"@id":"https:\/\/charente.catholique.fr\/sud-charente\/actualites\/nouvelles-de-la-fraternite-kokologho\/"},"author":{"name":"Beno\u00eet","@id":"https:\/\/charente.catholique.fr\/sud-charente\/#\/schema\/person\/ddcc6ba32a4484b49a276652de901387"},"headline":"Nouvelles de la Fraternit\u00e9 Kokologho","datePublished":"2021-03-06T19:27:38+00:00","mainEntityOfPage":{"@id":"https:\/\/charente.catholique.fr\/sud-charente\/actualites\/nouvelles-de-la-fraternite-kokologho\/"},"wordCount":588,"commentCount":0,"publisher":{"@id":"https:\/\/charente.catholique.fr\/sud-charente\/#organization"},"image":{"@id":"https:\/\/charente.catholique.fr\/sud-charente\/actualites\/nouvelles-de-la-fraternite-kokologho\/#primaryimage"},"thumbnailUrl":"https:\/\/charente.catholique.fr\/sud-charente\/wp-content\/uploads\/sites\/5\/2020\/09\/img_0967.jpg","articleSection":["Kokologho"],"inLanguage":"fr-FR","potentialAction":[{"@type":"CommentAction","name":"Comment","target":["https:\/\/charente.catholique.fr\/sud-charente\/actualites\/nouvelles-de-la-fraternite-kokologho\/#respond"]}]},{"@type":"WebPage","@id":"https:\/\/charente.catholique.fr\/sud-charente\/actualites\/nouvelles-de-la-fraternite-kokologho\/","url":"https:\/\/charente.catholique.fr\/sud-charente\/actualites\/nouvelles-de-la-fraternite-kokologho\/","name":"Nouvelles de la Fraternit\u00e9 Kokologho - Doyenn\u00e9 Sud Charente","isPartOf":{"@id":"https:\/\/charente.catholique.fr\/sud-charente\/#website"},"primaryImageOfPage":{"@id":"https:\/\/charente.catholique.fr\/sud-charente\/actualites\/nouvelles-de-la-fraternite-kokologho\/#primaryimage"},"image":{"@id":"https:\/\/charente.catholique.fr\/sud-charente\/actualites\/nouvelles-de-la-fraternite-kokologho\/#primaryimage"},"thumbnailUrl":"https:\/\/charente.catholique.fr\/sud-charente\/wp-content\/uploads\/sites\/5\/2020\/09\/img_0967.jpg","datePublished":"2021-03-06T19:27:38+00:00","breadcrumb":{"@id":"https:\/\/charente.catholique.fr\/sud-charente\/actualites\/nouvelles-de-la-fraternite-kokologho\/#breadcrumb"},"inLanguage":"fr-FR","potentialAction":[{"@type":"ReadAction","target":["https:\/\/charente.catholique.fr\/sud-charente\/actualites\/nouvelles-de-la-fraternite-kokologho\/"]}]},{"@type":"ImageObject","inLanguage":"fr-FR","@id":"https:\/\/charente.catholique.fr\/sud-charente\/actualites\/nouvelles-de-la-fraternite-kokologho\/#primaryimage","url":"https:\/\/charente.catholique.fr\/sud-charente\/wp-content\/uploads\/sites\/5\/2020\/09\/img_0967.jpg","contentUrl":"https:\/\/charente.catholique.fr\/sud-charente\/wp-content\/uploads\/sites\/5\/2020\/09\/img_0967.jpg","width":1024,"height":768},{"@type":"BreadcrumbList","@id":"https:\/\/charente.catholique.fr\/sud-charente\/actualites\/nouvelles-de-la-fraternite-kokologho\/#breadcrumb","itemListElement":[{"@type":"ListItem","position":1,"name":"Accueil","item":"https:\/\/charente.catholique.fr\/sud-charente\/"},{"@type":"ListItem","position":2,"name":"Nouvelles de la Fraternit\u00e9 Kokologho"}]},{"@type":"WebSite","@id":"https:\/\/charente.catholique.fr\/sud-charente\/#website","url":"https:\/\/charente.catholique.fr\/sud-charente\/","name":"Doyenn\u00e9 Sud Charente - Dioc\u00e8se d'Angoul\u00eame","description":"Dioc\u00e8se d&#039;Angoul\u00eame","publisher":{"@id":"https:\/\/charente.catholique.fr\/sud-charente\/#organization"},"potentialAction":[{"@type":"SearchAction","target":{"@type":"EntryPoint","urlTemplate":"https:\/\/charente.catholique.fr\/sud-charente\/?s={search_term_string}"},"query-input":{"@type":"PropertyValueSpecification","valueRequired":true,"valueName":"search_term_string"}}],"inLanguage":"fr-FR"},{"@type":"Organization","@id":"https:\/\/charente.catholique.fr\/sud-charente\/#organization","name":"Association dioc\u00e9saine d'Angoul\u00eame","url":"https:\/\/charente.catholique.fr\/sud-charente\/","logo":{"@type":"ImageObject","inLanguage":"fr-FR","@id":"https:\/\/charente.catholique.fr\/sud-charente\/#\/schema\/logo\/image\/","url":"https:\/\/charente.catholique.fr\/sud-charente\/wp-content\/uploads\/sites\/5\/2020\/10\/logos.png","contentUrl":"https:\/\/charente.catholique.fr\/sud-charente\/wp-content\/uploads\/sites\/5\/2020\/10\/logos.png","width":600,"height":257,"caption":"Association dioc\u00e9saine d'Angoul\u00eame"},"image":{"@id":"https:\/\/charente.catholique.fr\/sud-charente\/#\/schema\/logo\/image\/"},"sameAs":["https:\/\/www.facebook.com\/EgliseCatholiqueCharente","https:\/\/x.com\/diocesecharente","https:\/\/www.instagram.com\/eglisecharente","https:\/\/www.youtube.com\/channel\/UCByyFWApZbw3gDTiADoiAaQ"]},{"@type":"Person","@id":"https:\/\/charente.catholique.fr\/sud-charente\/#\/schema\/person\/ddcc6ba32a4484b49a276652de901387","name":"Beno\u00eet","image":{"@type":"ImageObject","inLanguage":"fr-FR","@id":"https:\/\/charente.catholique.fr\/sud-charente\/#\/schema\/person\/image\/","url":"https:\/\/secure.gravatar.com\/avatar\/367de281020c81cafc6a2f9b79fef00a1981a890412ad8b09b11385575886666?s=96&d=mm&r=g","contentUrl":"https:\/\/secure.gravatar.com\/avatar\/367de281020c81cafc6a2f9b79fef00a1981a890412ad8b09b11385575886666?s=96&d=mm&r=g","caption":"Beno\u00eet"},"url":"https:\/\/charente.catholique.fr\/sud-charente\/author\/benoitlecomte\/"}]}},"_links":{"self":[{"href":"https:\/\/charente.catholique.fr\/sud-charente\/wp-json\/wp\/v2\/posts\/1573","targetHints":{"allow":["GET"]}}],"collection":[{"href":"https:\/\/charente.catholique.fr\/sud-charente\/wp-json\/wp\/v2\/posts"}],"about":[{"href":"https:\/\/charente.catholique.fr\/sud-charente\/wp-json\/wp\/v2\/types\/post"}],"author":[{"embeddable":true,"href":"https:\/\/charente.catholique.fr\/sud-charente\/wp-json\/wp\/v2\/users\/4"}],"replies":[{"embeddable":true,"href":"https:\/\/charente.catholique.fr\/sud-charente\/wp-json\/wp\/v2\/comments?post=1573"}],"version-history":[{"count":1,"href":"https:\/\/charente.catholique.fr\/sud-charente\/wp-json\/wp\/v2\/posts\/1573\/revisions"}],"predecessor-version":[{"id":1574,"href":"https:\/\/charente.catholique.fr\/sud-charente\/wp-json\/wp\/v2\/posts\/1573\/revisions\/1574"}],"wp:featuredmedia":[{"embeddable":true,"href":"https:\/\/charente.catholique.fr\/sud-charente\/wp-json\/wp\/v2\/media\/346"}],"wp:attachment":[{"href":"https:\/\/charente.catholique.fr\/sud-charente\/wp-json\/wp\/v2\/media?parent=1573"}],"wp:term":[{"taxonomy":"category","embeddable":true,"href":"https:\/\/charente.catholique.fr\/sud-charente\/wp-json\/wp\/v2\/categories?post=1573"},{"taxonomy":"post_tag","embeddable":true,"href":"https:\/\/charente.catholique.fr\/sud-charente\/wp-json\/wp\/v2\/tags?post=1573"}],"curies":[{"name":"wp","href":"https:\/\/api.w.org\/{rel}","templated":true}]}}