{"id":153,"date":"2020-04-19T16:32:10","date_gmt":"2020-04-19T14:32:10","guid":{"rendered":"https:\/\/charente.catholique.fr\/sud-charente\/actualites\/\/"},"modified":"2020-09-21T16:35:30","modified_gmt":"2020-09-21T14:35:30","slug":"le-pere-michel-granger-nomme-vicaire-general-du-diocese-dangouleme","status":"publish","type":"post","link":"https:\/\/charente.catholique.fr\/sud-charente\/actualites\/le-pere-michel-granger-nomme-vicaire-general-du-diocese-dangouleme\/","title":{"rendered":"Le P\u00e8re Michel Granger nomm\u00e9 vicaire g\u00e9n\u00e9ral du dioc\u00e8se d\u2019Angoul\u00eame"},"content":{"rendered":"\n<p><strong>Le P\u00e8re Michel Granger est nomm\u00e9 vicaire g\u00e9n\u00e9ral du dioc\u00e8se d\u2019Angoul\u00eame. Le P\u00e8re Beno\u00eet Lecomte lui succ\u00e8dera \u00e0 Barbezieux et pour le doyenn\u00e9 Sud Charente<\/strong><\/p>\n\n\n\n<p>Suite \u00e0 l\u2019\u00e9lection du P\u00e8re Guy Rougerie comme mod\u00e9rateur r\u00e9gional du Prado France pour une dur\u00e9e de six ans, le P\u00e8re Michel Granger, doyen du doyenn\u00e9 Sud Charente, cur\u00e9 in solidum mod\u00e9rateur du doyenn\u00e9 Sud Charente, plus particuli\u00e8rement au service des paroisses de Barbezieux, Barret et Baignes, est nomm\u00e9 Vicaire g\u00e9n\u00e9ral pour six ans. Il prendra ses fonctions le 1er Ao\u00fbt 2020.<\/p>\n\n\n\n<p>Il sera remplac\u00e9 dans ses fonctions actuelles par le P\u00e8re Benoit Lecomte, qui est actuellement cur\u00e9 des paroisses Saint-Jean-Baptiste et Ma-Campagne-Puymoyen, qu\u2019il quittera pour gagner le Sud Charente. Il gardera des fonctions dioc\u00e9saines qui seront revues ult\u00e9rieurement.<\/p>\n\n\n\n<p>D\u2019autres nominations suivront dans les semaines \u00e0 venir.<\/p>\n\n\n\n<p>Nous assurons le P\u00e8re Granger et le P\u00e8re Lecomte de notre pri\u00e8re et les remercions pour leur disponibilit\u00e9. Nous prions \u00e9galement pour les communaut\u00e9s concern\u00e9es.<\/p>\n\n\n\n<p>Le dimanche 19 avril 2020,<br>Dimanche de la mis\u00e9ricorde,<br>+ Mgr Herv\u00e9 Gosselin<\/p>\n\n\n\n<h2 class=\"wp-block-heading\">Message du P\u00e8re Michel Granger<\/h2>\n\n\n\n<div class=\"wp-block-image\"><figure class=\"alignleft size-large\"><img loading=\"lazy\" decoding=\"async\" width=\"250\" height=\"250\" src=\"https:\/\/charente.catholique.fr\/sud-charente\/wp-content\/uploads\/sites\/5\/2020\/09\/arton11725-6e07f.png\" alt=\"\" class=\"wp-image-154\" srcset=\"https:\/\/charente.catholique.fr\/sud-charente\/wp-content\/uploads\/sites\/5\/2020\/09\/arton11725-6e07f.png 250w, https:\/\/charente.catholique.fr\/sud-charente\/wp-content\/uploads\/sites\/5\/2020\/09\/arton11725-6e07f-150x150.png 150w\" sizes=\"auto, (max-width: 250px) 100vw, 250px\" \/><\/figure><\/div>\n\n\n\n<p>Christ est ressuscit\u00e9.<\/p>\n\n\n\n<p>Il vit&nbsp;: \u00ab&nbsp;les linges pos\u00e9s \u00e0 plat\u2026 le suaire roul\u00e9 a part \u00e0 sa place\u2026&nbsp;\u00bb et il crut&nbsp;<br>Jn 20&nbsp;\/1-9.<br>Le disciple que J\u00e9sus aimait fait l\u2019exp\u00e9rience de la pr\u00e9sence du ressuscit\u00e9. Cette exp\u00e9rience nous la faisons nous m\u00eame et elle est toujours \u00e0 renouveler&nbsp;: \u00ab&nbsp;J\u2019invite chaque chr\u00e9tien \u00e0 renouveler aujourd\u2019hui m\u00eame sa rencontre personnelle avec le Christ ou, au moins, \u00e0 prendre la d\u00e9cision de se laisser rencontrer par lui.&nbsp;\u00bb Pape Fran\u00e7ois la joie de l\u2019\u00e9vangile n\u00b03.<br>C\u2019est bien le Christ ressuscit\u00e9 qui donne sens a notre vie, qui nous ouvre un avenir.<\/p>\n\n\n\n<p>Cette vie de foi nous am\u00e8ne \u00e0 faire des choix, \u00e0 \u00eatre disponible \u00e0 l\u2019inattendu de Dieu. C\u2019est dans cet esprit qu\u2019est venu pour moi le temps de r\u00e9pondre \u00e0 un nouvel appel de l\u2019Eglise. Le P\u00e8re Gosselin me demande d\u2019\u00eatre vicaire g\u00e9n\u00e9ral pour notre dioc\u00e8se. Ce n\u2019est pas un minist\u00e8re auquel j\u2019avais pens\u00e9, ni m\u00eame envisag\u00e9. Je remercie notre \u00e9v\u00eaque pour cet acte de confiance, et je me sens un peu petit devant cet appel. Comme pour chaque nouvelle mission, il me faudra un peu de temps pour grandir dans ce service de notre Eglise.<\/p>\n\n\n\n<p>Christ est ressuscit\u00e9, voil\u00e0 notre force et notre vie. Je r\u00e9ponds \u00e0 ce nouvel appel de l\u2019Eglise avec la certitude que le corps que nous formons nous rend solidaire les uns des autres. Avec la certitude de ne pas \u00eatre seul, juste un simple serviteur au milieu des autres. Notre \u00e9glise dioc\u00e9saine vit une nouvelle \u00e9tape, elle en vivra d\u2019autres. Merci Guy pour les dix ann\u00e9es donn\u00e9es au service de notre dioc\u00e8se comme vicaire g\u00e9n\u00e9ral. Merci p\u00e8re Gosselin de choisir jour apr\u00e8s jour d\u2019\u00eatre notre pasteur. Merci aux pr\u00eatres pour votre vie donn\u00e9e. Merci aux diacres de nous rappeler que nous sommes des serviteurs. Merci aux religieux, aux religieuses, de nous rappeler l\u2019importance de la communaut\u00e9. Merci a chacun et chacune de vous d\u2019\u00eatre signe de l\u2019amour de Dieu pour ce monde.<\/p>\n\n\n\n<p>Il vit et il crut\u2026 Voil\u00e0 l\u2019essentiel. Alors continuons de partager ensemble notre joie de croire.<\/p>\n\n\n\n<p>P. Michel Granger.<\/p>\n\n\n\n<h2 class=\"wp-block-heading\">Message du P\u00e8re Beno\u00eet Lecomte<\/h2>\n\n\n\n<div class=\"wp-block-image\"><figure class=\"alignleft size-large\"><img loading=\"lazy\" decoding=\"async\" width=\"200\" height=\"200\" src=\"https:\/\/charente.catholique.fr\/sud-charente\/wp-content\/uploads\/sites\/5\/2020\/09\/f53af70acb02790e-ac7d5.png\" alt=\"\" class=\"wp-image-155\" srcset=\"https:\/\/charente.catholique.fr\/sud-charente\/wp-content\/uploads\/sites\/5\/2020\/09\/f53af70acb02790e-ac7d5.png 200w, https:\/\/charente.catholique.fr\/sud-charente\/wp-content\/uploads\/sites\/5\/2020\/09\/f53af70acb02790e-ac7d5-150x150.png 150w\" sizes=\"auto, (max-width: 200px) 100vw, 200px\" \/><\/figure><\/div>\n\n\n\n<p>Vous avez maintenant appris la nouvelle de ces deux nominations annonc\u00e9es par notre \u00e9v\u00eaque en ce dimanche de la mis\u00e9ricorde. Le P\u00e8re Michel Granger a accept\u00e9 la charge de Vicaire G\u00e9n\u00e9ral, il quitte pour cela ces missions de cur\u00e9 de Barbezieux et doyen du Sud Charente. Dans le m\u00eame temps, j\u2019ai accept\u00e9 l\u2019appel de notre \u00e9v\u00eaque \u00e0 quitter Angoul\u00eame pour prendre la suite du P\u00e8re Michel.<\/p>\n\n\n\n<p>J\u2019aurais certainement dans les semaines et les mois \u00e0 venir l\u2019occasion de m\u2019adresser \u00e0 chacun plus longuement et nous prendrons le temps, quand les conditions le permettront, d\u2019\u00e9changer ensemble. Au jour de l\u2019annonce de ces nominations, je veux simplement dire deux petits mots.<\/p>\n\n\n\n<p>Un premier mot d\u2019abord \u00e0 ceux que je vais quitter&nbsp;: les paroisses de Ma Campagne \u2013 Puymoyen et de Saint Jean-Baptiste, les jeunes des coll\u00e8ges et lyc\u00e9es publics, les scouts, les jeunes professionnels, les \u00e9tudiants, les chefs et les animateurs sur Angoul\u00eame. C\u2019est vous qui m\u2019avez appris \u00e0 \u00eatre aum\u00f4nier, pr\u00eatre accompagnateur, cur\u00e9. C\u2019est avec vous que j\u2019ai fait mes premiers pas de pr\u00eatre, puis les suivants. Nous avons v\u00e9cu tant et tant de choses ensemble qu\u2019il serait vain d\u2019en faire l\u2019inventaire. Tout cela n\u2019est qu\u2019action de gr\u00e2ce et joie \u00e0 ma m\u00e9moire. Je fais miens sans conditions les mots de Saint Paul&nbsp;: \u00ab&nbsp;Je rends gr\u00e2ce \u00e0 Dieu chaque fois que je fais m\u00e9moire de vous. \u00c0 tout moment, chaque fois que je prie pour vous tous, c\u2019est avec joie que je le fais [\u2026] J\u2019en suis persuad\u00e9, celui qui a commenc\u00e9 en vous un si beau travail le continuera jusqu\u2019\u00e0 son ach\u00e8vement au jour o\u00f9 viendra le Christ J\u00e9sus. Il est donc juste que j\u2019aie de telles dispositions \u00e0 l\u2019\u00e9gard de vous tous, car je vous porte dans mon c\u0153ur [\u2026] Oui, Dieu est t\u00e9moin de ma vive affection pour vous tous dans la tendresse du Christ J\u00e9sus&nbsp;\u00bb (Ph 1, 3-8). Je ne pars pas bien loin et les liens tiss\u00e9s au fil des ans resteront&nbsp;! D\u2019autres pr\u00eatres prendront le relais et je suis heureux qu\u2019ils connaissent \u00e0 leur tour la joie de vous accompagner dans l\u2019aventure baptismale.<\/p>\n\n\n\n<p>Un mot \u00e9galement \u00e0 ceux vers qui je suis maintenant envoy\u00e9. J\u2019entends l\u2019appel de l\u2019\u00c9glise reprenant celui du Christ \u00e0 \u00ab&nbsp;aller au large&nbsp;\u00bb, et j\u2019y r\u00e9pond avec confiance&nbsp;! Je vais avoir beaucoup \u00e0 d\u00e9couvrir&nbsp;: une nouvelle paroisse, la mission de doyen, la monde rural, certainement bien des joies et des d\u00e9fis que vous vivez d\u00e9j\u00e0 et que nous partagerons ensemble d\u00e9sormais. Vous m\u2019apprendrez l\u2019histoire, les forces et les faiblesses de vos communaut\u00e9s chr\u00e9tiennes et humaines. M\u00eame si je connais d\u00e9j\u00e0 tel ou tel et si certains me connaissent un peu, nous apprendrons \u00e0 faire connaissance et \u00e0 travailler ensemble. Je suis heureux de mettre mes pas dans ceux du P\u00e8re Michel pour devenir \u00e0 mon tour votre pasteur. Nous ferons Eglise ensemble, nous continuerons ensemble ce que l\u2019Esprit a d\u00e9j\u00e0 suscit\u00e9 \u00e0 travers votre nouveau projet de doyenn\u00e9 pour devenir toujours davantage une Eglise simple, fraternelle, ouverte sur les d\u00e9fis de notre temps, aimant le monde comme Dieu l\u2019aime.<\/p>\n\n\n\n<p>Nous verrons quand les conditions nous permettrons de nous rassembler pour c\u00e9l\u00e9brer et partager enfin tous ensemble&nbsp;! Le temps pascal ne fait que commencer, laissons-nous \u00e9clairer et guider par la Lumi\u00e8re du Ressuscit\u00e9&nbsp;!<br>P. Beno\u00eet Lecomte<\/p>\n\n\n\n<div class=\"wp-block-file\"><a href=\"https:\/\/charente.catholique.fr\/sud-charente\/wp-content\/uploads\/sites\/5\/2020\/09\/nominations_diocesaines_-_mgr_gosselin_-_19_avril_2020.pdf\">Communiqu\u00e9 des nominations dioc\u00e9saines &#8211; 19 avril 2020<\/a><a href=\"https:\/\/charente.catholique.fr\/sud-charente\/wp-content\/uploads\/sites\/5\/2020\/09\/nominations_diocesaines_-_mgr_gosselin_-_19_avril_2020.pdf\" class=\"wp-block-file__button\" download>T\u00e9l\u00e9charger<\/a><\/div>\n\n\n\n<div class=\"wp-block-file\"><a href=\"https:\/\/charente.catholique.fr\/sud-charente\/wp-content\/uploads\/sites\/5\/2020\/09\/christ_est_ressuscite_-_message_du_p_m_granger_-_19_avril_2020.pdf\">Message du P\u00e8re Michel Granger &#8211; 19 avril 2020<\/a><a href=\"https:\/\/charente.catholique.fr\/sud-charente\/wp-content\/uploads\/sites\/5\/2020\/09\/christ_est_ressuscite_-_message_du_p_m_granger_-_19_avril_2020.pdf\" class=\"wp-block-file__button\" download>T\u00e9l\u00e9charger<\/a><\/div>\n\n\n\n<div class=\"wp-block-file\"><a href=\"https:\/\/charente.catholique.fr\/sud-charente\/wp-content\/uploads\/sites\/5\/2020\/09\/nomination_-_message_du_p_b_lecomte_-_19_avril_2020.pdf\">Message du P\u00e8re Beno\u00eet Lecomte &#8211; 19 avril 2020<\/a><a href=\"https:\/\/charente.catholique.fr\/sud-charente\/wp-content\/uploads\/sites\/5\/2020\/09\/nomination_-_message_du_p_b_lecomte_-_19_avril_2020.pdf\" class=\"wp-block-file__button\" download>T\u00e9l\u00e9charger<\/a><\/div>\n","protected":false},"excerpt":{"rendered":"<p>Le P\u00e8re Michel Granger est nomm\u00e9 vicaire g\u00e9n\u00e9ral du dioc\u00e8se d\u2019Angoul\u00eame. Le P\u00e8re Beno\u00eet Lecomte lui succ\u00e8dera \u00e0 Barbezieux et pour le doyenn\u00e9 Sud Charente Suite \u00e0 l\u2019\u00e9lection du P\u00e8re Guy Rougerie comme mod\u00e9rateur r\u00e9gional du Prado France pour une dur\u00e9e de six ans, le P\u00e8re Michel Granger, doyen du doyenn\u00e9 Sud Charente, cur\u00e9 in [&hellip;]<\/p>\n","protected":false},"author":1,"featured_media":154,"comment_status":"closed","ping_status":"open","sticky":false,"template":"","format":"standard","meta":{"_acf_changed":false,"paroisse":[""],"service":["0"],"footnotes":""},"categories":[1],"tags":[],"class_list":["post-153","post","type-post","status-publish","format-standard","has-post-thumbnail","hentry","category-actualites","validated"],"acf":[],"yoast_head":"<!-- This site is optimized with the Yoast SEO plugin v27.1.1 - https:\/\/yoast.com\/product\/yoast-seo-wordpress\/ -->\n<title>Le P\u00e8re Michel Granger nomm\u00e9 vicaire g\u00e9n\u00e9ral du dioc\u00e8se d\u2019Angoul\u00eame - Doyenn\u00e9 Sud Charente<\/title>\n<meta name=\"robots\" content=\"index, follow, max-snippet:-1, max-image-preview:large, max-video-preview:-1\" \/>\n<link rel=\"canonical\" href=\"https:\/\/charente.catholique.fr\/sud-charente\/actualites\/le-pere-michel-granger-nomme-vicaire-general-du-diocese-dangouleme\/\" \/>\n<meta property=\"og:locale\" content=\"fr_FR\" \/>\n<meta property=\"og:type\" content=\"article\" \/>\n<meta property=\"og:title\" content=\"Le P\u00e8re Michel Granger nomm\u00e9 vicaire g\u00e9n\u00e9ral du dioc\u00e8se d\u2019Angoul\u00eame - Doyenn\u00e9 Sud Charente\" \/>\n<meta property=\"og:description\" content=\"Le P\u00e8re Michel Granger est nomm\u00e9 vicaire g\u00e9n\u00e9ral du dioc\u00e8se d\u2019Angoul\u00eame. Le P\u00e8re Beno\u00eet Lecomte lui succ\u00e8dera \u00e0 Barbezieux et pour le doyenn\u00e9 Sud Charente Suite \u00e0 l\u2019\u00e9lection du P\u00e8re Guy Rougerie comme mod\u00e9rateur r\u00e9gional du Prado France pour une dur\u00e9e de six ans, le P\u00e8re Michel Granger, doyen du doyenn\u00e9 Sud Charente, cur\u00e9 in [&hellip;]\" \/>\n<meta property=\"og:url\" content=\"https:\/\/charente.catholique.fr\/sud-charente\/actualites\/le-pere-michel-granger-nomme-vicaire-general-du-diocese-dangouleme\/\" \/>\n<meta property=\"og:site_name\" content=\"Doyenn\u00e9 Sud Charente\" \/>\n<meta property=\"article:publisher\" content=\"https:\/\/www.facebook.com\/EgliseCatholiqueCharente\" \/>\n<meta property=\"article:published_time\" content=\"2020-04-19T14:32:10+00:00\" \/>\n<meta property=\"article:modified_time\" content=\"2020-09-21T14:35:30+00:00\" \/>\n<meta property=\"og:image\" content=\"https:\/\/charente.catholique.fr\/sud-charente\/wp-content\/uploads\/sites\/5\/2020\/09\/arton11725-6e07f.png\" \/>\n\t<meta property=\"og:image:width\" content=\"250\" \/>\n\t<meta property=\"og:image:height\" content=\"250\" \/>\n\t<meta property=\"og:image:type\" content=\"image\/png\" \/>\n<meta name=\"author\" content=\"Laurent Levasseur\" \/>\n<meta name=\"twitter:card\" content=\"summary_large_image\" \/>\n<meta name=\"twitter:creator\" content=\"@diocesecharente\" \/>\n<meta name=\"twitter:site\" content=\"@diocesecharente\" \/>\n<meta name=\"twitter:label1\" content=\"\u00c9crit par\" \/>\n\t<meta name=\"twitter:data1\" content=\"Laurent Levasseur\" \/>\n\t<meta name=\"twitter:label2\" content=\"Dur\u00e9e de lecture estim\u00e9e\" \/>\n\t<meta name=\"twitter:data2\" content=\"6 minutes\" \/>\n<script type=\"application\/ld+json\" class=\"yoast-schema-graph\">{\"@context\":\"https:\/\/schema.org\",\"@graph\":[{\"@type\":\"Article\",\"@id\":\"https:\/\/charente.catholique.fr\/sud-charente\/actualites\/le-pere-michel-granger-nomme-vicaire-general-du-diocese-dangouleme\/#article\",\"isPartOf\":{\"@id\":\"https:\/\/charente.catholique.fr\/sud-charente\/actualites\/le-pere-michel-granger-nomme-vicaire-general-du-diocese-dangouleme\/\"},\"author\":{\"name\":\"Laurent Levasseur\",\"@id\":\"https:\/\/charente.catholique.fr\/sud-charente\/#\/schema\/person\/3df8c31947ef19fb6329f661cafeadbe\"},\"headline\":\"Le P\u00e8re Michel Granger nomm\u00e9 vicaire g\u00e9n\u00e9ral du dioc\u00e8se d\u2019Angoul\u00eame\",\"datePublished\":\"2020-04-19T14:32:10+00:00\",\"dateModified\":\"2020-09-21T14:35:30+00:00\",\"mainEntityOfPage\":{\"@id\":\"https:\/\/charente.catholique.fr\/sud-charente\/actualites\/le-pere-michel-granger-nomme-vicaire-general-du-diocese-dangouleme\/\"},\"wordCount\":1256,\"publisher\":{\"@id\":\"https:\/\/charente.catholique.fr\/sud-charente\/#organization\"},\"image\":{\"@id\":\"https:\/\/charente.catholique.fr\/sud-charente\/actualites\/le-pere-michel-granger-nomme-vicaire-general-du-diocese-dangouleme\/#primaryimage\"},\"thumbnailUrl\":\"https:\/\/charente.catholique.fr\/sud-charente\/wp-content\/uploads\/sites\/5\/2020\/09\/arton11725-6e07f.png\",\"articleSection\":[\"Actualit\u00e9s\"],\"inLanguage\":\"fr-FR\"},{\"@type\":\"WebPage\",\"@id\":\"https:\/\/charente.catholique.fr\/sud-charente\/actualites\/le-pere-michel-granger-nomme-vicaire-general-du-diocese-dangouleme\/\",\"url\":\"https:\/\/charente.catholique.fr\/sud-charente\/actualites\/le-pere-michel-granger-nomme-vicaire-general-du-diocese-dangouleme\/\",\"name\":\"Le P\u00e8re Michel Granger nomm\u00e9 vicaire g\u00e9n\u00e9ral du dioc\u00e8se d\u2019Angoul\u00eame - Doyenn\u00e9 Sud Charente\",\"isPartOf\":{\"@id\":\"https:\/\/charente.catholique.fr\/sud-charente\/#website\"},\"primaryImageOfPage\":{\"@id\":\"https:\/\/charente.catholique.fr\/sud-charente\/actualites\/le-pere-michel-granger-nomme-vicaire-general-du-diocese-dangouleme\/#primaryimage\"},\"image\":{\"@id\":\"https:\/\/charente.catholique.fr\/sud-charente\/actualites\/le-pere-michel-granger-nomme-vicaire-general-du-diocese-dangouleme\/#primaryimage\"},\"thumbnailUrl\":\"https:\/\/charente.catholique.fr\/sud-charente\/wp-content\/uploads\/sites\/5\/2020\/09\/arton11725-6e07f.png\",\"datePublished\":\"2020-04-19T14:32:10+00:00\",\"dateModified\":\"2020-09-21T14:35:30+00:00\",\"breadcrumb\":{\"@id\":\"https:\/\/charente.catholique.fr\/sud-charente\/actualites\/le-pere-michel-granger-nomme-vicaire-general-du-diocese-dangouleme\/#breadcrumb\"},\"inLanguage\":\"fr-FR\",\"potentialAction\":[{\"@type\":\"ReadAction\",\"target\":[\"https:\/\/charente.catholique.fr\/sud-charente\/actualites\/le-pere-michel-granger-nomme-vicaire-general-du-diocese-dangouleme\/\"]}]},{\"@type\":\"ImageObject\",\"inLanguage\":\"fr-FR\",\"@id\":\"https:\/\/charente.catholique.fr\/sud-charente\/actualites\/le-pere-michel-granger-nomme-vicaire-general-du-diocese-dangouleme\/#primaryimage\",\"url\":\"https:\/\/charente.catholique.fr\/sud-charente\/wp-content\/uploads\/sites\/5\/2020\/09\/arton11725-6e07f.png\",\"contentUrl\":\"https:\/\/charente.catholique.fr\/sud-charente\/wp-content\/uploads\/sites\/5\/2020\/09\/arton11725-6e07f.png\",\"width\":250,\"height\":250},{\"@type\":\"BreadcrumbList\",\"@id\":\"https:\/\/charente.catholique.fr\/sud-charente\/actualites\/le-pere-michel-granger-nomme-vicaire-general-du-diocese-dangouleme\/#breadcrumb\",\"itemListElement\":[{\"@type\":\"ListItem\",\"position\":1,\"name\":\"Accueil\",\"item\":\"https:\/\/charente.catholique.fr\/sud-charente\/\"},{\"@type\":\"ListItem\",\"position\":2,\"name\":\"Le P\u00e8re Michel Granger nomm\u00e9 vicaire g\u00e9n\u00e9ral du dioc\u00e8se d\u2019Angoul\u00eame\"}]},{\"@type\":\"WebSite\",\"@id\":\"https:\/\/charente.catholique.fr\/sud-charente\/#website\",\"url\":\"https:\/\/charente.catholique.fr\/sud-charente\/\",\"name\":\"Doyenn\u00e9 Sud Charente - Dioc\u00e8se d'Angoul\u00eame\",\"description\":\"Dioc\u00e8se d&#039;Angoul\u00eame\",\"publisher\":{\"@id\":\"https:\/\/charente.catholique.fr\/sud-charente\/#organization\"},\"potentialAction\":[{\"@type\":\"SearchAction\",\"target\":{\"@type\":\"EntryPoint\",\"urlTemplate\":\"https:\/\/charente.catholique.fr\/sud-charente\/?s={search_term_string}\"},\"query-input\":{\"@type\":\"PropertyValueSpecification\",\"valueRequired\":true,\"valueName\":\"search_term_string\"}}],\"inLanguage\":\"fr-FR\"},{\"@type\":\"Organization\",\"@id\":\"https:\/\/charente.catholique.fr\/sud-charente\/#organization\",\"name\":\"Association dioc\u00e9saine d'Angoul\u00eame\",\"url\":\"https:\/\/charente.catholique.fr\/sud-charente\/\",\"logo\":{\"@type\":\"ImageObject\",\"inLanguage\":\"fr-FR\",\"@id\":\"https:\/\/charente.catholique.fr\/sud-charente\/#\/schema\/logo\/image\/\",\"url\":\"https:\/\/charente.catholique.fr\/sud-charente\/wp-content\/uploads\/sites\/5\/2020\/10\/logos.png\",\"contentUrl\":\"https:\/\/charente.catholique.fr\/sud-charente\/wp-content\/uploads\/sites\/5\/2020\/10\/logos.png\",\"width\":600,\"height\":257,\"caption\":\"Association dioc\u00e9saine d'Angoul\u00eame\"},\"image\":{\"@id\":\"https:\/\/charente.catholique.fr\/sud-charente\/#\/schema\/logo\/image\/\"},\"sameAs\":[\"https:\/\/www.facebook.com\/EgliseCatholiqueCharente\",\"https:\/\/x.com\/diocesecharente\",\"https:\/\/www.instagram.com\/eglisecharente\",\"https:\/\/www.youtube.com\/channel\/UCByyFWApZbw3gDTiADoiAaQ\"]},{\"@type\":\"Person\",\"@id\":\"https:\/\/charente.catholique.fr\/sud-charente\/#\/schema\/person\/3df8c31947ef19fb6329f661cafeadbe\",\"name\":\"Laurent Levasseur\",\"image\":{\"@type\":\"ImageObject\",\"inLanguage\":\"fr-FR\",\"@id\":\"https:\/\/charente.catholique.fr\/sud-charente\/#\/schema\/person\/image\/\",\"url\":\"https:\/\/secure.gravatar.com\/avatar\/dccf960d6e9a0355d4b167ffa3fac883a97faa506deaa7260607621ce2bc2705?s=96&d=mm&r=g\",\"contentUrl\":\"https:\/\/secure.gravatar.com\/avatar\/dccf960d6e9a0355d4b167ffa3fac883a97faa506deaa7260607621ce2bc2705?s=96&d=mm&r=g\",\"caption\":\"Laurent Levasseur\"},\"url\":\"https:\/\/charente.catholique.fr\/sud-charente\/author\/laurentleva\/\"}]}<\/script>\n<!-- \/ Yoast SEO plugin. -->","yoast_head_json":{"title":"Le P\u00e8re Michel Granger nomm\u00e9 vicaire g\u00e9n\u00e9ral du dioc\u00e8se d\u2019Angoul\u00eame - Doyenn\u00e9 Sud Charente","robots":{"index":"index","follow":"follow","max-snippet":"max-snippet:-1","max-image-preview":"max-image-preview:large","max-video-preview":"max-video-preview:-1"},"canonical":"https:\/\/charente.catholique.fr\/sud-charente\/actualites\/le-pere-michel-granger-nomme-vicaire-general-du-diocese-dangouleme\/","og_locale":"fr_FR","og_type":"article","og_title":"Le P\u00e8re Michel Granger nomm\u00e9 vicaire g\u00e9n\u00e9ral du dioc\u00e8se d\u2019Angoul\u00eame - Doyenn\u00e9 Sud Charente","og_description":"Le P\u00e8re Michel Granger est nomm\u00e9 vicaire g\u00e9n\u00e9ral du dioc\u00e8se d\u2019Angoul\u00eame. Le P\u00e8re Beno\u00eet Lecomte lui succ\u00e8dera \u00e0 Barbezieux et pour le doyenn\u00e9 Sud Charente Suite \u00e0 l\u2019\u00e9lection du P\u00e8re Guy Rougerie comme mod\u00e9rateur r\u00e9gional du Prado France pour une dur\u00e9e de six ans, le P\u00e8re Michel Granger, doyen du doyenn\u00e9 Sud Charente, cur\u00e9 in [&hellip;]","og_url":"https:\/\/charente.catholique.fr\/sud-charente\/actualites\/le-pere-michel-granger-nomme-vicaire-general-du-diocese-dangouleme\/","og_site_name":"Doyenn\u00e9 Sud Charente","article_publisher":"https:\/\/www.facebook.com\/EgliseCatholiqueCharente","article_published_time":"2020-04-19T14:32:10+00:00","article_modified_time":"2020-09-21T14:35:30+00:00","og_image":[{"width":250,"height":250,"url":"https:\/\/charente.catholique.fr\/sud-charente\/wp-content\/uploads\/sites\/5\/2020\/09\/arton11725-6e07f.png","type":"image\/png"}],"author":"Laurent Levasseur","twitter_card":"summary_large_image","twitter_creator":"@diocesecharente","twitter_site":"@diocesecharente","twitter_misc":{"\u00c9crit par":"Laurent Levasseur","Dur\u00e9e de lecture estim\u00e9e":"6 minutes"},"schema":{"@context":"https:\/\/schema.org","@graph":[{"@type":"Article","@id":"https:\/\/charente.catholique.fr\/sud-charente\/actualites\/le-pere-michel-granger-nomme-vicaire-general-du-diocese-dangouleme\/#article","isPartOf":{"@id":"https:\/\/charente.catholique.fr\/sud-charente\/actualites\/le-pere-michel-granger-nomme-vicaire-general-du-diocese-dangouleme\/"},"author":{"name":"Laurent Levasseur","@id":"https:\/\/charente.catholique.fr\/sud-charente\/#\/schema\/person\/3df8c31947ef19fb6329f661cafeadbe"},"headline":"Le P\u00e8re Michel Granger nomm\u00e9 vicaire g\u00e9n\u00e9ral du dioc\u00e8se d\u2019Angoul\u00eame","datePublished":"2020-04-19T14:32:10+00:00","dateModified":"2020-09-21T14:35:30+00:00","mainEntityOfPage":{"@id":"https:\/\/charente.catholique.fr\/sud-charente\/actualites\/le-pere-michel-granger-nomme-vicaire-general-du-diocese-dangouleme\/"},"wordCount":1256,"publisher":{"@id":"https:\/\/charente.catholique.fr\/sud-charente\/#organization"},"image":{"@id":"https:\/\/charente.catholique.fr\/sud-charente\/actualites\/le-pere-michel-granger-nomme-vicaire-general-du-diocese-dangouleme\/#primaryimage"},"thumbnailUrl":"https:\/\/charente.catholique.fr\/sud-charente\/wp-content\/uploads\/sites\/5\/2020\/09\/arton11725-6e07f.png","articleSection":["Actualit\u00e9s"],"inLanguage":"fr-FR"},{"@type":"WebPage","@id":"https:\/\/charente.catholique.fr\/sud-charente\/actualites\/le-pere-michel-granger-nomme-vicaire-general-du-diocese-dangouleme\/","url":"https:\/\/charente.catholique.fr\/sud-charente\/actualites\/le-pere-michel-granger-nomme-vicaire-general-du-diocese-dangouleme\/","name":"Le P\u00e8re Michel Granger nomm\u00e9 vicaire g\u00e9n\u00e9ral du dioc\u00e8se d\u2019Angoul\u00eame - Doyenn\u00e9 Sud Charente","isPartOf":{"@id":"https:\/\/charente.catholique.fr\/sud-charente\/#website"},"primaryImageOfPage":{"@id":"https:\/\/charente.catholique.fr\/sud-charente\/actualites\/le-pere-michel-granger-nomme-vicaire-general-du-diocese-dangouleme\/#primaryimage"},"image":{"@id":"https:\/\/charente.catholique.fr\/sud-charente\/actualites\/le-pere-michel-granger-nomme-vicaire-general-du-diocese-dangouleme\/#primaryimage"},"thumbnailUrl":"https:\/\/charente.catholique.fr\/sud-charente\/wp-content\/uploads\/sites\/5\/2020\/09\/arton11725-6e07f.png","datePublished":"2020-04-19T14:32:10+00:00","dateModified":"2020-09-21T14:35:30+00:00","breadcrumb":{"@id":"https:\/\/charente.catholique.fr\/sud-charente\/actualites\/le-pere-michel-granger-nomme-vicaire-general-du-diocese-dangouleme\/#breadcrumb"},"inLanguage":"fr-FR","potentialAction":[{"@type":"ReadAction","target":["https:\/\/charente.catholique.fr\/sud-charente\/actualites\/le-pere-michel-granger-nomme-vicaire-general-du-diocese-dangouleme\/"]}]},{"@type":"ImageObject","inLanguage":"fr-FR","@id":"https:\/\/charente.catholique.fr\/sud-charente\/actualites\/le-pere-michel-granger-nomme-vicaire-general-du-diocese-dangouleme\/#primaryimage","url":"https:\/\/charente.catholique.fr\/sud-charente\/wp-content\/uploads\/sites\/5\/2020\/09\/arton11725-6e07f.png","contentUrl":"https:\/\/charente.catholique.fr\/sud-charente\/wp-content\/uploads\/sites\/5\/2020\/09\/arton11725-6e07f.png","width":250,"height":250},{"@type":"BreadcrumbList","@id":"https:\/\/charente.catholique.fr\/sud-charente\/actualites\/le-pere-michel-granger-nomme-vicaire-general-du-diocese-dangouleme\/#breadcrumb","itemListElement":[{"@type":"ListItem","position":1,"name":"Accueil","item":"https:\/\/charente.catholique.fr\/sud-charente\/"},{"@type":"ListItem","position":2,"name":"Le P\u00e8re Michel Granger nomm\u00e9 vicaire g\u00e9n\u00e9ral du dioc\u00e8se d\u2019Angoul\u00eame"}]},{"@type":"WebSite","@id":"https:\/\/charente.catholique.fr\/sud-charente\/#website","url":"https:\/\/charente.catholique.fr\/sud-charente\/","name":"Doyenn\u00e9 Sud Charente - Dioc\u00e8se d'Angoul\u00eame","description":"Dioc\u00e8se d&#039;Angoul\u00eame","publisher":{"@id":"https:\/\/charente.catholique.fr\/sud-charente\/#organization"},"potentialAction":[{"@type":"SearchAction","target":{"@type":"EntryPoint","urlTemplate":"https:\/\/charente.catholique.fr\/sud-charente\/?s={search_term_string}"},"query-input":{"@type":"PropertyValueSpecification","valueRequired":true,"valueName":"search_term_string"}}],"inLanguage":"fr-FR"},{"@type":"Organization","@id":"https:\/\/charente.catholique.fr\/sud-charente\/#organization","name":"Association dioc\u00e9saine d'Angoul\u00eame","url":"https:\/\/charente.catholique.fr\/sud-charente\/","logo":{"@type":"ImageObject","inLanguage":"fr-FR","@id":"https:\/\/charente.catholique.fr\/sud-charente\/#\/schema\/logo\/image\/","url":"https:\/\/charente.catholique.fr\/sud-charente\/wp-content\/uploads\/sites\/5\/2020\/10\/logos.png","contentUrl":"https:\/\/charente.catholique.fr\/sud-charente\/wp-content\/uploads\/sites\/5\/2020\/10\/logos.png","width":600,"height":257,"caption":"Association dioc\u00e9saine d'Angoul\u00eame"},"image":{"@id":"https:\/\/charente.catholique.fr\/sud-charente\/#\/schema\/logo\/image\/"},"sameAs":["https:\/\/www.facebook.com\/EgliseCatholiqueCharente","https:\/\/x.com\/diocesecharente","https:\/\/www.instagram.com\/eglisecharente","https:\/\/www.youtube.com\/channel\/UCByyFWApZbw3gDTiADoiAaQ"]},{"@type":"Person","@id":"https:\/\/charente.catholique.fr\/sud-charente\/#\/schema\/person\/3df8c31947ef19fb6329f661cafeadbe","name":"Laurent Levasseur","image":{"@type":"ImageObject","inLanguage":"fr-FR","@id":"https:\/\/charente.catholique.fr\/sud-charente\/#\/schema\/person\/image\/","url":"https:\/\/secure.gravatar.com\/avatar\/dccf960d6e9a0355d4b167ffa3fac883a97faa506deaa7260607621ce2bc2705?s=96&d=mm&r=g","contentUrl":"https:\/\/secure.gravatar.com\/avatar\/dccf960d6e9a0355d4b167ffa3fac883a97faa506deaa7260607621ce2bc2705?s=96&d=mm&r=g","caption":"Laurent Levasseur"},"url":"https:\/\/charente.catholique.fr\/sud-charente\/author\/laurentleva\/"}]}},"_links":{"self":[{"href":"https:\/\/charente.catholique.fr\/sud-charente\/wp-json\/wp\/v2\/posts\/153","targetHints":{"allow":["GET"]}}],"collection":[{"href":"https:\/\/charente.catholique.fr\/sud-charente\/wp-json\/wp\/v2\/posts"}],"about":[{"href":"https:\/\/charente.catholique.fr\/sud-charente\/wp-json\/wp\/v2\/types\/post"}],"author":[{"embeddable":true,"href":"https:\/\/charente.catholique.fr\/sud-charente\/wp-json\/wp\/v2\/users\/1"}],"replies":[{"embeddable":true,"href":"https:\/\/charente.catholique.fr\/sud-charente\/wp-json\/wp\/v2\/comments?post=153"}],"version-history":[{"count":1,"href":"https:\/\/charente.catholique.fr\/sud-charente\/wp-json\/wp\/v2\/posts\/153\/revisions"}],"predecessor-version":[{"id":159,"href":"https:\/\/charente.catholique.fr\/sud-charente\/wp-json\/wp\/v2\/posts\/153\/revisions\/159"}],"wp:featuredmedia":[{"embeddable":true,"href":"https:\/\/charente.catholique.fr\/sud-charente\/wp-json\/wp\/v2\/media\/154"}],"wp:attachment":[{"href":"https:\/\/charente.catholique.fr\/sud-charente\/wp-json\/wp\/v2\/media?parent=153"}],"wp:term":[{"taxonomy":"category","embeddable":true,"href":"https:\/\/charente.catholique.fr\/sud-charente\/wp-json\/wp\/v2\/categories?post=153"},{"taxonomy":"post_tag","embeddable":true,"href":"https:\/\/charente.catholique.fr\/sud-charente\/wp-json\/wp\/v2\/tags?post=153"}],"curies":[{"name":"wp","href":"https:\/\/api.w.org\/{rel}","templated":true}]}}