{"id":146,"date":"2020-04-25T16:30:16","date_gmt":"2020-04-25T14:30:16","guid":{"rendered":"https:\/\/charente.catholique.fr\/sud-charente\/actualites\/\/"},"modified":"2020-09-21T16:30:30","modified_gmt":"2020-09-21T14:30:30","slug":"homelie-dimanche-26-avril-2020","status":"publish","type":"post","link":"https:\/\/charente.catholique.fr\/sud-charente\/actualites\/homelie-dimanche-26-avril-2020\/","title":{"rendered":"Hom\u00e9lie dimanche 26 Avril 2020"},"content":{"rendered":"\n<p><strong>A la suite des p\u00e8lerins d\u2019Emma\u00fcs, reconnaissons le christ.<\/strong><\/p>\n\n\n\n<p>Les Disciples d\u2019Emma\u00fcs.<\/p>\n\n\n\n<p>Ces deux disciples ont fait l\u2019exp\u00e9rience de la croix, de la mort. Ils rentrent chez eux avec ce deuil \u00e0 faire et ils vont d\u00e9couvrir le jaillissement de la vie.<\/p>\n\n\n\n<p>La croix a mis fin \u00e0 leur esp\u00e9rance. Ils avaient mis leur foi, leur confiance en J\u00e9sus de Nazareth, et voil\u00e0 que tout s\u2019arr\u00eate. La mort est la fin de tout, il n\u2019y a rien d\u2019autre \u00e0 dire. Les voil\u00e0 donc enferm\u00e9s, confin\u00e9s dans leur douleur. Indiff\u00e9rents au monde&nbsp;? pas compl\u00e8tement. Ils sont capables d\u2019accueillir un \u00e9tranger qui va marcher avec eux. Dans leur confinement, ils restent ouverts. Cette ouverture va changer leur vie. Le dialogue est possible.<\/p>\n\n\n\n<p>Parce que la porte n\u2019est pas compl\u00e8tement ferm\u00e9e, leur foi va s\u2019affermir. Ils vont faire la rencontre du Christ. Ils ne savent pas que c\u2019est lui, ils ne savent pas qu\u2019il est pr\u00e9sent dans leur vie. Cependant la Parole prend corps, elle donne sens \u00e0 ce qu\u2019ils savent d\u00e9j\u00e0. La porte entrouverte laisse entrer la lumi\u00e8re du ressuscit\u00e9. Cependant, cela ne va pas suffire. Le chemin qu\u2019il font les aide \u00e0 d\u00e9couvrir les signes de Dieu dans leur vie, \u00e0 relire leur exp\u00e9rience..jusqu\u2019au jaillissement.<\/p>\n\n\n\n<p>Le geste du pain est l\u2019acte de foi qui ouvre leurs yeux. Ils le reconnaissent, leur c\u0153ur br\u00fblant n\u2019a pas suffi \u00e0 lever le doute, le pain partag\u00e9 les remet en route. Ils ne peuvent pas rester l\u00e0. Il faut partir, il faut annoncer cette bonne nouvelle. Il est maintenant temps pour eux d\u2019\u00eatre des t\u00e9moins, des disciples missionnaires.<\/p>\n\n\n\n<p>Dans notre confinement, le Christ chemine avec nous. Nous aussi nous faisons l\u2019exp\u00e9rience de sa pr\u00e9sence et nous attendons ce jaillissement de la vie. Notre corps eccl\u00e9sial est un peu morcel\u00e9. Il nous manque l\u2019exp\u00e9rience de la communaut\u00e9, du pain partag\u00e9, de l\u2019Eucharistie. Que cette attente fortifie notre Foi. Christ est ressuscit\u00e9, il nous ouvre un chemin de vie.<\/p>\n\n\n\n<p>P. Michel Granger.<\/p>\n","protected":false},"excerpt":{"rendered":"<p>A la suite des p\u00e8lerins d\u2019Emma\u00fcs, reconnaissons le christ. Les Disciples d\u2019Emma\u00fcs. Ces deux disciples ont fait l\u2019exp\u00e9rience de la croix, de la mort. Ils rentrent chez eux avec ce deuil \u00e0 faire et ils vont d\u00e9couvrir le jaillissement de la vie. La croix a mis fin \u00e0 leur esp\u00e9rance. Ils avaient mis leur foi, [&hellip;]<\/p>\n","protected":false},"author":1,"featured_media":147,"comment_status":"closed","ping_status":"open","sticky":false,"template":"","format":"standard","meta":{"_acf_changed":false,"paroisse":[""],"service":["0"],"footnotes":""},"categories":[3],"tags":[],"class_list":["post-146","post","type-post","status-publish","format-standard","has-post-thumbnail","hentry","category-homelies","validated"],"acf":[],"yoast_head":"<!-- This site is optimized with the Yoast SEO plugin v27.1.1 - https:\/\/yoast.com\/product\/yoast-seo-wordpress\/ -->\n<title>Hom\u00e9lie dimanche 26 Avril 2020 - Doyenn\u00e9 Sud Charente<\/title>\n<meta name=\"robots\" content=\"index, follow, max-snippet:-1, max-image-preview:large, max-video-preview:-1\" \/>\n<link rel=\"canonical\" href=\"https:\/\/charente.catholique.fr\/sud-charente\/actualites\/homelie-dimanche-26-avril-2020\/\" \/>\n<meta property=\"og:locale\" content=\"fr_FR\" \/>\n<meta property=\"og:type\" content=\"article\" \/>\n<meta property=\"og:title\" content=\"Hom\u00e9lie dimanche 26 Avril 2020 - Doyenn\u00e9 Sud Charente\" \/>\n<meta property=\"og:description\" content=\"A la suite des p\u00e8lerins d\u2019Emma\u00fcs, reconnaissons le christ. Les Disciples d\u2019Emma\u00fcs. Ces deux disciples ont fait l\u2019exp\u00e9rience de la croix, de la mort. Ils rentrent chez eux avec ce deuil \u00e0 faire et ils vont d\u00e9couvrir le jaillissement de la vie. La croix a mis fin \u00e0 leur esp\u00e9rance. Ils avaient mis leur foi, [&hellip;]\" \/>\n<meta property=\"og:url\" content=\"https:\/\/charente.catholique.fr\/sud-charente\/actualites\/homelie-dimanche-26-avril-2020\/\" \/>\n<meta property=\"og:site_name\" content=\"Doyenn\u00e9 Sud Charente\" \/>\n<meta property=\"article:publisher\" content=\"https:\/\/www.facebook.com\/EgliseCatholiqueCharente\" \/>\n<meta property=\"article:published_time\" content=\"2020-04-25T14:30:16+00:00\" \/>\n<meta property=\"article:modified_time\" content=\"2020-09-21T14:30:30+00:00\" \/>\n<meta property=\"og:image\" content=\"https:\/\/charente.catholique.fr\/sud-charente\/wp-content\/uploads\/sites\/5\/2020\/09\/arton11761-7f856.jpg\" \/>\n\t<meta property=\"og:image:width\" content=\"250\" \/>\n\t<meta property=\"og:image:height\" content=\"173\" \/>\n\t<meta property=\"og:image:type\" content=\"image\/jpeg\" \/>\n<meta name=\"author\" content=\"Laurent Levasseur\" \/>\n<meta name=\"twitter:card\" content=\"summary_large_image\" \/>\n<meta name=\"twitter:creator\" content=\"@diocesecharente\" \/>\n<meta name=\"twitter:site\" content=\"@diocesecharente\" \/>\n<meta name=\"twitter:label1\" content=\"\u00c9crit par\" \/>\n\t<meta name=\"twitter:data1\" content=\"Laurent Levasseur\" \/>\n\t<meta name=\"twitter:label2\" content=\"Dur\u00e9e de lecture estim\u00e9e\" \/>\n\t<meta name=\"twitter:data2\" content=\"2 minutes\" \/>\n<script type=\"application\/ld+json\" class=\"yoast-schema-graph\">{\"@context\":\"https:\/\/schema.org\",\"@graph\":[{\"@type\":\"Article\",\"@id\":\"https:\/\/charente.catholique.fr\/sud-charente\/actualites\/homelie-dimanche-26-avril-2020\/#article\",\"isPartOf\":{\"@id\":\"https:\/\/charente.catholique.fr\/sud-charente\/actualites\/homelie-dimanche-26-avril-2020\/\"},\"author\":{\"name\":\"Laurent Levasseur\",\"@id\":\"https:\/\/charente.catholique.fr\/sud-charente\/#\/schema\/person\/3df8c31947ef19fb6329f661cafeadbe\"},\"headline\":\"Hom\u00e9lie dimanche 26 Avril 2020\",\"datePublished\":\"2020-04-25T14:30:16+00:00\",\"dateModified\":\"2020-09-21T14:30:30+00:00\",\"mainEntityOfPage\":{\"@id\":\"https:\/\/charente.catholique.fr\/sud-charente\/actualites\/homelie-dimanche-26-avril-2020\/\"},\"wordCount\":370,\"publisher\":{\"@id\":\"https:\/\/charente.catholique.fr\/sud-charente\/#organization\"},\"image\":{\"@id\":\"https:\/\/charente.catholique.fr\/sud-charente\/actualites\/homelie-dimanche-26-avril-2020\/#primaryimage\"},\"thumbnailUrl\":\"https:\/\/charente.catholique.fr\/sud-charente\/wp-content\/uploads\/sites\/5\/2020\/09\/arton11761-7f856.jpg\",\"articleSection\":[\"Hom\u00e9lies\"],\"inLanguage\":\"fr-FR\"},{\"@type\":\"WebPage\",\"@id\":\"https:\/\/charente.catholique.fr\/sud-charente\/actualites\/homelie-dimanche-26-avril-2020\/\",\"url\":\"https:\/\/charente.catholique.fr\/sud-charente\/actualites\/homelie-dimanche-26-avril-2020\/\",\"name\":\"Hom\u00e9lie dimanche 26 Avril 2020 - Doyenn\u00e9 Sud Charente\",\"isPartOf\":{\"@id\":\"https:\/\/charente.catholique.fr\/sud-charente\/#website\"},\"primaryImageOfPage\":{\"@id\":\"https:\/\/charente.catholique.fr\/sud-charente\/actualites\/homelie-dimanche-26-avril-2020\/#primaryimage\"},\"image\":{\"@id\":\"https:\/\/charente.catholique.fr\/sud-charente\/actualites\/homelie-dimanche-26-avril-2020\/#primaryimage\"},\"thumbnailUrl\":\"https:\/\/charente.catholique.fr\/sud-charente\/wp-content\/uploads\/sites\/5\/2020\/09\/arton11761-7f856.jpg\",\"datePublished\":\"2020-04-25T14:30:16+00:00\",\"dateModified\":\"2020-09-21T14:30:30+00:00\",\"breadcrumb\":{\"@id\":\"https:\/\/charente.catholique.fr\/sud-charente\/actualites\/homelie-dimanche-26-avril-2020\/#breadcrumb\"},\"inLanguage\":\"fr-FR\",\"potentialAction\":[{\"@type\":\"ReadAction\",\"target\":[\"https:\/\/charente.catholique.fr\/sud-charente\/actualites\/homelie-dimanche-26-avril-2020\/\"]}]},{\"@type\":\"ImageObject\",\"inLanguage\":\"fr-FR\",\"@id\":\"https:\/\/charente.catholique.fr\/sud-charente\/actualites\/homelie-dimanche-26-avril-2020\/#primaryimage\",\"url\":\"https:\/\/charente.catholique.fr\/sud-charente\/wp-content\/uploads\/sites\/5\/2020\/09\/arton11761-7f856.jpg\",\"contentUrl\":\"https:\/\/charente.catholique.fr\/sud-charente\/wp-content\/uploads\/sites\/5\/2020\/09\/arton11761-7f856.jpg\",\"width\":250,\"height\":173},{\"@type\":\"BreadcrumbList\",\"@id\":\"https:\/\/charente.catholique.fr\/sud-charente\/actualites\/homelie-dimanche-26-avril-2020\/#breadcrumb\",\"itemListElement\":[{\"@type\":\"ListItem\",\"position\":1,\"name\":\"Accueil\",\"item\":\"https:\/\/charente.catholique.fr\/sud-charente\/\"},{\"@type\":\"ListItem\",\"position\":2,\"name\":\"Hom\u00e9lie dimanche 26 Avril 2020\"}]},{\"@type\":\"WebSite\",\"@id\":\"https:\/\/charente.catholique.fr\/sud-charente\/#website\",\"url\":\"https:\/\/charente.catholique.fr\/sud-charente\/\",\"name\":\"Doyenn\u00e9 Sud Charente - Dioc\u00e8se d'Angoul\u00eame\",\"description\":\"Dioc\u00e8se d&#039;Angoul\u00eame\",\"publisher\":{\"@id\":\"https:\/\/charente.catholique.fr\/sud-charente\/#organization\"},\"potentialAction\":[{\"@type\":\"SearchAction\",\"target\":{\"@type\":\"EntryPoint\",\"urlTemplate\":\"https:\/\/charente.catholique.fr\/sud-charente\/?s={search_term_string}\"},\"query-input\":{\"@type\":\"PropertyValueSpecification\",\"valueRequired\":true,\"valueName\":\"search_term_string\"}}],\"inLanguage\":\"fr-FR\"},{\"@type\":\"Organization\",\"@id\":\"https:\/\/charente.catholique.fr\/sud-charente\/#organization\",\"name\":\"Association dioc\u00e9saine d'Angoul\u00eame\",\"url\":\"https:\/\/charente.catholique.fr\/sud-charente\/\",\"logo\":{\"@type\":\"ImageObject\",\"inLanguage\":\"fr-FR\",\"@id\":\"https:\/\/charente.catholique.fr\/sud-charente\/#\/schema\/logo\/image\/\",\"url\":\"https:\/\/charente.catholique.fr\/sud-charente\/wp-content\/uploads\/sites\/5\/2020\/10\/logos.png\",\"contentUrl\":\"https:\/\/charente.catholique.fr\/sud-charente\/wp-content\/uploads\/sites\/5\/2020\/10\/logos.png\",\"width\":600,\"height\":257,\"caption\":\"Association dioc\u00e9saine d'Angoul\u00eame\"},\"image\":{\"@id\":\"https:\/\/charente.catholique.fr\/sud-charente\/#\/schema\/logo\/image\/\"},\"sameAs\":[\"https:\/\/www.facebook.com\/EgliseCatholiqueCharente\",\"https:\/\/x.com\/diocesecharente\",\"https:\/\/www.instagram.com\/eglisecharente\",\"https:\/\/www.youtube.com\/channel\/UCByyFWApZbw3gDTiADoiAaQ\"]},{\"@type\":\"Person\",\"@id\":\"https:\/\/charente.catholique.fr\/sud-charente\/#\/schema\/person\/3df8c31947ef19fb6329f661cafeadbe\",\"name\":\"Laurent Levasseur\",\"image\":{\"@type\":\"ImageObject\",\"inLanguage\":\"fr-FR\",\"@id\":\"https:\/\/charente.catholique.fr\/sud-charente\/#\/schema\/person\/image\/\",\"url\":\"https:\/\/secure.gravatar.com\/avatar\/dccf960d6e9a0355d4b167ffa3fac883a97faa506deaa7260607621ce2bc2705?s=96&d=mm&r=g\",\"contentUrl\":\"https:\/\/secure.gravatar.com\/avatar\/dccf960d6e9a0355d4b167ffa3fac883a97faa506deaa7260607621ce2bc2705?s=96&d=mm&r=g\",\"caption\":\"Laurent Levasseur\"},\"url\":\"https:\/\/charente.catholique.fr\/sud-charente\/author\/laurentleva\/\"}]}<\/script>\n<!-- \/ Yoast SEO plugin. -->","yoast_head_json":{"title":"Hom\u00e9lie dimanche 26 Avril 2020 - Doyenn\u00e9 Sud Charente","robots":{"index":"index","follow":"follow","max-snippet":"max-snippet:-1","max-image-preview":"max-image-preview:large","max-video-preview":"max-video-preview:-1"},"canonical":"https:\/\/charente.catholique.fr\/sud-charente\/actualites\/homelie-dimanche-26-avril-2020\/","og_locale":"fr_FR","og_type":"article","og_title":"Hom\u00e9lie dimanche 26 Avril 2020 - Doyenn\u00e9 Sud Charente","og_description":"A la suite des p\u00e8lerins d\u2019Emma\u00fcs, reconnaissons le christ. Les Disciples d\u2019Emma\u00fcs. Ces deux disciples ont fait l\u2019exp\u00e9rience de la croix, de la mort. Ils rentrent chez eux avec ce deuil \u00e0 faire et ils vont d\u00e9couvrir le jaillissement de la vie. La croix a mis fin \u00e0 leur esp\u00e9rance. Ils avaient mis leur foi, [&hellip;]","og_url":"https:\/\/charente.catholique.fr\/sud-charente\/actualites\/homelie-dimanche-26-avril-2020\/","og_site_name":"Doyenn\u00e9 Sud Charente","article_publisher":"https:\/\/www.facebook.com\/EgliseCatholiqueCharente","article_published_time":"2020-04-25T14:30:16+00:00","article_modified_time":"2020-09-21T14:30:30+00:00","og_image":[{"width":250,"height":173,"url":"https:\/\/charente.catholique.fr\/sud-charente\/wp-content\/uploads\/sites\/5\/2020\/09\/arton11761-7f856.jpg","type":"image\/jpeg"}],"author":"Laurent Levasseur","twitter_card":"summary_large_image","twitter_creator":"@diocesecharente","twitter_site":"@diocesecharente","twitter_misc":{"\u00c9crit par":"Laurent Levasseur","Dur\u00e9e de lecture estim\u00e9e":"2 minutes"},"schema":{"@context":"https:\/\/schema.org","@graph":[{"@type":"Article","@id":"https:\/\/charente.catholique.fr\/sud-charente\/actualites\/homelie-dimanche-26-avril-2020\/#article","isPartOf":{"@id":"https:\/\/charente.catholique.fr\/sud-charente\/actualites\/homelie-dimanche-26-avril-2020\/"},"author":{"name":"Laurent Levasseur","@id":"https:\/\/charente.catholique.fr\/sud-charente\/#\/schema\/person\/3df8c31947ef19fb6329f661cafeadbe"},"headline":"Hom\u00e9lie dimanche 26 Avril 2020","datePublished":"2020-04-25T14:30:16+00:00","dateModified":"2020-09-21T14:30:30+00:00","mainEntityOfPage":{"@id":"https:\/\/charente.catholique.fr\/sud-charente\/actualites\/homelie-dimanche-26-avril-2020\/"},"wordCount":370,"publisher":{"@id":"https:\/\/charente.catholique.fr\/sud-charente\/#organization"},"image":{"@id":"https:\/\/charente.catholique.fr\/sud-charente\/actualites\/homelie-dimanche-26-avril-2020\/#primaryimage"},"thumbnailUrl":"https:\/\/charente.catholique.fr\/sud-charente\/wp-content\/uploads\/sites\/5\/2020\/09\/arton11761-7f856.jpg","articleSection":["Hom\u00e9lies"],"inLanguage":"fr-FR"},{"@type":"WebPage","@id":"https:\/\/charente.catholique.fr\/sud-charente\/actualites\/homelie-dimanche-26-avril-2020\/","url":"https:\/\/charente.catholique.fr\/sud-charente\/actualites\/homelie-dimanche-26-avril-2020\/","name":"Hom\u00e9lie dimanche 26 Avril 2020 - Doyenn\u00e9 Sud Charente","isPartOf":{"@id":"https:\/\/charente.catholique.fr\/sud-charente\/#website"},"primaryImageOfPage":{"@id":"https:\/\/charente.catholique.fr\/sud-charente\/actualites\/homelie-dimanche-26-avril-2020\/#primaryimage"},"image":{"@id":"https:\/\/charente.catholique.fr\/sud-charente\/actualites\/homelie-dimanche-26-avril-2020\/#primaryimage"},"thumbnailUrl":"https:\/\/charente.catholique.fr\/sud-charente\/wp-content\/uploads\/sites\/5\/2020\/09\/arton11761-7f856.jpg","datePublished":"2020-04-25T14:30:16+00:00","dateModified":"2020-09-21T14:30:30+00:00","breadcrumb":{"@id":"https:\/\/charente.catholique.fr\/sud-charente\/actualites\/homelie-dimanche-26-avril-2020\/#breadcrumb"},"inLanguage":"fr-FR","potentialAction":[{"@type":"ReadAction","target":["https:\/\/charente.catholique.fr\/sud-charente\/actualites\/homelie-dimanche-26-avril-2020\/"]}]},{"@type":"ImageObject","inLanguage":"fr-FR","@id":"https:\/\/charente.catholique.fr\/sud-charente\/actualites\/homelie-dimanche-26-avril-2020\/#primaryimage","url":"https:\/\/charente.catholique.fr\/sud-charente\/wp-content\/uploads\/sites\/5\/2020\/09\/arton11761-7f856.jpg","contentUrl":"https:\/\/charente.catholique.fr\/sud-charente\/wp-content\/uploads\/sites\/5\/2020\/09\/arton11761-7f856.jpg","width":250,"height":173},{"@type":"BreadcrumbList","@id":"https:\/\/charente.catholique.fr\/sud-charente\/actualites\/homelie-dimanche-26-avril-2020\/#breadcrumb","itemListElement":[{"@type":"ListItem","position":1,"name":"Accueil","item":"https:\/\/charente.catholique.fr\/sud-charente\/"},{"@type":"ListItem","position":2,"name":"Hom\u00e9lie dimanche 26 Avril 2020"}]},{"@type":"WebSite","@id":"https:\/\/charente.catholique.fr\/sud-charente\/#website","url":"https:\/\/charente.catholique.fr\/sud-charente\/","name":"Doyenn\u00e9 Sud Charente - Dioc\u00e8se d'Angoul\u00eame","description":"Dioc\u00e8se d&#039;Angoul\u00eame","publisher":{"@id":"https:\/\/charente.catholique.fr\/sud-charente\/#organization"},"potentialAction":[{"@type":"SearchAction","target":{"@type":"EntryPoint","urlTemplate":"https:\/\/charente.catholique.fr\/sud-charente\/?s={search_term_string}"},"query-input":{"@type":"PropertyValueSpecification","valueRequired":true,"valueName":"search_term_string"}}],"inLanguage":"fr-FR"},{"@type":"Organization","@id":"https:\/\/charente.catholique.fr\/sud-charente\/#organization","name":"Association dioc\u00e9saine d'Angoul\u00eame","url":"https:\/\/charente.catholique.fr\/sud-charente\/","logo":{"@type":"ImageObject","inLanguage":"fr-FR","@id":"https:\/\/charente.catholique.fr\/sud-charente\/#\/schema\/logo\/image\/","url":"https:\/\/charente.catholique.fr\/sud-charente\/wp-content\/uploads\/sites\/5\/2020\/10\/logos.png","contentUrl":"https:\/\/charente.catholique.fr\/sud-charente\/wp-content\/uploads\/sites\/5\/2020\/10\/logos.png","width":600,"height":257,"caption":"Association dioc\u00e9saine d'Angoul\u00eame"},"image":{"@id":"https:\/\/charente.catholique.fr\/sud-charente\/#\/schema\/logo\/image\/"},"sameAs":["https:\/\/www.facebook.com\/EgliseCatholiqueCharente","https:\/\/x.com\/diocesecharente","https:\/\/www.instagram.com\/eglisecharente","https:\/\/www.youtube.com\/channel\/UCByyFWApZbw3gDTiADoiAaQ"]},{"@type":"Person","@id":"https:\/\/charente.catholique.fr\/sud-charente\/#\/schema\/person\/3df8c31947ef19fb6329f661cafeadbe","name":"Laurent Levasseur","image":{"@type":"ImageObject","inLanguage":"fr-FR","@id":"https:\/\/charente.catholique.fr\/sud-charente\/#\/schema\/person\/image\/","url":"https:\/\/secure.gravatar.com\/avatar\/dccf960d6e9a0355d4b167ffa3fac883a97faa506deaa7260607621ce2bc2705?s=96&d=mm&r=g","contentUrl":"https:\/\/secure.gravatar.com\/avatar\/dccf960d6e9a0355d4b167ffa3fac883a97faa506deaa7260607621ce2bc2705?s=96&d=mm&r=g","caption":"Laurent Levasseur"},"url":"https:\/\/charente.catholique.fr\/sud-charente\/author\/laurentleva\/"}]}},"_links":{"self":[{"href":"https:\/\/charente.catholique.fr\/sud-charente\/wp-json\/wp\/v2\/posts\/146","targetHints":{"allow":["GET"]}}],"collection":[{"href":"https:\/\/charente.catholique.fr\/sud-charente\/wp-json\/wp\/v2\/posts"}],"about":[{"href":"https:\/\/charente.catholique.fr\/sud-charente\/wp-json\/wp\/v2\/types\/post"}],"author":[{"embeddable":true,"href":"https:\/\/charente.catholique.fr\/sud-charente\/wp-json\/wp\/v2\/users\/1"}],"replies":[{"embeddable":true,"href":"https:\/\/charente.catholique.fr\/sud-charente\/wp-json\/wp\/v2\/comments?post=146"}],"version-history":[{"count":1,"href":"https:\/\/charente.catholique.fr\/sud-charente\/wp-json\/wp\/v2\/posts\/146\/revisions"}],"predecessor-version":[{"id":148,"href":"https:\/\/charente.catholique.fr\/sud-charente\/wp-json\/wp\/v2\/posts\/146\/revisions\/148"}],"wp:featuredmedia":[{"embeddable":true,"href":"https:\/\/charente.catholique.fr\/sud-charente\/wp-json\/wp\/v2\/media\/147"}],"wp:attachment":[{"href":"https:\/\/charente.catholique.fr\/sud-charente\/wp-json\/wp\/v2\/media?parent=146"}],"wp:term":[{"taxonomy":"category","embeddable":true,"href":"https:\/\/charente.catholique.fr\/sud-charente\/wp-json\/wp\/v2\/categories?post=146"},{"taxonomy":"post_tag","embeddable":true,"href":"https:\/\/charente.catholique.fr\/sud-charente\/wp-json\/wp\/v2\/tags?post=146"}],"curies":[{"name":"wp","href":"https:\/\/api.w.org\/{rel}","templated":true}]}}