{"id":143,"date":"2020-05-02T16:28:32","date_gmt":"2020-05-02T14:28:32","guid":{"rendered":"https:\/\/charente.catholique.fr\/sud-charente\/actualites\/\/"},"modified":"2020-09-21T16:29:32","modified_gmt":"2020-09-21T14:29:32","slug":"homelie-dimanche-3-mai-2020","status":"publish","type":"post","link":"https:\/\/charente.catholique.fr\/sud-charente\/actualites\/homelie-dimanche-3-mai-2020\/","title":{"rendered":"hom\u00e9lie dimanche 3 mai 2020"},"content":{"rendered":"\n<p><strong>4e dimanche de P\u00e2ques\u00a0: &#8220;le bon pasteur&#8221;\u00a0; pri\u00e8re pour les vocations.<\/strong><\/p>\n\n\n\n<p>\u00ab&nbsp;Moi je suis venu pour que les hommes aient la vie, pour qu\u2019ils l\u2019aient en abondance&nbsp;\u00bb.<br>\u00ab&nbsp;Celui qui entre par la porte, c\u2019est lui le pasteur&nbsp;\u00bb.<\/p>\n\n\n\n<p>Fr\u00e8res et s\u0153urs, dans un monde o\u00f9 chaque jour et partout , il y a une multiplication de faux bergers qui oeuvre pour leur bonheur&nbsp;; dans un monde o\u00f9 se d\u00e9veloppe une \u00ab&nbsp;civilisation de la mort&nbsp;\u00bb, en ce quatri\u00e8me dimanche du temps pascal, il est juste et bon d\u2019entendre ces paroles fortes de l\u2019Unique, Vrai et Bon Berger J\u00e9sus-Christ&nbsp;! Voici la Bonne Nouvelle que nous accueillons en ce jour&nbsp;!<br>Nous le savons et nous le croyons, puisque le P\u00e8re a tout remis entre ses mains, qu\u2019il est le chemin , la v\u00e9rit\u00e9 et la vie de tout homme&nbsp;! Ainsi il est la porte, le chemin par lequel nous devons passer pour acc\u00e9der au Royaume, la maison du P\u00e8re. D\u00e9sormais, \u00ab&nbsp;nul ne va au P\u00e8re sans passer par Lui&nbsp;\u00bb Jn 14,6.<br>Rien ni personne ne pourra nous s\u00e9parer de l\u2019amour du Christ sauf notre seule volont\u00e9&nbsp;; en effet, Lui, le Berger fid\u00e8le, chaque jour appelle chacun de nous par notre nom afin que nous le suivions, car \u00e0 chaque moment, partout nous pouvons \u00eatre \u00ab&nbsp;des brebis errants&nbsp;\u00bb comme le dit la deuxi\u00e8me lecture&nbsp;!<\/p>\n\n\n\n<p>Alors , si chacun de nous a du prix aux yeux du Seigneur et qu\u2019il a une relation unique avec chacun, nous pouvons nous poser ces questions en ce jour avec saint Gr\u00e9goire le Grand&nbsp;:&nbsp;\u00bb voyez si vous \u00eates ses brebis, voyez si vous le connaissez, voyez si vous percevez la lumi\u00e8re de la v\u00e9rit\u00e9&nbsp;\u00bb&nbsp;? En un mot, voyons si nous l\u2019aimons, si nous lui ob\u00e9issons et si nous le suivons&nbsp;?&nbsp;<br>Le Christ nous avertit dans cet Evangile sur le comportement des faux bergers qui sont des \u00ab&nbsp;voleurs, des \u00e9gorgeurs et des destructeurs&nbsp;\u00bb de notre paix, de notre esp\u00e9rance, de notre joie, de notre vie avec Dieu et les autres . Mais comme le dit si bien encore st Gr\u00e9goire le grand&nbsp;\u00bb si l\u2019on d\u00e9sire se rendre \u00e0 un endroit qu\u2019on s\u2019est fix\u00e9, aucune difficult\u00e9 ne peut changer ce d\u00e9sir. Aucune prosp\u00e9rit\u00e9 flatteuse ne doit nous en d\u00e9tourner&nbsp;; il est fou le voyageur, qui, apercevant sur sa route de gracieuses prairies, oublie le but de son voyage&nbsp;\u00bb.<\/p>\n\n\n\n<p>Oui, en reconnaissant la voix du vrai Berger, comme dit le Christ&nbsp;\u00bb jamais les brebis ne suivront un inconnu, elles s\u2019enfuiront loin de lui&nbsp;\u00bb. \u00e9coutons et vivons cette parole.<br>Ainsi, c\u2019est parmi ceux qui \u00e9coutent sa voix que se trouvent les hommes et les femmes pr\u00eats \u00e0 r\u00e9pondre \u00e0 son appel pour \u00eatre des serviteurs et servantes dans sa Vigne qu\u2019est le monde&#8230;C\u2019est aussi docile \u00e0 ses volont\u00e9s de Pasteur, que se trouveront des hommes et des femmes pr\u00eats \u00e0 affronter les rudes combats de la foi afin de conduire tant d\u2019hommes vers le Salut&nbsp;! \u00ab&nbsp;Si l on vous fait souffrir alors que vous avez bien agi, vous rendrez hommage \u00e0 Dieu en tenant bon&nbsp;\u00bb 2\u00e8me lecture.<\/p>\n\n\n\n<p>Fr\u00e8res et s\u0153urs, en ce jour, prions pour que tous ceux qui disent oui \u00e0 cette mission du Pasteur \u00e9ternel, pour \u00e9clairer, servir leurs fr\u00e8res sachent le faire de tout leur c\u0153ur, en comptant sur la puissance de l\u2019Esprit-Saint&nbsp;!<br>Nous sommes tous en mission chaque jour dans nos familles, nos communaut\u00e9s, nos lieux d\u2019activit\u00e9s, dans nos pays.<br>Que l\u2019Eucharistie de ce jour nourrisse notre foi au Christ , rende joyeuse notre esp\u00e9rance et vrai notre amour pour qu\u2019ensemble nous marchions vers le Royaume&nbsp;!<\/p>\n\n\n\n<p>Fructueuse Mission \u00e0 Tous\u00a0!<\/p>\n\n\n\n<p>P\u00e8re Jean-No\u00ebl<\/p>\n","protected":false},"excerpt":{"rendered":"<p>4e dimanche de P\u00e2ques\u00a0: &#8220;le bon pasteur&#8221;\u00a0; pri\u00e8re pour les vocations. \u00ab&nbsp;Moi je suis venu pour que les hommes aient la vie, pour qu\u2019ils l\u2019aient en abondance&nbsp;\u00bb.\u00ab&nbsp;Celui qui entre par la porte, c\u2019est lui le pasteur&nbsp;\u00bb. Fr\u00e8res et s\u0153urs, dans un monde o\u00f9 chaque jour et partout , il y a une multiplication de faux [&hellip;]<\/p>\n","protected":false},"author":1,"featured_media":144,"comment_status":"closed","ping_status":"open","sticky":false,"template":"","format":"standard","meta":{"_acf_changed":false,"paroisse":[""],"service":["0"],"footnotes":""},"categories":[3],"tags":[],"class_list":["post-143","post","type-post","status-publish","format-standard","has-post-thumbnail","hentry","category-homelies","validated"],"acf":[],"yoast_head":"<!-- This site is optimized with the Yoast SEO plugin v27.1.1 - https:\/\/yoast.com\/product\/yoast-seo-wordpress\/ -->\n<title>hom\u00e9lie dimanche 3 mai 2020 - Doyenn\u00e9 Sud Charente<\/title>\n<meta name=\"robots\" content=\"index, follow, max-snippet:-1, max-image-preview:large, max-video-preview:-1\" \/>\n<link rel=\"canonical\" href=\"https:\/\/charente.catholique.fr\/sud-charente\/actualites\/homelie-dimanche-3-mai-2020\/\" \/>\n<meta property=\"og:locale\" content=\"fr_FR\" \/>\n<meta property=\"og:type\" content=\"article\" \/>\n<meta property=\"og:title\" content=\"hom\u00e9lie dimanche 3 mai 2020 - Doyenn\u00e9 Sud Charente\" \/>\n<meta property=\"og:description\" content=\"4e dimanche de P\u00e2ques\u00a0: &#8220;le bon pasteur&#8221;\u00a0; pri\u00e8re pour les vocations. \u00ab&nbsp;Moi je suis venu pour que les hommes aient la vie, pour qu\u2019ils l\u2019aient en abondance&nbsp;\u00bb.\u00ab&nbsp;Celui qui entre par la porte, c\u2019est lui le pasteur&nbsp;\u00bb. Fr\u00e8res et s\u0153urs, dans un monde o\u00f9 chaque jour et partout , il y a une multiplication de faux [&hellip;]\" \/>\n<meta property=\"og:url\" content=\"https:\/\/charente.catholique.fr\/sud-charente\/actualites\/homelie-dimanche-3-mai-2020\/\" \/>\n<meta property=\"og:site_name\" content=\"Doyenn\u00e9 Sud Charente\" \/>\n<meta property=\"article:publisher\" content=\"https:\/\/www.facebook.com\/EgliseCatholiqueCharente\" \/>\n<meta property=\"article:published_time\" content=\"2020-05-02T14:28:32+00:00\" \/>\n<meta property=\"article:modified_time\" content=\"2020-09-21T14:29:32+00:00\" \/>\n<meta property=\"og:image\" content=\"https:\/\/charente.catholique.fr\/sud-charente\/wp-content\/uploads\/sites\/5\/2020\/09\/arton11795-21d63.png\" \/>\n\t<meta property=\"og:image:width\" content=\"250\" \/>\n\t<meta property=\"og:image:height\" content=\"141\" \/>\n\t<meta property=\"og:image:type\" content=\"image\/png\" \/>\n<meta name=\"author\" content=\"Laurent Levasseur\" \/>\n<meta name=\"twitter:card\" content=\"summary_large_image\" \/>\n<meta name=\"twitter:creator\" content=\"@diocesecharente\" \/>\n<meta name=\"twitter:site\" content=\"@diocesecharente\" \/>\n<meta name=\"twitter:label1\" content=\"\u00c9crit par\" \/>\n\t<meta name=\"twitter:data1\" content=\"Laurent Levasseur\" \/>\n\t<meta name=\"twitter:label2\" content=\"Dur\u00e9e de lecture estim\u00e9e\" \/>\n\t<meta name=\"twitter:data2\" content=\"3 minutes\" \/>\n<script type=\"application\/ld+json\" class=\"yoast-schema-graph\">{\"@context\":\"https:\/\/schema.org\",\"@graph\":[{\"@type\":\"Article\",\"@id\":\"https:\/\/charente.catholique.fr\/sud-charente\/actualites\/homelie-dimanche-3-mai-2020\/#article\",\"isPartOf\":{\"@id\":\"https:\/\/charente.catholique.fr\/sud-charente\/actualites\/homelie-dimanche-3-mai-2020\/\"},\"author\":{\"name\":\"Laurent Levasseur\",\"@id\":\"https:\/\/charente.catholique.fr\/sud-charente\/#\/schema\/person\/3df8c31947ef19fb6329f661cafeadbe\"},\"headline\":\"hom\u00e9lie dimanche 3 mai 2020\",\"datePublished\":\"2020-05-02T14:28:32+00:00\",\"dateModified\":\"2020-09-21T14:29:32+00:00\",\"mainEntityOfPage\":{\"@id\":\"https:\/\/charente.catholique.fr\/sud-charente\/actualites\/homelie-dimanche-3-mai-2020\/\"},\"wordCount\":676,\"publisher\":{\"@id\":\"https:\/\/charente.catholique.fr\/sud-charente\/#organization\"},\"image\":{\"@id\":\"https:\/\/charente.catholique.fr\/sud-charente\/actualites\/homelie-dimanche-3-mai-2020\/#primaryimage\"},\"thumbnailUrl\":\"https:\/\/charente.catholique.fr\/sud-charente\/wp-content\/uploads\/sites\/5\/2020\/09\/arton11795-21d63.png\",\"articleSection\":[\"Hom\u00e9lies\"],\"inLanguage\":\"fr-FR\"},{\"@type\":\"WebPage\",\"@id\":\"https:\/\/charente.catholique.fr\/sud-charente\/actualites\/homelie-dimanche-3-mai-2020\/\",\"url\":\"https:\/\/charente.catholique.fr\/sud-charente\/actualites\/homelie-dimanche-3-mai-2020\/\",\"name\":\"hom\u00e9lie dimanche 3 mai 2020 - Doyenn\u00e9 Sud Charente\",\"isPartOf\":{\"@id\":\"https:\/\/charente.catholique.fr\/sud-charente\/#website\"},\"primaryImageOfPage\":{\"@id\":\"https:\/\/charente.catholique.fr\/sud-charente\/actualites\/homelie-dimanche-3-mai-2020\/#primaryimage\"},\"image\":{\"@id\":\"https:\/\/charente.catholique.fr\/sud-charente\/actualites\/homelie-dimanche-3-mai-2020\/#primaryimage\"},\"thumbnailUrl\":\"https:\/\/charente.catholique.fr\/sud-charente\/wp-content\/uploads\/sites\/5\/2020\/09\/arton11795-21d63.png\",\"datePublished\":\"2020-05-02T14:28:32+00:00\",\"dateModified\":\"2020-09-21T14:29:32+00:00\",\"breadcrumb\":{\"@id\":\"https:\/\/charente.catholique.fr\/sud-charente\/actualites\/homelie-dimanche-3-mai-2020\/#breadcrumb\"},\"inLanguage\":\"fr-FR\",\"potentialAction\":[{\"@type\":\"ReadAction\",\"target\":[\"https:\/\/charente.catholique.fr\/sud-charente\/actualites\/homelie-dimanche-3-mai-2020\/\"]}]},{\"@type\":\"ImageObject\",\"inLanguage\":\"fr-FR\",\"@id\":\"https:\/\/charente.catholique.fr\/sud-charente\/actualites\/homelie-dimanche-3-mai-2020\/#primaryimage\",\"url\":\"https:\/\/charente.catholique.fr\/sud-charente\/wp-content\/uploads\/sites\/5\/2020\/09\/arton11795-21d63.png\",\"contentUrl\":\"https:\/\/charente.catholique.fr\/sud-charente\/wp-content\/uploads\/sites\/5\/2020\/09\/arton11795-21d63.png\",\"width\":250,\"height\":141},{\"@type\":\"BreadcrumbList\",\"@id\":\"https:\/\/charente.catholique.fr\/sud-charente\/actualites\/homelie-dimanche-3-mai-2020\/#breadcrumb\",\"itemListElement\":[{\"@type\":\"ListItem\",\"position\":1,\"name\":\"Accueil\",\"item\":\"https:\/\/charente.catholique.fr\/sud-charente\/\"},{\"@type\":\"ListItem\",\"position\":2,\"name\":\"hom\u00e9lie dimanche 3 mai 2020\"}]},{\"@type\":\"WebSite\",\"@id\":\"https:\/\/charente.catholique.fr\/sud-charente\/#website\",\"url\":\"https:\/\/charente.catholique.fr\/sud-charente\/\",\"name\":\"Doyenn\u00e9 Sud Charente - Dioc\u00e8se d'Angoul\u00eame\",\"description\":\"Dioc\u00e8se d&#039;Angoul\u00eame\",\"publisher\":{\"@id\":\"https:\/\/charente.catholique.fr\/sud-charente\/#organization\"},\"potentialAction\":[{\"@type\":\"SearchAction\",\"target\":{\"@type\":\"EntryPoint\",\"urlTemplate\":\"https:\/\/charente.catholique.fr\/sud-charente\/?s={search_term_string}\"},\"query-input\":{\"@type\":\"PropertyValueSpecification\",\"valueRequired\":true,\"valueName\":\"search_term_string\"}}],\"inLanguage\":\"fr-FR\"},{\"@type\":\"Organization\",\"@id\":\"https:\/\/charente.catholique.fr\/sud-charente\/#organization\",\"name\":\"Association dioc\u00e9saine d'Angoul\u00eame\",\"url\":\"https:\/\/charente.catholique.fr\/sud-charente\/\",\"logo\":{\"@type\":\"ImageObject\",\"inLanguage\":\"fr-FR\",\"@id\":\"https:\/\/charente.catholique.fr\/sud-charente\/#\/schema\/logo\/image\/\",\"url\":\"https:\/\/charente.catholique.fr\/sud-charente\/wp-content\/uploads\/sites\/5\/2020\/10\/logos.png\",\"contentUrl\":\"https:\/\/charente.catholique.fr\/sud-charente\/wp-content\/uploads\/sites\/5\/2020\/10\/logos.png\",\"width\":600,\"height\":257,\"caption\":\"Association dioc\u00e9saine d'Angoul\u00eame\"},\"image\":{\"@id\":\"https:\/\/charente.catholique.fr\/sud-charente\/#\/schema\/logo\/image\/\"},\"sameAs\":[\"https:\/\/www.facebook.com\/EgliseCatholiqueCharente\",\"https:\/\/x.com\/diocesecharente\",\"https:\/\/www.instagram.com\/eglisecharente\",\"https:\/\/www.youtube.com\/channel\/UCByyFWApZbw3gDTiADoiAaQ\"]},{\"@type\":\"Person\",\"@id\":\"https:\/\/charente.catholique.fr\/sud-charente\/#\/schema\/person\/3df8c31947ef19fb6329f661cafeadbe\",\"name\":\"Laurent Levasseur\",\"image\":{\"@type\":\"ImageObject\",\"inLanguage\":\"fr-FR\",\"@id\":\"https:\/\/charente.catholique.fr\/sud-charente\/#\/schema\/person\/image\/\",\"url\":\"https:\/\/secure.gravatar.com\/avatar\/dccf960d6e9a0355d4b167ffa3fac883a97faa506deaa7260607621ce2bc2705?s=96&d=mm&r=g\",\"contentUrl\":\"https:\/\/secure.gravatar.com\/avatar\/dccf960d6e9a0355d4b167ffa3fac883a97faa506deaa7260607621ce2bc2705?s=96&d=mm&r=g\",\"caption\":\"Laurent Levasseur\"},\"url\":\"https:\/\/charente.catholique.fr\/sud-charente\/author\/laurentleva\/\"}]}<\/script>\n<!-- \/ Yoast SEO plugin. -->","yoast_head_json":{"title":"hom\u00e9lie dimanche 3 mai 2020 - Doyenn\u00e9 Sud Charente","robots":{"index":"index","follow":"follow","max-snippet":"max-snippet:-1","max-image-preview":"max-image-preview:large","max-video-preview":"max-video-preview:-1"},"canonical":"https:\/\/charente.catholique.fr\/sud-charente\/actualites\/homelie-dimanche-3-mai-2020\/","og_locale":"fr_FR","og_type":"article","og_title":"hom\u00e9lie dimanche 3 mai 2020 - Doyenn\u00e9 Sud Charente","og_description":"4e dimanche de P\u00e2ques\u00a0: &#8220;le bon pasteur&#8221;\u00a0; pri\u00e8re pour les vocations. \u00ab&nbsp;Moi je suis venu pour que les hommes aient la vie, pour qu\u2019ils l\u2019aient en abondance&nbsp;\u00bb.\u00ab&nbsp;Celui qui entre par la porte, c\u2019est lui le pasteur&nbsp;\u00bb. Fr\u00e8res et s\u0153urs, dans un monde o\u00f9 chaque jour et partout , il y a une multiplication de faux [&hellip;]","og_url":"https:\/\/charente.catholique.fr\/sud-charente\/actualites\/homelie-dimanche-3-mai-2020\/","og_site_name":"Doyenn\u00e9 Sud Charente","article_publisher":"https:\/\/www.facebook.com\/EgliseCatholiqueCharente","article_published_time":"2020-05-02T14:28:32+00:00","article_modified_time":"2020-09-21T14:29:32+00:00","og_image":[{"width":250,"height":141,"url":"https:\/\/charente.catholique.fr\/sud-charente\/wp-content\/uploads\/sites\/5\/2020\/09\/arton11795-21d63.png","type":"image\/png"}],"author":"Laurent Levasseur","twitter_card":"summary_large_image","twitter_creator":"@diocesecharente","twitter_site":"@diocesecharente","twitter_misc":{"\u00c9crit par":"Laurent Levasseur","Dur\u00e9e de lecture estim\u00e9e":"3 minutes"},"schema":{"@context":"https:\/\/schema.org","@graph":[{"@type":"Article","@id":"https:\/\/charente.catholique.fr\/sud-charente\/actualites\/homelie-dimanche-3-mai-2020\/#article","isPartOf":{"@id":"https:\/\/charente.catholique.fr\/sud-charente\/actualites\/homelie-dimanche-3-mai-2020\/"},"author":{"name":"Laurent Levasseur","@id":"https:\/\/charente.catholique.fr\/sud-charente\/#\/schema\/person\/3df8c31947ef19fb6329f661cafeadbe"},"headline":"hom\u00e9lie dimanche 3 mai 2020","datePublished":"2020-05-02T14:28:32+00:00","dateModified":"2020-09-21T14:29:32+00:00","mainEntityOfPage":{"@id":"https:\/\/charente.catholique.fr\/sud-charente\/actualites\/homelie-dimanche-3-mai-2020\/"},"wordCount":676,"publisher":{"@id":"https:\/\/charente.catholique.fr\/sud-charente\/#organization"},"image":{"@id":"https:\/\/charente.catholique.fr\/sud-charente\/actualites\/homelie-dimanche-3-mai-2020\/#primaryimage"},"thumbnailUrl":"https:\/\/charente.catholique.fr\/sud-charente\/wp-content\/uploads\/sites\/5\/2020\/09\/arton11795-21d63.png","articleSection":["Hom\u00e9lies"],"inLanguage":"fr-FR"},{"@type":"WebPage","@id":"https:\/\/charente.catholique.fr\/sud-charente\/actualites\/homelie-dimanche-3-mai-2020\/","url":"https:\/\/charente.catholique.fr\/sud-charente\/actualites\/homelie-dimanche-3-mai-2020\/","name":"hom\u00e9lie dimanche 3 mai 2020 - Doyenn\u00e9 Sud Charente","isPartOf":{"@id":"https:\/\/charente.catholique.fr\/sud-charente\/#website"},"primaryImageOfPage":{"@id":"https:\/\/charente.catholique.fr\/sud-charente\/actualites\/homelie-dimanche-3-mai-2020\/#primaryimage"},"image":{"@id":"https:\/\/charente.catholique.fr\/sud-charente\/actualites\/homelie-dimanche-3-mai-2020\/#primaryimage"},"thumbnailUrl":"https:\/\/charente.catholique.fr\/sud-charente\/wp-content\/uploads\/sites\/5\/2020\/09\/arton11795-21d63.png","datePublished":"2020-05-02T14:28:32+00:00","dateModified":"2020-09-21T14:29:32+00:00","breadcrumb":{"@id":"https:\/\/charente.catholique.fr\/sud-charente\/actualites\/homelie-dimanche-3-mai-2020\/#breadcrumb"},"inLanguage":"fr-FR","potentialAction":[{"@type":"ReadAction","target":["https:\/\/charente.catholique.fr\/sud-charente\/actualites\/homelie-dimanche-3-mai-2020\/"]}]},{"@type":"ImageObject","inLanguage":"fr-FR","@id":"https:\/\/charente.catholique.fr\/sud-charente\/actualites\/homelie-dimanche-3-mai-2020\/#primaryimage","url":"https:\/\/charente.catholique.fr\/sud-charente\/wp-content\/uploads\/sites\/5\/2020\/09\/arton11795-21d63.png","contentUrl":"https:\/\/charente.catholique.fr\/sud-charente\/wp-content\/uploads\/sites\/5\/2020\/09\/arton11795-21d63.png","width":250,"height":141},{"@type":"BreadcrumbList","@id":"https:\/\/charente.catholique.fr\/sud-charente\/actualites\/homelie-dimanche-3-mai-2020\/#breadcrumb","itemListElement":[{"@type":"ListItem","position":1,"name":"Accueil","item":"https:\/\/charente.catholique.fr\/sud-charente\/"},{"@type":"ListItem","position":2,"name":"hom\u00e9lie dimanche 3 mai 2020"}]},{"@type":"WebSite","@id":"https:\/\/charente.catholique.fr\/sud-charente\/#website","url":"https:\/\/charente.catholique.fr\/sud-charente\/","name":"Doyenn\u00e9 Sud Charente - Dioc\u00e8se d'Angoul\u00eame","description":"Dioc\u00e8se d&#039;Angoul\u00eame","publisher":{"@id":"https:\/\/charente.catholique.fr\/sud-charente\/#organization"},"potentialAction":[{"@type":"SearchAction","target":{"@type":"EntryPoint","urlTemplate":"https:\/\/charente.catholique.fr\/sud-charente\/?s={search_term_string}"},"query-input":{"@type":"PropertyValueSpecification","valueRequired":true,"valueName":"search_term_string"}}],"inLanguage":"fr-FR"},{"@type":"Organization","@id":"https:\/\/charente.catholique.fr\/sud-charente\/#organization","name":"Association dioc\u00e9saine d'Angoul\u00eame","url":"https:\/\/charente.catholique.fr\/sud-charente\/","logo":{"@type":"ImageObject","inLanguage":"fr-FR","@id":"https:\/\/charente.catholique.fr\/sud-charente\/#\/schema\/logo\/image\/","url":"https:\/\/charente.catholique.fr\/sud-charente\/wp-content\/uploads\/sites\/5\/2020\/10\/logos.png","contentUrl":"https:\/\/charente.catholique.fr\/sud-charente\/wp-content\/uploads\/sites\/5\/2020\/10\/logos.png","width":600,"height":257,"caption":"Association dioc\u00e9saine d'Angoul\u00eame"},"image":{"@id":"https:\/\/charente.catholique.fr\/sud-charente\/#\/schema\/logo\/image\/"},"sameAs":["https:\/\/www.facebook.com\/EgliseCatholiqueCharente","https:\/\/x.com\/diocesecharente","https:\/\/www.instagram.com\/eglisecharente","https:\/\/www.youtube.com\/channel\/UCByyFWApZbw3gDTiADoiAaQ"]},{"@type":"Person","@id":"https:\/\/charente.catholique.fr\/sud-charente\/#\/schema\/person\/3df8c31947ef19fb6329f661cafeadbe","name":"Laurent Levasseur","image":{"@type":"ImageObject","inLanguage":"fr-FR","@id":"https:\/\/charente.catholique.fr\/sud-charente\/#\/schema\/person\/image\/","url":"https:\/\/secure.gravatar.com\/avatar\/dccf960d6e9a0355d4b167ffa3fac883a97faa506deaa7260607621ce2bc2705?s=96&d=mm&r=g","contentUrl":"https:\/\/secure.gravatar.com\/avatar\/dccf960d6e9a0355d4b167ffa3fac883a97faa506deaa7260607621ce2bc2705?s=96&d=mm&r=g","caption":"Laurent Levasseur"},"url":"https:\/\/charente.catholique.fr\/sud-charente\/author\/laurentleva\/"}]}},"_links":{"self":[{"href":"https:\/\/charente.catholique.fr\/sud-charente\/wp-json\/wp\/v2\/posts\/143","targetHints":{"allow":["GET"]}}],"collection":[{"href":"https:\/\/charente.catholique.fr\/sud-charente\/wp-json\/wp\/v2\/posts"}],"about":[{"href":"https:\/\/charente.catholique.fr\/sud-charente\/wp-json\/wp\/v2\/types\/post"}],"author":[{"embeddable":true,"href":"https:\/\/charente.catholique.fr\/sud-charente\/wp-json\/wp\/v2\/users\/1"}],"replies":[{"embeddable":true,"href":"https:\/\/charente.catholique.fr\/sud-charente\/wp-json\/wp\/v2\/comments?post=143"}],"version-history":[{"count":1,"href":"https:\/\/charente.catholique.fr\/sud-charente\/wp-json\/wp\/v2\/posts\/143\/revisions"}],"predecessor-version":[{"id":145,"href":"https:\/\/charente.catholique.fr\/sud-charente\/wp-json\/wp\/v2\/posts\/143\/revisions\/145"}],"wp:featuredmedia":[{"embeddable":true,"href":"https:\/\/charente.catholique.fr\/sud-charente\/wp-json\/wp\/v2\/media\/144"}],"wp:attachment":[{"href":"https:\/\/charente.catholique.fr\/sud-charente\/wp-json\/wp\/v2\/media?parent=143"}],"wp:term":[{"taxonomy":"category","embeddable":true,"href":"https:\/\/charente.catholique.fr\/sud-charente\/wp-json\/wp\/v2\/categories?post=143"},{"taxonomy":"post_tag","embeddable":true,"href":"https:\/\/charente.catholique.fr\/sud-charente\/wp-json\/wp\/v2\/tags?post=143"}],"curies":[{"name":"wp","href":"https:\/\/api.w.org\/{rel}","templated":true}]}}