{"id":13542,"date":"2026-08-30T15:49:22","date_gmt":"2026-08-30T13:49:22","guid":{"rendered":"https:\/\/charente.catholique.fr\/sud-charente\/?p=13542"},"modified":"2026-08-30T16:22:46","modified_gmt":"2026-08-30T14:22:46","slug":"informations-paroissiales-du-30-aout-2026","status":"publish","type":"post","link":"https:\/\/charente.catholique.fr\/sud-charente\/actualites\/informations-paroissiales-du-30-aout-2026\/","title":{"rendered":"Informations paroissiales du 30 ao\u00fbt 2026"},"content":{"rendered":"\n<p>Bonsoir \u00e0 toutes et \u00e0 tous !<\/p>\n\n\n\n<p>Avec la rentr\u00e9e, voil\u00e0 le retour de notre rendez-vous hebdomadaire : les mails d&#8217;infos paroissiales du dimanche soir !<\/p>\n\n\n\n<p>Tout n&#8217;est pas encore bien organis\u00e9 et cal\u00e9 ! Alors restons attentifs aux prochaines infos qui seront transmises.&nbsp;<\/p>\n\n\n\n<p>Les messes en semaine reprennent leurs horaires habituels mais l&#8217;adoration et le temps de confession du mercredi soir ne reprendront qu&#8217;\u00e0 partir du 16 septembre.<\/p>\n\n\n\n<h5 class=\"wp-block-heading\"><strong>Hom\u00e9lies<\/strong><\/h5>\n\n\n\n<p>&#8211; Retrouvez <a href=\"https:\/\/charente.catholique.fr\/sud-charente\/actualites\/homelie-du-30-aout-2026-par-le-p-benoit-lecomte\/\" target=\"_blank\" rel=\"noreferrer noopener\">l&#8217;hom\u00e9lie de ce dimanche, par le P. Beno\u00eet Lecomte<\/a>, pour ce temps de rentr\u00e9e.<\/p>\n\n\n\n<p>Et si vous \u00e9tiez en manque cet \u00e9t\u00e9, sachez que les hom\u00e9lies de juillet et ao\u00fbt sont toutes <a href=\"https:\/\/charente.catholique.fr\/sud-charente\/\">sur le site du doyenn\u00e9<\/a>&nbsp;!<\/p>\n\n\n\n<h5 class=\"wp-block-heading\"><strong>Rentr\u00e9e paroissiale le 13 septembre<\/strong><\/h5>\n\n\n\n<p>Nous vivrons notre rentr\u00e9e paroissiale le dimanche 13 septembre.<\/p>\n\n\n\n<p>10h30 : Messe avec reconnaissance de la nouvelle EAP et envois en mission<\/p>\n\n\n\n<p>12h00 : Ap\u00e9ritif puis repas partag\u00e9 dans les jardins du presbyt\u00e8re<\/p>\n\n\n\n<p>14h00 : Apr\u00e8s-midi anim\u00e9e pour faire connaissance et d\u00e9couvrir la paroisse.<\/p>\n\n\n\n<p><a href=\"https:\/\/charente.catholique.fr\/sud-charente\/agenda\/rentree-paroissiale-barbezieux-baignes-barret\/\">Invitons largement autour de nous !<\/a><\/p>\n\n\n\n<h5 class=\"wp-block-heading\"><strong>Entr\u00e9e dans le mois de la Cr\u00e9ation<\/strong><\/h5>\n\n\n\n<p>Le Temps pour la Cr\u00e9ation nous invite \u00e0 prier et \u00e0 agir pour le soin de la Cr\u00e9ation. Il a lieu chaque ann\u00e9e entre le 1er septembre, journ\u00e9e de pri\u00e8re pour la sauvegarde de la Cr\u00e9ation, et le 4 octobre, f\u00eate de saint Fran\u00e7ois d\u2019Assise. &#8220;L&#8217;eau vive&#8221; est le th\u00e8me de cette ann\u00e9e.<\/p>\n\n\n\n<p><a href=\"https:\/\/charente.catholique.fr\/actualites\/temps-pour-la-creation-2026\/\">Retrouvez ici les \u00e9l\u00e9ments de r\u00e9flexion, de pri\u00e8re et les d\u00e9marches propos\u00e9es<\/a> pour <strong>vivre ce temps qui prend un relief encore plus vif apr\u00e8s l&#8217;\u00e9t\u00e9 caniculaire que nous venons de passer<\/strong>.&nbsp;<\/p>\n\n\n\n<h5 class=\"wp-block-heading\"><strong>Le Pape en France et \u00e0 Barbezieux !<\/strong><\/h5>\n\n\n\n<p>A l&#8217;occasion de la venue du pape en France, le dioc\u00e8se d&#8217;Angoul\u00eame organise un aller-retour pour le dimanche 27 septembre \u00e0 Lourdes.&nbsp;<a href=\"https:\/\/charente.catholique.fr\/actualites\/le-message-de-mgr-herve-gosselin-venez-rencontrer-le-pape-leon-xiv\/\">Notre \u00e9v\u00eaque nous invite \u00e0 y participer<\/a>. Toutes les&nbsp;<a href=\"https:\/\/charente.catholique.fr\/actualites\/rencontre-avec-le-pape-a-lourdes-le-27-septembre-2026\/\">informations et modalit\u00e9s pratiques se trouvent ici<\/a>.&nbsp;<\/p>\n\n\n\n<p>Notre paroisse ne sera pas en reste, en proposant des retransmissions, des animations et des temps de pri\u00e8re \u00e0 l&#8217;occasion de ce voyage !<\/p>\n\n\n\n<p>D\u00e9j\u00e0 des ajouts ont \u00e9t\u00e9 fait par rapport aux propositions publi\u00e9es ce matin :&nbsp;<\/p>\n\n\n\n<p><strong>Au Fraternel<\/strong><\/p>\n\n\n\n<p><a><strong>Vendredi 25 septembre<\/strong><\/a><\/p>\n\n\n\n<p>17h15 &nbsp; Retransmission de l\u2019<strong>office des v\u00eapres<\/strong> \u00e0 Notre-Dame de Paris<\/p>\n\n\n\n<p>Pique-nique<\/p>\n\n\n\n<p>19h30&nbsp;&nbsp; Retransmission de la <strong>Veill\u00e9e de pri\u00e8re avec les jeunes<\/strong> au Stade de France<\/p>\n\n\n\n<p><strong>Samedi 26 septembre<\/strong><\/p>\n\n\n\n<p>8h45&nbsp; &nbsp; Messe votive pour le Saint-P\u00e8re, \u00e0 l&#8217;oratoire de Barbezieux<\/p>\n\n\n\n<p>9h30 &#8211; 12h00 <strong>Fabrication de p\u00e2tes fra\u00eeches italiennes<\/strong> (apporter 6 oeufs \/ personne)<\/p>\n\n\n\n<p>15h00 &nbsp; Retransmission de la <strong>Messe<\/strong> depuis la Place de la Concorde et les Champs Elys\u00e9es \u00e0 Paris<\/p>\n\n\n\n<p>19h40 &nbsp; Retransmission de la <strong>pri\u00e8re \u00e0 la grotte<\/strong> de Lourdes<\/p>\n\n\n\n<p>Puis <strong>Ap\u00e9ro-Th\u00e9o&nbsp;: \u00ab&nbsp;A quoi sert un pape&nbsp;?&nbsp;\u00bb<\/strong><\/p>\n\n\n\n<p><strong>Dimanche 27 septembre<\/strong><\/p>\n\n\n\n<p>21h00&nbsp;&nbsp; Retransmission de la <strong>Pri\u00e8re du rosaire et de la procession aux&nbsp;flambeaux<\/strong>, depuis Lourdes<br><\/p>\n\n\n\n<h5 class=\"wp-block-heading\"><strong>Les rendez-vous de la semaine&nbsp;<\/strong><\/h5>\n\n\n\n<p><strong>Mardi 1er<\/strong><\/p>\n\n\n\n<p>8h00 Messe \u00e0 l&#8217;oratoire de Barbezieux<\/p>\n\n\n\n<p>9h30 Ouverture du caf\u00e9 Le Fraternel, jusqu&#8217;\u00e0 12h<\/p>\n\n\n\n<p>10h00 Permanence d&#8217;\u00e9coute, au Fraternel, jusqu&#8217;\u00e0 12h<\/p>\n\n\n\n<p>14h00 Ouverture de la boutique solidaire&nbsp;du Secours Catholique<\/p>\n\n\n\n<p>15h00 Groupe du renouveau, \u00e0 l&#8217;oratoire<\/p>\n\n\n\n<p><strong>Mercredi 2<\/strong><\/p>\n\n\n\n<p>8h30 &#8211; 9h30 Confessions \u00e0 Barbezieux<\/p>\n\n\n\n<p>17h30 R\u00e9p\u00e9tition de la chorale de Baignes<\/p>\n\n\n\n<p>18h00 Messe \u00e0 l&#8217;oratoire de Barbezieux<\/p>\n\n\n\n<p><strong>Jeudi 3<\/strong><\/p>\n\n\n\n<p>8h45 Messe \u00e0 l&#8217;oratoire de Barbezieux11h00 Pri\u00e8re \u00e0 Salles de Barbezieux<\/p>\n\n\n\n<p><strong>Vendredi 4<\/strong><\/p>\n\n\n\n<p>9h30 Messe \u00e0 l&#8217;oratoire de Barbezieux et confessions jusqu&#8217;\u00e0 10h30<\/p>\n\n\n\n<p>11h00 Messe \u00e0 Vignolles<\/p>\n\n\n\n<p><strong>Samedi 5<\/strong><\/p>\n\n\n\n<p>8h45 Messe \u00e0 l&#8217;oratoire de Barbezieux<\/p>\n\n\n\n<p><strong>18h30 Messe \u00e0 Baignes<\/strong><\/p>\n\n\n\n<p><strong>Dimanche 6<\/strong><\/p>\n\n\n\n<p><strong>10h30 Messe \u00e0 Barbezieux<\/strong><\/p>\n\n\n\n<p>12h00&nbsp;<a href=\"https:\/\/charente.catholique.fr\/sud-charente\/agenda\/exposition-de-marie-cecile-caillon\/\">Vernissage de l&#8217;exposition de Marie-C\u00e9cile Caillon<\/a>&nbsp;au Fraternel<\/p>\n\n\n\n<h5 class=\"wp-block-heading\">Les rendez-vous du&nbsp;Fraternel&nbsp;<\/h5>\n\n\n\n<p><a href=\"https:\/\/charente.catholique.fr\/sud-charente\/le-fraternel\/\" target=\"_blank\" rel=\"noreferrer noopener\">Suivez le programme avec ce lien.<\/a><\/p>\n\n\n\n<p>Cette semaine :&nbsp;<\/p>\n\n\n\n<p>Mardi : 9h &#8211; 12h : caf\u00e9&nbsp;<\/p>\n\n\n\n<p>Samedi : 10h-12h : caf\u00e9<\/p>\n\n\n\n<p>Dimanche : 12h : <a href=\"https:\/\/charente.catholique.fr\/sud-charente\/agenda\/exposition-de-marie-cecile-caillon\/\">Vernissage de l&#8217;exposition de Marie-C\u00e9cile Caillon<\/a><\/p>\n\n\n\n<p>Les rendez-vous \u00e0 venir :&nbsp;<\/p>\n\n\n\n<p>Vendredi 18 septembre, 19h30 :<a href=\"https:\/\/charente.catholique.fr\/sud-charente\/agenda\/femmes-en-politique-parcours-de-femmes\/\"> &#8220;Femmes en politique&#8221; : Parcours de femmes<\/a>.&nbsp; Le Fraternel propose un nouveau rendez-vous pour les femmes : des soir\u00e9es \u201cParcours de femmes\u201d.<br>Pour la premi\u00e8re, table ronde avec des femmes sur leur parcours et leur engagement dans la vie politique, avec 5 invit\u00e9es,&nbsp;maires et d\u00e9put\u00e9e.<\/p>\n\n\n\n<h5 class=\"wp-block-heading\">Vie du doyenn\u00e9<\/h5>\n\n\n\n<p><a href=\"https:\/\/charente.catholique.fr\/sud-charente\/agenda\/messe-dinstallation-du-pere-justin-bationo\/\">La paroisse Saint Beno\u00eet et Saint Gilles en Sud Charente vivra sa journ\u00e9e de rentr\u00e9e le dimanche 4 octobre<\/a><\/p>\n\n\n\n<p><a href=\"https:\/\/charente.catholique.fr\/sud-charente\/agenda\/rentree-paroissiale-aubeterre-brossac-chalais\/\">La paroisse Aubeterre &#8211; Brossac &#8211; Chalais vivra sa journ\u00e9e de rentr\u00e9e le dimanche 11 octobre<\/a><\/p>\n\n\n\n<p><strong>Pour ne rien louper de la vie paroissiale : t\u00e9l\u00e9chargez l&#8217;application Ecclesia sur votre smartphone !<\/strong><\/p>\n\n\n\n<p><strong>Bonne rentr\u00e9e !<\/strong><\/p>\n\n\n\n<p>Toutes les infos du dioc\u00e8se : <a href=\"https:\/\/charente.catholique.fr\/\" target=\"_blank\" rel=\"noreferrer noopener\">cliquez ici !<\/a><\/p>\n\n\n\n<p><a href=\"https:\/\/charente.catholique.fr\/\" target=\"_blank\" rel=\"noreferrer noopener\">Abonnez-vous \u00e0 la Lettre d&#8217;information du dioc\u00e8se<\/a> (tous les 15 jours)<\/p>\n\n\n\n<p><\/p>\n","protected":false},"excerpt":{"rendered":"<p>Bonsoir \u00e0 toutes et \u00e0 tous ! Avec la rentr\u00e9e, voil\u00e0 le retour de notre rendez-vous hebdomadaire : les mails d&#8217;infos paroissiales du dimanche soir ! Tout n&#8217;est pas encore bien organis\u00e9 et cal\u00e9 ! Alors restons attentifs aux prochaines infos qui seront transmises.&nbsp; Les messes en semaine reprennent leurs horaires habituels mais l&#8217;adoration et [&hellip;]<\/p>\n","protected":false},"author":4,"featured_media":273,"comment_status":"open","ping_status":"open","sticky":false,"template":"","format":"standard","meta":{"_acf_changed":false,"paroisse":["15"],"service":["0"],"footnotes":""},"categories":[1,4,14],"tags":[],"class_list":["post-13542","post","type-post","status-publish","format-standard","has-post-thumbnail","hentry","category-actualites","category-barbezieux","category-infos-paroissiales","validated"],"acf":[],"yoast_head":"<!-- This site is optimized with the Yoast SEO plugin v28.3 - https:\/\/yoast.com\/product\/yoast-seo-wordpress\/ -->\n<title>Informations paroissiales du 30 ao\u00fbt 2026 - Doyenn\u00e9 Sud Charente<\/title>\n<meta name=\"robots\" content=\"index, follow, max-snippet:-1, max-image-preview:large, max-video-preview:-1\" \/>\n<link rel=\"canonical\" href=\"https:\/\/charente.catholique.fr\/sud-charente\/actualites\/informations-paroissiales-du-30-aout-2026\/\" \/>\n<meta property=\"og:locale\" content=\"fr_FR\" \/>\n<meta property=\"og:type\" content=\"article\" \/>\n<meta property=\"og:title\" content=\"Informations paroissiales du 30 ao\u00fbt 2026 - Doyenn\u00e9 Sud Charente\" \/>\n<meta property=\"og:description\" content=\"Bonsoir \u00e0 toutes et \u00e0 tous ! Avec la rentr\u00e9e, voil\u00e0 le retour de notre rendez-vous hebdomadaire : les mails d&#8217;infos paroissiales du dimanche soir ! Tout n&#8217;est pas encore bien organis\u00e9 et cal\u00e9 ! Alors restons attentifs aux prochaines infos qui seront transmises.&nbsp; Les messes en semaine reprennent leurs horaires habituels mais l&#8217;adoration et [&hellip;]\" \/>\n<meta property=\"og:url\" content=\"https:\/\/charente.catholique.fr\/sud-charente\/actualites\/informations-paroissiales-du-30-aout-2026\/\" \/>\n<meta property=\"og:site_name\" content=\"Doyenn\u00e9 Sud Charente\" \/>\n<meta property=\"article:publisher\" content=\"https:\/\/www.facebook.com\/EgliseCatholiqueCharente\" \/>\n<meta property=\"article:published_time\" content=\"2026-08-30T13:49:22+00:00\" \/>\n<meta property=\"article:modified_time\" content=\"2026-08-30T14:22:46+00:00\" \/>\n<meta property=\"og:image\" content=\"https:\/\/charente.catholique.fr\/sud-charente\/wp-content\/uploads\/sites\/5\/2020\/07\/logo_paroissebbb-scaled.jpg\" \/>\n\t<meta property=\"og:image:width\" content=\"2560\" \/>\n\t<meta property=\"og:image:height\" content=\"890\" \/>\n\t<meta property=\"og:image:type\" content=\"image\/jpeg\" \/>\n<meta name=\"author\" content=\"Beno\u00eet\" \/>\n<meta name=\"twitter:card\" content=\"summary_large_image\" \/>\n<meta name=\"twitter:creator\" content=\"@diocesecharente\" \/>\n<meta name=\"twitter:site\" content=\"@diocesecharente\" \/>\n<meta name=\"twitter:label1\" content=\"\u00c9crit par\" \/>\n\t<meta name=\"twitter:data1\" content=\"Beno\u00eet\" \/>\n\t<meta name=\"twitter:label2\" content=\"Dur\u00e9e de lecture estim\u00e9e\" \/>\n\t<meta name=\"twitter:data2\" content=\"4 minutes\" \/>\n<script type=\"application\/ld+json\" class=\"yoast-schema-graph\">{\"@context\":\"https:\\\/\\\/schema.org\",\"@graph\":[{\"@type\":\"Article\",\"@id\":\"https:\\\/\\\/charente.catholique.fr\\\/sud-charente\\\/actualites\\\/informations-paroissiales-du-30-aout-2026\\\/#article\",\"isPartOf\":{\"@id\":\"https:\\\/\\\/charente.catholique.fr\\\/sud-charente\\\/actualites\\\/informations-paroissiales-du-30-aout-2026\\\/\"},\"author\":{\"name\":\"Beno\u00eet\",\"@id\":\"https:\\\/\\\/charente.catholique.fr\\\/sud-charente\\\/#\\\/schema\\\/person\\\/ddcc6ba32a4484b49a276652de901387\"},\"headline\":\"Informations paroissiales du 30 ao\u00fbt 2026\",\"datePublished\":\"2026-08-30T13:49:22+00:00\",\"dateModified\":\"2026-08-30T14:22:46+00:00\",\"mainEntityOfPage\":{\"@id\":\"https:\\\/\\\/charente.catholique.fr\\\/sud-charente\\\/actualites\\\/informations-paroissiales-du-30-aout-2026\\\/\"},\"wordCount\":795,\"commentCount\":0,\"publisher\":{\"@id\":\"https:\\\/\\\/charente.catholique.fr\\\/sud-charente\\\/#organization\"},\"image\":{\"@id\":\"https:\\\/\\\/charente.catholique.fr\\\/sud-charente\\\/actualites\\\/informations-paroissiales-du-30-aout-2026\\\/#primaryimage\"},\"thumbnailUrl\":\"https:\\\/\\\/charente.catholique.fr\\\/sud-charente\\\/wp-content\\\/uploads\\\/sites\\\/5\\\/2020\\\/07\\\/logo_paroissebbb-scaled.jpg\",\"articleSection\":[\"Actualit\u00e9s\",\"Barbezieux\",\"Infos paroissiales\"],\"inLanguage\":\"fr-FR\",\"potentialAction\":[{\"@type\":\"CommentAction\",\"name\":\"Comment\",\"target\":[\"https:\\\/\\\/charente.catholique.fr\\\/sud-charente\\\/actualites\\\/informations-paroissiales-du-30-aout-2026\\\/#respond\"]}]},{\"@type\":\"WebPage\",\"@id\":\"https:\\\/\\\/charente.catholique.fr\\\/sud-charente\\\/actualites\\\/informations-paroissiales-du-30-aout-2026\\\/\",\"url\":\"https:\\\/\\\/charente.catholique.fr\\\/sud-charente\\\/actualites\\\/informations-paroissiales-du-30-aout-2026\\\/\",\"name\":\"Informations paroissiales du 30 ao\u00fbt 2026 - Doyenn\u00e9 Sud Charente\",\"isPartOf\":{\"@id\":\"https:\\\/\\\/charente.catholique.fr\\\/sud-charente\\\/#website\"},\"primaryImageOfPage\":{\"@id\":\"https:\\\/\\\/charente.catholique.fr\\\/sud-charente\\\/actualites\\\/informations-paroissiales-du-30-aout-2026\\\/#primaryimage\"},\"image\":{\"@id\":\"https:\\\/\\\/charente.catholique.fr\\\/sud-charente\\\/actualites\\\/informations-paroissiales-du-30-aout-2026\\\/#primaryimage\"},\"thumbnailUrl\":\"https:\\\/\\\/charente.catholique.fr\\\/sud-charente\\\/wp-content\\\/uploads\\\/sites\\\/5\\\/2020\\\/07\\\/logo_paroissebbb-scaled.jpg\",\"datePublished\":\"2026-08-30T13:49:22+00:00\",\"dateModified\":\"2026-08-30T14:22:46+00:00\",\"breadcrumb\":{\"@id\":\"https:\\\/\\\/charente.catholique.fr\\\/sud-charente\\\/actualites\\\/informations-paroissiales-du-30-aout-2026\\\/#breadcrumb\"},\"inLanguage\":\"fr-FR\",\"potentialAction\":[{\"@type\":\"ReadAction\",\"target\":[\"https:\\\/\\\/charente.catholique.fr\\\/sud-charente\\\/actualites\\\/informations-paroissiales-du-30-aout-2026\\\/\"]}]},{\"@type\":\"ImageObject\",\"inLanguage\":\"fr-FR\",\"@id\":\"https:\\\/\\\/charente.catholique.fr\\\/sud-charente\\\/actualites\\\/informations-paroissiales-du-30-aout-2026\\\/#primaryimage\",\"url\":\"https:\\\/\\\/charente.catholique.fr\\\/sud-charente\\\/wp-content\\\/uploads\\\/sites\\\/5\\\/2020\\\/07\\\/logo_paroissebbb-scaled.jpg\",\"contentUrl\":\"https:\\\/\\\/charente.catholique.fr\\\/sud-charente\\\/wp-content\\\/uploads\\\/sites\\\/5\\\/2020\\\/07\\\/logo_paroissebbb-scaled.jpg\",\"width\":2560,\"height\":890},{\"@type\":\"BreadcrumbList\",\"@id\":\"https:\\\/\\\/charente.catholique.fr\\\/sud-charente\\\/actualites\\\/informations-paroissiales-du-30-aout-2026\\\/#breadcrumb\",\"itemListElement\":[{\"@type\":\"ListItem\",\"position\":1,\"name\":\"Accueil\",\"item\":\"https:\\\/\\\/charente.catholique.fr\\\/sud-charente\\\/\"},{\"@type\":\"ListItem\",\"position\":2,\"name\":\"Informations paroissiales du 30 ao\u00fbt 2026\"}]},{\"@type\":\"WebSite\",\"@id\":\"https:\\\/\\\/charente.catholique.fr\\\/sud-charente\\\/#website\",\"url\":\"https:\\\/\\\/charente.catholique.fr\\\/sud-charente\\\/\",\"name\":\"Doyenn\u00e9 Sud Charente - Dioc\u00e8se d'Angoul\u00eame\",\"description\":\"Dioc\u00e8se d&#039;Angoul\u00eame\",\"publisher\":{\"@id\":\"https:\\\/\\\/charente.catholique.fr\\\/sud-charente\\\/#organization\"},\"potentialAction\":[{\"@type\":\"SearchAction\",\"target\":{\"@type\":\"EntryPoint\",\"urlTemplate\":\"https:\\\/\\\/charente.catholique.fr\\\/sud-charente\\\/?s={search_term_string}\"},\"query-input\":{\"@type\":\"PropertyValueSpecification\",\"valueRequired\":true,\"valueName\":\"search_term_string\"}}],\"inLanguage\":\"fr-FR\"},{\"@type\":\"Organization\",\"@id\":\"https:\\\/\\\/charente.catholique.fr\\\/sud-charente\\\/#organization\",\"name\":\"Association dioc\u00e9saine d'Angoul\u00eame\",\"url\":\"https:\\\/\\\/charente.catholique.fr\\\/sud-charente\\\/\",\"logo\":{\"@type\":\"ImageObject\",\"inLanguage\":\"fr-FR\",\"@id\":\"https:\\\/\\\/charente.catholique.fr\\\/sud-charente\\\/#\\\/schema\\\/logo\\\/image\\\/\",\"url\":\"https:\\\/\\\/charente.catholique.fr\\\/sud-charente\\\/wp-content\\\/uploads\\\/sites\\\/5\\\/2020\\\/10\\\/logos.png\",\"contentUrl\":\"https:\\\/\\\/charente.catholique.fr\\\/sud-charente\\\/wp-content\\\/uploads\\\/sites\\\/5\\\/2020\\\/10\\\/logos.png\",\"width\":600,\"height\":257,\"caption\":\"Association dioc\u00e9saine d'Angoul\u00eame\"},\"image\":{\"@id\":\"https:\\\/\\\/charente.catholique.fr\\\/sud-charente\\\/#\\\/schema\\\/logo\\\/image\\\/\"},\"sameAs\":[\"https:\\\/\\\/www.facebook.com\\\/EgliseCatholiqueCharente\",\"https:\\\/\\\/x.com\\\/diocesecharente\",\"https:\\\/\\\/www.instagram.com\\\/eglisecharente\",\"https:\\\/\\\/www.youtube.com\\\/channel\\\/UCByyFWApZbw3gDTiADoiAaQ\"]},{\"@type\":\"Person\",\"@id\":\"https:\\\/\\\/charente.catholique.fr\\\/sud-charente\\\/#\\\/schema\\\/person\\\/ddcc6ba32a4484b49a276652de901387\",\"name\":\"Beno\u00eet\",\"image\":{\"@type\":\"ImageObject\",\"inLanguage\":\"fr-FR\",\"@id\":\"https:\\\/\\\/secure.gravatar.com\\\/avatar\\\/367de281020c81cafc6a2f9b79fef00a1981a890412ad8b09b11385575886666?s=96&d=mm&r=g\",\"url\":\"https:\\\/\\\/secure.gravatar.com\\\/avatar\\\/367de281020c81cafc6a2f9b79fef00a1981a890412ad8b09b11385575886666?s=96&d=mm&r=g\",\"contentUrl\":\"https:\\\/\\\/secure.gravatar.com\\\/avatar\\\/367de281020c81cafc6a2f9b79fef00a1981a890412ad8b09b11385575886666?s=96&d=mm&r=g\",\"caption\":\"Beno\u00eet\"},\"url\":\"https:\\\/\\\/charente.catholique.fr\\\/sud-charente\\\/author\\\/benoitlecomte\\\/\"}]}<\/script>\n<!-- \/ Yoast SEO plugin. -->","yoast_head_json":{"title":"Informations paroissiales du 30 ao\u00fbt 2026 - Doyenn\u00e9 Sud Charente","robots":{"index":"index","follow":"follow","max-snippet":"max-snippet:-1","max-image-preview":"max-image-preview:large","max-video-preview":"max-video-preview:-1"},"canonical":"https:\/\/charente.catholique.fr\/sud-charente\/actualites\/informations-paroissiales-du-30-aout-2026\/","og_locale":"fr_FR","og_type":"article","og_title":"Informations paroissiales du 30 ao\u00fbt 2026 - Doyenn\u00e9 Sud Charente","og_description":"Bonsoir \u00e0 toutes et \u00e0 tous ! Avec la rentr\u00e9e, voil\u00e0 le retour de notre rendez-vous hebdomadaire : les mails d&#8217;infos paroissiales du dimanche soir ! Tout n&#8217;est pas encore bien organis\u00e9 et cal\u00e9 ! Alors restons attentifs aux prochaines infos qui seront transmises.&nbsp; Les messes en semaine reprennent leurs horaires habituels mais l&#8217;adoration et [&hellip;]","og_url":"https:\/\/charente.catholique.fr\/sud-charente\/actualites\/informations-paroissiales-du-30-aout-2026\/","og_site_name":"Doyenn\u00e9 Sud Charente","article_publisher":"https:\/\/www.facebook.com\/EgliseCatholiqueCharente","article_published_time":"2026-08-30T13:49:22+00:00","article_modified_time":"2026-08-30T14:22:46+00:00","og_image":[{"width":2560,"height":890,"url":"https:\/\/charente.catholique.fr\/sud-charente\/wp-content\/uploads\/sites\/5\/2020\/07\/logo_paroissebbb-scaled.jpg","type":"image\/jpeg"}],"author":"Beno\u00eet","twitter_card":"summary_large_image","twitter_creator":"@diocesecharente","twitter_site":"@diocesecharente","twitter_misc":{"\u00c9crit par":"Beno\u00eet","Dur\u00e9e de lecture estim\u00e9e":"4 minutes"},"schema":{"@context":"https:\/\/schema.org","@graph":[{"@type":"Article","@id":"https:\/\/charente.catholique.fr\/sud-charente\/actualites\/informations-paroissiales-du-30-aout-2026\/#article","isPartOf":{"@id":"https:\/\/charente.catholique.fr\/sud-charente\/actualites\/informations-paroissiales-du-30-aout-2026\/"},"author":{"name":"Beno\u00eet","@id":"https:\/\/charente.catholique.fr\/sud-charente\/#\/schema\/person\/ddcc6ba32a4484b49a276652de901387"},"headline":"Informations paroissiales du 30 ao\u00fbt 2026","datePublished":"2026-08-30T13:49:22+00:00","dateModified":"2026-08-30T14:22:46+00:00","mainEntityOfPage":{"@id":"https:\/\/charente.catholique.fr\/sud-charente\/actualites\/informations-paroissiales-du-30-aout-2026\/"},"wordCount":795,"commentCount":0,"publisher":{"@id":"https:\/\/charente.catholique.fr\/sud-charente\/#organization"},"image":{"@id":"https:\/\/charente.catholique.fr\/sud-charente\/actualites\/informations-paroissiales-du-30-aout-2026\/#primaryimage"},"thumbnailUrl":"https:\/\/charente.catholique.fr\/sud-charente\/wp-content\/uploads\/sites\/5\/2020\/07\/logo_paroissebbb-scaled.jpg","articleSection":["Actualit\u00e9s","Barbezieux","Infos paroissiales"],"inLanguage":"fr-FR","potentialAction":[{"@type":"CommentAction","name":"Comment","target":["https:\/\/charente.catholique.fr\/sud-charente\/actualites\/informations-paroissiales-du-30-aout-2026\/#respond"]}]},{"@type":"WebPage","@id":"https:\/\/charente.catholique.fr\/sud-charente\/actualites\/informations-paroissiales-du-30-aout-2026\/","url":"https:\/\/charente.catholique.fr\/sud-charente\/actualites\/informations-paroissiales-du-30-aout-2026\/","name":"Informations paroissiales du 30 ao\u00fbt 2026 - Doyenn\u00e9 Sud Charente","isPartOf":{"@id":"https:\/\/charente.catholique.fr\/sud-charente\/#website"},"primaryImageOfPage":{"@id":"https:\/\/charente.catholique.fr\/sud-charente\/actualites\/informations-paroissiales-du-30-aout-2026\/#primaryimage"},"image":{"@id":"https:\/\/charente.catholique.fr\/sud-charente\/actualites\/informations-paroissiales-du-30-aout-2026\/#primaryimage"},"thumbnailUrl":"https:\/\/charente.catholique.fr\/sud-charente\/wp-content\/uploads\/sites\/5\/2020\/07\/logo_paroissebbb-scaled.jpg","datePublished":"2026-08-30T13:49:22+00:00","dateModified":"2026-08-30T14:22:46+00:00","breadcrumb":{"@id":"https:\/\/charente.catholique.fr\/sud-charente\/actualites\/informations-paroissiales-du-30-aout-2026\/#breadcrumb"},"inLanguage":"fr-FR","potentialAction":[{"@type":"ReadAction","target":["https:\/\/charente.catholique.fr\/sud-charente\/actualites\/informations-paroissiales-du-30-aout-2026\/"]}]},{"@type":"ImageObject","inLanguage":"fr-FR","@id":"https:\/\/charente.catholique.fr\/sud-charente\/actualites\/informations-paroissiales-du-30-aout-2026\/#primaryimage","url":"https:\/\/charente.catholique.fr\/sud-charente\/wp-content\/uploads\/sites\/5\/2020\/07\/logo_paroissebbb-scaled.jpg","contentUrl":"https:\/\/charente.catholique.fr\/sud-charente\/wp-content\/uploads\/sites\/5\/2020\/07\/logo_paroissebbb-scaled.jpg","width":2560,"height":890},{"@type":"BreadcrumbList","@id":"https:\/\/charente.catholique.fr\/sud-charente\/actualites\/informations-paroissiales-du-30-aout-2026\/#breadcrumb","itemListElement":[{"@type":"ListItem","position":1,"name":"Accueil","item":"https:\/\/charente.catholique.fr\/sud-charente\/"},{"@type":"ListItem","position":2,"name":"Informations paroissiales du 30 ao\u00fbt 2026"}]},{"@type":"WebSite","@id":"https:\/\/charente.catholique.fr\/sud-charente\/#website","url":"https:\/\/charente.catholique.fr\/sud-charente\/","name":"Doyenn\u00e9 Sud Charente - Dioc\u00e8se d'Angoul\u00eame","description":"Dioc\u00e8se d&#039;Angoul\u00eame","publisher":{"@id":"https:\/\/charente.catholique.fr\/sud-charente\/#organization"},"potentialAction":[{"@type":"SearchAction","target":{"@type":"EntryPoint","urlTemplate":"https:\/\/charente.catholique.fr\/sud-charente\/?s={search_term_string}"},"query-input":{"@type":"PropertyValueSpecification","valueRequired":true,"valueName":"search_term_string"}}],"inLanguage":"fr-FR"},{"@type":"Organization","@id":"https:\/\/charente.catholique.fr\/sud-charente\/#organization","name":"Association dioc\u00e9saine d'Angoul\u00eame","url":"https:\/\/charente.catholique.fr\/sud-charente\/","logo":{"@type":"ImageObject","inLanguage":"fr-FR","@id":"https:\/\/charente.catholique.fr\/sud-charente\/#\/schema\/logo\/image\/","url":"https:\/\/charente.catholique.fr\/sud-charente\/wp-content\/uploads\/sites\/5\/2020\/10\/logos.png","contentUrl":"https:\/\/charente.catholique.fr\/sud-charente\/wp-content\/uploads\/sites\/5\/2020\/10\/logos.png","width":600,"height":257,"caption":"Association dioc\u00e9saine d'Angoul\u00eame"},"image":{"@id":"https:\/\/charente.catholique.fr\/sud-charente\/#\/schema\/logo\/image\/"},"sameAs":["https:\/\/www.facebook.com\/EgliseCatholiqueCharente","https:\/\/x.com\/diocesecharente","https:\/\/www.instagram.com\/eglisecharente","https:\/\/www.youtube.com\/channel\/UCByyFWApZbw3gDTiADoiAaQ"]},{"@type":"Person","@id":"https:\/\/charente.catholique.fr\/sud-charente\/#\/schema\/person\/ddcc6ba32a4484b49a276652de901387","name":"Beno\u00eet","image":{"@type":"ImageObject","inLanguage":"fr-FR","@id":"https:\/\/secure.gravatar.com\/avatar\/367de281020c81cafc6a2f9b79fef00a1981a890412ad8b09b11385575886666?s=96&d=mm&r=g","url":"https:\/\/secure.gravatar.com\/avatar\/367de281020c81cafc6a2f9b79fef00a1981a890412ad8b09b11385575886666?s=96&d=mm&r=g","contentUrl":"https:\/\/secure.gravatar.com\/avatar\/367de281020c81cafc6a2f9b79fef00a1981a890412ad8b09b11385575886666?s=96&d=mm&r=g","caption":"Beno\u00eet"},"url":"https:\/\/charente.catholique.fr\/sud-charente\/author\/benoitlecomte\/"}]}},"_links":{"self":[{"href":"https:\/\/charente.catholique.fr\/sud-charente\/wp-json\/wp\/v2\/posts\/13542","targetHints":{"allow":["GET"]}}],"collection":[{"href":"https:\/\/charente.catholique.fr\/sud-charente\/wp-json\/wp\/v2\/posts"}],"about":[{"href":"https:\/\/charente.catholique.fr\/sud-charente\/wp-json\/wp\/v2\/types\/post"}],"author":[{"embeddable":true,"href":"https:\/\/charente.catholique.fr\/sud-charente\/wp-json\/wp\/v2\/users\/4"}],"replies":[{"embeddable":true,"href":"https:\/\/charente.catholique.fr\/sud-charente\/wp-json\/wp\/v2\/comments?post=13542"}],"version-history":[{"count":2,"href":"https:\/\/charente.catholique.fr\/sud-charente\/wp-json\/wp\/v2\/posts\/13542\/revisions"}],"predecessor-version":[{"id":13554,"href":"https:\/\/charente.catholique.fr\/sud-charente\/wp-json\/wp\/v2\/posts\/13542\/revisions\/13554"}],"wp:featuredmedia":[{"embeddable":true,"href":"https:\/\/charente.catholique.fr\/sud-charente\/wp-json\/wp\/v2\/media\/273"}],"wp:attachment":[{"href":"https:\/\/charente.catholique.fr\/sud-charente\/wp-json\/wp\/v2\/media?parent=13542"}],"wp:term":[{"taxonomy":"category","embeddable":true,"href":"https:\/\/charente.catholique.fr\/sud-charente\/wp-json\/wp\/v2\/categories?post=13542"},{"taxonomy":"post_tag","embeddable":true,"href":"https:\/\/charente.catholique.fr\/sud-charente\/wp-json\/wp\/v2\/tags?post=13542"}],"curies":[{"name":"wp","href":"https:\/\/api.w.org\/{rel}","templated":true}]}}