{"id":13539,"date":"2026-08-30T14:32:40","date_gmt":"2026-08-30T12:32:40","guid":{"rendered":"https:\/\/charente.catholique.fr\/sud-charente\/?p=13539"},"modified":"2026-08-30T14:32:41","modified_gmt":"2026-08-30T12:32:41","slug":"homelie-du-30-aout-2026-par-le-p-benoit-lecomte","status":"publish","type":"post","link":"https:\/\/charente.catholique.fr\/sud-charente\/actualites\/homelie-du-30-aout-2026-par-le-p-benoit-lecomte\/","title":{"rendered":"Hom\u00e9lie du 30 ao\u00fbt 2026, par le P. Beno\u00eet Lecomte"},"content":{"rendered":"\n<p><\/p>\n\n\n\n<p>Apr\u00e8s-demain, c\u2019est la rentr\u00e9e des classes. Et avec elle, une nouvelle ann\u00e9e qui commence. M\u00eame si nous ne sommes pas \u00e9l\u00e8ves, l\u2019ann\u00e9e scolaire rythme toute notre organisation, nos engagements, et ce jusqu\u2019aux prochaines grandes vacances. C\u2019est le d\u00e9but d\u2019une nouvelle p\u00e9riode qu\u2019il nous est donn\u00e9 d\u2019habiter et de vivre. Les prochains jours et les prochaines semaines vont \u00eatre occup\u00e9s par l\u2019am\u00e9nagement de notre emploi du temps, les rendez-vous \u00e0 prendre, les trajets \u00e0 pr\u00e9voir\u2026 Peut-\u00eatre allons-nous aussi profiter de cette nouvelle ann\u00e9e pour prendre de nouveaux engagements&nbsp;: en famille, avec tel ou tel groupe ou relation, au travail, en association, en Eglise, en paroisse. En ce temps de rentr\u00e9e, peuvent se m\u00ealer l\u2019excitation et l\u2019inqui\u00e9tude ou l\u2019appr\u00e9hension des nouveaut\u00e9s et de l\u2019inconnu.<\/p>\n\n\n\n<p>&nbsp;&nbsp;&nbsp;&nbsp;&nbsp;&nbsp;&nbsp;&nbsp;&nbsp;&nbsp;&nbsp; Mais la question que vient nous poser la Parole de Dieu, au c\u0153ur m\u00eame de ce temps si particulier, peut \u00eatre exprim\u00e9e en quelques mots&nbsp;: \u00ab&nbsp;Cette ann\u00e9e, quelle va \u00eatre ton moteur&nbsp;? Apr\u00e8s quoi vas-tu courir&nbsp;? Quelles vont \u00eatre tes priorit\u00e9s&nbsp;? Tes points d\u2019appuis&nbsp;? Tes rep\u00e8res&nbsp;? Quel sera ton horizon&nbsp;? Et en quoi vas-tu t\u2019enraciner&nbsp;?&nbsp;\u00bb<\/p>\n\n\n\n<p>&nbsp;&nbsp;&nbsp;&nbsp;&nbsp;&nbsp;&nbsp;&nbsp;&nbsp;&nbsp;&nbsp; Nous pouvons avoir d\u00e9j\u00e0 quelques perspectives&nbsp;: de r\u00e9solutions \u00e0 tenir, de r\u00e9ussite, de projets particuliers, d\u2019objectifs \u00e0 atteindre\u2026 Les disciples de J\u00e9sus en ont&nbsp;un : faire en sorte que J\u00e9sus r\u00e9alise sa mission de r\u00e9tablissement du Royaume de Dieu en chassant l\u2019occupant romain. Et ils sont pr\u00e8s \u00e0 prot\u00e9ger J\u00e9sus de toute agression si cela devait se pr\u00e9senter. C\u2019est en tout cas ce que laisse entendre Pierre quand J\u00e9sus annonce qu\u2019il sera tu\u00e9&nbsp;: \u00ab&nbsp;<em>Dieu t\u2019en garde, Seigneur&nbsp;! Cela ne t\u2019arrivera pas&nbsp;!&nbsp;<\/em>\u00bb Sous-entendu&nbsp;: \u00ab&nbsp;Nous sommes l\u00e0&nbsp;!&nbsp;\u00bb Mais la r\u00e9ponse de J\u00e9sus est cinglante&nbsp;: \u00ab&nbsp;<em>Passe derri\u00e8re moi, Satan&nbsp;! Tes pens\u00e9es ne sont pas celles de Dieu, mais celles des hommes.&nbsp;<\/em>\u00bb Et J\u00e9sus renverse les perspectives. Toutes les perspectives&nbsp;: \u00ab&nbsp;<em>Si quelqu\u2019un veut marcher \u00e0 ma suite, qu\u2019il renonce \u00e0 lui-m\u00eame, qu\u2019il prenne sa croix et qu\u2019il me suive\u2026 Celui qui veut sauver sa vie la perdra, mais qui perd sa vie \u00e0 cause de moi la trouvera<\/em>.&nbsp;\u00bb J\u00e9sus trace son chemin, il sait o\u00f9 il veut aller, o\u00f9 il doit aller, et par quelles \u00e9tapes il doit passer. Et ce chemin passe par l\u2019abandon et la confiance en son P\u00e8re, il va jusqu\u2019\u00e0 l\u2019absolu de l\u2019amour qui est de donner sa vie. Les paroles de Pierre auraient pu \u00eatre rassurantes et &nbsp;tentantes&nbsp;: \u00e9viter le pire peut \u00eatre attrayant. Mais le c\u0153ur de J\u00e9sus est enracin\u00e9 dans sa mission, dans son amour pour son P\u00e8re, et il s\u2019accroche \u00e0 cette boussole pour aller jusqu\u2019au bout. Il \u00e9coute ce que le P\u00e8re lui dit au c\u0153ur. Comme dans le livre du proph\u00e8te J\u00e9r\u00e9mie&nbsp;: face \u00e0 la moquerie, le proph\u00e8te disait&nbsp;: \u00ab&nbsp;<em>Je ne penserai plus \u00e0 lui, je ne parlerai plus en son nom. Mais la parole du Seigneur \u00e9tait comme un feu br\u00fblant dans mon c\u0153ur, elle \u00e9tait enferm\u00e9e dans mes os. Je m\u2019\u00e9puisais \u00e0 la ma\u00eetriser, sans y r\u00e9ussir<\/em>.&nbsp;\u00bb Magnifique combat spirituel contre Dieu, que le proph\u00e8te arrive \u00e0 perdre.<\/p>\n\n\n\n<p>Car c\u2019est de cela qu\u2019il s\u2019agit en ce d\u00e9but d\u2019ann\u00e9e&nbsp;: quelle place allons-nous laisser au Seigneur non pas en plus de tout le reste, mais au c\u0153ur m\u00eame de notre emploi du temps, de nos activit\u00e9s, de nos engagements et de nos relations&nbsp;? \u00ab&nbsp;<em>Ne prenez pas pour mod\u00e8le le monde pr\u00e9sent, mais transformez-vous en renouvelant votre fa\u00e7on de penser pour discerner quelle est la volont\u00e9 de Dieu<\/em>&nbsp;\u00bb, disait Saint Paul. On entend comme une r\u00e9ponse \u00e0 l\u2019attitude de Pierre dans l\u2019\u00e9vangile. Mais c\u2019est une exhortation qui nous rejoint directement en ce temps de rentr\u00e9e. Comment vais-je renouveler ma fa\u00e7on de penser&nbsp;? Quels choix faire pour r\u00e9pondre \u00e0 la volont\u00e9 de Dieu&nbsp;? Quelles d\u00e9cisions prendre et qui engageront les 10 prochains mois&nbsp;? Comment vais-je renoncer \u00e0 moi-m\u00eame et \u00ab&nbsp;perdre ma vie&nbsp;\u00bb \u00e0 cause de J\u00e9sus, c\u2019est-\u00e0-dire aussi laisser la place aux autres et \u00e9couter les autres, et non moi seul&nbsp;? Que vais-je donner pour \u00ab&nbsp;que le monde ait la vie&nbsp;\u00bb, comme le pape L\u00e9on a choisi de nous faire m\u00e9diter lors de sa venue en France&nbsp;? Avec quelle qualit\u00e9 vais-je aimer, non pas \u00e0 ma fa\u00e7on mais \u00e0 la fa\u00e7on de Dieu, non pas en prot\u00e9geant le Christ de ce que je ne voudrais pas qui lui arrive mais en lui permettant de se donner jusqu\u2019au bout et totalement&nbsp;?<\/p>\n\n\n\n<p>En ce temps de rentr\u00e9e, l\u2019heure est au discernement. C\u2019est-\u00e0-dire \u00e0 l\u2019enracinement de notre c\u0153ur dans la Parole de Dieu. En commen\u00e7ant par faire silence, encore plus si l\u2019agitation et la crainte nous gagnent. Puis en \u00e9coutant cette Parole. L\u2019\u00e9coute profonde, dans le silence et dans l\u2019accueil des paroles de nos fr\u00e8res et s\u0153urs qui nous entourent, car le Seigneur parle par eux aussi. Enfin, en \u00e9coutant notre c\u0153ur, enracin\u00e9 et rendu attentif. Pour r\u00e9pondre \u00e0 la question&nbsp;: cette ann\u00e9e, quel va \u00eatre ton moteur&nbsp;? Comment vas-tu suivre le Christ jusque dans sa joie de se donner, pour vivre avec lui et rayonner de sa r\u00e9surrection \u00e0 laquelle il te fait participer depuis ton bapt\u00eame&nbsp;?<\/p>\n\n\n\n<p>La Parole de Dieu vient questionner chacun en ce temps de rentr\u00e9e. Elle nous invite \u00e0 nous poser avant de d\u00e9marrer en trombe. Elle vient aussi nous questionner en communaut\u00e9 chr\u00e9tienne, en Eglise, perdre sa vie, c\u2019est la donner aux autres, c\u2019est transformer nos relations, c\u2019est grandir en fraternit\u00e9. La rentr\u00e9e est aussi celle de la paroisse, de ses changements, de ses nouvelles organisations. Le Corps que nous formons peut et doit aussi se poser la question de ce qui va nous animer tous nos groupes, toutes nos \u00e9quipes, tout au long de cette ann\u00e9e. Pour ensemble chercher \u00ab&nbsp;<em>quelle est la volont\u00e9 de Dieu&nbsp;: ce qui est bon, ce qui est capable de lui plaire ce qui est parfait&nbsp;<\/em>\u00bb.<\/p>\n\n\n\n<p>Amen.<\/p>\n\n\n\n<p>P. Beno\u00eet Lecomte<\/p>\n","protected":false},"excerpt":{"rendered":"<p>Apr\u00e8s-demain, c\u2019est la rentr\u00e9e des classes. Et avec elle, une nouvelle ann\u00e9e qui commence. M\u00eame si nous ne sommes pas \u00e9l\u00e8ves, l\u2019ann\u00e9e scolaire rythme toute notre organisation, nos engagements, et ce jusqu\u2019aux prochaines grandes vacances. C\u2019est le d\u00e9but d\u2019une nouvelle p\u00e9riode qu\u2019il nous est donn\u00e9 d\u2019habiter et de vivre. Les prochains jours et les prochaines [&hellip;]<\/p>\n","protected":false},"author":4,"featured_media":13540,"comment_status":"open","ping_status":"open","sticky":false,"template":"","format":"standard","meta":{"_acf_changed":false,"paroisse":["15"],"service":["0"],"footnotes":""},"categories":[1,4,3],"tags":[],"class_list":["post-13539","post","type-post","status-publish","format-standard","has-post-thumbnail","hentry","category-actualites","category-barbezieux","category-homelies","validated"],"acf":[],"yoast_head":"<!-- This site is optimized with the Yoast SEO plugin v28.3 - https:\/\/yoast.com\/product\/yoast-seo-wordpress\/ -->\n<title>Hom\u00e9lie du 30 ao\u00fbt 2026, par le P. Beno\u00eet Lecomte - Doyenn\u00e9 Sud Charente<\/title>\n<meta name=\"robots\" content=\"index, follow, max-snippet:-1, max-image-preview:large, max-video-preview:-1\" \/>\n<link rel=\"canonical\" href=\"https:\/\/charente.catholique.fr\/sud-charente\/actualites\/homelie-du-30-aout-2026-par-le-p-benoit-lecomte\/\" \/>\n<meta property=\"og:locale\" content=\"fr_FR\" \/>\n<meta property=\"og:type\" content=\"article\" \/>\n<meta property=\"og:title\" content=\"Hom\u00e9lie du 30 ao\u00fbt 2026, par le P. Beno\u00eet Lecomte - Doyenn\u00e9 Sud Charente\" \/>\n<meta property=\"og:description\" content=\"Apr\u00e8s-demain, c\u2019est la rentr\u00e9e des classes. Et avec elle, une nouvelle ann\u00e9e qui commence. M\u00eame si nous ne sommes pas \u00e9l\u00e8ves, l\u2019ann\u00e9e scolaire rythme toute notre organisation, nos engagements, et ce jusqu\u2019aux prochaines grandes vacances. C\u2019est le d\u00e9but d\u2019une nouvelle p\u00e9riode qu\u2019il nous est donn\u00e9 d\u2019habiter et de vivre. Les prochains jours et les prochaines [&hellip;]\" \/>\n<meta property=\"og:url\" content=\"https:\/\/charente.catholique.fr\/sud-charente\/actualites\/homelie-du-30-aout-2026-par-le-p-benoit-lecomte\/\" \/>\n<meta property=\"og:site_name\" content=\"Doyenn\u00e9 Sud Charente\" \/>\n<meta property=\"article:publisher\" content=\"https:\/\/www.facebook.com\/EgliseCatholiqueCharente\" \/>\n<meta property=\"article:published_time\" content=\"2026-08-30T12:32:40+00:00\" \/>\n<meta property=\"article:modified_time\" content=\"2026-08-30T12:32:41+00:00\" \/>\n<meta property=\"og:image\" content=\"https:\/\/charente.catholique.fr\/sud-charente\/wp-content\/uploads\/sites\/5\/2026\/08\/melinda257-planner-4233901-scaled.jpg\" \/>\n\t<meta property=\"og:image:width\" content=\"1707\" \/>\n\t<meta property=\"og:image:height\" content=\"2560\" \/>\n\t<meta property=\"og:image:type\" content=\"image\/jpeg\" \/>\n<meta name=\"author\" content=\"Beno\u00eet\" \/>\n<meta name=\"twitter:card\" content=\"summary_large_image\" \/>\n<meta name=\"twitter:creator\" content=\"@diocesecharente\" \/>\n<meta name=\"twitter:site\" content=\"@diocesecharente\" \/>\n<meta name=\"twitter:label1\" content=\"\u00c9crit par\" \/>\n\t<meta name=\"twitter:data1\" content=\"Beno\u00eet\" \/>\n\t<meta name=\"twitter:label2\" content=\"Dur\u00e9e de lecture estim\u00e9e\" \/>\n\t<meta name=\"twitter:data2\" content=\"6 minutes\" \/>\n<script type=\"application\/ld+json\" class=\"yoast-schema-graph\">{\"@context\":\"https:\\\/\\\/schema.org\",\"@graph\":[{\"@type\":\"Article\",\"@id\":\"https:\\\/\\\/charente.catholique.fr\\\/sud-charente\\\/actualites\\\/homelie-du-30-aout-2026-par-le-p-benoit-lecomte\\\/#article\",\"isPartOf\":{\"@id\":\"https:\\\/\\\/charente.catholique.fr\\\/sud-charente\\\/actualites\\\/homelie-du-30-aout-2026-par-le-p-benoit-lecomte\\\/\"},\"author\":{\"name\":\"Beno\u00eet\",\"@id\":\"https:\\\/\\\/charente.catholique.fr\\\/sud-charente\\\/#\\\/schema\\\/person\\\/ddcc6ba32a4484b49a276652de901387\"},\"headline\":\"Hom\u00e9lie du 30 ao\u00fbt 2026, par le P. Beno\u00eet Lecomte\",\"datePublished\":\"2026-08-30T12:32:40+00:00\",\"dateModified\":\"2026-08-30T12:32:41+00:00\",\"mainEntityOfPage\":{\"@id\":\"https:\\\/\\\/charente.catholique.fr\\\/sud-charente\\\/actualites\\\/homelie-du-30-aout-2026-par-le-p-benoit-lecomte\\\/\"},\"wordCount\":1159,\"commentCount\":0,\"publisher\":{\"@id\":\"https:\\\/\\\/charente.catholique.fr\\\/sud-charente\\\/#organization\"},\"image\":{\"@id\":\"https:\\\/\\\/charente.catholique.fr\\\/sud-charente\\\/actualites\\\/homelie-du-30-aout-2026-par-le-p-benoit-lecomte\\\/#primaryimage\"},\"thumbnailUrl\":\"https:\\\/\\\/charente.catholique.fr\\\/sud-charente\\\/wp-content\\\/uploads\\\/sites\\\/5\\\/2026\\\/08\\\/melinda257-planner-4233901-scaled.jpg\",\"articleSection\":[\"Actualit\u00e9s\",\"Barbezieux\",\"Hom\u00e9lies\"],\"inLanguage\":\"fr-FR\",\"potentialAction\":[{\"@type\":\"CommentAction\",\"name\":\"Comment\",\"target\":[\"https:\\\/\\\/charente.catholique.fr\\\/sud-charente\\\/actualites\\\/homelie-du-30-aout-2026-par-le-p-benoit-lecomte\\\/#respond\"]}]},{\"@type\":\"WebPage\",\"@id\":\"https:\\\/\\\/charente.catholique.fr\\\/sud-charente\\\/actualites\\\/homelie-du-30-aout-2026-par-le-p-benoit-lecomte\\\/\",\"url\":\"https:\\\/\\\/charente.catholique.fr\\\/sud-charente\\\/actualites\\\/homelie-du-30-aout-2026-par-le-p-benoit-lecomte\\\/\",\"name\":\"Hom\u00e9lie du 30 ao\u00fbt 2026, par le P. Beno\u00eet Lecomte - Doyenn\u00e9 Sud Charente\",\"isPartOf\":{\"@id\":\"https:\\\/\\\/charente.catholique.fr\\\/sud-charente\\\/#website\"},\"primaryImageOfPage\":{\"@id\":\"https:\\\/\\\/charente.catholique.fr\\\/sud-charente\\\/actualites\\\/homelie-du-30-aout-2026-par-le-p-benoit-lecomte\\\/#primaryimage\"},\"image\":{\"@id\":\"https:\\\/\\\/charente.catholique.fr\\\/sud-charente\\\/actualites\\\/homelie-du-30-aout-2026-par-le-p-benoit-lecomte\\\/#primaryimage\"},\"thumbnailUrl\":\"https:\\\/\\\/charente.catholique.fr\\\/sud-charente\\\/wp-content\\\/uploads\\\/sites\\\/5\\\/2026\\\/08\\\/melinda257-planner-4233901-scaled.jpg\",\"datePublished\":\"2026-08-30T12:32:40+00:00\",\"dateModified\":\"2026-08-30T12:32:41+00:00\",\"breadcrumb\":{\"@id\":\"https:\\\/\\\/charente.catholique.fr\\\/sud-charente\\\/actualites\\\/homelie-du-30-aout-2026-par-le-p-benoit-lecomte\\\/#breadcrumb\"},\"inLanguage\":\"fr-FR\",\"potentialAction\":[{\"@type\":\"ReadAction\",\"target\":[\"https:\\\/\\\/charente.catholique.fr\\\/sud-charente\\\/actualites\\\/homelie-du-30-aout-2026-par-le-p-benoit-lecomte\\\/\"]}]},{\"@type\":\"ImageObject\",\"inLanguage\":\"fr-FR\",\"@id\":\"https:\\\/\\\/charente.catholique.fr\\\/sud-charente\\\/actualites\\\/homelie-du-30-aout-2026-par-le-p-benoit-lecomte\\\/#primaryimage\",\"url\":\"https:\\\/\\\/charente.catholique.fr\\\/sud-charente\\\/wp-content\\\/uploads\\\/sites\\\/5\\\/2026\\\/08\\\/melinda257-planner-4233901-scaled.jpg\",\"contentUrl\":\"https:\\\/\\\/charente.catholique.fr\\\/sud-charente\\\/wp-content\\\/uploads\\\/sites\\\/5\\\/2026\\\/08\\\/melinda257-planner-4233901-scaled.jpg\",\"width\":1707,\"height\":2560},{\"@type\":\"BreadcrumbList\",\"@id\":\"https:\\\/\\\/charente.catholique.fr\\\/sud-charente\\\/actualites\\\/homelie-du-30-aout-2026-par-le-p-benoit-lecomte\\\/#breadcrumb\",\"itemListElement\":[{\"@type\":\"ListItem\",\"position\":1,\"name\":\"Accueil\",\"item\":\"https:\\\/\\\/charente.catholique.fr\\\/sud-charente\\\/\"},{\"@type\":\"ListItem\",\"position\":2,\"name\":\"Hom\u00e9lie du 30 ao\u00fbt 2026, par le P. Beno\u00eet Lecomte\"}]},{\"@type\":\"WebSite\",\"@id\":\"https:\\\/\\\/charente.catholique.fr\\\/sud-charente\\\/#website\",\"url\":\"https:\\\/\\\/charente.catholique.fr\\\/sud-charente\\\/\",\"name\":\"Doyenn\u00e9 Sud Charente - Dioc\u00e8se d'Angoul\u00eame\",\"description\":\"Dioc\u00e8se d&#039;Angoul\u00eame\",\"publisher\":{\"@id\":\"https:\\\/\\\/charente.catholique.fr\\\/sud-charente\\\/#organization\"},\"potentialAction\":[{\"@type\":\"SearchAction\",\"target\":{\"@type\":\"EntryPoint\",\"urlTemplate\":\"https:\\\/\\\/charente.catholique.fr\\\/sud-charente\\\/?s={search_term_string}\"},\"query-input\":{\"@type\":\"PropertyValueSpecification\",\"valueRequired\":true,\"valueName\":\"search_term_string\"}}],\"inLanguage\":\"fr-FR\"},{\"@type\":\"Organization\",\"@id\":\"https:\\\/\\\/charente.catholique.fr\\\/sud-charente\\\/#organization\",\"name\":\"Association dioc\u00e9saine d'Angoul\u00eame\",\"url\":\"https:\\\/\\\/charente.catholique.fr\\\/sud-charente\\\/\",\"logo\":{\"@type\":\"ImageObject\",\"inLanguage\":\"fr-FR\",\"@id\":\"https:\\\/\\\/charente.catholique.fr\\\/sud-charente\\\/#\\\/schema\\\/logo\\\/image\\\/\",\"url\":\"https:\\\/\\\/charente.catholique.fr\\\/sud-charente\\\/wp-content\\\/uploads\\\/sites\\\/5\\\/2020\\\/10\\\/logos.png\",\"contentUrl\":\"https:\\\/\\\/charente.catholique.fr\\\/sud-charente\\\/wp-content\\\/uploads\\\/sites\\\/5\\\/2020\\\/10\\\/logos.png\",\"width\":600,\"height\":257,\"caption\":\"Association dioc\u00e9saine d'Angoul\u00eame\"},\"image\":{\"@id\":\"https:\\\/\\\/charente.catholique.fr\\\/sud-charente\\\/#\\\/schema\\\/logo\\\/image\\\/\"},\"sameAs\":[\"https:\\\/\\\/www.facebook.com\\\/EgliseCatholiqueCharente\",\"https:\\\/\\\/x.com\\\/diocesecharente\",\"https:\\\/\\\/www.instagram.com\\\/eglisecharente\",\"https:\\\/\\\/www.youtube.com\\\/channel\\\/UCByyFWApZbw3gDTiADoiAaQ\"]},{\"@type\":\"Person\",\"@id\":\"https:\\\/\\\/charente.catholique.fr\\\/sud-charente\\\/#\\\/schema\\\/person\\\/ddcc6ba32a4484b49a276652de901387\",\"name\":\"Beno\u00eet\",\"image\":{\"@type\":\"ImageObject\",\"inLanguage\":\"fr-FR\",\"@id\":\"https:\\\/\\\/secure.gravatar.com\\\/avatar\\\/367de281020c81cafc6a2f9b79fef00a1981a890412ad8b09b11385575886666?s=96&d=mm&r=g\",\"url\":\"https:\\\/\\\/secure.gravatar.com\\\/avatar\\\/367de281020c81cafc6a2f9b79fef00a1981a890412ad8b09b11385575886666?s=96&d=mm&r=g\",\"contentUrl\":\"https:\\\/\\\/secure.gravatar.com\\\/avatar\\\/367de281020c81cafc6a2f9b79fef00a1981a890412ad8b09b11385575886666?s=96&d=mm&r=g\",\"caption\":\"Beno\u00eet\"},\"url\":\"https:\\\/\\\/charente.catholique.fr\\\/sud-charente\\\/author\\\/benoitlecomte\\\/\"}]}<\/script>\n<!-- \/ Yoast SEO plugin. -->","yoast_head_json":{"title":"Hom\u00e9lie du 30 ao\u00fbt 2026, par le P. Beno\u00eet Lecomte - Doyenn\u00e9 Sud Charente","robots":{"index":"index","follow":"follow","max-snippet":"max-snippet:-1","max-image-preview":"max-image-preview:large","max-video-preview":"max-video-preview:-1"},"canonical":"https:\/\/charente.catholique.fr\/sud-charente\/actualites\/homelie-du-30-aout-2026-par-le-p-benoit-lecomte\/","og_locale":"fr_FR","og_type":"article","og_title":"Hom\u00e9lie du 30 ao\u00fbt 2026, par le P. Beno\u00eet Lecomte - Doyenn\u00e9 Sud Charente","og_description":"Apr\u00e8s-demain, c\u2019est la rentr\u00e9e des classes. Et avec elle, une nouvelle ann\u00e9e qui commence. M\u00eame si nous ne sommes pas \u00e9l\u00e8ves, l\u2019ann\u00e9e scolaire rythme toute notre organisation, nos engagements, et ce jusqu\u2019aux prochaines grandes vacances. C\u2019est le d\u00e9but d\u2019une nouvelle p\u00e9riode qu\u2019il nous est donn\u00e9 d\u2019habiter et de vivre. Les prochains jours et les prochaines [&hellip;]","og_url":"https:\/\/charente.catholique.fr\/sud-charente\/actualites\/homelie-du-30-aout-2026-par-le-p-benoit-lecomte\/","og_site_name":"Doyenn\u00e9 Sud Charente","article_publisher":"https:\/\/www.facebook.com\/EgliseCatholiqueCharente","article_published_time":"2026-08-30T12:32:40+00:00","article_modified_time":"2026-08-30T12:32:41+00:00","og_image":[{"width":1707,"height":2560,"url":"https:\/\/charente.catholique.fr\/sud-charente\/wp-content\/uploads\/sites\/5\/2026\/08\/melinda257-planner-4233901-scaled.jpg","type":"image\/jpeg"}],"author":"Beno\u00eet","twitter_card":"summary_large_image","twitter_creator":"@diocesecharente","twitter_site":"@diocesecharente","twitter_misc":{"\u00c9crit par":"Beno\u00eet","Dur\u00e9e de lecture estim\u00e9e":"6 minutes"},"schema":{"@context":"https:\/\/schema.org","@graph":[{"@type":"Article","@id":"https:\/\/charente.catholique.fr\/sud-charente\/actualites\/homelie-du-30-aout-2026-par-le-p-benoit-lecomte\/#article","isPartOf":{"@id":"https:\/\/charente.catholique.fr\/sud-charente\/actualites\/homelie-du-30-aout-2026-par-le-p-benoit-lecomte\/"},"author":{"name":"Beno\u00eet","@id":"https:\/\/charente.catholique.fr\/sud-charente\/#\/schema\/person\/ddcc6ba32a4484b49a276652de901387"},"headline":"Hom\u00e9lie du 30 ao\u00fbt 2026, par le P. Beno\u00eet Lecomte","datePublished":"2026-08-30T12:32:40+00:00","dateModified":"2026-08-30T12:32:41+00:00","mainEntityOfPage":{"@id":"https:\/\/charente.catholique.fr\/sud-charente\/actualites\/homelie-du-30-aout-2026-par-le-p-benoit-lecomte\/"},"wordCount":1159,"commentCount":0,"publisher":{"@id":"https:\/\/charente.catholique.fr\/sud-charente\/#organization"},"image":{"@id":"https:\/\/charente.catholique.fr\/sud-charente\/actualites\/homelie-du-30-aout-2026-par-le-p-benoit-lecomte\/#primaryimage"},"thumbnailUrl":"https:\/\/charente.catholique.fr\/sud-charente\/wp-content\/uploads\/sites\/5\/2026\/08\/melinda257-planner-4233901-scaled.jpg","articleSection":["Actualit\u00e9s","Barbezieux","Hom\u00e9lies"],"inLanguage":"fr-FR","potentialAction":[{"@type":"CommentAction","name":"Comment","target":["https:\/\/charente.catholique.fr\/sud-charente\/actualites\/homelie-du-30-aout-2026-par-le-p-benoit-lecomte\/#respond"]}]},{"@type":"WebPage","@id":"https:\/\/charente.catholique.fr\/sud-charente\/actualites\/homelie-du-30-aout-2026-par-le-p-benoit-lecomte\/","url":"https:\/\/charente.catholique.fr\/sud-charente\/actualites\/homelie-du-30-aout-2026-par-le-p-benoit-lecomte\/","name":"Hom\u00e9lie du 30 ao\u00fbt 2026, par le P. Beno\u00eet Lecomte - Doyenn\u00e9 Sud Charente","isPartOf":{"@id":"https:\/\/charente.catholique.fr\/sud-charente\/#website"},"primaryImageOfPage":{"@id":"https:\/\/charente.catholique.fr\/sud-charente\/actualites\/homelie-du-30-aout-2026-par-le-p-benoit-lecomte\/#primaryimage"},"image":{"@id":"https:\/\/charente.catholique.fr\/sud-charente\/actualites\/homelie-du-30-aout-2026-par-le-p-benoit-lecomte\/#primaryimage"},"thumbnailUrl":"https:\/\/charente.catholique.fr\/sud-charente\/wp-content\/uploads\/sites\/5\/2026\/08\/melinda257-planner-4233901-scaled.jpg","datePublished":"2026-08-30T12:32:40+00:00","dateModified":"2026-08-30T12:32:41+00:00","breadcrumb":{"@id":"https:\/\/charente.catholique.fr\/sud-charente\/actualites\/homelie-du-30-aout-2026-par-le-p-benoit-lecomte\/#breadcrumb"},"inLanguage":"fr-FR","potentialAction":[{"@type":"ReadAction","target":["https:\/\/charente.catholique.fr\/sud-charente\/actualites\/homelie-du-30-aout-2026-par-le-p-benoit-lecomte\/"]}]},{"@type":"ImageObject","inLanguage":"fr-FR","@id":"https:\/\/charente.catholique.fr\/sud-charente\/actualites\/homelie-du-30-aout-2026-par-le-p-benoit-lecomte\/#primaryimage","url":"https:\/\/charente.catholique.fr\/sud-charente\/wp-content\/uploads\/sites\/5\/2026\/08\/melinda257-planner-4233901-scaled.jpg","contentUrl":"https:\/\/charente.catholique.fr\/sud-charente\/wp-content\/uploads\/sites\/5\/2026\/08\/melinda257-planner-4233901-scaled.jpg","width":1707,"height":2560},{"@type":"BreadcrumbList","@id":"https:\/\/charente.catholique.fr\/sud-charente\/actualites\/homelie-du-30-aout-2026-par-le-p-benoit-lecomte\/#breadcrumb","itemListElement":[{"@type":"ListItem","position":1,"name":"Accueil","item":"https:\/\/charente.catholique.fr\/sud-charente\/"},{"@type":"ListItem","position":2,"name":"Hom\u00e9lie du 30 ao\u00fbt 2026, par le P. Beno\u00eet Lecomte"}]},{"@type":"WebSite","@id":"https:\/\/charente.catholique.fr\/sud-charente\/#website","url":"https:\/\/charente.catholique.fr\/sud-charente\/","name":"Doyenn\u00e9 Sud Charente - Dioc\u00e8se d'Angoul\u00eame","description":"Dioc\u00e8se d&#039;Angoul\u00eame","publisher":{"@id":"https:\/\/charente.catholique.fr\/sud-charente\/#organization"},"potentialAction":[{"@type":"SearchAction","target":{"@type":"EntryPoint","urlTemplate":"https:\/\/charente.catholique.fr\/sud-charente\/?s={search_term_string}"},"query-input":{"@type":"PropertyValueSpecification","valueRequired":true,"valueName":"search_term_string"}}],"inLanguage":"fr-FR"},{"@type":"Organization","@id":"https:\/\/charente.catholique.fr\/sud-charente\/#organization","name":"Association dioc\u00e9saine d'Angoul\u00eame","url":"https:\/\/charente.catholique.fr\/sud-charente\/","logo":{"@type":"ImageObject","inLanguage":"fr-FR","@id":"https:\/\/charente.catholique.fr\/sud-charente\/#\/schema\/logo\/image\/","url":"https:\/\/charente.catholique.fr\/sud-charente\/wp-content\/uploads\/sites\/5\/2020\/10\/logos.png","contentUrl":"https:\/\/charente.catholique.fr\/sud-charente\/wp-content\/uploads\/sites\/5\/2020\/10\/logos.png","width":600,"height":257,"caption":"Association dioc\u00e9saine d'Angoul\u00eame"},"image":{"@id":"https:\/\/charente.catholique.fr\/sud-charente\/#\/schema\/logo\/image\/"},"sameAs":["https:\/\/www.facebook.com\/EgliseCatholiqueCharente","https:\/\/x.com\/diocesecharente","https:\/\/www.instagram.com\/eglisecharente","https:\/\/www.youtube.com\/channel\/UCByyFWApZbw3gDTiADoiAaQ"]},{"@type":"Person","@id":"https:\/\/charente.catholique.fr\/sud-charente\/#\/schema\/person\/ddcc6ba32a4484b49a276652de901387","name":"Beno\u00eet","image":{"@type":"ImageObject","inLanguage":"fr-FR","@id":"https:\/\/secure.gravatar.com\/avatar\/367de281020c81cafc6a2f9b79fef00a1981a890412ad8b09b11385575886666?s=96&d=mm&r=g","url":"https:\/\/secure.gravatar.com\/avatar\/367de281020c81cafc6a2f9b79fef00a1981a890412ad8b09b11385575886666?s=96&d=mm&r=g","contentUrl":"https:\/\/secure.gravatar.com\/avatar\/367de281020c81cafc6a2f9b79fef00a1981a890412ad8b09b11385575886666?s=96&d=mm&r=g","caption":"Beno\u00eet"},"url":"https:\/\/charente.catholique.fr\/sud-charente\/author\/benoitlecomte\/"}]}},"_links":{"self":[{"href":"https:\/\/charente.catholique.fr\/sud-charente\/wp-json\/wp\/v2\/posts\/13539","targetHints":{"allow":["GET"]}}],"collection":[{"href":"https:\/\/charente.catholique.fr\/sud-charente\/wp-json\/wp\/v2\/posts"}],"about":[{"href":"https:\/\/charente.catholique.fr\/sud-charente\/wp-json\/wp\/v2\/types\/post"}],"author":[{"embeddable":true,"href":"https:\/\/charente.catholique.fr\/sud-charente\/wp-json\/wp\/v2\/users\/4"}],"replies":[{"embeddable":true,"href":"https:\/\/charente.catholique.fr\/sud-charente\/wp-json\/wp\/v2\/comments?post=13539"}],"version-history":[{"count":1,"href":"https:\/\/charente.catholique.fr\/sud-charente\/wp-json\/wp\/v2\/posts\/13539\/revisions"}],"predecessor-version":[{"id":13541,"href":"https:\/\/charente.catholique.fr\/sud-charente\/wp-json\/wp\/v2\/posts\/13539\/revisions\/13541"}],"wp:featuredmedia":[{"embeddable":true,"href":"https:\/\/charente.catholique.fr\/sud-charente\/wp-json\/wp\/v2\/media\/13540"}],"wp:attachment":[{"href":"https:\/\/charente.catholique.fr\/sud-charente\/wp-json\/wp\/v2\/media?parent=13539"}],"wp:term":[{"taxonomy":"category","embeddable":true,"href":"https:\/\/charente.catholique.fr\/sud-charente\/wp-json\/wp\/v2\/categories?post=13539"},{"taxonomy":"post_tag","embeddable":true,"href":"https:\/\/charente.catholique.fr\/sud-charente\/wp-json\/wp\/v2\/tags?post=13539"}],"curies":[{"name":"wp","href":"https:\/\/api.w.org\/{rel}","templated":true}]}}