{"id":13061,"date":"2026-05-01T06:42:34","date_gmt":"2026-05-01T04:42:34","guid":{"rendered":"https:\/\/charente.catholique.fr\/sud-charente\/?p=13061"},"modified":"2026-05-01T06:42:35","modified_gmt":"2026-05-01T04:42:35","slug":"informations-paroissiales-de-mai","status":"publish","type":"post","link":"https:\/\/charente.catholique.fr\/sud-charente\/actualites\/informations-paroissiales-de-mai\/","title":{"rendered":"Informations paroissiales de mai"},"content":{"rendered":"\n<p>Vendredi 1 er mai&nbsp;:<\/p>\n\n\n\n<ul class=\"wp-block-list\">\n<li>11h\u2026\u2026\u2026. Chapelet \u00e0 la maison de retraite les Doucets \u00e0 Blanzac<\/li>\n\n\n\n<li>14h\u2026\u2026\u2026.Chapelet \u00e0 l&#8217;\u00e9glise de Jurignac<\/li>\n\n\n\n<li>16h\u2026\u2026\u2026.Pri\u00e8re \u00e0 Gamby<\/li>\n<\/ul>\n\n\n\n<p>Samedi 2&nbsp;:<\/p>\n\n\n\n<ul class=\"wp-block-list\">\n<li>18h\u2026\u2026\u2026Messe \u00e0 l&#8217;\u00e9glise de Villebois<\/li>\n<\/ul>\n\n\n\n<p>Dimanche 3&nbsp;:<\/p>\n\n\n\n<ul class=\"wp-block-list\">\n<li>10h\u2026\u2026\u2026..Messe \u00e0 l&#8217;Abbaye de Maumont<\/li>\n\n\n\n<li>10h30\u2026\u2026Messe \u00e0 l&#8217;\u00e9glise de Montmoreau<\/li>\n<\/ul>\n\n\n\n<p>Mardi 5&nbsp;:<\/p>\n\n\n\n<ul class=\"wp-block-list\">\n<li>15h\u2026\u2026\u2026.Rencontre pour le Lien \u00e0 Barbezieux<\/li>\n\n\n\n<li>15h\u2026\u2026\u2026Chapelet \u00e0 la maison de retraite les Orchid\u00e9es \u00e0 Montmoreau<\/li>\n<\/ul>\n\n\n\n<p>Mercredi 6&nbsp;:<\/p>\n\n\n\n<ul class=\"wp-block-list\">\n<li>15h\u2026\u2026\u2026..Chapelet \u00e0 l&#8217;\u00e9glise de Nonac<\/li>\n\n\n\n<li>18h\u2026\u2026\u2026.Messe \u00e0 la chapelle \u00e0 Beaucanton suivie de l&#8217;adoration et possibilit\u00e9s de confessions<\/li>\n<\/ul>\n\n\n\n<p>Jeudi 7&nbsp;:<\/p>\n\n\n\n<ul class=\"wp-block-list\">\n<li>10h\u2026\u2026\u2026\u2026.Rosaire \u00e0 la chapelle \u00e0 Beaucanton<\/li>\n\n\n\n<li>20h\/21h\u2026..Lecture de la parole salle Arth\u00e9my \u00e0 Blanzac<\/li>\n<\/ul>\n\n\n\n<p>Vendredi 8&nbsp;:<\/p>\n\n\n\n<ul class=\"wp-block-list\">\n<li>11h\u2026\u2026\u2026. Chapelet \u00e0 la maison de retraite les Doucets \u00e0 Blanzac<\/li>\n\n\n\n<li>14h\u2026\u2026\u2026..Chapelet \u00e0 l&#8217;\u00e9glise d&#8217;Aubeville<\/li>\n\n\n\n<li>18h\u2026\u2026.Chapelet \u00e0 \u00e0 la chapelle \u00e0 Villebois<\/li>\n<\/ul>\n\n\n\n<p>Samedi 9&nbsp;:<\/p>\n\n\n\n<ul class=\"wp-block-list\">\n<li>18h\u2026\u2026\u2026\u2026\u2026Messe \u00e0 l&#8217;\u00e9glise \u00e0 Blanzac<\/li>\n<\/ul>\n\n\n\n<p>Dimanche 10&nbsp;:<\/p>\n\n\n\n<ul class=\"wp-block-list\">\n<li>10h\u2026\u2026\u2026..Messe \u00e0 l&#8217;Abbaye de Maumont<\/li>\n\n\n\n<li>10h30\u2026\u2026Messe \u00e0 l&#8217;\u00e9glise de Montmoreau<\/li>\n<\/ul>\n\n\n\n<p>Mercredi 13&nbsp;:<\/p>\n\n\n\n<ul class=\"wp-block-list\">\n<li>15h\u2026\u2026\u2026..Chapelet \u00e0 l&#8217;\u00e9glise de Nonac<\/li>\n\n\n\n<li>18h\u2026\u2026\u2026.Messe \u00e0 la chapelle \u00e0 Beaucanton suivie de l&#8217;adoration et possibilit\u00e9s de confessions<\/li>\n<\/ul>\n\n\n\n<p>Jeudi 14&nbsp;: FETE DE L&#8217;ASCENSION<\/p>\n\n\n\n<ul class=\"wp-block-list\">\n<li>10h30\u2026\u2026\u2026\u2026Messe \u00e0 l&#8217;\u00e9glise de Charmant suivie des Rogations puis pique-nique tir\u00e9 du sac<\/li>\n<\/ul>\n\n\n\n<p>Vendredi 15&nbsp;:<\/p>\n\n\n\n<ul class=\"wp-block-list\">\n<li>11h \u2026\u2026\u2026. Chapelet \u00e0 la maison de retraite les Doucets \u00e0 Blanzac<\/li>\n\n\n\n<li>14h\u2026\u2026\u2026\u2026Chapelet \u00e0 P\u00e9reuil (chez l&#8217;habitant)<\/li>\n\n\n\n<li>15h\u2026\u2026\u2026\u2026Rencontre B\u00e9atitudes \u00ab\u00a0heureux les mis\u00e9ricordieux et les coeurs purs\u00a0\u00bb \u00e0 la salle paroissiale \u00e0 Villebois suivie de l&#8217;adoration \u00e0 la chapelle<\/li>\n<\/ul>\n\n\n\n<p>Samedi 16&nbsp;:<\/p>\n\n\n\n<ul class=\"wp-block-list\">\n<li>18h\u2026\u2026\u2026.Messe \u00e0 l&#8217;\u00e9glise de Villebois<\/li>\n<\/ul>\n\n\n\n<p>Dimanche 17&nbsp;:<\/p>\n\n\n\n<ul class=\"wp-block-list\">\n<li>10h\u2026\u2026\u2026..Messe \u00e0 l&#8217;Abbaye de Maumont<\/li>\n\n\n\n<li>10h30\u2026\u2026Messe \u00e0 l&#8217;\u00e9glise de Montmoreau<\/li>\n<\/ul>\n\n\n\n<p>Mardi 19&nbsp;:<\/p>\n\n\n\n<ul class=\"wp-block-list\">\n<li>14h15\u2026\u2026\u2026Rencontre EAP \u00e0 Beaucanton<\/li>\n<\/ul>\n\n\n\n<p>Mercredi 20&nbsp;:<\/p>\n\n\n\n<ul class=\"wp-block-list\">\n<li>15h\u2026\u2026\u2026\u2026Chapelet \u00e0 l&#8217;\u00e9glise de Nonac<\/li>\n\n\n\n<li>18h\u2026\u2026\u2026.Messe \u00e0 la chapelle \u00e0 Beaucanton suivie de l&#8217;adoration et possibilit\u00e9s de confessions<\/li>\n<\/ul>\n\n\n\n<p>Jeudi 21&nbsp;:<\/p>\n\n\n\n<ul class=\"wp-block-list\">\n<li>10h\u2026\u2026\u2026\u2026.Rosaire \u00e0 la chapelle \u00e0 Beaucanton<\/li>\n\n\n\n<li>20h\/21h\u2026..Lecture de la parole salle Arth\u00e9my \u00e0 Blanzac<\/li>\n<\/ul>\n\n\n\n<p>Vendredi 22&nbsp;:<\/p>\n\n\n\n<ul class=\"wp-block-list\">\n<li>11h\u2026\u2026\u2026. Chapelet \u00e0 la maison de retraite les Doucets \u00e0 Blanzac<\/li>\n\n\n\n<li>14h\u2026\u2026\u2026.Chapelet \u00e0 l&#8217;\u00e9glise de Jurignac<\/li>\n\n\n\n<li>14h30\u2026\u2026Messe \u00e0 la maison de retraite \u00ab\u00a0Les Orchid\u00e9es\u00a0\u00bb \u00e0 Montmoreau<\/li>\n\n\n\n<li>16h30\u2026\u2026.Messe \u00e0 la maison de retraite \u00ab\u00a0Gamby\u00a0\u00bb \u00e0 Villebois<\/li>\n\n\n\n<li>19h15\/22h\u2026\u2026.Cin\u00e9-r\u00e9flexion \u00e0 Beaucanton \u00e0 Montmoreau<\/li>\n<\/ul>\n\n\n\n<p>Samedi 23&nbsp;:<\/p>\n\n\n\n<ul class=\"wp-block-list\">\n<li>18h\u2026\u2026\u2026\u2026\u2026. Messe \u00e0 St L\u00e9ger<\/li>\n<\/ul>\n\n\n\n<p>Dimanche 24&nbsp;: f\u00eate de la Pentec\u00f4te<\/p>\n\n\n\n<ul class=\"wp-block-list\">\n<li>10h\u2026\u2026\u2026..Messe \u00e0 l&#8217;Abbaye de Maumont<\/li>\n\n\n\n<li>10h30\u2026\u2026Messe \u00e0 l&#8217;\u00e9glise de Montmoreau<\/li>\n<\/ul>\n\n\n\n<p>Mercredi 27&nbsp;:<\/p>\n\n\n\n<ul class=\"wp-block-list\">\n<li>15h\u2026\u2026\u2026\u2026\u2026.chapelet \u00e0 l&#8217;\u00e9glise de Nonac<\/li>\n\n\n\n<li>18h\u2026\u2026\u2026\u2026\u2026Messe \u00e0 la chapelle \u00e0 Beaucanton suivie de l&#8217;adoration et possibilit\u00e9s de confessions.<\/li>\n<\/ul>\n\n\n\n<p>Jeudi 28:<\/p>\n\n\n\n<ul class=\"wp-block-list\">\n<li>10h\u2026\u2026\u2026\u2026.Rosaire \u00e0 la chapelle \u00e0 Beaucanton<\/li>\n<\/ul>\n\n\n\n<p>Vendredi 29&nbsp;:<\/p>\n\n\n\n<ul class=\"wp-block-list\">\n<li>11h\u2026\u2026\u2026. Chapelet \u00e0 la maison de retraite les Doucets \u00e0 Blanzac<\/li>\n\n\n\n<li>14h\u2026\u2026\u2026Chapelet \u00e0 P\u00e9reuil (chez l&#8217;habitant)<\/li>\n<\/ul>\n\n\n\n<p>samedi 30&nbsp;:<\/p>\n\n\n\n<ul class=\"wp-block-list\">\n<li>10h\/16h\u2026\u2026.Retraite \u00e0 l&#8217;Abbaye de Maumont pour la pr\u00e9paration \u00e0 la 1\u00e8re communion et la profession de foi<\/li>\n<\/ul>\n\n\n\n<p>Dimanche 31&nbsp;:<\/p>\n\n\n\n<ul class=\"wp-block-list\">\n<li>10h\u2026\u2026\u2026..Messe \u00e0 l&#8217;Abbaye de Maumont<\/li>\n\n\n\n<li>10h30\u2026\u2026Messe \u00e0 l&#8217;\u00e9glise de Villebois<\/li>\n<\/ul>\n","protected":false},"excerpt":{"rendered":"<p>Vendredi 1 er mai&nbsp;: Samedi 2&nbsp;: Dimanche 3&nbsp;: Mardi 5&nbsp;: Mercredi 6&nbsp;: Jeudi 7&nbsp;: Vendredi 8&nbsp;: Samedi 9&nbsp;: Dimanche 10&nbsp;: Mercredi 13&nbsp;: Jeudi 14&nbsp;: FETE DE L&#8217;ASCENSION Vendredi 15&nbsp;: Samedi 16&nbsp;: Dimanche 17&nbsp;: Mardi 19&nbsp;: Mercredi 20&nbsp;: Jeudi 21&nbsp;: Vendredi 22&nbsp;: Samedi 23&nbsp;: Dimanche 24&nbsp;: f\u00eate de la Pentec\u00f4te Mercredi 27&nbsp;: Jeudi 28: Vendredi 29&nbsp;: [&hellip;]<\/p>\n","protected":false},"author":102,"featured_media":10072,"comment_status":"open","ping_status":"open","sticky":false,"template":"","format":"standard","meta":{"_acf_changed":false,"paroisse":["17"],"service":["0"],"footnotes":""},"categories":[1,14,11],"tags":[],"class_list":["post-13061","post","type-post","status-publish","format-standard","has-post-thumbnail","hentry","category-actualites","category-infos-paroissiales","category-montmoreau","validated"],"acf":[],"yoast_head":"<!-- This site is optimized with the Yoast SEO plugin v27.1.1 - https:\/\/yoast.com\/product\/yoast-seo-wordpress\/ -->\n<title>Informations paroissiales de mai - Doyenn\u00e9 Sud Charente<\/title>\n<meta name=\"robots\" content=\"index, follow, max-snippet:-1, max-image-preview:large, max-video-preview:-1\" \/>\n<link rel=\"canonical\" href=\"https:\/\/charente.catholique.fr\/sud-charente\/actualites\/informations-paroissiales-de-mai\/\" \/>\n<meta property=\"og:locale\" content=\"fr_FR\" \/>\n<meta property=\"og:type\" content=\"article\" \/>\n<meta property=\"og:title\" content=\"Informations paroissiales de mai - Doyenn\u00e9 Sud Charente\" \/>\n<meta property=\"og:description\" content=\"Vendredi 1 er mai&nbsp;: Samedi 2&nbsp;: Dimanche 3&nbsp;: Mardi 5&nbsp;: Mercredi 6&nbsp;: Jeudi 7&nbsp;: Vendredi 8&nbsp;: Samedi 9&nbsp;: Dimanche 10&nbsp;: Mercredi 13&nbsp;: Jeudi 14&nbsp;: FETE DE L&#8217;ASCENSION Vendredi 15&nbsp;: Samedi 16&nbsp;: Dimanche 17&nbsp;: Mardi 19&nbsp;: Mercredi 20&nbsp;: Jeudi 21&nbsp;: Vendredi 22&nbsp;: Samedi 23&nbsp;: Dimanche 24&nbsp;: f\u00eate de la Pentec\u00f4te Mercredi 27&nbsp;: Jeudi 28: Vendredi 29&nbsp;: [&hellip;]\" \/>\n<meta property=\"og:url\" content=\"https:\/\/charente.catholique.fr\/sud-charente\/actualites\/informations-paroissiales-de-mai\/\" \/>\n<meta property=\"og:site_name\" content=\"Doyenn\u00e9 Sud Charente\" \/>\n<meta property=\"article:publisher\" content=\"https:\/\/www.facebook.com\/EgliseCatholiqueCharente\" \/>\n<meta property=\"article:published_time\" content=\"2026-05-01T04:42:34+00:00\" \/>\n<meta property=\"article:modified_time\" content=\"2026-05-01T04:42:35+00:00\" \/>\n<meta property=\"og:image\" content=\"https:\/\/charente.catholique.fr\/sud-charente\/wp-content\/uploads\/sites\/5\/2025\/03\/logo_paroissestgillesstbenoit-sudcharente.png\" \/>\n\t<meta property=\"og:image:width\" content=\"4854\" \/>\n\t<meta property=\"og:image:height\" content=\"1449\" \/>\n\t<meta property=\"og:image:type\" content=\"image\/png\" \/>\n<meta name=\"author\" content=\"georgedesmyter\" \/>\n<meta name=\"twitter:card\" content=\"summary_large_image\" \/>\n<meta name=\"twitter:creator\" content=\"@diocesecharente\" \/>\n<meta name=\"twitter:site\" content=\"@diocesecharente\" \/>\n<meta name=\"twitter:label1\" content=\"\u00c9crit par\" \/>\n\t<meta name=\"twitter:data1\" content=\"georgedesmyter\" \/>\n\t<meta name=\"twitter:label2\" content=\"Dur\u00e9e de lecture estim\u00e9e\" \/>\n\t<meta name=\"twitter:data2\" content=\"3 minutes\" \/>\n<script type=\"application\/ld+json\" class=\"yoast-schema-graph\">{\"@context\":\"https:\/\/schema.org\",\"@graph\":[{\"@type\":\"Article\",\"@id\":\"https:\/\/charente.catholique.fr\/sud-charente\/actualites\/informations-paroissiales-de-mai\/#article\",\"isPartOf\":{\"@id\":\"https:\/\/charente.catholique.fr\/sud-charente\/actualites\/informations-paroissiales-de-mai\/\"},\"author\":{\"name\":\"georgedesmyter\",\"@id\":\"https:\/\/charente.catholique.fr\/sud-charente\/#\/schema\/person\/9c75aae8f403b87387513c82df84b68d\"},\"headline\":\"Informations paroissiales de mai\",\"datePublished\":\"2026-05-01T04:42:34+00:00\",\"dateModified\":\"2026-05-01T04:42:35+00:00\",\"mainEntityOfPage\":{\"@id\":\"https:\/\/charente.catholique.fr\/sud-charente\/actualites\/informations-paroissiales-de-mai\/\"},\"wordCount\":448,\"commentCount\":0,\"publisher\":{\"@id\":\"https:\/\/charente.catholique.fr\/sud-charente\/#organization\"},\"image\":{\"@id\":\"https:\/\/charente.catholique.fr\/sud-charente\/actualites\/informations-paroissiales-de-mai\/#primaryimage\"},\"thumbnailUrl\":\"https:\/\/charente.catholique.fr\/sud-charente\/wp-content\/uploads\/sites\/5\/2025\/03\/logo_paroissestgillesstbenoit-sudcharente.png\",\"articleSection\":[\"Actualit\u00e9s\",\"Infos paroissiales\",\"Montmoreau\"],\"inLanguage\":\"fr-FR\",\"potentialAction\":[{\"@type\":\"CommentAction\",\"name\":\"Comment\",\"target\":[\"https:\/\/charente.catholique.fr\/sud-charente\/actualites\/informations-paroissiales-de-mai\/#respond\"]}]},{\"@type\":\"WebPage\",\"@id\":\"https:\/\/charente.catholique.fr\/sud-charente\/actualites\/informations-paroissiales-de-mai\/\",\"url\":\"https:\/\/charente.catholique.fr\/sud-charente\/actualites\/informations-paroissiales-de-mai\/\",\"name\":\"Informations paroissiales de mai - Doyenn\u00e9 Sud Charente\",\"isPartOf\":{\"@id\":\"https:\/\/charente.catholique.fr\/sud-charente\/#website\"},\"primaryImageOfPage\":{\"@id\":\"https:\/\/charente.catholique.fr\/sud-charente\/actualites\/informations-paroissiales-de-mai\/#primaryimage\"},\"image\":{\"@id\":\"https:\/\/charente.catholique.fr\/sud-charente\/actualites\/informations-paroissiales-de-mai\/#primaryimage\"},\"thumbnailUrl\":\"https:\/\/charente.catholique.fr\/sud-charente\/wp-content\/uploads\/sites\/5\/2025\/03\/logo_paroissestgillesstbenoit-sudcharente.png\",\"datePublished\":\"2026-05-01T04:42:34+00:00\",\"dateModified\":\"2026-05-01T04:42:35+00:00\",\"breadcrumb\":{\"@id\":\"https:\/\/charente.catholique.fr\/sud-charente\/actualites\/informations-paroissiales-de-mai\/#breadcrumb\"},\"inLanguage\":\"fr-FR\",\"potentialAction\":[{\"@type\":\"ReadAction\",\"target\":[\"https:\/\/charente.catholique.fr\/sud-charente\/actualites\/informations-paroissiales-de-mai\/\"]}]},{\"@type\":\"ImageObject\",\"inLanguage\":\"fr-FR\",\"@id\":\"https:\/\/charente.catholique.fr\/sud-charente\/actualites\/informations-paroissiales-de-mai\/#primaryimage\",\"url\":\"https:\/\/charente.catholique.fr\/sud-charente\/wp-content\/uploads\/sites\/5\/2025\/03\/logo_paroissestgillesstbenoit-sudcharente.png\",\"contentUrl\":\"https:\/\/charente.catholique.fr\/sud-charente\/wp-content\/uploads\/sites\/5\/2025\/03\/logo_paroissestgillesstbenoit-sudcharente.png\",\"width\":4854,\"height\":1449},{\"@type\":\"BreadcrumbList\",\"@id\":\"https:\/\/charente.catholique.fr\/sud-charente\/actualites\/informations-paroissiales-de-mai\/#breadcrumb\",\"itemListElement\":[{\"@type\":\"ListItem\",\"position\":1,\"name\":\"Accueil\",\"item\":\"https:\/\/charente.catholique.fr\/sud-charente\/\"},{\"@type\":\"ListItem\",\"position\":2,\"name\":\"Informations paroissiales de mai\"}]},{\"@type\":\"WebSite\",\"@id\":\"https:\/\/charente.catholique.fr\/sud-charente\/#website\",\"url\":\"https:\/\/charente.catholique.fr\/sud-charente\/\",\"name\":\"Doyenn\u00e9 Sud Charente - Dioc\u00e8se d'Angoul\u00eame\",\"description\":\"Dioc\u00e8se d&#039;Angoul\u00eame\",\"publisher\":{\"@id\":\"https:\/\/charente.catholique.fr\/sud-charente\/#organization\"},\"potentialAction\":[{\"@type\":\"SearchAction\",\"target\":{\"@type\":\"EntryPoint\",\"urlTemplate\":\"https:\/\/charente.catholique.fr\/sud-charente\/?s={search_term_string}\"},\"query-input\":{\"@type\":\"PropertyValueSpecification\",\"valueRequired\":true,\"valueName\":\"search_term_string\"}}],\"inLanguage\":\"fr-FR\"},{\"@type\":\"Organization\",\"@id\":\"https:\/\/charente.catholique.fr\/sud-charente\/#organization\",\"name\":\"Association dioc\u00e9saine d'Angoul\u00eame\",\"url\":\"https:\/\/charente.catholique.fr\/sud-charente\/\",\"logo\":{\"@type\":\"ImageObject\",\"inLanguage\":\"fr-FR\",\"@id\":\"https:\/\/charente.catholique.fr\/sud-charente\/#\/schema\/logo\/image\/\",\"url\":\"https:\/\/charente.catholique.fr\/sud-charente\/wp-content\/uploads\/sites\/5\/2020\/10\/logos.png\",\"contentUrl\":\"https:\/\/charente.catholique.fr\/sud-charente\/wp-content\/uploads\/sites\/5\/2020\/10\/logos.png\",\"width\":600,\"height\":257,\"caption\":\"Association dioc\u00e9saine d'Angoul\u00eame\"},\"image\":{\"@id\":\"https:\/\/charente.catholique.fr\/sud-charente\/#\/schema\/logo\/image\/\"},\"sameAs\":[\"https:\/\/www.facebook.com\/EgliseCatholiqueCharente\",\"https:\/\/x.com\/diocesecharente\",\"https:\/\/www.instagram.com\/eglisecharente\",\"https:\/\/www.youtube.com\/channel\/UCByyFWApZbw3gDTiADoiAaQ\"]},{\"@type\":\"Person\",\"@id\":\"https:\/\/charente.catholique.fr\/sud-charente\/#\/schema\/person\/9c75aae8f403b87387513c82df84b68d\",\"name\":\"georgedesmyter\",\"image\":{\"@type\":\"ImageObject\",\"inLanguage\":\"fr-FR\",\"@id\":\"https:\/\/charente.catholique.fr\/sud-charente\/#\/schema\/person\/image\/\",\"url\":\"https:\/\/secure.gravatar.com\/avatar\/6119d87ecd7a5f4374f26b3a23caff0da9b1498bf481e860b15779ffece49cec?s=96&d=mm&r=g\",\"contentUrl\":\"https:\/\/secure.gravatar.com\/avatar\/6119d87ecd7a5f4374f26b3a23caff0da9b1498bf481e860b15779ffece49cec?s=96&d=mm&r=g\",\"caption\":\"georgedesmyter\"},\"sameAs\":[\"http:\/\/charente.catholique.fr\/sud-charente\/\"],\"url\":\"https:\/\/charente.catholique.fr\/sud-charente\/author\/georgedesmyter\/\"}]}<\/script>\n<!-- \/ Yoast SEO plugin. -->","yoast_head_json":{"title":"Informations paroissiales de mai - Doyenn\u00e9 Sud Charente","robots":{"index":"index","follow":"follow","max-snippet":"max-snippet:-1","max-image-preview":"max-image-preview:large","max-video-preview":"max-video-preview:-1"},"canonical":"https:\/\/charente.catholique.fr\/sud-charente\/actualites\/informations-paroissiales-de-mai\/","og_locale":"fr_FR","og_type":"article","og_title":"Informations paroissiales de mai - Doyenn\u00e9 Sud Charente","og_description":"Vendredi 1 er mai&nbsp;: Samedi 2&nbsp;: Dimanche 3&nbsp;: Mardi 5&nbsp;: Mercredi 6&nbsp;: Jeudi 7&nbsp;: Vendredi 8&nbsp;: Samedi 9&nbsp;: Dimanche 10&nbsp;: Mercredi 13&nbsp;: Jeudi 14&nbsp;: FETE DE L&#8217;ASCENSION Vendredi 15&nbsp;: Samedi 16&nbsp;: Dimanche 17&nbsp;: Mardi 19&nbsp;: Mercredi 20&nbsp;: Jeudi 21&nbsp;: Vendredi 22&nbsp;: Samedi 23&nbsp;: Dimanche 24&nbsp;: f\u00eate de la Pentec\u00f4te Mercredi 27&nbsp;: Jeudi 28: Vendredi 29&nbsp;: [&hellip;]","og_url":"https:\/\/charente.catholique.fr\/sud-charente\/actualites\/informations-paroissiales-de-mai\/","og_site_name":"Doyenn\u00e9 Sud Charente","article_publisher":"https:\/\/www.facebook.com\/EgliseCatholiqueCharente","article_published_time":"2026-05-01T04:42:34+00:00","article_modified_time":"2026-05-01T04:42:35+00:00","og_image":[{"width":4854,"height":1449,"url":"https:\/\/charente.catholique.fr\/sud-charente\/wp-content\/uploads\/sites\/5\/2025\/03\/logo_paroissestgillesstbenoit-sudcharente.png","type":"image\/png"}],"author":"georgedesmyter","twitter_card":"summary_large_image","twitter_creator":"@diocesecharente","twitter_site":"@diocesecharente","twitter_misc":{"\u00c9crit par":"georgedesmyter","Dur\u00e9e de lecture estim\u00e9e":"3 minutes"},"schema":{"@context":"https:\/\/schema.org","@graph":[{"@type":"Article","@id":"https:\/\/charente.catholique.fr\/sud-charente\/actualites\/informations-paroissiales-de-mai\/#article","isPartOf":{"@id":"https:\/\/charente.catholique.fr\/sud-charente\/actualites\/informations-paroissiales-de-mai\/"},"author":{"name":"georgedesmyter","@id":"https:\/\/charente.catholique.fr\/sud-charente\/#\/schema\/person\/9c75aae8f403b87387513c82df84b68d"},"headline":"Informations paroissiales de mai","datePublished":"2026-05-01T04:42:34+00:00","dateModified":"2026-05-01T04:42:35+00:00","mainEntityOfPage":{"@id":"https:\/\/charente.catholique.fr\/sud-charente\/actualites\/informations-paroissiales-de-mai\/"},"wordCount":448,"commentCount":0,"publisher":{"@id":"https:\/\/charente.catholique.fr\/sud-charente\/#organization"},"image":{"@id":"https:\/\/charente.catholique.fr\/sud-charente\/actualites\/informations-paroissiales-de-mai\/#primaryimage"},"thumbnailUrl":"https:\/\/charente.catholique.fr\/sud-charente\/wp-content\/uploads\/sites\/5\/2025\/03\/logo_paroissestgillesstbenoit-sudcharente.png","articleSection":["Actualit\u00e9s","Infos paroissiales","Montmoreau"],"inLanguage":"fr-FR","potentialAction":[{"@type":"CommentAction","name":"Comment","target":["https:\/\/charente.catholique.fr\/sud-charente\/actualites\/informations-paroissiales-de-mai\/#respond"]}]},{"@type":"WebPage","@id":"https:\/\/charente.catholique.fr\/sud-charente\/actualites\/informations-paroissiales-de-mai\/","url":"https:\/\/charente.catholique.fr\/sud-charente\/actualites\/informations-paroissiales-de-mai\/","name":"Informations paroissiales de mai - Doyenn\u00e9 Sud Charente","isPartOf":{"@id":"https:\/\/charente.catholique.fr\/sud-charente\/#website"},"primaryImageOfPage":{"@id":"https:\/\/charente.catholique.fr\/sud-charente\/actualites\/informations-paroissiales-de-mai\/#primaryimage"},"image":{"@id":"https:\/\/charente.catholique.fr\/sud-charente\/actualites\/informations-paroissiales-de-mai\/#primaryimage"},"thumbnailUrl":"https:\/\/charente.catholique.fr\/sud-charente\/wp-content\/uploads\/sites\/5\/2025\/03\/logo_paroissestgillesstbenoit-sudcharente.png","datePublished":"2026-05-01T04:42:34+00:00","dateModified":"2026-05-01T04:42:35+00:00","breadcrumb":{"@id":"https:\/\/charente.catholique.fr\/sud-charente\/actualites\/informations-paroissiales-de-mai\/#breadcrumb"},"inLanguage":"fr-FR","potentialAction":[{"@type":"ReadAction","target":["https:\/\/charente.catholique.fr\/sud-charente\/actualites\/informations-paroissiales-de-mai\/"]}]},{"@type":"ImageObject","inLanguage":"fr-FR","@id":"https:\/\/charente.catholique.fr\/sud-charente\/actualites\/informations-paroissiales-de-mai\/#primaryimage","url":"https:\/\/charente.catholique.fr\/sud-charente\/wp-content\/uploads\/sites\/5\/2025\/03\/logo_paroissestgillesstbenoit-sudcharente.png","contentUrl":"https:\/\/charente.catholique.fr\/sud-charente\/wp-content\/uploads\/sites\/5\/2025\/03\/logo_paroissestgillesstbenoit-sudcharente.png","width":4854,"height":1449},{"@type":"BreadcrumbList","@id":"https:\/\/charente.catholique.fr\/sud-charente\/actualites\/informations-paroissiales-de-mai\/#breadcrumb","itemListElement":[{"@type":"ListItem","position":1,"name":"Accueil","item":"https:\/\/charente.catholique.fr\/sud-charente\/"},{"@type":"ListItem","position":2,"name":"Informations paroissiales de mai"}]},{"@type":"WebSite","@id":"https:\/\/charente.catholique.fr\/sud-charente\/#website","url":"https:\/\/charente.catholique.fr\/sud-charente\/","name":"Doyenn\u00e9 Sud Charente - Dioc\u00e8se d'Angoul\u00eame","description":"Dioc\u00e8se d&#039;Angoul\u00eame","publisher":{"@id":"https:\/\/charente.catholique.fr\/sud-charente\/#organization"},"potentialAction":[{"@type":"SearchAction","target":{"@type":"EntryPoint","urlTemplate":"https:\/\/charente.catholique.fr\/sud-charente\/?s={search_term_string}"},"query-input":{"@type":"PropertyValueSpecification","valueRequired":true,"valueName":"search_term_string"}}],"inLanguage":"fr-FR"},{"@type":"Organization","@id":"https:\/\/charente.catholique.fr\/sud-charente\/#organization","name":"Association dioc\u00e9saine d'Angoul\u00eame","url":"https:\/\/charente.catholique.fr\/sud-charente\/","logo":{"@type":"ImageObject","inLanguage":"fr-FR","@id":"https:\/\/charente.catholique.fr\/sud-charente\/#\/schema\/logo\/image\/","url":"https:\/\/charente.catholique.fr\/sud-charente\/wp-content\/uploads\/sites\/5\/2020\/10\/logos.png","contentUrl":"https:\/\/charente.catholique.fr\/sud-charente\/wp-content\/uploads\/sites\/5\/2020\/10\/logos.png","width":600,"height":257,"caption":"Association dioc\u00e9saine d'Angoul\u00eame"},"image":{"@id":"https:\/\/charente.catholique.fr\/sud-charente\/#\/schema\/logo\/image\/"},"sameAs":["https:\/\/www.facebook.com\/EgliseCatholiqueCharente","https:\/\/x.com\/diocesecharente","https:\/\/www.instagram.com\/eglisecharente","https:\/\/www.youtube.com\/channel\/UCByyFWApZbw3gDTiADoiAaQ"]},{"@type":"Person","@id":"https:\/\/charente.catholique.fr\/sud-charente\/#\/schema\/person\/9c75aae8f403b87387513c82df84b68d","name":"georgedesmyter","image":{"@type":"ImageObject","inLanguage":"fr-FR","@id":"https:\/\/charente.catholique.fr\/sud-charente\/#\/schema\/person\/image\/","url":"https:\/\/secure.gravatar.com\/avatar\/6119d87ecd7a5f4374f26b3a23caff0da9b1498bf481e860b15779ffece49cec?s=96&d=mm&r=g","contentUrl":"https:\/\/secure.gravatar.com\/avatar\/6119d87ecd7a5f4374f26b3a23caff0da9b1498bf481e860b15779ffece49cec?s=96&d=mm&r=g","caption":"georgedesmyter"},"sameAs":["http:\/\/charente.catholique.fr\/sud-charente\/"],"url":"https:\/\/charente.catholique.fr\/sud-charente\/author\/georgedesmyter\/"}]}},"_links":{"self":[{"href":"https:\/\/charente.catholique.fr\/sud-charente\/wp-json\/wp\/v2\/posts\/13061","targetHints":{"allow":["GET"]}}],"collection":[{"href":"https:\/\/charente.catholique.fr\/sud-charente\/wp-json\/wp\/v2\/posts"}],"about":[{"href":"https:\/\/charente.catholique.fr\/sud-charente\/wp-json\/wp\/v2\/types\/post"}],"author":[{"embeddable":true,"href":"https:\/\/charente.catholique.fr\/sud-charente\/wp-json\/wp\/v2\/users\/102"}],"replies":[{"embeddable":true,"href":"https:\/\/charente.catholique.fr\/sud-charente\/wp-json\/wp\/v2\/comments?post=13061"}],"version-history":[{"count":1,"href":"https:\/\/charente.catholique.fr\/sud-charente\/wp-json\/wp\/v2\/posts\/13061\/revisions"}],"predecessor-version":[{"id":13062,"href":"https:\/\/charente.catholique.fr\/sud-charente\/wp-json\/wp\/v2\/posts\/13061\/revisions\/13062"}],"wp:featuredmedia":[{"embeddable":true,"href":"https:\/\/charente.catholique.fr\/sud-charente\/wp-json\/wp\/v2\/media\/10072"}],"wp:attachment":[{"href":"https:\/\/charente.catholique.fr\/sud-charente\/wp-json\/wp\/v2\/media?parent=13061"}],"wp:term":[{"taxonomy":"category","embeddable":true,"href":"https:\/\/charente.catholique.fr\/sud-charente\/wp-json\/wp\/v2\/categories?post=13061"},{"taxonomy":"post_tag","embeddable":true,"href":"https:\/\/charente.catholique.fr\/sud-charente\/wp-json\/wp\/v2\/tags?post=13061"}],"curies":[{"name":"wp","href":"https:\/\/api.w.org\/{rel}","templated":true}]}}