{"id":13054,"date":"2026-04-26T20:31:49","date_gmt":"2026-04-26T18:31:49","guid":{"rendered":"https:\/\/charente.catholique.fr\/sud-charente\/?p=13054"},"modified":"2026-04-26T20:31:50","modified_gmt":"2026-04-26T18:31:50","slug":"homelie-du-dimanche-26-avril-2026-par-le-p-maxime-petit","status":"publish","type":"post","link":"https:\/\/charente.catholique.fr\/sud-charente\/actualites\/homelie-du-dimanche-26-avril-2026-par-le-p-maxime-petit\/","title":{"rendered":"Hom\u00e9lie du dimanche 26 avril 2026, par le P. Maxime Petit"},"content":{"rendered":"\n<p><\/p>\n\n\n\n<p>\u00ab&nbsp;<em>Moi, je suis le pain de la vie, celui qui vient \u00e0 moi n\u2019aura jamais faim, celui qui croit en moi n\u2019aura jamais soif<\/em>&nbsp;\u00bb (Jn 6,35).<\/p>\n\n\n\n<p>\u00ab&nbsp;<em>Moi, je suis la lumi\u00e8re du monde, celui qui me suit ne marchera pas dans les t\u00e9n\u00e8bres, il aura la lumi\u00e8re de la vie<\/em>&nbsp;\u00bb (Jn 8,12).<\/p>\n\n\n\n<p>\u00ab&nbsp;<em>Moi, je suis le chemin, la v\u00e9rit\u00e9 et la vie&nbsp;; personne ne va vers le P\u00e8re sans passer par moi<\/em>&nbsp;\u00bb (Jn 14,6).<\/p>\n\n\n\n<p>&nbsp;&nbsp;&nbsp;&nbsp;&nbsp;&nbsp;&nbsp;&nbsp;&nbsp; Vous vous en doutez, chers fr\u00e8res et s\u0153urs, je ne fais pas ce petit floril\u00e8ge de belles citations bibliques simplement pour nous rappeler que J\u00e9sus est un beau parleur&nbsp;! Si je fais ce matin ce rapprochement, c\u2019est pour que nous nous arr\u00eations un instant sur sa p\u00e9dagogie dans l\u2019\u00e9vangile de Jean. Car contrairement \u00e0 ce que l\u2019on pourrait penser au premier abord, cet \u00e9vangile est tout sauf un \u00e9crit abstrait&nbsp;! J\u00e9sus ne part jamais dans des \u00e9lucubrations compliqu\u00e9es pour le plaisir de nous en mettre plein la vue. Contrairement \u00e0 bien des intellectuels, il n\u2019a rien \u00e0 prouver. En r\u00e9alit\u00e9, et on le voit nettement dans ces trois citations, le langage de J\u00e9sus demeure simple. Parfois m\u00eame simpliste. Pour expliquer qui il est, il utilise des images qui parlent \u00e0 tous. Le pain. La lumi\u00e8re. Le chemin. Et, remarquons-le au passage, dans presque toutes ces citations&nbsp;: la vie sous ses diff\u00e9rentes formes.<\/p>\n\n\n\n<p>&nbsp;&nbsp;&nbsp;&nbsp;&nbsp;&nbsp;&nbsp;&nbsp;&nbsp; Quoi de plus commun que le pain pour nous parler de la faim de l\u2019homme&nbsp;? De son d\u00e9sir d\u2019obtenir le bien le plus pr\u00e9cieux&nbsp;? Quoi de plus parlant que la lumi\u00e8re pour nous montrer la route \u00e0 suivre&nbsp;? Dans tout ce qu\u2019il dit, J\u00e9sus fait appel \u00e0 l\u2019exp\u00e9rience humaine. Et souvent il se sert des exp\u00e9riences les plus simples de la vie quotidienne pour que chacun puisse se mettre \u00e0 son \u00e9cole. C\u2019est la raison pour laquelle il b\u00e9nit son P\u00e8re dans l\u2019\u00e9vangile de Matthieu en disant&nbsp;: \u00ab&nbsp;<em>P\u00e8re, Seigneur du ciel et de la terre, je proclame ta louange. Ce que tu as cach\u00e9 aux sages et aux savants, tu l\u2019as r\u00e9v\u00e9l\u00e9 aux tout-petits<\/em>&nbsp;\u00bb.<\/p>\n\n\n\n<p>&nbsp;&nbsp;&nbsp;&nbsp;&nbsp;&nbsp;&nbsp;&nbsp;&nbsp; Heureux sommes-nous, chers fr\u00e8res et s\u0153urs, d\u2019\u00eatre ce matin ces tout-petits auxquels le Seigneur s\u2019adresse. Car, dans l\u2019\u00e9vangile que nous venons d\u2019entendre, J\u00e9sus use \u00e0 nouveau d\u2019une image tr\u00e8s simple pour nous dire qui il est. \u00ab&nbsp;<em>Moi, je suis la porte. Si quelqu\u2019un entre en passant par moi, il sera sauv\u00e9<\/em>&nbsp;\u00bb.&nbsp;<\/p>\n\n\n\n<p>&nbsp;&nbsp;&nbsp;&nbsp;&nbsp;&nbsp;&nbsp;&nbsp;&nbsp; Le lecteur peu habitu\u00e9 au langage biblique pourra peut-\u00eatre se dire\u2026 \u00ab&nbsp;<em>Moi, je<\/em>&nbsp;\u00bb&nbsp;; \u00ab&nbsp;<em>Moi, je<\/em>&nbsp;\u00bb&nbsp;; \u00ab&nbsp;<em>Moi, je<\/em>&nbsp;\u00bb. La Vierge Marie et saint Joseph ne lui ont pas appris que c\u2019est inconvenant que de parler de soi \u00e0 la premi\u00e8re personne&nbsp;? Mais le lecteur plus averti saura bien vite reconna\u00eetre derri\u00e8re cette r\u00e9p\u00e9tition la tournure par laquelle Dieu s\u2019est r\u00e9v\u00e9l\u00e9 \u00e0 Mo\u00efse dans le buisson ardent&nbsp;: \u00ab&nbsp;<em>Moi, je suis celui qui suis<\/em>&nbsp;\u00bb. Ainsi, en reprenant \u00e0 son compte cette r\u00e9v\u00e9lation fondamentale, J\u00e9sus nous dit&nbsp;: Moi qui suis le Dieu \u00e9ternel et tout puissant, moi qui suis le Verbe fait chair, je suis la porte par laquelle vous pouvez entrer en Dieu et rencontrer mon P\u00e8re.<\/p>\n\n\n\n<p>&nbsp;&nbsp;&nbsp;&nbsp;&nbsp;&nbsp;&nbsp;&nbsp;&nbsp; C\u2019est extraordinaire&nbsp;! Extraordinaire de simplicit\u00e9&nbsp;! Et c\u2019est ce qui rend cette r\u00e9v\u00e9lation g\u00e9niale. J\u00e9sus, le Dieu qui s\u2019est fait homme, est la porte qui conduit l\u2019homme \u00e0 Dieu. Pour prendre une image tr\u00e8s proche, il est la charni\u00e8re, le gond qui permet \u00e0 la porte de tourner sur elle-m\u00eame. Pour le dire encore autrement, J\u00e9sus est le M\u00e9diateur. Pr\u00e9cis\u00e9ment parce qu\u2019il est \u00e0 la fois Dieu et homme, il est ce Dieu qui vient \u00e0 la rencontre de l\u2019homme et ins\u00e9parablement, cet homme qui conduit ses fr\u00e8res et s\u0153urs jusqu\u2019en Dieu. \u00ab&nbsp;<em>Si quelqu\u2019un entre en passant par moi, il sera sauv\u00e9&nbsp;<\/em>\u00bb. J\u00e9sus est la porte. Il est le salut. Par lui, nous recevons le don le plus pr\u00e9cieux&nbsp;: la vie \u00e9ternelle.<\/p>\n\n\n\n<p>&nbsp;&nbsp;&nbsp;&nbsp;&nbsp;&nbsp;&nbsp;&nbsp;&nbsp; C\u2019est pr\u00e9cis\u00e9ment ce qui fait la puissance du sacrement du bapt\u00eame que vous allez recevoir dans quelques semaines, N. et N. Par celui-ci, vous allez \u00eatre plong\u00e9s dans la mort et la r\u00e9surrection de J\u00e9sus. On peut le dire sans d\u00e9tour&nbsp;: en recevant sur votre front cette eau \u2013 symbole simultan\u00e9ment de vie et de mort \u2013 vous allez \u00eatre sauv\u00e9s par le Christ. Vous allez entrer en Dieu et Dieu va entrer en vous.<\/p>\n\n\n\n<p>&nbsp;&nbsp;&nbsp;&nbsp;&nbsp;&nbsp;&nbsp;&nbsp;&nbsp; Tel est peut-\u00eatre le message de l\u2019\u00e9vangile que nous pouvons retenir ce matin&nbsp;: J\u00e9sus est l\u2019unique M\u00e9diateur, l\u2019unique porte qui nous permet d\u2019entrer en Dieu. Lui seul est la porte qui conduit vers le P\u00e8re. Il n\u2019est pas comme ses faux proph\u00e8tes qui ne cessent de nous montrer comment faire pour mieux vivre dans une petite vie centr\u00e9e sur nous-m\u00eames. Il n\u2019est pas comme ces ma\u00eetres en d\u00e9veloppement personnel qui nous expliquent comment organiser notre vie pour trouver l\u2019\u00e9quilibre int\u00e9rieur. J\u00e9sus ne veut pas se contenter de nous donner une vie confortable. Il veut nous donner LA vie, la vie en abondance\u2026 Ce qui est radicalement diff\u00e9rent&nbsp;!<\/p>\n\n\n\n<p>&nbsp;&nbsp;&nbsp;&nbsp;&nbsp;&nbsp;&nbsp;&nbsp;&nbsp; Alors pour conclure cette hom\u00e9lie, fr\u00e8res et s\u0153urs, je me contenterai de vous poser UNE question&nbsp;: \u00e0 quelle vie est-ce que vous aspirez&nbsp;? Une vie centr\u00e9e sur vous-m\u00eames&nbsp;? Pour cela, vous trouverez de tr\u00e8s nombreux conseils aupr\u00e8s des influenceurs beaut\u00e9\/sant\u00e9\/bien-\u00eatre qui fleurissent sur les r\u00e9seaux sociaux. Mais si vous aspirez \u00e0 LA vie en abondance, alors un seul peut \u00e9tancher votre soif&nbsp;; un seul peut vous faire passer des t\u00e9n\u00e8bres \u00e0 la lumi\u00e8re&nbsp;; un seul peut vous conduire vers le P\u00e8re. Celui qui nous dit ce matin&nbsp;: \u00ab&nbsp;<em>Moi, je suis la porte. Si quelqu\u2019un entre en passant par moi, il sera sauv\u00e9&nbsp;<\/em>\u00bb. Alors, si tel est notre d\u00e9sir, mettons-nous \u00e0 l&#8217;\u00e9coute de la voix de notre Berger. Laissons-nous soigner par sa douceur et son humilit\u00e9. Laissons-nous porter sur ses \u00e9paules fortifi\u00e9es par la croix. Et vivons radicalement la vie \u00e9vang\u00e9lique \u00e0 laquelle il nous appelle. J\u00e9sus est mort et ressuscit\u00e9 par amour pour nous, pr\u00e9sentons-lui en retour notre c\u0153ur pour qu&#8217;il le plonge dans le sien. Amen.<\/p>\n","protected":false},"excerpt":{"rendered":"<p>\u00ab&nbsp;Moi, je suis le pain de la vie, celui qui vient \u00e0 moi n\u2019aura jamais faim, celui qui croit en moi n\u2019aura jamais soif&nbsp;\u00bb (Jn 6,35). \u00ab&nbsp;Moi, je suis la lumi\u00e8re du monde, celui qui me suit ne marchera pas dans les t\u00e9n\u00e8bres, il aura la lumi\u00e8re de la vie&nbsp;\u00bb (Jn 8,12). \u00ab&nbsp;Moi, je suis [&hellip;]<\/p>\n","protected":false},"author":4,"featured_media":13055,"comment_status":"open","ping_status":"open","sticky":false,"template":"","format":"standard","meta":{"_acf_changed":false,"paroisse":["15"],"service":["0"],"footnotes":""},"categories":[1,4,3],"tags":[],"class_list":["post-13054","post","type-post","status-publish","format-standard","has-post-thumbnail","hentry","category-actualites","category-barbezieux","category-homelies","validated"],"acf":[],"yoast_head":"<!-- This site is optimized with the Yoast SEO plugin v27.1.1 - https:\/\/yoast.com\/product\/yoast-seo-wordpress\/ -->\n<title>Hom\u00e9lie du dimanche 26 avril 2026, par le P. Maxime Petit - Doyenn\u00e9 Sud Charente<\/title>\n<meta name=\"robots\" content=\"index, follow, max-snippet:-1, max-image-preview:large, max-video-preview:-1\" \/>\n<link rel=\"canonical\" href=\"https:\/\/charente.catholique.fr\/sud-charente\/actualites\/homelie-du-dimanche-26-avril-2026-par-le-p-maxime-petit\/\" \/>\n<meta property=\"og:locale\" content=\"fr_FR\" \/>\n<meta property=\"og:type\" content=\"article\" \/>\n<meta property=\"og:title\" content=\"Hom\u00e9lie du dimanche 26 avril 2026, par le P. Maxime Petit - Doyenn\u00e9 Sud Charente\" \/>\n<meta property=\"og:description\" content=\"\u00ab&nbsp;Moi, je suis le pain de la vie, celui qui vient \u00e0 moi n\u2019aura jamais faim, celui qui croit en moi n\u2019aura jamais soif&nbsp;\u00bb (Jn 6,35). \u00ab&nbsp;Moi, je suis la lumi\u00e8re du monde, celui qui me suit ne marchera pas dans les t\u00e9n\u00e8bres, il aura la lumi\u00e8re de la vie&nbsp;\u00bb (Jn 8,12). \u00ab&nbsp;Moi, je suis [&hellip;]\" \/>\n<meta property=\"og:url\" content=\"https:\/\/charente.catholique.fr\/sud-charente\/actualites\/homelie-du-dimanche-26-avril-2026-par-le-p-maxime-petit\/\" \/>\n<meta property=\"og:site_name\" content=\"Doyenn\u00e9 Sud Charente\" \/>\n<meta property=\"article:publisher\" content=\"https:\/\/www.facebook.com\/EgliseCatholiqueCharente\" \/>\n<meta property=\"article:published_time\" content=\"2026-04-26T18:31:49+00:00\" \/>\n<meta property=\"article:modified_time\" content=\"2026-04-26T18:31:50+00:00\" \/>\n<meta property=\"og:image\" content=\"https:\/\/charente.catholique.fr\/sud-charente\/wp-content\/uploads\/sites\/5\/2026\/04\/pica58-door-743461-scaled.jpg\" \/>\n\t<meta property=\"og:image:width\" content=\"1700\" \/>\n\t<meta property=\"og:image:height\" content=\"2560\" \/>\n\t<meta property=\"og:image:type\" content=\"image\/jpeg\" \/>\n<meta name=\"author\" content=\"Beno\u00eet\" \/>\n<meta name=\"twitter:card\" content=\"summary_large_image\" \/>\n<meta name=\"twitter:creator\" content=\"@diocesecharente\" \/>\n<meta name=\"twitter:site\" content=\"@diocesecharente\" \/>\n<meta name=\"twitter:label1\" content=\"\u00c9crit par\" \/>\n\t<meta name=\"twitter:data1\" content=\"Beno\u00eet\" \/>\n\t<meta name=\"twitter:label2\" content=\"Dur\u00e9e de lecture estim\u00e9e\" \/>\n\t<meta name=\"twitter:data2\" content=\"6 minutes\" \/>\n<script type=\"application\/ld+json\" class=\"yoast-schema-graph\">{\"@context\":\"https:\/\/schema.org\",\"@graph\":[{\"@type\":\"Article\",\"@id\":\"https:\/\/charente.catholique.fr\/sud-charente\/actualites\/homelie-du-dimanche-26-avril-2026-par-le-p-maxime-petit\/#article\",\"isPartOf\":{\"@id\":\"https:\/\/charente.catholique.fr\/sud-charente\/actualites\/homelie-du-dimanche-26-avril-2026-par-le-p-maxime-petit\/\"},\"author\":{\"name\":\"Beno\u00eet\",\"@id\":\"https:\/\/charente.catholique.fr\/sud-charente\/#\/schema\/person\/ddcc6ba32a4484b49a276652de901387\"},\"headline\":\"Hom\u00e9lie du dimanche 26 avril 2026, par le P. Maxime Petit\",\"datePublished\":\"2026-04-26T18:31:49+00:00\",\"dateModified\":\"2026-04-26T18:31:50+00:00\",\"mainEntityOfPage\":{\"@id\":\"https:\/\/charente.catholique.fr\/sud-charente\/actualites\/homelie-du-dimanche-26-avril-2026-par-le-p-maxime-petit\/\"},\"wordCount\":1224,\"commentCount\":0,\"publisher\":{\"@id\":\"https:\/\/charente.catholique.fr\/sud-charente\/#organization\"},\"image\":{\"@id\":\"https:\/\/charente.catholique.fr\/sud-charente\/actualites\/homelie-du-dimanche-26-avril-2026-par-le-p-maxime-petit\/#primaryimage\"},\"thumbnailUrl\":\"https:\/\/charente.catholique.fr\/sud-charente\/wp-content\/uploads\/sites\/5\/2026\/04\/pica58-door-743461-scaled.jpg\",\"articleSection\":[\"Actualit\u00e9s\",\"Barbezieux\",\"Hom\u00e9lies\"],\"inLanguage\":\"fr-FR\",\"potentialAction\":[{\"@type\":\"CommentAction\",\"name\":\"Comment\",\"target\":[\"https:\/\/charente.catholique.fr\/sud-charente\/actualites\/homelie-du-dimanche-26-avril-2026-par-le-p-maxime-petit\/#respond\"]}]},{\"@type\":\"WebPage\",\"@id\":\"https:\/\/charente.catholique.fr\/sud-charente\/actualites\/homelie-du-dimanche-26-avril-2026-par-le-p-maxime-petit\/\",\"url\":\"https:\/\/charente.catholique.fr\/sud-charente\/actualites\/homelie-du-dimanche-26-avril-2026-par-le-p-maxime-petit\/\",\"name\":\"Hom\u00e9lie du dimanche 26 avril 2026, par le P. Maxime Petit - Doyenn\u00e9 Sud Charente\",\"isPartOf\":{\"@id\":\"https:\/\/charente.catholique.fr\/sud-charente\/#website\"},\"primaryImageOfPage\":{\"@id\":\"https:\/\/charente.catholique.fr\/sud-charente\/actualites\/homelie-du-dimanche-26-avril-2026-par-le-p-maxime-petit\/#primaryimage\"},\"image\":{\"@id\":\"https:\/\/charente.catholique.fr\/sud-charente\/actualites\/homelie-du-dimanche-26-avril-2026-par-le-p-maxime-petit\/#primaryimage\"},\"thumbnailUrl\":\"https:\/\/charente.catholique.fr\/sud-charente\/wp-content\/uploads\/sites\/5\/2026\/04\/pica58-door-743461-scaled.jpg\",\"datePublished\":\"2026-04-26T18:31:49+00:00\",\"dateModified\":\"2026-04-26T18:31:50+00:00\",\"breadcrumb\":{\"@id\":\"https:\/\/charente.catholique.fr\/sud-charente\/actualites\/homelie-du-dimanche-26-avril-2026-par-le-p-maxime-petit\/#breadcrumb\"},\"inLanguage\":\"fr-FR\",\"potentialAction\":[{\"@type\":\"ReadAction\",\"target\":[\"https:\/\/charente.catholique.fr\/sud-charente\/actualites\/homelie-du-dimanche-26-avril-2026-par-le-p-maxime-petit\/\"]}]},{\"@type\":\"ImageObject\",\"inLanguage\":\"fr-FR\",\"@id\":\"https:\/\/charente.catholique.fr\/sud-charente\/actualites\/homelie-du-dimanche-26-avril-2026-par-le-p-maxime-petit\/#primaryimage\",\"url\":\"https:\/\/charente.catholique.fr\/sud-charente\/wp-content\/uploads\/sites\/5\/2026\/04\/pica58-door-743461-scaled.jpg\",\"contentUrl\":\"https:\/\/charente.catholique.fr\/sud-charente\/wp-content\/uploads\/sites\/5\/2026\/04\/pica58-door-743461-scaled.jpg\",\"width\":1700,\"height\":2560},{\"@type\":\"BreadcrumbList\",\"@id\":\"https:\/\/charente.catholique.fr\/sud-charente\/actualites\/homelie-du-dimanche-26-avril-2026-par-le-p-maxime-petit\/#breadcrumb\",\"itemListElement\":[{\"@type\":\"ListItem\",\"position\":1,\"name\":\"Accueil\",\"item\":\"https:\/\/charente.catholique.fr\/sud-charente\/\"},{\"@type\":\"ListItem\",\"position\":2,\"name\":\"Hom\u00e9lie du dimanche 26 avril 2026, par le P. Maxime Petit\"}]},{\"@type\":\"WebSite\",\"@id\":\"https:\/\/charente.catholique.fr\/sud-charente\/#website\",\"url\":\"https:\/\/charente.catholique.fr\/sud-charente\/\",\"name\":\"Doyenn\u00e9 Sud Charente - Dioc\u00e8se d'Angoul\u00eame\",\"description\":\"Dioc\u00e8se d&#039;Angoul\u00eame\",\"publisher\":{\"@id\":\"https:\/\/charente.catholique.fr\/sud-charente\/#organization\"},\"potentialAction\":[{\"@type\":\"SearchAction\",\"target\":{\"@type\":\"EntryPoint\",\"urlTemplate\":\"https:\/\/charente.catholique.fr\/sud-charente\/?s={search_term_string}\"},\"query-input\":{\"@type\":\"PropertyValueSpecification\",\"valueRequired\":true,\"valueName\":\"search_term_string\"}}],\"inLanguage\":\"fr-FR\"},{\"@type\":\"Organization\",\"@id\":\"https:\/\/charente.catholique.fr\/sud-charente\/#organization\",\"name\":\"Association dioc\u00e9saine d'Angoul\u00eame\",\"url\":\"https:\/\/charente.catholique.fr\/sud-charente\/\",\"logo\":{\"@type\":\"ImageObject\",\"inLanguage\":\"fr-FR\",\"@id\":\"https:\/\/charente.catholique.fr\/sud-charente\/#\/schema\/logo\/image\/\",\"url\":\"https:\/\/charente.catholique.fr\/sud-charente\/wp-content\/uploads\/sites\/5\/2020\/10\/logos.png\",\"contentUrl\":\"https:\/\/charente.catholique.fr\/sud-charente\/wp-content\/uploads\/sites\/5\/2020\/10\/logos.png\",\"width\":600,\"height\":257,\"caption\":\"Association dioc\u00e9saine d'Angoul\u00eame\"},\"image\":{\"@id\":\"https:\/\/charente.catholique.fr\/sud-charente\/#\/schema\/logo\/image\/\"},\"sameAs\":[\"https:\/\/www.facebook.com\/EgliseCatholiqueCharente\",\"https:\/\/x.com\/diocesecharente\",\"https:\/\/www.instagram.com\/eglisecharente\",\"https:\/\/www.youtube.com\/channel\/UCByyFWApZbw3gDTiADoiAaQ\"]},{\"@type\":\"Person\",\"@id\":\"https:\/\/charente.catholique.fr\/sud-charente\/#\/schema\/person\/ddcc6ba32a4484b49a276652de901387\",\"name\":\"Beno\u00eet\",\"image\":{\"@type\":\"ImageObject\",\"inLanguage\":\"fr-FR\",\"@id\":\"https:\/\/charente.catholique.fr\/sud-charente\/#\/schema\/person\/image\/\",\"url\":\"https:\/\/secure.gravatar.com\/avatar\/367de281020c81cafc6a2f9b79fef00a1981a890412ad8b09b11385575886666?s=96&d=mm&r=g\",\"contentUrl\":\"https:\/\/secure.gravatar.com\/avatar\/367de281020c81cafc6a2f9b79fef00a1981a890412ad8b09b11385575886666?s=96&d=mm&r=g\",\"caption\":\"Beno\u00eet\"},\"url\":\"https:\/\/charente.catholique.fr\/sud-charente\/author\/benoitlecomte\/\"}]}<\/script>\n<!-- \/ Yoast SEO plugin. -->","yoast_head_json":{"title":"Hom\u00e9lie du dimanche 26 avril 2026, par le P. Maxime Petit - Doyenn\u00e9 Sud Charente","robots":{"index":"index","follow":"follow","max-snippet":"max-snippet:-1","max-image-preview":"max-image-preview:large","max-video-preview":"max-video-preview:-1"},"canonical":"https:\/\/charente.catholique.fr\/sud-charente\/actualites\/homelie-du-dimanche-26-avril-2026-par-le-p-maxime-petit\/","og_locale":"fr_FR","og_type":"article","og_title":"Hom\u00e9lie du dimanche 26 avril 2026, par le P. Maxime Petit - Doyenn\u00e9 Sud Charente","og_description":"\u00ab&nbsp;Moi, je suis le pain de la vie, celui qui vient \u00e0 moi n\u2019aura jamais faim, celui qui croit en moi n\u2019aura jamais soif&nbsp;\u00bb (Jn 6,35). \u00ab&nbsp;Moi, je suis la lumi\u00e8re du monde, celui qui me suit ne marchera pas dans les t\u00e9n\u00e8bres, il aura la lumi\u00e8re de la vie&nbsp;\u00bb (Jn 8,12). \u00ab&nbsp;Moi, je suis [&hellip;]","og_url":"https:\/\/charente.catholique.fr\/sud-charente\/actualites\/homelie-du-dimanche-26-avril-2026-par-le-p-maxime-petit\/","og_site_name":"Doyenn\u00e9 Sud Charente","article_publisher":"https:\/\/www.facebook.com\/EgliseCatholiqueCharente","article_published_time":"2026-04-26T18:31:49+00:00","article_modified_time":"2026-04-26T18:31:50+00:00","og_image":[{"width":1700,"height":2560,"url":"https:\/\/charente.catholique.fr\/sud-charente\/wp-content\/uploads\/sites\/5\/2026\/04\/pica58-door-743461-scaled.jpg","type":"image\/jpeg"}],"author":"Beno\u00eet","twitter_card":"summary_large_image","twitter_creator":"@diocesecharente","twitter_site":"@diocesecharente","twitter_misc":{"\u00c9crit par":"Beno\u00eet","Dur\u00e9e de lecture estim\u00e9e":"6 minutes"},"schema":{"@context":"https:\/\/schema.org","@graph":[{"@type":"Article","@id":"https:\/\/charente.catholique.fr\/sud-charente\/actualites\/homelie-du-dimanche-26-avril-2026-par-le-p-maxime-petit\/#article","isPartOf":{"@id":"https:\/\/charente.catholique.fr\/sud-charente\/actualites\/homelie-du-dimanche-26-avril-2026-par-le-p-maxime-petit\/"},"author":{"name":"Beno\u00eet","@id":"https:\/\/charente.catholique.fr\/sud-charente\/#\/schema\/person\/ddcc6ba32a4484b49a276652de901387"},"headline":"Hom\u00e9lie du dimanche 26 avril 2026, par le P. Maxime Petit","datePublished":"2026-04-26T18:31:49+00:00","dateModified":"2026-04-26T18:31:50+00:00","mainEntityOfPage":{"@id":"https:\/\/charente.catholique.fr\/sud-charente\/actualites\/homelie-du-dimanche-26-avril-2026-par-le-p-maxime-petit\/"},"wordCount":1224,"commentCount":0,"publisher":{"@id":"https:\/\/charente.catholique.fr\/sud-charente\/#organization"},"image":{"@id":"https:\/\/charente.catholique.fr\/sud-charente\/actualites\/homelie-du-dimanche-26-avril-2026-par-le-p-maxime-petit\/#primaryimage"},"thumbnailUrl":"https:\/\/charente.catholique.fr\/sud-charente\/wp-content\/uploads\/sites\/5\/2026\/04\/pica58-door-743461-scaled.jpg","articleSection":["Actualit\u00e9s","Barbezieux","Hom\u00e9lies"],"inLanguage":"fr-FR","potentialAction":[{"@type":"CommentAction","name":"Comment","target":["https:\/\/charente.catholique.fr\/sud-charente\/actualites\/homelie-du-dimanche-26-avril-2026-par-le-p-maxime-petit\/#respond"]}]},{"@type":"WebPage","@id":"https:\/\/charente.catholique.fr\/sud-charente\/actualites\/homelie-du-dimanche-26-avril-2026-par-le-p-maxime-petit\/","url":"https:\/\/charente.catholique.fr\/sud-charente\/actualites\/homelie-du-dimanche-26-avril-2026-par-le-p-maxime-petit\/","name":"Hom\u00e9lie du dimanche 26 avril 2026, par le P. Maxime Petit - Doyenn\u00e9 Sud Charente","isPartOf":{"@id":"https:\/\/charente.catholique.fr\/sud-charente\/#website"},"primaryImageOfPage":{"@id":"https:\/\/charente.catholique.fr\/sud-charente\/actualites\/homelie-du-dimanche-26-avril-2026-par-le-p-maxime-petit\/#primaryimage"},"image":{"@id":"https:\/\/charente.catholique.fr\/sud-charente\/actualites\/homelie-du-dimanche-26-avril-2026-par-le-p-maxime-petit\/#primaryimage"},"thumbnailUrl":"https:\/\/charente.catholique.fr\/sud-charente\/wp-content\/uploads\/sites\/5\/2026\/04\/pica58-door-743461-scaled.jpg","datePublished":"2026-04-26T18:31:49+00:00","dateModified":"2026-04-26T18:31:50+00:00","breadcrumb":{"@id":"https:\/\/charente.catholique.fr\/sud-charente\/actualites\/homelie-du-dimanche-26-avril-2026-par-le-p-maxime-petit\/#breadcrumb"},"inLanguage":"fr-FR","potentialAction":[{"@type":"ReadAction","target":["https:\/\/charente.catholique.fr\/sud-charente\/actualites\/homelie-du-dimanche-26-avril-2026-par-le-p-maxime-petit\/"]}]},{"@type":"ImageObject","inLanguage":"fr-FR","@id":"https:\/\/charente.catholique.fr\/sud-charente\/actualites\/homelie-du-dimanche-26-avril-2026-par-le-p-maxime-petit\/#primaryimage","url":"https:\/\/charente.catholique.fr\/sud-charente\/wp-content\/uploads\/sites\/5\/2026\/04\/pica58-door-743461-scaled.jpg","contentUrl":"https:\/\/charente.catholique.fr\/sud-charente\/wp-content\/uploads\/sites\/5\/2026\/04\/pica58-door-743461-scaled.jpg","width":1700,"height":2560},{"@type":"BreadcrumbList","@id":"https:\/\/charente.catholique.fr\/sud-charente\/actualites\/homelie-du-dimanche-26-avril-2026-par-le-p-maxime-petit\/#breadcrumb","itemListElement":[{"@type":"ListItem","position":1,"name":"Accueil","item":"https:\/\/charente.catholique.fr\/sud-charente\/"},{"@type":"ListItem","position":2,"name":"Hom\u00e9lie du dimanche 26 avril 2026, par le P. Maxime Petit"}]},{"@type":"WebSite","@id":"https:\/\/charente.catholique.fr\/sud-charente\/#website","url":"https:\/\/charente.catholique.fr\/sud-charente\/","name":"Doyenn\u00e9 Sud Charente - Dioc\u00e8se d'Angoul\u00eame","description":"Dioc\u00e8se d&#039;Angoul\u00eame","publisher":{"@id":"https:\/\/charente.catholique.fr\/sud-charente\/#organization"},"potentialAction":[{"@type":"SearchAction","target":{"@type":"EntryPoint","urlTemplate":"https:\/\/charente.catholique.fr\/sud-charente\/?s={search_term_string}"},"query-input":{"@type":"PropertyValueSpecification","valueRequired":true,"valueName":"search_term_string"}}],"inLanguage":"fr-FR"},{"@type":"Organization","@id":"https:\/\/charente.catholique.fr\/sud-charente\/#organization","name":"Association dioc\u00e9saine d'Angoul\u00eame","url":"https:\/\/charente.catholique.fr\/sud-charente\/","logo":{"@type":"ImageObject","inLanguage":"fr-FR","@id":"https:\/\/charente.catholique.fr\/sud-charente\/#\/schema\/logo\/image\/","url":"https:\/\/charente.catholique.fr\/sud-charente\/wp-content\/uploads\/sites\/5\/2020\/10\/logos.png","contentUrl":"https:\/\/charente.catholique.fr\/sud-charente\/wp-content\/uploads\/sites\/5\/2020\/10\/logos.png","width":600,"height":257,"caption":"Association dioc\u00e9saine d'Angoul\u00eame"},"image":{"@id":"https:\/\/charente.catholique.fr\/sud-charente\/#\/schema\/logo\/image\/"},"sameAs":["https:\/\/www.facebook.com\/EgliseCatholiqueCharente","https:\/\/x.com\/diocesecharente","https:\/\/www.instagram.com\/eglisecharente","https:\/\/www.youtube.com\/channel\/UCByyFWApZbw3gDTiADoiAaQ"]},{"@type":"Person","@id":"https:\/\/charente.catholique.fr\/sud-charente\/#\/schema\/person\/ddcc6ba32a4484b49a276652de901387","name":"Beno\u00eet","image":{"@type":"ImageObject","inLanguage":"fr-FR","@id":"https:\/\/charente.catholique.fr\/sud-charente\/#\/schema\/person\/image\/","url":"https:\/\/secure.gravatar.com\/avatar\/367de281020c81cafc6a2f9b79fef00a1981a890412ad8b09b11385575886666?s=96&d=mm&r=g","contentUrl":"https:\/\/secure.gravatar.com\/avatar\/367de281020c81cafc6a2f9b79fef00a1981a890412ad8b09b11385575886666?s=96&d=mm&r=g","caption":"Beno\u00eet"},"url":"https:\/\/charente.catholique.fr\/sud-charente\/author\/benoitlecomte\/"}]}},"_links":{"self":[{"href":"https:\/\/charente.catholique.fr\/sud-charente\/wp-json\/wp\/v2\/posts\/13054","targetHints":{"allow":["GET"]}}],"collection":[{"href":"https:\/\/charente.catholique.fr\/sud-charente\/wp-json\/wp\/v2\/posts"}],"about":[{"href":"https:\/\/charente.catholique.fr\/sud-charente\/wp-json\/wp\/v2\/types\/post"}],"author":[{"embeddable":true,"href":"https:\/\/charente.catholique.fr\/sud-charente\/wp-json\/wp\/v2\/users\/4"}],"replies":[{"embeddable":true,"href":"https:\/\/charente.catholique.fr\/sud-charente\/wp-json\/wp\/v2\/comments?post=13054"}],"version-history":[{"count":1,"href":"https:\/\/charente.catholique.fr\/sud-charente\/wp-json\/wp\/v2\/posts\/13054\/revisions"}],"predecessor-version":[{"id":13056,"href":"https:\/\/charente.catholique.fr\/sud-charente\/wp-json\/wp\/v2\/posts\/13054\/revisions\/13056"}],"wp:featuredmedia":[{"embeddable":true,"href":"https:\/\/charente.catholique.fr\/sud-charente\/wp-json\/wp\/v2\/media\/13055"}],"wp:attachment":[{"href":"https:\/\/charente.catholique.fr\/sud-charente\/wp-json\/wp\/v2\/media?parent=13054"}],"wp:term":[{"taxonomy":"category","embeddable":true,"href":"https:\/\/charente.catholique.fr\/sud-charente\/wp-json\/wp\/v2\/categories?post=13054"},{"taxonomy":"post_tag","embeddable":true,"href":"https:\/\/charente.catholique.fr\/sud-charente\/wp-json\/wp\/v2\/tags?post=13054"}],"curies":[{"name":"wp","href":"https:\/\/api.w.org\/{rel}","templated":true}]}}