{"id":13051,"date":"2026-04-26T20:14:58","date_gmt":"2026-04-26T18:14:58","guid":{"rendered":"https:\/\/charente.catholique.fr\/sud-charente\/?p=13051"},"modified":"2026-04-26T20:33:10","modified_gmt":"2026-04-26T18:33:10","slug":"informations-paroissiales-du-26-avril-2026","status":"publish","type":"post","link":"https:\/\/charente.catholique.fr\/sud-charente\/actualites\/informations-paroissiales-du-26-avril-2026\/","title":{"rendered":"Informations paroissiales du 26 avril 2026"},"content":{"rendered":"\n<p>Au soir de ce dimanche ensoleill\u00e9, voici quelques petites nouvelles de notre paroisse !<\/p>\n\n\n\n<h5 class=\"wp-block-heading\"><strong>Hom\u00e9lie<\/strong>s<\/h5>\n\n\n\n<p>&#8211; <a href=\"https:\/\/charente.catholique.fr\/sud-charente\/actualites\/homelie-du-dimanche-26-avril-2026-par-le-p-maxime-petit\/\">L&#8217;hom\u00e9lie de ce 4\u00e8me dimanche de P\u00e2ques<\/a>, par le P. Maxime Petit<\/p>\n\n\n\n<p>&#8211; Voici <a href=\"https:\/\/charente.catholique.fr\/sud-charente\/actualites\/homelie-du-26-avril-2026-par-le-p-benoit-lecomte\/\" target=\"_blank\" rel=\"noreferrer noopener\">l&#8217;hom\u00e9lie de ce dimanche<\/a> matin, par le P. Beno\u00eet, prononc\u00e9e \u00e0 Chalais<\/p>\n\n\n\n<h5 class=\"wp-block-heading\"><strong>Mois de l&#8217;appel<\/strong><\/h5>\n\n\n\n<p>Ce dimanche est le dimanche de pri\u00e8re mondiale pour les vocations. C&#8217;est aussi l&#8217;entr\u00e9e pour notre dioc\u00e8se dans le Mois de l&#8217;Appel.&nbsp;<\/p>\n\n\n\n<p><a href=\"https:\/\/charente.catholique.fr\/actualites\/mois-de-lappel-2026\/\">Retrouvez ici les intentions de pri\u00e8re et le kit d&#8217;animation de ce mois<\/a>&#8230; A vivre dans toutes nos \u00e9quipes et toutes nos rencontres paroissiales !<\/p>\n\n\n\n<h5 class=\"wp-block-heading\"><strong>Grand rendez-vous de cette semaine<\/strong><\/h5>\n\n\n\n<p>Dans le cadre de l\u2019ann\u00e9e&nbsp;\u00e0 la Lumi\u00e8re de l\u2019Eucharistie<strong>Protestants et catholiques&nbsp;:<\/strong><strong>Quand Eucharistie et \u0152cum\u00e9nisme s\u2019invitent \u00e0 la table<\/strong><\/p>\n\n\n\n<p>Avec le pasteur Simon Vianou et le P. Maxime Petit<\/p>\n\n\n\n<p>Samedi 2 mai, 10h \u2013 12h30 puis repas partag\u00e9<\/p>\n\n\n\n<p>Au Fraternel (1, rue Elie Vinet, Barbezieux)<\/p>\n\n\n\n<p><a href=\"https:\/\/charente.catholique.fr\/sud-charente\/agenda\/quand-eucharistie-et-oecumenisme-se-rencontrent-2-mai-2026\/\">En savoir plus ici. <\/a><\/p>\n\n\n\n<h5 class=\"wp-block-heading\"><strong>Les rendez-vous de la semaine\u00a0<\/strong><\/h5>\n\n\n\n<p><strong>Lundi 27<\/strong><\/p>\n\n\n\n<p>9h00 M\u00e9nage de l&#8217;\u00e9glise de Barbezieux (ouvert \u00e0 tous !)<\/p>\n\n\n\n<p>9h30 D\u00e9part d&#8217;une marche, au Fraternel<\/p>\n\n\n\n<p>18h00 Cours sur Saint Paul<\/p>\n\n\n\n<p><strong>Mardi 28<\/strong><\/p>\n\n\n\n<p>8h00 Messe \u00e0 l&#8217;oratoire de Barbezieux<\/p>\n\n\n\n<p>9h30 Ouverture du caf\u00e9 Le Fraternel, jusqu&#8217;\u00e0 12h<\/p>\n\n\n\n<p>10h00 Permanence d&#8217;\u00e9coute, au Fraternel, jusqu&#8217;\u00e0 12h<\/p>\n\n\n\n<p>14h00 Ouverture de la boutique solidaire&nbsp;du Secours Catholique<\/p>\n\n\n\n<p>15h00 Groupe du renouveau, \u00e0 l&#8217;oratoire<\/p>\n\n\n\n<p><strong>Mercredi 29<\/strong><\/p>\n\n\n\n<p>8h30 &#8211; 9h30 Confessions \u00e0 Barbezieux<\/p>\n\n\n\n<p>11h00 Messe \u00e0 l&#8217;Arche les Sapins<\/p>\n\n\n\n<p>17h30 R\u00e9p\u00e9tition de la chorale de Baignes<\/p>\n\n\n\n<p>18h00 Messe \u00e0 l&#8217;oratoire de Barbezieux, suivie de confessions jusqu&#8217;\u00e0 19h30 et de l&#8217;adoration jusqu&#8217;\u00e0 22h00<\/p>\n\n\n\n<p><strong>Jeudi 30<\/strong><\/p>\n\n\n\n<p>8h45 Messe \u00e0 l&#8217;oratoire de Barbezieux<\/p>\n\n\n\n<p>15h00 Messe \u00e0 Berneuil<\/p>\n\n\n\n<p><strong>Vendredi 1er mai<\/strong><\/p>\n\n\n\n<p>9h30 Messe \u00e0 l&#8217;oratoire de Barbezieux<\/p>\n\n\n\n<p>11h00 Chapelet \u00e0 Vignolles18h15 Cin\u00e9 r\u00e9flexion pour les coll\u00e9giens, au Fraternel<\/p>\n\n\n\n<p>18h30 Rencontre des lyc\u00e9ens<\/p>\n\n\n\n<p><strong>Samedi 2<\/strong><\/p>\n\n\n\n<p>8h45 Messe \u00e0 l&#8217;oratoire de Barbezieux<\/p>\n\n\n\n<p>10h00 &#8220;<strong><a href=\"https:\/\/charente.catholique.fr\/sud-charente\/agenda\/quand-eucharistie-et-oecumenisme-se-rencontrent-2-mai-2026\/\">Protestants et catholiques\u00a0: Quand Eucharistie et \u0152cum\u00e9nisme s\u2019invitent \u00e0 la table<\/a>&#8220;. <\/strong>Rencontre avec le pasteur Simon Vianou et le P. Maxime Petit, suivie d&#8217;un repas partag\u00e9. Au Fraternel.<strong>1<\/strong><\/p>\n\n\n\n<p><strong>8h30 Messe \u00e0 Baignes<\/strong><\/p>\n\n\n\n<p><strong>Dimanche 3<\/strong><\/p>\n\n\n\n<p><strong>10h30 Messe \u00e0 Barbezieux <\/strong>(\u00e9veil \u00e0 la foi)<\/p>\n\n\n\n<h5 class=\"wp-block-heading\"><strong>P\u00e8lerinage<\/strong><\/h5>\n\n\n\n<p>Cette semaine, le 1er mai, aura lieu le p\u00e8lerinage \u00e0 Aizecq, dans les pas de Saint Pierre Auma\u00eetre. <a href=\"https:\/\/charente.catholique.fr\/agenda\/pelerinage-diocesain-st-pierre-aumaitre\/\">Les infos ici.<\/a><\/p>\n\n\n\n<h5 class=\"wp-block-heading\"><strong>A noter dans l&#8217;agenda : les grands rendez-vous \u00e0 venir<\/strong><\/h5>\n\n\n\n<p>&#8211; Jeudi 14 mai, <a href=\"https:\/\/charente.catholique.fr\/sud-charente\/agenda\/messe-de-lascension-suivie-des-rogations-jeudi-14-mai-2026-charmant\/\">Ascension : messe suivie des rogations, \u00e0 Charmant<\/a><\/p>\n\n\n\n<p>&#8211; <strong>Samedi 6 juin : <a href=\"https:\/\/charente.catholique.fr\/sud-charente\/agenda\/heureux-les-invites-au-festin\/\">Journ\u00e9e festive en doyenn\u00e9 : &#8220;Tous invit\u00e9s au Festin&#8221;<\/a> Matin\u00e9e&nbsp;itin\u00e9rante, apr\u00e8s-midi &#8220;Festival&#8221;, soir\u00e9e &#8220;banquet&#8221;, \u00e0 Maumont !<\/strong><\/p>\n\n\n\n<p><strong><a href=\"https:\/\/charente.catholique.fr\/sud-charente\/agenda\/heureux-les-invites-au-festin\/\">En savoir plus ici<\/a><\/strong><\/p>\n\n\n\n<h5 class=\"wp-block-heading\"><strong>Le Fraternel vous propose de nombreux rendez-vous<\/strong><\/h5>\n\n\n\n<p><a href=\"https:\/\/charente.catholique.fr\/sud-charente\/le-fraternel\/\" target=\"_blank\" rel=\"noreferrer noopener\">Suivez le programme avec ce lien.<\/a><\/p>\n\n\n\n<p>Cette semaine :&nbsp;<\/p>\n\n\n\n<p>Lundi : 9h30 : d\u00e9part de la marche<\/p>\n\n\n\n<p>Mardi : 9h &#8211; 12h : caf\u00e9&nbsp;<\/p>\n\n\n\n<p>Samedi : 10h &#8211; 12h : <a href=\"https:\/\/charente.catholique.fr\/sud-charente\/agenda\/quand-eucharistie-et-oecumenisme-se-rencontrent-2-mai-2026\/\">ouverture pour la rencontre protestants &#8211; catholiques sur l&#8217;Eucharistie<\/a><\/p>\n\n\n\n<p>A venir :&nbsp;<\/p>\n\n\n\n<p>Samedi 9 mai : <a href=\"https:\/\/charente.catholique.fr\/sud-charente\/agenda\/apero-theo-guerre-ou-paix-avec-mgr-gosselin\/\" target=\"_blank\" rel=\"noreferrer noopener\">Ap\u00e9ro &#8211; Th\u00e9o : &#8220;Guerre ou paix ?&#8221;, avec Mgr Gosselin<\/a><\/p>\n\n\n\n<p><strong>Pour ne rien louper de la vie paroissiale : t\u00e9l\u00e9chargez l&#8217;application Ecclesia sur votre smartphone !<\/strong><\/p>\n\n\n\n<p>Tr\u00e8s bonne 4\u00e8me semaine de P\u00e2ques ! All\u00e9luia !<\/p>\n\n\n\n<p>Toutes les infos du dioc\u00e8se : <a href=\"https:\/\/charente.catholique.fr\/\" target=\"_blank\" rel=\"noreferrer noopener\">cliquez ici !<\/a><\/p>\n\n\n\n<p><a href=\"https:\/\/charente.catholique.fr\/\" target=\"_blank\" rel=\"noreferrer noopener\">Abonnez-vous \u00e0 la Lettre d&#8217;information du dioc\u00e8se<\/a> (tous les 15 jours)<\/p>\n","protected":false},"excerpt":{"rendered":"<p>Au soir de ce dimanche ensoleill\u00e9, voici quelques petites nouvelles de notre paroisse ! Hom\u00e9lies &#8211; L&#8217;hom\u00e9lie de ce 4\u00e8me dimanche de P\u00e2ques, par le P. Maxime Petit &#8211; Voici l&#8217;hom\u00e9lie de ce dimanche matin, par le P. Beno\u00eet, prononc\u00e9e \u00e0 Chalais Mois de l&#8217;appel Ce dimanche est le dimanche de pri\u00e8re mondiale pour les [&hellip;]<\/p>\n","protected":false},"author":4,"featured_media":273,"comment_status":"open","ping_status":"open","sticky":false,"template":"","format":"standard","meta":{"_acf_changed":false,"paroisse":["15"],"service":["0"],"footnotes":""},"categories":[1,4,14],"tags":[],"class_list":["post-13051","post","type-post","status-publish","format-standard","has-post-thumbnail","hentry","category-actualites","category-barbezieux","category-infos-paroissiales","validated"],"acf":[],"yoast_head":"<!-- This site is optimized with the Yoast SEO plugin v27.1.1 - https:\/\/yoast.com\/product\/yoast-seo-wordpress\/ -->\n<title>Informations paroissiales du 26 avril 2026 - Doyenn\u00e9 Sud Charente<\/title>\n<meta name=\"robots\" content=\"index, follow, max-snippet:-1, max-image-preview:large, max-video-preview:-1\" \/>\n<link rel=\"canonical\" href=\"https:\/\/charente.catholique.fr\/sud-charente\/actualites\/informations-paroissiales-du-26-avril-2026\/\" \/>\n<meta property=\"og:locale\" content=\"fr_FR\" \/>\n<meta property=\"og:type\" content=\"article\" \/>\n<meta property=\"og:title\" content=\"Informations paroissiales du 26 avril 2026 - Doyenn\u00e9 Sud Charente\" \/>\n<meta property=\"og:description\" content=\"Au soir de ce dimanche ensoleill\u00e9, voici quelques petites nouvelles de notre paroisse ! Hom\u00e9lies &#8211; L&#8217;hom\u00e9lie de ce 4\u00e8me dimanche de P\u00e2ques, par le P. Maxime Petit &#8211; Voici l&#8217;hom\u00e9lie de ce dimanche matin, par le P. Beno\u00eet, prononc\u00e9e \u00e0 Chalais Mois de l&#8217;appel Ce dimanche est le dimanche de pri\u00e8re mondiale pour les [&hellip;]\" \/>\n<meta property=\"og:url\" content=\"https:\/\/charente.catholique.fr\/sud-charente\/actualites\/informations-paroissiales-du-26-avril-2026\/\" \/>\n<meta property=\"og:site_name\" content=\"Doyenn\u00e9 Sud Charente\" \/>\n<meta property=\"article:publisher\" content=\"https:\/\/www.facebook.com\/EgliseCatholiqueCharente\" \/>\n<meta property=\"article:published_time\" content=\"2026-04-26T18:14:58+00:00\" \/>\n<meta property=\"article:modified_time\" content=\"2026-04-26T18:33:10+00:00\" \/>\n<meta property=\"og:image\" content=\"https:\/\/charente.catholique.fr\/sud-charente\/wp-content\/uploads\/sites\/5\/2020\/07\/logo_paroissebbb-scaled.jpg\" \/>\n\t<meta property=\"og:image:width\" content=\"2560\" \/>\n\t<meta property=\"og:image:height\" content=\"890\" \/>\n\t<meta property=\"og:image:type\" content=\"image\/jpeg\" \/>\n<meta name=\"author\" content=\"Beno\u00eet\" \/>\n<meta name=\"twitter:card\" content=\"summary_large_image\" \/>\n<meta name=\"twitter:creator\" content=\"@diocesecharente\" \/>\n<meta name=\"twitter:site\" content=\"@diocesecharente\" \/>\n<meta name=\"twitter:label1\" content=\"\u00c9crit par\" \/>\n\t<meta name=\"twitter:data1\" content=\"Beno\u00eet\" \/>\n\t<meta name=\"twitter:label2\" content=\"Dur\u00e9e de lecture estim\u00e9e\" \/>\n\t<meta name=\"twitter:data2\" content=\"3 minutes\" \/>\n<script type=\"application\/ld+json\" class=\"yoast-schema-graph\">{\"@context\":\"https:\/\/schema.org\",\"@graph\":[{\"@type\":\"Article\",\"@id\":\"https:\/\/charente.catholique.fr\/sud-charente\/actualites\/informations-paroissiales-du-26-avril-2026\/#article\",\"isPartOf\":{\"@id\":\"https:\/\/charente.catholique.fr\/sud-charente\/actualites\/informations-paroissiales-du-26-avril-2026\/\"},\"author\":{\"name\":\"Beno\u00eet\",\"@id\":\"https:\/\/charente.catholique.fr\/sud-charente\/#\/schema\/person\/ddcc6ba32a4484b49a276652de901387\"},\"headline\":\"Informations paroissiales du 26 avril 2026\",\"datePublished\":\"2026-04-26T18:14:58+00:00\",\"dateModified\":\"2026-04-26T18:33:10+00:00\",\"mainEntityOfPage\":{\"@id\":\"https:\/\/charente.catholique.fr\/sud-charente\/actualites\/informations-paroissiales-du-26-avril-2026\/\"},\"wordCount\":536,\"commentCount\":0,\"publisher\":{\"@id\":\"https:\/\/charente.catholique.fr\/sud-charente\/#organization\"},\"image\":{\"@id\":\"https:\/\/charente.catholique.fr\/sud-charente\/actualites\/informations-paroissiales-du-26-avril-2026\/#primaryimage\"},\"thumbnailUrl\":\"https:\/\/charente.catholique.fr\/sud-charente\/wp-content\/uploads\/sites\/5\/2020\/07\/logo_paroissebbb-scaled.jpg\",\"articleSection\":[\"Actualit\u00e9s\",\"Barbezieux\",\"Infos paroissiales\"],\"inLanguage\":\"fr-FR\",\"potentialAction\":[{\"@type\":\"CommentAction\",\"name\":\"Comment\",\"target\":[\"https:\/\/charente.catholique.fr\/sud-charente\/actualites\/informations-paroissiales-du-26-avril-2026\/#respond\"]}]},{\"@type\":\"WebPage\",\"@id\":\"https:\/\/charente.catholique.fr\/sud-charente\/actualites\/informations-paroissiales-du-26-avril-2026\/\",\"url\":\"https:\/\/charente.catholique.fr\/sud-charente\/actualites\/informations-paroissiales-du-26-avril-2026\/\",\"name\":\"Informations paroissiales du 26 avril 2026 - Doyenn\u00e9 Sud Charente\",\"isPartOf\":{\"@id\":\"https:\/\/charente.catholique.fr\/sud-charente\/#website\"},\"primaryImageOfPage\":{\"@id\":\"https:\/\/charente.catholique.fr\/sud-charente\/actualites\/informations-paroissiales-du-26-avril-2026\/#primaryimage\"},\"image\":{\"@id\":\"https:\/\/charente.catholique.fr\/sud-charente\/actualites\/informations-paroissiales-du-26-avril-2026\/#primaryimage\"},\"thumbnailUrl\":\"https:\/\/charente.catholique.fr\/sud-charente\/wp-content\/uploads\/sites\/5\/2020\/07\/logo_paroissebbb-scaled.jpg\",\"datePublished\":\"2026-04-26T18:14:58+00:00\",\"dateModified\":\"2026-04-26T18:33:10+00:00\",\"breadcrumb\":{\"@id\":\"https:\/\/charente.catholique.fr\/sud-charente\/actualites\/informations-paroissiales-du-26-avril-2026\/#breadcrumb\"},\"inLanguage\":\"fr-FR\",\"potentialAction\":[{\"@type\":\"ReadAction\",\"target\":[\"https:\/\/charente.catholique.fr\/sud-charente\/actualites\/informations-paroissiales-du-26-avril-2026\/\"]}]},{\"@type\":\"ImageObject\",\"inLanguage\":\"fr-FR\",\"@id\":\"https:\/\/charente.catholique.fr\/sud-charente\/actualites\/informations-paroissiales-du-26-avril-2026\/#primaryimage\",\"url\":\"https:\/\/charente.catholique.fr\/sud-charente\/wp-content\/uploads\/sites\/5\/2020\/07\/logo_paroissebbb-scaled.jpg\",\"contentUrl\":\"https:\/\/charente.catholique.fr\/sud-charente\/wp-content\/uploads\/sites\/5\/2020\/07\/logo_paroissebbb-scaled.jpg\",\"width\":2560,\"height\":890},{\"@type\":\"BreadcrumbList\",\"@id\":\"https:\/\/charente.catholique.fr\/sud-charente\/actualites\/informations-paroissiales-du-26-avril-2026\/#breadcrumb\",\"itemListElement\":[{\"@type\":\"ListItem\",\"position\":1,\"name\":\"Accueil\",\"item\":\"https:\/\/charente.catholique.fr\/sud-charente\/\"},{\"@type\":\"ListItem\",\"position\":2,\"name\":\"Informations paroissiales du 26 avril 2026\"}]},{\"@type\":\"WebSite\",\"@id\":\"https:\/\/charente.catholique.fr\/sud-charente\/#website\",\"url\":\"https:\/\/charente.catholique.fr\/sud-charente\/\",\"name\":\"Doyenn\u00e9 Sud Charente - Dioc\u00e8se d'Angoul\u00eame\",\"description\":\"Dioc\u00e8se d&#039;Angoul\u00eame\",\"publisher\":{\"@id\":\"https:\/\/charente.catholique.fr\/sud-charente\/#organization\"},\"potentialAction\":[{\"@type\":\"SearchAction\",\"target\":{\"@type\":\"EntryPoint\",\"urlTemplate\":\"https:\/\/charente.catholique.fr\/sud-charente\/?s={search_term_string}\"},\"query-input\":{\"@type\":\"PropertyValueSpecification\",\"valueRequired\":true,\"valueName\":\"search_term_string\"}}],\"inLanguage\":\"fr-FR\"},{\"@type\":\"Organization\",\"@id\":\"https:\/\/charente.catholique.fr\/sud-charente\/#organization\",\"name\":\"Association dioc\u00e9saine d'Angoul\u00eame\",\"url\":\"https:\/\/charente.catholique.fr\/sud-charente\/\",\"logo\":{\"@type\":\"ImageObject\",\"inLanguage\":\"fr-FR\",\"@id\":\"https:\/\/charente.catholique.fr\/sud-charente\/#\/schema\/logo\/image\/\",\"url\":\"https:\/\/charente.catholique.fr\/sud-charente\/wp-content\/uploads\/sites\/5\/2020\/10\/logos.png\",\"contentUrl\":\"https:\/\/charente.catholique.fr\/sud-charente\/wp-content\/uploads\/sites\/5\/2020\/10\/logos.png\",\"width\":600,\"height\":257,\"caption\":\"Association dioc\u00e9saine d'Angoul\u00eame\"},\"image\":{\"@id\":\"https:\/\/charente.catholique.fr\/sud-charente\/#\/schema\/logo\/image\/\"},\"sameAs\":[\"https:\/\/www.facebook.com\/EgliseCatholiqueCharente\",\"https:\/\/x.com\/diocesecharente\",\"https:\/\/www.instagram.com\/eglisecharente\",\"https:\/\/www.youtube.com\/channel\/UCByyFWApZbw3gDTiADoiAaQ\"]},{\"@type\":\"Person\",\"@id\":\"https:\/\/charente.catholique.fr\/sud-charente\/#\/schema\/person\/ddcc6ba32a4484b49a276652de901387\",\"name\":\"Beno\u00eet\",\"image\":{\"@type\":\"ImageObject\",\"inLanguage\":\"fr-FR\",\"@id\":\"https:\/\/charente.catholique.fr\/sud-charente\/#\/schema\/person\/image\/\",\"url\":\"https:\/\/secure.gravatar.com\/avatar\/367de281020c81cafc6a2f9b79fef00a1981a890412ad8b09b11385575886666?s=96&d=mm&r=g\",\"contentUrl\":\"https:\/\/secure.gravatar.com\/avatar\/367de281020c81cafc6a2f9b79fef00a1981a890412ad8b09b11385575886666?s=96&d=mm&r=g\",\"caption\":\"Beno\u00eet\"},\"url\":\"https:\/\/charente.catholique.fr\/sud-charente\/author\/benoitlecomte\/\"}]}<\/script>\n<!-- \/ Yoast SEO plugin. -->","yoast_head_json":{"title":"Informations paroissiales du 26 avril 2026 - Doyenn\u00e9 Sud Charente","robots":{"index":"index","follow":"follow","max-snippet":"max-snippet:-1","max-image-preview":"max-image-preview:large","max-video-preview":"max-video-preview:-1"},"canonical":"https:\/\/charente.catholique.fr\/sud-charente\/actualites\/informations-paroissiales-du-26-avril-2026\/","og_locale":"fr_FR","og_type":"article","og_title":"Informations paroissiales du 26 avril 2026 - Doyenn\u00e9 Sud Charente","og_description":"Au soir de ce dimanche ensoleill\u00e9, voici quelques petites nouvelles de notre paroisse ! Hom\u00e9lies &#8211; L&#8217;hom\u00e9lie de ce 4\u00e8me dimanche de P\u00e2ques, par le P. Maxime Petit &#8211; Voici l&#8217;hom\u00e9lie de ce dimanche matin, par le P. Beno\u00eet, prononc\u00e9e \u00e0 Chalais Mois de l&#8217;appel Ce dimanche est le dimanche de pri\u00e8re mondiale pour les [&hellip;]","og_url":"https:\/\/charente.catholique.fr\/sud-charente\/actualites\/informations-paroissiales-du-26-avril-2026\/","og_site_name":"Doyenn\u00e9 Sud Charente","article_publisher":"https:\/\/www.facebook.com\/EgliseCatholiqueCharente","article_published_time":"2026-04-26T18:14:58+00:00","article_modified_time":"2026-04-26T18:33:10+00:00","og_image":[{"width":2560,"height":890,"url":"https:\/\/charente.catholique.fr\/sud-charente\/wp-content\/uploads\/sites\/5\/2020\/07\/logo_paroissebbb-scaled.jpg","type":"image\/jpeg"}],"author":"Beno\u00eet","twitter_card":"summary_large_image","twitter_creator":"@diocesecharente","twitter_site":"@diocesecharente","twitter_misc":{"\u00c9crit par":"Beno\u00eet","Dur\u00e9e de lecture estim\u00e9e":"3 minutes"},"schema":{"@context":"https:\/\/schema.org","@graph":[{"@type":"Article","@id":"https:\/\/charente.catholique.fr\/sud-charente\/actualites\/informations-paroissiales-du-26-avril-2026\/#article","isPartOf":{"@id":"https:\/\/charente.catholique.fr\/sud-charente\/actualites\/informations-paroissiales-du-26-avril-2026\/"},"author":{"name":"Beno\u00eet","@id":"https:\/\/charente.catholique.fr\/sud-charente\/#\/schema\/person\/ddcc6ba32a4484b49a276652de901387"},"headline":"Informations paroissiales du 26 avril 2026","datePublished":"2026-04-26T18:14:58+00:00","dateModified":"2026-04-26T18:33:10+00:00","mainEntityOfPage":{"@id":"https:\/\/charente.catholique.fr\/sud-charente\/actualites\/informations-paroissiales-du-26-avril-2026\/"},"wordCount":536,"commentCount":0,"publisher":{"@id":"https:\/\/charente.catholique.fr\/sud-charente\/#organization"},"image":{"@id":"https:\/\/charente.catholique.fr\/sud-charente\/actualites\/informations-paroissiales-du-26-avril-2026\/#primaryimage"},"thumbnailUrl":"https:\/\/charente.catholique.fr\/sud-charente\/wp-content\/uploads\/sites\/5\/2020\/07\/logo_paroissebbb-scaled.jpg","articleSection":["Actualit\u00e9s","Barbezieux","Infos paroissiales"],"inLanguage":"fr-FR","potentialAction":[{"@type":"CommentAction","name":"Comment","target":["https:\/\/charente.catholique.fr\/sud-charente\/actualites\/informations-paroissiales-du-26-avril-2026\/#respond"]}]},{"@type":"WebPage","@id":"https:\/\/charente.catholique.fr\/sud-charente\/actualites\/informations-paroissiales-du-26-avril-2026\/","url":"https:\/\/charente.catholique.fr\/sud-charente\/actualites\/informations-paroissiales-du-26-avril-2026\/","name":"Informations paroissiales du 26 avril 2026 - Doyenn\u00e9 Sud Charente","isPartOf":{"@id":"https:\/\/charente.catholique.fr\/sud-charente\/#website"},"primaryImageOfPage":{"@id":"https:\/\/charente.catholique.fr\/sud-charente\/actualites\/informations-paroissiales-du-26-avril-2026\/#primaryimage"},"image":{"@id":"https:\/\/charente.catholique.fr\/sud-charente\/actualites\/informations-paroissiales-du-26-avril-2026\/#primaryimage"},"thumbnailUrl":"https:\/\/charente.catholique.fr\/sud-charente\/wp-content\/uploads\/sites\/5\/2020\/07\/logo_paroissebbb-scaled.jpg","datePublished":"2026-04-26T18:14:58+00:00","dateModified":"2026-04-26T18:33:10+00:00","breadcrumb":{"@id":"https:\/\/charente.catholique.fr\/sud-charente\/actualites\/informations-paroissiales-du-26-avril-2026\/#breadcrumb"},"inLanguage":"fr-FR","potentialAction":[{"@type":"ReadAction","target":["https:\/\/charente.catholique.fr\/sud-charente\/actualites\/informations-paroissiales-du-26-avril-2026\/"]}]},{"@type":"ImageObject","inLanguage":"fr-FR","@id":"https:\/\/charente.catholique.fr\/sud-charente\/actualites\/informations-paroissiales-du-26-avril-2026\/#primaryimage","url":"https:\/\/charente.catholique.fr\/sud-charente\/wp-content\/uploads\/sites\/5\/2020\/07\/logo_paroissebbb-scaled.jpg","contentUrl":"https:\/\/charente.catholique.fr\/sud-charente\/wp-content\/uploads\/sites\/5\/2020\/07\/logo_paroissebbb-scaled.jpg","width":2560,"height":890},{"@type":"BreadcrumbList","@id":"https:\/\/charente.catholique.fr\/sud-charente\/actualites\/informations-paroissiales-du-26-avril-2026\/#breadcrumb","itemListElement":[{"@type":"ListItem","position":1,"name":"Accueil","item":"https:\/\/charente.catholique.fr\/sud-charente\/"},{"@type":"ListItem","position":2,"name":"Informations paroissiales du 26 avril 2026"}]},{"@type":"WebSite","@id":"https:\/\/charente.catholique.fr\/sud-charente\/#website","url":"https:\/\/charente.catholique.fr\/sud-charente\/","name":"Doyenn\u00e9 Sud Charente - Dioc\u00e8se d'Angoul\u00eame","description":"Dioc\u00e8se d&#039;Angoul\u00eame","publisher":{"@id":"https:\/\/charente.catholique.fr\/sud-charente\/#organization"},"potentialAction":[{"@type":"SearchAction","target":{"@type":"EntryPoint","urlTemplate":"https:\/\/charente.catholique.fr\/sud-charente\/?s={search_term_string}"},"query-input":{"@type":"PropertyValueSpecification","valueRequired":true,"valueName":"search_term_string"}}],"inLanguage":"fr-FR"},{"@type":"Organization","@id":"https:\/\/charente.catholique.fr\/sud-charente\/#organization","name":"Association dioc\u00e9saine d'Angoul\u00eame","url":"https:\/\/charente.catholique.fr\/sud-charente\/","logo":{"@type":"ImageObject","inLanguage":"fr-FR","@id":"https:\/\/charente.catholique.fr\/sud-charente\/#\/schema\/logo\/image\/","url":"https:\/\/charente.catholique.fr\/sud-charente\/wp-content\/uploads\/sites\/5\/2020\/10\/logos.png","contentUrl":"https:\/\/charente.catholique.fr\/sud-charente\/wp-content\/uploads\/sites\/5\/2020\/10\/logos.png","width":600,"height":257,"caption":"Association dioc\u00e9saine d'Angoul\u00eame"},"image":{"@id":"https:\/\/charente.catholique.fr\/sud-charente\/#\/schema\/logo\/image\/"},"sameAs":["https:\/\/www.facebook.com\/EgliseCatholiqueCharente","https:\/\/x.com\/diocesecharente","https:\/\/www.instagram.com\/eglisecharente","https:\/\/www.youtube.com\/channel\/UCByyFWApZbw3gDTiADoiAaQ"]},{"@type":"Person","@id":"https:\/\/charente.catholique.fr\/sud-charente\/#\/schema\/person\/ddcc6ba32a4484b49a276652de901387","name":"Beno\u00eet","image":{"@type":"ImageObject","inLanguage":"fr-FR","@id":"https:\/\/charente.catholique.fr\/sud-charente\/#\/schema\/person\/image\/","url":"https:\/\/secure.gravatar.com\/avatar\/367de281020c81cafc6a2f9b79fef00a1981a890412ad8b09b11385575886666?s=96&d=mm&r=g","contentUrl":"https:\/\/secure.gravatar.com\/avatar\/367de281020c81cafc6a2f9b79fef00a1981a890412ad8b09b11385575886666?s=96&d=mm&r=g","caption":"Beno\u00eet"},"url":"https:\/\/charente.catholique.fr\/sud-charente\/author\/benoitlecomte\/"}]}},"_links":{"self":[{"href":"https:\/\/charente.catholique.fr\/sud-charente\/wp-json\/wp\/v2\/posts\/13051","targetHints":{"allow":["GET"]}}],"collection":[{"href":"https:\/\/charente.catholique.fr\/sud-charente\/wp-json\/wp\/v2\/posts"}],"about":[{"href":"https:\/\/charente.catholique.fr\/sud-charente\/wp-json\/wp\/v2\/types\/post"}],"author":[{"embeddable":true,"href":"https:\/\/charente.catholique.fr\/sud-charente\/wp-json\/wp\/v2\/users\/4"}],"replies":[{"embeddable":true,"href":"https:\/\/charente.catholique.fr\/sud-charente\/wp-json\/wp\/v2\/comments?post=13051"}],"version-history":[{"count":2,"href":"https:\/\/charente.catholique.fr\/sud-charente\/wp-json\/wp\/v2\/posts\/13051\/revisions"}],"predecessor-version":[{"id":13057,"href":"https:\/\/charente.catholique.fr\/sud-charente\/wp-json\/wp\/v2\/posts\/13051\/revisions\/13057"}],"wp:featuredmedia":[{"embeddable":true,"href":"https:\/\/charente.catholique.fr\/sud-charente\/wp-json\/wp\/v2\/media\/273"}],"wp:attachment":[{"href":"https:\/\/charente.catholique.fr\/sud-charente\/wp-json\/wp\/v2\/media?parent=13051"}],"wp:term":[{"taxonomy":"category","embeddable":true,"href":"https:\/\/charente.catholique.fr\/sud-charente\/wp-json\/wp\/v2\/categories?post=13051"},{"taxonomy":"post_tag","embeddable":true,"href":"https:\/\/charente.catholique.fr\/sud-charente\/wp-json\/wp\/v2\/tags?post=13051"}],"curies":[{"name":"wp","href":"https:\/\/api.w.org\/{rel}","templated":true}]}}