{"id":13048,"date":"2026-04-26T17:43:49","date_gmt":"2026-04-26T15:43:49","guid":{"rendered":"https:\/\/charente.catholique.fr\/sud-charente\/?p=13048"},"modified":"2026-04-26T17:43:49","modified_gmt":"2026-04-26T15:43:49","slug":"homelie-du-26-avril-2026-par-le-p-benoit-lecomte","status":"publish","type":"post","link":"https:\/\/charente.catholique.fr\/sud-charente\/actualites\/homelie-du-26-avril-2026-par-le-p-benoit-lecomte\/","title":{"rendered":"Hom\u00e9lie du 26 avril 2026, par le P. Beno\u00eet Lecomte"},"content":{"rendered":"\n<p>\u00ab&nbsp;<em>Si quelqu\u2019un entre en passant par moi, il sera sauv\u00e9&nbsp;; il pourra entrer&nbsp;; il pourra sortir et trouver un p\u00e2turage<\/em>.&nbsp;\u00bb J\u00e9sus est une porte. Voil\u00e0 une id\u00e9e originale pour parler de soi. Il est \u00ab&nbsp;La porte&nbsp;\u00bb. Sous-entendu, la seule qu\u2019il soit bon de prendre.<\/p>\n\n\n\n<p>J\u00e9sus est la porte. Pas une porte ferm\u00e9e, mais une porte ouverte, passage, lieu d\u2019allers et retours, d\u2019entr\u00e9e et de sortie. Une porte est cette ouverture susceptible de donner place aux courants d\u2019airs. Elle est b\u00e9ance dans un mur. Comme au tombeau, Christ n\u2019est pas dans le plein, le dur ou le ferm\u00e9, il est dans l\u2019absence. Il n\u2019est pas dans l\u2019\u00e9vidence, mais dans l\u2019\u00e9vid\u00e9. L\u2019ouverture qu\u2019est la porte invite et laisse passer librement. Il semble dire \u00eatre le passage qui ouvre \u00e0 la libert\u00e9 du chemin, du chemin que fait chacun et que l\u2019on per\u00e7oit comme chemin de vie et de bonheur. Pour peu qu\u2019on passe par lui. Nous l\u2019entendons&nbsp;: les brebis qui passent par cette porte trouvent de verts p\u00e2turages, \u00ab&nbsp;la vie en abondance&nbsp;\u00bb et quelqu\u2019un qui prend soin d\u2019elles. Un bon berger \u2013 encore J\u00e9sus.<\/p>\n\n\n\n<p>Celui qui passe par cette porte \u00ab&nbsp;<em>sera sauv\u00e9<\/em>&nbsp;\u00bb. Le terme est fort&nbsp;: cette porte est porte du salut. Elle est l\u2019acc\u00e8s au salut. L\u2019acc\u00e8s \u00e0 la vie \u00e9ternelle. Quand nous parlons de la vie \u00e9ternelle, nous ne parlons pas de la vie que nous conna\u00eetrons seulement apr\u00e8s notre passage par la mort, mais nous parlons de cette vie que Dieu nous donne \u00e0 chaque instant et en tout lieu. Cette vie divine que Dieu nous offre et qu\u2019il ne tient qu\u2019\u00e0 nous d\u2019accueillir et de vivre pleinement, d\u00e8s ici et maintenant. La vie \u00e9ternelle n\u2019est pas non plus enfermement. L\u2019id\u00e9e de passer par la porte n\u2019est pas associ\u00e9e \u00e0 l\u2019id\u00e9e de rassembler tout le monde en un seul endroit, comme un b\u00e9tail dans sa cl\u00f4ture. Mais plut\u00f4t \u00e0 l\u2019id\u00e9e de sortir, puis d\u2019aller et venir, \u00e0 l\u2019id\u00e9e de libert\u00e9, du respect du rythme de chacun, des h\u00e9sitations de chacun. Comme une Eglise en sortie, qui sort non pour quitter la porte, mais pour se d\u00e9ployer, pour faire conna\u00eetre pr\u00e9cis\u00e9ment d\u2019o\u00f9 elle vient, pour faire conna\u00eetre le nom de cette porte, J\u00e9sus, et inviter \u00e0 la rencontre. Car non seulement nous ne sommes pas des moutons qui suivent b\u00eatement. Nous sommes des femmes et des hommes dou\u00e9s de raison, d\u2019esprit critique, de r\u00e9flexion, d\u2019interpr\u00e9tation, capables de d\u00e9cisions et de choix. Mais encore, \u00ab&nbsp;<em>La vie \u00e9ternelle, c\u2019est qu\u2019ils te connaissent, toi le seul vrai Dieu, et celui que tu as envoy\u00e9, J\u00e9sus Christ<\/em>&nbsp;\u00bb (Jn 17, 3), dira plus tard J\u00e9sus. Autrement dit, la vie \u00e9ternelle, c\u2019est d\u2019entrer en connaissance avec J\u00e9sus Christ. En amiti\u00e9. En relation de confiance et d\u2019amour. En intimit\u00e9. Pour entrer dans cette connaissance et dans cette vie \u00e9ternelle, il faut passer par la porte \u2013 il faut passer par le Christ.<\/p>\n\n\n\n<p>Ce dimanche \u00e9tant celui du dimanche de pri\u00e8re pour les vocations, et notre dioc\u00e8se entrant ce week-end dans le \u00ab&nbsp;mois de l\u2019appel&nbsp;\u00bb, entendons de toutes nos oreilles et de tout notre c\u0153ur cet appel \u00e0 passer par la porte qu\u2019est le Christ. A passer par lui pour se laisser traverser par lui. A passer par lui pour entrer dans ce grand mouvement de libert\u00e9 qu\u2019est de r\u00e9pondre \u00e0 son appel, qui n\u2019est qu\u2019appel \u00e0 la vie en abondance. A quelqu\u2019un qui cherche sa vocation, il est facile de r\u00e9pondre sans se tromper&nbsp;: Dieu nous appelle tous \u00e0 passer par lui pour vivre de la vie en abondance.<\/p>\n\n\n\n<p>Dire que J\u00e9sus est la porte, dire qu\u2019il est passage, c\u2019est aussi se rappeler qu\u2019il est P\u00e2ques. Christ est l\u2019\u00e9v\u00e9nement de P\u00e2ques, l\u2019\u00e9v\u00e9nement du passage d\u00e9cisif de la mort \u00e0 la vie, de l\u2019esclavage \u00e0 la libert\u00e9. Nous entendons encore mieux cette invitation, cet appel pressent de Dieu \u00e0 ce que nous vivions avec lui cette P\u00e2ques, d\u00e8s maintenant. Pour r\u00e9pondre \u00e0 notre propre vocation d\u2019enfants de Dieu, de fils et de filles appel\u00e9s \u00e0 vivre de Dieu dans notre aujourd\u2019hui. Toutes les vocations particuli\u00e8res qui na\u00eetront de ce premier appel initial ne sont l\u00e0 que pour servir cette premi\u00e8re vocation fondamentale&nbsp;: celle de passer par cette porte. \u00ab&nbsp;La vocation n\u2019est donc pas une possession imm\u00e9diate, quelque chose qui est \u201cdonn\u00e9\u201d une fois pour toutes : c\u2019est plut\u00f4t un chemin qui se d\u00e9veloppe de mani\u00e8re analogue \u00e0 la vie humaine, dans lequel le don re\u00e7u, en plus d\u2019\u00eatre pr\u00e9serv\u00e9, doit se nourrir d\u2019une relation quotidienne avec Dieu pour pouvoir grandir et porter ses fruits. \u2018Cela est important, parce qu\u2019elle place notre vie face \u00e0 Dieu qui nous aime, et qu\u2019elle nous permet de comprendre que rien n\u2019est le fruit d\u2019un chaos priv\u00e9 de sens, mais que tout peut \u00eatre int\u00e9gr\u00e9 sur un chemin de r\u00e9ponse au Seigneur qui a un plan magnifique pour nous\u2019 \u00bb, dit le pape L\u00e9on dans son message pour cette journ\u00e9e.<\/p>\n\n\n\n<p>Passer par cette porte qu\u2019est le Christ, c\u2019est donc entrer sur un chemin de libert\u00e9, d\u2019unit\u00e9, de joie, de justice, de paix. C\u2019est d\u00e9couvrir l\u2019extraordinaire dignit\u00e9 \u00e0 laquelle est \u00e9lev\u00e9e notre vie par l\u2019appel m\u00eame de Dieu. Et si l\u2019Eglise n\u2019est autre que le Corps visible du Christ ressuscit\u00e9 pr\u00e9sent dans le monde, alors puisse notre Eglise \u00eatre ce lieu et ce chemin de libert\u00e9, d\u2019unit\u00e9, de joie, de justice et de paix. Cette porte ouverte dans un monde aux murs de plus en plus \u00e9pais, une porte invitant \u00e0 la Vie. Toutes les vocations particuli\u00e8res pourront servir ce Corps pour qu\u2019il r\u00e9ponde \u00e0 sa mission et se d\u00e9ploie au Souffle de l\u2019Esprit Saint.<\/p>\n\n\n\n<p>En cette eucharistie, confions au Seigneur toutes les fermetures de nos c\u0153urs d\u2019hommes. Confions \u00e9galement toutes nos vocations, tous les appels \u00e0 la vie en abondance que nous entendons, les uns et les autres, et encourageons-nous \u00e0 passer par cette porte, jour apr\u00e8s jour. Pour r\u00e9pondre \u00e0 l\u2019appel de la vie et de l\u2019Esprit.<\/p>\n\n\n\n<p>Amen.<\/p>\n\n\n\n<p>P. Beno\u00eet Lecomte<\/p>\n","protected":false},"excerpt":{"rendered":"<p>\u00ab&nbsp;Si quelqu\u2019un entre en passant par moi, il sera sauv\u00e9&nbsp;; il pourra entrer&nbsp;; il pourra sortir et trouver un p\u00e2turage.&nbsp;\u00bb J\u00e9sus est une porte. Voil\u00e0 une id\u00e9e originale pour parler de soi. Il est \u00ab&nbsp;La porte&nbsp;\u00bb. Sous-entendu, la seule qu\u2019il soit bon de prendre. J\u00e9sus est la porte. Pas une porte ferm\u00e9e, mais une porte [&hellip;]<\/p>\n","protected":false},"author":4,"featured_media":13049,"comment_status":"open","ping_status":"open","sticky":false,"template":"","format":"standard","meta":{"_acf_changed":false,"paroisse":["16"],"service":["0"],"footnotes":""},"categories":[1,12,3],"tags":[],"class_list":["post-13048","post","type-post","status-publish","format-standard","has-post-thumbnail","hentry","category-actualites","category-chalais","category-homelies","validated"],"acf":[],"yoast_head":"<!-- This site is optimized with the Yoast SEO plugin v27.1.1 - https:\/\/yoast.com\/product\/yoast-seo-wordpress\/ -->\n<title>Hom\u00e9lie du 26 avril 2026, par le P. Beno\u00eet Lecomte - Doyenn\u00e9 Sud Charente<\/title>\n<meta name=\"robots\" content=\"index, follow, max-snippet:-1, max-image-preview:large, max-video-preview:-1\" \/>\n<link rel=\"canonical\" href=\"https:\/\/charente.catholique.fr\/sud-charente\/actualites\/homelie-du-26-avril-2026-par-le-p-benoit-lecomte\/\" \/>\n<meta property=\"og:locale\" content=\"fr_FR\" \/>\n<meta property=\"og:type\" content=\"article\" \/>\n<meta property=\"og:title\" content=\"Hom\u00e9lie du 26 avril 2026, par le P. Beno\u00eet Lecomte - Doyenn\u00e9 Sud Charente\" \/>\n<meta property=\"og:description\" content=\"\u00ab&nbsp;Si quelqu\u2019un entre en passant par moi, il sera sauv\u00e9&nbsp;; il pourra entrer&nbsp;; il pourra sortir et trouver un p\u00e2turage.&nbsp;\u00bb J\u00e9sus est une porte. Voil\u00e0 une id\u00e9e originale pour parler de soi. Il est \u00ab&nbsp;La porte&nbsp;\u00bb. Sous-entendu, la seule qu\u2019il soit bon de prendre. J\u00e9sus est la porte. Pas une porte ferm\u00e9e, mais une porte [&hellip;]\" \/>\n<meta property=\"og:url\" content=\"https:\/\/charente.catholique.fr\/sud-charente\/actualites\/homelie-du-26-avril-2026-par-le-p-benoit-lecomte\/\" \/>\n<meta property=\"og:site_name\" content=\"Doyenn\u00e9 Sud Charente\" \/>\n<meta property=\"article:publisher\" content=\"https:\/\/www.facebook.com\/EgliseCatholiqueCharente\" \/>\n<meta property=\"article:published_time\" content=\"2026-04-26T15:43:49+00:00\" \/>\n<meta property=\"og:image\" content=\"https:\/\/charente.catholique.fr\/sud-charente\/wp-content\/uploads\/sites\/5\/2026\/04\/leonhard_niederwimmer-door-5547415-scaled.jpg\" \/>\n\t<meta property=\"og:image:width\" content=\"1860\" \/>\n\t<meta property=\"og:image:height\" content=\"2560\" \/>\n\t<meta property=\"og:image:type\" content=\"image\/jpeg\" \/>\n<meta name=\"author\" content=\"Beno\u00eet\" \/>\n<meta name=\"twitter:card\" content=\"summary_large_image\" \/>\n<meta name=\"twitter:creator\" content=\"@diocesecharente\" \/>\n<meta name=\"twitter:site\" content=\"@diocesecharente\" \/>\n<meta name=\"twitter:label1\" content=\"\u00c9crit par\" \/>\n\t<meta name=\"twitter:data1\" content=\"Beno\u00eet\" \/>\n\t<meta name=\"twitter:label2\" content=\"Dur\u00e9e de lecture estim\u00e9e\" \/>\n\t<meta name=\"twitter:data2\" content=\"6 minutes\" \/>\n<script type=\"application\/ld+json\" class=\"yoast-schema-graph\">{\"@context\":\"https:\/\/schema.org\",\"@graph\":[{\"@type\":\"Article\",\"@id\":\"https:\/\/charente.catholique.fr\/sud-charente\/actualites\/homelie-du-26-avril-2026-par-le-p-benoit-lecomte\/#article\",\"isPartOf\":{\"@id\":\"https:\/\/charente.catholique.fr\/sud-charente\/actualites\/homelie-du-26-avril-2026-par-le-p-benoit-lecomte\/\"},\"author\":{\"name\":\"Beno\u00eet\",\"@id\":\"https:\/\/charente.catholique.fr\/sud-charente\/#\/schema\/person\/ddcc6ba32a4484b49a276652de901387\"},\"headline\":\"Hom\u00e9lie du 26 avril 2026, par le P. Beno\u00eet Lecomte\",\"datePublished\":\"2026-04-26T15:43:49+00:00\",\"mainEntityOfPage\":{\"@id\":\"https:\/\/charente.catholique.fr\/sud-charente\/actualites\/homelie-du-26-avril-2026-par-le-p-benoit-lecomte\/\"},\"wordCount\":1127,\"commentCount\":0,\"publisher\":{\"@id\":\"https:\/\/charente.catholique.fr\/sud-charente\/#organization\"},\"image\":{\"@id\":\"https:\/\/charente.catholique.fr\/sud-charente\/actualites\/homelie-du-26-avril-2026-par-le-p-benoit-lecomte\/#primaryimage\"},\"thumbnailUrl\":\"https:\/\/charente.catholique.fr\/sud-charente\/wp-content\/uploads\/sites\/5\/2026\/04\/leonhard_niederwimmer-door-5547415-scaled.jpg\",\"articleSection\":[\"Actualit\u00e9s\",\"Chalais\",\"Hom\u00e9lies\"],\"inLanguage\":\"fr-FR\",\"potentialAction\":[{\"@type\":\"CommentAction\",\"name\":\"Comment\",\"target\":[\"https:\/\/charente.catholique.fr\/sud-charente\/actualites\/homelie-du-26-avril-2026-par-le-p-benoit-lecomte\/#respond\"]}]},{\"@type\":\"WebPage\",\"@id\":\"https:\/\/charente.catholique.fr\/sud-charente\/actualites\/homelie-du-26-avril-2026-par-le-p-benoit-lecomte\/\",\"url\":\"https:\/\/charente.catholique.fr\/sud-charente\/actualites\/homelie-du-26-avril-2026-par-le-p-benoit-lecomte\/\",\"name\":\"Hom\u00e9lie du 26 avril 2026, par le P. Beno\u00eet Lecomte - Doyenn\u00e9 Sud Charente\",\"isPartOf\":{\"@id\":\"https:\/\/charente.catholique.fr\/sud-charente\/#website\"},\"primaryImageOfPage\":{\"@id\":\"https:\/\/charente.catholique.fr\/sud-charente\/actualites\/homelie-du-26-avril-2026-par-le-p-benoit-lecomte\/#primaryimage\"},\"image\":{\"@id\":\"https:\/\/charente.catholique.fr\/sud-charente\/actualites\/homelie-du-26-avril-2026-par-le-p-benoit-lecomte\/#primaryimage\"},\"thumbnailUrl\":\"https:\/\/charente.catholique.fr\/sud-charente\/wp-content\/uploads\/sites\/5\/2026\/04\/leonhard_niederwimmer-door-5547415-scaled.jpg\",\"datePublished\":\"2026-04-26T15:43:49+00:00\",\"breadcrumb\":{\"@id\":\"https:\/\/charente.catholique.fr\/sud-charente\/actualites\/homelie-du-26-avril-2026-par-le-p-benoit-lecomte\/#breadcrumb\"},\"inLanguage\":\"fr-FR\",\"potentialAction\":[{\"@type\":\"ReadAction\",\"target\":[\"https:\/\/charente.catholique.fr\/sud-charente\/actualites\/homelie-du-26-avril-2026-par-le-p-benoit-lecomte\/\"]}]},{\"@type\":\"ImageObject\",\"inLanguage\":\"fr-FR\",\"@id\":\"https:\/\/charente.catholique.fr\/sud-charente\/actualites\/homelie-du-26-avril-2026-par-le-p-benoit-lecomte\/#primaryimage\",\"url\":\"https:\/\/charente.catholique.fr\/sud-charente\/wp-content\/uploads\/sites\/5\/2026\/04\/leonhard_niederwimmer-door-5547415-scaled.jpg\",\"contentUrl\":\"https:\/\/charente.catholique.fr\/sud-charente\/wp-content\/uploads\/sites\/5\/2026\/04\/leonhard_niederwimmer-door-5547415-scaled.jpg\",\"width\":1860,\"height\":2560},{\"@type\":\"BreadcrumbList\",\"@id\":\"https:\/\/charente.catholique.fr\/sud-charente\/actualites\/homelie-du-26-avril-2026-par-le-p-benoit-lecomte\/#breadcrumb\",\"itemListElement\":[{\"@type\":\"ListItem\",\"position\":1,\"name\":\"Accueil\",\"item\":\"https:\/\/charente.catholique.fr\/sud-charente\/\"},{\"@type\":\"ListItem\",\"position\":2,\"name\":\"Hom\u00e9lie du 26 avril 2026, par le P. Beno\u00eet Lecomte\"}]},{\"@type\":\"WebSite\",\"@id\":\"https:\/\/charente.catholique.fr\/sud-charente\/#website\",\"url\":\"https:\/\/charente.catholique.fr\/sud-charente\/\",\"name\":\"Doyenn\u00e9 Sud Charente - Dioc\u00e8se d'Angoul\u00eame\",\"description\":\"Dioc\u00e8se d&#039;Angoul\u00eame\",\"publisher\":{\"@id\":\"https:\/\/charente.catholique.fr\/sud-charente\/#organization\"},\"potentialAction\":[{\"@type\":\"SearchAction\",\"target\":{\"@type\":\"EntryPoint\",\"urlTemplate\":\"https:\/\/charente.catholique.fr\/sud-charente\/?s={search_term_string}\"},\"query-input\":{\"@type\":\"PropertyValueSpecification\",\"valueRequired\":true,\"valueName\":\"search_term_string\"}}],\"inLanguage\":\"fr-FR\"},{\"@type\":\"Organization\",\"@id\":\"https:\/\/charente.catholique.fr\/sud-charente\/#organization\",\"name\":\"Association dioc\u00e9saine d'Angoul\u00eame\",\"url\":\"https:\/\/charente.catholique.fr\/sud-charente\/\",\"logo\":{\"@type\":\"ImageObject\",\"inLanguage\":\"fr-FR\",\"@id\":\"https:\/\/charente.catholique.fr\/sud-charente\/#\/schema\/logo\/image\/\",\"url\":\"https:\/\/charente.catholique.fr\/sud-charente\/wp-content\/uploads\/sites\/5\/2020\/10\/logos.png\",\"contentUrl\":\"https:\/\/charente.catholique.fr\/sud-charente\/wp-content\/uploads\/sites\/5\/2020\/10\/logos.png\",\"width\":600,\"height\":257,\"caption\":\"Association dioc\u00e9saine d'Angoul\u00eame\"},\"image\":{\"@id\":\"https:\/\/charente.catholique.fr\/sud-charente\/#\/schema\/logo\/image\/\"},\"sameAs\":[\"https:\/\/www.facebook.com\/EgliseCatholiqueCharente\",\"https:\/\/x.com\/diocesecharente\",\"https:\/\/www.instagram.com\/eglisecharente\",\"https:\/\/www.youtube.com\/channel\/UCByyFWApZbw3gDTiADoiAaQ\"]},{\"@type\":\"Person\",\"@id\":\"https:\/\/charente.catholique.fr\/sud-charente\/#\/schema\/person\/ddcc6ba32a4484b49a276652de901387\",\"name\":\"Beno\u00eet\",\"image\":{\"@type\":\"ImageObject\",\"inLanguage\":\"fr-FR\",\"@id\":\"https:\/\/charente.catholique.fr\/sud-charente\/#\/schema\/person\/image\/\",\"url\":\"https:\/\/secure.gravatar.com\/avatar\/367de281020c81cafc6a2f9b79fef00a1981a890412ad8b09b11385575886666?s=96&d=mm&r=g\",\"contentUrl\":\"https:\/\/secure.gravatar.com\/avatar\/367de281020c81cafc6a2f9b79fef00a1981a890412ad8b09b11385575886666?s=96&d=mm&r=g\",\"caption\":\"Beno\u00eet\"},\"url\":\"https:\/\/charente.catholique.fr\/sud-charente\/author\/benoitlecomte\/\"}]}<\/script>\n<!-- \/ Yoast SEO plugin. -->","yoast_head_json":{"title":"Hom\u00e9lie du 26 avril 2026, par le P. Beno\u00eet Lecomte - Doyenn\u00e9 Sud Charente","robots":{"index":"index","follow":"follow","max-snippet":"max-snippet:-1","max-image-preview":"max-image-preview:large","max-video-preview":"max-video-preview:-1"},"canonical":"https:\/\/charente.catholique.fr\/sud-charente\/actualites\/homelie-du-26-avril-2026-par-le-p-benoit-lecomte\/","og_locale":"fr_FR","og_type":"article","og_title":"Hom\u00e9lie du 26 avril 2026, par le P. Beno\u00eet Lecomte - Doyenn\u00e9 Sud Charente","og_description":"\u00ab&nbsp;Si quelqu\u2019un entre en passant par moi, il sera sauv\u00e9&nbsp;; il pourra entrer&nbsp;; il pourra sortir et trouver un p\u00e2turage.&nbsp;\u00bb J\u00e9sus est une porte. Voil\u00e0 une id\u00e9e originale pour parler de soi. Il est \u00ab&nbsp;La porte&nbsp;\u00bb. Sous-entendu, la seule qu\u2019il soit bon de prendre. J\u00e9sus est la porte. Pas une porte ferm\u00e9e, mais une porte [&hellip;]","og_url":"https:\/\/charente.catholique.fr\/sud-charente\/actualites\/homelie-du-26-avril-2026-par-le-p-benoit-lecomte\/","og_site_name":"Doyenn\u00e9 Sud Charente","article_publisher":"https:\/\/www.facebook.com\/EgliseCatholiqueCharente","article_published_time":"2026-04-26T15:43:49+00:00","og_image":[{"width":1860,"height":2560,"url":"https:\/\/charente.catholique.fr\/sud-charente\/wp-content\/uploads\/sites\/5\/2026\/04\/leonhard_niederwimmer-door-5547415-scaled.jpg","type":"image\/jpeg"}],"author":"Beno\u00eet","twitter_card":"summary_large_image","twitter_creator":"@diocesecharente","twitter_site":"@diocesecharente","twitter_misc":{"\u00c9crit par":"Beno\u00eet","Dur\u00e9e de lecture estim\u00e9e":"6 minutes"},"schema":{"@context":"https:\/\/schema.org","@graph":[{"@type":"Article","@id":"https:\/\/charente.catholique.fr\/sud-charente\/actualites\/homelie-du-26-avril-2026-par-le-p-benoit-lecomte\/#article","isPartOf":{"@id":"https:\/\/charente.catholique.fr\/sud-charente\/actualites\/homelie-du-26-avril-2026-par-le-p-benoit-lecomte\/"},"author":{"name":"Beno\u00eet","@id":"https:\/\/charente.catholique.fr\/sud-charente\/#\/schema\/person\/ddcc6ba32a4484b49a276652de901387"},"headline":"Hom\u00e9lie du 26 avril 2026, par le P. Beno\u00eet Lecomte","datePublished":"2026-04-26T15:43:49+00:00","mainEntityOfPage":{"@id":"https:\/\/charente.catholique.fr\/sud-charente\/actualites\/homelie-du-26-avril-2026-par-le-p-benoit-lecomte\/"},"wordCount":1127,"commentCount":0,"publisher":{"@id":"https:\/\/charente.catholique.fr\/sud-charente\/#organization"},"image":{"@id":"https:\/\/charente.catholique.fr\/sud-charente\/actualites\/homelie-du-26-avril-2026-par-le-p-benoit-lecomte\/#primaryimage"},"thumbnailUrl":"https:\/\/charente.catholique.fr\/sud-charente\/wp-content\/uploads\/sites\/5\/2026\/04\/leonhard_niederwimmer-door-5547415-scaled.jpg","articleSection":["Actualit\u00e9s","Chalais","Hom\u00e9lies"],"inLanguage":"fr-FR","potentialAction":[{"@type":"CommentAction","name":"Comment","target":["https:\/\/charente.catholique.fr\/sud-charente\/actualites\/homelie-du-26-avril-2026-par-le-p-benoit-lecomte\/#respond"]}]},{"@type":"WebPage","@id":"https:\/\/charente.catholique.fr\/sud-charente\/actualites\/homelie-du-26-avril-2026-par-le-p-benoit-lecomte\/","url":"https:\/\/charente.catholique.fr\/sud-charente\/actualites\/homelie-du-26-avril-2026-par-le-p-benoit-lecomte\/","name":"Hom\u00e9lie du 26 avril 2026, par le P. Beno\u00eet Lecomte - Doyenn\u00e9 Sud Charente","isPartOf":{"@id":"https:\/\/charente.catholique.fr\/sud-charente\/#website"},"primaryImageOfPage":{"@id":"https:\/\/charente.catholique.fr\/sud-charente\/actualites\/homelie-du-26-avril-2026-par-le-p-benoit-lecomte\/#primaryimage"},"image":{"@id":"https:\/\/charente.catholique.fr\/sud-charente\/actualites\/homelie-du-26-avril-2026-par-le-p-benoit-lecomte\/#primaryimage"},"thumbnailUrl":"https:\/\/charente.catholique.fr\/sud-charente\/wp-content\/uploads\/sites\/5\/2026\/04\/leonhard_niederwimmer-door-5547415-scaled.jpg","datePublished":"2026-04-26T15:43:49+00:00","breadcrumb":{"@id":"https:\/\/charente.catholique.fr\/sud-charente\/actualites\/homelie-du-26-avril-2026-par-le-p-benoit-lecomte\/#breadcrumb"},"inLanguage":"fr-FR","potentialAction":[{"@type":"ReadAction","target":["https:\/\/charente.catholique.fr\/sud-charente\/actualites\/homelie-du-26-avril-2026-par-le-p-benoit-lecomte\/"]}]},{"@type":"ImageObject","inLanguage":"fr-FR","@id":"https:\/\/charente.catholique.fr\/sud-charente\/actualites\/homelie-du-26-avril-2026-par-le-p-benoit-lecomte\/#primaryimage","url":"https:\/\/charente.catholique.fr\/sud-charente\/wp-content\/uploads\/sites\/5\/2026\/04\/leonhard_niederwimmer-door-5547415-scaled.jpg","contentUrl":"https:\/\/charente.catholique.fr\/sud-charente\/wp-content\/uploads\/sites\/5\/2026\/04\/leonhard_niederwimmer-door-5547415-scaled.jpg","width":1860,"height":2560},{"@type":"BreadcrumbList","@id":"https:\/\/charente.catholique.fr\/sud-charente\/actualites\/homelie-du-26-avril-2026-par-le-p-benoit-lecomte\/#breadcrumb","itemListElement":[{"@type":"ListItem","position":1,"name":"Accueil","item":"https:\/\/charente.catholique.fr\/sud-charente\/"},{"@type":"ListItem","position":2,"name":"Hom\u00e9lie du 26 avril 2026, par le P. Beno\u00eet Lecomte"}]},{"@type":"WebSite","@id":"https:\/\/charente.catholique.fr\/sud-charente\/#website","url":"https:\/\/charente.catholique.fr\/sud-charente\/","name":"Doyenn\u00e9 Sud Charente - Dioc\u00e8se d'Angoul\u00eame","description":"Dioc\u00e8se d&#039;Angoul\u00eame","publisher":{"@id":"https:\/\/charente.catholique.fr\/sud-charente\/#organization"},"potentialAction":[{"@type":"SearchAction","target":{"@type":"EntryPoint","urlTemplate":"https:\/\/charente.catholique.fr\/sud-charente\/?s={search_term_string}"},"query-input":{"@type":"PropertyValueSpecification","valueRequired":true,"valueName":"search_term_string"}}],"inLanguage":"fr-FR"},{"@type":"Organization","@id":"https:\/\/charente.catholique.fr\/sud-charente\/#organization","name":"Association dioc\u00e9saine d'Angoul\u00eame","url":"https:\/\/charente.catholique.fr\/sud-charente\/","logo":{"@type":"ImageObject","inLanguage":"fr-FR","@id":"https:\/\/charente.catholique.fr\/sud-charente\/#\/schema\/logo\/image\/","url":"https:\/\/charente.catholique.fr\/sud-charente\/wp-content\/uploads\/sites\/5\/2020\/10\/logos.png","contentUrl":"https:\/\/charente.catholique.fr\/sud-charente\/wp-content\/uploads\/sites\/5\/2020\/10\/logos.png","width":600,"height":257,"caption":"Association dioc\u00e9saine d'Angoul\u00eame"},"image":{"@id":"https:\/\/charente.catholique.fr\/sud-charente\/#\/schema\/logo\/image\/"},"sameAs":["https:\/\/www.facebook.com\/EgliseCatholiqueCharente","https:\/\/x.com\/diocesecharente","https:\/\/www.instagram.com\/eglisecharente","https:\/\/www.youtube.com\/channel\/UCByyFWApZbw3gDTiADoiAaQ"]},{"@type":"Person","@id":"https:\/\/charente.catholique.fr\/sud-charente\/#\/schema\/person\/ddcc6ba32a4484b49a276652de901387","name":"Beno\u00eet","image":{"@type":"ImageObject","inLanguage":"fr-FR","@id":"https:\/\/charente.catholique.fr\/sud-charente\/#\/schema\/person\/image\/","url":"https:\/\/secure.gravatar.com\/avatar\/367de281020c81cafc6a2f9b79fef00a1981a890412ad8b09b11385575886666?s=96&d=mm&r=g","contentUrl":"https:\/\/secure.gravatar.com\/avatar\/367de281020c81cafc6a2f9b79fef00a1981a890412ad8b09b11385575886666?s=96&d=mm&r=g","caption":"Beno\u00eet"},"url":"https:\/\/charente.catholique.fr\/sud-charente\/author\/benoitlecomte\/"}]}},"_links":{"self":[{"href":"https:\/\/charente.catholique.fr\/sud-charente\/wp-json\/wp\/v2\/posts\/13048","targetHints":{"allow":["GET"]}}],"collection":[{"href":"https:\/\/charente.catholique.fr\/sud-charente\/wp-json\/wp\/v2\/posts"}],"about":[{"href":"https:\/\/charente.catholique.fr\/sud-charente\/wp-json\/wp\/v2\/types\/post"}],"author":[{"embeddable":true,"href":"https:\/\/charente.catholique.fr\/sud-charente\/wp-json\/wp\/v2\/users\/4"}],"replies":[{"embeddable":true,"href":"https:\/\/charente.catholique.fr\/sud-charente\/wp-json\/wp\/v2\/comments?post=13048"}],"version-history":[{"count":1,"href":"https:\/\/charente.catholique.fr\/sud-charente\/wp-json\/wp\/v2\/posts\/13048\/revisions"}],"predecessor-version":[{"id":13050,"href":"https:\/\/charente.catholique.fr\/sud-charente\/wp-json\/wp\/v2\/posts\/13048\/revisions\/13050"}],"wp:featuredmedia":[{"embeddable":true,"href":"https:\/\/charente.catholique.fr\/sud-charente\/wp-json\/wp\/v2\/media\/13049"}],"wp:attachment":[{"href":"https:\/\/charente.catholique.fr\/sud-charente\/wp-json\/wp\/v2\/media?parent=13048"}],"wp:term":[{"taxonomy":"category","embeddable":true,"href":"https:\/\/charente.catholique.fr\/sud-charente\/wp-json\/wp\/v2\/categories?post=13048"},{"taxonomy":"post_tag","embeddable":true,"href":"https:\/\/charente.catholique.fr\/sud-charente\/wp-json\/wp\/v2\/tags?post=13048"}],"curies":[{"name":"wp","href":"https:\/\/api.w.org\/{rel}","templated":true}]}}