{"id":12800,"date":"2026-03-19T23:40:05","date_gmt":"2026-03-19T22:40:05","guid":{"rendered":"https:\/\/charente.catholique.fr\/sud-charente\/?p=12800"},"modified":"2026-03-19T23:41:26","modified_gmt":"2026-03-19T22:41:26","slug":"echos-de-leap-du-18-mars-2026","status":"publish","type":"post","link":"https:\/\/charente.catholique.fr\/sud-charente\/actualites\/echos-de-leap-du-18-mars-2026\/","title":{"rendered":"Echos de l&#8217;EAP du 18 mars 2026"},"content":{"rendered":"\n<p><strong>L&#8217;Equipe d&#8217;Animation Pastorale de la paroisse d&#8217;Aubeterre &#8211; Brossac &#8211; Chalais s&#8217;est r\u00e9unie ce mercredi 18 mars 2026<\/strong><\/p>\n\n\n\n<p>Apr\u00e8s un temps de pri\u00e8re, voici les points abord\u00e9s : <\/p>\n\n\n\n<h5 class=\"wp-block-heading\"><strong>Point sur le d\u00e9roulement du car\u00eame<\/strong><\/h5>\n\n\n\n<ul class=\"wp-block-list\">\n<li><strong>Collecte \/ orphelinat Madagascar<\/strong><\/li>\n<\/ul>\n\n\n\n<p>20 \u00e0 25 personnes pr\u00e9sentes au bol de riz.  En plus des paroissiens, nous sommes heureux d&#8217;avoir vu des parents de l\u2019\u00e9cole pr\u00e9sents.  Merci \u00e0 G\u00e9rard pour la cuisine du riz&nbsp;! Nous continuons de mettre le tronc \u00e0 la messe.<\/p>\n\n\n\n<p>Cette action est faite dans le cadre du car\u00eame.  L&#8217;important est de sensibiliser au partage, pour cette \u0153uvre ou pour une autre.<\/p>\n\n\n\n<ul class=\"wp-block-list\">\n<li><strong>Journ\u00e9e paroissiale de r\u00e9collection le 8 mars<\/strong><\/li>\n<\/ul>\n\n\n\n<p>Heureux d&#8217;avoir une la messe pr\u00e9sid\u00e9e par l\u2019\u00e9v\u00eaque, suivie d&#8217;un bel ap\u00e9ritif au soleil pour un temps de rencontre apr\u00e8s la messe.<\/p>\n\n\n\n<p>Quelques habitu\u00e9s sont rest\u00e9s pour le repas<\/p>\n\n\n\n<p>L apr\u00e8s-midi de qualit\u00e9 qui aurait support\u00e9 davantage de monde.<\/p>\n\n\n\n<ul class=\"wp-block-list\">\n<li>Visitations<ul><li>3 personnes \u00e0 Brossac pour le retour le 11 mars. Un beau partage.<\/li><\/ul><ul><li>3 personnes \u00e0 Chalais pour le retour le 15 mars. Un beau partage aussi.<\/li><\/ul>\n<ul class=\"wp-block-list\">\n<li>On continue \u00e0 annoncer et appeler dans la paroisse pour vivre ces visitations, c&#8217;est quelque chose \u00e0 encourager. Et on d\u00e9couvre aussi d\u2019une part que des choses se font dont on n\u2019a pas connaissance, et d&#8217;autre part, ce n\u2019est pas parce qu\u2019on invite \u00e0 une r\u00e9union que les gens viennent. L&#8217;important reste de prendre soin des uns et des autres.<\/li>\n<\/ul>\n<\/li>\n<\/ul>\n\n\n\n<ul class=\"wp-block-list\">\n<li><strong>Journ\u00e9e de r\u00e9collection en doyenn\u00e9 le 21 mars<\/strong><\/li>\n<\/ul>\n\n\n\n<p>A venir, \u00e0 Puyp\u00e9roux, de 10h \u00e0 16h30<\/p>\n\n\n\n<p>Dans ces diff\u00e9rentes propositions, on rep\u00e8re que la proposition bol de riz \u00e0 l\u2019\u00e9cole (avec un horaire peut-\u00eatre adapt\u00e9&nbsp;?) a permis que des familles avec enfants participent.<\/p>\n\n\n\n<h5 class=\"wp-block-heading\"><strong>Chemins de croix<\/strong> du vendredi saint<\/h5>\n\n\n\n<p>En vivre dans un maximum d\u2019\u00e9glises ! Pour faire vivre nos \u00e9glises, \u00eatre le plus possible en proximit\u00e9 avec les habitants&#8230; Mieux vaut \u00eatre peu nombreux mais r\u00e9partis partout que nombreux dans une seule \u00e9glise. <\/p>\n\n\n\n<p>Le mat\u00e9riel (affiches, m\u00e9ditation) sera donn\u00e9 dans les prochains jours.<\/p>\n\n\n\n<p><\/p>\n\n\n\n<h5 class=\"wp-block-heading\"><strong>1ers \u00e9chos des temps d\u2019adoration \u2013 confession du mercredi soir 19h30 \u2013 20h30 \u00e0 la Chapelle<\/strong><\/h5>\n\n\n\n<p>Voir comment baisser la lumi\u00e8re pendant le temps d\u2019adoration<\/p>\n\n\n\n<p>Il y a eu 15 \u00e0 20 personnes, tr\u00e8s \u00e0 l\u2019aise dans le climat propos\u00e9 de chants et silence.<\/p>\n\n\n\n<p>Important d&#8217;insonoriser le lieu de confession&nbsp;<\/p>\n\n\n\n<p>La question est pos\u00e9e de la pr\u00e9sence r\u00e9elle dans les \u00e9glises o\u00f9 il n\u2019y a pas de c\u00e9l\u00e9bration eucharistique&nbsp;: on peut penser \u00e0 une \u00ab&nbsp;rotation&nbsp;\u00bb de l\u2019hostie consacr\u00e9e (en parler avec le P. Beno\u00eet)<\/p>\n\n\n\n<h5 class=\"wp-block-heading\"><strong>Point sur le projet d\u2019accueil missionnaire et les recherches immobili\u00e8res<\/strong> li\u00e9es<\/h5>\n\n\n\n<p>L\u2019info et la pub ont \u00e9t\u00e9 d\u00e9ploy\u00e9es&nbsp;!<\/p>\n\n\n\n<p>Des recherches immobili\u00e8res ont commenc\u00e9.<\/p>\n\n\n\n<p>Un projet \u00e0 porter dans la pri\u00e8re.<\/p>\n\n\n\n<h5 class=\"wp-block-heading\"><strong>Projets du Secours Catholique<\/strong><\/h5>\n\n\n\n<p>Pour les 80 ans du Secours Catholique, des projets auront lieu en mai \u2013 juin, notamment \u00e0 Brossac : un projet de &#8220;tabl\u00e9e&#8221;, le 20 juin. En invitant les partenaires, les personnes rencontr\u00e9es, les personnes int\u00e9ress\u00e9es, dans un climat festif. <\/p>\n\n\n\n<p>L&#8217;interpellation est \u00e9galement lanc\u00e9e \u00e0 l&#8217;EAP de la participation des plus pauvres et des plus fragiles aux instances d&#8217;Eglise : comment le vivre dans notre paroisse ? <\/p>\n\n\n\n<p><\/p>\n\n\n\n<ul class=\"wp-block-list\">\n<li><\/li>\n<\/ul>\n\n\n\n<h5 class=\"wp-block-heading\"><strong>Calendrier de consultation et organisation du renouvellement de l\u2019EAP<\/strong><\/h5>\n\n\n\n<p>Une consultation va \u00eatre lanc\u00e9e, pour interpeler de nouvelles personnes.<\/p>\n\n\n\n<p>Elle aura lieu de P\u00e2ques, jusqu\u2019au 20 mai, pour 3 noms<\/p>\n\n\n\n<h5 class=\"wp-block-heading\"><strong>Nuit des \u00e9glises \u00e0 Saint Romain<\/strong><\/h5>\n\n\n\n<p>Une r\u00e9union doit \u00eatre fix\u00e9e pour lancer le travail d&#8217;organisation.<\/p>\n\n\n\n<h5 class=\"wp-block-heading\"><strong>Messes en clochers<\/strong><\/h5>\n\n\n\n<p>Elles sont planifi\u00e9es\u00a0jusqu\u2019en juillet\u00a0! En g\u00e9n\u00e9ral le jeudi \u00e0 18h, sauf exceptions indiqu\u00e9es<\/p>\n\n\n\n<p>Jeudi 7 mai : Sauvignac<\/p>\n\n\n\n<p>Jeudi 21 mai : Yviers<\/p>\n\n\n\n<p>Jeudi 28 mai : Bonnes<\/p>\n\n\n\n<p>Jeudi 4 juin : Brossac<\/p>\n\n\n\n<p>Jeudi 11 juin : Rioux-Martin<\/p>\n\n\n\n<p>Samedi 13 juin, 9h30 \u00e0 Pillac<\/p>\n\n\n\n<p>Jeudi 18 juin : Saint-Avit<\/p>\n\n\n\n<p>Jeui 25 juin : Palluaud<\/p>\n\n\n\n<h5 class=\"wp-block-heading\"><strong>15 ao\u00fbt<\/strong><\/h5>\n\n\n\n<p>Un discernement doit \u00eatre r\u00e9alis\u00e9 pour savoir si le 15 ao\u00fbt sera c\u00e9l\u00e9br\u00e9 \u00e0 Saint Christophe ou \u00e0 Saint Martial.<\/p>\n\n\n\n<h5 class=\"wp-block-heading\"><strong>6 juin en doyenn\u00e9<\/strong><\/h5>\n\n\n\n<p>La pr\u00e9paration concr\u00e8te va d\u00e9marrer tr\u00e8s prochainement pour cette grande journ\u00e9e en doyenn\u00e9 \u00e0 Maumont.<\/p>\n\n\n\n<p><\/p>\n","protected":false},"excerpt":{"rendered":"<p>L&#8217;Equipe d&#8217;Animation Pastorale de la paroisse d&#8217;Aubeterre &#8211; Brossac &#8211; Chalais s&#8217;est r\u00e9unie ce mercredi 18 mars 2026 Apr\u00e8s un temps de pri\u00e8re, voici les points abord\u00e9s : Point sur le d\u00e9roulement du car\u00eame 20 \u00e0 25 personnes pr\u00e9sentes au bol de riz. En plus des paroissiens, nous sommes heureux d&#8217;avoir vu des parents de [&hellip;]<\/p>\n","protected":false},"author":4,"featured_media":274,"comment_status":"open","ping_status":"open","sticky":false,"template":"","format":"standard","meta":{"_acf_changed":false,"paroisse":["16"],"service":["0"],"footnotes":""},"categories":[1,12,9,14],"tags":[],"class_list":["post-12800","post","type-post","status-publish","format-standard","has-post-thumbnail","hentry","category-actualites","category-chalais","category-equipe-danimation-pastorale","category-infos-paroissiales","validated"],"acf":[],"yoast_head":"<!-- This site is optimized with the Yoast SEO plugin v27.1.1 - https:\/\/yoast.com\/product\/yoast-seo-wordpress\/ -->\n<title>Echos de l&#039;EAP du 18 mars 2026 - Doyenn\u00e9 Sud Charente<\/title>\n<meta name=\"robots\" content=\"index, follow, max-snippet:-1, max-image-preview:large, max-video-preview:-1\" \/>\n<link rel=\"canonical\" href=\"https:\/\/charente.catholique.fr\/sud-charente\/actualites\/echos-de-leap-du-18-mars-2026\/\" \/>\n<meta property=\"og:locale\" content=\"fr_FR\" \/>\n<meta property=\"og:type\" content=\"article\" \/>\n<meta property=\"og:title\" content=\"Echos de l&#039;EAP du 18 mars 2026 - Doyenn\u00e9 Sud Charente\" \/>\n<meta property=\"og:description\" content=\"L&#8217;Equipe d&#8217;Animation Pastorale de la paroisse d&#8217;Aubeterre &#8211; Brossac &#8211; Chalais s&#8217;est r\u00e9unie ce mercredi 18 mars 2026 Apr\u00e8s un temps de pri\u00e8re, voici les points abord\u00e9s : Point sur le d\u00e9roulement du car\u00eame 20 \u00e0 25 personnes pr\u00e9sentes au bol de riz. En plus des paroissiens, nous sommes heureux d&#8217;avoir vu des parents de [&hellip;]\" \/>\n<meta property=\"og:url\" content=\"https:\/\/charente.catholique.fr\/sud-charente\/actualites\/echos-de-leap-du-18-mars-2026\/\" \/>\n<meta property=\"og:site_name\" content=\"Doyenn\u00e9 Sud Charente\" \/>\n<meta property=\"article:publisher\" content=\"https:\/\/www.facebook.com\/EgliseCatholiqueCharente\" \/>\n<meta property=\"article:published_time\" content=\"2026-03-19T22:40:05+00:00\" \/>\n<meta property=\"article:modified_time\" content=\"2026-03-19T22:41:26+00:00\" \/>\n<meta property=\"og:image\" content=\"https:\/\/charente.catholique.fr\/sud-charente\/wp-content\/uploads\/sites\/5\/2020\/07\/logo_paroissechalaisaubeterrebrossac-sudcharente-scaled.jpg\" \/>\n\t<meta property=\"og:image:width\" content=\"2560\" \/>\n\t<meta property=\"og:image:height\" content=\"887\" \/>\n\t<meta property=\"og:image:type\" content=\"image\/jpeg\" \/>\n<meta name=\"author\" content=\"Beno\u00eet\" \/>\n<meta name=\"twitter:card\" content=\"summary_large_image\" \/>\n<meta name=\"twitter:creator\" content=\"@diocesecharente\" \/>\n<meta name=\"twitter:site\" content=\"@diocesecharente\" \/>\n<meta name=\"twitter:label1\" content=\"\u00c9crit par\" \/>\n\t<meta name=\"twitter:data1\" content=\"Beno\u00eet\" \/>\n\t<meta name=\"twitter:label2\" content=\"Dur\u00e9e de lecture estim\u00e9e\" \/>\n\t<meta name=\"twitter:data2\" content=\"4 minutes\" \/>\n<script type=\"application\/ld+json\" class=\"yoast-schema-graph\">{\"@context\":\"https:\/\/schema.org\",\"@graph\":[{\"@type\":\"Article\",\"@id\":\"https:\/\/charente.catholique.fr\/sud-charente\/actualites\/echos-de-leap-du-18-mars-2026\/#article\",\"isPartOf\":{\"@id\":\"https:\/\/charente.catholique.fr\/sud-charente\/actualites\/echos-de-leap-du-18-mars-2026\/\"},\"author\":{\"name\":\"Beno\u00eet\",\"@id\":\"https:\/\/charente.catholique.fr\/sud-charente\/#\/schema\/person\/ddcc6ba32a4484b49a276652de901387\"},\"headline\":\"Echos de l&#8217;EAP du 18 mars 2026\",\"datePublished\":\"2026-03-19T22:40:05+00:00\",\"dateModified\":\"2026-03-19T22:41:26+00:00\",\"mainEntityOfPage\":{\"@id\":\"https:\/\/charente.catholique.fr\/sud-charente\/actualites\/echos-de-leap-du-18-mars-2026\/\"},\"wordCount\":707,\"commentCount\":0,\"publisher\":{\"@id\":\"https:\/\/charente.catholique.fr\/sud-charente\/#organization\"},\"image\":{\"@id\":\"https:\/\/charente.catholique.fr\/sud-charente\/actualites\/echos-de-leap-du-18-mars-2026\/#primaryimage\"},\"thumbnailUrl\":\"https:\/\/charente.catholique.fr\/sud-charente\/wp-content\/uploads\/sites\/5\/2020\/07\/logo_paroissechalaisaubeterrebrossac-sudcharente-scaled.jpg\",\"articleSection\":[\"Actualit\u00e9s\",\"Chalais\",\"Equipe d'Animation Pastorale\",\"Infos paroissiales\"],\"inLanguage\":\"fr-FR\",\"potentialAction\":[{\"@type\":\"CommentAction\",\"name\":\"Comment\",\"target\":[\"https:\/\/charente.catholique.fr\/sud-charente\/actualites\/echos-de-leap-du-18-mars-2026\/#respond\"]}]},{\"@type\":\"WebPage\",\"@id\":\"https:\/\/charente.catholique.fr\/sud-charente\/actualites\/echos-de-leap-du-18-mars-2026\/\",\"url\":\"https:\/\/charente.catholique.fr\/sud-charente\/actualites\/echos-de-leap-du-18-mars-2026\/\",\"name\":\"Echos de l'EAP du 18 mars 2026 - Doyenn\u00e9 Sud Charente\",\"isPartOf\":{\"@id\":\"https:\/\/charente.catholique.fr\/sud-charente\/#website\"},\"primaryImageOfPage\":{\"@id\":\"https:\/\/charente.catholique.fr\/sud-charente\/actualites\/echos-de-leap-du-18-mars-2026\/#primaryimage\"},\"image\":{\"@id\":\"https:\/\/charente.catholique.fr\/sud-charente\/actualites\/echos-de-leap-du-18-mars-2026\/#primaryimage\"},\"thumbnailUrl\":\"https:\/\/charente.catholique.fr\/sud-charente\/wp-content\/uploads\/sites\/5\/2020\/07\/logo_paroissechalaisaubeterrebrossac-sudcharente-scaled.jpg\",\"datePublished\":\"2026-03-19T22:40:05+00:00\",\"dateModified\":\"2026-03-19T22:41:26+00:00\",\"breadcrumb\":{\"@id\":\"https:\/\/charente.catholique.fr\/sud-charente\/actualites\/echos-de-leap-du-18-mars-2026\/#breadcrumb\"},\"inLanguage\":\"fr-FR\",\"potentialAction\":[{\"@type\":\"ReadAction\",\"target\":[\"https:\/\/charente.catholique.fr\/sud-charente\/actualites\/echos-de-leap-du-18-mars-2026\/\"]}]},{\"@type\":\"ImageObject\",\"inLanguage\":\"fr-FR\",\"@id\":\"https:\/\/charente.catholique.fr\/sud-charente\/actualites\/echos-de-leap-du-18-mars-2026\/#primaryimage\",\"url\":\"https:\/\/charente.catholique.fr\/sud-charente\/wp-content\/uploads\/sites\/5\/2020\/07\/logo_paroissechalaisaubeterrebrossac-sudcharente-scaled.jpg\",\"contentUrl\":\"https:\/\/charente.catholique.fr\/sud-charente\/wp-content\/uploads\/sites\/5\/2020\/07\/logo_paroissechalaisaubeterrebrossac-sudcharente-scaled.jpg\",\"width\":2560,\"height\":887},{\"@type\":\"BreadcrumbList\",\"@id\":\"https:\/\/charente.catholique.fr\/sud-charente\/actualites\/echos-de-leap-du-18-mars-2026\/#breadcrumb\",\"itemListElement\":[{\"@type\":\"ListItem\",\"position\":1,\"name\":\"Accueil\",\"item\":\"https:\/\/charente.catholique.fr\/sud-charente\/\"},{\"@type\":\"ListItem\",\"position\":2,\"name\":\"Echos de l&#8217;EAP du 18 mars 2026\"}]},{\"@type\":\"WebSite\",\"@id\":\"https:\/\/charente.catholique.fr\/sud-charente\/#website\",\"url\":\"https:\/\/charente.catholique.fr\/sud-charente\/\",\"name\":\"Doyenn\u00e9 Sud Charente - Dioc\u00e8se d'Angoul\u00eame\",\"description\":\"Dioc\u00e8se d&#039;Angoul\u00eame\",\"publisher\":{\"@id\":\"https:\/\/charente.catholique.fr\/sud-charente\/#organization\"},\"potentialAction\":[{\"@type\":\"SearchAction\",\"target\":{\"@type\":\"EntryPoint\",\"urlTemplate\":\"https:\/\/charente.catholique.fr\/sud-charente\/?s={search_term_string}\"},\"query-input\":{\"@type\":\"PropertyValueSpecification\",\"valueRequired\":true,\"valueName\":\"search_term_string\"}}],\"inLanguage\":\"fr-FR\"},{\"@type\":\"Organization\",\"@id\":\"https:\/\/charente.catholique.fr\/sud-charente\/#organization\",\"name\":\"Association dioc\u00e9saine d'Angoul\u00eame\",\"url\":\"https:\/\/charente.catholique.fr\/sud-charente\/\",\"logo\":{\"@type\":\"ImageObject\",\"inLanguage\":\"fr-FR\",\"@id\":\"https:\/\/charente.catholique.fr\/sud-charente\/#\/schema\/logo\/image\/\",\"url\":\"https:\/\/charente.catholique.fr\/sud-charente\/wp-content\/uploads\/sites\/5\/2020\/10\/logos.png\",\"contentUrl\":\"https:\/\/charente.catholique.fr\/sud-charente\/wp-content\/uploads\/sites\/5\/2020\/10\/logos.png\",\"width\":600,\"height\":257,\"caption\":\"Association dioc\u00e9saine d'Angoul\u00eame\"},\"image\":{\"@id\":\"https:\/\/charente.catholique.fr\/sud-charente\/#\/schema\/logo\/image\/\"},\"sameAs\":[\"https:\/\/www.facebook.com\/EgliseCatholiqueCharente\",\"https:\/\/x.com\/diocesecharente\",\"https:\/\/www.instagram.com\/eglisecharente\",\"https:\/\/www.youtube.com\/channel\/UCByyFWApZbw3gDTiADoiAaQ\"]},{\"@type\":\"Person\",\"@id\":\"https:\/\/charente.catholique.fr\/sud-charente\/#\/schema\/person\/ddcc6ba32a4484b49a276652de901387\",\"name\":\"Beno\u00eet\",\"image\":{\"@type\":\"ImageObject\",\"inLanguage\":\"fr-FR\",\"@id\":\"https:\/\/charente.catholique.fr\/sud-charente\/#\/schema\/person\/image\/\",\"url\":\"https:\/\/secure.gravatar.com\/avatar\/367de281020c81cafc6a2f9b79fef00a1981a890412ad8b09b11385575886666?s=96&d=mm&r=g\",\"contentUrl\":\"https:\/\/secure.gravatar.com\/avatar\/367de281020c81cafc6a2f9b79fef00a1981a890412ad8b09b11385575886666?s=96&d=mm&r=g\",\"caption\":\"Beno\u00eet\"},\"url\":\"https:\/\/charente.catholique.fr\/sud-charente\/author\/benoitlecomte\/\"}]}<\/script>\n<!-- \/ Yoast SEO plugin. -->","yoast_head_json":{"title":"Echos de l'EAP du 18 mars 2026 - Doyenn\u00e9 Sud Charente","robots":{"index":"index","follow":"follow","max-snippet":"max-snippet:-1","max-image-preview":"max-image-preview:large","max-video-preview":"max-video-preview:-1"},"canonical":"https:\/\/charente.catholique.fr\/sud-charente\/actualites\/echos-de-leap-du-18-mars-2026\/","og_locale":"fr_FR","og_type":"article","og_title":"Echos de l'EAP du 18 mars 2026 - Doyenn\u00e9 Sud Charente","og_description":"L&#8217;Equipe d&#8217;Animation Pastorale de la paroisse d&#8217;Aubeterre &#8211; Brossac &#8211; Chalais s&#8217;est r\u00e9unie ce mercredi 18 mars 2026 Apr\u00e8s un temps de pri\u00e8re, voici les points abord\u00e9s : Point sur le d\u00e9roulement du car\u00eame 20 \u00e0 25 personnes pr\u00e9sentes au bol de riz. En plus des paroissiens, nous sommes heureux d&#8217;avoir vu des parents de [&hellip;]","og_url":"https:\/\/charente.catholique.fr\/sud-charente\/actualites\/echos-de-leap-du-18-mars-2026\/","og_site_name":"Doyenn\u00e9 Sud Charente","article_publisher":"https:\/\/www.facebook.com\/EgliseCatholiqueCharente","article_published_time":"2026-03-19T22:40:05+00:00","article_modified_time":"2026-03-19T22:41:26+00:00","og_image":[{"width":2560,"height":887,"url":"https:\/\/charente.catholique.fr\/sud-charente\/wp-content\/uploads\/sites\/5\/2020\/07\/logo_paroissechalaisaubeterrebrossac-sudcharente-scaled.jpg","type":"image\/jpeg"}],"author":"Beno\u00eet","twitter_card":"summary_large_image","twitter_creator":"@diocesecharente","twitter_site":"@diocesecharente","twitter_misc":{"\u00c9crit par":"Beno\u00eet","Dur\u00e9e de lecture estim\u00e9e":"4 minutes"},"schema":{"@context":"https:\/\/schema.org","@graph":[{"@type":"Article","@id":"https:\/\/charente.catholique.fr\/sud-charente\/actualites\/echos-de-leap-du-18-mars-2026\/#article","isPartOf":{"@id":"https:\/\/charente.catholique.fr\/sud-charente\/actualites\/echos-de-leap-du-18-mars-2026\/"},"author":{"name":"Beno\u00eet","@id":"https:\/\/charente.catholique.fr\/sud-charente\/#\/schema\/person\/ddcc6ba32a4484b49a276652de901387"},"headline":"Echos de l&#8217;EAP du 18 mars 2026","datePublished":"2026-03-19T22:40:05+00:00","dateModified":"2026-03-19T22:41:26+00:00","mainEntityOfPage":{"@id":"https:\/\/charente.catholique.fr\/sud-charente\/actualites\/echos-de-leap-du-18-mars-2026\/"},"wordCount":707,"commentCount":0,"publisher":{"@id":"https:\/\/charente.catholique.fr\/sud-charente\/#organization"},"image":{"@id":"https:\/\/charente.catholique.fr\/sud-charente\/actualites\/echos-de-leap-du-18-mars-2026\/#primaryimage"},"thumbnailUrl":"https:\/\/charente.catholique.fr\/sud-charente\/wp-content\/uploads\/sites\/5\/2020\/07\/logo_paroissechalaisaubeterrebrossac-sudcharente-scaled.jpg","articleSection":["Actualit\u00e9s","Chalais","Equipe d'Animation Pastorale","Infos paroissiales"],"inLanguage":"fr-FR","potentialAction":[{"@type":"CommentAction","name":"Comment","target":["https:\/\/charente.catholique.fr\/sud-charente\/actualites\/echos-de-leap-du-18-mars-2026\/#respond"]}]},{"@type":"WebPage","@id":"https:\/\/charente.catholique.fr\/sud-charente\/actualites\/echos-de-leap-du-18-mars-2026\/","url":"https:\/\/charente.catholique.fr\/sud-charente\/actualites\/echos-de-leap-du-18-mars-2026\/","name":"Echos de l'EAP du 18 mars 2026 - Doyenn\u00e9 Sud Charente","isPartOf":{"@id":"https:\/\/charente.catholique.fr\/sud-charente\/#website"},"primaryImageOfPage":{"@id":"https:\/\/charente.catholique.fr\/sud-charente\/actualites\/echos-de-leap-du-18-mars-2026\/#primaryimage"},"image":{"@id":"https:\/\/charente.catholique.fr\/sud-charente\/actualites\/echos-de-leap-du-18-mars-2026\/#primaryimage"},"thumbnailUrl":"https:\/\/charente.catholique.fr\/sud-charente\/wp-content\/uploads\/sites\/5\/2020\/07\/logo_paroissechalaisaubeterrebrossac-sudcharente-scaled.jpg","datePublished":"2026-03-19T22:40:05+00:00","dateModified":"2026-03-19T22:41:26+00:00","breadcrumb":{"@id":"https:\/\/charente.catholique.fr\/sud-charente\/actualites\/echos-de-leap-du-18-mars-2026\/#breadcrumb"},"inLanguage":"fr-FR","potentialAction":[{"@type":"ReadAction","target":["https:\/\/charente.catholique.fr\/sud-charente\/actualites\/echos-de-leap-du-18-mars-2026\/"]}]},{"@type":"ImageObject","inLanguage":"fr-FR","@id":"https:\/\/charente.catholique.fr\/sud-charente\/actualites\/echos-de-leap-du-18-mars-2026\/#primaryimage","url":"https:\/\/charente.catholique.fr\/sud-charente\/wp-content\/uploads\/sites\/5\/2020\/07\/logo_paroissechalaisaubeterrebrossac-sudcharente-scaled.jpg","contentUrl":"https:\/\/charente.catholique.fr\/sud-charente\/wp-content\/uploads\/sites\/5\/2020\/07\/logo_paroissechalaisaubeterrebrossac-sudcharente-scaled.jpg","width":2560,"height":887},{"@type":"BreadcrumbList","@id":"https:\/\/charente.catholique.fr\/sud-charente\/actualites\/echos-de-leap-du-18-mars-2026\/#breadcrumb","itemListElement":[{"@type":"ListItem","position":1,"name":"Accueil","item":"https:\/\/charente.catholique.fr\/sud-charente\/"},{"@type":"ListItem","position":2,"name":"Echos de l&#8217;EAP du 18 mars 2026"}]},{"@type":"WebSite","@id":"https:\/\/charente.catholique.fr\/sud-charente\/#website","url":"https:\/\/charente.catholique.fr\/sud-charente\/","name":"Doyenn\u00e9 Sud Charente - Dioc\u00e8se d'Angoul\u00eame","description":"Dioc\u00e8se d&#039;Angoul\u00eame","publisher":{"@id":"https:\/\/charente.catholique.fr\/sud-charente\/#organization"},"potentialAction":[{"@type":"SearchAction","target":{"@type":"EntryPoint","urlTemplate":"https:\/\/charente.catholique.fr\/sud-charente\/?s={search_term_string}"},"query-input":{"@type":"PropertyValueSpecification","valueRequired":true,"valueName":"search_term_string"}}],"inLanguage":"fr-FR"},{"@type":"Organization","@id":"https:\/\/charente.catholique.fr\/sud-charente\/#organization","name":"Association dioc\u00e9saine d'Angoul\u00eame","url":"https:\/\/charente.catholique.fr\/sud-charente\/","logo":{"@type":"ImageObject","inLanguage":"fr-FR","@id":"https:\/\/charente.catholique.fr\/sud-charente\/#\/schema\/logo\/image\/","url":"https:\/\/charente.catholique.fr\/sud-charente\/wp-content\/uploads\/sites\/5\/2020\/10\/logos.png","contentUrl":"https:\/\/charente.catholique.fr\/sud-charente\/wp-content\/uploads\/sites\/5\/2020\/10\/logos.png","width":600,"height":257,"caption":"Association dioc\u00e9saine d'Angoul\u00eame"},"image":{"@id":"https:\/\/charente.catholique.fr\/sud-charente\/#\/schema\/logo\/image\/"},"sameAs":["https:\/\/www.facebook.com\/EgliseCatholiqueCharente","https:\/\/x.com\/diocesecharente","https:\/\/www.instagram.com\/eglisecharente","https:\/\/www.youtube.com\/channel\/UCByyFWApZbw3gDTiADoiAaQ"]},{"@type":"Person","@id":"https:\/\/charente.catholique.fr\/sud-charente\/#\/schema\/person\/ddcc6ba32a4484b49a276652de901387","name":"Beno\u00eet","image":{"@type":"ImageObject","inLanguage":"fr-FR","@id":"https:\/\/charente.catholique.fr\/sud-charente\/#\/schema\/person\/image\/","url":"https:\/\/secure.gravatar.com\/avatar\/367de281020c81cafc6a2f9b79fef00a1981a890412ad8b09b11385575886666?s=96&d=mm&r=g","contentUrl":"https:\/\/secure.gravatar.com\/avatar\/367de281020c81cafc6a2f9b79fef00a1981a890412ad8b09b11385575886666?s=96&d=mm&r=g","caption":"Beno\u00eet"},"url":"https:\/\/charente.catholique.fr\/sud-charente\/author\/benoitlecomte\/"}]}},"_links":{"self":[{"href":"https:\/\/charente.catholique.fr\/sud-charente\/wp-json\/wp\/v2\/posts\/12800","targetHints":{"allow":["GET"]}}],"collection":[{"href":"https:\/\/charente.catholique.fr\/sud-charente\/wp-json\/wp\/v2\/posts"}],"about":[{"href":"https:\/\/charente.catholique.fr\/sud-charente\/wp-json\/wp\/v2\/types\/post"}],"author":[{"embeddable":true,"href":"https:\/\/charente.catholique.fr\/sud-charente\/wp-json\/wp\/v2\/users\/4"}],"replies":[{"embeddable":true,"href":"https:\/\/charente.catholique.fr\/sud-charente\/wp-json\/wp\/v2\/comments?post=12800"}],"version-history":[{"count":1,"href":"https:\/\/charente.catholique.fr\/sud-charente\/wp-json\/wp\/v2\/posts\/12800\/revisions"}],"predecessor-version":[{"id":12801,"href":"https:\/\/charente.catholique.fr\/sud-charente\/wp-json\/wp\/v2\/posts\/12800\/revisions\/12801"}],"wp:featuredmedia":[{"embeddable":true,"href":"https:\/\/charente.catholique.fr\/sud-charente\/wp-json\/wp\/v2\/media\/274"}],"wp:attachment":[{"href":"https:\/\/charente.catholique.fr\/sud-charente\/wp-json\/wp\/v2\/media?parent=12800"}],"wp:term":[{"taxonomy":"category","embeddable":true,"href":"https:\/\/charente.catholique.fr\/sud-charente\/wp-json\/wp\/v2\/categories?post=12800"},{"taxonomy":"post_tag","embeddable":true,"href":"https:\/\/charente.catholique.fr\/sud-charente\/wp-json\/wp\/v2\/tags?post=12800"}],"curies":[{"name":"wp","href":"https:\/\/api.w.org\/{rel}","templated":true}]}}