{"id":1272,"date":"2021-01-31T23:23:03","date_gmt":"2021-01-31T22:23:03","guid":{"rendered":"https:\/\/charente.catholique.fr\/sud-charente\/?p=1272"},"modified":"2021-02-04T14:26:06","modified_gmt":"2021-02-04T13:26:06","slug":"infos-paroissiales-du-31-janvier-2021","status":"publish","type":"post","link":"https:\/\/charente.catholique.fr\/sud-charente\/actualites\/infos-paroissiales-du-31-janvier-2021\/","title":{"rendered":"Infos paroissiales du 31 janvier 2021"},"content":{"rendered":"\n<p><em>A tous les paroissiens de la paroisse Barbezieux &#8211; Baignes &#8211; Barret<\/em><\/p>\n\n\n\n<p><br>Bonjour \u00e0 toutes et \u00e0 tous !<br>La fin du week-end est arriv\u00e9e et avec elle, le petit message du dimanche soir !<\/p>\n\n\n\n<p><br>&#8211; Retrouvez <a href=\"https:\/\/charente.catholique.fr\/sud-charente\/actualites\/homelie-du-31-janvier-2021-par-le-p-benoit-lecomte\/\" target=\"_blank\" rel=\"noreferrer noopener\">ici l&#8217;hom\u00e9lie du P\u00e8re Beno\u00eet prononc\u00e9e ce matin \u00e0 la messe<\/a>.<\/p>\n\n\n\n<p>&#8211; Retrouvez \u00e9galement <a href=\"https:\/\/charente.catholique.fr\/actualites\/deces-du-pere-jean-baptiste-vion\/\" target=\"_blank\" rel=\"noreferrer noopener\">ici quelques t\u00e9moignages<\/a> laiss\u00e9s suite au d\u00e9c\u00e8s du P\u00e8re Jean-Baptiste Vion. D&#8217;autres viendront encore.<\/p>\n\n\n\n<p>&#8211; Et puis pour nou<\/p>\n\n\n\n<p>s ouvrir \u00e0 l&#8217;exotisme anglophone, <a href=\"https:\/\/www.charentelibre.fr\/2021\/01\/31\/ils-ont-prie-et-communie-en-anglais-a-saint-severin,3702664.php\" target=\"_blank\" rel=\"noreferrer noopener\">des \u00e9chos dans La Charente Libre de la messe de doyenn\u00e9 c\u00e9l\u00e9br\u00e9e en Anglais<\/a> ce dimanche !<\/p>\n\n\n\n<p>Voici aussi les infos \u00e0 propos des prochains rendez-vous et temps forts de la paroisse. \u00c9videmment, toutes ces indications seront \u00e0 am\u00e9nager en cas d&#8217;annonce gouvernementale \u00e0 propos des conditions sanitaires. Attention, presque 1 rendez-vous par jour cette semaine !<\/p>\n\n\n\n<p>&#8211; <strong>Mardi 2 f\u00e9vrier<\/strong>, pour la chandeleur, nous vivrons une <strong>cha\u00eene de pri\u00e8re pour les vocations<\/strong>. Vous trouverez <a href=\"https:\/\/charente.catholique.fr\/sud-charente\/agenda\/chaine-de-priere-pour-les-vocations\/\" target=\"_blank\" rel=\"noreferrer noopener\">dans le lien ici<\/a> des textes et pri\u00e8res qui pourront soutenir notre pri\u00e8re. N&#8217;h\u00e9sitez pas \u00e0 les imprimer (ou quelques-uns) pour les partager \u00e0 plusieurs !<\/p>\n\n\n\n<p>&#8211; <strong>Vendredi 5 f\u00e9vrier<\/strong>, l&#8217;Eglise de France vivra son 4\u00e8me vendredi de<strong> je\u00fbne et de pri\u00e8re<\/strong> \u00e0 l&#8217;occasion du d\u00e9bat au s\u00e9nat sur les lois de bio\u00e9thique. <a href=\"https:\/\/charente.catholique.fr\/actualites\/bioethique-invitation-au-jeune-et-a-la-priere\/\" target=\"_blank\" rel=\"noreferrer noopener\">Cliquez ici pour en savoir davantage<\/a>.<\/p>\n\n\n\n<p>&#8211; <strong>Vendredi 5 f\u00e9vrier<\/strong> aura lieu \u00e9galement <a href=\"https:\/\/charente.catholique.fr\/sud-charente\/agenda\/rencontre-du-groupe-oecumenique-du-sud-charente\/\" target=\"_blank\" rel=\"noreferrer noopener\">la rencontre du<strong> groupe oecum\u00e9nique<\/strong> du Sud Charente<\/a>, \u00e0 Chalais ! Pour prolonger la rencontre et les \u00e9changes entre confessions chr\u00e9tiennes. Chez Patrice et Odile BOUTON &#8211; 3 CHEMIN DES TOURTERELLES &#8211; SAINTE-Marie\u00a0\u00a0 \u00e0 CHALAIS<\/p>\n\n\n\n<p>&#8211; <strong>Samedi 6 f\u00e9vrier<\/strong>, nous lancerons la d\u00e9marche de car\u00eame \u00e0 Maumont : <strong>&#8221; Faisons fleurir le pardon !<\/strong> &#8221; Vous retrouverez les explications de cette d\u00e9marche <a href=\"https:\/\/charente.catholique.fr\/sud-charente\/agenda\/lancement-de-la-dynamique-de-pardon-en-sud-charente\/\" target=\"_blank\" rel=\"noreferrer noopener\">en lien sur internet<\/a>.<\/p>\n\n\n\n<p>&#8211; <strong>Dimanche 7 f\u00e9vrier<\/strong>, ceux qui le souhaitent pourront recevoir le <strong>sacrement des malades<\/strong> au cours de la messe de 10h30 \u00e0 Barbezieux. Vous pouvez signaler votre d\u00e9sir \u00e0 l&#8217;avance par t\u00e9l\u00e9phone ou mail. Pour ceux qui veulent recevoir ce sacrement, rendez-vous dans l&#8217;oratoire de l&#8217;\u00e9glise de Barbezieux \u00e0 9h30 pour un temps d&#8217;\u00e9change, de pri\u00e8re et pour ceux qui le d\u00e9sirent, de confession.<\/p>\n\n\n\n<p><strong>Les autres rendez-vous de la vie ordinaire :<\/strong><br>Lundi 1er : r\u00e9p\u00e9tition de la chorale de Barbezieux \u00e0 14h.Cat\u00e9 de Barret \u00e0 17h30.<br>Mardi 2 : Groupe du renouveau \u00e0 15h. Cat\u00e9 de Barbezieux \u00e0 17h30 pour les 1\u00e8re ann\u00e9e.<br>Mercredi 3 : R\u00e9p\u00e9tition de la chorale de Baignes, salle saint Etienne \u00e0 16h30.<br>Jeudi 4 : chapelet \u00e0 8h50 \u00e0 Barbezieux, Cat\u00e9 de Barbezieux \u00e0 17h30.<br>Vendredi 5 : chapelet \u00e0 11h \u00e0 Guimps<\/p>\n\n\n\n<p><strong>Messes de la semaine<\/strong><br>Mardi 2 \u00e0 8h \u00e0 Barbezieux et 11h40 aux Sapins. <\/p>\n\n\n\n<p>Mercredi 3, jeudi 4 et vendredi 5 \u00e0 9h30 \u00e0 Barbezieux.<br>Samedi 6 \u00e0 16h30 \u00e0 Baignes.<br>Dimanche 7 \u00e0 10h30 \u00e0 Barbezieux.<\/p>\n\n\n\n<p><strong>Partageons ce que nous vivons !<\/strong><br>Pour partager ce que nous vivons en Eglise, vous pouvez :<br>&#8211; Inviter des personnes \u00e0 s&#8217;abonner \u00e0 cette petite lettre d&#8217;info (transmettre l&#8217;adresse mail au secr\u00e9tariat paroissial)<\/p>\n\n\n\n<p>&#8211; Imprimer ces messages et \/ ou l&#8217;un ou l&#8217;autre article du site internet et les donner sur papier \u00e0 des personnes ou en les laissant \u00e0 disposition dans une \u00e9glise ouverte<\/p>\n\n\n\n<p>&#8211; &#8221; Aimer &#8221; <a href=\"https:\/\/www.facebook.com\/ParoisseBarbezieuxBaignesBarret\">la page facebook de la paroisse<\/a> et la faire conna\u00eetre<br><\/p>\n\n\n\n<p>&#8211; Ou toute autre initiative !<\/p>\n\n\n\n<p>Une belle semaine, riche et joyeuse, s&#8217;ouvre \u00e0 nous&#8230;<br>Tr\u00e8s bonne semaine !<\/p>\n","protected":false},"excerpt":{"rendered":"<p>A tous les paroissiens de la paroisse Barbezieux &#8211; Baignes &#8211; Barret Bonjour \u00e0 toutes et \u00e0 tous !La fin du week-end est arriv\u00e9e et avec elle, le petit message du dimanche soir ! &#8211; Retrouvez ici l&#8217;hom\u00e9lie du P\u00e8re Beno\u00eet prononc\u00e9e ce matin \u00e0 la messe. &#8211; Retrouvez \u00e9galement ici quelques t\u00e9moignages laiss\u00e9s suite [&hellip;]<\/p>\n","protected":false},"author":4,"featured_media":273,"comment_status":"open","ping_status":"open","sticky":false,"template":"","format":"standard","meta":{"_acf_changed":false,"paroisse":["15"],"service":["0"],"footnotes":""},"categories":[1,4,14],"tags":[],"class_list":["post-1272","post","type-post","status-publish","format-standard","has-post-thumbnail","hentry","category-actualites","category-barbezieux","category-infos-paroissiales","validated"],"acf":[],"yoast_head":"<!-- This site is optimized with the Yoast SEO plugin v27.1.1 - https:\/\/yoast.com\/product\/yoast-seo-wordpress\/ -->\n<title>Infos paroissiales du 31 janvier 2021 - Doyenn\u00e9 Sud Charente<\/title>\n<meta name=\"robots\" content=\"index, follow, max-snippet:-1, max-image-preview:large, max-video-preview:-1\" \/>\n<link rel=\"canonical\" href=\"https:\/\/charente.catholique.fr\/sud-charente\/actualites\/infos-paroissiales-du-31-janvier-2021\/\" \/>\n<meta property=\"og:locale\" content=\"fr_FR\" \/>\n<meta property=\"og:type\" content=\"article\" \/>\n<meta property=\"og:title\" content=\"Infos paroissiales du 31 janvier 2021 - Doyenn\u00e9 Sud Charente\" \/>\n<meta property=\"og:description\" content=\"A tous les paroissiens de la paroisse Barbezieux &#8211; Baignes &#8211; Barret Bonjour \u00e0 toutes et \u00e0 tous !La fin du week-end est arriv\u00e9e et avec elle, le petit message du dimanche soir ! &#8211; Retrouvez ici l&#8217;hom\u00e9lie du P\u00e8re Beno\u00eet prononc\u00e9e ce matin \u00e0 la messe. &#8211; Retrouvez \u00e9galement ici quelques t\u00e9moignages laiss\u00e9s suite [&hellip;]\" \/>\n<meta property=\"og:url\" content=\"https:\/\/charente.catholique.fr\/sud-charente\/actualites\/infos-paroissiales-du-31-janvier-2021\/\" \/>\n<meta property=\"og:site_name\" content=\"Doyenn\u00e9 Sud Charente\" \/>\n<meta property=\"article:publisher\" content=\"https:\/\/www.facebook.com\/EgliseCatholiqueCharente\" \/>\n<meta property=\"article:published_time\" content=\"2021-01-31T22:23:03+00:00\" \/>\n<meta property=\"article:modified_time\" content=\"2021-02-04T13:26:06+00:00\" \/>\n<meta property=\"og:image\" content=\"https:\/\/charente.catholique.fr\/sud-charente\/wp-content\/uploads\/sites\/5\/2020\/07\/logo_paroissebbb-scaled.jpg\" \/>\n\t<meta property=\"og:image:width\" content=\"2560\" \/>\n\t<meta property=\"og:image:height\" content=\"890\" \/>\n\t<meta property=\"og:image:type\" content=\"image\/jpeg\" \/>\n<meta name=\"author\" content=\"Beno\u00eet\" \/>\n<meta name=\"twitter:card\" content=\"summary_large_image\" \/>\n<meta name=\"twitter:creator\" content=\"@diocesecharente\" \/>\n<meta name=\"twitter:site\" content=\"@diocesecharente\" \/>\n<meta name=\"twitter:label1\" content=\"\u00c9crit par\" \/>\n\t<meta name=\"twitter:data1\" content=\"Beno\u00eet\" \/>\n\t<meta name=\"twitter:label2\" content=\"Dur\u00e9e de lecture estim\u00e9e\" \/>\n\t<meta name=\"twitter:data2\" content=\"3 minutes\" \/>\n<script type=\"application\/ld+json\" class=\"yoast-schema-graph\">{\"@context\":\"https:\/\/schema.org\",\"@graph\":[{\"@type\":\"Article\",\"@id\":\"https:\/\/charente.catholique.fr\/sud-charente\/actualites\/infos-paroissiales-du-31-janvier-2021\/#article\",\"isPartOf\":{\"@id\":\"https:\/\/charente.catholique.fr\/sud-charente\/actualites\/infos-paroissiales-du-31-janvier-2021\/\"},\"author\":{\"name\":\"Beno\u00eet\",\"@id\":\"https:\/\/charente.catholique.fr\/sud-charente\/#\/schema\/person\/ddcc6ba32a4484b49a276652de901387\"},\"headline\":\"Infos paroissiales du 31 janvier 2021\",\"datePublished\":\"2021-01-31T22:23:03+00:00\",\"dateModified\":\"2021-02-04T13:26:06+00:00\",\"mainEntityOfPage\":{\"@id\":\"https:\/\/charente.catholique.fr\/sud-charente\/actualites\/infos-paroissiales-du-31-janvier-2021\/\"},\"wordCount\":547,\"commentCount\":0,\"publisher\":{\"@id\":\"https:\/\/charente.catholique.fr\/sud-charente\/#organization\"},\"image\":{\"@id\":\"https:\/\/charente.catholique.fr\/sud-charente\/actualites\/infos-paroissiales-du-31-janvier-2021\/#primaryimage\"},\"thumbnailUrl\":\"https:\/\/charente.catholique.fr\/sud-charente\/wp-content\/uploads\/sites\/5\/2020\/07\/logo_paroissebbb-scaled.jpg\",\"articleSection\":[\"Actualit\u00e9s\",\"Barbezieux\",\"Infos paroissiales\"],\"inLanguage\":\"fr-FR\",\"potentialAction\":[{\"@type\":\"CommentAction\",\"name\":\"Comment\",\"target\":[\"https:\/\/charente.catholique.fr\/sud-charente\/actualites\/infos-paroissiales-du-31-janvier-2021\/#respond\"]}]},{\"@type\":\"WebPage\",\"@id\":\"https:\/\/charente.catholique.fr\/sud-charente\/actualites\/infos-paroissiales-du-31-janvier-2021\/\",\"url\":\"https:\/\/charente.catholique.fr\/sud-charente\/actualites\/infos-paroissiales-du-31-janvier-2021\/\",\"name\":\"Infos paroissiales du 31 janvier 2021 - Doyenn\u00e9 Sud Charente\",\"isPartOf\":{\"@id\":\"https:\/\/charente.catholique.fr\/sud-charente\/#website\"},\"primaryImageOfPage\":{\"@id\":\"https:\/\/charente.catholique.fr\/sud-charente\/actualites\/infos-paroissiales-du-31-janvier-2021\/#primaryimage\"},\"image\":{\"@id\":\"https:\/\/charente.catholique.fr\/sud-charente\/actualites\/infos-paroissiales-du-31-janvier-2021\/#primaryimage\"},\"thumbnailUrl\":\"https:\/\/charente.catholique.fr\/sud-charente\/wp-content\/uploads\/sites\/5\/2020\/07\/logo_paroissebbb-scaled.jpg\",\"datePublished\":\"2021-01-31T22:23:03+00:00\",\"dateModified\":\"2021-02-04T13:26:06+00:00\",\"breadcrumb\":{\"@id\":\"https:\/\/charente.catholique.fr\/sud-charente\/actualites\/infos-paroissiales-du-31-janvier-2021\/#breadcrumb\"},\"inLanguage\":\"fr-FR\",\"potentialAction\":[{\"@type\":\"ReadAction\",\"target\":[\"https:\/\/charente.catholique.fr\/sud-charente\/actualites\/infos-paroissiales-du-31-janvier-2021\/\"]}]},{\"@type\":\"ImageObject\",\"inLanguage\":\"fr-FR\",\"@id\":\"https:\/\/charente.catholique.fr\/sud-charente\/actualites\/infos-paroissiales-du-31-janvier-2021\/#primaryimage\",\"url\":\"https:\/\/charente.catholique.fr\/sud-charente\/wp-content\/uploads\/sites\/5\/2020\/07\/logo_paroissebbb-scaled.jpg\",\"contentUrl\":\"https:\/\/charente.catholique.fr\/sud-charente\/wp-content\/uploads\/sites\/5\/2020\/07\/logo_paroissebbb-scaled.jpg\",\"width\":2560,\"height\":890},{\"@type\":\"BreadcrumbList\",\"@id\":\"https:\/\/charente.catholique.fr\/sud-charente\/actualites\/infos-paroissiales-du-31-janvier-2021\/#breadcrumb\",\"itemListElement\":[{\"@type\":\"ListItem\",\"position\":1,\"name\":\"Accueil\",\"item\":\"https:\/\/charente.catholique.fr\/sud-charente\/\"},{\"@type\":\"ListItem\",\"position\":2,\"name\":\"Infos paroissiales du 31 janvier 2021\"}]},{\"@type\":\"WebSite\",\"@id\":\"https:\/\/charente.catholique.fr\/sud-charente\/#website\",\"url\":\"https:\/\/charente.catholique.fr\/sud-charente\/\",\"name\":\"Doyenn\u00e9 Sud Charente - Dioc\u00e8se d'Angoul\u00eame\",\"description\":\"Dioc\u00e8se d&#039;Angoul\u00eame\",\"publisher\":{\"@id\":\"https:\/\/charente.catholique.fr\/sud-charente\/#organization\"},\"potentialAction\":[{\"@type\":\"SearchAction\",\"target\":{\"@type\":\"EntryPoint\",\"urlTemplate\":\"https:\/\/charente.catholique.fr\/sud-charente\/?s={search_term_string}\"},\"query-input\":{\"@type\":\"PropertyValueSpecification\",\"valueRequired\":true,\"valueName\":\"search_term_string\"}}],\"inLanguage\":\"fr-FR\"},{\"@type\":\"Organization\",\"@id\":\"https:\/\/charente.catholique.fr\/sud-charente\/#organization\",\"name\":\"Association dioc\u00e9saine d'Angoul\u00eame\",\"url\":\"https:\/\/charente.catholique.fr\/sud-charente\/\",\"logo\":{\"@type\":\"ImageObject\",\"inLanguage\":\"fr-FR\",\"@id\":\"https:\/\/charente.catholique.fr\/sud-charente\/#\/schema\/logo\/image\/\",\"url\":\"https:\/\/charente.catholique.fr\/sud-charente\/wp-content\/uploads\/sites\/5\/2020\/10\/logos.png\",\"contentUrl\":\"https:\/\/charente.catholique.fr\/sud-charente\/wp-content\/uploads\/sites\/5\/2020\/10\/logos.png\",\"width\":600,\"height\":257,\"caption\":\"Association dioc\u00e9saine d'Angoul\u00eame\"},\"image\":{\"@id\":\"https:\/\/charente.catholique.fr\/sud-charente\/#\/schema\/logo\/image\/\"},\"sameAs\":[\"https:\/\/www.facebook.com\/EgliseCatholiqueCharente\",\"https:\/\/x.com\/diocesecharente\",\"https:\/\/www.instagram.com\/eglisecharente\",\"https:\/\/www.youtube.com\/channel\/UCByyFWApZbw3gDTiADoiAaQ\"]},{\"@type\":\"Person\",\"@id\":\"https:\/\/charente.catholique.fr\/sud-charente\/#\/schema\/person\/ddcc6ba32a4484b49a276652de901387\",\"name\":\"Beno\u00eet\",\"image\":{\"@type\":\"ImageObject\",\"inLanguage\":\"fr-FR\",\"@id\":\"https:\/\/charente.catholique.fr\/sud-charente\/#\/schema\/person\/image\/\",\"url\":\"https:\/\/secure.gravatar.com\/avatar\/367de281020c81cafc6a2f9b79fef00a1981a890412ad8b09b11385575886666?s=96&d=mm&r=g\",\"contentUrl\":\"https:\/\/secure.gravatar.com\/avatar\/367de281020c81cafc6a2f9b79fef00a1981a890412ad8b09b11385575886666?s=96&d=mm&r=g\",\"caption\":\"Beno\u00eet\"},\"url\":\"https:\/\/charente.catholique.fr\/sud-charente\/author\/benoitlecomte\/\"}]}<\/script>\n<!-- \/ Yoast SEO plugin. -->","yoast_head_json":{"title":"Infos paroissiales du 31 janvier 2021 - Doyenn\u00e9 Sud Charente","robots":{"index":"index","follow":"follow","max-snippet":"max-snippet:-1","max-image-preview":"max-image-preview:large","max-video-preview":"max-video-preview:-1"},"canonical":"https:\/\/charente.catholique.fr\/sud-charente\/actualites\/infos-paroissiales-du-31-janvier-2021\/","og_locale":"fr_FR","og_type":"article","og_title":"Infos paroissiales du 31 janvier 2021 - Doyenn\u00e9 Sud Charente","og_description":"A tous les paroissiens de la paroisse Barbezieux &#8211; Baignes &#8211; Barret Bonjour \u00e0 toutes et \u00e0 tous !La fin du week-end est arriv\u00e9e et avec elle, le petit message du dimanche soir ! &#8211; Retrouvez ici l&#8217;hom\u00e9lie du P\u00e8re Beno\u00eet prononc\u00e9e ce matin \u00e0 la messe. &#8211; Retrouvez \u00e9galement ici quelques t\u00e9moignages laiss\u00e9s suite [&hellip;]","og_url":"https:\/\/charente.catholique.fr\/sud-charente\/actualites\/infos-paroissiales-du-31-janvier-2021\/","og_site_name":"Doyenn\u00e9 Sud Charente","article_publisher":"https:\/\/www.facebook.com\/EgliseCatholiqueCharente","article_published_time":"2021-01-31T22:23:03+00:00","article_modified_time":"2021-02-04T13:26:06+00:00","og_image":[{"width":2560,"height":890,"url":"https:\/\/charente.catholique.fr\/sud-charente\/wp-content\/uploads\/sites\/5\/2020\/07\/logo_paroissebbb-scaled.jpg","type":"image\/jpeg"}],"author":"Beno\u00eet","twitter_card":"summary_large_image","twitter_creator":"@diocesecharente","twitter_site":"@diocesecharente","twitter_misc":{"\u00c9crit par":"Beno\u00eet","Dur\u00e9e de lecture estim\u00e9e":"3 minutes"},"schema":{"@context":"https:\/\/schema.org","@graph":[{"@type":"Article","@id":"https:\/\/charente.catholique.fr\/sud-charente\/actualites\/infos-paroissiales-du-31-janvier-2021\/#article","isPartOf":{"@id":"https:\/\/charente.catholique.fr\/sud-charente\/actualites\/infos-paroissiales-du-31-janvier-2021\/"},"author":{"name":"Beno\u00eet","@id":"https:\/\/charente.catholique.fr\/sud-charente\/#\/schema\/person\/ddcc6ba32a4484b49a276652de901387"},"headline":"Infos paroissiales du 31 janvier 2021","datePublished":"2021-01-31T22:23:03+00:00","dateModified":"2021-02-04T13:26:06+00:00","mainEntityOfPage":{"@id":"https:\/\/charente.catholique.fr\/sud-charente\/actualites\/infos-paroissiales-du-31-janvier-2021\/"},"wordCount":547,"commentCount":0,"publisher":{"@id":"https:\/\/charente.catholique.fr\/sud-charente\/#organization"},"image":{"@id":"https:\/\/charente.catholique.fr\/sud-charente\/actualites\/infos-paroissiales-du-31-janvier-2021\/#primaryimage"},"thumbnailUrl":"https:\/\/charente.catholique.fr\/sud-charente\/wp-content\/uploads\/sites\/5\/2020\/07\/logo_paroissebbb-scaled.jpg","articleSection":["Actualit\u00e9s","Barbezieux","Infos paroissiales"],"inLanguage":"fr-FR","potentialAction":[{"@type":"CommentAction","name":"Comment","target":["https:\/\/charente.catholique.fr\/sud-charente\/actualites\/infos-paroissiales-du-31-janvier-2021\/#respond"]}]},{"@type":"WebPage","@id":"https:\/\/charente.catholique.fr\/sud-charente\/actualites\/infos-paroissiales-du-31-janvier-2021\/","url":"https:\/\/charente.catholique.fr\/sud-charente\/actualites\/infos-paroissiales-du-31-janvier-2021\/","name":"Infos paroissiales du 31 janvier 2021 - Doyenn\u00e9 Sud Charente","isPartOf":{"@id":"https:\/\/charente.catholique.fr\/sud-charente\/#website"},"primaryImageOfPage":{"@id":"https:\/\/charente.catholique.fr\/sud-charente\/actualites\/infos-paroissiales-du-31-janvier-2021\/#primaryimage"},"image":{"@id":"https:\/\/charente.catholique.fr\/sud-charente\/actualites\/infos-paroissiales-du-31-janvier-2021\/#primaryimage"},"thumbnailUrl":"https:\/\/charente.catholique.fr\/sud-charente\/wp-content\/uploads\/sites\/5\/2020\/07\/logo_paroissebbb-scaled.jpg","datePublished":"2021-01-31T22:23:03+00:00","dateModified":"2021-02-04T13:26:06+00:00","breadcrumb":{"@id":"https:\/\/charente.catholique.fr\/sud-charente\/actualites\/infos-paroissiales-du-31-janvier-2021\/#breadcrumb"},"inLanguage":"fr-FR","potentialAction":[{"@type":"ReadAction","target":["https:\/\/charente.catholique.fr\/sud-charente\/actualites\/infos-paroissiales-du-31-janvier-2021\/"]}]},{"@type":"ImageObject","inLanguage":"fr-FR","@id":"https:\/\/charente.catholique.fr\/sud-charente\/actualites\/infos-paroissiales-du-31-janvier-2021\/#primaryimage","url":"https:\/\/charente.catholique.fr\/sud-charente\/wp-content\/uploads\/sites\/5\/2020\/07\/logo_paroissebbb-scaled.jpg","contentUrl":"https:\/\/charente.catholique.fr\/sud-charente\/wp-content\/uploads\/sites\/5\/2020\/07\/logo_paroissebbb-scaled.jpg","width":2560,"height":890},{"@type":"BreadcrumbList","@id":"https:\/\/charente.catholique.fr\/sud-charente\/actualites\/infos-paroissiales-du-31-janvier-2021\/#breadcrumb","itemListElement":[{"@type":"ListItem","position":1,"name":"Accueil","item":"https:\/\/charente.catholique.fr\/sud-charente\/"},{"@type":"ListItem","position":2,"name":"Infos paroissiales du 31 janvier 2021"}]},{"@type":"WebSite","@id":"https:\/\/charente.catholique.fr\/sud-charente\/#website","url":"https:\/\/charente.catholique.fr\/sud-charente\/","name":"Doyenn\u00e9 Sud Charente - Dioc\u00e8se d'Angoul\u00eame","description":"Dioc\u00e8se d&#039;Angoul\u00eame","publisher":{"@id":"https:\/\/charente.catholique.fr\/sud-charente\/#organization"},"potentialAction":[{"@type":"SearchAction","target":{"@type":"EntryPoint","urlTemplate":"https:\/\/charente.catholique.fr\/sud-charente\/?s={search_term_string}"},"query-input":{"@type":"PropertyValueSpecification","valueRequired":true,"valueName":"search_term_string"}}],"inLanguage":"fr-FR"},{"@type":"Organization","@id":"https:\/\/charente.catholique.fr\/sud-charente\/#organization","name":"Association dioc\u00e9saine d'Angoul\u00eame","url":"https:\/\/charente.catholique.fr\/sud-charente\/","logo":{"@type":"ImageObject","inLanguage":"fr-FR","@id":"https:\/\/charente.catholique.fr\/sud-charente\/#\/schema\/logo\/image\/","url":"https:\/\/charente.catholique.fr\/sud-charente\/wp-content\/uploads\/sites\/5\/2020\/10\/logos.png","contentUrl":"https:\/\/charente.catholique.fr\/sud-charente\/wp-content\/uploads\/sites\/5\/2020\/10\/logos.png","width":600,"height":257,"caption":"Association dioc\u00e9saine d'Angoul\u00eame"},"image":{"@id":"https:\/\/charente.catholique.fr\/sud-charente\/#\/schema\/logo\/image\/"},"sameAs":["https:\/\/www.facebook.com\/EgliseCatholiqueCharente","https:\/\/x.com\/diocesecharente","https:\/\/www.instagram.com\/eglisecharente","https:\/\/www.youtube.com\/channel\/UCByyFWApZbw3gDTiADoiAaQ"]},{"@type":"Person","@id":"https:\/\/charente.catholique.fr\/sud-charente\/#\/schema\/person\/ddcc6ba32a4484b49a276652de901387","name":"Beno\u00eet","image":{"@type":"ImageObject","inLanguage":"fr-FR","@id":"https:\/\/charente.catholique.fr\/sud-charente\/#\/schema\/person\/image\/","url":"https:\/\/secure.gravatar.com\/avatar\/367de281020c81cafc6a2f9b79fef00a1981a890412ad8b09b11385575886666?s=96&d=mm&r=g","contentUrl":"https:\/\/secure.gravatar.com\/avatar\/367de281020c81cafc6a2f9b79fef00a1981a890412ad8b09b11385575886666?s=96&d=mm&r=g","caption":"Beno\u00eet"},"url":"https:\/\/charente.catholique.fr\/sud-charente\/author\/benoitlecomte\/"}]}},"_links":{"self":[{"href":"https:\/\/charente.catholique.fr\/sud-charente\/wp-json\/wp\/v2\/posts\/1272","targetHints":{"allow":["GET"]}}],"collection":[{"href":"https:\/\/charente.catholique.fr\/sud-charente\/wp-json\/wp\/v2\/posts"}],"about":[{"href":"https:\/\/charente.catholique.fr\/sud-charente\/wp-json\/wp\/v2\/types\/post"}],"author":[{"embeddable":true,"href":"https:\/\/charente.catholique.fr\/sud-charente\/wp-json\/wp\/v2\/users\/4"}],"replies":[{"embeddable":true,"href":"https:\/\/charente.catholique.fr\/sud-charente\/wp-json\/wp\/v2\/comments?post=1272"}],"version-history":[{"count":2,"href":"https:\/\/charente.catholique.fr\/sud-charente\/wp-json\/wp\/v2\/posts\/1272\/revisions"}],"predecessor-version":[{"id":1312,"href":"https:\/\/charente.catholique.fr\/sud-charente\/wp-json\/wp\/v2\/posts\/1272\/revisions\/1312"}],"wp:featuredmedia":[{"embeddable":true,"href":"https:\/\/charente.catholique.fr\/sud-charente\/wp-json\/wp\/v2\/media\/273"}],"wp:attachment":[{"href":"https:\/\/charente.catholique.fr\/sud-charente\/wp-json\/wp\/v2\/media?parent=1272"}],"wp:term":[{"taxonomy":"category","embeddable":true,"href":"https:\/\/charente.catholique.fr\/sud-charente\/wp-json\/wp\/v2\/categories?post=1272"},{"taxonomy":"post_tag","embeddable":true,"href":"https:\/\/charente.catholique.fr\/sud-charente\/wp-json\/wp\/v2\/tags?post=1272"}],"curies":[{"name":"wp","href":"https:\/\/api.w.org\/{rel}","templated":true}]}}