{"id":12036,"date":"2025-11-15T22:32:44","date_gmt":"2025-11-15T21:32:44","guid":{"rendered":"https:\/\/charente.catholique.fr\/sud-charente\/?p=12036"},"modified":"2025-11-15T22:32:45","modified_gmt":"2025-11-15T21:32:45","slug":"echos-de-leap-du-11-novembre-2025","status":"publish","type":"post","link":"https:\/\/charente.catholique.fr\/sud-charente\/actualites\/echos-de-leap-du-11-novembre-2025\/","title":{"rendered":"Echos de l&#8217;EAP du 11 novembre 2025"},"content":{"rendered":"\n<p>L&#8217;Equipe d&#8217;Animation Pastorale (EAP) de Barbezieux &#8211; Baignes &#8211; Barret s&#8217;est r\u00e9unie le 11 novembre 2025. Voici quelques \u00e9chos de la rencontre.<\/p>\n\n\n\n<ul class=\"wp-block-list\">\n<li><strong>Retour sur la rencontre sur l\u2019esp\u00e9rance avec le P\u00e8lerin \/ Caravane de l\u2019Esp\u00e9rance<\/strong><\/li>\n<\/ul>\n\n\n\n<p>Une soir\u00e9e tr\u00e8s suivie, salle pleine. Une belle r\u00e9trospective. Une tr\u00e8s belle soir\u00e9e, pleine d\u2019esp\u00e9rance. A permis de reprendre le but de la Caravane.<\/p>\n\n\n\n<p>Les deux journalistes \u00e9taient int\u00e9ressantes, mais encore plus int\u00e9ress\u00e9es par notre pr\u00e9sence et nos r\u00e9actions. Deux femmes dynamiques qui portaient un message.<\/p>\n\n\n\n<p>On va puiser dans cette exp\u00e9rience pour vivre toute l\u2019ann\u00e9e.<\/p>\n\n\n\n<p>Une soir\u00e9e riche, aux \u00e9chos tr\u00e8s positifs par tous ceux qui ont particip\u00e9.<\/p>\n\n\n\n<p><\/p>\n\n\n\n<ul class=\"wp-block-list\">\n<li><strong>Retour sur l\u2019assembl\u00e9e de la communaut\u00e9 de Baignes<\/strong><\/li>\n<\/ul>\n\n\n\n<p>Peu de personnes nouvelles, malgr\u00e9 des invitations.<\/p>\n\n\n\n<p>Suite \u00e0 cette r\u00e9union&nbsp;: la mairie est venue faire l\u2019\u00e9tat des travaux \u00e0 faire \u00e0 Sainte Radegonde.<\/p>\n\n\n\n<p>Le 30 novembre, la vente au march\u00e9 de No\u00ebl sera au profit du p\u00e9l\u00e9 des jeunes. Il y aura \u00e9galement une exposition de cr\u00e8ches.<\/p>\n\n\n\n<p>La rencontre fut joyeuse et sympathique.<\/p>\n\n\n\n<ul class=\"wp-block-list\">\n<li><strong>Assembl\u00e9e dioc\u00e9saine<\/strong><\/li>\n<\/ul>\n\n\n\n<p>4 personnes du secteur paroissial vont \u00eatre invit\u00e9es par l&#8217;EAP pour participer \u00e0 l&#8217;assembl\u00e9e dioc\u00e9saine du 22 novembre.<\/p>\n\n\n\n<p><strong>Initiatives pour l\u2019Avent\u00a0:<\/strong><\/p>\n\n\n\n<p>Plusieurs initiatives vont voir le jour pour c\u00e9l\u00e9brer le temps de l&#8217;Avent : <\/p>\n\n\n\n<ul class=\"wp-block-list\">\n<li>V\u00eapres et salut du saint sacrement les dimanches soir.<\/li>\n\n\n\n<li>Un concert de l&#8217;Avent le 14 d\u00e9cembre \u00e0 Barbezieux<\/li>\n\n\n\n<li>La cr\u00e9ation d&#8217;un &#8220;mur de photos&#8221; des cr\u00e8ches de tous les paroissiens<\/li>\n\n\n\n<li>Un chant commun pour tous les dimanches : &#8220;Vienne la ros\u00e9e sur la terre&#8221;<\/li>\n\n\n\n<li>Une c\u00e9l\u00e9bration p\u00e9nitentielle le mercredi 17 d\u00e9cembre<\/li>\n<\/ul>\n\n\n\n<p>Le Fraternel sera \u00e9galement porteur d&#8217;initiatives nombreuses, ainsi que d&#8217;un r\u00e9veillon solidaire le 31 d\u00e9cembre. <\/p>\n\n\n\n<ul class=\"wp-block-list\">\n<li><strong>Point projets paroissiaux<\/strong>\n<ul class=\"wp-block-list\">\n<li><strong>Adoration <\/strong>: le groupe d\u00e9di\u00e9 s&#8217;est retrouv\u00e9 et a \u00e9mis plusieurs r\u00e9flexions et id\u00e9es d&#8217;actions (chaine de pri\u00e8re, groupe d&#8217;intercesseurs, r\u00e9am\u00e9nagement de l&#8217;oratoire, r\u00e9daction d&#8217;une pri\u00e8re type pour l&#8217;adoration, temps de conf\u00e9rence et t\u00e9moignage, etc.). Le groupe va continuer de se r\u00e9unir pour approfondir ces diff\u00e9rentes pistes. <\/li>\n\n\n\n<li><strong>&#8220;Saint Mathurin&#8221; \u00e0 Montm\u00e9rac<\/strong> : La commune veut cr\u00e9er un jeu patrimonial genre jeu de piste, avec une grande et une petite boucle : Saint Mathurin revient au XXI\u00e8 si\u00e8cle. Un groupe de la paroisse travaille avec la municipalit\u00e9 pour apporter diverses comp\u00e9tences, et aussi ajouter une dimension spirituelle pour les personnes qui d\u00e9sirerait la vivre. <\/li>\n\n\n\n<li><strong>Accueillir\u00a0<\/strong>: Des questions sont pos\u00e9es \u00e0 propos de la place des personnes \u00e0 mobilit\u00e9 r\u00e9duite. Il semble convenir d&#8217;en parler avec elles\u00a0pour \u00e9tudier avec elle ce qui serait le mieux.<\/li>\n<\/ul>\n<\/li>\n<\/ul>\n\n\n\n<p><\/p>\n\n\n\n<ul class=\"wp-block-list\">\n<li><strong>Projet d\u2019une nuit des \u00e9glises \u00e0 Reignac le 10 juillet. <\/strong><\/li>\n<\/ul>\n\n\n\n<p>Les paroissiens d&#8217;autres communes ont invit\u00e9s \u00e0 proposer une animation dans leur commune. <\/p>\n\n\n\n<ul class=\"wp-block-list\">\n<li><strong>Rencontres sur l\u2019\u00e9sot\u00e9risme <\/strong><\/li>\n<\/ul>\n\n\n\n<p>Suite au travail d&#8217;une petite \u00e9quipe sur ce sujet, deux rencontres auront lieux, avec des sp\u00e9cialistes de la question, les 15 janvier et 18 juin<\/p>\n\n\n\n<ul class=\"wp-block-list\">\n<li><strong>Messe du 8 d\u00e9cembre : Messe de l&#8217;Immacul\u00e9e Conception \u00e0 Barbezieux \u00e0 18h<\/strong><\/li>\n<\/ul>\n","protected":false},"excerpt":{"rendered":"<p>L&#8217;Equipe d&#8217;Animation Pastorale (EAP) de Barbezieux &#8211; Baignes &#8211; Barret s&#8217;est r\u00e9unie le 11 novembre 2025. Voici quelques \u00e9chos de la rencontre. Une soir\u00e9e tr\u00e8s suivie, salle pleine. Une belle r\u00e9trospective. Une tr\u00e8s belle soir\u00e9e, pleine d\u2019esp\u00e9rance. A permis de reprendre le but de la Caravane. Les deux journalistes \u00e9taient int\u00e9ressantes, mais encore plus int\u00e9ress\u00e9es [&hellip;]<\/p>\n","protected":false},"author":4,"featured_media":273,"comment_status":"open","ping_status":"open","sticky":false,"template":"","format":"standard","meta":{"_acf_changed":false,"paroisse":["15"],"service":["0"],"footnotes":""},"categories":[1,4,9],"tags":[],"class_list":["post-12036","post","type-post","status-publish","format-standard","has-post-thumbnail","hentry","category-actualites","category-barbezieux","category-equipe-danimation-pastorale","validated"],"acf":[],"yoast_head":"<!-- This site is optimized with the Yoast SEO plugin v27.1.1 - https:\/\/yoast.com\/product\/yoast-seo-wordpress\/ -->\n<title>Echos de l&#039;EAP du 11 novembre 2025 - Doyenn\u00e9 Sud Charente<\/title>\n<meta name=\"robots\" content=\"index, follow, max-snippet:-1, max-image-preview:large, max-video-preview:-1\" \/>\n<link rel=\"canonical\" href=\"https:\/\/charente.catholique.fr\/sud-charente\/actualites\/echos-de-leap-du-11-novembre-2025\/\" \/>\n<meta property=\"og:locale\" content=\"fr_FR\" \/>\n<meta property=\"og:type\" content=\"article\" \/>\n<meta property=\"og:title\" content=\"Echos de l&#039;EAP du 11 novembre 2025 - Doyenn\u00e9 Sud Charente\" \/>\n<meta property=\"og:description\" content=\"L&#8217;Equipe d&#8217;Animation Pastorale (EAP) de Barbezieux &#8211; Baignes &#8211; Barret s&#8217;est r\u00e9unie le 11 novembre 2025. Voici quelques \u00e9chos de la rencontre. Une soir\u00e9e tr\u00e8s suivie, salle pleine. Une belle r\u00e9trospective. Une tr\u00e8s belle soir\u00e9e, pleine d\u2019esp\u00e9rance. A permis de reprendre le but de la Caravane. Les deux journalistes \u00e9taient int\u00e9ressantes, mais encore plus int\u00e9ress\u00e9es [&hellip;]\" \/>\n<meta property=\"og:url\" content=\"https:\/\/charente.catholique.fr\/sud-charente\/actualites\/echos-de-leap-du-11-novembre-2025\/\" \/>\n<meta property=\"og:site_name\" content=\"Doyenn\u00e9 Sud Charente\" \/>\n<meta property=\"article:publisher\" content=\"https:\/\/www.facebook.com\/EgliseCatholiqueCharente\" \/>\n<meta property=\"article:published_time\" content=\"2025-11-15T21:32:44+00:00\" \/>\n<meta property=\"article:modified_time\" content=\"2025-11-15T21:32:45+00:00\" \/>\n<meta property=\"og:image\" content=\"https:\/\/charente.catholique.fr\/sud-charente\/wp-content\/uploads\/sites\/5\/2020\/07\/logo_paroissebbb-scaled.jpg\" \/>\n\t<meta property=\"og:image:width\" content=\"2560\" \/>\n\t<meta property=\"og:image:height\" content=\"890\" \/>\n\t<meta property=\"og:image:type\" content=\"image\/jpeg\" \/>\n<meta name=\"author\" content=\"Beno\u00eet\" \/>\n<meta name=\"twitter:card\" content=\"summary_large_image\" \/>\n<meta name=\"twitter:creator\" content=\"@diocesecharente\" \/>\n<meta name=\"twitter:site\" content=\"@diocesecharente\" \/>\n<meta name=\"twitter:label1\" content=\"\u00c9crit par\" \/>\n\t<meta name=\"twitter:data1\" content=\"Beno\u00eet\" \/>\n\t<meta name=\"twitter:label2\" content=\"Dur\u00e9e de lecture estim\u00e9e\" \/>\n\t<meta name=\"twitter:data2\" content=\"3 minutes\" \/>\n<script type=\"application\/ld+json\" class=\"yoast-schema-graph\">{\"@context\":\"https:\/\/schema.org\",\"@graph\":[{\"@type\":\"Article\",\"@id\":\"https:\/\/charente.catholique.fr\/sud-charente\/actualites\/echos-de-leap-du-11-novembre-2025\/#article\",\"isPartOf\":{\"@id\":\"https:\/\/charente.catholique.fr\/sud-charente\/actualites\/echos-de-leap-du-11-novembre-2025\/\"},\"author\":{\"name\":\"Beno\u00eet\",\"@id\":\"https:\/\/charente.catholique.fr\/sud-charente\/#\/schema\/person\/ddcc6ba32a4484b49a276652de901387\"},\"headline\":\"Echos de l&#8217;EAP du 11 novembre 2025\",\"datePublished\":\"2025-11-15T21:32:44+00:00\",\"dateModified\":\"2025-11-15T21:32:45+00:00\",\"mainEntityOfPage\":{\"@id\":\"https:\/\/charente.catholique.fr\/sud-charente\/actualites\/echos-de-leap-du-11-novembre-2025\/\"},\"wordCount\":540,\"commentCount\":0,\"publisher\":{\"@id\":\"https:\/\/charente.catholique.fr\/sud-charente\/#organization\"},\"image\":{\"@id\":\"https:\/\/charente.catholique.fr\/sud-charente\/actualites\/echos-de-leap-du-11-novembre-2025\/#primaryimage\"},\"thumbnailUrl\":\"https:\/\/charente.catholique.fr\/sud-charente\/wp-content\/uploads\/sites\/5\/2020\/07\/logo_paroissebbb-scaled.jpg\",\"articleSection\":[\"Actualit\u00e9s\",\"Barbezieux\",\"Equipe d'Animation Pastorale\"],\"inLanguage\":\"fr-FR\",\"potentialAction\":[{\"@type\":\"CommentAction\",\"name\":\"Comment\",\"target\":[\"https:\/\/charente.catholique.fr\/sud-charente\/actualites\/echos-de-leap-du-11-novembre-2025\/#respond\"]}]},{\"@type\":\"WebPage\",\"@id\":\"https:\/\/charente.catholique.fr\/sud-charente\/actualites\/echos-de-leap-du-11-novembre-2025\/\",\"url\":\"https:\/\/charente.catholique.fr\/sud-charente\/actualites\/echos-de-leap-du-11-novembre-2025\/\",\"name\":\"Echos de l'EAP du 11 novembre 2025 - Doyenn\u00e9 Sud Charente\",\"isPartOf\":{\"@id\":\"https:\/\/charente.catholique.fr\/sud-charente\/#website\"},\"primaryImageOfPage\":{\"@id\":\"https:\/\/charente.catholique.fr\/sud-charente\/actualites\/echos-de-leap-du-11-novembre-2025\/#primaryimage\"},\"image\":{\"@id\":\"https:\/\/charente.catholique.fr\/sud-charente\/actualites\/echos-de-leap-du-11-novembre-2025\/#primaryimage\"},\"thumbnailUrl\":\"https:\/\/charente.catholique.fr\/sud-charente\/wp-content\/uploads\/sites\/5\/2020\/07\/logo_paroissebbb-scaled.jpg\",\"datePublished\":\"2025-11-15T21:32:44+00:00\",\"dateModified\":\"2025-11-15T21:32:45+00:00\",\"breadcrumb\":{\"@id\":\"https:\/\/charente.catholique.fr\/sud-charente\/actualites\/echos-de-leap-du-11-novembre-2025\/#breadcrumb\"},\"inLanguage\":\"fr-FR\",\"potentialAction\":[{\"@type\":\"ReadAction\",\"target\":[\"https:\/\/charente.catholique.fr\/sud-charente\/actualites\/echos-de-leap-du-11-novembre-2025\/\"]}]},{\"@type\":\"ImageObject\",\"inLanguage\":\"fr-FR\",\"@id\":\"https:\/\/charente.catholique.fr\/sud-charente\/actualites\/echos-de-leap-du-11-novembre-2025\/#primaryimage\",\"url\":\"https:\/\/charente.catholique.fr\/sud-charente\/wp-content\/uploads\/sites\/5\/2020\/07\/logo_paroissebbb-scaled.jpg\",\"contentUrl\":\"https:\/\/charente.catholique.fr\/sud-charente\/wp-content\/uploads\/sites\/5\/2020\/07\/logo_paroissebbb-scaled.jpg\",\"width\":2560,\"height\":890},{\"@type\":\"BreadcrumbList\",\"@id\":\"https:\/\/charente.catholique.fr\/sud-charente\/actualites\/echos-de-leap-du-11-novembre-2025\/#breadcrumb\",\"itemListElement\":[{\"@type\":\"ListItem\",\"position\":1,\"name\":\"Accueil\",\"item\":\"https:\/\/charente.catholique.fr\/sud-charente\/\"},{\"@type\":\"ListItem\",\"position\":2,\"name\":\"Echos de l&#8217;EAP du 11 novembre 2025\"}]},{\"@type\":\"WebSite\",\"@id\":\"https:\/\/charente.catholique.fr\/sud-charente\/#website\",\"url\":\"https:\/\/charente.catholique.fr\/sud-charente\/\",\"name\":\"Doyenn\u00e9 Sud Charente - Dioc\u00e8se d'Angoul\u00eame\",\"description\":\"Dioc\u00e8se d&#039;Angoul\u00eame\",\"publisher\":{\"@id\":\"https:\/\/charente.catholique.fr\/sud-charente\/#organization\"},\"potentialAction\":[{\"@type\":\"SearchAction\",\"target\":{\"@type\":\"EntryPoint\",\"urlTemplate\":\"https:\/\/charente.catholique.fr\/sud-charente\/?s={search_term_string}\"},\"query-input\":{\"@type\":\"PropertyValueSpecification\",\"valueRequired\":true,\"valueName\":\"search_term_string\"}}],\"inLanguage\":\"fr-FR\"},{\"@type\":\"Organization\",\"@id\":\"https:\/\/charente.catholique.fr\/sud-charente\/#organization\",\"name\":\"Association dioc\u00e9saine d'Angoul\u00eame\",\"url\":\"https:\/\/charente.catholique.fr\/sud-charente\/\",\"logo\":{\"@type\":\"ImageObject\",\"inLanguage\":\"fr-FR\",\"@id\":\"https:\/\/charente.catholique.fr\/sud-charente\/#\/schema\/logo\/image\/\",\"url\":\"https:\/\/charente.catholique.fr\/sud-charente\/wp-content\/uploads\/sites\/5\/2020\/10\/logos.png\",\"contentUrl\":\"https:\/\/charente.catholique.fr\/sud-charente\/wp-content\/uploads\/sites\/5\/2020\/10\/logos.png\",\"width\":600,\"height\":257,\"caption\":\"Association dioc\u00e9saine d'Angoul\u00eame\"},\"image\":{\"@id\":\"https:\/\/charente.catholique.fr\/sud-charente\/#\/schema\/logo\/image\/\"},\"sameAs\":[\"https:\/\/www.facebook.com\/EgliseCatholiqueCharente\",\"https:\/\/x.com\/diocesecharente\",\"https:\/\/www.instagram.com\/eglisecharente\",\"https:\/\/www.youtube.com\/channel\/UCByyFWApZbw3gDTiADoiAaQ\"]},{\"@type\":\"Person\",\"@id\":\"https:\/\/charente.catholique.fr\/sud-charente\/#\/schema\/person\/ddcc6ba32a4484b49a276652de901387\",\"name\":\"Beno\u00eet\",\"image\":{\"@type\":\"ImageObject\",\"inLanguage\":\"fr-FR\",\"@id\":\"https:\/\/charente.catholique.fr\/sud-charente\/#\/schema\/person\/image\/\",\"url\":\"https:\/\/secure.gravatar.com\/avatar\/367de281020c81cafc6a2f9b79fef00a1981a890412ad8b09b11385575886666?s=96&d=mm&r=g\",\"contentUrl\":\"https:\/\/secure.gravatar.com\/avatar\/367de281020c81cafc6a2f9b79fef00a1981a890412ad8b09b11385575886666?s=96&d=mm&r=g\",\"caption\":\"Beno\u00eet\"},\"url\":\"https:\/\/charente.catholique.fr\/sud-charente\/author\/benoitlecomte\/\"}]}<\/script>\n<!-- \/ Yoast SEO plugin. -->","yoast_head_json":{"title":"Echos de l'EAP du 11 novembre 2025 - Doyenn\u00e9 Sud Charente","robots":{"index":"index","follow":"follow","max-snippet":"max-snippet:-1","max-image-preview":"max-image-preview:large","max-video-preview":"max-video-preview:-1"},"canonical":"https:\/\/charente.catholique.fr\/sud-charente\/actualites\/echos-de-leap-du-11-novembre-2025\/","og_locale":"fr_FR","og_type":"article","og_title":"Echos de l'EAP du 11 novembre 2025 - Doyenn\u00e9 Sud Charente","og_description":"L&#8217;Equipe d&#8217;Animation Pastorale (EAP) de Barbezieux &#8211; Baignes &#8211; Barret s&#8217;est r\u00e9unie le 11 novembre 2025. Voici quelques \u00e9chos de la rencontre. Une soir\u00e9e tr\u00e8s suivie, salle pleine. Une belle r\u00e9trospective. Une tr\u00e8s belle soir\u00e9e, pleine d\u2019esp\u00e9rance. A permis de reprendre le but de la Caravane. Les deux journalistes \u00e9taient int\u00e9ressantes, mais encore plus int\u00e9ress\u00e9es [&hellip;]","og_url":"https:\/\/charente.catholique.fr\/sud-charente\/actualites\/echos-de-leap-du-11-novembre-2025\/","og_site_name":"Doyenn\u00e9 Sud Charente","article_publisher":"https:\/\/www.facebook.com\/EgliseCatholiqueCharente","article_published_time":"2025-11-15T21:32:44+00:00","article_modified_time":"2025-11-15T21:32:45+00:00","og_image":[{"width":2560,"height":890,"url":"https:\/\/charente.catholique.fr\/sud-charente\/wp-content\/uploads\/sites\/5\/2020\/07\/logo_paroissebbb-scaled.jpg","type":"image\/jpeg"}],"author":"Beno\u00eet","twitter_card":"summary_large_image","twitter_creator":"@diocesecharente","twitter_site":"@diocesecharente","twitter_misc":{"\u00c9crit par":"Beno\u00eet","Dur\u00e9e de lecture estim\u00e9e":"3 minutes"},"schema":{"@context":"https:\/\/schema.org","@graph":[{"@type":"Article","@id":"https:\/\/charente.catholique.fr\/sud-charente\/actualites\/echos-de-leap-du-11-novembre-2025\/#article","isPartOf":{"@id":"https:\/\/charente.catholique.fr\/sud-charente\/actualites\/echos-de-leap-du-11-novembre-2025\/"},"author":{"name":"Beno\u00eet","@id":"https:\/\/charente.catholique.fr\/sud-charente\/#\/schema\/person\/ddcc6ba32a4484b49a276652de901387"},"headline":"Echos de l&#8217;EAP du 11 novembre 2025","datePublished":"2025-11-15T21:32:44+00:00","dateModified":"2025-11-15T21:32:45+00:00","mainEntityOfPage":{"@id":"https:\/\/charente.catholique.fr\/sud-charente\/actualites\/echos-de-leap-du-11-novembre-2025\/"},"wordCount":540,"commentCount":0,"publisher":{"@id":"https:\/\/charente.catholique.fr\/sud-charente\/#organization"},"image":{"@id":"https:\/\/charente.catholique.fr\/sud-charente\/actualites\/echos-de-leap-du-11-novembre-2025\/#primaryimage"},"thumbnailUrl":"https:\/\/charente.catholique.fr\/sud-charente\/wp-content\/uploads\/sites\/5\/2020\/07\/logo_paroissebbb-scaled.jpg","articleSection":["Actualit\u00e9s","Barbezieux","Equipe d'Animation Pastorale"],"inLanguage":"fr-FR","potentialAction":[{"@type":"CommentAction","name":"Comment","target":["https:\/\/charente.catholique.fr\/sud-charente\/actualites\/echos-de-leap-du-11-novembre-2025\/#respond"]}]},{"@type":"WebPage","@id":"https:\/\/charente.catholique.fr\/sud-charente\/actualites\/echos-de-leap-du-11-novembre-2025\/","url":"https:\/\/charente.catholique.fr\/sud-charente\/actualites\/echos-de-leap-du-11-novembre-2025\/","name":"Echos de l'EAP du 11 novembre 2025 - Doyenn\u00e9 Sud Charente","isPartOf":{"@id":"https:\/\/charente.catholique.fr\/sud-charente\/#website"},"primaryImageOfPage":{"@id":"https:\/\/charente.catholique.fr\/sud-charente\/actualites\/echos-de-leap-du-11-novembre-2025\/#primaryimage"},"image":{"@id":"https:\/\/charente.catholique.fr\/sud-charente\/actualites\/echos-de-leap-du-11-novembre-2025\/#primaryimage"},"thumbnailUrl":"https:\/\/charente.catholique.fr\/sud-charente\/wp-content\/uploads\/sites\/5\/2020\/07\/logo_paroissebbb-scaled.jpg","datePublished":"2025-11-15T21:32:44+00:00","dateModified":"2025-11-15T21:32:45+00:00","breadcrumb":{"@id":"https:\/\/charente.catholique.fr\/sud-charente\/actualites\/echos-de-leap-du-11-novembre-2025\/#breadcrumb"},"inLanguage":"fr-FR","potentialAction":[{"@type":"ReadAction","target":["https:\/\/charente.catholique.fr\/sud-charente\/actualites\/echos-de-leap-du-11-novembre-2025\/"]}]},{"@type":"ImageObject","inLanguage":"fr-FR","@id":"https:\/\/charente.catholique.fr\/sud-charente\/actualites\/echos-de-leap-du-11-novembre-2025\/#primaryimage","url":"https:\/\/charente.catholique.fr\/sud-charente\/wp-content\/uploads\/sites\/5\/2020\/07\/logo_paroissebbb-scaled.jpg","contentUrl":"https:\/\/charente.catholique.fr\/sud-charente\/wp-content\/uploads\/sites\/5\/2020\/07\/logo_paroissebbb-scaled.jpg","width":2560,"height":890},{"@type":"BreadcrumbList","@id":"https:\/\/charente.catholique.fr\/sud-charente\/actualites\/echos-de-leap-du-11-novembre-2025\/#breadcrumb","itemListElement":[{"@type":"ListItem","position":1,"name":"Accueil","item":"https:\/\/charente.catholique.fr\/sud-charente\/"},{"@type":"ListItem","position":2,"name":"Echos de l&#8217;EAP du 11 novembre 2025"}]},{"@type":"WebSite","@id":"https:\/\/charente.catholique.fr\/sud-charente\/#website","url":"https:\/\/charente.catholique.fr\/sud-charente\/","name":"Doyenn\u00e9 Sud Charente - Dioc\u00e8se d'Angoul\u00eame","description":"Dioc\u00e8se d&#039;Angoul\u00eame","publisher":{"@id":"https:\/\/charente.catholique.fr\/sud-charente\/#organization"},"potentialAction":[{"@type":"SearchAction","target":{"@type":"EntryPoint","urlTemplate":"https:\/\/charente.catholique.fr\/sud-charente\/?s={search_term_string}"},"query-input":{"@type":"PropertyValueSpecification","valueRequired":true,"valueName":"search_term_string"}}],"inLanguage":"fr-FR"},{"@type":"Organization","@id":"https:\/\/charente.catholique.fr\/sud-charente\/#organization","name":"Association dioc\u00e9saine d'Angoul\u00eame","url":"https:\/\/charente.catholique.fr\/sud-charente\/","logo":{"@type":"ImageObject","inLanguage":"fr-FR","@id":"https:\/\/charente.catholique.fr\/sud-charente\/#\/schema\/logo\/image\/","url":"https:\/\/charente.catholique.fr\/sud-charente\/wp-content\/uploads\/sites\/5\/2020\/10\/logos.png","contentUrl":"https:\/\/charente.catholique.fr\/sud-charente\/wp-content\/uploads\/sites\/5\/2020\/10\/logos.png","width":600,"height":257,"caption":"Association dioc\u00e9saine d'Angoul\u00eame"},"image":{"@id":"https:\/\/charente.catholique.fr\/sud-charente\/#\/schema\/logo\/image\/"},"sameAs":["https:\/\/www.facebook.com\/EgliseCatholiqueCharente","https:\/\/x.com\/diocesecharente","https:\/\/www.instagram.com\/eglisecharente","https:\/\/www.youtube.com\/channel\/UCByyFWApZbw3gDTiADoiAaQ"]},{"@type":"Person","@id":"https:\/\/charente.catholique.fr\/sud-charente\/#\/schema\/person\/ddcc6ba32a4484b49a276652de901387","name":"Beno\u00eet","image":{"@type":"ImageObject","inLanguage":"fr-FR","@id":"https:\/\/charente.catholique.fr\/sud-charente\/#\/schema\/person\/image\/","url":"https:\/\/secure.gravatar.com\/avatar\/367de281020c81cafc6a2f9b79fef00a1981a890412ad8b09b11385575886666?s=96&d=mm&r=g","contentUrl":"https:\/\/secure.gravatar.com\/avatar\/367de281020c81cafc6a2f9b79fef00a1981a890412ad8b09b11385575886666?s=96&d=mm&r=g","caption":"Beno\u00eet"},"url":"https:\/\/charente.catholique.fr\/sud-charente\/author\/benoitlecomte\/"}]}},"_links":{"self":[{"href":"https:\/\/charente.catholique.fr\/sud-charente\/wp-json\/wp\/v2\/posts\/12036","targetHints":{"allow":["GET"]}}],"collection":[{"href":"https:\/\/charente.catholique.fr\/sud-charente\/wp-json\/wp\/v2\/posts"}],"about":[{"href":"https:\/\/charente.catholique.fr\/sud-charente\/wp-json\/wp\/v2\/types\/post"}],"author":[{"embeddable":true,"href":"https:\/\/charente.catholique.fr\/sud-charente\/wp-json\/wp\/v2\/users\/4"}],"replies":[{"embeddable":true,"href":"https:\/\/charente.catholique.fr\/sud-charente\/wp-json\/wp\/v2\/comments?post=12036"}],"version-history":[{"count":1,"href":"https:\/\/charente.catholique.fr\/sud-charente\/wp-json\/wp\/v2\/posts\/12036\/revisions"}],"predecessor-version":[{"id":12037,"href":"https:\/\/charente.catholique.fr\/sud-charente\/wp-json\/wp\/v2\/posts\/12036\/revisions\/12037"}],"wp:featuredmedia":[{"embeddable":true,"href":"https:\/\/charente.catholique.fr\/sud-charente\/wp-json\/wp\/v2\/media\/273"}],"wp:attachment":[{"href":"https:\/\/charente.catholique.fr\/sud-charente\/wp-json\/wp\/v2\/media?parent=12036"}],"wp:term":[{"taxonomy":"category","embeddable":true,"href":"https:\/\/charente.catholique.fr\/sud-charente\/wp-json\/wp\/v2\/categories?post=12036"},{"taxonomy":"post_tag","embeddable":true,"href":"https:\/\/charente.catholique.fr\/sud-charente\/wp-json\/wp\/v2\/tags?post=12036"}],"curies":[{"name":"wp","href":"https:\/\/api.w.org\/{rel}","templated":true}]}}