{"id":1129,"date":"2021-01-16T19:21:31","date_gmt":"2021-01-16T18:21:31","guid":{"rendered":"https:\/\/charente.catholique.fr\/sud-charente\/?p=1129"},"modified":"2021-01-16T19:21:32","modified_gmt":"2021-01-16T18:21:32","slug":"echos-de-lequipe-danimation-pastorale-du-14-janvier-2021","status":"publish","type":"post","link":"https:\/\/charente.catholique.fr\/sud-charente\/actualites\/echos-de-lequipe-danimation-pastorale-du-14-janvier-2021\/","title":{"rendered":"Echos de l&#8217;Equipe d&#8217;Animation Pastorale du 14 janvier 2021"},"content":{"rendered":"\n<p>L&#8217;Equipe d&#8217;Animation de la Paroisse s&#8217;est retrouv\u00e9e en visio le jeudi 14 janvier avec un menu bien copieux. Apr\u00e8s quelques probl\u00e8me de connexion et la pri\u00e8re des psaumes, l&#8217;ordre du jour pouvait \u00eatre d\u00e9ploy\u00e9. <\/p>\n\n\n\n<h4 class=\"wp-block-heading\"><strong>&#8211; Retour sur les f\u00eates de No\u00ebl<\/strong><\/h4>\n\n\n\n<p>Beaucoup d&#8217;\u00e9chos tr\u00e8s positifs de la journ\u00e9e du 24 d\u00e9cembre avec le spectacle \u00e0 la RPA puis les deux messes (Baignes et Barbezieux). Tout le monde a appr\u00e9ci\u00e9 le spectacle, que ce soit c\u00f4t\u00e9 paroisse ou c\u00f4t\u00e9 maison de retraite. Les enfants \u00e9taient ravis. Ce fut un moment de lumi\u00e8re, d&#8217;espoir, de partage. <\/p>\n\n\n\n<p>La veill\u00e9e pr\u00e9c\u00e9dent la messe \u00e0 Baignes a montr\u00e9 une belle pr\u00e9sentation et la messe \u00e9tait belle \u00e9galement. <\/p>\n\n\n\n<p>A Barbezieux, la danse \u00e0 la fin de la messe\u00a0a en g\u00e9n\u00e9ral \u00e9t\u00e9 appr\u00e9ci\u00e9e. Les gens ont beaucoup aim\u00e9. Une fois que les gens s\u2019y sont mis, il ont senti faire unit\u00e9. C&#8217;\u00e9tait un moment de partage et de f\u00eate. Malgr\u00e9 tout, certaines personnes n\u2019ont pas appr\u00e9ci\u00e9 du tout.<br><\/p>\n\n\n\n<h4 class=\"wp-block-heading\"><strong>&#8211; Organisation suite \u00e0 l&#8217;annonce du couvre-feu \u00e0 18h <\/strong><\/h4>\n\n\n\n<p>&#8211; La pri\u00e8re \u0153cum\u00e9nique jeudi 21 janvier est avanc\u00e9e \u00e0 15h30<\/p>\n\n\n\n<p>&#8211; Repenser les rencontres de cat\u00e9&nbsp;: proposition de d\u00e9caler au samedi matin ou dimanche matin ou mercredi matin, dans l\u2019\u00e9glise<\/p>\n\n\n\n<p>&#8211; Mercredi\u00a0: c\u00e9l\u00e9brer les messes \u00e0 9h30. Pas d&#8217;adoration le soir.<\/p>\n\n\n\n<p>&#8211; Samedi&nbsp;: avancer les messes \u00e0 16h30 (information \u00e0 afficher sur les \u00e9glises)<\/p>\n\n\n\n<h4 class=\"wp-block-heading\"><strong>&#8211; Echos de la premi\u00e8re rencontre avec les \u00e9lus<\/strong><\/h4>\n\n\n\n<p>Une premi\u00e8re rencontre a eu lieu samedi 9 janvier avec des \u00e9lus des communes de la communaut\u00e9 locale de Barbezieux. Seules 4 communes \u00e9taient repr\u00e9sent\u00e9es mais les \u00e9changes ont \u00e9t\u00e9 de qualit\u00e9. Il est notamment demand\u00e9 d&#8217;ouvrir davantage les \u00e9glises et de les faire vivre avec des temps de pri\u00e8re ou de rencontre pour aider les communes \u00e0 faire du lien entre les habitants. <\/p>\n\n\n\n<p>Deux autres rencontres du m\u00eame type auront lieu \u00e0 Baignes puis \u00e0 Barret.<\/p>\n\n\n\n<h4 class=\"wp-block-heading\"><strong>&#8211; Pr\u00e9paration de l\u2019Assembl\u00e9e paroissiale<\/strong><\/h4>\n\n\n\n<p>Les buts d&#8217;une Assembl\u00e9e paroissiale\u00a0:<\/p>\n\n\n\n<p>&#8211; Que tous entendent ce que chaque communaut\u00e9 locale a dit lors des Assembl\u00e9es de communaut\u00e9<\/p>\n\n\n\n<p>&#8211; Que tous puissent s\u2019exprimer<\/p>\n\n\n\n<p>&#8211; Ecrire ensemble un projet pastoral de paroisse, c\u2019est-\u00e0-dire ce que nous voulons vivre et les moyens que nous avons \/ prenons pour \u00e7a (Situer dans projet de doyenn\u00e9 et orientations dioc\u00e9saines). Un projet qui inscrive une dynamique commune, qui donne de la visibilit\u00e9 entre nous et au-del\u00e0 de nous, qui aide \u00e0 nous renouveler. <\/p>\n\n\n\n<p>La forme\u00a0qu&#8217;une Assembl\u00e9e paroissiale peut prendre :<\/p>\n\n\n\n<ul class=\"wp-block-list\"><li>Sur un temps long<\/li><\/ul>\n\n\n\n<ul class=\"wp-block-list\"><li>Un rassemblement\u00a0? Autour de l\u2019eucharistie dominicale\u00a0ou sur tout un week-end\u00a0? Avec sur du participatif diffus (parents cat\u00e9, divers groupes, padlet\u2026)<\/li><\/ul>\n\n\n\n<ul class=\"wp-block-list\"><li>Les dimensions de la rencontre  et de la convivialit\u00e9 sont importantes&#8230; mais comment faire\u00a0dans les conditions actuelles ?<\/li><li>Faire une assembl\u00e9e paroissiale qui soit tr\u00e8s ouverte semble important. Mais on est dans une p\u00e9riode compliqu\u00e9e pour lancer des choses en ce moment (bapt\u00eame, cat\u00e9, aum\u00f4nerie,\u2026) et donc pour s\u2019ouvrir \u00e0 d\u2019autres.<\/li><\/ul>\n\n\n\n<p>Dans les compte-rendus d\u2019assembl\u00e9es de communaut\u00e9s, vient souvent la question du renouvellement. On pourra commencer en faisant  une synth\u00e8se des assembl\u00e9es de communaut\u00e9s (avec les choses communes et les autres)<\/p>\n\n\n\n<p>La forme de l\u2019assembl\u00e9e para\u00eet compliqu\u00e9e\u00a0: des gens ont peur, ne viendront pas\u2026 Trouver une salle qui nous accueille\u2026 Mais les gens ont particip\u00e9 \u00e0 des assembl\u00e9es et ont des attentes\u00a0: il faut y r\u00e9pondre.<\/p>\n\n\n\n<p>D\u00e9cision&nbsp;:<\/p>\n\n\n\n<p>\u2192 Difficile de vivre une vraie assembl\u00e9e paroissiale en ce moment<\/p>\n\n\n\n<p>\u2192 Vivre \u00e0 fond tout ce qu\u2019on peut vivre en ce moment, en mettant en place un maximum d\u2019initiatives<\/p>\n\n\n\n<p>\u2192 Quand on le pourra&nbsp;: relire le chemin parcouru et ce temps particulier, et \u00e9crire la suite ensemble<\/p>\n\n\n\n<h4 class=\"wp-block-heading\"><strong>Proposition \u00e0 faire en paroisse pour une veill\u00e9e \/ temps de pri\u00e8re pour les vocations autour du 2 f\u00e9vrier<\/strong><\/h4>\n\n\n\n<p>(cf <a href=\"https:\/\/charente.catholique.fr\/agenda\/prier-pour-les-vocations-autour-du-2-fevrier\/\">https:\/\/charente.catholique.fr\/agenda\/prier-pour-les-vocations-autour-du-2-fevrier\/<\/a> )<\/p>\n\n\n\n<p>A l&#8217;occasion du 2 f\u00e9vrier (Pr\u00e9sentation de J\u00e9sus au Temple, journ\u00e9e de la vie consacr\u00e9e), nous proposons de faire sur toute la paroisse une cha\u00eene de pri\u00e8re toute la journ\u00e9e du 2 f\u00e9vrier. Chacun pourra s&#8217;inscrire sur un cr\u00e9neau d&#8217;1heure (les cr\u00e9neaux \u00e9tant \u00e9chelonn\u00e9s toutes les 1\/2 heures), pour un temps de pri\u00e8re \u00e0 prendre soit \u00e0 l&#8217;\u00e9glise (les \u00e9glises de Barbezieux et de Baignes seront ouvertes), soit chez soi, et de toute fa\u00e7on \u00e0 domicile \u00e0 partir de 18h (couvre-feu)<\/p>\n\n\n\n<p>On peut s&#8217;inscrire sur le document au fond de l&#8217;\u00e9glise de Barbezieux, ou en appelant le secr\u00e9tariat de la paroisse ou en envoyant un mail \u00e0 <a href=\"http:\/\/paroisse. barbezieux@dio16.fr\">paroisse. barbezieux@dio16.fr<\/a><\/p>\n\n\n\n<p>Des supports seront propos\u00e9s pour aider \u00e0 la pri\u00e8re. <\/p>\n\n\n\n<h4 class=\"wp-block-heading\">&#8211; <strong>Messe du 31 janvier \u00e0 Baignes&nbsp;: organiser le covoiturage<\/strong>.<\/h4>\n\n\n\n<p>La messe du 31 janvier \u00e0 10h30 aura lieu \u00e0 Baignes. Il est possible de se retrouver \u00e0 10h sur le parvis de Barbezieux, ceux qui n\u2019ont pas de voiture et ceux qui en ont, pour un covoiturage.<\/p>\n\n\n\n<h4 class=\"wp-block-heading\"><strong>&#8211; Point sur la r\u00e9collection du 6 f\u00e9vrier \u00e0 Maumont et la dynamique de doyenn\u00e9 pour le car\u00eame<\/strong><\/h4>\n\n\n\n<p>Plus qu\u2019une \u00ab&nbsp;r\u00e9collection&nbsp;\u00bb, il s\u2019agit d\u2019un rendez-vous qui doit lancer une dynamique de pardon et de r\u00e9conciliation dans tout le doyenn\u00e9, jusqu\u2019\u00e0 P\u00e2ques. Il ne s\u2019agit donc pas que tous soient pr\u00e9sents \u00e0 Maumont le 6 f\u00e9vrier, mais que la rencontre \u00e0 Maumont soit signe de ce que nous voulons tous vivre, en tous points du doyenn\u00e9.<\/p>\n\n\n\n<p>Une <strong>D\u00e9marche de doyenn\u00e9<\/strong><\/p>\n\n\n\n<p>&#8211; Pendant tout le car\u00eame, dans les \u00e9glises ouvertes, on trouvera une corbeille et un petit tas de fleurs en papier. 2 fr\u00e8res qui se r\u00e9concilient \u00e0 l\u2019autre bout du doyenn\u00e9 est un moyen de faire communaut\u00e9. Quand un acte de Pardon a \u00e9t\u00e9 v\u00e9cu, ou un pardon impossible a \u00e9t\u00e9 d\u00e9sir\u00e9, les personnes peuvent venir dans l\u2019\u00e9glise, d\u00e9poser une fleur dans la corbeille. Chaque semaine, on fera remonter le nombre de fleurs dans la corbeille \u00e0 Maumont, qui fleurira le puzzle du doyenn\u00e9, qui sera dans l\u2019\u00e9glise de Maumont. Il y aura la possibilit\u00e9 d\u2019\u00e9crire un pr\u00e9nom qui sera confi\u00e9 \u00e0 la pri\u00e8re des s\u0153urs. Chaque semaine, le puzzle se fleurira davantage, jusqu\u2019\u00e0 P\u00e2ques o\u00f9 il sera totalement en fleurs<\/p>\n\n\n\n<p><strong>La journ\u00e9e du  6 f\u00e9vrier \u00e0 Maumont se vivra en deux temps : le matin avec les enfants, l&#8217;apr\u00e8s-midi avec les adultes. \u00a0:<\/strong><\/p>\n\n\n\n<p>Une jauge \u00e0 35 participants, matin comme apr\u00e8s-midi, est impos\u00e9e par les s\u0153urs pour les 3 paroisses du doyenn\u00e9. Ainsi, pour notre paroisse, seulement 10 enfants seront pr\u00e9sents le matin, et 12 adultes l&#8217;apr\u00e8s-midi. Ces adultes seront des &#8221; ambassadeurs du pardon &#8220;, ils auront pour mission d&#8217;aider la paroisse \u00e0 faire vivre la d\u00e9marche le mercredi des cendres et tout au long du car\u00eame. <\/p>\n\n\n\n<h4 class=\"wp-block-heading\">&#8211; <strong>Proposition d\u2019une formule pour un conseil pastoral de doyenn\u00e9<\/strong><\/h4>\n\n\n\n<p>But du conseil&nbsp;: donner un \u00e9clairage et des orientations<\/p>\n\n\n\n<p>Forme&nbsp;: Avoir des temps de travail et d\u2019orientations plus fondamentales ouverts plus largement \u00e0 des personnes int\u00e9ress\u00e9es ou selon des comp\u00e9tences particuli\u00e8res.<\/p>\n\n\n\n<p>Samedi 20 mars, 10h-15h, dans une salle municipale<\/p>\n\n\n\n<p>Th\u00e8me&nbsp;: La dimension de la solidarit\u00e9 (cf th\u00e8me d\u2019ann\u00e9e)&nbsp;: une rencontre \u00e0 vivre avec des partenaires et institutionnels de la solidarit\u00e9<\/p>\n\n\n\n<p>Plus d&#8217;infos \u00e0 venir. <\/p>\n\n\n\n<h4 class=\"wp-block-heading\"><strong>&#8211; Nouvelles de la salle d\u2019aum\u00f4nerie du coll\u00e8ge<\/strong><\/h4>\n\n\n\n<p>La salle du Chemin Noir est d\u00e9m\u00e9nag\u00e9e, il ne reste plus que les meubles et la vaisselle \u00e0 enlever.<\/p>\n\n\n\n<p>Des bras\u00a0sont attendus le samedi 23 janvier, 10h00 \u00e0 la salle au Chemin Noir pour terminer le travail !<\/p>\n\n\n\n<h4 class=\"wp-block-heading\"><strong>&#8211; Journ\u00e9e des malades le 11 f\u00e9vrier<\/strong><\/h4>\n\n\n\n<p>Proche de la journ\u00e9e des malades le 11 f\u00e9vrier, nous proposons que les malades qui le souhaitent et le peuvent re\u00e7oivent le sacrement des malades pendant la messe du dimanche pr\u00e9c\u00e9dent, le 7 f\u00e9vrier. <\/p>\n\n\n\n<p>Les malades peuvent se signaler aux pr\u00eatres ou \u00e0 la paroisse, ou m\u00eame se d\u00e9cider au dernier moment ! Rendez-vous pour ceux qui recevront le sacrement le dimanche 7f\u00e9vrier \u00e0 9h30 \u00e0 l&#8217;\u00e9glise, pour faire connaissance et commencer \u00e0 prier ensemble. <\/p>\n\n\n\n<p><\/p>\n\n\n\n<h4 class=\"wp-block-heading\"><strong>&#8211;<\/strong> Une <strong>messe en anglais <\/strong><\/h4>\n\n\n\n<p>Sera c\u00e9l\u00e9br\u00e9e le dimanche 31 janvier \u00e0 14h30 \u00e0 St S\u00e9verin pour les anglophones du Sud Charente. <\/p>\n","protected":false},"excerpt":{"rendered":"<p>L&#8217;Equipe d&#8217;Animation de la Paroisse s&#8217;est retrouv\u00e9e en visio le jeudi 14 janvier avec un menu bien copieux. Apr\u00e8s quelques probl\u00e8me de connexion et la pri\u00e8re des psaumes, l&#8217;ordre du jour pouvait \u00eatre d\u00e9ploy\u00e9. &#8211; Retour sur les f\u00eates de No\u00ebl Beaucoup d&#8217;\u00e9chos tr\u00e8s positifs de la journ\u00e9e du 24 d\u00e9cembre avec le spectacle \u00e0 [&hellip;]<\/p>\n","protected":false},"author":4,"featured_media":273,"comment_status":"open","ping_status":"open","sticky":false,"template":"","format":"standard","meta":{"_acf_changed":false,"paroisse":["15"],"service":["0"],"footnotes":""},"categories":[1,4,9],"tags":[],"class_list":["post-1129","post","type-post","status-publish","format-standard","has-post-thumbnail","hentry","category-actualites","category-barbezieux","category-equipe-danimation-pastorale","validated"],"acf":[],"yoast_head":"<!-- This site is optimized with the Yoast SEO plugin v27.1.1 - https:\/\/yoast.com\/product\/yoast-seo-wordpress\/ -->\n<title>Echos de l&#039;Equipe d&#039;Animation Pastorale du 14 janvier 2021 - Doyenn\u00e9 Sud Charente<\/title>\n<meta name=\"robots\" content=\"index, follow, max-snippet:-1, max-image-preview:large, max-video-preview:-1\" \/>\n<link rel=\"canonical\" href=\"https:\/\/charente.catholique.fr\/sud-charente\/actualites\/echos-de-lequipe-danimation-pastorale-du-14-janvier-2021\/\" \/>\n<meta property=\"og:locale\" content=\"fr_FR\" \/>\n<meta property=\"og:type\" content=\"article\" \/>\n<meta property=\"og:title\" content=\"Echos de l&#039;Equipe d&#039;Animation Pastorale du 14 janvier 2021 - Doyenn\u00e9 Sud Charente\" \/>\n<meta property=\"og:description\" content=\"L&#8217;Equipe d&#8217;Animation de la Paroisse s&#8217;est retrouv\u00e9e en visio le jeudi 14 janvier avec un menu bien copieux. Apr\u00e8s quelques probl\u00e8me de connexion et la pri\u00e8re des psaumes, l&#8217;ordre du jour pouvait \u00eatre d\u00e9ploy\u00e9. &#8211; Retour sur les f\u00eates de No\u00ebl Beaucoup d&#8217;\u00e9chos tr\u00e8s positifs de la journ\u00e9e du 24 d\u00e9cembre avec le spectacle \u00e0 [&hellip;]\" \/>\n<meta property=\"og:url\" content=\"https:\/\/charente.catholique.fr\/sud-charente\/actualites\/echos-de-lequipe-danimation-pastorale-du-14-janvier-2021\/\" \/>\n<meta property=\"og:site_name\" content=\"Doyenn\u00e9 Sud Charente\" \/>\n<meta property=\"article:publisher\" content=\"https:\/\/www.facebook.com\/EgliseCatholiqueCharente\" \/>\n<meta property=\"article:published_time\" content=\"2021-01-16T18:21:31+00:00\" \/>\n<meta property=\"article:modified_time\" content=\"2021-01-16T18:21:32+00:00\" \/>\n<meta property=\"og:image\" content=\"https:\/\/charente.catholique.fr\/sud-charente\/wp-content\/uploads\/sites\/5\/2020\/07\/logo_paroissebbb-scaled.jpg\" \/>\n\t<meta property=\"og:image:width\" content=\"2560\" \/>\n\t<meta property=\"og:image:height\" content=\"890\" \/>\n\t<meta property=\"og:image:type\" content=\"image\/jpeg\" \/>\n<meta name=\"author\" content=\"Beno\u00eet\" \/>\n<meta name=\"twitter:card\" content=\"summary_large_image\" \/>\n<meta name=\"twitter:creator\" content=\"@diocesecharente\" \/>\n<meta name=\"twitter:site\" content=\"@diocesecharente\" \/>\n<meta name=\"twitter:label1\" content=\"\u00c9crit par\" \/>\n\t<meta name=\"twitter:data1\" content=\"Beno\u00eet\" \/>\n\t<meta name=\"twitter:label2\" content=\"Dur\u00e9e de lecture estim\u00e9e\" \/>\n\t<meta name=\"twitter:data2\" content=\"6 minutes\" \/>\n<script type=\"application\/ld+json\" class=\"yoast-schema-graph\">{\"@context\":\"https:\/\/schema.org\",\"@graph\":[{\"@type\":\"Article\",\"@id\":\"https:\/\/charente.catholique.fr\/sud-charente\/actualites\/echos-de-lequipe-danimation-pastorale-du-14-janvier-2021\/#article\",\"isPartOf\":{\"@id\":\"https:\/\/charente.catholique.fr\/sud-charente\/actualites\/echos-de-lequipe-danimation-pastorale-du-14-janvier-2021\/\"},\"author\":{\"name\":\"Beno\u00eet\",\"@id\":\"https:\/\/charente.catholique.fr\/sud-charente\/#\/schema\/person\/ddcc6ba32a4484b49a276652de901387\"},\"headline\":\"Echos de l&#8217;Equipe d&#8217;Animation Pastorale du 14 janvier 2021\",\"datePublished\":\"2021-01-16T18:21:31+00:00\",\"dateModified\":\"2021-01-16T18:21:32+00:00\",\"mainEntityOfPage\":{\"@id\":\"https:\/\/charente.catholique.fr\/sud-charente\/actualites\/echos-de-lequipe-danimation-pastorale-du-14-janvier-2021\/\"},\"wordCount\":1428,\"commentCount\":1,\"publisher\":{\"@id\":\"https:\/\/charente.catholique.fr\/sud-charente\/#organization\"},\"image\":{\"@id\":\"https:\/\/charente.catholique.fr\/sud-charente\/actualites\/echos-de-lequipe-danimation-pastorale-du-14-janvier-2021\/#primaryimage\"},\"thumbnailUrl\":\"https:\/\/charente.catholique.fr\/sud-charente\/wp-content\/uploads\/sites\/5\/2020\/07\/logo_paroissebbb-scaled.jpg\",\"articleSection\":[\"Actualit\u00e9s\",\"Barbezieux\",\"Equipe d'Animation Pastorale\"],\"inLanguage\":\"fr-FR\",\"potentialAction\":[{\"@type\":\"CommentAction\",\"name\":\"Comment\",\"target\":[\"https:\/\/charente.catholique.fr\/sud-charente\/actualites\/echos-de-lequipe-danimation-pastorale-du-14-janvier-2021\/#respond\"]}]},{\"@type\":\"WebPage\",\"@id\":\"https:\/\/charente.catholique.fr\/sud-charente\/actualites\/echos-de-lequipe-danimation-pastorale-du-14-janvier-2021\/\",\"url\":\"https:\/\/charente.catholique.fr\/sud-charente\/actualites\/echos-de-lequipe-danimation-pastorale-du-14-janvier-2021\/\",\"name\":\"Echos de l'Equipe d'Animation Pastorale du 14 janvier 2021 - Doyenn\u00e9 Sud Charente\",\"isPartOf\":{\"@id\":\"https:\/\/charente.catholique.fr\/sud-charente\/#website\"},\"primaryImageOfPage\":{\"@id\":\"https:\/\/charente.catholique.fr\/sud-charente\/actualites\/echos-de-lequipe-danimation-pastorale-du-14-janvier-2021\/#primaryimage\"},\"image\":{\"@id\":\"https:\/\/charente.catholique.fr\/sud-charente\/actualites\/echos-de-lequipe-danimation-pastorale-du-14-janvier-2021\/#primaryimage\"},\"thumbnailUrl\":\"https:\/\/charente.catholique.fr\/sud-charente\/wp-content\/uploads\/sites\/5\/2020\/07\/logo_paroissebbb-scaled.jpg\",\"datePublished\":\"2021-01-16T18:21:31+00:00\",\"dateModified\":\"2021-01-16T18:21:32+00:00\",\"breadcrumb\":{\"@id\":\"https:\/\/charente.catholique.fr\/sud-charente\/actualites\/echos-de-lequipe-danimation-pastorale-du-14-janvier-2021\/#breadcrumb\"},\"inLanguage\":\"fr-FR\",\"potentialAction\":[{\"@type\":\"ReadAction\",\"target\":[\"https:\/\/charente.catholique.fr\/sud-charente\/actualites\/echos-de-lequipe-danimation-pastorale-du-14-janvier-2021\/\"]}]},{\"@type\":\"ImageObject\",\"inLanguage\":\"fr-FR\",\"@id\":\"https:\/\/charente.catholique.fr\/sud-charente\/actualites\/echos-de-lequipe-danimation-pastorale-du-14-janvier-2021\/#primaryimage\",\"url\":\"https:\/\/charente.catholique.fr\/sud-charente\/wp-content\/uploads\/sites\/5\/2020\/07\/logo_paroissebbb-scaled.jpg\",\"contentUrl\":\"https:\/\/charente.catholique.fr\/sud-charente\/wp-content\/uploads\/sites\/5\/2020\/07\/logo_paroissebbb-scaled.jpg\",\"width\":2560,\"height\":890},{\"@type\":\"BreadcrumbList\",\"@id\":\"https:\/\/charente.catholique.fr\/sud-charente\/actualites\/echos-de-lequipe-danimation-pastorale-du-14-janvier-2021\/#breadcrumb\",\"itemListElement\":[{\"@type\":\"ListItem\",\"position\":1,\"name\":\"Accueil\",\"item\":\"https:\/\/charente.catholique.fr\/sud-charente\/\"},{\"@type\":\"ListItem\",\"position\":2,\"name\":\"Echos de l&#8217;Equipe d&#8217;Animation Pastorale du 14 janvier 2021\"}]},{\"@type\":\"WebSite\",\"@id\":\"https:\/\/charente.catholique.fr\/sud-charente\/#website\",\"url\":\"https:\/\/charente.catholique.fr\/sud-charente\/\",\"name\":\"Doyenn\u00e9 Sud Charente - Dioc\u00e8se d'Angoul\u00eame\",\"description\":\"Dioc\u00e8se d&#039;Angoul\u00eame\",\"publisher\":{\"@id\":\"https:\/\/charente.catholique.fr\/sud-charente\/#organization\"},\"potentialAction\":[{\"@type\":\"SearchAction\",\"target\":{\"@type\":\"EntryPoint\",\"urlTemplate\":\"https:\/\/charente.catholique.fr\/sud-charente\/?s={search_term_string}\"},\"query-input\":{\"@type\":\"PropertyValueSpecification\",\"valueRequired\":true,\"valueName\":\"search_term_string\"}}],\"inLanguage\":\"fr-FR\"},{\"@type\":\"Organization\",\"@id\":\"https:\/\/charente.catholique.fr\/sud-charente\/#organization\",\"name\":\"Association dioc\u00e9saine d'Angoul\u00eame\",\"url\":\"https:\/\/charente.catholique.fr\/sud-charente\/\",\"logo\":{\"@type\":\"ImageObject\",\"inLanguage\":\"fr-FR\",\"@id\":\"https:\/\/charente.catholique.fr\/sud-charente\/#\/schema\/logo\/image\/\",\"url\":\"https:\/\/charente.catholique.fr\/sud-charente\/wp-content\/uploads\/sites\/5\/2020\/10\/logos.png\",\"contentUrl\":\"https:\/\/charente.catholique.fr\/sud-charente\/wp-content\/uploads\/sites\/5\/2020\/10\/logos.png\",\"width\":600,\"height\":257,\"caption\":\"Association dioc\u00e9saine d'Angoul\u00eame\"},\"image\":{\"@id\":\"https:\/\/charente.catholique.fr\/sud-charente\/#\/schema\/logo\/image\/\"},\"sameAs\":[\"https:\/\/www.facebook.com\/EgliseCatholiqueCharente\",\"https:\/\/x.com\/diocesecharente\",\"https:\/\/www.instagram.com\/eglisecharente\",\"https:\/\/www.youtube.com\/channel\/UCByyFWApZbw3gDTiADoiAaQ\"]},{\"@type\":\"Person\",\"@id\":\"https:\/\/charente.catholique.fr\/sud-charente\/#\/schema\/person\/ddcc6ba32a4484b49a276652de901387\",\"name\":\"Beno\u00eet\",\"image\":{\"@type\":\"ImageObject\",\"inLanguage\":\"fr-FR\",\"@id\":\"https:\/\/charente.catholique.fr\/sud-charente\/#\/schema\/person\/image\/\",\"url\":\"https:\/\/secure.gravatar.com\/avatar\/367de281020c81cafc6a2f9b79fef00a1981a890412ad8b09b11385575886666?s=96&d=mm&r=g\",\"contentUrl\":\"https:\/\/secure.gravatar.com\/avatar\/367de281020c81cafc6a2f9b79fef00a1981a890412ad8b09b11385575886666?s=96&d=mm&r=g\",\"caption\":\"Beno\u00eet\"},\"url\":\"https:\/\/charente.catholique.fr\/sud-charente\/author\/benoitlecomte\/\"}]}<\/script>\n<!-- \/ Yoast SEO plugin. -->","yoast_head_json":{"title":"Echos de l'Equipe d'Animation Pastorale du 14 janvier 2021 - Doyenn\u00e9 Sud Charente","robots":{"index":"index","follow":"follow","max-snippet":"max-snippet:-1","max-image-preview":"max-image-preview:large","max-video-preview":"max-video-preview:-1"},"canonical":"https:\/\/charente.catholique.fr\/sud-charente\/actualites\/echos-de-lequipe-danimation-pastorale-du-14-janvier-2021\/","og_locale":"fr_FR","og_type":"article","og_title":"Echos de l'Equipe d'Animation Pastorale du 14 janvier 2021 - Doyenn\u00e9 Sud Charente","og_description":"L&#8217;Equipe d&#8217;Animation de la Paroisse s&#8217;est retrouv\u00e9e en visio le jeudi 14 janvier avec un menu bien copieux. Apr\u00e8s quelques probl\u00e8me de connexion et la pri\u00e8re des psaumes, l&#8217;ordre du jour pouvait \u00eatre d\u00e9ploy\u00e9. &#8211; Retour sur les f\u00eates de No\u00ebl Beaucoup d&#8217;\u00e9chos tr\u00e8s positifs de la journ\u00e9e du 24 d\u00e9cembre avec le spectacle \u00e0 [&hellip;]","og_url":"https:\/\/charente.catholique.fr\/sud-charente\/actualites\/echos-de-lequipe-danimation-pastorale-du-14-janvier-2021\/","og_site_name":"Doyenn\u00e9 Sud Charente","article_publisher":"https:\/\/www.facebook.com\/EgliseCatholiqueCharente","article_published_time":"2021-01-16T18:21:31+00:00","article_modified_time":"2021-01-16T18:21:32+00:00","og_image":[{"width":2560,"height":890,"url":"https:\/\/charente.catholique.fr\/sud-charente\/wp-content\/uploads\/sites\/5\/2020\/07\/logo_paroissebbb-scaled.jpg","type":"image\/jpeg"}],"author":"Beno\u00eet","twitter_card":"summary_large_image","twitter_creator":"@diocesecharente","twitter_site":"@diocesecharente","twitter_misc":{"\u00c9crit par":"Beno\u00eet","Dur\u00e9e de lecture estim\u00e9e":"6 minutes"},"schema":{"@context":"https:\/\/schema.org","@graph":[{"@type":"Article","@id":"https:\/\/charente.catholique.fr\/sud-charente\/actualites\/echos-de-lequipe-danimation-pastorale-du-14-janvier-2021\/#article","isPartOf":{"@id":"https:\/\/charente.catholique.fr\/sud-charente\/actualites\/echos-de-lequipe-danimation-pastorale-du-14-janvier-2021\/"},"author":{"name":"Beno\u00eet","@id":"https:\/\/charente.catholique.fr\/sud-charente\/#\/schema\/person\/ddcc6ba32a4484b49a276652de901387"},"headline":"Echos de l&#8217;Equipe d&#8217;Animation Pastorale du 14 janvier 2021","datePublished":"2021-01-16T18:21:31+00:00","dateModified":"2021-01-16T18:21:32+00:00","mainEntityOfPage":{"@id":"https:\/\/charente.catholique.fr\/sud-charente\/actualites\/echos-de-lequipe-danimation-pastorale-du-14-janvier-2021\/"},"wordCount":1428,"commentCount":1,"publisher":{"@id":"https:\/\/charente.catholique.fr\/sud-charente\/#organization"},"image":{"@id":"https:\/\/charente.catholique.fr\/sud-charente\/actualites\/echos-de-lequipe-danimation-pastorale-du-14-janvier-2021\/#primaryimage"},"thumbnailUrl":"https:\/\/charente.catholique.fr\/sud-charente\/wp-content\/uploads\/sites\/5\/2020\/07\/logo_paroissebbb-scaled.jpg","articleSection":["Actualit\u00e9s","Barbezieux","Equipe d'Animation Pastorale"],"inLanguage":"fr-FR","potentialAction":[{"@type":"CommentAction","name":"Comment","target":["https:\/\/charente.catholique.fr\/sud-charente\/actualites\/echos-de-lequipe-danimation-pastorale-du-14-janvier-2021\/#respond"]}]},{"@type":"WebPage","@id":"https:\/\/charente.catholique.fr\/sud-charente\/actualites\/echos-de-lequipe-danimation-pastorale-du-14-janvier-2021\/","url":"https:\/\/charente.catholique.fr\/sud-charente\/actualites\/echos-de-lequipe-danimation-pastorale-du-14-janvier-2021\/","name":"Echos de l'Equipe d'Animation Pastorale du 14 janvier 2021 - Doyenn\u00e9 Sud Charente","isPartOf":{"@id":"https:\/\/charente.catholique.fr\/sud-charente\/#website"},"primaryImageOfPage":{"@id":"https:\/\/charente.catholique.fr\/sud-charente\/actualites\/echos-de-lequipe-danimation-pastorale-du-14-janvier-2021\/#primaryimage"},"image":{"@id":"https:\/\/charente.catholique.fr\/sud-charente\/actualites\/echos-de-lequipe-danimation-pastorale-du-14-janvier-2021\/#primaryimage"},"thumbnailUrl":"https:\/\/charente.catholique.fr\/sud-charente\/wp-content\/uploads\/sites\/5\/2020\/07\/logo_paroissebbb-scaled.jpg","datePublished":"2021-01-16T18:21:31+00:00","dateModified":"2021-01-16T18:21:32+00:00","breadcrumb":{"@id":"https:\/\/charente.catholique.fr\/sud-charente\/actualites\/echos-de-lequipe-danimation-pastorale-du-14-janvier-2021\/#breadcrumb"},"inLanguage":"fr-FR","potentialAction":[{"@type":"ReadAction","target":["https:\/\/charente.catholique.fr\/sud-charente\/actualites\/echos-de-lequipe-danimation-pastorale-du-14-janvier-2021\/"]}]},{"@type":"ImageObject","inLanguage":"fr-FR","@id":"https:\/\/charente.catholique.fr\/sud-charente\/actualites\/echos-de-lequipe-danimation-pastorale-du-14-janvier-2021\/#primaryimage","url":"https:\/\/charente.catholique.fr\/sud-charente\/wp-content\/uploads\/sites\/5\/2020\/07\/logo_paroissebbb-scaled.jpg","contentUrl":"https:\/\/charente.catholique.fr\/sud-charente\/wp-content\/uploads\/sites\/5\/2020\/07\/logo_paroissebbb-scaled.jpg","width":2560,"height":890},{"@type":"BreadcrumbList","@id":"https:\/\/charente.catholique.fr\/sud-charente\/actualites\/echos-de-lequipe-danimation-pastorale-du-14-janvier-2021\/#breadcrumb","itemListElement":[{"@type":"ListItem","position":1,"name":"Accueil","item":"https:\/\/charente.catholique.fr\/sud-charente\/"},{"@type":"ListItem","position":2,"name":"Echos de l&#8217;Equipe d&#8217;Animation Pastorale du 14 janvier 2021"}]},{"@type":"WebSite","@id":"https:\/\/charente.catholique.fr\/sud-charente\/#website","url":"https:\/\/charente.catholique.fr\/sud-charente\/","name":"Doyenn\u00e9 Sud Charente - Dioc\u00e8se d'Angoul\u00eame","description":"Dioc\u00e8se d&#039;Angoul\u00eame","publisher":{"@id":"https:\/\/charente.catholique.fr\/sud-charente\/#organization"},"potentialAction":[{"@type":"SearchAction","target":{"@type":"EntryPoint","urlTemplate":"https:\/\/charente.catholique.fr\/sud-charente\/?s={search_term_string}"},"query-input":{"@type":"PropertyValueSpecification","valueRequired":true,"valueName":"search_term_string"}}],"inLanguage":"fr-FR"},{"@type":"Organization","@id":"https:\/\/charente.catholique.fr\/sud-charente\/#organization","name":"Association dioc\u00e9saine d'Angoul\u00eame","url":"https:\/\/charente.catholique.fr\/sud-charente\/","logo":{"@type":"ImageObject","inLanguage":"fr-FR","@id":"https:\/\/charente.catholique.fr\/sud-charente\/#\/schema\/logo\/image\/","url":"https:\/\/charente.catholique.fr\/sud-charente\/wp-content\/uploads\/sites\/5\/2020\/10\/logos.png","contentUrl":"https:\/\/charente.catholique.fr\/sud-charente\/wp-content\/uploads\/sites\/5\/2020\/10\/logos.png","width":600,"height":257,"caption":"Association dioc\u00e9saine d'Angoul\u00eame"},"image":{"@id":"https:\/\/charente.catholique.fr\/sud-charente\/#\/schema\/logo\/image\/"},"sameAs":["https:\/\/www.facebook.com\/EgliseCatholiqueCharente","https:\/\/x.com\/diocesecharente","https:\/\/www.instagram.com\/eglisecharente","https:\/\/www.youtube.com\/channel\/UCByyFWApZbw3gDTiADoiAaQ"]},{"@type":"Person","@id":"https:\/\/charente.catholique.fr\/sud-charente\/#\/schema\/person\/ddcc6ba32a4484b49a276652de901387","name":"Beno\u00eet","image":{"@type":"ImageObject","inLanguage":"fr-FR","@id":"https:\/\/charente.catholique.fr\/sud-charente\/#\/schema\/person\/image\/","url":"https:\/\/secure.gravatar.com\/avatar\/367de281020c81cafc6a2f9b79fef00a1981a890412ad8b09b11385575886666?s=96&d=mm&r=g","contentUrl":"https:\/\/secure.gravatar.com\/avatar\/367de281020c81cafc6a2f9b79fef00a1981a890412ad8b09b11385575886666?s=96&d=mm&r=g","caption":"Beno\u00eet"},"url":"https:\/\/charente.catholique.fr\/sud-charente\/author\/benoitlecomte\/"}]}},"_links":{"self":[{"href":"https:\/\/charente.catholique.fr\/sud-charente\/wp-json\/wp\/v2\/posts\/1129","targetHints":{"allow":["GET"]}}],"collection":[{"href":"https:\/\/charente.catholique.fr\/sud-charente\/wp-json\/wp\/v2\/posts"}],"about":[{"href":"https:\/\/charente.catholique.fr\/sud-charente\/wp-json\/wp\/v2\/types\/post"}],"author":[{"embeddable":true,"href":"https:\/\/charente.catholique.fr\/sud-charente\/wp-json\/wp\/v2\/users\/4"}],"replies":[{"embeddable":true,"href":"https:\/\/charente.catholique.fr\/sud-charente\/wp-json\/wp\/v2\/comments?post=1129"}],"version-history":[{"count":1,"href":"https:\/\/charente.catholique.fr\/sud-charente\/wp-json\/wp\/v2\/posts\/1129\/revisions"}],"predecessor-version":[{"id":1130,"href":"https:\/\/charente.catholique.fr\/sud-charente\/wp-json\/wp\/v2\/posts\/1129\/revisions\/1130"}],"wp:featuredmedia":[{"embeddable":true,"href":"https:\/\/charente.catholique.fr\/sud-charente\/wp-json\/wp\/v2\/media\/273"}],"wp:attachment":[{"href":"https:\/\/charente.catholique.fr\/sud-charente\/wp-json\/wp\/v2\/media?parent=1129"}],"wp:term":[{"taxonomy":"category","embeddable":true,"href":"https:\/\/charente.catholique.fr\/sud-charente\/wp-json\/wp\/v2\/categories?post=1129"},{"taxonomy":"post_tag","embeddable":true,"href":"https:\/\/charente.catholique.fr\/sud-charente\/wp-json\/wp\/v2\/tags?post=1129"}],"curies":[{"name":"wp","href":"https:\/\/api.w.org\/{rel}","templated":true}]}}