{"id":10698,"date":"2025-05-18T18:33:46","date_gmt":"2025-05-18T16:33:46","guid":{"rendered":"https:\/\/charente.catholique.fr\/sud-charente\/?p=10698"},"modified":"2025-05-18T18:33:47","modified_gmt":"2025-05-18T16:33:47","slug":"homelie-du-18-mai-2025-par-le-p-benoit-lecomte","status":"publish","type":"post","link":"https:\/\/charente.catholique.fr\/sud-charente\/actualites\/homelie-du-18-mai-2025-par-le-p-benoit-lecomte\/","title":{"rendered":"Hom\u00e9lie du 18 mai 2025, par le P. Beno\u00eet Lecomte"},"content":{"rendered":"\n<p><\/p>\n\n\n\n<p>\u00ab&nbsp;<em>Voici que je fais toutes choses nouvelles.<\/em>&nbsp;\u00bb Ces mots de la lecture de l\u2019Apocalypse, on pourrait dire que c\u2019est la signature de Dieu au c\u0153ur de nos vies. De l\u2019ancien, il fait du nouveau, du raide, il fait du tendre, du mort, il fait du vivant. Avec Dieu, tout est toujours nouveaut\u00e9. Tout est toujours \u00ab&nbsp;commencement&nbsp;\u00bb, comme le disent les premiers mots de la Bible, ou les premiers mots de l\u2019\u00e9vangile selon Saint Jean que nous venons d\u2019entendre. \u00ab&nbsp;Au commencement&nbsp;\u00bb, en nouvelle naissance, en nouvelle cr\u00e9ation. Dieu ne cesse de cr\u00e9er, de donner vie, de donner Souffle. Ce Souffle, Esprit Saint, vers lequel nous sommes tendus pendant ce temps pascal et que nous c\u00e9l\u00e8breront \u00e0 la Pentec\u00f4te. \u00ab&nbsp;<em>Voici que je fais toutes choses nouvelles.<\/em>&nbsp;\u00bb<\/p>\n\n\n\n<p>Ces mots sont aussi dans la bouche de J\u00e9sus&nbsp;: \u00ab&nbsp;<em>Je vous donne un commandement nouveau&nbsp;: aimez-vous les uns les autres.<\/em>&nbsp;\u00bb L\u2019amour, comme commandement nouveau&nbsp;? J\u2019esp\u00e8re que l\u2019humanit\u00e9 n\u2019a pas attendu l\u2019arriv\u00e9e de J\u00e9sus pour d\u00e9couvrir qu\u2019il valait mieux s\u2019aimer les uns les autres&nbsp;! Quelle est donc cette nouveaut\u00e9&nbsp;? Peut-\u00eatre dans les mots suivants&nbsp;: \u00ab&nbsp;<em>Comme je vous ai aim\u00e9s.<\/em>&nbsp;\u00bb Nous sommes \u00ab&nbsp;<em>au cours du dernier repas&nbsp;que J\u00e9sus prenait avec ses disciples&nbsp;<\/em>\u00bb, \u00e0 l\u2019heure o\u00f9 tout est jou\u00e9, o\u00f9 il sait qu\u2019il va donner sa vie jusqu\u2019au bout, qu\u2019il va \u00ab&nbsp;aimer jusqu\u2019au bout&nbsp;\u00bb comme il vient de la donner en ce pain dont il fait son Corps et ce vin dont il fait son Sang. Dieu devenu homme par amour pour l\u2019Homme, aime jusqu\u2019au bout en donnant sa vie par amour. Le \u00ab&nbsp;<em>Comme je vous aim\u00e9s<\/em>&nbsp;\u00bb devient vertigineux, absolu. Et c\u2019est \u00e0 cet amour que l\u2019on reconna\u00eetra ses disciples, continue-t-il.<\/p>\n\n\n\n<p>La nouveaut\u00e9 du commandement de l\u2019amour n\u2019est pas dans l\u2019amour des uns pour les autres, mais dans la radicalit\u00e9 et la confiance absolue de cet amour qui ne craint rien, pas m\u00eame de se perdre. Folie de Dieu, qui vient rejoindre la soif d\u2019absolu que nous portons en nous, qui la r\u00e9v\u00e8le et la r\u00e9veille. Cette soif qui habite nos c\u0153urs. Soif d\u2019un amour sans limite.<\/p>\n\n\n\n<p>Cette soif, c\u2019est d\u2019abord celle de Dieu lui-m\u00eame, qui veut habiter au milieu des hommes et les prendre avec lui. Entendons encore ces mots du livre de l\u2019Apocalypse&nbsp;: \u00ab&nbsp;<em>Voici la demeure de Dieu avec les hommes&nbsp;; il demeurera avec eux, et ils seront ses peuples, et lui-m\u00eame, Dieu avec eux, sera leur Dieu.<\/em>&nbsp;\u00bb Et un peu plus haut&nbsp;: \u00ab&nbsp;<em>La J\u00e9rusalem nouvelle, je l\u2019ai vue qui descendait du ciel, d\u2019aupr\u00e8s de Dieu, pr\u00eate pour les noces, comme une \u00e9pouse par\u00e9e pour son mari.<\/em>&nbsp;\u00bb Dieu aime l\u2019humanit\u00e9 jusqu\u2019\u00e0 vouloir c\u00e9l\u00e9brer avec elle des \u00e9pousailles. Des noces. Vivre l\u2019Alliance, absolue.<\/p>\n\n\n\n<p>Nous avons justement invit\u00e9 ce matin aux messes paroissiales de notre doyenn\u00e9 les couples qui se pr\u00e9parent \u00e0 c\u00e9l\u00e9brer leur mariage dans les semaines et les mois qui viennent. Quelques-uns ont os\u00e9 faire le pas et sont pr\u00e9sents, au milieu de nous, pour recevoir de nous la pri\u00e8re et la fraternit\u00e9. Celles et ceux qui sont d\u00e9j\u00e0 mari\u00e9s \u2013 et m\u00eame si votre mariage a connu des difficult\u00e9s et des rat\u00e9s \u2013, rappelez-vous ces moments de fian\u00e7ailles, lorsque que vous r\u00eaviez et pr\u00e9pariez votre mariage. Rappelez-vous la chaleur du c\u0153ur qui bat pour l\u2019autre, la joie de voir son visage et de vous projeter toute votre vie avec cet autre. Peut-\u00eatre que les ann\u00e9es sont pass\u00e9es et que de la cendre a recouvert un peu le feu&nbsp;? Alors que cette messe avec les fianc\u00e9s d\u2019aujourd\u2019hui ranime un tant soit peu ce feu, jusqu\u2019\u00e0 vous redire que vous vous aimez, encore. \u00ab&nbsp;<em>Voici que je fais toutes choses nouvelles<\/em>&nbsp;\u00bb, dit le Seigneur. M\u00eame de l\u2019ancien, n\u00e9 du nouveau. M\u00eame des cendres, peut na\u00eetre le feu. Laissez le Souffle de Dieu souffler sur les braises et ranimer l\u2019amour.<\/p>\n\n\n\n<p>Car son commandement est d\u2019aimer. Et cet amour vient d\u2019abord de lui. En tout cas, cet amour radical, loin des fluctuations que peuvent conna\u00eetre nos amoures humaines. Et si cet amour de Dieu en nous donne \u00e0 tous de reconna\u00eetre que nous sommes les disciples de J\u00e9sus, c\u2019est que cette signature de Dieu doit aussi devenir la signature de l\u2019Eglise. Chers amis, c\u2019est \u00e0 cela, et rien de moins, que nous sommes appel\u00e9s&nbsp;: \u00e0 nous aimer les uns les autres pour devenir une communaut\u00e9 de disciples de J\u00e9sus, de fr\u00e8res et de s\u0153urs, de chr\u00e9tiens qui se savent aim\u00e9s absolument par Dieu et qui d\u00e9sirent en t\u00e9moigner.<\/p>\n\n\n\n<p>Notre Caravane de l\u2019Esp\u00e9rance veut r\u00e9pondre \u00e0 cet appel. Pendant 10 jours, nous allons sortir de nos habitudes, quitter notre routine et r\u00e9veiller le d\u00e9sir ardent de l\u2019amour de Dieu en nous. Nous allons sillonner les villages de notre doyenn\u00e9, partir \u00e0 la rencontre de ses habitants, partager des moments de gratuit\u00e9 et d\u2019amiti\u00e9 avec eux. Et ce sera le signe, la manifestation, de notre amour et de l\u2019amour de Dieu pour eux. Alors, celles et ceux que nous rencontreront pourront dire, avec l\u2019auteur de l\u2019Apocalypse&nbsp;: \u00ab&nbsp;J\u2019ai vu un ciel nouveau et une terre nouvelle, oui, le Seigneur fait vraiment toutes choses nouvelles&nbsp;!&nbsp;\u00bb All\u00e9luia&nbsp;!<\/p>\n\n\n\n<p>Amen.<\/p>\n\n\n\n<p>P. Beno\u00eet Lecomte<\/p>\n","protected":false},"excerpt":{"rendered":"<p>\u00ab&nbsp;Voici que je fais toutes choses nouvelles.&nbsp;\u00bb Ces mots de la lecture de l\u2019Apocalypse, on pourrait dire que c\u2019est la signature de Dieu au c\u0153ur de nos vies. De l\u2019ancien, il fait du nouveau, du raide, il fait du tendre, du mort, il fait du vivant. Avec Dieu, tout est toujours nouveaut\u00e9. Tout est toujours [&hellip;]<\/p>\n","protected":false},"author":4,"featured_media":10699,"comment_status":"open","ping_status":"open","sticky":false,"template":"","format":"standard","meta":{"_acf_changed":false,"paroisse":["16"],"service":["0"],"footnotes":""},"categories":[1,12,3],"tags":[],"class_list":["post-10698","post","type-post","status-publish","format-standard","has-post-thumbnail","hentry","category-actualites","category-chalais","category-homelies","validated"],"acf":[],"yoast_head":"<!-- This site is optimized with the Yoast SEO plugin v27.1.1 - https:\/\/yoast.com\/product\/yoast-seo-wordpress\/ -->\n<title>Hom\u00e9lie du 18 mai 2025, par le P. Beno\u00eet Lecomte - Doyenn\u00e9 Sud Charente<\/title>\n<meta name=\"robots\" content=\"index, follow, max-snippet:-1, max-image-preview:large, max-video-preview:-1\" \/>\n<link rel=\"canonical\" href=\"https:\/\/charente.catholique.fr\/sud-charente\/actualites\/homelie-du-18-mai-2025-par-le-p-benoit-lecomte\/\" \/>\n<meta property=\"og:locale\" content=\"fr_FR\" \/>\n<meta property=\"og:type\" content=\"article\" \/>\n<meta property=\"og:title\" content=\"Hom\u00e9lie du 18 mai 2025, par le P. Beno\u00eet Lecomte - Doyenn\u00e9 Sud Charente\" \/>\n<meta property=\"og:description\" content=\"\u00ab&nbsp;Voici que je fais toutes choses nouvelles.&nbsp;\u00bb Ces mots de la lecture de l\u2019Apocalypse, on pourrait dire que c\u2019est la signature de Dieu au c\u0153ur de nos vies. De l\u2019ancien, il fait du nouveau, du raide, il fait du tendre, du mort, il fait du vivant. Avec Dieu, tout est toujours nouveaut\u00e9. Tout est toujours [&hellip;]\" \/>\n<meta property=\"og:url\" content=\"https:\/\/charente.catholique.fr\/sud-charente\/actualites\/homelie-du-18-mai-2025-par-le-p-benoit-lecomte\/\" \/>\n<meta property=\"og:site_name\" content=\"Doyenn\u00e9 Sud Charente\" \/>\n<meta property=\"article:publisher\" content=\"https:\/\/www.facebook.com\/EgliseCatholiqueCharente\" \/>\n<meta property=\"article:published_time\" content=\"2025-05-18T16:33:46+00:00\" \/>\n<meta property=\"article:modified_time\" content=\"2025-05-18T16:33:47+00:00\" \/>\n<meta property=\"og:image\" content=\"https:\/\/charente.catholique.fr\/sud-charente\/wp-content\/uploads\/sites\/5\/2025\/05\/alliance-790807_1280.jpg\" \/>\n\t<meta property=\"og:image:width\" content=\"1280\" \/>\n\t<meta property=\"og:image:height\" content=\"598\" \/>\n\t<meta property=\"og:image:type\" content=\"image\/jpeg\" \/>\n<meta name=\"author\" content=\"Beno\u00eet\" \/>\n<meta name=\"twitter:card\" content=\"summary_large_image\" \/>\n<meta name=\"twitter:creator\" content=\"@diocesecharente\" \/>\n<meta name=\"twitter:site\" content=\"@diocesecharente\" \/>\n<meta name=\"twitter:label1\" content=\"\u00c9crit par\" \/>\n\t<meta name=\"twitter:data1\" content=\"Beno\u00eet\" \/>\n\t<meta name=\"twitter:label2\" content=\"Dur\u00e9e de lecture estim\u00e9e\" \/>\n\t<meta name=\"twitter:data2\" content=\"5 minutes\" \/>\n<script type=\"application\/ld+json\" class=\"yoast-schema-graph\">{\"@context\":\"https:\/\/schema.org\",\"@graph\":[{\"@type\":\"Article\",\"@id\":\"https:\/\/charente.catholique.fr\/sud-charente\/actualites\/homelie-du-18-mai-2025-par-le-p-benoit-lecomte\/#article\",\"isPartOf\":{\"@id\":\"https:\/\/charente.catholique.fr\/sud-charente\/actualites\/homelie-du-18-mai-2025-par-le-p-benoit-lecomte\/\"},\"author\":{\"name\":\"Beno\u00eet\",\"@id\":\"https:\/\/charente.catholique.fr\/sud-charente\/#\/schema\/person\/ddcc6ba32a4484b49a276652de901387\"},\"headline\":\"Hom\u00e9lie du 18 mai 2025, par le P. Beno\u00eet Lecomte\",\"datePublished\":\"2025-05-18T16:33:46+00:00\",\"dateModified\":\"2025-05-18T16:33:47+00:00\",\"mainEntityOfPage\":{\"@id\":\"https:\/\/charente.catholique.fr\/sud-charente\/actualites\/homelie-du-18-mai-2025-par-le-p-benoit-lecomte\/\"},\"wordCount\":992,\"commentCount\":0,\"publisher\":{\"@id\":\"https:\/\/charente.catholique.fr\/sud-charente\/#organization\"},\"image\":{\"@id\":\"https:\/\/charente.catholique.fr\/sud-charente\/actualites\/homelie-du-18-mai-2025-par-le-p-benoit-lecomte\/#primaryimage\"},\"thumbnailUrl\":\"https:\/\/charente.catholique.fr\/sud-charente\/wp-content\/uploads\/sites\/5\/2025\/05\/alliance-790807_1280.jpg\",\"articleSection\":[\"Actualit\u00e9s\",\"Chalais\",\"Hom\u00e9lies\"],\"inLanguage\":\"fr-FR\",\"potentialAction\":[{\"@type\":\"CommentAction\",\"name\":\"Comment\",\"target\":[\"https:\/\/charente.catholique.fr\/sud-charente\/actualites\/homelie-du-18-mai-2025-par-le-p-benoit-lecomte\/#respond\"]}]},{\"@type\":\"WebPage\",\"@id\":\"https:\/\/charente.catholique.fr\/sud-charente\/actualites\/homelie-du-18-mai-2025-par-le-p-benoit-lecomte\/\",\"url\":\"https:\/\/charente.catholique.fr\/sud-charente\/actualites\/homelie-du-18-mai-2025-par-le-p-benoit-lecomte\/\",\"name\":\"Hom\u00e9lie du 18 mai 2025, par le P. Beno\u00eet Lecomte - Doyenn\u00e9 Sud Charente\",\"isPartOf\":{\"@id\":\"https:\/\/charente.catholique.fr\/sud-charente\/#website\"},\"primaryImageOfPage\":{\"@id\":\"https:\/\/charente.catholique.fr\/sud-charente\/actualites\/homelie-du-18-mai-2025-par-le-p-benoit-lecomte\/#primaryimage\"},\"image\":{\"@id\":\"https:\/\/charente.catholique.fr\/sud-charente\/actualites\/homelie-du-18-mai-2025-par-le-p-benoit-lecomte\/#primaryimage\"},\"thumbnailUrl\":\"https:\/\/charente.catholique.fr\/sud-charente\/wp-content\/uploads\/sites\/5\/2025\/05\/alliance-790807_1280.jpg\",\"datePublished\":\"2025-05-18T16:33:46+00:00\",\"dateModified\":\"2025-05-18T16:33:47+00:00\",\"breadcrumb\":{\"@id\":\"https:\/\/charente.catholique.fr\/sud-charente\/actualites\/homelie-du-18-mai-2025-par-le-p-benoit-lecomte\/#breadcrumb\"},\"inLanguage\":\"fr-FR\",\"potentialAction\":[{\"@type\":\"ReadAction\",\"target\":[\"https:\/\/charente.catholique.fr\/sud-charente\/actualites\/homelie-du-18-mai-2025-par-le-p-benoit-lecomte\/\"]}]},{\"@type\":\"ImageObject\",\"inLanguage\":\"fr-FR\",\"@id\":\"https:\/\/charente.catholique.fr\/sud-charente\/actualites\/homelie-du-18-mai-2025-par-le-p-benoit-lecomte\/#primaryimage\",\"url\":\"https:\/\/charente.catholique.fr\/sud-charente\/wp-content\/uploads\/sites\/5\/2025\/05\/alliance-790807_1280.jpg\",\"contentUrl\":\"https:\/\/charente.catholique.fr\/sud-charente\/wp-content\/uploads\/sites\/5\/2025\/05\/alliance-790807_1280.jpg\",\"width\":1280,\"height\":598},{\"@type\":\"BreadcrumbList\",\"@id\":\"https:\/\/charente.catholique.fr\/sud-charente\/actualites\/homelie-du-18-mai-2025-par-le-p-benoit-lecomte\/#breadcrumb\",\"itemListElement\":[{\"@type\":\"ListItem\",\"position\":1,\"name\":\"Accueil\",\"item\":\"https:\/\/charente.catholique.fr\/sud-charente\/\"},{\"@type\":\"ListItem\",\"position\":2,\"name\":\"Hom\u00e9lie du 18 mai 2025, par le P. Beno\u00eet Lecomte\"}]},{\"@type\":\"WebSite\",\"@id\":\"https:\/\/charente.catholique.fr\/sud-charente\/#website\",\"url\":\"https:\/\/charente.catholique.fr\/sud-charente\/\",\"name\":\"Doyenn\u00e9 Sud Charente - Dioc\u00e8se d'Angoul\u00eame\",\"description\":\"Dioc\u00e8se d&#039;Angoul\u00eame\",\"publisher\":{\"@id\":\"https:\/\/charente.catholique.fr\/sud-charente\/#organization\"},\"potentialAction\":[{\"@type\":\"SearchAction\",\"target\":{\"@type\":\"EntryPoint\",\"urlTemplate\":\"https:\/\/charente.catholique.fr\/sud-charente\/?s={search_term_string}\"},\"query-input\":{\"@type\":\"PropertyValueSpecification\",\"valueRequired\":true,\"valueName\":\"search_term_string\"}}],\"inLanguage\":\"fr-FR\"},{\"@type\":\"Organization\",\"@id\":\"https:\/\/charente.catholique.fr\/sud-charente\/#organization\",\"name\":\"Association dioc\u00e9saine d'Angoul\u00eame\",\"url\":\"https:\/\/charente.catholique.fr\/sud-charente\/\",\"logo\":{\"@type\":\"ImageObject\",\"inLanguage\":\"fr-FR\",\"@id\":\"https:\/\/charente.catholique.fr\/sud-charente\/#\/schema\/logo\/image\/\",\"url\":\"https:\/\/charente.catholique.fr\/sud-charente\/wp-content\/uploads\/sites\/5\/2020\/10\/logos.png\",\"contentUrl\":\"https:\/\/charente.catholique.fr\/sud-charente\/wp-content\/uploads\/sites\/5\/2020\/10\/logos.png\",\"width\":600,\"height\":257,\"caption\":\"Association dioc\u00e9saine d'Angoul\u00eame\"},\"image\":{\"@id\":\"https:\/\/charente.catholique.fr\/sud-charente\/#\/schema\/logo\/image\/\"},\"sameAs\":[\"https:\/\/www.facebook.com\/EgliseCatholiqueCharente\",\"https:\/\/x.com\/diocesecharente\",\"https:\/\/www.instagram.com\/eglisecharente\",\"https:\/\/www.youtube.com\/channel\/UCByyFWApZbw3gDTiADoiAaQ\"]},{\"@type\":\"Person\",\"@id\":\"https:\/\/charente.catholique.fr\/sud-charente\/#\/schema\/person\/ddcc6ba32a4484b49a276652de901387\",\"name\":\"Beno\u00eet\",\"image\":{\"@type\":\"ImageObject\",\"inLanguage\":\"fr-FR\",\"@id\":\"https:\/\/charente.catholique.fr\/sud-charente\/#\/schema\/person\/image\/\",\"url\":\"https:\/\/secure.gravatar.com\/avatar\/367de281020c81cafc6a2f9b79fef00a1981a890412ad8b09b11385575886666?s=96&d=mm&r=g\",\"contentUrl\":\"https:\/\/secure.gravatar.com\/avatar\/367de281020c81cafc6a2f9b79fef00a1981a890412ad8b09b11385575886666?s=96&d=mm&r=g\",\"caption\":\"Beno\u00eet\"},\"url\":\"https:\/\/charente.catholique.fr\/sud-charente\/author\/benoitlecomte\/\"}]}<\/script>\n<!-- \/ Yoast SEO plugin. -->","yoast_head_json":{"title":"Hom\u00e9lie du 18 mai 2025, par le P. Beno\u00eet Lecomte - Doyenn\u00e9 Sud Charente","robots":{"index":"index","follow":"follow","max-snippet":"max-snippet:-1","max-image-preview":"max-image-preview:large","max-video-preview":"max-video-preview:-1"},"canonical":"https:\/\/charente.catholique.fr\/sud-charente\/actualites\/homelie-du-18-mai-2025-par-le-p-benoit-lecomte\/","og_locale":"fr_FR","og_type":"article","og_title":"Hom\u00e9lie du 18 mai 2025, par le P. Beno\u00eet Lecomte - Doyenn\u00e9 Sud Charente","og_description":"\u00ab&nbsp;Voici que je fais toutes choses nouvelles.&nbsp;\u00bb Ces mots de la lecture de l\u2019Apocalypse, on pourrait dire que c\u2019est la signature de Dieu au c\u0153ur de nos vies. De l\u2019ancien, il fait du nouveau, du raide, il fait du tendre, du mort, il fait du vivant. Avec Dieu, tout est toujours nouveaut\u00e9. Tout est toujours [&hellip;]","og_url":"https:\/\/charente.catholique.fr\/sud-charente\/actualites\/homelie-du-18-mai-2025-par-le-p-benoit-lecomte\/","og_site_name":"Doyenn\u00e9 Sud Charente","article_publisher":"https:\/\/www.facebook.com\/EgliseCatholiqueCharente","article_published_time":"2025-05-18T16:33:46+00:00","article_modified_time":"2025-05-18T16:33:47+00:00","og_image":[{"width":1280,"height":598,"url":"https:\/\/charente.catholique.fr\/sud-charente\/wp-content\/uploads\/sites\/5\/2025\/05\/alliance-790807_1280.jpg","type":"image\/jpeg"}],"author":"Beno\u00eet","twitter_card":"summary_large_image","twitter_creator":"@diocesecharente","twitter_site":"@diocesecharente","twitter_misc":{"\u00c9crit par":"Beno\u00eet","Dur\u00e9e de lecture estim\u00e9e":"5 minutes"},"schema":{"@context":"https:\/\/schema.org","@graph":[{"@type":"Article","@id":"https:\/\/charente.catholique.fr\/sud-charente\/actualites\/homelie-du-18-mai-2025-par-le-p-benoit-lecomte\/#article","isPartOf":{"@id":"https:\/\/charente.catholique.fr\/sud-charente\/actualites\/homelie-du-18-mai-2025-par-le-p-benoit-lecomte\/"},"author":{"name":"Beno\u00eet","@id":"https:\/\/charente.catholique.fr\/sud-charente\/#\/schema\/person\/ddcc6ba32a4484b49a276652de901387"},"headline":"Hom\u00e9lie du 18 mai 2025, par le P. Beno\u00eet Lecomte","datePublished":"2025-05-18T16:33:46+00:00","dateModified":"2025-05-18T16:33:47+00:00","mainEntityOfPage":{"@id":"https:\/\/charente.catholique.fr\/sud-charente\/actualites\/homelie-du-18-mai-2025-par-le-p-benoit-lecomte\/"},"wordCount":992,"commentCount":0,"publisher":{"@id":"https:\/\/charente.catholique.fr\/sud-charente\/#organization"},"image":{"@id":"https:\/\/charente.catholique.fr\/sud-charente\/actualites\/homelie-du-18-mai-2025-par-le-p-benoit-lecomte\/#primaryimage"},"thumbnailUrl":"https:\/\/charente.catholique.fr\/sud-charente\/wp-content\/uploads\/sites\/5\/2025\/05\/alliance-790807_1280.jpg","articleSection":["Actualit\u00e9s","Chalais","Hom\u00e9lies"],"inLanguage":"fr-FR","potentialAction":[{"@type":"CommentAction","name":"Comment","target":["https:\/\/charente.catholique.fr\/sud-charente\/actualites\/homelie-du-18-mai-2025-par-le-p-benoit-lecomte\/#respond"]}]},{"@type":"WebPage","@id":"https:\/\/charente.catholique.fr\/sud-charente\/actualites\/homelie-du-18-mai-2025-par-le-p-benoit-lecomte\/","url":"https:\/\/charente.catholique.fr\/sud-charente\/actualites\/homelie-du-18-mai-2025-par-le-p-benoit-lecomte\/","name":"Hom\u00e9lie du 18 mai 2025, par le P. Beno\u00eet Lecomte - Doyenn\u00e9 Sud Charente","isPartOf":{"@id":"https:\/\/charente.catholique.fr\/sud-charente\/#website"},"primaryImageOfPage":{"@id":"https:\/\/charente.catholique.fr\/sud-charente\/actualites\/homelie-du-18-mai-2025-par-le-p-benoit-lecomte\/#primaryimage"},"image":{"@id":"https:\/\/charente.catholique.fr\/sud-charente\/actualites\/homelie-du-18-mai-2025-par-le-p-benoit-lecomte\/#primaryimage"},"thumbnailUrl":"https:\/\/charente.catholique.fr\/sud-charente\/wp-content\/uploads\/sites\/5\/2025\/05\/alliance-790807_1280.jpg","datePublished":"2025-05-18T16:33:46+00:00","dateModified":"2025-05-18T16:33:47+00:00","breadcrumb":{"@id":"https:\/\/charente.catholique.fr\/sud-charente\/actualites\/homelie-du-18-mai-2025-par-le-p-benoit-lecomte\/#breadcrumb"},"inLanguage":"fr-FR","potentialAction":[{"@type":"ReadAction","target":["https:\/\/charente.catholique.fr\/sud-charente\/actualites\/homelie-du-18-mai-2025-par-le-p-benoit-lecomte\/"]}]},{"@type":"ImageObject","inLanguage":"fr-FR","@id":"https:\/\/charente.catholique.fr\/sud-charente\/actualites\/homelie-du-18-mai-2025-par-le-p-benoit-lecomte\/#primaryimage","url":"https:\/\/charente.catholique.fr\/sud-charente\/wp-content\/uploads\/sites\/5\/2025\/05\/alliance-790807_1280.jpg","contentUrl":"https:\/\/charente.catholique.fr\/sud-charente\/wp-content\/uploads\/sites\/5\/2025\/05\/alliance-790807_1280.jpg","width":1280,"height":598},{"@type":"BreadcrumbList","@id":"https:\/\/charente.catholique.fr\/sud-charente\/actualites\/homelie-du-18-mai-2025-par-le-p-benoit-lecomte\/#breadcrumb","itemListElement":[{"@type":"ListItem","position":1,"name":"Accueil","item":"https:\/\/charente.catholique.fr\/sud-charente\/"},{"@type":"ListItem","position":2,"name":"Hom\u00e9lie du 18 mai 2025, par le P. Beno\u00eet Lecomte"}]},{"@type":"WebSite","@id":"https:\/\/charente.catholique.fr\/sud-charente\/#website","url":"https:\/\/charente.catholique.fr\/sud-charente\/","name":"Doyenn\u00e9 Sud Charente - Dioc\u00e8se d'Angoul\u00eame","description":"Dioc\u00e8se d&#039;Angoul\u00eame","publisher":{"@id":"https:\/\/charente.catholique.fr\/sud-charente\/#organization"},"potentialAction":[{"@type":"SearchAction","target":{"@type":"EntryPoint","urlTemplate":"https:\/\/charente.catholique.fr\/sud-charente\/?s={search_term_string}"},"query-input":{"@type":"PropertyValueSpecification","valueRequired":true,"valueName":"search_term_string"}}],"inLanguage":"fr-FR"},{"@type":"Organization","@id":"https:\/\/charente.catholique.fr\/sud-charente\/#organization","name":"Association dioc\u00e9saine d'Angoul\u00eame","url":"https:\/\/charente.catholique.fr\/sud-charente\/","logo":{"@type":"ImageObject","inLanguage":"fr-FR","@id":"https:\/\/charente.catholique.fr\/sud-charente\/#\/schema\/logo\/image\/","url":"https:\/\/charente.catholique.fr\/sud-charente\/wp-content\/uploads\/sites\/5\/2020\/10\/logos.png","contentUrl":"https:\/\/charente.catholique.fr\/sud-charente\/wp-content\/uploads\/sites\/5\/2020\/10\/logos.png","width":600,"height":257,"caption":"Association dioc\u00e9saine d'Angoul\u00eame"},"image":{"@id":"https:\/\/charente.catholique.fr\/sud-charente\/#\/schema\/logo\/image\/"},"sameAs":["https:\/\/www.facebook.com\/EgliseCatholiqueCharente","https:\/\/x.com\/diocesecharente","https:\/\/www.instagram.com\/eglisecharente","https:\/\/www.youtube.com\/channel\/UCByyFWApZbw3gDTiADoiAaQ"]},{"@type":"Person","@id":"https:\/\/charente.catholique.fr\/sud-charente\/#\/schema\/person\/ddcc6ba32a4484b49a276652de901387","name":"Beno\u00eet","image":{"@type":"ImageObject","inLanguage":"fr-FR","@id":"https:\/\/charente.catholique.fr\/sud-charente\/#\/schema\/person\/image\/","url":"https:\/\/secure.gravatar.com\/avatar\/367de281020c81cafc6a2f9b79fef00a1981a890412ad8b09b11385575886666?s=96&d=mm&r=g","contentUrl":"https:\/\/secure.gravatar.com\/avatar\/367de281020c81cafc6a2f9b79fef00a1981a890412ad8b09b11385575886666?s=96&d=mm&r=g","caption":"Beno\u00eet"},"url":"https:\/\/charente.catholique.fr\/sud-charente\/author\/benoitlecomte\/"}]}},"_links":{"self":[{"href":"https:\/\/charente.catholique.fr\/sud-charente\/wp-json\/wp\/v2\/posts\/10698","targetHints":{"allow":["GET"]}}],"collection":[{"href":"https:\/\/charente.catholique.fr\/sud-charente\/wp-json\/wp\/v2\/posts"}],"about":[{"href":"https:\/\/charente.catholique.fr\/sud-charente\/wp-json\/wp\/v2\/types\/post"}],"author":[{"embeddable":true,"href":"https:\/\/charente.catholique.fr\/sud-charente\/wp-json\/wp\/v2\/users\/4"}],"replies":[{"embeddable":true,"href":"https:\/\/charente.catholique.fr\/sud-charente\/wp-json\/wp\/v2\/comments?post=10698"}],"version-history":[{"count":1,"href":"https:\/\/charente.catholique.fr\/sud-charente\/wp-json\/wp\/v2\/posts\/10698\/revisions"}],"predecessor-version":[{"id":10700,"href":"https:\/\/charente.catholique.fr\/sud-charente\/wp-json\/wp\/v2\/posts\/10698\/revisions\/10700"}],"wp:featuredmedia":[{"embeddable":true,"href":"https:\/\/charente.catholique.fr\/sud-charente\/wp-json\/wp\/v2\/media\/10699"}],"wp:attachment":[{"href":"https:\/\/charente.catholique.fr\/sud-charente\/wp-json\/wp\/v2\/media?parent=10698"}],"wp:term":[{"taxonomy":"category","embeddable":true,"href":"https:\/\/charente.catholique.fr\/sud-charente\/wp-json\/wp\/v2\/categories?post=10698"},{"taxonomy":"post_tag","embeddable":true,"href":"https:\/\/charente.catholique.fr\/sud-charente\/wp-json\/wp\/v2\/tags?post=10698"}],"curies":[{"name":"wp","href":"https:\/\/api.w.org\/{rel}","templated":true}]}}