{"id":10007,"date":"2025-02-24T14:37:30","date_gmt":"2025-02-24T13:37:30","guid":{"rendered":"https:\/\/charente.catholique.fr\/sud-charente\/?p=10007"},"modified":"2025-02-26T09:37:35","modified_gmt":"2025-02-26T08:37:35","slug":"infos-paroissiales-du-23-fevrier-2025","status":"publish","type":"post","link":"https:\/\/charente.catholique.fr\/sud-charente\/actualites\/infos-paroissiales-du-23-fevrier-2025\/","title":{"rendered":"Infos paroissiales du 23 f\u00e9vrier 2025"},"content":{"rendered":"\n<p>Bienvenue \u00e0 notre rendez-vous hebdomadaire !<\/p>\n\n\n\n<p><a href=\"https:\/\/charente.catholique.fr\/sud-charente\/actualites\/homelie-du-23-fevrier-2025-par-le-p-benoit-lecomte\/\" target=\"_blank\" rel=\"noreferrer noopener\">Voici l&#8217;hom\u00e9lie de ce dimanche<\/a><\/p>\n\n\n\n<p>Cette semaine, l&#8217;\u00e9quipe de la Fraternit\u00e9 avec Kokologho &#8211; Bingo s&#8217;est r\u00e9unie. Retrouvez <a href=\"https:\/\/charente.catholique.fr\/sud-charente\/actualites\/echos-de-la-rencontre-de-la-fraternite-kokologho\/\" target=\"_blank\" rel=\"noreferrer noopener\">quelques \u00e9chos de la rencontre<\/a>.<\/p>\n\n\n\n<h6 class=\"wp-block-heading\"><strong>Spectacle &#8220;Nous l&#8217;avons rencontr\u00e9&#8221;<\/strong><\/h6>\n\n\n\n<p><strong>Notre car\u00eame sera marqu\u00e9 le dimanche 16 mars par le passage du <a href=\"https:\/\/charente.catholique.fr\/sud-charente\/agenda\/spectacle-nous-lavons-rencontre\/\" target=\"_blank\" rel=\"noreferrer noopener\">spectacle th\u00e9\u00e2tre &#8220;Nous l&#8217;avons rencontr\u00e9&#8221;<\/a><\/strong>. Plus qu&#8217;un spectacle c&#8217;est une rencontre avec la Parole de Dieu qui nous est propos\u00e9e de vivre. L&#8217;\u00e9vangile selon Saint Jean comme vous ne l&#8217;avez jamais vu. Cette rencontre sera une occasion pour nous d&#8217;entrer dans le temps du car\u00eame. R\u00e9servez votre apr\u00e8s-midi, et pourquoi pas vos places avec <a href=\"https:\/\/charente.catholique.fr\/sud-charente\/agenda\/spectacle-nous-lavons-rencontre\/\" target=\"_blank\" rel=\"noreferrer noopener\">la billetterie en ligne<\/a> ou achetez-les au secr\u00e9tariat paroissial.Spectacle dimanche 16 mars, \u00e0 16h00 \u00e0 Salles-de-Barbezieux<\/p>\n\n\n\n<h6 class=\"wp-block-heading\"><br><strong>Les rendez-vous de la semaine<\/strong><\/h6>\n\n\n\n<p><strong>Lundi 24<\/strong><\/p>\n\n\n\n<p>14h30 <a href=\"https:\/\/charente.catholique.fr\/sud-charente\/agenda\/atelier-creatif-crochet-tricot-couture-le-3-fevrier-2025\/\" target=\"_blank\" rel=\"noreferrer noopener\">Atelier tricot &#8211; crochet et couture<\/a> au Fraternel.<\/p>\n\n\n\n<p>18h00 <a href=\"https:\/\/charente.catholique.fr\/sud-charente\/agenda\/formation-introduction-a-la-bible-5\/\" target=\"_blank\" rel=\"noreferrer noopener\">Cours d&#8217;introduction \u00e0 la Bible<\/a>, au Fraternel<\/p>\n\n\n\n<p><strong>Mardi 25<\/strong><\/p>\n\n\n\n<p><em>Pas de messe \u00e0 Barbezieux<\/em><\/p>\n\n\n\n<p>9h30 Ouverture du caf\u00e9 Le Fraternel, jusqu&#8217;\u00e0 12h<\/p>\n\n\n\n<p>10h00 Permanence d&#8217;\u00e9coute, au Fraternel, jusqu&#8217;\u00e0 12h<\/p>\n\n\n\n<p>14h00 Ouverture de la boutique solidaire du Secours Catholique<\/p>\n\n\n\n<p>15h00 Groupe du Renouveau, \u00e0 l&#8217;oratoire<\/p>\n\n\n\n<p><strong>20h00 Soir\u00e9e exceptionnelle au Fraternel. Federico Rossin, grand historien et critique de cin\u00e9ma, programmateur de nombreux festivals de cin\u00e9ma, pr\u00e9sentera au Fraternel un film sur l&#8217;accueil.<\/strong><\/p>\n\n\n\n<p><strong>Mercredi 26<\/strong><\/p>\n\n\n\n<p>8h30 Confessions<\/p>\n\n\n\n<p>11h30 Messe \u00e0 l&#8217;Arche les sapins<\/p>\n\n\n\n<p>17h30 R\u00e9p\u00e9tition de la chorale de Baignes<\/p>\n\n\n\n<p>18h00 Messe \u00e0 Barbezieux, suivie de confessions jusqu&#8217;\u00e0 19h30<\/p>\n\n\n\n<p>20h30 Soir\u00e9e Net for God, chez J et F Dubois \u00e0 Cond\u00e9on<\/p>\n\n\n\n<p><strong>Jeudi 27<\/strong><\/p>\n\n\n\n<p>8h45 Messe \u00e0 Barbezieux<\/p>\n\n\n\n<p>9h15 Chapelet \u00e0 Barbezieux<\/p>\n\n\n\n<p>20h00 R\u00e9p\u00e9tition de la chorale<\/p>\n\n\n\n<p><strong>Vendredi 28<\/strong><\/p>\n\n\n\n<p>9h30 Messe \u00e0 Barbezieux, suivi de confessions jusqu&#8217;\u00e0 10h30<\/p>\n\n\n\n<p>11h00 Chapelet \u00e0 Vignolles<\/p>\n\n\n\n<p>14h00 Ouverture de la boutique solidaire du Secours Catholique<\/p>\n\n\n\n<p>15h00 Chapelet chez Mme Fornel \u00e0 Barbezieux<\/p>\n\n\n\n<p>18h00&nbsp; <a href=\"https:\/\/charente.catholique.fr\/sud-charente\/agenda\/vernissage-de-lexposition-de-dominique-testaud\/\" target=\"_blank\" rel=\"noreferrer noopener\">Vernissage de l&#8217;exposition de Dominique Testaud<\/a>, au Fraternel<\/p>\n\n\n\n<p><strong>Samedi 1er mars<\/strong><\/p>\n\n\n\n<p>9h00 &#8211; 11h Ouverture du Fraternel<\/p>\n\n\n\n<p>10h00 Rencontre des confirmands<\/p>\n\n\n\n<p><strong>18h00 Messe \u00e0 Baignes<\/strong><\/p>\n\n\n\n<p>20h00 <a href=\"https:\/\/charente.catholique.fr\/sud-charente\/agenda\/soiree-litteraire-le-1er-mars-2025\/\" target=\"_blank\" rel=\"noreferrer noopener\">Soir\u00e9e litt\u00e9raire : \u201cJe ne crois pas en Dieu, je le vis\u201d, de Maurice Zundel<\/a>, au Fraternel<\/p>\n\n\n\n<p><strong>Dimanche 2<\/strong><\/p>\n\n\n\n<p><strong>10h30&nbsp;Messe \u00e0 Barbezieux<\/strong><\/p>\n\n\n\n<p><\/p>\n\n\n\n<h6 class=\"wp-block-heading\"><strong>Bient\u00f4t le car\u00eame<\/strong><\/h6>\n\n\n\n<p>Le car\u00eame commence le mercredi 5 mars avec la c\u00e9l\u00e9bration des cendres.<\/p>\n\n\n\n<p>En plus du spectacle <a href=\"https:\/\/charente.catholique.fr\/sud-charente\/agenda\/spectacle-nous-lavons-rencontre\/\" target=\"_blank\" rel=\"noreferrer noopener\">&#8220;Nous l&#8217;avons rencontr\u00e9&#8221;<\/a> du 16 mars, un parcours en 3 rendez-vous est propos\u00e9 \u00e0 tous les paroissiens pour vivre cette pr\u00e9paration \u00e0 la f\u00eate de P\u00e2ques. Chaque samedi, de 11h30 \u00e0 13h30 : Messe, Bol de riz, Film et \u00e9change.<\/p>\n\n\n\n<p><a href=\"https:\/\/charente.catholique.fr\/sud-charente\/actualites\/vivre-le-careme-a-barbezieux-baignes-barret\/\" target=\"_blank\" rel=\"noreferrer noopener\">D\u00e9couvrez ces rencontres en cliquant ici<\/a>.<\/p>\n\n\n\n<p>R\u00e9servez les samedis midis des 15 mars, 29 mars et 12 avril !<\/p>\n\n\n\n<h6 class=\"wp-block-heading\"><strong>Cours d&#8217;introduction \u00e0 la Bible<\/strong><\/h6>\n\n\n\n<p>Ce lundi 6 janvier, a d\u00e9but\u00e9 une proposition de formation in\u00e9dite. Gr\u00e2ce \u00e0 un partenariat avec le Centre Th\u00e9ologique de Poitiers, nous pouvons b\u00e9n\u00e9ficier \u00e0 Barbezieux du <strong><a href=\"https:\/\/charente.catholique.fr\/sud-charente\/agenda\/formation-introduction-a-la-bible\/\" target=\"_blank\" rel=\"noreferrer noopener\">cours d&#8217;introduction \u00e0 la Bible<\/a><\/strong> du P\u00e8re Yves-Marie Blanchard, professeur honoraire \u00e0 l&#8217;Institut Catholique de Paris.<\/p>\n\n\n\n<p>Ce cours est offert, ouvert \u00e0 tous, et est de grande qualit\u00e9.<\/p>\n\n\n\n<p>Rendez-vous pendant 9 semaines d&#8217;affil\u00e9e, les lundis de 18h \u00e0 20h au Fraternel.<\/p>\n\n\n\n<p><strong>Venez essayer, d\u00e8s ce lundi !<\/strong><\/p>\n\n\n\n<h6 class=\"wp-block-heading\"><strong>Le Fraternel<\/strong> <\/h6>\n\n\n\n<p>A toujours 1000 propositions et animations.<\/p>\n\n\n\n<p><a href=\"https:\/\/charente.catholique.fr\/sud-charente\/le-fraternel\/\" target=\"_blank\" rel=\"noreferrer noopener\">Retrouvez le programme ici<\/a>.<\/p>\n\n\n\n<p><strong>Cette semaine :<\/strong><\/p>\n\n\n\n<p><a href=\"https:\/\/charente.catholique.fr\/sud-charente\/agenda\/atelier-creatif-crochet-tricot-couture-le-3-fevrier-2025\/\" target=\"_blank\" rel=\"noreferrer noopener\">&#8211; Atelier tricot &#8211; crochet et couture<\/a>, lundi \u00e0 14h30. Le rendez-vous est d\u00e9sormais hebdomadaire !<\/p>\n\n\n\n<p>&#8211; <a href=\"https:\/\/charente.catholique.fr\/sud-charente\/agenda\/formation-introduction-a-la-bible-5\/\" target=\"_blank\" rel=\"noreferrer noopener\">Cours d&#8217;introduction \u00e0 la Bible<\/a>, lundi \u00e0 18h00<\/p>\n\n\n\n<p><strong>&#8211; <\/strong><strong>Soir\u00e9e exceptionnelle au Fraternel. Federico Rossin, grand historien et critique de cin\u00e9ma, programmateur de nombreux festivals de cin\u00e9ma, pr\u00e9sentera au Fraternel un film sur l&#8217;accueil.<\/strong> Mardi, 20h00<\/p>\n\n\n\n<p>&#8211; <a href=\"https:\/\/charente.catholique.fr\/sud-charente\/agenda\/vernissage-de-lexposition-de-dominique-testaud\/\" target=\"_blank\" rel=\"noreferrer noopener\">Vernissage de l&#8217;exposition de Dominique Testaud<\/a>, vendredi 28 f\u00e9vrier \u00e0 18h00<\/p>\n\n\n\n<p>&#8211; <a href=\"https:\/\/charente.catholique.fr\/sud-charente\/agenda\/soiree-litteraire-le-1er-mars-2025\/\" target=\"_blank\" rel=\"noreferrer noopener\">Soir\u00e9e litt\u00e9raire<\/a> : \u201cJe ne crois pas en Dieu, je le vis\u201d, de Maurice Zundel, samedi 1er mars \u00e0 20h00<\/p>\n\n\n\n<h6 class=\"wp-block-heading\"><strong>Quelques infos dioc\u00e9saines<\/strong><\/h6>\n\n\n\n<p>&#8211; 15 mars : <a href=\"https:\/\/charente.catholique.fr\/agenda\/quels-enjeux-geopolitiques-et-interreligieux-au-proche-orient\/\" target=\"_blank\" rel=\"noreferrer noopener\">Quels enjeux g\u00e9opolitiques et interreligieux au Proche Orient ?<br><\/a>Toutes les infos du dioc\u00e8se : <a href=\"https:\/\/charente.catholique.fr\/\" target=\"_blank\" rel=\"noreferrer noopener\">cliquez ici !<\/a><\/p>\n\n\n\n<p><a href=\"https:\/\/charente.catholique.fr\/newsletter\" target=\"_blank\" rel=\"noreferrer noopener\">Abonnez-vous \u00e0 la Lettre d&#8217;information du dioc\u00e8se<\/a> (tous les 15 jours)<\/p>\n\n\n\n<p>Bonne semaine \u00e0 toutes et \u00e0 tous !<\/p>\n","protected":false},"excerpt":{"rendered":"<p>Bienvenue \u00e0 notre rendez-vous hebdomadaire ! Voici l&#8217;hom\u00e9lie de ce dimanche Cette semaine, l&#8217;\u00e9quipe de la Fraternit\u00e9 avec Kokologho &#8211; Bingo s&#8217;est r\u00e9unie. Retrouvez quelques \u00e9chos de la rencontre. Spectacle &#8220;Nous l&#8217;avons rencontr\u00e9&#8221; Notre car\u00eame sera marqu\u00e9 le dimanche 16 mars par le passage du spectacle th\u00e9\u00e2tre &#8220;Nous l&#8217;avons rencontr\u00e9&#8221;. Plus qu&#8217;un spectacle c&#8217;est une [&hellip;]<\/p>\n","protected":false},"author":101,"featured_media":193,"comment_status":"open","ping_status":"open","sticky":false,"template":"","format":"standard","meta":{"_acf_changed":false,"paroisse":["15","15"],"service":["0"],"footnotes":""},"categories":[1,4,14],"tags":[],"class_list":["post-10007","post","type-post","status-publish","format-standard","has-post-thumbnail","hentry","category-actualites","category-barbezieux","category-infos-paroissiales","validated"],"acf":[],"yoast_head":"<!-- This site is optimized with the Yoast SEO plugin v27.1.1 - https:\/\/yoast.com\/product\/yoast-seo-wordpress\/ -->\n<title>Infos paroissiales du 23 f\u00e9vrier 2025 - Doyenn\u00e9 Sud Charente<\/title>\n<meta name=\"robots\" content=\"index, follow, max-snippet:-1, max-image-preview:large, max-video-preview:-1\" \/>\n<link rel=\"canonical\" href=\"https:\/\/charente.catholique.fr\/sud-charente\/actualites\/infos-paroissiales-du-23-fevrier-2025\/\" \/>\n<meta property=\"og:locale\" content=\"fr_FR\" \/>\n<meta property=\"og:type\" content=\"article\" \/>\n<meta property=\"og:title\" content=\"Infos paroissiales du 23 f\u00e9vrier 2025 - Doyenn\u00e9 Sud Charente\" \/>\n<meta property=\"og:description\" content=\"Bienvenue \u00e0 notre rendez-vous hebdomadaire ! Voici l&#8217;hom\u00e9lie de ce dimanche Cette semaine, l&#8217;\u00e9quipe de la Fraternit\u00e9 avec Kokologho &#8211; Bingo s&#8217;est r\u00e9unie. Retrouvez quelques \u00e9chos de la rencontre. Spectacle &#8220;Nous l&#8217;avons rencontr\u00e9&#8221; Notre car\u00eame sera marqu\u00e9 le dimanche 16 mars par le passage du spectacle th\u00e9\u00e2tre &#8220;Nous l&#8217;avons rencontr\u00e9&#8221;. Plus qu&#8217;un spectacle c&#8217;est une [&hellip;]\" \/>\n<meta property=\"og:url\" content=\"https:\/\/charente.catholique.fr\/sud-charente\/actualites\/infos-paroissiales-du-23-fevrier-2025\/\" \/>\n<meta property=\"og:site_name\" content=\"Doyenn\u00e9 Sud Charente\" \/>\n<meta property=\"article:publisher\" content=\"https:\/\/www.facebook.com\/EgliseCatholiqueCharente\" \/>\n<meta property=\"article:published_time\" content=\"2025-02-24T13:37:30+00:00\" \/>\n<meta property=\"article:modified_time\" content=\"2025-02-26T08:37:35+00:00\" \/>\n<meta property=\"og:image\" content=\"https:\/\/charente.catholique.fr\/sud-charente\/wp-content\/uploads\/sites\/5\/2020\/07\/logo_paroissebbb.png\" \/>\n\t<meta property=\"og:image:width\" content=\"4819\" \/>\n\t<meta property=\"og:image:height\" content=\"1449\" \/>\n\t<meta property=\"og:image:type\" content=\"image\/png\" \/>\n<meta name=\"author\" content=\"mariegrassin\" \/>\n<meta name=\"twitter:card\" content=\"summary_large_image\" \/>\n<meta name=\"twitter:creator\" content=\"@diocesecharente\" \/>\n<meta name=\"twitter:site\" content=\"@diocesecharente\" \/>\n<meta name=\"twitter:label1\" content=\"\u00c9crit par\" \/>\n\t<meta name=\"twitter:data1\" content=\"mariegrassin\" \/>\n\t<meta name=\"twitter:label2\" content=\"Dur\u00e9e de lecture estim\u00e9e\" \/>\n\t<meta name=\"twitter:data2\" content=\"4 minutes\" \/>\n<script type=\"application\/ld+json\" class=\"yoast-schema-graph\">{\"@context\":\"https:\/\/schema.org\",\"@graph\":[{\"@type\":\"Article\",\"@id\":\"https:\/\/charente.catholique.fr\/sud-charente\/actualites\/infos-paroissiales-du-23-fevrier-2025\/#article\",\"isPartOf\":{\"@id\":\"https:\/\/charente.catholique.fr\/sud-charente\/actualites\/infos-paroissiales-du-23-fevrier-2025\/\"},\"author\":{\"name\":\"mariegrassin\",\"@id\":\"https:\/\/charente.catholique.fr\/sud-charente\/#\/schema\/person\/2e541c97b6e45c4ce3272605e3fed636\"},\"headline\":\"Infos paroissiales du 23 f\u00e9vrier 2025\",\"datePublished\":\"2025-02-24T13:37:30+00:00\",\"dateModified\":\"2025-02-26T08:37:35+00:00\",\"mainEntityOfPage\":{\"@id\":\"https:\/\/charente.catholique.fr\/sud-charente\/actualites\/infos-paroissiales-du-23-fevrier-2025\/\"},\"wordCount\":656,\"commentCount\":0,\"publisher\":{\"@id\":\"https:\/\/charente.catholique.fr\/sud-charente\/#organization\"},\"image\":{\"@id\":\"https:\/\/charente.catholique.fr\/sud-charente\/actualites\/infos-paroissiales-du-23-fevrier-2025\/#primaryimage\"},\"thumbnailUrl\":\"https:\/\/charente.catholique.fr\/sud-charente\/wp-content\/uploads\/sites\/5\/2020\/07\/logo_paroissebbb.png\",\"articleSection\":[\"Actualit\u00e9s\",\"Barbezieux\",\"Infos paroissiales\"],\"inLanguage\":\"fr-FR\",\"potentialAction\":[{\"@type\":\"CommentAction\",\"name\":\"Comment\",\"target\":[\"https:\/\/charente.catholique.fr\/sud-charente\/actualites\/infos-paroissiales-du-23-fevrier-2025\/#respond\"]}]},{\"@type\":\"WebPage\",\"@id\":\"https:\/\/charente.catholique.fr\/sud-charente\/actualites\/infos-paroissiales-du-23-fevrier-2025\/\",\"url\":\"https:\/\/charente.catholique.fr\/sud-charente\/actualites\/infos-paroissiales-du-23-fevrier-2025\/\",\"name\":\"Infos paroissiales du 23 f\u00e9vrier 2025 - Doyenn\u00e9 Sud Charente\",\"isPartOf\":{\"@id\":\"https:\/\/charente.catholique.fr\/sud-charente\/#website\"},\"primaryImageOfPage\":{\"@id\":\"https:\/\/charente.catholique.fr\/sud-charente\/actualites\/infos-paroissiales-du-23-fevrier-2025\/#primaryimage\"},\"image\":{\"@id\":\"https:\/\/charente.catholique.fr\/sud-charente\/actualites\/infos-paroissiales-du-23-fevrier-2025\/#primaryimage\"},\"thumbnailUrl\":\"https:\/\/charente.catholique.fr\/sud-charente\/wp-content\/uploads\/sites\/5\/2020\/07\/logo_paroissebbb.png\",\"datePublished\":\"2025-02-24T13:37:30+00:00\",\"dateModified\":\"2025-02-26T08:37:35+00:00\",\"breadcrumb\":{\"@id\":\"https:\/\/charente.catholique.fr\/sud-charente\/actualites\/infos-paroissiales-du-23-fevrier-2025\/#breadcrumb\"},\"inLanguage\":\"fr-FR\",\"potentialAction\":[{\"@type\":\"ReadAction\",\"target\":[\"https:\/\/charente.catholique.fr\/sud-charente\/actualites\/infos-paroissiales-du-23-fevrier-2025\/\"]}]},{\"@type\":\"ImageObject\",\"inLanguage\":\"fr-FR\",\"@id\":\"https:\/\/charente.catholique.fr\/sud-charente\/actualites\/infos-paroissiales-du-23-fevrier-2025\/#primaryimage\",\"url\":\"https:\/\/charente.catholique.fr\/sud-charente\/wp-content\/uploads\/sites\/5\/2020\/07\/logo_paroissebbb.png\",\"contentUrl\":\"https:\/\/charente.catholique.fr\/sud-charente\/wp-content\/uploads\/sites\/5\/2020\/07\/logo_paroissebbb.png\",\"width\":4819,\"height\":1449},{\"@type\":\"BreadcrumbList\",\"@id\":\"https:\/\/charente.catholique.fr\/sud-charente\/actualites\/infos-paroissiales-du-23-fevrier-2025\/#breadcrumb\",\"itemListElement\":[{\"@type\":\"ListItem\",\"position\":1,\"name\":\"Accueil\",\"item\":\"https:\/\/charente.catholique.fr\/sud-charente\/\"},{\"@type\":\"ListItem\",\"position\":2,\"name\":\"Infos paroissiales du 23 f\u00e9vrier 2025\"}]},{\"@type\":\"WebSite\",\"@id\":\"https:\/\/charente.catholique.fr\/sud-charente\/#website\",\"url\":\"https:\/\/charente.catholique.fr\/sud-charente\/\",\"name\":\"Doyenn\u00e9 Sud Charente - Dioc\u00e8se d'Angoul\u00eame\",\"description\":\"Dioc\u00e8se d&#039;Angoul\u00eame\",\"publisher\":{\"@id\":\"https:\/\/charente.catholique.fr\/sud-charente\/#organization\"},\"potentialAction\":[{\"@type\":\"SearchAction\",\"target\":{\"@type\":\"EntryPoint\",\"urlTemplate\":\"https:\/\/charente.catholique.fr\/sud-charente\/?s={search_term_string}\"},\"query-input\":{\"@type\":\"PropertyValueSpecification\",\"valueRequired\":true,\"valueName\":\"search_term_string\"}}],\"inLanguage\":\"fr-FR\"},{\"@type\":\"Organization\",\"@id\":\"https:\/\/charente.catholique.fr\/sud-charente\/#organization\",\"name\":\"Association dioc\u00e9saine d'Angoul\u00eame\",\"url\":\"https:\/\/charente.catholique.fr\/sud-charente\/\",\"logo\":{\"@type\":\"ImageObject\",\"inLanguage\":\"fr-FR\",\"@id\":\"https:\/\/charente.catholique.fr\/sud-charente\/#\/schema\/logo\/image\/\",\"url\":\"https:\/\/charente.catholique.fr\/sud-charente\/wp-content\/uploads\/sites\/5\/2020\/10\/logos.png\",\"contentUrl\":\"https:\/\/charente.catholique.fr\/sud-charente\/wp-content\/uploads\/sites\/5\/2020\/10\/logos.png\",\"width\":600,\"height\":257,\"caption\":\"Association dioc\u00e9saine d'Angoul\u00eame\"},\"image\":{\"@id\":\"https:\/\/charente.catholique.fr\/sud-charente\/#\/schema\/logo\/image\/\"},\"sameAs\":[\"https:\/\/www.facebook.com\/EgliseCatholiqueCharente\",\"https:\/\/x.com\/diocesecharente\",\"https:\/\/www.instagram.com\/eglisecharente\",\"https:\/\/www.youtube.com\/channel\/UCByyFWApZbw3gDTiADoiAaQ\"]},{\"@type\":\"Person\",\"@id\":\"https:\/\/charente.catholique.fr\/sud-charente\/#\/schema\/person\/2e541c97b6e45c4ce3272605e3fed636\",\"name\":\"mariegrassin\",\"image\":{\"@type\":\"ImageObject\",\"inLanguage\":\"fr-FR\",\"@id\":\"https:\/\/charente.catholique.fr\/sud-charente\/#\/schema\/person\/image\/\",\"url\":\"https:\/\/secure.gravatar.com\/avatar\/e5a80c1d6f0802a6fc555687c6c0f3a4fc94a2d2bf93a1aeb2c53e1be5d32e4d?s=96&d=mm&r=g\",\"contentUrl\":\"https:\/\/secure.gravatar.com\/avatar\/e5a80c1d6f0802a6fc555687c6c0f3a4fc94a2d2bf93a1aeb2c53e1be5d32e4d?s=96&d=mm&r=g\",\"caption\":\"mariegrassin\"},\"sameAs\":[\"http:\/\/charente.catholique.fr\/sud-charente\/\"],\"url\":\"https:\/\/charente.catholique.fr\/sud-charente\/author\/mariegrassin\/\"}]}<\/script>\n<!-- \/ Yoast SEO plugin. -->","yoast_head_json":{"title":"Infos paroissiales du 23 f\u00e9vrier 2025 - Doyenn\u00e9 Sud Charente","robots":{"index":"index","follow":"follow","max-snippet":"max-snippet:-1","max-image-preview":"max-image-preview:large","max-video-preview":"max-video-preview:-1"},"canonical":"https:\/\/charente.catholique.fr\/sud-charente\/actualites\/infos-paroissiales-du-23-fevrier-2025\/","og_locale":"fr_FR","og_type":"article","og_title":"Infos paroissiales du 23 f\u00e9vrier 2025 - Doyenn\u00e9 Sud Charente","og_description":"Bienvenue \u00e0 notre rendez-vous hebdomadaire ! Voici l&#8217;hom\u00e9lie de ce dimanche Cette semaine, l&#8217;\u00e9quipe de la Fraternit\u00e9 avec Kokologho &#8211; Bingo s&#8217;est r\u00e9unie. Retrouvez quelques \u00e9chos de la rencontre. Spectacle &#8220;Nous l&#8217;avons rencontr\u00e9&#8221; Notre car\u00eame sera marqu\u00e9 le dimanche 16 mars par le passage du spectacle th\u00e9\u00e2tre &#8220;Nous l&#8217;avons rencontr\u00e9&#8221;. Plus qu&#8217;un spectacle c&#8217;est une [&hellip;]","og_url":"https:\/\/charente.catholique.fr\/sud-charente\/actualites\/infos-paroissiales-du-23-fevrier-2025\/","og_site_name":"Doyenn\u00e9 Sud Charente","article_publisher":"https:\/\/www.facebook.com\/EgliseCatholiqueCharente","article_published_time":"2025-02-24T13:37:30+00:00","article_modified_time":"2025-02-26T08:37:35+00:00","og_image":[{"width":4819,"height":1449,"url":"https:\/\/charente.catholique.fr\/sud-charente\/wp-content\/uploads\/sites\/5\/2020\/07\/logo_paroissebbb.png","type":"image\/png"}],"author":"mariegrassin","twitter_card":"summary_large_image","twitter_creator":"@diocesecharente","twitter_site":"@diocesecharente","twitter_misc":{"\u00c9crit par":"mariegrassin","Dur\u00e9e de lecture estim\u00e9e":"4 minutes"},"schema":{"@context":"https:\/\/schema.org","@graph":[{"@type":"Article","@id":"https:\/\/charente.catholique.fr\/sud-charente\/actualites\/infos-paroissiales-du-23-fevrier-2025\/#article","isPartOf":{"@id":"https:\/\/charente.catholique.fr\/sud-charente\/actualites\/infos-paroissiales-du-23-fevrier-2025\/"},"author":{"name":"mariegrassin","@id":"https:\/\/charente.catholique.fr\/sud-charente\/#\/schema\/person\/2e541c97b6e45c4ce3272605e3fed636"},"headline":"Infos paroissiales du 23 f\u00e9vrier 2025","datePublished":"2025-02-24T13:37:30+00:00","dateModified":"2025-02-26T08:37:35+00:00","mainEntityOfPage":{"@id":"https:\/\/charente.catholique.fr\/sud-charente\/actualites\/infos-paroissiales-du-23-fevrier-2025\/"},"wordCount":656,"commentCount":0,"publisher":{"@id":"https:\/\/charente.catholique.fr\/sud-charente\/#organization"},"image":{"@id":"https:\/\/charente.catholique.fr\/sud-charente\/actualites\/infos-paroissiales-du-23-fevrier-2025\/#primaryimage"},"thumbnailUrl":"https:\/\/charente.catholique.fr\/sud-charente\/wp-content\/uploads\/sites\/5\/2020\/07\/logo_paroissebbb.png","articleSection":["Actualit\u00e9s","Barbezieux","Infos paroissiales"],"inLanguage":"fr-FR","potentialAction":[{"@type":"CommentAction","name":"Comment","target":["https:\/\/charente.catholique.fr\/sud-charente\/actualites\/infos-paroissiales-du-23-fevrier-2025\/#respond"]}]},{"@type":"WebPage","@id":"https:\/\/charente.catholique.fr\/sud-charente\/actualites\/infos-paroissiales-du-23-fevrier-2025\/","url":"https:\/\/charente.catholique.fr\/sud-charente\/actualites\/infos-paroissiales-du-23-fevrier-2025\/","name":"Infos paroissiales du 23 f\u00e9vrier 2025 - Doyenn\u00e9 Sud Charente","isPartOf":{"@id":"https:\/\/charente.catholique.fr\/sud-charente\/#website"},"primaryImageOfPage":{"@id":"https:\/\/charente.catholique.fr\/sud-charente\/actualites\/infos-paroissiales-du-23-fevrier-2025\/#primaryimage"},"image":{"@id":"https:\/\/charente.catholique.fr\/sud-charente\/actualites\/infos-paroissiales-du-23-fevrier-2025\/#primaryimage"},"thumbnailUrl":"https:\/\/charente.catholique.fr\/sud-charente\/wp-content\/uploads\/sites\/5\/2020\/07\/logo_paroissebbb.png","datePublished":"2025-02-24T13:37:30+00:00","dateModified":"2025-02-26T08:37:35+00:00","breadcrumb":{"@id":"https:\/\/charente.catholique.fr\/sud-charente\/actualites\/infos-paroissiales-du-23-fevrier-2025\/#breadcrumb"},"inLanguage":"fr-FR","potentialAction":[{"@type":"ReadAction","target":["https:\/\/charente.catholique.fr\/sud-charente\/actualites\/infos-paroissiales-du-23-fevrier-2025\/"]}]},{"@type":"ImageObject","inLanguage":"fr-FR","@id":"https:\/\/charente.catholique.fr\/sud-charente\/actualites\/infos-paroissiales-du-23-fevrier-2025\/#primaryimage","url":"https:\/\/charente.catholique.fr\/sud-charente\/wp-content\/uploads\/sites\/5\/2020\/07\/logo_paroissebbb.png","contentUrl":"https:\/\/charente.catholique.fr\/sud-charente\/wp-content\/uploads\/sites\/5\/2020\/07\/logo_paroissebbb.png","width":4819,"height":1449},{"@type":"BreadcrumbList","@id":"https:\/\/charente.catholique.fr\/sud-charente\/actualites\/infos-paroissiales-du-23-fevrier-2025\/#breadcrumb","itemListElement":[{"@type":"ListItem","position":1,"name":"Accueil","item":"https:\/\/charente.catholique.fr\/sud-charente\/"},{"@type":"ListItem","position":2,"name":"Infos paroissiales du 23 f\u00e9vrier 2025"}]},{"@type":"WebSite","@id":"https:\/\/charente.catholique.fr\/sud-charente\/#website","url":"https:\/\/charente.catholique.fr\/sud-charente\/","name":"Doyenn\u00e9 Sud Charente - Dioc\u00e8se d'Angoul\u00eame","description":"Dioc\u00e8se d&#039;Angoul\u00eame","publisher":{"@id":"https:\/\/charente.catholique.fr\/sud-charente\/#organization"},"potentialAction":[{"@type":"SearchAction","target":{"@type":"EntryPoint","urlTemplate":"https:\/\/charente.catholique.fr\/sud-charente\/?s={search_term_string}"},"query-input":{"@type":"PropertyValueSpecification","valueRequired":true,"valueName":"search_term_string"}}],"inLanguage":"fr-FR"},{"@type":"Organization","@id":"https:\/\/charente.catholique.fr\/sud-charente\/#organization","name":"Association dioc\u00e9saine d'Angoul\u00eame","url":"https:\/\/charente.catholique.fr\/sud-charente\/","logo":{"@type":"ImageObject","inLanguage":"fr-FR","@id":"https:\/\/charente.catholique.fr\/sud-charente\/#\/schema\/logo\/image\/","url":"https:\/\/charente.catholique.fr\/sud-charente\/wp-content\/uploads\/sites\/5\/2020\/10\/logos.png","contentUrl":"https:\/\/charente.catholique.fr\/sud-charente\/wp-content\/uploads\/sites\/5\/2020\/10\/logos.png","width":600,"height":257,"caption":"Association dioc\u00e9saine d'Angoul\u00eame"},"image":{"@id":"https:\/\/charente.catholique.fr\/sud-charente\/#\/schema\/logo\/image\/"},"sameAs":["https:\/\/www.facebook.com\/EgliseCatholiqueCharente","https:\/\/x.com\/diocesecharente","https:\/\/www.instagram.com\/eglisecharente","https:\/\/www.youtube.com\/channel\/UCByyFWApZbw3gDTiADoiAaQ"]},{"@type":"Person","@id":"https:\/\/charente.catholique.fr\/sud-charente\/#\/schema\/person\/2e541c97b6e45c4ce3272605e3fed636","name":"mariegrassin","image":{"@type":"ImageObject","inLanguage":"fr-FR","@id":"https:\/\/charente.catholique.fr\/sud-charente\/#\/schema\/person\/image\/","url":"https:\/\/secure.gravatar.com\/avatar\/e5a80c1d6f0802a6fc555687c6c0f3a4fc94a2d2bf93a1aeb2c53e1be5d32e4d?s=96&d=mm&r=g","contentUrl":"https:\/\/secure.gravatar.com\/avatar\/e5a80c1d6f0802a6fc555687c6c0f3a4fc94a2d2bf93a1aeb2c53e1be5d32e4d?s=96&d=mm&r=g","caption":"mariegrassin"},"sameAs":["http:\/\/charente.catholique.fr\/sud-charente\/"],"url":"https:\/\/charente.catholique.fr\/sud-charente\/author\/mariegrassin\/"}]}},"_links":{"self":[{"href":"https:\/\/charente.catholique.fr\/sud-charente\/wp-json\/wp\/v2\/posts\/10007","targetHints":{"allow":["GET"]}}],"collection":[{"href":"https:\/\/charente.catholique.fr\/sud-charente\/wp-json\/wp\/v2\/posts"}],"about":[{"href":"https:\/\/charente.catholique.fr\/sud-charente\/wp-json\/wp\/v2\/types\/post"}],"author":[{"embeddable":true,"href":"https:\/\/charente.catholique.fr\/sud-charente\/wp-json\/wp\/v2\/users\/101"}],"replies":[{"embeddable":true,"href":"https:\/\/charente.catholique.fr\/sud-charente\/wp-json\/wp\/v2\/comments?post=10007"}],"version-history":[{"count":2,"href":"https:\/\/charente.catholique.fr\/sud-charente\/wp-json\/wp\/v2\/posts\/10007\/revisions"}],"predecessor-version":[{"id":10016,"href":"https:\/\/charente.catholique.fr\/sud-charente\/wp-json\/wp\/v2\/posts\/10007\/revisions\/10016"}],"wp:featuredmedia":[{"embeddable":true,"href":"https:\/\/charente.catholique.fr\/sud-charente\/wp-json\/wp\/v2\/media\/193"}],"wp:attachment":[{"href":"https:\/\/charente.catholique.fr\/sud-charente\/wp-json\/wp\/v2\/media?parent=10007"}],"wp:term":[{"taxonomy":"category","embeddable":true,"href":"https:\/\/charente.catholique.fr\/sud-charente\/wp-json\/wp\/v2\/categories?post=10007"},{"taxonomy":"post_tag","embeddable":true,"href":"https:\/\/charente.catholique.fr\/sud-charente\/wp-json\/wp\/v2\/tags?post=10007"}],"curies":[{"name":"wp","href":"https:\/\/api.w.org\/{rel}","templated":true}]}}